{"id":28307,"date":"2026-04-27T09:15:24","date_gmt":"2026-04-27T07:15:24","guid":{"rendered":"https:\/\/www.greenpeace.org\/luxembourg\/?p=28307"},"modified":"2026-04-27T09:15:29","modified_gmt":"2026-04-27T07:15:29","slug":"meng-landwirtschaft-appelliert-an-luxemburger-europaabgeordnete-die-deregulierung-von-pflanzen-aus-neuer-gentechnik-zu-stoppen","status":"publish","type":"post","link":"https:\/\/www.greenpeace.org\/luxembourg\/de\/presseerklaerungen\/28307\/meng-landwirtschaft-appelliert-an-luxemburger-europaabgeordnete-die-deregulierung-von-pflanzen-aus-neuer-gentechnik-zu-stoppen\/","title":{"rendered":"Meng Landwirtschaft appelliert an Luxemburger Europaabgeordnete, die Deregulierung von Pflanzen aus neuer Gentechnik zu stoppen"},"content":{"rendered":"\n<p><strong><em>Luxemburg, <\/em>den 27. April 2026 &#8211; Nachdem der Europ\u00e4ische Rat am Dienstag dem Kompromissvorschlag zwischen EU-Kommission, EU-Rat und EU-Parlament zur Zulassung von Pflanzen, die mit sogenannten \u201cneuen genomischen Techniken\u201d (NGT) gewonnen wurden, leider zugestimmt hat, appellieren die in der Plattform Meng Landwirtschaft zusammengeschlossenen Organisationen [1] an die Luxemburger EU-Abgeordneten, diesen Vorschlag, der voraussichtlich in der Woche vom 18. Mai im Plenum des Europaparlaments zur Abstimmung stehen wird, abzulehnen. \u00dcber <\/strong><a href=\"http:\/\/www.menglandwirtschaft.lu\/ngt\" target=\"_blank\" rel=\"noreferrer noopener\"><strong>www.menglandwirtschaft.lu\/ngt<\/strong><\/a><strong> k\u00f6nnen die B\u00fcrger:innen mit einem Klick die Europaabgeordneten dazu auffordern.\u00a0<\/strong><\/p>\n\n<p>Die EU verhandelt seit 2023 \u00fcber den <a href=\"https:\/\/eur-lex.europa.eu\/legal-content\/DE\/ALL\/?uri=COM%3A2023%3A411%3AFIN\">Entwurf einer Verordnung<\/a> zu Pflanzen, die mit sogenannten&nbsp; \u201cneuen genomischen Techniken\u201c (NGT) gewonnen wurden. Deren Ziel ist es, einen <a href=\"https:\/\/www.bfn.de\/aktuelles\/studie-zur-auswirkung-des-verordnungsentwurf-der-eu-kommission-zu-neuen-genomischen\">Gro\u00dfteil dieser Pflanzen<\/a> von den bestehenden EU-Vorgaben f\u00fcr gentechnisch ver\u00e4nderte Organismen auszunehmen.<\/p>\n\n<p>Die Plattform Meng Landwirtschaft steht dem Kompromissvorschlag \u00e4u\u00dferst kritisch gegen\u00fcber:<\/p>\n\n<ul class=\"wp-block-list\">\n<li><strong>Die verpflichtende Verbraucherkennzeichnung, R\u00fcckverfolgbarkeit, Risikopr\u00fcfung sowie Vorlage geeigneter Nachweisverfahren sollen abgeschafft werden. <\/strong>Gleichzeitig soll die Patentierung uneingeschr\u00e4nkt m\u00f6glich bleiben.<br><\/li>\n\n\n\n<li><strong>Insgesamt erm\u00f6glichen neue Gentechnikverfahren einen weitaus tieferen Eingriff in die Eigenschaften von Arten und ihren \u00d6kosystemen, als dies bei konventioneller Z\u00fcchtung und evolution\u00e4ren Prozessen zu erwarten w\u00e4re. <\/strong>Dies geht nicht nur mit den Umweltrisiken der spezifischen NGT-Pflanze einher, sondern auch mit Kaskadenrisiken f\u00fcr die \u00d6kosysteme. Die Konvergenz von k\u00fcnstlicher Intelligenz (KI) und NGT kann diese Entwicklung erheblich beschleunigen und zu einer Vervielfachung der Risiken f\u00fchren.<br><\/li>\n\n\n\n<li><strong>Infolgedessen kann die Freisetzung von Organismen, die aus neuen Gentechnikverfahren hervorgehen, \u00d6kosysteme gef\u00e4hrden, zu einer neuen Ursache f\u00fcr das Aussterben von Arten werden und die Ern\u00e4hrungssicherheit bedrohen.<\/strong><\/li>\n<\/ul>\n\n<p><strong>Meng Landwirtschaft bedauert, dass die Luxemburger Regierung dem Kompromissvorschlag zugestimmt hat.<\/strong> W\u00e4hrend die Vorg\u00e4ngerregierungen in Punkto genmanipulierter Pflanzen stets das Vorsorgeprinzip hochgehalten und sich gegen die Freisetzung von GMOs eingesetzt hatten, vollzieht die aktuelle Regierung einen Paradigmenwechsel: sie untergr\u00e4bt einen wissenschaftlich fundierten Umgang mit den Risiken der Gentechnik und nimmt den B\u00fcrgerinnen und B\u00fcrgern das Recht, selbst zu entscheiden, was sie essen wollen. Profiteure werden Agrarkonzerne wie Bayer-Monsanto oder KWS sein, die ihr patentiertes Saatgut auf den Markt dr\u00fccken, zu Lasten von Landwirtinnen und Landwirten sowie von unabh\u00e4ngigen Z\u00fcchtern.<\/p>\n\n<p>Trotz mehrfacher Nachfrage war die Landwirtschaftsministerin auch nicht daran interessiert, sich mit der Zivilgesellschaft auszutauschen. Auch bei den Europaabgeordneten wurden Unterredungen angefragt.<\/p>\n\n<p><strong>Meng Landwirtschaft ruft alle Verbraucherinnen und Verbraucher in Luxemburg dazu auf, die Luxemburger EU-Abgeordneten aufzufordern, den Kompromissvorschlag zur Deregulierung von NGTs bei der bevorstehenden Abstimmung Mitte Mai abzulehnen. Hierzu hat die NGO \u201cSave our Seed\u201d ein praktisches <\/strong><a href=\"https:\/\/www.saveourseeds.org\/de\/keine-gentechnik-durch-die-hintertuer\/\" target=\"_blank\" rel=\"noreferrer noopener\"><strong>Email-Tool<\/strong><\/a><strong> zur Verf\u00fcgung gestellt, welches \u00fcber <\/strong><a href=\"http:\/\/www.menglandwirtschaft.lu\/ngt\" target=\"_blank\" rel=\"noreferrer noopener\"><strong>www.menglandwirtschaft.lu\/ngt<\/strong><\/a><strong> erreichbar ist.<\/strong><\/p>\n\n<hr class=\"wp-block-separator has-alpha-channel-opacity is-style-wide\"\/>\n\n<p class=\"has-small-font-size\">[1] Meng Landwirtschaft ist eine Plattform von luxemburgischer Nichtregierungsorganisationen, die sich mit Themen rund um Landwirtschaft, Ern\u00e4hrung, Umwelt, Naturschutz, Tierschutz, Verbraucherschutz, Gesundheit und Entwicklungszusammenarbeit befassen. Sie wurde 2010 gegr\u00fcndet und wird aktuell getragen von natur&amp;\u00ebmwelt a.s.b.l., Vereenegung fir Biolandwirtschaft L\u00ebtzebuerg a.s.b.l., Greenpeace Luxembourg, Action Solidarit\u00e9 Tiers Monde, SOS Faim Luxembourg, Mouvement \u00e9cologique, etika, CELL, Slow Food Luxembourg, Cercle de Coop\u00e9ration, Aide \u00e0 l\u2018Enfance de l\u2018Inde et du N\u00e9pal, L\u00ebtzebuerger Landesverband fir Beienzuucht, SEED, Kampagne \u201eohne Pestizide\u201c, Fr\u00e8res des Hommes, Foodsharing Luxembourg, Netzwierk Agro\u00f6kologie, Fondation Partage, Ligue CTF und Vegan Society Luxembourg.<\/p>\n","protected":false},"excerpt":{"rendered":"<p>Nachdem der Europ\u00e4ische Rat am Dienstag dem Kompromissvorschlag zwischen EU-Kommission, EU-Rat und EU-Parlament zur Zulassung von Pflanzen, die mit sogenannten \u201cneuen genomischen Techniken\u201d (NGT)\u2026<\/p>\n","protected":false},"author":25,"featured_media":28308,"comment_status":"closed","ping_status":"closed","sticky":false,"template":"","format":"standard","meta":{"ep_exclude_from_search":false,"p4_og_title":"","p4_og_description":"","p4_og_image":"","p4_og_image_id":"","p4_seo_canonical_url":"","p4_campaign_name":"","p4_local_project":"","p4_basket_name":"","p4_department":"","footnotes":""},"categories":[47],"tags":[60,67],"p4-page-type":[69],"class_list":["post-28307","post","type-post","status-publish","format-standard","has-post-thumbnail","hentry","category-natur","tag-luxemburg","tag-nachhaltigelandwirtschaft","p4-page-type-presseerklaerungen"],"yoast_head":"<!-- This site is optimized with the Yoast SEO Premium plugin v23.9 (Yoast SEO v23.9) - https:\/\/yoast.com\/wordpress\/plugins\/seo\/ -->\n<title>Meng Landwirtschaft appelliert an Luxemburger Europaabgeordnete, die Deregulierung von Pflanzen aus neuer Gentechnik zu stoppen - Greenpeace Luxembourg<\/title>\n<meta name=\"robots\" content=\"index, follow, max-snippet:-1, max-image-preview:large, max-video-preview:-1\" \/>\n<link rel=\"canonical\" href=\"https:\/\/www.greenpeace.org\/luxembourg\/de\/presseerklaerungen\/28307\/meng-landwirtschaft-appelliert-an-luxemburger-europaabgeordnete-die-deregulierung-von-pflanzen-aus-neuer-gentechnik-zu-stoppen\/\" \/>\n<meta property=\"og:locale\" content=\"de_DE\" \/>\n<meta property=\"og:type\" content=\"article\" \/>\n<meta property=\"og:title\" content=\"Meng Landwirtschaft appelliert an Luxemburger Europaabgeordnete, die Deregulierung von Pflanzen aus neuer Gentechnik zu stoppen\" \/>\n<meta property=\"og:description\" content=\"Nachdem der Europ\u00e4ische Rat am Dienstag dem Kompromissvorschlag zwischen EU-Kommission, EU-Rat und EU-Parlament zur Zulassung von Pflanzen, die mit sogenannten \u201cneuen genomischen Techniken\u201d (NGT)\u2026\" \/>\n<meta property=\"og:url\" content=\"https:\/\/www.greenpeace.org\/luxembourg\/de\/presseerklaerungen\/28307\/meng-landwirtschaft-appelliert-an-luxemburger-europaabgeordnete-die-deregulierung-von-pflanzen-aus-neuer-gentechnik-zu-stoppen\/\" \/>\n<meta property=\"og:site_name\" content=\"Greenpeace Luxembourg\" \/>\n<meta property=\"article:publisher\" content=\"https:\/\/www.facebook.com\/greenpeaceluxembourg\" \/>\n<meta property=\"article:published_time\" content=\"2026-04-27T07:15:24+00:00\" \/>\n<meta property=\"article:modified_time\" content=\"2026-04-27T07:15:29+00:00\" \/>\n<meta property=\"og:image\" content=\"https:\/\/www.greenpeace.org\/static\/planet4-luxembourg-stateless\/2026\/04\/8cb764bc-gp0stp8oj_medium-res-1200px.jpg\" \/>\n\t<meta property=\"og:image:width\" content=\"1199\" \/>\n\t<meta property=\"og:image:height\" content=\"798\" \/>\n\t<meta property=\"og:image:type\" content=\"image\/jpeg\" \/>\n<meta name=\"author\" content=\"Esther Wildanger\" \/>\n<meta name=\"twitter:card\" content=\"summary_large_image\" \/>\n<meta name=\"twitter:label1\" content=\"Written by\" \/>\n\t<meta name=\"twitter:data1\" content=\"Esther Wildanger\" \/>\n\t<meta name=\"twitter:label2\" content=\"Est. reading time\" \/>\n\t<meta name=\"twitter:data2\" content=\"3 minutes\" \/>\n<script type=\"application\/ld+json\" class=\"yoast-schema-graph\">{\"@context\":\"https:\/\/schema.org\",\"@graph\":[{\"@type\":\"Article\",\"@id\":\"https:\/\/www.greenpeace.org\/luxembourg\/de\/presseerklaerungen\/28307\/meng-landwirtschaft-appelliert-an-luxemburger-europaabgeordnete-die-deregulierung-von-pflanzen-aus-neuer-gentechnik-zu-stoppen\/#article\",\"isPartOf\":{\"@id\":\"https:\/\/www.greenpeace.org\/luxembourg\/de\/presseerklaerungen\/28307\/meng-landwirtschaft-appelliert-an-luxemburger-europaabgeordnete-die-deregulierung-von-pflanzen-aus-neuer-gentechnik-zu-stoppen\/\"},\"author\":{\"name\":\"Esther Wildanger\",\"@id\":\"https:\/\/www.greenpeace.org\/luxembourg\/fr\/#\/schema\/person\/3d0e81a859b59009fec36a8552ef76a7\"},\"headline\":\"Meng Landwirtschaft appelliert an Luxemburger Europaabgeordnete, die Deregulierung von Pflanzen aus neuer Gentechnik zu stoppen\",\"datePublished\":\"2026-04-27T07:15:24+00:00\",\"dateModified\":\"2026-04-27T07:15:29+00:00\",\"mainEntityOfPage\":{\"@id\":\"https:\/\/www.greenpeace.org\/luxembourg\/de\/presseerklaerungen\/28307\/meng-landwirtschaft-appelliert-an-luxemburger-europaabgeordnete-die-deregulierung-von-pflanzen-aus-neuer-gentechnik-zu-stoppen\/\"},\"wordCount\":551,\"publisher\":{\"@id\":\"https:\/\/www.greenpeace.org\/luxembourg\/fr\/#organization\"},\"image\":{\"@id\":\"https:\/\/www.greenpeace.org\/luxembourg\/de\/presseerklaerungen\/28307\/meng-landwirtschaft-appelliert-an-luxemburger-europaabgeordnete-die-deregulierung-von-pflanzen-aus-neuer-gentechnik-zu-stoppen\/#primaryimage\"},\"thumbnailUrl\":\"https:\/\/www.greenpeace.org\/static\/planet4-luxembourg-stateless\/2026\/04\/8cb764bc-gp0stp8oj_medium-res-1200px.jpg\",\"keywords\":[\"Luxemburg\",\"NachhaltigeLandwirtschaft\"],\"articleSection\":[\"Natur\"],\"inLanguage\":\"de-LU\"},{\"@type\":\"WebPage\",\"@id\":\"https:\/\/www.greenpeace.org\/luxembourg\/de\/presseerklaerungen\/28307\/meng-landwirtschaft-appelliert-an-luxemburger-europaabgeordnete-die-deregulierung-von-pflanzen-aus-neuer-gentechnik-zu-stoppen\/\",\"url\":\"https:\/\/www.greenpeace.org\/luxembourg\/de\/presseerklaerungen\/28307\/meng-landwirtschaft-appelliert-an-luxemburger-europaabgeordnete-die-deregulierung-von-pflanzen-aus-neuer-gentechnik-zu-stoppen\/\",\"name\":\"Meng Landwirtschaft appelliert an Luxemburger Europaabgeordnete, die Deregulierung von Pflanzen aus neuer Gentechnik zu stoppen - Greenpeace Luxembourg\",\"isPartOf\":{\"@id\":\"https:\/\/www.greenpeace.org\/luxembourg\/fr\/#website\"},\"primaryImageOfPage\":{\"@id\":\"https:\/\/www.greenpeace.org\/luxembourg\/de\/presseerklaerungen\/28307\/meng-landwirtschaft-appelliert-an-luxemburger-europaabgeordnete-die-deregulierung-von-pflanzen-aus-neuer-gentechnik-zu-stoppen\/#primaryimage\"},\"image\":{\"@id\":\"https:\/\/www.greenpeace.org\/luxembourg\/de\/presseerklaerungen\/28307\/meng-landwirtschaft-appelliert-an-luxemburger-europaabgeordnete-die-deregulierung-von-pflanzen-aus-neuer-gentechnik-zu-stoppen\/#primaryimage\"},\"thumbnailUrl\":\"https:\/\/www.greenpeace.org\/static\/planet4-luxembourg-stateless\/2026\/04\/8cb764bc-gp0stp8oj_medium-res-1200px.jpg\",\"datePublished\":\"2026-04-27T07:15:24+00:00\",\"dateModified\":\"2026-04-27T07:15:29+00:00\",\"breadcrumb\":{\"@id\":\"https:\/\/www.greenpeace.org\/luxembourg\/de\/presseerklaerungen\/28307\/meng-landwirtschaft-appelliert-an-luxemburger-europaabgeordnete-die-deregulierung-von-pflanzen-aus-neuer-gentechnik-zu-stoppen\/#breadcrumb\"},\"inLanguage\":\"de-LU\",\"potentialAction\":[{\"@type\":\"ReadAction\",\"target\":[\"https:\/\/www.greenpeace.org\/luxembourg\/de\/presseerklaerungen\/28307\/meng-landwirtschaft-appelliert-an-luxemburger-europaabgeordnete-die-deregulierung-von-pflanzen-aus-neuer-gentechnik-zu-stoppen\/\"]}]},{\"@type\":\"ImageObject\",\"inLanguage\":\"de-LU\",\"@id\":\"https:\/\/www.greenpeace.org\/luxembourg\/de\/presseerklaerungen\/28307\/meng-landwirtschaft-appelliert-an-luxemburger-europaabgeordnete-die-deregulierung-von-pflanzen-aus-neuer-gentechnik-zu-stoppen\/#primaryimage\",\"url\":\"https:\/\/www.greenpeace.org\/static\/planet4-luxembourg-stateless\/2026\/04\/8cb764bc-gp0stp8oj_medium-res-1200px.jpg\",\"contentUrl\":\"https:\/\/www.greenpeace.org\/static\/planet4-luxembourg-stateless\/2026\/04\/8cb764bc-gp0stp8oj_medium-res-1200px.jpg\",\"width\":1199,\"height\":798,\"caption\":\"Francesca Kitheka holds pigeon peas, in Yatta, Machokos County. Farmers in Kenya are effectively applying ecological farming practices that are increasing their ability to build resilience to and cope with climate change.\"},{\"@type\":\"BreadcrumbList\",\"@id\":\"https:\/\/www.greenpeace.org\/luxembourg\/de\/presseerklaerungen\/28307\/meng-landwirtschaft-appelliert-an-luxemburger-europaabgeordnete-die-deregulierung-von-pflanzen-aus-neuer-gentechnik-zu-stoppen\/#breadcrumb\",\"itemListElement\":[{\"@type\":\"ListItem\",\"position\":1,\"name\":\"Home\",\"item\":\"http:\/\/www.greenpeace.org\/luxembourg\/fr\/\"},{\"@type\":\"ListItem\",\"position\":2,\"name\":\"Meng Landwirtschaft appelliert an Luxemburger Europaabgeordnete, die Deregulierung von Pflanzen aus neuer Gentechnik zu stoppen\"}]},{\"@type\":\"WebSite\",\"@id\":\"https:\/\/www.greenpeace.org\/luxembourg\/fr\/#website\",\"url\":\"https:\/\/www.greenpeace.org\/luxembourg\/fr\/\",\"name\":\"Greenpeace Luxembourg\",\"description\":\"Greenpeace existiert, weil unsere Erde eine Stimme braucht. Sie ben\u00f6tigt L\u00f6sungen. Ver\u00e4nderungen. Aktionen.\",\"publisher\":{\"@id\":\"https:\/\/www.greenpeace.org\/luxembourg\/fr\/#organization\"},\"potentialAction\":[{\"@type\":\"SearchAction\",\"target\":{\"@type\":\"EntryPoint\",\"urlTemplate\":\"https:\/\/www.greenpeace.org\/luxembourg\/fr\/?s={search_term_string}\"},\"query-input\":{\"@type\":\"PropertyValueSpecification\",\"valueRequired\":true,\"valueName\":\"search_term_string\"}}],\"inLanguage\":\"de-LU\"},{\"@type\":\"Organization\",\"@id\":\"https:\/\/www.greenpeace.org\/luxembourg\/fr\/#organization\",\"name\":\"Greenpeace Luxembourg\",\"url\":\"https:\/\/www.greenpeace.org\/luxembourg\/fr\/\",\"logo\":{\"@type\":\"ImageObject\",\"inLanguage\":\"de-LU\",\"@id\":\"https:\/\/www.greenpeace.org\/luxembourg\/fr\/#\/schema\/logo\/image\/\",\"url\":\"https:\/\/www.greenpeace.org\/static\/planet4-luxembourg-stateless\/2026\/03\/3e367f94-greenpeace_logo_green_rgb.png\",\"contentUrl\":\"https:\/\/www.greenpeace.org\/static\/planet4-luxembourg-stateless\/2026\/03\/3e367f94-greenpeace_logo_green_rgb.png\",\"width\":1080,\"height\":175,\"caption\":\"Greenpeace Luxembourg\"},\"image\":{\"@id\":\"https:\/\/www.greenpeace.org\/luxembourg\/fr\/#\/schema\/logo\/image\/\"},\"sameAs\":[\"https:\/\/www.facebook.com\/greenpeaceluxembourg\",\"https:\/\/www.instagram.com\/greenpeacelux\/\",\"https:\/\/www.linkedin.com\/company\/greenpeace-luxembourg\/\",\"https:\/\/www.threads.com\/@greenpeacelux\",\"https:\/\/bsky.app\/profile\/greenpeacelux.bsky.social\",\"https:\/\/www.youtube.com\/@GreenpeaceLux\",\"https:\/\/www.tiktok.com\/@greenpeace_lux\"]},{\"@type\":\"Person\",\"@id\":\"https:\/\/www.greenpeace.org\/luxembourg\/fr\/#\/schema\/person\/3d0e81a859b59009fec36a8552ef76a7\",\"name\":\"Esther Wildanger\",\"url\":\"https:\/\/www.greenpeace.org\/luxembourg\/de\/author\/ewildang\/\"}]}<\/script>\n<!-- \/ Yoast SEO Premium plugin. -->","yoast_head_json":{"title":"Meng Landwirtschaft appelliert an Luxemburger Europaabgeordnete, die Deregulierung von Pflanzen aus neuer Gentechnik zu stoppen - Greenpeace Luxembourg","robots":{"index":"index","follow":"follow","max-snippet":"max-snippet:-1","max-image-preview":"max-image-preview:large","max-video-preview":"max-video-preview:-1"},"canonical":"https:\/\/www.greenpeace.org\/luxembourg\/de\/presseerklaerungen\/28307\/meng-landwirtschaft-appelliert-an-luxemburger-europaabgeordnete-die-deregulierung-von-pflanzen-aus-neuer-gentechnik-zu-stoppen\/","og_locale":"de_DE","og_type":"article","og_title":"Meng Landwirtschaft appelliert an Luxemburger Europaabgeordnete, die Deregulierung von Pflanzen aus neuer Gentechnik zu stoppen","og_description":"Nachdem der Europ\u00e4ische Rat am Dienstag dem Kompromissvorschlag zwischen EU-Kommission, EU-Rat und EU-Parlament zur Zulassung von Pflanzen, die mit sogenannten \u201cneuen genomischen Techniken\u201d (NGT)\u2026","og_url":"https:\/\/www.greenpeace.org\/luxembourg\/de\/presseerklaerungen\/28307\/meng-landwirtschaft-appelliert-an-luxemburger-europaabgeordnete-die-deregulierung-von-pflanzen-aus-neuer-gentechnik-zu-stoppen\/","og_site_name":"Greenpeace Luxembourg","article_publisher":"https:\/\/www.facebook.com\/greenpeaceluxembourg","article_published_time":"2026-04-27T07:15:24+00:00","article_modified_time":"2026-04-27T07:15:29+00:00","og_image":[{"width":1199,"height":798,"url":"https:\/\/www.greenpeace.org\/static\/planet4-luxembourg-stateless\/2026\/04\/8cb764bc-gp0stp8oj_medium-res-1200px.jpg","type":"image\/jpeg"}],"author":"Esther Wildanger","twitter_card":"summary_large_image","twitter_misc":{"Written by":"Esther Wildanger","Est. reading time":"3 minutes"},"schema":{"@context":"https:\/\/schema.org","@graph":[{"@type":"Article","@id":"https:\/\/www.greenpeace.org\/luxembourg\/de\/presseerklaerungen\/28307\/meng-landwirtschaft-appelliert-an-luxemburger-europaabgeordnete-die-deregulierung-von-pflanzen-aus-neuer-gentechnik-zu-stoppen\/#article","isPartOf":{"@id":"https:\/\/www.greenpeace.org\/luxembourg\/de\/presseerklaerungen\/28307\/meng-landwirtschaft-appelliert-an-luxemburger-europaabgeordnete-die-deregulierung-von-pflanzen-aus-neuer-gentechnik-zu-stoppen\/"},"author":{"name":"Esther Wildanger","@id":"https:\/\/www.greenpeace.org\/luxembourg\/fr\/#\/schema\/person\/3d0e81a859b59009fec36a8552ef76a7"},"headline":"Meng Landwirtschaft appelliert an Luxemburger Europaabgeordnete, die Deregulierung von Pflanzen aus neuer Gentechnik zu stoppen","datePublished":"2026-04-27T07:15:24+00:00","dateModified":"2026-04-27T07:15:29+00:00","mainEntityOfPage":{"@id":"https:\/\/www.greenpeace.org\/luxembourg\/de\/presseerklaerungen\/28307\/meng-landwirtschaft-appelliert-an-luxemburger-europaabgeordnete-die-deregulierung-von-pflanzen-aus-neuer-gentechnik-zu-stoppen\/"},"wordCount":551,"publisher":{"@id":"https:\/\/www.greenpeace.org\/luxembourg\/fr\/#organization"},"image":{"@id":"https:\/\/www.greenpeace.org\/luxembourg\/de\/presseerklaerungen\/28307\/meng-landwirtschaft-appelliert-an-luxemburger-europaabgeordnete-die-deregulierung-von-pflanzen-aus-neuer-gentechnik-zu-stoppen\/#primaryimage"},"thumbnailUrl":"https:\/\/www.greenpeace.org\/static\/planet4-luxembourg-stateless\/2026\/04\/8cb764bc-gp0stp8oj_medium-res-1200px.jpg","keywords":["Luxemburg","NachhaltigeLandwirtschaft"],"articleSection":["Natur"],"inLanguage":"de-LU"},{"@type":"WebPage","@id":"https:\/\/www.greenpeace.org\/luxembourg\/de\/presseerklaerungen\/28307\/meng-landwirtschaft-appelliert-an-luxemburger-europaabgeordnete-die-deregulierung-von-pflanzen-aus-neuer-gentechnik-zu-stoppen\/","url":"https:\/\/www.greenpeace.org\/luxembourg\/de\/presseerklaerungen\/28307\/meng-landwirtschaft-appelliert-an-luxemburger-europaabgeordnete-die-deregulierung-von-pflanzen-aus-neuer-gentechnik-zu-stoppen\/","name":"Meng Landwirtschaft appelliert an Luxemburger Europaabgeordnete, die Deregulierung von Pflanzen aus neuer Gentechnik zu stoppen - Greenpeace Luxembourg","isPartOf":{"@id":"https:\/\/www.greenpeace.org\/luxembourg\/fr\/#website"},"primaryImageOfPage":{"@id":"https:\/\/www.greenpeace.org\/luxembourg\/de\/presseerklaerungen\/28307\/meng-landwirtschaft-appelliert-an-luxemburger-europaabgeordnete-die-deregulierung-von-pflanzen-aus-neuer-gentechnik-zu-stoppen\/#primaryimage"},"image":{"@id":"https:\/\/www.greenpeace.org\/luxembourg\/de\/presseerklaerungen\/28307\/meng-landwirtschaft-appelliert-an-luxemburger-europaabgeordnete-die-deregulierung-von-pflanzen-aus-neuer-gentechnik-zu-stoppen\/#primaryimage"},"thumbnailUrl":"https:\/\/www.greenpeace.org\/static\/planet4-luxembourg-stateless\/2026\/04\/8cb764bc-gp0stp8oj_medium-res-1200px.jpg","datePublished":"2026-04-27T07:15:24+00:00","dateModified":"2026-04-27T07:15:29+00:00","breadcrumb":{"@id":"https:\/\/www.greenpeace.org\/luxembourg\/de\/presseerklaerungen\/28307\/meng-landwirtschaft-appelliert-an-luxemburger-europaabgeordnete-die-deregulierung-von-pflanzen-aus-neuer-gentechnik-zu-stoppen\/#breadcrumb"},"inLanguage":"de-LU","potentialAction":[{"@type":"ReadAction","target":["https:\/\/www.greenpeace.org\/luxembourg\/de\/presseerklaerungen\/28307\/meng-landwirtschaft-appelliert-an-luxemburger-europaabgeordnete-die-deregulierung-von-pflanzen-aus-neuer-gentechnik-zu-stoppen\/"]}]},{"@type":"ImageObject","inLanguage":"de-LU","@id":"https:\/\/www.greenpeace.org\/luxembourg\/de\/presseerklaerungen\/28307\/meng-landwirtschaft-appelliert-an-luxemburger-europaabgeordnete-die-deregulierung-von-pflanzen-aus-neuer-gentechnik-zu-stoppen\/#primaryimage","url":"https:\/\/www.greenpeace.org\/static\/planet4-luxembourg-stateless\/2026\/04\/8cb764bc-gp0stp8oj_medium-res-1200px.jpg","contentUrl":"https:\/\/www.greenpeace.org\/static\/planet4-luxembourg-stateless\/2026\/04\/8cb764bc-gp0stp8oj_medium-res-1200px.jpg","width":1199,"height":798,"caption":"Francesca Kitheka holds pigeon peas, in Yatta, Machokos County. Farmers in Kenya are effectively applying ecological farming practices that are increasing their ability to build resilience to and cope with climate change."},{"@type":"BreadcrumbList","@id":"https:\/\/www.greenpeace.org\/luxembourg\/de\/presseerklaerungen\/28307\/meng-landwirtschaft-appelliert-an-luxemburger-europaabgeordnete-die-deregulierung-von-pflanzen-aus-neuer-gentechnik-zu-stoppen\/#breadcrumb","itemListElement":[{"@type":"ListItem","position":1,"name":"Home","item":"http:\/\/www.greenpeace.org\/luxembourg\/fr\/"},{"@type":"ListItem","position":2,"name":"Meng Landwirtschaft appelliert an Luxemburger Europaabgeordnete, die Deregulierung von Pflanzen aus neuer Gentechnik zu stoppen"}]},{"@type":"WebSite","@id":"https:\/\/www.greenpeace.org\/luxembourg\/fr\/#website","url":"https:\/\/www.greenpeace.org\/luxembourg\/fr\/","name":"Greenpeace Luxembourg","description":"Greenpeace existiert, weil unsere Erde eine Stimme braucht. Sie ben\u00f6tigt L\u00f6sungen. Ver\u00e4nderungen. Aktionen.","publisher":{"@id":"https:\/\/www.greenpeace.org\/luxembourg\/fr\/#organization"},"potentialAction":[{"@type":"SearchAction","target":{"@type":"EntryPoint","urlTemplate":"https:\/\/www.greenpeace.org\/luxembourg\/fr\/?s={search_term_string}"},"query-input":{"@type":"PropertyValueSpecification","valueRequired":true,"valueName":"search_term_string"}}],"inLanguage":"de-LU"},{"@type":"Organization","@id":"https:\/\/www.greenpeace.org\/luxembourg\/fr\/#organization","name":"Greenpeace Luxembourg","url":"https:\/\/www.greenpeace.org\/luxembourg\/fr\/","logo":{"@type":"ImageObject","inLanguage":"de-LU","@id":"https:\/\/www.greenpeace.org\/luxembourg\/fr\/#\/schema\/logo\/image\/","url":"https:\/\/www.greenpeace.org\/static\/planet4-luxembourg-stateless\/2026\/03\/3e367f94-greenpeace_logo_green_rgb.png","contentUrl":"https:\/\/www.greenpeace.org\/static\/planet4-luxembourg-stateless\/2026\/03\/3e367f94-greenpeace_logo_green_rgb.png","width":1080,"height":175,"caption":"Greenpeace Luxembourg"},"image":{"@id":"https:\/\/www.greenpeace.org\/luxembourg\/fr\/#\/schema\/logo\/image\/"},"sameAs":["https:\/\/www.facebook.com\/greenpeaceluxembourg","https:\/\/www.instagram.com\/greenpeacelux\/","https:\/\/www.linkedin.com\/company\/greenpeace-luxembourg\/","https:\/\/www.threads.com\/@greenpeacelux","https:\/\/bsky.app\/profile\/greenpeacelux.bsky.social","https:\/\/www.youtube.com\/@GreenpeaceLux","https:\/\/www.tiktok.com\/@greenpeace_lux"]},{"@type":"Person","@id":"https:\/\/www.greenpeace.org\/luxembourg\/fr\/#\/schema\/person\/3d0e81a859b59009fec36a8552ef76a7","name":"Esther Wildanger","url":"https:\/\/www.greenpeace.org\/luxembourg\/de\/author\/ewildang\/"}]}},"_links":{"self":[{"href":"https:\/\/www.greenpeace.org\/luxembourg\/de\/wp-json\/wp\/v2\/posts\/28307","targetHints":{"allow":["GET"]}}],"collection":[{"href":"https:\/\/www.greenpeace.org\/luxembourg\/de\/wp-json\/wp\/v2\/posts"}],"about":[{"href":"https:\/\/www.greenpeace.org\/luxembourg\/de\/wp-json\/wp\/v2\/types\/post"}],"author":[{"embeddable":true,"href":"https:\/\/www.greenpeace.org\/luxembourg\/de\/wp-json\/wp\/v2\/users\/25"}],"replies":[{"embeddable":true,"href":"https:\/\/www.greenpeace.org\/luxembourg\/de\/wp-json\/wp\/v2\/comments?post=28307"}],"version-history":[{"count":1,"href":"https:\/\/www.greenpeace.org\/luxembourg\/de\/wp-json\/wp\/v2\/posts\/28307\/revisions"}],"predecessor-version":[{"id":28310,"href":"https:\/\/www.greenpeace.org\/luxembourg\/de\/wp-json\/wp\/v2\/posts\/28307\/revisions\/28310"}],"wp:featuredmedia":[{"embeddable":true,"href":"https:\/\/www.greenpeace.org\/luxembourg\/de\/wp-json\/wp\/v2\/media\/28308"}],"wp:attachment":[{"href":"https:\/\/www.greenpeace.org\/luxembourg\/de\/wp-json\/wp\/v2\/media?parent=28307"}],"wp:term":[{"taxonomy":"category","embeddable":true,"href":"https:\/\/www.greenpeace.org\/luxembourg\/de\/wp-json\/wp\/v2\/categories?post=28307"},{"taxonomy":"post_tag","embeddable":true,"href":"https:\/\/www.greenpeace.org\/luxembourg\/de\/wp-json\/wp\/v2\/tags?post=28307"},{"taxonomy":"p4-page-type","embeddable":true,"href":"https:\/\/www.greenpeace.org\/luxembourg\/de\/wp-json\/wp\/v2\/p4-page-type?post=28307"}],"curies":[{"name":"wp","href":"https:\/\/api.w.org\/{rel}","templated":true}]}}