{"id":28325,"date":"2026-04-30T11:12:49","date_gmt":"2026-04-30T09:12:49","guid":{"rendered":"https:\/\/www.greenpeace.org\/luxembourg\/?p=28325"},"modified":"2026-04-30T11:14:33","modified_gmt":"2026-04-30T09:14:33","slug":"eu-mercosur-abkommen-greenpeace-warnt-vor-risiken-der-vorlaeufigen-anwendung","status":"publish","type":"post","link":"https:\/\/www.greenpeace.org\/luxembourg\/de\/presseerklaerungen\/28325\/eu-mercosur-abkommen-greenpeace-warnt-vor-risiken-der-vorlaeufigen-anwendung\/","title":{"rendered":"EU-Mercosur-Abkommen: Greenpeace warnt vor Risiken der vorl\u00e4ufigen Anwendung"},"content":{"rendered":"\n<p><em>Luxemburg<\/em>, 30. April 2026 \u2013 <strong>An diesem Freitag, dem 1. Mai tritt das Handelsabkommen zwischen der Europ\u00e4ischen Union und den Mercosur-Staaten vorl\u00e4ufig in Kraft, trotz breitem Widerstand aus der Zivilgesellschaft. Umwelt- und Menschenrechtsorganisationen, Gewerkschaften, indigene Gemeinschaften sowie ein erheblicher Teil des Europ\u00e4ischen Parlaments haben sich klar dagegen positioniert. Dennoch setzte die EU-Kommission die vorl\u00e4ufige Anwendung durch, ohne das Urteil des Europ\u00e4ischen Gerichtshofs abzuwarten. Dieses Vorgehen stellt nach Einsch\u00e4tzung von Greenpeace einen beispiellosen demokratischen R\u00fcckschritt dar.<\/strong><\/p>\n\n<p>\u201e<em>Ab diesem Tag werden sich die durch das Abkommen verursachten Sch\u00e4den weiter versch\u00e4rfen. W\u00e4lder werden weiterhin gerodet, um Soja und Fleisch f\u00fcr den europ\u00e4ischen Markt zu produzieren, was die Klimakrise zus\u00e4tzlich anheizt. Gleichzeitig werden die Rechte indigener Gemeinschaften missachtet und ihre Lebensr\u00e4ume zunehmend bedroht. Auch kleinb\u00e4uerliche Betriebe in Europa wie in Lateinamerika geraten immer st\u00e4rker unter Druck, da sie mit einer intensiven Landwirtschaft konkurrieren m\u00fcssen, die in gro\u00dfem Umfang auf giftige Pestizide setzt. Die Folgen werden unsere Gesundheit und unsere \u00d6kosysteme noch \u00fcber Jahrzehnte belasten<\/em>\u201c, <strong>warnt Gauthier Hansel, Campaigner bei Greenpeace Luxemburg<\/strong>. <em>\u201eVon dem Abkommen wird vor allem eine kleine Gruppe multinationaler Konzerne aus der Agrochemie und Agrarindustrie, <\/em><a href=\"https:\/\/www.greenpeace.org\/luxembourg\/de\/presseerklaerungen\/24588\/eu-mercosur-abkommen-milliardengewinne-fuer-den-multinationalen-konzern-jbs\/\"><em>wie etwa JBS<\/em><\/a><em> profitieren, w\u00e4hrend konkrete Vorteile f\u00fcr die B\u00fcrger und B\u00fcrgerinnen ausbleiben werden<\/em>.\u201c\u00a0<\/p>\n\n<p>Die vorl\u00e4ufige Anwendung des Abkommens erfolgt in einem besonders besorgniserregenden Kontext. Im Januar hat der brasilianische Verband der Pflanzen\u00f6lindustrie ABIOVE seinen R\u00fcckzug aus dem Sojamoratorium im Amazonasgebiet angek\u00fcndigt, das bislang als eines der wirksamsten Instrumente gegen Entwaldung des Amazonas galt. Gleichzeitig hat die Europ\u00e4ische Kommission das Inkrafttreten der Entwaldungsverordnung (EUDR), die sicherstellen soll, dass in Europa konsumierte Produkte nicht zur Zerst\u00f6rung der W\u00e4lder beitragen, um ein weiteres Jahr verschoben. Eine aktuelle \u00dcberarbeitung des Regelwerks erh\u00f6ht zugleich das Risiko, dass seine Wirksamkeit weiter abgeschw\u00e4cht wird.<\/p>\n\n<p>\u201e<em>Ausgerechnet in dem Moment, in dem das EU-Mercosur-Abkommen den europ\u00e4ischen Markt weit \u00f6ffnet, geraten bestehende Schutzmechanismen einer nach dem anderen ins Wanken<\/em>\u201c, <strong>erg\u00e4nzt Gauthier Hansel<\/strong>. \u201e<em>Trotz dieser Bedenken h\u00e4lt die luxemburgische Regierung an ihrer Unterst\u00fctzung f\u00fcr das Abkommen fest und <\/em><a href=\"https:\/\/www.chd.lu\/fr\/question\/30170\"><em>billigt<\/em><\/a><em> dessen vorl\u00e4ufige Anwendung, ohne dass eine Zustimmung des Europ\u00e4ischen Parlaments oder eine Stellungnahme des Gerichtshofs der Europ\u00e4ischen Union vorliegt. Dieses Vorgehen zeugt von einer Missachtung demokratischer Grunds\u00e4tze und der wiederholten Warnungen der luxemburgischen Zivilgesellschaft.<\/em>\u201c<\/p>\n\n<p>Die vorl\u00e4ufige Anwendung stellt jedoch lediglich eine Zwischenetappe dar. Das Abkommen muss noch vom Europ\u00e4ischen Parlament verabschiedet werden, wo der Widerstand weiterhin erheblich ist. Zudem steht eine Entscheidung des Gerichtshofs der Europ\u00e4ischen Union \u00fcber die Vereinbarkeit mit den europ\u00e4ischen Vertr\u00e4gen noch aus. Vor diesem Hintergrund wird Greenpeace die negativen Auswirkungen des Abkommens weiterhin dokumentieren und sich gemeinsam mit Hunderten von Organisationen in Europa und Lateinamerika daf\u00fcr einsetzen, dass dieser zerst\u00f6rerische Vertrag nicht endg\u00fcltig ratifiziert wird.<\/p>\n","protected":false},"excerpt":{"rendered":"<p>An diesem Freitag, dem 1. Mai tritt das Handelsabkommen zwischen der Europ\u00e4ischen Union und den Mercosur-Staaten vorl\u00e4ufig in Kraft, trotz breitem Widerstand aus der Zivilgesellschaft.\u2026<\/p>\n","protected":false},"author":25,"featured_media":28323,"comment_status":"closed","ping_status":"closed","sticky":false,"template":"","format":"standard","meta":{"ep_exclude_from_search":false,"p4_og_title":"","p4_og_description":"","p4_og_image":"","p4_og_image_id":"","p4_seo_canonical_url":"","p4_campaign_name":"","p4_local_project":"","p4_basket_name":"","p4_department":"","footnotes":""},"categories":[47],"tags":[67],"p4-page-type":[69],"class_list":["post-28325","post","type-post","status-publish","format-standard","has-post-thumbnail","hentry","category-natur","tag-nachhaltigelandwirtschaft","p4-page-type-presseerklaerungen"],"yoast_head":"<!-- This site is optimized with the Yoast SEO Premium plugin v23.9 (Yoast SEO v23.9) - https:\/\/yoast.com\/wordpress\/plugins\/seo\/ -->\n<title>EU-Mercosur-Abkommen: Greenpeace warnt vor Risiken der vorl\u00e4ufigen Anwendung - Greenpeace Luxembourg<\/title>\n<meta name=\"robots\" content=\"index, follow, max-snippet:-1, max-image-preview:large, max-video-preview:-1\" \/>\n<link rel=\"canonical\" href=\"https:\/\/www.greenpeace.org\/luxembourg\/de\/presseerklaerungen\/28325\/eu-mercosur-abkommen-greenpeace-warnt-vor-risiken-der-vorlaeufigen-anwendung\/\" \/>\n<meta property=\"og:locale\" content=\"de_DE\" \/>\n<meta property=\"og:type\" content=\"article\" \/>\n<meta property=\"og:title\" content=\"EU-Mercosur-Abkommen: Greenpeace warnt vor Risiken der vorl\u00e4ufigen Anwendung\" \/>\n<meta property=\"og:description\" content=\"An diesem Freitag, dem 1. Mai tritt das Handelsabkommen zwischen der Europ\u00e4ischen Union und den Mercosur-Staaten vorl\u00e4ufig in Kraft, trotz breitem Widerstand aus der Zivilgesellschaft.\u2026\" \/>\n<meta property=\"og:url\" content=\"https:\/\/www.greenpeace.org\/luxembourg\/de\/presseerklaerungen\/28325\/eu-mercosur-abkommen-greenpeace-warnt-vor-risiken-der-vorlaeufigen-anwendung\/\" \/>\n<meta property=\"og:site_name\" content=\"Greenpeace Luxembourg\" \/>\n<meta property=\"article:publisher\" content=\"https:\/\/www.facebook.com\/greenpeaceluxembourg\" \/>\n<meta property=\"article:published_time\" content=\"2026-04-30T09:12:49+00:00\" \/>\n<meta property=\"article:modified_time\" content=\"2026-04-30T09:14:33+00:00\" \/>\n<meta property=\"og:image\" content=\"https:\/\/www.greenpeace.org\/static\/planet4-luxembourg-stateless\/2026\/04\/6fddc123-gp0stv4o6_medium-res-1200px.jpg\" \/>\n\t<meta property=\"og:image:width\" content=\"1200\" \/>\n\t<meta property=\"og:image:height\" content=\"800\" \/>\n\t<meta property=\"og:image:type\" content=\"image\/jpeg\" \/>\n<meta name=\"author\" content=\"Esther Wildanger\" \/>\n<meta name=\"twitter:card\" content=\"summary_large_image\" \/>\n<meta name=\"twitter:label1\" content=\"Written by\" \/>\n\t<meta name=\"twitter:data1\" content=\"Esther Wildanger\" \/>\n\t<meta name=\"twitter:label2\" content=\"Est. reading time\" \/>\n\t<meta name=\"twitter:data2\" content=\"3 minutes\" \/>\n<script type=\"application\/ld+json\" class=\"yoast-schema-graph\">{\"@context\":\"https:\/\/schema.org\",\"@graph\":[{\"@type\":\"Article\",\"@id\":\"https:\/\/www.greenpeace.org\/luxembourg\/de\/presseerklaerungen\/28325\/eu-mercosur-abkommen-greenpeace-warnt-vor-risiken-der-vorlaeufigen-anwendung\/#article\",\"isPartOf\":{\"@id\":\"https:\/\/www.greenpeace.org\/luxembourg\/de\/presseerklaerungen\/28325\/eu-mercosur-abkommen-greenpeace-warnt-vor-risiken-der-vorlaeufigen-anwendung\/\"},\"author\":{\"name\":\"Esther Wildanger\",\"@id\":\"https:\/\/www.greenpeace.org\/luxembourg\/fr\/#\/schema\/person\/3d0e81a859b59009fec36a8552ef76a7\"},\"headline\":\"EU-Mercosur-Abkommen: Greenpeace warnt vor Risiken der vorl\u00e4ufigen Anwendung\",\"datePublished\":\"2026-04-30T09:12:49+00:00\",\"dateModified\":\"2026-04-30T09:14:33+00:00\",\"mainEntityOfPage\":{\"@id\":\"https:\/\/www.greenpeace.org\/luxembourg\/de\/presseerklaerungen\/28325\/eu-mercosur-abkommen-greenpeace-warnt-vor-risiken-der-vorlaeufigen-anwendung\/\"},\"wordCount\":484,\"publisher\":{\"@id\":\"https:\/\/www.greenpeace.org\/luxembourg\/fr\/#organization\"},\"image\":{\"@id\":\"https:\/\/www.greenpeace.org\/luxembourg\/de\/presseerklaerungen\/28325\/eu-mercosur-abkommen-greenpeace-warnt-vor-risiken-der-vorlaeufigen-anwendung\/#primaryimage\"},\"thumbnailUrl\":\"https:\/\/www.greenpeace.org\/static\/planet4-luxembourg-stateless\/2026\/04\/6fddc123-gp0stv4o6_medium-res-1200px.jpg\",\"keywords\":[\"NachhaltigeLandwirtschaft\"],\"articleSection\":[\"Natur\"],\"inLanguage\":\"de-LU\"},{\"@type\":\"WebPage\",\"@id\":\"https:\/\/www.greenpeace.org\/luxembourg\/de\/presseerklaerungen\/28325\/eu-mercosur-abkommen-greenpeace-warnt-vor-risiken-der-vorlaeufigen-anwendung\/\",\"url\":\"https:\/\/www.greenpeace.org\/luxembourg\/de\/presseerklaerungen\/28325\/eu-mercosur-abkommen-greenpeace-warnt-vor-risiken-der-vorlaeufigen-anwendung\/\",\"name\":\"EU-Mercosur-Abkommen: Greenpeace warnt vor Risiken der vorl\u00e4ufigen Anwendung - Greenpeace Luxembourg\",\"isPartOf\":{\"@id\":\"https:\/\/www.greenpeace.org\/luxembourg\/fr\/#website\"},\"primaryImageOfPage\":{\"@id\":\"https:\/\/www.greenpeace.org\/luxembourg\/de\/presseerklaerungen\/28325\/eu-mercosur-abkommen-greenpeace-warnt-vor-risiken-der-vorlaeufigen-anwendung\/#primaryimage\"},\"image\":{\"@id\":\"https:\/\/www.greenpeace.org\/luxembourg\/de\/presseerklaerungen\/28325\/eu-mercosur-abkommen-greenpeace-warnt-vor-risiken-der-vorlaeufigen-anwendung\/#primaryimage\"},\"thumbnailUrl\":\"https:\/\/www.greenpeace.org\/static\/planet4-luxembourg-stateless\/2026\/04\/6fddc123-gp0stv4o6_medium-res-1200px.jpg\",\"datePublished\":\"2026-04-30T09:12:49+00:00\",\"dateModified\":\"2026-04-30T09:14:33+00:00\",\"breadcrumb\":{\"@id\":\"https:\/\/www.greenpeace.org\/luxembourg\/de\/presseerklaerungen\/28325\/eu-mercosur-abkommen-greenpeace-warnt-vor-risiken-der-vorlaeufigen-anwendung\/#breadcrumb\"},\"inLanguage\":\"de-LU\",\"potentialAction\":[{\"@type\":\"ReadAction\",\"target\":[\"https:\/\/www.greenpeace.org\/luxembourg\/de\/presseerklaerungen\/28325\/eu-mercosur-abkommen-greenpeace-warnt-vor-risiken-der-vorlaeufigen-anwendung\/\"]}]},{\"@type\":\"ImageObject\",\"inLanguage\":\"de-LU\",\"@id\":\"https:\/\/www.greenpeace.org\/luxembourg\/de\/presseerklaerungen\/28325\/eu-mercosur-abkommen-greenpeace-warnt-vor-risiken-der-vorlaeufigen-anwendung\/#primaryimage\",\"url\":\"https:\/\/www.greenpeace.org\/static\/planet4-luxembourg-stateless\/2026\/04\/6fddc123-gp0stv4o6_medium-res-1200px.jpg\",\"contentUrl\":\"https:\/\/www.greenpeace.org\/static\/planet4-luxembourg-stateless\/2026\/04\/6fddc123-gp0stv4o6_medium-res-1200px.jpg\",\"width\":1200,\"height\":800,\"caption\":\"Photo opportunity activity carried out by Greenpeace Austria in occasion of the \\\"Wintertagung 2023\\\" conference in Vienna. The EU-Mercosur trade pact is a threat to the Austrian agriculture. Mercosur trade agreement would cause influx of cheap meat and suga of lower standards than in the EU. Cheap meat comes from cattle fed with growth hormones and pletora of antibiotics which are both are banned in Europe for a good reason. Der EU-Mercosur Handelspakt ist eine Gefahr f\u00fcr die \u00f6sterreichische Landwirtschaft. Unsere B\u00e4uerinnen und Bauern m\u00fcssten dann mit noch mehr Fleisch und Zucker konkurrieren, welche mit viel niedrigeren Standards als in der EU produziert werden. Um billiges Fleisch nach Europa zu verkaufen, werden Rinder im Mercosur-Raum routinem\u00e4\u00dfig mit wachstumsf\u00f6rdernden Antibiotika gef\u00fcttert. Auch Futterzus\u00e4tze mit hormoneller Wirkung kommen zum Einsatz \u2013 beides ist in Europa mit gutem Grund verboten.\"},{\"@type\":\"BreadcrumbList\",\"@id\":\"https:\/\/www.greenpeace.org\/luxembourg\/de\/presseerklaerungen\/28325\/eu-mercosur-abkommen-greenpeace-warnt-vor-risiken-der-vorlaeufigen-anwendung\/#breadcrumb\",\"itemListElement\":[{\"@type\":\"ListItem\",\"position\":1,\"name\":\"Home\",\"item\":\"http:\/\/www.greenpeace.org\/luxembourg\/fr\/\"},{\"@type\":\"ListItem\",\"position\":2,\"name\":\"EU-Mercosur-Abkommen: Greenpeace warnt vor Risiken der vorl\u00e4ufigen Anwendung\"}]},{\"@type\":\"WebSite\",\"@id\":\"https:\/\/www.greenpeace.org\/luxembourg\/fr\/#website\",\"url\":\"https:\/\/www.greenpeace.org\/luxembourg\/fr\/\",\"name\":\"Greenpeace Luxembourg\",\"description\":\"Greenpeace existiert, weil unsere Erde eine Stimme braucht. Sie ben\u00f6tigt L\u00f6sungen. Ver\u00e4nderungen. Aktionen.\",\"publisher\":{\"@id\":\"https:\/\/www.greenpeace.org\/luxembourg\/fr\/#organization\"},\"potentialAction\":[{\"@type\":\"SearchAction\",\"target\":{\"@type\":\"EntryPoint\",\"urlTemplate\":\"https:\/\/www.greenpeace.org\/luxembourg\/fr\/?s={search_term_string}\"},\"query-input\":{\"@type\":\"PropertyValueSpecification\",\"valueRequired\":true,\"valueName\":\"search_term_string\"}}],\"inLanguage\":\"de-LU\"},{\"@type\":\"Organization\",\"@id\":\"https:\/\/www.greenpeace.org\/luxembourg\/fr\/#organization\",\"name\":\"Greenpeace Luxembourg\",\"url\":\"https:\/\/www.greenpeace.org\/luxembourg\/fr\/\",\"logo\":{\"@type\":\"ImageObject\",\"inLanguage\":\"de-LU\",\"@id\":\"https:\/\/www.greenpeace.org\/luxembourg\/fr\/#\/schema\/logo\/image\/\",\"url\":\"https:\/\/www.greenpeace.org\/static\/planet4-luxembourg-stateless\/2026\/03\/3e367f94-greenpeace_logo_green_rgb.png\",\"contentUrl\":\"https:\/\/www.greenpeace.org\/static\/planet4-luxembourg-stateless\/2026\/03\/3e367f94-greenpeace_logo_green_rgb.png\",\"width\":1080,\"height\":175,\"caption\":\"Greenpeace Luxembourg\"},\"image\":{\"@id\":\"https:\/\/www.greenpeace.org\/luxembourg\/fr\/#\/schema\/logo\/image\/\"},\"sameAs\":[\"https:\/\/www.facebook.com\/greenpeaceluxembourg\",\"https:\/\/www.instagram.com\/greenpeacelux\/\",\"https:\/\/www.linkedin.com\/company\/greenpeace-luxembourg\/\",\"https:\/\/www.threads.com\/@greenpeacelux\",\"https:\/\/bsky.app\/profile\/greenpeacelux.bsky.social\",\"https:\/\/www.youtube.com\/@GreenpeaceLux\",\"https:\/\/www.tiktok.com\/@greenpeace_lux\"]},{\"@type\":\"Person\",\"@id\":\"https:\/\/www.greenpeace.org\/luxembourg\/fr\/#\/schema\/person\/3d0e81a859b59009fec36a8552ef76a7\",\"name\":\"Esther Wildanger\",\"url\":\"https:\/\/www.greenpeace.org\/luxembourg\/de\/author\/ewildang\/\"}]}<\/script>\n<!-- \/ Yoast SEO Premium plugin. -->","yoast_head_json":{"title":"EU-Mercosur-Abkommen: Greenpeace warnt vor Risiken der vorl\u00e4ufigen Anwendung - Greenpeace Luxembourg","robots":{"index":"index","follow":"follow","max-snippet":"max-snippet:-1","max-image-preview":"max-image-preview:large","max-video-preview":"max-video-preview:-1"},"canonical":"https:\/\/www.greenpeace.org\/luxembourg\/de\/presseerklaerungen\/28325\/eu-mercosur-abkommen-greenpeace-warnt-vor-risiken-der-vorlaeufigen-anwendung\/","og_locale":"de_DE","og_type":"article","og_title":"EU-Mercosur-Abkommen: Greenpeace warnt vor Risiken der vorl\u00e4ufigen Anwendung","og_description":"An diesem Freitag, dem 1. Mai tritt das Handelsabkommen zwischen der Europ\u00e4ischen Union und den Mercosur-Staaten vorl\u00e4ufig in Kraft, trotz breitem Widerstand aus der Zivilgesellschaft.\u2026","og_url":"https:\/\/www.greenpeace.org\/luxembourg\/de\/presseerklaerungen\/28325\/eu-mercosur-abkommen-greenpeace-warnt-vor-risiken-der-vorlaeufigen-anwendung\/","og_site_name":"Greenpeace Luxembourg","article_publisher":"https:\/\/www.facebook.com\/greenpeaceluxembourg","article_published_time":"2026-04-30T09:12:49+00:00","article_modified_time":"2026-04-30T09:14:33+00:00","og_image":[{"width":1200,"height":800,"url":"https:\/\/www.greenpeace.org\/static\/planet4-luxembourg-stateless\/2026\/04\/6fddc123-gp0stv4o6_medium-res-1200px.jpg","type":"image\/jpeg"}],"author":"Esther Wildanger","twitter_card":"summary_large_image","twitter_misc":{"Written by":"Esther Wildanger","Est. reading time":"3 minutes"},"schema":{"@context":"https:\/\/schema.org","@graph":[{"@type":"Article","@id":"https:\/\/www.greenpeace.org\/luxembourg\/de\/presseerklaerungen\/28325\/eu-mercosur-abkommen-greenpeace-warnt-vor-risiken-der-vorlaeufigen-anwendung\/#article","isPartOf":{"@id":"https:\/\/www.greenpeace.org\/luxembourg\/de\/presseerklaerungen\/28325\/eu-mercosur-abkommen-greenpeace-warnt-vor-risiken-der-vorlaeufigen-anwendung\/"},"author":{"name":"Esther Wildanger","@id":"https:\/\/www.greenpeace.org\/luxembourg\/fr\/#\/schema\/person\/3d0e81a859b59009fec36a8552ef76a7"},"headline":"EU-Mercosur-Abkommen: Greenpeace warnt vor Risiken der vorl\u00e4ufigen Anwendung","datePublished":"2026-04-30T09:12:49+00:00","dateModified":"2026-04-30T09:14:33+00:00","mainEntityOfPage":{"@id":"https:\/\/www.greenpeace.org\/luxembourg\/de\/presseerklaerungen\/28325\/eu-mercosur-abkommen-greenpeace-warnt-vor-risiken-der-vorlaeufigen-anwendung\/"},"wordCount":484,"publisher":{"@id":"https:\/\/www.greenpeace.org\/luxembourg\/fr\/#organization"},"image":{"@id":"https:\/\/www.greenpeace.org\/luxembourg\/de\/presseerklaerungen\/28325\/eu-mercosur-abkommen-greenpeace-warnt-vor-risiken-der-vorlaeufigen-anwendung\/#primaryimage"},"thumbnailUrl":"https:\/\/www.greenpeace.org\/static\/planet4-luxembourg-stateless\/2026\/04\/6fddc123-gp0stv4o6_medium-res-1200px.jpg","keywords":["NachhaltigeLandwirtschaft"],"articleSection":["Natur"],"inLanguage":"de-LU"},{"@type":"WebPage","@id":"https:\/\/www.greenpeace.org\/luxembourg\/de\/presseerklaerungen\/28325\/eu-mercosur-abkommen-greenpeace-warnt-vor-risiken-der-vorlaeufigen-anwendung\/","url":"https:\/\/www.greenpeace.org\/luxembourg\/de\/presseerklaerungen\/28325\/eu-mercosur-abkommen-greenpeace-warnt-vor-risiken-der-vorlaeufigen-anwendung\/","name":"EU-Mercosur-Abkommen: Greenpeace warnt vor Risiken der vorl\u00e4ufigen Anwendung - Greenpeace Luxembourg","isPartOf":{"@id":"https:\/\/www.greenpeace.org\/luxembourg\/fr\/#website"},"primaryImageOfPage":{"@id":"https:\/\/www.greenpeace.org\/luxembourg\/de\/presseerklaerungen\/28325\/eu-mercosur-abkommen-greenpeace-warnt-vor-risiken-der-vorlaeufigen-anwendung\/#primaryimage"},"image":{"@id":"https:\/\/www.greenpeace.org\/luxembourg\/de\/presseerklaerungen\/28325\/eu-mercosur-abkommen-greenpeace-warnt-vor-risiken-der-vorlaeufigen-anwendung\/#primaryimage"},"thumbnailUrl":"https:\/\/www.greenpeace.org\/static\/planet4-luxembourg-stateless\/2026\/04\/6fddc123-gp0stv4o6_medium-res-1200px.jpg","datePublished":"2026-04-30T09:12:49+00:00","dateModified":"2026-04-30T09:14:33+00:00","breadcrumb":{"@id":"https:\/\/www.greenpeace.org\/luxembourg\/de\/presseerklaerungen\/28325\/eu-mercosur-abkommen-greenpeace-warnt-vor-risiken-der-vorlaeufigen-anwendung\/#breadcrumb"},"inLanguage":"de-LU","potentialAction":[{"@type":"ReadAction","target":["https:\/\/www.greenpeace.org\/luxembourg\/de\/presseerklaerungen\/28325\/eu-mercosur-abkommen-greenpeace-warnt-vor-risiken-der-vorlaeufigen-anwendung\/"]}]},{"@type":"ImageObject","inLanguage":"de-LU","@id":"https:\/\/www.greenpeace.org\/luxembourg\/de\/presseerklaerungen\/28325\/eu-mercosur-abkommen-greenpeace-warnt-vor-risiken-der-vorlaeufigen-anwendung\/#primaryimage","url":"https:\/\/www.greenpeace.org\/static\/planet4-luxembourg-stateless\/2026\/04\/6fddc123-gp0stv4o6_medium-res-1200px.jpg","contentUrl":"https:\/\/www.greenpeace.org\/static\/planet4-luxembourg-stateless\/2026\/04\/6fddc123-gp0stv4o6_medium-res-1200px.jpg","width":1200,"height":800,"caption":"Photo opportunity activity carried out by Greenpeace Austria in occasion of the \"Wintertagung 2023\" conference in Vienna. The EU-Mercosur trade pact is a threat to the Austrian agriculture. Mercosur trade agreement would cause influx of cheap meat and suga of lower standards than in the EU. Cheap meat comes from cattle fed with growth hormones and pletora of antibiotics which are both are banned in Europe for a good reason. Der EU-Mercosur Handelspakt ist eine Gefahr f\u00fcr die \u00f6sterreichische Landwirtschaft. Unsere B\u00e4uerinnen und Bauern m\u00fcssten dann mit noch mehr Fleisch und Zucker konkurrieren, welche mit viel niedrigeren Standards als in der EU produziert werden. Um billiges Fleisch nach Europa zu verkaufen, werden Rinder im Mercosur-Raum routinem\u00e4\u00dfig mit wachstumsf\u00f6rdernden Antibiotika gef\u00fcttert. Auch Futterzus\u00e4tze mit hormoneller Wirkung kommen zum Einsatz \u2013 beides ist in Europa mit gutem Grund verboten."},{"@type":"BreadcrumbList","@id":"https:\/\/www.greenpeace.org\/luxembourg\/de\/presseerklaerungen\/28325\/eu-mercosur-abkommen-greenpeace-warnt-vor-risiken-der-vorlaeufigen-anwendung\/#breadcrumb","itemListElement":[{"@type":"ListItem","position":1,"name":"Home","item":"http:\/\/www.greenpeace.org\/luxembourg\/fr\/"},{"@type":"ListItem","position":2,"name":"EU-Mercosur-Abkommen: Greenpeace warnt vor Risiken der vorl\u00e4ufigen Anwendung"}]},{"@type":"WebSite","@id":"https:\/\/www.greenpeace.org\/luxembourg\/fr\/#website","url":"https:\/\/www.greenpeace.org\/luxembourg\/fr\/","name":"Greenpeace Luxembourg","description":"Greenpeace existiert, weil unsere Erde eine Stimme braucht. Sie ben\u00f6tigt L\u00f6sungen. Ver\u00e4nderungen. Aktionen.","publisher":{"@id":"https:\/\/www.greenpeace.org\/luxembourg\/fr\/#organization"},"potentialAction":[{"@type":"SearchAction","target":{"@type":"EntryPoint","urlTemplate":"https:\/\/www.greenpeace.org\/luxembourg\/fr\/?s={search_term_string}"},"query-input":{"@type":"PropertyValueSpecification","valueRequired":true,"valueName":"search_term_string"}}],"inLanguage":"de-LU"},{"@type":"Organization","@id":"https:\/\/www.greenpeace.org\/luxembourg\/fr\/#organization","name":"Greenpeace Luxembourg","url":"https:\/\/www.greenpeace.org\/luxembourg\/fr\/","logo":{"@type":"ImageObject","inLanguage":"de-LU","@id":"https:\/\/www.greenpeace.org\/luxembourg\/fr\/#\/schema\/logo\/image\/","url":"https:\/\/www.greenpeace.org\/static\/planet4-luxembourg-stateless\/2026\/03\/3e367f94-greenpeace_logo_green_rgb.png","contentUrl":"https:\/\/www.greenpeace.org\/static\/planet4-luxembourg-stateless\/2026\/03\/3e367f94-greenpeace_logo_green_rgb.png","width":1080,"height":175,"caption":"Greenpeace Luxembourg"},"image":{"@id":"https:\/\/www.greenpeace.org\/luxembourg\/fr\/#\/schema\/logo\/image\/"},"sameAs":["https:\/\/www.facebook.com\/greenpeaceluxembourg","https:\/\/www.instagram.com\/greenpeacelux\/","https:\/\/www.linkedin.com\/company\/greenpeace-luxembourg\/","https:\/\/www.threads.com\/@greenpeacelux","https:\/\/bsky.app\/profile\/greenpeacelux.bsky.social","https:\/\/www.youtube.com\/@GreenpeaceLux","https:\/\/www.tiktok.com\/@greenpeace_lux"]},{"@type":"Person","@id":"https:\/\/www.greenpeace.org\/luxembourg\/fr\/#\/schema\/person\/3d0e81a859b59009fec36a8552ef76a7","name":"Esther Wildanger","url":"https:\/\/www.greenpeace.org\/luxembourg\/de\/author\/ewildang\/"}]}},"_links":{"self":[{"href":"https:\/\/www.greenpeace.org\/luxembourg\/de\/wp-json\/wp\/v2\/posts\/28325","targetHints":{"allow":["GET"]}}],"collection":[{"href":"https:\/\/www.greenpeace.org\/luxembourg\/de\/wp-json\/wp\/v2\/posts"}],"about":[{"href":"https:\/\/www.greenpeace.org\/luxembourg\/de\/wp-json\/wp\/v2\/types\/post"}],"author":[{"embeddable":true,"href":"https:\/\/www.greenpeace.org\/luxembourg\/de\/wp-json\/wp\/v2\/users\/25"}],"replies":[{"embeddable":true,"href":"https:\/\/www.greenpeace.org\/luxembourg\/de\/wp-json\/wp\/v2\/comments?post=28325"}],"version-history":[{"count":1,"href":"https:\/\/www.greenpeace.org\/luxembourg\/de\/wp-json\/wp\/v2\/posts\/28325\/revisions"}],"predecessor-version":[{"id":28326,"href":"https:\/\/www.greenpeace.org\/luxembourg\/de\/wp-json\/wp\/v2\/posts\/28325\/revisions\/28326"}],"wp:featuredmedia":[{"embeddable":true,"href":"https:\/\/www.greenpeace.org\/luxembourg\/de\/wp-json\/wp\/v2\/media\/28323"}],"wp:attachment":[{"href":"https:\/\/www.greenpeace.org\/luxembourg\/de\/wp-json\/wp\/v2\/media?parent=28325"}],"wp:term":[{"taxonomy":"category","embeddable":true,"href":"https:\/\/www.greenpeace.org\/luxembourg\/de\/wp-json\/wp\/v2\/categories?post=28325"},{"taxonomy":"post_tag","embeddable":true,"href":"https:\/\/www.greenpeace.org\/luxembourg\/de\/wp-json\/wp\/v2\/tags?post=28325"},{"taxonomy":"p4-page-type","embeddable":true,"href":"https:\/\/www.greenpeace.org\/luxembourg\/de\/wp-json\/wp\/v2\/p4-page-type?post=28325"}],"curies":[{"name":"wp","href":"https:\/\/api.w.org\/{rel}","templated":true}]}}