{"id":30177,"date":"2026-09-03T11:32:01","date_gmt":"2026-09-03T09:32:01","guid":{"rendered":"https:\/\/www.greenpeace.org\/luxembourg\/?p=30177"},"modified":"2026-09-03T11:38:01","modified_gmt":"2026-09-03T09:38:01","slug":"klimakrise-2026-extremwetter-hitzewellen","status":"publish","type":"post","link":"https:\/\/www.greenpeace.org\/luxembourg\/de\/aktualitaet\/30177\/klimakrise-2026-extremwetter-hitzewellen\/","title":{"rendered":"2026 und die Folgen einer \u00fcberhitzten Welt"},"content":{"rendered":"\n<p class=\"wp-block-paragraph\">Im ersten Halbjahr 2026 wurden Europa, Afrika und Nordamerika von beispiellosen Hitzewellen getroffen. Die Klimakrise, die vor allem durch die Verbrennung von Kohle, \u00d6l und Gas angeheizt wird, setzt uns zunehmend extremen Wetterereignissen aus, die oft als <em>Naturkatastrophen<\/em> bezeichnet werden. Die<a href=\"https:\/\/edition.cnn.com\/2026\/08\/28\/world\/live-news\/nepal-china-flood\"> verheerenden Sturzfluten<\/a> in Nepal sind nicht nur eine menschliche Trag\u00f6die, sondern auch eine schmerzhafte Mahnung: In einer sich immer weiter erhitzenden Welt bedrohen die rasante Gletscherschmelze und<a href=\"https:\/\/www.bbc.com\/news\/articles\/cly464k252yo\"> einst\u00fcrzende Gletscher<\/a> zunehmend Menschenleben.<\/p>\n\n<p class=\"wp-block-paragraph\">Die extreme Hitze beg\u00fcnstigte au\u00dfergew\u00f6hnlich schwere Waldbr\u00e4nde in Westeuropa und Kanada. Auch in Afrika, Asien und Lateinamerika pr\u00e4gten Hitzewellen, D\u00fcrren, \u00dcberschwemmungen und heftige St\u00fcrme das Jahr 2026.<\/p>\n\n<figure class=\"wp-block-image size-large\"><img loading=\"lazy\" decoding=\"async\" width=\"1024\" height=\"683\" title=\"image\" src=\"https:\/\/www.greenpeace.org\/static\/planet4-luxembourg-stateless\/2026\/09\/4b717e43-image-1024x683.jpeg\" alt=\"\" class=\"wp-image-30167\" srcset=\"https:\/\/www.greenpeace.org\/static\/planet4-luxembourg-stateless\/2026\/09\/4b717e43-image-1024x683.jpeg 1024w, https:\/\/www.greenpeace.org\/static\/planet4-luxembourg-stateless\/2026\/09\/4b717e43-image-300x200.jpeg 300w, https:\/\/www.greenpeace.org\/static\/planet4-luxembourg-stateless\/2026\/09\/4b717e43-image-768x512.jpeg 768w, https:\/\/www.greenpeace.org\/static\/planet4-luxembourg-stateless\/2026\/09\/4b717e43-image-510x340.jpeg 510w, https:\/\/www.greenpeace.org\/static\/planet4-luxembourg-stateless\/2026\/09\/4b717e43-image.jpeg 1200w\" sizes=\"auto, (max-width: 1024px) 100vw, 1024px\" \/><figcaption class=\"wp-element-caption\">Wegen des Rauchs von Hunderten Waldbr\u00e4nden in Kanada wurden f\u00fcr den gesamten Bundesstaat New York sowie Teile von New Jersey Warnungen wegen schlechter Luftqualit\u00e4t herausgegeben. \u00a9 Tim Aubry \/ Greenpeace<\/figcaption><\/figure>\n\n<p class=\"wp-block-paragraph\">Die<a href=\"https:\/\/www.nytimes.com\/live\/2026\/08\/26\/world\/nepal-floods#nepal-flood-glacier-ice-avalanche\"> Sturzflut in Nepal<\/a> wird mit dem Einsturz eines Gletschers im Himalaya in Verbindung gebracht. Die Katastrophe trifft eine Region, die die Folgen der Klimakrise bereits deutlich zu sp\u00fcren bekommt: \u00dcberschwemmungen, Erdrutsche, Lawinen und D\u00fcrren nehmen <a href=\"https:\/\/www.reuters.com\/business\/environment\/glacier-collapse-may-have-triggered-deadly-nepal-flash-flood-experts-say-2026-08-26\/\">laut Daten<\/a> in der gesamten Region an H\u00e4ufigkeit und Intensit\u00e4t zu.<\/p>\n\n<p class=\"wp-block-paragraph\">Hitzewellen und solche vermeintlichen Naturkatastrophen sind genau die Folgen der Verbrennung von Kohle, \u00d6l und Gas, vor denen der <a href=\"https:\/\/www.ipcc.ch\/report\/ar6\/syr\/downloads\/report\/IPCC_AR6_SYR_SPM.pdf\">Weltklimarat<\/a> seit Jahrzehnten warnt. Rekordtemperaturen, auch an der <a href=\"https:\/\/climate.copernicus.eu\/copernicus-daily-global-sea-surface-temperature-breaks-2024-record\">Meeresoberfl\u00e4che<\/a>, sind l\u00e4ngst Realit\u00e4t in einer Welt, die sich immer weiter aufheizt. Umso dringender m\u00fcssen wir den Ausstieg aus fossilen Energien beschleunigen und den \u00dcbergang zu erneuerbaren Energien vorantreiben.<\/p>\n\n<p class=\"wp-block-paragraph\">Mehr denn je m\u00fcssen wir jetzt handeln. Denn w\u00e4hrend sich unser Planet bereits viel zu schnell erw\u00e4rmt, deuten Prognosen auf ein historisch starkes <a href=\"https:\/\/www.cpc.ncep.noaa.gov\/products\/analysis_monitoring\/enso_advisory\/ensodisc.shtml\">El-Ni\u00f1o-Ph\u00e4nomen<\/a> hin. Dadurch k\u00f6nnten extreme Wetterereignisse noch heftiger ausfallen \u2013 zu einer Zeit, in der wir uns gef\u00e4hrlich nahe an einer vor\u00fcbergehenden \u00dcberschreitung der 1,5-Grad-Grenze des Pariser Klimaabkommens bewegen.<\/p>\n\n<figure class=\"wp-block-image size-large\"><img loading=\"lazy\" decoding=\"async\" width=\"1024\" height=\"683\" title=\"image\" src=\"https:\/\/www.greenpeace.org\/static\/planet4-luxembourg-stateless\/2026\/09\/aac7578d-image-1024x683.jpeg\" alt=\"\" class=\"wp-image-30169\" srcset=\"https:\/\/www.greenpeace.org\/static\/planet4-luxembourg-stateless\/2026\/09\/aac7578d-image-1024x683.jpeg 1024w, https:\/\/www.greenpeace.org\/static\/planet4-luxembourg-stateless\/2026\/09\/aac7578d-image-300x200.jpeg 300w, https:\/\/www.greenpeace.org\/static\/planet4-luxembourg-stateless\/2026\/09\/aac7578d-image-768x512.jpeg 768w, https:\/\/www.greenpeace.org\/static\/planet4-luxembourg-stateless\/2026\/09\/aac7578d-image-510x340.jpeg 510w, https:\/\/www.greenpeace.org\/static\/planet4-luxembourg-stateless\/2026\/09\/aac7578d-image.jpeg 1200w\" sizes=\"auto, (max-width: 1024px) 100vw, 1024px\" \/><figcaption class=\"wp-element-caption\">Luftaufnahmen der Waldbr\u00e4nde in \u00c1vila, Spanien. \u00a9 Pedro Armestre \/ Greenpeace<\/figcaption><\/figure>\n\n<h3 id=\"h-warum-gab-es-2026-so-viele-hitzewellen-und-waldbrande\" class=\"wp-block-heading\"><strong>Warum gab es 2026 so viele Hitzewellen und Waldbr\u00e4nde?<\/strong><\/h3>\n\n<p class=\"wp-block-paragraph\">Rekordtemperaturen schaffen ideale Bedingungen f\u00fcr Waldbr\u00e4nde. Gleichzeitig heizt sich unser Klima durch jahrzehntelange Abholzung und die Verbrennung fossiler Energien immer schneller auf.<\/p>\n\n<p class=\"wp-block-paragraph\">Die elf Jahre seit dem Pariser Klimaabkommen waren die elf hei\u00dfesten, die jemals gemessen wurden.<a href=\"https:\/\/wmo.int\/news\/media-centre\/earths-climate-swings-increasingly-out-of-balance\"> Unser Klima ger\u00e4t zunehmend aus dem Gleichgewicht.<\/a> Und solange die Treibhausgasemissionen weiter steigen, r\u00fcckt die 1,5-Grad-Grenze immer weiter au\u00dfer Reichweite.<\/p>\n\n<figure class=\"wp-block-image size-large\"><img loading=\"lazy\" decoding=\"async\" width=\"1024\" height=\"683\" title=\"image\" src=\"https:\/\/www.greenpeace.org\/static\/planet4-luxembourg-stateless\/2026\/09\/3b251fe1-image-1024x683.jpeg\" alt=\"\" class=\"wp-image-30171\" srcset=\"https:\/\/www.greenpeace.org\/static\/planet4-luxembourg-stateless\/2026\/09\/3b251fe1-image-1024x683.jpeg 1024w, https:\/\/www.greenpeace.org\/static\/planet4-luxembourg-stateless\/2026\/09\/3b251fe1-image-300x200.jpeg 300w, https:\/\/www.greenpeace.org\/static\/planet4-luxembourg-stateless\/2026\/09\/3b251fe1-image-768x512.jpeg 768w, https:\/\/www.greenpeace.org\/static\/planet4-luxembourg-stateless\/2026\/09\/3b251fe1-image-510x340.jpeg 510w, https:\/\/www.greenpeace.org\/static\/planet4-luxembourg-stateless\/2026\/09\/3b251fe1-image.jpeg 1200w\" sizes=\"auto, (max-width: 1024px) 100vw, 1024px\" \/><figcaption class=\"wp-element-caption\">Die D\u00fcrre hat den Wasserstand des Rheins in Deutschland stark beeintr\u00e4chtigt. \u00a9 Bernd Lauter \/ Greenpeace<\/figcaption><\/figure>\n\n<p class=\"wp-block-paragraph\">Diese Entwicklung f\u00fchrt zu immer hei\u00dferen und trockeneren Bedingungen, die <a href=\"https:\/\/climate.copernicus.eu\/copernicus-highest-july-global-ocean-surface-temperatures-exceptionally-hot-dry-conditions-fuel\">gro\u00dfe und besonders intensive Waldbr\u00e4nde beg\u00fcnstigen<\/a>. Sie fordern nicht nur direkt Menschenleben, sondern haben auch schwerwiegende Folgen f\u00fcr die Gesundheit: Der Rauch kann <a href=\"https:\/\/www.lshtm.ac.uk\/newsevents\/news\/2026\/expert-comment-how-do-wildfires-affect-health-and-what-can-be-done-about-it\">Atemwegs- und Herz-Kreislauf-Erkrankungen<\/a> verursachen und zu mehr Krankenhausaufenthalten und vorzeitigen Todesf\u00e4llen f\u00fchren.<\/p>\n\n<h3 id=\"h-was-haben-diese-sogenannten-naturkatastrophen-mit-fossilen-energien-zu-tun\" class=\"wp-block-heading\"><strong>Was haben diese sogenannten Naturkatastrophen mit fossilen Energien zu tun?<\/strong><\/h3>\n\n<p class=\"wp-block-paragraph\">Extreme Hitzewellen, St\u00fcrme und Waldbr\u00e4nde werden immer h\u00e4ufiger und heftiger. Das ist kein Zufall. Sie sind auch die Folge politischen Versagens: Regierungen erlauben es Unternehmen der fossilen Industrie und anderen Akteuren, die Natur zerst\u00f6ren, ihre Profite weiterhin \u00fcber das Wohlergehen von Menschen zu stellen. Deshalb m\u00fcssen politische Entscheidungstr\u00e4ger:innen jetzt handeln und den Ausstieg aus fossilen Energien sowie die Zerst\u00f6rung unserer W\u00e4lder endlich konsequent vorantreiben.<\/p>\n\n<p class=\"wp-block-paragraph\">Laut den<a href=\"https:\/\/www.nationalacademies.org\/projects\/DELS-BASCPR-23-02\/publication\/28590\"> Nationalen Akademien der Wissenschaften, Ingenieurwissenschaften und Medizin der USA (NASEM)<\/a> ist die globale Erw\u00e4rmung menschengemacht. Sie wird durch vergangene und heutige Emissionen verursacht, die vor allem aus Industriel\u00e4ndern und von gro\u00dfen Unternehmen stammen. Der Klimawandel steht zudem in direktem Zusammenhang mit extremer Hitze und K\u00e4lte sowie heftigen Niederschl\u00e4gen.<\/p>\n\n<p class=\"wp-block-paragraph\">Zwei aktuelle Studien zur Zuordnung von Extremwetterereignissen zeigen au\u00dferdem, dass die Hitzewellen in Europa und Nordamerika ohne die globale Erw\u00e4rmung praktisch unm\u00f6glich gewesen w\u00e4ren. Verantwortlich daf\u00fcr ist die zunehmende Konzentration von Treibhausgasen in der Atmosph\u00e4re, vor allem durch die Verbrennung von Kohle, \u00d6l und Gas sowie die Zerst\u00f6rung von W\u00e4ldern.<\/p>\n\n<p class=\"wp-block-paragraph\">Eine Studie von<a href=\"https:\/\/www.worldweatherattribution.org\/fossil-fuel-emissions-have-rapidly-worsened-european-heatwaves-in-just-a-few-decades\/\"> World Weather Attribution (WWA)<\/a> kam zu dem Ergebnis, dass eine vergleichbare Hitzewelle in Westeuropa im Juni vor 50 Jahren rund 3,5 \u00b0C weniger intensiv gewesen w\u00e4re.<\/p>\n\n<h3 id=\"h-wird-2026-alle-hitzerekorde-brechen\" class=\"wp-block-heading\"><strong>Wird 2026 alle Hitzerekorde brechen?<\/strong><\/h3>\n\n<p class=\"wp-block-paragraph\">Wissenschaftler:innen gehen bereits davon aus, dass 2026 insgesamt zu einem der hei\u00dfesten Jahre seit Beginn der Messungen werden k\u00f6nnte. Und auch 2027 k\u00f6nnte diesen Rekord noch \u00fcbertreffen.<\/p>\n\n<p class=\"wp-block-paragraph\">Das britische<a href=\"https:\/\/www.metoffice.gov.uk\/blog\/2026\/an-unprecedented-el-nio-and-its-implications-for-the-weather-forecast\"> Met Office<\/a> rechnet mit einem au\u00dfergew\u00f6hnlich starken El-Ni\u00f1o-Ph\u00e4nomen, das zum st\u00e4rksten seit dem 19. Jahrhundert werden k\u00f6nnte. Dadurch k\u00f6nnte 2027 2024 als bislang hei\u00dfestes Jahr seit Beginn der Aufzeichnungen abl\u00f6sen. Auch ein vor\u00fcbergehendes \u00dcberschreiten der 1,5-Grad-Grenze wird immer wahrscheinlicher.<\/p>\n\n<p class=\"wp-block-paragraph\">Das ist besorgniserregend: El Ni\u00f1o kann extreme Wetterereignisse zus\u00e4tzlich verst\u00e4rken, von schweren D\u00fcrren in einigen Regionen bis hin zu heftigen St\u00fcrmen und Starkregen in anderen.<\/p>\n\n<h3 id=\"h-welche-auswirkungen-hat-die-hitzewelle-in-europa-auf-flusse-und-atomkraftwerke\" class=\"wp-block-heading\"><strong>Welche Auswirkungen hat die Hitzewelle in Europa auf Fl\u00fcsse und Atomkraftwerke?<\/strong><\/h3>\n\n<p class=\"wp-block-paragraph\">Im August erreichten die Wasserst\u00e4nde von vier gro\u00dfen europ\u00e4ischen Fl\u00fcssen \u2013 Loire, Po, Rhein und Donau \u2013<a href=\"https:\/\/eu-space.europa.eu\/components\/earth-observation-copernicus\/image-of-the-day\/europes-major-rivers-record-low-water-levels\"> historische Tiefst\u00e4nde<\/a>. Die anhaltende D\u00fcrre setzt Wasserressourcen, Landwirtschaft, Energiesysteme, Binnenschifffahrt, Tourismus und \u00d6kosysteme zunehmend unter Druck.<\/p>\n\n<p class=\"wp-block-paragraph\">Auch Atomkraftwerke sind von D\u00fcrren betroffen, da sie f\u00fcr ihre K\u00fchlung gro\u00dfe Mengen Wasser ben\u00f6tigen. Die au\u00dfergew\u00f6hnlich niedrigen Wasserst\u00e4nde der Donau zwangen diesen Sommer mehrere Reaktoren in Mitteleuropa dazu, ihre Leistung zu drosseln oder den Betrieb zeitweise einzustellen.<\/p>\n\n<figure class=\"wp-block-image size-large\"><img loading=\"lazy\" decoding=\"async\" width=\"1024\" height=\"683\" title=\"image\" src=\"https:\/\/www.greenpeace.org\/static\/planet4-luxembourg-stateless\/2026\/09\/901dcf88-image-1024x683.jpeg\" alt=\"\" class=\"wp-image-30173\" srcset=\"https:\/\/www.greenpeace.org\/static\/planet4-luxembourg-stateless\/2026\/09\/901dcf88-image-1024x683.jpeg 1024w, https:\/\/www.greenpeace.org\/static\/planet4-luxembourg-stateless\/2026\/09\/901dcf88-image-300x200.jpeg 300w, https:\/\/www.greenpeace.org\/static\/planet4-luxembourg-stateless\/2026\/09\/901dcf88-image-768x512.jpeg 768w, https:\/\/www.greenpeace.org\/static\/planet4-luxembourg-stateless\/2026\/09\/901dcf88-image-1536x1024.jpeg 1536w, https:\/\/www.greenpeace.org\/static\/planet4-luxembourg-stateless\/2026\/09\/901dcf88-image-510x340.jpeg 510w, https:\/\/www.greenpeace.org\/static\/planet4-luxembourg-stateless\/2026\/09\/901dcf88-image.jpeg 2048w\" sizes=\"auto, (max-width: 1024px) 100vw, 1024px\" \/><figcaption class=\"wp-element-caption\">Das Atomkraftwerk Paks in Ungarn. Aufgrund der D\u00fcrre und des niedrigen Wasserstands der Donau musste das Kraftwerk seine Leistung reduzieren und k\u00f6nnte vollst\u00e4ndig abgeschaltet werden. \u00a9 Balint Szentgallay \/ NurPhoto<\/figcaption><\/figure>\n\n<p class=\"wp-block-paragraph\">Das erinnert daran, wie anf\u00e4llig Atomkraftwerke f\u00fcr die Folgen der Klimakrise sind \u2013 und wie dringend wir ein widerstandsf\u00e4higeres Energiesystem brauchen, das auf erneuerbaren Energien basiert.<\/p>\n\n<h3 id=\"h-werden-wir-die-1-5-grad-grenze-uberschreiten\" class=\"wp-block-heading\"><strong>Werden wir die 1,5-Grad-Grenze \u00fcberschreiten?<\/strong><\/h3>\n\n<p class=\"wp-block-paragraph\">Ein \u00dcberschreiten der 1,5-Grad-Grenze erh\u00f6ht das Risiko, gef\u00e4hrliche Kipppunkte im Klimasystem zu erreichen, mit m\u00f6glicherweise irreversiblen und schwerwiegenden Folgen f\u00fcr Mensch und Umwelt. Die Hitzerekorde der vergangenen Jahre zeigen, wie schwer es wird, das Ziel des Pariser Klimaabkommens noch einzuhalten. Doch genau das muss ein Weckruf sein: Alle L\u00e4nder m\u00fcssen ihre Klimaschutzma\u00dfnahmen deutlich verst\u00e4rken. Besonders die Industriel\u00e4nder tragen eine historische Verantwortung und m\u00fcssen beim Klimaschutz vorangehen.<\/p>\n\n<p class=\"wp-block-paragraph\">Laut der<a href=\"https:\/\/wmo.int\/news\/media-centre\/new-report-suggests-more-global-temperature-records-ahead\"> Weltorganisation f\u00fcr Meteorologie (WMO)<\/a> ist es sehr wahrscheinlich, dass die globale Durchschnittstemperatur zwischen 2026 und 2030 in mindestens einem Jahr vor\u00fcbergehend die 1,5-Grad-Grenze \u00fcberschreitet. Auch der Durchschnitt \u00fcber diesen F\u00fcnfjahreszeitraum k\u00f6nnte \u00fcber 1,5 \u00b0C liegen, mit einem weiter steigenden Risiko f\u00fcr extreme Wetterereignisse.<\/p>\n\n<p class=\"wp-block-paragraph\">Das bedeutet: Jetzt braucht es endlich politischen Mut und echte Ambitionen. Die Regierungen m\u00fcssen handeln und den gerechten Ausstieg aus fossilen Energien mit der Geschwindigkeit und Entschlossenheit vorantreiben, die die Klimakrise verlangt.<\/p>\n\n<figure class=\"wp-block-image size-large\"><img loading=\"lazy\" decoding=\"async\" width=\"1024\" height=\"683\" title=\"image\" src=\"https:\/\/www.greenpeace.org\/static\/planet4-luxembourg-stateless\/2026\/09\/949e4218-image-1024x683.jpeg\" alt=\"\" class=\"wp-image-30175\" srcset=\"https:\/\/www.greenpeace.org\/static\/planet4-luxembourg-stateless\/2026\/09\/949e4218-image-1024x683.jpeg 1024w, https:\/\/www.greenpeace.org\/static\/planet4-luxembourg-stateless\/2026\/09\/949e4218-image-300x200.jpeg 300w, https:\/\/www.greenpeace.org\/static\/planet4-luxembourg-stateless\/2026\/09\/949e4218-image-768x512.jpeg 768w, https:\/\/www.greenpeace.org\/static\/planet4-luxembourg-stateless\/2026\/09\/949e4218-image-510x340.jpeg 510w, https:\/\/www.greenpeace.org\/static\/planet4-luxembourg-stateless\/2026\/09\/949e4218-image.jpeg 1200w\" sizes=\"auto, (max-width: 1024px) 100vw, 1024px\" \/><figcaption class=\"wp-element-caption\">Greenpeace-Aktivist:innen protestieren in Madrid und zeigen ihre Solidarit\u00e4t mit den Tausenden Menschen, die von den Waldbr\u00e4nden betroffen sind. Mindestens 15 Menschen kamen dabei ums Leben, mehr als 100.000 mussten ihre H\u00e4user verlassen. \u00a9 Greenpeace \/ Guillermo Carazo<\/figcaption><\/figure>\n\n<h3 id=\"h-was-regierungen-tun-konnen-um-die-energiewende-zu-beschleunigen\" class=\"wp-block-heading\"><strong>Was Regierungen tun k\u00f6nnen, um die Energiewende zu beschleunigen<\/strong><\/h3>\n\n<p class=\"wp-block-paragraph\">Regierungen k\u00f6nnen und m\u00fcssen den \u00dcbergang zu dezentralen erneuerbaren Energiesystemen beschleunigen. Wind- und Solarenergie sind g\u00fcnstig, zuverl\u00e4ssig und nahezu unbegrenzt verf\u00fcgbar. Die gute Nachricht: Der Ausbau erneuerbarer Energien nimmt bereits Fahrt auf. <a href=\"https:\/\/www.greenpeace.org\/international\/story\/84039\/how-renewable-energy-vision-10-years-reality\/\">Ein Bericht von Greenpeace Internationa<\/a>l zeigt, dass die Entwicklungen der vergangenen zehn Jahre Hoffnung machen, nicht zuletzt, weil die Kosten f\u00fcr Solarenergie, Windkraft und Batteriespeicher deutlich gesunken sind.<\/p>\n\n<p class=\"wp-block-paragraph\">Im Vorfeld der UN-Generalversammlung im September und der UN-Klimakonferenz COP31 im November m\u00fcssen Regierungen ihren Willen zu einer gerechten Energiewende unter Beweis stellen. Die Ergebnisse der COP31 m\u00fcssen einen echten Weg aus der Abh\u00e4ngigkeit von fossilen Energien aufzeigen. Gleichzeitig ist es h\u00f6chste Zeit, die Unternehmen der fossilen Industrie zur Verantwortung zu ziehen und sie f\u00fcr die Sch\u00e4den zahlen zu lassen, die sie seit Jahrzehnten verursachen.<\/p>\n\n<p class=\"wp-block-paragraph\">Die L\u00f6sungen sind l\u00e4ngst da: Lokale erneuerbare Energien wie Solar- und Windkraft, kombiniert mit Batteriespeichern, k\u00f6nnen eine g\u00fcnstige und zuverl\u00e4ssige Energieversorgung erm\u00f6glichen. Jetzt m\u00fcssen wir den Ausbau entschlossen vorantreiben: f\u00fcr mehr Energiesicherheit und eine lebenswerte Zukunft.<\/p>\n\n<hr class=\"wp-block-separator has-alpha-channel-opacity is-style-wide\"\/>\n\n<p class=\"has-small-font-size wp-block-paragraph\">\u00dcber den Autor: <a href=\"https:\/\/www.greenpeace.org\/international\/author\/aaron-gray-block\/\">Aaron Gray-Block<\/a> ist Climate Politics Communications Manager bei Greenpeace International.\u00a0<br>Dieser Artikel wurde urspr\u00fcnglich auf der Website von Greenpeace International ver\u00f6ffentlicht und von uns \u00fcbersetzt und f\u00fcr Greenpeace Luxemburg angepasst.<\/p>\n","protected":false},"excerpt":{"rendered":"<p>2026 zeigt die Folgen der Klimakrise: Hitzewellen, Waldbr\u00e4nde, D\u00fcrren und \u00dcberschwemmungen nehmen zu. Aber warum heizen fossile Energien die Krise weiter an?<\/p>\n","protected":false},"author":25,"featured_media":30171,"comment_status":"closed","ping_status":"closed","sticky":false,"template":"","format":"standard","meta":{"ep_exclude_from_search":false,"p4_og_title":"","p4_og_description":"","p4_og_image":"","p4_og_image_id":"","p4_seo_canonical_url":"","p4_campaign_name":"","p4_local_project":"","p4_basket_name":"","p4_department":"","footnotes":""},"categories":[48],"tags":[63],"p4-page-type":[68],"class_list":["post-30177","post","type-post","status-publish","format-standard","has-post-thumbnail","hentry","category-klima","tag-fossileenergien","p4-page-type-aktualitaet"],"yoast_head":"<!-- This site is optimized with the Yoast SEO Premium plugin v23.9 (Yoast SEO v23.9) - https:\/\/yoast.com\/wordpress\/plugins\/seo\/ -->\n<title>2026 und die Folgen einer \u00fcberhitzten Welt - Greenpeace Luxembourg<\/title>\n<meta name=\"description\" content=\"2026 zeigt die Folgen der Klimakrise: Hitzewellen, Waldbr\u00e4nde, D\u00fcrren und \u00dcberschwemmungen nehmen zu. Aber warum heizen fossile Energien die Krise weiter an?\" \/>\n<meta name=\"robots\" content=\"index, follow, max-snippet:-1, max-image-preview:large, max-video-preview:-1\" \/>\n<link rel=\"canonical\" href=\"https:\/\/www.greenpeace.org\/luxembourg\/de\/aktualitaet\/30177\/klimakrise-2026-extremwetter-hitzewellen\/\" \/>\n<meta property=\"og:locale\" content=\"de_DE\" \/>\n<meta property=\"og:type\" content=\"article\" \/>\n<meta property=\"og:title\" content=\"2026 und die Folgen einer \u00fcberhitzten Welt\" \/>\n<meta property=\"og:description\" content=\"2026 zeigt die Folgen der Klimakrise: Hitzewellen, Waldbr\u00e4nde, D\u00fcrren und \u00dcberschwemmungen nehmen zu. Aber warum heizen fossile Energien die Krise weiter an?\" \/>\n<meta property=\"og:url\" content=\"https:\/\/www.greenpeace.org\/luxembourg\/de\/aktualitaet\/30177\/klimakrise-2026-extremwetter-hitzewellen\/\" \/>\n<meta property=\"og:site_name\" content=\"Greenpeace Luxembourg\" \/>\n<meta property=\"article:publisher\" content=\"https:\/\/www.facebook.com\/greenpeaceluxembourg\" \/>\n<meta property=\"article:published_time\" content=\"2026-09-03T09:32:01+00:00\" \/>\n<meta property=\"article:modified_time\" content=\"2026-09-03T09:38:01+00:00\" \/>\n<meta property=\"og:image\" content=\"https:\/\/www.greenpeace.org\/static\/planet4-luxembourg-stateless\/2026\/09\/3b251fe1-image.jpeg\" \/>\n\t<meta property=\"og:image:width\" content=\"1200\" \/>\n\t<meta property=\"og:image:height\" content=\"800\" \/>\n\t<meta property=\"og:image:type\" content=\"image\/jpeg\" \/>\n<meta name=\"author\" content=\"Esther Wildanger\" \/>\n<meta name=\"twitter:card\" content=\"summary_large_image\" \/>\n<meta name=\"twitter:label1\" content=\"Written by\" \/>\n\t<meta name=\"twitter:data1\" content=\"Esther Wildanger\" \/>\n\t<meta name=\"twitter:label2\" content=\"Est. reading time\" \/>\n\t<meta name=\"twitter:data2\" content=\"8 minutes\" \/>\n<script type=\"application\/ld+json\" class=\"yoast-schema-graph\">{\"@context\":\"https:\/\/schema.org\",\"@graph\":[{\"@type\":\"Article\",\"@id\":\"https:\/\/www.greenpeace.org\/luxembourg\/de\/aktualitaet\/30177\/klimakrise-2026-extremwetter-hitzewellen\/#article\",\"isPartOf\":{\"@id\":\"https:\/\/www.greenpeace.org\/luxembourg\/de\/aktualitaet\/30177\/klimakrise-2026-extremwetter-hitzewellen\/\"},\"author\":{\"name\":\"Esther Wildanger\",\"@id\":\"https:\/\/www.greenpeace.org\/luxembourg\/fr\/#\/schema\/person\/3d0e81a859b59009fec36a8552ef76a7\"},\"headline\":\"2026 und die Folgen einer \u00fcberhitzten Welt\",\"datePublished\":\"2026-09-03T09:32:01+00:00\",\"dateModified\":\"2026-09-03T09:38:01+00:00\",\"mainEntityOfPage\":{\"@id\":\"https:\/\/www.greenpeace.org\/luxembourg\/de\/aktualitaet\/30177\/klimakrise-2026-extremwetter-hitzewellen\/\"},\"wordCount\":1378,\"publisher\":{\"@id\":\"https:\/\/www.greenpeace.org\/luxembourg\/fr\/#organization\"},\"image\":{\"@id\":\"https:\/\/www.greenpeace.org\/luxembourg\/de\/aktualitaet\/30177\/klimakrise-2026-extremwetter-hitzewellen\/#primaryimage\"},\"thumbnailUrl\":\"https:\/\/www.greenpeace.org\/static\/planet4-luxembourg-stateless\/2026\/09\/3b251fe1-image.jpeg\",\"keywords\":[\"FossileEnergien\"],\"articleSection\":[\"Klima\"],\"inLanguage\":\"de-LU\"},{\"@type\":\"WebPage\",\"@id\":\"https:\/\/www.greenpeace.org\/luxembourg\/de\/aktualitaet\/30177\/klimakrise-2026-extremwetter-hitzewellen\/\",\"url\":\"https:\/\/www.greenpeace.org\/luxembourg\/de\/aktualitaet\/30177\/klimakrise-2026-extremwetter-hitzewellen\/\",\"name\":\"2026 und die Folgen einer \u00fcberhitzten Welt - Greenpeace Luxembourg\",\"isPartOf\":{\"@id\":\"https:\/\/www.greenpeace.org\/luxembourg\/fr\/#website\"},\"primaryImageOfPage\":{\"@id\":\"https:\/\/www.greenpeace.org\/luxembourg\/de\/aktualitaet\/30177\/klimakrise-2026-extremwetter-hitzewellen\/#primaryimage\"},\"image\":{\"@id\":\"https:\/\/www.greenpeace.org\/luxembourg\/de\/aktualitaet\/30177\/klimakrise-2026-extremwetter-hitzewellen\/#primaryimage\"},\"thumbnailUrl\":\"https:\/\/www.greenpeace.org\/static\/planet4-luxembourg-stateless\/2026\/09\/3b251fe1-image.jpeg\",\"datePublished\":\"2026-09-03T09:32:01+00:00\",\"dateModified\":\"2026-09-03T09:38:01+00:00\",\"description\":\"2026 zeigt die Folgen der Klimakrise: Hitzewellen, Waldbr\u00e4nde, D\u00fcrren und \u00dcberschwemmungen nehmen zu. Aber warum heizen fossile Energien die Krise weiter an?\",\"breadcrumb\":{\"@id\":\"https:\/\/www.greenpeace.org\/luxembourg\/de\/aktualitaet\/30177\/klimakrise-2026-extremwetter-hitzewellen\/#breadcrumb\"},\"inLanguage\":\"de-LU\",\"potentialAction\":[{\"@type\":\"ReadAction\",\"target\":[\"https:\/\/www.greenpeace.org\/luxembourg\/de\/aktualitaet\/30177\/klimakrise-2026-extremwetter-hitzewellen\/\"]}]},{\"@type\":\"ImageObject\",\"inLanguage\":\"de-LU\",\"@id\":\"https:\/\/www.greenpeace.org\/luxembourg\/de\/aktualitaet\/30177\/klimakrise-2026-extremwetter-hitzewellen\/#primaryimage\",\"url\":\"https:\/\/www.greenpeace.org\/static\/planet4-luxembourg-stateless\/2026\/09\/3b251fe1-image.jpeg\",\"contentUrl\":\"https:\/\/www.greenpeace.org\/static\/planet4-luxembourg-stateless\/2026\/09\/3b251fe1-image.jpeg\",\"width\":1200,\"height\":800},{\"@type\":\"BreadcrumbList\",\"@id\":\"https:\/\/www.greenpeace.org\/luxembourg\/de\/aktualitaet\/30177\/klimakrise-2026-extremwetter-hitzewellen\/#breadcrumb\",\"itemListElement\":[{\"@type\":\"ListItem\",\"position\":1,\"name\":\"Home\",\"item\":\"https:\/\/www.greenpeace.org\/luxembourg\/de\/handeln\/startseite\/\"},{\"@type\":\"ListItem\",\"position\":2,\"name\":\"2026 und die Folgen einer \u00fcberhitzten Welt\"}]},{\"@type\":\"WebSite\",\"@id\":\"https:\/\/www.greenpeace.org\/luxembourg\/fr\/#website\",\"url\":\"https:\/\/www.greenpeace.org\/luxembourg\/fr\/\",\"name\":\"Greenpeace Luxembourg\",\"description\":\"Greenpeace existiert, weil unsere Erde eine Stimme braucht. Sie ben\u00f6tigt L\u00f6sungen. Ver\u00e4nderungen. Aktionen.\",\"publisher\":{\"@id\":\"https:\/\/www.greenpeace.org\/luxembourg\/fr\/#organization\"},\"potentialAction\":[{\"@type\":\"SearchAction\",\"target\":{\"@type\":\"EntryPoint\",\"urlTemplate\":\"https:\/\/www.greenpeace.org\/luxembourg\/fr\/?s={search_term_string}\"},\"query-input\":{\"@type\":\"PropertyValueSpecification\",\"valueRequired\":true,\"valueName\":\"search_term_string\"}}],\"inLanguage\":\"de-LU\"},{\"@type\":\"Organization\",\"@id\":\"https:\/\/www.greenpeace.org\/luxembourg\/fr\/#organization\",\"name\":\"Greenpeace Luxembourg\",\"url\":\"https:\/\/www.greenpeace.org\/luxembourg\/fr\/\",\"logo\":{\"@type\":\"ImageObject\",\"inLanguage\":\"de-LU\",\"@id\":\"https:\/\/www.greenpeace.org\/luxembourg\/fr\/#\/schema\/logo\/image\/\",\"url\":\"https:\/\/www.greenpeace.org\/static\/planet4-luxembourg-stateless\/2026\/03\/3e367f94-greenpeace_logo_green_rgb.png\",\"contentUrl\":\"https:\/\/www.greenpeace.org\/static\/planet4-luxembourg-stateless\/2026\/03\/3e367f94-greenpeace_logo_green_rgb.png\",\"width\":1080,\"height\":175,\"caption\":\"Greenpeace Luxembourg\"},\"image\":{\"@id\":\"https:\/\/www.greenpeace.org\/luxembourg\/fr\/#\/schema\/logo\/image\/\"},\"sameAs\":[\"https:\/\/www.facebook.com\/greenpeaceluxembourg\",\"https:\/\/www.instagram.com\/greenpeacelux\/\",\"https:\/\/www.linkedin.com\/company\/greenpeace-luxembourg\/\",\"https:\/\/www.threads.com\/@greenpeacelux\",\"https:\/\/bsky.app\/profile\/greenpeacelux.bsky.social\",\"https:\/\/www.youtube.com\/@GreenpeaceLux\",\"https:\/\/www.tiktok.com\/@greenpeace_lux\"]},{\"@type\":\"Person\",\"@id\":\"https:\/\/www.greenpeace.org\/luxembourg\/fr\/#\/schema\/person\/3d0e81a859b59009fec36a8552ef76a7\",\"name\":\"Esther Wildanger\",\"url\":\"https:\/\/www.greenpeace.org\/luxembourg\/de\/author\/ewildang\/\"}]}<\/script>\n<!-- \/ Yoast SEO Premium plugin. -->","yoast_head_json":{"title":"2026 und die Folgen einer \u00fcberhitzten Welt - Greenpeace Luxembourg","description":"2026 zeigt die Folgen der Klimakrise: Hitzewellen, Waldbr\u00e4nde, D\u00fcrren und \u00dcberschwemmungen nehmen zu. Aber warum heizen fossile Energien die Krise weiter an?","robots":{"index":"index","follow":"follow","max-snippet":"max-snippet:-1","max-image-preview":"max-image-preview:large","max-video-preview":"max-video-preview:-1"},"canonical":"https:\/\/www.greenpeace.org\/luxembourg\/de\/aktualitaet\/30177\/klimakrise-2026-extremwetter-hitzewellen\/","og_locale":"de_DE","og_type":"article","og_title":"2026 und die Folgen einer \u00fcberhitzten Welt","og_description":"2026 zeigt die Folgen der Klimakrise: Hitzewellen, Waldbr\u00e4nde, D\u00fcrren und \u00dcberschwemmungen nehmen zu. Aber warum heizen fossile Energien die Krise weiter an?","og_url":"https:\/\/www.greenpeace.org\/luxembourg\/de\/aktualitaet\/30177\/klimakrise-2026-extremwetter-hitzewellen\/","og_site_name":"Greenpeace Luxembourg","article_publisher":"https:\/\/www.facebook.com\/greenpeaceluxembourg","article_published_time":"2026-09-03T09:32:01+00:00","article_modified_time":"2026-09-03T09:38:01+00:00","og_image":[{"width":1200,"height":800,"url":"https:\/\/www.greenpeace.org\/static\/planet4-luxembourg-stateless\/2026\/09\/3b251fe1-image.jpeg","type":"image\/jpeg"}],"author":"Esther Wildanger","twitter_card":"summary_large_image","twitter_misc":{"Written by":"Esther Wildanger","Est. reading time":"8 minutes"},"schema":{"@context":"https:\/\/schema.org","@graph":[{"@type":"Article","@id":"https:\/\/www.greenpeace.org\/luxembourg\/de\/aktualitaet\/30177\/klimakrise-2026-extremwetter-hitzewellen\/#article","isPartOf":{"@id":"https:\/\/www.greenpeace.org\/luxembourg\/de\/aktualitaet\/30177\/klimakrise-2026-extremwetter-hitzewellen\/"},"author":{"name":"Esther Wildanger","@id":"https:\/\/www.greenpeace.org\/luxembourg\/fr\/#\/schema\/person\/3d0e81a859b59009fec36a8552ef76a7"},"headline":"2026 und die Folgen einer \u00fcberhitzten Welt","datePublished":"2026-09-03T09:32:01+00:00","dateModified":"2026-09-03T09:38:01+00:00","mainEntityOfPage":{"@id":"https:\/\/www.greenpeace.org\/luxembourg\/de\/aktualitaet\/30177\/klimakrise-2026-extremwetter-hitzewellen\/"},"wordCount":1378,"publisher":{"@id":"https:\/\/www.greenpeace.org\/luxembourg\/fr\/#organization"},"image":{"@id":"https:\/\/www.greenpeace.org\/luxembourg\/de\/aktualitaet\/30177\/klimakrise-2026-extremwetter-hitzewellen\/#primaryimage"},"thumbnailUrl":"https:\/\/www.greenpeace.org\/static\/planet4-luxembourg-stateless\/2026\/09\/3b251fe1-image.jpeg","keywords":["FossileEnergien"],"articleSection":["Klima"],"inLanguage":"de-LU"},{"@type":"WebPage","@id":"https:\/\/www.greenpeace.org\/luxembourg\/de\/aktualitaet\/30177\/klimakrise-2026-extremwetter-hitzewellen\/","url":"https:\/\/www.greenpeace.org\/luxembourg\/de\/aktualitaet\/30177\/klimakrise-2026-extremwetter-hitzewellen\/","name":"2026 und die Folgen einer \u00fcberhitzten Welt - Greenpeace Luxembourg","isPartOf":{"@id":"https:\/\/www.greenpeace.org\/luxembourg\/fr\/#website"},"primaryImageOfPage":{"@id":"https:\/\/www.greenpeace.org\/luxembourg\/de\/aktualitaet\/30177\/klimakrise-2026-extremwetter-hitzewellen\/#primaryimage"},"image":{"@id":"https:\/\/www.greenpeace.org\/luxembourg\/de\/aktualitaet\/30177\/klimakrise-2026-extremwetter-hitzewellen\/#primaryimage"},"thumbnailUrl":"https:\/\/www.greenpeace.org\/static\/planet4-luxembourg-stateless\/2026\/09\/3b251fe1-image.jpeg","datePublished":"2026-09-03T09:32:01+00:00","dateModified":"2026-09-03T09:38:01+00:00","description":"2026 zeigt die Folgen der Klimakrise: Hitzewellen, Waldbr\u00e4nde, D\u00fcrren und \u00dcberschwemmungen nehmen zu. Aber warum heizen fossile Energien die Krise weiter an?","breadcrumb":{"@id":"https:\/\/www.greenpeace.org\/luxembourg\/de\/aktualitaet\/30177\/klimakrise-2026-extremwetter-hitzewellen\/#breadcrumb"},"inLanguage":"de-LU","potentialAction":[{"@type":"ReadAction","target":["https:\/\/www.greenpeace.org\/luxembourg\/de\/aktualitaet\/30177\/klimakrise-2026-extremwetter-hitzewellen\/"]}]},{"@type":"ImageObject","inLanguage":"de-LU","@id":"https:\/\/www.greenpeace.org\/luxembourg\/de\/aktualitaet\/30177\/klimakrise-2026-extremwetter-hitzewellen\/#primaryimage","url":"https:\/\/www.greenpeace.org\/static\/planet4-luxembourg-stateless\/2026\/09\/3b251fe1-image.jpeg","contentUrl":"https:\/\/www.greenpeace.org\/static\/planet4-luxembourg-stateless\/2026\/09\/3b251fe1-image.jpeg","width":1200,"height":800},{"@type":"BreadcrumbList","@id":"https:\/\/www.greenpeace.org\/luxembourg\/de\/aktualitaet\/30177\/klimakrise-2026-extremwetter-hitzewellen\/#breadcrumb","itemListElement":[{"@type":"ListItem","position":1,"name":"Home","item":"https:\/\/www.greenpeace.org\/luxembourg\/de\/handeln\/startseite\/"},{"@type":"ListItem","position":2,"name":"2026 und die Folgen einer \u00fcberhitzten Welt"}]},{"@type":"WebSite","@id":"https:\/\/www.greenpeace.org\/luxembourg\/fr\/#website","url":"https:\/\/www.greenpeace.org\/luxembourg\/fr\/","name":"Greenpeace Luxembourg","description":"Greenpeace existiert, weil unsere Erde eine Stimme braucht. Sie ben\u00f6tigt L\u00f6sungen. Ver\u00e4nderungen. Aktionen.","publisher":{"@id":"https:\/\/www.greenpeace.org\/luxembourg\/fr\/#organization"},"potentialAction":[{"@type":"SearchAction","target":{"@type":"EntryPoint","urlTemplate":"https:\/\/www.greenpeace.org\/luxembourg\/fr\/?s={search_term_string}"},"query-input":{"@type":"PropertyValueSpecification","valueRequired":true,"valueName":"search_term_string"}}],"inLanguage":"de-LU"},{"@type":"Organization","@id":"https:\/\/www.greenpeace.org\/luxembourg\/fr\/#organization","name":"Greenpeace Luxembourg","url":"https:\/\/www.greenpeace.org\/luxembourg\/fr\/","logo":{"@type":"ImageObject","inLanguage":"de-LU","@id":"https:\/\/www.greenpeace.org\/luxembourg\/fr\/#\/schema\/logo\/image\/","url":"https:\/\/www.greenpeace.org\/static\/planet4-luxembourg-stateless\/2026\/03\/3e367f94-greenpeace_logo_green_rgb.png","contentUrl":"https:\/\/www.greenpeace.org\/static\/planet4-luxembourg-stateless\/2026\/03\/3e367f94-greenpeace_logo_green_rgb.png","width":1080,"height":175,"caption":"Greenpeace Luxembourg"},"image":{"@id":"https:\/\/www.greenpeace.org\/luxembourg\/fr\/#\/schema\/logo\/image\/"},"sameAs":["https:\/\/www.facebook.com\/greenpeaceluxembourg","https:\/\/www.instagram.com\/greenpeacelux\/","https:\/\/www.linkedin.com\/company\/greenpeace-luxembourg\/","https:\/\/www.threads.com\/@greenpeacelux","https:\/\/bsky.app\/profile\/greenpeacelux.bsky.social","https:\/\/www.youtube.com\/@GreenpeaceLux","https:\/\/www.tiktok.com\/@greenpeace_lux"]},{"@type":"Person","@id":"https:\/\/www.greenpeace.org\/luxembourg\/fr\/#\/schema\/person\/3d0e81a859b59009fec36a8552ef76a7","name":"Esther Wildanger","url":"https:\/\/www.greenpeace.org\/luxembourg\/de\/author\/ewildang\/"}]}},"_links":{"self":[{"href":"https:\/\/www.greenpeace.org\/luxembourg\/de\/wp-json\/wp\/v2\/posts\/30177","targetHints":{"allow":["GET"]}}],"collection":[{"href":"https:\/\/www.greenpeace.org\/luxembourg\/de\/wp-json\/wp\/v2\/posts"}],"about":[{"href":"https:\/\/www.greenpeace.org\/luxembourg\/de\/wp-json\/wp\/v2\/types\/post"}],"author":[{"embeddable":true,"href":"https:\/\/www.greenpeace.org\/luxembourg\/de\/wp-json\/wp\/v2\/users\/25"}],"replies":[{"embeddable":true,"href":"https:\/\/www.greenpeace.org\/luxembourg\/de\/wp-json\/wp\/v2\/comments?post=30177"}],"version-history":[{"count":3,"href":"https:\/\/www.greenpeace.org\/luxembourg\/de\/wp-json\/wp\/v2\/posts\/30177\/revisions"}],"predecessor-version":[{"id":30182,"href":"https:\/\/www.greenpeace.org\/luxembourg\/de\/wp-json\/wp\/v2\/posts\/30177\/revisions\/30182"}],"wp:featuredmedia":[{"embeddable":true,"href":"https:\/\/www.greenpeace.org\/luxembourg\/de\/wp-json\/wp\/v2\/media\/30171"}],"wp:attachment":[{"href":"https:\/\/www.greenpeace.org\/luxembourg\/de\/wp-json\/wp\/v2\/media?parent=30177"}],"wp:term":[{"taxonomy":"category","embeddable":true,"href":"https:\/\/www.greenpeace.org\/luxembourg\/de\/wp-json\/wp\/v2\/categories?post=30177"},{"taxonomy":"post_tag","embeddable":true,"href":"https:\/\/www.greenpeace.org\/luxembourg\/de\/wp-json\/wp\/v2\/tags?post=30177"},{"taxonomy":"p4-page-type","embeddable":true,"href":"https:\/\/www.greenpeace.org\/luxembourg\/de\/wp-json\/wp\/v2\/p4-page-type?post=30177"}],"curies":[{"name":"wp","href":"https:\/\/api.w.org\/{rel}","templated":true}]}}