{"id":3147,"date":"2018-11-22T17:58:28","date_gmt":"2018-11-22T15:58:28","guid":{"rendered":"https:\/\/www.greenpeace.org\/luxembourg\/?p=3147"},"modified":"2021-12-01T17:33:16","modified_gmt":"2021-12-01T15:33:16","slug":"singen-fuer-mehr-klimaschutz","status":"publish","type":"post","link":"https:\/\/www.greenpeace.org\/luxembourg\/de\/aktualitaet\/3147\/singen-fuer-mehr-klimaschutz\/","title":{"rendered":"Singen f\u00fcr mehr Klimaschutz"},"content":{"rendered":"<p><b>Sonntag, am 2. Dezember 2018, ab Mittag,<\/b><span style=\"font-weight: 400;\"> organisieren Greenpeace Luxemburg, in Kooperation mit der <a href=\"https:\/\/www.neimenster.lu\/Culture\">Abtei Neum\u00fcnster<\/a> und dem \u2018<a href=\"https:\/\/www.inecc.lu\/\">Institut europ\u00e9en de chant chorale<\/a>\u2019 (INECC),<\/span><a href=\"https:\/\/www.facebook.com\/events\/278206086141064\/\"> <span style=\"font-weight: 400;\">einen Klima-Singmob<\/span><\/a><span style=\"font-weight: 400;\">! Mit dieser B\u00fcrgerbewegung wollen wir ein Zeichen an die Teilnehmer der COP24 (UN-Klimakonferenz in Katowice) senden, welche ab dem darauffolgenden Tag stattfindet.<\/span><\/p>\n<h2 style=\"text-align: center;\"><span style=\"color: #008000;\">PROGRAMM<\/span><\/h2>\n<p style=\"text-align: center;\"><strong>12:00<\/strong> &#8211; <em>Empfang\u00a0<\/em><br \/>\n<strong>14:00<\/strong> &#8211; <em>Probe<\/em><br \/>\n<strong>14:30<\/strong> &#8211; <em>Offizielle Aufnahme des Liedes<\/em><\/p>\n<p><span style=\"font-weight: 400;\">Zusammen werden wir \u201c<\/span><i><span style=\"font-weight: 400;\">Do it now!<\/span><\/i><span style=\"font-weight: 400;\">\u201d auf der Melodie von \u201c<\/span><i><span style=\"font-weight: 400;\">Bella ciao<\/span><\/i><span style=\"font-weight: 400;\">\u201d singen. Diese Veranstaltung, welche aufgenommen und auf den sozialen Netzwerken geteilt wird, wird Teil der weltweiten Bewegung \u201c<\/span><a href=\"http:\/\/singfortheclimate.com\/\"><span style=\"font-weight: 400;\">Sing for the climate<\/span><\/a><span style=\"font-weight: 400;\">\u201d sein, die bereits mehr als 400.000 B\u00fcrgerinnen und B\u00fcrger aus 49 L\u00e4ndern vereint.<\/span><\/p>\n<audio class=\"wp-audio-shortcode\" id=\"audio-3147-1\" preload=\"none\" style=\"width: 100%;\" controls=\"controls\"><source type=\"audio\/mpeg\" src=\"https:\/\/www.greenpeace.org\/static\/planet4-luxembourg-stateless\/2018\/11\/SFTC_lied_instrumentaal_def-2.mp3?_=1\" \/><a href=\"https:\/\/www.greenpeace.org\/static\/planet4-luxembourg-stateless\/2018\/11\/SFTC_lied_instrumentaal_def-2.mp3\">https:\/\/www.greenpeace.org\/static\/planet4-luxembourg-stateless\/2018\/11\/SFTC_lied_instrumentaal_def-2.mp3<\/a><\/audio>\n<div id=\"attachment_3160\" style=\"width: 1034px\" class=\"wp-caption aligncenter\"><img loading=\"lazy\" decoding=\"async\" aria-describedby=\"caption-attachment-3160\" class=\"size-large wp-image-3160\" src=\"https:\/\/www.greenpeace.org\/static\/planet4-luxembourg-stateless\/2018\/11\/1b510999-paroles_indesign-1024x1024.jpg\" alt=\"Text Do It Now'\" width=\"1024\" height=\"1024\" srcset=\"https:\/\/www.greenpeace.org\/static\/planet4-luxembourg-stateless\/2018\/11\/1b510999-paroles_indesign-1024x1024.jpg 1024w, https:\/\/www.greenpeace.org\/static\/planet4-luxembourg-stateless\/2018\/11\/1b510999-paroles_indesign-150x150.jpg 150w, https:\/\/www.greenpeace.org\/static\/planet4-luxembourg-stateless\/2018\/11\/1b510999-paroles_indesign-300x300.jpg 300w, https:\/\/www.greenpeace.org\/static\/planet4-luxembourg-stateless\/2018\/11\/1b510999-paroles_indesign-768x768.jpg 768w, https:\/\/www.greenpeace.org\/static\/planet4-luxembourg-stateless\/2018\/11\/1b510999-paroles_indesign-1366x1366.jpg 1366w, https:\/\/www.greenpeace.org\/static\/planet4-luxembourg-stateless\/2018\/11\/1b510999-paroles_indesign-340x340.jpg 340w, https:\/\/www.greenpeace.org\/static\/planet4-luxembourg-stateless\/2018\/11\/1b510999-paroles_indesign.jpg 1748w\" sizes=\"auto, (max-width: 1024px) 100vw, 1024px\" \/><p id=\"caption-attachment-3160\" class=\"wp-caption-text\">Text Do It Now&#8217;<\/p><\/div>\n<p><span style=\"font-weight: 400;\">Diese B\u00fcrgerbewegung basiert auf der Organisation bzw. Teilnahme von Freiwilligen und AktivistInnen, anerkannten S\u00e4ngern aber vor allem auch &#8220;Jedermann&#8221; und vertraut auf die Kraft bestehender Netzwerke, um eine Idee zu vermitteln.<\/span><\/p>\n<p style=\"text-align: center;\"><b>Nachfolgend einige Beispiele:<\/b><\/p>\n<p style=\"text-align: center;\"><iframe loading=\"lazy\" src=\"https:\/\/www.youtube.com\/embed\/IUcQUKSokx4\" width=\"560\" height=\"315\" frameborder=\"0\" allowfullscreen=\"allowfullscreen\"><\/iframe><\/p>\n<p style=\"text-align: center;\"><iframe loading=\"lazy\" src=\"https:\/\/www.youtube.com\/embed\/-DJRPIzmBgs\" width=\"560\" height=\"315\" frameborder=\"0\" allowfullscreen=\"allowfullscreen\"><\/iframe><\/p>\n<p style=\"text-align: center;\"><iframe loading=\"lazy\" src=\"https:\/\/www.youtube.com\/embed\/Gxu7BL0nvVY\" width=\"560\" height=\"315\" frameborder=\"0\" allowfullscreen=\"allowfullscreen\"><\/iframe><\/p>\n<p><span style=\"font-weight: 400;\">Es ist an der Zeit, die Richtlinien zu \u00e4ndern und endlich ernsthafte Massnahmen zur Begrenzung der globalen Erw\u00e4rmung zu ergreifen! Zeigen auch Sie Ihre Unterst\u00fctzung f\u00fcr den Klimaschutz, kommen Sie zahlreich!<\/span><\/p>\n<p><span style=\"font-weight: 400;\">Bei Fragen kontaktieren Sie uns per E-Mail (<a href=\"mailto:contact.luxembourg@greenpeace.org\">contact.luxembourg@greenpeace.org<\/a>) oder telefonisch unter +352 54 62 52.<\/span><\/p>\n<h1 style=\"text-align: center;\"><a href=\"https:\/\/www.facebook.com\/events\/278206086141064\/\"><span style=\"color: #008000;\"><strong>Zeit zu singen !<\/strong><\/span><\/a><\/h1>\n\t\t\t<section\n\t\t\tclass=\"boxout post-785 \"\n\t\t\t\n\t\t>\n\t\t\t<a\n\t\t\t\tdata-ga-category=\"Take Action Boxout\"\n\t\t\t\tdata-ga-action=\"Image\"\n\t\t\t\tdata-ga-label=\"n\/a\"\n\t\t\t\tclass=\"cover-card-overlay\"\n\t\t\t\thref=\"https:\/\/www.greenpeace.org\/luxembourg\/de\/handeln\/ehrenamt\/\" \n\t\t\t><\/a>\n\t\t\t\t\t\t\t<img\n\t\t\t\t\t\tsrc=\"https:\/\/www.greenpeace.org\/static\/planet4-luxembourg-stateless\/2019\/05\/16663b17-img_20190525_140934-1024x768.jpg\"\n\t\t\t\t\t\tsrcset=\"https:\/\/www.greenpeace.org\/static\/planet4-luxembourg-stateless\/2019\/05\/16663b17-img_20190525_140934-300x225.jpg 300w, https:\/\/www.greenpeace.org\/static\/planet4-luxembourg-stateless\/2019\/05\/16663b17-img_20190525_140934-768x576.jpg 768w, https:\/\/www.greenpeace.org\/static\/planet4-luxembourg-stateless\/2019\/05\/16663b17-img_20190525_140934-1024x768.jpg 1024w, https:\/\/www.greenpeace.org\/static\/planet4-luxembourg-stateless\/2019\/05\/16663b17-img_20190525_140934-1821x1366.jpg 1821w, https:\/\/www.greenpeace.org\/static\/planet4-luxembourg-stateless\/2019\/05\/16663b17-img_20190525_140934-453x340.jpg 453w\"\n\t\t\t\t\t\tsizes=\"(min-width: 1000px) 358px, (min-width: 780px) 313px, 88px\"\n\t\t\t\t\t\talt=\"\" title=\"\"\n\t\t\t\t\/>\n            \t\t\t<div class=\"boxout-content\">\n\t\t\t\t\t\t\t\t\t<a\n\t\t\t\t\t\tclass=\"boxout-heading medium\"\n\t\t\t\t\t\tdata-ga-category=\"Take Action Boxout\"\n\t\t\t\t\t\tdata-ga-action=\"Title\"\n\t\t\t\t\t\tdata-ga-label=\"n\/a\"\n\t\t\t\t\t\thref=\"https:\/\/www.greenpeace.org\/luxembourg\/de\/handeln\/ehrenamt\/\"\n\t\t\t\t\t\t\n\t\t\t\t\t>\n\t\t\t\t\t\tEhrenamtliche:r Helfer:in werden\n\t\t\t\t\t<\/a>\n\t\t\t\t\t\t\t\t\t\t\t\t\t<p class=\"boxout-excerpt\">Ob Student, berufst\u00e4tig oder im Ruhestand, schlie\u00dfen Sie sich einer Community leidenschaftlicher ehrenamtlicher Helfer-innen an!<\/p>\n\t\t\t\t                                    <a\n                        class=\"btn btn-primary\"\n                        data-ga-category=\"Take Action Boxout\"\n                        data-ga-action=\"Call to Action\"\n                        data-ga-label=\"n\/a\"\n                        href=\"https:\/\/www.greenpeace.org\/luxembourg\/de\/handeln\/ehrenamt\/\"\n                        \n                    >\n                        Machen Sie mit!\n                    <\/a>\n                \t\t\t<\/div>\n\t\t\t\t\t<\/section>\n\t","protected":false},"excerpt":{"rendered":"<p>Sonntag, am 2. Dezember 2018, ab Mittag, organisieren Greenpeace Luxemburg, in Kooperation mit der Abtei Neum\u00fcnster und dem \u2018Institut europ\u00e9en de chant chorale\u2019 (INECC), einen Klima-Singmob! Mit dieser B\u00fcrgerbewegung wollen&hellip;<\/p>\n","protected":false},"author":18,"featured_media":3150,"comment_status":"closed","ping_status":"closed","sticky":false,"template":"","format":"standard","meta":{"ep_exclude_from_search":false,"p4_og_title":"","p4_og_description":"","p4_og_image":"","p4_og_image_id":"","p4_seo_canonical_url":"","p4_campaign_name":"","p4_local_project":"","p4_basket_name":"","p4_department":"","footnotes":""},"categories":[48],"tags":[60,65],"p4-page-type":[68],"class_list":["post-3147","post","type-post","status-publish","format-standard","has-post-thumbnail","hentry","category-klima","tag-luxemburg","tag-klimawandel","p4-page-type-aktualitaet"],"yoast_head":"<!-- This site is optimized with the Yoast SEO Premium plugin v23.9 (Yoast SEO v23.9) - https:\/\/yoast.com\/wordpress\/plugins\/seo\/ -->\n<title>Singen f\u00fcr mehr Klimaschutz - Greenpeace Luxembourg<\/title>\n<meta name=\"robots\" content=\"index, follow, max-snippet:-1, max-image-preview:large, max-video-preview:-1\" \/>\n<link rel=\"canonical\" href=\"https:\/\/www.greenpeace.org\/luxembourg\/de\/aktualitaet\/3147\/singen-fuer-mehr-klimaschutz\/\" \/>\n<meta property=\"og:locale\" content=\"de_DE\" \/>\n<meta property=\"og:type\" content=\"article\" \/>\n<meta property=\"og:title\" content=\"Singen f\u00fcr mehr Klimaschutz\" \/>\n<meta property=\"og:description\" content=\"Sonntag, am 2. Dezember 2018, ab Mittag, organisieren Greenpeace Luxemburg, in Kooperation mit der Abtei Neum\u00fcnster und dem \u2018Institut europ\u00e9en de chant chorale\u2019 (INECC), einen Klima-Singmob! Mit dieser B\u00fcrgerbewegung wollen&hellip;\" \/>\n<meta property=\"og:url\" content=\"https:\/\/www.greenpeace.org\/luxembourg\/de\/aktualitaet\/3147\/singen-fuer-mehr-klimaschutz\/\" \/>\n<meta property=\"og:site_name\" content=\"Greenpeace Luxembourg\" \/>\n<meta property=\"article:publisher\" content=\"https:\/\/www.facebook.com\/greenpeaceluxembourg\" \/>\n<meta property=\"article:published_time\" content=\"2018-11-22T15:58:28+00:00\" \/>\n<meta property=\"article:modified_time\" content=\"2021-12-01T15:33:16+00:00\" \/>\n<meta property=\"og:image\" content=\"https:\/\/www.greenpeace.org\/static\/planet4-luxembourg-stateless\/2018\/11\/f02a6d4a-unnamed-3.jpg\" \/>\n\t<meta property=\"og:image:width\" content=\"1200\" \/>\n\t<meta property=\"og:image:height\" content=\"628\" \/>\n\t<meta property=\"og:image:type\" content=\"image\/jpeg\" \/>\n<meta name=\"author\" content=\"Pauline Maes\" \/>\n<meta name=\"twitter:card\" content=\"summary_large_image\" \/>\n<meta name=\"twitter:label1\" content=\"Written by\" \/>\n\t<meta name=\"twitter:data1\" content=\"Pauline Maes\" \/>\n\t<meta name=\"twitter:label2\" content=\"Est. reading time\" \/>\n\t<meta name=\"twitter:data2\" content=\"1 minute\" \/>\n<script type=\"application\/ld+json\" class=\"yoast-schema-graph\">{\"@context\":\"https:\/\/schema.org\",\"@graph\":[{\"@type\":\"Article\",\"@id\":\"https:\/\/www.greenpeace.org\/luxembourg\/de\/aktualitaet\/3147\/singen-fuer-mehr-klimaschutz\/#article\",\"isPartOf\":{\"@id\":\"https:\/\/www.greenpeace.org\/luxembourg\/de\/aktualitaet\/3147\/singen-fuer-mehr-klimaschutz\/\"},\"author\":{\"name\":\"Pauline Maes\",\"@id\":\"https:\/\/www.greenpeace.org\/luxembourg\/fr\/#\/schema\/person\/7bbeb343322bdadf139e7e27e7c86ec8\"},\"headline\":\"Singen f\u00fcr mehr Klimaschutz\",\"datePublished\":\"2018-11-22T15:58:28+00:00\",\"dateModified\":\"2021-12-01T15:33:16+00:00\",\"mainEntityOfPage\":{\"@id\":\"https:\/\/www.greenpeace.org\/luxembourg\/de\/aktualitaet\/3147\/singen-fuer-mehr-klimaschutz\/\"},\"wordCount\":224,\"publisher\":{\"@id\":\"https:\/\/www.greenpeace.org\/luxembourg\/fr\/#organization\"},\"image\":{\"@id\":\"https:\/\/www.greenpeace.org\/luxembourg\/de\/aktualitaet\/3147\/singen-fuer-mehr-klimaschutz\/#primaryimage\"},\"thumbnailUrl\":\"https:\/\/www.greenpeace.org\/static\/planet4-luxembourg-stateless\/2018\/11\/f02a6d4a-unnamed-3.jpg\",\"keywords\":[\"Luxemburg\",\"Klimawandel\"],\"articleSection\":[\"Klima\"],\"inLanguage\":\"de-LU\"},{\"@type\":\"WebPage\",\"@id\":\"https:\/\/www.greenpeace.org\/luxembourg\/de\/aktualitaet\/3147\/singen-fuer-mehr-klimaschutz\/\",\"url\":\"https:\/\/www.greenpeace.org\/luxembourg\/de\/aktualitaet\/3147\/singen-fuer-mehr-klimaschutz\/\",\"name\":\"Singen f\u00fcr mehr Klimaschutz - Greenpeace Luxembourg\",\"isPartOf\":{\"@id\":\"https:\/\/www.greenpeace.org\/luxembourg\/fr\/#website\"},\"primaryImageOfPage\":{\"@id\":\"https:\/\/www.greenpeace.org\/luxembourg\/de\/aktualitaet\/3147\/singen-fuer-mehr-klimaschutz\/#primaryimage\"},\"image\":{\"@id\":\"https:\/\/www.greenpeace.org\/luxembourg\/de\/aktualitaet\/3147\/singen-fuer-mehr-klimaschutz\/#primaryimage\"},\"thumbnailUrl\":\"https:\/\/www.greenpeace.org\/static\/planet4-luxembourg-stateless\/2018\/11\/f02a6d4a-unnamed-3.jpg\",\"datePublished\":\"2018-11-22T15:58:28+00:00\",\"dateModified\":\"2021-12-01T15:33:16+00:00\",\"breadcrumb\":{\"@id\":\"https:\/\/www.greenpeace.org\/luxembourg\/de\/aktualitaet\/3147\/singen-fuer-mehr-klimaschutz\/#breadcrumb\"},\"inLanguage\":\"de-LU\",\"potentialAction\":[{\"@type\":\"ReadAction\",\"target\":[\"https:\/\/www.greenpeace.org\/luxembourg\/de\/aktualitaet\/3147\/singen-fuer-mehr-klimaschutz\/\"]}]},{\"@type\":\"ImageObject\",\"inLanguage\":\"de-LU\",\"@id\":\"https:\/\/www.greenpeace.org\/luxembourg\/de\/aktualitaet\/3147\/singen-fuer-mehr-klimaschutz\/#primaryimage\",\"url\":\"https:\/\/www.greenpeace.org\/static\/planet4-luxembourg-stateless\/2018\/11\/f02a6d4a-unnamed-3.jpg\",\"contentUrl\":\"https:\/\/www.greenpeace.org\/static\/planet4-luxembourg-stateless\/2018\/11\/f02a6d4a-unnamed-3.jpg\",\"width\":1200,\"height\":628,\"caption\":\"Macro Sing for the Climate\"},{\"@type\":\"BreadcrumbList\",\"@id\":\"https:\/\/www.greenpeace.org\/luxembourg\/de\/aktualitaet\/3147\/singen-fuer-mehr-klimaschutz\/#breadcrumb\",\"itemListElement\":[{\"@type\":\"ListItem\",\"position\":1,\"name\":\"Home\",\"item\":\"http:\/\/www.greenpeace.org\/luxembourg\/fr\/\"},{\"@type\":\"ListItem\",\"position\":2,\"name\":\"Singen f\u00fcr mehr Klimaschutz\"}]},{\"@type\":\"WebSite\",\"@id\":\"https:\/\/www.greenpeace.org\/luxembourg\/fr\/#website\",\"url\":\"https:\/\/www.greenpeace.org\/luxembourg\/fr\/\",\"name\":\"Greenpeace Luxembourg\",\"description\":\"Greenpeace existiert, weil unsere Erde eine Stimme braucht. Sie ben\u00f6tigt L\u00f6sungen. Ver\u00e4nderungen. Aktionen.\",\"publisher\":{\"@id\":\"https:\/\/www.greenpeace.org\/luxembourg\/fr\/#organization\"},\"potentialAction\":[{\"@type\":\"SearchAction\",\"target\":{\"@type\":\"EntryPoint\",\"urlTemplate\":\"https:\/\/www.greenpeace.org\/luxembourg\/fr\/?s={search_term_string}\"},\"query-input\":{\"@type\":\"PropertyValueSpecification\",\"valueRequired\":true,\"valueName\":\"search_term_string\"}}],\"inLanguage\":\"de-LU\"},{\"@type\":\"Organization\",\"@id\":\"https:\/\/www.greenpeace.org\/luxembourg\/fr\/#organization\",\"name\":\"Greenpeace Luxembourg\",\"url\":\"https:\/\/www.greenpeace.org\/luxembourg\/fr\/\",\"logo\":{\"@type\":\"ImageObject\",\"inLanguage\":\"de-LU\",\"@id\":\"https:\/\/www.greenpeace.org\/luxembourg\/fr\/#\/schema\/logo\/image\/\",\"url\":\"https:\/\/www.greenpeace.org\/static\/planet4-luxembourg-stateless\/2026\/03\/3e367f94-greenpeace_logo_green_rgb.png\",\"contentUrl\":\"https:\/\/www.greenpeace.org\/static\/planet4-luxembourg-stateless\/2026\/03\/3e367f94-greenpeace_logo_green_rgb.png\",\"width\":1080,\"height\":175,\"caption\":\"Greenpeace Luxembourg\"},\"image\":{\"@id\":\"https:\/\/www.greenpeace.org\/luxembourg\/fr\/#\/schema\/logo\/image\/\"},\"sameAs\":[\"https:\/\/www.facebook.com\/greenpeaceluxembourg\",\"https:\/\/www.instagram.com\/greenpeacelux\/\",\"https:\/\/www.linkedin.com\/company\/greenpeace-luxembourg\/\",\"https:\/\/www.threads.com\/@greenpeacelux\",\"https:\/\/bsky.app\/profile\/greenpeacelux.bsky.social\",\"https:\/\/www.youtube.com\/@GreenpeaceLux\",\"https:\/\/www.tiktok.com\/@greenpeace_lux\"]},{\"@type\":\"Person\",\"@id\":\"https:\/\/www.greenpeace.org\/luxembourg\/fr\/#\/schema\/person\/7bbeb343322bdadf139e7e27e7c86ec8\",\"name\":\"Pauline Maes\",\"url\":\"https:\/\/www.greenpeace.org\/luxembourg\/de\/author\/pmaes\/\"}]}<\/script>\n<!-- \/ Yoast SEO Premium plugin. -->","yoast_head_json":{"title":"Singen f\u00fcr mehr Klimaschutz - Greenpeace Luxembourg","robots":{"index":"index","follow":"follow","max-snippet":"max-snippet:-1","max-image-preview":"max-image-preview:large","max-video-preview":"max-video-preview:-1"},"canonical":"https:\/\/www.greenpeace.org\/luxembourg\/de\/aktualitaet\/3147\/singen-fuer-mehr-klimaschutz\/","og_locale":"de_DE","og_type":"article","og_title":"Singen f\u00fcr mehr Klimaschutz","og_description":"Sonntag, am 2. Dezember 2018, ab Mittag, organisieren Greenpeace Luxemburg, in Kooperation mit der Abtei Neum\u00fcnster und dem \u2018Institut europ\u00e9en de chant chorale\u2019 (INECC), einen Klima-Singmob! Mit dieser B\u00fcrgerbewegung wollen&hellip;","og_url":"https:\/\/www.greenpeace.org\/luxembourg\/de\/aktualitaet\/3147\/singen-fuer-mehr-klimaschutz\/","og_site_name":"Greenpeace Luxembourg","article_publisher":"https:\/\/www.facebook.com\/greenpeaceluxembourg","article_published_time":"2018-11-22T15:58:28+00:00","article_modified_time":"2021-12-01T15:33:16+00:00","og_image":[{"width":1200,"height":628,"url":"https:\/\/www.greenpeace.org\/static\/planet4-luxembourg-stateless\/2018\/11\/f02a6d4a-unnamed-3.jpg","type":"image\/jpeg"}],"author":"Pauline Maes","twitter_card":"summary_large_image","twitter_misc":{"Written by":"Pauline Maes","Est. reading time":"1 minute"},"schema":{"@context":"https:\/\/schema.org","@graph":[{"@type":"Article","@id":"https:\/\/www.greenpeace.org\/luxembourg\/de\/aktualitaet\/3147\/singen-fuer-mehr-klimaschutz\/#article","isPartOf":{"@id":"https:\/\/www.greenpeace.org\/luxembourg\/de\/aktualitaet\/3147\/singen-fuer-mehr-klimaschutz\/"},"author":{"name":"Pauline Maes","@id":"https:\/\/www.greenpeace.org\/luxembourg\/fr\/#\/schema\/person\/7bbeb343322bdadf139e7e27e7c86ec8"},"headline":"Singen f\u00fcr mehr Klimaschutz","datePublished":"2018-11-22T15:58:28+00:00","dateModified":"2021-12-01T15:33:16+00:00","mainEntityOfPage":{"@id":"https:\/\/www.greenpeace.org\/luxembourg\/de\/aktualitaet\/3147\/singen-fuer-mehr-klimaschutz\/"},"wordCount":224,"publisher":{"@id":"https:\/\/www.greenpeace.org\/luxembourg\/fr\/#organization"},"image":{"@id":"https:\/\/www.greenpeace.org\/luxembourg\/de\/aktualitaet\/3147\/singen-fuer-mehr-klimaschutz\/#primaryimage"},"thumbnailUrl":"https:\/\/www.greenpeace.org\/static\/planet4-luxembourg-stateless\/2018\/11\/f02a6d4a-unnamed-3.jpg","keywords":["Luxemburg","Klimawandel"],"articleSection":["Klima"],"inLanguage":"de-LU"},{"@type":"WebPage","@id":"https:\/\/www.greenpeace.org\/luxembourg\/de\/aktualitaet\/3147\/singen-fuer-mehr-klimaschutz\/","url":"https:\/\/www.greenpeace.org\/luxembourg\/de\/aktualitaet\/3147\/singen-fuer-mehr-klimaschutz\/","name":"Singen f\u00fcr mehr Klimaschutz - Greenpeace Luxembourg","isPartOf":{"@id":"https:\/\/www.greenpeace.org\/luxembourg\/fr\/#website"},"primaryImageOfPage":{"@id":"https:\/\/www.greenpeace.org\/luxembourg\/de\/aktualitaet\/3147\/singen-fuer-mehr-klimaschutz\/#primaryimage"},"image":{"@id":"https:\/\/www.greenpeace.org\/luxembourg\/de\/aktualitaet\/3147\/singen-fuer-mehr-klimaschutz\/#primaryimage"},"thumbnailUrl":"https:\/\/www.greenpeace.org\/static\/planet4-luxembourg-stateless\/2018\/11\/f02a6d4a-unnamed-3.jpg","datePublished":"2018-11-22T15:58:28+00:00","dateModified":"2021-12-01T15:33:16+00:00","breadcrumb":{"@id":"https:\/\/www.greenpeace.org\/luxembourg\/de\/aktualitaet\/3147\/singen-fuer-mehr-klimaschutz\/#breadcrumb"},"inLanguage":"de-LU","potentialAction":[{"@type":"ReadAction","target":["https:\/\/www.greenpeace.org\/luxembourg\/de\/aktualitaet\/3147\/singen-fuer-mehr-klimaschutz\/"]}]},{"@type":"ImageObject","inLanguage":"de-LU","@id":"https:\/\/www.greenpeace.org\/luxembourg\/de\/aktualitaet\/3147\/singen-fuer-mehr-klimaschutz\/#primaryimage","url":"https:\/\/www.greenpeace.org\/static\/planet4-luxembourg-stateless\/2018\/11\/f02a6d4a-unnamed-3.jpg","contentUrl":"https:\/\/www.greenpeace.org\/static\/planet4-luxembourg-stateless\/2018\/11\/f02a6d4a-unnamed-3.jpg","width":1200,"height":628,"caption":"Macro Sing for the Climate"},{"@type":"BreadcrumbList","@id":"https:\/\/www.greenpeace.org\/luxembourg\/de\/aktualitaet\/3147\/singen-fuer-mehr-klimaschutz\/#breadcrumb","itemListElement":[{"@type":"ListItem","position":1,"name":"Home","item":"http:\/\/www.greenpeace.org\/luxembourg\/fr\/"},{"@type":"ListItem","position":2,"name":"Singen f\u00fcr mehr Klimaschutz"}]},{"@type":"WebSite","@id":"https:\/\/www.greenpeace.org\/luxembourg\/fr\/#website","url":"https:\/\/www.greenpeace.org\/luxembourg\/fr\/","name":"Greenpeace Luxembourg","description":"Greenpeace existiert, weil unsere Erde eine Stimme braucht. Sie ben\u00f6tigt L\u00f6sungen. Ver\u00e4nderungen. Aktionen.","publisher":{"@id":"https:\/\/www.greenpeace.org\/luxembourg\/fr\/#organization"},"potentialAction":[{"@type":"SearchAction","target":{"@type":"EntryPoint","urlTemplate":"https:\/\/www.greenpeace.org\/luxembourg\/fr\/?s={search_term_string}"},"query-input":{"@type":"PropertyValueSpecification","valueRequired":true,"valueName":"search_term_string"}}],"inLanguage":"de-LU"},{"@type":"Organization","@id":"https:\/\/www.greenpeace.org\/luxembourg\/fr\/#organization","name":"Greenpeace Luxembourg","url":"https:\/\/www.greenpeace.org\/luxembourg\/fr\/","logo":{"@type":"ImageObject","inLanguage":"de-LU","@id":"https:\/\/www.greenpeace.org\/luxembourg\/fr\/#\/schema\/logo\/image\/","url":"https:\/\/www.greenpeace.org\/static\/planet4-luxembourg-stateless\/2026\/03\/3e367f94-greenpeace_logo_green_rgb.png","contentUrl":"https:\/\/www.greenpeace.org\/static\/planet4-luxembourg-stateless\/2026\/03\/3e367f94-greenpeace_logo_green_rgb.png","width":1080,"height":175,"caption":"Greenpeace Luxembourg"},"image":{"@id":"https:\/\/www.greenpeace.org\/luxembourg\/fr\/#\/schema\/logo\/image\/"},"sameAs":["https:\/\/www.facebook.com\/greenpeaceluxembourg","https:\/\/www.instagram.com\/greenpeacelux\/","https:\/\/www.linkedin.com\/company\/greenpeace-luxembourg\/","https:\/\/www.threads.com\/@greenpeacelux","https:\/\/bsky.app\/profile\/greenpeacelux.bsky.social","https:\/\/www.youtube.com\/@GreenpeaceLux","https:\/\/www.tiktok.com\/@greenpeace_lux"]},{"@type":"Person","@id":"https:\/\/www.greenpeace.org\/luxembourg\/fr\/#\/schema\/person\/7bbeb343322bdadf139e7e27e7c86ec8","name":"Pauline Maes","url":"https:\/\/www.greenpeace.org\/luxembourg\/de\/author\/pmaes\/"}]}},"_links":{"self":[{"href":"https:\/\/www.greenpeace.org\/luxembourg\/de\/wp-json\/wp\/v2\/posts\/3147","targetHints":{"allow":["GET"]}}],"collection":[{"href":"https:\/\/www.greenpeace.org\/luxembourg\/de\/wp-json\/wp\/v2\/posts"}],"about":[{"href":"https:\/\/www.greenpeace.org\/luxembourg\/de\/wp-json\/wp\/v2\/types\/post"}],"author":[{"embeddable":true,"href":"https:\/\/www.greenpeace.org\/luxembourg\/de\/wp-json\/wp\/v2\/users\/18"}],"replies":[{"embeddable":true,"href":"https:\/\/www.greenpeace.org\/luxembourg\/de\/wp-json\/wp\/v2\/comments?post=3147"}],"version-history":[{"count":5,"href":"https:\/\/www.greenpeace.org\/luxembourg\/de\/wp-json\/wp\/v2\/posts\/3147\/revisions"}],"predecessor-version":[{"id":13157,"href":"https:\/\/www.greenpeace.org\/luxembourg\/de\/wp-json\/wp\/v2\/posts\/3147\/revisions\/13157"}],"wp:featuredmedia":[{"embeddable":true,"href":"https:\/\/www.greenpeace.org\/luxembourg\/de\/wp-json\/wp\/v2\/media\/3150"}],"wp:attachment":[{"href":"https:\/\/www.greenpeace.org\/luxembourg\/de\/wp-json\/wp\/v2\/media?parent=3147"}],"wp:term":[{"taxonomy":"category","embeddable":true,"href":"https:\/\/www.greenpeace.org\/luxembourg\/de\/wp-json\/wp\/v2\/categories?post=3147"},{"taxonomy":"post_tag","embeddable":true,"href":"https:\/\/www.greenpeace.org\/luxembourg\/de\/wp-json\/wp\/v2\/tags?post=3147"},{"taxonomy":"p4-page-type","embeddable":true,"href":"https:\/\/www.greenpeace.org\/luxembourg\/de\/wp-json\/wp\/v2\/p4-page-type?post=3147"}],"curies":[{"name":"wp","href":"https:\/\/api.w.org\/{rel}","templated":true}]}}