{"id":3673,"date":"2019-01-25T15:47:49","date_gmt":"2019-01-25T13:47:49","guid":{"rendered":"https:\/\/www.greenpeace.org\/luxembourg\/?p=3673"},"modified":"2021-12-01T17:32:32","modified_gmt":"2021-12-01T15:32:32","slug":"greenpeace-drohne-loest-rauch-auf-dem-dach-des-abklingbecken-der-fabrik-orano-la-hague-aus","status":"publish","type":"post","link":"https:\/\/www.greenpeace.org\/luxembourg\/de\/presseerklaerungen\/3673\/greenpeace-drohne-loest-rauch-auf-dem-dach-des-abklingbecken-der-fabrik-orano-la-hague-aus\/","title":{"rendered":"Greenpeace-Drohne l\u00f6st Rauch auf dem Dach des Abklingbecken der Fabrik Orano La Hague aus"},"content":{"rendered":"<p><em><strong>Cherbourg, den 25. Januar 2019 &#8211; Heute morgen gegen 10:30 Uhr l\u00f6sten Aktivisten von Greenpeace Frankreich mit einer Drohne ein rotes Nebelsignal auf dem Dach des K\u00fchlbecken f\u00fcr abgebrannte Brennstoffe im Werk Orano (ehemals Areva) in La Hague aus, um auf seine \u00dcberlastung und Verletzlichkeit aufmerksam zu machen.<\/strong><\/em><br \/>\n<em><strong>Tats\u00e4chlich konzentriert dieses Geb\u00e4ude das \u00c4quivalent von mehr als einhundert Kerne eines Atomreaktors. Doch sein Dach, aus einfachem Blech, ist viel zu zerbrechlich, um die mit radioaktivem Material gef\u00fcllten Becken im Falle einer b\u00f6swilligen Handlung aus der Luft zu sch\u00fctzen.<\/strong><\/em><\/p>\n<div id=\"attachment_3674\" style=\"width: 1034px\" class=\"wp-caption aligncenter\"><img loading=\"lazy\" decoding=\"async\" aria-describedby=\"caption-attachment-3674\" class=\"size-large wp-image-3674\" src=\"https:\/\/www.greenpeace.org\/static\/planet4-luxembourg-stateless\/2019\/01\/5137b13e-06-1024x668.jpg\" alt=\"Aktion: rotes Nebelsignal auf dem Dach des K\u00fchlbecken f\u00fcr abgebrannte Brennstoffe im Werk Orano in La Hague\" width=\"1024\" height=\"668\" srcset=\"https:\/\/www.greenpeace.org\/static\/planet4-luxembourg-stateless\/2019\/01\/5137b13e-06-1024x668.jpg 1024w, https:\/\/www.greenpeace.org\/static\/planet4-luxembourg-stateless\/2019\/01\/5137b13e-06-300x196.jpg 300w, https:\/\/www.greenpeace.org\/static\/planet4-luxembourg-stateless\/2019\/01\/5137b13e-06-768x501.jpg 768w, https:\/\/www.greenpeace.org\/static\/planet4-luxembourg-stateless\/2019\/01\/5137b13e-06-2048x1336.jpg 2048w, https:\/\/www.greenpeace.org\/static\/planet4-luxembourg-stateless\/2019\/01\/5137b13e-06-510x333.jpg 510w\" sizes=\"auto, (max-width: 1024px) 100vw, 1024px\" \/><p id=\"caption-attachment-3674\" class=\"wp-caption-text\">Aktion: rotes Nebelsignal auf dem Dach des K\u00fchlbecken f\u00fcr abgebrannte Brennst\u00e4be im Werk Orano in La Hague<\/p><\/div>\n<p>Alix Mazounie, Energie-Campaignerin bei Greenpeace Frankreich, erkl\u00e4rt: \u201e<em>Greenpeace hat wieder einmal bewiesen, dass die franz\u00f6sischen Atomanlagen nicht ausreichend gegen die Risiken von externen Gefahren gesch\u00fctzt sind. Besonders schockierend ist jedoch, dass diese Drohne Nebelsignale auf dem Dach der Abklingbecken ausl\u00f6sen konnte, d.h. An der Schwachstelle eines Geb\u00e4udes mit der weltweit gr\u00f6\u00dften Menge an radioaktivem Material.&#8221;<\/em><\/p>\n<p><strong>Unzureichend gesch\u00fctzte Abklingbecken<\/strong><\/p>\n<p>Seit Oktober 2017, haben ein Expertenbericht [1] und drei Eindringungsaktionen, durchgef\u00fchrt von Greenpeace-Aktivisten, auf die Verletzbarkeit der K\u00fchlbecken f\u00fcr abgebrannte Brennstoffe gegen\u00fcber b\u00f6swilligen Handlungen aufmerksam gemacht.<\/p>\n<p>Alix Mazounie erinnert: \u201e<em>2018, hat die franz\u00f6sische parlamentarische Untersuchungskommission das Problem erkannt und gefordert, dass die franz\u00f6sische Aufsichtsbeh\u00f6rde f\u00fcr nukleare Sicherheit (ASN) zus\u00e4tzliche Befugnisse erhalten soll, um Nuklearanlagen besser gegen Angriffe von au\u00dfen zu sch\u00fctzen. Dieser Empfehlung sollen nun Taten folgen und es ist dringend erw\u00fcnscht, das Mandat der ASN auf Fragen der passiven Sicherheit auszuweiten.<\/em> [2]\u201c<\/p>\n<p><strong>\u00dcberlastete Abklingbecken<\/strong><\/p>\n<p>Das Abklingbecken der Fabrik von Orano La Hague enth\u00e4lt ungef\u00e4hr 10 000 Tonnen abgebrannter Brennstoffe, die darauf warten aufbereitet zu werden oder im Hinblick auf eine endg\u00fcltige L\u00f6sung. EDF schickt nach wie vor mehr abgebrannte Brennelemente nach La Hague, als Orano aufbereiten kann. Jahr f\u00fcr Jahr sammeln sich abgebrannte Brennst\u00e4be bis zur \u00dcberlastung [3]. In einem Bericht des Hohen Ausschusses f\u00fcr Transparenz und Information \u00fcber die nukleare Sicherheit (HCTISN) wurde Ende 2018 an die Kapazit\u00e4tsgrenzen dieser Becken erinnert: Die verf\u00fcgbare Fl\u00e4che betr\u00e4gt weniger als 7,4% [4].<\/p>\n<p>In den kommenden Monaten wird es eine \u00f6ffentliche Debatte \u00fcber den Nationalen Plan f\u00fcr die Entsorgung radioaktiver Stoffe und Abf\u00e4lle geben: Dieser Anlass muss genutzt werden, um das Ende der Wiederaufbereitung, die zur Ansammlung hochradioaktiver Abf\u00e4lle beitr\u00e4gt, sowie der Lagerung und Trockenlagerung von Abf\u00e4llen, ernsthaft in Betracht zu ziehen.<\/p>\n<p>\u00ab <em>Das Becken der Fabrik von Orano La Hague konzentriert auf beeindruckende Art und Weise alle Probleme der franz\u00f6sischen Atomanlagen: veraltete, sehr schlecht gesch\u00fctzte Geb\u00e4ude, fast bis zum Rand mit radioaktiven Abf\u00e4llen gef\u00fcllte Abklingbecken und eine Politik der &#8220;Wiederaufbereitung&#8221;, die es nicht schafft die Menge an Endabf\u00e4llen zu verringern. Wenn Sie sich dieses Becken anschauen, erkennen Sie das komplette Scheitern der franz\u00f6sischen Atomkraft,<\/em>\u201c schlussfolgert Alix Mazounie<\/p>\n<p><strong>Anmerkungen<\/strong> :<\/p>\n<p>[1] : \u00ab La s\u00e9curit\u00e9 des r\u00e9acteurs nucl\u00e9aires et des piscines d\u2019entreposage du combustible en France et en Belgique, et les mesures de renforcement associ\u00e9es \u00bb, Bericht im Auftrag von Greenpeace Frankreich, Oktober 2017, \u00f6ffentlich zug\u00e4ngliche Zusammenfassung (<a href=\"https:\/\/www.greenpeace.fr\/resume-rapport-securite-reacteurs-nucleaires-2017\/\">Link<\/a>)<br \/>\n[2] : Bericht der parlamentarischen Untersuchungskommission \u00fcber die Sicherheit nuklearer Anlagen, 28 Juni 2018 (<a href=\"http:\/\/www.assemblee-nationale.fr\/15\/rap-enq\/r1122-tI.asp#P1161_299761\">Link<\/a>)<br \/>\n[3] : Weitere Details in &#8220;La Hague: die nukleare \u00dcberdosis&#8221; ver\u00f6ffentlicht von Greenpeace Frankreich am 23 Januar 2019 (<a href=\"https:\/\/www.greenpeace.fr\/hague-loverdose-nucleaire\/\">Link<\/a>)<br \/>\n[4] : Vorstellung des franz\u00f6sischen \u00ab Cycle du combustible \u00bb HCTISN, September 2018 (<a href=\"http:\/\/www.hctisn.fr\/IMG\/pdf\/HCTISN_rapport_cycle_2018_cle0af1f2.pdf\">Link<\/a>)<\/p>\n<p><strong>Fotos und Videos:<\/strong><br \/>\nFotos und Videos sind unter folgendem Link verf\u00fcgbar: <a href=\"https:\/\/media.greenpeace.fr\/539\">https:\/\/media.greenpeace.fr\/539<\/a><\/p>\n\t\t\t<section\n\t\t\tclass=\"boxout post-817 \"\n\t\t\t\n\t\t>\n\t\t\t<a\n\t\t\t\tdata-ga-category=\"Take Action Boxout\"\n\t\t\t\tdata-ga-action=\"Image\"\n\t\t\t\tdata-ga-label=\"n\/a\"\n\t\t\t\tclass=\"cover-card-overlay\"\n\t\t\t\thref=\"https:\/\/www.greenpeace.org\/luxembourg\/de\/handeln\/atomkraft-nein-danke\/\" \n\t\t\t><\/a>\n\t\t\t\t\t\t\t<img\n\t\t\t\t\t\tsrc=\"https:\/\/www.greenpeace.org\/static\/planet4-luxembourg-stateless\/2018\/09\/5ae05b7e-gp02d3q_medium_res-1024x653.jpg\"\n\t\t\t\t\t\tsrcset=\"https:\/\/www.greenpeace.org\/static\/planet4-luxembourg-stateless\/2018\/09\/5ae05b7e-gp02d3q_medium_res-300x191.jpg 300w, https:\/\/www.greenpeace.org\/static\/planet4-luxembourg-stateless\/2018\/09\/5ae05b7e-gp02d3q_medium_res-768x490.jpg 768w, https:\/\/www.greenpeace.org\/static\/planet4-luxembourg-stateless\/2018\/09\/5ae05b7e-gp02d3q_medium_res-1024x653.jpg 1024w, https:\/\/www.greenpeace.org\/static\/planet4-luxembourg-stateless\/2018\/09\/5ae05b7e-gp02d3q_medium_res-510x325.jpg 510w, https:\/\/www.greenpeace.org\/static\/planet4-luxembourg-stateless\/2018\/09\/5ae05b7e-gp02d3q_medium_res.jpg 1200w\"\n\t\t\t\t\t\tsizes=\"(min-width: 1000px) 358px, (min-width: 780px) 313px, 88px\"\n\t\t\t\t\t\talt=\"Anti Nuclear Demonstration in Brazil\" title=\"Anti Nuclear Demonstration in Brazil\"\n\t\t\t\t\/>\n            \t\t\t<div class=\"boxout-content\">\n\t\t\t\t\t\t\t\t\t<a\n\t\t\t\t\t\tclass=\"boxout-heading medium\"\n\t\t\t\t\t\tdata-ga-category=\"Take Action Boxout\"\n\t\t\t\t\t\tdata-ga-action=\"Title\"\n\t\t\t\t\t\tdata-ga-label=\"n\/a\"\n\t\t\t\t\t\thref=\"https:\/\/www.greenpeace.org\/luxembourg\/de\/handeln\/atomkraft-nein-danke\/\"\n\t\t\t\t\t\t\n\t\t\t\t\t>\n\t\t\t\t\t\tAtomkraft &#8211; Nein danke\n\t\t\t\t\t<\/a>\n\t\t\t\t\t\t\t\t                                    <a\n                        class=\"btn btn-primary\"\n                        data-ga-category=\"Take Action Boxout\"\n                        data-ga-action=\"Call to Action\"\n                        data-ga-label=\"n\/a\"\n                        href=\"https:\/\/www.greenpeace.org\/luxembourg\/de\/handeln\/atomkraft-nein-danke\/\"\n                        \n                    >\n                        Machen Sie mit!\n                    <\/a>\n                \t\t\t<\/div>\n\t\t\t\t\t<\/section>\n\t","protected":false},"excerpt":{"rendered":"<p>Cherbourg, den 25. Januar 2019 &#8211; Heute morgen gegen 10:30 Uhr l\u00f6sten Aktivisten von Greenpeace Frankreich mit einer Drohne ein rotes Nebelsignal auf dem Dach des K\u00fchlbecken f\u00fcr abgebrannte Brennstoffe&hellip;<\/p>\n","protected":false},"author":18,"featured_media":3674,"comment_status":"closed","ping_status":"closed","sticky":false,"template":"","format":"standard","meta":{"ep_exclude_from_search":false,"p4_og_title":"","p4_og_description":"","p4_og_image":"","p4_og_image_id":"","p4_seo_canonical_url":"","p4_campaign_name":"","p4_local_project":"","p4_basket_name":"","p4_department":"","footnotes":""},"categories":[49],"tags":[58],"p4-page-type":[69],"class_list":["post-3673","post","type-post","status-publish","format-standard","has-post-thumbnail","hentry","category-energie","tag-nuklear","p4-page-type-presseerklaerungen"],"yoast_head":"<!-- This site is optimized with the Yoast SEO Premium plugin v23.9 (Yoast SEO v23.9) - https:\/\/yoast.com\/wordpress\/plugins\/seo\/ -->\n<title>Greenpeace-Drohne l\u00f6st Rauch auf dem Dach des Abklingbecken der Fabrik Orano La Hague aus - Greenpeace Luxembourg<\/title>\n<meta name=\"robots\" content=\"index, follow, max-snippet:-1, max-image-preview:large, max-video-preview:-1\" \/>\n<link rel=\"canonical\" href=\"https:\/\/www.greenpeace.org\/luxembourg\/de\/presseerklaerungen\/3673\/greenpeace-drohne-loest-rauch-auf-dem-dach-des-abklingbecken-der-fabrik-orano-la-hague-aus\/\" \/>\n<meta property=\"og:locale\" content=\"de_DE\" \/>\n<meta property=\"og:type\" content=\"article\" \/>\n<meta property=\"og:title\" content=\"Greenpeace-Drohne l\u00f6st Rauch auf dem Dach des Abklingbecken der Fabrik Orano La Hague aus\" \/>\n<meta property=\"og:description\" content=\"Cherbourg, den 25. Januar 2019 &#8211; Heute morgen gegen 10:30 Uhr l\u00f6sten Aktivisten von Greenpeace Frankreich mit einer Drohne ein rotes Nebelsignal auf dem Dach des K\u00fchlbecken f\u00fcr abgebrannte Brennstoffe&hellip;\" \/>\n<meta property=\"og:url\" content=\"https:\/\/www.greenpeace.org\/luxembourg\/de\/presseerklaerungen\/3673\/greenpeace-drohne-loest-rauch-auf-dem-dach-des-abklingbecken-der-fabrik-orano-la-hague-aus\/\" \/>\n<meta property=\"og:site_name\" content=\"Greenpeace Luxembourg\" \/>\n<meta property=\"article:publisher\" content=\"https:\/\/www.facebook.com\/greenpeaceluxembourg\" \/>\n<meta property=\"article:published_time\" content=\"2019-01-25T13:47:49+00:00\" \/>\n<meta property=\"article:modified_time\" content=\"2021-12-01T15:32:32+00:00\" \/>\n<meta property=\"og:image\" content=\"https:\/\/www.greenpeace.org\/static\/planet4-luxembourg-stateless\/2019\/01\/5137b13e-06.jpg\" \/>\n\t<meta property=\"og:image:width\" content=\"3807\" \/>\n\t<meta property=\"og:image:height\" content=\"2484\" \/>\n\t<meta property=\"og:image:type\" content=\"image\/jpeg\" \/>\n<meta name=\"author\" content=\"Pauline Maes\" \/>\n<meta name=\"twitter:card\" content=\"summary_large_image\" \/>\n<meta name=\"twitter:label1\" content=\"Written by\" \/>\n\t<meta name=\"twitter:data1\" content=\"Pauline Maes\" \/>\n\t<meta name=\"twitter:label2\" content=\"Est. reading time\" \/>\n\t<meta name=\"twitter:data2\" content=\"3 minutes\" \/>\n<script type=\"application\/ld+json\" class=\"yoast-schema-graph\">{\"@context\":\"https:\/\/schema.org\",\"@graph\":[{\"@type\":\"Article\",\"@id\":\"https:\/\/www.greenpeace.org\/luxembourg\/de\/presseerklaerungen\/3673\/greenpeace-drohne-loest-rauch-auf-dem-dach-des-abklingbecken-der-fabrik-orano-la-hague-aus\/#article\",\"isPartOf\":{\"@id\":\"https:\/\/www.greenpeace.org\/luxembourg\/de\/presseerklaerungen\/3673\/greenpeace-drohne-loest-rauch-auf-dem-dach-des-abklingbecken-der-fabrik-orano-la-hague-aus\/\"},\"author\":{\"name\":\"Pauline Maes\",\"@id\":\"https:\/\/www.greenpeace.org\/luxembourg\/fr\/#\/schema\/person\/7bbeb343322bdadf139e7e27e7c86ec8\"},\"headline\":\"Greenpeace-Drohne l\u00f6st Rauch auf dem Dach des Abklingbecken der Fabrik Orano La Hague aus\",\"datePublished\":\"2019-01-25T13:47:49+00:00\",\"dateModified\":\"2021-12-01T15:32:32+00:00\",\"mainEntityOfPage\":{\"@id\":\"https:\/\/www.greenpeace.org\/luxembourg\/de\/presseerklaerungen\/3673\/greenpeace-drohne-loest-rauch-auf-dem-dach-des-abklingbecken-der-fabrik-orano-la-hague-aus\/\"},\"wordCount\":605,\"publisher\":{\"@id\":\"https:\/\/www.greenpeace.org\/luxembourg\/fr\/#organization\"},\"image\":{\"@id\":\"https:\/\/www.greenpeace.org\/luxembourg\/de\/presseerklaerungen\/3673\/greenpeace-drohne-loest-rauch-auf-dem-dach-des-abklingbecken-der-fabrik-orano-la-hague-aus\/#primaryimage\"},\"thumbnailUrl\":\"https:\/\/www.greenpeace.org\/static\/planet4-luxembourg-stateless\/2019\/01\/5137b13e-06.jpg\",\"keywords\":[\"Nuklear\"],\"articleSection\":[\"Energie\"],\"inLanguage\":\"de-LU\"},{\"@type\":\"WebPage\",\"@id\":\"https:\/\/www.greenpeace.org\/luxembourg\/de\/presseerklaerungen\/3673\/greenpeace-drohne-loest-rauch-auf-dem-dach-des-abklingbecken-der-fabrik-orano-la-hague-aus\/\",\"url\":\"https:\/\/www.greenpeace.org\/luxembourg\/de\/presseerklaerungen\/3673\/greenpeace-drohne-loest-rauch-auf-dem-dach-des-abklingbecken-der-fabrik-orano-la-hague-aus\/\",\"name\":\"Greenpeace-Drohne l\u00f6st Rauch auf dem Dach des Abklingbecken der Fabrik Orano La Hague aus - Greenpeace Luxembourg\",\"isPartOf\":{\"@id\":\"https:\/\/www.greenpeace.org\/luxembourg\/fr\/#website\"},\"primaryImageOfPage\":{\"@id\":\"https:\/\/www.greenpeace.org\/luxembourg\/de\/presseerklaerungen\/3673\/greenpeace-drohne-loest-rauch-auf-dem-dach-des-abklingbecken-der-fabrik-orano-la-hague-aus\/#primaryimage\"},\"image\":{\"@id\":\"https:\/\/www.greenpeace.org\/luxembourg\/de\/presseerklaerungen\/3673\/greenpeace-drohne-loest-rauch-auf-dem-dach-des-abklingbecken-der-fabrik-orano-la-hague-aus\/#primaryimage\"},\"thumbnailUrl\":\"https:\/\/www.greenpeace.org\/static\/planet4-luxembourg-stateless\/2019\/01\/5137b13e-06.jpg\",\"datePublished\":\"2019-01-25T13:47:49+00:00\",\"dateModified\":\"2021-12-01T15:32:32+00:00\",\"breadcrumb\":{\"@id\":\"https:\/\/www.greenpeace.org\/luxembourg\/de\/presseerklaerungen\/3673\/greenpeace-drohne-loest-rauch-auf-dem-dach-des-abklingbecken-der-fabrik-orano-la-hague-aus\/#breadcrumb\"},\"inLanguage\":\"de-LU\",\"potentialAction\":[{\"@type\":\"ReadAction\",\"target\":[\"https:\/\/www.greenpeace.org\/luxembourg\/de\/presseerklaerungen\/3673\/greenpeace-drohne-loest-rauch-auf-dem-dach-des-abklingbecken-der-fabrik-orano-la-hague-aus\/\"]}]},{\"@type\":\"ImageObject\",\"inLanguage\":\"de-LU\",\"@id\":\"https:\/\/www.greenpeace.org\/luxembourg\/de\/presseerklaerungen\/3673\/greenpeace-drohne-loest-rauch-auf-dem-dach-des-abklingbecken-der-fabrik-orano-la-hague-aus\/#primaryimage\",\"url\":\"https:\/\/www.greenpeace.org\/static\/planet4-luxembourg-stateless\/2019\/01\/5137b13e-06.jpg\",\"contentUrl\":\"https:\/\/www.greenpeace.org\/static\/planet4-luxembourg-stateless\/2019\/01\/5137b13e-06.jpg\",\"width\":3807,\"height\":2484,\"caption\":\"Aktion: rotes Nebelsignal auf dem Dach des K\u00fchlbecken f\u00fcr abgebrannte Brennstoffe im Werk Orano in La Hague\"},{\"@type\":\"BreadcrumbList\",\"@id\":\"https:\/\/www.greenpeace.org\/luxembourg\/de\/presseerklaerungen\/3673\/greenpeace-drohne-loest-rauch-auf-dem-dach-des-abklingbecken-der-fabrik-orano-la-hague-aus\/#breadcrumb\",\"itemListElement\":[{\"@type\":\"ListItem\",\"position\":1,\"name\":\"Home\",\"item\":\"http:\/\/www.greenpeace.org\/luxembourg\/fr\/\"},{\"@type\":\"ListItem\",\"position\":2,\"name\":\"Greenpeace-Drohne l\u00f6st Rauch auf dem Dach des Abklingbecken der Fabrik Orano La Hague aus\"}]},{\"@type\":\"WebSite\",\"@id\":\"https:\/\/www.greenpeace.org\/luxembourg\/fr\/#website\",\"url\":\"https:\/\/www.greenpeace.org\/luxembourg\/fr\/\",\"name\":\"Greenpeace Luxembourg\",\"description\":\"Greenpeace existiert, weil unsere Erde eine Stimme braucht. Sie ben\u00f6tigt L\u00f6sungen. Ver\u00e4nderungen. Aktionen.\",\"publisher\":{\"@id\":\"https:\/\/www.greenpeace.org\/luxembourg\/fr\/#organization\"},\"potentialAction\":[{\"@type\":\"SearchAction\",\"target\":{\"@type\":\"EntryPoint\",\"urlTemplate\":\"https:\/\/www.greenpeace.org\/luxembourg\/fr\/?s={search_term_string}\"},\"query-input\":{\"@type\":\"PropertyValueSpecification\",\"valueRequired\":true,\"valueName\":\"search_term_string\"}}],\"inLanguage\":\"de-LU\"},{\"@type\":\"Organization\",\"@id\":\"https:\/\/www.greenpeace.org\/luxembourg\/fr\/#organization\",\"name\":\"Greenpeace Luxembourg\",\"url\":\"https:\/\/www.greenpeace.org\/luxembourg\/fr\/\",\"logo\":{\"@type\":\"ImageObject\",\"inLanguage\":\"de-LU\",\"@id\":\"https:\/\/www.greenpeace.org\/luxembourg\/fr\/#\/schema\/logo\/image\/\",\"url\":\"https:\/\/www.greenpeace.org\/static\/planet4-luxembourg-stateless\/2026\/03\/3e367f94-greenpeace_logo_green_rgb.png\",\"contentUrl\":\"https:\/\/www.greenpeace.org\/static\/planet4-luxembourg-stateless\/2026\/03\/3e367f94-greenpeace_logo_green_rgb.png\",\"width\":1080,\"height\":175,\"caption\":\"Greenpeace Luxembourg\"},\"image\":{\"@id\":\"https:\/\/www.greenpeace.org\/luxembourg\/fr\/#\/schema\/logo\/image\/\"},\"sameAs\":[\"https:\/\/www.facebook.com\/greenpeaceluxembourg\",\"https:\/\/www.instagram.com\/greenpeacelux\/\",\"https:\/\/www.linkedin.com\/company\/greenpeace-luxembourg\/\",\"https:\/\/www.threads.com\/@greenpeacelux\",\"https:\/\/bsky.app\/profile\/greenpeacelux.bsky.social\",\"https:\/\/www.youtube.com\/@GreenpeaceLux\",\"https:\/\/www.tiktok.com\/@greenpeace_lux\"]},{\"@type\":\"Person\",\"@id\":\"https:\/\/www.greenpeace.org\/luxembourg\/fr\/#\/schema\/person\/7bbeb343322bdadf139e7e27e7c86ec8\",\"name\":\"Pauline Maes\",\"url\":\"https:\/\/www.greenpeace.org\/luxembourg\/de\/author\/pmaes\/\"}]}<\/script>\n<!-- \/ Yoast SEO Premium plugin. -->","yoast_head_json":{"title":"Greenpeace-Drohne l\u00f6st Rauch auf dem Dach des Abklingbecken der Fabrik Orano La Hague aus - Greenpeace Luxembourg","robots":{"index":"index","follow":"follow","max-snippet":"max-snippet:-1","max-image-preview":"max-image-preview:large","max-video-preview":"max-video-preview:-1"},"canonical":"https:\/\/www.greenpeace.org\/luxembourg\/de\/presseerklaerungen\/3673\/greenpeace-drohne-loest-rauch-auf-dem-dach-des-abklingbecken-der-fabrik-orano-la-hague-aus\/","og_locale":"de_DE","og_type":"article","og_title":"Greenpeace-Drohne l\u00f6st Rauch auf dem Dach des Abklingbecken der Fabrik Orano La Hague aus","og_description":"Cherbourg, den 25. Januar 2019 &#8211; Heute morgen gegen 10:30 Uhr l\u00f6sten Aktivisten von Greenpeace Frankreich mit einer Drohne ein rotes Nebelsignal auf dem Dach des K\u00fchlbecken f\u00fcr abgebrannte Brennstoffe&hellip;","og_url":"https:\/\/www.greenpeace.org\/luxembourg\/de\/presseerklaerungen\/3673\/greenpeace-drohne-loest-rauch-auf-dem-dach-des-abklingbecken-der-fabrik-orano-la-hague-aus\/","og_site_name":"Greenpeace Luxembourg","article_publisher":"https:\/\/www.facebook.com\/greenpeaceluxembourg","article_published_time":"2019-01-25T13:47:49+00:00","article_modified_time":"2021-12-01T15:32:32+00:00","og_image":[{"width":3807,"height":2484,"url":"https:\/\/www.greenpeace.org\/static\/planet4-luxembourg-stateless\/2019\/01\/5137b13e-06.jpg","type":"image\/jpeg"}],"author":"Pauline Maes","twitter_card":"summary_large_image","twitter_misc":{"Written by":"Pauline Maes","Est. reading time":"3 minutes"},"schema":{"@context":"https:\/\/schema.org","@graph":[{"@type":"Article","@id":"https:\/\/www.greenpeace.org\/luxembourg\/de\/presseerklaerungen\/3673\/greenpeace-drohne-loest-rauch-auf-dem-dach-des-abklingbecken-der-fabrik-orano-la-hague-aus\/#article","isPartOf":{"@id":"https:\/\/www.greenpeace.org\/luxembourg\/de\/presseerklaerungen\/3673\/greenpeace-drohne-loest-rauch-auf-dem-dach-des-abklingbecken-der-fabrik-orano-la-hague-aus\/"},"author":{"name":"Pauline Maes","@id":"https:\/\/www.greenpeace.org\/luxembourg\/fr\/#\/schema\/person\/7bbeb343322bdadf139e7e27e7c86ec8"},"headline":"Greenpeace-Drohne l\u00f6st Rauch auf dem Dach des Abklingbecken der Fabrik Orano La Hague aus","datePublished":"2019-01-25T13:47:49+00:00","dateModified":"2021-12-01T15:32:32+00:00","mainEntityOfPage":{"@id":"https:\/\/www.greenpeace.org\/luxembourg\/de\/presseerklaerungen\/3673\/greenpeace-drohne-loest-rauch-auf-dem-dach-des-abklingbecken-der-fabrik-orano-la-hague-aus\/"},"wordCount":605,"publisher":{"@id":"https:\/\/www.greenpeace.org\/luxembourg\/fr\/#organization"},"image":{"@id":"https:\/\/www.greenpeace.org\/luxembourg\/de\/presseerklaerungen\/3673\/greenpeace-drohne-loest-rauch-auf-dem-dach-des-abklingbecken-der-fabrik-orano-la-hague-aus\/#primaryimage"},"thumbnailUrl":"https:\/\/www.greenpeace.org\/static\/planet4-luxembourg-stateless\/2019\/01\/5137b13e-06.jpg","keywords":["Nuklear"],"articleSection":["Energie"],"inLanguage":"de-LU"},{"@type":"WebPage","@id":"https:\/\/www.greenpeace.org\/luxembourg\/de\/presseerklaerungen\/3673\/greenpeace-drohne-loest-rauch-auf-dem-dach-des-abklingbecken-der-fabrik-orano-la-hague-aus\/","url":"https:\/\/www.greenpeace.org\/luxembourg\/de\/presseerklaerungen\/3673\/greenpeace-drohne-loest-rauch-auf-dem-dach-des-abklingbecken-der-fabrik-orano-la-hague-aus\/","name":"Greenpeace-Drohne l\u00f6st Rauch auf dem Dach des Abklingbecken der Fabrik Orano La Hague aus - Greenpeace Luxembourg","isPartOf":{"@id":"https:\/\/www.greenpeace.org\/luxembourg\/fr\/#website"},"primaryImageOfPage":{"@id":"https:\/\/www.greenpeace.org\/luxembourg\/de\/presseerklaerungen\/3673\/greenpeace-drohne-loest-rauch-auf-dem-dach-des-abklingbecken-der-fabrik-orano-la-hague-aus\/#primaryimage"},"image":{"@id":"https:\/\/www.greenpeace.org\/luxembourg\/de\/presseerklaerungen\/3673\/greenpeace-drohne-loest-rauch-auf-dem-dach-des-abklingbecken-der-fabrik-orano-la-hague-aus\/#primaryimage"},"thumbnailUrl":"https:\/\/www.greenpeace.org\/static\/planet4-luxembourg-stateless\/2019\/01\/5137b13e-06.jpg","datePublished":"2019-01-25T13:47:49+00:00","dateModified":"2021-12-01T15:32:32+00:00","breadcrumb":{"@id":"https:\/\/www.greenpeace.org\/luxembourg\/de\/presseerklaerungen\/3673\/greenpeace-drohne-loest-rauch-auf-dem-dach-des-abklingbecken-der-fabrik-orano-la-hague-aus\/#breadcrumb"},"inLanguage":"de-LU","potentialAction":[{"@type":"ReadAction","target":["https:\/\/www.greenpeace.org\/luxembourg\/de\/presseerklaerungen\/3673\/greenpeace-drohne-loest-rauch-auf-dem-dach-des-abklingbecken-der-fabrik-orano-la-hague-aus\/"]}]},{"@type":"ImageObject","inLanguage":"de-LU","@id":"https:\/\/www.greenpeace.org\/luxembourg\/de\/presseerklaerungen\/3673\/greenpeace-drohne-loest-rauch-auf-dem-dach-des-abklingbecken-der-fabrik-orano-la-hague-aus\/#primaryimage","url":"https:\/\/www.greenpeace.org\/static\/planet4-luxembourg-stateless\/2019\/01\/5137b13e-06.jpg","contentUrl":"https:\/\/www.greenpeace.org\/static\/planet4-luxembourg-stateless\/2019\/01\/5137b13e-06.jpg","width":3807,"height":2484,"caption":"Aktion: rotes Nebelsignal auf dem Dach des K\u00fchlbecken f\u00fcr abgebrannte Brennstoffe im Werk Orano in La Hague"},{"@type":"BreadcrumbList","@id":"https:\/\/www.greenpeace.org\/luxembourg\/de\/presseerklaerungen\/3673\/greenpeace-drohne-loest-rauch-auf-dem-dach-des-abklingbecken-der-fabrik-orano-la-hague-aus\/#breadcrumb","itemListElement":[{"@type":"ListItem","position":1,"name":"Home","item":"http:\/\/www.greenpeace.org\/luxembourg\/fr\/"},{"@type":"ListItem","position":2,"name":"Greenpeace-Drohne l\u00f6st Rauch auf dem Dach des Abklingbecken der Fabrik Orano La Hague aus"}]},{"@type":"WebSite","@id":"https:\/\/www.greenpeace.org\/luxembourg\/fr\/#website","url":"https:\/\/www.greenpeace.org\/luxembourg\/fr\/","name":"Greenpeace Luxembourg","description":"Greenpeace existiert, weil unsere Erde eine Stimme braucht. Sie ben\u00f6tigt L\u00f6sungen. Ver\u00e4nderungen. Aktionen.","publisher":{"@id":"https:\/\/www.greenpeace.org\/luxembourg\/fr\/#organization"},"potentialAction":[{"@type":"SearchAction","target":{"@type":"EntryPoint","urlTemplate":"https:\/\/www.greenpeace.org\/luxembourg\/fr\/?s={search_term_string}"},"query-input":{"@type":"PropertyValueSpecification","valueRequired":true,"valueName":"search_term_string"}}],"inLanguage":"de-LU"},{"@type":"Organization","@id":"https:\/\/www.greenpeace.org\/luxembourg\/fr\/#organization","name":"Greenpeace Luxembourg","url":"https:\/\/www.greenpeace.org\/luxembourg\/fr\/","logo":{"@type":"ImageObject","inLanguage":"de-LU","@id":"https:\/\/www.greenpeace.org\/luxembourg\/fr\/#\/schema\/logo\/image\/","url":"https:\/\/www.greenpeace.org\/static\/planet4-luxembourg-stateless\/2026\/03\/3e367f94-greenpeace_logo_green_rgb.png","contentUrl":"https:\/\/www.greenpeace.org\/static\/planet4-luxembourg-stateless\/2026\/03\/3e367f94-greenpeace_logo_green_rgb.png","width":1080,"height":175,"caption":"Greenpeace Luxembourg"},"image":{"@id":"https:\/\/www.greenpeace.org\/luxembourg\/fr\/#\/schema\/logo\/image\/"},"sameAs":["https:\/\/www.facebook.com\/greenpeaceluxembourg","https:\/\/www.instagram.com\/greenpeacelux\/","https:\/\/www.linkedin.com\/company\/greenpeace-luxembourg\/","https:\/\/www.threads.com\/@greenpeacelux","https:\/\/bsky.app\/profile\/greenpeacelux.bsky.social","https:\/\/www.youtube.com\/@GreenpeaceLux","https:\/\/www.tiktok.com\/@greenpeace_lux"]},{"@type":"Person","@id":"https:\/\/www.greenpeace.org\/luxembourg\/fr\/#\/schema\/person\/7bbeb343322bdadf139e7e27e7c86ec8","name":"Pauline Maes","url":"https:\/\/www.greenpeace.org\/luxembourg\/de\/author\/pmaes\/"}]}},"_links":{"self":[{"href":"https:\/\/www.greenpeace.org\/luxembourg\/de\/wp-json\/wp\/v2\/posts\/3673","targetHints":{"allow":["GET"]}}],"collection":[{"href":"https:\/\/www.greenpeace.org\/luxembourg\/de\/wp-json\/wp\/v2\/posts"}],"about":[{"href":"https:\/\/www.greenpeace.org\/luxembourg\/de\/wp-json\/wp\/v2\/types\/post"}],"author":[{"embeddable":true,"href":"https:\/\/www.greenpeace.org\/luxembourg\/de\/wp-json\/wp\/v2\/users\/18"}],"replies":[{"embeddable":true,"href":"https:\/\/www.greenpeace.org\/luxembourg\/de\/wp-json\/wp\/v2\/comments?post=3673"}],"version-history":[{"count":3,"href":"https:\/\/www.greenpeace.org\/luxembourg\/de\/wp-json\/wp\/v2\/posts\/3673\/revisions"}],"predecessor-version":[{"id":13131,"href":"https:\/\/www.greenpeace.org\/luxembourg\/de\/wp-json\/wp\/v2\/posts\/3673\/revisions\/13131"}],"wp:featuredmedia":[{"embeddable":true,"href":"https:\/\/www.greenpeace.org\/luxembourg\/de\/wp-json\/wp\/v2\/media\/3674"}],"wp:attachment":[{"href":"https:\/\/www.greenpeace.org\/luxembourg\/de\/wp-json\/wp\/v2\/media?parent=3673"}],"wp:term":[{"taxonomy":"category","embeddable":true,"href":"https:\/\/www.greenpeace.org\/luxembourg\/de\/wp-json\/wp\/v2\/categories?post=3673"},{"taxonomy":"post_tag","embeddable":true,"href":"https:\/\/www.greenpeace.org\/luxembourg\/de\/wp-json\/wp\/v2\/tags?post=3673"},{"taxonomy":"p4-page-type","embeddable":true,"href":"https:\/\/www.greenpeace.org\/luxembourg\/de\/wp-json\/wp\/v2\/p4-page-type?post=3673"}],"curies":[{"name":"wp","href":"https:\/\/api.w.org\/{rel}","templated":true}]}}