{"id":3896,"date":"2019-02-05T11:37:22","date_gmt":"2019-02-05T09:37:22","guid":{"rendered":"https:\/\/www.greenpeace.org\/luxembourg\/?p=3896"},"modified":"2021-12-01T17:32:03","modified_gmt":"2021-12-01T15:32:03","slug":"warum-nur-noch-aus-geschichtsbuechern-vom-kommerzielle-walfang-hoeren-sollte","status":"publish","type":"post","link":"https:\/\/www.greenpeace.org\/luxembourg\/de\/aktualitaet\/3896\/warum-nur-noch-aus-geschichtsbuechern-vom-kommerzielle-walfang-hoeren-sollte\/","title":{"rendered":"Warum nur noch alte Geschichtsb\u00fccher \u00fcber den kommerziellen Walfang berichten sollten"},"content":{"rendered":"<p>Wale sind faszinierende Wesen. Heute werden sie jedoch von einer wachsenden Anzahl von menschlichen Eingriffen bedroht, von der Plastikverschmutzung bis hin zum Klimawandel. Und das schlimmste: nun sollen sie zus\u00e4tzlich aus reiner Profitgier get\u00f6tet werden.<\/p>\n<p>Der <a href=\"https:\/\/www.greenpeace.org\/international\/story\/18307\/history-commercial-whaling-greenpeace\/\">kommerzielle Walfang<\/a> wurde vor \u00fcber 30 Jahren durch ein international vereinbartes Abkommen gestoppt. Mit der Einf\u00fchrung des Verbots in den 1980er Jahren, wurde das Leben von vielen Tausenden Walen, von denen einige kurz vor dem Aussterben standen, gerettet.<\/p>\n<p>In den letzten 30 Jahren kamen jedoch weiter Bedrohungen hinzu &#8211; der Klimawandel, der den Walen Lebensraum und Nahrung raubt; die Verschmutzung der Ozeane, die sie <a href=\"https:\/\/www.nationalgeographic.co.uk\/animals\/2018\/09\/why-half-worlds-orcas-could-soon-disappear\">vergiftet<\/a> oder ihren <a href=\"https:\/\/www.theguardian.com\/environment\/2018\/jun\/03\/whale-dies-from-eating-more-than-80-plastic-bags\">Magen mit M\u00fcll erstickt<\/a>; und Industrien, die <a href=\"https:\/\/www.greenpeace.org\/usa\/five-ways-seismic-blasting-threatens-whales\/\">L\u00e4rmbel\u00e4stigung<\/a>, Schiffsstreiks und vieles mehr verursachen.<\/p>\n<p>In der Zwischenzeit haben wir gelernt, <a href=\"https:\/\/www.greenpeace.org.uk\/why-everyone-talking-about-whale-poo-20161020\/\">wie wichtig Wale f\u00fcr gesunde Ozeane<\/a> sind und wie wichtig gesunde Ozeane sowohl f\u00fcr den Planeten als auch f\u00fcr uns alle sind. Dennoch behandeln wir die Ozeane wie ein endloses Buffet und einen endlose M\u00fclldeponie und wir m\u00fcssen schnellstm\u00f6glich damit aufh\u00f6ren. Aus diesem Grund arbeitet Greenpeace weltweit daran, zerst\u00f6rerisches Fischen, den Klimawandel und die Plastikverschmutzung in den Ozeanen zu bek\u00e4mpfen und riesige Schutzgebiete zu schaffen, in denen das beeindruckende Meeresleben \u00fcberleben kann.<\/p>\n<p>Deswegen ist es sehr frustrierend, immer noch \u00fcber den kommerziellen Walfang reden zu m\u00fcssen. Am 26. Dezember 2018 <a href=\"https:\/\/www.theguardian.com\/environment\/2018\/dec\/26\/japan-confirms-it-will-quit-iwc-to-resume-commercial-whaling\">gab die japanische Regierung bekannt<\/a>, dass sie die Internationale Walfangkommission verlassen und ihren Walfang \u201czu Recherchezwecken\u201d im S\u00fcdpolarmeer beenden wird um den kommerziellen Walfang in ihren eigenen Meeren wieder aufzunehmen.<\/p>\n<p>Der kommerzielle Walfang geh\u00f6rt der Vergangenheit an, wie es bereits in fast jedem Land dieser Erde der Fall ist. Es gibt in der modernen Welt einfach keine Notwendigkeit daf\u00fcr, und es ist die einzige Bedrohung f\u00fcr Wale, die wir sofort stoppen k\u00f6nnen und m\u00fcssen.<\/p>\n<p>Greenpeace ist &#8211; und war es schon immer- gegen den kommerziellen Walfang. Der Walfang hat immer nur dazu gef\u00fchrt, dass die Tiere auf Kosten unserer Ozeane \u00fcberfischt und ausgebeutet wurden.<\/p>\n<p>Wir arbeiten eng mit anderen Organisationen auf der ganzen Welt zusammen <a href=\"https:\/\/www.greenpeace.org.uk\/clone-10-good-reasons-protect-whales-20161021\/\">um diese Tierart zu sch\u00fctzen<\/a>. Wir sind daher froh dar\u00fcber, dass die EU der Ank\u00fcndigung der Regierung Japans weiterhin starken Widerstand entgegenbringt.<\/p>\n<p>Internationale Bem\u00fchungen zur Erhaltung unserer Ozeane f\u00fcr zuk\u00fcnftige Generationen sind notwendig um diese wunderbaren Tiere zu erhalten. Wir sind dringend gefordert zusammenzuarbeiten um diese Lebewesen zu sch\u00fctzen!<\/p>\n<p>&nbsp;<\/p>\n\t\t\t<section\n\t\t\tclass=\"boxout post-785 \"\n\t\t\t\n\t\t>\n\t\t\t<a\n\t\t\t\tdata-ga-category=\"Take Action Boxout\"\n\t\t\t\tdata-ga-action=\"Image\"\n\t\t\t\tdata-ga-label=\"n\/a\"\n\t\t\t\tclass=\"cover-card-overlay\"\n\t\t\t\thref=\"https:\/\/www.greenpeace.org\/luxembourg\/de\/handeln\/ehrenamt\/\" \n\t\t\t><\/a>\n\t\t\t\t\t\t\t<img\n\t\t\t\t\t\tsrc=\"https:\/\/www.greenpeace.org\/static\/planet4-luxembourg-stateless\/2019\/05\/16663b17-img_20190525_140934-1024x768.jpg\"\n\t\t\t\t\t\tsrcset=\"https:\/\/www.greenpeace.org\/static\/planet4-luxembourg-stateless\/2019\/05\/16663b17-img_20190525_140934-300x225.jpg 300w, https:\/\/www.greenpeace.org\/static\/planet4-luxembourg-stateless\/2019\/05\/16663b17-img_20190525_140934-768x576.jpg 768w, https:\/\/www.greenpeace.org\/static\/planet4-luxembourg-stateless\/2019\/05\/16663b17-img_20190525_140934-1024x768.jpg 1024w, https:\/\/www.greenpeace.org\/static\/planet4-luxembourg-stateless\/2019\/05\/16663b17-img_20190525_140934-1821x1366.jpg 1821w, https:\/\/www.greenpeace.org\/static\/planet4-luxembourg-stateless\/2019\/05\/16663b17-img_20190525_140934-453x340.jpg 453w\"\n\t\t\t\t\t\tsizes=\"(min-width: 1000px) 358px, (min-width: 780px) 313px, 88px\"\n\t\t\t\t\t\talt=\"\" title=\"\"\n\t\t\t\t\/>\n            \t\t\t<div class=\"boxout-content\">\n\t\t\t\t\t\t\t\t\t<a\n\t\t\t\t\t\tclass=\"boxout-heading medium\"\n\t\t\t\t\t\tdata-ga-category=\"Take Action Boxout\"\n\t\t\t\t\t\tdata-ga-action=\"Title\"\n\t\t\t\t\t\tdata-ga-label=\"n\/a\"\n\t\t\t\t\t\thref=\"https:\/\/www.greenpeace.org\/luxembourg\/de\/handeln\/ehrenamt\/\"\n\t\t\t\t\t\t\n\t\t\t\t\t>\n\t\t\t\t\t\tEhrenamtliche:r Helfer:in werden\n\t\t\t\t\t<\/a>\n\t\t\t\t\t\t\t\t\t\t\t\t\t<p class=\"boxout-excerpt\">Ob Student, berufst\u00e4tig oder im Ruhestand, schlie\u00dfen Sie sich einer Community leidenschaftlicher ehrenamtlicher Helfer-innen an!<\/p>\n\t\t\t\t                                    <a\n                        class=\"btn btn-primary\"\n                        data-ga-category=\"Take Action Boxout\"\n                        data-ga-action=\"Call to Action\"\n                        data-ga-label=\"n\/a\"\n                        href=\"https:\/\/www.greenpeace.org\/luxembourg\/de\/handeln\/ehrenamt\/\"\n                        \n                    >\n                        Machen Sie mit!\n                    <\/a>\n                \t\t\t<\/div>\n\t\t\t\t\t<\/section>\n\t","protected":false},"excerpt":{"rendered":"<p>Wale sind faszinierende Wesen. Heute werden sie jedoch von einer wachsenden Anzahl von menschlichen Eingriffen bedroht, von der Plastikverschmutzung bis hin zum Klimawandel. Und das schlimmste: nun sollen sie auch&hellip;<\/p>\n","protected":false},"author":18,"featured_media":3898,"comment_status":"closed","ping_status":"closed","sticky":false,"template":"","format":"standard","meta":{"ep_exclude_from_search":false,"p4_og_title":"","p4_og_description":"","p4_og_image":"","p4_og_image_id":"","p4_seo_canonical_url":"","p4_campaign_name":"","p4_local_project":"","p4_basket_name":"","p4_department":"","footnotes":""},"categories":[47],"tags":[56],"p4-page-type":[68],"class_list":["post-3896","post","type-post","status-publish","format-standard","has-post-thumbnail","hentry","category-natur","tag-ozeane","p4-page-type-aktualitaet"],"yoast_head":"<!-- This site is optimized with the Yoast SEO Premium plugin v23.9 (Yoast SEO v23.9) - https:\/\/yoast.com\/wordpress\/plugins\/seo\/ -->\n<title>Warum nur noch alte Geschichtsb\u00fccher \u00fcber den kommerziellen Walfang berichten sollten - Greenpeace Luxembourg<\/title>\n<meta name=\"robots\" content=\"index, follow, max-snippet:-1, max-image-preview:large, max-video-preview:-1\" \/>\n<link rel=\"canonical\" href=\"https:\/\/www.greenpeace.org\/luxembourg\/de\/aktualitaet\/3896\/warum-nur-noch-aus-geschichtsbuechern-vom-kommerzielle-walfang-hoeren-sollte\/\" \/>\n<meta property=\"og:locale\" content=\"de_DE\" \/>\n<meta property=\"og:type\" content=\"article\" \/>\n<meta property=\"og:title\" content=\"Warum nur noch alte Geschichtsb\u00fccher \u00fcber den kommerziellen Walfang berichten sollten\" \/>\n<meta property=\"og:description\" content=\"Wale sind faszinierende Wesen. Heute werden sie jedoch von einer wachsenden Anzahl von menschlichen Eingriffen bedroht, von der Plastikverschmutzung bis hin zum Klimawandel. Und das schlimmste: nun sollen sie auch&hellip;\" \/>\n<meta property=\"og:url\" content=\"https:\/\/www.greenpeace.org\/luxembourg\/de\/aktualitaet\/3896\/warum-nur-noch-aus-geschichtsbuechern-vom-kommerzielle-walfang-hoeren-sollte\/\" \/>\n<meta property=\"og:site_name\" content=\"Greenpeace Luxembourg\" \/>\n<meta property=\"article:publisher\" content=\"https:\/\/www.facebook.com\/greenpeaceluxembourg\" \/>\n<meta property=\"article:published_time\" content=\"2019-02-05T09:37:22+00:00\" \/>\n<meta property=\"article:modified_time\" content=\"2021-12-01T15:32:03+00:00\" \/>\n<meta property=\"og:image\" content=\"https:\/\/www.greenpeace.org\/static\/planet4-luxembourg-stateless\/2019\/02\/9ba67b36-gp0stsjty.jpg\" \/>\n\t<meta property=\"og:image:width\" content=\"1200\" \/>\n\t<meta property=\"og:image:height\" content=\"810\" \/>\n\t<meta property=\"og:image:type\" content=\"image\/jpeg\" \/>\n<meta name=\"author\" content=\"Pauline Maes\" \/>\n<meta name=\"twitter:card\" content=\"summary_large_image\" \/>\n<meta name=\"twitter:label1\" content=\"Written by\" \/>\n\t<meta name=\"twitter:data1\" content=\"Pauline Maes\" \/>\n\t<meta name=\"twitter:label2\" content=\"Est. reading time\" \/>\n\t<meta name=\"twitter:data2\" content=\"2 minutes\" \/>\n<script type=\"application\/ld+json\" class=\"yoast-schema-graph\">{\"@context\":\"https:\/\/schema.org\",\"@graph\":[{\"@type\":\"Article\",\"@id\":\"https:\/\/www.greenpeace.org\/luxembourg\/de\/aktualitaet\/3896\/warum-nur-noch-aus-geschichtsbuechern-vom-kommerzielle-walfang-hoeren-sollte\/#article\",\"isPartOf\":{\"@id\":\"https:\/\/www.greenpeace.org\/luxembourg\/de\/aktualitaet\/3896\/warum-nur-noch-aus-geschichtsbuechern-vom-kommerzielle-walfang-hoeren-sollte\/\"},\"author\":{\"name\":\"Pauline Maes\",\"@id\":\"https:\/\/www.greenpeace.org\/luxembourg\/fr\/#\/schema\/person\/7bbeb343322bdadf139e7e27e7c86ec8\"},\"headline\":\"Warum nur noch alte Geschichtsb\u00fccher \u00fcber den kommerziellen Walfang berichten sollten\",\"datePublished\":\"2019-02-05T09:37:22+00:00\",\"dateModified\":\"2021-12-01T15:32:03+00:00\",\"mainEntityOfPage\":{\"@id\":\"https:\/\/www.greenpeace.org\/luxembourg\/de\/aktualitaet\/3896\/warum-nur-noch-aus-geschichtsbuechern-vom-kommerzielle-walfang-hoeren-sollte\/\"},\"wordCount\":415,\"publisher\":{\"@id\":\"https:\/\/www.greenpeace.org\/luxembourg\/fr\/#organization\"},\"image\":{\"@id\":\"https:\/\/www.greenpeace.org\/luxembourg\/de\/aktualitaet\/3896\/warum-nur-noch-aus-geschichtsbuechern-vom-kommerzielle-walfang-hoeren-sollte\/#primaryimage\"},\"thumbnailUrl\":\"https:\/\/www.greenpeace.org\/static\/planet4-luxembourg-stateless\/2019\/02\/9ba67b36-gp0stsjty.jpg\",\"keywords\":[\"Ozeane\"],\"articleSection\":[\"Natur\"],\"inLanguage\":\"de-LU\"},{\"@type\":\"WebPage\",\"@id\":\"https:\/\/www.greenpeace.org\/luxembourg\/de\/aktualitaet\/3896\/warum-nur-noch-aus-geschichtsbuechern-vom-kommerzielle-walfang-hoeren-sollte\/\",\"url\":\"https:\/\/www.greenpeace.org\/luxembourg\/de\/aktualitaet\/3896\/warum-nur-noch-aus-geschichtsbuechern-vom-kommerzielle-walfang-hoeren-sollte\/\",\"name\":\"Warum nur noch alte Geschichtsb\u00fccher \u00fcber den kommerziellen Walfang berichten sollten - Greenpeace Luxembourg\",\"isPartOf\":{\"@id\":\"https:\/\/www.greenpeace.org\/luxembourg\/fr\/#website\"},\"primaryImageOfPage\":{\"@id\":\"https:\/\/www.greenpeace.org\/luxembourg\/de\/aktualitaet\/3896\/warum-nur-noch-aus-geschichtsbuechern-vom-kommerzielle-walfang-hoeren-sollte\/#primaryimage\"},\"image\":{\"@id\":\"https:\/\/www.greenpeace.org\/luxembourg\/de\/aktualitaet\/3896\/warum-nur-noch-aus-geschichtsbuechern-vom-kommerzielle-walfang-hoeren-sollte\/#primaryimage\"},\"thumbnailUrl\":\"https:\/\/www.greenpeace.org\/static\/planet4-luxembourg-stateless\/2019\/02\/9ba67b36-gp0stsjty.jpg\",\"datePublished\":\"2019-02-05T09:37:22+00:00\",\"dateModified\":\"2021-12-01T15:32:03+00:00\",\"breadcrumb\":{\"@id\":\"https:\/\/www.greenpeace.org\/luxembourg\/de\/aktualitaet\/3896\/warum-nur-noch-aus-geschichtsbuechern-vom-kommerzielle-walfang-hoeren-sollte\/#breadcrumb\"},\"inLanguage\":\"de-LU\",\"potentialAction\":[{\"@type\":\"ReadAction\",\"target\":[\"https:\/\/www.greenpeace.org\/luxembourg\/de\/aktualitaet\/3896\/warum-nur-noch-aus-geschichtsbuechern-vom-kommerzielle-walfang-hoeren-sollte\/\"]}]},{\"@type\":\"ImageObject\",\"inLanguage\":\"de-LU\",\"@id\":\"https:\/\/www.greenpeace.org\/luxembourg\/de\/aktualitaet\/3896\/warum-nur-noch-aus-geschichtsbuechern-vom-kommerzielle-walfang-hoeren-sollte\/#primaryimage\",\"url\":\"https:\/\/www.greenpeace.org\/static\/planet4-luxembourg-stateless\/2019\/02\/9ba67b36-gp0stsjty.jpg\",\"contentUrl\":\"https:\/\/www.greenpeace.org\/static\/planet4-luxembourg-stateless\/2019\/02\/9ba67b36-gp0stsjty.jpg\",\"width\":1200,\"height\":810,\"caption\":\"Humpback whales, enjoy the warm waters of the Pacific ocean, Tonga.\"},{\"@type\":\"BreadcrumbList\",\"@id\":\"https:\/\/www.greenpeace.org\/luxembourg\/de\/aktualitaet\/3896\/warum-nur-noch-aus-geschichtsbuechern-vom-kommerzielle-walfang-hoeren-sollte\/#breadcrumb\",\"itemListElement\":[{\"@type\":\"ListItem\",\"position\":1,\"name\":\"Home\",\"item\":\"http:\/\/www.greenpeace.org\/luxembourg\/fr\/\"},{\"@type\":\"ListItem\",\"position\":2,\"name\":\"Warum nur noch alte Geschichtsb\u00fccher \u00fcber den kommerziellen Walfang berichten sollten\"}]},{\"@type\":\"WebSite\",\"@id\":\"https:\/\/www.greenpeace.org\/luxembourg\/fr\/#website\",\"url\":\"https:\/\/www.greenpeace.org\/luxembourg\/fr\/\",\"name\":\"Greenpeace Luxembourg\",\"description\":\"Greenpeace existiert, weil unsere Erde eine Stimme braucht. Sie ben\u00f6tigt L\u00f6sungen. Ver\u00e4nderungen. Aktionen.\",\"publisher\":{\"@id\":\"https:\/\/www.greenpeace.org\/luxembourg\/fr\/#organization\"},\"potentialAction\":[{\"@type\":\"SearchAction\",\"target\":{\"@type\":\"EntryPoint\",\"urlTemplate\":\"https:\/\/www.greenpeace.org\/luxembourg\/fr\/?s={search_term_string}\"},\"query-input\":{\"@type\":\"PropertyValueSpecification\",\"valueRequired\":true,\"valueName\":\"search_term_string\"}}],\"inLanguage\":\"de-LU\"},{\"@type\":\"Organization\",\"@id\":\"https:\/\/www.greenpeace.org\/luxembourg\/fr\/#organization\",\"name\":\"Greenpeace Luxembourg\",\"url\":\"https:\/\/www.greenpeace.org\/luxembourg\/fr\/\",\"logo\":{\"@type\":\"ImageObject\",\"inLanguage\":\"de-LU\",\"@id\":\"https:\/\/www.greenpeace.org\/luxembourg\/fr\/#\/schema\/logo\/image\/\",\"url\":\"https:\/\/www.greenpeace.org\/static\/planet4-luxembourg-stateless\/2026\/03\/3e367f94-greenpeace_logo_green_rgb.png\",\"contentUrl\":\"https:\/\/www.greenpeace.org\/static\/planet4-luxembourg-stateless\/2026\/03\/3e367f94-greenpeace_logo_green_rgb.png\",\"width\":1080,\"height\":175,\"caption\":\"Greenpeace Luxembourg\"},\"image\":{\"@id\":\"https:\/\/www.greenpeace.org\/luxembourg\/fr\/#\/schema\/logo\/image\/\"},\"sameAs\":[\"https:\/\/www.facebook.com\/greenpeaceluxembourg\",\"https:\/\/www.instagram.com\/greenpeacelux\/\",\"https:\/\/www.linkedin.com\/company\/greenpeace-luxembourg\/\",\"https:\/\/www.threads.com\/@greenpeacelux\",\"https:\/\/bsky.app\/profile\/greenpeacelux.bsky.social\",\"https:\/\/www.youtube.com\/@GreenpeaceLux\",\"https:\/\/www.tiktok.com\/@greenpeace_lux\"]},{\"@type\":\"Person\",\"@id\":\"https:\/\/www.greenpeace.org\/luxembourg\/fr\/#\/schema\/person\/7bbeb343322bdadf139e7e27e7c86ec8\",\"name\":\"Pauline Maes\",\"url\":\"https:\/\/www.greenpeace.org\/luxembourg\/de\/author\/pmaes\/\"}]}<\/script>\n<!-- \/ Yoast SEO Premium plugin. -->","yoast_head_json":{"title":"Warum nur noch alte Geschichtsb\u00fccher \u00fcber den kommerziellen Walfang berichten sollten - Greenpeace Luxembourg","robots":{"index":"index","follow":"follow","max-snippet":"max-snippet:-1","max-image-preview":"max-image-preview:large","max-video-preview":"max-video-preview:-1"},"canonical":"https:\/\/www.greenpeace.org\/luxembourg\/de\/aktualitaet\/3896\/warum-nur-noch-aus-geschichtsbuechern-vom-kommerzielle-walfang-hoeren-sollte\/","og_locale":"de_DE","og_type":"article","og_title":"Warum nur noch alte Geschichtsb\u00fccher \u00fcber den kommerziellen Walfang berichten sollten","og_description":"Wale sind faszinierende Wesen. Heute werden sie jedoch von einer wachsenden Anzahl von menschlichen Eingriffen bedroht, von der Plastikverschmutzung bis hin zum Klimawandel. Und das schlimmste: nun sollen sie auch&hellip;","og_url":"https:\/\/www.greenpeace.org\/luxembourg\/de\/aktualitaet\/3896\/warum-nur-noch-aus-geschichtsbuechern-vom-kommerzielle-walfang-hoeren-sollte\/","og_site_name":"Greenpeace Luxembourg","article_publisher":"https:\/\/www.facebook.com\/greenpeaceluxembourg","article_published_time":"2019-02-05T09:37:22+00:00","article_modified_time":"2021-12-01T15:32:03+00:00","og_image":[{"width":1200,"height":810,"url":"https:\/\/www.greenpeace.org\/static\/planet4-luxembourg-stateless\/2019\/02\/9ba67b36-gp0stsjty.jpg","type":"image\/jpeg"}],"author":"Pauline Maes","twitter_card":"summary_large_image","twitter_misc":{"Written by":"Pauline Maes","Est. reading time":"2 minutes"},"schema":{"@context":"https:\/\/schema.org","@graph":[{"@type":"Article","@id":"https:\/\/www.greenpeace.org\/luxembourg\/de\/aktualitaet\/3896\/warum-nur-noch-aus-geschichtsbuechern-vom-kommerzielle-walfang-hoeren-sollte\/#article","isPartOf":{"@id":"https:\/\/www.greenpeace.org\/luxembourg\/de\/aktualitaet\/3896\/warum-nur-noch-aus-geschichtsbuechern-vom-kommerzielle-walfang-hoeren-sollte\/"},"author":{"name":"Pauline Maes","@id":"https:\/\/www.greenpeace.org\/luxembourg\/fr\/#\/schema\/person\/7bbeb343322bdadf139e7e27e7c86ec8"},"headline":"Warum nur noch alte Geschichtsb\u00fccher \u00fcber den kommerziellen Walfang berichten sollten","datePublished":"2019-02-05T09:37:22+00:00","dateModified":"2021-12-01T15:32:03+00:00","mainEntityOfPage":{"@id":"https:\/\/www.greenpeace.org\/luxembourg\/de\/aktualitaet\/3896\/warum-nur-noch-aus-geschichtsbuechern-vom-kommerzielle-walfang-hoeren-sollte\/"},"wordCount":415,"publisher":{"@id":"https:\/\/www.greenpeace.org\/luxembourg\/fr\/#organization"},"image":{"@id":"https:\/\/www.greenpeace.org\/luxembourg\/de\/aktualitaet\/3896\/warum-nur-noch-aus-geschichtsbuechern-vom-kommerzielle-walfang-hoeren-sollte\/#primaryimage"},"thumbnailUrl":"https:\/\/www.greenpeace.org\/static\/planet4-luxembourg-stateless\/2019\/02\/9ba67b36-gp0stsjty.jpg","keywords":["Ozeane"],"articleSection":["Natur"],"inLanguage":"de-LU"},{"@type":"WebPage","@id":"https:\/\/www.greenpeace.org\/luxembourg\/de\/aktualitaet\/3896\/warum-nur-noch-aus-geschichtsbuechern-vom-kommerzielle-walfang-hoeren-sollte\/","url":"https:\/\/www.greenpeace.org\/luxembourg\/de\/aktualitaet\/3896\/warum-nur-noch-aus-geschichtsbuechern-vom-kommerzielle-walfang-hoeren-sollte\/","name":"Warum nur noch alte Geschichtsb\u00fccher \u00fcber den kommerziellen Walfang berichten sollten - Greenpeace Luxembourg","isPartOf":{"@id":"https:\/\/www.greenpeace.org\/luxembourg\/fr\/#website"},"primaryImageOfPage":{"@id":"https:\/\/www.greenpeace.org\/luxembourg\/de\/aktualitaet\/3896\/warum-nur-noch-aus-geschichtsbuechern-vom-kommerzielle-walfang-hoeren-sollte\/#primaryimage"},"image":{"@id":"https:\/\/www.greenpeace.org\/luxembourg\/de\/aktualitaet\/3896\/warum-nur-noch-aus-geschichtsbuechern-vom-kommerzielle-walfang-hoeren-sollte\/#primaryimage"},"thumbnailUrl":"https:\/\/www.greenpeace.org\/static\/planet4-luxembourg-stateless\/2019\/02\/9ba67b36-gp0stsjty.jpg","datePublished":"2019-02-05T09:37:22+00:00","dateModified":"2021-12-01T15:32:03+00:00","breadcrumb":{"@id":"https:\/\/www.greenpeace.org\/luxembourg\/de\/aktualitaet\/3896\/warum-nur-noch-aus-geschichtsbuechern-vom-kommerzielle-walfang-hoeren-sollte\/#breadcrumb"},"inLanguage":"de-LU","potentialAction":[{"@type":"ReadAction","target":["https:\/\/www.greenpeace.org\/luxembourg\/de\/aktualitaet\/3896\/warum-nur-noch-aus-geschichtsbuechern-vom-kommerzielle-walfang-hoeren-sollte\/"]}]},{"@type":"ImageObject","inLanguage":"de-LU","@id":"https:\/\/www.greenpeace.org\/luxembourg\/de\/aktualitaet\/3896\/warum-nur-noch-aus-geschichtsbuechern-vom-kommerzielle-walfang-hoeren-sollte\/#primaryimage","url":"https:\/\/www.greenpeace.org\/static\/planet4-luxembourg-stateless\/2019\/02\/9ba67b36-gp0stsjty.jpg","contentUrl":"https:\/\/www.greenpeace.org\/static\/planet4-luxembourg-stateless\/2019\/02\/9ba67b36-gp0stsjty.jpg","width":1200,"height":810,"caption":"Humpback whales, enjoy the warm waters of the Pacific ocean, Tonga."},{"@type":"BreadcrumbList","@id":"https:\/\/www.greenpeace.org\/luxembourg\/de\/aktualitaet\/3896\/warum-nur-noch-aus-geschichtsbuechern-vom-kommerzielle-walfang-hoeren-sollte\/#breadcrumb","itemListElement":[{"@type":"ListItem","position":1,"name":"Home","item":"http:\/\/www.greenpeace.org\/luxembourg\/fr\/"},{"@type":"ListItem","position":2,"name":"Warum nur noch alte Geschichtsb\u00fccher \u00fcber den kommerziellen Walfang berichten sollten"}]},{"@type":"WebSite","@id":"https:\/\/www.greenpeace.org\/luxembourg\/fr\/#website","url":"https:\/\/www.greenpeace.org\/luxembourg\/fr\/","name":"Greenpeace Luxembourg","description":"Greenpeace existiert, weil unsere Erde eine Stimme braucht. Sie ben\u00f6tigt L\u00f6sungen. Ver\u00e4nderungen. Aktionen.","publisher":{"@id":"https:\/\/www.greenpeace.org\/luxembourg\/fr\/#organization"},"potentialAction":[{"@type":"SearchAction","target":{"@type":"EntryPoint","urlTemplate":"https:\/\/www.greenpeace.org\/luxembourg\/fr\/?s={search_term_string}"},"query-input":{"@type":"PropertyValueSpecification","valueRequired":true,"valueName":"search_term_string"}}],"inLanguage":"de-LU"},{"@type":"Organization","@id":"https:\/\/www.greenpeace.org\/luxembourg\/fr\/#organization","name":"Greenpeace Luxembourg","url":"https:\/\/www.greenpeace.org\/luxembourg\/fr\/","logo":{"@type":"ImageObject","inLanguage":"de-LU","@id":"https:\/\/www.greenpeace.org\/luxembourg\/fr\/#\/schema\/logo\/image\/","url":"https:\/\/www.greenpeace.org\/static\/planet4-luxembourg-stateless\/2026\/03\/3e367f94-greenpeace_logo_green_rgb.png","contentUrl":"https:\/\/www.greenpeace.org\/static\/planet4-luxembourg-stateless\/2026\/03\/3e367f94-greenpeace_logo_green_rgb.png","width":1080,"height":175,"caption":"Greenpeace Luxembourg"},"image":{"@id":"https:\/\/www.greenpeace.org\/luxembourg\/fr\/#\/schema\/logo\/image\/"},"sameAs":["https:\/\/www.facebook.com\/greenpeaceluxembourg","https:\/\/www.instagram.com\/greenpeacelux\/","https:\/\/www.linkedin.com\/company\/greenpeace-luxembourg\/","https:\/\/www.threads.com\/@greenpeacelux","https:\/\/bsky.app\/profile\/greenpeacelux.bsky.social","https:\/\/www.youtube.com\/@GreenpeaceLux","https:\/\/www.tiktok.com\/@greenpeace_lux"]},{"@type":"Person","@id":"https:\/\/www.greenpeace.org\/luxembourg\/fr\/#\/schema\/person\/7bbeb343322bdadf139e7e27e7c86ec8","name":"Pauline Maes","url":"https:\/\/www.greenpeace.org\/luxembourg\/de\/author\/pmaes\/"}]}},"_links":{"self":[{"href":"https:\/\/www.greenpeace.org\/luxembourg\/de\/wp-json\/wp\/v2\/posts\/3896","targetHints":{"allow":["GET"]}}],"collection":[{"href":"https:\/\/www.greenpeace.org\/luxembourg\/de\/wp-json\/wp\/v2\/posts"}],"about":[{"href":"https:\/\/www.greenpeace.org\/luxembourg\/de\/wp-json\/wp\/v2\/types\/post"}],"author":[{"embeddable":true,"href":"https:\/\/www.greenpeace.org\/luxembourg\/de\/wp-json\/wp\/v2\/users\/18"}],"replies":[{"embeddable":true,"href":"https:\/\/www.greenpeace.org\/luxembourg\/de\/wp-json\/wp\/v2\/comments?post=3896"}],"version-history":[{"count":14,"href":"https:\/\/www.greenpeace.org\/luxembourg\/de\/wp-json\/wp\/v2\/posts\/3896\/revisions"}],"predecessor-version":[{"id":13114,"href":"https:\/\/www.greenpeace.org\/luxembourg\/de\/wp-json\/wp\/v2\/posts\/3896\/revisions\/13114"}],"wp:featuredmedia":[{"embeddable":true,"href":"https:\/\/www.greenpeace.org\/luxembourg\/de\/wp-json\/wp\/v2\/media\/3898"}],"wp:attachment":[{"href":"https:\/\/www.greenpeace.org\/luxembourg\/de\/wp-json\/wp\/v2\/media?parent=3896"}],"wp:term":[{"taxonomy":"category","embeddable":true,"href":"https:\/\/www.greenpeace.org\/luxembourg\/de\/wp-json\/wp\/v2\/categories?post=3896"},{"taxonomy":"post_tag","embeddable":true,"href":"https:\/\/www.greenpeace.org\/luxembourg\/de\/wp-json\/wp\/v2\/tags?post=3896"},{"taxonomy":"p4-page-type","embeddable":true,"href":"https:\/\/www.greenpeace.org\/luxembourg\/de\/wp-json\/wp\/v2\/p4-page-type?post=3896"}],"curies":[{"name":"wp","href":"https:\/\/api.w.org\/{rel}","templated":true}]}}