{"id":4521,"date":"2019-04-04T14:16:59","date_gmt":"2019-04-04T12:16:59","guid":{"rendered":"https:\/\/www.greenpeace.org\/luxembourg\/?p=4521"},"modified":"2021-12-01T17:31:03","modified_gmt":"2021-12-01T15:31:03","slug":"die-rechung-geht-auf","status":"publish","type":"post","link":"https:\/\/www.greenpeace.org\/luxembourg\/de\/aktualitaet\/4521\/die-rechung-geht-auf\/","title":{"rendered":"Die Rechung geht auf"},"content":{"rendered":"<h3 class=\"field--subline\">Greenpeace-Studie: Ein Drittel der Weltmeere kann bis 2030 wirkungsvoll gesch\u00fctzt werden.<\/h3>\n<p>Ein Drittel der Meere soll bis 2030 unter Schutz stehen. Nur welches? Greenpeace hat mit Wissenschaftlern errechnet, wo Schutzgebiete die gr\u00f6\u00dftm\u00f6gliche Wirkung entfalten.<\/p>\n<div id=\"attachment_4522\" style=\"width: 1034px\" class=\"wp-caption alignnone\"><img loading=\"lazy\" decoding=\"async\" aria-describedby=\"caption-attachment-4522\" class=\"size-large wp-image-4522\" src=\"https:\/\/www.greenpeace.org\/static\/planet4-luxembourg-stateless\/2019\/04\/96bff395-gp012l2_medium_res-1024x790.jpg\" alt=\"Unterwasserleben auf den Azoren\" width=\"1024\" height=\"790\" srcset=\"https:\/\/www.greenpeace.org\/static\/planet4-luxembourg-stateless\/2019\/04\/96bff395-gp012l2_medium_res-1024x790.jpg 1024w, https:\/\/www.greenpeace.org\/static\/planet4-luxembourg-stateless\/2019\/04\/96bff395-gp012l2_medium_res-300x232.jpg 300w, https:\/\/www.greenpeace.org\/static\/planet4-luxembourg-stateless\/2019\/04\/96bff395-gp012l2_medium_res-768x593.jpg 768w, https:\/\/www.greenpeace.org\/static\/planet4-luxembourg-stateless\/2019\/04\/96bff395-gp012l2_medium_res-441x340.jpg 441w, https:\/\/www.greenpeace.org\/static\/planet4-luxembourg-stateless\/2019\/04\/96bff395-gp012l2_medium_res.jpg 1200w\" sizes=\"auto, (max-width: 1024px) 100vw, 1024px\" \/><p id=\"caption-attachment-4522\" class=\"wp-caption-text\">Unterwasserleben auf den Azoren<\/p><\/div>\n<p>30&#215;30\u201c klingt erst einmal wie eine nicht allzu schwere Multiplikationsrechnung, aber eigentlich ist damit etwas anderes gemeint. Spricht man es englisch aus, \u201ethirty by thirty\u201c, wird deutlich, worauf die Verfasser\u00a0<a title=\"30x30 \u2013 Ein Greenpeace-Plan f\u00fcr Meeresschutzgebiete\" href=\"https:\/\/www.greenpeace.de\/sites\/www.greenpeace.de\/files\/publications\/s02421-201904040-greenpeace-report-30x30-meeresschutzgebiete-zusammenfassung.pdf\" target=\"_blank\" rel=\"noopener noreferrer\">der gleichnamigen Greenpeace-Studie<\/a>\u00a0zum Schutz der Meere abzielen: Bis 2030 sollen\u00a0<a href=\"https:\/\/www.greenpeace.de\/themen\/meere\/die-rechnung-geht-auf#Karte_30x30\">drei\u00dfig Prozent der Ozeane Schutzgebiete<\/a>\u00a0sein \u2013 drei\u00dfig bis 30. Aber welche? Das ist in der Tat eine Rechenaufgabe. Und zwar keine einfache.<\/p>\n<p>Schutzbed\u00fcrftig ist insbesondere die Hohe See. So bezeichnet man jene Teile der Weltmeere, die \u2013 anders als die K\u00fcstengebiete in der 200\u2013Seemeilen-Zone \u2013 nicht der Rechtsprechung von Nationalstaaten unterliegen. Sie braucht kein St\u00fcckwerk von Vereinbarungen, um ihrer Ausbeutung vorzubeugen, sondern ein internationales, rechtsverbindliches Steuerungsinstrument,: ein weltweites Netzwerk von Meeresschutzgebieten. Ein Jahr lang haben namhafte Wissenschaftler der Universit\u00e4ten von York und Oxford mit Greenpeace zusammengearbeitet, um Modelle zu entwickeln, mit denen die Weltmeere und ihre Bewohner m\u00f6glichst wirksam und kosteneffektiv gesch\u00fctzt werden k\u00f6nnen.<\/p>\n<h3>Im Meer gelten andere Voraussetzungen<\/h3>\n<p>Die Zielsetzung von \u201emindestens 30 Prozent\u201c Schutzgebieten wurde 2016 vom Weltkongress f\u00fcr Naturschutz formuliert, der Generalversammlung der IUCN. Der\u00a0<a href=\"https:\/\/www.bfn.de\/themen\/internationaler-naturschutz\/organisationen\/iucn.html\" target=\"_blank\" rel=\"noopener noreferrer\">Weltnaturschutzdachverband IUCN<\/a>(f\u00fcr \u201eInternational Union For The Conservation Of Nature\u201c)\u00a0ist die gr\u00f6\u00dfte und wichtigste internationale Naturschutzorganisation, zusammengesetzt aus Regierungs- und Nichtregierungsorganisationen. Die Vorgabe ist sinnvoll, und gilt nicht blo\u00df f\u00fcr die Meeresfl\u00e4chen des Planeten, sondern auch f\u00fcr das Land. Nur mit gesunden Meeren und W\u00e4ldern mit einem gesch\u00fctzten Artenbestand kann sich der Planet dem voranschreitenden Klimawandel entgegenstemmen. Und doch gelten in den Ozeanen andere Voraussetzungen als auf den Kontinenten.<\/p>\n<p>Wandernde Arten wie Wale, Thunfische, Haie oder Schildkr\u00f6ten legen zum Teil enorme Strecken durch ganze Meeresbecken zur\u00fcck, es gibt Hotspots reger Betriebsamkeit und regelrechte Ein\u00f6den. Schutzgebiete m\u00fcssen dieser Vielfalt Rechnung tragen. Auf dem Festland sind Naturschutzgebiete mehr oder weniger Inseln inmitten bewirtschafteter Fl\u00e4chen. Die geplanten Meeresschutzgebiete hingegen sind als gro\u00dffl\u00e4chige Netzwerke ausgelegt, mit ausgewiesenen Bereichen dazwischen, in denen der Mensch Wirtschaft betreiben darf, zum Beispiel fischen oder nach \u00d6l bohren. Die Schutzgebiete sollen von direkten menschlichen Eingriffen jedoch verschont bleiben.<\/p>\n<h3>Rechenpower f\u00fcr Schutzgebiete<\/h3>\n<p>Doch wie entscheidet man, welche 30 Prozent besonders sch\u00fctzenswert sind? 458 sogenannte Schutzg\u00fcter wurden f\u00fcr diesen Zweck definiert: Darunter fallen bestimmte Tier- und Pflanzenarten, Lebensr\u00e4ume oder Meeresbesonderheiten wie Auftriebsgebiete, in denen n\u00e4hrstoffreiches Tiefenwasser in die lichtdurchflutete Zone der Ozeane gelangt. Etliche ozeanographische, biogeographische und sozio\u00f6konomische Daten wurden in das Computermodell eingespeist, um ein m\u00f6glichst genaues Bild der Meereswelt zu erhalten. Letzten Endes lief die Rechenarbeit der Forscher auf die Frage hinaus: Welches Drittel erzeugt die st\u00e4rkste Wirkung? Oder anders formuliert: Wohin m\u00fcssen die drei\u00dfig Prozent verteilt werden, um das H\u00f6chstma\u00df an Schutz auf einer derart begrenzten Fl\u00e4che zu erzielen? Schlie\u00dflich gingen sie noch einen Schritt weiter. Wie s\u00e4he ein Schutzgebietsnetzwerk aus, das die H\u00e4lfte der Meere abdeckt?<\/p>\n<p>\u201e<em>Diese Forschung zeigt, dass es absolut m\u00f6glich ist, ein robustes, weltweites Netzwerk von Schutzgebieten zu entwerfen, das macht die Studie so spannend<\/em>\u201c, sagt Sandra Sch\u00f6ttner, Greenpeace-Expertin f\u00fcr Meere bei Greenpeace Deutschland. \u201e<em>Es geht dabei nicht um das Ziehen k\u00fcnstlicher Grenzen auf Seekarten , sondern um eine sinnvolle Verkn\u00fcpfung von Schutzgebieten, bestehend aus Lebensr\u00e4umen mit hoher biologischer Vielfalt, Migrationskorridoren f\u00fcr wandernde Arten und besonders sch\u00fctzenswerten \u00d6kosystemen.<\/em>\u201c<\/p>\n<h3>Die Biologische Pumpe sch\u00fctzt das Klima<\/h3>\n<p>Im Kampf gegen den Klimawandel braucht die Menschheit gesunde Meere mit den gesamten Unterschieden ihrer Artenvielfalt. Oftmals wird untersch\u00e4tzt, welche Leistung die Weltmeere f\u00fcr das globale Klima erbringen. Die sogenannte biologische Pumpe transportiert Kohlendioxid von der Meeresoberfl\u00e4che und sorgt f\u00fcr seine Speicherung in der Tiefsee \u2013 durch Tiere, die nachts an der Oberfl\u00e4che fressen und bei Tag in mehreren hundert Metern Tiefe ausscheiden: Quallen, Tintenfische oder Laternenfische, die in der Dunkelheit leben. Ohne diese Umw\u00e4lzung w\u00fcrde die Atmosph\u00e4re rund 50 Prozent mehr Kohlendioxid enthalten \u2013 die Welt w\u00e4re unbewohnbar.<\/p>\n<p>Darum braucht es einerseits direkten Schutz vor industrieller Ausbeutung der Meere durch Schleppnetzfischerei, \u00d6lbohrungen oder dem geplanten Tiefseebergbau \u2013 und gleichzeitig die M\u00f6glichkeit f\u00fcr Flora und Fauna, sich von den Auswirkungen des Klimawandels, der Meeresverschmutzung und anderer menschengemachter Bedrohungen zu erholen. Die gute Nachricht: Die Meere wirksam zu sch\u00fctzen ist machbar. Die Wissenschaft hat es durchgerechnet.<\/p>\n<p style=\"text-align:center\"><a href=\"https:\/\/www.greenpeace.de\/sites\/www.greenpeace.de\/files\/publications\/s02421-201904040-greenpeace-report-30x30-meeresschutzgebiete-zusammenfassung.pdf\" target=\"\" class=\"btn btn-primary btn-medium page-header-btn auto\">Studie lesen<\/a><\/p><p>&nbsp;<\/p>\n<div id=\"attachment_4524\" style=\"width: 1034px\" class=\"wp-caption aligncenter\"><img loading=\"lazy\" decoding=\"async\" aria-describedby=\"caption-attachment-4524\" class=\"size-large wp-image-4524\" src=\"https:\/\/www.greenpeace.org\/static\/planet4-luxembourg-stateless\/2019\/04\/4484e85d-gp0stq03x_medium_res-1024x731.jpg\" alt=\"Walrosse auf Eisscholle bei Kvit\u00f8ya in Spitzbergen\" width=\"1024\" height=\"731\" srcset=\"https:\/\/www.greenpeace.org\/static\/planet4-luxembourg-stateless\/2019\/04\/4484e85d-gp0stq03x_medium_res-1024x731.jpg 1024w, https:\/\/www.greenpeace.org\/static\/planet4-luxembourg-stateless\/2019\/04\/4484e85d-gp0stq03x_medium_res-300x214.jpg 300w, https:\/\/www.greenpeace.org\/static\/planet4-luxembourg-stateless\/2019\/04\/4484e85d-gp0stq03x_medium_res-768x548.jpg 768w, https:\/\/www.greenpeace.org\/static\/planet4-luxembourg-stateless\/2019\/04\/4484e85d-gp0stq03x_medium_res-476x340.jpg 476w, https:\/\/www.greenpeace.org\/static\/planet4-luxembourg-stateless\/2019\/04\/4484e85d-gp0stq03x_medium_res.jpg 1200w\" sizes=\"auto, (max-width: 1024px) 100vw, 1024px\" \/><p id=\"caption-attachment-4524\" class=\"wp-caption-text\">Walrosse auf Eisscholle bei Kvit\u00f8ya in Spitzbergen<\/p><\/div>\n<p><a href=\"https:\/\/www.greenpeace.de\/themen\/meere\/die-rechnung-geht-auf\">Article Source :<\/a> Greenpeace Deutschland<\/p>\n\t\t\t<section\n\t\t\tclass=\"boxout post-724 \"\n\t\t\t\n\t\t>\n\t\t\t<a\n\t\t\t\tdata-ga-category=\"Take Action Boxout\"\n\t\t\t\tdata-ga-action=\"Image\"\n\t\t\t\tdata-ga-label=\"n\/a\"\n\t\t\t\tclass=\"cover-card-overlay\"\n\t\t\t\thref=\"https:\/\/www.greenpeace.org\/luxembourg\/de\/handeln\/foerdermitglied-werden\/\" \n\t\t\t><\/a>\n\t\t\t\t\t\t\t<img\n\t\t\t\t\t\tsrc=\"https:\/\/www.greenpeace.org\/static\/planet4-luxembourg-stateless\/2020\/08\/fabc1786-gp04tdo_medium_res-1-1024x683.jpg\"\n\t\t\t\t\t\tsrcset=\"https:\/\/www.greenpeace.org\/static\/planet4-luxembourg-stateless\/2020\/08\/fabc1786-gp04tdo_medium_res-1-300x200.jpg 300w, https:\/\/www.greenpeace.org\/static\/planet4-luxembourg-stateless\/2020\/08\/fabc1786-gp04tdo_medium_res-1-1024x683.jpg 1024w, https:\/\/www.greenpeace.org\/static\/planet4-luxembourg-stateless\/2020\/08\/fabc1786-gp04tdo_medium_res-1-768x512.jpg 768w, https:\/\/www.greenpeace.org\/static\/planet4-luxembourg-stateless\/2020\/08\/fabc1786-gp04tdo_medium_res-1-510x340.jpg 510w, https:\/\/www.greenpeace.org\/static\/planet4-luxembourg-stateless\/2020\/08\/fabc1786-gp04tdo_medium_res-1.jpg 1200w\"\n\t\t\t\t\t\tsizes=\"(min-width: 1000px) 358px, (min-width: 780px) 313px, 88px\"\n\t\t\t\t\t\talt=\"\" title=\"\"\n\t\t\t\t\/>\n            \t\t\t<div class=\"boxout-content\">\n\t\t\t\t\t\t\t\t\t<a\n\t\t\t\t\t\tclass=\"boxout-heading medium\"\n\t\t\t\t\t\tdata-ga-category=\"Take Action Boxout\"\n\t\t\t\t\t\tdata-ga-action=\"Title\"\n\t\t\t\t\t\tdata-ga-label=\"n\/a\"\n\t\t\t\t\t\thref=\"https:\/\/www.greenpeace.org\/luxembourg\/de\/handeln\/foerdermitglied-werden\/\"\n\t\t\t\t\t\t\n\t\t\t\t\t>\n\t\t\t\t\t\tF\u00f6rdermitglied werden\n\t\t\t\t\t<\/a>\n\t\t\t\t\t\t\t\t\t\t\t\t\t<p class=\"boxout-excerpt\">Leiste regelm\u00e4\u00dfig einen Beitrag f\u00fcr unsere Umwelt: Deine Spende erlaubt es uns sowohl in Luxemburg als auch weltweit f\u00fcr eine gerechte Zukunft zu handeln!<\/p>\n\t\t\t\t                                    <a\n                        class=\"btn btn-primary\"\n                        data-ga-category=\"Take Action Boxout\"\n                        data-ga-action=\"Call to Action\"\n                        data-ga-label=\"n\/a\"\n                        href=\"https:\/\/www.greenpeace.org\/luxembourg\/de\/handeln\/foerdermitglied-werden\/\"\n                        \n                    >\n                        Machen Sie mit!\n                    <\/a>\n                \t\t\t<\/div>\n\t\t\t\t\t<\/section>\n\t","protected":false},"excerpt":{"rendered":"<p>Greenpeace-Studie: Ein Drittel der Weltmeere kann bis 2030 wirkungsvoll gesch\u00fctzt werden. Ein Drittel der Meere soll bis 2030 unter Schutz stehen. Nur welches? Greenpeace hat mit Wissenschaftlern errechnet, wo Schutzgebiete&hellip;<\/p>\n","protected":false},"author":18,"featured_media":4522,"comment_status":"closed","ping_status":"closed","sticky":false,"template":"","format":"standard","meta":{"ep_exclude_from_search":false,"p4_og_title":"","p4_og_description":"","p4_og_image":"","p4_og_image_id":"","p4_seo_canonical_url":"","p4_campaign_name":"","p4_local_project":"","p4_basket_name":"","p4_department":"","footnotes":""},"categories":[47],"tags":[56],"p4-page-type":[68],"class_list":["post-4521","post","type-post","status-publish","format-standard","has-post-thumbnail","hentry","category-natur","tag-ozeane","p4-page-type-aktualitaet"],"yoast_head":"<!-- This site is optimized with the Yoast SEO Premium plugin v23.9 (Yoast SEO v23.9) - https:\/\/yoast.com\/wordpress\/plugins\/seo\/ -->\n<title>Die Rechung geht auf - Greenpeace Luxembourg<\/title>\n<meta name=\"robots\" content=\"index, follow, max-snippet:-1, max-image-preview:large, max-video-preview:-1\" \/>\n<link rel=\"canonical\" href=\"https:\/\/www.greenpeace.org\/luxembourg\/de\/aktualitaet\/4521\/die-rechung-geht-auf\/\" \/>\n<meta property=\"og:locale\" content=\"de_DE\" \/>\n<meta property=\"og:type\" content=\"article\" \/>\n<meta property=\"og:title\" content=\"Die Rechung geht auf\" \/>\n<meta property=\"og:description\" content=\"Greenpeace-Studie: Ein Drittel der Weltmeere kann bis 2030 wirkungsvoll gesch\u00fctzt werden. Ein Drittel der Meere soll bis 2030 unter Schutz stehen. Nur welches? Greenpeace hat mit Wissenschaftlern errechnet, wo Schutzgebiete&hellip;\" \/>\n<meta property=\"og:url\" content=\"https:\/\/www.greenpeace.org\/luxembourg\/de\/aktualitaet\/4521\/die-rechung-geht-auf\/\" \/>\n<meta property=\"og:site_name\" content=\"Greenpeace Luxembourg\" \/>\n<meta property=\"article:publisher\" content=\"https:\/\/www.facebook.com\/greenpeaceluxembourg\" \/>\n<meta property=\"article:published_time\" content=\"2019-04-04T12:16:59+00:00\" \/>\n<meta property=\"article:modified_time\" content=\"2021-12-01T15:31:03+00:00\" \/>\n<meta property=\"og:image\" content=\"https:\/\/www.greenpeace.org\/static\/planet4-luxembourg-stateless\/2019\/04\/96bff395-gp012l2_medium_res.jpg\" \/>\n\t<meta property=\"og:image:width\" content=\"1200\" \/>\n\t<meta property=\"og:image:height\" content=\"926\" \/>\n\t<meta property=\"og:image:type\" content=\"image\/jpeg\" \/>\n<meta name=\"author\" content=\"Pauline Maes\" \/>\n<meta name=\"twitter:card\" content=\"summary_large_image\" \/>\n<meta name=\"twitter:label1\" content=\"Written by\" \/>\n\t<meta name=\"twitter:data1\" content=\"Pauline Maes\" \/>\n\t<meta name=\"twitter:label2\" content=\"Est. reading time\" \/>\n\t<meta name=\"twitter:data2\" content=\"4 minutes\" \/>\n<script type=\"application\/ld+json\" class=\"yoast-schema-graph\">{\"@context\":\"https:\/\/schema.org\",\"@graph\":[{\"@type\":\"Article\",\"@id\":\"https:\/\/www.greenpeace.org\/luxembourg\/de\/aktualitaet\/4521\/die-rechung-geht-auf\/#article\",\"isPartOf\":{\"@id\":\"https:\/\/www.greenpeace.org\/luxembourg\/de\/aktualitaet\/4521\/die-rechung-geht-auf\/\"},\"author\":{\"name\":\"Pauline Maes\",\"@id\":\"https:\/\/www.greenpeace.org\/luxembourg\/fr\/#\/schema\/person\/7bbeb343322bdadf139e7e27e7c86ec8\"},\"headline\":\"Die Rechung geht auf\",\"datePublished\":\"2019-04-04T12:16:59+00:00\",\"dateModified\":\"2021-12-01T15:31:03+00:00\",\"mainEntityOfPage\":{\"@id\":\"https:\/\/www.greenpeace.org\/luxembourg\/de\/aktualitaet\/4521\/die-rechung-geht-auf\/\"},\"wordCount\":803,\"publisher\":{\"@id\":\"https:\/\/www.greenpeace.org\/luxembourg\/fr\/#organization\"},\"image\":{\"@id\":\"https:\/\/www.greenpeace.org\/luxembourg\/de\/aktualitaet\/4521\/die-rechung-geht-auf\/#primaryimage\"},\"thumbnailUrl\":\"https:\/\/www.greenpeace.org\/static\/planet4-luxembourg-stateless\/2019\/04\/96bff395-gp012l2_medium_res.jpg\",\"keywords\":[\"Ozeane\"],\"articleSection\":[\"Natur\"],\"inLanguage\":\"de-LU\"},{\"@type\":\"WebPage\",\"@id\":\"https:\/\/www.greenpeace.org\/luxembourg\/de\/aktualitaet\/4521\/die-rechung-geht-auf\/\",\"url\":\"https:\/\/www.greenpeace.org\/luxembourg\/de\/aktualitaet\/4521\/die-rechung-geht-auf\/\",\"name\":\"Die Rechung geht auf - Greenpeace Luxembourg\",\"isPartOf\":{\"@id\":\"https:\/\/www.greenpeace.org\/luxembourg\/fr\/#website\"},\"primaryImageOfPage\":{\"@id\":\"https:\/\/www.greenpeace.org\/luxembourg\/de\/aktualitaet\/4521\/die-rechung-geht-auf\/#primaryimage\"},\"image\":{\"@id\":\"https:\/\/www.greenpeace.org\/luxembourg\/de\/aktualitaet\/4521\/die-rechung-geht-auf\/#primaryimage\"},\"thumbnailUrl\":\"https:\/\/www.greenpeace.org\/static\/planet4-luxembourg-stateless\/2019\/04\/96bff395-gp012l2_medium_res.jpg\",\"datePublished\":\"2019-04-04T12:16:59+00:00\",\"dateModified\":\"2021-12-01T15:31:03+00:00\",\"breadcrumb\":{\"@id\":\"https:\/\/www.greenpeace.org\/luxembourg\/de\/aktualitaet\/4521\/die-rechung-geht-auf\/#breadcrumb\"},\"inLanguage\":\"de-LU\",\"potentialAction\":[{\"@type\":\"ReadAction\",\"target\":[\"https:\/\/www.greenpeace.org\/luxembourg\/de\/aktualitaet\/4521\/die-rechung-geht-auf\/\"]}]},{\"@type\":\"ImageObject\",\"inLanguage\":\"de-LU\",\"@id\":\"https:\/\/www.greenpeace.org\/luxembourg\/de\/aktualitaet\/4521\/die-rechung-geht-auf\/#primaryimage\",\"url\":\"https:\/\/www.greenpeace.org\/static\/planet4-luxembourg-stateless\/2019\/04\/96bff395-gp012l2_medium_res.jpg\",\"contentUrl\":\"https:\/\/www.greenpeace.org\/static\/planet4-luxembourg-stateless\/2019\/04\/96bff395-gp012l2_medium_res.jpg\",\"width\":1200,\"height\":926,\"caption\":\"Unterwasserleben auf den Azoren\"},{\"@type\":\"BreadcrumbList\",\"@id\":\"https:\/\/www.greenpeace.org\/luxembourg\/de\/aktualitaet\/4521\/die-rechung-geht-auf\/#breadcrumb\",\"itemListElement\":[{\"@type\":\"ListItem\",\"position\":1,\"name\":\"Home\",\"item\":\"http:\/\/www.greenpeace.org\/luxembourg\/fr\/\"},{\"@type\":\"ListItem\",\"position\":2,\"name\":\"Die Rechung geht auf\"}]},{\"@type\":\"WebSite\",\"@id\":\"https:\/\/www.greenpeace.org\/luxembourg\/fr\/#website\",\"url\":\"https:\/\/www.greenpeace.org\/luxembourg\/fr\/\",\"name\":\"Greenpeace Luxembourg\",\"description\":\"Greenpeace existiert, weil unsere Erde eine Stimme braucht. Sie ben\u00f6tigt L\u00f6sungen. Ver\u00e4nderungen. Aktionen.\",\"publisher\":{\"@id\":\"https:\/\/www.greenpeace.org\/luxembourg\/fr\/#organization\"},\"potentialAction\":[{\"@type\":\"SearchAction\",\"target\":{\"@type\":\"EntryPoint\",\"urlTemplate\":\"https:\/\/www.greenpeace.org\/luxembourg\/fr\/?s={search_term_string}\"},\"query-input\":{\"@type\":\"PropertyValueSpecification\",\"valueRequired\":true,\"valueName\":\"search_term_string\"}}],\"inLanguage\":\"de-LU\"},{\"@type\":\"Organization\",\"@id\":\"https:\/\/www.greenpeace.org\/luxembourg\/fr\/#organization\",\"name\":\"Greenpeace Luxembourg\",\"url\":\"https:\/\/www.greenpeace.org\/luxembourg\/fr\/\",\"logo\":{\"@type\":\"ImageObject\",\"inLanguage\":\"de-LU\",\"@id\":\"https:\/\/www.greenpeace.org\/luxembourg\/fr\/#\/schema\/logo\/image\/\",\"url\":\"https:\/\/www.greenpeace.org\/static\/planet4-luxembourg-stateless\/2026\/03\/3e367f94-greenpeace_logo_green_rgb.png\",\"contentUrl\":\"https:\/\/www.greenpeace.org\/static\/planet4-luxembourg-stateless\/2026\/03\/3e367f94-greenpeace_logo_green_rgb.png\",\"width\":1080,\"height\":175,\"caption\":\"Greenpeace Luxembourg\"},\"image\":{\"@id\":\"https:\/\/www.greenpeace.org\/luxembourg\/fr\/#\/schema\/logo\/image\/\"},\"sameAs\":[\"https:\/\/www.facebook.com\/greenpeaceluxembourg\",\"https:\/\/www.instagram.com\/greenpeacelux\/\",\"https:\/\/www.linkedin.com\/company\/greenpeace-luxembourg\/\",\"https:\/\/www.threads.com\/@greenpeacelux\",\"https:\/\/bsky.app\/profile\/greenpeacelux.bsky.social\",\"https:\/\/www.youtube.com\/@GreenpeaceLux\",\"https:\/\/www.tiktok.com\/@greenpeace_lux\"]},{\"@type\":\"Person\",\"@id\":\"https:\/\/www.greenpeace.org\/luxembourg\/fr\/#\/schema\/person\/7bbeb343322bdadf139e7e27e7c86ec8\",\"name\":\"Pauline Maes\",\"url\":\"https:\/\/www.greenpeace.org\/luxembourg\/de\/author\/pmaes\/\"}]}<\/script>\n<!-- \/ Yoast SEO Premium plugin. -->","yoast_head_json":{"title":"Die Rechung geht auf - Greenpeace Luxembourg","robots":{"index":"index","follow":"follow","max-snippet":"max-snippet:-1","max-image-preview":"max-image-preview:large","max-video-preview":"max-video-preview:-1"},"canonical":"https:\/\/www.greenpeace.org\/luxembourg\/de\/aktualitaet\/4521\/die-rechung-geht-auf\/","og_locale":"de_DE","og_type":"article","og_title":"Die Rechung geht auf","og_description":"Greenpeace-Studie: Ein Drittel der Weltmeere kann bis 2030 wirkungsvoll gesch\u00fctzt werden. Ein Drittel der Meere soll bis 2030 unter Schutz stehen. Nur welches? Greenpeace hat mit Wissenschaftlern errechnet, wo Schutzgebiete&hellip;","og_url":"https:\/\/www.greenpeace.org\/luxembourg\/de\/aktualitaet\/4521\/die-rechung-geht-auf\/","og_site_name":"Greenpeace Luxembourg","article_publisher":"https:\/\/www.facebook.com\/greenpeaceluxembourg","article_published_time":"2019-04-04T12:16:59+00:00","article_modified_time":"2021-12-01T15:31:03+00:00","og_image":[{"width":1200,"height":926,"url":"https:\/\/www.greenpeace.org\/static\/planet4-luxembourg-stateless\/2019\/04\/96bff395-gp012l2_medium_res.jpg","type":"image\/jpeg"}],"author":"Pauline Maes","twitter_card":"summary_large_image","twitter_misc":{"Written by":"Pauline Maes","Est. reading time":"4 minutes"},"schema":{"@context":"https:\/\/schema.org","@graph":[{"@type":"Article","@id":"https:\/\/www.greenpeace.org\/luxembourg\/de\/aktualitaet\/4521\/die-rechung-geht-auf\/#article","isPartOf":{"@id":"https:\/\/www.greenpeace.org\/luxembourg\/de\/aktualitaet\/4521\/die-rechung-geht-auf\/"},"author":{"name":"Pauline Maes","@id":"https:\/\/www.greenpeace.org\/luxembourg\/fr\/#\/schema\/person\/7bbeb343322bdadf139e7e27e7c86ec8"},"headline":"Die Rechung geht auf","datePublished":"2019-04-04T12:16:59+00:00","dateModified":"2021-12-01T15:31:03+00:00","mainEntityOfPage":{"@id":"https:\/\/www.greenpeace.org\/luxembourg\/de\/aktualitaet\/4521\/die-rechung-geht-auf\/"},"wordCount":803,"publisher":{"@id":"https:\/\/www.greenpeace.org\/luxembourg\/fr\/#organization"},"image":{"@id":"https:\/\/www.greenpeace.org\/luxembourg\/de\/aktualitaet\/4521\/die-rechung-geht-auf\/#primaryimage"},"thumbnailUrl":"https:\/\/www.greenpeace.org\/static\/planet4-luxembourg-stateless\/2019\/04\/96bff395-gp012l2_medium_res.jpg","keywords":["Ozeane"],"articleSection":["Natur"],"inLanguage":"de-LU"},{"@type":"WebPage","@id":"https:\/\/www.greenpeace.org\/luxembourg\/de\/aktualitaet\/4521\/die-rechung-geht-auf\/","url":"https:\/\/www.greenpeace.org\/luxembourg\/de\/aktualitaet\/4521\/die-rechung-geht-auf\/","name":"Die Rechung geht auf - Greenpeace Luxembourg","isPartOf":{"@id":"https:\/\/www.greenpeace.org\/luxembourg\/fr\/#website"},"primaryImageOfPage":{"@id":"https:\/\/www.greenpeace.org\/luxembourg\/de\/aktualitaet\/4521\/die-rechung-geht-auf\/#primaryimage"},"image":{"@id":"https:\/\/www.greenpeace.org\/luxembourg\/de\/aktualitaet\/4521\/die-rechung-geht-auf\/#primaryimage"},"thumbnailUrl":"https:\/\/www.greenpeace.org\/static\/planet4-luxembourg-stateless\/2019\/04\/96bff395-gp012l2_medium_res.jpg","datePublished":"2019-04-04T12:16:59+00:00","dateModified":"2021-12-01T15:31:03+00:00","breadcrumb":{"@id":"https:\/\/www.greenpeace.org\/luxembourg\/de\/aktualitaet\/4521\/die-rechung-geht-auf\/#breadcrumb"},"inLanguage":"de-LU","potentialAction":[{"@type":"ReadAction","target":["https:\/\/www.greenpeace.org\/luxembourg\/de\/aktualitaet\/4521\/die-rechung-geht-auf\/"]}]},{"@type":"ImageObject","inLanguage":"de-LU","@id":"https:\/\/www.greenpeace.org\/luxembourg\/de\/aktualitaet\/4521\/die-rechung-geht-auf\/#primaryimage","url":"https:\/\/www.greenpeace.org\/static\/planet4-luxembourg-stateless\/2019\/04\/96bff395-gp012l2_medium_res.jpg","contentUrl":"https:\/\/www.greenpeace.org\/static\/planet4-luxembourg-stateless\/2019\/04\/96bff395-gp012l2_medium_res.jpg","width":1200,"height":926,"caption":"Unterwasserleben auf den Azoren"},{"@type":"BreadcrumbList","@id":"https:\/\/www.greenpeace.org\/luxembourg\/de\/aktualitaet\/4521\/die-rechung-geht-auf\/#breadcrumb","itemListElement":[{"@type":"ListItem","position":1,"name":"Home","item":"http:\/\/www.greenpeace.org\/luxembourg\/fr\/"},{"@type":"ListItem","position":2,"name":"Die Rechung geht auf"}]},{"@type":"WebSite","@id":"https:\/\/www.greenpeace.org\/luxembourg\/fr\/#website","url":"https:\/\/www.greenpeace.org\/luxembourg\/fr\/","name":"Greenpeace Luxembourg","description":"Greenpeace existiert, weil unsere Erde eine Stimme braucht. Sie ben\u00f6tigt L\u00f6sungen. Ver\u00e4nderungen. Aktionen.","publisher":{"@id":"https:\/\/www.greenpeace.org\/luxembourg\/fr\/#organization"},"potentialAction":[{"@type":"SearchAction","target":{"@type":"EntryPoint","urlTemplate":"https:\/\/www.greenpeace.org\/luxembourg\/fr\/?s={search_term_string}"},"query-input":{"@type":"PropertyValueSpecification","valueRequired":true,"valueName":"search_term_string"}}],"inLanguage":"de-LU"},{"@type":"Organization","@id":"https:\/\/www.greenpeace.org\/luxembourg\/fr\/#organization","name":"Greenpeace Luxembourg","url":"https:\/\/www.greenpeace.org\/luxembourg\/fr\/","logo":{"@type":"ImageObject","inLanguage":"de-LU","@id":"https:\/\/www.greenpeace.org\/luxembourg\/fr\/#\/schema\/logo\/image\/","url":"https:\/\/www.greenpeace.org\/static\/planet4-luxembourg-stateless\/2026\/03\/3e367f94-greenpeace_logo_green_rgb.png","contentUrl":"https:\/\/www.greenpeace.org\/static\/planet4-luxembourg-stateless\/2026\/03\/3e367f94-greenpeace_logo_green_rgb.png","width":1080,"height":175,"caption":"Greenpeace Luxembourg"},"image":{"@id":"https:\/\/www.greenpeace.org\/luxembourg\/fr\/#\/schema\/logo\/image\/"},"sameAs":["https:\/\/www.facebook.com\/greenpeaceluxembourg","https:\/\/www.instagram.com\/greenpeacelux\/","https:\/\/www.linkedin.com\/company\/greenpeace-luxembourg\/","https:\/\/www.threads.com\/@greenpeacelux","https:\/\/bsky.app\/profile\/greenpeacelux.bsky.social","https:\/\/www.youtube.com\/@GreenpeaceLux","https:\/\/www.tiktok.com\/@greenpeace_lux"]},{"@type":"Person","@id":"https:\/\/www.greenpeace.org\/luxembourg\/fr\/#\/schema\/person\/7bbeb343322bdadf139e7e27e7c86ec8","name":"Pauline Maes","url":"https:\/\/www.greenpeace.org\/luxembourg\/de\/author\/pmaes\/"}]}},"_links":{"self":[{"href":"https:\/\/www.greenpeace.org\/luxembourg\/de\/wp-json\/wp\/v2\/posts\/4521","targetHints":{"allow":["GET"]}}],"collection":[{"href":"https:\/\/www.greenpeace.org\/luxembourg\/de\/wp-json\/wp\/v2\/posts"}],"about":[{"href":"https:\/\/www.greenpeace.org\/luxembourg\/de\/wp-json\/wp\/v2\/types\/post"}],"author":[{"embeddable":true,"href":"https:\/\/www.greenpeace.org\/luxembourg\/de\/wp-json\/wp\/v2\/users\/18"}],"replies":[{"embeddable":true,"href":"https:\/\/www.greenpeace.org\/luxembourg\/de\/wp-json\/wp\/v2\/comments?post=4521"}],"version-history":[{"count":6,"href":"https:\/\/www.greenpeace.org\/luxembourg\/de\/wp-json\/wp\/v2\/posts\/4521\/revisions"}],"predecessor-version":[{"id":13078,"href":"https:\/\/www.greenpeace.org\/luxembourg\/de\/wp-json\/wp\/v2\/posts\/4521\/revisions\/13078"}],"wp:featuredmedia":[{"embeddable":true,"href":"https:\/\/www.greenpeace.org\/luxembourg\/de\/wp-json\/wp\/v2\/media\/4522"}],"wp:attachment":[{"href":"https:\/\/www.greenpeace.org\/luxembourg\/de\/wp-json\/wp\/v2\/media?parent=4521"}],"wp:term":[{"taxonomy":"category","embeddable":true,"href":"https:\/\/www.greenpeace.org\/luxembourg\/de\/wp-json\/wp\/v2\/categories?post=4521"},{"taxonomy":"post_tag","embeddable":true,"href":"https:\/\/www.greenpeace.org\/luxembourg\/de\/wp-json\/wp\/v2\/tags?post=4521"},{"taxonomy":"p4-page-type","embeddable":true,"href":"https:\/\/www.greenpeace.org\/luxembourg\/de\/wp-json\/wp\/v2\/p4-page-type?post=4521"}],"curies":[{"name":"wp","href":"https:\/\/api.w.org\/{rel}","templated":true}]}}