{"id":4774,"date":"2019-05-21T11:50:29","date_gmt":"2019-05-21T09:50:29","guid":{"rendered":"https:\/\/www.greenpeace.org\/luxembourg\/?p=4774"},"modified":"2021-12-01T17:30:39","modified_gmt":"2021-12-01T15:30:39","slug":"klimakiller-kunststoff","status":"publish","type":"post","link":"https:\/\/www.greenpeace.org\/luxembourg\/de\/aktualitaet\/4774\/klimakiller-kunststoff\/","title":{"rendered":"Klimakiller Kunststoff"},"content":{"rendered":"<h2 class=\"field--subline\">Neuer Report \u00fcber den Zusammenhang zwischen Plastikproduktion und Erderhitzung<\/h2>\n<p><strong>Plastik ist sch\u00e4dlich f\u00fcr die Umwelt \u2013 so weit, so bekannt. Ein neuer Report beleuchtet einen bislang vernachl\u00e4ssigten Aspekt von Kunststoffen: wie sie den Klimawandel vorantreiben.<\/strong><\/p>\n<div id=\"attachment_4776\" style=\"width: 1034px\" class=\"wp-caption aligncenter\"><img loading=\"lazy\" decoding=\"async\" aria-describedby=\"caption-attachment-4776\" class=\"size-large wp-image-4776\" src=\"https:\/\/www.greenpeace.org\/static\/planet4-luxembourg-stateless\/2019\/05\/9b89602c-gp0stsx69-1024x683.jpg\" alt=\"\" width=\"1024\" height=\"683\" srcset=\"https:\/\/www.greenpeace.org\/static\/planet4-luxembourg-stateless\/2019\/05\/9b89602c-gp0stsx69-1024x683.jpg 1024w, https:\/\/www.greenpeace.org\/static\/planet4-luxembourg-stateless\/2019\/05\/9b89602c-gp0stsx69-300x200.jpg 300w, https:\/\/www.greenpeace.org\/static\/planet4-luxembourg-stateless\/2019\/05\/9b89602c-gp0stsx69-768x512.jpg 768w, https:\/\/www.greenpeace.org\/static\/planet4-luxembourg-stateless\/2019\/05\/9b89602c-gp0stsx69-510x340.jpg 510w, https:\/\/www.greenpeace.org\/static\/planet4-luxembourg-stateless\/2019\/05\/9b89602c-gp0stsx69.jpg 1200w\" sizes=\"auto, (max-width: 1024px) 100vw, 1024px\" \/><p id=\"caption-attachment-4776\" class=\"wp-caption-text\">Ein neuer Report legt nahe, dass die sichtbaren Folgen der Plastik\u00fcberproduktion nur ein Teil des Problems sind: Plastik ist ebenfalls klimasch\u00e4dlich.<\/p><\/div>\n<p>Angesichts\u00a0verm\u00fcllter Meeresstr\u00e4nde\u00a0und\u00a0<a href=\"https:\/\/www.spiegel.de\/wissenschaft\/natur\/marianengraben-forscher-taucht-10-928-meter-tief-und-findet-plastiktuete-a-1267275.html\">Kunststofft\u00fcten in 10.000 Metern Tiefe<\/a>\u00a0k\u00e4me man nicht darauf, dass das Umweltproblem Plastik noch untersch\u00e4tzt wird. Ein aktueller Report besagt aber genau das. Die Autoren von\u00a0<a href=\"http:\/\/bit.ly\/plasticandclimate\" target=\"_blank\" rel=\"noopener noreferrer\">\u201ePlastic &amp; Climate: The Hidden Costs of a Plastic Planet\u201c<\/a>\u00a0weisen erstmals nach, dass es einen Zusammenhang zwischen Erderhitzung und Plastik gibt \u2013 denn von der Produktion bis zur Entsorgung gelangt klimasch\u00e4dliches CO2 in die Atmosph\u00e4re. Alleine 2019 entstehen dadurch 850 Millionen Tonnen Treibhausgas, vergleichbar mit dem Aussto\u00df von 136 Kohlekraftwerken im gleichen Zeitraum.<\/p>\n<p>Erstellt hat die Untersuchung ein internationales Netzwerk von Klimaschutzakteuren: das Zentrum f\u00fcr internationales Umweltrecht\u00a0<a href=\"https:\/\/www.ciel.org\/\" target=\"_blank\" rel=\"noopener noreferrer\">CIEL<\/a>, das\u00a0<a href=\"https:\/\/www.environmentalintegrity.org\/\" target=\"_blank\" rel=\"noopener noreferrer\">Environmental Integrity Project<\/a>, die\u00a0<a href=\"https:\/\/www.fractracker.org\/\" target=\"_blank\" rel=\"noopener noreferrer\">FracTracker Alliance<\/a>, die Global Alliance for Incinerator Alternatives\u00a0<a href=\"https:\/\/www.no-burn.org\/\" target=\"_blank\" rel=\"noopener noreferrer\">GAIA<\/a>,\u00a0<a href=\"https:\/\/www.5gyres.org\/\" target=\"_blank\" rel=\"noopener noreferrer\">5 Gyres<\/a>\u00a0und das Projekt\u00a0<a href=\"https:\/\/www.breakfreefromplastic.org\/\" target=\"_blank\" rel=\"noopener noreferrer\">Break Free From Plastic<\/a>, an dem Greenpeace beteiligt ist.<\/p>\n<h3>DIE VERSTECKTEN KOSTEN VON PLASTIK<\/h3>\n<p>Das sichtbare Plastikproblem ist verheerend genug. Doch die nicht so offen darliegenden Folgen der Kunststoffflut sind auch deswegen so dramatisch, weil wir gerade erst beginnen, sie zu verstehen: Die \u201eversteckten Kosten eines Plastikplaneten\u201c, wie sie der Report in der Unterzeile nennt, sorgen nun f\u00fcr ein b\u00f6ses Erwachen.<\/p>\n<p>Das liegt an der immer schneller wachsenden petrochemischen Industrie. Seit rund zehn Jahren gibt es einen Boom in der Plastikherstellung, weil viel billiges Erdgas f\u00fcr die Produktion zur Verf\u00fcgung steht. Ohne aktives Gegenlenken ist keine Umkehrung des Trends zu erwarten: Statt Plastik zu reduzieren, wird immer mehr davon hergestellt.<\/p>\n<p>Bis 2050 k\u00f6nnten durch die Produktion und Entsorgung von Plastik bis zu 56 Gigatonnen Treibhausgase in die Atmosph\u00e4re gelangen, das ist rund ein Siebtel des gesamten Kohlenstoffdioxid-Budgets, das die Erde \u00fcberhaupt verkraften kann. Ist es ausgereizt, w\u00fcrde sich die Erde um mehr als 1,5 Grad Celsius im Vergleich zum vorindustriellen Niveau erhitzen \u2013\u00a0<a title=\"Es geht um alles\" href=\"https:\/\/www.greenpeace.de\/themen\/klimawandel\/es-geht-um-alles\">mit schwerwiegenden Folgen f\u00fcr die Lebensgrundlagen des gesamten Planeten<\/a>.<\/p>\n<h3>VERM\u00dcLLTE OZEANE SCHADEN DER ATMOSPH\u00c4RE<\/h3>\n<p>Wie kompliziert die Zusammenh\u00e4nge sind, zeigt sich an einem kaum erforschten Umstand, den der Report ebenfalls aufgreift: Plastik ist nicht nur an vermehrten CO2-Emissionen schuld \u2013 es mindert auch die F\u00e4higkeit des Planeten, mit ihnen fertig zu werden. Denn die Ozeane binden einen gro\u00dfen Teil Kohlenstoffdioxid: rund 40 Prozent aller menschengemachten CO2-Emissionen seit der Industrialisierung. Neue Forschungen zeigen, dass durch die Verschmutzung der Meere die\u00a0<a title=\"Die Rechnung geht auf\" href=\"https:\/\/www.greenpeace.org\/luxembourg\/de\/aktualitaet\/4521\/die-rechung-geht-auf\/\">\u201ebiologische Pumpe\u201c<\/a>\u00a0angegriffen wird \u2013 das hei\u00dft, die Eigenschaft der Meere, Kohlenstoffdioxid von der Wasseroberfl\u00e4che am Meeresgrund zu binden.<\/p>\n<p>Die L\u00f6sung ist im Grunde einfach, aber drastisch, befinden die Autoren des Reports: Der wirksamste Weg, die Kunststoffkrise zu bew\u00e4ltigen, besteht darin, die Produktion von unn\u00f6tigem Kunststoff massiv zu reduzieren,\u00a0<a href=\"http:\/\/www.noplastic.lu\" target=\"_blank\" rel=\"noopener noreferrer\">beginnend mit nationalen und internationalen Verboten f\u00fcr so gut wie alle Einweg-Kunststoffe<\/a>. Das verwendete Plastik muss kreislauff\u00e4hig sein \u2013 und wer es herstellt, muss sich zu ehrgeizigen Zielen verpflichten, wie sie Treibhausgasemissionen schnellstm\u00f6glich verringern wollen. Was die Welt \u00fcberhaupt nicht braucht: den Bau hunderter neuer Plastikfabriken \u2013 egal, wie billig die Kunststoffherstellung gerade ist.<\/p>\n<p>\u201e<em>Diese Bericht ist ein weiteres warnendes Beispiel daf\u00fcr, warum die Wegwerfkultur der Unternehmen ein Ende haben muss<\/em>\u201c, sagt Viola Wohlgemuth, Expertin f\u00fcr Chemie und Plastik bei Greenpeace Deutschland. Es sei klarer denn je, dass Unternehmen und Regierungen energische Ma\u00dfnahmen ergreifen m\u00fcssen, um Einweg-Kunststoffe sofort auslaufen zu lassen und zu Systemen der Wiederverwendung \u00fcberzugehen. \u201e<em>Denn Kunststoffe t\u00f6ten nicht nur Meerestiere, gef\u00e4hrden unsere Gesundheit und verursachen eine globale Verschmutzungskrise ungekannten Ausma\u00dfes, sie tragen zus\u00e4tzlich auch noch zu einer unkontrollierbaren Klimakrise bei.<\/em>\u201c<\/p>\n<p>Link(s) :<\/p>\n<ul class=\"field--links\">\n<li><a href=\"https:\/\/www.ciel.org\/plasticandclimate\/\" target=\"_blank\" rel=\"noopener noreferrer\">Report: Plastic &amp; Climate<\/a><\/li>\n<\/ul>\n<p>&nbsp;<\/p>\n<p><a href=\"https:\/\/www.greenpeace.de\/themen\/endlager-umwelt\/plastikmuell\/klimakiller-kunststoff\"><em><strong>Article Source :<\/strong> <\/em><\/a>Greenpeace Deutschland<\/p>\n\t\t\t<section\n\t\t\tclass=\"boxout post-3442 \"\n\t\t\t\n\t\t>\n\t\t\t<a\n\t\t\t\tdata-ga-category=\"Take Action Boxout\"\n\t\t\t\tdata-ga-action=\"Image\"\n\t\t\t\tdata-ga-label=\"n\/a\"\n\t\t\t\tclass=\"cover-card-overlay\"\n\t\t\t\thref=\"https:\/\/www.greenpeace.org\/luxembourg\/de\/handeln\/eine-zukunft-ohne-plastik\/\" \n\t\t\t><\/a>\n\t\t\t\t\t\t\t<img\n\t\t\t\t\t\tsrc=\"https:\/\/www.greenpeace.org\/static\/planet4-luxembourg-stateless\/2022\/03\/fbf255a3-gp1sv44g-1024x576.jpg\"\n\t\t\t\t\t\tsrcset=\"https:\/\/www.greenpeace.org\/static\/planet4-luxembourg-stateless\/2022\/03\/fbf255a3-gp1sv44g-300x169.jpg 300w, https:\/\/www.greenpeace.org\/static\/planet4-luxembourg-stateless\/2022\/03\/fbf255a3-gp1sv44g-1024x576.jpg 1024w, https:\/\/www.greenpeace.org\/static\/planet4-luxembourg-stateless\/2022\/03\/fbf255a3-gp1sv44g-768x432.jpg 768w, https:\/\/www.greenpeace.org\/static\/planet4-luxembourg-stateless\/2022\/03\/fbf255a3-gp1sv44g-510x287.jpg 510w, https:\/\/www.greenpeace.org\/static\/planet4-luxembourg-stateless\/2022\/03\/fbf255a3-gp1sv44g.jpg 1200w\"\n\t\t\t\t\t\tsizes=\"(min-width: 1000px) 358px, (min-width: 780px) 313px, 88px\"\n\t\t\t\t\t\talt=\"\" title=\"\"\n\t\t\t\t\/>\n            \t\t\t<div class=\"boxout-content\">\n\t\t\t\t\t\t\t\t\t<a\n\t\t\t\t\t\tclass=\"boxout-heading medium\"\n\t\t\t\t\t\tdata-ga-category=\"Take Action Boxout\"\n\t\t\t\t\t\tdata-ga-action=\"Title\"\n\t\t\t\t\t\tdata-ga-label=\"n\/a\"\n\t\t\t\t\t\thref=\"https:\/\/www.greenpeace.org\/luxembourg\/de\/handeln\/eine-zukunft-ohne-plastik\/\"\n\t\t\t\t\t\t\n\t\t\t\t\t>\n\t\t\t\t\t\tEine Zukunft ohne Plastik\n\t\t\t\t\t<\/a>\n\t\t\t\t\t\t\t\t\t\t\t\t\t<p class=\"boxout-excerpt\">Eine einmalige Gelegenheit: Unterst\u00fctze ein internationales Abkommen zur Regulierung des Lebenszyklus von Plastik!\n\n<\/p>\n\t\t\t\t                                    <a\n                        class=\"btn btn-primary\"\n                        data-ga-category=\"Take Action Boxout\"\n                        data-ga-action=\"Call to Action\"\n                        data-ga-label=\"n\/a\"\n                        href=\"https:\/\/www.greenpeace.org\/luxembourg\/de\/handeln\/eine-zukunft-ohne-plastik\/\"\n                        \n                    >\n                        Machen Sie mit!\n                    <\/a>\n                \t\t\t<\/div>\n\t\t\t\t\t<\/section>\n\t","protected":false},"excerpt":{"rendered":"<p>Neuer Report \u00fcber den Zusammenhang zwischen Plastikproduktion und Erderhitzung Plastik ist sch\u00e4dlich f\u00fcr die Umwelt \u2013 so weit, so bekannt. Ein neuer Report beleuchtet einen bislang vernachl\u00e4ssigten Aspekt von Kunststoffen:&hellip;<\/p>\n","protected":false},"author":18,"featured_media":4776,"comment_status":"closed","ping_status":"closed","sticky":false,"template":"","format":"standard","meta":{"ep_exclude_from_search":false,"p4_og_title":"","p4_og_description":"","p4_og_image":"","p4_og_image_id":"","p4_seo_canonical_url":"","p4_campaign_name":"","p4_local_project":"","p4_basket_name":"","p4_department":"","footnotes":""},"categories":[48],"tags":[50,56,65],"p4-page-type":[68],"class_list":["post-4774","post","type-post","status-publish","format-standard","has-post-thumbnail","hentry","category-klima","tag-verschmutzung","tag-ozeane","tag-klimawandel","p4-page-type-aktualitaet"],"yoast_head":"<!-- This site is optimized with the Yoast SEO Premium plugin v23.9 (Yoast SEO v23.9) - https:\/\/yoast.com\/wordpress\/plugins\/seo\/ -->\n<title>Klimakiller Kunststoff - Greenpeace Luxembourg<\/title>\n<meta name=\"robots\" content=\"index, follow, max-snippet:-1, max-image-preview:large, max-video-preview:-1\" \/>\n<link rel=\"canonical\" href=\"https:\/\/www.greenpeace.org\/luxembourg\/de\/aktualitaet\/4774\/klimakiller-kunststoff\/\" \/>\n<meta property=\"og:locale\" content=\"de_DE\" \/>\n<meta property=\"og:type\" content=\"article\" \/>\n<meta property=\"og:title\" content=\"Klimakiller Kunststoff\" \/>\n<meta property=\"og:description\" content=\"Neuer Report \u00fcber den Zusammenhang zwischen Plastikproduktion und Erderhitzung Plastik ist sch\u00e4dlich f\u00fcr die Umwelt \u2013 so weit, so bekannt. Ein neuer Report beleuchtet einen bislang vernachl\u00e4ssigten Aspekt von Kunststoffen:&hellip;\" \/>\n<meta property=\"og:url\" content=\"https:\/\/www.greenpeace.org\/luxembourg\/de\/aktualitaet\/4774\/klimakiller-kunststoff\/\" \/>\n<meta property=\"og:site_name\" content=\"Greenpeace Luxembourg\" \/>\n<meta property=\"article:publisher\" content=\"https:\/\/www.facebook.com\/greenpeaceluxembourg\" \/>\n<meta property=\"article:published_time\" content=\"2019-05-21T09:50:29+00:00\" \/>\n<meta property=\"article:modified_time\" content=\"2021-12-01T15:30:39+00:00\" \/>\n<meta property=\"og:image\" content=\"https:\/\/www.greenpeace.org\/static\/planet4-luxembourg-stateless\/2019\/05\/9b89602c-gp0stsx69.jpg\" \/>\n\t<meta property=\"og:image:width\" content=\"1200\" \/>\n\t<meta property=\"og:image:height\" content=\"800\" \/>\n\t<meta property=\"og:image:type\" content=\"image\/jpeg\" \/>\n<meta name=\"author\" content=\"Pauline Maes\" \/>\n<meta name=\"twitter:card\" content=\"summary_large_image\" \/>\n<meta name=\"twitter:label1\" content=\"Written by\" \/>\n\t<meta name=\"twitter:data1\" content=\"Pauline Maes\" \/>\n\t<meta name=\"twitter:label2\" content=\"Est. reading time\" \/>\n\t<meta name=\"twitter:data2\" content=\"3 minutes\" \/>\n<script type=\"application\/ld+json\" class=\"yoast-schema-graph\">{\"@context\":\"https:\/\/schema.org\",\"@graph\":[{\"@type\":\"Article\",\"@id\":\"https:\/\/www.greenpeace.org\/luxembourg\/de\/aktualitaet\/4774\/klimakiller-kunststoff\/#article\",\"isPartOf\":{\"@id\":\"https:\/\/www.greenpeace.org\/luxembourg\/de\/aktualitaet\/4774\/klimakiller-kunststoff\/\"},\"author\":{\"name\":\"Pauline Maes\",\"@id\":\"https:\/\/www.greenpeace.org\/luxembourg\/fr\/#\/schema\/person\/7bbeb343322bdadf139e7e27e7c86ec8\"},\"headline\":\"Klimakiller Kunststoff\",\"datePublished\":\"2019-05-21T09:50:29+00:00\",\"dateModified\":\"2021-12-01T15:30:39+00:00\",\"mainEntityOfPage\":{\"@id\":\"https:\/\/www.greenpeace.org\/luxembourg\/de\/aktualitaet\/4774\/klimakiller-kunststoff\/\"},\"wordCount\":646,\"publisher\":{\"@id\":\"https:\/\/www.greenpeace.org\/luxembourg\/fr\/#organization\"},\"image\":{\"@id\":\"https:\/\/www.greenpeace.org\/luxembourg\/de\/aktualitaet\/4774\/klimakiller-kunststoff\/#primaryimage\"},\"thumbnailUrl\":\"https:\/\/www.greenpeace.org\/static\/planet4-luxembourg-stateless\/2019\/05\/9b89602c-gp0stsx69.jpg\",\"keywords\":[\"Verschmutzung\",\"Ozeane\",\"Klimawandel\"],\"articleSection\":[\"Klima\"],\"inLanguage\":\"de-LU\"},{\"@type\":\"WebPage\",\"@id\":\"https:\/\/www.greenpeace.org\/luxembourg\/de\/aktualitaet\/4774\/klimakiller-kunststoff\/\",\"url\":\"https:\/\/www.greenpeace.org\/luxembourg\/de\/aktualitaet\/4774\/klimakiller-kunststoff\/\",\"name\":\"Klimakiller Kunststoff - Greenpeace Luxembourg\",\"isPartOf\":{\"@id\":\"https:\/\/www.greenpeace.org\/luxembourg\/fr\/#website\"},\"primaryImageOfPage\":{\"@id\":\"https:\/\/www.greenpeace.org\/luxembourg\/de\/aktualitaet\/4774\/klimakiller-kunststoff\/#primaryimage\"},\"image\":{\"@id\":\"https:\/\/www.greenpeace.org\/luxembourg\/de\/aktualitaet\/4774\/klimakiller-kunststoff\/#primaryimage\"},\"thumbnailUrl\":\"https:\/\/www.greenpeace.org\/static\/planet4-luxembourg-stateless\/2019\/05\/9b89602c-gp0stsx69.jpg\",\"datePublished\":\"2019-05-21T09:50:29+00:00\",\"dateModified\":\"2021-12-01T15:30:39+00:00\",\"breadcrumb\":{\"@id\":\"https:\/\/www.greenpeace.org\/luxembourg\/de\/aktualitaet\/4774\/klimakiller-kunststoff\/#breadcrumb\"},\"inLanguage\":\"de-LU\",\"potentialAction\":[{\"@type\":\"ReadAction\",\"target\":[\"https:\/\/www.greenpeace.org\/luxembourg\/de\/aktualitaet\/4774\/klimakiller-kunststoff\/\"]}]},{\"@type\":\"ImageObject\",\"inLanguage\":\"de-LU\",\"@id\":\"https:\/\/www.greenpeace.org\/luxembourg\/de\/aktualitaet\/4774\/klimakiller-kunststoff\/#primaryimage\",\"url\":\"https:\/\/www.greenpeace.org\/static\/planet4-luxembourg-stateless\/2019\/05\/9b89602c-gp0stsx69.jpg\",\"contentUrl\":\"https:\/\/www.greenpeace.org\/static\/planet4-luxembourg-stateless\/2019\/05\/9b89602c-gp0stsx69.jpg\",\"width\":1200,\"height\":800,\"caption\":\"Ein neuer Report legt nahe, dass die sichtbaren Folgen der Plastik\u00fcberproduktion nur ein Teil des Problems sind: Plastik ist ebenfalls klimasch\u00e4dlich.\"},{\"@type\":\"BreadcrumbList\",\"@id\":\"https:\/\/www.greenpeace.org\/luxembourg\/de\/aktualitaet\/4774\/klimakiller-kunststoff\/#breadcrumb\",\"itemListElement\":[{\"@type\":\"ListItem\",\"position\":1,\"name\":\"Home\",\"item\":\"http:\/\/www.greenpeace.org\/luxembourg\/fr\/\"},{\"@type\":\"ListItem\",\"position\":2,\"name\":\"Klimakiller Kunststoff\"}]},{\"@type\":\"WebSite\",\"@id\":\"https:\/\/www.greenpeace.org\/luxembourg\/fr\/#website\",\"url\":\"https:\/\/www.greenpeace.org\/luxembourg\/fr\/\",\"name\":\"Greenpeace Luxembourg\",\"description\":\"Greenpeace existiert, weil unsere Erde eine Stimme braucht. Sie ben\u00f6tigt L\u00f6sungen. Ver\u00e4nderungen. Aktionen.\",\"publisher\":{\"@id\":\"https:\/\/www.greenpeace.org\/luxembourg\/fr\/#organization\"},\"potentialAction\":[{\"@type\":\"SearchAction\",\"target\":{\"@type\":\"EntryPoint\",\"urlTemplate\":\"https:\/\/www.greenpeace.org\/luxembourg\/fr\/?s={search_term_string}\"},\"query-input\":{\"@type\":\"PropertyValueSpecification\",\"valueRequired\":true,\"valueName\":\"search_term_string\"}}],\"inLanguage\":\"de-LU\"},{\"@type\":\"Organization\",\"@id\":\"https:\/\/www.greenpeace.org\/luxembourg\/fr\/#organization\",\"name\":\"Greenpeace Luxembourg\",\"url\":\"https:\/\/www.greenpeace.org\/luxembourg\/fr\/\",\"logo\":{\"@type\":\"ImageObject\",\"inLanguage\":\"de-LU\",\"@id\":\"https:\/\/www.greenpeace.org\/luxembourg\/fr\/#\/schema\/logo\/image\/\",\"url\":\"https:\/\/www.greenpeace.org\/static\/planet4-luxembourg-stateless\/2026\/03\/3e367f94-greenpeace_logo_green_rgb.png\",\"contentUrl\":\"https:\/\/www.greenpeace.org\/static\/planet4-luxembourg-stateless\/2026\/03\/3e367f94-greenpeace_logo_green_rgb.png\",\"width\":1080,\"height\":175,\"caption\":\"Greenpeace Luxembourg\"},\"image\":{\"@id\":\"https:\/\/www.greenpeace.org\/luxembourg\/fr\/#\/schema\/logo\/image\/\"},\"sameAs\":[\"https:\/\/www.facebook.com\/greenpeaceluxembourg\",\"https:\/\/www.instagram.com\/greenpeacelux\/\",\"https:\/\/www.linkedin.com\/company\/greenpeace-luxembourg\/\",\"https:\/\/www.threads.com\/@greenpeacelux\",\"https:\/\/bsky.app\/profile\/greenpeacelux.bsky.social\",\"https:\/\/www.youtube.com\/@GreenpeaceLux\",\"https:\/\/www.tiktok.com\/@greenpeace_lux\"]},{\"@type\":\"Person\",\"@id\":\"https:\/\/www.greenpeace.org\/luxembourg\/fr\/#\/schema\/person\/7bbeb343322bdadf139e7e27e7c86ec8\",\"name\":\"Pauline Maes\",\"url\":\"https:\/\/www.greenpeace.org\/luxembourg\/de\/author\/pmaes\/\"}]}<\/script>\n<!-- \/ Yoast SEO Premium plugin. -->","yoast_head_json":{"title":"Klimakiller Kunststoff - Greenpeace Luxembourg","robots":{"index":"index","follow":"follow","max-snippet":"max-snippet:-1","max-image-preview":"max-image-preview:large","max-video-preview":"max-video-preview:-1"},"canonical":"https:\/\/www.greenpeace.org\/luxembourg\/de\/aktualitaet\/4774\/klimakiller-kunststoff\/","og_locale":"de_DE","og_type":"article","og_title":"Klimakiller Kunststoff","og_description":"Neuer Report \u00fcber den Zusammenhang zwischen Plastikproduktion und Erderhitzung Plastik ist sch\u00e4dlich f\u00fcr die Umwelt \u2013 so weit, so bekannt. Ein neuer Report beleuchtet einen bislang vernachl\u00e4ssigten Aspekt von Kunststoffen:&hellip;","og_url":"https:\/\/www.greenpeace.org\/luxembourg\/de\/aktualitaet\/4774\/klimakiller-kunststoff\/","og_site_name":"Greenpeace Luxembourg","article_publisher":"https:\/\/www.facebook.com\/greenpeaceluxembourg","article_published_time":"2019-05-21T09:50:29+00:00","article_modified_time":"2021-12-01T15:30:39+00:00","og_image":[{"width":1200,"height":800,"url":"https:\/\/www.greenpeace.org\/static\/planet4-luxembourg-stateless\/2019\/05\/9b89602c-gp0stsx69.jpg","type":"image\/jpeg"}],"author":"Pauline Maes","twitter_card":"summary_large_image","twitter_misc":{"Written by":"Pauline Maes","Est. reading time":"3 minutes"},"schema":{"@context":"https:\/\/schema.org","@graph":[{"@type":"Article","@id":"https:\/\/www.greenpeace.org\/luxembourg\/de\/aktualitaet\/4774\/klimakiller-kunststoff\/#article","isPartOf":{"@id":"https:\/\/www.greenpeace.org\/luxembourg\/de\/aktualitaet\/4774\/klimakiller-kunststoff\/"},"author":{"name":"Pauline Maes","@id":"https:\/\/www.greenpeace.org\/luxembourg\/fr\/#\/schema\/person\/7bbeb343322bdadf139e7e27e7c86ec8"},"headline":"Klimakiller Kunststoff","datePublished":"2019-05-21T09:50:29+00:00","dateModified":"2021-12-01T15:30:39+00:00","mainEntityOfPage":{"@id":"https:\/\/www.greenpeace.org\/luxembourg\/de\/aktualitaet\/4774\/klimakiller-kunststoff\/"},"wordCount":646,"publisher":{"@id":"https:\/\/www.greenpeace.org\/luxembourg\/fr\/#organization"},"image":{"@id":"https:\/\/www.greenpeace.org\/luxembourg\/de\/aktualitaet\/4774\/klimakiller-kunststoff\/#primaryimage"},"thumbnailUrl":"https:\/\/www.greenpeace.org\/static\/planet4-luxembourg-stateless\/2019\/05\/9b89602c-gp0stsx69.jpg","keywords":["Verschmutzung","Ozeane","Klimawandel"],"articleSection":["Klima"],"inLanguage":"de-LU"},{"@type":"WebPage","@id":"https:\/\/www.greenpeace.org\/luxembourg\/de\/aktualitaet\/4774\/klimakiller-kunststoff\/","url":"https:\/\/www.greenpeace.org\/luxembourg\/de\/aktualitaet\/4774\/klimakiller-kunststoff\/","name":"Klimakiller Kunststoff - Greenpeace Luxembourg","isPartOf":{"@id":"https:\/\/www.greenpeace.org\/luxembourg\/fr\/#website"},"primaryImageOfPage":{"@id":"https:\/\/www.greenpeace.org\/luxembourg\/de\/aktualitaet\/4774\/klimakiller-kunststoff\/#primaryimage"},"image":{"@id":"https:\/\/www.greenpeace.org\/luxembourg\/de\/aktualitaet\/4774\/klimakiller-kunststoff\/#primaryimage"},"thumbnailUrl":"https:\/\/www.greenpeace.org\/static\/planet4-luxembourg-stateless\/2019\/05\/9b89602c-gp0stsx69.jpg","datePublished":"2019-05-21T09:50:29+00:00","dateModified":"2021-12-01T15:30:39+00:00","breadcrumb":{"@id":"https:\/\/www.greenpeace.org\/luxembourg\/de\/aktualitaet\/4774\/klimakiller-kunststoff\/#breadcrumb"},"inLanguage":"de-LU","potentialAction":[{"@type":"ReadAction","target":["https:\/\/www.greenpeace.org\/luxembourg\/de\/aktualitaet\/4774\/klimakiller-kunststoff\/"]}]},{"@type":"ImageObject","inLanguage":"de-LU","@id":"https:\/\/www.greenpeace.org\/luxembourg\/de\/aktualitaet\/4774\/klimakiller-kunststoff\/#primaryimage","url":"https:\/\/www.greenpeace.org\/static\/planet4-luxembourg-stateless\/2019\/05\/9b89602c-gp0stsx69.jpg","contentUrl":"https:\/\/www.greenpeace.org\/static\/planet4-luxembourg-stateless\/2019\/05\/9b89602c-gp0stsx69.jpg","width":1200,"height":800,"caption":"Ein neuer Report legt nahe, dass die sichtbaren Folgen der Plastik\u00fcberproduktion nur ein Teil des Problems sind: Plastik ist ebenfalls klimasch\u00e4dlich."},{"@type":"BreadcrumbList","@id":"https:\/\/www.greenpeace.org\/luxembourg\/de\/aktualitaet\/4774\/klimakiller-kunststoff\/#breadcrumb","itemListElement":[{"@type":"ListItem","position":1,"name":"Home","item":"http:\/\/www.greenpeace.org\/luxembourg\/fr\/"},{"@type":"ListItem","position":2,"name":"Klimakiller Kunststoff"}]},{"@type":"WebSite","@id":"https:\/\/www.greenpeace.org\/luxembourg\/fr\/#website","url":"https:\/\/www.greenpeace.org\/luxembourg\/fr\/","name":"Greenpeace Luxembourg","description":"Greenpeace existiert, weil unsere Erde eine Stimme braucht. Sie ben\u00f6tigt L\u00f6sungen. Ver\u00e4nderungen. Aktionen.","publisher":{"@id":"https:\/\/www.greenpeace.org\/luxembourg\/fr\/#organization"},"potentialAction":[{"@type":"SearchAction","target":{"@type":"EntryPoint","urlTemplate":"https:\/\/www.greenpeace.org\/luxembourg\/fr\/?s={search_term_string}"},"query-input":{"@type":"PropertyValueSpecification","valueRequired":true,"valueName":"search_term_string"}}],"inLanguage":"de-LU"},{"@type":"Organization","@id":"https:\/\/www.greenpeace.org\/luxembourg\/fr\/#organization","name":"Greenpeace Luxembourg","url":"https:\/\/www.greenpeace.org\/luxembourg\/fr\/","logo":{"@type":"ImageObject","inLanguage":"de-LU","@id":"https:\/\/www.greenpeace.org\/luxembourg\/fr\/#\/schema\/logo\/image\/","url":"https:\/\/www.greenpeace.org\/static\/planet4-luxembourg-stateless\/2026\/03\/3e367f94-greenpeace_logo_green_rgb.png","contentUrl":"https:\/\/www.greenpeace.org\/static\/planet4-luxembourg-stateless\/2026\/03\/3e367f94-greenpeace_logo_green_rgb.png","width":1080,"height":175,"caption":"Greenpeace Luxembourg"},"image":{"@id":"https:\/\/www.greenpeace.org\/luxembourg\/fr\/#\/schema\/logo\/image\/"},"sameAs":["https:\/\/www.facebook.com\/greenpeaceluxembourg","https:\/\/www.instagram.com\/greenpeacelux\/","https:\/\/www.linkedin.com\/company\/greenpeace-luxembourg\/","https:\/\/www.threads.com\/@greenpeacelux","https:\/\/bsky.app\/profile\/greenpeacelux.bsky.social","https:\/\/www.youtube.com\/@GreenpeaceLux","https:\/\/www.tiktok.com\/@greenpeace_lux"]},{"@type":"Person","@id":"https:\/\/www.greenpeace.org\/luxembourg\/fr\/#\/schema\/person\/7bbeb343322bdadf139e7e27e7c86ec8","name":"Pauline Maes","url":"https:\/\/www.greenpeace.org\/luxembourg\/de\/author\/pmaes\/"}]}},"_links":{"self":[{"href":"https:\/\/www.greenpeace.org\/luxembourg\/de\/wp-json\/wp\/v2\/posts\/4774","targetHints":{"allow":["GET"]}}],"collection":[{"href":"https:\/\/www.greenpeace.org\/luxembourg\/de\/wp-json\/wp\/v2\/posts"}],"about":[{"href":"https:\/\/www.greenpeace.org\/luxembourg\/de\/wp-json\/wp\/v2\/types\/post"}],"author":[{"embeddable":true,"href":"https:\/\/www.greenpeace.org\/luxembourg\/de\/wp-json\/wp\/v2\/users\/18"}],"replies":[{"embeddable":true,"href":"https:\/\/www.greenpeace.org\/luxembourg\/de\/wp-json\/wp\/v2\/comments?post=4774"}],"version-history":[{"count":4,"href":"https:\/\/www.greenpeace.org\/luxembourg\/de\/wp-json\/wp\/v2\/posts\/4774\/revisions"}],"predecessor-version":[{"id":13063,"href":"https:\/\/www.greenpeace.org\/luxembourg\/de\/wp-json\/wp\/v2\/posts\/4774\/revisions\/13063"}],"wp:featuredmedia":[{"embeddable":true,"href":"https:\/\/www.greenpeace.org\/luxembourg\/de\/wp-json\/wp\/v2\/media\/4776"}],"wp:attachment":[{"href":"https:\/\/www.greenpeace.org\/luxembourg\/de\/wp-json\/wp\/v2\/media?parent=4774"}],"wp:term":[{"taxonomy":"category","embeddable":true,"href":"https:\/\/www.greenpeace.org\/luxembourg\/de\/wp-json\/wp\/v2\/categories?post=4774"},{"taxonomy":"post_tag","embeddable":true,"href":"https:\/\/www.greenpeace.org\/luxembourg\/de\/wp-json\/wp\/v2\/tags?post=4774"},{"taxonomy":"p4-page-type","embeddable":true,"href":"https:\/\/www.greenpeace.org\/luxembourg\/de\/wp-json\/wp\/v2\/p4-page-type?post=4774"}],"curies":[{"name":"wp","href":"https:\/\/api.w.org\/{rel}","templated":true}]}}