{"id":6860,"date":"2020-03-23T14:55:54","date_gmt":"2020-03-23T12:55:54","guid":{"rendered":"https:\/\/www.greenpeace.org\/luxembourg\/?p=6860"},"modified":"2021-12-01T17:28:06","modified_gmt":"2021-12-01T15:28:06","slug":"7-einfache-wege-wie-sie-waehrend-der-covid-19-pandemie-aufeinander-acht-geben-koennen","status":"publish","type":"post","link":"https:\/\/www.greenpeace.org\/luxembourg\/de\/aktualitaet\/6860\/7-einfache-wege-wie-sie-waehrend-der-covid-19-pandemie-aufeinander-acht-geben-koennen\/","title":{"rendered":"7 einfache Wege, wie Sie w\u00e4hrend der Covid-19 Pandemie aufeinander Acht geben k\u00f6nnen"},"content":{"rendered":"\n<p>Aufgrund des neuen Coronavirus, COVID-19, versuchen viele von uns st\u00e4ndig auf dem Laufenden zu bleiben, der Gedanke an schutzbed\u00fcrftige Mitglieder unserer Gesellschaft f\u00fchlt sich an wie ein Klo\u00df in unseren M\u00e4gen und t\u00e4glich versuchen wir auf ein Neues unseren Lebensstil entsprechend der geforderten Ma\u00dfnahmen in unseren Zuhausen, unseren Schulen und unseren Arbeitspl\u00e4tzen anzupassen. <\/p>\n\n<p>Viele Benachteiligungen und Ungleichheiten in unserem System wurden w\u00e4hrend der Reaktionen auf die Corona Pandemie ans Licht gebracht. F\u00fcr manche Menschen ist es um vieles einfacher, mit dieser Krise umzugehen, als f\u00fcr andere. Nicht jeder hat ein Recht auf bezahlten Krankheitsurlaub und viele Menschen haben keinerlei M\u00f6glichkeit von zu Hause aus zu arbeiten. Bei einer l\u00e4ngeren Schlie\u00dfung von Schulen und Kindertagesst\u00e4tten ist die Belastung der berufst\u00e4tigen Eltern (insbesondere derjenigen mit niedrigem Einkommen oder Alleinerziehenden) umso gr\u00f6\u00dfer. Menschen, die in Notunterk\u00fcnften leben, leiden unter \u00dcberf\u00fcllung, schlechter Luftqualit\u00e4t und mangelnden sanit\u00e4ren Voraussetzungen.<\/p>\n\n<p>Inmitten dieser Krise sehen wir, dass globales Bewusstsein und Mobilisierung m\u00f6glich sind: Unsere Gesellschaft ist in der Lage, sich anzupassen, sich gegenseitig zu helfen und ist bestrebt, Ver\u00e4nderungen herbeizuf\u00fchren. Wir glauben, dass eine neue Welt m\u00f6glich ist, eine Welt, in der wir nicht nur aufeinander sondern auch auf unsere einzige Erde Acht geben.<\/p>\n\n<p>Wir brauchen L\u00f6sungen um die L\u00fccken in unserem System zu schlie\u00dfen. In der Zwischenzeit ist es unsere Aufgabe eine feste Bindung mit unseren Liebsten aufrechtzuerhalten und unseren Regierungen mit beispielhaftem Verhalten zu zeigen, dass Liebe und Mitgef\u00fchl st\u00e4rker sind als Angst. Hier sind sieben Wege, wie wir aufeinander Acht geben k\u00f6nnen, ohne uns selbst in Gefahr zu begeben.<\/p>\n\n<p><strong>#1 Pflegen Sie den Kontakt zu Ihren Mitmenschen und jenen die am meisten gef\u00e4hrdet sind<\/strong><\/p>\n\n<p>Informieren Sie sich \u00fcber Senioren in Ihrer Nachbarschaft (per Text, Telefon, E-Mail oder, falls erforderlich pers\u00f6nlich), insbesondere wenn sie alleine leben. Senden Sie Ihren Bekannten und Freunden <em>Memes<\/em>, um sie zum Lachen zu bringen! Rufen Sie sie an, vergewissern Sie sich, dass es Ihnen gut geht. Stellen Sie sicher, dass sie sich nicht alleine f\u00fchlen und emotionale Unterst\u00fctzung haben. <\/p>\n\n<figure class=\"wp-block-image size-large  caption-style-blue-overlay caption-alignment-center\"><img loading=\"lazy\" decoding=\"async\" width=\"480\" height=\"270\" src=\"http:\/\/www.greenpeace.org\/luxembourg\/wp-content\/uploads\/2020\/03\/e6f4bccc-giphy-14.gif\" alt=\"\" class=\"wp-image-6822\"\/><\/figure>\n\n<p><strong>#2 Bieten Sie Ihre Zeit an<\/strong><\/p>\n\n<p>Kennen Sie jemanden der in Quarant\u00e4ne lebt oder seine sozialen Interaktionen einschr\u00e4nken muss? Bieten Sie ihnen doch an, Lebensmittel, S\u00fc\u00dfigkeiten oder alles andere, was sie ben\u00f6tigen k\u00f6nnten, zu besorgen &#8211; nat\u00fcrlich unter der Voraussetzung, dass Sie darauf achten, sich selbst zu sch\u00fctzen (indem Sie <a href=\"https:\/\/msan.gouvernement.lu\/dam-assets\/covid-19\/02-coronavirus-affiches\/fr\/AFF-personnes-vulnerables-A4-FR.pdf\">diese<\/a> und <a href=\"https:\/\/msan.gouvernement.lu\/dam-assets\/covid-19\/arbresdecisionnels\/fr\/AD-FR.pdf\">diese Empfehlungen<\/a> befolgen). Ihre Zeit kann f\u00fcr jemanden, der Unterst\u00fctzung ben\u00f6tigt, eine gro\u00dfe Entlastung sein.<\/p>\n\n<figure class=\"wp-block-image size-large  caption-style-blue-overlay caption-alignment-center\"><img loading=\"lazy\" decoding=\"async\" width=\"500\" height=\"280\" src=\"http:\/\/www.greenpeace.org\/luxembourg\/wp-content\/uploads\/2020\/03\/7e33ddd7-giphy-3.gif\" alt=\"\" class=\"wp-image-6855\"\/><\/figure>\n\n<p><strong>#3 Sagen Sie Nein zu Rassismus und Fremdenfeindlichkeit<\/strong><\/p>\n\n<p>Krankheiten k\u00f6nnen jeden treffen, unabh\u00e4ngig von <a href=\"https:\/\/www.cdc.gov\/coronavirus\/2019-ncov\/symptoms-testing\/share-facts.html?CDC_AA_refVal=https%3A%2F%2Fwww.cdc.gov%2Fcoronavirus%2F2019-ncov%2Fabout%2Fshare-facts.html\">ethnischer Zugeh\u00f6rigkeit<\/a>. Da das Virus seinen Ursprung in China hat, sind viele Menschen chinesischer Herkunft einer <a href=\"https:\/\/ici.radio-canada.ca\/nouvelle\/1497016\/coronavirus-chinois-prejuges-virus-sante-toronto-cas\">Welle des Rassismus<\/a> ausgesetzt. Helfen Sie, dieser Angst ein Ende zu setzen, indem Sie Menschen aufkl\u00e4ren und rassistische Kommentare oder Verhaltensweisen melden. <\/p>\n\n<figure class=\"wp-block-image size-large  caption-style-blue-overlay caption-alignment-center\"><img loading=\"lazy\" decoding=\"async\" width=\"498\" height=\"280\" src=\"http:\/\/www.greenpeace.org\/luxembourg\/wp-content\/uploads\/2020\/03\/1bffa190-tenor.gif\" alt=\"\" class=\"wp-image-6839\"\/><\/figure>\n\n<p><strong>#4 Bek\u00e4mpfen Sie Online Fake News<\/strong><\/p>\n\n<p>Obwohl es nicht \u00fcberraschend ist, \u00fcberfluten fake News \u00fcber COVID-19 geradezu das Internet. Wenn Sie Zeuge solcher fake News werden, melden Sie dies umgehend der Plattform, auf der Sie die falschen Informationen gefunden haben. Merken Sie sich nur Informationen aus glaubw\u00fcrdigen Quellen wie der <a href=\"https:\/\/www.who.int\/fr\/emergencies\/diseases\/novel-coronavirus-2019\/advice-for-public\">Weltgesundheitsorganisation<\/a>, der <a href=\"https:\/\/gouvernement.lu\/fr\/dossiers.gouv_msan+fr+dossiers+2020+corona-virus.html\">luxemburgischen Regierung<\/a>, Ihrem Arzt oder Krankenh\u00e4usern. <\/p>\n\n<figure class=\"wp-block-image size-large  caption-style-blue-overlay caption-alignment-center\"><img loading=\"lazy\" decoding=\"async\" width=\"498\" height=\"252\" src=\"http:\/\/www.greenpeace.org\/luxembourg\/wp-content\/uploads\/2020\/03\/ad0a4a19-tenor-8.gif\" alt=\"\" class=\"wp-image-6828\"\/><\/figure>\n\n<p><strong>#5 Zeigen Sie Kreativit\u00e4t um sich weniger isoliert zu f\u00fchlen<\/strong><\/p>\n\n<p>Soziale Distanzierung bedeutet nicht, dass wir uns unseren Mitmenschen nicht nahe f\u00fchlen k\u00f6nnen. Seien Sie kreativ! Organisieren Sie Video-Chats um gemeinsam zu Abend zu essen, Geburtstage oder andere Anl\u00e4sse zu feiern. Sie k\u00f6nnen sich auch gemeinsam Ihre Lieblingssendung oder Ihren Lieblingsfilm ansehen, w\u00e4hrend Sie per Textnachricht oder Video chatten.<\/p>\n\n<figure class=\"wp-block-image size-large  caption-style-blue-overlay caption-alignment-center\"><img loading=\"lazy\" decoding=\"async\" width=\"500\" height=\"245\" src=\"http:\/\/www.greenpeace.org\/luxembourg\/wp-content\/uploads\/2020\/03\/b267a63d-xcwj4wrq57267086904e1883396076_500x245.gif\" alt=\"\" class=\"wp-image-6830\"\/><\/figure>\n\n<p><strong>#6 Teilen Sie positive Nachrichten sowie solidarische Aktionen mit Ihrem Umfeld <\/strong><\/p>\n\n<p>Es gibt so viele Beispiele von Menschen, die sich gegenseitig helfen. Teilen Sie diese Momente. Gemeinsam k\u00f6nnen wir es vermeiden aufgrund schlechter Nachrichten in einem Strudel der Verzweiflung zu versinken. Zeigen Sie, dass es auch anders geht!<\/p>\n\n<figure class=\"wp-block-image size-large  caption-style-blue-overlay caption-alignment-center\"><img loading=\"lazy\" decoding=\"async\" width=\"500\" height=\"253\" src=\"http:\/\/www.greenpeace.org\/luxembourg\/wp-content\/uploads\/2020\/03\/d4d90eeb-giphy-2.gif\" alt=\"\" class=\"wp-image-6847\"\/><\/figure>\n\n<p><strong>#7 Und bitte h\u00f6ren Sie auf, Toilettenpapier zu horten! <\/strong><\/p>\n\n<p>Besorgen Sie was Ihre Familie ben\u00f6tigt, aber geraten Sie nicht in Panik. Wenn wir uns eine bessere Welt w\u00fcnschen, m\u00fcssen wir lernen zu teilen und die Bed\u00fcrfnisse anderer zu beachten. <\/p>\n\n<figure class=\"wp-block-image size-large  caption-style-blue-overlay caption-alignment-center\"><img loading=\"lazy\" decoding=\"async\" width=\"466\" height=\"317\" src=\"http:\/\/www.greenpeace.org\/luxembourg\/wp-content\/uploads\/2020\/03\/340adb44-source-2.gif\" alt=\"\" class=\"wp-image-6845\"\/><\/figure>\n\n<p>Und nicht vergessen: H\u00e4nde waschen, H\u00e4nde waschen, H\u00e4nde waschen! Es sch\u00fctzt Sie und Ihre Liebsten und dauert nur 20 Sekunden.<\/p>\n\n<figure class=\"wp-block-image size-large is-resized  caption-style-blue-overlay caption-alignment-center\"><img loading=\"lazy\" decoding=\"async\" src=\"http:\/\/www.greenpeace.org\/luxembourg\/wp-content\/uploads\/2020\/03\/148bf46c-tenor-1.gif\" alt=\"\" class=\"wp-image-6852\" width=\"474\" height=\"265\"\/><\/figure>\n\n<p><em>Greenpeace Luxemburg ist keine \u00f6ffentliche Gesundheitsorganisation. Wichtige Informationen und Ratschl\u00e4ge wie Sie sich und andere vor einer COVID-19 Infizierung sch\u00fctzen k\u00f6nnen, <\/em><a href=\"https:\/\/gouvernement.lu\/fr\/dossiers.gouv_msan+fr+dossiers+2020+corona-virus.html\">finden Sie auf offiziellen Webseiten wie der von der <em>luxemburgischen Regierung<\/em><\/a><em>.<\/em> <br><\/p>\n\n<p><a href=\"https:\/\/www.greenpeace.org\/canada\/fr\/histoires\/29721\/10-facons-simples-de-prendre-soin-des-un%c2%b7es-des-autres-pendant-la-pandemie-de-coronavirus\/\">Quelle Artikel<\/a>: Greenpeace Canada<\/p>\n\t\t\t<section\n\t\t\tclass=\"boxout post-3442 \"\n\t\t\t\n\t\t>\n\t\t\t<a\n\t\t\t\tdata-ga-category=\"Take Action Boxout\"\n\t\t\t\tdata-ga-action=\"Image\"\n\t\t\t\tdata-ga-label=\"n\/a\"\n\t\t\t\tclass=\"cover-card-overlay\"\n\t\t\t\thref=\"https:\/\/www.greenpeace.org\/luxembourg\/de\/handeln\/eine-zukunft-ohne-plastik\/\" \n\t\t\t><\/a>\n\t\t\t\t\t\t\t<img\n\t\t\t\t\t\tsrc=\"https:\/\/www.greenpeace.org\/static\/planet4-luxembourg-stateless\/2022\/03\/fbf255a3-gp1sv44g-1024x576.jpg\"\n\t\t\t\t\t\tsrcset=\"https:\/\/www.greenpeace.org\/static\/planet4-luxembourg-stateless\/2022\/03\/fbf255a3-gp1sv44g-300x169.jpg 300w, https:\/\/www.greenpeace.org\/static\/planet4-luxembourg-stateless\/2022\/03\/fbf255a3-gp1sv44g-1024x576.jpg 1024w, https:\/\/www.greenpeace.org\/static\/planet4-luxembourg-stateless\/2022\/03\/fbf255a3-gp1sv44g-768x432.jpg 768w, https:\/\/www.greenpeace.org\/static\/planet4-luxembourg-stateless\/2022\/03\/fbf255a3-gp1sv44g-510x287.jpg 510w, https:\/\/www.greenpeace.org\/static\/planet4-luxembourg-stateless\/2022\/03\/fbf255a3-gp1sv44g.jpg 1200w\"\n\t\t\t\t\t\tsizes=\"(min-width: 1000px) 358px, (min-width: 780px) 313px, 88px\"\n\t\t\t\t\t\talt=\"\" title=\"\"\n\t\t\t\t\/>\n            \t\t\t<div class=\"boxout-content\">\n\t\t\t\t\t\t\t\t\t<a\n\t\t\t\t\t\tclass=\"boxout-heading medium\"\n\t\t\t\t\t\tdata-ga-category=\"Take Action Boxout\"\n\t\t\t\t\t\tdata-ga-action=\"Title\"\n\t\t\t\t\t\tdata-ga-label=\"n\/a\"\n\t\t\t\t\t\thref=\"https:\/\/www.greenpeace.org\/luxembourg\/de\/handeln\/eine-zukunft-ohne-plastik\/\"\n\t\t\t\t\t\t\n\t\t\t\t\t>\n\t\t\t\t\t\tEine Zukunft ohne Plastik\n\t\t\t\t\t<\/a>\n\t\t\t\t\t\t\t\t\t\t\t\t\t<p class=\"boxout-excerpt\">Eine einmalige Gelegenheit: Unterst\u00fctze ein internationales Abkommen zur Regulierung des Lebenszyklus von Plastik!\n\n<\/p>\n\t\t\t\t                                    <a\n                        class=\"btn btn-primary\"\n                        data-ga-category=\"Take Action Boxout\"\n                        data-ga-action=\"Call to Action\"\n                        data-ga-label=\"n\/a\"\n                        href=\"https:\/\/www.greenpeace.org\/luxembourg\/de\/handeln\/eine-zukunft-ohne-plastik\/\"\n                        \n                    >\n                        Machen Sie mit!\n                    <\/a>\n                \t\t\t<\/div>\n\t\t\t\t\t<\/section>\n\t","protected":false},"excerpt":{"rendered":"<p>Aufgrund des neuen Coronavirus, COVID-19, versuchen viele von uns st\u00e4ndig &nbsp;auf dem Laufenden zu bleiben, der Gedanke an schutzbed\u00fcrftige Mitglieder unserer Gesellschaft f\u00fchlt sich an wie ein&nbsp;&#8230;<\/p>\n","protected":false},"author":25,"featured_media":6866,"comment_status":"closed","ping_status":"closed","sticky":false,"template":"","format":"standard","meta":{"ep_exclude_from_search":false,"p4_og_title":"","p4_og_description":"","p4_og_image":"","p4_og_image_id":"","p4_seo_canonical_url":"","p4_campaign_name":"not set","p4_local_project":"","p4_basket_name":"not set","p4_department":"","footnotes":""},"categories":[24],"tags":[61,61],"p4-page-type":[68],"class_list":{"0":"post-6860","1":"post","2":"type-post","3":"status-publish","4":"format-standard","5":"has-post-thumbnail","6":"hentry","7":"category-greenpeace","8":"tag-greenpeace-de","10":"p4-page-type-aktualitaet"},"yoast_head":"<!-- This site is optimized with the Yoast SEO Premium plugin v23.9 (Yoast SEO v23.9) - https:\/\/yoast.com\/wordpress\/plugins\/seo\/ -->\n<title>7 einfache Wege, wie Sie w\u00e4hrend der Covid-19 Pandemie aufeinander Acht geben k\u00f6nnen - Greenpeace Luxembourg<\/title>\n<meta name=\"robots\" content=\"index, follow, max-snippet:-1, max-image-preview:large, max-video-preview:-1\" \/>\n<link rel=\"canonical\" href=\"https:\/\/www.greenpeace.org\/luxembourg\/de\/aktualitaet\/6860\/7-einfache-wege-wie-sie-waehrend-der-covid-19-pandemie-aufeinander-acht-geben-koennen\/\" \/>\n<meta property=\"og:locale\" content=\"de_DE\" \/>\n<meta property=\"og:type\" content=\"article\" \/>\n<meta property=\"og:title\" content=\"7 einfache Wege, wie Sie w\u00e4hrend der Covid-19 Pandemie aufeinander Acht geben k\u00f6nnen\" \/>\n<meta property=\"og:description\" content=\"Aufgrund des neuen Coronavirus, COVID-19, versuchen viele von uns st\u00e4ndig &nbsp;auf dem Laufenden zu bleiben, der Gedanke an schutzbed\u00fcrftige Mitglieder unserer Gesellschaft f\u00fchlt sich an wie ein&nbsp;...\" \/>\n<meta property=\"og:url\" content=\"https:\/\/www.greenpeace.org\/luxembourg\/de\/aktualitaet\/6860\/7-einfache-wege-wie-sie-waehrend-der-covid-19-pandemie-aufeinander-acht-geben-koennen\/\" \/>\n<meta property=\"og:site_name\" content=\"Greenpeace Luxembourg\" \/>\n<meta property=\"article:publisher\" content=\"https:\/\/www.facebook.com\/greenpeaceluxembourg\" \/>\n<meta property=\"article:published_time\" content=\"2020-03-23T12:55:54+00:00\" \/>\n<meta property=\"article:modified_time\" content=\"2021-12-01T15:28:06+00:00\" \/>\n<meta property=\"og:image\" content=\"https:\/\/www.greenpeace.org\/static\/planet4-luxembourg-stateless\/2020\/03\/0629abbf-saint-valentin-485x340-1.png\" \/>\n\t<meta property=\"og:image:width\" content=\"485\" \/>\n\t<meta property=\"og:image:height\" content=\"340\" \/>\n\t<meta property=\"og:image:type\" content=\"image\/png\" \/>\n<meta name=\"author\" content=\"Esther Wildanger\" \/>\n<meta name=\"twitter:card\" content=\"summary_large_image\" \/>\n<meta name=\"twitter:label1\" content=\"Written by\" \/>\n\t<meta name=\"twitter:data1\" content=\"Esther Wildanger\" \/>\n\t<meta name=\"twitter:label2\" content=\"Est. reading time\" \/>\n\t<meta name=\"twitter:data2\" content=\"4 minutes\" \/>\n<script type=\"application\/ld+json\" class=\"yoast-schema-graph\">{\"@context\":\"https:\/\/schema.org\",\"@graph\":[{\"@type\":\"Article\",\"@id\":\"https:\/\/www.greenpeace.org\/luxembourg\/de\/aktualitaet\/6860\/7-einfache-wege-wie-sie-waehrend-der-covid-19-pandemie-aufeinander-acht-geben-koennen\/#article\",\"isPartOf\":{\"@id\":\"https:\/\/www.greenpeace.org\/luxembourg\/de\/aktualitaet\/6860\/7-einfache-wege-wie-sie-waehrend-der-covid-19-pandemie-aufeinander-acht-geben-koennen\/\"},\"author\":{\"name\":\"Esther Wildanger\",\"@id\":\"https:\/\/www.greenpeace.org\/luxembourg\/fr\/#\/schema\/person\/3d0e81a859b59009fec36a8552ef76a7\"},\"headline\":\"7 einfache Wege, wie Sie w\u00e4hrend der Covid-19 Pandemie aufeinander Acht geben k\u00f6nnen\",\"datePublished\":\"2020-03-23T12:55:54+00:00\",\"dateModified\":\"2021-12-01T15:28:06+00:00\",\"mainEntityOfPage\":{\"@id\":\"https:\/\/www.greenpeace.org\/luxembourg\/de\/aktualitaet\/6860\/7-einfache-wege-wie-sie-waehrend-der-covid-19-pandemie-aufeinander-acht-geben-koennen\/\"},\"wordCount\":785,\"publisher\":{\"@id\":\"https:\/\/www.greenpeace.org\/luxembourg\/fr\/#organization\"},\"image\":{\"@id\":\"https:\/\/www.greenpeace.org\/luxembourg\/de\/aktualitaet\/6860\/7-einfache-wege-wie-sie-waehrend-der-covid-19-pandemie-aufeinander-acht-geben-koennen\/#primaryimage\"},\"thumbnailUrl\":\"https:\/\/www.greenpeace.org\/static\/planet4-luxembourg-stateless\/2020\/03\/0629abbf-saint-valentin-485x340-1.png\",\"keywords\":[\"Greenpeace\",\"Greenpeace\"],\"articleSection\":[\"Greenpeace\"],\"inLanguage\":\"de-LU\"},{\"@type\":\"WebPage\",\"@id\":\"https:\/\/www.greenpeace.org\/luxembourg\/de\/aktualitaet\/6860\/7-einfache-wege-wie-sie-waehrend-der-covid-19-pandemie-aufeinander-acht-geben-koennen\/\",\"url\":\"https:\/\/www.greenpeace.org\/luxembourg\/de\/aktualitaet\/6860\/7-einfache-wege-wie-sie-waehrend-der-covid-19-pandemie-aufeinander-acht-geben-koennen\/\",\"name\":\"7 einfache Wege, wie Sie w\u00e4hrend der Covid-19 Pandemie aufeinander Acht geben k\u00f6nnen - Greenpeace Luxembourg\",\"isPartOf\":{\"@id\":\"https:\/\/www.greenpeace.org\/luxembourg\/fr\/#website\"},\"primaryImageOfPage\":{\"@id\":\"https:\/\/www.greenpeace.org\/luxembourg\/de\/aktualitaet\/6860\/7-einfache-wege-wie-sie-waehrend-der-covid-19-pandemie-aufeinander-acht-geben-koennen\/#primaryimage\"},\"image\":{\"@id\":\"https:\/\/www.greenpeace.org\/luxembourg\/de\/aktualitaet\/6860\/7-einfache-wege-wie-sie-waehrend-der-covid-19-pandemie-aufeinander-acht-geben-koennen\/#primaryimage\"},\"thumbnailUrl\":\"https:\/\/www.greenpeace.org\/static\/planet4-luxembourg-stateless\/2020\/03\/0629abbf-saint-valentin-485x340-1.png\",\"datePublished\":\"2020-03-23T12:55:54+00:00\",\"dateModified\":\"2021-12-01T15:28:06+00:00\",\"breadcrumb\":{\"@id\":\"https:\/\/www.greenpeace.org\/luxembourg\/de\/aktualitaet\/6860\/7-einfache-wege-wie-sie-waehrend-der-covid-19-pandemie-aufeinander-acht-geben-koennen\/#breadcrumb\"},\"inLanguage\":\"de-LU\",\"potentialAction\":[{\"@type\":\"ReadAction\",\"target\":[\"https:\/\/www.greenpeace.org\/luxembourg\/de\/aktualitaet\/6860\/7-einfache-wege-wie-sie-waehrend-der-covid-19-pandemie-aufeinander-acht-geben-koennen\/\"]}]},{\"@type\":\"ImageObject\",\"inLanguage\":\"de-LU\",\"@id\":\"https:\/\/www.greenpeace.org\/luxembourg\/de\/aktualitaet\/6860\/7-einfache-wege-wie-sie-waehrend-der-covid-19-pandemie-aufeinander-acht-geben-koennen\/#primaryimage\",\"url\":\"https:\/\/www.greenpeace.org\/static\/planet4-luxembourg-stateless\/2020\/03\/0629abbf-saint-valentin-485x340-1.png\",\"contentUrl\":\"https:\/\/www.greenpeace.org\/static\/planet4-luxembourg-stateless\/2020\/03\/0629abbf-saint-valentin-485x340-1.png\",\"width\":485,\"height\":340},{\"@type\":\"BreadcrumbList\",\"@id\":\"https:\/\/www.greenpeace.org\/luxembourg\/de\/aktualitaet\/6860\/7-einfache-wege-wie-sie-waehrend-der-covid-19-pandemie-aufeinander-acht-geben-koennen\/#breadcrumb\",\"itemListElement\":[{\"@type\":\"ListItem\",\"position\":1,\"name\":\"Home\",\"item\":\"http:\/\/www.greenpeace.org\/luxembourg\/fr\/\"},{\"@type\":\"ListItem\",\"position\":2,\"name\":\"7 einfache Wege, wie Sie w\u00e4hrend der Covid-19 Pandemie aufeinander Acht geben k\u00f6nnen\"}]},{\"@type\":\"WebSite\",\"@id\":\"https:\/\/www.greenpeace.org\/luxembourg\/fr\/#website\",\"url\":\"https:\/\/www.greenpeace.org\/luxembourg\/fr\/\",\"name\":\"Greenpeace Luxembourg\",\"description\":\"Greenpeace existiert, weil unsere Erde eine Stimme braucht. Sie ben\u00f6tigt L\u00f6sungen. Ver\u00e4nderungen. Aktionen.\",\"publisher\":{\"@id\":\"https:\/\/www.greenpeace.org\/luxembourg\/fr\/#organization\"},\"potentialAction\":[{\"@type\":\"SearchAction\",\"target\":{\"@type\":\"EntryPoint\",\"urlTemplate\":\"https:\/\/www.greenpeace.org\/luxembourg\/fr\/?s={search_term_string}\"},\"query-input\":{\"@type\":\"PropertyValueSpecification\",\"valueRequired\":true,\"valueName\":\"search_term_string\"}}],\"inLanguage\":\"de-LU\"},{\"@type\":\"Organization\",\"@id\":\"https:\/\/www.greenpeace.org\/luxembourg\/fr\/#organization\",\"name\":\"Greenpeace Luxembourg\",\"url\":\"https:\/\/www.greenpeace.org\/luxembourg\/fr\/\",\"logo\":{\"@type\":\"ImageObject\",\"inLanguage\":\"de-LU\",\"@id\":\"https:\/\/www.greenpeace.org\/luxembourg\/fr\/#\/schema\/logo\/image\/\",\"url\":\"https:\/\/www.greenpeace.org\/static\/planet4-luxembourg-stateless\/2026\/03\/3e367f94-greenpeace_logo_green_rgb.png\",\"contentUrl\":\"https:\/\/www.greenpeace.org\/static\/planet4-luxembourg-stateless\/2026\/03\/3e367f94-greenpeace_logo_green_rgb.png\",\"width\":1080,\"height\":175,\"caption\":\"Greenpeace Luxembourg\"},\"image\":{\"@id\":\"https:\/\/www.greenpeace.org\/luxembourg\/fr\/#\/schema\/logo\/image\/\"},\"sameAs\":[\"https:\/\/www.facebook.com\/greenpeaceluxembourg\",\"https:\/\/www.instagram.com\/greenpeacelux\/\",\"https:\/\/www.linkedin.com\/company\/greenpeace-luxembourg\/\",\"https:\/\/www.threads.com\/@greenpeacelux\",\"https:\/\/bsky.app\/profile\/greenpeacelux.bsky.social\",\"https:\/\/www.youtube.com\/@GreenpeaceLux\",\"https:\/\/www.tiktok.com\/@greenpeace_lux\"]},{\"@type\":\"Person\",\"@id\":\"https:\/\/www.greenpeace.org\/luxembourg\/fr\/#\/schema\/person\/3d0e81a859b59009fec36a8552ef76a7\",\"name\":\"Esther Wildanger\",\"url\":\"https:\/\/www.greenpeace.org\/luxembourg\/de\/author\/ewildang\/\"}]}<\/script>\n<!-- \/ Yoast SEO Premium plugin. -->","yoast_head_json":{"title":"7 einfache Wege, wie Sie w\u00e4hrend der Covid-19 Pandemie aufeinander Acht geben k\u00f6nnen - Greenpeace Luxembourg","robots":{"index":"index","follow":"follow","max-snippet":"max-snippet:-1","max-image-preview":"max-image-preview:large","max-video-preview":"max-video-preview:-1"},"canonical":"https:\/\/www.greenpeace.org\/luxembourg\/de\/aktualitaet\/6860\/7-einfache-wege-wie-sie-waehrend-der-covid-19-pandemie-aufeinander-acht-geben-koennen\/","og_locale":"de_DE","og_type":"article","og_title":"7 einfache Wege, wie Sie w\u00e4hrend der Covid-19 Pandemie aufeinander Acht geben k\u00f6nnen","og_description":"Aufgrund des neuen Coronavirus, COVID-19, versuchen viele von uns st\u00e4ndig &nbsp;auf dem Laufenden zu bleiben, der Gedanke an schutzbed\u00fcrftige Mitglieder unserer Gesellschaft f\u00fchlt sich an wie ein&nbsp;...","og_url":"https:\/\/www.greenpeace.org\/luxembourg\/de\/aktualitaet\/6860\/7-einfache-wege-wie-sie-waehrend-der-covid-19-pandemie-aufeinander-acht-geben-koennen\/","og_site_name":"Greenpeace Luxembourg","article_publisher":"https:\/\/www.facebook.com\/greenpeaceluxembourg","article_published_time":"2020-03-23T12:55:54+00:00","article_modified_time":"2021-12-01T15:28:06+00:00","og_image":[{"width":485,"height":340,"url":"https:\/\/www.greenpeace.org\/static\/planet4-luxembourg-stateless\/2020\/03\/0629abbf-saint-valentin-485x340-1.png","type":"image\/png"}],"author":"Esther Wildanger","twitter_card":"summary_large_image","twitter_misc":{"Written by":"Esther Wildanger","Est. reading time":"4 minutes"},"schema":{"@context":"https:\/\/schema.org","@graph":[{"@type":"Article","@id":"https:\/\/www.greenpeace.org\/luxembourg\/de\/aktualitaet\/6860\/7-einfache-wege-wie-sie-waehrend-der-covid-19-pandemie-aufeinander-acht-geben-koennen\/#article","isPartOf":{"@id":"https:\/\/www.greenpeace.org\/luxembourg\/de\/aktualitaet\/6860\/7-einfache-wege-wie-sie-waehrend-der-covid-19-pandemie-aufeinander-acht-geben-koennen\/"},"author":{"name":"Esther Wildanger","@id":"https:\/\/www.greenpeace.org\/luxembourg\/fr\/#\/schema\/person\/3d0e81a859b59009fec36a8552ef76a7"},"headline":"7 einfache Wege, wie Sie w\u00e4hrend der Covid-19 Pandemie aufeinander Acht geben k\u00f6nnen","datePublished":"2020-03-23T12:55:54+00:00","dateModified":"2021-12-01T15:28:06+00:00","mainEntityOfPage":{"@id":"https:\/\/www.greenpeace.org\/luxembourg\/de\/aktualitaet\/6860\/7-einfache-wege-wie-sie-waehrend-der-covid-19-pandemie-aufeinander-acht-geben-koennen\/"},"wordCount":785,"publisher":{"@id":"https:\/\/www.greenpeace.org\/luxembourg\/fr\/#organization"},"image":{"@id":"https:\/\/www.greenpeace.org\/luxembourg\/de\/aktualitaet\/6860\/7-einfache-wege-wie-sie-waehrend-der-covid-19-pandemie-aufeinander-acht-geben-koennen\/#primaryimage"},"thumbnailUrl":"https:\/\/www.greenpeace.org\/static\/planet4-luxembourg-stateless\/2020\/03\/0629abbf-saint-valentin-485x340-1.png","keywords":["Greenpeace","Greenpeace"],"articleSection":["Greenpeace"],"inLanguage":"de-LU"},{"@type":"WebPage","@id":"https:\/\/www.greenpeace.org\/luxembourg\/de\/aktualitaet\/6860\/7-einfache-wege-wie-sie-waehrend-der-covid-19-pandemie-aufeinander-acht-geben-koennen\/","url":"https:\/\/www.greenpeace.org\/luxembourg\/de\/aktualitaet\/6860\/7-einfache-wege-wie-sie-waehrend-der-covid-19-pandemie-aufeinander-acht-geben-koennen\/","name":"7 einfache Wege, wie Sie w\u00e4hrend der Covid-19 Pandemie aufeinander Acht geben k\u00f6nnen - Greenpeace Luxembourg","isPartOf":{"@id":"https:\/\/www.greenpeace.org\/luxembourg\/fr\/#website"},"primaryImageOfPage":{"@id":"https:\/\/www.greenpeace.org\/luxembourg\/de\/aktualitaet\/6860\/7-einfache-wege-wie-sie-waehrend-der-covid-19-pandemie-aufeinander-acht-geben-koennen\/#primaryimage"},"image":{"@id":"https:\/\/www.greenpeace.org\/luxembourg\/de\/aktualitaet\/6860\/7-einfache-wege-wie-sie-waehrend-der-covid-19-pandemie-aufeinander-acht-geben-koennen\/#primaryimage"},"thumbnailUrl":"https:\/\/www.greenpeace.org\/static\/planet4-luxembourg-stateless\/2020\/03\/0629abbf-saint-valentin-485x340-1.png","datePublished":"2020-03-23T12:55:54+00:00","dateModified":"2021-12-01T15:28:06+00:00","breadcrumb":{"@id":"https:\/\/www.greenpeace.org\/luxembourg\/de\/aktualitaet\/6860\/7-einfache-wege-wie-sie-waehrend-der-covid-19-pandemie-aufeinander-acht-geben-koennen\/#breadcrumb"},"inLanguage":"de-LU","potentialAction":[{"@type":"ReadAction","target":["https:\/\/www.greenpeace.org\/luxembourg\/de\/aktualitaet\/6860\/7-einfache-wege-wie-sie-waehrend-der-covid-19-pandemie-aufeinander-acht-geben-koennen\/"]}]},{"@type":"ImageObject","inLanguage":"de-LU","@id":"https:\/\/www.greenpeace.org\/luxembourg\/de\/aktualitaet\/6860\/7-einfache-wege-wie-sie-waehrend-der-covid-19-pandemie-aufeinander-acht-geben-koennen\/#primaryimage","url":"https:\/\/www.greenpeace.org\/static\/planet4-luxembourg-stateless\/2020\/03\/0629abbf-saint-valentin-485x340-1.png","contentUrl":"https:\/\/www.greenpeace.org\/static\/planet4-luxembourg-stateless\/2020\/03\/0629abbf-saint-valentin-485x340-1.png","width":485,"height":340},{"@type":"BreadcrumbList","@id":"https:\/\/www.greenpeace.org\/luxembourg\/de\/aktualitaet\/6860\/7-einfache-wege-wie-sie-waehrend-der-covid-19-pandemie-aufeinander-acht-geben-koennen\/#breadcrumb","itemListElement":[{"@type":"ListItem","position":1,"name":"Home","item":"http:\/\/www.greenpeace.org\/luxembourg\/fr\/"},{"@type":"ListItem","position":2,"name":"7 einfache Wege, wie Sie w\u00e4hrend der Covid-19 Pandemie aufeinander Acht geben k\u00f6nnen"}]},{"@type":"WebSite","@id":"https:\/\/www.greenpeace.org\/luxembourg\/fr\/#website","url":"https:\/\/www.greenpeace.org\/luxembourg\/fr\/","name":"Greenpeace Luxembourg","description":"Greenpeace existiert, weil unsere Erde eine Stimme braucht. Sie ben\u00f6tigt L\u00f6sungen. Ver\u00e4nderungen. Aktionen.","publisher":{"@id":"https:\/\/www.greenpeace.org\/luxembourg\/fr\/#organization"},"potentialAction":[{"@type":"SearchAction","target":{"@type":"EntryPoint","urlTemplate":"https:\/\/www.greenpeace.org\/luxembourg\/fr\/?s={search_term_string}"},"query-input":{"@type":"PropertyValueSpecification","valueRequired":true,"valueName":"search_term_string"}}],"inLanguage":"de-LU"},{"@type":"Organization","@id":"https:\/\/www.greenpeace.org\/luxembourg\/fr\/#organization","name":"Greenpeace Luxembourg","url":"https:\/\/www.greenpeace.org\/luxembourg\/fr\/","logo":{"@type":"ImageObject","inLanguage":"de-LU","@id":"https:\/\/www.greenpeace.org\/luxembourg\/fr\/#\/schema\/logo\/image\/","url":"https:\/\/www.greenpeace.org\/static\/planet4-luxembourg-stateless\/2026\/03\/3e367f94-greenpeace_logo_green_rgb.png","contentUrl":"https:\/\/www.greenpeace.org\/static\/planet4-luxembourg-stateless\/2026\/03\/3e367f94-greenpeace_logo_green_rgb.png","width":1080,"height":175,"caption":"Greenpeace Luxembourg"},"image":{"@id":"https:\/\/www.greenpeace.org\/luxembourg\/fr\/#\/schema\/logo\/image\/"},"sameAs":["https:\/\/www.facebook.com\/greenpeaceluxembourg","https:\/\/www.instagram.com\/greenpeacelux\/","https:\/\/www.linkedin.com\/company\/greenpeace-luxembourg\/","https:\/\/www.threads.com\/@greenpeacelux","https:\/\/bsky.app\/profile\/greenpeacelux.bsky.social","https:\/\/www.youtube.com\/@GreenpeaceLux","https:\/\/www.tiktok.com\/@greenpeace_lux"]},{"@type":"Person","@id":"https:\/\/www.greenpeace.org\/luxembourg\/fr\/#\/schema\/person\/3d0e81a859b59009fec36a8552ef76a7","name":"Esther Wildanger","url":"https:\/\/www.greenpeace.org\/luxembourg\/de\/author\/ewildang\/"}]}},"_links":{"self":[{"href":"https:\/\/www.greenpeace.org\/luxembourg\/de\/wp-json\/wp\/v2\/posts\/6860","targetHints":{"allow":["GET"]}}],"collection":[{"href":"https:\/\/www.greenpeace.org\/luxembourg\/de\/wp-json\/wp\/v2\/posts"}],"about":[{"href":"https:\/\/www.greenpeace.org\/luxembourg\/de\/wp-json\/wp\/v2\/types\/post"}],"author":[{"embeddable":true,"href":"https:\/\/www.greenpeace.org\/luxembourg\/de\/wp-json\/wp\/v2\/users\/25"}],"replies":[{"embeddable":true,"href":"https:\/\/www.greenpeace.org\/luxembourg\/de\/wp-json\/wp\/v2\/comments?post=6860"}],"version-history":[{"count":8,"href":"https:\/\/www.greenpeace.org\/luxembourg\/de\/wp-json\/wp\/v2\/posts\/6860\/revisions"}],"predecessor-version":[{"id":12969,"href":"https:\/\/www.greenpeace.org\/luxembourg\/de\/wp-json\/wp\/v2\/posts\/6860\/revisions\/12969"}],"wp:featuredmedia":[{"embeddable":true,"href":"https:\/\/www.greenpeace.org\/luxembourg\/de\/wp-json\/wp\/v2\/media\/6866"}],"wp:attachment":[{"href":"https:\/\/www.greenpeace.org\/luxembourg\/de\/wp-json\/wp\/v2\/media?parent=6860"}],"wp:term":[{"taxonomy":"category","embeddable":true,"href":"https:\/\/www.greenpeace.org\/luxembourg\/de\/wp-json\/wp\/v2\/categories?post=6860"},{"taxonomy":"post_tag","embeddable":true,"href":"https:\/\/www.greenpeace.org\/luxembourg\/de\/wp-json\/wp\/v2\/tags?post=6860"},{"taxonomy":"p4-page-type","embeddable":true,"href":"https:\/\/www.greenpeace.org\/luxembourg\/de\/wp-json\/wp\/v2\/p4-page-type?post=6860"}],"curies":[{"name":"wp","href":"https:\/\/api.w.org\/{rel}","templated":true}]}}