{"id":9639,"date":"2020-08-26T08:33:35","date_gmt":"2020-08-26T06:33:35","guid":{"rendered":"https:\/\/www.greenpeace.org\/luxembourg\/?p=9639"},"modified":"2021-12-01T17:26:44","modified_gmt":"2021-12-01T15:26:44","slug":"oeffentliche-konsultation-der-europaeischen-zentralbank-fordern-sie-das-ende-der-finanzierung-von-klimakillern","status":"publish","type":"post","link":"https:\/\/www.greenpeace.org\/luxembourg\/de\/presseerklaerungen\/9639\/oeffentliche-konsultation-der-europaeischen-zentralbank-fordern-sie-das-ende-der-finanzierung-von-klimakillern\/","title":{"rendered":"\u00d6ffentliche Konsultation der Europ\u00e4ischen Zentralbank: Fordern Sie das Ende der Finanzierung von Klimakillern!"},"content":{"rendered":"\n<p><strong>Luxemburg, 26. August 2020 &#8211; Greenpeace appelliert an alle B\u00fcrgerInnen Luxemburgs, sich an der \u00f6ffentlichen Konsultation zur Geldpolitik der Europ\u00e4ischen Zentralbank (EZB) zu beteiligen.<\/strong><\/p>\n\n<p>Eine im Juni ver\u00f6ffentlichte Greenpeace-Analyse (siehe unten) kam zu dem Ergebnis, dass die Europ\u00e4ische Zentralbank im Rahmen der Bek\u00e4mpfung der Folgen der Corona-Pandemie zwischen Mitte M\u00e4rz und Mitte Mai 2020 \u00fcber 7,6 Milliarden Euro in Anleihen fossiler Unternehmen gesteckt hat. Allein mit dem Anleihe-Ankauf von sieben gro\u00dfen Umweltverschmutzern hat die EZB zu sch\u00e4tzungsweise 11,2 Millionen Tonnen Treibhausgasemissionen beigetragen, das sind mehr als die j\u00e4hrlichen Emissionen Luxemburgs. <\/p>\n\n<p>Die Aufschl\u00fcsselung des Ankaufs von Unternehmensanleihen zeigt, dass 4,4 Milliarden Euro an Energieversorger gingen, darunter prominente Umweltverschmutzer wie Engie oder EON. \u00dcber 3,2 Milliarden Euro gingen an die \u00d6l- und Gasindustrie, wobei unter den gekauften Anleihen auch Anleihen von Shell \u2013 eines der umweltsch\u00e4dlichsten Unternehmen der Welt \u2013 sowie von Total und Eni waren.<\/p>\n\n<p><em>\u201cDie Europ\u00e4ische Zentralbank geh\u00f6rt zu den gr\u00f6\u00dften Anleihek\u00e4ufern der Welt. Jeglicher Kauf von Verm\u00f6genswerten durch die Bank kann einen enormen Einfluss auf die &#8220;gr\u00fcne&#8221; Konjunkturbelebung Europas und die globale Klimakrise haben\u201d<\/em>, erkl\u00e4rt Martina Holbach, Kampaignerin f\u00fcr Klimagerechtigkeit &amp; Finanzen bei Greenpeace Luxemburg. <em>\u201cUmso wichtiger ist es, dass sich die B\u00fcrgerInnen<\/em> <em>jetzt f\u00fcr eine umweltfreundliche und nachhaltige Geldpolitik der EZB einsetzen.\u201d<\/em><\/p>\n\n<p>Die Europ\u00e4ische Zentralbank hat eine Online-Plattform eingerichtet, auf der B\u00fcrgerInnen bis Ende Oktober 2020 Vorschl\u00e4ge einreichen k\u00f6nnen, wie die Geldpolitik der EZB \u00fcberarbeitet werden soll. Um die Teilnahme am \u00f6ffentlichen Konsultationsverfahren der EZB zu erleichtern, hat Greenpeace eine <a href=\"https:\/\/act.greenpeace.org\/page\/64905\/petition\/1?utm_campaign=finance&amp;utm_source=email&amp;utm_medium=email&amp;utm_content=link&amp;utm_term=shiftthetrillions.bce&amp;tracking_id=fr.sign.mh.all-supporters&amp;utm_medium=email&amp;utm_source=engagingnetworks&amp;utm_campaign=finance&amp;utm_content=20200805+-+Consultation+publique+BCE\" target=\"_blank\" rel=\"noreferrer noopener\">Vorlage<\/a> zusammengestellt, wie die B\u00fcrgerInnen ihre Kommentare direkt an die EZB \u00fcbermitteln k\u00f6nnen.<\/p>\n\n<p><em>\u201eDie EZB und andere Zentralbanken brauchen einen Kurswechsel. Die Verm\u00f6genswerte, die von der EZB als Reaktion auf die COVID-19-Pandemie gekauft wurden, f\u00f6rdern den Klimanotstand. Business-as-usual ist jedoch keine Option, denn die Klimakrise wird immer akuter. \u00d6ffentliche Gelder d\u00fcrfen nicht l\u00e4nger in fossile Brennstoffe flie\u00dfen. Die EZB muss deshalb fossile Brennstoffe und andere Treibhausgas-intensive Verm\u00f6genswerte von k\u00fcnftigen K\u00e4ufen ausschlie\u00dfen\u201c,<\/em> erkl\u00e4rt Martina Holbach.<\/p>\n\n<div class=\"wp-block-file\"><a href=\"https:\/\/www.greenpeace.org\/static\/planet4-luxembourg-stateless\/2020\/08\/9ca75dc5-ecb-factsheet.pdf\">ECB Factsheet<\/a><\/div>\n\n<div class=\"wp-block-file\"><a href=\"https:\/\/www.greenpeace.org\/static\/planet4-luxembourg-stateless\/2020\/08\/bd083df6-ecb-qa.pdf\">ECB Q&amp;A<\/a><\/div>\n\n<p><\/p>\n\t\t\t<section\n\t\t\tclass=\"boxout post-5673 \"\n\t\t\t\n\t\t>\n\t\t\t<a\n\t\t\t\tdata-ga-category=\"Take Action Boxout\"\n\t\t\t\tdata-ga-action=\"Image\"\n\t\t\t\tdata-ga-label=\"n\/a\"\n\t\t\t\tclass=\"cover-card-overlay\"\n\t\t\t\thref=\"https:\/\/www.greenpeace.org\/luxembourg\/de\/wir-weigern-uns-die-klimakrise-zu-finanzieren\/\" \n\t\t\t><\/a>\n\t\t\t\t\t\t\t<img\n\t\t\t\t\t\tsrc=\"https:\/\/www.greenpeace.org\/static\/planet4-luxembourg-stateless\/2019\/09\/4cab98e6-gp0strcjp-1024x683.jpg\"\n\t\t\t\t\t\tsrcset=\"https:\/\/www.greenpeace.org\/static\/planet4-luxembourg-stateless\/2019\/09\/4cab98e6-gp0strcjp-300x200.jpg 300w, https:\/\/www.greenpeace.org\/static\/planet4-luxembourg-stateless\/2019\/09\/4cab98e6-gp0strcjp-768x512.jpg 768w, https:\/\/www.greenpeace.org\/static\/planet4-luxembourg-stateless\/2019\/09\/4cab98e6-gp0strcjp-1024x683.jpg 1024w, https:\/\/www.greenpeace.org\/static\/planet4-luxembourg-stateless\/2019\/09\/4cab98e6-gp0strcjp-510x340.jpg 510w, https:\/\/www.greenpeace.org\/static\/planet4-luxembourg-stateless\/2019\/09\/4cab98e6-gp0strcjp.jpg 1200w\"\n\t\t\t\t\t\tsizes=\"(min-width: 1000px) 358px, (min-width: 780px) 313px, 88px\"\n\t\t\t\t\t\talt=\"Coal Fired Power Plant in the Rhenish Lignite Mining Area. \u00a9 Bernd Lauter \/ Greenpeace\" title=\"Coal Fired Power Plant in the Rhenish Lignite Mining Area. \u00a9 Bernd Lauter \/ Greenpeace\"\n\t\t\t\t\/>\n            \t\t\t<div class=\"boxout-content\">\n\t\t\t\t\t\t\t\t\t<a\n\t\t\t\t\t\tclass=\"boxout-heading medium\"\n\t\t\t\t\t\tdata-ga-category=\"Take Action Boxout\"\n\t\t\t\t\t\tdata-ga-action=\"Title\"\n\t\t\t\t\t\tdata-ga-label=\"n\/a\"\n\t\t\t\t\t\thref=\"https:\/\/www.greenpeace.org\/luxembourg\/de\/wir-weigern-uns-die-klimakrise-zu-finanzieren\/\"\n\t\t\t\t\t\t\n\t\t\t\t\t>\n\t\t\t\t\t\tFDC: Wir weigern uns die Klimakrise mit unseren Rentengeldern zu finanzieren\n\t\t\t\t\t<\/a>\n\t\t\t\t\t\t\t\t                                    <a\n                        class=\"btn btn-primary\"\n                        data-ga-category=\"Take Action Boxout\"\n                        data-ga-action=\"Call to Action\"\n                        data-ga-label=\"n\/a\"\n                        href=\"https:\/\/www.greenpeace.org\/luxembourg\/de\/wir-weigern-uns-die-klimakrise-zu-finanzieren\/\"\n                        \n                    >\n                        Machen Sie mit!\n                    <\/a>\n                \t\t\t<\/div>\n\t\t\t\t\t<\/section>\n\t","protected":false},"excerpt":{"rendered":"<p>Greenpeace appelliert an alle B\u00fcrgerInnen, sich an der \u00f6ffentlichen Konsultation zur Geldpolitik der EZB zu beteiligen.<\/p>\n","protected":false},"author":31,"featured_media":9647,"comment_status":"closed","ping_status":"closed","sticky":false,"template":"","format":"standard","meta":{"ep_exclude_from_search":false,"p4_og_title":"","p4_og_description":"","p4_og_image":"","p4_og_image_id":"","p4_seo_canonical_url":"","p4_campaign_name":"not set","p4_local_project":"not set","p4_basket_name":"not set","p4_department":"","footnotes":""},"categories":[49,48],"tags":[60,63,96,98],"p4-page-type":[69],"class_list":["post-9639","post","type-post","status-publish","format-standard","has-post-thumbnail","hentry","category-energie","category-klima","tag-luxemburg","tag-fossileenergien","tag-finanzsektor","tag-gerechtigkeit","p4-page-type-presseerklaerungen"],"yoast_head":"<!-- This site is optimized with the Yoast SEO Premium plugin v23.9 (Yoast SEO v23.9) - https:\/\/yoast.com\/wordpress\/plugins\/seo\/ -->\n<title>\u00d6ffentliche Konsultation der Europ\u00e4ischen Zentralbank: Fordern Sie das Ende der Finanzierung von Klimakillern! - Greenpeace Luxembourg<\/title>\n<meta name=\"robots\" content=\"index, follow, max-snippet:-1, max-image-preview:large, max-video-preview:-1\" \/>\n<link rel=\"canonical\" href=\"https:\/\/www.greenpeace.org\/luxembourg\/de\/presseerklaerungen\/9639\/oeffentliche-konsultation-der-europaeischen-zentralbank-fordern-sie-das-ende-der-finanzierung-von-klimakillern\/\" \/>\n<meta property=\"og:locale\" content=\"de_DE\" \/>\n<meta property=\"og:type\" content=\"article\" \/>\n<meta property=\"og:title\" content=\"\u00d6ffentliche Konsultation der Europ\u00e4ischen Zentralbank: Fordern Sie das Ende der Finanzierung von Klimakillern!\" \/>\n<meta property=\"og:description\" content=\"Greenpeace appelliert an alle B\u00fcrgerInnen, sich an der \u00f6ffentlichen Konsultation zur Geldpolitik der EZB zu beteiligen.\" \/>\n<meta property=\"og:url\" content=\"https:\/\/www.greenpeace.org\/luxembourg\/de\/presseerklaerungen\/9639\/oeffentliche-konsultation-der-europaeischen-zentralbank-fordern-sie-das-ende-der-finanzierung-von-klimakillern\/\" \/>\n<meta property=\"og:site_name\" content=\"Greenpeace Luxembourg\" \/>\n<meta property=\"article:publisher\" content=\"https:\/\/www.facebook.com\/greenpeaceluxembourg\" \/>\n<meta property=\"article:published_time\" content=\"2020-08-26T06:33:35+00:00\" \/>\n<meta property=\"article:modified_time\" content=\"2021-12-01T15:26:44+00:00\" \/>\n<meta property=\"og:image\" content=\"https:\/\/www.greenpeace.org\/static\/planet4-luxembourg-stateless\/2020\/08\/e68fec2f-gp0stthsr_low_res_with_credit_line.jpg\" \/>\n\t<meta property=\"og:image:width\" content=\"600\" \/>\n\t<meta property=\"og:image:height\" content=\"396\" \/>\n\t<meta property=\"og:image:type\" content=\"image\/jpeg\" \/>\n<meta name=\"author\" content=\"Myriam Wecker\" \/>\n<meta name=\"twitter:card\" content=\"summary_large_image\" \/>\n<meta name=\"twitter:label1\" content=\"Written by\" \/>\n\t<meta name=\"twitter:data1\" content=\"Myriam Wecker\" \/>\n\t<meta name=\"twitter:label2\" content=\"Est. reading time\" \/>\n\t<meta name=\"twitter:data2\" content=\"2 minutes\" \/>\n<script type=\"application\/ld+json\" class=\"yoast-schema-graph\">{\"@context\":\"https:\/\/schema.org\",\"@graph\":[{\"@type\":\"Article\",\"@id\":\"https:\/\/www.greenpeace.org\/luxembourg\/de\/presseerklaerungen\/9639\/oeffentliche-konsultation-der-europaeischen-zentralbank-fordern-sie-das-ende-der-finanzierung-von-klimakillern\/#article\",\"isPartOf\":{\"@id\":\"https:\/\/www.greenpeace.org\/luxembourg\/de\/presseerklaerungen\/9639\/oeffentliche-konsultation-der-europaeischen-zentralbank-fordern-sie-das-ende-der-finanzierung-von-klimakillern\/\"},\"author\":{\"name\":\"Myriam Wecker\",\"@id\":\"https:\/\/www.greenpeace.org\/luxembourg\/fr\/#\/schema\/person\/c2ae6002b8ed18c00be0c6b320eea776\"},\"headline\":\"\u00d6ffentliche Konsultation der Europ\u00e4ischen Zentralbank: Fordern Sie das Ende der Finanzierung von Klimakillern!\",\"datePublished\":\"2020-08-26T06:33:35+00:00\",\"dateModified\":\"2021-12-01T15:26:44+00:00\",\"mainEntityOfPage\":{\"@id\":\"https:\/\/www.greenpeace.org\/luxembourg\/de\/presseerklaerungen\/9639\/oeffentliche-konsultation-der-europaeischen-zentralbank-fordern-sie-das-ende-der-finanzierung-von-klimakillern\/\"},\"wordCount\":364,\"publisher\":{\"@id\":\"https:\/\/www.greenpeace.org\/luxembourg\/fr\/#organization\"},\"image\":{\"@id\":\"https:\/\/www.greenpeace.org\/luxembourg\/de\/presseerklaerungen\/9639\/oeffentliche-konsultation-der-europaeischen-zentralbank-fordern-sie-das-ende-der-finanzierung-von-klimakillern\/#primaryimage\"},\"thumbnailUrl\":\"https:\/\/www.greenpeace.org\/static\/planet4-luxembourg-stateless\/2020\/08\/e68fec2f-gp0stthsr_low_res_with_credit_line.jpg\",\"keywords\":[\"Luxemburg\",\"FossileEnergien\",\"Finanzsektor\",\"Gerechtigkeit\"],\"articleSection\":[\"Energie\",\"Klima\"],\"inLanguage\":\"de-LU\"},{\"@type\":\"WebPage\",\"@id\":\"https:\/\/www.greenpeace.org\/luxembourg\/de\/presseerklaerungen\/9639\/oeffentliche-konsultation-der-europaeischen-zentralbank-fordern-sie-das-ende-der-finanzierung-von-klimakillern\/\",\"url\":\"https:\/\/www.greenpeace.org\/luxembourg\/de\/presseerklaerungen\/9639\/oeffentliche-konsultation-der-europaeischen-zentralbank-fordern-sie-das-ende-der-finanzierung-von-klimakillern\/\",\"name\":\"\u00d6ffentliche Konsultation der Europ\u00e4ischen Zentralbank: Fordern Sie das Ende der Finanzierung von Klimakillern! - Greenpeace Luxembourg\",\"isPartOf\":{\"@id\":\"https:\/\/www.greenpeace.org\/luxembourg\/fr\/#website\"},\"primaryImageOfPage\":{\"@id\":\"https:\/\/www.greenpeace.org\/luxembourg\/de\/presseerklaerungen\/9639\/oeffentliche-konsultation-der-europaeischen-zentralbank-fordern-sie-das-ende-der-finanzierung-von-klimakillern\/#primaryimage\"},\"image\":{\"@id\":\"https:\/\/www.greenpeace.org\/luxembourg\/de\/presseerklaerungen\/9639\/oeffentliche-konsultation-der-europaeischen-zentralbank-fordern-sie-das-ende-der-finanzierung-von-klimakillern\/#primaryimage\"},\"thumbnailUrl\":\"https:\/\/www.greenpeace.org\/static\/planet4-luxembourg-stateless\/2020\/08\/e68fec2f-gp0stthsr_low_res_with_credit_line.jpg\",\"datePublished\":\"2020-08-26T06:33:35+00:00\",\"dateModified\":\"2021-12-01T15:26:44+00:00\",\"breadcrumb\":{\"@id\":\"https:\/\/www.greenpeace.org\/luxembourg\/de\/presseerklaerungen\/9639\/oeffentliche-konsultation-der-europaeischen-zentralbank-fordern-sie-das-ende-der-finanzierung-von-klimakillern\/#breadcrumb\"},\"inLanguage\":\"de-LU\",\"potentialAction\":[{\"@type\":\"ReadAction\",\"target\":[\"https:\/\/www.greenpeace.org\/luxembourg\/de\/presseerklaerungen\/9639\/oeffentliche-konsultation-der-europaeischen-zentralbank-fordern-sie-das-ende-der-finanzierung-von-klimakillern\/\"]}]},{\"@type\":\"ImageObject\",\"inLanguage\":\"de-LU\",\"@id\":\"https:\/\/www.greenpeace.org\/luxembourg\/de\/presseerklaerungen\/9639\/oeffentliche-konsultation-der-europaeischen-zentralbank-fordern-sie-das-ende-der-finanzierung-von-klimakillern\/#primaryimage\",\"url\":\"https:\/\/www.greenpeace.org\/static\/planet4-luxembourg-stateless\/2020\/08\/e68fec2f-gp0stthsr_low_res_with_credit_line.jpg\",\"contentUrl\":\"https:\/\/www.greenpeace.org\/static\/planet4-luxembourg-stateless\/2020\/08\/e68fec2f-gp0stthsr_low_res_with_credit_line.jpg\",\"width\":600,\"height\":396,\"caption\":\"Greenpeace campaigner Sarah North holds a banner reading \\\"Climate Emergency\\\" whilst floating in front of BP oil rig on day 11 of the protest in the North Sea. Greenpeace is calling on BP to halt drilling for new oil in light of the climate emergency and refocus their business on renewable energy.\"},{\"@type\":\"BreadcrumbList\",\"@id\":\"https:\/\/www.greenpeace.org\/luxembourg\/de\/presseerklaerungen\/9639\/oeffentliche-konsultation-der-europaeischen-zentralbank-fordern-sie-das-ende-der-finanzierung-von-klimakillern\/#breadcrumb\",\"itemListElement\":[{\"@type\":\"ListItem\",\"position\":1,\"name\":\"Home\",\"item\":\"http:\/\/www.greenpeace.org\/luxembourg\/fr\/\"},{\"@type\":\"ListItem\",\"position\":2,\"name\":\"\u00d6ffentliche Konsultation der Europ\u00e4ischen Zentralbank: Fordern Sie das Ende der Finanzierung von Klimakillern!\"}]},{\"@type\":\"WebSite\",\"@id\":\"https:\/\/www.greenpeace.org\/luxembourg\/fr\/#website\",\"url\":\"https:\/\/www.greenpeace.org\/luxembourg\/fr\/\",\"name\":\"Greenpeace Luxembourg\",\"description\":\"Greenpeace existiert, weil unsere Erde eine Stimme braucht. Sie ben\u00f6tigt L\u00f6sungen. Ver\u00e4nderungen. Aktionen.\",\"publisher\":{\"@id\":\"https:\/\/www.greenpeace.org\/luxembourg\/fr\/#organization\"},\"potentialAction\":[{\"@type\":\"SearchAction\",\"target\":{\"@type\":\"EntryPoint\",\"urlTemplate\":\"https:\/\/www.greenpeace.org\/luxembourg\/fr\/?s={search_term_string}\"},\"query-input\":{\"@type\":\"PropertyValueSpecification\",\"valueRequired\":true,\"valueName\":\"search_term_string\"}}],\"inLanguage\":\"de-LU\"},{\"@type\":\"Organization\",\"@id\":\"https:\/\/www.greenpeace.org\/luxembourg\/fr\/#organization\",\"name\":\"Greenpeace Luxembourg\",\"url\":\"https:\/\/www.greenpeace.org\/luxembourg\/fr\/\",\"logo\":{\"@type\":\"ImageObject\",\"inLanguage\":\"de-LU\",\"@id\":\"https:\/\/www.greenpeace.org\/luxembourg\/fr\/#\/schema\/logo\/image\/\",\"url\":\"https:\/\/www.greenpeace.org\/static\/planet4-luxembourg-stateless\/2026\/03\/3e367f94-greenpeace_logo_green_rgb.png\",\"contentUrl\":\"https:\/\/www.greenpeace.org\/static\/planet4-luxembourg-stateless\/2026\/03\/3e367f94-greenpeace_logo_green_rgb.png\",\"width\":1080,\"height\":175,\"caption\":\"Greenpeace Luxembourg\"},\"image\":{\"@id\":\"https:\/\/www.greenpeace.org\/luxembourg\/fr\/#\/schema\/logo\/image\/\"},\"sameAs\":[\"https:\/\/www.facebook.com\/greenpeaceluxembourg\",\"https:\/\/www.instagram.com\/greenpeacelux\/\",\"https:\/\/www.linkedin.com\/company\/greenpeace-luxembourg\/\",\"https:\/\/www.threads.com\/@greenpeacelux\",\"https:\/\/bsky.app\/profile\/greenpeacelux.bsky.social\",\"https:\/\/www.youtube.com\/@GreenpeaceLux\",\"https:\/\/www.tiktok.com\/@greenpeace_lux\"]},{\"@type\":\"Person\",\"@id\":\"https:\/\/www.greenpeace.org\/luxembourg\/fr\/#\/schema\/person\/c2ae6002b8ed18c00be0c6b320eea776\",\"name\":\"Myriam Wecker\",\"url\":\"https:\/\/www.greenpeace.org\/luxembourg\/de\/author\/mwecker\/\"}]}<\/script>\n<!-- \/ Yoast SEO Premium plugin. -->","yoast_head_json":{"title":"\u00d6ffentliche Konsultation der Europ\u00e4ischen Zentralbank: Fordern Sie das Ende der Finanzierung von Klimakillern! - Greenpeace Luxembourg","robots":{"index":"index","follow":"follow","max-snippet":"max-snippet:-1","max-image-preview":"max-image-preview:large","max-video-preview":"max-video-preview:-1"},"canonical":"https:\/\/www.greenpeace.org\/luxembourg\/de\/presseerklaerungen\/9639\/oeffentliche-konsultation-der-europaeischen-zentralbank-fordern-sie-das-ende-der-finanzierung-von-klimakillern\/","og_locale":"de_DE","og_type":"article","og_title":"\u00d6ffentliche Konsultation der Europ\u00e4ischen Zentralbank: Fordern Sie das Ende der Finanzierung von Klimakillern!","og_description":"Greenpeace appelliert an alle B\u00fcrgerInnen, sich an der \u00f6ffentlichen Konsultation zur Geldpolitik der EZB zu beteiligen.","og_url":"https:\/\/www.greenpeace.org\/luxembourg\/de\/presseerklaerungen\/9639\/oeffentliche-konsultation-der-europaeischen-zentralbank-fordern-sie-das-ende-der-finanzierung-von-klimakillern\/","og_site_name":"Greenpeace Luxembourg","article_publisher":"https:\/\/www.facebook.com\/greenpeaceluxembourg","article_published_time":"2020-08-26T06:33:35+00:00","article_modified_time":"2021-12-01T15:26:44+00:00","og_image":[{"width":600,"height":396,"url":"https:\/\/www.greenpeace.org\/static\/planet4-luxembourg-stateless\/2020\/08\/e68fec2f-gp0stthsr_low_res_with_credit_line.jpg","type":"image\/jpeg"}],"author":"Myriam Wecker","twitter_card":"summary_large_image","twitter_misc":{"Written by":"Myriam Wecker","Est. reading time":"2 minutes"},"schema":{"@context":"https:\/\/schema.org","@graph":[{"@type":"Article","@id":"https:\/\/www.greenpeace.org\/luxembourg\/de\/presseerklaerungen\/9639\/oeffentliche-konsultation-der-europaeischen-zentralbank-fordern-sie-das-ende-der-finanzierung-von-klimakillern\/#article","isPartOf":{"@id":"https:\/\/www.greenpeace.org\/luxembourg\/de\/presseerklaerungen\/9639\/oeffentliche-konsultation-der-europaeischen-zentralbank-fordern-sie-das-ende-der-finanzierung-von-klimakillern\/"},"author":{"name":"Myriam Wecker","@id":"https:\/\/www.greenpeace.org\/luxembourg\/fr\/#\/schema\/person\/c2ae6002b8ed18c00be0c6b320eea776"},"headline":"\u00d6ffentliche Konsultation der Europ\u00e4ischen Zentralbank: Fordern Sie das Ende der Finanzierung von Klimakillern!","datePublished":"2020-08-26T06:33:35+00:00","dateModified":"2021-12-01T15:26:44+00:00","mainEntityOfPage":{"@id":"https:\/\/www.greenpeace.org\/luxembourg\/de\/presseerklaerungen\/9639\/oeffentliche-konsultation-der-europaeischen-zentralbank-fordern-sie-das-ende-der-finanzierung-von-klimakillern\/"},"wordCount":364,"publisher":{"@id":"https:\/\/www.greenpeace.org\/luxembourg\/fr\/#organization"},"image":{"@id":"https:\/\/www.greenpeace.org\/luxembourg\/de\/presseerklaerungen\/9639\/oeffentliche-konsultation-der-europaeischen-zentralbank-fordern-sie-das-ende-der-finanzierung-von-klimakillern\/#primaryimage"},"thumbnailUrl":"https:\/\/www.greenpeace.org\/static\/planet4-luxembourg-stateless\/2020\/08\/e68fec2f-gp0stthsr_low_res_with_credit_line.jpg","keywords":["Luxemburg","FossileEnergien","Finanzsektor","Gerechtigkeit"],"articleSection":["Energie","Klima"],"inLanguage":"de-LU"},{"@type":"WebPage","@id":"https:\/\/www.greenpeace.org\/luxembourg\/de\/presseerklaerungen\/9639\/oeffentliche-konsultation-der-europaeischen-zentralbank-fordern-sie-das-ende-der-finanzierung-von-klimakillern\/","url":"https:\/\/www.greenpeace.org\/luxembourg\/de\/presseerklaerungen\/9639\/oeffentliche-konsultation-der-europaeischen-zentralbank-fordern-sie-das-ende-der-finanzierung-von-klimakillern\/","name":"\u00d6ffentliche Konsultation der Europ\u00e4ischen Zentralbank: Fordern Sie das Ende der Finanzierung von Klimakillern! - Greenpeace Luxembourg","isPartOf":{"@id":"https:\/\/www.greenpeace.org\/luxembourg\/fr\/#website"},"primaryImageOfPage":{"@id":"https:\/\/www.greenpeace.org\/luxembourg\/de\/presseerklaerungen\/9639\/oeffentliche-konsultation-der-europaeischen-zentralbank-fordern-sie-das-ende-der-finanzierung-von-klimakillern\/#primaryimage"},"image":{"@id":"https:\/\/www.greenpeace.org\/luxembourg\/de\/presseerklaerungen\/9639\/oeffentliche-konsultation-der-europaeischen-zentralbank-fordern-sie-das-ende-der-finanzierung-von-klimakillern\/#primaryimage"},"thumbnailUrl":"https:\/\/www.greenpeace.org\/static\/planet4-luxembourg-stateless\/2020\/08\/e68fec2f-gp0stthsr_low_res_with_credit_line.jpg","datePublished":"2020-08-26T06:33:35+00:00","dateModified":"2021-12-01T15:26:44+00:00","breadcrumb":{"@id":"https:\/\/www.greenpeace.org\/luxembourg\/de\/presseerklaerungen\/9639\/oeffentliche-konsultation-der-europaeischen-zentralbank-fordern-sie-das-ende-der-finanzierung-von-klimakillern\/#breadcrumb"},"inLanguage":"de-LU","potentialAction":[{"@type":"ReadAction","target":["https:\/\/www.greenpeace.org\/luxembourg\/de\/presseerklaerungen\/9639\/oeffentliche-konsultation-der-europaeischen-zentralbank-fordern-sie-das-ende-der-finanzierung-von-klimakillern\/"]}]},{"@type":"ImageObject","inLanguage":"de-LU","@id":"https:\/\/www.greenpeace.org\/luxembourg\/de\/presseerklaerungen\/9639\/oeffentliche-konsultation-der-europaeischen-zentralbank-fordern-sie-das-ende-der-finanzierung-von-klimakillern\/#primaryimage","url":"https:\/\/www.greenpeace.org\/static\/planet4-luxembourg-stateless\/2020\/08\/e68fec2f-gp0stthsr_low_res_with_credit_line.jpg","contentUrl":"https:\/\/www.greenpeace.org\/static\/planet4-luxembourg-stateless\/2020\/08\/e68fec2f-gp0stthsr_low_res_with_credit_line.jpg","width":600,"height":396,"caption":"Greenpeace campaigner Sarah North holds a banner reading \"Climate Emergency\" whilst floating in front of BP oil rig on day 11 of the protest in the North Sea. Greenpeace is calling on BP to halt drilling for new oil in light of the climate emergency and refocus their business on renewable energy."},{"@type":"BreadcrumbList","@id":"https:\/\/www.greenpeace.org\/luxembourg\/de\/presseerklaerungen\/9639\/oeffentliche-konsultation-der-europaeischen-zentralbank-fordern-sie-das-ende-der-finanzierung-von-klimakillern\/#breadcrumb","itemListElement":[{"@type":"ListItem","position":1,"name":"Home","item":"http:\/\/www.greenpeace.org\/luxembourg\/fr\/"},{"@type":"ListItem","position":2,"name":"\u00d6ffentliche Konsultation der Europ\u00e4ischen Zentralbank: Fordern Sie das Ende der Finanzierung von Klimakillern!"}]},{"@type":"WebSite","@id":"https:\/\/www.greenpeace.org\/luxembourg\/fr\/#website","url":"https:\/\/www.greenpeace.org\/luxembourg\/fr\/","name":"Greenpeace Luxembourg","description":"Greenpeace existiert, weil unsere Erde eine Stimme braucht. Sie ben\u00f6tigt L\u00f6sungen. Ver\u00e4nderungen. Aktionen.","publisher":{"@id":"https:\/\/www.greenpeace.org\/luxembourg\/fr\/#organization"},"potentialAction":[{"@type":"SearchAction","target":{"@type":"EntryPoint","urlTemplate":"https:\/\/www.greenpeace.org\/luxembourg\/fr\/?s={search_term_string}"},"query-input":{"@type":"PropertyValueSpecification","valueRequired":true,"valueName":"search_term_string"}}],"inLanguage":"de-LU"},{"@type":"Organization","@id":"https:\/\/www.greenpeace.org\/luxembourg\/fr\/#organization","name":"Greenpeace Luxembourg","url":"https:\/\/www.greenpeace.org\/luxembourg\/fr\/","logo":{"@type":"ImageObject","inLanguage":"de-LU","@id":"https:\/\/www.greenpeace.org\/luxembourg\/fr\/#\/schema\/logo\/image\/","url":"https:\/\/www.greenpeace.org\/static\/planet4-luxembourg-stateless\/2026\/03\/3e367f94-greenpeace_logo_green_rgb.png","contentUrl":"https:\/\/www.greenpeace.org\/static\/planet4-luxembourg-stateless\/2026\/03\/3e367f94-greenpeace_logo_green_rgb.png","width":1080,"height":175,"caption":"Greenpeace Luxembourg"},"image":{"@id":"https:\/\/www.greenpeace.org\/luxembourg\/fr\/#\/schema\/logo\/image\/"},"sameAs":["https:\/\/www.facebook.com\/greenpeaceluxembourg","https:\/\/www.instagram.com\/greenpeacelux\/","https:\/\/www.linkedin.com\/company\/greenpeace-luxembourg\/","https:\/\/www.threads.com\/@greenpeacelux","https:\/\/bsky.app\/profile\/greenpeacelux.bsky.social","https:\/\/www.youtube.com\/@GreenpeaceLux","https:\/\/www.tiktok.com\/@greenpeace_lux"]},{"@type":"Person","@id":"https:\/\/www.greenpeace.org\/luxembourg\/fr\/#\/schema\/person\/c2ae6002b8ed18c00be0c6b320eea776","name":"Myriam Wecker","url":"https:\/\/www.greenpeace.org\/luxembourg\/de\/author\/mwecker\/"}]}},"_links":{"self":[{"href":"https:\/\/www.greenpeace.org\/luxembourg\/de\/wp-json\/wp\/v2\/posts\/9639","targetHints":{"allow":["GET"]}}],"collection":[{"href":"https:\/\/www.greenpeace.org\/luxembourg\/de\/wp-json\/wp\/v2\/posts"}],"about":[{"href":"https:\/\/www.greenpeace.org\/luxembourg\/de\/wp-json\/wp\/v2\/types\/post"}],"author":[{"embeddable":true,"href":"https:\/\/www.greenpeace.org\/luxembourg\/de\/wp-json\/wp\/v2\/users\/31"}],"replies":[{"embeddable":true,"href":"https:\/\/www.greenpeace.org\/luxembourg\/de\/wp-json\/wp\/v2\/comments?post=9639"}],"version-history":[{"count":7,"href":"https:\/\/www.greenpeace.org\/luxembourg\/de\/wp-json\/wp\/v2\/posts\/9639\/revisions"}],"predecessor-version":[{"id":12919,"href":"https:\/\/www.greenpeace.org\/luxembourg\/de\/wp-json\/wp\/v2\/posts\/9639\/revisions\/12919"}],"wp:featuredmedia":[{"embeddable":true,"href":"https:\/\/www.greenpeace.org\/luxembourg\/de\/wp-json\/wp\/v2\/media\/9647"}],"wp:attachment":[{"href":"https:\/\/www.greenpeace.org\/luxembourg\/de\/wp-json\/wp\/v2\/media?parent=9639"}],"wp:term":[{"taxonomy":"category","embeddable":true,"href":"https:\/\/www.greenpeace.org\/luxembourg\/de\/wp-json\/wp\/v2\/categories?post=9639"},{"taxonomy":"post_tag","embeddable":true,"href":"https:\/\/www.greenpeace.org\/luxembourg\/de\/wp-json\/wp\/v2\/tags?post=9639"},{"taxonomy":"p4-page-type","embeddable":true,"href":"https:\/\/www.greenpeace.org\/luxembourg\/de\/wp-json\/wp\/v2\/p4-page-type?post=9639"}],"curies":[{"name":"wp","href":"https:\/\/api.w.org\/{rel}","templated":true}]}}