{"id":9834,"date":"2020-09-24T13:55:24","date_gmt":"2020-09-24T11:55:24","guid":{"rendered":"https:\/\/www.greenpeace.org\/luxembourg\/?p=9834"},"modified":"2021-12-01T17:26:29","modified_gmt":"2021-12-01T15:26:29","slug":"deutscher-oekonomist-kritisiert-fdc-investmentpolitik","status":"publish","type":"post","link":"https:\/\/www.greenpeace.org\/luxembourg\/de\/aktualitaet\/9834\/deutscher-oekonomist-kritisiert-fdc-investmentpolitik\/","title":{"rendered":"Deutscher \u00d6konom kritisiert Investitionspolitik des FDC"},"content":{"rendered":"\n<p><strong>Im Rahmen seiner Kampagne \u201cKlima und Finanzen\u201d hat Greenpeace Luxemburg eine Expertise zur Investitionspolitik des luxemburgischen Pensionsfonds Fonds de Compensation in Auftrag gegeben. In unserem Interview erl\u00e4utert der Autor der Studie, der deutsche \u00d6konomist Dr. Martin Granzow, die Kernpunkte und Ergebnisse seiner Studie sowie seine Empfehlungen an Politik und Management des FDC. <\/strong><\/p>\n\n<p><strong>Dr Granzow, wie beurteilen Sie die Investitionsstrategie des Fonds de Compensation (FDC)? Was ist positiv? Was ist verbesserungsbed\u00fcrftig?<\/strong><\/p>\n\n<p>Insgesamt ist die Investitionsstrategie des FDC unter Nachhaltigkeitsgesichtspunkten als \u201eunbefriedigend\u201c zu bewerten. Positiv hervorzuheben ist, dass der Fonds bereits eine Richtlinie f\u00fcr verantwortliches Investieren entwickelt hat und seit einigen Jahren auf die Ber\u00fccksichtigung von Nachhaltigkeitskriterien bei der Auswahl der Asset Manager f\u00fcr die verschiedenen Teilfonds achtet. Zu bem\u00e4ngeln ist jedoch das geringe Ambitionsniveau der eigenen nachhaltigen Anlagekriterien. Es muss zudem konstatiert werden, dass auch die Ans\u00e4tze der vom FDC mandatierten Asset Manager inkonsistent sind und bei weitem nicht dem Ambitionsniveau entsprechen, das zur Erreichung einer Paris-Kompatibilit\u00e4t der Teilfonds notwendig w\u00e4re. Zus\u00e4tzlich konnte der Fonds in der Vergangenheit auch keine Transparenz in Bezug auf Nachhaltigkeitsaspekte herstellen. Es ist heute auf Basis der Angaben des FDC f\u00fcr externe Stakeholder daher v\u00f6llig unklar, wie Nachhaltigkeitsrisiken Teilfonds-\u00fcbergreifend vom FDC erfasst und gesteuert werden.<\/p>\n\n<p><strong>Gibt es neben dem Argument des Klimaschutzes noch weitere Gr\u00fcnde, warum der FDC seine Investitionsstrategie \u00e4ndern sollte?<\/strong><\/p>\n\n<p>Klimaschutz und Nachhaltigkeit sind Werte, die f\u00fcr viele Menschen immer wichtiger werden. Das trifft auch auf die Beg\u00fcnstigten des FDC zu. Selbst wenn es im FDC nicht die Eigenmotivation f\u00fcr Klimaschutz und Nachhaltigkeit g\u00e4be, so ist dieser jedoch als Treuh\u00e4nder dazu verpflichtet, im Interesse seiner Beg\u00fcnstigten zu handeln. Das Interesse der Beg\u00fcnstigten muss hierbei nicht zwingend ein rein finanzielles Interesse sein. Das wurde in der Vergangenheit auch durch diverse Gutachten und Studien best\u00e4tigt. Selbst wenn es jedoch ein rein finanzielles Interesse der Beg\u00fcnstigten g\u00e4be, sollte der FDC ein gro\u00dfes Interesse an der st\u00e4rkeren Integration von Nachhaltigkeitskriterien in die Investitionsstrategie haben, da negative Auswirkungen auf die Rendite mit hoher Wahrscheinlichkeit ausgeschlossen und positive Effekte sogar wahrscheinlich sind.<\/p>\n\n<p><strong>Sollte der FDC trotz Corona-Krise und der ungewissen Lage auf den M\u00e4rkten zum jetzigen Zeitpunkt aus fossilen Energien \u201cdivesten\u201d?<\/strong><\/p>\n\n<p>Unabh\u00e4ngig von der tats\u00e4chlichen realwirtschaftlichen Entwicklung haben sich die B\u00f6rsenkurse nahezu aller gro\u00dfen Indizes schon wieder deutlich von den Tiefst\u00e4nden im M\u00e4rz 2020 erholt und in einigen L\u00e4ndern in den letzten Wochen das Vor-Corona-Niveau sogar \u00fcbertroffen. Bei Kohle-, \u00d6l- und Gas-Konzernen sind die Aktienkursentwicklungen in den letzten Monaten im Allgemeinen zwar hinter den Marktentwicklungen zur\u00fcckgeblieben. Langfristig handelt es sich bei auf fossilen Energien basierenden Gesch\u00e4ftsmodellen in einer Paris-kompatiblen &lt;2\u00b0C Welt jedoch um Auslaufmodelle. So kommt eine Studie von Axa bspw. zu dem Ergebnis, dass die Annual Returns von Kohleunternehmen bis 2030 um 60% und bis 2050 um 100 % einbrechen. Im \u00d6l- und Gassektor sehen die Zahlen mit -40 % bis 2030 und -95% bis 2050 nicht deutlich besser aus. Langfristig streben diese Gesch\u00e4ftsmodelle also gegen einen finanziellen Wert von 0.<\/p>\n\n<p><strong>Wie bewerten Sie die Gewinnerwartungen von \u201cnachhaltigen\u201d respektive \u201cfossil-freien\u201d Investitionen im Vergleich zu einem \u201cklassischen\u201d Portfolios?<\/strong><\/p>\n\n<p>In den vergangenen Jahren haben zahlreiche Studien nachgewiesen, dass nachhaltige Kapitalanlagen gegen\u00fcber konventionellen Anlagen keinen systematischen Nachteil bei Rendite und Risiko haben. Viele Studien sehen sie sogar im Vorteil. Im Wesentlichen treffen bei nachhaltigen Kapitalanlagen zwei entgegengesetzt wirkende Faktoren aufeinander. Auf der einen Seite steigen die Aufw\u00e4nde bei der Asset Auswahl, weil zus\u00e4tzlich zu den klassischen Auswahlkriterien weitere Nachhaltigkeitskriterien analysiert werden m\u00fcssen. Das kostet Zeit und Geld. Auf der anderen Seite k\u00f6nnen durch nachhaltige Investments jedoch bestimmte finanzielle Risiken aus den Portfolios ausgeschlossen werden. Auf Basis der bisherigen wissenschaftlichen Analysen scheint dieser positive Effekt, die zus\u00e4tzlichen Kosten \u00fcberzukompensieren.<\/p>\n\n<p><strong>Ist eine nachhaltige Investitionsstrategie auch f\u00fcr passiv gemanagte Portfolios m\u00f6glich?<\/strong><\/p>\n\n<p>Selbst bei passiv gemanagten Fonds des FDC, die ausschlie\u00dflich in Indizes investieren, k\u00f6nnen Nachhaltigkeitsaspekte als strategische Zielsetzung in die Investitionsstrategie integriert werden, da es zu nahezu allen \u201egro\u00dfen\u201c Indizes nachhaltige Sub-Indizes gibt.<\/p>\n\n<p><strong>Welche konkreten Schritte sind notwendig, um die Investitionen des FDC Paris-kompatibel zu gestalten? Welche Rolle kommt in dieser Hinsicht den politischen Entscheidungstr\u00e4gern zu? Welche konkreten Schritte m\u00fcssen von den Entscheidungstr\u00e4gern des FDC unternommen werden?<\/strong><\/p>\n\n<p>Wir haben einen ganzen Katalog verschiedener Ma\u00dfnahmen im Bericht aufgelistet, die von Seiten der Politik und des Fonds-Managements ergriffen werden sollten. Besonders hervorzuheben ist sicher, dass ein klares Zeichen von Seiten der Politik erforderlich zu sein scheint, dass eine Integration von Nachhaltigkeitsrisiken zwingend zum Mandat des Fonds dazugeh\u00f6rt. Des Weiteren sind politische Impulse notwendig, um einen Nachhaltigkeitsbestrebungen f\u00f6rdernden regulatorischen Rahmen zu schaffen. Dies umfasst Vorgaben zur Transparenz genauso wie eine Verpflichtung aller von Treuh\u00e4ndern verwalteten Fonds zur Integration von Nachhaltigkeitsaspekten in die Risikoanalyse. Auch das Mandat der Aufsichtsbeh\u00f6rden sollte erweitert werden. Hierzu geh\u00f6rt nicht nur die Integration von Nachhaltigkeitsaspekten in das Berichtswesen und die unternehmensspezifischen Pr\u00fcft\u00e4tigkeiten, sondern auch die Durchf\u00fchrung von Stresstests unter verschiedenen Klimawandel- und Transitionsszenarien. Wir empfehlen in Richtung der Politik zus\u00e4tzlich \u00fcber verschiedene Ma\u00dfnahmen einen Beitrag zum Aufbau von Knowhow und Kapazit\u00e4ten zu leisten.<\/p>\n\n<p>Der FDC selbst sollte das Thema Nachhaltigkeit zun\u00e4chst in seiner Gesamtstrategie und anschlie\u00dfend in der Investitionsstrategie aller Teilfonds verankern. Prozessual ist es in einem zweiten Schritt sinnvoll, die eigenen Analysef\u00e4higkeiten zu erweitern, ein eigenes Nachhaltigkeitskennzahlensystem zu entwickeln und eine fundierte Nachhaltigkeitsanalyse zu implementieren. Liegt intern die n\u00f6tige Transparenz vor, sollte als n\u00e4chstes eine ambitioniertere Anlagerichtlinie erarbeitet werden, die neben Ausschluss- und Positivkriterien auch das Engagement gegen\u00fcber Investees klar regelt. Ebenfalls wichtig ist die Integration von Nachhaltigkeitsaspekten in die Aufbau- und Ablauforganisation sowie ein umfassendes Monitoring. Der Fonds sollte zudem umgehend intern und extern Transparenz zur eigenen Nachhaltigkeitsleistung herstellen und bei der Offenlegungspraxis durch Anwendung der TCFD-Empfehlungen als Leuchtturm und Vorreiter f\u00fcr den Sustainable Finance Standort Luxemburg auftreten.<\/p>\n\n<p><strong>Gibt es neben dem Sektor der fossilen Brennstoffe noch andere Sektoren, die aus Sicht des Klimaschutzes bedenklich sind, da sie nicht oder nur schwer transformierbar sind?<\/strong><\/p>\n\n<p>Es gibt nur wenige Beispiele f\u00fcr nicht transformierbare Sektoren und dar\u00fcber hinaus beachten Transformationsszenarien in der Regel, ob Sektoren einfach oder nur bedingt Emissionen reduzieren k\u00f6nnen. Entscheidender ist, wie stark das Gesch\u00e4ftsmodell eines Unternehmens von einer problematischen Technologie (z. B. der Herstellung von Verbrennermotoren) abh\u00e4ngt. Vor allem nicht diversifizierte Pure Player mit hoher Exposition zu diesen Technologien werden in einem &lt;2\u00b0C Szenario kaum transformierbar sein und sollten daher vom Investment ausgeschlossen werden. Ebenfalls auszuschlie\u00dfen sind Unternehmen, denen der n\u00f6tige Wille zur Transformation fehlt. Hierzu z\u00e4hlen Klimawandel-Leugner, genauso wie Unternehmen, die gegen die Transformation f\u00f6rdernde Ma\u00dfnahmen (z.B. klimafreundliche Regulatorik) lobbyieren. Auch solche Unternehmen, die mit besonders problematischen Gesch\u00e4ftsaktivit\u00e4ten in Verbindung stehen (gemeint sind bspw. Arctic Drilling oder der Abbau von Teersanden), m\u00fcssen vom FDC grunds\u00e4tzlich vom Investment ausgeschlossen werden.<\/p>\n\n<p><strong>Sollte der FDC in Firmen investieren, deren Hauptgesch\u00e4ft im Bereich der fossilen Energien ist, die jedoch auch \u00fcber eine Filiale \u201cErneuerbare Energien\u201d verf\u00fcgen?<\/strong><\/p>\n\n<p>Das h\u00e4ngt vom Einzelfall ab. Ein Unternehmen mit einem wissenschaftlich fundierten Paris-kompatiblen Emissionsreduktionsziel, das alle wesentlichen Emissionsquellen (inkl. der indirekten Emissionen) abdeckt und dieses Ziel glaubhaft und nachweisbar verfolgt, ohne dabei andere Nachhaltigkeitsprobleme zu verursachen, sollte f\u00fcr den FDC unabh\u00e4ngig vom Sektor grunds\u00e4tzlich investierbar sein. Bei Investments in Unternehmen aus problematischen Sektoren ist jedoch hohe Transparenz zur Investitionsentscheidung ratsam, um die Nachvollziehbarkeit der Entscheidung auch externen Stakeholdern zu erm\u00f6glichen.<\/p>\n\n<hr class=\"wp-block-separator\"\/>\n\n<p><em>Dr. Martin Granzow ist Dipl. Wirtschaftsingenieur und Doktor der Wirtschaftswissenschaften. Er verf\u00fcgt \u00fcber 10 Jahre Berufserfahrung als Unternehmensberater u. a. bei Accenture Strategy. Im Jahr 2017 gr\u00fcndete er die Nextra Consulting, mit der er Unternehmen bei der Umsetzung der Green Transition unterst\u00fctzt. Er ist dar\u00fcber hinaus als Dozent f\u00fcr die Frankfurt School of Finance &amp; Management t\u00e4tig und Herausgeber bzw. Autor zahlreicher Publikationen.<\/em><\/p>\n\n<div class=\"wp-block-buttons aligncenter is-layout-flex wp-block-buttons-is-layout-flex\">\n<div class=\"wp-block-button is-style-cta\"><a class=\"wp-block-button__link\" href=\"\" target=\"_blank\" rel=\"noreferrer noopener\">Den Bericht lesen <\/a><\/div>\n<\/div>\n\n<div class=\"wp-block-file aligncenter\"><a href=\"https:\/\/www.greenpeace.org\/static\/planet4-luxembourg-stateless\/2020\/09\/e5a74222-nextra-consulting_ber\u00fccksichtigung-von-klimakriterien-im-fdc-3.pdf\"><em>Bericht von Nextra Consulting : Ber\u00fccksichtigung von Klimakriterien beim FDC<\/em><\/a><\/div>\n\n<p><\/p>\n\t\t\t<section\n\t\t\tclass=\"boxout post-844 \"\n\t\t\t\n\t\t>\n\t\t\t<a\n\t\t\t\tdata-ga-category=\"Take Action Boxout\"\n\t\t\t\tdata-ga-action=\"Image\"\n\t\t\t\tdata-ga-label=\"n\/a\"\n\t\t\t\tclass=\"cover-card-overlay\"\n\t\t\t\thref=\"https:\/\/www.greenpeace.org\/luxembourg\/de\/handeln\/divestment-aus-fossilen-energien\/\" \n\t\t\t><\/a>\n\t\t\t\t\t\t\t<img\n\t\t\t\t\t\tsrc=\"https:\/\/www.greenpeace.org\/static\/planet4-luxembourg-stateless\/0c8f6b41-gp026gz_pressmedia-1024x683.jpg\"\n\t\t\t\t\t\tsrcset=\"\"\n\t\t\t\t\t\tsizes=\"(min-width: 1000px) 358px, (min-width: 780px) 313px, 88px\"\n\t\t\t\t\t\talt=\"\" title=\"\"\n\t\t\t\t\/>\n            \t\t\t<div class=\"boxout-content\">\n\t\t\t\t\t\t\t\t\t<a\n\t\t\t\t\t\tclass=\"boxout-heading medium\"\n\t\t\t\t\t\tdata-ga-category=\"Take Action Boxout\"\n\t\t\t\t\t\tdata-ga-action=\"Title\"\n\t\t\t\t\t\tdata-ga-label=\"n\/a\"\n\t\t\t\t\t\thref=\"https:\/\/www.greenpeace.org\/luxembourg\/de\/handeln\/divestment-aus-fossilen-energien\/\"\n\t\t\t\t\t\t\n\t\t\t\t\t>\n\t\t\t\t\t\tZeit aufzuh\u00f6ren, in fossile Brennstoffe zu investieren\n\t\t\t\t\t<\/a>\n\t\t\t\t\t\t\t\t                                    <a\n                        class=\"btn btn-primary\"\n                        data-ga-category=\"Take Action Boxout\"\n                        data-ga-action=\"Call to Action\"\n                        data-ga-label=\"n\/a\"\n                        href=\"https:\/\/www.greenpeace.org\/luxembourg\/de\/handeln\/divestment-aus-fossilen-energien\/\"\n                        \n                    >\n                        Machen Sie mit!\n                    <\/a>\n                \t\t\t<\/div>\n\t\t\t\t\t<\/section>\n\t","protected":false},"excerpt":{"rendered":"<p>Im Rahmen seiner Kampagne \u201cKlima und Finanzen\u201d hat Greenpeace Luxemburg eine Expertise zur Investitionspolitik des Fonds de Compensation in Auftrag gegeben.<\/p>\n","protected":false},"author":31,"featured_media":9840,"comment_status":"closed","ping_status":"closed","sticky":false,"template":"","format":"standard","meta":{"ep_exclude_from_search":false,"p4_og_title":"","p4_og_description":"","p4_og_image":"","p4_og_image_id":"","p4_seo_canonical_url":"","p4_campaign_name":"not set","p4_local_project":"not set","p4_basket_name":"not set","p4_department":"","footnotes":""},"categories":[49,48],"tags":[60,63,96,98],"p4-page-type":[68],"class_list":["post-9834","post","type-post","status-publish","format-standard","has-post-thumbnail","hentry","category-energie","category-klima","tag-luxemburg","tag-fossileenergien","tag-finanzsektor","tag-gerechtigkeit","p4-page-type-aktualitaet"],"yoast_head":"<!-- This site is optimized with the Yoast SEO Premium plugin v23.9 (Yoast SEO v23.9) - https:\/\/yoast.com\/wordpress\/plugins\/seo\/ -->\n<title>Deutscher \u00d6konom kritisiert Investitionspolitik des FDC - Greenpeace Luxembourg<\/title>\n<meta name=\"robots\" content=\"index, follow, max-snippet:-1, max-image-preview:large, max-video-preview:-1\" \/>\n<link rel=\"canonical\" href=\"https:\/\/www.greenpeace.org\/luxembourg\/de\/aktualitaet\/9834\/deutscher-oekonomist-kritisiert-fdc-investmentpolitik\/\" \/>\n<meta property=\"og:locale\" content=\"de_DE\" \/>\n<meta property=\"og:type\" content=\"article\" \/>\n<meta property=\"og:title\" content=\"Deutscher \u00d6konom kritisiert Investitionspolitik des FDC\" \/>\n<meta property=\"og:description\" content=\"Im Rahmen seiner Kampagne \u201cKlima und Finanzen\u201d hat Greenpeace Luxemburg eine Expertise zur Investitionspolitik des Fonds de Compensation in Auftrag gegeben.\" \/>\n<meta property=\"og:url\" content=\"https:\/\/www.greenpeace.org\/luxembourg\/de\/aktualitaet\/9834\/deutscher-oekonomist-kritisiert-fdc-investmentpolitik\/\" \/>\n<meta property=\"og:site_name\" content=\"Greenpeace Luxembourg\" \/>\n<meta property=\"article:publisher\" content=\"https:\/\/www.facebook.com\/greenpeaceluxembourg\" \/>\n<meta property=\"article:published_time\" content=\"2020-09-24T11:55:24+00:00\" \/>\n<meta property=\"article:modified_time\" content=\"2021-12-01T15:26:29+00:00\" \/>\n<meta property=\"og:image\" content=\"https:\/\/www.greenpeace.org\/static\/planet4-luxembourg-stateless\/2020\/09\/565c7862-gp0stqk9k_low_res_with_credit_line.jpg\" \/>\n\t<meta property=\"og:image:width\" content=\"600\" \/>\n\t<meta property=\"og:image:height\" content=\"400\" \/>\n\t<meta property=\"og:image:type\" content=\"image\/jpeg\" \/>\n<meta name=\"author\" content=\"Myriam Wecker\" \/>\n<meta name=\"twitter:card\" content=\"summary_large_image\" \/>\n<meta name=\"twitter:label1\" content=\"Written by\" \/>\n\t<meta name=\"twitter:data1\" content=\"Myriam Wecker\" \/>\n\t<meta name=\"twitter:label2\" content=\"Est. reading time\" \/>\n\t<meta name=\"twitter:data2\" content=\"7 minutes\" \/>\n<script type=\"application\/ld+json\" class=\"yoast-schema-graph\">{\"@context\":\"https:\/\/schema.org\",\"@graph\":[{\"@type\":\"Article\",\"@id\":\"https:\/\/www.greenpeace.org\/luxembourg\/de\/aktualitaet\/9834\/deutscher-oekonomist-kritisiert-fdc-investmentpolitik\/#article\",\"isPartOf\":{\"@id\":\"https:\/\/www.greenpeace.org\/luxembourg\/de\/aktualitaet\/9834\/deutscher-oekonomist-kritisiert-fdc-investmentpolitik\/\"},\"author\":{\"name\":\"Myriam Wecker\",\"@id\":\"https:\/\/www.greenpeace.org\/luxembourg\/fr\/#\/schema\/person\/c2ae6002b8ed18c00be0c6b320eea776\"},\"headline\":\"Deutscher \u00d6konom kritisiert Investitionspolitik des FDC\",\"datePublished\":\"2020-09-24T11:55:24+00:00\",\"dateModified\":\"2021-12-01T15:26:29+00:00\",\"mainEntityOfPage\":{\"@id\":\"https:\/\/www.greenpeace.org\/luxembourg\/de\/aktualitaet\/9834\/deutscher-oekonomist-kritisiert-fdc-investmentpolitik\/\"},\"wordCount\":1342,\"publisher\":{\"@id\":\"https:\/\/www.greenpeace.org\/luxembourg\/fr\/#organization\"},\"image\":{\"@id\":\"https:\/\/www.greenpeace.org\/luxembourg\/de\/aktualitaet\/9834\/deutscher-oekonomist-kritisiert-fdc-investmentpolitik\/#primaryimage\"},\"thumbnailUrl\":\"https:\/\/www.greenpeace.org\/static\/planet4-luxembourg-stateless\/2020\/09\/565c7862-gp0stqk9k_low_res_with_credit_line.jpg\",\"keywords\":[\"Luxemburg\",\"FossileEnergien\",\"Finanzsektor\",\"Gerechtigkeit\"],\"articleSection\":[\"Energie\",\"Klima\"],\"inLanguage\":\"de-LU\"},{\"@type\":\"WebPage\",\"@id\":\"https:\/\/www.greenpeace.org\/luxembourg\/de\/aktualitaet\/9834\/deutscher-oekonomist-kritisiert-fdc-investmentpolitik\/\",\"url\":\"https:\/\/www.greenpeace.org\/luxembourg\/de\/aktualitaet\/9834\/deutscher-oekonomist-kritisiert-fdc-investmentpolitik\/\",\"name\":\"Deutscher \u00d6konom kritisiert Investitionspolitik des FDC - Greenpeace Luxembourg\",\"isPartOf\":{\"@id\":\"https:\/\/www.greenpeace.org\/luxembourg\/fr\/#website\"},\"primaryImageOfPage\":{\"@id\":\"https:\/\/www.greenpeace.org\/luxembourg\/de\/aktualitaet\/9834\/deutscher-oekonomist-kritisiert-fdc-investmentpolitik\/#primaryimage\"},\"image\":{\"@id\":\"https:\/\/www.greenpeace.org\/luxembourg\/de\/aktualitaet\/9834\/deutscher-oekonomist-kritisiert-fdc-investmentpolitik\/#primaryimage\"},\"thumbnailUrl\":\"https:\/\/www.greenpeace.org\/static\/planet4-luxembourg-stateless\/2020\/09\/565c7862-gp0stqk9k_low_res_with_credit_line.jpg\",\"datePublished\":\"2020-09-24T11:55:24+00:00\",\"dateModified\":\"2021-12-01T15:26:29+00:00\",\"breadcrumb\":{\"@id\":\"https:\/\/www.greenpeace.org\/luxembourg\/de\/aktualitaet\/9834\/deutscher-oekonomist-kritisiert-fdc-investmentpolitik\/#breadcrumb\"},\"inLanguage\":\"de-LU\",\"potentialAction\":[{\"@type\":\"ReadAction\",\"target\":[\"https:\/\/www.greenpeace.org\/luxembourg\/de\/aktualitaet\/9834\/deutscher-oekonomist-kritisiert-fdc-investmentpolitik\/\"]}]},{\"@type\":\"ImageObject\",\"inLanguage\":\"de-LU\",\"@id\":\"https:\/\/www.greenpeace.org\/luxembourg\/de\/aktualitaet\/9834\/deutscher-oekonomist-kritisiert-fdc-investmentpolitik\/#primaryimage\",\"url\":\"https:\/\/www.greenpeace.org\/static\/planet4-luxembourg-stateless\/2020\/09\/565c7862-gp0stqk9k_low_res_with_credit_line.jpg\",\"contentUrl\":\"https:\/\/www.greenpeace.org\/static\/planet4-luxembourg-stateless\/2020\/09\/565c7862-gp0stqk9k_low_res_with_credit_line.jpg\",\"width\":600,\"height\":400,\"caption\":\"Coal fired power station Neurath near Grevenbroich in the Rhenish lignite mining area. Steam coming out of cooling towers. Kohlekraftwerk Neurath bei Grevenbroich im Rheinischen Braunkohlerevier. Dampf steigt aus Kuehltuermen auf.\"},{\"@type\":\"BreadcrumbList\",\"@id\":\"https:\/\/www.greenpeace.org\/luxembourg\/de\/aktualitaet\/9834\/deutscher-oekonomist-kritisiert-fdc-investmentpolitik\/#breadcrumb\",\"itemListElement\":[{\"@type\":\"ListItem\",\"position\":1,\"name\":\"Home\",\"item\":\"http:\/\/www.greenpeace.org\/luxembourg\/fr\/\"},{\"@type\":\"ListItem\",\"position\":2,\"name\":\"Deutscher \u00d6konom kritisiert Investitionspolitik des FDC\"}]},{\"@type\":\"WebSite\",\"@id\":\"https:\/\/www.greenpeace.org\/luxembourg\/fr\/#website\",\"url\":\"https:\/\/www.greenpeace.org\/luxembourg\/fr\/\",\"name\":\"Greenpeace Luxembourg\",\"description\":\"Greenpeace existiert, weil unsere Erde eine Stimme braucht. Sie ben\u00f6tigt L\u00f6sungen. Ver\u00e4nderungen. Aktionen.\",\"publisher\":{\"@id\":\"https:\/\/www.greenpeace.org\/luxembourg\/fr\/#organization\"},\"potentialAction\":[{\"@type\":\"SearchAction\",\"target\":{\"@type\":\"EntryPoint\",\"urlTemplate\":\"https:\/\/www.greenpeace.org\/luxembourg\/fr\/?s={search_term_string}\"},\"query-input\":{\"@type\":\"PropertyValueSpecification\",\"valueRequired\":true,\"valueName\":\"search_term_string\"}}],\"inLanguage\":\"de-LU\"},{\"@type\":\"Organization\",\"@id\":\"https:\/\/www.greenpeace.org\/luxembourg\/fr\/#organization\",\"name\":\"Greenpeace Luxembourg\",\"url\":\"https:\/\/www.greenpeace.org\/luxembourg\/fr\/\",\"logo\":{\"@type\":\"ImageObject\",\"inLanguage\":\"de-LU\",\"@id\":\"https:\/\/www.greenpeace.org\/luxembourg\/fr\/#\/schema\/logo\/image\/\",\"url\":\"https:\/\/www.greenpeace.org\/static\/planet4-luxembourg-stateless\/2026\/03\/3e367f94-greenpeace_logo_green_rgb.png\",\"contentUrl\":\"https:\/\/www.greenpeace.org\/static\/planet4-luxembourg-stateless\/2026\/03\/3e367f94-greenpeace_logo_green_rgb.png\",\"width\":1080,\"height\":175,\"caption\":\"Greenpeace Luxembourg\"},\"image\":{\"@id\":\"https:\/\/www.greenpeace.org\/luxembourg\/fr\/#\/schema\/logo\/image\/\"},\"sameAs\":[\"https:\/\/www.facebook.com\/greenpeaceluxembourg\",\"https:\/\/www.instagram.com\/greenpeacelux\/\",\"https:\/\/www.linkedin.com\/company\/greenpeace-luxembourg\/\",\"https:\/\/www.threads.com\/@greenpeacelux\",\"https:\/\/bsky.app\/profile\/greenpeacelux.bsky.social\",\"https:\/\/www.youtube.com\/@GreenpeaceLux\",\"https:\/\/www.tiktok.com\/@greenpeace_lux\"]},{\"@type\":\"Person\",\"@id\":\"https:\/\/www.greenpeace.org\/luxembourg\/fr\/#\/schema\/person\/c2ae6002b8ed18c00be0c6b320eea776\",\"name\":\"Myriam Wecker\",\"url\":\"https:\/\/www.greenpeace.org\/luxembourg\/de\/author\/mwecker\/\"}]}<\/script>\n<!-- \/ Yoast SEO Premium plugin. -->","yoast_head_json":{"title":"Deutscher \u00d6konom kritisiert Investitionspolitik des FDC - Greenpeace Luxembourg","robots":{"index":"index","follow":"follow","max-snippet":"max-snippet:-1","max-image-preview":"max-image-preview:large","max-video-preview":"max-video-preview:-1"},"canonical":"https:\/\/www.greenpeace.org\/luxembourg\/de\/aktualitaet\/9834\/deutscher-oekonomist-kritisiert-fdc-investmentpolitik\/","og_locale":"de_DE","og_type":"article","og_title":"Deutscher \u00d6konom kritisiert Investitionspolitik des FDC","og_description":"Im Rahmen seiner Kampagne \u201cKlima und Finanzen\u201d hat Greenpeace Luxemburg eine Expertise zur Investitionspolitik des Fonds de Compensation in Auftrag gegeben.","og_url":"https:\/\/www.greenpeace.org\/luxembourg\/de\/aktualitaet\/9834\/deutscher-oekonomist-kritisiert-fdc-investmentpolitik\/","og_site_name":"Greenpeace Luxembourg","article_publisher":"https:\/\/www.facebook.com\/greenpeaceluxembourg","article_published_time":"2020-09-24T11:55:24+00:00","article_modified_time":"2021-12-01T15:26:29+00:00","og_image":[{"width":600,"height":400,"url":"https:\/\/www.greenpeace.org\/static\/planet4-luxembourg-stateless\/2020\/09\/565c7862-gp0stqk9k_low_res_with_credit_line.jpg","type":"image\/jpeg"}],"author":"Myriam Wecker","twitter_card":"summary_large_image","twitter_misc":{"Written by":"Myriam Wecker","Est. reading time":"7 minutes"},"schema":{"@context":"https:\/\/schema.org","@graph":[{"@type":"Article","@id":"https:\/\/www.greenpeace.org\/luxembourg\/de\/aktualitaet\/9834\/deutscher-oekonomist-kritisiert-fdc-investmentpolitik\/#article","isPartOf":{"@id":"https:\/\/www.greenpeace.org\/luxembourg\/de\/aktualitaet\/9834\/deutscher-oekonomist-kritisiert-fdc-investmentpolitik\/"},"author":{"name":"Myriam Wecker","@id":"https:\/\/www.greenpeace.org\/luxembourg\/fr\/#\/schema\/person\/c2ae6002b8ed18c00be0c6b320eea776"},"headline":"Deutscher \u00d6konom kritisiert Investitionspolitik des FDC","datePublished":"2020-09-24T11:55:24+00:00","dateModified":"2021-12-01T15:26:29+00:00","mainEntityOfPage":{"@id":"https:\/\/www.greenpeace.org\/luxembourg\/de\/aktualitaet\/9834\/deutscher-oekonomist-kritisiert-fdc-investmentpolitik\/"},"wordCount":1342,"publisher":{"@id":"https:\/\/www.greenpeace.org\/luxembourg\/fr\/#organization"},"image":{"@id":"https:\/\/www.greenpeace.org\/luxembourg\/de\/aktualitaet\/9834\/deutscher-oekonomist-kritisiert-fdc-investmentpolitik\/#primaryimage"},"thumbnailUrl":"https:\/\/www.greenpeace.org\/static\/planet4-luxembourg-stateless\/2020\/09\/565c7862-gp0stqk9k_low_res_with_credit_line.jpg","keywords":["Luxemburg","FossileEnergien","Finanzsektor","Gerechtigkeit"],"articleSection":["Energie","Klima"],"inLanguage":"de-LU"},{"@type":"WebPage","@id":"https:\/\/www.greenpeace.org\/luxembourg\/de\/aktualitaet\/9834\/deutscher-oekonomist-kritisiert-fdc-investmentpolitik\/","url":"https:\/\/www.greenpeace.org\/luxembourg\/de\/aktualitaet\/9834\/deutscher-oekonomist-kritisiert-fdc-investmentpolitik\/","name":"Deutscher \u00d6konom kritisiert Investitionspolitik des FDC - Greenpeace Luxembourg","isPartOf":{"@id":"https:\/\/www.greenpeace.org\/luxembourg\/fr\/#website"},"primaryImageOfPage":{"@id":"https:\/\/www.greenpeace.org\/luxembourg\/de\/aktualitaet\/9834\/deutscher-oekonomist-kritisiert-fdc-investmentpolitik\/#primaryimage"},"image":{"@id":"https:\/\/www.greenpeace.org\/luxembourg\/de\/aktualitaet\/9834\/deutscher-oekonomist-kritisiert-fdc-investmentpolitik\/#primaryimage"},"thumbnailUrl":"https:\/\/www.greenpeace.org\/static\/planet4-luxembourg-stateless\/2020\/09\/565c7862-gp0stqk9k_low_res_with_credit_line.jpg","datePublished":"2020-09-24T11:55:24+00:00","dateModified":"2021-12-01T15:26:29+00:00","breadcrumb":{"@id":"https:\/\/www.greenpeace.org\/luxembourg\/de\/aktualitaet\/9834\/deutscher-oekonomist-kritisiert-fdc-investmentpolitik\/#breadcrumb"},"inLanguage":"de-LU","potentialAction":[{"@type":"ReadAction","target":["https:\/\/www.greenpeace.org\/luxembourg\/de\/aktualitaet\/9834\/deutscher-oekonomist-kritisiert-fdc-investmentpolitik\/"]}]},{"@type":"ImageObject","inLanguage":"de-LU","@id":"https:\/\/www.greenpeace.org\/luxembourg\/de\/aktualitaet\/9834\/deutscher-oekonomist-kritisiert-fdc-investmentpolitik\/#primaryimage","url":"https:\/\/www.greenpeace.org\/static\/planet4-luxembourg-stateless\/2020\/09\/565c7862-gp0stqk9k_low_res_with_credit_line.jpg","contentUrl":"https:\/\/www.greenpeace.org\/static\/planet4-luxembourg-stateless\/2020\/09\/565c7862-gp0stqk9k_low_res_with_credit_line.jpg","width":600,"height":400,"caption":"Coal fired power station Neurath near Grevenbroich in the Rhenish lignite mining area. Steam coming out of cooling towers. Kohlekraftwerk Neurath bei Grevenbroich im Rheinischen Braunkohlerevier. Dampf steigt aus Kuehltuermen auf."},{"@type":"BreadcrumbList","@id":"https:\/\/www.greenpeace.org\/luxembourg\/de\/aktualitaet\/9834\/deutscher-oekonomist-kritisiert-fdc-investmentpolitik\/#breadcrumb","itemListElement":[{"@type":"ListItem","position":1,"name":"Home","item":"http:\/\/www.greenpeace.org\/luxembourg\/fr\/"},{"@type":"ListItem","position":2,"name":"Deutscher \u00d6konom kritisiert Investitionspolitik des FDC"}]},{"@type":"WebSite","@id":"https:\/\/www.greenpeace.org\/luxembourg\/fr\/#website","url":"https:\/\/www.greenpeace.org\/luxembourg\/fr\/","name":"Greenpeace Luxembourg","description":"Greenpeace existiert, weil unsere Erde eine Stimme braucht. Sie ben\u00f6tigt L\u00f6sungen. Ver\u00e4nderungen. Aktionen.","publisher":{"@id":"https:\/\/www.greenpeace.org\/luxembourg\/fr\/#organization"},"potentialAction":[{"@type":"SearchAction","target":{"@type":"EntryPoint","urlTemplate":"https:\/\/www.greenpeace.org\/luxembourg\/fr\/?s={search_term_string}"},"query-input":{"@type":"PropertyValueSpecification","valueRequired":true,"valueName":"search_term_string"}}],"inLanguage":"de-LU"},{"@type":"Organization","@id":"https:\/\/www.greenpeace.org\/luxembourg\/fr\/#organization","name":"Greenpeace Luxembourg","url":"https:\/\/www.greenpeace.org\/luxembourg\/fr\/","logo":{"@type":"ImageObject","inLanguage":"de-LU","@id":"https:\/\/www.greenpeace.org\/luxembourg\/fr\/#\/schema\/logo\/image\/","url":"https:\/\/www.greenpeace.org\/static\/planet4-luxembourg-stateless\/2026\/03\/3e367f94-greenpeace_logo_green_rgb.png","contentUrl":"https:\/\/www.greenpeace.org\/static\/planet4-luxembourg-stateless\/2026\/03\/3e367f94-greenpeace_logo_green_rgb.png","width":1080,"height":175,"caption":"Greenpeace Luxembourg"},"image":{"@id":"https:\/\/www.greenpeace.org\/luxembourg\/fr\/#\/schema\/logo\/image\/"},"sameAs":["https:\/\/www.facebook.com\/greenpeaceluxembourg","https:\/\/www.instagram.com\/greenpeacelux\/","https:\/\/www.linkedin.com\/company\/greenpeace-luxembourg\/","https:\/\/www.threads.com\/@greenpeacelux","https:\/\/bsky.app\/profile\/greenpeacelux.bsky.social","https:\/\/www.youtube.com\/@GreenpeaceLux","https:\/\/www.tiktok.com\/@greenpeace_lux"]},{"@type":"Person","@id":"https:\/\/www.greenpeace.org\/luxembourg\/fr\/#\/schema\/person\/c2ae6002b8ed18c00be0c6b320eea776","name":"Myriam Wecker","url":"https:\/\/www.greenpeace.org\/luxembourg\/de\/author\/mwecker\/"}]}},"_links":{"self":[{"href":"https:\/\/www.greenpeace.org\/luxembourg\/de\/wp-json\/wp\/v2\/posts\/9834","targetHints":{"allow":["GET"]}}],"collection":[{"href":"https:\/\/www.greenpeace.org\/luxembourg\/de\/wp-json\/wp\/v2\/posts"}],"about":[{"href":"https:\/\/www.greenpeace.org\/luxembourg\/de\/wp-json\/wp\/v2\/types\/post"}],"author":[{"embeddable":true,"href":"https:\/\/www.greenpeace.org\/luxembourg\/de\/wp-json\/wp\/v2\/users\/31"}],"replies":[{"embeddable":true,"href":"https:\/\/www.greenpeace.org\/luxembourg\/de\/wp-json\/wp\/v2\/comments?post=9834"}],"version-history":[{"count":9,"href":"https:\/\/www.greenpeace.org\/luxembourg\/de\/wp-json\/wp\/v2\/posts\/9834\/revisions"}],"predecessor-version":[{"id":12910,"href":"https:\/\/www.greenpeace.org\/luxembourg\/de\/wp-json\/wp\/v2\/posts\/9834\/revisions\/12910"}],"wp:featuredmedia":[{"embeddable":true,"href":"https:\/\/www.greenpeace.org\/luxembourg\/de\/wp-json\/wp\/v2\/media\/9840"}],"wp:attachment":[{"href":"https:\/\/www.greenpeace.org\/luxembourg\/de\/wp-json\/wp\/v2\/media?parent=9834"}],"wp:term":[{"taxonomy":"category","embeddable":true,"href":"https:\/\/www.greenpeace.org\/luxembourg\/de\/wp-json\/wp\/v2\/categories?post=9834"},{"taxonomy":"post_tag","embeddable":true,"href":"https:\/\/www.greenpeace.org\/luxembourg\/de\/wp-json\/wp\/v2\/tags?post=9834"},{"taxonomy":"p4-page-type","embeddable":true,"href":"https:\/\/www.greenpeace.org\/luxembourg\/de\/wp-json\/wp\/v2\/p4-page-type?post=9834"}],"curies":[{"name":"wp","href":"https:\/\/api.w.org\/{rel}","templated":true}]}}