{"id":9896,"date":"2020-10-09T15:50:41","date_gmt":"2020-10-09T13:50:41","guid":{"rendered":"https:\/\/www.greenpeace.org\/luxembourg\/?p=9896"},"modified":"2021-12-01T17:26:20","modified_gmt":"2021-12-01T15:26:20","slug":"eine-lebensader-fuer-alle-oder-sich-einfach-dem-klimawandel-ergeben","status":"publish","type":"post","link":"https:\/\/www.greenpeace.org\/luxembourg\/de\/presseerklaerungen\/9896\/eine-lebensader-fuer-alle-oder-sich-einfach-dem-klimawandel-ergeben\/","title":{"rendered":"Eine Lebensader f\u00fcr alle oder sich einfach dem Klimawandel ergeben?"},"content":{"rendered":"\n<p><strong>Am Dienstag, den 6. Oktober (15.00 Uhr MEZ) stimmt das Europ\u00e4ische Parlament dar\u00fcber ab, ob die geplanten Emissionsminderungen der EU dem Pariser Abkommen entsprechen. Laut Greenpeace reichen die auf dem Tisch liegenden Emissionsminderungen f\u00fcr 2030 bei weitem nicht aus, um die schlimmsten Auswirkungen des Klimawandels zu begrenzen!<\/strong><\/p>\n\n<p>Der aktuelle Vorschlag der Europ\u00e4ischen Kommission sieht vor, die Treibhausgasemissionen in der EU bis 2030 netto um 55% zu senken. Trotz Pariser Abkommen, das von allen L\u00e4ndern der EU unterzeichnet wurde, ist es dennoch klar: Dieses Ziel wird nicht ausreichen, um die globale Erw\u00e4rmung auf 1,5\u00b0C zu begrenzen. Die Wissenschaft hat uns ein Ziel der realen Emissionsreduzierung von mindestens 65% vorgegeben.<\/p>\n\n<p>Dar\u00fcber hinaus m\u00f6chte die Europ\u00e4ische Kommission das Ziel verw\u00e4ssern und verf\u00e4lscht ihren eigenen CO2-Fu\u00dfabdruck. Zum ersten Mal sollen die von W\u00e4ldern und B\u00f6den gespeicherten Emissionen abgezogen werden. Die tats\u00e4chlich vorgeschlagenen Ziele liegen demnach nur um 50,5% bis 52,8%. Notwendige Emissionsminderungen in klimasch\u00e4dlichen Sektoren wie Energie, Verkehr und Landwirtschaft k\u00f6nnten daher verschoben oder sogar ersetzt werden.<\/p>\n\n<p>Morgen k\u00f6nnen unter anderem die CSV-EU-Abgeordneten Christophe Hansen und Isabel Wiseler-Santos Lima \u00fcber das Ziel der Reduzierung der Treibhausgasemissionen bis 2030 abstimmen. Ausgehend des CSV-eigenen Programms zum Grundprinzip, spielt der Klimawandel eine wichtige Rolle und muss auf europ\u00e4ischer Ebene ernsthaft bek\u00e4mpft werden. Greenpeace verlangt, dass die CSV und die Abgeordneten kein \u201eGreenwashing\u201c durchf\u00fchren und ihre Versprechen in Bezug auf das Klima einhalten, indem sie f\u00fcr ein Ziel stimmen, das wirklich den Bed\u00fcrfnissen des Planeten entspricht.<\/p>\n\n<p>\u201c<em>Europ\u00e4ische Politiker m\u00fcssen echte Ma\u00dfnahmen f\u00fcr das Klima ergreifen, sich um die Menschen k\u00fcmmern und sich gegen die gro\u00dfen Umweltverschmutzer behaupten, auch diejenigen aus Luxemburg!<\/em>\u201d sagt Frank Thinnes, Kampagnenleiter f\u00fcr Klima und Energie bei Greenpeace Luxemburg. \u201c<em>Den Versuch zu betr\u00fcgen und sich dabei lobend auf die Schulter zu klopfen ist reine Blasphemie. Durch Rechentricks sinken die Emissionen nicht.<\/em>\u201d<\/p>\n\n<p>Es ist noch nicht zu sp\u00e4t. Hunderttausende junge Menschen und Klimaaktivisten gehen auf die Stra\u00dfe, um von unseren Regierungen dringende, wissenschaftlich fundierte Ma\u00dfnahmen zu fordern. Es geht um wirtschaftliche, soziale und \u00f6kologische Gerechtigkeit, nicht um politische Bequemlichkeit.<\/p>\n\t\t\t<section\n\t\t\tclass=\"boxout post-844 \"\n\t\t\t\n\t\t>\n\t\t\t<a\n\t\t\t\tdata-ga-category=\"Take Action Boxout\"\n\t\t\t\tdata-ga-action=\"Image\"\n\t\t\t\tdata-ga-label=\"n\/a\"\n\t\t\t\tclass=\"cover-card-overlay\"\n\t\t\t\thref=\"https:\/\/www.greenpeace.org\/luxembourg\/de\/handeln\/divestment-aus-fossilen-energien\/\" \n\t\t\t><\/a>\n\t\t\t\t\t\t\t<img\n\t\t\t\t\t\tsrc=\"https:\/\/www.greenpeace.org\/static\/planet4-luxembourg-stateless\/0c8f6b41-gp026gz_pressmedia-1024x683.jpg\"\n\t\t\t\t\t\tsrcset=\"\"\n\t\t\t\t\t\tsizes=\"(min-width: 1000px) 358px, (min-width: 780px) 313px, 88px\"\n\t\t\t\t\t\talt=\"\" title=\"\"\n\t\t\t\t\/>\n            \t\t\t<div class=\"boxout-content\">\n\t\t\t\t\t\t\t\t\t<a\n\t\t\t\t\t\tclass=\"boxout-heading medium\"\n\t\t\t\t\t\tdata-ga-category=\"Take Action Boxout\"\n\t\t\t\t\t\tdata-ga-action=\"Title\"\n\t\t\t\t\t\tdata-ga-label=\"n\/a\"\n\t\t\t\t\t\thref=\"https:\/\/www.greenpeace.org\/luxembourg\/de\/handeln\/divestment-aus-fossilen-energien\/\"\n\t\t\t\t\t\t\n\t\t\t\t\t>\n\t\t\t\t\t\tZeit aufzuh\u00f6ren, in fossile Brennstoffe zu investieren\n\t\t\t\t\t<\/a>\n\t\t\t\t\t\t\t\t                                    <a\n                        class=\"btn btn-primary\"\n                        data-ga-category=\"Take Action Boxout\"\n                        data-ga-action=\"Call to Action\"\n                        data-ga-label=\"n\/a\"\n                        href=\"https:\/\/www.greenpeace.org\/luxembourg\/de\/handeln\/divestment-aus-fossilen-energien\/\"\n                        \n                    >\n                        Machen Sie mit!\n                    <\/a>\n                \t\t\t<\/div>\n\t\t\t\t\t<\/section>\n\t","protected":false},"excerpt":{"rendered":"<p>Das Europ\u00e4ische Parlament stimmt dar\u00fcber ab, ob die geplanten Emissionsminderungen der EU dem Pariser Abkommen entsprechen. <\/p>\n","protected":false},"author":31,"featured_media":9900,"comment_status":"closed","ping_status":"closed","sticky":false,"template":"","format":"standard","meta":{"ep_exclude_from_search":false,"p4_og_title":"","p4_og_description":"","p4_og_image":"","p4_og_image_id":"","p4_seo_canonical_url":"","p4_campaign_name":"not set","p4_local_project":"not set","p4_basket_name":"not set","p4_department":"","footnotes":""},"categories":[48,47],"tags":[60,65],"p4-page-type":[69],"class_list":["post-9896","post","type-post","status-publish","format-standard","has-post-thumbnail","hentry","category-klima","category-natur","tag-luxemburg","tag-klimawandel","p4-page-type-presseerklaerungen"],"yoast_head":"<!-- This site is optimized with the Yoast SEO Premium plugin v23.9 (Yoast SEO v23.9) - https:\/\/yoast.com\/wordpress\/plugins\/seo\/ -->\n<title>Eine Lebensader f\u00fcr alle oder sich einfach dem Klimawandel ergeben? - Greenpeace Luxembourg<\/title>\n<meta name=\"robots\" content=\"index, follow, max-snippet:-1, max-image-preview:large, max-video-preview:-1\" \/>\n<link rel=\"canonical\" href=\"https:\/\/www.greenpeace.org\/luxembourg\/de\/presseerklaerungen\/9896\/eine-lebensader-fuer-alle-oder-sich-einfach-dem-klimawandel-ergeben\/\" \/>\n<meta property=\"og:locale\" content=\"de_DE\" \/>\n<meta property=\"og:type\" content=\"article\" \/>\n<meta property=\"og:title\" content=\"Eine Lebensader f\u00fcr alle oder sich einfach dem Klimawandel ergeben?\" \/>\n<meta property=\"og:description\" content=\"Das Europ\u00e4ische Parlament stimmt dar\u00fcber ab, ob die geplanten Emissionsminderungen der EU dem Pariser Abkommen entsprechen.\" \/>\n<meta property=\"og:url\" content=\"https:\/\/www.greenpeace.org\/luxembourg\/de\/presseerklaerungen\/9896\/eine-lebensader-fuer-alle-oder-sich-einfach-dem-klimawandel-ergeben\/\" \/>\n<meta property=\"og:site_name\" content=\"Greenpeace Luxembourg\" \/>\n<meta property=\"article:publisher\" content=\"https:\/\/www.facebook.com\/greenpeaceluxembourg\" \/>\n<meta property=\"article:published_time\" content=\"2020-10-09T13:50:41+00:00\" \/>\n<meta property=\"article:modified_time\" content=\"2021-12-01T15:26:20+00:00\" \/>\n<meta property=\"og:image\" content=\"https:\/\/www.greenpeace.org\/static\/planet4-luxembourg-stateless\/2020\/10\/f79c6fd5-gp0stthzb_low_res_with_credit_line.jpg\" \/>\n\t<meta property=\"og:image:width\" content=\"600\" \/>\n\t<meta property=\"og:image:height\" content=\"401\" \/>\n\t<meta property=\"og:image:type\" content=\"image\/jpeg\" \/>\n<meta name=\"author\" content=\"Myriam Wecker\" \/>\n<meta name=\"twitter:card\" content=\"summary_large_image\" \/>\n<meta name=\"twitter:label1\" content=\"Written by\" \/>\n\t<meta name=\"twitter:data1\" content=\"Myriam Wecker\" \/>\n\t<meta name=\"twitter:label2\" content=\"Est. reading time\" \/>\n\t<meta name=\"twitter:data2\" content=\"2 minutes\" \/>\n<script type=\"application\/ld+json\" class=\"yoast-schema-graph\">{\"@context\":\"https:\/\/schema.org\",\"@graph\":[{\"@type\":\"Article\",\"@id\":\"https:\/\/www.greenpeace.org\/luxembourg\/de\/presseerklaerungen\/9896\/eine-lebensader-fuer-alle-oder-sich-einfach-dem-klimawandel-ergeben\/#article\",\"isPartOf\":{\"@id\":\"https:\/\/www.greenpeace.org\/luxembourg\/de\/presseerklaerungen\/9896\/eine-lebensader-fuer-alle-oder-sich-einfach-dem-klimawandel-ergeben\/\"},\"author\":{\"name\":\"Myriam Wecker\",\"@id\":\"https:\/\/www.greenpeace.org\/luxembourg\/fr\/#\/schema\/person\/c2ae6002b8ed18c00be0c6b320eea776\"},\"headline\":\"Eine Lebensader f\u00fcr alle oder sich einfach dem Klimawandel ergeben?\",\"datePublished\":\"2020-10-09T13:50:41+00:00\",\"dateModified\":\"2021-12-01T15:26:20+00:00\",\"mainEntityOfPage\":{\"@id\":\"https:\/\/www.greenpeace.org\/luxembourg\/de\/presseerklaerungen\/9896\/eine-lebensader-fuer-alle-oder-sich-einfach-dem-klimawandel-ergeben\/\"},\"wordCount\":370,\"publisher\":{\"@id\":\"https:\/\/www.greenpeace.org\/luxembourg\/fr\/#organization\"},\"image\":{\"@id\":\"https:\/\/www.greenpeace.org\/luxembourg\/de\/presseerklaerungen\/9896\/eine-lebensader-fuer-alle-oder-sich-einfach-dem-klimawandel-ergeben\/#primaryimage\"},\"thumbnailUrl\":\"https:\/\/www.greenpeace.org\/static\/planet4-luxembourg-stateless\/2020\/10\/f79c6fd5-gp0stthzb_low_res_with_credit_line.jpg\",\"keywords\":[\"Luxemburg\",\"Klimawandel\"],\"articleSection\":[\"Klima\",\"Natur\"],\"inLanguage\":\"de-LU\"},{\"@type\":\"WebPage\",\"@id\":\"https:\/\/www.greenpeace.org\/luxembourg\/de\/presseerklaerungen\/9896\/eine-lebensader-fuer-alle-oder-sich-einfach-dem-klimawandel-ergeben\/\",\"url\":\"https:\/\/www.greenpeace.org\/luxembourg\/de\/presseerklaerungen\/9896\/eine-lebensader-fuer-alle-oder-sich-einfach-dem-klimawandel-ergeben\/\",\"name\":\"Eine Lebensader f\u00fcr alle oder sich einfach dem Klimawandel ergeben? - Greenpeace Luxembourg\",\"isPartOf\":{\"@id\":\"https:\/\/www.greenpeace.org\/luxembourg\/fr\/#website\"},\"primaryImageOfPage\":{\"@id\":\"https:\/\/www.greenpeace.org\/luxembourg\/de\/presseerklaerungen\/9896\/eine-lebensader-fuer-alle-oder-sich-einfach-dem-klimawandel-ergeben\/#primaryimage\"},\"image\":{\"@id\":\"https:\/\/www.greenpeace.org\/luxembourg\/de\/presseerklaerungen\/9896\/eine-lebensader-fuer-alle-oder-sich-einfach-dem-klimawandel-ergeben\/#primaryimage\"},\"thumbnailUrl\":\"https:\/\/www.greenpeace.org\/static\/planet4-luxembourg-stateless\/2020\/10\/f79c6fd5-gp0stthzb_low_res_with_credit_line.jpg\",\"datePublished\":\"2020-10-09T13:50:41+00:00\",\"dateModified\":\"2021-12-01T15:26:20+00:00\",\"breadcrumb\":{\"@id\":\"https:\/\/www.greenpeace.org\/luxembourg\/de\/presseerklaerungen\/9896\/eine-lebensader-fuer-alle-oder-sich-einfach-dem-klimawandel-ergeben\/#breadcrumb\"},\"inLanguage\":\"de-LU\",\"potentialAction\":[{\"@type\":\"ReadAction\",\"target\":[\"https:\/\/www.greenpeace.org\/luxembourg\/de\/presseerklaerungen\/9896\/eine-lebensader-fuer-alle-oder-sich-einfach-dem-klimawandel-ergeben\/\"]}]},{\"@type\":\"ImageObject\",\"inLanguage\":\"de-LU\",\"@id\":\"https:\/\/www.greenpeace.org\/luxembourg\/de\/presseerklaerungen\/9896\/eine-lebensader-fuer-alle-oder-sich-einfach-dem-klimawandel-ergeben\/#primaryimage\",\"url\":\"https:\/\/www.greenpeace.org\/static\/planet4-luxembourg-stateless\/2020\/10\/f79c6fd5-gp0stthzb_low_res_with_credit_line.jpg\",\"contentUrl\":\"https:\/\/www.greenpeace.org\/static\/planet4-luxembourg-stateless\/2020\/10\/f79c6fd5-gp0stthzb_low_res_with_credit_line.jpg\",\"width\":600,\"height\":401,\"caption\":\"Greenpeace activists in Brussels project an image of the Earth as a bomb with a lit fuse onto European Commission headquarters ahead of an EU summit on EU's top jobs, five-year plan, and response to climate change. The message reads in various languages: Climate Emergency \u2013 Time's Running Out \u2013 EU Act Now.\"},{\"@type\":\"BreadcrumbList\",\"@id\":\"https:\/\/www.greenpeace.org\/luxembourg\/de\/presseerklaerungen\/9896\/eine-lebensader-fuer-alle-oder-sich-einfach-dem-klimawandel-ergeben\/#breadcrumb\",\"itemListElement\":[{\"@type\":\"ListItem\",\"position\":1,\"name\":\"Home\",\"item\":\"http:\/\/www.greenpeace.org\/luxembourg\/fr\/\"},{\"@type\":\"ListItem\",\"position\":2,\"name\":\"Eine Lebensader f\u00fcr alle oder sich einfach dem Klimawandel ergeben?\"}]},{\"@type\":\"WebSite\",\"@id\":\"https:\/\/www.greenpeace.org\/luxembourg\/fr\/#website\",\"url\":\"https:\/\/www.greenpeace.org\/luxembourg\/fr\/\",\"name\":\"Greenpeace Luxembourg\",\"description\":\"Greenpeace existiert, weil unsere Erde eine Stimme braucht. Sie ben\u00f6tigt L\u00f6sungen. Ver\u00e4nderungen. Aktionen.\",\"publisher\":{\"@id\":\"https:\/\/www.greenpeace.org\/luxembourg\/fr\/#organization\"},\"potentialAction\":[{\"@type\":\"SearchAction\",\"target\":{\"@type\":\"EntryPoint\",\"urlTemplate\":\"https:\/\/www.greenpeace.org\/luxembourg\/fr\/?s={search_term_string}\"},\"query-input\":{\"@type\":\"PropertyValueSpecification\",\"valueRequired\":true,\"valueName\":\"search_term_string\"}}],\"inLanguage\":\"de-LU\"},{\"@type\":\"Organization\",\"@id\":\"https:\/\/www.greenpeace.org\/luxembourg\/fr\/#organization\",\"name\":\"Greenpeace Luxembourg\",\"url\":\"https:\/\/www.greenpeace.org\/luxembourg\/fr\/\",\"logo\":{\"@type\":\"ImageObject\",\"inLanguage\":\"de-LU\",\"@id\":\"https:\/\/www.greenpeace.org\/luxembourg\/fr\/#\/schema\/logo\/image\/\",\"url\":\"https:\/\/www.greenpeace.org\/static\/planet4-luxembourg-stateless\/2026\/03\/3e367f94-greenpeace_logo_green_rgb.png\",\"contentUrl\":\"https:\/\/www.greenpeace.org\/static\/planet4-luxembourg-stateless\/2026\/03\/3e367f94-greenpeace_logo_green_rgb.png\",\"width\":1080,\"height\":175,\"caption\":\"Greenpeace Luxembourg\"},\"image\":{\"@id\":\"https:\/\/www.greenpeace.org\/luxembourg\/fr\/#\/schema\/logo\/image\/\"},\"sameAs\":[\"https:\/\/www.facebook.com\/greenpeaceluxembourg\",\"https:\/\/www.instagram.com\/greenpeacelux\/\",\"https:\/\/www.linkedin.com\/company\/greenpeace-luxembourg\/\",\"https:\/\/www.threads.com\/@greenpeacelux\",\"https:\/\/bsky.app\/profile\/greenpeacelux.bsky.social\",\"https:\/\/www.youtube.com\/@GreenpeaceLux\",\"https:\/\/www.tiktok.com\/@greenpeace_lux\"]},{\"@type\":\"Person\",\"@id\":\"https:\/\/www.greenpeace.org\/luxembourg\/fr\/#\/schema\/person\/c2ae6002b8ed18c00be0c6b320eea776\",\"name\":\"Myriam Wecker\",\"url\":\"https:\/\/www.greenpeace.org\/luxembourg\/de\/author\/mwecker\/\"}]}<\/script>\n<!-- \/ Yoast SEO Premium plugin. -->","yoast_head_json":{"title":"Eine Lebensader f\u00fcr alle oder sich einfach dem Klimawandel ergeben? - Greenpeace Luxembourg","robots":{"index":"index","follow":"follow","max-snippet":"max-snippet:-1","max-image-preview":"max-image-preview:large","max-video-preview":"max-video-preview:-1"},"canonical":"https:\/\/www.greenpeace.org\/luxembourg\/de\/presseerklaerungen\/9896\/eine-lebensader-fuer-alle-oder-sich-einfach-dem-klimawandel-ergeben\/","og_locale":"de_DE","og_type":"article","og_title":"Eine Lebensader f\u00fcr alle oder sich einfach dem Klimawandel ergeben?","og_description":"Das Europ\u00e4ische Parlament stimmt dar\u00fcber ab, ob die geplanten Emissionsminderungen der EU dem Pariser Abkommen entsprechen.","og_url":"https:\/\/www.greenpeace.org\/luxembourg\/de\/presseerklaerungen\/9896\/eine-lebensader-fuer-alle-oder-sich-einfach-dem-klimawandel-ergeben\/","og_site_name":"Greenpeace Luxembourg","article_publisher":"https:\/\/www.facebook.com\/greenpeaceluxembourg","article_published_time":"2020-10-09T13:50:41+00:00","article_modified_time":"2021-12-01T15:26:20+00:00","og_image":[{"width":600,"height":401,"url":"https:\/\/www.greenpeace.org\/static\/planet4-luxembourg-stateless\/2020\/10\/f79c6fd5-gp0stthzb_low_res_with_credit_line.jpg","type":"image\/jpeg"}],"author":"Myriam Wecker","twitter_card":"summary_large_image","twitter_misc":{"Written by":"Myriam Wecker","Est. reading time":"2 minutes"},"schema":{"@context":"https:\/\/schema.org","@graph":[{"@type":"Article","@id":"https:\/\/www.greenpeace.org\/luxembourg\/de\/presseerklaerungen\/9896\/eine-lebensader-fuer-alle-oder-sich-einfach-dem-klimawandel-ergeben\/#article","isPartOf":{"@id":"https:\/\/www.greenpeace.org\/luxembourg\/de\/presseerklaerungen\/9896\/eine-lebensader-fuer-alle-oder-sich-einfach-dem-klimawandel-ergeben\/"},"author":{"name":"Myriam Wecker","@id":"https:\/\/www.greenpeace.org\/luxembourg\/fr\/#\/schema\/person\/c2ae6002b8ed18c00be0c6b320eea776"},"headline":"Eine Lebensader f\u00fcr alle oder sich einfach dem Klimawandel ergeben?","datePublished":"2020-10-09T13:50:41+00:00","dateModified":"2021-12-01T15:26:20+00:00","mainEntityOfPage":{"@id":"https:\/\/www.greenpeace.org\/luxembourg\/de\/presseerklaerungen\/9896\/eine-lebensader-fuer-alle-oder-sich-einfach-dem-klimawandel-ergeben\/"},"wordCount":370,"publisher":{"@id":"https:\/\/www.greenpeace.org\/luxembourg\/fr\/#organization"},"image":{"@id":"https:\/\/www.greenpeace.org\/luxembourg\/de\/presseerklaerungen\/9896\/eine-lebensader-fuer-alle-oder-sich-einfach-dem-klimawandel-ergeben\/#primaryimage"},"thumbnailUrl":"https:\/\/www.greenpeace.org\/static\/planet4-luxembourg-stateless\/2020\/10\/f79c6fd5-gp0stthzb_low_res_with_credit_line.jpg","keywords":["Luxemburg","Klimawandel"],"articleSection":["Klima","Natur"],"inLanguage":"de-LU"},{"@type":"WebPage","@id":"https:\/\/www.greenpeace.org\/luxembourg\/de\/presseerklaerungen\/9896\/eine-lebensader-fuer-alle-oder-sich-einfach-dem-klimawandel-ergeben\/","url":"https:\/\/www.greenpeace.org\/luxembourg\/de\/presseerklaerungen\/9896\/eine-lebensader-fuer-alle-oder-sich-einfach-dem-klimawandel-ergeben\/","name":"Eine Lebensader f\u00fcr alle oder sich einfach dem Klimawandel ergeben? - Greenpeace Luxembourg","isPartOf":{"@id":"https:\/\/www.greenpeace.org\/luxembourg\/fr\/#website"},"primaryImageOfPage":{"@id":"https:\/\/www.greenpeace.org\/luxembourg\/de\/presseerklaerungen\/9896\/eine-lebensader-fuer-alle-oder-sich-einfach-dem-klimawandel-ergeben\/#primaryimage"},"image":{"@id":"https:\/\/www.greenpeace.org\/luxembourg\/de\/presseerklaerungen\/9896\/eine-lebensader-fuer-alle-oder-sich-einfach-dem-klimawandel-ergeben\/#primaryimage"},"thumbnailUrl":"https:\/\/www.greenpeace.org\/static\/planet4-luxembourg-stateless\/2020\/10\/f79c6fd5-gp0stthzb_low_res_with_credit_line.jpg","datePublished":"2020-10-09T13:50:41+00:00","dateModified":"2021-12-01T15:26:20+00:00","breadcrumb":{"@id":"https:\/\/www.greenpeace.org\/luxembourg\/de\/presseerklaerungen\/9896\/eine-lebensader-fuer-alle-oder-sich-einfach-dem-klimawandel-ergeben\/#breadcrumb"},"inLanguage":"de-LU","potentialAction":[{"@type":"ReadAction","target":["https:\/\/www.greenpeace.org\/luxembourg\/de\/presseerklaerungen\/9896\/eine-lebensader-fuer-alle-oder-sich-einfach-dem-klimawandel-ergeben\/"]}]},{"@type":"ImageObject","inLanguage":"de-LU","@id":"https:\/\/www.greenpeace.org\/luxembourg\/de\/presseerklaerungen\/9896\/eine-lebensader-fuer-alle-oder-sich-einfach-dem-klimawandel-ergeben\/#primaryimage","url":"https:\/\/www.greenpeace.org\/static\/planet4-luxembourg-stateless\/2020\/10\/f79c6fd5-gp0stthzb_low_res_with_credit_line.jpg","contentUrl":"https:\/\/www.greenpeace.org\/static\/planet4-luxembourg-stateless\/2020\/10\/f79c6fd5-gp0stthzb_low_res_with_credit_line.jpg","width":600,"height":401,"caption":"Greenpeace activists in Brussels project an image of the Earth as a bomb with a lit fuse onto European Commission headquarters ahead of an EU summit on EU's top jobs, five-year plan, and response to climate change. The message reads in various languages: Climate Emergency \u2013 Time's Running Out \u2013 EU Act Now."},{"@type":"BreadcrumbList","@id":"https:\/\/www.greenpeace.org\/luxembourg\/de\/presseerklaerungen\/9896\/eine-lebensader-fuer-alle-oder-sich-einfach-dem-klimawandel-ergeben\/#breadcrumb","itemListElement":[{"@type":"ListItem","position":1,"name":"Home","item":"http:\/\/www.greenpeace.org\/luxembourg\/fr\/"},{"@type":"ListItem","position":2,"name":"Eine Lebensader f\u00fcr alle oder sich einfach dem Klimawandel ergeben?"}]},{"@type":"WebSite","@id":"https:\/\/www.greenpeace.org\/luxembourg\/fr\/#website","url":"https:\/\/www.greenpeace.org\/luxembourg\/fr\/","name":"Greenpeace Luxembourg","description":"Greenpeace existiert, weil unsere Erde eine Stimme braucht. Sie ben\u00f6tigt L\u00f6sungen. Ver\u00e4nderungen. Aktionen.","publisher":{"@id":"https:\/\/www.greenpeace.org\/luxembourg\/fr\/#organization"},"potentialAction":[{"@type":"SearchAction","target":{"@type":"EntryPoint","urlTemplate":"https:\/\/www.greenpeace.org\/luxembourg\/fr\/?s={search_term_string}"},"query-input":{"@type":"PropertyValueSpecification","valueRequired":true,"valueName":"search_term_string"}}],"inLanguage":"de-LU"},{"@type":"Organization","@id":"https:\/\/www.greenpeace.org\/luxembourg\/fr\/#organization","name":"Greenpeace Luxembourg","url":"https:\/\/www.greenpeace.org\/luxembourg\/fr\/","logo":{"@type":"ImageObject","inLanguage":"de-LU","@id":"https:\/\/www.greenpeace.org\/luxembourg\/fr\/#\/schema\/logo\/image\/","url":"https:\/\/www.greenpeace.org\/static\/planet4-luxembourg-stateless\/2026\/03\/3e367f94-greenpeace_logo_green_rgb.png","contentUrl":"https:\/\/www.greenpeace.org\/static\/planet4-luxembourg-stateless\/2026\/03\/3e367f94-greenpeace_logo_green_rgb.png","width":1080,"height":175,"caption":"Greenpeace Luxembourg"},"image":{"@id":"https:\/\/www.greenpeace.org\/luxembourg\/fr\/#\/schema\/logo\/image\/"},"sameAs":["https:\/\/www.facebook.com\/greenpeaceluxembourg","https:\/\/www.instagram.com\/greenpeacelux\/","https:\/\/www.linkedin.com\/company\/greenpeace-luxembourg\/","https:\/\/www.threads.com\/@greenpeacelux","https:\/\/bsky.app\/profile\/greenpeacelux.bsky.social","https:\/\/www.youtube.com\/@GreenpeaceLux","https:\/\/www.tiktok.com\/@greenpeace_lux"]},{"@type":"Person","@id":"https:\/\/www.greenpeace.org\/luxembourg\/fr\/#\/schema\/person\/c2ae6002b8ed18c00be0c6b320eea776","name":"Myriam Wecker","url":"https:\/\/www.greenpeace.org\/luxembourg\/de\/author\/mwecker\/"}]}},"_links":{"self":[{"href":"https:\/\/www.greenpeace.org\/luxembourg\/de\/wp-json\/wp\/v2\/posts\/9896","targetHints":{"allow":["GET"]}}],"collection":[{"href":"https:\/\/www.greenpeace.org\/luxembourg\/de\/wp-json\/wp\/v2\/posts"}],"about":[{"href":"https:\/\/www.greenpeace.org\/luxembourg\/de\/wp-json\/wp\/v2\/types\/post"}],"author":[{"embeddable":true,"href":"https:\/\/www.greenpeace.org\/luxembourg\/de\/wp-json\/wp\/v2\/users\/31"}],"replies":[{"embeddable":true,"href":"https:\/\/www.greenpeace.org\/luxembourg\/de\/wp-json\/wp\/v2\/comments?post=9896"}],"version-history":[{"count":5,"href":"https:\/\/www.greenpeace.org\/luxembourg\/de\/wp-json\/wp\/v2\/posts\/9896\/revisions"}],"predecessor-version":[{"id":12904,"href":"https:\/\/www.greenpeace.org\/luxembourg\/de\/wp-json\/wp\/v2\/posts\/9896\/revisions\/12904"}],"wp:featuredmedia":[{"embeddable":true,"href":"https:\/\/www.greenpeace.org\/luxembourg\/de\/wp-json\/wp\/v2\/media\/9900"}],"wp:attachment":[{"href":"https:\/\/www.greenpeace.org\/luxembourg\/de\/wp-json\/wp\/v2\/media?parent=9896"}],"wp:term":[{"taxonomy":"category","embeddable":true,"href":"https:\/\/www.greenpeace.org\/luxembourg\/de\/wp-json\/wp\/v2\/categories?post=9896"},{"taxonomy":"post_tag","embeddable":true,"href":"https:\/\/www.greenpeace.org\/luxembourg\/de\/wp-json\/wp\/v2\/tags?post=9896"},{"taxonomy":"p4-page-type","embeddable":true,"href":"https:\/\/www.greenpeace.org\/luxembourg\/de\/wp-json\/wp\/v2\/p4-page-type?post=9896"}],"curies":[{"name":"wp","href":"https:\/\/api.w.org\/{rel}","templated":true}]}}