{"id":10201,"date":"2020-12-04T10:26:55","date_gmt":"2020-12-04T08:26:55","guid":{"rendered":"https:\/\/www.greenpeace.org\/luxembourg\/?p=10201"},"modified":"2021-12-01T17:25:46","modified_gmt":"2021-12-01T15:25:46","slug":"reaction-de-greenpeace-sur-le-debat-parlementaire-daujourdhui-concernant-la-strategie-dinvestissement-des-fonds-souverains","status":"publish","type":"post","link":"https:\/\/www.greenpeace.org\/luxembourg\/fr\/actualites\/10201\/reaction-de-greenpeace-sur-le-debat-parlementaire-daujourdhui-concernant-la-strategie-dinvestissement-des-fonds-souverains\/","title":{"rendered":"R\u00e9action de Greenpeace sur le d\u00e9bat parlementaire d&#8217;aujourd&#8217;hui concernant la strat\u00e9gie d&#8217;investissement des fonds souverains"},"content":{"rendered":"\n<p><strong>Luxembourg, le 3 d\u00e9cembre 2020 &#8211; L&#8217;interpellation du Parlement concernant la strat\u00e9gie d&#8217;investissement des fonds souverains a clairement montr\u00e9 qu&#8217;\u00e0 quelques exceptions pr\u00e8s, les d\u00e9put\u00e9\u00b7es sont d\u2019accord qu&#8217;il y a un retard consid\u00e9rable en mati\u00e8re d&#8217;investissement durable des fonds souverains. Cela vaut notamment pour le fonds de pension FDC, qui investit de fa\u00e7on massive dans les combustibles fossiles et ne respecte pas les objectifs de l&#8217;Accord de Paris.<\/strong><\/p>\n\n<figure class=\"wp-block-image size-large  caption-style-medium caption-alignment-center\"><img loading=\"lazy\" decoding=\"async\" width=\"800\" height=\"533\" src=\"https:\/\/www.greenpeace.org\/static\/planet4-luxembourg-stateless\/3a391b95-gp1suno1_web_size_with_credit_line.jpg\" alt=\"\" class=\"wp-image-10232\"\/><figcaption>Charles Margue, D\u00e9put\u00e9, d\u00e9i Gr\u00e9ng, et Martina Holbach, Charg\u00e9e de campagne climat et finances<\/figcaption><\/figure>\n\n<p>Greenpeace salue la motion adopt\u00e9e aujourd&#8217;hui par une majorit\u00e9 de d\u00e9put\u00e9\u00b7es sur la strat\u00e9gie d&#8217;investissement des fonds souverains, celle du Fonds de compensation (FDC) et du Fonds souverain interg\u00e9n\u00e9rationel (FSIL).&nbsp;&nbsp;<\/p>\n\n<p>\u00ab <em>Le Parlement a envoy\u00e9 aujourd&#8217;hui un signal fort au gouvernement : Il faut \u00e9valuer la performance environnementale du FDC et \u00e9laborer des pistes pour int\u00e9grer de fa\u00e7on coh\u00e9rente la durabilit\u00e9 dans la strat\u00e9gie d&#8217;investissement du fonds <\/em>\u00bb<em>, <\/em>explique Martina Holbach, charg\u00e9e de campagne climat et finances chez Greenpeace Luxembourg<em>. <\/em>\u00ab <em>La majorit\u00e9 du parlement a reconnu qu&#8217;il n&#8217;y a aucune raison de continuer \u00e0 investir l&#8217;argent public dans des entreprises qui d\u00e9truisent l&#8217;environnement et ne respectent pas les droits humains. Les investissements dans des entreprises climaticides ne sont pas seulement nuisibles \u00e0 l\u2019humanit\u00e9 et \u00e0 l&#8217;environnement, mais pr\u00e9sentent \u00e9galement un risque financier. <\/em>\u00bb <\/p>\n\n<p>Dans leurs discours, plusieurs d\u00e9put\u00e9\u00b7es ont soulign\u00e9 qu&#8217;il n&#8217;y a pas de contradiction entre la rentabilit\u00e9 des investissements et l&#8217;investissement durable. <em>&nbsp;&nbsp;<\/em><\/p>\n\n<p>\u00ab <em>Apr\u00e8s des ann\u00e9es de pression de la soci\u00e9t\u00e9 civile, le gouvernement a enfin re\u00e7u un mandat clair pour travailler <\/em>\u00bb<em>, <\/em>a d\u00e9clar\u00e9 Myrna Koster, charg\u00e9e de campagne justice climatique chez Greenpeace Luxembourg.<em> <\/em>\u00ab <em>Nous appelons le gouvernement \u00e0 faire du mandat du Parlement une priorit\u00e9, afin qu&#8217;une strat\u00e9gie d&#8217;investissement v\u00e9ritablement durable soit d\u00e9velopp\u00e9e pour les fonds souverains, en particulier pour le fonds de pension FDC. Le Fonds de compensation doit s&#8217;aligner avec les objectifs de l&#8217;Accord de Paris et mettre fin aux investissements climaticides dans le charbon, le p\u00e9trole et le gaz <\/em>\u00bb<em>.<\/em><\/p>\n\n<p><strong>M\u00e9dias<\/strong>: <a rel=\"noreferrer noopener\" href=\"https:\/\/media.greenpeace.org\/shoot\/27MDHU5FUVQ\" target=\"_blank\">Toutes les photos de l&#8217;action disponibles ici <\/a>avec un acc\u00e8s HD pour les m\u00e9dias<\/p>\n<div class=\"EmptyMessage\">Block content is empty. Check the block&#8217;s settings or remove it.<\/div>","protected":false},"excerpt":{"rendered":"<p>Greenpeace salue la motion adopt\u00e9e par une majorit\u00e9 de d\u00e9put\u00e9\u00b7es sur la strat\u00e9gie d&#8217;investissement des fonds souverains.<\/p>\n","protected":false},"author":31,"featured_media":10223,"comment_status":"closed","ping_status":"closed","sticky":false,"template":"","format":"standard","meta":{"ep_exclude_from_search":false,"p4_og_title":"","p4_og_description":"","p4_og_image":"","p4_og_image_id":"","p4_seo_canonical_url":"","p4_campaign_name":"not set","p4_local_project":"not set","p4_basket_name":"not set","p4_department":"","footnotes":""},"categories":[41,42,40],"tags":[32,35,95,97],"p4-page-type":[85],"class_list":["post-10201","post","type-post","status-publish","format-standard","has-post-thumbnail","hentry","category-climat","category-energie","category-enjeux","tag-luxembourg","tag-energiesfossiles","tag-secteurfinancier","tag-justice","p4-page-type-actualites"],"yoast_head":"<!-- This site is optimized with the Yoast SEO Premium plugin v23.9 (Yoast SEO v23.9) - https:\/\/yoast.com\/wordpress\/plugins\/seo\/ -->\n<title>R\u00e9action de Greenpeace sur le d\u00e9bat parlementaire d&#039;aujourd&#039;hui concernant la strat\u00e9gie d&#039;investissement des fonds souverains - Greenpeace Luxembourg<\/title>\n<meta name=\"robots\" content=\"index, follow, max-snippet:-1, max-image-preview:large, max-video-preview:-1\" \/>\n<link rel=\"canonical\" href=\"https:\/\/www.greenpeace.org\/luxembourg\/fr\/actualites\/10201\/reaction-de-greenpeace-sur-le-debat-parlementaire-daujourdhui-concernant-la-strategie-dinvestissement-des-fonds-souverains\/\" \/>\n<meta property=\"og:locale\" content=\"fr_FR\" \/>\n<meta property=\"og:type\" content=\"article\" \/>\n<meta property=\"og:title\" content=\"R\u00e9action de Greenpeace sur le d\u00e9bat parlementaire d&#039;aujourd&#039;hui concernant la strat\u00e9gie d&#039;investissement des fonds souverains\" \/>\n<meta property=\"og:description\" content=\"Greenpeace salue la motion adopt\u00e9e par une majorit\u00e9 de d\u00e9put\u00e9\u00b7es sur la strat\u00e9gie d&#039;investissement des fonds souverains.\" \/>\n<meta property=\"og:url\" content=\"https:\/\/www.greenpeace.org\/luxembourg\/fr\/actualites\/10201\/reaction-de-greenpeace-sur-le-debat-parlementaire-daujourdhui-concernant-la-strategie-dinvestissement-des-fonds-souverains\/\" \/>\n<meta property=\"og:site_name\" content=\"Greenpeace Luxembourg\" \/>\n<meta property=\"article:publisher\" content=\"https:\/\/www.facebook.com\/greenpeaceluxembourg\" \/>\n<meta property=\"article:published_time\" content=\"2020-12-04T08:26:55+00:00\" \/>\n<meta property=\"article:modified_time\" content=\"2021-12-01T15:25:46+00:00\" \/>\n<meta property=\"og:image\" content=\"https:\/\/www.greenpeace.org\/static\/planet4-luxembourg-stateless\/852054df-gp1suno1.jpg\" \/>\n\t<meta property=\"og:image:width\" content=\"1200\" \/>\n\t<meta property=\"og:image:height\" content=\"800\" \/>\n\t<meta property=\"og:image:type\" content=\"image\/jpeg\" \/>\n<meta name=\"author\" content=\"Myriam Wecker\" \/>\n<meta name=\"twitter:card\" content=\"summary_large_image\" \/>\n<meta name=\"twitter:label1\" content=\"Written by\" \/>\n\t<meta name=\"twitter:data1\" content=\"Myriam Wecker\" \/>\n\t<meta name=\"twitter:label2\" content=\"Est. reading time\" \/>\n\t<meta name=\"twitter:data2\" content=\"2 minutes\" \/>\n<script type=\"application\/ld+json\" class=\"yoast-schema-graph\">{\"@context\":\"https:\/\/schema.org\",\"@graph\":[{\"@type\":\"Article\",\"@id\":\"https:\/\/www.greenpeace.org\/luxembourg\/fr\/actualites\/10201\/reaction-de-greenpeace-sur-le-debat-parlementaire-daujourdhui-concernant-la-strategie-dinvestissement-des-fonds-souverains\/#article\",\"isPartOf\":{\"@id\":\"https:\/\/www.greenpeace.org\/luxembourg\/fr\/actualites\/10201\/reaction-de-greenpeace-sur-le-debat-parlementaire-daujourdhui-concernant-la-strategie-dinvestissement-des-fonds-souverains\/\"},\"author\":{\"name\":\"Myriam Wecker\",\"@id\":\"https:\/\/www.greenpeace.org\/luxembourg\/fr\/#\/schema\/person\/c2ae6002b8ed18c00be0c6b320eea776\"},\"headline\":\"R\u00e9action de Greenpeace sur le d\u00e9bat parlementaire d&#8217;aujourd&#8217;hui concernant la strat\u00e9gie d&#8217;investissement des fonds souverains\",\"datePublished\":\"2020-12-04T08:26:55+00:00\",\"dateModified\":\"2021-12-01T15:25:46+00:00\",\"mainEntityOfPage\":{\"@id\":\"https:\/\/www.greenpeace.org\/luxembourg\/fr\/actualites\/10201\/reaction-de-greenpeace-sur-le-debat-parlementaire-daujourdhui-concernant-la-strategie-dinvestissement-des-fonds-souverains\/\"},\"wordCount\":421,\"publisher\":{\"@id\":\"https:\/\/www.greenpeace.org\/luxembourg\/fr\/#organization\"},\"image\":{\"@id\":\"https:\/\/www.greenpeace.org\/luxembourg\/fr\/actualites\/10201\/reaction-de-greenpeace-sur-le-debat-parlementaire-daujourdhui-concernant-la-strategie-dinvestissement-des-fonds-souverains\/#primaryimage\"},\"thumbnailUrl\":\"https:\/\/www.greenpeace.org\/static\/planet4-luxembourg-stateless\/852054df-gp1suno1.jpg\",\"keywords\":[\"Luxembourg\",\"EnergiesFossiles\",\"SecteurFinancier\",\"Justice\"],\"articleSection\":[\"Climat\",\"\u00c9nergie\",\"Les enjeux\"],\"inLanguage\":\"fr-LU\"},{\"@type\":\"WebPage\",\"@id\":\"https:\/\/www.greenpeace.org\/luxembourg\/fr\/actualites\/10201\/reaction-de-greenpeace-sur-le-debat-parlementaire-daujourdhui-concernant-la-strategie-dinvestissement-des-fonds-souverains\/\",\"url\":\"https:\/\/www.greenpeace.org\/luxembourg\/fr\/actualites\/10201\/reaction-de-greenpeace-sur-le-debat-parlementaire-daujourdhui-concernant-la-strategie-dinvestissement-des-fonds-souverains\/\",\"name\":\"R\u00e9action de Greenpeace sur le d\u00e9bat parlementaire d'aujourd'hui concernant la strat\u00e9gie d'investissement des fonds souverains - Greenpeace Luxembourg\",\"isPartOf\":{\"@id\":\"https:\/\/www.greenpeace.org\/luxembourg\/fr\/#website\"},\"primaryImageOfPage\":{\"@id\":\"https:\/\/www.greenpeace.org\/luxembourg\/fr\/actualites\/10201\/reaction-de-greenpeace-sur-le-debat-parlementaire-daujourdhui-concernant-la-strategie-dinvestissement-des-fonds-souverains\/#primaryimage\"},\"image\":{\"@id\":\"https:\/\/www.greenpeace.org\/luxembourg\/fr\/actualites\/10201\/reaction-de-greenpeace-sur-le-debat-parlementaire-daujourdhui-concernant-la-strategie-dinvestissement-des-fonds-souverains\/#primaryimage\"},\"thumbnailUrl\":\"https:\/\/www.greenpeace.org\/static\/planet4-luxembourg-stateless\/852054df-gp1suno1.jpg\",\"datePublished\":\"2020-12-04T08:26:55+00:00\",\"dateModified\":\"2021-12-01T15:25:46+00:00\",\"breadcrumb\":{\"@id\":\"https:\/\/www.greenpeace.org\/luxembourg\/fr\/actualites\/10201\/reaction-de-greenpeace-sur-le-debat-parlementaire-daujourdhui-concernant-la-strategie-dinvestissement-des-fonds-souverains\/#breadcrumb\"},\"inLanguage\":\"fr-LU\",\"potentialAction\":[{\"@type\":\"ReadAction\",\"target\":[\"https:\/\/www.greenpeace.org\/luxembourg\/fr\/actualites\/10201\/reaction-de-greenpeace-sur-le-debat-parlementaire-daujourdhui-concernant-la-strategie-dinvestissement-des-fonds-souverains\/\"]}]},{\"@type\":\"ImageObject\",\"inLanguage\":\"fr-LU\",\"@id\":\"https:\/\/www.greenpeace.org\/luxembourg\/fr\/actualites\/10201\/reaction-de-greenpeace-sur-le-debat-parlementaire-daujourdhui-concernant-la-strategie-dinvestissement-des-fonds-souverains\/#primaryimage\",\"url\":\"https:\/\/www.greenpeace.org\/static\/planet4-luxembourg-stateless\/852054df-gp1suno1.jpg\",\"contentUrl\":\"https:\/\/www.greenpeace.org\/static\/planet4-luxembourg-stateless\/852054df-gp1suno1.jpg\",\"width\":1200,\"height\":800,\"caption\":\"The long-awaited parliamentary debate on the investment strategies of Luxembourg\u2019s sovereign funds is taking place today to discuss the climate-damaging investments of the sovereign pension fund, the Fonds de Compensation (FDC). The activists hold a mosaic showing people acting as dinosaurs to represent the hundreds of citizens who recently wrote a letter to the members of Parliament to demand an investment strategy that ends the financing of fossil fuels through public money, their money. Pictured: Charles Margue, Deputy, Green party and Martina Holbach, Climate Justice and Finance campaigner\"},{\"@type\":\"BreadcrumbList\",\"@id\":\"https:\/\/www.greenpeace.org\/luxembourg\/fr\/actualites\/10201\/reaction-de-greenpeace-sur-le-debat-parlementaire-daujourdhui-concernant-la-strategie-dinvestissement-des-fonds-souverains\/#breadcrumb\",\"itemListElement\":[{\"@type\":\"ListItem\",\"position\":1,\"name\":\"Home\",\"item\":\"https:\/\/www.greenpeace.org\/luxembourg\/fr\/\"},{\"@type\":\"ListItem\",\"position\":2,\"name\":\"R\u00e9action de Greenpeace sur le d\u00e9bat parlementaire d&#8217;aujourd&#8217;hui concernant la strat\u00e9gie d&#8217;investissement des fonds souverains\"}]},{\"@type\":\"WebSite\",\"@id\":\"https:\/\/www.greenpeace.org\/luxembourg\/fr\/#website\",\"url\":\"https:\/\/www.greenpeace.org\/luxembourg\/fr\/\",\"name\":\"Greenpeace Luxembourg\",\"description\":\"Greenpeace existe parce que cette Terre fragile a besoin d&#039;une voix. Elle a besoin de solutions. De changement. D&#039;actions.\",\"publisher\":{\"@id\":\"https:\/\/www.greenpeace.org\/luxembourg\/fr\/#organization\"},\"potentialAction\":[{\"@type\":\"SearchAction\",\"target\":{\"@type\":\"EntryPoint\",\"urlTemplate\":\"https:\/\/www.greenpeace.org\/luxembourg\/fr\/?s={search_term_string}\"},\"query-input\":{\"@type\":\"PropertyValueSpecification\",\"valueRequired\":true,\"valueName\":\"search_term_string\"}}],\"inLanguage\":\"fr-LU\"},{\"@type\":\"Organization\",\"@id\":\"https:\/\/www.greenpeace.org\/luxembourg\/fr\/#organization\",\"name\":\"Greenpeace Luxembourg\",\"url\":\"https:\/\/www.greenpeace.org\/luxembourg\/fr\/\",\"logo\":{\"@type\":\"ImageObject\",\"inLanguage\":\"fr-LU\",\"@id\":\"https:\/\/www.greenpeace.org\/luxembourg\/fr\/#\/schema\/logo\/image\/\",\"url\":\"https:\/\/www.greenpeace.org\/static\/planet4-luxembourg-stateless\/2026\/03\/3e367f94-greenpeace_logo_green_rgb.png\",\"contentUrl\":\"https:\/\/www.greenpeace.org\/static\/planet4-luxembourg-stateless\/2026\/03\/3e367f94-greenpeace_logo_green_rgb.png\",\"width\":1080,\"height\":175,\"caption\":\"Greenpeace Luxembourg\"},\"image\":{\"@id\":\"https:\/\/www.greenpeace.org\/luxembourg\/fr\/#\/schema\/logo\/image\/\"},\"sameAs\":[\"https:\/\/www.facebook.com\/greenpeaceluxembourg\",\"https:\/\/www.instagram.com\/greenpeacelux\/\",\"https:\/\/www.linkedin.com\/company\/greenpeace-luxembourg\/\",\"https:\/\/www.threads.com\/@greenpeacelux\",\"https:\/\/bsky.app\/profile\/greenpeacelux.bsky.social\",\"https:\/\/www.youtube.com\/@GreenpeaceLux\",\"https:\/\/www.tiktok.com\/@greenpeace_lux\"]},{\"@type\":\"Person\",\"@id\":\"https:\/\/www.greenpeace.org\/luxembourg\/fr\/#\/schema\/person\/c2ae6002b8ed18c00be0c6b320eea776\",\"name\":\"Myriam Wecker\",\"url\":\"https:\/\/www.greenpeace.org\/luxembourg\/fr\/author\/mwecker\/\"}]}<\/script>\n<!-- \/ Yoast SEO Premium plugin. -->","yoast_head_json":{"title":"R\u00e9action de Greenpeace sur le d\u00e9bat parlementaire d'aujourd'hui concernant la strat\u00e9gie d'investissement des fonds souverains - Greenpeace Luxembourg","robots":{"index":"index","follow":"follow","max-snippet":"max-snippet:-1","max-image-preview":"max-image-preview:large","max-video-preview":"max-video-preview:-1"},"canonical":"https:\/\/www.greenpeace.org\/luxembourg\/fr\/actualites\/10201\/reaction-de-greenpeace-sur-le-debat-parlementaire-daujourdhui-concernant-la-strategie-dinvestissement-des-fonds-souverains\/","og_locale":"fr_FR","og_type":"article","og_title":"R\u00e9action de Greenpeace sur le d\u00e9bat parlementaire d'aujourd'hui concernant la strat\u00e9gie d'investissement des fonds souverains","og_description":"Greenpeace salue la motion adopt\u00e9e par une majorit\u00e9 de d\u00e9put\u00e9\u00b7es sur la strat\u00e9gie d'investissement des fonds souverains.","og_url":"https:\/\/www.greenpeace.org\/luxembourg\/fr\/actualites\/10201\/reaction-de-greenpeace-sur-le-debat-parlementaire-daujourdhui-concernant-la-strategie-dinvestissement-des-fonds-souverains\/","og_site_name":"Greenpeace Luxembourg","article_publisher":"https:\/\/www.facebook.com\/greenpeaceluxembourg","article_published_time":"2020-12-04T08:26:55+00:00","article_modified_time":"2021-12-01T15:25:46+00:00","og_image":[{"width":1200,"height":800,"url":"https:\/\/www.greenpeace.org\/static\/planet4-luxembourg-stateless\/852054df-gp1suno1.jpg","type":"image\/jpeg"}],"author":"Myriam Wecker","twitter_card":"summary_large_image","twitter_misc":{"Written by":"Myriam Wecker","Est. reading time":"2 minutes"},"schema":{"@context":"https:\/\/schema.org","@graph":[{"@type":"Article","@id":"https:\/\/www.greenpeace.org\/luxembourg\/fr\/actualites\/10201\/reaction-de-greenpeace-sur-le-debat-parlementaire-daujourdhui-concernant-la-strategie-dinvestissement-des-fonds-souverains\/#article","isPartOf":{"@id":"https:\/\/www.greenpeace.org\/luxembourg\/fr\/actualites\/10201\/reaction-de-greenpeace-sur-le-debat-parlementaire-daujourdhui-concernant-la-strategie-dinvestissement-des-fonds-souverains\/"},"author":{"name":"Myriam Wecker","@id":"https:\/\/www.greenpeace.org\/luxembourg\/fr\/#\/schema\/person\/c2ae6002b8ed18c00be0c6b320eea776"},"headline":"R\u00e9action de Greenpeace sur le d\u00e9bat parlementaire d&#8217;aujourd&#8217;hui concernant la strat\u00e9gie d&#8217;investissement des fonds souverains","datePublished":"2020-12-04T08:26:55+00:00","dateModified":"2021-12-01T15:25:46+00:00","mainEntityOfPage":{"@id":"https:\/\/www.greenpeace.org\/luxembourg\/fr\/actualites\/10201\/reaction-de-greenpeace-sur-le-debat-parlementaire-daujourdhui-concernant-la-strategie-dinvestissement-des-fonds-souverains\/"},"wordCount":421,"publisher":{"@id":"https:\/\/www.greenpeace.org\/luxembourg\/fr\/#organization"},"image":{"@id":"https:\/\/www.greenpeace.org\/luxembourg\/fr\/actualites\/10201\/reaction-de-greenpeace-sur-le-debat-parlementaire-daujourdhui-concernant-la-strategie-dinvestissement-des-fonds-souverains\/#primaryimage"},"thumbnailUrl":"https:\/\/www.greenpeace.org\/static\/planet4-luxembourg-stateless\/852054df-gp1suno1.jpg","keywords":["Luxembourg","EnergiesFossiles","SecteurFinancier","Justice"],"articleSection":["Climat","\u00c9nergie","Les enjeux"],"inLanguage":"fr-LU"},{"@type":"WebPage","@id":"https:\/\/www.greenpeace.org\/luxembourg\/fr\/actualites\/10201\/reaction-de-greenpeace-sur-le-debat-parlementaire-daujourdhui-concernant-la-strategie-dinvestissement-des-fonds-souverains\/","url":"https:\/\/www.greenpeace.org\/luxembourg\/fr\/actualites\/10201\/reaction-de-greenpeace-sur-le-debat-parlementaire-daujourdhui-concernant-la-strategie-dinvestissement-des-fonds-souverains\/","name":"R\u00e9action de Greenpeace sur le d\u00e9bat parlementaire d'aujourd'hui concernant la strat\u00e9gie d'investissement des fonds souverains - Greenpeace Luxembourg","isPartOf":{"@id":"https:\/\/www.greenpeace.org\/luxembourg\/fr\/#website"},"primaryImageOfPage":{"@id":"https:\/\/www.greenpeace.org\/luxembourg\/fr\/actualites\/10201\/reaction-de-greenpeace-sur-le-debat-parlementaire-daujourdhui-concernant-la-strategie-dinvestissement-des-fonds-souverains\/#primaryimage"},"image":{"@id":"https:\/\/www.greenpeace.org\/luxembourg\/fr\/actualites\/10201\/reaction-de-greenpeace-sur-le-debat-parlementaire-daujourdhui-concernant-la-strategie-dinvestissement-des-fonds-souverains\/#primaryimage"},"thumbnailUrl":"https:\/\/www.greenpeace.org\/static\/planet4-luxembourg-stateless\/852054df-gp1suno1.jpg","datePublished":"2020-12-04T08:26:55+00:00","dateModified":"2021-12-01T15:25:46+00:00","breadcrumb":{"@id":"https:\/\/www.greenpeace.org\/luxembourg\/fr\/actualites\/10201\/reaction-de-greenpeace-sur-le-debat-parlementaire-daujourdhui-concernant-la-strategie-dinvestissement-des-fonds-souverains\/#breadcrumb"},"inLanguage":"fr-LU","potentialAction":[{"@type":"ReadAction","target":["https:\/\/www.greenpeace.org\/luxembourg\/fr\/actualites\/10201\/reaction-de-greenpeace-sur-le-debat-parlementaire-daujourdhui-concernant-la-strategie-dinvestissement-des-fonds-souverains\/"]}]},{"@type":"ImageObject","inLanguage":"fr-LU","@id":"https:\/\/www.greenpeace.org\/luxembourg\/fr\/actualites\/10201\/reaction-de-greenpeace-sur-le-debat-parlementaire-daujourdhui-concernant-la-strategie-dinvestissement-des-fonds-souverains\/#primaryimage","url":"https:\/\/www.greenpeace.org\/static\/planet4-luxembourg-stateless\/852054df-gp1suno1.jpg","contentUrl":"https:\/\/www.greenpeace.org\/static\/planet4-luxembourg-stateless\/852054df-gp1suno1.jpg","width":1200,"height":800,"caption":"The long-awaited parliamentary debate on the investment strategies of Luxembourg\u2019s sovereign funds is taking place today to discuss the climate-damaging investments of the sovereign pension fund, the Fonds de Compensation (FDC). The activists hold a mosaic showing people acting as dinosaurs to represent the hundreds of citizens who recently wrote a letter to the members of Parliament to demand an investment strategy that ends the financing of fossil fuels through public money, their money. Pictured: Charles Margue, Deputy, Green party and Martina Holbach, Climate Justice and Finance campaigner"},{"@type":"BreadcrumbList","@id":"https:\/\/www.greenpeace.org\/luxembourg\/fr\/actualites\/10201\/reaction-de-greenpeace-sur-le-debat-parlementaire-daujourdhui-concernant-la-strategie-dinvestissement-des-fonds-souverains\/#breadcrumb","itemListElement":[{"@type":"ListItem","position":1,"name":"Home","item":"https:\/\/www.greenpeace.org\/luxembourg\/fr\/"},{"@type":"ListItem","position":2,"name":"R\u00e9action de Greenpeace sur le d\u00e9bat parlementaire d&#8217;aujourd&#8217;hui concernant la strat\u00e9gie d&#8217;investissement des fonds souverains"}]},{"@type":"WebSite","@id":"https:\/\/www.greenpeace.org\/luxembourg\/fr\/#website","url":"https:\/\/www.greenpeace.org\/luxembourg\/fr\/","name":"Greenpeace Luxembourg","description":"Greenpeace existe parce que cette Terre fragile a besoin d&#039;une voix. Elle a besoin de solutions. De changement. D&#039;actions.","publisher":{"@id":"https:\/\/www.greenpeace.org\/luxembourg\/fr\/#organization"},"potentialAction":[{"@type":"SearchAction","target":{"@type":"EntryPoint","urlTemplate":"https:\/\/www.greenpeace.org\/luxembourg\/fr\/?s={search_term_string}"},"query-input":{"@type":"PropertyValueSpecification","valueRequired":true,"valueName":"search_term_string"}}],"inLanguage":"fr-LU"},{"@type":"Organization","@id":"https:\/\/www.greenpeace.org\/luxembourg\/fr\/#organization","name":"Greenpeace Luxembourg","url":"https:\/\/www.greenpeace.org\/luxembourg\/fr\/","logo":{"@type":"ImageObject","inLanguage":"fr-LU","@id":"https:\/\/www.greenpeace.org\/luxembourg\/fr\/#\/schema\/logo\/image\/","url":"https:\/\/www.greenpeace.org\/static\/planet4-luxembourg-stateless\/2026\/03\/3e367f94-greenpeace_logo_green_rgb.png","contentUrl":"https:\/\/www.greenpeace.org\/static\/planet4-luxembourg-stateless\/2026\/03\/3e367f94-greenpeace_logo_green_rgb.png","width":1080,"height":175,"caption":"Greenpeace Luxembourg"},"image":{"@id":"https:\/\/www.greenpeace.org\/luxembourg\/fr\/#\/schema\/logo\/image\/"},"sameAs":["https:\/\/www.facebook.com\/greenpeaceluxembourg","https:\/\/www.instagram.com\/greenpeacelux\/","https:\/\/www.linkedin.com\/company\/greenpeace-luxembourg\/","https:\/\/www.threads.com\/@greenpeacelux","https:\/\/bsky.app\/profile\/greenpeacelux.bsky.social","https:\/\/www.youtube.com\/@GreenpeaceLux","https:\/\/www.tiktok.com\/@greenpeace_lux"]},{"@type":"Person","@id":"https:\/\/www.greenpeace.org\/luxembourg\/fr\/#\/schema\/person\/c2ae6002b8ed18c00be0c6b320eea776","name":"Myriam Wecker","url":"https:\/\/www.greenpeace.org\/luxembourg\/fr\/author\/mwecker\/"}]}},"_links":{"self":[{"href":"https:\/\/www.greenpeace.org\/luxembourg\/fr\/wp-json\/wp\/v2\/posts\/10201","targetHints":{"allow":["GET"]}}],"collection":[{"href":"https:\/\/www.greenpeace.org\/luxembourg\/fr\/wp-json\/wp\/v2\/posts"}],"about":[{"href":"https:\/\/www.greenpeace.org\/luxembourg\/fr\/wp-json\/wp\/v2\/types\/post"}],"author":[{"embeddable":true,"href":"https:\/\/www.greenpeace.org\/luxembourg\/fr\/wp-json\/wp\/v2\/users\/31"}],"replies":[{"embeddable":true,"href":"https:\/\/www.greenpeace.org\/luxembourg\/fr\/wp-json\/wp\/v2\/comments?post=10201"}],"version-history":[{"count":9,"href":"https:\/\/www.greenpeace.org\/luxembourg\/fr\/wp-json\/wp\/v2\/posts\/10201\/revisions"}],"predecessor-version":[{"id":12885,"href":"https:\/\/www.greenpeace.org\/luxembourg\/fr\/wp-json\/wp\/v2\/posts\/10201\/revisions\/12885"}],"wp:featuredmedia":[{"embeddable":true,"href":"https:\/\/www.greenpeace.org\/luxembourg\/fr\/wp-json\/wp\/v2\/media\/10223"}],"wp:attachment":[{"href":"https:\/\/www.greenpeace.org\/luxembourg\/fr\/wp-json\/wp\/v2\/media?parent=10201"}],"wp:term":[{"taxonomy":"category","embeddable":true,"href":"https:\/\/www.greenpeace.org\/luxembourg\/fr\/wp-json\/wp\/v2\/categories?post=10201"},{"taxonomy":"post_tag","embeddable":true,"href":"https:\/\/www.greenpeace.org\/luxembourg\/fr\/wp-json\/wp\/v2\/tags?post=10201"},{"taxonomy":"p4-page-type","embeddable":true,"href":"https:\/\/www.greenpeace.org\/luxembourg\/fr\/wp-json\/wp\/v2\/p4-page-type?post=10201"}],"curies":[{"name":"wp","href":"https:\/\/api.w.org\/{rel}","templated":true}]}}