{"id":10527,"date":"2021-01-13T12:48:55","date_gmt":"2021-01-13T10:48:55","guid":{"rendered":"https:\/\/www.greenpeace.org\/luxembourg\/?p=10527"},"modified":"2021-12-01T17:25:32","modified_gmt":"2021-12-01T15:25:32","slug":"evaluation-critique-des-exigences-generiques-de-lautorite-de-surete-nucleaire-asn-relatives-a-la-prolongation-de-la-duree-de-vie-des-reacteurs-de-900-mwe-en-france","status":"publish","type":"post","link":"https:\/\/www.greenpeace.org\/luxembourg\/fr\/actualites\/10527\/evaluation-critique-des-exigences-generiques-de-lautorite-de-surete-nucleaire-asn-relatives-a-la-prolongation-de-la-duree-de-vie-des-reacteurs-de-900-mwe-en-france\/","title":{"rendered":"\u00c9valuation critique des exigences g\u00e9n\u00e9riques de l\u2019Autorit\u00e9 de s\u00fbret\u00e9 nucl\u00e9aire (ASN) relatives \u00e0 la prolongation de la dur\u00e9e de vie des r\u00e9acteurs de 900 MWe en France"},"content":{"rendered":"\n<p>La prolongation de la dur\u00e9e de vie des centrales nucl\u00e9aires \u00e9quip\u00e9es de r\u00e9acteurs de 900 MWe en France, con\u00e7ues \u00e0 la fin des ann\u00e9es 1960 ou au d\u00e9but des ann\u00e9es 1970, est actuellement \u00e0 l\u2019ordre du jour.&nbsp;<strong>Le pr\u00e9sent rapport analyse les exigences pos\u00e9es par l\u2019Autorit\u00e9 fran\u00e7aise de s\u00fbret\u00e9 nucl\u00e9aire (ASN)<\/strong>&nbsp;concernant cette prolongation, en s\u2019appuyant notamment sur des travaux et documents sur la s\u00fbret\u00e9 nucl\u00e9aire de l\u2019ASN, d\u2019EDF, de la&nbsp;Western European Nuclear Regulators Association (WENRA) et de l\u2019Agence internationale de l\u2019\u00e9nergie atomique (AIEA).<\/p>\n\n<p><em>\u00c9tude command\u00e9e par Greenpeace France et Greenpeace Luxembourg au professeur Manfred Mertins, expert en ing\u00e9nierie nucl\u00e9aire (traduite de l\u2019allemand)<\/em>.<\/p>\n\n<p><strong><a rel=\"noreferrer noopener\" href=\"https:\/\/www.greenpeace.org\/static\/planet4-luxembourg-stateless\/3b400092-evaluation-critique_prolongation-des-centrales.pdf\" target=\"_blank\"><span class=\"has-inline-color has-green-80-color\">RAPPORT FR : \u00c9VALUATION CRITIQUE DES EXIGENCES GENERIQUES DE L&#8217;AUTORIT\u00c9 DE S\u00dbRET\u00c9 NUCL<strong>\u00c9<\/strong>AIRE (ASN) RELATIVES \u00c0 LA PROLONGATION DE LA DUR\u00c9E DE VIE DES REACTEURS DE 900 MWE EN FRANCE<\/span><\/a><\/strong><\/p>\n\n<p><a rel=\"noreferrer noopener\" href=\"https:\/\/www.greenpeace.org\/static\/planet4-luxembourg-stateless\/63cb018a-studie_lto_reaktoren_frankreich.pdf\" target=\"_blank\"><strong><span class=\"has-inline-color has-green-80-color\">BERICHT DE: KRITISCHE BEWERTUNG DER GENERISCHEN ANFORDERUNGEN DER FRANZ\u00d6SISCHEN AUTORIT\u00c9 DE S\u00dbRET\u00c9 NUCL\u00c9AIRE (ASN) F\u00dcR DIE LAUFZEITVERL\u00c4NGERUNG DER 900 MWE REAKTOREN IN FRANKREICH<\/span><\/strong><\/a><\/p>\n\n<p><\/p>\n\t\t\t<section\n\t\t\tclass=\"boxout post-428 \"\n\t\t\t\n\t\t>\n\t\t\t<a\n\t\t\t\tdata-ga-category=\"Take Action Boxout\"\n\t\t\t\tdata-ga-action=\"Image\"\n\t\t\t\tdata-ga-label=\"n\/a\"\n\t\t\t\tclass=\"cover-card-overlay\"\n\t\t\t\thref=\"https:\/\/www.greenpeace.org\/luxembourg\/fr\/agir\/exigeons-la-fin-du-nucleaire\/\" \n\t\t\t><\/a>\n\t\t\t\t\t\t\t<img\n\t\t\t\t\t\tsrc=\"https:\/\/www.greenpeace.org\/static\/planet4-luxembourg-stateless\/2020\/07\/e0610c64-nuclear_waste.jpg\"\n\t\t\t\t\t\tsrcset=\"https:\/\/www.greenpeace.org\/static\/planet4-luxembourg-stateless\/2020\/07\/e0610c64-nuclear_waste-300x199.jpg 300w, https:\/\/www.greenpeace.org\/static\/planet4-luxembourg-stateless\/2020\/07\/e0610c64-nuclear_waste-768x510.jpg 768w, https:\/\/www.greenpeace.org\/static\/planet4-luxembourg-stateless\/2020\/07\/e0610c64-nuclear_waste-510x338.jpg 510w, https:\/\/www.greenpeace.org\/static\/planet4-luxembourg-stateless\/2020\/07\/e0610c64-nuclear_waste.jpg 999w\"\n\t\t\t\t\t\tsizes=\"(min-width: 1000px) 358px, (min-width: 780px) 313px, 88px\"\n\t\t\t\t\t\talt=\"\" title=\"\"\n\t\t\t\t\/>\n            \t\t\t<div class=\"boxout-content\">\n\t\t\t\t\t\t\t\t\t<a\n\t\t\t\t\t\tclass=\"boxout-heading medium\"\n\t\t\t\t\t\tdata-ga-category=\"Take Action Boxout\"\n\t\t\t\t\t\tdata-ga-action=\"Title\"\n\t\t\t\t\t\tdata-ga-label=\"n\/a\"\n\t\t\t\t\t\thref=\"https:\/\/www.greenpeace.org\/luxembourg\/fr\/agir\/exigeons-la-fin-du-nucleaire\/\"\n\t\t\t\t\t\t\n\t\t\t\t\t>\n\t\t\t\t\t\t\u00c9xigeons la fin du nucl\u00e9aire\n\t\t\t\t\t<\/a>\n\t\t\t\t\t\t\t\t\t\t\t\t\t<p class=\"boxout-excerpt\">Le risque Z\u00e9ro n\u2019existe pas.\nFissures, fragilit\u00e9 des structures, anomalies de construction, les installations nous r\u00e9servent chaque fois plus de surprises et les d\u00e9chets sont ing\u00e9rables. <\/p>\n\t\t\t\t                                    <a\n                        class=\"btn btn-primary\"\n                        data-ga-category=\"Take Action Boxout\"\n                        data-ga-action=\"Call to Action\"\n                        data-ga-label=\"n\/a\"\n                        href=\"https:\/\/www.greenpeace.org\/luxembourg\/fr\/agir\/exigeons-la-fin-du-nucleaire\/\"\n                        \n                    >\n                        S&#039;engager\n                    <\/a>\n                \t\t\t<\/div>\n\t\t\t\t\t<\/section>\n\t","protected":false},"excerpt":{"rendered":"<p>La prolongation de la dur\u00e9e de vie des centrales nucl\u00e9aires \u00e9quip\u00e9es de r\u00e9acteurs de 900 MWe en France, con\u00e7ues \u00e0 la&#8230;<\/p>\n","protected":false},"author":25,"featured_media":10539,"comment_status":"closed","ping_status":"closed","sticky":false,"template":"","format":"standard","meta":{"ep_exclude_from_search":false,"p4_og_title":"","p4_og_description":"","p4_og_image":"","p4_og_image_id":"","p4_seo_canonical_url":"","p4_campaign_name":"not set","p4_local_project":"not set","p4_basket_name":"not set","p4_department":"","footnotes":""},"categories":[42],"tags":[30,35],"p4-page-type":[85],"class_list":["post-10527","post","type-post","status-publish","format-standard","has-post-thumbnail","hentry","category-energie","tag-nucleaire","tag-energiesfossiles","p4-page-type-actualites"],"yoast_head":"<!-- This site is optimized with the Yoast SEO Premium plugin v23.9 (Yoast SEO v23.9) - https:\/\/yoast.com\/wordpress\/plugins\/seo\/ -->\n<title>\u00c9valuation critique des exigences g\u00e9n\u00e9riques de l\u2019Autorit\u00e9 de s\u00fbret\u00e9 nucl\u00e9aire (ASN) relatives \u00e0 la prolongation de la dur\u00e9e de vie des r\u00e9acteurs de 900 MWe en France - Greenpeace Luxembourg<\/title>\n<meta name=\"robots\" content=\"index, follow, max-snippet:-1, max-image-preview:large, max-video-preview:-1\" \/>\n<link rel=\"canonical\" href=\"https:\/\/www.greenpeace.org\/luxembourg\/fr\/actualites\/10527\/evaluation-critique-des-exigences-generiques-de-lautorite-de-surete-nucleaire-asn-relatives-a-la-prolongation-de-la-duree-de-vie-des-reacteurs-de-900-mwe-en-france\/\" \/>\n<meta property=\"og:locale\" content=\"fr_FR\" \/>\n<meta property=\"og:type\" content=\"article\" \/>\n<meta property=\"og:title\" content=\"\u00c9valuation critique des exigences g\u00e9n\u00e9riques de l\u2019Autorit\u00e9 de s\u00fbret\u00e9 nucl\u00e9aire (ASN) relatives \u00e0 la prolongation de la dur\u00e9e de vie des r\u00e9acteurs de 900 MWe en France\" \/>\n<meta property=\"og:description\" content=\"La prolongation de la dur\u00e9e de vie des centrales nucl\u00e9aires \u00e9quip\u00e9es de r\u00e9acteurs de 900 MWe en France, con\u00e7ues \u00e0 la...\" \/>\n<meta property=\"og:url\" content=\"https:\/\/www.greenpeace.org\/luxembourg\/fr\/actualites\/10527\/evaluation-critique-des-exigences-generiques-de-lautorite-de-surete-nucleaire-asn-relatives-a-la-prolongation-de-la-duree-de-vie-des-reacteurs-de-900-mwe-en-france\/\" \/>\n<meta property=\"og:site_name\" content=\"Greenpeace Luxembourg\" \/>\n<meta property=\"article:publisher\" content=\"https:\/\/www.facebook.com\/greenpeaceluxembourg\" \/>\n<meta property=\"article:published_time\" content=\"2021-01-13T10:48:55+00:00\" \/>\n<meta property=\"article:modified_time\" content=\"2021-12-01T15:25:32+00:00\" \/>\n<meta property=\"og:image\" content=\"https:\/\/www.greenpeace.org\/static\/planet4-luxembourg-stateless\/a6845825-gp01l2i_web_size_with_credit_line.jpg\" \/>\n\t<meta property=\"og:image:width\" content=\"800\" \/>\n\t<meta property=\"og:image:height\" content=\"530\" \/>\n\t<meta property=\"og:image:type\" content=\"image\/jpeg\" \/>\n<meta name=\"author\" content=\"Esther Wildanger\" \/>\n<meta name=\"twitter:card\" content=\"summary_large_image\" \/>\n<meta name=\"twitter:label1\" content=\"Written by\" \/>\n\t<meta name=\"twitter:data1\" content=\"Esther Wildanger\" \/>\n\t<meta name=\"twitter:label2\" content=\"Est. reading time\" \/>\n\t<meta name=\"twitter:data2\" content=\"1 minute\" \/>\n<script type=\"application\/ld+json\" class=\"yoast-schema-graph\">{\"@context\":\"https:\/\/schema.org\",\"@graph\":[{\"@type\":\"Article\",\"@id\":\"https:\/\/www.greenpeace.org\/luxembourg\/fr\/actualites\/10527\/evaluation-critique-des-exigences-generiques-de-lautorite-de-surete-nucleaire-asn-relatives-a-la-prolongation-de-la-duree-de-vie-des-reacteurs-de-900-mwe-en-france\/#article\",\"isPartOf\":{\"@id\":\"https:\/\/www.greenpeace.org\/luxembourg\/fr\/actualites\/10527\/evaluation-critique-des-exigences-generiques-de-lautorite-de-surete-nucleaire-asn-relatives-a-la-prolongation-de-la-duree-de-vie-des-reacteurs-de-900-mwe-en-france\/\"},\"author\":{\"name\":\"Esther Wildanger\",\"@id\":\"https:\/\/www.greenpeace.org\/luxembourg\/fr\/#\/schema\/person\/3d0e81a859b59009fec36a8552ef76a7\"},\"headline\":\"\u00c9valuation critique des exigences g\u00e9n\u00e9riques de l\u2019Autorit\u00e9 de s\u00fbret\u00e9 nucl\u00e9aire (ASN) relatives \u00e0 la prolongation de la dur\u00e9e de vie des r\u00e9acteurs de 900 MWe en France\",\"datePublished\":\"2021-01-13T10:48:55+00:00\",\"dateModified\":\"2021-12-01T15:25:32+00:00\",\"mainEntityOfPage\":{\"@id\":\"https:\/\/www.greenpeace.org\/luxembourg\/fr\/actualites\/10527\/evaluation-critique-des-exigences-generiques-de-lautorite-de-surete-nucleaire-asn-relatives-a-la-prolongation-de-la-duree-de-vie-des-reacteurs-de-900-mwe-en-france\/\"},\"wordCount\":218,\"publisher\":{\"@id\":\"https:\/\/www.greenpeace.org\/luxembourg\/fr\/#organization\"},\"image\":{\"@id\":\"https:\/\/www.greenpeace.org\/luxembourg\/fr\/actualites\/10527\/evaluation-critique-des-exigences-generiques-de-lautorite-de-surete-nucleaire-asn-relatives-a-la-prolongation-de-la-duree-de-vie-des-reacteurs-de-900-mwe-en-france\/#primaryimage\"},\"thumbnailUrl\":\"https:\/\/www.greenpeace.org\/static\/planet4-luxembourg-stateless\/a6845825-gp01l2i_web_size_with_credit_line.jpg\",\"keywords\":[\"Nucl\u00e9aire\",\"EnergiesFossiles\"],\"articleSection\":[\"\u00c9nergie\"],\"inLanguage\":\"fr-LU\"},{\"@type\":\"WebPage\",\"@id\":\"https:\/\/www.greenpeace.org\/luxembourg\/fr\/actualites\/10527\/evaluation-critique-des-exigences-generiques-de-lautorite-de-surete-nucleaire-asn-relatives-a-la-prolongation-de-la-duree-de-vie-des-reacteurs-de-900-mwe-en-france\/\",\"url\":\"https:\/\/www.greenpeace.org\/luxembourg\/fr\/actualites\/10527\/evaluation-critique-des-exigences-generiques-de-lautorite-de-surete-nucleaire-asn-relatives-a-la-prolongation-de-la-duree-de-vie-des-reacteurs-de-900-mwe-en-france\/\",\"name\":\"\u00c9valuation critique des exigences g\u00e9n\u00e9riques de l\u2019Autorit\u00e9 de s\u00fbret\u00e9 nucl\u00e9aire (ASN) relatives \u00e0 la prolongation de la dur\u00e9e de vie des r\u00e9acteurs de 900 MWe en France - Greenpeace Luxembourg\",\"isPartOf\":{\"@id\":\"https:\/\/www.greenpeace.org\/luxembourg\/fr\/#website\"},\"primaryImageOfPage\":{\"@id\":\"https:\/\/www.greenpeace.org\/luxembourg\/fr\/actualites\/10527\/evaluation-critique-des-exigences-generiques-de-lautorite-de-surete-nucleaire-asn-relatives-a-la-prolongation-de-la-duree-de-vie-des-reacteurs-de-900-mwe-en-france\/#primaryimage\"},\"image\":{\"@id\":\"https:\/\/www.greenpeace.org\/luxembourg\/fr\/actualites\/10527\/evaluation-critique-des-exigences-generiques-de-lautorite-de-surete-nucleaire-asn-relatives-a-la-prolongation-de-la-duree-de-vie-des-reacteurs-de-900-mwe-en-france\/#primaryimage\"},\"thumbnailUrl\":\"https:\/\/www.greenpeace.org\/static\/planet4-luxembourg-stateless\/a6845825-gp01l2i_web_size_with_credit_line.jpg\",\"datePublished\":\"2021-01-13T10:48:55+00:00\",\"dateModified\":\"2021-12-01T15:25:32+00:00\",\"breadcrumb\":{\"@id\":\"https:\/\/www.greenpeace.org\/luxembourg\/fr\/actualites\/10527\/evaluation-critique-des-exigences-generiques-de-lautorite-de-surete-nucleaire-asn-relatives-a-la-prolongation-de-la-duree-de-vie-des-reacteurs-de-900-mwe-en-france\/#breadcrumb\"},\"inLanguage\":\"fr-LU\",\"potentialAction\":[{\"@type\":\"ReadAction\",\"target\":[\"https:\/\/www.greenpeace.org\/luxembourg\/fr\/actualites\/10527\/evaluation-critique-des-exigences-generiques-de-lautorite-de-surete-nucleaire-asn-relatives-a-la-prolongation-de-la-duree-de-vie-des-reacteurs-de-900-mwe-en-france\/\"]}]},{\"@type\":\"ImageObject\",\"inLanguage\":\"fr-LU\",\"@id\":\"https:\/\/www.greenpeace.org\/luxembourg\/fr\/actualites\/10527\/evaluation-critique-des-exigences-generiques-de-lautorite-de-surete-nucleaire-asn-relatives-a-la-prolongation-de-la-duree-de-vie-des-reacteurs-de-900-mwe-en-france\/#primaryimage\",\"url\":\"https:\/\/www.greenpeace.org\/static\/planet4-luxembourg-stateless\/a6845825-gp01l2i_web_size_with_credit_line.jpg\",\"contentUrl\":\"https:\/\/www.greenpeace.org\/static\/planet4-luxembourg-stateless\/a6845825-gp01l2i_web_size_with_credit_line.jpg\",\"width\":800,\"height\":530,\"caption\":\"A fully loaded truck with yellow nuclear waste barrels Een vrachtwagen vol met gele kernafvalvaten\"},{\"@type\":\"BreadcrumbList\",\"@id\":\"https:\/\/www.greenpeace.org\/luxembourg\/fr\/actualites\/10527\/evaluation-critique-des-exigences-generiques-de-lautorite-de-surete-nucleaire-asn-relatives-a-la-prolongation-de-la-duree-de-vie-des-reacteurs-de-900-mwe-en-france\/#breadcrumb\",\"itemListElement\":[{\"@type\":\"ListItem\",\"position\":1,\"name\":\"Home\",\"item\":\"https:\/\/www.greenpeace.org\/luxembourg\/fr\/\"},{\"@type\":\"ListItem\",\"position\":2,\"name\":\"\u00c9valuation critique des exigences g\u00e9n\u00e9riques de l\u2019Autorit\u00e9 de s\u00fbret\u00e9 nucl\u00e9aire (ASN) relatives \u00e0 la prolongation de la dur\u00e9e de vie des r\u00e9acteurs de 900 MWe en France\"}]},{\"@type\":\"WebSite\",\"@id\":\"https:\/\/www.greenpeace.org\/luxembourg\/fr\/#website\",\"url\":\"https:\/\/www.greenpeace.org\/luxembourg\/fr\/\",\"name\":\"Greenpeace Luxembourg\",\"description\":\"Greenpeace existe parce que cette Terre fragile a besoin d&#039;une voix. Elle a besoin de solutions. De changement. D&#039;actions.\",\"publisher\":{\"@id\":\"https:\/\/www.greenpeace.org\/luxembourg\/fr\/#organization\"},\"potentialAction\":[{\"@type\":\"SearchAction\",\"target\":{\"@type\":\"EntryPoint\",\"urlTemplate\":\"https:\/\/www.greenpeace.org\/luxembourg\/fr\/?s={search_term_string}\"},\"query-input\":{\"@type\":\"PropertyValueSpecification\",\"valueRequired\":true,\"valueName\":\"search_term_string\"}}],\"inLanguage\":\"fr-LU\"},{\"@type\":\"Organization\",\"@id\":\"https:\/\/www.greenpeace.org\/luxembourg\/fr\/#organization\",\"name\":\"Greenpeace Luxembourg\",\"url\":\"https:\/\/www.greenpeace.org\/luxembourg\/fr\/\",\"logo\":{\"@type\":\"ImageObject\",\"inLanguage\":\"fr-LU\",\"@id\":\"https:\/\/www.greenpeace.org\/luxembourg\/fr\/#\/schema\/logo\/image\/\",\"url\":\"https:\/\/www.greenpeace.org\/static\/planet4-luxembourg-stateless\/2026\/03\/3e367f94-greenpeace_logo_green_rgb.png\",\"contentUrl\":\"https:\/\/www.greenpeace.org\/static\/planet4-luxembourg-stateless\/2026\/03\/3e367f94-greenpeace_logo_green_rgb.png\",\"width\":1080,\"height\":175,\"caption\":\"Greenpeace Luxembourg\"},\"image\":{\"@id\":\"https:\/\/www.greenpeace.org\/luxembourg\/fr\/#\/schema\/logo\/image\/\"},\"sameAs\":[\"https:\/\/www.facebook.com\/greenpeaceluxembourg\",\"https:\/\/www.instagram.com\/greenpeacelux\/\",\"https:\/\/www.linkedin.com\/company\/greenpeace-luxembourg\/\",\"https:\/\/www.threads.com\/@greenpeacelux\",\"https:\/\/bsky.app\/profile\/greenpeacelux.bsky.social\",\"https:\/\/www.youtube.com\/@GreenpeaceLux\",\"https:\/\/www.tiktok.com\/@greenpeace_lux\"]},{\"@type\":\"Person\",\"@id\":\"https:\/\/www.greenpeace.org\/luxembourg\/fr\/#\/schema\/person\/3d0e81a859b59009fec36a8552ef76a7\",\"name\":\"Esther Wildanger\",\"url\":\"https:\/\/www.greenpeace.org\/luxembourg\/fr\/author\/ewildang\/\"}]}<\/script>\n<!-- \/ Yoast SEO Premium plugin. -->","yoast_head_json":{"title":"\u00c9valuation critique des exigences g\u00e9n\u00e9riques de l\u2019Autorit\u00e9 de s\u00fbret\u00e9 nucl\u00e9aire (ASN) relatives \u00e0 la prolongation de la dur\u00e9e de vie des r\u00e9acteurs de 900 MWe en France - Greenpeace Luxembourg","robots":{"index":"index","follow":"follow","max-snippet":"max-snippet:-1","max-image-preview":"max-image-preview:large","max-video-preview":"max-video-preview:-1"},"canonical":"https:\/\/www.greenpeace.org\/luxembourg\/fr\/actualites\/10527\/evaluation-critique-des-exigences-generiques-de-lautorite-de-surete-nucleaire-asn-relatives-a-la-prolongation-de-la-duree-de-vie-des-reacteurs-de-900-mwe-en-france\/","og_locale":"fr_FR","og_type":"article","og_title":"\u00c9valuation critique des exigences g\u00e9n\u00e9riques de l\u2019Autorit\u00e9 de s\u00fbret\u00e9 nucl\u00e9aire (ASN) relatives \u00e0 la prolongation de la dur\u00e9e de vie des r\u00e9acteurs de 900 MWe en France","og_description":"La prolongation de la dur\u00e9e de vie des centrales nucl\u00e9aires \u00e9quip\u00e9es de r\u00e9acteurs de 900 MWe en France, con\u00e7ues \u00e0 la...","og_url":"https:\/\/www.greenpeace.org\/luxembourg\/fr\/actualites\/10527\/evaluation-critique-des-exigences-generiques-de-lautorite-de-surete-nucleaire-asn-relatives-a-la-prolongation-de-la-duree-de-vie-des-reacteurs-de-900-mwe-en-france\/","og_site_name":"Greenpeace Luxembourg","article_publisher":"https:\/\/www.facebook.com\/greenpeaceluxembourg","article_published_time":"2021-01-13T10:48:55+00:00","article_modified_time":"2021-12-01T15:25:32+00:00","og_image":[{"width":800,"height":530,"url":"https:\/\/www.greenpeace.org\/static\/planet4-luxembourg-stateless\/a6845825-gp01l2i_web_size_with_credit_line.jpg","type":"image\/jpeg"}],"author":"Esther Wildanger","twitter_card":"summary_large_image","twitter_misc":{"Written by":"Esther Wildanger","Est. reading time":"1 minute"},"schema":{"@context":"https:\/\/schema.org","@graph":[{"@type":"Article","@id":"https:\/\/www.greenpeace.org\/luxembourg\/fr\/actualites\/10527\/evaluation-critique-des-exigences-generiques-de-lautorite-de-surete-nucleaire-asn-relatives-a-la-prolongation-de-la-duree-de-vie-des-reacteurs-de-900-mwe-en-france\/#article","isPartOf":{"@id":"https:\/\/www.greenpeace.org\/luxembourg\/fr\/actualites\/10527\/evaluation-critique-des-exigences-generiques-de-lautorite-de-surete-nucleaire-asn-relatives-a-la-prolongation-de-la-duree-de-vie-des-reacteurs-de-900-mwe-en-france\/"},"author":{"name":"Esther Wildanger","@id":"https:\/\/www.greenpeace.org\/luxembourg\/fr\/#\/schema\/person\/3d0e81a859b59009fec36a8552ef76a7"},"headline":"\u00c9valuation critique des exigences g\u00e9n\u00e9riques de l\u2019Autorit\u00e9 de s\u00fbret\u00e9 nucl\u00e9aire (ASN) relatives \u00e0 la prolongation de la dur\u00e9e de vie des r\u00e9acteurs de 900 MWe en France","datePublished":"2021-01-13T10:48:55+00:00","dateModified":"2021-12-01T15:25:32+00:00","mainEntityOfPage":{"@id":"https:\/\/www.greenpeace.org\/luxembourg\/fr\/actualites\/10527\/evaluation-critique-des-exigences-generiques-de-lautorite-de-surete-nucleaire-asn-relatives-a-la-prolongation-de-la-duree-de-vie-des-reacteurs-de-900-mwe-en-france\/"},"wordCount":218,"publisher":{"@id":"https:\/\/www.greenpeace.org\/luxembourg\/fr\/#organization"},"image":{"@id":"https:\/\/www.greenpeace.org\/luxembourg\/fr\/actualites\/10527\/evaluation-critique-des-exigences-generiques-de-lautorite-de-surete-nucleaire-asn-relatives-a-la-prolongation-de-la-duree-de-vie-des-reacteurs-de-900-mwe-en-france\/#primaryimage"},"thumbnailUrl":"https:\/\/www.greenpeace.org\/static\/planet4-luxembourg-stateless\/a6845825-gp01l2i_web_size_with_credit_line.jpg","keywords":["Nucl\u00e9aire","EnergiesFossiles"],"articleSection":["\u00c9nergie"],"inLanguage":"fr-LU"},{"@type":"WebPage","@id":"https:\/\/www.greenpeace.org\/luxembourg\/fr\/actualites\/10527\/evaluation-critique-des-exigences-generiques-de-lautorite-de-surete-nucleaire-asn-relatives-a-la-prolongation-de-la-duree-de-vie-des-reacteurs-de-900-mwe-en-france\/","url":"https:\/\/www.greenpeace.org\/luxembourg\/fr\/actualites\/10527\/evaluation-critique-des-exigences-generiques-de-lautorite-de-surete-nucleaire-asn-relatives-a-la-prolongation-de-la-duree-de-vie-des-reacteurs-de-900-mwe-en-france\/","name":"\u00c9valuation critique des exigences g\u00e9n\u00e9riques de l\u2019Autorit\u00e9 de s\u00fbret\u00e9 nucl\u00e9aire (ASN) relatives \u00e0 la prolongation de la dur\u00e9e de vie des r\u00e9acteurs de 900 MWe en France - Greenpeace Luxembourg","isPartOf":{"@id":"https:\/\/www.greenpeace.org\/luxembourg\/fr\/#website"},"primaryImageOfPage":{"@id":"https:\/\/www.greenpeace.org\/luxembourg\/fr\/actualites\/10527\/evaluation-critique-des-exigences-generiques-de-lautorite-de-surete-nucleaire-asn-relatives-a-la-prolongation-de-la-duree-de-vie-des-reacteurs-de-900-mwe-en-france\/#primaryimage"},"image":{"@id":"https:\/\/www.greenpeace.org\/luxembourg\/fr\/actualites\/10527\/evaluation-critique-des-exigences-generiques-de-lautorite-de-surete-nucleaire-asn-relatives-a-la-prolongation-de-la-duree-de-vie-des-reacteurs-de-900-mwe-en-france\/#primaryimage"},"thumbnailUrl":"https:\/\/www.greenpeace.org\/static\/planet4-luxembourg-stateless\/a6845825-gp01l2i_web_size_with_credit_line.jpg","datePublished":"2021-01-13T10:48:55+00:00","dateModified":"2021-12-01T15:25:32+00:00","breadcrumb":{"@id":"https:\/\/www.greenpeace.org\/luxembourg\/fr\/actualites\/10527\/evaluation-critique-des-exigences-generiques-de-lautorite-de-surete-nucleaire-asn-relatives-a-la-prolongation-de-la-duree-de-vie-des-reacteurs-de-900-mwe-en-france\/#breadcrumb"},"inLanguage":"fr-LU","potentialAction":[{"@type":"ReadAction","target":["https:\/\/www.greenpeace.org\/luxembourg\/fr\/actualites\/10527\/evaluation-critique-des-exigences-generiques-de-lautorite-de-surete-nucleaire-asn-relatives-a-la-prolongation-de-la-duree-de-vie-des-reacteurs-de-900-mwe-en-france\/"]}]},{"@type":"ImageObject","inLanguage":"fr-LU","@id":"https:\/\/www.greenpeace.org\/luxembourg\/fr\/actualites\/10527\/evaluation-critique-des-exigences-generiques-de-lautorite-de-surete-nucleaire-asn-relatives-a-la-prolongation-de-la-duree-de-vie-des-reacteurs-de-900-mwe-en-france\/#primaryimage","url":"https:\/\/www.greenpeace.org\/static\/planet4-luxembourg-stateless\/a6845825-gp01l2i_web_size_with_credit_line.jpg","contentUrl":"https:\/\/www.greenpeace.org\/static\/planet4-luxembourg-stateless\/a6845825-gp01l2i_web_size_with_credit_line.jpg","width":800,"height":530,"caption":"A fully loaded truck with yellow nuclear waste barrels Een vrachtwagen vol met gele kernafvalvaten"},{"@type":"BreadcrumbList","@id":"https:\/\/www.greenpeace.org\/luxembourg\/fr\/actualites\/10527\/evaluation-critique-des-exigences-generiques-de-lautorite-de-surete-nucleaire-asn-relatives-a-la-prolongation-de-la-duree-de-vie-des-reacteurs-de-900-mwe-en-france\/#breadcrumb","itemListElement":[{"@type":"ListItem","position":1,"name":"Home","item":"https:\/\/www.greenpeace.org\/luxembourg\/fr\/"},{"@type":"ListItem","position":2,"name":"\u00c9valuation critique des exigences g\u00e9n\u00e9riques de l\u2019Autorit\u00e9 de s\u00fbret\u00e9 nucl\u00e9aire (ASN) relatives \u00e0 la prolongation de la dur\u00e9e de vie des r\u00e9acteurs de 900 MWe en France"}]},{"@type":"WebSite","@id":"https:\/\/www.greenpeace.org\/luxembourg\/fr\/#website","url":"https:\/\/www.greenpeace.org\/luxembourg\/fr\/","name":"Greenpeace Luxembourg","description":"Greenpeace existe parce que cette Terre fragile a besoin d&#039;une voix. Elle a besoin de solutions. De changement. D&#039;actions.","publisher":{"@id":"https:\/\/www.greenpeace.org\/luxembourg\/fr\/#organization"},"potentialAction":[{"@type":"SearchAction","target":{"@type":"EntryPoint","urlTemplate":"https:\/\/www.greenpeace.org\/luxembourg\/fr\/?s={search_term_string}"},"query-input":{"@type":"PropertyValueSpecification","valueRequired":true,"valueName":"search_term_string"}}],"inLanguage":"fr-LU"},{"@type":"Organization","@id":"https:\/\/www.greenpeace.org\/luxembourg\/fr\/#organization","name":"Greenpeace Luxembourg","url":"https:\/\/www.greenpeace.org\/luxembourg\/fr\/","logo":{"@type":"ImageObject","inLanguage":"fr-LU","@id":"https:\/\/www.greenpeace.org\/luxembourg\/fr\/#\/schema\/logo\/image\/","url":"https:\/\/www.greenpeace.org\/static\/planet4-luxembourg-stateless\/2026\/03\/3e367f94-greenpeace_logo_green_rgb.png","contentUrl":"https:\/\/www.greenpeace.org\/static\/planet4-luxembourg-stateless\/2026\/03\/3e367f94-greenpeace_logo_green_rgb.png","width":1080,"height":175,"caption":"Greenpeace Luxembourg"},"image":{"@id":"https:\/\/www.greenpeace.org\/luxembourg\/fr\/#\/schema\/logo\/image\/"},"sameAs":["https:\/\/www.facebook.com\/greenpeaceluxembourg","https:\/\/www.instagram.com\/greenpeacelux\/","https:\/\/www.linkedin.com\/company\/greenpeace-luxembourg\/","https:\/\/www.threads.com\/@greenpeacelux","https:\/\/bsky.app\/profile\/greenpeacelux.bsky.social","https:\/\/www.youtube.com\/@GreenpeaceLux","https:\/\/www.tiktok.com\/@greenpeace_lux"]},{"@type":"Person","@id":"https:\/\/www.greenpeace.org\/luxembourg\/fr\/#\/schema\/person\/3d0e81a859b59009fec36a8552ef76a7","name":"Esther Wildanger","url":"https:\/\/www.greenpeace.org\/luxembourg\/fr\/author\/ewildang\/"}]}},"_links":{"self":[{"href":"https:\/\/www.greenpeace.org\/luxembourg\/fr\/wp-json\/wp\/v2\/posts\/10527","targetHints":{"allow":["GET"]}}],"collection":[{"href":"https:\/\/www.greenpeace.org\/luxembourg\/fr\/wp-json\/wp\/v2\/posts"}],"about":[{"href":"https:\/\/www.greenpeace.org\/luxembourg\/fr\/wp-json\/wp\/v2\/types\/post"}],"author":[{"embeddable":true,"href":"https:\/\/www.greenpeace.org\/luxembourg\/fr\/wp-json\/wp\/v2\/users\/25"}],"replies":[{"embeddable":true,"href":"https:\/\/www.greenpeace.org\/luxembourg\/fr\/wp-json\/wp\/v2\/comments?post=10527"}],"version-history":[{"count":7,"href":"https:\/\/www.greenpeace.org\/luxembourg\/fr\/wp-json\/wp\/v2\/posts\/10527\/revisions"}],"predecessor-version":[{"id":12877,"href":"https:\/\/www.greenpeace.org\/luxembourg\/fr\/wp-json\/wp\/v2\/posts\/10527\/revisions\/12877"}],"wp:featuredmedia":[{"embeddable":true,"href":"https:\/\/www.greenpeace.org\/luxembourg\/fr\/wp-json\/wp\/v2\/media\/10539"}],"wp:attachment":[{"href":"https:\/\/www.greenpeace.org\/luxembourg\/fr\/wp-json\/wp\/v2\/media?parent=10527"}],"wp:term":[{"taxonomy":"category","embeddable":true,"href":"https:\/\/www.greenpeace.org\/luxembourg\/fr\/wp-json\/wp\/v2\/categories?post=10527"},{"taxonomy":"post_tag","embeddable":true,"href":"https:\/\/www.greenpeace.org\/luxembourg\/fr\/wp-json\/wp\/v2\/tags?post=10527"},{"taxonomy":"p4-page-type","embeddable":true,"href":"https:\/\/www.greenpeace.org\/luxembourg\/fr\/wp-json\/wp\/v2\/p4-page-type?post=10527"}],"curies":[{"name":"wp","href":"https:\/\/api.w.org\/{rel}","templated":true}]}}