{"id":10734,"date":"2021-02-08T15:19:25","date_gmt":"2021-02-08T13:19:25","guid":{"rendered":"https:\/\/www.greenpeace.org\/luxembourg\/?p=10734"},"modified":"2021-12-01T17:25:22","modified_gmt":"2021-12-01T15:25:22","slug":"la-strategie-de-finance-durable-doit-respecter-laccord-de-paris","status":"publish","type":"post","link":"https:\/\/www.greenpeace.org\/luxembourg\/fr\/communiques-de-presse\/10734\/la-strategie-de-finance-durable-doit-respecter-laccord-de-paris\/","title":{"rendered":"La strat\u00e9gie de finance durable doit respecter l\u2019accord de Paris"},"content":{"rendered":"\n<p><em>Luxembourg, 8 f\u00e9vrier 2021 &#8211; <\/em><strong>\u00c0 l&#8217;occasion de la pr\u00e9sentation de la <em>Luxembourg Sustainable Finance Strategy<\/em> (strat\u00e9gie de finance durable du Luxembourg) qui aura lieu demain, Greenpeace appelle le gouvernement et les acteurs financiers \u00e0 aligner les investissements du secteur financier luxembourgeois avec les objectifs de l&#8217;accord de Paris. Si l\u2019ONG salue le concept d&#8217;une strat\u00e9gie de financement durable, celle-ci est toutefois vou\u00e9e \u00e0 l\u2019\u00e9chec si elle ne vise pas \u00e0 aligner <strong>l\u2019industrie financi\u00e8re<\/strong> sur les objectifs de l&#8217;accord de Paris.<\/strong><\/p>\n\n<p>Lors de sa participation \u00e0 la consultation publique sur le projet de strat\u00e9gie fin 2020, Greenpeace Luxembourg avait soulign\u00e9 que celle-ci se concentrait principalement sur les produits financiers dits durables, bien qu&#8217;ils ne repr\u00e9sentent qu&#8217;une petite partie des activit\u00e9s d&#8217;investissement r\u00e9alis\u00e9es au Luxembourg. L\u2019ONG avait en outre indiqu\u00e9 que la strat\u00e9gie ne contenait pas d&#8217;objectifs ni de mesures ou de d\u00e9lais pr\u00e9cis pour mettre l&#8217;ensemble du secteur financier en conformit\u00e9 avec les objectifs de protection du climat<em>.<\/em><\/p>\n\n<p>Une \u00e9tude publi\u00e9e par Greenpeace fin janvier a r\u00e9v\u00e9l\u00e9 les effets n\u00e9fastes des actuelles pratiques d&#8217;investissement de l&#8217;industrie luxembourgeoise des fonds d\u2019investissement sur l&#8217;environnement. Le rapport a montr\u00e9 que les 100 plus grands fonds d&#8217;investissement du pays, dont ceux de Blackrock, Goldman Sachs et JP Morgan, financent des \u00e9missions de gaz \u00e0 effet de serre qui pourraient amener le r\u00e9chauffement climatique \u00e0 plus du double de la limite fix\u00e9e par l&#8217;accord de Paris [1].<\/p>\n\n<p>En r\u00e9action \u00e0 l&#8217;\u00e9tude de Greenpeace, l&#8217;Association luxembourgeoise des fonds d&#8217;investissement (ALFI) a notamment fait valoir que le probl\u00e8me ne pouvait \u00eatre r\u00e9solu qu&#8217;\u00e0 l&#8217;\u00e9chelle mondiale et que \u00ab<em> la transition vers une \u00e9conomie climatiquement neutre et r\u00e9sistante est un long voyage, et que nous n&#8217;en sommes qu&#8217;au d\u00e9but de ce processus<\/em> \u00bb [2].<\/p>\n\n<p>Or, le temps presse.<em> <\/em>\u00ab <em>Il ne nous reste qu&#8217;une dizaine d&#8217;ann\u00e9es pour pr\u00e9venir un changement climatique catastrophique<\/em> \u00bb<em>, <\/em>d\u00e9clare Martina Holbach, charg\u00e9e de campagne Climat et finances de Greenpeace Luxembourg.<em> <\/em>\u00ab <em>L&#8217;industrie luxembourgeoise des fonds d\u2019investissements, la deuxi\u00e8me au monde, doit relever ce d\u00e9fi. Le Luxembourg pourrait ainsi apporter une contribution globale \u00e0 la protection du climat<\/em> \u00bb<em>.<\/em><\/p>\n\n<p><br>En plus d&#8217;alimenter l&#8217;urgence climatique, le financement des secteurs \u00e0 forte intensit\u00e9 d&#8217;\u00e9missions repr\u00e9sente un risque important pour la place financi\u00e8re luxembourgeoise. Compte tenu de la baisse pr\u00e9visible de la demande du march\u00e9 pour ces actifs, il est pr\u00e9vu qu&#8217;ils perdent de la valeur dans un avenir proche. Les acteurs financiers qui ignorent cette tendance risquent de se retrouver avec des \u00ab actifs \u00e9chou\u00e9s \u00bb [3].<\/p>\n\n<p><br>\u00ab<em>Nous esp\u00e9rons que la strat\u00e9gie de financement durable du Luxembourg n&#8217;ignore pas les enjeux auxquels notre centre financier est confront\u00e9 <\/em>\u00bb, ajoute Martina Holbach. \u00ab <em>Attendre des solutions globales n&#8217;est pas seulement une perte de temps dans la lutte contre le changement climatique, cela signifie \u00e9galement que le Luxembourg raterait l&#8217;occasion d&#8217;acqu\u00e9rir un avantage concurrentiel par rapport aux autres march\u00e9s financiers en mati\u00e8re de solutions pour une finance verte<\/em> \u00bb.<\/p>\n\n<hr class=\"wp-block-separator\"\/>\n\n<p>[1] Retrouvez le rapport et les pi\u00e8ces compl\u00e9mentaires <a rel=\"noreferrer noopener\" href=\"https:\/\/www.greenpeace.org\/luxembourg\/fr\/rapports\/10588\/luxembourg-les-100-plus-grands-fonds-investissent-dans-le-changement-climatique\/\" target=\"_blank\">ici<\/a>.<\/p>\n\n<p>[2] Source : <a href=\"https:\/\/www.alfi.lu\/en-gb\/article\/sustainable-finance-and-investment-funds-what-are\" target=\"_blank\" rel=\"noreferrer noopener\">ALFI<\/a><\/p>\n\n<p>[3] Un actif \u00e9chou\u00e9 est une ressource dont la valeur ou le revenu s\u2019est effondr\u00e9, g\u00e9n\u00e9ralement \u00e0 la suite d&#8217;un changement externe, notamment de technologie, dans les habitudes sociales et ou\/de consommation. Le terme est surtout utilis\u00e9 \u00e0 l\u2019heure actuelle pour d\u00e9crire les ressources p\u00e9troli\u00e8res et gazi\u00e8res qui n&#8217;ont pas encore \u00e9t\u00e9 extraites, mais qui apparaissent comme des actifs dans les livres comptables des entreprises. Les compagnies p\u00e9troli\u00e8res et gazi\u00e8res subissent une pression croissante pour &#8220;laisser le p\u00e9trole dans le sol&#8221; et \u00e9viter de le br\u00fbler. Les scientifiques affirment que la combustion de ces r\u00e9serves d\u00e9passerait largement le budget carbone du monde, c&#8217;est-\u00e0-dire la quantit\u00e9 de gaz \u00e0 effet de serre qui peut \u00eatre \u00e9mise tout en restant dans les limites acceptables du r\u00e9chauffement climatique.<\/p>\n<div class=\"EmptyMessage\">Block content is empty. Check the block&#8217;s settings or remove it.<\/div>","protected":false},"excerpt":{"rendered":"<p>Greenpeace demande une Luxembourg Sustainable Finance Strategy align\u00e9e sur les objectifs de l&#8217;accord de Paris. <\/p>\n","protected":false},"author":31,"featured_media":10256,"comment_status":"closed","ping_status":"closed","sticky":false,"template":"","format":"standard","meta":{"ep_exclude_from_search":false,"p4_og_title":"","p4_og_description":"","p4_og_image":"","p4_og_image_id":"","p4_seo_canonical_url":"","p4_campaign_name":"not set","p4_local_project":"not set","p4_basket_name":"not set","p4_department":"","footnotes":""},"categories":[41,42,40],"tags":[32,35,95],"p4-page-type":[83],"class_list":["post-10734","post","type-post","status-publish","format-standard","has-post-thumbnail","hentry","category-climat","category-energie","category-enjeux","tag-luxembourg","tag-energiesfossiles","tag-secteurfinancier","p4-page-type-communiques-de-presse"],"yoast_head":"<!-- This site is optimized with the Yoast SEO Premium plugin v23.9 (Yoast SEO v23.9) - https:\/\/yoast.com\/wordpress\/plugins\/seo\/ -->\n<title>La strat\u00e9gie de finance durable doit respecter l\u2019accord de Paris - Greenpeace Luxembourg<\/title>\n<meta name=\"robots\" content=\"index, follow, max-snippet:-1, max-image-preview:large, max-video-preview:-1\" \/>\n<link rel=\"canonical\" href=\"https:\/\/www.greenpeace.org\/luxembourg\/fr\/communiques-de-presse\/10734\/la-strategie-de-finance-durable-doit-respecter-laccord-de-paris\/\" \/>\n<meta property=\"og:locale\" content=\"fr_FR\" \/>\n<meta property=\"og:type\" content=\"article\" \/>\n<meta property=\"og:title\" content=\"La strat\u00e9gie de finance durable doit respecter l\u2019accord de Paris\" \/>\n<meta property=\"og:description\" content=\"Greenpeace demande une Luxembourg Sustainable Finance Strategy align\u00e9e sur les objectifs de l&#039;accord de Paris.\" \/>\n<meta property=\"og:url\" content=\"https:\/\/www.greenpeace.org\/luxembourg\/fr\/communiques-de-presse\/10734\/la-strategie-de-finance-durable-doit-respecter-laccord-de-paris\/\" \/>\n<meta property=\"og:site_name\" content=\"Greenpeace Luxembourg\" \/>\n<meta property=\"article:publisher\" content=\"https:\/\/www.facebook.com\/greenpeaceluxembourg\" \/>\n<meta property=\"article:published_time\" content=\"2021-02-08T13:19:25+00:00\" \/>\n<meta property=\"article:modified_time\" content=\"2021-12-01T15:25:22+00:00\" \/>\n<meta property=\"og:image\" content=\"https:\/\/www.greenpeace.org\/static\/planet4-luxembourg-stateless\/f1ac05cc-gp0storve.jpg\" \/>\n\t<meta property=\"og:image:width\" content=\"1200\" \/>\n\t<meta property=\"og:image:height\" content=\"800\" \/>\n\t<meta property=\"og:image:type\" content=\"image\/jpeg\" \/>\n<meta name=\"author\" content=\"Myriam Wecker\" \/>\n<meta name=\"twitter:card\" content=\"summary_large_image\" \/>\n<meta name=\"twitter:label1\" content=\"Written by\" \/>\n\t<meta name=\"twitter:data1\" content=\"Myriam Wecker\" \/>\n\t<meta name=\"twitter:label2\" content=\"Est. reading time\" \/>\n\t<meta name=\"twitter:data2\" content=\"3 minutes\" \/>\n<script type=\"application\/ld+json\" class=\"yoast-schema-graph\">{\"@context\":\"https:\/\/schema.org\",\"@graph\":[{\"@type\":\"Article\",\"@id\":\"https:\/\/www.greenpeace.org\/luxembourg\/fr\/communiques-de-presse\/10734\/la-strategie-de-finance-durable-doit-respecter-laccord-de-paris\/#article\",\"isPartOf\":{\"@id\":\"https:\/\/www.greenpeace.org\/luxembourg\/fr\/communiques-de-presse\/10734\/la-strategie-de-finance-durable-doit-respecter-laccord-de-paris\/\"},\"author\":{\"name\":\"Myriam Wecker\",\"@id\":\"https:\/\/www.greenpeace.org\/luxembourg\/fr\/#\/schema\/person\/c2ae6002b8ed18c00be0c6b320eea776\"},\"headline\":\"La strat\u00e9gie de finance durable doit respecter l\u2019accord de Paris\",\"datePublished\":\"2021-02-08T13:19:25+00:00\",\"dateModified\":\"2021-12-01T15:25:22+00:00\",\"mainEntityOfPage\":{\"@id\":\"https:\/\/www.greenpeace.org\/luxembourg\/fr\/communiques-de-presse\/10734\/la-strategie-de-finance-durable-doit-respecter-laccord-de-paris\/\"},\"wordCount\":697,\"publisher\":{\"@id\":\"https:\/\/www.greenpeace.org\/luxembourg\/fr\/#organization\"},\"image\":{\"@id\":\"https:\/\/www.greenpeace.org\/luxembourg\/fr\/communiques-de-presse\/10734\/la-strategie-de-finance-durable-doit-respecter-laccord-de-paris\/#primaryimage\"},\"thumbnailUrl\":\"https:\/\/www.greenpeace.org\/static\/planet4-luxembourg-stateless\/f1ac05cc-gp0storve.jpg\",\"keywords\":[\"Luxembourg\",\"EnergiesFossiles\",\"SecteurFinancier\"],\"articleSection\":[\"Climat\",\"\u00c9nergie\",\"Les enjeux\"],\"inLanguage\":\"fr-LU\"},{\"@type\":\"WebPage\",\"@id\":\"https:\/\/www.greenpeace.org\/luxembourg\/fr\/communiques-de-presse\/10734\/la-strategie-de-finance-durable-doit-respecter-laccord-de-paris\/\",\"url\":\"https:\/\/www.greenpeace.org\/luxembourg\/fr\/communiques-de-presse\/10734\/la-strategie-de-finance-durable-doit-respecter-laccord-de-paris\/\",\"name\":\"La strat\u00e9gie de finance durable doit respecter l\u2019accord de Paris - Greenpeace Luxembourg\",\"isPartOf\":{\"@id\":\"https:\/\/www.greenpeace.org\/luxembourg\/fr\/#website\"},\"primaryImageOfPage\":{\"@id\":\"https:\/\/www.greenpeace.org\/luxembourg\/fr\/communiques-de-presse\/10734\/la-strategie-de-finance-durable-doit-respecter-laccord-de-paris\/#primaryimage\"},\"image\":{\"@id\":\"https:\/\/www.greenpeace.org\/luxembourg\/fr\/communiques-de-presse\/10734\/la-strategie-de-finance-durable-doit-respecter-laccord-de-paris\/#primaryimage\"},\"thumbnailUrl\":\"https:\/\/www.greenpeace.org\/static\/planet4-luxembourg-stateless\/f1ac05cc-gp0storve.jpg\",\"datePublished\":\"2021-02-08T13:19:25+00:00\",\"dateModified\":\"2021-12-01T15:25:22+00:00\",\"breadcrumb\":{\"@id\":\"https:\/\/www.greenpeace.org\/luxembourg\/fr\/communiques-de-presse\/10734\/la-strategie-de-finance-durable-doit-respecter-laccord-de-paris\/#breadcrumb\"},\"inLanguage\":\"fr-LU\",\"potentialAction\":[{\"@type\":\"ReadAction\",\"target\":[\"https:\/\/www.greenpeace.org\/luxembourg\/fr\/communiques-de-presse\/10734\/la-strategie-de-finance-durable-doit-respecter-laccord-de-paris\/\"]}]},{\"@type\":\"ImageObject\",\"inLanguage\":\"fr-LU\",\"@id\":\"https:\/\/www.greenpeace.org\/luxembourg\/fr\/communiques-de-presse\/10734\/la-strategie-de-finance-durable-doit-respecter-laccord-de-paris\/#primaryimage\",\"url\":\"https:\/\/www.greenpeace.org\/static\/planet4-luxembourg-stateless\/f1ac05cc-gp0storve.jpg\",\"contentUrl\":\"https:\/\/www.greenpeace.org\/static\/planet4-luxembourg-stateless\/f1ac05cc-gp0storve.jpg\",\"width\":1200,\"height\":800,\"caption\":\"Thick yellow smoke produced by oxygen cutting at the Wen'an steel plant in Wu'an gives off a pungent stench. Air pollution has become one of the most severe environmental problems in mainland China.\"},{\"@type\":\"BreadcrumbList\",\"@id\":\"https:\/\/www.greenpeace.org\/luxembourg\/fr\/communiques-de-presse\/10734\/la-strategie-de-finance-durable-doit-respecter-laccord-de-paris\/#breadcrumb\",\"itemListElement\":[{\"@type\":\"ListItem\",\"position\":1,\"name\":\"Home\",\"item\":\"https:\/\/www.greenpeace.org\/luxembourg\/fr\/\"},{\"@type\":\"ListItem\",\"position\":2,\"name\":\"La strat\u00e9gie de finance durable doit respecter l\u2019accord de Paris\"}]},{\"@type\":\"WebSite\",\"@id\":\"https:\/\/www.greenpeace.org\/luxembourg\/fr\/#website\",\"url\":\"https:\/\/www.greenpeace.org\/luxembourg\/fr\/\",\"name\":\"Greenpeace Luxembourg\",\"description\":\"Greenpeace existe parce que cette Terre fragile a besoin d&#039;une voix. Elle a besoin de solutions. De changement. D&#039;actions.\",\"publisher\":{\"@id\":\"https:\/\/www.greenpeace.org\/luxembourg\/fr\/#organization\"},\"potentialAction\":[{\"@type\":\"SearchAction\",\"target\":{\"@type\":\"EntryPoint\",\"urlTemplate\":\"https:\/\/www.greenpeace.org\/luxembourg\/fr\/?s={search_term_string}\"},\"query-input\":{\"@type\":\"PropertyValueSpecification\",\"valueRequired\":true,\"valueName\":\"search_term_string\"}}],\"inLanguage\":\"fr-LU\"},{\"@type\":\"Organization\",\"@id\":\"https:\/\/www.greenpeace.org\/luxembourg\/fr\/#organization\",\"name\":\"Greenpeace Luxembourg\",\"url\":\"https:\/\/www.greenpeace.org\/luxembourg\/fr\/\",\"logo\":{\"@type\":\"ImageObject\",\"inLanguage\":\"fr-LU\",\"@id\":\"https:\/\/www.greenpeace.org\/luxembourg\/fr\/#\/schema\/logo\/image\/\",\"url\":\"https:\/\/www.greenpeace.org\/static\/planet4-luxembourg-stateless\/2026\/03\/3e367f94-greenpeace_logo_green_rgb.png\",\"contentUrl\":\"https:\/\/www.greenpeace.org\/static\/planet4-luxembourg-stateless\/2026\/03\/3e367f94-greenpeace_logo_green_rgb.png\",\"width\":1080,\"height\":175,\"caption\":\"Greenpeace Luxembourg\"},\"image\":{\"@id\":\"https:\/\/www.greenpeace.org\/luxembourg\/fr\/#\/schema\/logo\/image\/\"},\"sameAs\":[\"https:\/\/www.facebook.com\/greenpeaceluxembourg\",\"https:\/\/www.instagram.com\/greenpeacelux\/\",\"https:\/\/www.linkedin.com\/company\/greenpeace-luxembourg\/\",\"https:\/\/www.threads.com\/@greenpeacelux\",\"https:\/\/bsky.app\/profile\/greenpeacelux.bsky.social\",\"https:\/\/www.youtube.com\/@GreenpeaceLux\",\"https:\/\/www.tiktok.com\/@greenpeace_lux\"]},{\"@type\":\"Person\",\"@id\":\"https:\/\/www.greenpeace.org\/luxembourg\/fr\/#\/schema\/person\/c2ae6002b8ed18c00be0c6b320eea776\",\"name\":\"Myriam Wecker\",\"url\":\"https:\/\/www.greenpeace.org\/luxembourg\/fr\/author\/mwecker\/\"}]}<\/script>\n<!-- \/ Yoast SEO Premium plugin. -->","yoast_head_json":{"title":"La strat\u00e9gie de finance durable doit respecter l\u2019accord de Paris - Greenpeace Luxembourg","robots":{"index":"index","follow":"follow","max-snippet":"max-snippet:-1","max-image-preview":"max-image-preview:large","max-video-preview":"max-video-preview:-1"},"canonical":"https:\/\/www.greenpeace.org\/luxembourg\/fr\/communiques-de-presse\/10734\/la-strategie-de-finance-durable-doit-respecter-laccord-de-paris\/","og_locale":"fr_FR","og_type":"article","og_title":"La strat\u00e9gie de finance durable doit respecter l\u2019accord de Paris","og_description":"Greenpeace demande une Luxembourg Sustainable Finance Strategy align\u00e9e sur les objectifs de l'accord de Paris.","og_url":"https:\/\/www.greenpeace.org\/luxembourg\/fr\/communiques-de-presse\/10734\/la-strategie-de-finance-durable-doit-respecter-laccord-de-paris\/","og_site_name":"Greenpeace Luxembourg","article_publisher":"https:\/\/www.facebook.com\/greenpeaceluxembourg","article_published_time":"2021-02-08T13:19:25+00:00","article_modified_time":"2021-12-01T15:25:22+00:00","og_image":[{"width":1200,"height":800,"url":"https:\/\/www.greenpeace.org\/static\/planet4-luxembourg-stateless\/f1ac05cc-gp0storve.jpg","type":"image\/jpeg"}],"author":"Myriam Wecker","twitter_card":"summary_large_image","twitter_misc":{"Written by":"Myriam Wecker","Est. reading time":"3 minutes"},"schema":{"@context":"https:\/\/schema.org","@graph":[{"@type":"Article","@id":"https:\/\/www.greenpeace.org\/luxembourg\/fr\/communiques-de-presse\/10734\/la-strategie-de-finance-durable-doit-respecter-laccord-de-paris\/#article","isPartOf":{"@id":"https:\/\/www.greenpeace.org\/luxembourg\/fr\/communiques-de-presse\/10734\/la-strategie-de-finance-durable-doit-respecter-laccord-de-paris\/"},"author":{"name":"Myriam Wecker","@id":"https:\/\/www.greenpeace.org\/luxembourg\/fr\/#\/schema\/person\/c2ae6002b8ed18c00be0c6b320eea776"},"headline":"La strat\u00e9gie de finance durable doit respecter l\u2019accord de Paris","datePublished":"2021-02-08T13:19:25+00:00","dateModified":"2021-12-01T15:25:22+00:00","mainEntityOfPage":{"@id":"https:\/\/www.greenpeace.org\/luxembourg\/fr\/communiques-de-presse\/10734\/la-strategie-de-finance-durable-doit-respecter-laccord-de-paris\/"},"wordCount":697,"publisher":{"@id":"https:\/\/www.greenpeace.org\/luxembourg\/fr\/#organization"},"image":{"@id":"https:\/\/www.greenpeace.org\/luxembourg\/fr\/communiques-de-presse\/10734\/la-strategie-de-finance-durable-doit-respecter-laccord-de-paris\/#primaryimage"},"thumbnailUrl":"https:\/\/www.greenpeace.org\/static\/planet4-luxembourg-stateless\/f1ac05cc-gp0storve.jpg","keywords":["Luxembourg","EnergiesFossiles","SecteurFinancier"],"articleSection":["Climat","\u00c9nergie","Les enjeux"],"inLanguage":"fr-LU"},{"@type":"WebPage","@id":"https:\/\/www.greenpeace.org\/luxembourg\/fr\/communiques-de-presse\/10734\/la-strategie-de-finance-durable-doit-respecter-laccord-de-paris\/","url":"https:\/\/www.greenpeace.org\/luxembourg\/fr\/communiques-de-presse\/10734\/la-strategie-de-finance-durable-doit-respecter-laccord-de-paris\/","name":"La strat\u00e9gie de finance durable doit respecter l\u2019accord de Paris - Greenpeace Luxembourg","isPartOf":{"@id":"https:\/\/www.greenpeace.org\/luxembourg\/fr\/#website"},"primaryImageOfPage":{"@id":"https:\/\/www.greenpeace.org\/luxembourg\/fr\/communiques-de-presse\/10734\/la-strategie-de-finance-durable-doit-respecter-laccord-de-paris\/#primaryimage"},"image":{"@id":"https:\/\/www.greenpeace.org\/luxembourg\/fr\/communiques-de-presse\/10734\/la-strategie-de-finance-durable-doit-respecter-laccord-de-paris\/#primaryimage"},"thumbnailUrl":"https:\/\/www.greenpeace.org\/static\/planet4-luxembourg-stateless\/f1ac05cc-gp0storve.jpg","datePublished":"2021-02-08T13:19:25+00:00","dateModified":"2021-12-01T15:25:22+00:00","breadcrumb":{"@id":"https:\/\/www.greenpeace.org\/luxembourg\/fr\/communiques-de-presse\/10734\/la-strategie-de-finance-durable-doit-respecter-laccord-de-paris\/#breadcrumb"},"inLanguage":"fr-LU","potentialAction":[{"@type":"ReadAction","target":["https:\/\/www.greenpeace.org\/luxembourg\/fr\/communiques-de-presse\/10734\/la-strategie-de-finance-durable-doit-respecter-laccord-de-paris\/"]}]},{"@type":"ImageObject","inLanguage":"fr-LU","@id":"https:\/\/www.greenpeace.org\/luxembourg\/fr\/communiques-de-presse\/10734\/la-strategie-de-finance-durable-doit-respecter-laccord-de-paris\/#primaryimage","url":"https:\/\/www.greenpeace.org\/static\/planet4-luxembourg-stateless\/f1ac05cc-gp0storve.jpg","contentUrl":"https:\/\/www.greenpeace.org\/static\/planet4-luxembourg-stateless\/f1ac05cc-gp0storve.jpg","width":1200,"height":800,"caption":"Thick yellow smoke produced by oxygen cutting at the Wen'an steel plant in Wu'an gives off a pungent stench. Air pollution has become one of the most severe environmental problems in mainland China."},{"@type":"BreadcrumbList","@id":"https:\/\/www.greenpeace.org\/luxembourg\/fr\/communiques-de-presse\/10734\/la-strategie-de-finance-durable-doit-respecter-laccord-de-paris\/#breadcrumb","itemListElement":[{"@type":"ListItem","position":1,"name":"Home","item":"https:\/\/www.greenpeace.org\/luxembourg\/fr\/"},{"@type":"ListItem","position":2,"name":"La strat\u00e9gie de finance durable doit respecter l\u2019accord de Paris"}]},{"@type":"WebSite","@id":"https:\/\/www.greenpeace.org\/luxembourg\/fr\/#website","url":"https:\/\/www.greenpeace.org\/luxembourg\/fr\/","name":"Greenpeace Luxembourg","description":"Greenpeace existe parce que cette Terre fragile a besoin d&#039;une voix. Elle a besoin de solutions. De changement. D&#039;actions.","publisher":{"@id":"https:\/\/www.greenpeace.org\/luxembourg\/fr\/#organization"},"potentialAction":[{"@type":"SearchAction","target":{"@type":"EntryPoint","urlTemplate":"https:\/\/www.greenpeace.org\/luxembourg\/fr\/?s={search_term_string}"},"query-input":{"@type":"PropertyValueSpecification","valueRequired":true,"valueName":"search_term_string"}}],"inLanguage":"fr-LU"},{"@type":"Organization","@id":"https:\/\/www.greenpeace.org\/luxembourg\/fr\/#organization","name":"Greenpeace Luxembourg","url":"https:\/\/www.greenpeace.org\/luxembourg\/fr\/","logo":{"@type":"ImageObject","inLanguage":"fr-LU","@id":"https:\/\/www.greenpeace.org\/luxembourg\/fr\/#\/schema\/logo\/image\/","url":"https:\/\/www.greenpeace.org\/static\/planet4-luxembourg-stateless\/2026\/03\/3e367f94-greenpeace_logo_green_rgb.png","contentUrl":"https:\/\/www.greenpeace.org\/static\/planet4-luxembourg-stateless\/2026\/03\/3e367f94-greenpeace_logo_green_rgb.png","width":1080,"height":175,"caption":"Greenpeace Luxembourg"},"image":{"@id":"https:\/\/www.greenpeace.org\/luxembourg\/fr\/#\/schema\/logo\/image\/"},"sameAs":["https:\/\/www.facebook.com\/greenpeaceluxembourg","https:\/\/www.instagram.com\/greenpeacelux\/","https:\/\/www.linkedin.com\/company\/greenpeace-luxembourg\/","https:\/\/www.threads.com\/@greenpeacelux","https:\/\/bsky.app\/profile\/greenpeacelux.bsky.social","https:\/\/www.youtube.com\/@GreenpeaceLux","https:\/\/www.tiktok.com\/@greenpeace_lux"]},{"@type":"Person","@id":"https:\/\/www.greenpeace.org\/luxembourg\/fr\/#\/schema\/person\/c2ae6002b8ed18c00be0c6b320eea776","name":"Myriam Wecker","url":"https:\/\/www.greenpeace.org\/luxembourg\/fr\/author\/mwecker\/"}]}},"_links":{"self":[{"href":"https:\/\/www.greenpeace.org\/luxembourg\/fr\/wp-json\/wp\/v2\/posts\/10734","targetHints":{"allow":["GET"]}}],"collection":[{"href":"https:\/\/www.greenpeace.org\/luxembourg\/fr\/wp-json\/wp\/v2\/posts"}],"about":[{"href":"https:\/\/www.greenpeace.org\/luxembourg\/fr\/wp-json\/wp\/v2\/types\/post"}],"author":[{"embeddable":true,"href":"https:\/\/www.greenpeace.org\/luxembourg\/fr\/wp-json\/wp\/v2\/users\/31"}],"replies":[{"embeddable":true,"href":"https:\/\/www.greenpeace.org\/luxembourg\/fr\/wp-json\/wp\/v2\/comments?post=10734"}],"version-history":[{"count":7,"href":"https:\/\/www.greenpeace.org\/luxembourg\/fr\/wp-json\/wp\/v2\/posts\/10734\/revisions"}],"predecessor-version":[{"id":12870,"href":"https:\/\/www.greenpeace.org\/luxembourg\/fr\/wp-json\/wp\/v2\/posts\/10734\/revisions\/12870"}],"wp:featuredmedia":[{"embeddable":true,"href":"https:\/\/www.greenpeace.org\/luxembourg\/fr\/wp-json\/wp\/v2\/media\/10256"}],"wp:attachment":[{"href":"https:\/\/www.greenpeace.org\/luxembourg\/fr\/wp-json\/wp\/v2\/media?parent=10734"}],"wp:term":[{"taxonomy":"category","embeddable":true,"href":"https:\/\/www.greenpeace.org\/luxembourg\/fr\/wp-json\/wp\/v2\/categories?post=10734"},{"taxonomy":"post_tag","embeddable":true,"href":"https:\/\/www.greenpeace.org\/luxembourg\/fr\/wp-json\/wp\/v2\/tags?post=10734"},{"taxonomy":"p4-page-type","embeddable":true,"href":"https:\/\/www.greenpeace.org\/luxembourg\/fr\/wp-json\/wp\/v2\/p4-page-type?post=10734"}],"curies":[{"name":"wp","href":"https:\/\/api.w.org\/{rel}","templated":true}]}}