{"id":10868,"date":"2021-03-03T12:09:16","date_gmt":"2021-03-03T10:09:16","guid":{"rendered":"https:\/\/www.greenpeace.org\/luxembourg\/?p=10868"},"modified":"2021-12-01T17:25:06","modified_gmt":"2021-12-01T15:25:06","slug":"lecons-non-tirees-de-laccident-de-fukushima-risques-des-centrales-nucleaires-europeennes-10-ans-plus-tard","status":"publish","type":"post","link":"https:\/\/www.greenpeace.org\/luxembourg\/fr\/communiques-de-presse\/10868\/lecons-non-tirees-de-laccident-de-fukushima-risques-des-centrales-nucleaires-europeennes-10-ans-plus-tard\/","title":{"rendered":"Le\u00e7ons non tir\u00e9es de l&#8217;accident de Fukushima &#8211; Risques des centrales nucl\u00e9aires europ\u00e9ennes 10 ans plus tard"},"content":{"rendered":"\n<p><em>Luxembourg, <\/em>3 mars 2021 &#8211; Suite \u00e0 la catastrophe nucl\u00e9aire de Fukushima le 11 mars 2011, l&#8217;ENSREG, le groupe des r\u00e9gulateur\u00b7ices europ\u00e9en\u00b7nes de s\u00fbret\u00e9 nucl\u00e9aire, avait demand\u00e9 \u00e0 tou\u00b7tes les exploitant\u00b7es de centrales nucl\u00e9aires de l&#8217;UE de revoir la r\u00e9ponse de leurs sites aux situations extr\u00eames. Il \u00e9tait notamment question de v\u00e9rifier et d\u2019am\u00e9liorer les mesures d&#8217;att\u00e9nuation disponibles apr\u00e8s une perte potentielle des fonctions de s\u00fbret\u00e9, peu importe la cause. Suite \u00e0 ces analyses (les \u00e9valuations compl\u00e9mentaires de s\u00fbret\u00e9) les r\u00e9gulateur\u00b7ices ont fix\u00e9 des prescriptions \u00e0 mettre en \u0153uvre pour optimiser la s\u00fbret\u00e9 des centrales.<\/p>\n\n<p>Greenpeace d\u00e9voile aujourd\u2019hui une analyse [1] de l\u2019experte allemande Oda Becker sur la mise en \u0153uvre de ces mesures. Cette \u00e9tude analyse en profondeur les recommandations de l\u2019ENSREG ainsi que l\u2019\u00e9tat actuel de 11 centrales nucl\u00e9aires [2] en Europe. Le bilan donne \u00e0 r\u00e9fl\u00e9chir&nbsp;: la quasi-totalit\u00e9 des efforts des exploitant\u00b7es des centrales nucl\u00e9aires a \u00e9t\u00e9 consacr\u00e9e \u00e0 faire barrage \u00e0 la mise en \u0153uvre du strict n\u00e9cessaire pour \u00e9viter une catastrophe telle que celle de Fukushima.. Dans certains pays, les mesures n\u2019ont pas \u00e9t\u00e9 appliqu\u00e9es du tout, car trop co\u00fbteuses selon les op\u00e9rateurs.&nbsp;<\/p>\n\n<p>Les tests de r\u00e9sistance de l&#8217;UE ont fourni des lignes directrices et des recommandations claires, mais les autorit\u00e9s responsables ont permis aux centrales nucl\u00e9aires de continuer \u00e0 fonctionner pendant dix ans sans mises \u00e0 niveau, et celles-ci ne sont m\u00eame pas pr\u00e9vues dans un avenir proche.<\/p>\n\n<p>\u00ab&nbsp;<em>Dix ans apr\u00e8s la catastrophe de Fukushima, les r\u00e9acteurs europ\u00e9en n\u2019atteignent pas le niveau de s\u00fbret\u00e9 suffisant pour leur permettre d\u2019\u00eatre exploit\u00e9s au-del\u00e0 de quarante ans. Les op\u00e9rateurs n\u2019ont pas fait assez d\u2019efforts pour emp\u00eacher un Fukushima en Europe.<\/em>&nbsp;\u00bb conclut Roger Spautz, charg\u00e9 de campagne nucl\u00e9aire de Greenpeace.<\/p>\n\n<hr class=\"wp-block-separator\"\/>\n\n<p><strong>Notes aux r\u00e9dactions :&nbsp;<\/strong><\/p>\n\n<p>[1] L&#8217;\u00e9tude compl\u00e8te est disponible <a href=\"https:\/\/www.greenpeace.org\/static\/planet4-luxembourg-stateless\/2021\/03\/a915b1f1-lessons-not-learned-from-the-fukushima-accident-full-study.pdf\">ici<\/a>.\u00a0Des versions courtes de l\u2019analyse de Greenpeace en <a href=\"https:\/\/www.greenpeace.org\/static\/planet4-luxembourg-stateless\/2021\/03\/af9ea9df-study-lessons-not-learned-from-the-fukushima-accident-short-version.pdf\">anglais<\/a> et en <a href=\"https:\/\/www.greenpeace.org\/static\/planet4-luxembourg-stateless\/2021\/03\/cd8b7fc0-rapport-lec\u0327ons-non-tire\u0301es-de-fukushima-version-courte.pdf\">fran\u00e7ais<\/a> sont \u00e9galement disponibles.<\/p>\n\n<p>[2] Almaraz (Espagne), Mochovce (Slovaquie), Temelin (R\u00e9publique Tch\u00e8que), Kr\u0161ko (Slov\u00e9nie), Ringhals (Su\u00e8de), Doel et Tihange (Belgique), Beznau (Suisse), Gravelines et Cattenom (France), Gundremmingen (Allemagne)<\/p>\n\t\t\t<section\n\t\t\tclass=\"boxout post-428 \"\n\t\t\t\n\t\t>\n\t\t\t<a\n\t\t\t\tdata-ga-category=\"Take Action Boxout\"\n\t\t\t\tdata-ga-action=\"Image\"\n\t\t\t\tdata-ga-label=\"n\/a\"\n\t\t\t\tclass=\"cover-card-overlay\"\n\t\t\t\thref=\"https:\/\/www.greenpeace.org\/luxembourg\/fr\/agir\/exigeons-la-fin-du-nucleaire\/\" \n\t\t\t><\/a>\n\t\t\t\t\t\t\t<img\n\t\t\t\t\t\tsrc=\"https:\/\/www.greenpeace.org\/static\/planet4-luxembourg-stateless\/2020\/07\/e0610c64-nuclear_waste.jpg\"\n\t\t\t\t\t\tsrcset=\"https:\/\/www.greenpeace.org\/static\/planet4-luxembourg-stateless\/2020\/07\/e0610c64-nuclear_waste-300x199.jpg 300w, https:\/\/www.greenpeace.org\/static\/planet4-luxembourg-stateless\/2020\/07\/e0610c64-nuclear_waste-768x510.jpg 768w, https:\/\/www.greenpeace.org\/static\/planet4-luxembourg-stateless\/2020\/07\/e0610c64-nuclear_waste-510x338.jpg 510w, https:\/\/www.greenpeace.org\/static\/planet4-luxembourg-stateless\/2020\/07\/e0610c64-nuclear_waste.jpg 999w\"\n\t\t\t\t\t\tsizes=\"(min-width: 1000px) 358px, (min-width: 780px) 313px, 88px\"\n\t\t\t\t\t\talt=\"\" title=\"\"\n\t\t\t\t\/>\n            \t\t\t<div class=\"boxout-content\">\n\t\t\t\t\t\t\t\t\t<a\n\t\t\t\t\t\tclass=\"boxout-heading medium\"\n\t\t\t\t\t\tdata-ga-category=\"Take Action Boxout\"\n\t\t\t\t\t\tdata-ga-action=\"Title\"\n\t\t\t\t\t\tdata-ga-label=\"n\/a\"\n\t\t\t\t\t\thref=\"https:\/\/www.greenpeace.org\/luxembourg\/fr\/agir\/exigeons-la-fin-du-nucleaire\/\"\n\t\t\t\t\t\t\n\t\t\t\t\t>\n\t\t\t\t\t\t\u00c9xigeons la fin du nucl\u00e9aire\n\t\t\t\t\t<\/a>\n\t\t\t\t\t\t\t\t\t\t\t\t\t<p class=\"boxout-excerpt\">Le risque Z\u00e9ro n\u2019existe pas.\nFissures, fragilit\u00e9 des structures, anomalies de construction, les installations nous r\u00e9servent chaque fois plus de surprises et les d\u00e9chets sont ing\u00e9rables. <\/p>\n\t\t\t\t                                    <a\n                        class=\"btn btn-primary\"\n                        data-ga-category=\"Take Action Boxout\"\n                        data-ga-action=\"Call to Action\"\n                        data-ga-label=\"n\/a\"\n                        href=\"https:\/\/www.greenpeace.org\/luxembourg\/fr\/agir\/exigeons-la-fin-du-nucleaire\/\"\n                        \n                    >\n                        S&#039;engager\n                    <\/a>\n                \t\t\t<\/div>\n\t\t\t\t\t<\/section>\n\t","protected":false},"excerpt":{"rendered":"<p>Suite \u00e0 la catastrophe nucl\u00e9aire de Fukushima le 11 mars 2011, l&#8217;ENSREG, le groupe des r\u00e9gulateur\u00b7ices europ\u00e9en\u00b7nes de s\u00fbret\u00e9 nucl\u00e9aire, avait demand\u00e9 \u00e0 tou\u00b7tes les exploitant\u00b7es de&#8230;<\/p>\n","protected":false},"author":25,"featured_media":10859,"comment_status":"closed","ping_status":"closed","sticky":false,"template":"","format":"standard","meta":{"ep_exclude_from_search":false,"p4_og_title":"","p4_og_description":"","p4_og_image":"","p4_og_image_id":"","p4_seo_canonical_url":"","p4_campaign_name":"not set","p4_local_project":"not set","p4_basket_name":"not set","p4_department":"","footnotes":""},"categories":[42],"tags":[30],"p4-page-type":[83],"class_list":["post-10868","post","type-post","status-publish","format-standard","has-post-thumbnail","hentry","category-energie","tag-nucleaire","p4-page-type-communiques-de-presse"],"yoast_head":"<!-- This site is optimized with the Yoast SEO Premium plugin v23.9 (Yoast SEO v23.9) - https:\/\/yoast.com\/wordpress\/plugins\/seo\/ -->\n<title>Le\u00e7ons non tir\u00e9es de l&#039;accident de Fukushima - Risques des centrales nucl\u00e9aires europ\u00e9ennes 10 ans plus tard - Greenpeace Luxembourg<\/title>\n<meta name=\"robots\" content=\"index, follow, max-snippet:-1, max-image-preview:large, max-video-preview:-1\" \/>\n<link rel=\"canonical\" href=\"https:\/\/www.greenpeace.org\/luxembourg\/fr\/communiques-de-presse\/10868\/lecons-non-tirees-de-laccident-de-fukushima-risques-des-centrales-nucleaires-europeennes-10-ans-plus-tard\/\" \/>\n<meta property=\"og:locale\" content=\"fr_FR\" \/>\n<meta property=\"og:type\" content=\"article\" \/>\n<meta property=\"og:title\" content=\"Le\u00e7ons non tir\u00e9es de l&#039;accident de Fukushima - Risques des centrales nucl\u00e9aires europ\u00e9ennes 10 ans plus tard\" \/>\n<meta property=\"og:description\" content=\"Suite \u00e0 la catastrophe nucl\u00e9aire de Fukushima le 11 mars 2011, l&#039;ENSREG, le groupe des r\u00e9gulateur\u00b7ices europ\u00e9en\u00b7nes de s\u00fbret\u00e9 nucl\u00e9aire, avait demand\u00e9 \u00e0 tou\u00b7tes les exploitant\u00b7es de...\" \/>\n<meta property=\"og:url\" content=\"https:\/\/www.greenpeace.org\/luxembourg\/fr\/communiques-de-presse\/10868\/lecons-non-tirees-de-laccident-de-fukushima-risques-des-centrales-nucleaires-europeennes-10-ans-plus-tard\/\" \/>\n<meta property=\"og:site_name\" content=\"Greenpeace Luxembourg\" \/>\n<meta property=\"article:publisher\" content=\"https:\/\/www.facebook.com\/greenpeaceluxembourg\" \/>\n<meta property=\"article:published_time\" content=\"2021-03-03T10:09:16+00:00\" \/>\n<meta property=\"article:modified_time\" content=\"2021-12-01T15:25:06+00:00\" \/>\n<meta property=\"og:image\" content=\"https:\/\/www.greenpeace.org\/static\/planet4-luxembourg-stateless\/2021\/03\/62d947fb-gp0stpnud_web_size_with_credit_line.jpg\" \/>\n\t<meta property=\"og:image:width\" content=\"800\" \/>\n\t<meta property=\"og:image:height\" content=\"443\" \/>\n\t<meta property=\"og:image:type\" content=\"image\/jpeg\" \/>\n<meta name=\"author\" content=\"Esther Wildanger\" \/>\n<meta name=\"twitter:card\" content=\"summary_large_image\" \/>\n<meta name=\"twitter:label1\" content=\"Written by\" \/>\n\t<meta name=\"twitter:data1\" content=\"Esther Wildanger\" \/>\n\t<meta name=\"twitter:label2\" content=\"Est. reading time\" \/>\n\t<meta name=\"twitter:data2\" content=\"2 minutes\" \/>\n<script type=\"application\/ld+json\" class=\"yoast-schema-graph\">{\"@context\":\"https:\/\/schema.org\",\"@graph\":[{\"@type\":\"Article\",\"@id\":\"https:\/\/www.greenpeace.org\/luxembourg\/fr\/communiques-de-presse\/10868\/lecons-non-tirees-de-laccident-de-fukushima-risques-des-centrales-nucleaires-europeennes-10-ans-plus-tard\/#article\",\"isPartOf\":{\"@id\":\"https:\/\/www.greenpeace.org\/luxembourg\/fr\/communiques-de-presse\/10868\/lecons-non-tirees-de-laccident-de-fukushima-risques-des-centrales-nucleaires-europeennes-10-ans-plus-tard\/\"},\"author\":{\"name\":\"Esther Wildanger\",\"@id\":\"https:\/\/www.greenpeace.org\/luxembourg\/fr\/#\/schema\/person\/3d0e81a859b59009fec36a8552ef76a7\"},\"headline\":\"Le\u00e7ons non tir\u00e9es de l&#8217;accident de Fukushima &#8211; Risques des centrales nucl\u00e9aires europ\u00e9ennes 10 ans plus tard\",\"datePublished\":\"2021-03-03T10:09:16+00:00\",\"dateModified\":\"2021-12-01T15:25:06+00:00\",\"mainEntityOfPage\":{\"@id\":\"https:\/\/www.greenpeace.org\/luxembourg\/fr\/communiques-de-presse\/10868\/lecons-non-tirees-de-laccident-de-fukushima-risques-des-centrales-nucleaires-europeennes-10-ans-plus-tard\/\"},\"wordCount\":408,\"publisher\":{\"@id\":\"https:\/\/www.greenpeace.org\/luxembourg\/fr\/#organization\"},\"image\":{\"@id\":\"https:\/\/www.greenpeace.org\/luxembourg\/fr\/communiques-de-presse\/10868\/lecons-non-tirees-de-laccident-de-fukushima-risques-des-centrales-nucleaires-europeennes-10-ans-plus-tard\/#primaryimage\"},\"thumbnailUrl\":\"https:\/\/www.greenpeace.org\/static\/planet4-luxembourg-stateless\/2021\/03\/62d947fb-gp0stpnud_web_size_with_credit_line.jpg\",\"keywords\":[\"Nucl\u00e9aire\"],\"articleSection\":[\"\u00c9nergie\"],\"inLanguage\":\"fr-LU\"},{\"@type\":\"WebPage\",\"@id\":\"https:\/\/www.greenpeace.org\/luxembourg\/fr\/communiques-de-presse\/10868\/lecons-non-tirees-de-laccident-de-fukushima-risques-des-centrales-nucleaires-europeennes-10-ans-plus-tard\/\",\"url\":\"https:\/\/www.greenpeace.org\/luxembourg\/fr\/communiques-de-presse\/10868\/lecons-non-tirees-de-laccident-de-fukushima-risques-des-centrales-nucleaires-europeennes-10-ans-plus-tard\/\",\"name\":\"Le\u00e7ons non tir\u00e9es de l'accident de Fukushima - Risques des centrales nucl\u00e9aires europ\u00e9ennes 10 ans plus tard - Greenpeace Luxembourg\",\"isPartOf\":{\"@id\":\"https:\/\/www.greenpeace.org\/luxembourg\/fr\/#website\"},\"primaryImageOfPage\":{\"@id\":\"https:\/\/www.greenpeace.org\/luxembourg\/fr\/communiques-de-presse\/10868\/lecons-non-tirees-de-laccident-de-fukushima-risques-des-centrales-nucleaires-europeennes-10-ans-plus-tard\/#primaryimage\"},\"image\":{\"@id\":\"https:\/\/www.greenpeace.org\/luxembourg\/fr\/communiques-de-presse\/10868\/lecons-non-tirees-de-laccident-de-fukushima-risques-des-centrales-nucleaires-europeennes-10-ans-plus-tard\/#primaryimage\"},\"thumbnailUrl\":\"https:\/\/www.greenpeace.org\/static\/planet4-luxembourg-stateless\/2021\/03\/62d947fb-gp0stpnud_web_size_with_credit_line.jpg\",\"datePublished\":\"2021-03-03T10:09:16+00:00\",\"dateModified\":\"2021-12-01T15:25:06+00:00\",\"breadcrumb\":{\"@id\":\"https:\/\/www.greenpeace.org\/luxembourg\/fr\/communiques-de-presse\/10868\/lecons-non-tirees-de-laccident-de-fukushima-risques-des-centrales-nucleaires-europeennes-10-ans-plus-tard\/#breadcrumb\"},\"inLanguage\":\"fr-LU\",\"potentialAction\":[{\"@type\":\"ReadAction\",\"target\":[\"https:\/\/www.greenpeace.org\/luxembourg\/fr\/communiques-de-presse\/10868\/lecons-non-tirees-de-laccident-de-fukushima-risques-des-centrales-nucleaires-europeennes-10-ans-plus-tard\/\"]}]},{\"@type\":\"ImageObject\",\"inLanguage\":\"fr-LU\",\"@id\":\"https:\/\/www.greenpeace.org\/luxembourg\/fr\/communiques-de-presse\/10868\/lecons-non-tirees-de-laccident-de-fukushima-risques-des-centrales-nucleaires-europeennes-10-ans-plus-tard\/#primaryimage\",\"url\":\"https:\/\/www.greenpeace.org\/static\/planet4-luxembourg-stateless\/2021\/03\/62d947fb-gp0stpnud_web_size_with_credit_line.jpg\",\"contentUrl\":\"https:\/\/www.greenpeace.org\/static\/planet4-luxembourg-stateless\/2021\/03\/62d947fb-gp0stpnud_web_size_with_credit_line.jpg\",\"width\":800,\"height\":443,\"caption\":\"Greenpeace divers display a banner reading \u201cNever again\u201d during sampling operations off the coast of Fukushima Daiichi nuclear plant, Japan. The action is carried out in occasion of the approaching 5th anniversary of the Fukushima nuclear disaster. The Greenpeace ship Rainbow Warrior is in the background.\"},{\"@type\":\"BreadcrumbList\",\"@id\":\"https:\/\/www.greenpeace.org\/luxembourg\/fr\/communiques-de-presse\/10868\/lecons-non-tirees-de-laccident-de-fukushima-risques-des-centrales-nucleaires-europeennes-10-ans-plus-tard\/#breadcrumb\",\"itemListElement\":[{\"@type\":\"ListItem\",\"position\":1,\"name\":\"Home\",\"item\":\"https:\/\/www.greenpeace.org\/luxembourg\/fr\/\"},{\"@type\":\"ListItem\",\"position\":2,\"name\":\"Le\u00e7ons non tir\u00e9es de l&#8217;accident de Fukushima &#8211; Risques des centrales nucl\u00e9aires europ\u00e9ennes 10 ans plus tard\"}]},{\"@type\":\"WebSite\",\"@id\":\"https:\/\/www.greenpeace.org\/luxembourg\/fr\/#website\",\"url\":\"https:\/\/www.greenpeace.org\/luxembourg\/fr\/\",\"name\":\"Greenpeace Luxembourg\",\"description\":\"Greenpeace existe parce que cette Terre fragile a besoin d&#039;une voix. Elle a besoin de solutions. De changement. D&#039;actions.\",\"publisher\":{\"@id\":\"https:\/\/www.greenpeace.org\/luxembourg\/fr\/#organization\"},\"potentialAction\":[{\"@type\":\"SearchAction\",\"target\":{\"@type\":\"EntryPoint\",\"urlTemplate\":\"https:\/\/www.greenpeace.org\/luxembourg\/fr\/?s={search_term_string}\"},\"query-input\":{\"@type\":\"PropertyValueSpecification\",\"valueRequired\":true,\"valueName\":\"search_term_string\"}}],\"inLanguage\":\"fr-LU\"},{\"@type\":\"Organization\",\"@id\":\"https:\/\/www.greenpeace.org\/luxembourg\/fr\/#organization\",\"name\":\"Greenpeace Luxembourg\",\"url\":\"https:\/\/www.greenpeace.org\/luxembourg\/fr\/\",\"logo\":{\"@type\":\"ImageObject\",\"inLanguage\":\"fr-LU\",\"@id\":\"https:\/\/www.greenpeace.org\/luxembourg\/fr\/#\/schema\/logo\/image\/\",\"url\":\"https:\/\/www.greenpeace.org\/static\/planet4-luxembourg-stateless\/2026\/03\/3e367f94-greenpeace_logo_green_rgb.png\",\"contentUrl\":\"https:\/\/www.greenpeace.org\/static\/planet4-luxembourg-stateless\/2026\/03\/3e367f94-greenpeace_logo_green_rgb.png\",\"width\":1080,\"height\":175,\"caption\":\"Greenpeace Luxembourg\"},\"image\":{\"@id\":\"https:\/\/www.greenpeace.org\/luxembourg\/fr\/#\/schema\/logo\/image\/\"},\"sameAs\":[\"https:\/\/www.facebook.com\/greenpeaceluxembourg\",\"https:\/\/www.instagram.com\/greenpeacelux\/\",\"https:\/\/www.linkedin.com\/company\/greenpeace-luxembourg\/\",\"https:\/\/www.threads.com\/@greenpeacelux\",\"https:\/\/bsky.app\/profile\/greenpeacelux.bsky.social\",\"https:\/\/www.youtube.com\/@GreenpeaceLux\",\"https:\/\/www.tiktok.com\/@greenpeace_lux\"]},{\"@type\":\"Person\",\"@id\":\"https:\/\/www.greenpeace.org\/luxembourg\/fr\/#\/schema\/person\/3d0e81a859b59009fec36a8552ef76a7\",\"name\":\"Esther Wildanger\",\"url\":\"https:\/\/www.greenpeace.org\/luxembourg\/fr\/author\/ewildang\/\"}]}<\/script>\n<!-- \/ Yoast SEO Premium plugin. -->","yoast_head_json":{"title":"Le\u00e7ons non tir\u00e9es de l'accident de Fukushima - Risques des centrales nucl\u00e9aires europ\u00e9ennes 10 ans plus tard - Greenpeace Luxembourg","robots":{"index":"index","follow":"follow","max-snippet":"max-snippet:-1","max-image-preview":"max-image-preview:large","max-video-preview":"max-video-preview:-1"},"canonical":"https:\/\/www.greenpeace.org\/luxembourg\/fr\/communiques-de-presse\/10868\/lecons-non-tirees-de-laccident-de-fukushima-risques-des-centrales-nucleaires-europeennes-10-ans-plus-tard\/","og_locale":"fr_FR","og_type":"article","og_title":"Le\u00e7ons non tir\u00e9es de l'accident de Fukushima - Risques des centrales nucl\u00e9aires europ\u00e9ennes 10 ans plus tard","og_description":"Suite \u00e0 la catastrophe nucl\u00e9aire de Fukushima le 11 mars 2011, l'ENSREG, le groupe des r\u00e9gulateur\u00b7ices europ\u00e9en\u00b7nes de s\u00fbret\u00e9 nucl\u00e9aire, avait demand\u00e9 \u00e0 tou\u00b7tes les exploitant\u00b7es de...","og_url":"https:\/\/www.greenpeace.org\/luxembourg\/fr\/communiques-de-presse\/10868\/lecons-non-tirees-de-laccident-de-fukushima-risques-des-centrales-nucleaires-europeennes-10-ans-plus-tard\/","og_site_name":"Greenpeace Luxembourg","article_publisher":"https:\/\/www.facebook.com\/greenpeaceluxembourg","article_published_time":"2021-03-03T10:09:16+00:00","article_modified_time":"2021-12-01T15:25:06+00:00","og_image":[{"width":800,"height":443,"url":"https:\/\/www.greenpeace.org\/static\/planet4-luxembourg-stateless\/2021\/03\/62d947fb-gp0stpnud_web_size_with_credit_line.jpg","type":"image\/jpeg"}],"author":"Esther Wildanger","twitter_card":"summary_large_image","twitter_misc":{"Written by":"Esther Wildanger","Est. reading time":"2 minutes"},"schema":{"@context":"https:\/\/schema.org","@graph":[{"@type":"Article","@id":"https:\/\/www.greenpeace.org\/luxembourg\/fr\/communiques-de-presse\/10868\/lecons-non-tirees-de-laccident-de-fukushima-risques-des-centrales-nucleaires-europeennes-10-ans-plus-tard\/#article","isPartOf":{"@id":"https:\/\/www.greenpeace.org\/luxembourg\/fr\/communiques-de-presse\/10868\/lecons-non-tirees-de-laccident-de-fukushima-risques-des-centrales-nucleaires-europeennes-10-ans-plus-tard\/"},"author":{"name":"Esther Wildanger","@id":"https:\/\/www.greenpeace.org\/luxembourg\/fr\/#\/schema\/person\/3d0e81a859b59009fec36a8552ef76a7"},"headline":"Le\u00e7ons non tir\u00e9es de l&#8217;accident de Fukushima &#8211; Risques des centrales nucl\u00e9aires europ\u00e9ennes 10 ans plus tard","datePublished":"2021-03-03T10:09:16+00:00","dateModified":"2021-12-01T15:25:06+00:00","mainEntityOfPage":{"@id":"https:\/\/www.greenpeace.org\/luxembourg\/fr\/communiques-de-presse\/10868\/lecons-non-tirees-de-laccident-de-fukushima-risques-des-centrales-nucleaires-europeennes-10-ans-plus-tard\/"},"wordCount":408,"publisher":{"@id":"https:\/\/www.greenpeace.org\/luxembourg\/fr\/#organization"},"image":{"@id":"https:\/\/www.greenpeace.org\/luxembourg\/fr\/communiques-de-presse\/10868\/lecons-non-tirees-de-laccident-de-fukushima-risques-des-centrales-nucleaires-europeennes-10-ans-plus-tard\/#primaryimage"},"thumbnailUrl":"https:\/\/www.greenpeace.org\/static\/planet4-luxembourg-stateless\/2021\/03\/62d947fb-gp0stpnud_web_size_with_credit_line.jpg","keywords":["Nucl\u00e9aire"],"articleSection":["\u00c9nergie"],"inLanguage":"fr-LU"},{"@type":"WebPage","@id":"https:\/\/www.greenpeace.org\/luxembourg\/fr\/communiques-de-presse\/10868\/lecons-non-tirees-de-laccident-de-fukushima-risques-des-centrales-nucleaires-europeennes-10-ans-plus-tard\/","url":"https:\/\/www.greenpeace.org\/luxembourg\/fr\/communiques-de-presse\/10868\/lecons-non-tirees-de-laccident-de-fukushima-risques-des-centrales-nucleaires-europeennes-10-ans-plus-tard\/","name":"Le\u00e7ons non tir\u00e9es de l'accident de Fukushima - Risques des centrales nucl\u00e9aires europ\u00e9ennes 10 ans plus tard - Greenpeace Luxembourg","isPartOf":{"@id":"https:\/\/www.greenpeace.org\/luxembourg\/fr\/#website"},"primaryImageOfPage":{"@id":"https:\/\/www.greenpeace.org\/luxembourg\/fr\/communiques-de-presse\/10868\/lecons-non-tirees-de-laccident-de-fukushima-risques-des-centrales-nucleaires-europeennes-10-ans-plus-tard\/#primaryimage"},"image":{"@id":"https:\/\/www.greenpeace.org\/luxembourg\/fr\/communiques-de-presse\/10868\/lecons-non-tirees-de-laccident-de-fukushima-risques-des-centrales-nucleaires-europeennes-10-ans-plus-tard\/#primaryimage"},"thumbnailUrl":"https:\/\/www.greenpeace.org\/static\/planet4-luxembourg-stateless\/2021\/03\/62d947fb-gp0stpnud_web_size_with_credit_line.jpg","datePublished":"2021-03-03T10:09:16+00:00","dateModified":"2021-12-01T15:25:06+00:00","breadcrumb":{"@id":"https:\/\/www.greenpeace.org\/luxembourg\/fr\/communiques-de-presse\/10868\/lecons-non-tirees-de-laccident-de-fukushima-risques-des-centrales-nucleaires-europeennes-10-ans-plus-tard\/#breadcrumb"},"inLanguage":"fr-LU","potentialAction":[{"@type":"ReadAction","target":["https:\/\/www.greenpeace.org\/luxembourg\/fr\/communiques-de-presse\/10868\/lecons-non-tirees-de-laccident-de-fukushima-risques-des-centrales-nucleaires-europeennes-10-ans-plus-tard\/"]}]},{"@type":"ImageObject","inLanguage":"fr-LU","@id":"https:\/\/www.greenpeace.org\/luxembourg\/fr\/communiques-de-presse\/10868\/lecons-non-tirees-de-laccident-de-fukushima-risques-des-centrales-nucleaires-europeennes-10-ans-plus-tard\/#primaryimage","url":"https:\/\/www.greenpeace.org\/static\/planet4-luxembourg-stateless\/2021\/03\/62d947fb-gp0stpnud_web_size_with_credit_line.jpg","contentUrl":"https:\/\/www.greenpeace.org\/static\/planet4-luxembourg-stateless\/2021\/03\/62d947fb-gp0stpnud_web_size_with_credit_line.jpg","width":800,"height":443,"caption":"Greenpeace divers display a banner reading \u201cNever again\u201d during sampling operations off the coast of Fukushima Daiichi nuclear plant, Japan. The action is carried out in occasion of the approaching 5th anniversary of the Fukushima nuclear disaster. The Greenpeace ship Rainbow Warrior is in the background."},{"@type":"BreadcrumbList","@id":"https:\/\/www.greenpeace.org\/luxembourg\/fr\/communiques-de-presse\/10868\/lecons-non-tirees-de-laccident-de-fukushima-risques-des-centrales-nucleaires-europeennes-10-ans-plus-tard\/#breadcrumb","itemListElement":[{"@type":"ListItem","position":1,"name":"Home","item":"https:\/\/www.greenpeace.org\/luxembourg\/fr\/"},{"@type":"ListItem","position":2,"name":"Le\u00e7ons non tir\u00e9es de l&#8217;accident de Fukushima &#8211; Risques des centrales nucl\u00e9aires europ\u00e9ennes 10 ans plus tard"}]},{"@type":"WebSite","@id":"https:\/\/www.greenpeace.org\/luxembourg\/fr\/#website","url":"https:\/\/www.greenpeace.org\/luxembourg\/fr\/","name":"Greenpeace Luxembourg","description":"Greenpeace existe parce que cette Terre fragile a besoin d&#039;une voix. Elle a besoin de solutions. De changement. D&#039;actions.","publisher":{"@id":"https:\/\/www.greenpeace.org\/luxembourg\/fr\/#organization"},"potentialAction":[{"@type":"SearchAction","target":{"@type":"EntryPoint","urlTemplate":"https:\/\/www.greenpeace.org\/luxembourg\/fr\/?s={search_term_string}"},"query-input":{"@type":"PropertyValueSpecification","valueRequired":true,"valueName":"search_term_string"}}],"inLanguage":"fr-LU"},{"@type":"Organization","@id":"https:\/\/www.greenpeace.org\/luxembourg\/fr\/#organization","name":"Greenpeace Luxembourg","url":"https:\/\/www.greenpeace.org\/luxembourg\/fr\/","logo":{"@type":"ImageObject","inLanguage":"fr-LU","@id":"https:\/\/www.greenpeace.org\/luxembourg\/fr\/#\/schema\/logo\/image\/","url":"https:\/\/www.greenpeace.org\/static\/planet4-luxembourg-stateless\/2026\/03\/3e367f94-greenpeace_logo_green_rgb.png","contentUrl":"https:\/\/www.greenpeace.org\/static\/planet4-luxembourg-stateless\/2026\/03\/3e367f94-greenpeace_logo_green_rgb.png","width":1080,"height":175,"caption":"Greenpeace Luxembourg"},"image":{"@id":"https:\/\/www.greenpeace.org\/luxembourg\/fr\/#\/schema\/logo\/image\/"},"sameAs":["https:\/\/www.facebook.com\/greenpeaceluxembourg","https:\/\/www.instagram.com\/greenpeacelux\/","https:\/\/www.linkedin.com\/company\/greenpeace-luxembourg\/","https:\/\/www.threads.com\/@greenpeacelux","https:\/\/bsky.app\/profile\/greenpeacelux.bsky.social","https:\/\/www.youtube.com\/@GreenpeaceLux","https:\/\/www.tiktok.com\/@greenpeace_lux"]},{"@type":"Person","@id":"https:\/\/www.greenpeace.org\/luxembourg\/fr\/#\/schema\/person\/3d0e81a859b59009fec36a8552ef76a7","name":"Esther Wildanger","url":"https:\/\/www.greenpeace.org\/luxembourg\/fr\/author\/ewildang\/"}]}},"_links":{"self":[{"href":"https:\/\/www.greenpeace.org\/luxembourg\/fr\/wp-json\/wp\/v2\/posts\/10868","targetHints":{"allow":["GET"]}}],"collection":[{"href":"https:\/\/www.greenpeace.org\/luxembourg\/fr\/wp-json\/wp\/v2\/posts"}],"about":[{"href":"https:\/\/www.greenpeace.org\/luxembourg\/fr\/wp-json\/wp\/v2\/types\/post"}],"author":[{"embeddable":true,"href":"https:\/\/www.greenpeace.org\/luxembourg\/fr\/wp-json\/wp\/v2\/users\/25"}],"replies":[{"embeddable":true,"href":"https:\/\/www.greenpeace.org\/luxembourg\/fr\/wp-json\/wp\/v2\/comments?post=10868"}],"version-history":[{"count":7,"href":"https:\/\/www.greenpeace.org\/luxembourg\/fr\/wp-json\/wp\/v2\/posts\/10868\/revisions"}],"predecessor-version":[{"id":12860,"href":"https:\/\/www.greenpeace.org\/luxembourg\/fr\/wp-json\/wp\/v2\/posts\/10868\/revisions\/12860"}],"wp:featuredmedia":[{"embeddable":true,"href":"https:\/\/www.greenpeace.org\/luxembourg\/fr\/wp-json\/wp\/v2\/media\/10859"}],"wp:attachment":[{"href":"https:\/\/www.greenpeace.org\/luxembourg\/fr\/wp-json\/wp\/v2\/media?parent=10868"}],"wp:term":[{"taxonomy":"category","embeddable":true,"href":"https:\/\/www.greenpeace.org\/luxembourg\/fr\/wp-json\/wp\/v2\/categories?post=10868"},{"taxonomy":"post_tag","embeddable":true,"href":"https:\/\/www.greenpeace.org\/luxembourg\/fr\/wp-json\/wp\/v2\/tags?post=10868"},{"taxonomy":"p4-page-type","embeddable":true,"href":"https:\/\/www.greenpeace.org\/luxembourg\/fr\/wp-json\/wp\/v2\/p4-page-type?post=10868"}],"curies":[{"name":"wp","href":"https:\/\/api.w.org\/{rel}","templated":true}]}}