{"id":11360,"date":"2021-05-15T13:29:18","date_gmt":"2021-05-15T11:29:18","guid":{"rendered":"https:\/\/www.greenpeace.org\/luxembourg\/?p=11360"},"modified":"2021-12-01T17:24:19","modified_gmt":"2021-12-01T15:24:19","slug":"le-plan-daction-de-lue-sur-la-finance-durable-chien-qui-aboie-ne-mord-pas","status":"publish","type":"post","link":"https:\/\/www.greenpeace.org\/luxembourg\/fr\/actualites\/11360\/le-plan-daction-de-lue-sur-la-finance-durable-chien-qui-aboie-ne-mord-pas\/","title":{"rendered":"Le plan d\u2019action de l\u2019UE sur la finance durable \u2013 Chien qui aboie ne mord pas ?"},"content":{"rendered":"\n<p>De nos jours, il est largement admis que la crise climatique est l&#8217;une des menaces les plus importantes qui p\u00e8se sur l&#8217;environnement et notre plan\u00e8te. Mais la responsabilit\u00e9 pour ce r\u00e9chauffement global et la destruction de la biodiversit\u00e9 est encore unilat\u00e9ralement imput\u00e9e au trafic ainsi qu\u2019aux usines et assimil\u00e9s, et le monde ferme les yeux sur l\u2019un des principaux coupables. Alors oui, les entreprises charbonni\u00e8res, gazi\u00e8res et p\u00e9troli\u00e8res sont d\u00e9nonc\u00e9es \u00e0 juste titre comme \u00e9tant de grandes m\u00e9chantes pollueuses ; mais celles et ceux qui financent ces industries \u00e0 haute intensit\u00e9 de carbone s\u2019en tirent \u00e0 (trop) bon compte : nous parlons l\u00e0 du secteur financier.&nbsp;<\/p>\n\n<p>Un <a href=\"https:\/\/www.greenpeace.org\/luxembourg\/fr\/en-report\/10669\/luxembourg-the-100-largest-funds-invest-in-climate-change\/\" target=\"_blank\" rel=\"noreferrer noopener\"><strong>rapport publi\u00e9 par Greenpeace Luxembourg<\/strong><\/a> sur l\u2019impact climatique des 100 plus grands fonds d\u2019investissement luxembourgeois a montr\u00e9 que ceux-l\u00e0 investissent selon un sc\u00e9nario d\u2019augmentation de la temp\u00e9rature mondiale de 4\u00b0C en moyenne &#8211; et certains montent m\u00eame au-del\u00e0 de 6\u00b0C &#8211; d\u2019ici 2050. Selon le consensus scientifique, le r\u00e9chauffement de la plan\u00e8te doit pourtant \u00eatre maintenu en dessous de 1,5\u00b0C pour contrer les pires effets du changement climatique. La strat\u00e9gie d\u2019investissement de la plupart de ces fonds ne prend pas non plus en compte les objectifs de l\u2019accord de Paris. L\u2019in\u00e9vitable transition vers une \u00e9conomie \u00e0 faible \u00e9mission de carbone constitue donc un v\u00e9ritable d\u00e9fi pour ces fonds, et fera courir aux investisseurs un risque financier plus ou moins cons\u00e9quent s\u2019ils ne parviennent pas \u00e0 s\u2019y adapter ; d&#8217;o\u00f9 nos demandes de divulgation obligatoire de la quantit\u00e9 d\u2019\u00e9missions de carbone financ\u00e9es par les acteurs financiers et d&#8217;alignement des investissements sur les objectifs de l&#8217;accord de Paris.&nbsp;<\/p>\n\n<div class=\"wp-block-image\"><figure class=\"aligncenter size-large is-resized\"><img loading=\"lazy\" decoding=\"async\" src=\"https:\/\/www.greenpeace.org\/static\/planet4-luxembourg-stateless\/2021\/05\/e6de6e4e-1-letzebuerger-duerstellung-karikatur-1024x726.jpg\" alt=\"\" class=\"wp-image-11367\" width=\"512\" height=\"363\" srcset=\"https:\/\/www.greenpeace.org\/static\/planet4-luxembourg-stateless\/2021\/05\/e6de6e4e-1-letzebuerger-duerstellung-karikatur-1024x726.jpg 1024w, https:\/\/www.greenpeace.org\/static\/planet4-luxembourg-stateless\/2021\/05\/e6de6e4e-1-letzebuerger-duerstellung-karikatur-300x213.jpg 300w, https:\/\/www.greenpeace.org\/static\/planet4-luxembourg-stateless\/2021\/05\/e6de6e4e-1-letzebuerger-duerstellung-karikatur-768x544.jpg 768w, https:\/\/www.greenpeace.org\/static\/planet4-luxembourg-stateless\/2021\/05\/e6de6e4e-1-letzebuerger-duerstellung-karikatur-1536x1089.jpg 1536w, https:\/\/www.greenpeace.org\/static\/planet4-luxembourg-stateless\/2021\/05\/e6de6e4e-1-letzebuerger-duerstellung-karikatur-2048x1452.jpg 2048w, https:\/\/www.greenpeace.org\/static\/planet4-luxembourg-stateless\/2021\/05\/e6de6e4e-1-letzebuerger-duerstellung-karikatur-1927x1366.jpg 1927w, https:\/\/www.greenpeace.org\/static\/planet4-luxembourg-stateless\/2021\/05\/e6de6e4e-1-letzebuerger-duerstellung-karikatur-480x340.jpg 480w\" sizes=\"auto, (max-width: 512px) 100vw, 512px\" \/><figcaption><em>\u00ab<\/em> <em>Pourquoi les 100 plus grands fonds d&#8217;investissement du Luxembourg sont-ils autoris\u00e9s \u00e0 causer quatre fois plus de gaz \u00e0 effet de serre que le reste du pays ? \u00bb Caricature par Carlo Schneider <\/em><\/figcaption><\/figure><\/div>\n\n<p>En r\u00e9action au rapport de Greenpeace, l\u2019Association de l\u2019Industrie des Fonds de Luxembourg (ALFI) a estim\u00e9 que, <em>\u00ab d\u2019ici mars 2021 au plus tard, les fonds d&#8217;investissement et les gestionnaires d&#8217;actifs devront se conformer aux principales dispositions du SFDR. Tous les fonds et compartiments d&#8217;investissement, en r\u00e9alit\u00e9 tous les produits financiers propos\u00e9s aux investisseurs particuliers et institutionnels, devront int\u00e9grer la durabilit\u00e9 sous une forme ou une autre. \u00bb<\/em> [1]&nbsp;<\/p>\n\n<p><strong>SFD-quoi ?!<\/strong><\/p>\n\n<p>Le <a href=\"https:\/\/eur-lex.europa.eu\/legal-content\/FR\/TXT\/?uri=celex%3A32019R2088\" target=\"_blank\" rel=\"noreferrer noopener\"><strong>r\u00e8glement de l\u2019UE sur la divulgation des informations relatives \u00e0 la finance durable<\/strong><\/a> \u2013 ou SFDR pour <em>Sustainable Finance Disclosure Regulation<\/em> \u2013 est entr\u00e9 en vigueur le 10 mars de cette ann\u00e9e [2]. En cons\u00e9quence, les parties prenantes du march\u00e9 financier sont d\u00e9sormais oblig\u00e9es d&#8217;indiquer la prise en compte &#8211; ou non &#8211; des cons\u00e9quences de leurs d\u00e9cisions d&#8217;investissement sur l&#8217;environnement et la justice sociale, tant au niveau de l&#8217;entit\u00e9 que du produit (comme un fonds), et quel type d&#8217;actions sont entreprises pour en att\u00e9nuer les impacts. Quant \u00e0 la raison de la mise en \u0153uvre de la SFDR, l\u2019UE a estim\u00e9 que \u00ab <em>les d\u00e9cisions d&#8217;investissement pouvaient \u00eatre directement li\u00e9es \u00e0 des effets mat\u00e9riels n\u00e9gatifs sur l&#8217;environnement et la soci\u00e9t\u00e9, que la strat\u00e9gie d&#8217;investissement [&#8230;] poursuive ou non un objectif durable.<\/em> \u00bb<em> <\/em>[3]<\/p>\n\n<p>La d\u00e9claration d\u2019ALFI suppose donc que tout va bien, puisque la loi oblige d\u00e9sormais le secteur \u00e0 d\u00e9voiler l\u2019impact des diff\u00e9rentes organisations et de leurs produits. L\u2019association semble m\u00eame sous-entendre que les revendications de Greenpeace sont obsol\u00e8tes, maintenant que le SFDR est en place, et que les probl\u00e9matiques de durabilit\u00e9 seront bien vite r\u00e9solues gr\u00e2ce aux r\u00e9gulations de l\u2019UE. Si vous pensez que tout \u00e7a semble trop beau pour \u00eatre vrai\u2026 eh bien, vous avez raison.&nbsp;<\/p>\n\n<p><strong>La th\u00e9orie vs la pratique<\/strong><\/p>\n\n<p>Bien s\u00fbr, sur le papier, c\u2019est plut\u00f4t pas mal : les l\u00e9gislateur\u00b7ices et gestionnaires de fonds peuvent se f\u00e9liciter pour leur r\u00e9activit\u00e9, leur responsabilit\u00e9 et leur ouverture d\u2019esprit \u2013 de vrais mod\u00e8les pour la finance durable.&nbsp;<\/p>\n\n<p>Lorsque le SFDR est entr\u00e9 en vigueur, nous avons jet\u00e9 un rapide coup d&#8217;\u0153il en ligne \u00e0 ce que les gestionnaires des 100 plus grands fonds d&#8217;investissement luxembourgeois avaient \u00e0 dire au sujet de leur engagement envers les objectifs du r\u00e8glement : sans surprise, beaucoup de lanc\u00e9s de fleurs et d\u2019\u00e9loges de soi.<\/p>\n\n<p>PICTET Asset Management confirme son \u00ab <em>soutien des objectifs du SFDR et du plan d\u2019action de l\u2019UE de mani\u00e8re g\u00e9n\u00e9rale<\/em> \u00bb [4], tandis que BlackRock qualifie le SFDR de \u201c<em>cl\u00e9 de vo\u00fbte de l\u2019avanc\u00e9e de la finance durable en Europe<\/em> \u00bb [5]. David Sheasby, directeur de G\u00e9rance et ESG de Franklin Templeton, semble approuver le discours de ses pairs, en estimant que \u00ab <em>le SFDR est une \u00e9tape majeure pour faire progresser la transparence et l&#8217;authenticit\u00e9 dans la mani\u00e8re dont les investisseur\u00b7euses abordent les questions ESG et de durabilit\u00e9<\/em> \u00bb [6]. JP Morgan d\u00e9clare de son c\u00f4t\u00e9 que son \u00ab <em>approche des march\u00e9s et des investissements refl\u00e8tent [son] engagement de durabilit\u00e9<\/em> \u00bb [7], Goldman Sachs r\u00e9it\u00e8re sa \u00ab <em>promesse de finance durable<\/em> \u00bb [8], et Allianz Global Investors revendique les investissements responsables comme \u00e9tant \u00ab <em>au coeur de [son] ADN <\/em>\u00bb [9].&nbsp;<\/p>\n\n<p>Si tous ces bons sentiments vous font tourner la t\u00eate, souvenez-vous que ces gestionnaires d&#8217;actifs font partie des 100 fonds analys\u00e9s par Greenpeace, et financent des entreprises climaticides tout en ignorant les objectifs de l&#8217;accord de Paris.<\/p>\n\n<p>Nous avons examin\u00e9 de plus pr\u00e8s les d\u00e9clarations SFDR au niveau de l\u2019entit\u00e9 faites par Blackrock, Pictet et JP Morgan. Nous avons bien \u00e9videmment trouv\u00e9 des explications d\u00e9taill\u00e9es sur la mani\u00e8re dont ces entreprises int\u00e8grent les risques de durabilit\u00e9 dans leurs processus de d\u00e9cision d&#8217;investissement. Cependant, aucune de ces d\u00e9clarations ne mentionnent si ou comment ces gestionnaires de fonds comptent aligner leurs investissements sur les objectifs de l\u2019accord de Paris. Le SFDR va-t-il donc, \u00e0 lui seul, mettre un terme aux investissements dans les entreprises climaticides ? \u00c0 ce jour, rien ne nous permet de croire en ce na\u00eff espoir.<\/p>\n\n<p><strong>Investir, ailleurs.<\/strong><\/p>\n\n<p>Il est essentiel d&#8217;inverser ce rapport et de faire de la finance durable la norme du secteur et non plus une niche. Apr\u00e8s tout, \u00ab <em>rendre les flux financiers compatibles avec un profil d&#8217;\u00e9volution vers un d\u00e9veloppement \u00e0 faible \u00e9mission de gaz \u00e0 effet de serre et r\u00e9silient aux changements climatiques <\/em>\u00bb est l\u2019un des trois objectifs \u00e0 long terme de l\u2019accord de Paris de 2015. D\u2019apr\u00e8s le rapport de McKinsey \u00ab<em> <\/em><a href=\"https:\/\/www.weforum.org\/agenda\/2020\/12\/european-union-achieve-net-zero-emissions-2030\/\" target=\"_blank\" rel=\"noreferrer noopener\"><strong><em>How the European Union could achieve net-zero emissions at net-zero cost<\/em><\/strong><\/a><em> <\/em>\u00bb (ndt : <em>Comment l&#8217;Union europ\u00e9enne pourrait atteindre des \u00e9missions nettes nulles \u00e0 un co\u00fbt net nul<\/em>), l\u2019UE a besoin d\u2019investir 28 000 milliards d\u2019euros dans un certain nombre de secteurs cl\u00e9s (\u00e9nergie, transport, construction, industrie, agriculture et infrastructure) pour atteindre la neutralit\u00e9 climatique. Et pourtant, toujours selon le rapport, pr\u00e8s de la moiti\u00e9 de ces investissements ne sont pas rentables \u00e0 l\u2019heure actuelle et ne repr\u00e9sentent, par cons\u00e9quent, que peu ou pas d&#8217;int\u00e9r\u00eat pour les entreprises et investisseurs priv\u00e9s, \u00e0 moins d&#8217;un changement fondamental de la politique environnementale.&nbsp;<\/p>\n\n<p>Entre alors en sc\u00e8ne <a href=\"https:\/\/ec.europa.eu\/info\/publications\/sustainable-finance-technical-expert-group_en\" target=\"_blank\" rel=\"noreferrer noopener\"><strong>le groupe d\u2019experts technique sur la finance durable de l\u2019Union europ\u00e9enne (ou EU TEG pour European Union Technical Expert Group on Sustainable Finance)<\/strong><\/a>. Celui-ci met actuellement au point une autre facette du plan d\u2019action de l\u2019UE sur la finance durable, sa taxonomie. Il s\u2019agit d\u2019un syst\u00e8me de classification cens\u00e9 permettre la cat\u00e9gorisation des secteurs et activit\u00e9s \u00e9conomiques en fonction de leur r\u00f4le dans le d\u00e9veloppement durable. Les crit\u00e8res des projets pouvant passer pour \u00ab<em> <\/em>verts \u00bb en ce qui concerne l&#8217;att\u00e9nuation et l&#8217;adaptation au changement climatique sont en cours de finalisation. Afin d\u2019\u00eatre incluse dans la proposition europ\u00e9enne, une activit\u00e9 \u00e9conomique doit contribuer substantiellement \u00e0 au moins un des objectifs environnementaux, et pas causer de \u00ab<em> <\/em>dommages significatifs \u00bb aux cinq autres objectifs environnementaux d\u00e9finis dans la <a href=\"https:\/\/ec.europa.eu\/info\/files\/190618-sustainable-finance-teg-report-taxonomy_en\" target=\"_blank\" rel=\"noreferrer noopener\">proposition l\u00e9gislative<\/a>. [10]<\/p>\n\n<p>Mais la taxonomie n\u2019a rien d\u2019une solution miracle non plus. Comme le pr\u00e9cise l\u2019article d\u2019Eurosif, \u00ab<em> <\/em><a href=\"http:\/\/www.eurosif.org\/wp-content\/uploads\/2021\/03\/here.pdf\" target=\"_blank\" rel=\"noreferrer noopener\"><strong><em>La taxonomie de l\u2019UE : favoriser un d\u00e9bat honn\u00eate<\/em><\/strong><\/a><em> \u00bb, \u00ab il est peu probable que l&#8217;alignement sur la taxonomie devienne dans un avenir proche un facteur important dans les d\u00e9cisions d&#8217;investissement. Ce n\u2019est d\u00e9j\u00e0 pas le cas aujourd\u2019hui : les donn\u00e9es disponibles montrent qu&#8217;une grande majorit\u00e9 des fonds durables\/ESG actuellement commercialis\u00e9s ne sont pas susceptibles d\u2019aligner plus de 10 % de leur portefeuille sur la taxonomie<\/em> \u00bb.<\/p>\n\n<p>En bref, la taxonomie de l\u2019UE et le SFDR ne suffiront pas \u00e0 eux seuls \u00e0 entra\u00eener le changement majeur dont nous avons besoin pour lutter contre le changement climatique.<\/p>\n\n<p class=\"has-text-align-center\"><img loading=\"lazy\" decoding=\"async\" width=\"595\" height=\"352\" src=\"https:\/\/lh6.googleusercontent.com\/ScINOr96rvVOL4KAdUNwApUC9ZgAc45wVeauerqQn3Q5gpH2aeFjqf_RbCKGllGo0dBr2qG2jPcu1dj_v354biLUja3HGNtK1TRKSEkS2Qmraa2zFNE66GjnHXeY33mY_oyH__zf\"><\/p>\n\n<p class=\"has-text-align-center\">Source: Eurosif<\/p>\n\n<p><strong>Nous avons besoin de r\u00e9gulations &#8211; avec des griffes !&nbsp;<\/strong><\/p>\n\n<p>Greenpeace salue la mise en \u0153uvre d\u2019un r\u00e8glement europ\u00e9en sur la publication d&#8217;informations en mati\u00e8re de d\u00e9veloppement durable pour le secteur financier. Toutefois, les d\u00e9clarations creuses des gestionnaires d\u2019actifs comme celles mentionn\u00e9es ci-dessus ne suffisent pas ; d\u2019autant que publier les cons\u00e9quences durables de ses propres activit\u00e9s et de ses produits en plus des actions entreprises ou envisag\u00e9es pour diminuer son impact n\u00e9gatif ne r\u00e9soudra pas automatiquement la crise climatique, ni m\u00eame aucun autre probl\u00e8me environnemental ou soci\u00e9tal. Le secteur financier doit agir ! Pour \u00eatre vraiment efficace, celui-ci doit d\u00e9montrer son engagement \u00e0 apporter un r\u00e9el changement.&nbsp;<\/p>\n\n<p>Les parties-prenantes du monde de la finance doivent :&nbsp;<\/p>\n\n<ul class=\"wp-block-list\"><li>s\u2019engager de fa\u00e7on claire \u00e0 atteindre les objectifs de l\u2019accord de Paris ;<\/li><li>mettre imm\u00e9diatement en place une transparence l\u00e9gitime et \u00e9tendue au sujet des performances de durabilit\u00e9 de leurs produits;&nbsp;<\/li><li>et enfin \u00e9tendre leur propre savoir-faire m\u00e9thodologique dans la gestion des risques de durabilit\u00e9 et de les incorporer dans la gestion des risques au sens large et dans les processus d\u00e9cisionnels.<\/li><\/ul>\n\n<p>Par ailleurs, la mise en \u0153uvre du SFDR ne signifie pas que les autorit\u00e9s financi\u00e8res luxembourgeoises et le gouvernement soient d\u00e9charg\u00e9s de leurs responsabilit\u00e9s : ils doivent au contraire aider l\u2019industrie financi\u00e8re luxembourgeoise \u00e0 s&#8217;aligner sur les objectifs climatiques de Paris gr\u00e2ce \u00e0 un catalogue de mesures de soutien, et encourager l&#8217;\u00e9change de bonnes pratiques et de savoir-faire m\u00e9thodologique.&nbsp;<\/p>\n\n<p>Pour le moment, le SFDR n&#8217;est pas \u00e0 la hauteur de son nom. Faire un effort pour emp\u00eacher le <em>greenwashing<\/em> et promouvoir la finance durable est pourtant \u00e0 la fois un devoir et une opportunit\u00e9 pour l&#8217;UE et les gouvernements nationaux. Notre stabilit\u00e9 financi\u00e8re et la protection de notre plan\u00e8te en d\u00e9pendent.&nbsp;<\/p>\n\n<hr class=\"wp-block-separator\"\/>\n\n<p>[1] <a href=\"https:\/\/www.alfi.lu\/en-gb\/article\/sustainable-finance-and-investment-funds-what-are\" target=\"_blank\" rel=\"noreferrer noopener\"><strong>Site de l\u2019ALFI<\/strong><\/a>&nbsp;<\/p>\n\n<p>[2] Lecture sugg\u00e9r\u00e9e : <em><a href=\"https:\/\/www.greenpeace.org\/static\/planet4-luxembourg-stateless\/2021\/05\/cb0b7f15-faq-sur-le-sfdr.pdf\" target=\"_blank\" rel=\"noreferrer noopener\">FAQ au sujet du R\u00e8glement de l\u2019UE sur la divulgation des informations relatives \u00e0 la finance durable<\/a><\/em><\/p>\n\n<p>[3] <a href=\"https:\/\/ec.europa.eu\/info\/business-economy-euro\/banking-and-finance\/sustainable-finance\/sustainability-related-disclosure-financial-services-sector_en\" target=\"_blank\" rel=\"noreferrer noopener\"><strong>Site de la Commission Europ\u00e9enne<\/strong><\/a>&nbsp;<\/p>\n\n<p>[4] <a href=\"https:\/\/am.pictet\/fr\/france\/global-articles\/2021\/pictet-asset-management\/sfdr\" target=\"_blank\" rel=\"noreferrer noopener\"><strong>Site de PICTET Asset Management<\/strong><\/a>&nbsp;<\/p>\n\n<p>[5] <a href=\"https:\/\/www.blackrock.com\/lu\/intermediaries\/literature\/brochure\/sfdr-faq-en-emea-rc-brochure.pdf\" target=\"_blank\" rel=\"noreferrer noopener\"><strong>Foire Aux Questions de BlackRock au sujet de la SFDR<\/strong><\/a><strong> [EN]<\/strong><\/p>\n\n<p>[6] Franklin Templeton : <a href=\"https:\/\/www.franklintempleton.lu\/content-ftthinks\/common\/sfdr\/sfdra_0221.pdf\" target=\"_blank\" rel=\"noreferrer noopener\"><strong>The Impacts of Sustainable Finance Disclosure Regulation on the European Distribution Landscape<\/strong><\/a><strong> [EN]<\/strong>&nbsp;&nbsp;<\/p>\n\n<p>[7] <a href=\"https:\/\/www.morganstanley.com\/about-us-governance\/pdf\/Environmental_and_Social_Policy_Statement_December_2020.pdf\" target=\"_blank\" rel=\"noreferrer noopener\"><strong>D\u00e9claration de Morgan Stanley sur sa politique sociale et environnementale <\/strong><\/a><strong>[EN]<\/strong><\/p>\n\n<p>[8] <a href=\"https:\/\/www.goldmansachs.com\/our-commitments\/sustainability\/sustainable-finance\/documents\/reports\/2019-sustainability-report.pdf\" target=\"_blank\" rel=\"noreferrer noopener\"><strong>Rapport de durabilit\u00e9 2019 de Goldman Sachs<\/strong><\/a>&nbsp;<\/p>\n\n<p>[9] <a href=\"https:\/\/lu.allianzgi.com\/en-gb\/our-firm\/our-esg-approach\" target=\"_blank\" rel=\"noreferrer noopener\"><strong>Site d\u2019Allianz Global Investors<\/strong><\/a><\/p>\n\n<p>[10] <a href=\"https:\/\/home.kpmg\/fi\/fi\/home\/Pinnalla\/2019\/08\/eu-sustainable-finance-explained-part-ii-taxonomy.html\" target=\"_blank\" rel=\"noreferrer noopener\"><strong>KPMG<\/strong><\/a><\/p>\n<div class=\"EmptyMessage\">Block content is empty. Check the block&#8217;s settings or remove it.<\/div>","protected":false},"excerpt":{"rendered":"<p>Le r\u00e8glement de l\u2019UE sur la divulgation des informations relatives \u00e0 la finance durable &#8211; le sauveur du climat ?<\/p>\n","protected":false},"author":31,"featured_media":11341,"comment_status":"closed","ping_status":"closed","sticky":false,"template":"","format":"standard","meta":{"ep_exclude_from_search":false,"p4_og_title":"","p4_og_description":"","p4_og_image":"","p4_og_image_id":"","p4_seo_canonical_url":"","p4_campaign_name":"not set","p4_local_project":"not set","p4_basket_name":"not set","p4_department":"","footnotes":""},"categories":[41,42,40],"tags":[95],"p4-page-type":[85],"class_list":["post-11360","post","type-post","status-publish","format-standard","has-post-thumbnail","hentry","category-climat","category-energie","category-enjeux","tag-secteurfinancier","p4-page-type-actualites"],"yoast_head":"<!-- This site is optimized with the Yoast SEO Premium plugin v23.9 (Yoast SEO v23.9) - https:\/\/yoast.com\/wordpress\/plugins\/seo\/ -->\n<title>Le plan d\u2019action de l\u2019UE sur la finance durable \u2013 Chien qui aboie ne mord pas ? - Greenpeace Luxembourg<\/title>\n<meta name=\"robots\" content=\"index, follow, max-snippet:-1, max-image-preview:large, max-video-preview:-1\" \/>\n<link rel=\"canonical\" href=\"https:\/\/www.greenpeace.org\/luxembourg\/fr\/actualites\/11360\/le-plan-daction-de-lue-sur-la-finance-durable-chien-qui-aboie-ne-mord-pas\/\" \/>\n<meta property=\"og:locale\" content=\"fr_FR\" \/>\n<meta property=\"og:type\" content=\"article\" \/>\n<meta property=\"og:title\" content=\"Le plan d\u2019action de l\u2019UE sur la finance durable \u2013 Chien qui aboie ne mord pas ?\" \/>\n<meta property=\"og:description\" content=\"Le r\u00e8glement de l\u2019UE sur la divulgation des informations relatives \u00e0 la finance durable - le sauveur du climat ?\" \/>\n<meta property=\"og:url\" content=\"https:\/\/www.greenpeace.org\/luxembourg\/fr\/actualites\/11360\/le-plan-daction-de-lue-sur-la-finance-durable-chien-qui-aboie-ne-mord-pas\/\" \/>\n<meta property=\"og:site_name\" content=\"Greenpeace Luxembourg\" \/>\n<meta property=\"article:publisher\" content=\"https:\/\/www.facebook.com\/greenpeaceluxembourg\" \/>\n<meta property=\"article:published_time\" content=\"2021-05-15T11:29:18+00:00\" \/>\n<meta property=\"article:modified_time\" content=\"2021-12-01T15:24:19+00:00\" \/>\n<meta property=\"og:image\" content=\"https:\/\/www.greenpeace.org\/static\/planet4-luxembourg-stateless\/2021\/05\/f1e84315-macro-caricature-1_square.png\" \/>\n\t<meta property=\"og:image:width\" content=\"1080\" \/>\n\t<meta property=\"og:image:height\" content=\"1080\" \/>\n\t<meta property=\"og:image:type\" content=\"image\/png\" \/>\n<meta name=\"author\" content=\"Myriam Wecker\" \/>\n<meta name=\"twitter:card\" content=\"summary_large_image\" \/>\n<meta name=\"twitter:label1\" content=\"Written by\" \/>\n\t<meta name=\"twitter:data1\" content=\"Myriam Wecker\" \/>\n\t<meta name=\"twitter:label2\" content=\"Est. reading time\" \/>\n\t<meta name=\"twitter:data2\" content=\"9 minutes\" \/>\n<script type=\"application\/ld+json\" class=\"yoast-schema-graph\">{\"@context\":\"https:\/\/schema.org\",\"@graph\":[{\"@type\":\"Article\",\"@id\":\"https:\/\/www.greenpeace.org\/luxembourg\/fr\/actualites\/11360\/le-plan-daction-de-lue-sur-la-finance-durable-chien-qui-aboie-ne-mord-pas\/#article\",\"isPartOf\":{\"@id\":\"https:\/\/www.greenpeace.org\/luxembourg\/fr\/actualites\/11360\/le-plan-daction-de-lue-sur-la-finance-durable-chien-qui-aboie-ne-mord-pas\/\"},\"author\":{\"name\":\"Myriam Wecker\",\"@id\":\"https:\/\/www.greenpeace.org\/luxembourg\/fr\/#\/schema\/person\/c2ae6002b8ed18c00be0c6b320eea776\"},\"headline\":\"Le plan d\u2019action de l\u2019UE sur la finance durable \u2013 Chien qui aboie ne mord pas ?\",\"datePublished\":\"2021-05-15T11:29:18+00:00\",\"dateModified\":\"2021-12-01T15:24:19+00:00\",\"mainEntityOfPage\":{\"@id\":\"https:\/\/www.greenpeace.org\/luxembourg\/fr\/actualites\/11360\/le-plan-daction-de-lue-sur-la-finance-durable-chien-qui-aboie-ne-mord-pas\/\"},\"wordCount\":1940,\"publisher\":{\"@id\":\"https:\/\/www.greenpeace.org\/luxembourg\/fr\/#organization\"},\"image\":{\"@id\":\"https:\/\/www.greenpeace.org\/luxembourg\/fr\/actualites\/11360\/le-plan-daction-de-lue-sur-la-finance-durable-chien-qui-aboie-ne-mord-pas\/#primaryimage\"},\"thumbnailUrl\":\"https:\/\/www.greenpeace.org\/static\/planet4-luxembourg-stateless\/2021\/05\/f1e84315-macro-caricature-1_square.png\",\"keywords\":[\"SecteurFinancier\"],\"articleSection\":[\"Climat\",\"\u00c9nergie\",\"Les enjeux\"],\"inLanguage\":\"fr-LU\"},{\"@type\":\"WebPage\",\"@id\":\"https:\/\/www.greenpeace.org\/luxembourg\/fr\/actualites\/11360\/le-plan-daction-de-lue-sur-la-finance-durable-chien-qui-aboie-ne-mord-pas\/\",\"url\":\"https:\/\/www.greenpeace.org\/luxembourg\/fr\/actualites\/11360\/le-plan-daction-de-lue-sur-la-finance-durable-chien-qui-aboie-ne-mord-pas\/\",\"name\":\"Le plan d\u2019action de l\u2019UE sur la finance durable \u2013 Chien qui aboie ne mord pas ? - Greenpeace Luxembourg\",\"isPartOf\":{\"@id\":\"https:\/\/www.greenpeace.org\/luxembourg\/fr\/#website\"},\"primaryImageOfPage\":{\"@id\":\"https:\/\/www.greenpeace.org\/luxembourg\/fr\/actualites\/11360\/le-plan-daction-de-lue-sur-la-finance-durable-chien-qui-aboie-ne-mord-pas\/#primaryimage\"},\"image\":{\"@id\":\"https:\/\/www.greenpeace.org\/luxembourg\/fr\/actualites\/11360\/le-plan-daction-de-lue-sur-la-finance-durable-chien-qui-aboie-ne-mord-pas\/#primaryimage\"},\"thumbnailUrl\":\"https:\/\/www.greenpeace.org\/static\/planet4-luxembourg-stateless\/2021\/05\/f1e84315-macro-caricature-1_square.png\",\"datePublished\":\"2021-05-15T11:29:18+00:00\",\"dateModified\":\"2021-12-01T15:24:19+00:00\",\"breadcrumb\":{\"@id\":\"https:\/\/www.greenpeace.org\/luxembourg\/fr\/actualites\/11360\/le-plan-daction-de-lue-sur-la-finance-durable-chien-qui-aboie-ne-mord-pas\/#breadcrumb\"},\"inLanguage\":\"fr-LU\",\"potentialAction\":[{\"@type\":\"ReadAction\",\"target\":[\"https:\/\/www.greenpeace.org\/luxembourg\/fr\/actualites\/11360\/le-plan-daction-de-lue-sur-la-finance-durable-chien-qui-aboie-ne-mord-pas\/\"]}]},{\"@type\":\"ImageObject\",\"inLanguage\":\"fr-LU\",\"@id\":\"https:\/\/www.greenpeace.org\/luxembourg\/fr\/actualites\/11360\/le-plan-daction-de-lue-sur-la-finance-durable-chien-qui-aboie-ne-mord-pas\/#primaryimage\",\"url\":\"https:\/\/www.greenpeace.org\/static\/planet4-luxembourg-stateless\/2021\/05\/f1e84315-macro-caricature-1_square.png\",\"contentUrl\":\"https:\/\/www.greenpeace.org\/static\/planet4-luxembourg-stateless\/2021\/05\/f1e84315-macro-caricature-1_square.png\",\"width\":1080,\"height\":1080},{\"@type\":\"BreadcrumbList\",\"@id\":\"https:\/\/www.greenpeace.org\/luxembourg\/fr\/actualites\/11360\/le-plan-daction-de-lue-sur-la-finance-durable-chien-qui-aboie-ne-mord-pas\/#breadcrumb\",\"itemListElement\":[{\"@type\":\"ListItem\",\"position\":1,\"name\":\"Home\",\"item\":\"https:\/\/www.greenpeace.org\/luxembourg\/fr\/\"},{\"@type\":\"ListItem\",\"position\":2,\"name\":\"Le plan d\u2019action de l\u2019UE sur la finance durable \u2013 Chien qui aboie ne mord pas ?\"}]},{\"@type\":\"WebSite\",\"@id\":\"https:\/\/www.greenpeace.org\/luxembourg\/fr\/#website\",\"url\":\"https:\/\/www.greenpeace.org\/luxembourg\/fr\/\",\"name\":\"Greenpeace Luxembourg\",\"description\":\"Greenpeace existe parce que cette Terre fragile a besoin d&#039;une voix. Elle a besoin de solutions. De changement. D&#039;actions.\",\"publisher\":{\"@id\":\"https:\/\/www.greenpeace.org\/luxembourg\/fr\/#organization\"},\"potentialAction\":[{\"@type\":\"SearchAction\",\"target\":{\"@type\":\"EntryPoint\",\"urlTemplate\":\"https:\/\/www.greenpeace.org\/luxembourg\/fr\/?s={search_term_string}\"},\"query-input\":{\"@type\":\"PropertyValueSpecification\",\"valueRequired\":true,\"valueName\":\"search_term_string\"}}],\"inLanguage\":\"fr-LU\"},{\"@type\":\"Organization\",\"@id\":\"https:\/\/www.greenpeace.org\/luxembourg\/fr\/#organization\",\"name\":\"Greenpeace Luxembourg\",\"url\":\"https:\/\/www.greenpeace.org\/luxembourg\/fr\/\",\"logo\":{\"@type\":\"ImageObject\",\"inLanguage\":\"fr-LU\",\"@id\":\"https:\/\/www.greenpeace.org\/luxembourg\/fr\/#\/schema\/logo\/image\/\",\"url\":\"https:\/\/www.greenpeace.org\/static\/planet4-luxembourg-stateless\/2026\/03\/3e367f94-greenpeace_logo_green_rgb.png\",\"contentUrl\":\"https:\/\/www.greenpeace.org\/static\/planet4-luxembourg-stateless\/2026\/03\/3e367f94-greenpeace_logo_green_rgb.png\",\"width\":1080,\"height\":175,\"caption\":\"Greenpeace Luxembourg\"},\"image\":{\"@id\":\"https:\/\/www.greenpeace.org\/luxembourg\/fr\/#\/schema\/logo\/image\/\"},\"sameAs\":[\"https:\/\/www.facebook.com\/greenpeaceluxembourg\",\"https:\/\/www.instagram.com\/greenpeacelux\/\",\"https:\/\/www.linkedin.com\/company\/greenpeace-luxembourg\/\",\"https:\/\/www.threads.com\/@greenpeacelux\",\"https:\/\/bsky.app\/profile\/greenpeacelux.bsky.social\",\"https:\/\/www.youtube.com\/@GreenpeaceLux\",\"https:\/\/www.tiktok.com\/@greenpeace_lux\"]},{\"@type\":\"Person\",\"@id\":\"https:\/\/www.greenpeace.org\/luxembourg\/fr\/#\/schema\/person\/c2ae6002b8ed18c00be0c6b320eea776\",\"name\":\"Myriam Wecker\",\"url\":\"https:\/\/www.greenpeace.org\/luxembourg\/fr\/author\/mwecker\/\"}]}<\/script>\n<!-- \/ Yoast SEO Premium plugin. -->","yoast_head_json":{"title":"Le plan d\u2019action de l\u2019UE sur la finance durable \u2013 Chien qui aboie ne mord pas ? - Greenpeace Luxembourg","robots":{"index":"index","follow":"follow","max-snippet":"max-snippet:-1","max-image-preview":"max-image-preview:large","max-video-preview":"max-video-preview:-1"},"canonical":"https:\/\/www.greenpeace.org\/luxembourg\/fr\/actualites\/11360\/le-plan-daction-de-lue-sur-la-finance-durable-chien-qui-aboie-ne-mord-pas\/","og_locale":"fr_FR","og_type":"article","og_title":"Le plan d\u2019action de l\u2019UE sur la finance durable \u2013 Chien qui aboie ne mord pas ?","og_description":"Le r\u00e8glement de l\u2019UE sur la divulgation des informations relatives \u00e0 la finance durable - le sauveur du climat ?","og_url":"https:\/\/www.greenpeace.org\/luxembourg\/fr\/actualites\/11360\/le-plan-daction-de-lue-sur-la-finance-durable-chien-qui-aboie-ne-mord-pas\/","og_site_name":"Greenpeace Luxembourg","article_publisher":"https:\/\/www.facebook.com\/greenpeaceluxembourg","article_published_time":"2021-05-15T11:29:18+00:00","article_modified_time":"2021-12-01T15:24:19+00:00","og_image":[{"width":1080,"height":1080,"url":"https:\/\/www.greenpeace.org\/static\/planet4-luxembourg-stateless\/2021\/05\/f1e84315-macro-caricature-1_square.png","type":"image\/png"}],"author":"Myriam Wecker","twitter_card":"summary_large_image","twitter_misc":{"Written by":"Myriam Wecker","Est. reading time":"9 minutes"},"schema":{"@context":"https:\/\/schema.org","@graph":[{"@type":"Article","@id":"https:\/\/www.greenpeace.org\/luxembourg\/fr\/actualites\/11360\/le-plan-daction-de-lue-sur-la-finance-durable-chien-qui-aboie-ne-mord-pas\/#article","isPartOf":{"@id":"https:\/\/www.greenpeace.org\/luxembourg\/fr\/actualites\/11360\/le-plan-daction-de-lue-sur-la-finance-durable-chien-qui-aboie-ne-mord-pas\/"},"author":{"name":"Myriam Wecker","@id":"https:\/\/www.greenpeace.org\/luxembourg\/fr\/#\/schema\/person\/c2ae6002b8ed18c00be0c6b320eea776"},"headline":"Le plan d\u2019action de l\u2019UE sur la finance durable \u2013 Chien qui aboie ne mord pas ?","datePublished":"2021-05-15T11:29:18+00:00","dateModified":"2021-12-01T15:24:19+00:00","mainEntityOfPage":{"@id":"https:\/\/www.greenpeace.org\/luxembourg\/fr\/actualites\/11360\/le-plan-daction-de-lue-sur-la-finance-durable-chien-qui-aboie-ne-mord-pas\/"},"wordCount":1940,"publisher":{"@id":"https:\/\/www.greenpeace.org\/luxembourg\/fr\/#organization"},"image":{"@id":"https:\/\/www.greenpeace.org\/luxembourg\/fr\/actualites\/11360\/le-plan-daction-de-lue-sur-la-finance-durable-chien-qui-aboie-ne-mord-pas\/#primaryimage"},"thumbnailUrl":"https:\/\/www.greenpeace.org\/static\/planet4-luxembourg-stateless\/2021\/05\/f1e84315-macro-caricature-1_square.png","keywords":["SecteurFinancier"],"articleSection":["Climat","\u00c9nergie","Les enjeux"],"inLanguage":"fr-LU"},{"@type":"WebPage","@id":"https:\/\/www.greenpeace.org\/luxembourg\/fr\/actualites\/11360\/le-plan-daction-de-lue-sur-la-finance-durable-chien-qui-aboie-ne-mord-pas\/","url":"https:\/\/www.greenpeace.org\/luxembourg\/fr\/actualites\/11360\/le-plan-daction-de-lue-sur-la-finance-durable-chien-qui-aboie-ne-mord-pas\/","name":"Le plan d\u2019action de l\u2019UE sur la finance durable \u2013 Chien qui aboie ne mord pas ? - Greenpeace Luxembourg","isPartOf":{"@id":"https:\/\/www.greenpeace.org\/luxembourg\/fr\/#website"},"primaryImageOfPage":{"@id":"https:\/\/www.greenpeace.org\/luxembourg\/fr\/actualites\/11360\/le-plan-daction-de-lue-sur-la-finance-durable-chien-qui-aboie-ne-mord-pas\/#primaryimage"},"image":{"@id":"https:\/\/www.greenpeace.org\/luxembourg\/fr\/actualites\/11360\/le-plan-daction-de-lue-sur-la-finance-durable-chien-qui-aboie-ne-mord-pas\/#primaryimage"},"thumbnailUrl":"https:\/\/www.greenpeace.org\/static\/planet4-luxembourg-stateless\/2021\/05\/f1e84315-macro-caricature-1_square.png","datePublished":"2021-05-15T11:29:18+00:00","dateModified":"2021-12-01T15:24:19+00:00","breadcrumb":{"@id":"https:\/\/www.greenpeace.org\/luxembourg\/fr\/actualites\/11360\/le-plan-daction-de-lue-sur-la-finance-durable-chien-qui-aboie-ne-mord-pas\/#breadcrumb"},"inLanguage":"fr-LU","potentialAction":[{"@type":"ReadAction","target":["https:\/\/www.greenpeace.org\/luxembourg\/fr\/actualites\/11360\/le-plan-daction-de-lue-sur-la-finance-durable-chien-qui-aboie-ne-mord-pas\/"]}]},{"@type":"ImageObject","inLanguage":"fr-LU","@id":"https:\/\/www.greenpeace.org\/luxembourg\/fr\/actualites\/11360\/le-plan-daction-de-lue-sur-la-finance-durable-chien-qui-aboie-ne-mord-pas\/#primaryimage","url":"https:\/\/www.greenpeace.org\/static\/planet4-luxembourg-stateless\/2021\/05\/f1e84315-macro-caricature-1_square.png","contentUrl":"https:\/\/www.greenpeace.org\/static\/planet4-luxembourg-stateless\/2021\/05\/f1e84315-macro-caricature-1_square.png","width":1080,"height":1080},{"@type":"BreadcrumbList","@id":"https:\/\/www.greenpeace.org\/luxembourg\/fr\/actualites\/11360\/le-plan-daction-de-lue-sur-la-finance-durable-chien-qui-aboie-ne-mord-pas\/#breadcrumb","itemListElement":[{"@type":"ListItem","position":1,"name":"Home","item":"https:\/\/www.greenpeace.org\/luxembourg\/fr\/"},{"@type":"ListItem","position":2,"name":"Le plan d\u2019action de l\u2019UE sur la finance durable \u2013 Chien qui aboie ne mord pas ?"}]},{"@type":"WebSite","@id":"https:\/\/www.greenpeace.org\/luxembourg\/fr\/#website","url":"https:\/\/www.greenpeace.org\/luxembourg\/fr\/","name":"Greenpeace Luxembourg","description":"Greenpeace existe parce que cette Terre fragile a besoin d&#039;une voix. Elle a besoin de solutions. De changement. D&#039;actions.","publisher":{"@id":"https:\/\/www.greenpeace.org\/luxembourg\/fr\/#organization"},"potentialAction":[{"@type":"SearchAction","target":{"@type":"EntryPoint","urlTemplate":"https:\/\/www.greenpeace.org\/luxembourg\/fr\/?s={search_term_string}"},"query-input":{"@type":"PropertyValueSpecification","valueRequired":true,"valueName":"search_term_string"}}],"inLanguage":"fr-LU"},{"@type":"Organization","@id":"https:\/\/www.greenpeace.org\/luxembourg\/fr\/#organization","name":"Greenpeace Luxembourg","url":"https:\/\/www.greenpeace.org\/luxembourg\/fr\/","logo":{"@type":"ImageObject","inLanguage":"fr-LU","@id":"https:\/\/www.greenpeace.org\/luxembourg\/fr\/#\/schema\/logo\/image\/","url":"https:\/\/www.greenpeace.org\/static\/planet4-luxembourg-stateless\/2026\/03\/3e367f94-greenpeace_logo_green_rgb.png","contentUrl":"https:\/\/www.greenpeace.org\/static\/planet4-luxembourg-stateless\/2026\/03\/3e367f94-greenpeace_logo_green_rgb.png","width":1080,"height":175,"caption":"Greenpeace Luxembourg"},"image":{"@id":"https:\/\/www.greenpeace.org\/luxembourg\/fr\/#\/schema\/logo\/image\/"},"sameAs":["https:\/\/www.facebook.com\/greenpeaceluxembourg","https:\/\/www.instagram.com\/greenpeacelux\/","https:\/\/www.linkedin.com\/company\/greenpeace-luxembourg\/","https:\/\/www.threads.com\/@greenpeacelux","https:\/\/bsky.app\/profile\/greenpeacelux.bsky.social","https:\/\/www.youtube.com\/@GreenpeaceLux","https:\/\/www.tiktok.com\/@greenpeace_lux"]},{"@type":"Person","@id":"https:\/\/www.greenpeace.org\/luxembourg\/fr\/#\/schema\/person\/c2ae6002b8ed18c00be0c6b320eea776","name":"Myriam Wecker","url":"https:\/\/www.greenpeace.org\/luxembourg\/fr\/author\/mwecker\/"}]}},"_links":{"self":[{"href":"https:\/\/www.greenpeace.org\/luxembourg\/fr\/wp-json\/wp\/v2\/posts\/11360","targetHints":{"allow":["GET"]}}],"collection":[{"href":"https:\/\/www.greenpeace.org\/luxembourg\/fr\/wp-json\/wp\/v2\/posts"}],"about":[{"href":"https:\/\/www.greenpeace.org\/luxembourg\/fr\/wp-json\/wp\/v2\/types\/post"}],"author":[{"embeddable":true,"href":"https:\/\/www.greenpeace.org\/luxembourg\/fr\/wp-json\/wp\/v2\/users\/31"}],"replies":[{"embeddable":true,"href":"https:\/\/www.greenpeace.org\/luxembourg\/fr\/wp-json\/wp\/v2\/comments?post=11360"}],"version-history":[{"count":7,"href":"https:\/\/www.greenpeace.org\/luxembourg\/fr\/wp-json\/wp\/v2\/posts\/11360\/revisions"}],"predecessor-version":[{"id":12835,"href":"https:\/\/www.greenpeace.org\/luxembourg\/fr\/wp-json\/wp\/v2\/posts\/11360\/revisions\/12835"}],"wp:featuredmedia":[{"embeddable":true,"href":"https:\/\/www.greenpeace.org\/luxembourg\/fr\/wp-json\/wp\/v2\/media\/11341"}],"wp:attachment":[{"href":"https:\/\/www.greenpeace.org\/luxembourg\/fr\/wp-json\/wp\/v2\/media?parent=11360"}],"wp:term":[{"taxonomy":"category","embeddable":true,"href":"https:\/\/www.greenpeace.org\/luxembourg\/fr\/wp-json\/wp\/v2\/categories?post=11360"},{"taxonomy":"post_tag","embeddable":true,"href":"https:\/\/www.greenpeace.org\/luxembourg\/fr\/wp-json\/wp\/v2\/tags?post=11360"},{"taxonomy":"p4-page-type","embeddable":true,"href":"https:\/\/www.greenpeace.org\/luxembourg\/fr\/wp-json\/wp\/v2\/p4-page-type?post=11360"}],"curies":[{"name":"wp","href":"https:\/\/api.w.org\/{rel}","templated":true}]}}