{"id":11436,"date":"2021-06-17T09:39:11","date_gmt":"2021-06-17T07:39:11","guid":{"rendered":"https:\/\/www.greenpeace.org\/luxembourg\/?p=11436"},"modified":"2021-12-01T17:24:18","modified_gmt":"2021-12-01T15:24:18","slug":"greenpeace-luxembourg-envoie-une-lettre-ouverte-au-gouverneur-de-la-bei-pierre-gramegna","status":"publish","type":"post","link":"https:\/\/www.greenpeace.org\/luxembourg\/fr\/communiques-de-presse\/11436\/greenpeace-luxembourg-envoie-une-lettre-ouverte-au-gouverneur-de-la-bei-pierre-gramegna\/","title":{"rendered":"Greenpeace Luxembourg envoie une lettre ouverte au gouverneur de la BEI, Pierre Gramegna"},"content":{"rendered":"\n<p><em>Luxembourg, <\/em>17 juin 2021 &#8211; Le 18 juin, notre ministre des finances Pierre Gramegna et les 26 autres ministres des finances de l&#8217;UE se r\u00e9uniront (virtuellement) \u00e0 Luxembourg pour l&#8217;assembl\u00e9e g\u00e9n\u00e9rale annuelle des gouverneurs de la Banque europ\u00e9enne d&#8217;investissement (BEI), au cours de laquelle le pr\u00e9sident Werner Hoyer rendra compte au conseil d&#8217;administration des activit\u00e9s de la Banque en 2020.<br><br>L&#8217;aspiration de la Banque europ\u00e9enne d&#8217;investissement \u00e0 devenir la banque climatique de l&#8217;UE n&#8217;a pas abouti en raison de son soutien constant aux grands pollueurs. Cet \u00e9chec est d\u00fb aux promesses non tenues du pr\u00e9sident de la BEI, Werner Hoyer, qui s&#8217;\u00e9tait pourtant engag\u00e9 \u00e0 respecter les objectifs juridiquement contraignants de l&#8217;accord de Paris. La mani\u00e8re dont la Banque distribue l&#8217;argent contraste donc fortement avec ses engagements climatiques. Au lieu de devenir un v\u00e9ritable leader en mati\u00e8re de climat parmi les institutions financi\u00e8res, la BEI concentre ses efforts sur le greenwashing. Elle semble bien plus pr\u00e9occup\u00e9e par la satisfaction de ses clients \u00e9metteurs de carbone que par une reprise post-COVID19 qui soit r\u00e9ellement verte et juste &#8211; une direction essentielle pour l&#8217;avenir de l&#8217;humanit\u00e9 et de la plan\u00e8te.<br><br>En amont de leur r\u00e9union, Greenpeace Luxembourg a envoy\u00e9 une <a href=\"https:\/\/www.greenpeace.org\/static\/planet4-luxembourg-stateless\/2021\/06\/afd388bf-open-letter-from-greenpeace-to-eib-governor-and-finance-minister-pierre-gramegna.pdf\">lettre ouverte<\/a> au ministre luxembourgeois des Finances Pierre Gramegna et au directeur luxembourgeois de la BEI Ars\u00e8ne Jacoby, membre du Conseil des gouverneurs.<\/p>\n\t\t\t<section\n\t\t\tclass=\"boxout post-5672 \"\n\t\t\t\n\t\t>\n\t\t\t<a\n\t\t\t\tdata-ga-category=\"Take Action Boxout\"\n\t\t\t\tdata-ga-action=\"Image\"\n\t\t\t\tdata-ga-label=\"n\/a\"\n\t\t\t\tclass=\"cover-card-overlay\"\n\t\t\t\thref=\"https:\/\/www.greenpeace.org\/luxembourg\/fr\/refusons-de-financer-la-crise-climatique\/\" \n\t\t\t><\/a>\n\t\t\t\t\t\t\t<img\n\t\t\t\t\t\tsrc=\"https:\/\/www.greenpeace.org\/static\/planet4-luxembourg-stateless\/2019\/09\/d79549bf-4cab98e6-gp0strcjp-1024x683.jpg\"\n\t\t\t\t\t\tsrcset=\"https:\/\/www.greenpeace.org\/static\/planet4-luxembourg-stateless\/2019\/09\/d79549bf-4cab98e6-gp0strcjp-300x200.jpg 300w, https:\/\/www.greenpeace.org\/static\/planet4-luxembourg-stateless\/2019\/09\/d79549bf-4cab98e6-gp0strcjp-768x512.jpg 768w, https:\/\/www.greenpeace.org\/static\/planet4-luxembourg-stateless\/2019\/09\/d79549bf-4cab98e6-gp0strcjp-1024x683.jpg 1024w, https:\/\/www.greenpeace.org\/static\/planet4-luxembourg-stateless\/2019\/09\/d79549bf-4cab98e6-gp0strcjp-510x340.jpg 510w, https:\/\/www.greenpeace.org\/static\/planet4-luxembourg-stateless\/2019\/09\/d79549bf-4cab98e6-gp0strcjp.jpg 1200w\"\n\t\t\t\t\t\tsizes=\"(min-width: 1000px) 358px, (min-width: 780px) 313px, 88px\"\n\t\t\t\t\t\talt=\"\" title=\"\"\n\t\t\t\t\/>\n            \t\t\t<div class=\"boxout-content\">\n\t\t\t\t\t\t\t\t\t<a\n\t\t\t\t\t\tclass=\"boxout-heading medium\"\n\t\t\t\t\t\tdata-ga-category=\"Take Action Boxout\"\n\t\t\t\t\t\tdata-ga-action=\"Title\"\n\t\t\t\t\t\tdata-ga-label=\"n\/a\"\n\t\t\t\t\t\thref=\"https:\/\/www.greenpeace.org\/luxembourg\/fr\/refusons-de-financer-la-crise-climatique\/\"\n\t\t\t\t\t\t\n\t\t\t\t\t>\n\t\t\t\t\t\tFDC : Refusons de financer la crise climatique avec l\u2019argent de nos retraites\n\t\t\t\t\t<\/a>\n\t\t\t\t\t\t\t\t\t\t\t\t\t<p class=\"boxout-excerpt\">Au Luxembourg, l\u2019argent de nos cotisations sociales finance la destruction de l\u2019environnement et du climat. <\/p>\n\t\t\t\t                                    <a\n                        class=\"btn btn-primary\"\n                        data-ga-category=\"Take Action Boxout\"\n                        data-ga-action=\"Call to Action\"\n                        data-ga-label=\"n\/a\"\n                        href=\"https:\/\/www.greenpeace.org\/luxembourg\/fr\/refusons-de-financer-la-crise-climatique\/\"\n                        \n                    >\n                        S&#039;engager\n                    <\/a>\n                \t\t\t<\/div>\n\t\t\t\t\t<\/section>\n\t","protected":false},"excerpt":{"rendered":"<p>Le 18 juin, notre ministre des finances Pierre Gramegna et les 26 autres ministres des finances de l&#8217;UE se r\u00e9uniront (virtuellement) \u00e0 Luxembourg pour l&#8217;assembl\u00e9e&hellip;<\/p>\n","protected":false},"author":25,"featured_media":11437,"comment_status":"closed","ping_status":"closed","sticky":false,"template":"","format":"standard","meta":{"ep_exclude_from_search":false,"p4_og_title":"","p4_og_description":"","p4_og_image":"","p4_og_image_id":"","p4_seo_canonical_url":"","p4_campaign_name":"not set","p4_local_project":"not set","p4_basket_name":"not set","p4_department":"","footnotes":""},"categories":[41],"tags":[37],"p4-page-type":[83],"class_list":["post-11436","post","type-post","status-publish","format-standard","has-post-thumbnail","hentry","category-climat","tag-changementclimatique","p4-page-type-communiques-de-presse"],"yoast_head":"<!-- This site is optimized with the Yoast SEO Premium plugin v23.9 (Yoast SEO v23.9) - https:\/\/yoast.com\/wordpress\/plugins\/seo\/ -->\n<title>Greenpeace Luxembourg envoie une lettre ouverte au gouverneur de la BEI, Pierre Gramegna - Greenpeace Luxembourg<\/title>\n<meta name=\"robots\" content=\"index, follow, max-snippet:-1, max-image-preview:large, max-video-preview:-1\" \/>\n<link rel=\"canonical\" href=\"https:\/\/www.greenpeace.org\/luxembourg\/fr\/communiques-de-presse\/11436\/greenpeace-luxembourg-envoie-une-lettre-ouverte-au-gouverneur-de-la-bei-pierre-gramegna\/\" \/>\n<meta property=\"og:locale\" content=\"fr_FR\" \/>\n<meta property=\"og:type\" content=\"article\" \/>\n<meta property=\"og:title\" content=\"Greenpeace Luxembourg envoie une lettre ouverte au gouverneur de la BEI, Pierre Gramegna\" \/>\n<meta property=\"og:description\" content=\"Le 18 juin, notre ministre des finances Pierre Gramegna et les 26 autres ministres des finances de l&#8217;UE se r\u00e9uniront (virtuellement) \u00e0 Luxembourg pour l&#8217;assembl\u00e9e&hellip;\" \/>\n<meta property=\"og:url\" content=\"https:\/\/www.greenpeace.org\/luxembourg\/fr\/communiques-de-presse\/11436\/greenpeace-luxembourg-envoie-une-lettre-ouverte-au-gouverneur-de-la-bei-pierre-gramegna\/\" \/>\n<meta property=\"og:site_name\" content=\"Greenpeace Luxembourg\" \/>\n<meta property=\"article:publisher\" content=\"https:\/\/www.facebook.com\/greenpeaceluxembourg\" \/>\n<meta property=\"article:published_time\" content=\"2021-06-17T07:39:11+00:00\" \/>\n<meta property=\"article:modified_time\" content=\"2021-12-01T15:24:18+00:00\" \/>\n<meta property=\"og:image\" content=\"https:\/\/www.greenpeace.org\/static\/planet4-luxembourg-stateless\/2021\/06\/c570008e-gp0stt1m5_web_size.jpg\" \/>\n\t<meta property=\"og:image:width\" content=\"800\" \/>\n\t<meta property=\"og:image:height\" content=\"530\" \/>\n\t<meta property=\"og:image:type\" content=\"image\/jpeg\" \/>\n<meta name=\"author\" content=\"Esther Wildanger\" \/>\n<meta name=\"twitter:card\" content=\"summary_large_image\" \/>\n<meta name=\"twitter:label1\" content=\"Written by\" \/>\n\t<meta name=\"twitter:data1\" content=\"Esther Wildanger\" \/>\n\t<meta name=\"twitter:label2\" content=\"Est. reading time\" \/>\n\t<meta name=\"twitter:data2\" content=\"1 minute\" \/>\n<script type=\"application\/ld+json\" class=\"yoast-schema-graph\">{\"@context\":\"https:\/\/schema.org\",\"@graph\":[{\"@type\":\"Article\",\"@id\":\"https:\/\/www.greenpeace.org\/luxembourg\/fr\/communiques-de-presse\/11436\/greenpeace-luxembourg-envoie-une-lettre-ouverte-au-gouverneur-de-la-bei-pierre-gramegna\/#article\",\"isPartOf\":{\"@id\":\"https:\/\/www.greenpeace.org\/luxembourg\/fr\/communiques-de-presse\/11436\/greenpeace-luxembourg-envoie-une-lettre-ouverte-au-gouverneur-de-la-bei-pierre-gramegna\/\"},\"author\":{\"name\":\"Esther Wildanger\",\"@id\":\"https:\/\/www.greenpeace.org\/luxembourg\/fr\/#\/schema\/person\/3d0e81a859b59009fec36a8552ef76a7\"},\"headline\":\"Greenpeace Luxembourg envoie une lettre ouverte au gouverneur de la BEI, Pierre Gramegna\",\"datePublished\":\"2021-06-17T07:39:11+00:00\",\"dateModified\":\"2021-12-01T15:24:18+00:00\",\"mainEntityOfPage\":{\"@id\":\"https:\/\/www.greenpeace.org\/luxembourg\/fr\/communiques-de-presse\/11436\/greenpeace-luxembourg-envoie-une-lettre-ouverte-au-gouverneur-de-la-bei-pierre-gramegna\/\"},\"wordCount\":258,\"publisher\":{\"@id\":\"https:\/\/www.greenpeace.org\/luxembourg\/fr\/#organization\"},\"image\":{\"@id\":\"https:\/\/www.greenpeace.org\/luxembourg\/fr\/communiques-de-presse\/11436\/greenpeace-luxembourg-envoie-une-lettre-ouverte-au-gouverneur-de-la-bei-pierre-gramegna\/#primaryimage\"},\"thumbnailUrl\":\"https:\/\/www.greenpeace.org\/static\/planet4-luxembourg-stateless\/2021\/06\/c570008e-gp0stt1m5_web_size.jpg\",\"keywords\":[\"ChangementClimatique\"],\"articleSection\":[\"Climat\"],\"inLanguage\":\"fr-LU\"},{\"@type\":\"WebPage\",\"@id\":\"https:\/\/www.greenpeace.org\/luxembourg\/fr\/communiques-de-presse\/11436\/greenpeace-luxembourg-envoie-une-lettre-ouverte-au-gouverneur-de-la-bei-pierre-gramegna\/\",\"url\":\"https:\/\/www.greenpeace.org\/luxembourg\/fr\/communiques-de-presse\/11436\/greenpeace-luxembourg-envoie-une-lettre-ouverte-au-gouverneur-de-la-bei-pierre-gramegna\/\",\"name\":\"Greenpeace Luxembourg envoie une lettre ouverte au gouverneur de la BEI, Pierre Gramegna - Greenpeace Luxembourg\",\"isPartOf\":{\"@id\":\"https:\/\/www.greenpeace.org\/luxembourg\/fr\/#website\"},\"primaryImageOfPage\":{\"@id\":\"https:\/\/www.greenpeace.org\/luxembourg\/fr\/communiques-de-presse\/11436\/greenpeace-luxembourg-envoie-une-lettre-ouverte-au-gouverneur-de-la-bei-pierre-gramegna\/#primaryimage\"},\"image\":{\"@id\":\"https:\/\/www.greenpeace.org\/luxembourg\/fr\/communiques-de-presse\/11436\/greenpeace-luxembourg-envoie-une-lettre-ouverte-au-gouverneur-de-la-bei-pierre-gramegna\/#primaryimage\"},\"thumbnailUrl\":\"https:\/\/www.greenpeace.org\/static\/planet4-luxembourg-stateless\/2021\/06\/c570008e-gp0stt1m5_web_size.jpg\",\"datePublished\":\"2021-06-17T07:39:11+00:00\",\"dateModified\":\"2021-12-01T15:24:18+00:00\",\"breadcrumb\":{\"@id\":\"https:\/\/www.greenpeace.org\/luxembourg\/fr\/communiques-de-presse\/11436\/greenpeace-luxembourg-envoie-une-lettre-ouverte-au-gouverneur-de-la-bei-pierre-gramegna\/#breadcrumb\"},\"inLanguage\":\"fr-LU\",\"potentialAction\":[{\"@type\":\"ReadAction\",\"target\":[\"https:\/\/www.greenpeace.org\/luxembourg\/fr\/communiques-de-presse\/11436\/greenpeace-luxembourg-envoie-une-lettre-ouverte-au-gouverneur-de-la-bei-pierre-gramegna\/\"]}]},{\"@type\":\"ImageObject\",\"inLanguage\":\"fr-LU\",\"@id\":\"https:\/\/www.greenpeace.org\/luxembourg\/fr\/communiques-de-presse\/11436\/greenpeace-luxembourg-envoie-une-lettre-ouverte-au-gouverneur-de-la-bei-pierre-gramegna\/#primaryimage\",\"url\":\"https:\/\/www.greenpeace.org\/static\/planet4-luxembourg-stateless\/2021\/06\/c570008e-gp0stt1m5_web_size.jpg\",\"contentUrl\":\"https:\/\/www.greenpeace.org\/static\/planet4-luxembourg-stateless\/2021\/06\/c570008e-gp0stt1m5_web_size.jpg\",\"width\":800,\"height\":530,\"caption\":\"The European Investment Bank (EIB) is the investment bank of the European Union and the world\u2019s biggest international lender. The bank is currently reviewing its energy lending criteria, which determines which energy projects the bank will or will not finance. On February 4, 2019 the EIB holds its annual seminar with civil society and the Bank\u2019s Board of Directors in Luxembourg. With an action in front of the EIB building and an Eiffel Tower replica, Greenpeace activists send a clear demand to the European Investment Bank to respect the Paris Agreement and stop financing coal and other fossil fuels.\"},{\"@type\":\"BreadcrumbList\",\"@id\":\"https:\/\/www.greenpeace.org\/luxembourg\/fr\/communiques-de-presse\/11436\/greenpeace-luxembourg-envoie-une-lettre-ouverte-au-gouverneur-de-la-bei-pierre-gramegna\/#breadcrumb\",\"itemListElement\":[{\"@type\":\"ListItem\",\"position\":1,\"name\":\"Home\",\"item\":\"https:\/\/www.greenpeace.org\/luxembourg\/fr\/\"},{\"@type\":\"ListItem\",\"position\":2,\"name\":\"Greenpeace Luxembourg envoie une lettre ouverte au gouverneur de la BEI, Pierre Gramegna\"}]},{\"@type\":\"WebSite\",\"@id\":\"https:\/\/www.greenpeace.org\/luxembourg\/fr\/#website\",\"url\":\"https:\/\/www.greenpeace.org\/luxembourg\/fr\/\",\"name\":\"Greenpeace Luxembourg\",\"description\":\"Greenpeace existe parce que cette Terre fragile a besoin d&#039;une voix. Elle a besoin de solutions. De changement. D&#039;actions.\",\"publisher\":{\"@id\":\"https:\/\/www.greenpeace.org\/luxembourg\/fr\/#organization\"},\"potentialAction\":[{\"@type\":\"SearchAction\",\"target\":{\"@type\":\"EntryPoint\",\"urlTemplate\":\"https:\/\/www.greenpeace.org\/luxembourg\/fr\/?s={search_term_string}\"},\"query-input\":{\"@type\":\"PropertyValueSpecification\",\"valueRequired\":true,\"valueName\":\"search_term_string\"}}],\"inLanguage\":\"fr-LU\"},{\"@type\":\"Organization\",\"@id\":\"https:\/\/www.greenpeace.org\/luxembourg\/fr\/#organization\",\"name\":\"Greenpeace Luxembourg\",\"url\":\"https:\/\/www.greenpeace.org\/luxembourg\/fr\/\",\"logo\":{\"@type\":\"ImageObject\",\"inLanguage\":\"fr-LU\",\"@id\":\"https:\/\/www.greenpeace.org\/luxembourg\/fr\/#\/schema\/logo\/image\/\",\"url\":\"https:\/\/www.greenpeace.org\/static\/planet4-luxembourg-stateless\/2026\/03\/3e367f94-greenpeace_logo_green_rgb.png\",\"contentUrl\":\"https:\/\/www.greenpeace.org\/static\/planet4-luxembourg-stateless\/2026\/03\/3e367f94-greenpeace_logo_green_rgb.png\",\"width\":1080,\"height\":175,\"caption\":\"Greenpeace Luxembourg\"},\"image\":{\"@id\":\"https:\/\/www.greenpeace.org\/luxembourg\/fr\/#\/schema\/logo\/image\/\"},\"sameAs\":[\"https:\/\/www.facebook.com\/greenpeaceluxembourg\",\"https:\/\/www.instagram.com\/greenpeacelux\/\",\"https:\/\/www.linkedin.com\/company\/greenpeace-luxembourg\/\",\"https:\/\/www.threads.com\/@greenpeacelux\",\"https:\/\/bsky.app\/profile\/greenpeacelux.bsky.social\",\"https:\/\/www.youtube.com\/@GreenpeaceLux\",\"https:\/\/www.tiktok.com\/@greenpeace_lux\"]},{\"@type\":\"Person\",\"@id\":\"https:\/\/www.greenpeace.org\/luxembourg\/fr\/#\/schema\/person\/3d0e81a859b59009fec36a8552ef76a7\",\"name\":\"Esther Wildanger\",\"url\":\"https:\/\/www.greenpeace.org\/luxembourg\/fr\/author\/ewildang\/\"}]}<\/script>\n<!-- \/ Yoast SEO Premium plugin. -->","yoast_head_json":{"title":"Greenpeace Luxembourg envoie une lettre ouverte au gouverneur de la BEI, Pierre Gramegna - Greenpeace Luxembourg","robots":{"index":"index","follow":"follow","max-snippet":"max-snippet:-1","max-image-preview":"max-image-preview:large","max-video-preview":"max-video-preview:-1"},"canonical":"https:\/\/www.greenpeace.org\/luxembourg\/fr\/communiques-de-presse\/11436\/greenpeace-luxembourg-envoie-une-lettre-ouverte-au-gouverneur-de-la-bei-pierre-gramegna\/","og_locale":"fr_FR","og_type":"article","og_title":"Greenpeace Luxembourg envoie une lettre ouverte au gouverneur de la BEI, Pierre Gramegna","og_description":"Le 18 juin, notre ministre des finances Pierre Gramegna et les 26 autres ministres des finances de l&#8217;UE se r\u00e9uniront (virtuellement) \u00e0 Luxembourg pour l&#8217;assembl\u00e9e&hellip;","og_url":"https:\/\/www.greenpeace.org\/luxembourg\/fr\/communiques-de-presse\/11436\/greenpeace-luxembourg-envoie-une-lettre-ouverte-au-gouverneur-de-la-bei-pierre-gramegna\/","og_site_name":"Greenpeace Luxembourg","article_publisher":"https:\/\/www.facebook.com\/greenpeaceluxembourg","article_published_time":"2021-06-17T07:39:11+00:00","article_modified_time":"2021-12-01T15:24:18+00:00","og_image":[{"width":800,"height":530,"url":"https:\/\/www.greenpeace.org\/static\/planet4-luxembourg-stateless\/2021\/06\/c570008e-gp0stt1m5_web_size.jpg","type":"image\/jpeg"}],"author":"Esther Wildanger","twitter_card":"summary_large_image","twitter_misc":{"Written by":"Esther Wildanger","Est. reading time":"1 minute"},"schema":{"@context":"https:\/\/schema.org","@graph":[{"@type":"Article","@id":"https:\/\/www.greenpeace.org\/luxembourg\/fr\/communiques-de-presse\/11436\/greenpeace-luxembourg-envoie-une-lettre-ouverte-au-gouverneur-de-la-bei-pierre-gramegna\/#article","isPartOf":{"@id":"https:\/\/www.greenpeace.org\/luxembourg\/fr\/communiques-de-presse\/11436\/greenpeace-luxembourg-envoie-une-lettre-ouverte-au-gouverneur-de-la-bei-pierre-gramegna\/"},"author":{"name":"Esther Wildanger","@id":"https:\/\/www.greenpeace.org\/luxembourg\/fr\/#\/schema\/person\/3d0e81a859b59009fec36a8552ef76a7"},"headline":"Greenpeace Luxembourg envoie une lettre ouverte au gouverneur de la BEI, Pierre Gramegna","datePublished":"2021-06-17T07:39:11+00:00","dateModified":"2021-12-01T15:24:18+00:00","mainEntityOfPage":{"@id":"https:\/\/www.greenpeace.org\/luxembourg\/fr\/communiques-de-presse\/11436\/greenpeace-luxembourg-envoie-une-lettre-ouverte-au-gouverneur-de-la-bei-pierre-gramegna\/"},"wordCount":258,"publisher":{"@id":"https:\/\/www.greenpeace.org\/luxembourg\/fr\/#organization"},"image":{"@id":"https:\/\/www.greenpeace.org\/luxembourg\/fr\/communiques-de-presse\/11436\/greenpeace-luxembourg-envoie-une-lettre-ouverte-au-gouverneur-de-la-bei-pierre-gramegna\/#primaryimage"},"thumbnailUrl":"https:\/\/www.greenpeace.org\/static\/planet4-luxembourg-stateless\/2021\/06\/c570008e-gp0stt1m5_web_size.jpg","keywords":["ChangementClimatique"],"articleSection":["Climat"],"inLanguage":"fr-LU"},{"@type":"WebPage","@id":"https:\/\/www.greenpeace.org\/luxembourg\/fr\/communiques-de-presse\/11436\/greenpeace-luxembourg-envoie-une-lettre-ouverte-au-gouverneur-de-la-bei-pierre-gramegna\/","url":"https:\/\/www.greenpeace.org\/luxembourg\/fr\/communiques-de-presse\/11436\/greenpeace-luxembourg-envoie-une-lettre-ouverte-au-gouverneur-de-la-bei-pierre-gramegna\/","name":"Greenpeace Luxembourg envoie une lettre ouverte au gouverneur de la BEI, Pierre Gramegna - Greenpeace Luxembourg","isPartOf":{"@id":"https:\/\/www.greenpeace.org\/luxembourg\/fr\/#website"},"primaryImageOfPage":{"@id":"https:\/\/www.greenpeace.org\/luxembourg\/fr\/communiques-de-presse\/11436\/greenpeace-luxembourg-envoie-une-lettre-ouverte-au-gouverneur-de-la-bei-pierre-gramegna\/#primaryimage"},"image":{"@id":"https:\/\/www.greenpeace.org\/luxembourg\/fr\/communiques-de-presse\/11436\/greenpeace-luxembourg-envoie-une-lettre-ouverte-au-gouverneur-de-la-bei-pierre-gramegna\/#primaryimage"},"thumbnailUrl":"https:\/\/www.greenpeace.org\/static\/planet4-luxembourg-stateless\/2021\/06\/c570008e-gp0stt1m5_web_size.jpg","datePublished":"2021-06-17T07:39:11+00:00","dateModified":"2021-12-01T15:24:18+00:00","breadcrumb":{"@id":"https:\/\/www.greenpeace.org\/luxembourg\/fr\/communiques-de-presse\/11436\/greenpeace-luxembourg-envoie-une-lettre-ouverte-au-gouverneur-de-la-bei-pierre-gramegna\/#breadcrumb"},"inLanguage":"fr-LU","potentialAction":[{"@type":"ReadAction","target":["https:\/\/www.greenpeace.org\/luxembourg\/fr\/communiques-de-presse\/11436\/greenpeace-luxembourg-envoie-une-lettre-ouverte-au-gouverneur-de-la-bei-pierre-gramegna\/"]}]},{"@type":"ImageObject","inLanguage":"fr-LU","@id":"https:\/\/www.greenpeace.org\/luxembourg\/fr\/communiques-de-presse\/11436\/greenpeace-luxembourg-envoie-une-lettre-ouverte-au-gouverneur-de-la-bei-pierre-gramegna\/#primaryimage","url":"https:\/\/www.greenpeace.org\/static\/planet4-luxembourg-stateless\/2021\/06\/c570008e-gp0stt1m5_web_size.jpg","contentUrl":"https:\/\/www.greenpeace.org\/static\/planet4-luxembourg-stateless\/2021\/06\/c570008e-gp0stt1m5_web_size.jpg","width":800,"height":530,"caption":"The European Investment Bank (EIB) is the investment bank of the European Union and the world\u2019s biggest international lender. The bank is currently reviewing its energy lending criteria, which determines which energy projects the bank will or will not finance. On February 4, 2019 the EIB holds its annual seminar with civil society and the Bank\u2019s Board of Directors in Luxembourg. With an action in front of the EIB building and an Eiffel Tower replica, Greenpeace activists send a clear demand to the European Investment Bank to respect the Paris Agreement and stop financing coal and other fossil fuels."},{"@type":"BreadcrumbList","@id":"https:\/\/www.greenpeace.org\/luxembourg\/fr\/communiques-de-presse\/11436\/greenpeace-luxembourg-envoie-une-lettre-ouverte-au-gouverneur-de-la-bei-pierre-gramegna\/#breadcrumb","itemListElement":[{"@type":"ListItem","position":1,"name":"Home","item":"https:\/\/www.greenpeace.org\/luxembourg\/fr\/"},{"@type":"ListItem","position":2,"name":"Greenpeace Luxembourg envoie une lettre ouverte au gouverneur de la BEI, Pierre Gramegna"}]},{"@type":"WebSite","@id":"https:\/\/www.greenpeace.org\/luxembourg\/fr\/#website","url":"https:\/\/www.greenpeace.org\/luxembourg\/fr\/","name":"Greenpeace Luxembourg","description":"Greenpeace existe parce que cette Terre fragile a besoin d&#039;une voix. Elle a besoin de solutions. De changement. D&#039;actions.","publisher":{"@id":"https:\/\/www.greenpeace.org\/luxembourg\/fr\/#organization"},"potentialAction":[{"@type":"SearchAction","target":{"@type":"EntryPoint","urlTemplate":"https:\/\/www.greenpeace.org\/luxembourg\/fr\/?s={search_term_string}"},"query-input":{"@type":"PropertyValueSpecification","valueRequired":true,"valueName":"search_term_string"}}],"inLanguage":"fr-LU"},{"@type":"Organization","@id":"https:\/\/www.greenpeace.org\/luxembourg\/fr\/#organization","name":"Greenpeace Luxembourg","url":"https:\/\/www.greenpeace.org\/luxembourg\/fr\/","logo":{"@type":"ImageObject","inLanguage":"fr-LU","@id":"https:\/\/www.greenpeace.org\/luxembourg\/fr\/#\/schema\/logo\/image\/","url":"https:\/\/www.greenpeace.org\/static\/planet4-luxembourg-stateless\/2026\/03\/3e367f94-greenpeace_logo_green_rgb.png","contentUrl":"https:\/\/www.greenpeace.org\/static\/planet4-luxembourg-stateless\/2026\/03\/3e367f94-greenpeace_logo_green_rgb.png","width":1080,"height":175,"caption":"Greenpeace Luxembourg"},"image":{"@id":"https:\/\/www.greenpeace.org\/luxembourg\/fr\/#\/schema\/logo\/image\/"},"sameAs":["https:\/\/www.facebook.com\/greenpeaceluxembourg","https:\/\/www.instagram.com\/greenpeacelux\/","https:\/\/www.linkedin.com\/company\/greenpeace-luxembourg\/","https:\/\/www.threads.com\/@greenpeacelux","https:\/\/bsky.app\/profile\/greenpeacelux.bsky.social","https:\/\/www.youtube.com\/@GreenpeaceLux","https:\/\/www.tiktok.com\/@greenpeace_lux"]},{"@type":"Person","@id":"https:\/\/www.greenpeace.org\/luxembourg\/fr\/#\/schema\/person\/3d0e81a859b59009fec36a8552ef76a7","name":"Esther Wildanger","url":"https:\/\/www.greenpeace.org\/luxembourg\/fr\/author\/ewildang\/"}]}},"_links":{"self":[{"href":"https:\/\/www.greenpeace.org\/luxembourg\/fr\/wp-json\/wp\/v2\/posts\/11436","targetHints":{"allow":["GET"]}}],"collection":[{"href":"https:\/\/www.greenpeace.org\/luxembourg\/fr\/wp-json\/wp\/v2\/posts"}],"about":[{"href":"https:\/\/www.greenpeace.org\/luxembourg\/fr\/wp-json\/wp\/v2\/types\/post"}],"author":[{"embeddable":true,"href":"https:\/\/www.greenpeace.org\/luxembourg\/fr\/wp-json\/wp\/v2\/users\/25"}],"replies":[{"embeddable":true,"href":"https:\/\/www.greenpeace.org\/luxembourg\/fr\/wp-json\/wp\/v2\/comments?post=11436"}],"version-history":[{"count":4,"href":"https:\/\/www.greenpeace.org\/luxembourg\/fr\/wp-json\/wp\/v2\/posts\/11436\/revisions"}],"predecessor-version":[{"id":12834,"href":"https:\/\/www.greenpeace.org\/luxembourg\/fr\/wp-json\/wp\/v2\/posts\/11436\/revisions\/12834"}],"wp:featuredmedia":[{"embeddable":true,"href":"https:\/\/www.greenpeace.org\/luxembourg\/fr\/wp-json\/wp\/v2\/media\/11437"}],"wp:attachment":[{"href":"https:\/\/www.greenpeace.org\/luxembourg\/fr\/wp-json\/wp\/v2\/media?parent=11436"}],"wp:term":[{"taxonomy":"category","embeddable":true,"href":"https:\/\/www.greenpeace.org\/luxembourg\/fr\/wp-json\/wp\/v2\/categories?post=11436"},{"taxonomy":"post_tag","embeddable":true,"href":"https:\/\/www.greenpeace.org\/luxembourg\/fr\/wp-json\/wp\/v2\/tags?post=11436"},{"taxonomy":"p4-page-type","embeddable":true,"href":"https:\/\/www.greenpeace.org\/luxembourg\/fr\/wp-json\/wp\/v2\/p4-page-type?post=11436"}],"curies":[{"name":"wp","href":"https:\/\/api.w.org\/{rel}","templated":true}]}}