{"id":11605,"date":"2021-06-28T19:17:03","date_gmt":"2021-06-28T17:17:03","guid":{"rendered":"https:\/\/www.greenpeace.org\/luxembourg\/?p=11605"},"modified":"2025-07-02T09:35:47","modified_gmt":"2025-07-02T07:35:47","slug":"la-deforestation-importee-au-luxembourg","status":"publish","type":"post","link":"https:\/\/www.greenpeace.org\/luxembourg\/fr\/actualites\/11605\/la-deforestation-importee-au-luxembourg\/","title":{"rendered":"La d\u00e9forestation import\u00e9e au Luxembourg"},"content":{"rendered":"\n<p>Amazonie, Australie, Indon\u00e9sie, Sib\u00e9rie, chaque jour des \u00e9cosyst\u00e8mes pr\u00e9cieux partent en fum\u00e9e et une biodiversit\u00e9 majestueuse dispara\u00eet. Pourquoi ? Pour qui ? <\/p>\n\n<h3 class=\"wp-block-heading\"><strong>Qu&#8217;est ce que la d\u00e9forestation import\u00e9e ?<\/strong><\/h3>\n\n<p>C&#8217;est l&#8217;importation d&#8217;un produit qui a contribu\u00e9 \u00e0 la d\u00e9forestation. Et aussi surprenant que cela puisse para\u00eetre , la complicit\u00e9 internationale des plus grands comme des plus petits \u00c9tats est prouv\u00e9e : <strong>les produits que nous consommons peuvent \u00eatre li\u00e9s \u00e0 la d\u00e9forestation au bout du monde\u2026 m\u00eame s\u2019ils paraissent locaux !\u00a0<\/strong><\/p>\n\n<h3 class=\"wp-block-heading\"><strong>Le Luxembourg contribue-t-il \u00e0 la d\u00e9forestation ?<\/strong><\/h3>\n\n<p>Oui. Sur le territoire luxembourgeois, nous importons 27 milliers de tonnes de soja produit hors Europe et notamment en Am\u00e9rique du sud : cela correspond \u00e0 <strong>11.000 hectares de terres exploit\u00e9es \u00e0 travers le monde pour le Luxembourg<\/strong>, ou encore 187m2\/par personne de terres arables cultiv\u00e9es outre-mer chaque ann\u00e9e ! Et ce, rien que pour le soja import\u00e9 !<\/p>\n\n<p>Ces chiffres sont tr\u00e8s similaires chez nos pays voisins (169m2\/h en Allemagne et 184m2\/h en France). Nous avons tout\u00b7es un r\u00f4le \u00e0 jouer. [Spoiler : nous savons lequel, mais avons encore quelques infos \u00e0 vous partager.]<\/p>\n\n<h3 class=\"wp-block-heading\"><strong>Qui consomme ce soja au Luxembourg ?<\/strong><\/h3>\n\n<p>Alors non, les tofu-lovers ne sont pas \u00e0 bl\u00e2mer : tout ce soja import\u00e9 n&#8217;est pas destin\u00e9 \u00e0 l&#8217;humain ! Pour nous, le soja europ\u00e9en suffit amplement. Au Luxembourg, les importations de soja sont tr\u00e8s majoritairement dop\u00e9es par l\u2019industrialisation de notre \u00e9levage de bovins pour la production de lait &#8220;local&#8221; : sachant que<strong> plus de 60 % du lait cru est export\u00e9 <\/strong>en dehors de nos terres. Oui, 60 % ex-por-t\u00e9 !<\/p>\n\n<p>Le soja est pourtant souvent cultiv\u00e9 sur les cendres d\u2019\u00e9cosyst\u00e8mes essentiels comme le Cerrado ou la for\u00eat amazonienne, alors qu\u2019il suffirait de mieux g\u00e9rer l&#8217;exploitation de nos riches sols europ\u00e9ens.<\/p>\n\n<p><strong>D\u00e9forester<\/strong> pour <strong>importer<\/strong>, pour <strong>transformer<\/strong> puis pour <strong>exporter<\/strong> : cela en vaut-il la peine ? si votre r\u00e9ponse est NON, cliquez <a href=\"https:\/\/www.greenpeace.org\/luxembourg\/fr\/action\/petition-deforestation\/\">ici<\/a> !<\/p>\n<div data-render=\"planet4-blocks\/gallery\" data-attributes=\"{&quot;attributes&quot;:{&quot;multiple_image&quot;:&quot;11654,11641,11652&quot;,&quot;gallery_block_focus_points&quot;:&quot;{\\&quot;11641\\&quot;:\\&quot;50% 50%\\&quot;,\\&quot;11652\\&quot;:\\&quot;50% 50%\\&quot;,\\&quot;11654\\&quot;:\\&quot;94% 46%\\&quot;}&quot;,&quot;image_data&quot;:[{&quot;url&quot;:&quot;https:\\\/\\\/www.greenpeace.org\\\/static\\\/planet4-luxembourg-stateless\\\/2021\\\/06\\\/4b57afba-gp01k91_pressmedia.jpg&quot;,&quot;focalPoint&quot;:{&quot;x&quot;:&quot;0.94&quot;,&quot;y&quot;:&quot;0.46&quot;},&quot;id&quot;:11654},{&quot;url&quot;:&quot;https:\\\/\\\/www.greenpeace.org\\\/static\\\/planet4-luxembourg-stateless\\\/2021\\\/06\\\/9ef89823-gp03324.jpg&quot;,&quot;focalPoint&quot;:{&quot;x&quot;:0.5,&quot;y&quot;:0.5},&quot;id&quot;:11641},{&quot;url&quot;:&quot;https:\\\/\\\/www.greenpeace.org\\\/static\\\/planet4-luxembourg-stateless\\\/2021\\\/06\\\/dfafdb9a-gp1su0ge.jpg&quot;,&quot;focalPoint&quot;:{&quot;x&quot;:0.5,&quot;y&quot;:0.5},&quot;id&quot;:11652}],&quot;className&quot;:&quot;is-style-three-columns&quot;,&quot;gallery_block_style&quot;:0,&quot;gallery_block_title&quot;:&quot;&quot;,&quot;gallery_block_description&quot;:&quot;&quot;,&quot;images&quot;:[{&quot;image_src&quot;:&quot;https:\\\/\\\/www.greenpeace.org\\\/static\\\/planet4-luxembourg-stateless\\\/2021\\\/06\\\/4b57afba-gp01k91_pressmedia.jpg&quot;,&quot;image_srcset&quot;:&quot;https:\\\/\\\/www.greenpeace.org\\\/static\\\/planet4-luxembourg-stateless\\\/2021\\\/06\\\/4b57afba-gp01k91_pressmedia.jpg 2500w, https:\\\/\\\/www.greenpeace.org\\\/static\\\/planet4-luxembourg-stateless\\\/2021\\\/06\\\/4b57afba-gp01k91_pressmedia-300x200.jpg 300w, https:\\\/\\\/www.greenpeace.org\\\/static\\\/planet4-luxembourg-stateless\\\/2021\\\/06\\\/4b57afba-gp01k91_pressmedia-1024x683.jpg 1024w, https:\\\/\\\/www.greenpeace.org\\\/static\\\/planet4-luxembourg-stateless\\\/2021\\\/06\\\/4b57afba-gp01k91_pressmedia-768x512.jpg 768w, https:\\\/\\\/www.greenpeace.org\\\/static\\\/planet4-luxembourg-stateless\\\/2021\\\/06\\\/4b57afba-gp01k91_pressmedia-1536x1024.jpg 1536w, https:\\\/\\\/www.greenpeace.org\\\/static\\\/planet4-luxembourg-stateless\\\/2021\\\/06\\\/4b57afba-gp01k91_pressmedia-2048x1366.jpg 2048w, https:\\\/\\\/www.greenpeace.org\\\/static\\\/planet4-luxembourg-stateless\\\/2021\\\/06\\\/4b57afba-gp01k91_pressmedia-510x340.jpg 510w&quot;,&quot;image_sizes&quot;:false,&quot;alt_text&quot;:&quot;Burning Pasture in Amazon&quot;,&quot;caption&quot;:&quot;Burning pasture in deforested area in the Amazon.&quot;,&quot;focus_image&quot;:&quot;94% 46%&quot;,&quot;credits&quot;:&quot;\\u00a9 Greenpeace \\\/ Rodrigo Bal\\u00e9ia&quot;},{&quot;image_src&quot;:&quot;https:\\\/\\\/www.greenpeace.org\\\/static\\\/planet4-luxembourg-stateless\\\/2021\\\/06\\\/9ef89823-gp03324.jpg&quot;,&quot;image_srcset&quot;:&quot;https:\\\/\\\/www.greenpeace.org\\\/static\\\/planet4-luxembourg-stateless\\\/2021\\\/06\\\/9ef89823-gp03324.jpg 1200w, https:\\\/\\\/www.greenpeace.org\\\/static\\\/planet4-luxembourg-stateless\\\/2021\\\/06\\\/9ef89823-gp03324-300x199.jpg 300w, https:\\\/\\\/www.greenpeace.org\\\/static\\\/planet4-luxembourg-stateless\\\/2021\\\/06\\\/9ef89823-gp03324-1024x680.jpg 1024w, https:\\\/\\\/www.greenpeace.org\\\/static\\\/planet4-luxembourg-stateless\\\/2021\\\/06\\\/9ef89823-gp03324-768x510.jpg 768w, https:\\\/\\\/www.greenpeace.org\\\/static\\\/planet4-luxembourg-stateless\\\/2021\\\/06\\\/9ef89823-gp03324-510x340.jpg 510w&quot;,&quot;image_sizes&quot;:false,&quot;alt_text&quot;:&quot;Angeln Cattle in Animal Park Arche Warder in Germany. \\u00a9 Sabine Vielmo \\\/ Greenpeace&quot;,&quot;caption&quot;:&quot;Angeln cattle are a breed of cattle originally from Angeln in Schleswig-Holstein where they are first mentioned around 1600. They are noted for the high milkfat level of their milk and were used for cross breeding. The species is extremely endangered.&quot;,&quot;focus_image&quot;:&quot;50% 50%&quot;,&quot;credits&quot;:&quot;\\u00a9 Sabine Vielmo \\\/ Greenpeace&quot;},{&quot;image_src&quot;:&quot;https:\\\/\\\/www.greenpeace.org\\\/static\\\/planet4-luxembourg-stateless\\\/2021\\\/06\\\/dfafdb9a-gp1su0ge.jpg&quot;,&quot;image_srcset&quot;:&quot;https:\\\/\\\/www.greenpeace.org\\\/static\\\/planet4-luxembourg-stateless\\\/2021\\\/06\\\/dfafdb9a-gp1su0ge.jpg 1200w, https:\\\/\\\/www.greenpeace.org\\\/static\\\/planet4-luxembourg-stateless\\\/2021\\\/06\\\/dfafdb9a-gp1su0ge-300x200.jpg 300w, https:\\\/\\\/www.greenpeace.org\\\/static\\\/planet4-luxembourg-stateless\\\/2021\\\/06\\\/dfafdb9a-gp1su0ge-1024x683.jpg 1024w, https:\\\/\\\/www.greenpeace.org\\\/static\\\/planet4-luxembourg-stateless\\\/2021\\\/06\\\/dfafdb9a-gp1su0ge-768x512.jpg 768w, https:\\\/\\\/www.greenpeace.org\\\/static\\\/planet4-luxembourg-stateless\\\/2021\\\/06\\\/dfafdb9a-gp1su0ge-510x340.jpg 510w&quot;,&quot;image_sizes&quot;:false,&quot;alt_text&quot;:&quot;Organic Milk Production in Northern Germany. \\u00a9 Lucas Wahl \\\/ Greenpeace&quot;,&quot;caption&quot;:&quot;Organic milk production at De Oeko Melkburen in the region around Hamburg. De Oeko Melkburen (The Eco Milk Farmers) is a union of dairy farms from Schleswig-Holstein that produce their milk according to Bioland guidelines.\\nPacking the milk at the dairy.&quot;,&quot;focus_image&quot;:&quot;50% 50%&quot;,&quot;credits&quot;:&quot;\\u00a9 Lucas Wahl \\\/ Greenpeace&quot;}]}}\"><\/div>\n<h4 class=\"wp-block-heading\"><strong>Viande, lait, c\u00e9r\u00e9ales, huile de palme : mieux consommer pour prot\u00e9ger les animaux, les humains et les for\u00eats<\/strong><\/h4>\n\n<p>Des for\u00eats ras\u00e9es pour l&#8217;\u00e9levage industriel de <strong>viande<\/strong> ou encore pour planter du <strong>soja<\/strong> qui nourrit le <strong>b\u00e9tail<\/strong> de notre <strong>lait luxembourgeois<\/strong>, la d\u00e9forestation import\u00e9e ne concerne pas seulement le soja d\u2019Amazonie. \u00c0 travers le monde, les habitats naturels de nombreuses esp\u00e8ces sont saccag\u00e9s comme en Indon\u00e9sie, o\u00f9 les orangs-outans voient leurs arbres br\u00fbler au profit de l\u2019huile de palme qui sera export\u00e9e pour des biscuits ou du shampoing. Un massacre qui contribue \u00e0 la destruction de la troisi\u00e8me for\u00eat tropicale du monde.<\/p>\n\n<p><strong>Un changement de paradigme dans notre agriculture <\/strong>et notre <strong>industrie alimentaire<\/strong> est donc absolument n\u00e9cessaire pour freiner les d\u00e9g\u00e2ts sur l\u2019environnement, la biodiversit\u00e9 et le climat. Et ensemble, nous pouvons impulser ce changement !<\/p>\n\n<h4 class=\"wp-block-heading\"><strong>Pouvons-nous vraiment changer quelque chose ?<\/strong><\/h4>\n\n<p>Bien s\u00fbr ! Mais c\u2019est la r\u00e9union des efforts communs qui fera la diff\u00e9rence\u00a0 : d\u2019une part, nos expert\u00b7es travaillent au sein de la coalition Meng Landwirtschaft pour obtenir une Politique Agricole Commune (PAC) ambitieuse et durable \u00e0 niveaux europ\u00e9ens. Et de notre c\u00f4t\u00e9, nous allons augmenter la pression sur notre Premier ministre Xavier Bettel ainsi que sur le ministre de l\u2019agriculture Romain Schneider, afin de cr\u00e9er une <strong><span class=\"has-inline-color has-green-500-color\">strat\u00e9gie nationale contre la d\u00e9forestation import\u00e9e <\/span><\/strong>: nous devons nous <strong>assurer que nos importations, \u00e0 commencer par celles de soja, ne contribuent en aucune fa\u00e7on \u00e0 la d\u00e9forestation, \u00e0 la d\u00e9gradation des for\u00eats ou \u00e0 la conversion d\u2019\u00e9cosyst\u00e8mes naturels !<\/strong><\/p>\n\n<div class=\"wp-block-buttons aligncenter is-layout-flex wp-block-buttons-is-layout-flex\">\n<div class=\"wp-block-button is-style-cta\"><a class=\"wp-block-button__link\" href=\"https:\/\/www.greenpeace.org\/luxembourg\/fr\/action\/petition-deforestation\/\">Je signe la p\u00e9tition maintenant<\/a><\/div>\n<\/div>\n\n<br><br><br><br><br><br>\n<div class=\"EmptyMessage\">Block content is empty. Check the block&#8217;s settings or remove it.<\/div>","protected":false},"excerpt":{"rendered":"<p>Qu&#8217;est ce que la d\u00e9forestation import\u00e9e ? Le Luxembourg contribue-t-il \u00e0 la d\u00e9forestation ? Quel impact du soja sur la production laiti\u00e8re ?<\/p>\n","protected":false},"author":22,"featured_media":11654,"comment_status":"closed","ping_status":"closed","sticky":false,"template":"","format":"standard","meta":{"ep_exclude_from_search":false,"p4_og_title":"","p4_og_description":"","p4_og_image":"","p4_og_image_id":"","p4_seo_canonical_url":"","p4_campaign_name":"not set","p4_local_project":"not set","p4_basket_name":"not set","p4_department":"","footnotes":""},"categories":[43],"tags":[38,100],"p4-page-type":[],"class_list":["post-11605","post","type-post","status-publish","format-standard","has-post-thumbnail","hentry","category-nature","tag-biodiversite","tag-forets"],"yoast_head":"<!-- This site is optimized with the Yoast SEO Premium plugin v23.9 (Yoast SEO v23.9) - https:\/\/yoast.com\/wordpress\/plugins\/seo\/ -->\n<title>La d\u00e9forestation import\u00e9e au Luxembourg - Greenpeace Luxembourg<\/title>\n<meta name=\"robots\" content=\"index, follow, max-snippet:-1, max-image-preview:large, max-video-preview:-1\" \/>\n<link rel=\"canonical\" href=\"https:\/\/www.greenpeace.org\/luxembourg\/fr\/actualites\/11605\/la-deforestation-importee-au-luxembourg\/\" \/>\n<meta property=\"og:locale\" content=\"fr_FR\" \/>\n<meta property=\"og:type\" content=\"article\" \/>\n<meta property=\"og:title\" content=\"La d\u00e9forestation import\u00e9e au Luxembourg\" \/>\n<meta property=\"og:description\" content=\"Qu&#039;est ce que la d\u00e9forestation import\u00e9e ? Le Luxembourg contribue-t-il \u00e0 la d\u00e9forestation ? Quel impact du soja sur la production laiti\u00e8re ?\" \/>\n<meta property=\"og:url\" content=\"https:\/\/www.greenpeace.org\/luxembourg\/fr\/actualites\/11605\/la-deforestation-importee-au-luxembourg\/\" \/>\n<meta property=\"og:site_name\" content=\"Greenpeace Luxembourg\" \/>\n<meta property=\"article:publisher\" content=\"https:\/\/www.facebook.com\/greenpeaceluxembourg\" \/>\n<meta property=\"article:published_time\" content=\"2021-06-28T17:17:03+00:00\" \/>\n<meta property=\"article:modified_time\" content=\"2025-07-02T07:35:47+00:00\" \/>\n<meta property=\"og:image\" content=\"https:\/\/www.greenpeace.org\/static\/planet4-luxembourg-stateless\/2021\/06\/4b57afba-gp01k91_pressmedia-1024x683.jpg\" \/>\n\t<meta property=\"og:image:width\" content=\"1024\" \/>\n\t<meta property=\"og:image:height\" content=\"683\" \/>\n\t<meta property=\"og:image:type\" content=\"image\/jpeg\" \/>\n<meta name=\"author\" content=\"Lise Bockler\" \/>\n<meta name=\"twitter:card\" content=\"summary_large_image\" \/>\n<meta name=\"twitter:label1\" content=\"Written by\" \/>\n\t<meta name=\"twitter:data1\" content=\"Lise Bockler\" \/>\n\t<meta name=\"twitter:label2\" content=\"Est. reading time\" \/>\n\t<meta name=\"twitter:data2\" content=\"3 minutes\" \/>\n<script type=\"application\/ld+json\" class=\"yoast-schema-graph\">{\"@context\":\"https:\/\/schema.org\",\"@graph\":[{\"@type\":\"Article\",\"@id\":\"https:\/\/www.greenpeace.org\/luxembourg\/fr\/actualites\/11605\/la-deforestation-importee-au-luxembourg\/#article\",\"isPartOf\":{\"@id\":\"https:\/\/www.greenpeace.org\/luxembourg\/fr\/actualites\/11605\/la-deforestation-importee-au-luxembourg\/\"},\"author\":{\"name\":\"Lise Bockler\",\"@id\":\"https:\/\/www.greenpeace.org\/luxembourg\/fr\/#\/schema\/person\/7d322b18d9b47ed2f3e7a6d8f5641c7f\"},\"headline\":\"La d\u00e9forestation import\u00e9e au Luxembourg\",\"datePublished\":\"2021-06-28T17:17:03+00:00\",\"dateModified\":\"2025-07-02T07:35:47+00:00\",\"mainEntityOfPage\":{\"@id\":\"https:\/\/www.greenpeace.org\/luxembourg\/fr\/actualites\/11605\/la-deforestation-importee-au-luxembourg\/\"},\"wordCount\":617,\"publisher\":{\"@id\":\"https:\/\/www.greenpeace.org\/luxembourg\/fr\/#organization\"},\"image\":{\"@id\":\"https:\/\/www.greenpeace.org\/luxembourg\/fr\/actualites\/11605\/la-deforestation-importee-au-luxembourg\/#primaryimage\"},\"thumbnailUrl\":\"https:\/\/www.greenpeace.org\/static\/planet4-luxembourg-stateless\/2021\/06\/4b57afba-gp01k91_pressmedia.jpg\",\"keywords\":[\"Biodiversit\u00e9\",\"For\u00eats\"],\"articleSection\":[\"Nature\"],\"inLanguage\":\"fr-LU\"},{\"@type\":\"WebPage\",\"@id\":\"https:\/\/www.greenpeace.org\/luxembourg\/fr\/actualites\/11605\/la-deforestation-importee-au-luxembourg\/\",\"url\":\"https:\/\/www.greenpeace.org\/luxembourg\/fr\/actualites\/11605\/la-deforestation-importee-au-luxembourg\/\",\"name\":\"La d\u00e9forestation import\u00e9e au Luxembourg - Greenpeace Luxembourg\",\"isPartOf\":{\"@id\":\"https:\/\/www.greenpeace.org\/luxembourg\/fr\/#website\"},\"primaryImageOfPage\":{\"@id\":\"https:\/\/www.greenpeace.org\/luxembourg\/fr\/actualites\/11605\/la-deforestation-importee-au-luxembourg\/#primaryimage\"},\"image\":{\"@id\":\"https:\/\/www.greenpeace.org\/luxembourg\/fr\/actualites\/11605\/la-deforestation-importee-au-luxembourg\/#primaryimage\"},\"thumbnailUrl\":\"https:\/\/www.greenpeace.org\/static\/planet4-luxembourg-stateless\/2021\/06\/4b57afba-gp01k91_pressmedia.jpg\",\"datePublished\":\"2021-06-28T17:17:03+00:00\",\"dateModified\":\"2025-07-02T07:35:47+00:00\",\"breadcrumb\":{\"@id\":\"https:\/\/www.greenpeace.org\/luxembourg\/fr\/actualites\/11605\/la-deforestation-importee-au-luxembourg\/#breadcrumb\"},\"inLanguage\":\"fr-LU\",\"potentialAction\":[{\"@type\":\"ReadAction\",\"target\":[\"https:\/\/www.greenpeace.org\/luxembourg\/fr\/actualites\/11605\/la-deforestation-importee-au-luxembourg\/\"]}]},{\"@type\":\"ImageObject\",\"inLanguage\":\"fr-LU\",\"@id\":\"https:\/\/www.greenpeace.org\/luxembourg\/fr\/actualites\/11605\/la-deforestation-importee-au-luxembourg\/#primaryimage\",\"url\":\"https:\/\/www.greenpeace.org\/static\/planet4-luxembourg-stateless\/2021\/06\/4b57afba-gp01k91_pressmedia.jpg\",\"contentUrl\":\"https:\/\/www.greenpeace.org\/static\/planet4-luxembourg-stateless\/2021\/06\/4b57afba-gp01k91_pressmedia.jpg\",\"width\":2500,\"height\":1667,\"caption\":\"Burning pasture in deforested area in the Amazon.\"},{\"@type\":\"BreadcrumbList\",\"@id\":\"https:\/\/www.greenpeace.org\/luxembourg\/fr\/actualites\/11605\/la-deforestation-importee-au-luxembourg\/#breadcrumb\",\"itemListElement\":[{\"@type\":\"ListItem\",\"position\":1,\"name\":\"Home\",\"item\":\"https:\/\/www.greenpeace.org\/luxembourg\/fr\/\"},{\"@type\":\"ListItem\",\"position\":2,\"name\":\"La d\u00e9forestation import\u00e9e au Luxembourg\"}]},{\"@type\":\"WebSite\",\"@id\":\"https:\/\/www.greenpeace.org\/luxembourg\/fr\/#website\",\"url\":\"https:\/\/www.greenpeace.org\/luxembourg\/fr\/\",\"name\":\"Greenpeace Luxembourg\",\"description\":\"Greenpeace existe parce que cette Terre fragile a besoin d&#039;une voix. Elle a besoin de solutions. De changement. D&#039;actions.\",\"publisher\":{\"@id\":\"https:\/\/www.greenpeace.org\/luxembourg\/fr\/#organization\"},\"potentialAction\":[{\"@type\":\"SearchAction\",\"target\":{\"@type\":\"EntryPoint\",\"urlTemplate\":\"https:\/\/www.greenpeace.org\/luxembourg\/fr\/?s={search_term_string}\"},\"query-input\":{\"@type\":\"PropertyValueSpecification\",\"valueRequired\":true,\"valueName\":\"search_term_string\"}}],\"inLanguage\":\"fr-LU\"},{\"@type\":\"Organization\",\"@id\":\"https:\/\/www.greenpeace.org\/luxembourg\/fr\/#organization\",\"name\":\"Greenpeace Luxembourg\",\"url\":\"https:\/\/www.greenpeace.org\/luxembourg\/fr\/\",\"logo\":{\"@type\":\"ImageObject\",\"inLanguage\":\"fr-LU\",\"@id\":\"https:\/\/www.greenpeace.org\/luxembourg\/fr\/#\/schema\/logo\/image\/\",\"url\":\"https:\/\/www.greenpeace.org\/static\/planet4-luxembourg-stateless\/2026\/03\/3e367f94-greenpeace_logo_green_rgb.png\",\"contentUrl\":\"https:\/\/www.greenpeace.org\/static\/planet4-luxembourg-stateless\/2026\/03\/3e367f94-greenpeace_logo_green_rgb.png\",\"width\":1080,\"height\":175,\"caption\":\"Greenpeace Luxembourg\"},\"image\":{\"@id\":\"https:\/\/www.greenpeace.org\/luxembourg\/fr\/#\/schema\/logo\/image\/\"},\"sameAs\":[\"https:\/\/www.facebook.com\/greenpeaceluxembourg\",\"https:\/\/www.instagram.com\/greenpeacelux\/\",\"https:\/\/www.linkedin.com\/company\/greenpeace-luxembourg\/\",\"https:\/\/www.threads.com\/@greenpeacelux\",\"https:\/\/bsky.app\/profile\/greenpeacelux.bsky.social\",\"https:\/\/www.youtube.com\/@GreenpeaceLux\",\"https:\/\/www.tiktok.com\/@greenpeace_lux\"]},{\"@type\":\"Person\",\"@id\":\"https:\/\/www.greenpeace.org\/luxembourg\/fr\/#\/schema\/person\/7d322b18d9b47ed2f3e7a6d8f5641c7f\",\"name\":\"Lise Bockler\",\"url\":\"https:\/\/www.greenpeace.org\/luxembourg\/fr\/author\/lbockler\/\"}]}<\/script>\n<!-- \/ Yoast SEO Premium plugin. -->","yoast_head_json":{"title":"La d\u00e9forestation import\u00e9e au Luxembourg - Greenpeace Luxembourg","robots":{"index":"index","follow":"follow","max-snippet":"max-snippet:-1","max-image-preview":"max-image-preview:large","max-video-preview":"max-video-preview:-1"},"canonical":"https:\/\/www.greenpeace.org\/luxembourg\/fr\/actualites\/11605\/la-deforestation-importee-au-luxembourg\/","og_locale":"fr_FR","og_type":"article","og_title":"La d\u00e9forestation import\u00e9e au Luxembourg","og_description":"Qu'est ce que la d\u00e9forestation import\u00e9e ? Le Luxembourg contribue-t-il \u00e0 la d\u00e9forestation ? Quel impact du soja sur la production laiti\u00e8re ?","og_url":"https:\/\/www.greenpeace.org\/luxembourg\/fr\/actualites\/11605\/la-deforestation-importee-au-luxembourg\/","og_site_name":"Greenpeace Luxembourg","article_publisher":"https:\/\/www.facebook.com\/greenpeaceluxembourg","article_published_time":"2021-06-28T17:17:03+00:00","article_modified_time":"2025-07-02T07:35:47+00:00","og_image":[{"width":1024,"height":683,"url":"https:\/\/www.greenpeace.org\/static\/planet4-luxembourg-stateless\/2021\/06\/4b57afba-gp01k91_pressmedia-1024x683.jpg","type":"image\/jpeg"}],"author":"Lise Bockler","twitter_card":"summary_large_image","twitter_misc":{"Written by":"Lise Bockler","Est. reading time":"3 minutes"},"schema":{"@context":"https:\/\/schema.org","@graph":[{"@type":"Article","@id":"https:\/\/www.greenpeace.org\/luxembourg\/fr\/actualites\/11605\/la-deforestation-importee-au-luxembourg\/#article","isPartOf":{"@id":"https:\/\/www.greenpeace.org\/luxembourg\/fr\/actualites\/11605\/la-deforestation-importee-au-luxembourg\/"},"author":{"name":"Lise Bockler","@id":"https:\/\/www.greenpeace.org\/luxembourg\/fr\/#\/schema\/person\/7d322b18d9b47ed2f3e7a6d8f5641c7f"},"headline":"La d\u00e9forestation import\u00e9e au Luxembourg","datePublished":"2021-06-28T17:17:03+00:00","dateModified":"2025-07-02T07:35:47+00:00","mainEntityOfPage":{"@id":"https:\/\/www.greenpeace.org\/luxembourg\/fr\/actualites\/11605\/la-deforestation-importee-au-luxembourg\/"},"wordCount":617,"publisher":{"@id":"https:\/\/www.greenpeace.org\/luxembourg\/fr\/#organization"},"image":{"@id":"https:\/\/www.greenpeace.org\/luxembourg\/fr\/actualites\/11605\/la-deforestation-importee-au-luxembourg\/#primaryimage"},"thumbnailUrl":"https:\/\/www.greenpeace.org\/static\/planet4-luxembourg-stateless\/2021\/06\/4b57afba-gp01k91_pressmedia.jpg","keywords":["Biodiversit\u00e9","For\u00eats"],"articleSection":["Nature"],"inLanguage":"fr-LU"},{"@type":"WebPage","@id":"https:\/\/www.greenpeace.org\/luxembourg\/fr\/actualites\/11605\/la-deforestation-importee-au-luxembourg\/","url":"https:\/\/www.greenpeace.org\/luxembourg\/fr\/actualites\/11605\/la-deforestation-importee-au-luxembourg\/","name":"La d\u00e9forestation import\u00e9e au Luxembourg - Greenpeace Luxembourg","isPartOf":{"@id":"https:\/\/www.greenpeace.org\/luxembourg\/fr\/#website"},"primaryImageOfPage":{"@id":"https:\/\/www.greenpeace.org\/luxembourg\/fr\/actualites\/11605\/la-deforestation-importee-au-luxembourg\/#primaryimage"},"image":{"@id":"https:\/\/www.greenpeace.org\/luxembourg\/fr\/actualites\/11605\/la-deforestation-importee-au-luxembourg\/#primaryimage"},"thumbnailUrl":"https:\/\/www.greenpeace.org\/static\/planet4-luxembourg-stateless\/2021\/06\/4b57afba-gp01k91_pressmedia.jpg","datePublished":"2021-06-28T17:17:03+00:00","dateModified":"2025-07-02T07:35:47+00:00","breadcrumb":{"@id":"https:\/\/www.greenpeace.org\/luxembourg\/fr\/actualites\/11605\/la-deforestation-importee-au-luxembourg\/#breadcrumb"},"inLanguage":"fr-LU","potentialAction":[{"@type":"ReadAction","target":["https:\/\/www.greenpeace.org\/luxembourg\/fr\/actualites\/11605\/la-deforestation-importee-au-luxembourg\/"]}]},{"@type":"ImageObject","inLanguage":"fr-LU","@id":"https:\/\/www.greenpeace.org\/luxembourg\/fr\/actualites\/11605\/la-deforestation-importee-au-luxembourg\/#primaryimage","url":"https:\/\/www.greenpeace.org\/static\/planet4-luxembourg-stateless\/2021\/06\/4b57afba-gp01k91_pressmedia.jpg","contentUrl":"https:\/\/www.greenpeace.org\/static\/planet4-luxembourg-stateless\/2021\/06\/4b57afba-gp01k91_pressmedia.jpg","width":2500,"height":1667,"caption":"Burning pasture in deforested area in the Amazon."},{"@type":"BreadcrumbList","@id":"https:\/\/www.greenpeace.org\/luxembourg\/fr\/actualites\/11605\/la-deforestation-importee-au-luxembourg\/#breadcrumb","itemListElement":[{"@type":"ListItem","position":1,"name":"Home","item":"https:\/\/www.greenpeace.org\/luxembourg\/fr\/"},{"@type":"ListItem","position":2,"name":"La d\u00e9forestation import\u00e9e au Luxembourg"}]},{"@type":"WebSite","@id":"https:\/\/www.greenpeace.org\/luxembourg\/fr\/#website","url":"https:\/\/www.greenpeace.org\/luxembourg\/fr\/","name":"Greenpeace Luxembourg","description":"Greenpeace existe parce que cette Terre fragile a besoin d&#039;une voix. Elle a besoin de solutions. De changement. D&#039;actions.","publisher":{"@id":"https:\/\/www.greenpeace.org\/luxembourg\/fr\/#organization"},"potentialAction":[{"@type":"SearchAction","target":{"@type":"EntryPoint","urlTemplate":"https:\/\/www.greenpeace.org\/luxembourg\/fr\/?s={search_term_string}"},"query-input":{"@type":"PropertyValueSpecification","valueRequired":true,"valueName":"search_term_string"}}],"inLanguage":"fr-LU"},{"@type":"Organization","@id":"https:\/\/www.greenpeace.org\/luxembourg\/fr\/#organization","name":"Greenpeace Luxembourg","url":"https:\/\/www.greenpeace.org\/luxembourg\/fr\/","logo":{"@type":"ImageObject","inLanguage":"fr-LU","@id":"https:\/\/www.greenpeace.org\/luxembourg\/fr\/#\/schema\/logo\/image\/","url":"https:\/\/www.greenpeace.org\/static\/planet4-luxembourg-stateless\/2026\/03\/3e367f94-greenpeace_logo_green_rgb.png","contentUrl":"https:\/\/www.greenpeace.org\/static\/planet4-luxembourg-stateless\/2026\/03\/3e367f94-greenpeace_logo_green_rgb.png","width":1080,"height":175,"caption":"Greenpeace Luxembourg"},"image":{"@id":"https:\/\/www.greenpeace.org\/luxembourg\/fr\/#\/schema\/logo\/image\/"},"sameAs":["https:\/\/www.facebook.com\/greenpeaceluxembourg","https:\/\/www.instagram.com\/greenpeacelux\/","https:\/\/www.linkedin.com\/company\/greenpeace-luxembourg\/","https:\/\/www.threads.com\/@greenpeacelux","https:\/\/bsky.app\/profile\/greenpeacelux.bsky.social","https:\/\/www.youtube.com\/@GreenpeaceLux","https:\/\/www.tiktok.com\/@greenpeace_lux"]},{"@type":"Person","@id":"https:\/\/www.greenpeace.org\/luxembourg\/fr\/#\/schema\/person\/7d322b18d9b47ed2f3e7a6d8f5641c7f","name":"Lise Bockler","url":"https:\/\/www.greenpeace.org\/luxembourg\/fr\/author\/lbockler\/"}]}},"_links":{"self":[{"href":"https:\/\/www.greenpeace.org\/luxembourg\/fr\/wp-json\/wp\/v2\/posts\/11605","targetHints":{"allow":["GET"]}}],"collection":[{"href":"https:\/\/www.greenpeace.org\/luxembourg\/fr\/wp-json\/wp\/v2\/posts"}],"about":[{"href":"https:\/\/www.greenpeace.org\/luxembourg\/fr\/wp-json\/wp\/v2\/types\/post"}],"author":[{"embeddable":true,"href":"https:\/\/www.greenpeace.org\/luxembourg\/fr\/wp-json\/wp\/v2\/users\/22"}],"replies":[{"embeddable":true,"href":"https:\/\/www.greenpeace.org\/luxembourg\/fr\/wp-json\/wp\/v2\/comments?post=11605"}],"version-history":[{"count":17,"href":"https:\/\/www.greenpeace.org\/luxembourg\/fr\/wp-json\/wp\/v2\/posts\/11605\/revisions"}],"predecessor-version":[{"id":24982,"href":"https:\/\/www.greenpeace.org\/luxembourg\/fr\/wp-json\/wp\/v2\/posts\/11605\/revisions\/24982"}],"wp:featuredmedia":[{"embeddable":true,"href":"https:\/\/www.greenpeace.org\/luxembourg\/fr\/wp-json\/wp\/v2\/media\/11654"}],"wp:attachment":[{"href":"https:\/\/www.greenpeace.org\/luxembourg\/fr\/wp-json\/wp\/v2\/media?parent=11605"}],"wp:term":[{"taxonomy":"category","embeddable":true,"href":"https:\/\/www.greenpeace.org\/luxembourg\/fr\/wp-json\/wp\/v2\/categories?post=11605"},{"taxonomy":"post_tag","embeddable":true,"href":"https:\/\/www.greenpeace.org\/luxembourg\/fr\/wp-json\/wp\/v2\/tags?post=11605"},{"taxonomy":"p4-page-type","embeddable":true,"href":"https:\/\/www.greenpeace.org\/luxembourg\/fr\/wp-json\/wp\/v2\/p4-page-type?post=11605"}],"curies":[{"name":"wp","href":"https:\/\/api.w.org\/{rel}","templated":true}]}}