{"id":12069,"date":"2021-08-11T11:08:14","date_gmt":"2021-08-11T09:08:14","guid":{"rendered":"https:\/\/www.greenpeace.org\/luxembourg\/?p=12069"},"modified":"2021-12-01T17:23:33","modified_gmt":"2021-12-01T15:23:33","slug":"rapport-du-giec-les-5-resultats-cles","status":"publish","type":"post","link":"https:\/\/www.greenpeace.org\/luxembourg\/fr\/actualites\/12069\/rapport-du-giec-les-5-resultats-cles\/","title":{"rendered":"Rapport du GIEC : les 5 r\u00e9sultats cl\u00e9s"},"content":{"rendered":"\n<p><strong>Le changement climatique n\u2019est plus une menace hypoth\u00e9tique ; c\u2019est une r\u00e9alit\u00e9 qui se manifeste aujourd\u2019hui, sous nos yeux. Une r\u00e9alit\u00e9 document\u00e9e et \u00e9tudi\u00e9e ann\u00e9e apr\u00e8s ann\u00e9e par des milliers de scientifiques, dont les travaux ont \u00e9t\u00e9 scrupuleusement analys\u00e9s et synth\u00e9tis\u00e9s par le Groupe d\u2019expert\u00b7es intergouvernemental sur l\u2019\u00e9volution du climat (GIEC). Cet organisme onusien, charg\u00e9 d\u2019\u00e9valuer l\u2019\u00e9tat des connaissances sur l\u2019\u00e9volution du climat, ses causes et ses impacts, vient de publier la premi\u00e8re des trois parties de son sixi\u00e8me rapport d\u2019\u00e9valuation, consacr\u00e9e aux \u00ab \u00e9l\u00e9ments scientifiques \u00bb sur le d\u00e9r\u00e8glement climatique. Un \u00e9tat des lieux implacable et plus alarmant encore que les pr\u00e9c\u00e9dents. Nous avons r\u00e9sum\u00e9 pour vous cinq points cl\u00e9s de ce rapport.<\/strong><\/p>\n\n<ol class=\"wp-block-list\"><li><strong>L\u2019influence humaine sur le climat est un fait \u00e9tabli et indiscutable<\/strong><br>Ce n\u2019est pas un scoop. Le&nbsp;<a rel=\"noreferrer noopener\" href=\"https:\/\/www.ipcc.ch\/report\/ar6\/wg1\/\" target=\"_blank\">dernier rapport du GIEC<\/a>&nbsp;confirme ce que pointaient d\u00e9j\u00e0 les pr\u00e9c\u00e9dents rapports : il ne fait plus aucun doute que ce sont les activit\u00e9s humaines qui sont \u00e0 l\u2019origine d\u2019un r\u00e9chauffement global de l\u2019atmosph\u00e8re, des oc\u00e9ans et des terres. De nouvelles \u00e9tudes approfondies et des nouvelles donn\u00e9es sont venues \u00e9tayer nos connaissances sur les liens entre \u00e9missions de CO2 li\u00e9es aux activit\u00e9s humaines, d\u00e9r\u00e8glements climatiques, ph\u00e9nom\u00e8nes m\u00e9t\u00e9orologiques extr\u00eames et impacts, notamment \u00e0 l\u2019\u00e9chelle r\u00e9gionale. Gr\u00e2ce \u00e0 de nouveaux outils et \u00e0 des m\u00e9thodes plus pr\u00e9cises, les scientifiques ont pu \u00e9tablir des liens directs entre des \u00e9v\u00e9nements extr\u00eames pr\u00e9cis, comme la vague de chaleur en Sib\u00e9rie en 2020, et le d\u00e9r\u00e8glement climatique.<br>&nbsp;<\/li><li><strong>Le changement climatique est sans pr\u00e9c\u00e9dent et plus rapide que ce qu\u2019on craignait<br><\/strong>Depuis le rapport d\u2019\u00e9valuation de 2014, la plan\u00e8te a connu un r\u00e9chauffement sans pr\u00e9c\u00e9dent : les cinq derni\u00e8res ann\u00e9es ont \u00e9t\u00e9 les plus chaudes jamais enregistr\u00e9es depuis au moins 1850. Les changements climatiques constat\u00e9s ces derni\u00e8res ann\u00e9es sont tout simplement in\u00e9dits dans l\u2019histoire de l\u2019humanit\u00e9. La hausse du niveau de la mer s\u2019est consid\u00e9rablement acc\u00e9l\u00e9r\u00e9e (trois fois plus rapide par rapport \u00e0 la p\u00e9riode 1901-1971), de m\u00eame que la fonte des calottes glaciaires (<a rel=\"noreferrer noopener\" href=\"https:\/\/www.geo.fr\/environnement\/a-cause-de-la-chaleur-le-groenland-perd-huit-milliards-de-tonnes-de-glace-par-jour-205762\" target=\"_blank\">celle du Gro\u00ebnland<\/a>&nbsp;a fondu six fois plus vite entre 2010 et 2019 que durant la d\u00e9cennie pr\u00e9c\u00e9dente).<br>&nbsp;<\/li><li><strong>Des points de basculement aux cons\u00e9quences impr\u00e9visibles risquent d\u2019\u00eatre atteints<\/strong><br>Des changements profonds et \u00e0 long terme sont d\u00e9j\u00e0 \u00e0 l\u2019\u0153uvre de fa\u00e7on irr\u00e9versible, souligne le rapport du GIEC : fonte des glaces, hausse des temp\u00e9ratures et du niveau de la mer, acidification des oc\u00e9ans\u2026 Mais l\u2019ampleur et la rapidit\u00e9 de ces changements d\u00e9pend directement des \u00e9missions de CO2 que nous continuons \u00e0 rejeter. Avec une hausse continue de ces \u00e9missions et des temp\u00e9ratures,&nbsp;<a rel=\"noreferrer noopener\" href=\"https:\/\/www.francetvinfo.fr\/meteo\/climat\/climat-un-courant-oceanique-majeur-de-l-atlantique-menace-de-se-detraquer-et-c-est-inquietant_4729247.html\" target=\"_blank\">des cons\u00e9quences jusque-l\u00e0 jug\u00e9es peu probables ne peuvent \u00eatre exclues<\/a>. Plus la plan\u00e8te se r\u00e9chauffe, plus des points de basculement (tels que la disparition de la for\u00eat amazonienne ou de la calotte glaciaire antarctique) risquent de se produire, leur accumulation pouvant avoir des cons\u00e9quences aussi irr\u00e9versibles qu\u2019impr\u00e9visibles.<br>&nbsp;<\/li><li><strong>Il est encore possible de maintenir la hausse des temp\u00e9ratures sous 1,5\u00b0C, mais\u2026<\/strong><br>Dans son rapport sp\u00e9cial sur les cons\u00e9quences d\u2019un r\u00e9chauffement plan\u00e9taire de 1,5 \u00b0C, publi\u00e9 en 2018, l\u2019organisme onusien estimait que cette limite serait d\u00e9pass\u00e9e entre 2030 et 2052, si l\u2019on ne corrigeait pas la trajectoire actuelle. Des \u00e9tudes plus r\u00e9centes d\u00e9montrent que les d\u00e9lais sont en fait plus serr\u00e9s : si nous voulons avoir au moins 50 % de chances de limiter le r\u00e9chauffement \u00e0 1,5\u00b0C, il ne nous reste plus que 440 Gt de CO2 \u00e0 \u00e9mettre \u00e0 compter de\u2026 2020. Or, sur la seule ann\u00e9e 2019, les \u00e9missions mondiales d\u00e9passaient 40 Gt de CO2. En restant sur cette trajectoire, le budget carbone pour limiter la hausse des temp\u00e9ratures \u00e0 1,5\u00b0C sera \u00e9puis\u00e9 d\u00e8s le d\u00e9but des ann\u00e9es 2030. Techniquement, l\u2019objectif de +1,5\u00b0C reste possible mais les donn\u00e9es scientifiques d\u00e9montrent tr\u00e8s clairement qu\u2019on n&#8217;a pas de temps \u00e0 perdre, quel que soit le domaine.<br>&nbsp;<\/li><li><strong>Inaction et retards ne font qu\u2019augmenter les risques jour apr\u00e8s jour<\/strong><br>Le GIEC le rappelle encore dans son dernier rapport : les diff\u00e9rences entre un changement climatique \u00e0 +1,1\u00b0C (seuil d\u00e9sormais atteint, par rapport \u00e0 la p\u00e9riode pr\u00e9-industrielle), +1,5\u00b0C ou +2\u00b0C sont consid\u00e9rables. M\u00eame \u00e0 +1,5\u00b0C,&nbsp;<a href=\"https:\/\/www.greenpeace.fr\/evenements-climatiques-extremes-a-quand-les-reponses\/\">des ph\u00e9nom\u00e8nes m\u00e9t\u00e9orologiques extr\u00eames et in\u00e9dits sont susceptibles de se produire plus fr\u00e9quemment et plus intens\u00e9ment<\/a>. Chaque dixi\u00e8me compte. Or, d\u2019apr\u00e8s nos analyses, en l\u2019\u00e9tat actuel des politiques (ou de l\u2019absence de politique) climatiques, nous nous dirigeons tout droit vers un sc\u00e9nario catastrophe \u00e0 +2,9\u00b0C. M\u00eame si toutes les promesses des gouvernements \u00e9taient tenues, avec la mise en \u0153uvre de mesures ad\u00e9quates, la probabilit\u00e9 de d\u00e9passer une hausse de 2\u00b0C serait de 80%.<br>&nbsp;<\/li><\/ol>\n\n<p>Le mandat du GIEC n\u2019est pas de faire des recommandations politiques ni de prescrire des mesures. Mais le constat sans appel qu\u2019il vient de d\u00e9tailler, bas\u00e9 sur des connaissances et des donn\u00e9es scientifiques rigoureuses, devrait faire r\u00e9agir l\u2019ensemble des responsables politiques.&nbsp;<strong>Il est absolument vital que les gouvernements s\u2019alignent sur un objectif \u00e0 1,5\u00b0C<\/strong>&nbsp;et revoient leurs plans en cons\u00e9quence, notamment \u00e0 l\u2019occasion de la&nbsp;<a href=\"https:\/\/unfccc.int\/fr\/processus-et-reunions\/les-conferences\/conference-sur-les-changements-climatiques-a-glasgow\" target=\"_blank\" rel=\"noreferrer noopener\">COP26 qui se tiendra \u00e0 Glasgow<\/a>&nbsp;en novembre.<\/p>\n\n<p><strong>A la lecture de ce nouveau rapport du GIEC, toute inaction de leur part serait d\u2019autant plus coupable.<\/strong>&nbsp;\u00c0 la mi-juillet, dans le cadre de la l\u00e9gislation nationale, le gouvernement luxembourgeois a adopt\u00e9 en Conseil des ministres des plans de r\u00e9duction des \u00e9missions pour cinq secteurs (\u00e9nergie et industries manufacturi\u00e8res, construction, transports, b\u00e2timents r\u00e9sidentiels et tertiaires, agriculture et sylviculture, traitement des d\u00e9chets et des eaux us\u00e9es), qui visent \u00e0 r\u00e9duire de 55 % les \u00e9missions de gaz \u00e0 effet de serre d\u2019ici \u00e0 2030 (qui demeure somme toute insuffisant). Toutefois, sans mesures structurantes, ces objectifs sont tr\u00e8s difficiles \u00e0 atteindre et insuffisante pour r\u00e9duire les \u00e9missions de gaz \u00e0 effet de serre \u00e0 des niveaux satisfaisants.<\/p>\n\n<p><strong>Le gouvernement a pourtant tous les \u00e9l\u00e9ments scientifiques sur la table pour agir en connaissance de cause. Il n\u2019a aucune excuse.<\/strong><\/p>\n\n<p><em>Pour lire le rapport complet du GIEC :<\/em>&nbsp;<a rel=\"noreferrer noopener\" href=\"https:\/\/www.ipcc.ch\/report\/ar6\/wg1\/\" target=\"_blank\">Premi\u00e8re partie du sixi\u00e8me rapport d\u2019\u00e9valuation du GIEC<\/a>&nbsp;(en anglais)<\/p>\n\n<hr class=\"wp-block-separator has-text-color has-background has-grey-600-background-color has-grey-600-color is-style-wide\"\/>\n\n<p><a href=\"https:\/\/www.greenpeace.fr\/climat-5-points-cles-du-rapport-du-giec\/?utm_campaign=polclim&amp;utm_source=email&amp;utm_medium=push_info_210809&amp;codespec=7013V000000LKVx\">Source article<\/a> : Greenpeace France<\/p>\n\t\t\t<section\n\t\t\tclass=\"boxout post-396 \"\n\t\t\t\n\t\t>\n\t\t\t<a\n\t\t\t\tdata-ga-category=\"Take Action Boxout\"\n\t\t\t\tdata-ga-action=\"Image\"\n\t\t\t\tdata-ga-label=\"n\/a\"\n\t\t\t\tclass=\"cover-card-overlay\"\n\t\t\t\thref=\"https:\/\/www.greenpeace.org\/luxembourg\/fr\/agir\/adherer-a-greenpeace\/\" \n\t\t\t><\/a>\n\t\t\t\t\t\t\t<img\n\t\t\t\t\t\tsrc=\"https:\/\/www.greenpeace.org\/static\/planet4-luxembourg-stateless\/2020\/04\/99eaaf9b-gp04tdo-1024x683.jpg\"\n\t\t\t\t\t\tsrcset=\"https:\/\/www.greenpeace.org\/static\/planet4-luxembourg-stateless\/2020\/04\/99eaaf9b-gp04tdo-300x200.jpg 300w, https:\/\/www.greenpeace.org\/static\/planet4-luxembourg-stateless\/2020\/04\/99eaaf9b-gp04tdo-1024x683.jpg 1024w, https:\/\/www.greenpeace.org\/static\/planet4-luxembourg-stateless\/2020\/04\/99eaaf9b-gp04tdo-768x512.jpg 768w, https:\/\/www.greenpeace.org\/static\/planet4-luxembourg-stateless\/2020\/04\/99eaaf9b-gp04tdo-510x340.jpg 510w, https:\/\/www.greenpeace.org\/static\/planet4-luxembourg-stateless\/2020\/04\/99eaaf9b-gp04tdo.jpg 1200w\"\n\t\t\t\t\t\tsizes=\"(min-width: 1000px) 358px, (min-width: 780px) 313px, 88px\"\n\t\t\t\t\t\talt=\"Tundra in Alaska. \u00a9 Markus Mauthe \/ Greenpeace\" title=\"Tundra in Alaska. \u00a9 Markus Mauthe \/ Greenpeace\"\n\t\t\t\t\/>\n            \t\t\t<div class=\"boxout-content\">\n\t\t\t\t\t\t\t\t\t<a\n\t\t\t\t\t\tclass=\"boxout-heading medium\"\n\t\t\t\t\t\tdata-ga-category=\"Take Action Boxout\"\n\t\t\t\t\t\tdata-ga-action=\"Title\"\n\t\t\t\t\t\tdata-ga-label=\"n\/a\"\n\t\t\t\t\t\thref=\"https:\/\/www.greenpeace.org\/luxembourg\/fr\/agir\/adherer-a-greenpeace\/\"\n\t\t\t\t\t\t\n\t\t\t\t\t>\n\t\t\t\t\t\tDevenir Adh\u00e9rent\u00b7e\n\t\t\t\t\t<\/a>\n\t\t\t\t\t\t\t\t\t\t\t\t\t<p class=\"boxout-excerpt\">Donnez vie \u00e0 vos id\u00e9aux : votre don nous permet d&#8217;agir au Luxembourg et partout dans le monde !<\/p>\n\t\t\t\t                                    <a\n                        class=\"btn btn-primary\"\n                        data-ga-category=\"Take Action Boxout\"\n                        data-ga-action=\"Call to Action\"\n                        data-ga-label=\"n\/a\"\n                        href=\"https:\/\/www.greenpeace.org\/luxembourg\/fr\/agir\/adherer-a-greenpeace\/\"\n                        \n                    >\n                        S&#039;engager\n                    <\/a>\n                \t\t\t<\/div>\n\t\t\t\t\t<\/section>\n\t","protected":false},"excerpt":{"rendered":"<p>Le changement climatique n\u2019est plus une menace hypoth\u00e9tique ; c\u2019est une r\u00e9alit\u00e9 qui se manifeste aujourd\u2019hui, sous nos yeux. Une r\u00e9alit\u00e9 document\u00e9e et \u00e9tudi\u00e9e ann\u00e9e apr\u00e8s ann\u00e9e par des milliers&hellip;<\/p>\n","protected":false},"author":25,"featured_media":12072,"comment_status":"closed","ping_status":"closed","sticky":false,"template":"","format":"standard","meta":{"ep_exclude_from_search":false,"p4_og_title":"","p4_og_description":"","p4_og_image":"","p4_og_image_id":"","p4_seo_canonical_url":"","p4_campaign_name":"not set","p4_local_project":"not set","p4_basket_name":"not set","p4_department":"","footnotes":""},"categories":[41],"tags":[37],"p4-page-type":[85],"class_list":["post-12069","post","type-post","status-publish","format-standard","has-post-thumbnail","hentry","category-climat","tag-changementclimatique","p4-page-type-actualites"],"yoast_head":"<!-- This site is optimized with the Yoast SEO Premium plugin v23.9 (Yoast SEO v23.9) - https:\/\/yoast.com\/wordpress\/plugins\/seo\/ -->\n<title>Rapport du GIEC : les 5 r\u00e9sultats cl\u00e9s - Greenpeace Luxembourg<\/title>\n<meta name=\"robots\" content=\"index, follow, max-snippet:-1, max-image-preview:large, max-video-preview:-1\" \/>\n<link rel=\"canonical\" href=\"https:\/\/www.greenpeace.org\/luxembourg\/fr\/actualites\/12069\/rapport-du-giec-les-5-resultats-cles\/\" \/>\n<meta property=\"og:locale\" content=\"fr_FR\" \/>\n<meta property=\"og:type\" content=\"article\" \/>\n<meta property=\"og:title\" content=\"Rapport du GIEC : les 5 r\u00e9sultats cl\u00e9s\" \/>\n<meta property=\"og:description\" content=\"Le changement climatique n\u2019est plus une menace hypoth\u00e9tique ; c\u2019est une r\u00e9alit\u00e9 qui se manifeste aujourd\u2019hui, sous nos yeux. Une r\u00e9alit\u00e9 document\u00e9e et \u00e9tudi\u00e9e ann\u00e9e apr\u00e8s ann\u00e9e par des milliers&hellip;\" \/>\n<meta property=\"og:url\" content=\"https:\/\/www.greenpeace.org\/luxembourg\/fr\/actualites\/12069\/rapport-du-giec-les-5-resultats-cles\/\" \/>\n<meta property=\"og:site_name\" content=\"Greenpeace Luxembourg\" \/>\n<meta property=\"article:publisher\" content=\"https:\/\/www.facebook.com\/greenpeaceluxembourg\" \/>\n<meta property=\"article:published_time\" content=\"2021-08-11T09:08:14+00:00\" \/>\n<meta property=\"article:modified_time\" content=\"2021-12-01T15:23:33+00:00\" \/>\n<meta property=\"og:image\" content=\"https:\/\/www.greenpeace.org\/static\/planet4-luxembourg-stateless\/2021\/08\/0e924c2a-gp1svods_web_size_with_credit_line.jpg\" \/>\n\t<meta property=\"og:image:width\" content=\"800\" \/>\n\t<meta property=\"og:image:height\" content=\"534\" \/>\n\t<meta property=\"og:image:type\" content=\"image\/jpeg\" \/>\n<meta name=\"author\" content=\"Esther Wildanger\" \/>\n<meta name=\"twitter:card\" content=\"summary_large_image\" \/>\n<meta name=\"twitter:label1\" content=\"Written by\" \/>\n\t<meta name=\"twitter:data1\" content=\"Esther Wildanger\" \/>\n\t<meta name=\"twitter:label2\" content=\"Est. reading time\" \/>\n\t<meta name=\"twitter:data2\" content=\"6 minutes\" \/>\n<script type=\"application\/ld+json\" class=\"yoast-schema-graph\">{\"@context\":\"https:\/\/schema.org\",\"@graph\":[{\"@type\":\"Article\",\"@id\":\"https:\/\/www.greenpeace.org\/luxembourg\/fr\/actualites\/12069\/rapport-du-giec-les-5-resultats-cles\/#article\",\"isPartOf\":{\"@id\":\"https:\/\/www.greenpeace.org\/luxembourg\/fr\/actualites\/12069\/rapport-du-giec-les-5-resultats-cles\/\"},\"author\":{\"name\":\"Esther Wildanger\",\"@id\":\"https:\/\/www.greenpeace.org\/luxembourg\/fr\/#\/schema\/person\/3d0e81a859b59009fec36a8552ef76a7\"},\"headline\":\"Rapport du GIEC : les 5 r\u00e9sultats cl\u00e9s\",\"datePublished\":\"2021-08-11T09:08:14+00:00\",\"dateModified\":\"2021-12-01T15:23:33+00:00\",\"mainEntityOfPage\":{\"@id\":\"https:\/\/www.greenpeace.org\/luxembourg\/fr\/actualites\/12069\/rapport-du-giec-les-5-resultats-cles\/\"},\"wordCount\":1136,\"publisher\":{\"@id\":\"https:\/\/www.greenpeace.org\/luxembourg\/fr\/#organization\"},\"image\":{\"@id\":\"https:\/\/www.greenpeace.org\/luxembourg\/fr\/actualites\/12069\/rapport-du-giec-les-5-resultats-cles\/#primaryimage\"},\"thumbnailUrl\":\"https:\/\/www.greenpeace.org\/static\/planet4-luxembourg-stateless\/2021\/08\/0e924c2a-gp1svods_web_size_with_credit_line.jpg\",\"keywords\":[\"ChangementClimatique\"],\"articleSection\":[\"Climat\"],\"inLanguage\":\"fr-LU\"},{\"@type\":\"WebPage\",\"@id\":\"https:\/\/www.greenpeace.org\/luxembourg\/fr\/actualites\/12069\/rapport-du-giec-les-5-resultats-cles\/\",\"url\":\"https:\/\/www.greenpeace.org\/luxembourg\/fr\/actualites\/12069\/rapport-du-giec-les-5-resultats-cles\/\",\"name\":\"Rapport du GIEC : les 5 r\u00e9sultats cl\u00e9s - Greenpeace Luxembourg\",\"isPartOf\":{\"@id\":\"https:\/\/www.greenpeace.org\/luxembourg\/fr\/#website\"},\"primaryImageOfPage\":{\"@id\":\"https:\/\/www.greenpeace.org\/luxembourg\/fr\/actualites\/12069\/rapport-du-giec-les-5-resultats-cles\/#primaryimage\"},\"image\":{\"@id\":\"https:\/\/www.greenpeace.org\/luxembourg\/fr\/actualites\/12069\/rapport-du-giec-les-5-resultats-cles\/#primaryimage\"},\"thumbnailUrl\":\"https:\/\/www.greenpeace.org\/static\/planet4-luxembourg-stateless\/2021\/08\/0e924c2a-gp1svods_web_size_with_credit_line.jpg\",\"datePublished\":\"2021-08-11T09:08:14+00:00\",\"dateModified\":\"2021-12-01T15:23:33+00:00\",\"breadcrumb\":{\"@id\":\"https:\/\/www.greenpeace.org\/luxembourg\/fr\/actualites\/12069\/rapport-du-giec-les-5-resultats-cles\/#breadcrumb\"},\"inLanguage\":\"fr-LU\",\"potentialAction\":[{\"@type\":\"ReadAction\",\"target\":[\"https:\/\/www.greenpeace.org\/luxembourg\/fr\/actualites\/12069\/rapport-du-giec-les-5-resultats-cles\/\"]}]},{\"@type\":\"ImageObject\",\"inLanguage\":\"fr-LU\",\"@id\":\"https:\/\/www.greenpeace.org\/luxembourg\/fr\/actualites\/12069\/rapport-du-giec-les-5-resultats-cles\/#primaryimage\",\"url\":\"https:\/\/www.greenpeace.org\/static\/planet4-luxembourg-stateless\/2021\/08\/0e924c2a-gp1svods_web_size_with_credit_line.jpg\",\"contentUrl\":\"https:\/\/www.greenpeace.org\/static\/planet4-luxembourg-stateless\/2021\/08\/0e924c2a-gp1svods_web_size_with_credit_line.jpg\",\"width\":800,\"height\":534,\"caption\":\"Fire line moves through a degraded forest area in an undesignated public forest area in Porto Velho, Rond\u00f4nia state. Every year, Greenpeace Brazil flies over the Amazon to monitor deforestation build up and forest fires. From July 29th to 31st, 2021, flights were made over points with Deter (Real Time Deforestation Detection System) and Prodes (Brazilian Amazon Satellite Monitoring Project) warnings, besides heat spots notified by Inpe (National Institute for Space Research), in the states of Amazonas, Rond\u00f4nia, Mato Grosso and Par\u00e1. Coluna de fogo avan\u00e7a sobre floresta degradada em \u00e1rea de floresta p\u00fablica n\u00e3o destinada em Porto Velho, Rond\u00f4nia. Todos os anos o Greenpeace Brasil realiza uma s\u00e9rie de sobrevoos de monitoramento, para acompanhar o avan\u00e7o do desmatamento e das queimadas na Amaz\u00f4nia. De 29 a 31 de julho de 2021, monitoramos pontos com alertas do Deter e Prodes, al\u00e9m de pontos de calor, do Inpe, nos estados do Amazonas, Rond\u00f4nia, Mato Grosso e Par\u00e1\"},{\"@type\":\"BreadcrumbList\",\"@id\":\"https:\/\/www.greenpeace.org\/luxembourg\/fr\/actualites\/12069\/rapport-du-giec-les-5-resultats-cles\/#breadcrumb\",\"itemListElement\":[{\"@type\":\"ListItem\",\"position\":1,\"name\":\"Home\",\"item\":\"https:\/\/www.greenpeace.org\/luxembourg\/fr\/\"},{\"@type\":\"ListItem\",\"position\":2,\"name\":\"Rapport du GIEC : les 5 r\u00e9sultats cl\u00e9s\"}]},{\"@type\":\"WebSite\",\"@id\":\"https:\/\/www.greenpeace.org\/luxembourg\/fr\/#website\",\"url\":\"https:\/\/www.greenpeace.org\/luxembourg\/fr\/\",\"name\":\"Greenpeace Luxembourg\",\"description\":\"Greenpeace existe parce que cette Terre fragile a besoin d&#039;une voix. Elle a besoin de solutions. De changement. D&#039;actions.\",\"publisher\":{\"@id\":\"https:\/\/www.greenpeace.org\/luxembourg\/fr\/#organization\"},\"potentialAction\":[{\"@type\":\"SearchAction\",\"target\":{\"@type\":\"EntryPoint\",\"urlTemplate\":\"https:\/\/www.greenpeace.org\/luxembourg\/fr\/?s={search_term_string}\"},\"query-input\":{\"@type\":\"PropertyValueSpecification\",\"valueRequired\":true,\"valueName\":\"search_term_string\"}}],\"inLanguage\":\"fr-LU\"},{\"@type\":\"Organization\",\"@id\":\"https:\/\/www.greenpeace.org\/luxembourg\/fr\/#organization\",\"name\":\"Greenpeace Luxembourg\",\"url\":\"https:\/\/www.greenpeace.org\/luxembourg\/fr\/\",\"logo\":{\"@type\":\"ImageObject\",\"inLanguage\":\"fr-LU\",\"@id\":\"https:\/\/www.greenpeace.org\/luxembourg\/fr\/#\/schema\/logo\/image\/\",\"url\":\"https:\/\/www.greenpeace.org\/static\/planet4-luxembourg-stateless\/2026\/03\/3e367f94-greenpeace_logo_green_rgb.png\",\"contentUrl\":\"https:\/\/www.greenpeace.org\/static\/planet4-luxembourg-stateless\/2026\/03\/3e367f94-greenpeace_logo_green_rgb.png\",\"width\":1080,\"height\":175,\"caption\":\"Greenpeace Luxembourg\"},\"image\":{\"@id\":\"https:\/\/www.greenpeace.org\/luxembourg\/fr\/#\/schema\/logo\/image\/\"},\"sameAs\":[\"https:\/\/www.facebook.com\/greenpeaceluxembourg\",\"https:\/\/www.instagram.com\/greenpeacelux\/\",\"https:\/\/www.linkedin.com\/company\/greenpeace-luxembourg\/\",\"https:\/\/www.threads.com\/@greenpeacelux\",\"https:\/\/bsky.app\/profile\/greenpeacelux.bsky.social\",\"https:\/\/www.youtube.com\/@GreenpeaceLux\",\"https:\/\/www.tiktok.com\/@greenpeace_lux\"]},{\"@type\":\"Person\",\"@id\":\"https:\/\/www.greenpeace.org\/luxembourg\/fr\/#\/schema\/person\/3d0e81a859b59009fec36a8552ef76a7\",\"name\":\"Esther Wildanger\",\"url\":\"https:\/\/www.greenpeace.org\/luxembourg\/fr\/author\/ewildang\/\"}]}<\/script>\n<!-- \/ Yoast SEO Premium plugin. -->","yoast_head_json":{"title":"Rapport du GIEC : les 5 r\u00e9sultats cl\u00e9s - Greenpeace Luxembourg","robots":{"index":"index","follow":"follow","max-snippet":"max-snippet:-1","max-image-preview":"max-image-preview:large","max-video-preview":"max-video-preview:-1"},"canonical":"https:\/\/www.greenpeace.org\/luxembourg\/fr\/actualites\/12069\/rapport-du-giec-les-5-resultats-cles\/","og_locale":"fr_FR","og_type":"article","og_title":"Rapport du GIEC : les 5 r\u00e9sultats cl\u00e9s","og_description":"Le changement climatique n\u2019est plus une menace hypoth\u00e9tique ; c\u2019est une r\u00e9alit\u00e9 qui se manifeste aujourd\u2019hui, sous nos yeux. Une r\u00e9alit\u00e9 document\u00e9e et \u00e9tudi\u00e9e ann\u00e9e apr\u00e8s ann\u00e9e par des milliers&hellip;","og_url":"https:\/\/www.greenpeace.org\/luxembourg\/fr\/actualites\/12069\/rapport-du-giec-les-5-resultats-cles\/","og_site_name":"Greenpeace Luxembourg","article_publisher":"https:\/\/www.facebook.com\/greenpeaceluxembourg","article_published_time":"2021-08-11T09:08:14+00:00","article_modified_time":"2021-12-01T15:23:33+00:00","og_image":[{"width":800,"height":534,"url":"https:\/\/www.greenpeace.org\/static\/planet4-luxembourg-stateless\/2021\/08\/0e924c2a-gp1svods_web_size_with_credit_line.jpg","type":"image\/jpeg"}],"author":"Esther Wildanger","twitter_card":"summary_large_image","twitter_misc":{"Written by":"Esther Wildanger","Est. reading time":"6 minutes"},"schema":{"@context":"https:\/\/schema.org","@graph":[{"@type":"Article","@id":"https:\/\/www.greenpeace.org\/luxembourg\/fr\/actualites\/12069\/rapport-du-giec-les-5-resultats-cles\/#article","isPartOf":{"@id":"https:\/\/www.greenpeace.org\/luxembourg\/fr\/actualites\/12069\/rapport-du-giec-les-5-resultats-cles\/"},"author":{"name":"Esther Wildanger","@id":"https:\/\/www.greenpeace.org\/luxembourg\/fr\/#\/schema\/person\/3d0e81a859b59009fec36a8552ef76a7"},"headline":"Rapport du GIEC : les 5 r\u00e9sultats cl\u00e9s","datePublished":"2021-08-11T09:08:14+00:00","dateModified":"2021-12-01T15:23:33+00:00","mainEntityOfPage":{"@id":"https:\/\/www.greenpeace.org\/luxembourg\/fr\/actualites\/12069\/rapport-du-giec-les-5-resultats-cles\/"},"wordCount":1136,"publisher":{"@id":"https:\/\/www.greenpeace.org\/luxembourg\/fr\/#organization"},"image":{"@id":"https:\/\/www.greenpeace.org\/luxembourg\/fr\/actualites\/12069\/rapport-du-giec-les-5-resultats-cles\/#primaryimage"},"thumbnailUrl":"https:\/\/www.greenpeace.org\/static\/planet4-luxembourg-stateless\/2021\/08\/0e924c2a-gp1svods_web_size_with_credit_line.jpg","keywords":["ChangementClimatique"],"articleSection":["Climat"],"inLanguage":"fr-LU"},{"@type":"WebPage","@id":"https:\/\/www.greenpeace.org\/luxembourg\/fr\/actualites\/12069\/rapport-du-giec-les-5-resultats-cles\/","url":"https:\/\/www.greenpeace.org\/luxembourg\/fr\/actualites\/12069\/rapport-du-giec-les-5-resultats-cles\/","name":"Rapport du GIEC : les 5 r\u00e9sultats cl\u00e9s - Greenpeace Luxembourg","isPartOf":{"@id":"https:\/\/www.greenpeace.org\/luxembourg\/fr\/#website"},"primaryImageOfPage":{"@id":"https:\/\/www.greenpeace.org\/luxembourg\/fr\/actualites\/12069\/rapport-du-giec-les-5-resultats-cles\/#primaryimage"},"image":{"@id":"https:\/\/www.greenpeace.org\/luxembourg\/fr\/actualites\/12069\/rapport-du-giec-les-5-resultats-cles\/#primaryimage"},"thumbnailUrl":"https:\/\/www.greenpeace.org\/static\/planet4-luxembourg-stateless\/2021\/08\/0e924c2a-gp1svods_web_size_with_credit_line.jpg","datePublished":"2021-08-11T09:08:14+00:00","dateModified":"2021-12-01T15:23:33+00:00","breadcrumb":{"@id":"https:\/\/www.greenpeace.org\/luxembourg\/fr\/actualites\/12069\/rapport-du-giec-les-5-resultats-cles\/#breadcrumb"},"inLanguage":"fr-LU","potentialAction":[{"@type":"ReadAction","target":["https:\/\/www.greenpeace.org\/luxembourg\/fr\/actualites\/12069\/rapport-du-giec-les-5-resultats-cles\/"]}]},{"@type":"ImageObject","inLanguage":"fr-LU","@id":"https:\/\/www.greenpeace.org\/luxembourg\/fr\/actualites\/12069\/rapport-du-giec-les-5-resultats-cles\/#primaryimage","url":"https:\/\/www.greenpeace.org\/static\/planet4-luxembourg-stateless\/2021\/08\/0e924c2a-gp1svods_web_size_with_credit_line.jpg","contentUrl":"https:\/\/www.greenpeace.org\/static\/planet4-luxembourg-stateless\/2021\/08\/0e924c2a-gp1svods_web_size_with_credit_line.jpg","width":800,"height":534,"caption":"Fire line moves through a degraded forest area in an undesignated public forest area in Porto Velho, Rond\u00f4nia state. Every year, Greenpeace Brazil flies over the Amazon to monitor deforestation build up and forest fires. From July 29th to 31st, 2021, flights were made over points with Deter (Real Time Deforestation Detection System) and Prodes (Brazilian Amazon Satellite Monitoring Project) warnings, besides heat spots notified by Inpe (National Institute for Space Research), in the states of Amazonas, Rond\u00f4nia, Mato Grosso and Par\u00e1. Coluna de fogo avan\u00e7a sobre floresta degradada em \u00e1rea de floresta p\u00fablica n\u00e3o destinada em Porto Velho, Rond\u00f4nia. Todos os anos o Greenpeace Brasil realiza uma s\u00e9rie de sobrevoos de monitoramento, para acompanhar o avan\u00e7o do desmatamento e das queimadas na Amaz\u00f4nia. De 29 a 31 de julho de 2021, monitoramos pontos com alertas do Deter e Prodes, al\u00e9m de pontos de calor, do Inpe, nos estados do Amazonas, Rond\u00f4nia, Mato Grosso e Par\u00e1"},{"@type":"BreadcrumbList","@id":"https:\/\/www.greenpeace.org\/luxembourg\/fr\/actualites\/12069\/rapport-du-giec-les-5-resultats-cles\/#breadcrumb","itemListElement":[{"@type":"ListItem","position":1,"name":"Home","item":"https:\/\/www.greenpeace.org\/luxembourg\/fr\/"},{"@type":"ListItem","position":2,"name":"Rapport du GIEC : les 5 r\u00e9sultats cl\u00e9s"}]},{"@type":"WebSite","@id":"https:\/\/www.greenpeace.org\/luxembourg\/fr\/#website","url":"https:\/\/www.greenpeace.org\/luxembourg\/fr\/","name":"Greenpeace Luxembourg","description":"Greenpeace existe parce que cette Terre fragile a besoin d&#039;une voix. Elle a besoin de solutions. De changement. D&#039;actions.","publisher":{"@id":"https:\/\/www.greenpeace.org\/luxembourg\/fr\/#organization"},"potentialAction":[{"@type":"SearchAction","target":{"@type":"EntryPoint","urlTemplate":"https:\/\/www.greenpeace.org\/luxembourg\/fr\/?s={search_term_string}"},"query-input":{"@type":"PropertyValueSpecification","valueRequired":true,"valueName":"search_term_string"}}],"inLanguage":"fr-LU"},{"@type":"Organization","@id":"https:\/\/www.greenpeace.org\/luxembourg\/fr\/#organization","name":"Greenpeace Luxembourg","url":"https:\/\/www.greenpeace.org\/luxembourg\/fr\/","logo":{"@type":"ImageObject","inLanguage":"fr-LU","@id":"https:\/\/www.greenpeace.org\/luxembourg\/fr\/#\/schema\/logo\/image\/","url":"https:\/\/www.greenpeace.org\/static\/planet4-luxembourg-stateless\/2026\/03\/3e367f94-greenpeace_logo_green_rgb.png","contentUrl":"https:\/\/www.greenpeace.org\/static\/planet4-luxembourg-stateless\/2026\/03\/3e367f94-greenpeace_logo_green_rgb.png","width":1080,"height":175,"caption":"Greenpeace Luxembourg"},"image":{"@id":"https:\/\/www.greenpeace.org\/luxembourg\/fr\/#\/schema\/logo\/image\/"},"sameAs":["https:\/\/www.facebook.com\/greenpeaceluxembourg","https:\/\/www.instagram.com\/greenpeacelux\/","https:\/\/www.linkedin.com\/company\/greenpeace-luxembourg\/","https:\/\/www.threads.com\/@greenpeacelux","https:\/\/bsky.app\/profile\/greenpeacelux.bsky.social","https:\/\/www.youtube.com\/@GreenpeaceLux","https:\/\/www.tiktok.com\/@greenpeace_lux"]},{"@type":"Person","@id":"https:\/\/www.greenpeace.org\/luxembourg\/fr\/#\/schema\/person\/3d0e81a859b59009fec36a8552ef76a7","name":"Esther Wildanger","url":"https:\/\/www.greenpeace.org\/luxembourg\/fr\/author\/ewildang\/"}]}},"_links":{"self":[{"href":"https:\/\/www.greenpeace.org\/luxembourg\/fr\/wp-json\/wp\/v2\/posts\/12069","targetHints":{"allow":["GET"]}}],"collection":[{"href":"https:\/\/www.greenpeace.org\/luxembourg\/fr\/wp-json\/wp\/v2\/posts"}],"about":[{"href":"https:\/\/www.greenpeace.org\/luxembourg\/fr\/wp-json\/wp\/v2\/types\/post"}],"author":[{"embeddable":true,"href":"https:\/\/www.greenpeace.org\/luxembourg\/fr\/wp-json\/wp\/v2\/users\/25"}],"replies":[{"embeddable":true,"href":"https:\/\/www.greenpeace.org\/luxembourg\/fr\/wp-json\/wp\/v2\/comments?post=12069"}],"version-history":[{"count":6,"href":"https:\/\/www.greenpeace.org\/luxembourg\/fr\/wp-json\/wp\/v2\/posts\/12069\/revisions"}],"predecessor-version":[{"id":12806,"href":"https:\/\/www.greenpeace.org\/luxembourg\/fr\/wp-json\/wp\/v2\/posts\/12069\/revisions\/12806"}],"wp:featuredmedia":[{"embeddable":true,"href":"https:\/\/www.greenpeace.org\/luxembourg\/fr\/wp-json\/wp\/v2\/media\/12072"}],"wp:attachment":[{"href":"https:\/\/www.greenpeace.org\/luxembourg\/fr\/wp-json\/wp\/v2\/media?parent=12069"}],"wp:term":[{"taxonomy":"category","embeddable":true,"href":"https:\/\/www.greenpeace.org\/luxembourg\/fr\/wp-json\/wp\/v2\/categories?post=12069"},{"taxonomy":"post_tag","embeddable":true,"href":"https:\/\/www.greenpeace.org\/luxembourg\/fr\/wp-json\/wp\/v2\/tags?post=12069"},{"taxonomy":"p4-page-type","embeddable":true,"href":"https:\/\/www.greenpeace.org\/luxembourg\/fr\/wp-json\/wp\/v2\/p4-page-type?post=12069"}],"curies":[{"name":"wp","href":"https:\/\/api.w.org\/{rel}","templated":true}]}}