{"id":12434,"date":"2021-10-12T09:46:03","date_gmt":"2021-10-12T07:46:03","guid":{"rendered":"https:\/\/www.greenpeace.org\/luxembourg\/?p=12434"},"modified":"2021-12-01T17:23:12","modified_gmt":"2021-12-01T15:23:12","slug":"revelation-les-entreprises-francaises-du-nucleaire-deversent-leur-dechets-radioactifs-en-siberie","status":"publish","type":"post","link":"https:\/\/www.greenpeace.org\/luxembourg\/fr\/communiques-de-presse\/12434\/revelation-les-entreprises-francaises-du-nucleaire-deversent-leur-dechets-radioactifs-en-siberie\/","title":{"rendered":"R\u00e9v\u00e9lation : les entreprises fran\u00e7aises du nucl\u00e9aire d\u00e9versent leur d\u00e9chets radioactifs en Sib\u00e9rie"},"content":{"rendered":"\n<h3 class=\"wp-block-heading\"><strong>Des activistes appellent l\u2019UE \u00e0 ne pas consid\u00e9rer l\u2019\u00e9nergie nucl\u00e9aire comme durable<\/strong><\/h3>\n\n<div class=\"wp-block-image\"><figure class=\"aligncenter size-large\"><img loading=\"lazy\" decoding=\"async\" width=\"1024\" height=\"768\" src=\"https:\/\/www.greenpeace.org\/static\/planet4-luxembourg-stateless\/2021\/10\/a0e00c93-2021_1012_08480100_cp-1024x768.jpg\" alt=\"\" class=\"wp-image-12435\" srcset=\"https:\/\/www.greenpeace.org\/static\/planet4-luxembourg-stateless\/2021\/10\/a0e00c93-2021_1012_08480100_cp-1024x768.jpg 1024w, https:\/\/www.greenpeace.org\/static\/planet4-luxembourg-stateless\/2021\/10\/a0e00c93-2021_1012_08480100_cp-300x225.jpg 300w, https:\/\/www.greenpeace.org\/static\/planet4-luxembourg-stateless\/2021\/10\/a0e00c93-2021_1012_08480100_cp-768x576.jpg 768w, https:\/\/www.greenpeace.org\/static\/planet4-luxembourg-stateless\/2021\/10\/a0e00c93-2021_1012_08480100_cp-1536x1152.jpg 1536w, https:\/\/www.greenpeace.org\/static\/planet4-luxembourg-stateless\/2021\/10\/a0e00c93-2021_1012_08480100_cp-453x340.jpg 453w, https:\/\/www.greenpeace.org\/static\/planet4-luxembourg-stateless\/2021\/10\/a0e00c93-2021_1012_08480100_cp.jpg 1719w\" sizes=\"auto, (max-width: 1024px) 100vw, 1024px\" \/><figcaption>\u00a9 Victor Point \/ Greenpeace<\/figcaption><\/figure><\/div>\n\n<p><strong>Paris\/Luxembourg, 12 octobre 2021<\/strong> \u2013&nbsp; Ce matin des activistes de Greenpeace France ont dispos\u00e9 une quinzaine de f\u00fbts m\u00e9talliques faisant figurer un symbole radioactif devant l\u2019entr\u00e9e du groupe nucl\u00e9aire Orano \u00e0 Ch\u00e2tillon, au Sud de Paris, pour protester contre le d\u00e9versement de d\u00e9chets nucl\u00e9aires fran\u00e7ais sur un site dangereux \u00e0 Seversk, en Sib\u00e9rie. Une nouvelle enqu\u00eate de l\u2019organisation r\u00e9v\u00e8le que les exportations de d\u00e9chets vers la Russie ont repris apr\u00e8s une interruption de onze ans [1].<\/p>\n\n<p>Des images satellites en provenance de Seversk montrent des milliers de barils expos\u00e9s \u00e0 l\u2019air libre. L\u2019exportation de d\u00e9chets radioactifs de l&#8217;UE vers un pays tiers est soumise \u00e0 des conditions strictes, notamment en ce qui concerne la s\u00e9curit\u00e9 et la bonne gestion de l&#8217;installation de destination [2].&nbsp;<\/p>\n\n<p>Ces r\u00e9v\u00e9lations au sujet de la reprise des exportations de d\u00e9chets nucl\u00e9aires fran\u00e7ais vers la Russie adviennent alors que dix pays de l&#8217;UE, dont la France, viennent de publier une tribune dans plusieurs journaux europ\u00e9ens afin de demander l&#8217;inclusion de l&#8217;\u00e9nergie nucl\u00e9aire dans la \u00ab taxonomie europ\u00e9enne \u00bb, c\u2019est-\u00e0-dire les lignes directrices de l&#8217;UE pour les investissements verts [3].<\/p>\n\n<p>\u00ab <em>C\u2019est un scandale et une violation flagrante du principe de \u201c<\/em>ne pas causer de dommages significatifs<em>\u201d. Les r\u00e9v\u00e9lations de l\u2019enqu\u00eate prouvent une fois encore qu\u2019il n\u2019existe pas de solution \u00e9cologiquement durable au probl\u00e8me toujours croissant des d\u00e9chets radioactifs. L&#8217;UE ne doit pas accorder \u00e0 cette \u00e9nergie dangereuse qu\u2019est le nucl\u00e9aire un statut pr\u00e9f\u00e9rentiel via sa taxonomie. Cela ne ferait qu&#8217;aggraver le probl\u00e8me des d\u00e9chets tout en d\u00e9tournant les investissements des vraies solutions comme l&#8217;efficacit\u00e9 \u00e9nerg\u00e9tique, le stockage et les \u00e9nergies renouvelables<\/em> \u00bb,<strong> <\/strong>estime Roger Spautz, charg\u00e9 de campagne nucl\u00e9aire pour Greenpeace France et Luxembourg.&nbsp;<\/p>\n\n<p>Selon les grands principes de la taxonomie, pour y \u00eatre incluse, une activit\u00e9 ne doit pas \u00ab <em>causer de dommages significatifs<\/em> \u00bb \u00e0 l\u2019environnement. La Commission europ\u00e9enne ouvrira une consultation publique dans les prochaines semaines afin de d\u00e9terminer si l&#8217;\u00e9nergie nucl\u00e9aire doit \u00eatre int\u00e9gr\u00e9e \u00e0 la taxonomie.&nbsp;<\/p>\n\n<p>Le pr\u00e9sident Emmanuel Macron devrait \u00e9galement annoncer aujourd&#8217;hui le financement de \u00ab <em>petits r\u00e9acteurs nucl\u00e9aires modulaires<\/em> \u00bb dans le cadre de son programme d&#8217;investissement \u00ab <em>France 2030<\/em> \u00bb.&nbsp;<\/p>\n\n<h3 class=\"wp-block-heading\"><strong>Enqu\u00eate<\/strong><\/h3>\n\n<p>L\u2019enqu\u00eate de Greenpeace France r\u00e9v\u00e8le qu\u2019en janvier et f\u00e9vrier 2021, Orano a exp\u00e9di\u00e9 des centaines de tonnes d&#8217;uranium de retraitement \u00e0 Rosatom, l\u2019entreprise publique russe de l&#8217;\u00e9nergie nucl\u00e9aire.<\/p>\n\n<p>Dans le port du Havre, en Normandie, des activistes ont assist\u00e9 au chargement de mati\u00e8res radioactives sur un navire \u00e0 destination de Saint-P\u00e9tersbourg. De l\u00e0, les d\u00e9chets ont \u00e9t\u00e9 achemin\u00e9s par train vers un site d&#8217;enfouissement dans la ville de Seversk, en Sib\u00e9rie, anciennement connu sous le nom de Tomsk-7. Greenpeace n&#8217;a rien constat\u00e9 qui pourrait sugg\u00e9rer l\u2019am\u00e9lioration de la gestion du site de Seversk depuis 2010, date \u00e0 laquelle Orano (qui s&#8217;appelait alors Areva) a admis que les pr\u00e9occupations environnementales avaient jou\u00e9 un r\u00f4le dans sa d\u00e9cision de cesser d&#8217;y exporter de l&#8217;uranium [4].<\/p>\n\n<p>Orano a confirm\u00e9 les nouvelles exp\u00e9ditions dans un email adress\u00e9 \u00e0 Greenpeace France. EDF, le plus grand fournisseur d&#8217;\u00e9nergie nucl\u00e9aire de France, a \u00e9galement sign\u00e9 un accord similaire avec Rosatom en 2018, mais ne semble pas avoir encore effectu\u00e9 de telles exp\u00e9ditions. Les deux entreprises sont en partie d\u00e9tenues par l&#8217;\u00c9tat fran\u00e7ais.<\/p>\n\n<hr class=\"wp-block-separator is-style-wide\"\/>\n\n<p><strong>Notes aux r\u00e9dactions :&nbsp;<\/strong><\/p>\n\n<p>[1] Greenpeace France, 12 octobre 2021, \u201c<a href=\"https:\/\/www.greenpeace.org\/static\/planet4-luxembourg-stateless\/2021\/10\/cb26fbf1-dechets_nucleaires_francais-_-aller_simple_pour_la_siberie-_-dossier_greenpeace_france_12102021.pdf\">D\u00e9chets nucl\u00e9aires fran\u00e7ais : aller simple pour la Sib\u00e9rie<\/a>\u201d<br>[2] En particulier l\u2019Article 4 de la directive 70\/2011\/EURATOM du Conseil.<br>[3] La Libre Belgique, 10 octobre 2021, \u201c<a href=\"https:\/\/www.lalibre.be\/economie\/conjoncture\/2021\/10\/11\/dix-membres-de-lue-publient-une-tribune-en-faveur-du-nucleaire-HCTL7HSLLNBPXBE7A3MSNFM4AA\/\">Dix membres de l&#8217;UE publient une tribune en faveur du nucl\u00e9aire<\/a>\u201d&nbsp;<br>[4] En 2010, Areva (Orano) a cess\u00e9 l\u2019exportation de d\u00e9chets radioactifs vers la Russie apr\u00e8s un toll\u00e9 public au sujet de l&#8217;impact environnemental du site de Severska. Voir : Rue89 \/ Le Nouvel Observateur, 28 mai 2010, \u201c<a href=\"https:\/\/www.nouvelobs.com\/rue89\/rue89-planete\/20100528.RUE6775\/chut-areva-cesse-d-exporter-ses-dechets-radioactifs-en-russie.html\">Areva cesse d&#8217;exporter ses d\u00e9chets radioactifs en Russie<\/a>\u201d&nbsp;<br>[5] Des photos de l\u2019action devant le si\u00e8ge d&#8217;Orano, ainsi que des photos du transport d\u2019uranium us\u00e9 entre la France et la Russie en 2021, sont disponibles <a href=\"https:\/\/media.greenpeace.fr\/2389\/\">ici<\/a>.<\/p>\n<div class=\"EmptyMessage\">Block content is empty. Check the block&#8217;s settings or remove it.<\/div>","protected":false},"excerpt":{"rendered":"<p>Ce matin des activistes de Greenpeace France ont dispos\u00e9 une quinzaine de f\u00fbts m\u00e9talliques faisant figurer un symbole radioactif devant l\u2019entr\u00e9e du groupe nucl\u00e9aire Orano&hellip;<\/p>\n","protected":false},"author":25,"featured_media":12435,"comment_status":"closed","ping_status":"closed","sticky":false,"template":"","format":"standard","meta":{"ep_exclude_from_search":false,"p4_og_title":"","p4_og_description":"","p4_og_image":"","p4_og_image_id":"","p4_seo_canonical_url":"","p4_campaign_name":"not set","p4_local_project":"not set","p4_basket_name":"not set","p4_department":"","footnotes":""},"categories":[42],"tags":[30],"p4-page-type":[83],"class_list":["post-12434","post","type-post","status-publish","format-standard","has-post-thumbnail","hentry","category-energie","tag-nucleaire","p4-page-type-communiques-de-presse"],"yoast_head":"<!-- This site is optimized with the Yoast SEO Premium plugin v23.9 (Yoast SEO v23.9) - https:\/\/yoast.com\/wordpress\/plugins\/seo\/ -->\n<title>R\u00e9v\u00e9lation : les entreprises fran\u00e7aises du nucl\u00e9aire d\u00e9versent leur d\u00e9chets radioactifs en Sib\u00e9rie - Greenpeace Luxembourg<\/title>\n<meta name=\"robots\" content=\"index, follow, max-snippet:-1, max-image-preview:large, max-video-preview:-1\" \/>\n<link rel=\"canonical\" href=\"https:\/\/www.greenpeace.org\/luxembourg\/fr\/communiques-de-presse\/12434\/revelation-les-entreprises-francaises-du-nucleaire-deversent-leur-dechets-radioactifs-en-siberie\/\" \/>\n<meta property=\"og:locale\" content=\"fr_FR\" \/>\n<meta property=\"og:type\" content=\"article\" \/>\n<meta property=\"og:title\" content=\"R\u00e9v\u00e9lation : les entreprises fran\u00e7aises du nucl\u00e9aire d\u00e9versent leur d\u00e9chets radioactifs en Sib\u00e9rie\" \/>\n<meta property=\"og:description\" content=\"Ce matin des activistes de Greenpeace France ont dispos\u00e9 une quinzaine de f\u00fbts m\u00e9talliques faisant figurer un symbole radioactif devant l\u2019entr\u00e9e du groupe nucl\u00e9aire Orano&hellip;\" \/>\n<meta property=\"og:url\" content=\"https:\/\/www.greenpeace.org\/luxembourg\/fr\/communiques-de-presse\/12434\/revelation-les-entreprises-francaises-du-nucleaire-deversent-leur-dechets-radioactifs-en-siberie\/\" \/>\n<meta property=\"og:site_name\" content=\"Greenpeace Luxembourg\" \/>\n<meta property=\"article:publisher\" content=\"https:\/\/www.facebook.com\/greenpeaceluxembourg\" \/>\n<meta property=\"article:published_time\" content=\"2021-10-12T07:46:03+00:00\" \/>\n<meta property=\"article:modified_time\" content=\"2021-12-01T15:23:12+00:00\" \/>\n<meta property=\"og:image\" content=\"https:\/\/www.greenpeace.org\/static\/planet4-luxembourg-stateless\/2021\/10\/a0e00c93-2021_1012_08480100_cp.jpg\" \/>\n\t<meta property=\"og:image:width\" content=\"1719\" \/>\n\t<meta property=\"og:image:height\" content=\"1289\" \/>\n\t<meta property=\"og:image:type\" content=\"image\/jpeg\" \/>\n<meta name=\"author\" content=\"Esther Wildanger\" \/>\n<meta name=\"twitter:card\" content=\"summary_large_image\" \/>\n<meta name=\"twitter:label1\" content=\"Written by\" \/>\n\t<meta name=\"twitter:data1\" content=\"Esther Wildanger\" \/>\n\t<meta name=\"twitter:label2\" content=\"Est. reading time\" \/>\n\t<meta name=\"twitter:data2\" content=\"4 minutes\" \/>\n<script type=\"application\/ld+json\" class=\"yoast-schema-graph\">{\"@context\":\"https:\/\/schema.org\",\"@graph\":[{\"@type\":\"Article\",\"@id\":\"https:\/\/www.greenpeace.org\/luxembourg\/fr\/communiques-de-presse\/12434\/revelation-les-entreprises-francaises-du-nucleaire-deversent-leur-dechets-radioactifs-en-siberie\/#article\",\"isPartOf\":{\"@id\":\"https:\/\/www.greenpeace.org\/luxembourg\/fr\/communiques-de-presse\/12434\/revelation-les-entreprises-francaises-du-nucleaire-deversent-leur-dechets-radioactifs-en-siberie\/\"},\"author\":{\"name\":\"Esther Wildanger\",\"@id\":\"https:\/\/www.greenpeace.org\/luxembourg\/fr\/#\/schema\/person\/3d0e81a859b59009fec36a8552ef76a7\"},\"headline\":\"R\u00e9v\u00e9lation : les entreprises fran\u00e7aises du nucl\u00e9aire d\u00e9versent leur d\u00e9chets radioactifs en Sib\u00e9rie\",\"datePublished\":\"2021-10-12T07:46:03+00:00\",\"dateModified\":\"2021-12-01T15:23:12+00:00\",\"mainEntityOfPage\":{\"@id\":\"https:\/\/www.greenpeace.org\/luxembourg\/fr\/communiques-de-presse\/12434\/revelation-les-entreprises-francaises-du-nucleaire-deversent-leur-dechets-radioactifs-en-siberie\/\"},\"wordCount\":770,\"publisher\":{\"@id\":\"https:\/\/www.greenpeace.org\/luxembourg\/fr\/#organization\"},\"image\":{\"@id\":\"https:\/\/www.greenpeace.org\/luxembourg\/fr\/communiques-de-presse\/12434\/revelation-les-entreprises-francaises-du-nucleaire-deversent-leur-dechets-radioactifs-en-siberie\/#primaryimage\"},\"thumbnailUrl\":\"https:\/\/www.greenpeace.org\/static\/planet4-luxembourg-stateless\/2021\/10\/a0e00c93-2021_1012_08480100_cp.jpg\",\"keywords\":[\"Nucl\u00e9aire\"],\"articleSection\":[\"\u00c9nergie\"],\"inLanguage\":\"fr-LU\"},{\"@type\":\"WebPage\",\"@id\":\"https:\/\/www.greenpeace.org\/luxembourg\/fr\/communiques-de-presse\/12434\/revelation-les-entreprises-francaises-du-nucleaire-deversent-leur-dechets-radioactifs-en-siberie\/\",\"url\":\"https:\/\/www.greenpeace.org\/luxembourg\/fr\/communiques-de-presse\/12434\/revelation-les-entreprises-francaises-du-nucleaire-deversent-leur-dechets-radioactifs-en-siberie\/\",\"name\":\"R\u00e9v\u00e9lation : les entreprises fran\u00e7aises du nucl\u00e9aire d\u00e9versent leur d\u00e9chets radioactifs en Sib\u00e9rie - Greenpeace Luxembourg\",\"isPartOf\":{\"@id\":\"https:\/\/www.greenpeace.org\/luxembourg\/fr\/#website\"},\"primaryImageOfPage\":{\"@id\":\"https:\/\/www.greenpeace.org\/luxembourg\/fr\/communiques-de-presse\/12434\/revelation-les-entreprises-francaises-du-nucleaire-deversent-leur-dechets-radioactifs-en-siberie\/#primaryimage\"},\"image\":{\"@id\":\"https:\/\/www.greenpeace.org\/luxembourg\/fr\/communiques-de-presse\/12434\/revelation-les-entreprises-francaises-du-nucleaire-deversent-leur-dechets-radioactifs-en-siberie\/#primaryimage\"},\"thumbnailUrl\":\"https:\/\/www.greenpeace.org\/static\/planet4-luxembourg-stateless\/2021\/10\/a0e00c93-2021_1012_08480100_cp.jpg\",\"datePublished\":\"2021-10-12T07:46:03+00:00\",\"dateModified\":\"2021-12-01T15:23:12+00:00\",\"breadcrumb\":{\"@id\":\"https:\/\/www.greenpeace.org\/luxembourg\/fr\/communiques-de-presse\/12434\/revelation-les-entreprises-francaises-du-nucleaire-deversent-leur-dechets-radioactifs-en-siberie\/#breadcrumb\"},\"inLanguage\":\"fr-LU\",\"potentialAction\":[{\"@type\":\"ReadAction\",\"target\":[\"https:\/\/www.greenpeace.org\/luxembourg\/fr\/communiques-de-presse\/12434\/revelation-les-entreprises-francaises-du-nucleaire-deversent-leur-dechets-radioactifs-en-siberie\/\"]}]},{\"@type\":\"ImageObject\",\"inLanguage\":\"fr-LU\",\"@id\":\"https:\/\/www.greenpeace.org\/luxembourg\/fr\/communiques-de-presse\/12434\/revelation-les-entreprises-francaises-du-nucleaire-deversent-leur-dechets-radioactifs-en-siberie\/#primaryimage\",\"url\":\"https:\/\/www.greenpeace.org\/static\/planet4-luxembourg-stateless\/2021\/10\/a0e00c93-2021_1012_08480100_cp.jpg\",\"contentUrl\":\"https:\/\/www.greenpeace.org\/static\/planet4-luxembourg-stateless\/2021\/10\/a0e00c93-2021_1012_08480100_cp.jpg\",\"width\":1719,\"height\":1289},{\"@type\":\"BreadcrumbList\",\"@id\":\"https:\/\/www.greenpeace.org\/luxembourg\/fr\/communiques-de-presse\/12434\/revelation-les-entreprises-francaises-du-nucleaire-deversent-leur-dechets-radioactifs-en-siberie\/#breadcrumb\",\"itemListElement\":[{\"@type\":\"ListItem\",\"position\":1,\"name\":\"Home\",\"item\":\"https:\/\/www.greenpeace.org\/luxembourg\/fr\/\"},{\"@type\":\"ListItem\",\"position\":2,\"name\":\"R\u00e9v\u00e9lation : les entreprises fran\u00e7aises du nucl\u00e9aire d\u00e9versent leur d\u00e9chets radioactifs en Sib\u00e9rie\"}]},{\"@type\":\"WebSite\",\"@id\":\"https:\/\/www.greenpeace.org\/luxembourg\/fr\/#website\",\"url\":\"https:\/\/www.greenpeace.org\/luxembourg\/fr\/\",\"name\":\"Greenpeace Luxembourg\",\"description\":\"Greenpeace existe parce que cette Terre fragile a besoin d&#039;une voix. Elle a besoin de solutions. De changement. D&#039;actions.\",\"publisher\":{\"@id\":\"https:\/\/www.greenpeace.org\/luxembourg\/fr\/#organization\"},\"potentialAction\":[{\"@type\":\"SearchAction\",\"target\":{\"@type\":\"EntryPoint\",\"urlTemplate\":\"https:\/\/www.greenpeace.org\/luxembourg\/fr\/?s={search_term_string}\"},\"query-input\":{\"@type\":\"PropertyValueSpecification\",\"valueRequired\":true,\"valueName\":\"search_term_string\"}}],\"inLanguage\":\"fr-LU\"},{\"@type\":\"Organization\",\"@id\":\"https:\/\/www.greenpeace.org\/luxembourg\/fr\/#organization\",\"name\":\"Greenpeace Luxembourg\",\"url\":\"https:\/\/www.greenpeace.org\/luxembourg\/fr\/\",\"logo\":{\"@type\":\"ImageObject\",\"inLanguage\":\"fr-LU\",\"@id\":\"https:\/\/www.greenpeace.org\/luxembourg\/fr\/#\/schema\/logo\/image\/\",\"url\":\"https:\/\/www.greenpeace.org\/static\/planet4-luxembourg-stateless\/2026\/03\/3e367f94-greenpeace_logo_green_rgb.png\",\"contentUrl\":\"https:\/\/www.greenpeace.org\/static\/planet4-luxembourg-stateless\/2026\/03\/3e367f94-greenpeace_logo_green_rgb.png\",\"width\":1080,\"height\":175,\"caption\":\"Greenpeace Luxembourg\"},\"image\":{\"@id\":\"https:\/\/www.greenpeace.org\/luxembourg\/fr\/#\/schema\/logo\/image\/\"},\"sameAs\":[\"https:\/\/www.facebook.com\/greenpeaceluxembourg\",\"https:\/\/www.instagram.com\/greenpeacelux\/\",\"https:\/\/www.linkedin.com\/company\/greenpeace-luxembourg\/\",\"https:\/\/www.threads.com\/@greenpeacelux\",\"https:\/\/bsky.app\/profile\/greenpeacelux.bsky.social\",\"https:\/\/www.youtube.com\/@GreenpeaceLux\",\"https:\/\/www.tiktok.com\/@greenpeace_lux\"]},{\"@type\":\"Person\",\"@id\":\"https:\/\/www.greenpeace.org\/luxembourg\/fr\/#\/schema\/person\/3d0e81a859b59009fec36a8552ef76a7\",\"name\":\"Esther Wildanger\",\"url\":\"https:\/\/www.greenpeace.org\/luxembourg\/fr\/author\/ewildang\/\"}]}<\/script>\n<!-- \/ Yoast SEO Premium plugin. -->","yoast_head_json":{"title":"R\u00e9v\u00e9lation : les entreprises fran\u00e7aises du nucl\u00e9aire d\u00e9versent leur d\u00e9chets radioactifs en Sib\u00e9rie - Greenpeace Luxembourg","robots":{"index":"index","follow":"follow","max-snippet":"max-snippet:-1","max-image-preview":"max-image-preview:large","max-video-preview":"max-video-preview:-1"},"canonical":"https:\/\/www.greenpeace.org\/luxembourg\/fr\/communiques-de-presse\/12434\/revelation-les-entreprises-francaises-du-nucleaire-deversent-leur-dechets-radioactifs-en-siberie\/","og_locale":"fr_FR","og_type":"article","og_title":"R\u00e9v\u00e9lation : les entreprises fran\u00e7aises du nucl\u00e9aire d\u00e9versent leur d\u00e9chets radioactifs en Sib\u00e9rie","og_description":"Ce matin des activistes de Greenpeace France ont dispos\u00e9 une quinzaine de f\u00fbts m\u00e9talliques faisant figurer un symbole radioactif devant l\u2019entr\u00e9e du groupe nucl\u00e9aire Orano&hellip;","og_url":"https:\/\/www.greenpeace.org\/luxembourg\/fr\/communiques-de-presse\/12434\/revelation-les-entreprises-francaises-du-nucleaire-deversent-leur-dechets-radioactifs-en-siberie\/","og_site_name":"Greenpeace Luxembourg","article_publisher":"https:\/\/www.facebook.com\/greenpeaceluxembourg","article_published_time":"2021-10-12T07:46:03+00:00","article_modified_time":"2021-12-01T15:23:12+00:00","og_image":[{"width":1719,"height":1289,"url":"https:\/\/www.greenpeace.org\/static\/planet4-luxembourg-stateless\/2021\/10\/a0e00c93-2021_1012_08480100_cp.jpg","type":"image\/jpeg"}],"author":"Esther Wildanger","twitter_card":"summary_large_image","twitter_misc":{"Written by":"Esther Wildanger","Est. reading time":"4 minutes"},"schema":{"@context":"https:\/\/schema.org","@graph":[{"@type":"Article","@id":"https:\/\/www.greenpeace.org\/luxembourg\/fr\/communiques-de-presse\/12434\/revelation-les-entreprises-francaises-du-nucleaire-deversent-leur-dechets-radioactifs-en-siberie\/#article","isPartOf":{"@id":"https:\/\/www.greenpeace.org\/luxembourg\/fr\/communiques-de-presse\/12434\/revelation-les-entreprises-francaises-du-nucleaire-deversent-leur-dechets-radioactifs-en-siberie\/"},"author":{"name":"Esther Wildanger","@id":"https:\/\/www.greenpeace.org\/luxembourg\/fr\/#\/schema\/person\/3d0e81a859b59009fec36a8552ef76a7"},"headline":"R\u00e9v\u00e9lation : les entreprises fran\u00e7aises du nucl\u00e9aire d\u00e9versent leur d\u00e9chets radioactifs en Sib\u00e9rie","datePublished":"2021-10-12T07:46:03+00:00","dateModified":"2021-12-01T15:23:12+00:00","mainEntityOfPage":{"@id":"https:\/\/www.greenpeace.org\/luxembourg\/fr\/communiques-de-presse\/12434\/revelation-les-entreprises-francaises-du-nucleaire-deversent-leur-dechets-radioactifs-en-siberie\/"},"wordCount":770,"publisher":{"@id":"https:\/\/www.greenpeace.org\/luxembourg\/fr\/#organization"},"image":{"@id":"https:\/\/www.greenpeace.org\/luxembourg\/fr\/communiques-de-presse\/12434\/revelation-les-entreprises-francaises-du-nucleaire-deversent-leur-dechets-radioactifs-en-siberie\/#primaryimage"},"thumbnailUrl":"https:\/\/www.greenpeace.org\/static\/planet4-luxembourg-stateless\/2021\/10\/a0e00c93-2021_1012_08480100_cp.jpg","keywords":["Nucl\u00e9aire"],"articleSection":["\u00c9nergie"],"inLanguage":"fr-LU"},{"@type":"WebPage","@id":"https:\/\/www.greenpeace.org\/luxembourg\/fr\/communiques-de-presse\/12434\/revelation-les-entreprises-francaises-du-nucleaire-deversent-leur-dechets-radioactifs-en-siberie\/","url":"https:\/\/www.greenpeace.org\/luxembourg\/fr\/communiques-de-presse\/12434\/revelation-les-entreprises-francaises-du-nucleaire-deversent-leur-dechets-radioactifs-en-siberie\/","name":"R\u00e9v\u00e9lation : les entreprises fran\u00e7aises du nucl\u00e9aire d\u00e9versent leur d\u00e9chets radioactifs en Sib\u00e9rie - Greenpeace Luxembourg","isPartOf":{"@id":"https:\/\/www.greenpeace.org\/luxembourg\/fr\/#website"},"primaryImageOfPage":{"@id":"https:\/\/www.greenpeace.org\/luxembourg\/fr\/communiques-de-presse\/12434\/revelation-les-entreprises-francaises-du-nucleaire-deversent-leur-dechets-radioactifs-en-siberie\/#primaryimage"},"image":{"@id":"https:\/\/www.greenpeace.org\/luxembourg\/fr\/communiques-de-presse\/12434\/revelation-les-entreprises-francaises-du-nucleaire-deversent-leur-dechets-radioactifs-en-siberie\/#primaryimage"},"thumbnailUrl":"https:\/\/www.greenpeace.org\/static\/planet4-luxembourg-stateless\/2021\/10\/a0e00c93-2021_1012_08480100_cp.jpg","datePublished":"2021-10-12T07:46:03+00:00","dateModified":"2021-12-01T15:23:12+00:00","breadcrumb":{"@id":"https:\/\/www.greenpeace.org\/luxembourg\/fr\/communiques-de-presse\/12434\/revelation-les-entreprises-francaises-du-nucleaire-deversent-leur-dechets-radioactifs-en-siberie\/#breadcrumb"},"inLanguage":"fr-LU","potentialAction":[{"@type":"ReadAction","target":["https:\/\/www.greenpeace.org\/luxembourg\/fr\/communiques-de-presse\/12434\/revelation-les-entreprises-francaises-du-nucleaire-deversent-leur-dechets-radioactifs-en-siberie\/"]}]},{"@type":"ImageObject","inLanguage":"fr-LU","@id":"https:\/\/www.greenpeace.org\/luxembourg\/fr\/communiques-de-presse\/12434\/revelation-les-entreprises-francaises-du-nucleaire-deversent-leur-dechets-radioactifs-en-siberie\/#primaryimage","url":"https:\/\/www.greenpeace.org\/static\/planet4-luxembourg-stateless\/2021\/10\/a0e00c93-2021_1012_08480100_cp.jpg","contentUrl":"https:\/\/www.greenpeace.org\/static\/planet4-luxembourg-stateless\/2021\/10\/a0e00c93-2021_1012_08480100_cp.jpg","width":1719,"height":1289},{"@type":"BreadcrumbList","@id":"https:\/\/www.greenpeace.org\/luxembourg\/fr\/communiques-de-presse\/12434\/revelation-les-entreprises-francaises-du-nucleaire-deversent-leur-dechets-radioactifs-en-siberie\/#breadcrumb","itemListElement":[{"@type":"ListItem","position":1,"name":"Home","item":"https:\/\/www.greenpeace.org\/luxembourg\/fr\/"},{"@type":"ListItem","position":2,"name":"R\u00e9v\u00e9lation : les entreprises fran\u00e7aises du nucl\u00e9aire d\u00e9versent leur d\u00e9chets radioactifs en Sib\u00e9rie"}]},{"@type":"WebSite","@id":"https:\/\/www.greenpeace.org\/luxembourg\/fr\/#website","url":"https:\/\/www.greenpeace.org\/luxembourg\/fr\/","name":"Greenpeace Luxembourg","description":"Greenpeace existe parce que cette Terre fragile a besoin d&#039;une voix. Elle a besoin de solutions. De changement. D&#039;actions.","publisher":{"@id":"https:\/\/www.greenpeace.org\/luxembourg\/fr\/#organization"},"potentialAction":[{"@type":"SearchAction","target":{"@type":"EntryPoint","urlTemplate":"https:\/\/www.greenpeace.org\/luxembourg\/fr\/?s={search_term_string}"},"query-input":{"@type":"PropertyValueSpecification","valueRequired":true,"valueName":"search_term_string"}}],"inLanguage":"fr-LU"},{"@type":"Organization","@id":"https:\/\/www.greenpeace.org\/luxembourg\/fr\/#organization","name":"Greenpeace Luxembourg","url":"https:\/\/www.greenpeace.org\/luxembourg\/fr\/","logo":{"@type":"ImageObject","inLanguage":"fr-LU","@id":"https:\/\/www.greenpeace.org\/luxembourg\/fr\/#\/schema\/logo\/image\/","url":"https:\/\/www.greenpeace.org\/static\/planet4-luxembourg-stateless\/2026\/03\/3e367f94-greenpeace_logo_green_rgb.png","contentUrl":"https:\/\/www.greenpeace.org\/static\/planet4-luxembourg-stateless\/2026\/03\/3e367f94-greenpeace_logo_green_rgb.png","width":1080,"height":175,"caption":"Greenpeace Luxembourg"},"image":{"@id":"https:\/\/www.greenpeace.org\/luxembourg\/fr\/#\/schema\/logo\/image\/"},"sameAs":["https:\/\/www.facebook.com\/greenpeaceluxembourg","https:\/\/www.instagram.com\/greenpeacelux\/","https:\/\/www.linkedin.com\/company\/greenpeace-luxembourg\/","https:\/\/www.threads.com\/@greenpeacelux","https:\/\/bsky.app\/profile\/greenpeacelux.bsky.social","https:\/\/www.youtube.com\/@GreenpeaceLux","https:\/\/www.tiktok.com\/@greenpeace_lux"]},{"@type":"Person","@id":"https:\/\/www.greenpeace.org\/luxembourg\/fr\/#\/schema\/person\/3d0e81a859b59009fec36a8552ef76a7","name":"Esther Wildanger","url":"https:\/\/www.greenpeace.org\/luxembourg\/fr\/author\/ewildang\/"}]}},"_links":{"self":[{"href":"https:\/\/www.greenpeace.org\/luxembourg\/fr\/wp-json\/wp\/v2\/posts\/12434","targetHints":{"allow":["GET"]}}],"collection":[{"href":"https:\/\/www.greenpeace.org\/luxembourg\/fr\/wp-json\/wp\/v2\/posts"}],"about":[{"href":"https:\/\/www.greenpeace.org\/luxembourg\/fr\/wp-json\/wp\/v2\/types\/post"}],"author":[{"embeddable":true,"href":"https:\/\/www.greenpeace.org\/luxembourg\/fr\/wp-json\/wp\/v2\/users\/25"}],"replies":[{"embeddable":true,"href":"https:\/\/www.greenpeace.org\/luxembourg\/fr\/wp-json\/wp\/v2\/comments?post=12434"}],"version-history":[{"count":6,"href":"https:\/\/www.greenpeace.org\/luxembourg\/fr\/wp-json\/wp\/v2\/posts\/12434\/revisions"}],"predecessor-version":[{"id":12792,"href":"https:\/\/www.greenpeace.org\/luxembourg\/fr\/wp-json\/wp\/v2\/posts\/12434\/revisions\/12792"}],"wp:featuredmedia":[{"embeddable":true,"href":"https:\/\/www.greenpeace.org\/luxembourg\/fr\/wp-json\/wp\/v2\/media\/12435"}],"wp:attachment":[{"href":"https:\/\/www.greenpeace.org\/luxembourg\/fr\/wp-json\/wp\/v2\/media?parent=12434"}],"wp:term":[{"taxonomy":"category","embeddable":true,"href":"https:\/\/www.greenpeace.org\/luxembourg\/fr\/wp-json\/wp\/v2\/categories?post=12434"},{"taxonomy":"post_tag","embeddable":true,"href":"https:\/\/www.greenpeace.org\/luxembourg\/fr\/wp-json\/wp\/v2\/tags?post=12434"},{"taxonomy":"p4-page-type","embeddable":true,"href":"https:\/\/www.greenpeace.org\/luxembourg\/fr\/wp-json\/wp\/v2\/p4-page-type?post=12434"}],"curies":[{"name":"wp","href":"https:\/\/api.w.org\/{rel}","templated":true}]}}