{"id":12604,"date":"2021-10-29T10:31:10","date_gmt":"2021-10-29T08:31:10","guid":{"rendered":"https:\/\/www.greenpeace.org\/luxembourg\/?p=12604"},"modified":"2021-12-01T17:23:02","modified_gmt":"2021-12-01T15:23:02","slug":"fini-les-fausses-solutions","status":"publish","type":"post","link":"https:\/\/www.greenpeace.org\/luxembourg\/fr\/communiques-de-presse\/12604\/fini-les-fausses-solutions\/","title":{"rendered":"Fini les fausses solutions"},"content":{"rendered":"\n<h2 class=\"wp-block-heading\">La COP26 doit mettre fin \u00e0 l&#8217;arnaque de la compensation carbone<\/h2>\n\n<p><em>Luxembourg, 29 octobre 2021 <\/em>&#8211; <strong>Avant le sommet des chef\u00b7fes d&#8217;\u00c9tat et de gouvernement du G20 qui se tient \u00e0 Rome les 30 et 31 octobre, des militant\u00b7es de Greenpeace Italie ont expos\u00e9 hier soir aux dirigeant\u00b7es des plus grandes \u00e9conomies du monde que les arnaques \u00e0 la compensation des \u00e9missions climaticides sont le nouveau d\u00e9ni climatique et qu&#8217;elles ont des cons\u00e9quences dangereuses. Le sommet du G20 se passe pendant l\u2019ouverture officielle de la COP26 qui d\u00e9butera ce week-end. Lors de cette derni\u00e8re, Greenpeace Luxembourg attend du gouvernement luxembourgeois de s\u2019opposer \u00e0 des projets globaux de march\u00e9 carbone et des m\u00e9canismes de compensation carbone dans l\u2019interpr\u00e9tation de l\u2019article 6 de l&#8217;accord de Paris.<\/strong>&nbsp;<\/p>\n\n<div class=\"wp-block-image\"><figure class=\"aligncenter size-full\"><img loading=\"lazy\" decoding=\"async\" width=\"800\" height=\"533\" src=\"https:\/\/www.greenpeace.org\/static\/planet4-luxembourg-stateless\/2021\/10\/ace609a9-gp1swcl6_web_size_with_credit_line.jpg\" alt=\"\" class=\"wp-image-12605\" srcset=\"https:\/\/www.greenpeace.org\/static\/planet4-luxembourg-stateless\/2021\/10\/ace609a9-gp1swcl6_web_size_with_credit_line.jpg 800w, https:\/\/www.greenpeace.org\/static\/planet4-luxembourg-stateless\/2021\/10\/ace609a9-gp1swcl6_web_size_with_credit_line-300x200.jpg 300w, https:\/\/www.greenpeace.org\/static\/planet4-luxembourg-stateless\/2021\/10\/ace609a9-gp1swcl6_web_size_with_credit_line-768x512.jpg 768w, https:\/\/www.greenpeace.org\/static\/planet4-luxembourg-stateless\/2021\/10\/ace609a9-gp1swcl6_web_size_with_credit_line-510x340.jpg 510w\" sizes=\"auto, (max-width: 800px) 100vw, 800px\" \/><\/figure><\/div>\n\n<p>Apr\u00e8s une \u00e9dition 2020 annul\u00e9e \u00e0 cause de l\u2019\u00e9pid\u00e9mie de COVID, la COP26 porte des enjeux fondamentaux pour remettre la diplomatie climatique sur les rails et barrer la route aux fausses solutions pour le climat. Date limite des \u00c9tats pour pr\u00e9senter leurs nouveaux plans de r\u00e9duction des \u00e9missions de gaz \u00e0 effet de serre, le sommet doit \u00e9galement permettre de finaliser les r\u00e8gles d\u2019application de l\u2019accord de Paris. L&#8217;un des principaux sujets sera l&#8217;article 6 dans l\u2019accord de Paris, o\u00f9 il existe le risque qu\u2019au lieu de renforcer la coop\u00e9ration en technologies et informations avec les pays du Sud, seuls des march\u00e9s du carbone soient cr\u00e9\u00e9s.<br><\/p>\n\n<p><em>\u00ab Nous ne pouvons pas permettre aux nations les plus riches, ni aux grandes entreprises de marchander la nature et d&#8217;acheter des terres dans des pays plus pauvres pour compenser leurs \u00e9missions et continuer \u00e0 polluer l&#8217;atmosph\u00e8re \u00bb, <\/em>souligne Frank Thinnes, charg\u00e9 de campagne Climat et \u00c9nergie pour Greenpeace Luxembourg<em>. \u00ab Dirigeant un des pays les plus riches au monde, les Ministres du Luxembourg doivent veiller \u00e0 ce que cette pratique ne soit pas admise, ni en Europe, ni dans le reste du monde. \u00bb<\/em>&nbsp;<\/p>\n\n<p><br>Les r\u00e8gles de la coop\u00e9ration internationale sur le climat doivent \u00eatre fix\u00e9es de mani\u00e8re \u00e0 ce qu&#8217;il n&#8217;y ait pas d\u2019\u00e9chappatoires telles que les march\u00e9s de compensation du CO<sub>2<\/sub>. On parle de la mani\u00e8re dont les pays coop\u00e8rent en mati\u00e8re de financement, de transfert de technologie, de partage des connaissances et de renforcement des capacit\u00e9s, afin d&#8217;assurer une meilleure efficacit\u00e9 de travailler ensemble &#8211; mais il ne peut y avoir de \u00ab compensation carbone \u00bb. Les compensations n&#8217;emp\u00eachent pas les \u00e9missions de r\u00e9chauffer notre climat.<\/p>\n\n<p>Une vigilance mondiale doit \u00e9galement \u00eatre de mise au sujet du \u00ab Net Z\u00e9ro \u00bb (z\u00e9ro \u00e9mission nette). Un engagement Net Z\u00e9ro qui ne pr\u00e9voit pas de r\u00e9ductions d&#8217;\u00e9missions spectaculaires et constantes \u00e0 court terme mais qui s\u2019appuie sur des syst\u00e8mes de compensation, ce n\u2019est que du greenwashing pour faire diversion. De multiples analyses des engagements Net Z\u00e9ro des entreprises et des pays d\u00e9montrent que les promesses ne se mat\u00e9rialisent pas en faits concrets. La mise en place d\u2019un m\u00e9canisme de surveillance sans syst\u00e8me solide de responsabilisation et de contr\u00f4le du respect des engagements ne fera que multiplier les opportunit\u00e9s de greenwashing qui existent d\u00e9j\u00e0.<\/p>\n\n<p>Les enjeux de la COP sont \u00e0 la hauteur du d\u00e9fi climatique [1]. Concernant la r\u00e9duction des gaz \u00e0 effet de serre, Greenpeace Luxembourg attend notamment :<\/p>\n\n<p>&#8211; Le rejet des projets de march\u00e9 carbone et des m\u00e9canismes de compensation carbone dans l\u2019interpr\u00e9tation de l\u2019article 6 de l\u2019accord de Paris. Ce dernier doit \u00eatre interpr\u00e9t\u00e9 comme fixant les r\u00e8gles de la coop\u00e9ration internationale sur le climat, et non comme une opportunit\u00e9 de mettre en place des tactiques dilatoires comme les march\u00e9s de compensation carbone.<\/p>\n\n<p>&#8211; D&#8217;arr\u00eater au plus vite les investissements dans des fausses solutions de transition \u00e9nerg\u00e9tique, comme l&#8217;hydrog\u00e8ne bleu ou le \u00ab Carbon Capture and Storage \u00bb, qui reposent uniquement sur le maintien en vie de l&#8217;utilisation des \u00e9nergies fossiles.&nbsp;<\/p>\n\n<p>\u00ab <em>La COP26 doit \u00eatre le moment de bascule o\u00f9 la lutte pour le climat devient une r\u00e9alit\u00e9, en engageant explicitement la bataille contre les industries des \u00e9nergies fossiles <\/em>\u00bb, souligne Frank Thinnes. \u00ab <em>Il est encore temps d&#8217;\u00e9viter les pires cons\u00e9quences du changement climatique, mais les chef\u00b7fes d&#8217;\u00c9tat et de gouvernement ainsi que les ministres qui se rendront \u00e0 Glasgow devront faire preuve d&#8217;un r\u00e9el leadership. Ils savent ce qu&#8217;il faut faire, et doivent maintenant le mettre en place.<\/em> \u00bb<\/p>\n\n<hr class=\"wp-block-separator\"\/>\n\n<p><strong>Notes :&nbsp;<\/strong><\/p>\n\n<p><br>[1] Outre le rejet des march\u00e9s de carbone, Greenpeace demande l&#8217;\u00e9limination progressive des combustibles fossiles en temps voulu et de mani\u00e8re \u00e9quitable et le versement des 100 milliards de dollars promis aux pays vuln\u00e9rables pour faire face \u00e0 la crise climatique. Un m\u00e9dia brief d\u00e9taill\u00e9 sur les enjeux de la COP26 et les revendications additionnelles de Greenpeace est disponible <a href=\"https:\/\/www.greenpeace.org\/static\/planet4-international-stateless\/2021\/10\/f4e0acb1-cop26-greenpeace-media-brief.pdf\" target=\"_blank\" rel=\"noreferrer noopener\">ici<\/a> (en anglais).<br>Une d\u00e9l\u00e9gation de Greenpeace international sera pr\u00e9sente \u00e0 Glasgow pendant toute la dur\u00e9e de la COP; des repr\u00e9sentants et repr\u00e9sentantes de bureaux de Greenpeace \u00e0 travers le monde seront disponibles pour des interviews.<\/p>\n<div class=\"EmptyMessage\">Block content is empty. Check the block&#8217;s settings or remove it.<\/div>","protected":false},"excerpt":{"rendered":"<p>Avant le sommet du G20, des militant\u00b7es de Greenpeace Italie ont expos\u00e9 les arnaques \u00e0 la compensation des \u00e9missions climaticides.<\/p>\n","protected":false},"author":31,"featured_media":12605,"comment_status":"closed","ping_status":"closed","sticky":false,"template":"","format":"standard","meta":{"ep_exclude_from_search":false,"p4_og_title":"","p4_og_description":"","p4_og_image":"","p4_og_image_id":"","p4_seo_canonical_url":"","p4_campaign_name":"not set","p4_local_project":"not set","p4_basket_name":"not set","p4_department":"","footnotes":""},"categories":[41,42,40],"tags":[35,95],"p4-page-type":[83],"class_list":["post-12604","post","type-post","status-publish","format-standard","has-post-thumbnail","hentry","category-climat","category-energie","category-enjeux","tag-energiesfossiles","tag-secteurfinancier","p4-page-type-communiques-de-presse"],"yoast_head":"<!-- This site is optimized with the Yoast SEO Premium plugin v23.9 (Yoast SEO v23.9) - https:\/\/yoast.com\/wordpress\/plugins\/seo\/ -->\n<title>Fini les fausses solutions - Greenpeace Luxembourg<\/title>\n<meta name=\"robots\" content=\"index, follow, max-snippet:-1, max-image-preview:large, max-video-preview:-1\" \/>\n<link rel=\"canonical\" href=\"https:\/\/www.greenpeace.org\/luxembourg\/fr\/communiques-de-presse\/12604\/fini-les-fausses-solutions\/\" \/>\n<meta property=\"og:locale\" content=\"fr_FR\" \/>\n<meta property=\"og:type\" content=\"article\" \/>\n<meta property=\"og:title\" content=\"Fini les fausses solutions\" \/>\n<meta property=\"og:description\" content=\"Avant le sommet du G20, des militant\u00b7es de Greenpeace Italie ont expos\u00e9 les arnaques \u00e0 la compensation des \u00e9missions climaticides.\" \/>\n<meta property=\"og:url\" content=\"https:\/\/www.greenpeace.org\/luxembourg\/fr\/communiques-de-presse\/12604\/fini-les-fausses-solutions\/\" \/>\n<meta property=\"og:site_name\" content=\"Greenpeace Luxembourg\" \/>\n<meta property=\"article:publisher\" content=\"https:\/\/www.facebook.com\/greenpeaceluxembourg\" \/>\n<meta property=\"article:published_time\" content=\"2021-10-29T08:31:10+00:00\" \/>\n<meta property=\"article:modified_time\" content=\"2021-12-01T15:23:02+00:00\" \/>\n<meta property=\"og:image\" content=\"https:\/\/www.greenpeace.org\/static\/planet4-luxembourg-stateless\/2021\/10\/ace609a9-gp1swcl6_web_size_with_credit_line.jpg\" \/>\n\t<meta property=\"og:image:width\" content=\"800\" \/>\n\t<meta property=\"og:image:height\" content=\"533\" \/>\n\t<meta property=\"og:image:type\" content=\"image\/jpeg\" \/>\n<meta name=\"author\" content=\"Myriam Wecker\" \/>\n<meta name=\"twitter:card\" content=\"summary_large_image\" \/>\n<meta name=\"twitter:label1\" content=\"Written by\" \/>\n\t<meta name=\"twitter:data1\" content=\"Myriam Wecker\" \/>\n\t<meta name=\"twitter:label2\" content=\"Est. reading time\" \/>\n\t<meta name=\"twitter:data2\" content=\"4 minutes\" \/>\n<script type=\"application\/ld+json\" class=\"yoast-schema-graph\">{\"@context\":\"https:\/\/schema.org\",\"@graph\":[{\"@type\":\"Article\",\"@id\":\"https:\/\/www.greenpeace.org\/luxembourg\/fr\/communiques-de-presse\/12604\/fini-les-fausses-solutions\/#article\",\"isPartOf\":{\"@id\":\"https:\/\/www.greenpeace.org\/luxembourg\/fr\/communiques-de-presse\/12604\/fini-les-fausses-solutions\/\"},\"author\":{\"name\":\"Myriam Wecker\",\"@id\":\"https:\/\/www.greenpeace.org\/luxembourg\/fr\/#\/schema\/person\/c2ae6002b8ed18c00be0c6b320eea776\"},\"headline\":\"Fini les fausses solutions\",\"datePublished\":\"2021-10-29T08:31:10+00:00\",\"dateModified\":\"2021-12-01T15:23:02+00:00\",\"mainEntityOfPage\":{\"@id\":\"https:\/\/www.greenpeace.org\/luxembourg\/fr\/communiques-de-presse\/12604\/fini-les-fausses-solutions\/\"},\"wordCount\":877,\"publisher\":{\"@id\":\"https:\/\/www.greenpeace.org\/luxembourg\/fr\/#organization\"},\"image\":{\"@id\":\"https:\/\/www.greenpeace.org\/luxembourg\/fr\/communiques-de-presse\/12604\/fini-les-fausses-solutions\/#primaryimage\"},\"thumbnailUrl\":\"https:\/\/www.greenpeace.org\/static\/planet4-luxembourg-stateless\/2021\/10\/ace609a9-gp1swcl6_web_size_with_credit_line.jpg\",\"keywords\":[\"EnergiesFossiles\",\"SecteurFinancier\"],\"articleSection\":[\"Climat\",\"\u00c9nergie\",\"Les enjeux\"],\"inLanguage\":\"fr-LU\"},{\"@type\":\"WebPage\",\"@id\":\"https:\/\/www.greenpeace.org\/luxembourg\/fr\/communiques-de-presse\/12604\/fini-les-fausses-solutions\/\",\"url\":\"https:\/\/www.greenpeace.org\/luxembourg\/fr\/communiques-de-presse\/12604\/fini-les-fausses-solutions\/\",\"name\":\"Fini les fausses solutions - Greenpeace Luxembourg\",\"isPartOf\":{\"@id\":\"https:\/\/www.greenpeace.org\/luxembourg\/fr\/#website\"},\"primaryImageOfPage\":{\"@id\":\"https:\/\/www.greenpeace.org\/luxembourg\/fr\/communiques-de-presse\/12604\/fini-les-fausses-solutions\/#primaryimage\"},\"image\":{\"@id\":\"https:\/\/www.greenpeace.org\/luxembourg\/fr\/communiques-de-presse\/12604\/fini-les-fausses-solutions\/#primaryimage\"},\"thumbnailUrl\":\"https:\/\/www.greenpeace.org\/static\/planet4-luxembourg-stateless\/2021\/10\/ace609a9-gp1swcl6_web_size_with_credit_line.jpg\",\"datePublished\":\"2021-10-29T08:31:10+00:00\",\"dateModified\":\"2021-12-01T15:23:02+00:00\",\"breadcrumb\":{\"@id\":\"https:\/\/www.greenpeace.org\/luxembourg\/fr\/communiques-de-presse\/12604\/fini-les-fausses-solutions\/#breadcrumb\"},\"inLanguage\":\"fr-LU\",\"potentialAction\":[{\"@type\":\"ReadAction\",\"target\":[\"https:\/\/www.greenpeace.org\/luxembourg\/fr\/communiques-de-presse\/12604\/fini-les-fausses-solutions\/\"]}]},{\"@type\":\"ImageObject\",\"inLanguage\":\"fr-LU\",\"@id\":\"https:\/\/www.greenpeace.org\/luxembourg\/fr\/communiques-de-presse\/12604\/fini-les-fausses-solutions\/#primaryimage\",\"url\":\"https:\/\/www.greenpeace.org\/static\/planet4-luxembourg-stateless\/2021\/10\/ace609a9-gp1swcl6_web_size_with_credit_line.jpg\",\"contentUrl\":\"https:\/\/www.greenpeace.org\/static\/planet4-luxembourg-stateless\/2021\/10\/ace609a9-gp1swcl6_web_size_with_credit_line.jpg\",\"width\":800,\"height\":533,\"caption\":\"Greenpeace Italy activists have shown leaders of the world's largest economies that compensatory scams are the new climate denial and have dangerous consequences. A large screen shows some videos explaining how the practice of greenwashing hides reality. The key message is: \\\"we need REAL climate action NOW\\\".\"},{\"@type\":\"BreadcrumbList\",\"@id\":\"https:\/\/www.greenpeace.org\/luxembourg\/fr\/communiques-de-presse\/12604\/fini-les-fausses-solutions\/#breadcrumb\",\"itemListElement\":[{\"@type\":\"ListItem\",\"position\":1,\"name\":\"Home\",\"item\":\"https:\/\/www.greenpeace.org\/luxembourg\/fr\/\"},{\"@type\":\"ListItem\",\"position\":2,\"name\":\"Fini les fausses solutions\"}]},{\"@type\":\"WebSite\",\"@id\":\"https:\/\/www.greenpeace.org\/luxembourg\/fr\/#website\",\"url\":\"https:\/\/www.greenpeace.org\/luxembourg\/fr\/\",\"name\":\"Greenpeace Luxembourg\",\"description\":\"Greenpeace existe parce que cette Terre fragile a besoin d&#039;une voix. Elle a besoin de solutions. De changement. D&#039;actions.\",\"publisher\":{\"@id\":\"https:\/\/www.greenpeace.org\/luxembourg\/fr\/#organization\"},\"potentialAction\":[{\"@type\":\"SearchAction\",\"target\":{\"@type\":\"EntryPoint\",\"urlTemplate\":\"https:\/\/www.greenpeace.org\/luxembourg\/fr\/?s={search_term_string}\"},\"query-input\":{\"@type\":\"PropertyValueSpecification\",\"valueRequired\":true,\"valueName\":\"search_term_string\"}}],\"inLanguage\":\"fr-LU\"},{\"@type\":\"Organization\",\"@id\":\"https:\/\/www.greenpeace.org\/luxembourg\/fr\/#organization\",\"name\":\"Greenpeace Luxembourg\",\"url\":\"https:\/\/www.greenpeace.org\/luxembourg\/fr\/\",\"logo\":{\"@type\":\"ImageObject\",\"inLanguage\":\"fr-LU\",\"@id\":\"https:\/\/www.greenpeace.org\/luxembourg\/fr\/#\/schema\/logo\/image\/\",\"url\":\"https:\/\/www.greenpeace.org\/static\/planet4-luxembourg-stateless\/2026\/03\/3e367f94-greenpeace_logo_green_rgb.png\",\"contentUrl\":\"https:\/\/www.greenpeace.org\/static\/planet4-luxembourg-stateless\/2026\/03\/3e367f94-greenpeace_logo_green_rgb.png\",\"width\":1080,\"height\":175,\"caption\":\"Greenpeace Luxembourg\"},\"image\":{\"@id\":\"https:\/\/www.greenpeace.org\/luxembourg\/fr\/#\/schema\/logo\/image\/\"},\"sameAs\":[\"https:\/\/www.facebook.com\/greenpeaceluxembourg\",\"https:\/\/www.instagram.com\/greenpeacelux\/\",\"https:\/\/www.linkedin.com\/company\/greenpeace-luxembourg\/\",\"https:\/\/www.threads.com\/@greenpeacelux\",\"https:\/\/bsky.app\/profile\/greenpeacelux.bsky.social\",\"https:\/\/www.youtube.com\/@GreenpeaceLux\",\"https:\/\/www.tiktok.com\/@greenpeace_lux\"]},{\"@type\":\"Person\",\"@id\":\"https:\/\/www.greenpeace.org\/luxembourg\/fr\/#\/schema\/person\/c2ae6002b8ed18c00be0c6b320eea776\",\"name\":\"Myriam Wecker\",\"url\":\"https:\/\/www.greenpeace.org\/luxembourg\/fr\/author\/mwecker\/\"}]}<\/script>\n<!-- \/ Yoast SEO Premium plugin. -->","yoast_head_json":{"title":"Fini les fausses solutions - Greenpeace Luxembourg","robots":{"index":"index","follow":"follow","max-snippet":"max-snippet:-1","max-image-preview":"max-image-preview:large","max-video-preview":"max-video-preview:-1"},"canonical":"https:\/\/www.greenpeace.org\/luxembourg\/fr\/communiques-de-presse\/12604\/fini-les-fausses-solutions\/","og_locale":"fr_FR","og_type":"article","og_title":"Fini les fausses solutions","og_description":"Avant le sommet du G20, des militant\u00b7es de Greenpeace Italie ont expos\u00e9 les arnaques \u00e0 la compensation des \u00e9missions climaticides.","og_url":"https:\/\/www.greenpeace.org\/luxembourg\/fr\/communiques-de-presse\/12604\/fini-les-fausses-solutions\/","og_site_name":"Greenpeace Luxembourg","article_publisher":"https:\/\/www.facebook.com\/greenpeaceluxembourg","article_published_time":"2021-10-29T08:31:10+00:00","article_modified_time":"2021-12-01T15:23:02+00:00","og_image":[{"width":800,"height":533,"url":"https:\/\/www.greenpeace.org\/static\/planet4-luxembourg-stateless\/2021\/10\/ace609a9-gp1swcl6_web_size_with_credit_line.jpg","type":"image\/jpeg"}],"author":"Myriam Wecker","twitter_card":"summary_large_image","twitter_misc":{"Written by":"Myriam Wecker","Est. reading time":"4 minutes"},"schema":{"@context":"https:\/\/schema.org","@graph":[{"@type":"Article","@id":"https:\/\/www.greenpeace.org\/luxembourg\/fr\/communiques-de-presse\/12604\/fini-les-fausses-solutions\/#article","isPartOf":{"@id":"https:\/\/www.greenpeace.org\/luxembourg\/fr\/communiques-de-presse\/12604\/fini-les-fausses-solutions\/"},"author":{"name":"Myriam Wecker","@id":"https:\/\/www.greenpeace.org\/luxembourg\/fr\/#\/schema\/person\/c2ae6002b8ed18c00be0c6b320eea776"},"headline":"Fini les fausses solutions","datePublished":"2021-10-29T08:31:10+00:00","dateModified":"2021-12-01T15:23:02+00:00","mainEntityOfPage":{"@id":"https:\/\/www.greenpeace.org\/luxembourg\/fr\/communiques-de-presse\/12604\/fini-les-fausses-solutions\/"},"wordCount":877,"publisher":{"@id":"https:\/\/www.greenpeace.org\/luxembourg\/fr\/#organization"},"image":{"@id":"https:\/\/www.greenpeace.org\/luxembourg\/fr\/communiques-de-presse\/12604\/fini-les-fausses-solutions\/#primaryimage"},"thumbnailUrl":"https:\/\/www.greenpeace.org\/static\/planet4-luxembourg-stateless\/2021\/10\/ace609a9-gp1swcl6_web_size_with_credit_line.jpg","keywords":["EnergiesFossiles","SecteurFinancier"],"articleSection":["Climat","\u00c9nergie","Les enjeux"],"inLanguage":"fr-LU"},{"@type":"WebPage","@id":"https:\/\/www.greenpeace.org\/luxembourg\/fr\/communiques-de-presse\/12604\/fini-les-fausses-solutions\/","url":"https:\/\/www.greenpeace.org\/luxembourg\/fr\/communiques-de-presse\/12604\/fini-les-fausses-solutions\/","name":"Fini les fausses solutions - Greenpeace Luxembourg","isPartOf":{"@id":"https:\/\/www.greenpeace.org\/luxembourg\/fr\/#website"},"primaryImageOfPage":{"@id":"https:\/\/www.greenpeace.org\/luxembourg\/fr\/communiques-de-presse\/12604\/fini-les-fausses-solutions\/#primaryimage"},"image":{"@id":"https:\/\/www.greenpeace.org\/luxembourg\/fr\/communiques-de-presse\/12604\/fini-les-fausses-solutions\/#primaryimage"},"thumbnailUrl":"https:\/\/www.greenpeace.org\/static\/planet4-luxembourg-stateless\/2021\/10\/ace609a9-gp1swcl6_web_size_with_credit_line.jpg","datePublished":"2021-10-29T08:31:10+00:00","dateModified":"2021-12-01T15:23:02+00:00","breadcrumb":{"@id":"https:\/\/www.greenpeace.org\/luxembourg\/fr\/communiques-de-presse\/12604\/fini-les-fausses-solutions\/#breadcrumb"},"inLanguage":"fr-LU","potentialAction":[{"@type":"ReadAction","target":["https:\/\/www.greenpeace.org\/luxembourg\/fr\/communiques-de-presse\/12604\/fini-les-fausses-solutions\/"]}]},{"@type":"ImageObject","inLanguage":"fr-LU","@id":"https:\/\/www.greenpeace.org\/luxembourg\/fr\/communiques-de-presse\/12604\/fini-les-fausses-solutions\/#primaryimage","url":"https:\/\/www.greenpeace.org\/static\/planet4-luxembourg-stateless\/2021\/10\/ace609a9-gp1swcl6_web_size_with_credit_line.jpg","contentUrl":"https:\/\/www.greenpeace.org\/static\/planet4-luxembourg-stateless\/2021\/10\/ace609a9-gp1swcl6_web_size_with_credit_line.jpg","width":800,"height":533,"caption":"Greenpeace Italy activists have shown leaders of the world's largest economies that compensatory scams are the new climate denial and have dangerous consequences. A large screen shows some videos explaining how the practice of greenwashing hides reality. The key message is: \"we need REAL climate action NOW\"."},{"@type":"BreadcrumbList","@id":"https:\/\/www.greenpeace.org\/luxembourg\/fr\/communiques-de-presse\/12604\/fini-les-fausses-solutions\/#breadcrumb","itemListElement":[{"@type":"ListItem","position":1,"name":"Home","item":"https:\/\/www.greenpeace.org\/luxembourg\/fr\/"},{"@type":"ListItem","position":2,"name":"Fini les fausses solutions"}]},{"@type":"WebSite","@id":"https:\/\/www.greenpeace.org\/luxembourg\/fr\/#website","url":"https:\/\/www.greenpeace.org\/luxembourg\/fr\/","name":"Greenpeace Luxembourg","description":"Greenpeace existe parce que cette Terre fragile a besoin d&#039;une voix. Elle a besoin de solutions. De changement. D&#039;actions.","publisher":{"@id":"https:\/\/www.greenpeace.org\/luxembourg\/fr\/#organization"},"potentialAction":[{"@type":"SearchAction","target":{"@type":"EntryPoint","urlTemplate":"https:\/\/www.greenpeace.org\/luxembourg\/fr\/?s={search_term_string}"},"query-input":{"@type":"PropertyValueSpecification","valueRequired":true,"valueName":"search_term_string"}}],"inLanguage":"fr-LU"},{"@type":"Organization","@id":"https:\/\/www.greenpeace.org\/luxembourg\/fr\/#organization","name":"Greenpeace Luxembourg","url":"https:\/\/www.greenpeace.org\/luxembourg\/fr\/","logo":{"@type":"ImageObject","inLanguage":"fr-LU","@id":"https:\/\/www.greenpeace.org\/luxembourg\/fr\/#\/schema\/logo\/image\/","url":"https:\/\/www.greenpeace.org\/static\/planet4-luxembourg-stateless\/2026\/03\/3e367f94-greenpeace_logo_green_rgb.png","contentUrl":"https:\/\/www.greenpeace.org\/static\/planet4-luxembourg-stateless\/2026\/03\/3e367f94-greenpeace_logo_green_rgb.png","width":1080,"height":175,"caption":"Greenpeace Luxembourg"},"image":{"@id":"https:\/\/www.greenpeace.org\/luxembourg\/fr\/#\/schema\/logo\/image\/"},"sameAs":["https:\/\/www.facebook.com\/greenpeaceluxembourg","https:\/\/www.instagram.com\/greenpeacelux\/","https:\/\/www.linkedin.com\/company\/greenpeace-luxembourg\/","https:\/\/www.threads.com\/@greenpeacelux","https:\/\/bsky.app\/profile\/greenpeacelux.bsky.social","https:\/\/www.youtube.com\/@GreenpeaceLux","https:\/\/www.tiktok.com\/@greenpeace_lux"]},{"@type":"Person","@id":"https:\/\/www.greenpeace.org\/luxembourg\/fr\/#\/schema\/person\/c2ae6002b8ed18c00be0c6b320eea776","name":"Myriam Wecker","url":"https:\/\/www.greenpeace.org\/luxembourg\/fr\/author\/mwecker\/"}]}},"_links":{"self":[{"href":"https:\/\/www.greenpeace.org\/luxembourg\/fr\/wp-json\/wp\/v2\/posts\/12604","targetHints":{"allow":["GET"]}}],"collection":[{"href":"https:\/\/www.greenpeace.org\/luxembourg\/fr\/wp-json\/wp\/v2\/posts"}],"about":[{"href":"https:\/\/www.greenpeace.org\/luxembourg\/fr\/wp-json\/wp\/v2\/types\/post"}],"author":[{"embeddable":true,"href":"https:\/\/www.greenpeace.org\/luxembourg\/fr\/wp-json\/wp\/v2\/users\/31"}],"replies":[{"embeddable":true,"href":"https:\/\/www.greenpeace.org\/luxembourg\/fr\/wp-json\/wp\/v2\/comments?post=12604"}],"version-history":[{"count":4,"href":"https:\/\/www.greenpeace.org\/luxembourg\/fr\/wp-json\/wp\/v2\/posts\/12604\/revisions"}],"predecessor-version":[{"id":12786,"href":"https:\/\/www.greenpeace.org\/luxembourg\/fr\/wp-json\/wp\/v2\/posts\/12604\/revisions\/12786"}],"wp:featuredmedia":[{"embeddable":true,"href":"https:\/\/www.greenpeace.org\/luxembourg\/fr\/wp-json\/wp\/v2\/media\/12605"}],"wp:attachment":[{"href":"https:\/\/www.greenpeace.org\/luxembourg\/fr\/wp-json\/wp\/v2\/media?parent=12604"}],"wp:term":[{"taxonomy":"category","embeddable":true,"href":"https:\/\/www.greenpeace.org\/luxembourg\/fr\/wp-json\/wp\/v2\/categories?post=12604"},{"taxonomy":"post_tag","embeddable":true,"href":"https:\/\/www.greenpeace.org\/luxembourg\/fr\/wp-json\/wp\/v2\/tags?post=12604"},{"taxonomy":"p4-page-type","embeddable":true,"href":"https:\/\/www.greenpeace.org\/luxembourg\/fr\/wp-json\/wp\/v2\/p4-page-type?post=12604"}],"curies":[{"name":"wp","href":"https:\/\/api.w.org\/{rel}","templated":true}]}}