{"id":12698,"date":"2021-11-11T12:53:25","date_gmt":"2021-11-11T10:53:25","guid":{"rendered":"https:\/\/www.greenpeace.org\/luxembourg\/?p=12698"},"modified":"2021-12-01T17:22:52","modified_gmt":"2021-12-01T15:22:52","slug":"marre-des-prix-eleves-de-lenergie-en-route-vers-la-transition-energetique","status":"publish","type":"post","link":"https:\/\/www.greenpeace.org\/luxembourg\/fr\/actualites\/12698\/marre-des-prix-eleves-de-lenergie-en-route-vers-la-transition-energetique\/","title":{"rendered":"Marre des prix \u00e9lev\u00e9s de l\u2019\u00e9nergie ? En route vers la transition \u00e9nerg\u00e9tique !"},"content":{"rendered":"\n<p><strong>Le prix international du gaz a atteint des niveaux sans pr\u00e9c\u00e9dent au cours des derniers mois, ce qui a eu comme cons\u00e9quence l\u2019explosion des prix de l\u2019\u00e9lectricit\u00e9 et du chauffage. Avec un syst\u00e8me \u00e9nerg\u00e9tique d\u00e9pendant du gaz fossile pour la production d\u2019\u00e9lectricit\u00e9, la production de biens et le chauffage des b\u00e2timents, il n\u2019est pas surprenant que les r\u00e9centes augmentations de prix aient un impact dramatique. Le fait que l\u2019Europe d\u00e9pende aussi largement des approvisionnements en gaz de la Russie et du Moyen-Orient nous rend particuli\u00e8rement vuln\u00e9rables.\u00a0<\/strong><\/p>\n\n<figure class=\"wp-block-image size-full\"><img loading=\"lazy\" decoding=\"async\" width=\"800\" height=\"445\" src=\"https:\/\/www.greenpeace.org\/static\/planet4-luxembourg-stateless\/2021\/11\/e16e4550-gp0stql50_web_size_with_credit_line.jpg\" alt=\"\" class=\"wp-image-12699\" srcset=\"https:\/\/www.greenpeace.org\/static\/planet4-luxembourg-stateless\/2021\/11\/e16e4550-gp0stql50_web_size_with_credit_line.jpg 800w, https:\/\/www.greenpeace.org\/static\/planet4-luxembourg-stateless\/2021\/11\/e16e4550-gp0stql50_web_size_with_credit_line-300x167.jpg 300w, https:\/\/www.greenpeace.org\/static\/planet4-luxembourg-stateless\/2021\/11\/e16e4550-gp0stql50_web_size_with_credit_line-768x427.jpg 768w, https:\/\/www.greenpeace.org\/static\/planet4-luxembourg-stateless\/2021\/11\/e16e4550-gp0stql50_web_size_with_credit_line-510x284.jpg 510w\" sizes=\"auto, (max-width: 800px) 100vw, 800px\" \/><\/figure>\n\n<h3 class=\"wp-block-heading\">\u201cC\u2019est \u00e0 cause de l\u2019\u00e9conomie\u201d&nbsp;<\/h3>\n\n<p>Les opposants \u00e0 la transition \u00e9nerg\u00e9tique s\u2019empressent de rendre les \u00e9nergies renouvelables responsables de cette crise, mais c\u2019est faux.&nbsp;<strong>Un syst\u00e8me \u00e9lectrique se basant sur plus d\u2019\u00e9nergies renouvelables est en fait&nbsp;<\/strong><a href=\"https:\/\/caneurope.org\/high-electricity-prices-links-fossil-gas-need-shift-to-renewables\/\" target=\"_blank\" rel=\"noreferrer noopener\"><strong>plus flexible<\/strong><\/a><strong>&nbsp;et moins d\u00e9pendant des fluctuations de prix des combustibles fossiles.&nbsp;<\/strong>Si nous avions investi davantage dans les \u00e9nergies renouvelables, la flexibilit\u00e9 et l\u2019efficacit\u00e9 \u00e9nerg\u00e9tique ces derni\u00e8res ann\u00e9es, nous n\u2019aurions pas \u00e9t\u00e9 touch\u00e9s par cette augmentation du prix du gaz.&nbsp;<\/p>\n\n<p>Ce qui pousse surtout les prix du gaz \u00e0 la hausse, c\u2019est avant tout le retour \u00e0 la normale de l\u2019\u00e9conomie mondiale apr\u00e8s la crise du coronavirus. En Chine notamment, la demande de gaz fossile augmente fortement pour venir en support des centrales au charbon et les remplacer in fine. La forte demande en Asie, combin\u00e9e aux travaux d\u2019entretien des infrastructures de transport et \u00e0 une offre limit\u00e9e, fait monter en fl\u00e8che le prix de l\u2019\u00e9nergie. Ainsi, contrairement \u00e0 ce que l\u2019on pourrait soup\u00e7onner, la hausse du prix des droits d\u2019\u00e9mission de CO2 ne joue qu\u2019un r\u00f4le tr\u00e8s limit\u00e9 dans l\u2019augmentation des prix.&nbsp;<\/p>\n\n<p>Il est attendu que&nbsp;<a href=\"https:\/\/tradingeconomics.com\/commodity\/eu-natural-gas\" target=\"_blank\" rel=\"noreferrer noopener\">les prix se stabilisent en 2022<\/a>, mais pas \u00e0 ce qu\u2019ils reviennent aux niveaux d\u2019avant la crise. Nous devrons donc encore mettre la main au portefeuille pendant longtemps et le risque de pauvret\u00e9 \u00e9nerg\u00e9tique continuera d\u2019augmenter. Et ce, alors que les compagnies p\u00e9troli\u00e8res et gazi\u00e8res continuent \u00e0 faire de gros b\u00e9n\u00e9fices et que la crise climatique ne fait que s\u2019intensifier et devenir de plus en plus urgente. Apr\u00e8s cette crise du gaz, il para\u00eet donc fou, autant d\u2019un point de vue \u00e9conomique qu\u2019\u00e9cologique, que passer au gaz pour la mobilit\u00e9 ou raccorder les foyers au r\u00e9seau de gaz, par exemple lors du remplacement d\u2019une chaudi\u00e8re mazout, soient de bonnes id\u00e9es.<\/p>\n\n<h3 class=\"wp-block-heading\">La transition \u00e9nerg\u00e9tique est bonne pour le climat, le portefeuille et la sant\u00e9&nbsp;<\/h3>\n\n<p>Heureusement, des solutions existent, peu co\u00fbteuses et rapides \u00e0 d\u00e9ployer. Les avantages \u00e9cologiques et \u00e9conomiques d\u2019une \u00e9lectrification du r\u00e9seau, combin\u00e9e \u00e0 un d\u00e9ploiement rapide des \u00e9nergies renouvelables, sont de plus en plus nombreux et permettront de r\u00e9duire consid\u00e9rablement la d\u00e9pendance aux combustibles fossiles. En plus de lutter contre le changement climatique, nous b\u00e9n\u00e9ficierons \u00e9galement d\u2019une meilleure qualit\u00e9 de l\u2019air, gratuitement, et d\u2019une r\u00e9duction drastique des \u00e9missions d\u2019azote.&nbsp;<\/p>\n\n<ol class=\"wp-block-list\"><li>Consommer moins d\u2019\u00e9nergie et utiliser plus efficacement l\u2019\u00e9nergie restante. Les maisons doivent \u00eatre massivement isol\u00e9es, les processus industriels doivent fonctionner plus efficacement, les \u00e9clairages routier et urbain doivent \u00eatre \u00e9teints autant que possible, etc.&nbsp;<\/li><li>Un passage rapide \u00e0 la \u201cchaleur verte\u201d, bas\u00e9 sur les r\u00e9seaux de chaleur et les pompes \u00e0 chaleur \u00e9lectriques. Cela entra\u00eenera une r\u00e9duction drastique de la consommation de gaz, mais aussi une \u00e9norme am\u00e9lioration de l\u2019efficacit\u00e9.&nbsp;<\/li><li>Un abandon rapide des voitures \u00e0 carburant fossile au profit de l\u2019e-mobilit\u00e9 : transports publics, v\u00e9los \u00e9lectriques et voitures \u00e9lectriques partag\u00e9es.<\/li><li>Un d\u00e9ploiement drastique et rapide des \u00e9nergies renouvelables et leur mise \u00e0 disposition pour tous les citoyens.&nbsp;<\/li><\/ol>\n\n<p>Malheureusement, ces quatre propositions ne seront possibles que si les autorit\u00e9s comp\u00e9tentes m\u00e8nent une politique forte et travaillent enfin sur un transfert fiscal de l\u2019\u00e9lectricit\u00e9 vers les combustibles fossiles, une l\u00e9gislation forte sur les panneaux solaires et\u00a0les communaut\u00e9s \u00e9nerg\u00e9tiques, des investissements suffisants dans des transports publics forts et dans la mobilit\u00e9 partag\u00e9e, etc.\u00a0\u00a0<\/p>\n\n<h3 class=\"wp-block-heading\">Les familles vuln\u00e9rables doivent \u00eatre au centre des pr\u00e9occupations<\/h3>\n\n<p>\u00c0 court terme, cependant, nous devrons prot\u00e9ger les personnes les plus vuln\u00e9rables de notre soci\u00e9t\u00e9. L\u2019acc\u00e8s \u00e0 l\u2019\u00e9lectricit\u00e9 et \u00e0 un logement chaud sont des droits fondamentaux qui ne devraient jamais \u00eatre bafou\u00e9s. <\/p>\n\n<p>Les mesures prises devront \u00eatre aussi socialement justes (o\u00f9 ce sont les plus gros pollueurs et utilisateurs qui devront\u00a0 payer le plus). Par exemple, les normes d\u2019isolation des maisons et des appartements en location devraient \u00eatre consid\u00e9rablement renforc\u00e9es, les familles vuln\u00e9rables devraient \u00eatre aid\u00e9es en priorit\u00e9 pour mieux isoler leurs maisons et des \u00e9nergies renouvelables bon march\u00e9 devraient \u00eatre rendues accessibles \u00e0 tous les citoyen\u00b7nes gr\u00e2ce au partage de l\u2019\u00e9nergie et aux communaut\u00e9s \u00e9nerg\u00e9tiques. De cette fa\u00e7on, nous rendrons les plus vuln\u00e9rables de la soci\u00e9t\u00e9 moins d\u00e9pendants de la fluctuation des prix tout en prenant des mesures importantes en faveur d\u2019une transition \u00e9nerg\u00e9tique socialement juste.\u00a0<\/p>\n\n<h3 class=\"wp-block-heading\">Changez avec nous !<\/h3>\n\n<p>En conclusion, nous devons abandonner le gaz et le p\u00e9trole le plus rapidement possible et passer \u00e0 un syst\u00e8me d\u2019\u00e9nergie enti\u00e8rement renouvelable. Outre la lutte contre le changement climatique, les avantages \u00e9conomiques deviennent \u00e9galement \u00e9vidents. Et cerise sur le g\u00e2teau, nous b\u00e9n\u00e9ficierons d\u2019un monde plus juste et plus sain.<\/p>\n\n<p>Si vous voulez apporter votre pierre \u00e0 l\u2019\u00e9difice, passez \u00e0 un fournisseur d\u2019\u00e9nergie v\u00e9ritablement vert.<\/p>\n\n<hr class=\"wp-block-separator has-text-color has-background has-grey-500-background-color has-grey-500-color is-style-wide\"\/>\n\n<p>Source <a href=\"https:\/\/www.greenpeace.org\/belgium\/fr\/blog\/24575\/marre-des-prix-eleves-de-lenergie-en-route-vers-la-transition-energetique\/?fbclid=IwAR0lDTXprB_mapO_mpzf_szwZtR5tE2ONtBMyGwZv7XkxBrqfY9tLK7r9yQ\">article<\/a> : Greenpeace Belgique<\/p>\n<div class=\"EmptyMessage\">Block content is empty. Check the block&#8217;s settings or remove it.<\/div>","protected":false},"excerpt":{"rendered":"<p>Le prix international du gaz a atteint des niveaux sans pr\u00e9c\u00e9dent au cours des derniers mois, ce qui a eu comme cons\u00e9quence l\u2019explosion des prix de l\u2019\u00e9lectricit\u00e9 et du chauffage.&hellip;<\/p>\n","protected":false},"author":25,"featured_media":12699,"comment_status":"closed","ping_status":"closed","sticky":false,"template":"","format":"standard","meta":{"ep_exclude_from_search":false,"p4_og_title":"","p4_og_description":"","p4_og_image":"","p4_og_image_id":"","p4_seo_canonical_url":"","p4_campaign_name":"not set","p4_local_project":"not set","p4_basket_name":"not set","p4_department":"","footnotes":""},"categories":[42,17],"tags":[35],"p4-page-type":[85],"class_list":["post-12698","post","type-post","status-publish","format-standard","has-post-thumbnail","hentry","category-energie","category-greenpeace","tag-energiesfossiles","p4-page-type-actualites"],"yoast_head":"<!-- This site is optimized with the Yoast SEO Premium plugin v23.9 (Yoast SEO v23.9) - https:\/\/yoast.com\/wordpress\/plugins\/seo\/ -->\n<title>Marre des prix \u00e9lev\u00e9s de l\u2019\u00e9nergie ? En route vers la transition \u00e9nerg\u00e9tique ! - Greenpeace Luxembourg<\/title>\n<meta name=\"robots\" content=\"index, follow, max-snippet:-1, max-image-preview:large, max-video-preview:-1\" \/>\n<link rel=\"canonical\" href=\"https:\/\/www.greenpeace.org\/luxembourg\/fr\/actualites\/12698\/marre-des-prix-eleves-de-lenergie-en-route-vers-la-transition-energetique\/\" \/>\n<meta property=\"og:locale\" content=\"fr_FR\" \/>\n<meta property=\"og:type\" content=\"article\" \/>\n<meta property=\"og:title\" content=\"Marre des prix \u00e9lev\u00e9s de l\u2019\u00e9nergie ? En route vers la transition \u00e9nerg\u00e9tique !\" \/>\n<meta property=\"og:description\" content=\"Le prix international du gaz a atteint des niveaux sans pr\u00e9c\u00e9dent au cours des derniers mois, ce qui a eu comme cons\u00e9quence l\u2019explosion des prix de l\u2019\u00e9lectricit\u00e9 et du chauffage.&hellip;\" \/>\n<meta property=\"og:url\" content=\"https:\/\/www.greenpeace.org\/luxembourg\/fr\/actualites\/12698\/marre-des-prix-eleves-de-lenergie-en-route-vers-la-transition-energetique\/\" \/>\n<meta property=\"og:site_name\" content=\"Greenpeace Luxembourg\" \/>\n<meta property=\"article:publisher\" content=\"https:\/\/www.facebook.com\/greenpeaceluxembourg\" \/>\n<meta property=\"article:published_time\" content=\"2021-11-11T10:53:25+00:00\" \/>\n<meta property=\"article:modified_time\" content=\"2021-12-01T15:22:52+00:00\" \/>\n<meta property=\"og:image\" content=\"https:\/\/www.greenpeace.org\/static\/planet4-luxembourg-stateless\/2021\/11\/e16e4550-gp0stql50_web_size_with_credit_line.jpg\" \/>\n\t<meta property=\"og:image:width\" content=\"800\" \/>\n\t<meta property=\"og:image:height\" content=\"445\" \/>\n\t<meta property=\"og:image:type\" content=\"image\/jpeg\" \/>\n<meta name=\"author\" content=\"Esther Wildanger\" \/>\n<meta name=\"twitter:card\" content=\"summary_large_image\" \/>\n<meta name=\"twitter:label1\" content=\"Written by\" \/>\n\t<meta name=\"twitter:data1\" content=\"Esther Wildanger\" \/>\n\t<meta name=\"twitter:label2\" content=\"Est. reading time\" \/>\n\t<meta name=\"twitter:data2\" content=\"5 minutes\" \/>\n<script type=\"application\/ld+json\" class=\"yoast-schema-graph\">{\"@context\":\"https:\/\/schema.org\",\"@graph\":[{\"@type\":\"Article\",\"@id\":\"https:\/\/www.greenpeace.org\/luxembourg\/fr\/actualites\/12698\/marre-des-prix-eleves-de-lenergie-en-route-vers-la-transition-energetique\/#article\",\"isPartOf\":{\"@id\":\"https:\/\/www.greenpeace.org\/luxembourg\/fr\/actualites\/12698\/marre-des-prix-eleves-de-lenergie-en-route-vers-la-transition-energetique\/\"},\"author\":{\"name\":\"Esther Wildanger\",\"@id\":\"https:\/\/www.greenpeace.org\/luxembourg\/fr\/#\/schema\/person\/3d0e81a859b59009fec36a8552ef76a7\"},\"headline\":\"Marre des prix \u00e9lev\u00e9s de l\u2019\u00e9nergie ? En route vers la transition \u00e9nerg\u00e9tique !\",\"datePublished\":\"2021-11-11T10:53:25+00:00\",\"dateModified\":\"2021-12-01T15:22:52+00:00\",\"mainEntityOfPage\":{\"@id\":\"https:\/\/www.greenpeace.org\/luxembourg\/fr\/actualites\/12698\/marre-des-prix-eleves-de-lenergie-en-route-vers-la-transition-energetique\/\"},\"wordCount\":981,\"publisher\":{\"@id\":\"https:\/\/www.greenpeace.org\/luxembourg\/fr\/#organization\"},\"image\":{\"@id\":\"https:\/\/www.greenpeace.org\/luxembourg\/fr\/actualites\/12698\/marre-des-prix-eleves-de-lenergie-en-route-vers-la-transition-energetique\/#primaryimage\"},\"thumbnailUrl\":\"https:\/\/www.greenpeace.org\/static\/planet4-luxembourg-stateless\/2021\/11\/e16e4550-gp0stql50_web_size_with_credit_line.jpg\",\"keywords\":[\"EnergiesFossiles\"],\"articleSection\":[\"\u00c9nergie\",\"Greenpeace\"],\"inLanguage\":\"fr-LU\"},{\"@type\":\"WebPage\",\"@id\":\"https:\/\/www.greenpeace.org\/luxembourg\/fr\/actualites\/12698\/marre-des-prix-eleves-de-lenergie-en-route-vers-la-transition-energetique\/\",\"url\":\"https:\/\/www.greenpeace.org\/luxembourg\/fr\/actualites\/12698\/marre-des-prix-eleves-de-lenergie-en-route-vers-la-transition-energetique\/\",\"name\":\"Marre des prix \u00e9lev\u00e9s de l\u2019\u00e9nergie ? En route vers la transition \u00e9nerg\u00e9tique ! - Greenpeace Luxembourg\",\"isPartOf\":{\"@id\":\"https:\/\/www.greenpeace.org\/luxembourg\/fr\/#website\"},\"primaryImageOfPage\":{\"@id\":\"https:\/\/www.greenpeace.org\/luxembourg\/fr\/actualites\/12698\/marre-des-prix-eleves-de-lenergie-en-route-vers-la-transition-energetique\/#primaryimage\"},\"image\":{\"@id\":\"https:\/\/www.greenpeace.org\/luxembourg\/fr\/actualites\/12698\/marre-des-prix-eleves-de-lenergie-en-route-vers-la-transition-energetique\/#primaryimage\"},\"thumbnailUrl\":\"https:\/\/www.greenpeace.org\/static\/planet4-luxembourg-stateless\/2021\/11\/e16e4550-gp0stql50_web_size_with_credit_line.jpg\",\"datePublished\":\"2021-11-11T10:53:25+00:00\",\"dateModified\":\"2021-12-01T15:22:52+00:00\",\"breadcrumb\":{\"@id\":\"https:\/\/www.greenpeace.org\/luxembourg\/fr\/actualites\/12698\/marre-des-prix-eleves-de-lenergie-en-route-vers-la-transition-energetique\/#breadcrumb\"},\"inLanguage\":\"fr-LU\",\"potentialAction\":[{\"@type\":\"ReadAction\",\"target\":[\"https:\/\/www.greenpeace.org\/luxembourg\/fr\/actualites\/12698\/marre-des-prix-eleves-de-lenergie-en-route-vers-la-transition-energetique\/\"]}]},{\"@type\":\"ImageObject\",\"inLanguage\":\"fr-LU\",\"@id\":\"https:\/\/www.greenpeace.org\/luxembourg\/fr\/actualites\/12698\/marre-des-prix-eleves-de-lenergie-en-route-vers-la-transition-energetique\/#primaryimage\",\"url\":\"https:\/\/www.greenpeace.org\/static\/planet4-luxembourg-stateless\/2021\/11\/e16e4550-gp0stql50_web_size_with_credit_line.jpg\",\"contentUrl\":\"https:\/\/www.greenpeace.org\/static\/planet4-luxembourg-stateless\/2021\/11\/e16e4550-gp0stql50_web_size_with_credit_line.jpg\",\"width\":800,\"height\":445,\"caption\":\"As part of the Break Free movement, Greenpeace Croatia along with the local NGO Cyclists' Union and Green Action\/FoE Croatia organised a protest bicycle ride in Zagreb, calling for an end to the fossil era and transition to renewable energy. Some 1500 cyclists attended. The participants made a brief stop in front of HEP, Croatia\u2019s biggest utility, and spread a 16-meter banner reading \u201cBreak Free from Fossil Fuels\u201d.\"},{\"@type\":\"BreadcrumbList\",\"@id\":\"https:\/\/www.greenpeace.org\/luxembourg\/fr\/actualites\/12698\/marre-des-prix-eleves-de-lenergie-en-route-vers-la-transition-energetique\/#breadcrumb\",\"itemListElement\":[{\"@type\":\"ListItem\",\"position\":1,\"name\":\"Home\",\"item\":\"https:\/\/www.greenpeace.org\/luxembourg\/fr\/\"},{\"@type\":\"ListItem\",\"position\":2,\"name\":\"Marre des prix \u00e9lev\u00e9s de l\u2019\u00e9nergie ? En route vers la transition \u00e9nerg\u00e9tique !\"}]},{\"@type\":\"WebSite\",\"@id\":\"https:\/\/www.greenpeace.org\/luxembourg\/fr\/#website\",\"url\":\"https:\/\/www.greenpeace.org\/luxembourg\/fr\/\",\"name\":\"Greenpeace Luxembourg\",\"description\":\"Greenpeace existe parce que cette Terre fragile a besoin d&#039;une voix. Elle a besoin de solutions. De changement. D&#039;actions.\",\"publisher\":{\"@id\":\"https:\/\/www.greenpeace.org\/luxembourg\/fr\/#organization\"},\"potentialAction\":[{\"@type\":\"SearchAction\",\"target\":{\"@type\":\"EntryPoint\",\"urlTemplate\":\"https:\/\/www.greenpeace.org\/luxembourg\/fr\/?s={search_term_string}\"},\"query-input\":{\"@type\":\"PropertyValueSpecification\",\"valueRequired\":true,\"valueName\":\"search_term_string\"}}],\"inLanguage\":\"fr-LU\"},{\"@type\":\"Organization\",\"@id\":\"https:\/\/www.greenpeace.org\/luxembourg\/fr\/#organization\",\"name\":\"Greenpeace Luxembourg\",\"url\":\"https:\/\/www.greenpeace.org\/luxembourg\/fr\/\",\"logo\":{\"@type\":\"ImageObject\",\"inLanguage\":\"fr-LU\",\"@id\":\"https:\/\/www.greenpeace.org\/luxembourg\/fr\/#\/schema\/logo\/image\/\",\"url\":\"https:\/\/www.greenpeace.org\/static\/planet4-luxembourg-stateless\/2026\/03\/3e367f94-greenpeace_logo_green_rgb.png\",\"contentUrl\":\"https:\/\/www.greenpeace.org\/static\/planet4-luxembourg-stateless\/2026\/03\/3e367f94-greenpeace_logo_green_rgb.png\",\"width\":1080,\"height\":175,\"caption\":\"Greenpeace Luxembourg\"},\"image\":{\"@id\":\"https:\/\/www.greenpeace.org\/luxembourg\/fr\/#\/schema\/logo\/image\/\"},\"sameAs\":[\"https:\/\/www.facebook.com\/greenpeaceluxembourg\",\"https:\/\/www.instagram.com\/greenpeacelux\/\",\"https:\/\/www.linkedin.com\/company\/greenpeace-luxembourg\/\",\"https:\/\/www.threads.com\/@greenpeacelux\",\"https:\/\/bsky.app\/profile\/greenpeacelux.bsky.social\",\"https:\/\/www.youtube.com\/@GreenpeaceLux\",\"https:\/\/www.tiktok.com\/@greenpeace_lux\"]},{\"@type\":\"Person\",\"@id\":\"https:\/\/www.greenpeace.org\/luxembourg\/fr\/#\/schema\/person\/3d0e81a859b59009fec36a8552ef76a7\",\"name\":\"Esther Wildanger\",\"url\":\"https:\/\/www.greenpeace.org\/luxembourg\/fr\/author\/ewildang\/\"}]}<\/script>\n<!-- \/ Yoast SEO Premium plugin. -->","yoast_head_json":{"title":"Marre des prix \u00e9lev\u00e9s de l\u2019\u00e9nergie ? En route vers la transition \u00e9nerg\u00e9tique ! - Greenpeace Luxembourg","robots":{"index":"index","follow":"follow","max-snippet":"max-snippet:-1","max-image-preview":"max-image-preview:large","max-video-preview":"max-video-preview:-1"},"canonical":"https:\/\/www.greenpeace.org\/luxembourg\/fr\/actualites\/12698\/marre-des-prix-eleves-de-lenergie-en-route-vers-la-transition-energetique\/","og_locale":"fr_FR","og_type":"article","og_title":"Marre des prix \u00e9lev\u00e9s de l\u2019\u00e9nergie ? En route vers la transition \u00e9nerg\u00e9tique !","og_description":"Le prix international du gaz a atteint des niveaux sans pr\u00e9c\u00e9dent au cours des derniers mois, ce qui a eu comme cons\u00e9quence l\u2019explosion des prix de l\u2019\u00e9lectricit\u00e9 et du chauffage.&hellip;","og_url":"https:\/\/www.greenpeace.org\/luxembourg\/fr\/actualites\/12698\/marre-des-prix-eleves-de-lenergie-en-route-vers-la-transition-energetique\/","og_site_name":"Greenpeace Luxembourg","article_publisher":"https:\/\/www.facebook.com\/greenpeaceluxembourg","article_published_time":"2021-11-11T10:53:25+00:00","article_modified_time":"2021-12-01T15:22:52+00:00","og_image":[{"width":800,"height":445,"url":"https:\/\/www.greenpeace.org\/static\/planet4-luxembourg-stateless\/2021\/11\/e16e4550-gp0stql50_web_size_with_credit_line.jpg","type":"image\/jpeg"}],"author":"Esther Wildanger","twitter_card":"summary_large_image","twitter_misc":{"Written by":"Esther Wildanger","Est. reading time":"5 minutes"},"schema":{"@context":"https:\/\/schema.org","@graph":[{"@type":"Article","@id":"https:\/\/www.greenpeace.org\/luxembourg\/fr\/actualites\/12698\/marre-des-prix-eleves-de-lenergie-en-route-vers-la-transition-energetique\/#article","isPartOf":{"@id":"https:\/\/www.greenpeace.org\/luxembourg\/fr\/actualites\/12698\/marre-des-prix-eleves-de-lenergie-en-route-vers-la-transition-energetique\/"},"author":{"name":"Esther Wildanger","@id":"https:\/\/www.greenpeace.org\/luxembourg\/fr\/#\/schema\/person\/3d0e81a859b59009fec36a8552ef76a7"},"headline":"Marre des prix \u00e9lev\u00e9s de l\u2019\u00e9nergie ? En route vers la transition \u00e9nerg\u00e9tique !","datePublished":"2021-11-11T10:53:25+00:00","dateModified":"2021-12-01T15:22:52+00:00","mainEntityOfPage":{"@id":"https:\/\/www.greenpeace.org\/luxembourg\/fr\/actualites\/12698\/marre-des-prix-eleves-de-lenergie-en-route-vers-la-transition-energetique\/"},"wordCount":981,"publisher":{"@id":"https:\/\/www.greenpeace.org\/luxembourg\/fr\/#organization"},"image":{"@id":"https:\/\/www.greenpeace.org\/luxembourg\/fr\/actualites\/12698\/marre-des-prix-eleves-de-lenergie-en-route-vers-la-transition-energetique\/#primaryimage"},"thumbnailUrl":"https:\/\/www.greenpeace.org\/static\/planet4-luxembourg-stateless\/2021\/11\/e16e4550-gp0stql50_web_size_with_credit_line.jpg","keywords":["EnergiesFossiles"],"articleSection":["\u00c9nergie","Greenpeace"],"inLanguage":"fr-LU"},{"@type":"WebPage","@id":"https:\/\/www.greenpeace.org\/luxembourg\/fr\/actualites\/12698\/marre-des-prix-eleves-de-lenergie-en-route-vers-la-transition-energetique\/","url":"https:\/\/www.greenpeace.org\/luxembourg\/fr\/actualites\/12698\/marre-des-prix-eleves-de-lenergie-en-route-vers-la-transition-energetique\/","name":"Marre des prix \u00e9lev\u00e9s de l\u2019\u00e9nergie ? En route vers la transition \u00e9nerg\u00e9tique ! - Greenpeace Luxembourg","isPartOf":{"@id":"https:\/\/www.greenpeace.org\/luxembourg\/fr\/#website"},"primaryImageOfPage":{"@id":"https:\/\/www.greenpeace.org\/luxembourg\/fr\/actualites\/12698\/marre-des-prix-eleves-de-lenergie-en-route-vers-la-transition-energetique\/#primaryimage"},"image":{"@id":"https:\/\/www.greenpeace.org\/luxembourg\/fr\/actualites\/12698\/marre-des-prix-eleves-de-lenergie-en-route-vers-la-transition-energetique\/#primaryimage"},"thumbnailUrl":"https:\/\/www.greenpeace.org\/static\/planet4-luxembourg-stateless\/2021\/11\/e16e4550-gp0stql50_web_size_with_credit_line.jpg","datePublished":"2021-11-11T10:53:25+00:00","dateModified":"2021-12-01T15:22:52+00:00","breadcrumb":{"@id":"https:\/\/www.greenpeace.org\/luxembourg\/fr\/actualites\/12698\/marre-des-prix-eleves-de-lenergie-en-route-vers-la-transition-energetique\/#breadcrumb"},"inLanguage":"fr-LU","potentialAction":[{"@type":"ReadAction","target":["https:\/\/www.greenpeace.org\/luxembourg\/fr\/actualites\/12698\/marre-des-prix-eleves-de-lenergie-en-route-vers-la-transition-energetique\/"]}]},{"@type":"ImageObject","inLanguage":"fr-LU","@id":"https:\/\/www.greenpeace.org\/luxembourg\/fr\/actualites\/12698\/marre-des-prix-eleves-de-lenergie-en-route-vers-la-transition-energetique\/#primaryimage","url":"https:\/\/www.greenpeace.org\/static\/planet4-luxembourg-stateless\/2021\/11\/e16e4550-gp0stql50_web_size_with_credit_line.jpg","contentUrl":"https:\/\/www.greenpeace.org\/static\/planet4-luxembourg-stateless\/2021\/11\/e16e4550-gp0stql50_web_size_with_credit_line.jpg","width":800,"height":445,"caption":"As part of the Break Free movement, Greenpeace Croatia along with the local NGO Cyclists' Union and Green Action\/FoE Croatia organised a protest bicycle ride in Zagreb, calling for an end to the fossil era and transition to renewable energy. Some 1500 cyclists attended. The participants made a brief stop in front of HEP, Croatia\u2019s biggest utility, and spread a 16-meter banner reading \u201cBreak Free from Fossil Fuels\u201d."},{"@type":"BreadcrumbList","@id":"https:\/\/www.greenpeace.org\/luxembourg\/fr\/actualites\/12698\/marre-des-prix-eleves-de-lenergie-en-route-vers-la-transition-energetique\/#breadcrumb","itemListElement":[{"@type":"ListItem","position":1,"name":"Home","item":"https:\/\/www.greenpeace.org\/luxembourg\/fr\/"},{"@type":"ListItem","position":2,"name":"Marre des prix \u00e9lev\u00e9s de l\u2019\u00e9nergie ? En route vers la transition \u00e9nerg\u00e9tique !"}]},{"@type":"WebSite","@id":"https:\/\/www.greenpeace.org\/luxembourg\/fr\/#website","url":"https:\/\/www.greenpeace.org\/luxembourg\/fr\/","name":"Greenpeace Luxembourg","description":"Greenpeace existe parce que cette Terre fragile a besoin d&#039;une voix. Elle a besoin de solutions. De changement. D&#039;actions.","publisher":{"@id":"https:\/\/www.greenpeace.org\/luxembourg\/fr\/#organization"},"potentialAction":[{"@type":"SearchAction","target":{"@type":"EntryPoint","urlTemplate":"https:\/\/www.greenpeace.org\/luxembourg\/fr\/?s={search_term_string}"},"query-input":{"@type":"PropertyValueSpecification","valueRequired":true,"valueName":"search_term_string"}}],"inLanguage":"fr-LU"},{"@type":"Organization","@id":"https:\/\/www.greenpeace.org\/luxembourg\/fr\/#organization","name":"Greenpeace Luxembourg","url":"https:\/\/www.greenpeace.org\/luxembourg\/fr\/","logo":{"@type":"ImageObject","inLanguage":"fr-LU","@id":"https:\/\/www.greenpeace.org\/luxembourg\/fr\/#\/schema\/logo\/image\/","url":"https:\/\/www.greenpeace.org\/static\/planet4-luxembourg-stateless\/2026\/03\/3e367f94-greenpeace_logo_green_rgb.png","contentUrl":"https:\/\/www.greenpeace.org\/static\/planet4-luxembourg-stateless\/2026\/03\/3e367f94-greenpeace_logo_green_rgb.png","width":1080,"height":175,"caption":"Greenpeace Luxembourg"},"image":{"@id":"https:\/\/www.greenpeace.org\/luxembourg\/fr\/#\/schema\/logo\/image\/"},"sameAs":["https:\/\/www.facebook.com\/greenpeaceluxembourg","https:\/\/www.instagram.com\/greenpeacelux\/","https:\/\/www.linkedin.com\/company\/greenpeace-luxembourg\/","https:\/\/www.threads.com\/@greenpeacelux","https:\/\/bsky.app\/profile\/greenpeacelux.bsky.social","https:\/\/www.youtube.com\/@GreenpeaceLux","https:\/\/www.tiktok.com\/@greenpeace_lux"]},{"@type":"Person","@id":"https:\/\/www.greenpeace.org\/luxembourg\/fr\/#\/schema\/person\/3d0e81a859b59009fec36a8552ef76a7","name":"Esther Wildanger","url":"https:\/\/www.greenpeace.org\/luxembourg\/fr\/author\/ewildang\/"}]}},"_links":{"self":[{"href":"https:\/\/www.greenpeace.org\/luxembourg\/fr\/wp-json\/wp\/v2\/posts\/12698","targetHints":{"allow":["GET"]}}],"collection":[{"href":"https:\/\/www.greenpeace.org\/luxembourg\/fr\/wp-json\/wp\/v2\/posts"}],"about":[{"href":"https:\/\/www.greenpeace.org\/luxembourg\/fr\/wp-json\/wp\/v2\/types\/post"}],"author":[{"embeddable":true,"href":"https:\/\/www.greenpeace.org\/luxembourg\/fr\/wp-json\/wp\/v2\/users\/25"}],"replies":[{"embeddable":true,"href":"https:\/\/www.greenpeace.org\/luxembourg\/fr\/wp-json\/wp\/v2\/comments?post=12698"}],"version-history":[{"count":3,"href":"https:\/\/www.greenpeace.org\/luxembourg\/fr\/wp-json\/wp\/v2\/posts\/12698\/revisions"}],"predecessor-version":[{"id":14528,"href":"https:\/\/www.greenpeace.org\/luxembourg\/fr\/wp-json\/wp\/v2\/posts\/12698\/revisions\/14528"}],"wp:featuredmedia":[{"embeddable":true,"href":"https:\/\/www.greenpeace.org\/luxembourg\/fr\/wp-json\/wp\/v2\/media\/12699"}],"wp:attachment":[{"href":"https:\/\/www.greenpeace.org\/luxembourg\/fr\/wp-json\/wp\/v2\/media?parent=12698"}],"wp:term":[{"taxonomy":"category","embeddable":true,"href":"https:\/\/www.greenpeace.org\/luxembourg\/fr\/wp-json\/wp\/v2\/categories?post=12698"},{"taxonomy":"post_tag","embeddable":true,"href":"https:\/\/www.greenpeace.org\/luxembourg\/fr\/wp-json\/wp\/v2\/tags?post=12698"},{"taxonomy":"p4-page-type","embeddable":true,"href":"https:\/\/www.greenpeace.org\/luxembourg\/fr\/wp-json\/wp\/v2\/p4-page-type?post=12698"}],"curies":[{"name":"wp","href":"https:\/\/api.w.org\/{rel}","templated":true}]}}