{"id":1286,"date":"2018-09-06T08:01:37","date_gmt":"2018-09-06T08:01:37","guid":{"rendered":"https:\/\/www.greenpeace.org\/luxembourg\/?p=1286"},"modified":"2021-12-01T17:34:22","modified_gmt":"2021-12-01T15:34:22","slug":"recif-de-lamazone-des-soutiens-de-taille-contre-total","status":"publish","type":"post","link":"https:\/\/www.greenpeace.org\/luxembourg\/fr\/actualites\/1286\/recif-de-lamazone-des-soutiens-de-taille-contre-total\/","title":{"rendered":"R\u00e9cif de l\u2019Amazone : des soutiens de taille contre Total"},"content":{"rendered":"<p><strong>Quel est le point commun entre les acteurs Leonardo DiCaprio et Lambert Wilson, des scientifiques, des repr\u00e9sentants des populations indig\u00e8nes br\u00e9siliennes, un hippocampe \u00e0 v\u00e9lo et deux millions de personnes \u00e0 travers le monde ? Ils ont tous rejoint le mouvement pour sauver le R\u00e9cif de l\u2019Amazone face aux projets d\u2019exploration p\u00e9troli\u00e8re de Total.<\/strong><\/p>\n<p>Face \u00e0 l\u2019ent\u00eatement de Total \u00e0 vouloir forer \u00e0 proximit\u00e9 du R\u00e9cif de l\u2019Amazone, au large du Br\u00e9sil, la mobilisation grandit. Stars hollywoodiennes, sportifs, peuples autochtones, scientifiques et m\u00eame un dr\u00f4le d\u2019hippocampe qui a fait le tour de France \u00e0 v\u00e9lo en plein mois d\u2019ao\u00fbt : chaque jour, les soutiens se font plus nombreux pour\u00a0<a href=\"http:\/\/www.greenpeace.org\/luxembourg\/fr\/Campagnes-Greenpeace-Luxembourg\/Oceans\/\">demander \u00e0 Total de renoncer \u00e0 son projet qui menace directement la biodiversit\u00e9 au Br\u00e9sil et en Guyane<\/a>. Petit tour d\u2019horizon des soutiens qui continuent d\u2019affluer.<\/p>\n<h2>1. Les peuples autochtones<\/h2>\n<p>Au mois de f\u00e9vrier 2018, les repr\u00e9sentants des peuples autochtones Karipuna, Galibi Marworno, Galibi Kalin\u00e3\/kali\u2019na, Palikur et Wayana, qui vivent au Br\u00e9sil, au Suriname et en Guyane fran\u00e7aise, se sont r\u00e9unis dans la ville d\u2019Oiapoque, dans l\u2019Etat br\u00e9silien d\u2019Amap\u00e1, pour d\u00e9noncer les\u00a0cons\u00e9quences n\u00e9fastes des mod\u00e8les de d\u00e9veloppement \u00e9conomique de leur pays respectif sur leurs modes de vie et leurs territoires. Leurs principales pr\u00e9occupations : l\u2019exploitation intensive des minerais (en particulier le projet \u00ab Montagne d\u2019or \u00bb en Guyane et la menace contre la Renca au Br\u00e9sil) et l\u2019exploration p\u00e9troli\u00e8re \u00e0 proximit\u00e9 de l\u2019embouchure de l\u2019Amazone, o\u00f9 a \u00e9t\u00e9 d\u00e9couvert le R\u00e9cif de l\u2019Amazone. A l\u2019issue de cette r\u00e9union, les repr\u00e9sentants ont publi\u00e9\u00a0<a href=\"http:\/\/redamazonica.org\/pt-br\/2018\/03\/carta-declaracao-do-encontro-dos-povos-indigenas-do-brasil-suriname-e-guiana-francesa\/\" target=\"_blank\" rel=\"noopener noreferrer\">une lettre<\/a>\u00a0rejetant ces m\u00e9ga-projets. Localement, la mobilisation continue que ce soit contre les forages exploratoires pr\u00e8s du R\u00e9cif de l\u2019Amazone ou contre le projet p\u00e9trolier Guyane Maritime, comme en t\u00e9moignent les\u00a0<a href=\"https:\/\/www.enquetes-publiques.com\/Enquetes_WEB\/FR\/CONSULTER-F.awp?P1=EP18261\" target=\"_blank\" rel=\"noopener noreferrer\">nombreuses contributions<\/a>\u00a0recueillies au c\u0153ur de l\u2019\u00e9t\u00e9 par un\u00a0<a href=\"https:\/\/twitter.com\/StopPetroleGuy\" target=\"_blank\" rel=\"noopener noreferrer\">collectif guyanais<\/a>\u00a0sur ce sujet.<\/p>\n<h2>2. Les stars du cin\u00e9ma<\/h2>\n<p>Le R\u00e9cif de l\u2019Amazone a trouv\u00e9 des fervents d\u00e9fenseurs parmi au moins deux personnalit\u00e9s du septi\u00e8me art :\u00a0Leonardo DiCaprio, qui a partag\u00e9 les toutes premi\u00e8res images que nous avons collect\u00e9es, d\u00e9montrant la pr\u00e9sence du r\u00e9cif, sur ses comptes\u00a0<a href=\"https:\/\/www.instagram.com\/p\/BS6tVIXhSwW\/\" target=\"_blank\" rel=\"noopener noreferrer\">Instagram<\/a>\u00a0et\u00a0<a href=\"https:\/\/www.facebook.com\/LeonardoDiCaprio\/posts\/10155254318777116\" target=\"_blank\" rel=\"noopener noreferrer\">Facebook<\/a>\u00a0; et\u00a0Lambert Wilson\u00a0qui s\u2019est rendu avec Greenpeace en Guyane et n\u2019a de cesse de d\u00e9noncer les projets qui menacent la biodiversit\u00e9 dans la r\u00e9gion. L\u2019acteur fran\u00e7ais est all\u00e9\u00a0<a href=\"https:\/\/www.youtube.com\/watch?v=o93RybYjtb0&amp;t=2s\" target=\"_blank\" rel=\"noopener noreferrer\">\u00e0 la rencontre de repr\u00e9sentants de communaut\u00e9s qui risquent d\u2019\u00eatre touch\u00e9es par les projets de Total au Br\u00e9sil et en Guyane<\/a>. Il a recueilli leurs t\u00e9moignages, s\u2019est entretenu avec des scientifiques et continue de participer activement au mouvement pour sauver le R\u00e9cif de l\u2019Amazone, quitte \u00e0 donner de sa personne (comme en t\u00e9moigne cette\u00a0<a href=\"https:\/\/boutique.psychologies.com\/anciens-numeros\/psychologies-n-388-aout-367.html\" target=\"_blank\" rel=\"noopener noreferrer\">interview tr\u00e8s nature, dans le magazine Psychologies<\/a>\u00a0du mois d\u2019ao\u00fbt) !<\/p>\n<blockquote class=\"twitter-tweet\" data-lang=\"en\">\n<p dir=\"ltr\" lang=\"fr\" style=\"text-align: left;\">18 ans d&#8217;engagement aupr\u00e8s de Greenpeace et toujours d\u00e9termin\u00e9 : Lambert Wilson appelle \u00e0 sauver la biodiversit\u00e9 en Guyane et au Br\u00e9sil, notamment le R\u00e9cif de l&#8217;Amazone menac\u00e9 par le projet p\u00e9trolier de <a href=\"https:\/\/twitter.com\/Total?ref_src=twsrc%5Etfw\">@Total<\/a> <a href=\"https:\/\/t.co\/E0LDlIcwDW\">https:\/\/t.co\/E0LDlIcwDW<\/a> <a href=\"https:\/\/twitter.com\/hashtag\/AmazonReef?src=hash&amp;ref_src=twsrc%5Etfw\">#AmazonReef<\/a><\/p>\n<p>\u2014 Greenpeace France (@greenpeacefr) <a href=\"https:\/\/twitter.com\/greenpeacefr\/status\/1036661392688992262?ref_src=twsrc%5Etfw\">September 3, 2018<\/a><\/p><\/blockquote>\n<h2>3. Les athl\u00e8tes<\/h2>\n<p>Deux sportives br\u00e9siliennes,\u00a0Maya Gabeira (l\u2019une des meilleures surfeuses professionnelles au monde)\u00a0et la nageuse Joanna Maranh\u00e3o ont enfil\u00e9 le maillot de Greenpeace pour appeler leurs fans \u00e0 s\u2019opposer au projet d\u2019exploration p\u00e9troli\u00e8re de Total au large du Br\u00e9sil. En mai, elles ont toutes deux particip\u00e9 \u00e0 un \u00e9v\u00e9nement \u00e0 bord de l\u2019Esperanza avec des b\u00e9n\u00e9voles de Greenpeace sur le th\u00e8me de l\u2019engagement pour l\u2019environnement. De quoi amplifier la vague pour sauver le R\u00e9cif de l\u2019Amazone !<\/p>\n<div id=\"attachment_1298\" style=\"width: 1209px\" class=\"wp-caption aligncenter\"><img loading=\"lazy\" decoding=\"async\" aria-describedby=\"caption-attachment-1298\" class=\"wp-image-1298 size-full\" src=\"https:\/\/www.greenpeace.org\/static\/planet4-luxembourg-stateless\/2018\/09\/a4434880-gp0stqna4.jpg\" alt=\"La surfeuse br\u00e9silienne Maya Gabeira rejoint la campagne &quot;Prot\u00e9geons le r\u00e9cif de l'Amazon&quot; au Br\u00e9sil \u00a9 Barbara Veiga\" width=\"1199\" height=\"843\" srcset=\"https:\/\/www.greenpeace.org\/static\/planet4-luxembourg-stateless\/2018\/09\/a4434880-gp0stqna4.jpg 1199w, https:\/\/www.greenpeace.org\/static\/planet4-luxembourg-stateless\/2018\/09\/a4434880-gp0stqna4-300x211.jpg 300w, https:\/\/www.greenpeace.org\/static\/planet4-luxembourg-stateless\/2018\/09\/a4434880-gp0stqna4-768x540.jpg 768w, https:\/\/www.greenpeace.org\/static\/planet4-luxembourg-stateless\/2018\/09\/a4434880-gp0stqna4-1024x720.jpg 1024w, https:\/\/www.greenpeace.org\/static\/planet4-luxembourg-stateless\/2018\/09\/a4434880-gp0stqna4-484x340.jpg 484w\" sizes=\"auto, (max-width: 1199px) 100vw, 1199px\" \/><p id=\"caption-attachment-1298\" class=\"wp-caption-text\">La surfeuse Maya Gabeira a particip\u00e9 \u00e0 plusieurs actions aux c\u00f4t\u00e9s de Greenpeace, notamment en se joignant \u00e0 une banni\u00e8re humaine sur la plage de Copacabana, au Br\u00e9sil, pour d\u00e9fendre le R\u00e9cif de l\u2019Amazone en 2017.<\/p><\/div>\n<h2>4. Les scientifiques<\/h2>\n<p>L\u2019heure est \u00e0 la science pas au p\u00e9trole !\u00a0C\u2019est ce que continuent de clamer les nombreux oc\u00e9anographes, biologistes, environnementalistes et autres chercheurs qui ont particip\u00e9 aux recherches sur le R\u00e9cif de l\u2019Amazone. Plusieurs ont sign\u00e9 l\u2019an dernier une lettre ouverte appelant \u00e0 prot\u00e9ger cet \u00e9cosyst\u00e8me unique qui est loin d\u2019avoir livr\u00e9 tous ses secrets. Parmi les soutiens scientifiques : Sylvia Earle, l\u2019une des plus grandes oc\u00e9anographes au monde ; Carlos Nobre, chercheur de l\u2019Institut br\u00e9silien de recherche spatiale (INPE) et membre du GIEC (Groupe d\u2019experts intergouvernemental sur l\u2019\u00e9volution du climat, l\u2019organisme de r\u00e9f\u00e9rence sur les questions li\u00e9es au changement climatique) ; l\u2019\u00e9conomiste indien Pavan Sukhdev ; et Ove Hoegh-Guldberg, directeur de l\u2019Institute for Global Change en Australie qui a particip\u00e9 au\u00a0<a href=\"https:\/\/www.chasingcoral.com\/\" target=\"_blank\" rel=\"noopener noreferrer\">documentaire Chasing Coral<\/a>. Lors de notre deuxi\u00e8me exp\u00e9dition d\u2019exploration du R\u00e9cif de l\u2019Amazone, en mai, un autre scientifique de renom a rejoint le mouvement et\u00a0<a href=\"https:\/\/www.francetvinfo.fr\/monde\/ameriques\/recif-de-lamazone-greenpeace-apporte-un-nouvel-element-contre-l-exploration-petroliere-de-total-au-large-de-la-guyane_2747955.html\" target=\"_blank\" rel=\"noopener noreferrer\">a apport\u00e9 son expertise \u00e0 la campagne :\u00a0<\/a><a href=\"https:\/\/www.francetvinfo.fr\/monde\/ameriques\/recif-de-lamazone-greenpeace-apporte-un-nouvel-element-contre-l-exploration-petroliere-de-total-au-large-de-la-guyane_2747955.html\" target=\"_blank\" rel=\"noopener noreferrer\">le fran\u00e7ais Serge Planes<\/a>, sp\u00e9cialiste des r\u00e9cifs coralliens.<\/p>\n<div id=\"attachment_1301\" style=\"width: 1210px\" class=\"wp-caption aligncenter\"><img loading=\"lazy\" decoding=\"async\" aria-describedby=\"caption-attachment-1301\" class=\"wp-image-1301 size-full\" src=\"https:\/\/www.greenpeace.org\/static\/planet4-luxembourg-stateless\/2018\/09\/7ca22bf9-gp0struyo.jpg\" alt=\"Membre de l'\u00e9quipe au cours de notre exp\u00e9dition dans le R\u00e9cif de l'Amazone \u00a9 Marizilda Cruppe\" width=\"1200\" height=\"800\" srcset=\"https:\/\/www.greenpeace.org\/static\/planet4-luxembourg-stateless\/2018\/09\/7ca22bf9-gp0struyo.jpg 1200w, https:\/\/www.greenpeace.org\/static\/planet4-luxembourg-stateless\/2018\/09\/7ca22bf9-gp0struyo-300x200.jpg 300w, https:\/\/www.greenpeace.org\/static\/planet4-luxembourg-stateless\/2018\/09\/7ca22bf9-gp0struyo-768x512.jpg 768w, https:\/\/www.greenpeace.org\/static\/planet4-luxembourg-stateless\/2018\/09\/7ca22bf9-gp0struyo-1024x683.jpg 1024w, https:\/\/www.greenpeace.org\/static\/planet4-luxembourg-stateless\/2018\/09\/7ca22bf9-gp0struyo-510x340.jpg 510w\" sizes=\"auto, (max-width: 1200px) 100vw, 1200px\" \/><p id=\"caption-attachment-1301\" class=\"wp-caption-text\">Maria N\u00f3brega, microbiologiste de l\u2019Universit\u00e9 f\u00e9d\u00e9rale de Rio de Janeiro, \u00e9tait \u00e0 bord de l\u2019Esperanza lors de notre derni\u00e8re missions scientifique.<\/p><\/div>\n<h2>5. Un hippocampe \u00e0 v\u00e9lo<\/h2>\n<p>C\u2019est le petit dernier des \u00ab grands soutiens \u00bb : un hippocampe \u00e0 taille humaine sillonne les routes de France \u00e0 v\u00e9lo, cet \u00e9t\u00e9. Au programme : quelques \u00e9tapes dans des stations Total, pas tout \u00e0 fait par hasard\u2026 L\u2019hippocampe g\u00e9ant va \u00e0 la rencontre des responsables des stations essence et les invite \u00e0 s\u2019informer sur le projet d\u2019exploration p\u00e9troli\u00e8re de Total au large du Br\u00e9sil et les menaces qui p\u00e8sent sur le R\u00e9cif de l\u2019Amazone. Pour p\u00e9daler,\u00a0l\u2019hippocampe n\u2019est pas tout seul : \u00e0 ses c\u00f4t\u00e9s, les militants du\u00a0<a href=\"https:\/\/tour.alternatiba.eu\/\" target=\"_blank\" rel=\"noopener noreferrer\">Tour Alternatiba<\/a>, des Amis de la Terre, d\u2019ANV-COP21 et de Greenpeace France\u00a0sont mobilis\u00e9s non seulement pour faire conna\u00eetre la campagne sur le R\u00e9cif de l\u2019Amazone mais aussi plus largement pour sensibiliser aux questions de changement climatique et de transition \u00e9cologique.<\/p>\n<div id=\"attachment_1304\" style=\"width: 810px\" class=\"wp-caption aligncenter\"><img loading=\"lazy\" decoding=\"async\" aria-describedby=\"caption-attachment-1304\" class=\"wp-image-1304 size-full\" src=\"https:\/\/www.greenpeace.org\/static\/planet4-luxembourg-stateless\/2018\/09\/34033db3-gpfrance_touralterniba.jpg\" alt=\"Dans le cadre du Tour Alternatiba, un hippocampe et des militants \u00e0 v\u00e9lo font des haltes estivales dans des stations Total \u00a9 Alternatiba\" width=\"800\" height=\"450\" srcset=\"https:\/\/www.greenpeace.org\/static\/planet4-luxembourg-stateless\/2018\/09\/34033db3-gpfrance_touralterniba.jpg 800w, https:\/\/www.greenpeace.org\/static\/planet4-luxembourg-stateless\/2018\/09\/34033db3-gpfrance_touralterniba-300x169.jpg 300w, https:\/\/www.greenpeace.org\/static\/planet4-luxembourg-stateless\/2018\/09\/34033db3-gpfrance_touralterniba-768x432.jpg 768w, https:\/\/www.greenpeace.org\/static\/planet4-luxembourg-stateless\/2018\/09\/34033db3-gpfrance_touralterniba-510x287.jpg 510w\" sizes=\"auto, (max-width: 800px) 100vw, 800px\" \/><p id=\"caption-attachment-1304\" class=\"wp-caption-text\">Dans le cadre du Tour Alternatiba, un hippocampe et des militants \u00e0 v\u00e9lo font des haltes estivales dans des stations Total \u00a9 Alternatiba<\/p><\/div>\n<h2>6. Et les salari\u00e9s de Total ?<\/h2>\n<p>Et si les salari\u00e9s du g\u00e9ant p\u00e9trolier se souciaient aussi de la protection de l\u2019environnement et des menaces que font peser certains projets sur la biodiversit\u00e9 ? Faute d\u2019avoir eu des vraies r\u00e9ponses et un vrai dialogue avec la direction de Total,\u00a0nous avons souhait\u00e9 aller \u00e0 la rencontre des employ\u00e9s, devant le si\u00e8ge du groupe \u00e0 la D\u00e9fense, d\u00e9but juillet. Le but \u00e9tait de discuter et d\u2019expliquer tout simplement notre d\u00e9marche et les r\u00e9sultats de notre derni\u00e8re mission scientifique sur le R\u00e9cif de l\u2019Amazone, carte \u00e0 l\u2019appui. On ne peut pas encore parler d\u2019un v\u00e9ritable soutien massif\u2026 mais certains se sont montr\u00e9s int\u00e9ress\u00e9s et concern\u00e9s par les enjeux environnementaux.<\/p>\n<blockquote class=\"twitter-tweet\" data-lang=\"en\">\n<p dir=\"ltr\" lang=\"fr\">Les projets de <a href=\"https:\/\/twitter.com\/Total?ref_src=twsrc%5Etfw\">@Total<\/a> pr\u00e8s du R\u00e9cif de l&#8217;Amazone sont-ils s\u00fbrs comme le pr\u00e9tend le p\u00e9trolier ? Ce matin, nous \u00e9tions \u00e0 La D\u00e9fense pour en discuter avec les salari\u00e9s du groupe.<a href=\"https:\/\/twitter.com\/hashtag\/AmazonReef?src=hash&amp;ref_src=twsrc%5Etfw\">#AmazonReef<\/a> <a href=\"https:\/\/t.co\/298YWOuWyG\">pic.twitter.com\/298YWOuWyG<\/a><\/p>\n<p>\u2014 Greenpeace France (@greenpeacefr) <a href=\"https:\/\/twitter.com\/greenpeacefr\/status\/1016233195371712513?ref_src=twsrc%5Etfw\">July 9, 2018<\/a><\/p><\/blockquote>\n<h2>7. Vous toutes et tous !<\/h2>\n<p>Enfin, le plus grand soutien au R\u00e9cif de l\u2019Amazone, c\u2019est vous ! Vous \u00eates d\u00e9sormais plus de\u00a02,1 millions de personnes\u00a0\u00e0 avoir rejoint la campagne\u00a0<a href=\"http:\/\/fr-lu.amazonreefs.org\/\" target=\"_blank\" rel=\"noopener noreferrer\">pour sauver le R\u00e9cif de l\u2019Amazone<\/a>, en signant notre p\u00e9tition. Continuons ensemble \u00e0 faire grandir ce mouvement ! Total persiste ? On r\u00e9siste !<\/p>\n<p><em><a href=\"https:\/\/www.greenpeace.fr\/recif-de-lamazone-six-soutiens-de-taille-contre-total\/\"><strong>Article Source<\/strong> <\/a>: Greenpeace France<\/em><\/p>\n<div class=\"EmptyMessage\">Block content is empty. Check the block&#8217;s settings or remove it.<\/div>","protected":false},"excerpt":{"rendered":"<p>Quel est le point commun entre les acteurs Leonardo DiCaprio et Lambert Wilson, des scientifiques, des repr\u00e9sentants des populations indig\u00e8nes br\u00e9siliennes, un hippocampe \u00e0 v\u00e9lo et deux millions de personnes&hellip;<\/p>\n","protected":false},"author":16,"featured_media":1298,"comment_status":"closed","ping_status":"closed","sticky":false,"template":"","format":"standard","meta":{"ep_exclude_from_search":false,"p4_og_title":"","p4_og_description":"","p4_og_image":"","p4_og_image_id":"","p4_seo_canonical_url":"","p4_campaign_name":"","p4_local_project":"","p4_basket_name":"","p4_department":"","footnotes":""},"categories":[43],"tags":[29,35,38],"p4-page-type":[85],"class_list":["post-1286","post","type-post","status-publish","format-standard","has-post-thumbnail","hentry","category-nature","tag-oceans","tag-energiesfossiles","tag-biodiversite","p4-page-type-actualites"],"yoast_head":"<!-- This site is optimized with the Yoast SEO Premium plugin v23.9 (Yoast SEO v23.9) - https:\/\/yoast.com\/wordpress\/plugins\/seo\/ -->\n<title>R\u00e9cif de l\u2019Amazone : des soutiens de taille contre Total - Greenpeace Luxembourg<\/title>\n<meta name=\"robots\" content=\"index, follow, max-snippet:-1, max-image-preview:large, max-video-preview:-1\" \/>\n<link rel=\"canonical\" href=\"https:\/\/www.greenpeace.org\/luxembourg\/fr\/actualites\/1286\/recif-de-lamazone-des-soutiens-de-taille-contre-total\/\" \/>\n<meta property=\"og:locale\" content=\"fr_FR\" \/>\n<meta property=\"og:type\" content=\"article\" \/>\n<meta property=\"og:title\" content=\"R\u00e9cif de l\u2019Amazone : des soutiens de taille contre Total\" \/>\n<meta property=\"og:description\" content=\"Quel est le point commun entre les acteurs Leonardo DiCaprio et Lambert Wilson, des scientifiques, des repr\u00e9sentants des populations indig\u00e8nes br\u00e9siliennes, un hippocampe \u00e0 v\u00e9lo et deux millions de personnes&hellip;\" \/>\n<meta property=\"og:url\" content=\"https:\/\/www.greenpeace.org\/luxembourg\/fr\/actualites\/1286\/recif-de-lamazone-des-soutiens-de-taille-contre-total\/\" \/>\n<meta property=\"og:site_name\" content=\"Greenpeace Luxembourg\" \/>\n<meta property=\"article:publisher\" content=\"https:\/\/www.facebook.com\/greenpeaceluxembourg\" \/>\n<meta property=\"article:published_time\" content=\"2018-09-06T08:01:37+00:00\" \/>\n<meta property=\"article:modified_time\" content=\"2021-12-01T15:34:22+00:00\" \/>\n<meta property=\"og:image\" content=\"https:\/\/www.greenpeace.org\/static\/planet4-luxembourg-stateless\/2018\/09\/a4434880-gp0stqna4.jpg\" \/>\n\t<meta property=\"og:image:width\" content=\"1199\" \/>\n\t<meta property=\"og:image:height\" content=\"843\" \/>\n\t<meta property=\"og:image:type\" content=\"image\/jpeg\" \/>\n<meta name=\"author\" content=\"Ana\u00efs Hector\" \/>\n<meta name=\"twitter:card\" content=\"summary_large_image\" \/>\n<meta name=\"twitter:label1\" content=\"Written by\" \/>\n\t<meta name=\"twitter:data1\" content=\"Ana\u00efs Hector\" \/>\n\t<meta name=\"twitter:label2\" content=\"Est. reading time\" \/>\n\t<meta name=\"twitter:data2\" content=\"7 minutes\" \/>\n<script type=\"application\/ld+json\" class=\"yoast-schema-graph\">{\"@context\":\"https:\/\/schema.org\",\"@graph\":[{\"@type\":\"Article\",\"@id\":\"https:\/\/www.greenpeace.org\/luxembourg\/fr\/actualites\/1286\/recif-de-lamazone-des-soutiens-de-taille-contre-total\/#article\",\"isPartOf\":{\"@id\":\"https:\/\/www.greenpeace.org\/luxembourg\/fr\/actualites\/1286\/recif-de-lamazone-des-soutiens-de-taille-contre-total\/\"},\"author\":{\"name\":\"Ana\u00efs Hector\",\"@id\":\"https:\/\/www.greenpeace.org\/luxembourg\/fr\/#\/schema\/person\/c47954bbbea84ee4bf6f1f3f5812774b\"},\"headline\":\"R\u00e9cif de l\u2019Amazone : des soutiens de taille contre Total\",\"datePublished\":\"2018-09-06T08:01:37+00:00\",\"dateModified\":\"2021-12-01T15:34:22+00:00\",\"mainEntityOfPage\":{\"@id\":\"https:\/\/www.greenpeace.org\/luxembourg\/fr\/actualites\/1286\/recif-de-lamazone-des-soutiens-de-taille-contre-total\/\"},\"wordCount\":1344,\"publisher\":{\"@id\":\"https:\/\/www.greenpeace.org\/luxembourg\/fr\/#organization\"},\"image\":{\"@id\":\"https:\/\/www.greenpeace.org\/luxembourg\/fr\/actualites\/1286\/recif-de-lamazone-des-soutiens-de-taille-contre-total\/#primaryimage\"},\"thumbnailUrl\":\"https:\/\/www.greenpeace.org\/static\/planet4-luxembourg-stateless\/2018\/09\/a4434880-gp0stqna4.jpg\",\"keywords\":[\"Oc\u00e9ans\",\"EnergiesFossiles\",\"Biodiversit\u00e9\"],\"articleSection\":[\"Nature\"],\"inLanguage\":\"fr-LU\"},{\"@type\":\"WebPage\",\"@id\":\"https:\/\/www.greenpeace.org\/luxembourg\/fr\/actualites\/1286\/recif-de-lamazone-des-soutiens-de-taille-contre-total\/\",\"url\":\"https:\/\/www.greenpeace.org\/luxembourg\/fr\/actualites\/1286\/recif-de-lamazone-des-soutiens-de-taille-contre-total\/\",\"name\":\"R\u00e9cif de l\u2019Amazone : des soutiens de taille contre Total - Greenpeace Luxembourg\",\"isPartOf\":{\"@id\":\"https:\/\/www.greenpeace.org\/luxembourg\/fr\/#website\"},\"primaryImageOfPage\":{\"@id\":\"https:\/\/www.greenpeace.org\/luxembourg\/fr\/actualites\/1286\/recif-de-lamazone-des-soutiens-de-taille-contre-total\/#primaryimage\"},\"image\":{\"@id\":\"https:\/\/www.greenpeace.org\/luxembourg\/fr\/actualites\/1286\/recif-de-lamazone-des-soutiens-de-taille-contre-total\/#primaryimage\"},\"thumbnailUrl\":\"https:\/\/www.greenpeace.org\/static\/planet4-luxembourg-stateless\/2018\/09\/a4434880-gp0stqna4.jpg\",\"datePublished\":\"2018-09-06T08:01:37+00:00\",\"dateModified\":\"2021-12-01T15:34:22+00:00\",\"breadcrumb\":{\"@id\":\"https:\/\/www.greenpeace.org\/luxembourg\/fr\/actualites\/1286\/recif-de-lamazone-des-soutiens-de-taille-contre-total\/#breadcrumb\"},\"inLanguage\":\"fr-LU\",\"potentialAction\":[{\"@type\":\"ReadAction\",\"target\":[\"https:\/\/www.greenpeace.org\/luxembourg\/fr\/actualites\/1286\/recif-de-lamazone-des-soutiens-de-taille-contre-total\/\"]}]},{\"@type\":\"ImageObject\",\"inLanguage\":\"fr-LU\",\"@id\":\"https:\/\/www.greenpeace.org\/luxembourg\/fr\/actualites\/1286\/recif-de-lamazone-des-soutiens-de-taille-contre-total\/#primaryimage\",\"url\":\"https:\/\/www.greenpeace.org\/static\/planet4-luxembourg-stateless\/2018\/09\/a4434880-gp0stqna4.jpg\",\"contentUrl\":\"https:\/\/www.greenpeace.org\/static\/planet4-luxembourg-stateless\/2018\/09\/a4434880-gp0stqna4.jpg\",\"width\":1199,\"height\":843,\"caption\":\"Brazilian Surfer Maya Gabeira joins an event on Copacabana beach where a 100-meter image is formed by more than 500 people. The action is coordinated by the artist John Quigley with Greenpeace Brazil for the Defend the Amazon Reef campaign. The goal is to stop an oil exploration near this recently discovered marine biome.\"},{\"@type\":\"BreadcrumbList\",\"@id\":\"https:\/\/www.greenpeace.org\/luxembourg\/fr\/actualites\/1286\/recif-de-lamazone-des-soutiens-de-taille-contre-total\/#breadcrumb\",\"itemListElement\":[{\"@type\":\"ListItem\",\"position\":1,\"name\":\"Home\",\"item\":\"https:\/\/www.greenpeace.org\/luxembourg\/fr\/\"},{\"@type\":\"ListItem\",\"position\":2,\"name\":\"R\u00e9cif de l\u2019Amazone : des soutiens de taille contre Total\"}]},{\"@type\":\"WebSite\",\"@id\":\"https:\/\/www.greenpeace.org\/luxembourg\/fr\/#website\",\"url\":\"https:\/\/www.greenpeace.org\/luxembourg\/fr\/\",\"name\":\"Greenpeace Luxembourg\",\"description\":\"Greenpeace existe parce que cette Terre fragile a besoin d&#039;une voix. Elle a besoin de solutions. De changement. D&#039;actions.\",\"publisher\":{\"@id\":\"https:\/\/www.greenpeace.org\/luxembourg\/fr\/#organization\"},\"potentialAction\":[{\"@type\":\"SearchAction\",\"target\":{\"@type\":\"EntryPoint\",\"urlTemplate\":\"https:\/\/www.greenpeace.org\/luxembourg\/fr\/?s={search_term_string}\"},\"query-input\":{\"@type\":\"PropertyValueSpecification\",\"valueRequired\":true,\"valueName\":\"search_term_string\"}}],\"inLanguage\":\"fr-LU\"},{\"@type\":\"Organization\",\"@id\":\"https:\/\/www.greenpeace.org\/luxembourg\/fr\/#organization\",\"name\":\"Greenpeace Luxembourg\",\"url\":\"https:\/\/www.greenpeace.org\/luxembourg\/fr\/\",\"logo\":{\"@type\":\"ImageObject\",\"inLanguage\":\"fr-LU\",\"@id\":\"https:\/\/www.greenpeace.org\/luxembourg\/fr\/#\/schema\/logo\/image\/\",\"url\":\"https:\/\/www.greenpeace.org\/static\/planet4-luxembourg-stateless\/2026\/03\/3e367f94-greenpeace_logo_green_rgb.png\",\"contentUrl\":\"https:\/\/www.greenpeace.org\/static\/planet4-luxembourg-stateless\/2026\/03\/3e367f94-greenpeace_logo_green_rgb.png\",\"width\":1080,\"height\":175,\"caption\":\"Greenpeace Luxembourg\"},\"image\":{\"@id\":\"https:\/\/www.greenpeace.org\/luxembourg\/fr\/#\/schema\/logo\/image\/\"},\"sameAs\":[\"https:\/\/www.facebook.com\/greenpeaceluxembourg\",\"https:\/\/www.instagram.com\/greenpeacelux\/\",\"https:\/\/www.linkedin.com\/company\/greenpeace-luxembourg\/\",\"https:\/\/www.threads.com\/@greenpeacelux\",\"https:\/\/bsky.app\/profile\/greenpeacelux.bsky.social\",\"https:\/\/www.youtube.com\/@GreenpeaceLux\",\"https:\/\/www.tiktok.com\/@greenpeace_lux\"]},{\"@type\":\"Person\",\"@id\":\"https:\/\/www.greenpeace.org\/luxembourg\/fr\/#\/schema\/person\/c47954bbbea84ee4bf6f1f3f5812774b\",\"name\":\"Ana\u00efs Hector\",\"url\":\"https:\/\/www.greenpeace.org\/luxembourg\/fr\/author\/ahector\/\"}]}<\/script>\n<!-- \/ Yoast SEO Premium plugin. -->","yoast_head_json":{"title":"R\u00e9cif de l\u2019Amazone : des soutiens de taille contre Total - Greenpeace Luxembourg","robots":{"index":"index","follow":"follow","max-snippet":"max-snippet:-1","max-image-preview":"max-image-preview:large","max-video-preview":"max-video-preview:-1"},"canonical":"https:\/\/www.greenpeace.org\/luxembourg\/fr\/actualites\/1286\/recif-de-lamazone-des-soutiens-de-taille-contre-total\/","og_locale":"fr_FR","og_type":"article","og_title":"R\u00e9cif de l\u2019Amazone : des soutiens de taille contre Total","og_description":"Quel est le point commun entre les acteurs Leonardo DiCaprio et Lambert Wilson, des scientifiques, des repr\u00e9sentants des populations indig\u00e8nes br\u00e9siliennes, un hippocampe \u00e0 v\u00e9lo et deux millions de personnes&hellip;","og_url":"https:\/\/www.greenpeace.org\/luxembourg\/fr\/actualites\/1286\/recif-de-lamazone-des-soutiens-de-taille-contre-total\/","og_site_name":"Greenpeace Luxembourg","article_publisher":"https:\/\/www.facebook.com\/greenpeaceluxembourg","article_published_time":"2018-09-06T08:01:37+00:00","article_modified_time":"2021-12-01T15:34:22+00:00","og_image":[{"width":1199,"height":843,"url":"https:\/\/www.greenpeace.org\/static\/planet4-luxembourg-stateless\/2018\/09\/a4434880-gp0stqna4.jpg","type":"image\/jpeg"}],"author":"Ana\u00efs Hector","twitter_card":"summary_large_image","twitter_misc":{"Written by":"Ana\u00efs Hector","Est. reading time":"7 minutes"},"schema":{"@context":"https:\/\/schema.org","@graph":[{"@type":"Article","@id":"https:\/\/www.greenpeace.org\/luxembourg\/fr\/actualites\/1286\/recif-de-lamazone-des-soutiens-de-taille-contre-total\/#article","isPartOf":{"@id":"https:\/\/www.greenpeace.org\/luxembourg\/fr\/actualites\/1286\/recif-de-lamazone-des-soutiens-de-taille-contre-total\/"},"author":{"name":"Ana\u00efs Hector","@id":"https:\/\/www.greenpeace.org\/luxembourg\/fr\/#\/schema\/person\/c47954bbbea84ee4bf6f1f3f5812774b"},"headline":"R\u00e9cif de l\u2019Amazone : des soutiens de taille contre Total","datePublished":"2018-09-06T08:01:37+00:00","dateModified":"2021-12-01T15:34:22+00:00","mainEntityOfPage":{"@id":"https:\/\/www.greenpeace.org\/luxembourg\/fr\/actualites\/1286\/recif-de-lamazone-des-soutiens-de-taille-contre-total\/"},"wordCount":1344,"publisher":{"@id":"https:\/\/www.greenpeace.org\/luxembourg\/fr\/#organization"},"image":{"@id":"https:\/\/www.greenpeace.org\/luxembourg\/fr\/actualites\/1286\/recif-de-lamazone-des-soutiens-de-taille-contre-total\/#primaryimage"},"thumbnailUrl":"https:\/\/www.greenpeace.org\/static\/planet4-luxembourg-stateless\/2018\/09\/a4434880-gp0stqna4.jpg","keywords":["Oc\u00e9ans","EnergiesFossiles","Biodiversit\u00e9"],"articleSection":["Nature"],"inLanguage":"fr-LU"},{"@type":"WebPage","@id":"https:\/\/www.greenpeace.org\/luxembourg\/fr\/actualites\/1286\/recif-de-lamazone-des-soutiens-de-taille-contre-total\/","url":"https:\/\/www.greenpeace.org\/luxembourg\/fr\/actualites\/1286\/recif-de-lamazone-des-soutiens-de-taille-contre-total\/","name":"R\u00e9cif de l\u2019Amazone : des soutiens de taille contre Total - Greenpeace Luxembourg","isPartOf":{"@id":"https:\/\/www.greenpeace.org\/luxembourg\/fr\/#website"},"primaryImageOfPage":{"@id":"https:\/\/www.greenpeace.org\/luxembourg\/fr\/actualites\/1286\/recif-de-lamazone-des-soutiens-de-taille-contre-total\/#primaryimage"},"image":{"@id":"https:\/\/www.greenpeace.org\/luxembourg\/fr\/actualites\/1286\/recif-de-lamazone-des-soutiens-de-taille-contre-total\/#primaryimage"},"thumbnailUrl":"https:\/\/www.greenpeace.org\/static\/planet4-luxembourg-stateless\/2018\/09\/a4434880-gp0stqna4.jpg","datePublished":"2018-09-06T08:01:37+00:00","dateModified":"2021-12-01T15:34:22+00:00","breadcrumb":{"@id":"https:\/\/www.greenpeace.org\/luxembourg\/fr\/actualites\/1286\/recif-de-lamazone-des-soutiens-de-taille-contre-total\/#breadcrumb"},"inLanguage":"fr-LU","potentialAction":[{"@type":"ReadAction","target":["https:\/\/www.greenpeace.org\/luxembourg\/fr\/actualites\/1286\/recif-de-lamazone-des-soutiens-de-taille-contre-total\/"]}]},{"@type":"ImageObject","inLanguage":"fr-LU","@id":"https:\/\/www.greenpeace.org\/luxembourg\/fr\/actualites\/1286\/recif-de-lamazone-des-soutiens-de-taille-contre-total\/#primaryimage","url":"https:\/\/www.greenpeace.org\/static\/planet4-luxembourg-stateless\/2018\/09\/a4434880-gp0stqna4.jpg","contentUrl":"https:\/\/www.greenpeace.org\/static\/planet4-luxembourg-stateless\/2018\/09\/a4434880-gp0stqna4.jpg","width":1199,"height":843,"caption":"Brazilian Surfer Maya Gabeira joins an event on Copacabana beach where a 100-meter image is formed by more than 500 people. The action is coordinated by the artist John Quigley with Greenpeace Brazil for the Defend the Amazon Reef campaign. The goal is to stop an oil exploration near this recently discovered marine biome."},{"@type":"BreadcrumbList","@id":"https:\/\/www.greenpeace.org\/luxembourg\/fr\/actualites\/1286\/recif-de-lamazone-des-soutiens-de-taille-contre-total\/#breadcrumb","itemListElement":[{"@type":"ListItem","position":1,"name":"Home","item":"https:\/\/www.greenpeace.org\/luxembourg\/fr\/"},{"@type":"ListItem","position":2,"name":"R\u00e9cif de l\u2019Amazone : des soutiens de taille contre Total"}]},{"@type":"WebSite","@id":"https:\/\/www.greenpeace.org\/luxembourg\/fr\/#website","url":"https:\/\/www.greenpeace.org\/luxembourg\/fr\/","name":"Greenpeace Luxembourg","description":"Greenpeace existe parce que cette Terre fragile a besoin d&#039;une voix. Elle a besoin de solutions. De changement. D&#039;actions.","publisher":{"@id":"https:\/\/www.greenpeace.org\/luxembourg\/fr\/#organization"},"potentialAction":[{"@type":"SearchAction","target":{"@type":"EntryPoint","urlTemplate":"https:\/\/www.greenpeace.org\/luxembourg\/fr\/?s={search_term_string}"},"query-input":{"@type":"PropertyValueSpecification","valueRequired":true,"valueName":"search_term_string"}}],"inLanguage":"fr-LU"},{"@type":"Organization","@id":"https:\/\/www.greenpeace.org\/luxembourg\/fr\/#organization","name":"Greenpeace Luxembourg","url":"https:\/\/www.greenpeace.org\/luxembourg\/fr\/","logo":{"@type":"ImageObject","inLanguage":"fr-LU","@id":"https:\/\/www.greenpeace.org\/luxembourg\/fr\/#\/schema\/logo\/image\/","url":"https:\/\/www.greenpeace.org\/static\/planet4-luxembourg-stateless\/2026\/03\/3e367f94-greenpeace_logo_green_rgb.png","contentUrl":"https:\/\/www.greenpeace.org\/static\/planet4-luxembourg-stateless\/2026\/03\/3e367f94-greenpeace_logo_green_rgb.png","width":1080,"height":175,"caption":"Greenpeace Luxembourg"},"image":{"@id":"https:\/\/www.greenpeace.org\/luxembourg\/fr\/#\/schema\/logo\/image\/"},"sameAs":["https:\/\/www.facebook.com\/greenpeaceluxembourg","https:\/\/www.instagram.com\/greenpeacelux\/","https:\/\/www.linkedin.com\/company\/greenpeace-luxembourg\/","https:\/\/www.threads.com\/@greenpeacelux","https:\/\/bsky.app\/profile\/greenpeacelux.bsky.social","https:\/\/www.youtube.com\/@GreenpeaceLux","https:\/\/www.tiktok.com\/@greenpeace_lux"]},{"@type":"Person","@id":"https:\/\/www.greenpeace.org\/luxembourg\/fr\/#\/schema\/person\/c47954bbbea84ee4bf6f1f3f5812774b","name":"Ana\u00efs Hector","url":"https:\/\/www.greenpeace.org\/luxembourg\/fr\/author\/ahector\/"}]}},"_links":{"self":[{"href":"https:\/\/www.greenpeace.org\/luxembourg\/fr\/wp-json\/wp\/v2\/posts\/1286","targetHints":{"allow":["GET"]}}],"collection":[{"href":"https:\/\/www.greenpeace.org\/luxembourg\/fr\/wp-json\/wp\/v2\/posts"}],"about":[{"href":"https:\/\/www.greenpeace.org\/luxembourg\/fr\/wp-json\/wp\/v2\/types\/post"}],"author":[{"embeddable":true,"href":"https:\/\/www.greenpeace.org\/luxembourg\/fr\/wp-json\/wp\/v2\/users\/16"}],"replies":[{"embeddable":true,"href":"https:\/\/www.greenpeace.org\/luxembourg\/fr\/wp-json\/wp\/v2\/comments?post=1286"}],"version-history":[{"count":7,"href":"https:\/\/www.greenpeace.org\/luxembourg\/fr\/wp-json\/wp\/v2\/posts\/1286\/revisions"}],"predecessor-version":[{"id":13197,"href":"https:\/\/www.greenpeace.org\/luxembourg\/fr\/wp-json\/wp\/v2\/posts\/1286\/revisions\/13197"}],"wp:featuredmedia":[{"embeddable":true,"href":"https:\/\/www.greenpeace.org\/luxembourg\/fr\/wp-json\/wp\/v2\/media\/1298"}],"wp:attachment":[{"href":"https:\/\/www.greenpeace.org\/luxembourg\/fr\/wp-json\/wp\/v2\/media?parent=1286"}],"wp:term":[{"taxonomy":"category","embeddable":true,"href":"https:\/\/www.greenpeace.org\/luxembourg\/fr\/wp-json\/wp\/v2\/categories?post=1286"},{"taxonomy":"post_tag","embeddable":true,"href":"https:\/\/www.greenpeace.org\/luxembourg\/fr\/wp-json\/wp\/v2\/tags?post=1286"},{"taxonomy":"p4-page-type","embeddable":true,"href":"https:\/\/www.greenpeace.org\/luxembourg\/fr\/wp-json\/wp\/v2\/p4-page-type?post=1286"}],"curies":[{"name":"wp","href":"https:\/\/api.w.org\/{rel}","templated":true}]}}