{"id":13243,"date":"2021-12-07T13:33:49","date_gmt":"2021-12-07T11:33:49","guid":{"rendered":"https:\/\/www.greenpeace.org\/luxembourg\/?p=13243"},"modified":"2021-12-07T13:33:51","modified_gmt":"2021-12-07T11:33:51","slug":"bruxelles-greenpeace-denonce-la-possible-inclusion-du-gaz-fossile-et-du-nucleaire-dans-la-taxonomie","status":"publish","type":"post","link":"https:\/\/www.greenpeace.org\/luxembourg\/fr\/communiques-de-presse\/13243\/bruxelles-greenpeace-denonce-la-possible-inclusion-du-gaz-fossile-et-du-nucleaire-dans-la-taxonomie\/","title":{"rendered":"Bruxelles : Greenpeace d\u00e9nonce la possible inclusion du gaz fossile et du nucl\u00e9aire dans la Taxonomie"},"content":{"rendered":"\n<p><strong>Bruxelles\/Luxembourg, 7 d\u00e9cembre 2021 \u2013 Ce matin, \u00e0 Bruxelles, des activistes de Greenpeace Belgique ont install\u00e9 un dinosaure g\u00e9ant devant le si\u00e8ge de la Commission europ\u00e9enne et du Conseil europ\u00e9en afin de protester contre l&#8217;\u00e9ventuelle inclusion du gaz fossile et de l&#8217;\u00e9nergie nucl\u00e9aire dans la Taxonomie europ\u00e9enne, soit les lignes directrices de l\u2019UE pour les investissements durables.&nbsp;<\/strong><\/p>\n\n<p>Le \u00ab Taxonosaure \u00bb mesure quatre m\u00e8tres de haut et est fait de ferraille sur laquelle ont \u00e9t\u00e9 peints des symboles d&#8217;avertissement radioactifs ainsi que des flammes de gaz bleues. Il symbolise l\u2019alerte des associations environnementales qui d\u00e9noncent le greenwashing du gaz fossile et de l&#8217;\u00e9nergie nucl\u00e9aire. Les activistes ont brandi devant le Taxonosaure des banderoles indiquant \u00ab LET GAS AND NUCLEAR GO EXTINCT \u00bb (\u201cLaissons le gaz et le nucl\u00e9aire dispara\u00eetre&#8221;) et \u00ab STOP FAKE GREEN \u00bb (\u201cStop au faux vert\u201d).<\/p>\n\n<p>\u00ab<em> Soutenir l&#8217;industrie nucl\u00e9aire en gardant le gaz fossile risque de saboter la transition \u00e9nerg\u00e9tique europ\u00e9enne en mettant ces deux \u00e9nergies polluantes au m\u00eame niveau que les \u00e9nergies renouvelables. Le nucl\u00e9aire et le gaz ne sont pas verts. Le gaz, tout comme le charbon, contribue directement au d\u00e9r\u00e8glement climatique, tandis qu&#8217;apr\u00e8s soixante-dix ans, l&#8217;industrie nucl\u00e9aire n&#8217;a toujours pas de solution pour le stockage d\u00e9finitif de ses d\u00e9chets radioactifs. La Commission europ\u00e9enne devrait exclure totalement ces technologies des lignes directrices de l&#8217;UE en mati\u00e8re d&#8217;investissement durable, notamment pour pr\u00e9server sa cr\u00e9dibilit\u00e9 et renforcer le march\u00e9 financier de l\u2019UE<\/em> \u00bb, pr\u00e9cise Roger Spautz, charg\u00e9 de campagne nucl\u00e9aire pour Greenpeace Luxembourg.<\/p>\n\n<p>L\u2019intention de la Commission europ\u00e9enne d&#8217;inclure le gaz fossile, l&#8217;\u00e9nergie nucl\u00e9aire et l&#8217;\u00e9levage intensif dans la taxonomie ont tous fait l&#8217;objet de s\u00e9v\u00e8res critiques, notamment de la part des <a href=\"https:\/\/gouvernement.lu\/dam-assets\/documents\/actualites\/2021\/11-novembre\/11-nuclear-free-taxonomy\/Joint-declaration-for-a-Nuclear-Free-Taxonomy.pdf?link_id=1&amp;can_id=9a491f08712ac643641cb9d22bbc1d21&amp;source=email-hybride-pressekonferenz-mi-2411-830-taxonomie-investitionen-in-atomkraft-und-gas-stoppen-perspektiven-mit-blick-auf-die-franzoesische-ratspraesidentschaft-mit-ska-keller-sven-giegold-yannick-jadot-und-carole-dieschbourg&amp;email_referrer=email_1362034&amp;email_subject=hybride-pressekonferenz-mi-2411-830-taxonomie-investitionen-in-atomkraft-und-gas-stoppen-mit-ska-keller-sven-giegold-yannick-jadot-und-carole-dieschbourg\">gouvernements nationaux<\/a>, des <a href=\"https:\/\/www.fairr.org\/article\/investor-letter-eu-taxonomy\/\">gestionnaires d&#8217;actifs<\/a>, des <a href=\"https:\/\/www.unpri.org\/download?ac=15189\">organes des Nations unies<\/a>, des <a href=\"https:\/\/www.endseurope.com\/article\/1734601\/green-groups-final-push-stop-taxonomy-greenwashing\">groupes environnementaux<\/a> et m\u00eame du propre groupe <a href=\"https:\/\/www.politico.eu\/wp-content\/uploads\/2021\/11\/30\/Op-Ed-on-EU-Taxonomy-100g-threshold-vf.pdf\">d&#8217;expert\u00b7es techniques de la Commission<\/a>, qui a r\u00e9dig\u00e9 les recommandations initiales sur la taxonomie. Mais un groupe de pays pro-gaz et pro-nucl\u00e9aire, dirig\u00e9 par la France, semble avoir convaincu la pr\u00e9sidente de la Commission, Ursula von der Leyen, d&#8217;<a href=\"https:\/\/twitter.com\/vonderleyen\/status\/1451552759736582153?s=20\">inclure ces deux \u00e9nergies dans la taxonomie<\/a>.<\/p>\n\n<p>Une proposition doit \u00eatre publi\u00e9e par la Commission europ\u00e9enne au plus tard ce mois-ci, et peut-\u00eatre m\u00eame d\u00e8s demain, le 8 d\u00e9cembre.&nbsp;<\/p>\n\n<p>La Commission proposera sans doute des crit\u00e8res qui permettront de qualifier de \u00ab respectueuses de l&#8217;environnement \u00bb certaines activit\u00e9s li\u00e9es au nucl\u00e9aire et aux gaz fossiles. Les gouvernements nationaux ainsi que le Parlement europ\u00e9en disposent g\u00e9n\u00e9ralement de quatre mois pour s&#8217;opposer \u00e0 la proposition de la Commission, faute de quoi elle sera adopt\u00e9e.&nbsp;&nbsp;<\/p>\n\n<p>Toutefois, si une majorit\u00e9 des pays de l\u2019UE souhaite inclure le nucl\u00e9aire dans la taxonomie europ\u00e9enne,&nbsp; le Luxembourg s\u2019y oppose &#8211; puisque cette int\u00e9gration n\u2019est pas, selon lui, compatible avec la base juridique du r\u00e8glement sur la Taxonomie. Le Grand-Duch\u00e9 fait partie d&#8217;une alliance de cinq pays, avec l&#8217;Autriche, le Danemark, le Portugal et l&#8217;Allemagne, qui veut emp\u00eacher l&#8217;inclusion du nucl\u00e9aire dans le cadre des investissements durables de l&#8217;UE. Cette alliance a \u00e9t\u00e9 form\u00e9e lors du sommet sur le climat COP26 \u00e0 Glasgow.<\/p>\n\n<p>La premi\u00e8re s\u00e9rie d&#8217;actes d\u00e9l\u00e9gu\u00e9s de la Taxonomie, qui comprend l&#8217;abattage et le br\u00fblage d&#8217;arbres et de cultures \u00e0 des fins \u00e9nerg\u00e9tiques ainsi que l&#8217;utilisation de voitures hybrides qui d\u00e9pendent du diesel et de l&#8217;essence, entrera en vigueur le 8 d\u00e9cembre.&nbsp;<\/p>\n","protected":false},"excerpt":{"rendered":"<p>Ce matin, \u00e0 Bruxelles, des activistes de Greenpeace Belgique ont install\u00e9 un dinosaure g\u00e9ant devant le si\u00e8ge de la Commission europ\u00e9enne et du Conseil europ\u00e9en&hellip;<\/p>\n","protected":false},"author":25,"featured_media":13251,"comment_status":"closed","ping_status":"closed","sticky":false,"template":"","format":"standard","meta":{"ep_exclude_from_search":false,"p4_og_title":"","p4_og_description":"","p4_og_image":"","p4_og_image_id":"","p4_seo_canonical_url":"","p4_campaign_name":"not set","p4_local_project":"not set","p4_basket_name":"not set","p4_department":"","footnotes":""},"categories":[42],"tags":[30,35],"p4-page-type":[83],"class_list":["post-13243","post","type-post","status-publish","format-standard","has-post-thumbnail","hentry","category-energie","tag-nucleaire","tag-energiesfossiles","p4-page-type-communiques-de-presse"],"yoast_head":"<!-- This site is optimized with the Yoast SEO Premium plugin v23.9 (Yoast SEO v23.9) - https:\/\/yoast.com\/wordpress\/plugins\/seo\/ -->\n<title>Bruxelles : Greenpeace d\u00e9nonce la possible inclusion du gaz fossile et du nucl\u00e9aire dans la Taxonomie - Greenpeace Luxembourg<\/title>\n<meta name=\"robots\" content=\"index, follow, max-snippet:-1, max-image-preview:large, max-video-preview:-1\" \/>\n<link rel=\"canonical\" href=\"https:\/\/www.greenpeace.org\/luxembourg\/fr\/communiques-de-presse\/13243\/bruxelles-greenpeace-denonce-la-possible-inclusion-du-gaz-fossile-et-du-nucleaire-dans-la-taxonomie\/\" \/>\n<meta property=\"og:locale\" content=\"fr_FR\" \/>\n<meta property=\"og:type\" content=\"article\" \/>\n<meta property=\"og:title\" content=\"Bruxelles : Greenpeace d\u00e9nonce la possible inclusion du gaz fossile et du nucl\u00e9aire dans la Taxonomie\" \/>\n<meta property=\"og:description\" content=\"Ce matin, \u00e0 Bruxelles, des activistes de Greenpeace Belgique ont install\u00e9 un dinosaure g\u00e9ant devant le si\u00e8ge de la Commission europ\u00e9enne et du Conseil europ\u00e9en&hellip;\" \/>\n<meta property=\"og:url\" content=\"https:\/\/www.greenpeace.org\/luxembourg\/fr\/communiques-de-presse\/13243\/bruxelles-greenpeace-denonce-la-possible-inclusion-du-gaz-fossile-et-du-nucleaire-dans-la-taxonomie\/\" \/>\n<meta property=\"og:site_name\" content=\"Greenpeace Luxembourg\" \/>\n<meta property=\"article:publisher\" content=\"https:\/\/www.facebook.com\/greenpeaceluxembourg\" \/>\n<meta property=\"article:published_time\" content=\"2021-12-07T11:33:49+00:00\" \/>\n<meta property=\"article:modified_time\" content=\"2021-12-07T11:33:51+00:00\" \/>\n<meta property=\"og:image\" content=\"https:\/\/www.greenpeace.org\/static\/planet4-luxembourg-stateless\/2021\/12\/d3ec2f63-gp1swnuu_web_size.jpg\" \/>\n\t<meta property=\"og:image:width\" content=\"800\" \/>\n\t<meta property=\"og:image:height\" content=\"533\" \/>\n\t<meta property=\"og:image:type\" content=\"image\/jpeg\" \/>\n<meta name=\"author\" content=\"Esther Wildanger\" \/>\n<meta name=\"twitter:card\" content=\"summary_large_image\" \/>\n<meta name=\"twitter:label1\" content=\"Written by\" \/>\n\t<meta name=\"twitter:data1\" content=\"Esther Wildanger\" \/>\n\t<meta name=\"twitter:label2\" content=\"Est. reading time\" \/>\n\t<meta name=\"twitter:data2\" content=\"3 minutes\" \/>\n<script type=\"application\/ld+json\" class=\"yoast-schema-graph\">{\"@context\":\"https:\/\/schema.org\",\"@graph\":[{\"@type\":\"Article\",\"@id\":\"https:\/\/www.greenpeace.org\/luxembourg\/fr\/communiques-de-presse\/13243\/bruxelles-greenpeace-denonce-la-possible-inclusion-du-gaz-fossile-et-du-nucleaire-dans-la-taxonomie\/#article\",\"isPartOf\":{\"@id\":\"https:\/\/www.greenpeace.org\/luxembourg\/fr\/communiques-de-presse\/13243\/bruxelles-greenpeace-denonce-la-possible-inclusion-du-gaz-fossile-et-du-nucleaire-dans-la-taxonomie\/\"},\"author\":{\"name\":\"Esther Wildanger\",\"@id\":\"https:\/\/www.greenpeace.org\/luxembourg\/fr\/#\/schema\/person\/3d0e81a859b59009fec36a8552ef76a7\"},\"headline\":\"Bruxelles : Greenpeace d\u00e9nonce la possible inclusion du gaz fossile et du nucl\u00e9aire dans la Taxonomie\",\"datePublished\":\"2021-12-07T11:33:49+00:00\",\"dateModified\":\"2021-12-07T11:33:51+00:00\",\"mainEntityOfPage\":{\"@id\":\"https:\/\/www.greenpeace.org\/luxembourg\/fr\/communiques-de-presse\/13243\/bruxelles-greenpeace-denonce-la-possible-inclusion-du-gaz-fossile-et-du-nucleaire-dans-la-taxonomie\/\"},\"wordCount\":647,\"publisher\":{\"@id\":\"https:\/\/www.greenpeace.org\/luxembourg\/fr\/#organization\"},\"image\":{\"@id\":\"https:\/\/www.greenpeace.org\/luxembourg\/fr\/communiques-de-presse\/13243\/bruxelles-greenpeace-denonce-la-possible-inclusion-du-gaz-fossile-et-du-nucleaire-dans-la-taxonomie\/#primaryimage\"},\"thumbnailUrl\":\"https:\/\/www.greenpeace.org\/static\/planet4-luxembourg-stateless\/2021\/12\/d3ec2f63-gp1swnuu_web_size.jpg\",\"keywords\":[\"Nucl\u00e9aire\",\"EnergiesFossiles\"],\"articleSection\":[\"\u00c9nergie\"],\"inLanguage\":\"fr-LU\"},{\"@type\":\"WebPage\",\"@id\":\"https:\/\/www.greenpeace.org\/luxembourg\/fr\/communiques-de-presse\/13243\/bruxelles-greenpeace-denonce-la-possible-inclusion-du-gaz-fossile-et-du-nucleaire-dans-la-taxonomie\/\",\"url\":\"https:\/\/www.greenpeace.org\/luxembourg\/fr\/communiques-de-presse\/13243\/bruxelles-greenpeace-denonce-la-possible-inclusion-du-gaz-fossile-et-du-nucleaire-dans-la-taxonomie\/\",\"name\":\"Bruxelles : Greenpeace d\u00e9nonce la possible inclusion du gaz fossile et du nucl\u00e9aire dans la Taxonomie - Greenpeace Luxembourg\",\"isPartOf\":{\"@id\":\"https:\/\/www.greenpeace.org\/luxembourg\/fr\/#website\"},\"primaryImageOfPage\":{\"@id\":\"https:\/\/www.greenpeace.org\/luxembourg\/fr\/communiques-de-presse\/13243\/bruxelles-greenpeace-denonce-la-possible-inclusion-du-gaz-fossile-et-du-nucleaire-dans-la-taxonomie\/#primaryimage\"},\"image\":{\"@id\":\"https:\/\/www.greenpeace.org\/luxembourg\/fr\/communiques-de-presse\/13243\/bruxelles-greenpeace-denonce-la-possible-inclusion-du-gaz-fossile-et-du-nucleaire-dans-la-taxonomie\/#primaryimage\"},\"thumbnailUrl\":\"https:\/\/www.greenpeace.org\/static\/planet4-luxembourg-stateless\/2021\/12\/d3ec2f63-gp1swnuu_web_size.jpg\",\"datePublished\":\"2021-12-07T11:33:49+00:00\",\"dateModified\":\"2021-12-07T11:33:51+00:00\",\"breadcrumb\":{\"@id\":\"https:\/\/www.greenpeace.org\/luxembourg\/fr\/communiques-de-presse\/13243\/bruxelles-greenpeace-denonce-la-possible-inclusion-du-gaz-fossile-et-du-nucleaire-dans-la-taxonomie\/#breadcrumb\"},\"inLanguage\":\"fr-LU\",\"potentialAction\":[{\"@type\":\"ReadAction\",\"target\":[\"https:\/\/www.greenpeace.org\/luxembourg\/fr\/communiques-de-presse\/13243\/bruxelles-greenpeace-denonce-la-possible-inclusion-du-gaz-fossile-et-du-nucleaire-dans-la-taxonomie\/\"]}]},{\"@type\":\"ImageObject\",\"inLanguage\":\"fr-LU\",\"@id\":\"https:\/\/www.greenpeace.org\/luxembourg\/fr\/communiques-de-presse\/13243\/bruxelles-greenpeace-denonce-la-possible-inclusion-du-gaz-fossile-et-du-nucleaire-dans-la-taxonomie\/#primaryimage\",\"url\":\"https:\/\/www.greenpeace.org\/static\/planet4-luxembourg-stateless\/2021\/12\/d3ec2f63-gp1swnuu_web_size.jpg\",\"contentUrl\":\"https:\/\/www.greenpeace.org\/static\/planet4-luxembourg-stateless\/2021\/12\/d3ec2f63-gp1swnuu_web_size.jpg\",\"width\":800,\"height\":533,\"caption\":\"Activists from Greenpeace Belgium install a giant \u2018taxonosaurus\u2019 dinosaur outside the headquarters of the European Commission and European Council in Brussels in protest against the possible inclusion of fossil gas and nuclear energy in the EU\u2019s \u2018taxonomy\u2019, or list of guidelines for sustainable investments.&nbsp;\"},{\"@type\":\"BreadcrumbList\",\"@id\":\"https:\/\/www.greenpeace.org\/luxembourg\/fr\/communiques-de-presse\/13243\/bruxelles-greenpeace-denonce-la-possible-inclusion-du-gaz-fossile-et-du-nucleaire-dans-la-taxonomie\/#breadcrumb\",\"itemListElement\":[{\"@type\":\"ListItem\",\"position\":1,\"name\":\"Home\",\"item\":\"https:\/\/www.greenpeace.org\/luxembourg\/fr\/\"},{\"@type\":\"ListItem\",\"position\":2,\"name\":\"Bruxelles : Greenpeace d\u00e9nonce la possible inclusion du gaz fossile et du nucl\u00e9aire dans la Taxonomie\"}]},{\"@type\":\"WebSite\",\"@id\":\"https:\/\/www.greenpeace.org\/luxembourg\/fr\/#website\",\"url\":\"https:\/\/www.greenpeace.org\/luxembourg\/fr\/\",\"name\":\"Greenpeace Luxembourg\",\"description\":\"Greenpeace existe parce que cette Terre fragile a besoin d&#039;une voix. Elle a besoin de solutions. De changement. D&#039;actions.\",\"publisher\":{\"@id\":\"https:\/\/www.greenpeace.org\/luxembourg\/fr\/#organization\"},\"potentialAction\":[{\"@type\":\"SearchAction\",\"target\":{\"@type\":\"EntryPoint\",\"urlTemplate\":\"https:\/\/www.greenpeace.org\/luxembourg\/fr\/?s={search_term_string}\"},\"query-input\":{\"@type\":\"PropertyValueSpecification\",\"valueRequired\":true,\"valueName\":\"search_term_string\"}}],\"inLanguage\":\"fr-LU\"},{\"@type\":\"Organization\",\"@id\":\"https:\/\/www.greenpeace.org\/luxembourg\/fr\/#organization\",\"name\":\"Greenpeace Luxembourg\",\"url\":\"https:\/\/www.greenpeace.org\/luxembourg\/fr\/\",\"logo\":{\"@type\":\"ImageObject\",\"inLanguage\":\"fr-LU\",\"@id\":\"https:\/\/www.greenpeace.org\/luxembourg\/fr\/#\/schema\/logo\/image\/\",\"url\":\"https:\/\/www.greenpeace.org\/static\/planet4-luxembourg-stateless\/2026\/03\/3e367f94-greenpeace_logo_green_rgb.png\",\"contentUrl\":\"https:\/\/www.greenpeace.org\/static\/planet4-luxembourg-stateless\/2026\/03\/3e367f94-greenpeace_logo_green_rgb.png\",\"width\":1080,\"height\":175,\"caption\":\"Greenpeace Luxembourg\"},\"image\":{\"@id\":\"https:\/\/www.greenpeace.org\/luxembourg\/fr\/#\/schema\/logo\/image\/\"},\"sameAs\":[\"https:\/\/www.facebook.com\/greenpeaceluxembourg\",\"https:\/\/www.instagram.com\/greenpeacelux\/\",\"https:\/\/www.linkedin.com\/company\/greenpeace-luxembourg\/\",\"https:\/\/www.threads.com\/@greenpeacelux\",\"https:\/\/bsky.app\/profile\/greenpeacelux.bsky.social\",\"https:\/\/www.youtube.com\/@GreenpeaceLux\",\"https:\/\/www.tiktok.com\/@greenpeace_lux\"]},{\"@type\":\"Person\",\"@id\":\"https:\/\/www.greenpeace.org\/luxembourg\/fr\/#\/schema\/person\/3d0e81a859b59009fec36a8552ef76a7\",\"name\":\"Esther Wildanger\",\"url\":\"https:\/\/www.greenpeace.org\/luxembourg\/fr\/author\/ewildang\/\"}]}<\/script>\n<!-- \/ Yoast SEO Premium plugin. -->","yoast_head_json":{"title":"Bruxelles : Greenpeace d\u00e9nonce la possible inclusion du gaz fossile et du nucl\u00e9aire dans la Taxonomie - Greenpeace Luxembourg","robots":{"index":"index","follow":"follow","max-snippet":"max-snippet:-1","max-image-preview":"max-image-preview:large","max-video-preview":"max-video-preview:-1"},"canonical":"https:\/\/www.greenpeace.org\/luxembourg\/fr\/communiques-de-presse\/13243\/bruxelles-greenpeace-denonce-la-possible-inclusion-du-gaz-fossile-et-du-nucleaire-dans-la-taxonomie\/","og_locale":"fr_FR","og_type":"article","og_title":"Bruxelles : Greenpeace d\u00e9nonce la possible inclusion du gaz fossile et du nucl\u00e9aire dans la Taxonomie","og_description":"Ce matin, \u00e0 Bruxelles, des activistes de Greenpeace Belgique ont install\u00e9 un dinosaure g\u00e9ant devant le si\u00e8ge de la Commission europ\u00e9enne et du Conseil europ\u00e9en&hellip;","og_url":"https:\/\/www.greenpeace.org\/luxembourg\/fr\/communiques-de-presse\/13243\/bruxelles-greenpeace-denonce-la-possible-inclusion-du-gaz-fossile-et-du-nucleaire-dans-la-taxonomie\/","og_site_name":"Greenpeace Luxembourg","article_publisher":"https:\/\/www.facebook.com\/greenpeaceluxembourg","article_published_time":"2021-12-07T11:33:49+00:00","article_modified_time":"2021-12-07T11:33:51+00:00","og_image":[{"width":800,"height":533,"url":"https:\/\/www.greenpeace.org\/static\/planet4-luxembourg-stateless\/2021\/12\/d3ec2f63-gp1swnuu_web_size.jpg","type":"image\/jpeg"}],"author":"Esther Wildanger","twitter_card":"summary_large_image","twitter_misc":{"Written by":"Esther Wildanger","Est. reading time":"3 minutes"},"schema":{"@context":"https:\/\/schema.org","@graph":[{"@type":"Article","@id":"https:\/\/www.greenpeace.org\/luxembourg\/fr\/communiques-de-presse\/13243\/bruxelles-greenpeace-denonce-la-possible-inclusion-du-gaz-fossile-et-du-nucleaire-dans-la-taxonomie\/#article","isPartOf":{"@id":"https:\/\/www.greenpeace.org\/luxembourg\/fr\/communiques-de-presse\/13243\/bruxelles-greenpeace-denonce-la-possible-inclusion-du-gaz-fossile-et-du-nucleaire-dans-la-taxonomie\/"},"author":{"name":"Esther Wildanger","@id":"https:\/\/www.greenpeace.org\/luxembourg\/fr\/#\/schema\/person\/3d0e81a859b59009fec36a8552ef76a7"},"headline":"Bruxelles : Greenpeace d\u00e9nonce la possible inclusion du gaz fossile et du nucl\u00e9aire dans la Taxonomie","datePublished":"2021-12-07T11:33:49+00:00","dateModified":"2021-12-07T11:33:51+00:00","mainEntityOfPage":{"@id":"https:\/\/www.greenpeace.org\/luxembourg\/fr\/communiques-de-presse\/13243\/bruxelles-greenpeace-denonce-la-possible-inclusion-du-gaz-fossile-et-du-nucleaire-dans-la-taxonomie\/"},"wordCount":647,"publisher":{"@id":"https:\/\/www.greenpeace.org\/luxembourg\/fr\/#organization"},"image":{"@id":"https:\/\/www.greenpeace.org\/luxembourg\/fr\/communiques-de-presse\/13243\/bruxelles-greenpeace-denonce-la-possible-inclusion-du-gaz-fossile-et-du-nucleaire-dans-la-taxonomie\/#primaryimage"},"thumbnailUrl":"https:\/\/www.greenpeace.org\/static\/planet4-luxembourg-stateless\/2021\/12\/d3ec2f63-gp1swnuu_web_size.jpg","keywords":["Nucl\u00e9aire","EnergiesFossiles"],"articleSection":["\u00c9nergie"],"inLanguage":"fr-LU"},{"@type":"WebPage","@id":"https:\/\/www.greenpeace.org\/luxembourg\/fr\/communiques-de-presse\/13243\/bruxelles-greenpeace-denonce-la-possible-inclusion-du-gaz-fossile-et-du-nucleaire-dans-la-taxonomie\/","url":"https:\/\/www.greenpeace.org\/luxembourg\/fr\/communiques-de-presse\/13243\/bruxelles-greenpeace-denonce-la-possible-inclusion-du-gaz-fossile-et-du-nucleaire-dans-la-taxonomie\/","name":"Bruxelles : Greenpeace d\u00e9nonce la possible inclusion du gaz fossile et du nucl\u00e9aire dans la Taxonomie - Greenpeace Luxembourg","isPartOf":{"@id":"https:\/\/www.greenpeace.org\/luxembourg\/fr\/#website"},"primaryImageOfPage":{"@id":"https:\/\/www.greenpeace.org\/luxembourg\/fr\/communiques-de-presse\/13243\/bruxelles-greenpeace-denonce-la-possible-inclusion-du-gaz-fossile-et-du-nucleaire-dans-la-taxonomie\/#primaryimage"},"image":{"@id":"https:\/\/www.greenpeace.org\/luxembourg\/fr\/communiques-de-presse\/13243\/bruxelles-greenpeace-denonce-la-possible-inclusion-du-gaz-fossile-et-du-nucleaire-dans-la-taxonomie\/#primaryimage"},"thumbnailUrl":"https:\/\/www.greenpeace.org\/static\/planet4-luxembourg-stateless\/2021\/12\/d3ec2f63-gp1swnuu_web_size.jpg","datePublished":"2021-12-07T11:33:49+00:00","dateModified":"2021-12-07T11:33:51+00:00","breadcrumb":{"@id":"https:\/\/www.greenpeace.org\/luxembourg\/fr\/communiques-de-presse\/13243\/bruxelles-greenpeace-denonce-la-possible-inclusion-du-gaz-fossile-et-du-nucleaire-dans-la-taxonomie\/#breadcrumb"},"inLanguage":"fr-LU","potentialAction":[{"@type":"ReadAction","target":["https:\/\/www.greenpeace.org\/luxembourg\/fr\/communiques-de-presse\/13243\/bruxelles-greenpeace-denonce-la-possible-inclusion-du-gaz-fossile-et-du-nucleaire-dans-la-taxonomie\/"]}]},{"@type":"ImageObject","inLanguage":"fr-LU","@id":"https:\/\/www.greenpeace.org\/luxembourg\/fr\/communiques-de-presse\/13243\/bruxelles-greenpeace-denonce-la-possible-inclusion-du-gaz-fossile-et-du-nucleaire-dans-la-taxonomie\/#primaryimage","url":"https:\/\/www.greenpeace.org\/static\/planet4-luxembourg-stateless\/2021\/12\/d3ec2f63-gp1swnuu_web_size.jpg","contentUrl":"https:\/\/www.greenpeace.org\/static\/planet4-luxembourg-stateless\/2021\/12\/d3ec2f63-gp1swnuu_web_size.jpg","width":800,"height":533,"caption":"Activists from Greenpeace Belgium install a giant \u2018taxonosaurus\u2019 dinosaur outside the headquarters of the European Commission and European Council in Brussels in protest against the possible inclusion of fossil gas and nuclear energy in the EU\u2019s \u2018taxonomy\u2019, or list of guidelines for sustainable investments.&nbsp;"},{"@type":"BreadcrumbList","@id":"https:\/\/www.greenpeace.org\/luxembourg\/fr\/communiques-de-presse\/13243\/bruxelles-greenpeace-denonce-la-possible-inclusion-du-gaz-fossile-et-du-nucleaire-dans-la-taxonomie\/#breadcrumb","itemListElement":[{"@type":"ListItem","position":1,"name":"Home","item":"https:\/\/www.greenpeace.org\/luxembourg\/fr\/"},{"@type":"ListItem","position":2,"name":"Bruxelles : Greenpeace d\u00e9nonce la possible inclusion du gaz fossile et du nucl\u00e9aire dans la Taxonomie"}]},{"@type":"WebSite","@id":"https:\/\/www.greenpeace.org\/luxembourg\/fr\/#website","url":"https:\/\/www.greenpeace.org\/luxembourg\/fr\/","name":"Greenpeace Luxembourg","description":"Greenpeace existe parce que cette Terre fragile a besoin d&#039;une voix. Elle a besoin de solutions. De changement. D&#039;actions.","publisher":{"@id":"https:\/\/www.greenpeace.org\/luxembourg\/fr\/#organization"},"potentialAction":[{"@type":"SearchAction","target":{"@type":"EntryPoint","urlTemplate":"https:\/\/www.greenpeace.org\/luxembourg\/fr\/?s={search_term_string}"},"query-input":{"@type":"PropertyValueSpecification","valueRequired":true,"valueName":"search_term_string"}}],"inLanguage":"fr-LU"},{"@type":"Organization","@id":"https:\/\/www.greenpeace.org\/luxembourg\/fr\/#organization","name":"Greenpeace Luxembourg","url":"https:\/\/www.greenpeace.org\/luxembourg\/fr\/","logo":{"@type":"ImageObject","inLanguage":"fr-LU","@id":"https:\/\/www.greenpeace.org\/luxembourg\/fr\/#\/schema\/logo\/image\/","url":"https:\/\/www.greenpeace.org\/static\/planet4-luxembourg-stateless\/2026\/03\/3e367f94-greenpeace_logo_green_rgb.png","contentUrl":"https:\/\/www.greenpeace.org\/static\/planet4-luxembourg-stateless\/2026\/03\/3e367f94-greenpeace_logo_green_rgb.png","width":1080,"height":175,"caption":"Greenpeace Luxembourg"},"image":{"@id":"https:\/\/www.greenpeace.org\/luxembourg\/fr\/#\/schema\/logo\/image\/"},"sameAs":["https:\/\/www.facebook.com\/greenpeaceluxembourg","https:\/\/www.instagram.com\/greenpeacelux\/","https:\/\/www.linkedin.com\/company\/greenpeace-luxembourg\/","https:\/\/www.threads.com\/@greenpeacelux","https:\/\/bsky.app\/profile\/greenpeacelux.bsky.social","https:\/\/www.youtube.com\/@GreenpeaceLux","https:\/\/www.tiktok.com\/@greenpeace_lux"]},{"@type":"Person","@id":"https:\/\/www.greenpeace.org\/luxembourg\/fr\/#\/schema\/person\/3d0e81a859b59009fec36a8552ef76a7","name":"Esther Wildanger","url":"https:\/\/www.greenpeace.org\/luxembourg\/fr\/author\/ewildang\/"}]}},"_links":{"self":[{"href":"https:\/\/www.greenpeace.org\/luxembourg\/fr\/wp-json\/wp\/v2\/posts\/13243","targetHints":{"allow":["GET"]}}],"collection":[{"href":"https:\/\/www.greenpeace.org\/luxembourg\/fr\/wp-json\/wp\/v2\/posts"}],"about":[{"href":"https:\/\/www.greenpeace.org\/luxembourg\/fr\/wp-json\/wp\/v2\/types\/post"}],"author":[{"embeddable":true,"href":"https:\/\/www.greenpeace.org\/luxembourg\/fr\/wp-json\/wp\/v2\/users\/25"}],"replies":[{"embeddable":true,"href":"https:\/\/www.greenpeace.org\/luxembourg\/fr\/wp-json\/wp\/v2\/comments?post=13243"}],"version-history":[{"count":3,"href":"https:\/\/www.greenpeace.org\/luxembourg\/fr\/wp-json\/wp\/v2\/posts\/13243\/revisions"}],"predecessor-version":[{"id":13253,"href":"https:\/\/www.greenpeace.org\/luxembourg\/fr\/wp-json\/wp\/v2\/posts\/13243\/revisions\/13253"}],"wp:featuredmedia":[{"embeddable":true,"href":"https:\/\/www.greenpeace.org\/luxembourg\/fr\/wp-json\/wp\/v2\/media\/13251"}],"wp:attachment":[{"href":"https:\/\/www.greenpeace.org\/luxembourg\/fr\/wp-json\/wp\/v2\/media?parent=13243"}],"wp:term":[{"taxonomy":"category","embeddable":true,"href":"https:\/\/www.greenpeace.org\/luxembourg\/fr\/wp-json\/wp\/v2\/categories?post=13243"},{"taxonomy":"post_tag","embeddable":true,"href":"https:\/\/www.greenpeace.org\/luxembourg\/fr\/wp-json\/wp\/v2\/tags?post=13243"},{"taxonomy":"p4-page-type","embeddable":true,"href":"https:\/\/www.greenpeace.org\/luxembourg\/fr\/wp-json\/wp\/v2\/p4-page-type?post=13243"}],"curies":[{"name":"wp","href":"https:\/\/api.w.org\/{rel}","templated":true}]}}