{"id":1329,"date":"2018-09-18T06:58:47","date_gmt":"2018-09-18T06:58:47","guid":{"rendered":"https:\/\/www.greenpeace.org\/luxembourg\/?p=1329"},"modified":"2026-03-12T18:04:52","modified_gmt":"2026-03-12T16:04:52","slug":"il-ny-a-pas-de-planete-b-mobiliser-la-place-financiere-du-luxembourg-pour-la-protection-du-climat","status":"publish","type":"post","link":"https:\/\/www.greenpeace.org\/luxembourg\/fr\/communiques-de-presse\/1329\/il-ny-a-pas-de-planete-b-mobiliser-la-place-financiere-du-luxembourg-pour-la-protection-du-climat\/","title":{"rendered":"Il n\u2019y a pas de plan\u00e8te B: mobiliser la place financi\u00e8re du Luxembourg pour la protection du climat"},"content":{"rendered":"<p><strong>Luxembourg, le 18 septembre 2018 &#8211; Greenpeace Luxembourg a inaugur\u00e9 ce jour son bureau pour l\u2019action climatique \u00e0 Luxembourg-Kirchberg (1), au c\u0153ur du centre financier luxembourgeois. Sur la place du Funiculaire se dresse une r\u00e9plique de la Tour Eiffel de 15 m\u00e8tres de haut, symbole de l\u2019Accord de Paris sur la protection du climat. \u00c0 proximit\u00e9, un bureau \u00e9ph\u00e9m\u00e8re sert de point d&#8217;information et de discussion o\u00f9 les citoyens, les politiciens et les parties prenantes du secteur financier peuvent rencontrer les repr\u00e9sentants de Greenpeace afin de discuter du r\u00f4le du secteur financier dans la lutte contre le changement climatique. La Tour Eiffel et le bureau \u00e9ph\u00e9m\u00e8re seront pr\u00e9sents sur la place du Funiculaire du 19 septembre \u00e0 la fin de la conf\u00e9rence internationale sur le climat COP24 \u00e0 la mi-d\u00e9cembre.<\/strong><\/p>\n<p>\u00ab <em>Les impacts du changement climatique affectent la plan\u00e8te enti\u00e8re, y compris le Luxembourg, et nous devons agir de toute urgence avant qu\u2019il ne devienne incontr\u00f4lable. Le message de l\u2019Accord de Paris est clair : il ne s\u2019agit pas de savoir si nous allons cesser d\u2019investir dans des actifs \u00e0 forte teneur en carbone et des industries de combustibles fossiles, mais \u00e0 quelle vitesse.<\/em> \u00bb explique Martina Holbach, charg\u00e9e de campagne chez Greenpeace Luxembourg. \u00ab N<em>otre mission au Kirchberg, qui commence aujourd&#8217;hui, consiste \u00e0 tirer parti des forces du secteur financier pour soutenir la transition vers une \u00e9conomie \u00e0 faibles \u00e9missions de carbone et un avenir durable et r\u00e9silient au changement climatique.<\/em> \u00bb<\/p>\n<p>\u00ab <em>La transition vers une \u00e9conomie durable n\u00e9cessitera un effort mondial concert\u00e9 et une r\u00e9allocation majeure du capital des investisseurs. Les choix d&#8217;infrastructure r\u00e9alis\u00e9s au cours de la prochaine d\u00e9cennie d\u00e9termineront si la stabilit\u00e9 climatique peut \u00eatre atteinte.<\/em> \u00bb ajoute-t-elle.<\/p>\n<p>Greenpeace est convaincue que le secteur financier luxembourgeois peut jouer un r\u00f4le de premier plan dans la protection du climat mondial. Pour atteindre les objectifs de l&#8217;accord de Paris sur la protection du climat, il faut mobiliser des milliards d&#8217;euros provenant du secteur priv\u00e9. L\u2019argent actuellement investi dans les combustibles fossiles tels que le charbon, le p\u00e9trole et le gaz doivent \u00eatre consacr\u00e9s aux \u00e9nergies renouvelables et aux projets d&#8217;infrastructures durable.<\/p>\n<p>\u00ab <em>Malgr\u00e9 les efforts consid\u00e9rables d\u00e9ploy\u00e9s par le gouvernement luxembourgeois et le secteur financier, dont l\u2019objectif est de promouvoir des investissements verts et durables, Greenpeace estime qu&#8217;une partie trop importante des 4.200 milliards d&#8217;euros actuellement g\u00e9r\u00e9s par le secteur des fonds d&#8217;investissement luxembourgeois est investie dans le secteur des combustibles fossiles et dans des entreprises fortement expos\u00e9es au carbone.<\/em> \u00bb pr\u00e9cise Diogo Guia, \u00e9galement charg\u00e9 de campagne chez Greenpeace Luxembourg. \u00ab <em>Cependant, afin de limiter l&#8217;augmentation de la temp\u00e9rature superficielle moyenne mondiale \u00e0 1,5 \u00b0C, et ainsi \u00e9viter un changement climatique catastrophique, les combustibles fossiles doivent rester dans le sol. Cela signifie que de nombreux investissements dans des actifs \u00e0 forte teneur en carbone devront \u00eatre bloqu\u00e9s mais aussi qu\u2019ils constituent un risque macro\u00e9conomique syst\u00e9mique pour le Luxembourg, qui d\u00e9pend fortement du secteur financier<\/em> (2). \u00bb<\/p>\n<p>Pour Greenpeace, une des principales responsabilit\u00e9s du nouveau gouvernement doit \u00eatre de cesser d\u2019investir l\u2018argent public dans les combustibles fossiles et d\u2019\u00e9valuer les risques financiers potentiels auxquels le Luxembourg est confront\u00e9 \u00e0 cause des investissements du secteur financier dans des combustibles fossiles et d\u2019autres industries \u00e0 forte teneur en carbone. En cons\u00e9quence, le prochain gouvernement doit prendre les mesures appropri\u00e9es pour orienter non plus seulement une partie marginale, mais l&#8217;ensemble du secteur financier vers la transition \u00e0 monde \u00e0 faible intensit\u00e9 de carbone (3).<\/p>\n<p>\u00ab <em>Rediriger les billions d&#8217;euros vers des investissements respectueux du climat et durables est \u00e0 la fois une n\u00e9cessit\u00e9 et une opportunit\u00e9 pour le secteur financier luxembourgeois. Cela pourrait en effet devenir la plus grande contribution du Luxembourg \u00e0 la lutte mondiale contre le changement climatique et \u00e0 un avenir durable pour tous.<\/em> \u00bb conclut Raymond Aendekerk, directeur de Greenpeace Luxembourg.<\/p>\n<p><strong>(1)<\/strong> Visitez le bureau pour l\u2019action climatique de Greenpeace et la tour Eiffel sur la place du Funiculaire \u00e0 Luxembourg-Kirchberg. Nos heures d&#8217;ouverture et notre programme d&#8217;\u00e9v\u00e9nements seront disponibles sur le site internet de Greenpeace www.greenpeace.lu.<\/p>\n<p><strong>(2)<\/strong> Le briefing de Greenpeace \u201cIl n\u2019y a pas de plan\u00e8te B: Mobiliser le financement pour la protection du climat. L\u2019industrie financi\u00e8re luxembourgeoise au carrefour de la transition mondiale vers un avenir \u00e0 faibles \u00e9missions de carbone\u201d est disponible <a href=\"https:\/\/www.greenpeace.org\/static\/planet4-luxembourg-stateless\/2019\/05\/b1dac887-brief_finance-revised_fr.pdf\">ici<\/a>.<\/p>\n<p><strong>(3)<\/strong> Soutenir notre appel au gouvernement: &lt;<a href=\"https:\/\/act.greenpeace.org\/page\/28668\/petition\/1\">signer la p\u00e9tition<\/a>&gt;<\/p>\n<h2>Contact<\/h2>\n<p><strong>Martina Holbach<\/strong>, martina.holbach@greenpeace.org, +352 621 233362<br \/>\n<strong>Diogo Guia<\/strong>, diogo.guia@greenpeace.org, +352 661 865 705<br \/>\n<strong>Raymond Aendekerk<\/strong>, raymond.aendekerk@greenpeace.org, +352 661 546252<\/p>\n<div class=\"EmptyMessage\">Block content is empty. Check the block&#8217;s settings or remove it.<\/div>","protected":false},"excerpt":{"rendered":"<p>Luxembourg, le 18 septembre 2018 &#8211; Greenpeace Luxembourg a inaugur\u00e9 ce jour son bureau pour l\u2019action climatique \u00e0 Luxembourg-Kirchberg (1), au c\u0153ur du centre financier luxembourgeois. Sur la place du&hellip;<\/p>\n","protected":false},"author":16,"featured_media":1239,"comment_status":"closed","ping_status":"closed","sticky":false,"template":"","format":"standard","meta":{"ep_exclude_from_search":false,"p4_og_title":"Il n\u2019y a pas de plan\u00e8te B: mobiliser la place financi\u00e8re du Luxembourg pour la protection du climat","p4_og_description":"Greenpeace Luxembourg inaugure son bureau pour l'action climatique au c\u0153ur du quartier financier de Luxembourg-Kirchberg.","p4_og_image":"","p4_og_image_id":"","p4_seo_canonical_url":"","p4_campaign_name":"not set","p4_local_project":"not set","p4_basket_name":"not set","p4_department":"","footnotes":""},"categories":[41],"tags":[35,37,95],"p4-page-type":[83],"class_list":["post-1329","post","type-post","status-publish","format-standard","has-post-thumbnail","hentry","category-climat","tag-energiesfossiles","tag-changementclimatique","tag-secteurfinancier","p4-page-type-communiques-de-presse"],"yoast_head":"<!-- This site is optimized with the Yoast SEO Premium plugin v23.9 (Yoast SEO v23.9) - https:\/\/yoast.com\/wordpress\/plugins\/seo\/ -->\n<title>Mobiliser la place financi\u00e8re Luxembourg pour prot\u00e9ger le climat<\/title>\n<meta name=\"description\" content=\"Greenpeace Luxembourg inaugure son bureau pour l&#039;action climatique au c\u0153ur du quartier financier de Luxembourg-Kirchberg.\" \/>\n<meta name=\"robots\" content=\"index, follow, max-snippet:-1, max-image-preview:large, max-video-preview:-1\" \/>\n<link rel=\"canonical\" href=\"https:\/\/www.greenpeace.org\/luxembourg\/fr\/communiques-de-presse\/1329\/il-ny-a-pas-de-planete-b-mobiliser-la-place-financiere-du-luxembourg-pour-la-protection-du-climat\/\" \/>\n<meta property=\"og:locale\" content=\"fr_FR\" \/>\n<meta property=\"og:type\" content=\"article\" \/>\n<meta property=\"og:title\" content=\"Il n\u2019y a pas de plan\u00e8te B: mobiliser la place financi\u00e8re du Luxembourg pour la protection du climat\" \/>\n<meta property=\"og:description\" content=\"Greenpeace Luxembourg inaugure son bureau pour l&#039;action climatique au c\u0153ur du quartier financier de Luxembourg-Kirchberg.\" \/>\n<meta property=\"og:url\" content=\"https:\/\/www.greenpeace.org\/luxembourg\/fr\/communiques-de-presse\/1329\/il-ny-a-pas-de-planete-b-mobiliser-la-place-financiere-du-luxembourg-pour-la-protection-du-climat\/\" \/>\n<meta property=\"og:site_name\" content=\"Greenpeace Luxembourg\" \/>\n<meta property=\"article:publisher\" content=\"https:\/\/www.facebook.com\/greenpeaceluxembourg\" \/>\n<meta property=\"article:published_time\" content=\"2018-09-18T06:58:47+00:00\" \/>\n<meta property=\"article:modified_time\" content=\"2026-03-12T16:04:52+00:00\" \/>\n<meta property=\"og:image\" content=\"https:\/\/www.greenpeace.org\/static\/planet4-luxembourg-stateless\/2018\/09\/23b0b008-greenpeace_kirchberg_18092018_1-1.jpg\" \/>\n\t<meta property=\"og:image:width\" content=\"3968\" \/>\n\t<meta property=\"og:image:height\" content=\"2976\" \/>\n\t<meta property=\"og:image:type\" content=\"image\/jpeg\" \/>\n<meta name=\"author\" content=\"Ana\u00efs Hector\" \/>\n<meta name=\"twitter:card\" content=\"summary_large_image\" \/>\n<meta name=\"twitter:label1\" content=\"Written by\" \/>\n\t<meta name=\"twitter:data1\" content=\"Ana\u00efs Hector\" \/>\n\t<meta name=\"twitter:label2\" content=\"Est. reading time\" \/>\n\t<meta name=\"twitter:data2\" content=\"4 minutes\" \/>\n<script type=\"application\/ld+json\" class=\"yoast-schema-graph\">{\"@context\":\"https:\/\/schema.org\",\"@graph\":[{\"@type\":\"Article\",\"@id\":\"https:\/\/www.greenpeace.org\/luxembourg\/fr\/communiques-de-presse\/1329\/il-ny-a-pas-de-planete-b-mobiliser-la-place-financiere-du-luxembourg-pour-la-protection-du-climat\/#article\",\"isPartOf\":{\"@id\":\"https:\/\/www.greenpeace.org\/luxembourg\/fr\/communiques-de-presse\/1329\/il-ny-a-pas-de-planete-b-mobiliser-la-place-financiere-du-luxembourg-pour-la-protection-du-climat\/\"},\"author\":{\"name\":\"Ana\u00efs Hector\",\"@id\":\"https:\/\/www.greenpeace.org\/luxembourg\/fr\/#\/schema\/person\/c47954bbbea84ee4bf6f1f3f5812774b\"},\"headline\":\"Il n\u2019y a pas de plan\u00e8te B: mobiliser la place financi\u00e8re du Luxembourg pour la protection du climat\",\"datePublished\":\"2018-09-18T06:58:47+00:00\",\"dateModified\":\"2026-03-12T16:04:52+00:00\",\"mainEntityOfPage\":{\"@id\":\"https:\/\/www.greenpeace.org\/luxembourg\/fr\/communiques-de-presse\/1329\/il-ny-a-pas-de-planete-b-mobiliser-la-place-financiere-du-luxembourg-pour-la-protection-du-climat\/\"},\"wordCount\":796,\"publisher\":{\"@id\":\"https:\/\/www.greenpeace.org\/luxembourg\/fr\/#organization\"},\"image\":{\"@id\":\"https:\/\/www.greenpeace.org\/luxembourg\/fr\/communiques-de-presse\/1329\/il-ny-a-pas-de-planete-b-mobiliser-la-place-financiere-du-luxembourg-pour-la-protection-du-climat\/#primaryimage\"},\"thumbnailUrl\":\"https:\/\/www.greenpeace.org\/static\/planet4-luxembourg-stateless\/2018\/09\/23b0b008-greenpeace_kirchberg_18092018_1-1.jpg\",\"keywords\":[\"EnergiesFossiles\",\"ChangementClimatique\",\"SecteurFinancier\"],\"articleSection\":[\"Climat\"],\"inLanguage\":\"fr-LU\"},{\"@type\":\"WebPage\",\"@id\":\"https:\/\/www.greenpeace.org\/luxembourg\/fr\/communiques-de-presse\/1329\/il-ny-a-pas-de-planete-b-mobiliser-la-place-financiere-du-luxembourg-pour-la-protection-du-climat\/\",\"url\":\"https:\/\/www.greenpeace.org\/luxembourg\/fr\/communiques-de-presse\/1329\/il-ny-a-pas-de-planete-b-mobiliser-la-place-financiere-du-luxembourg-pour-la-protection-du-climat\/\",\"name\":\"Mobiliser la place financi\u00e8re Luxembourg pour prot\u00e9ger le climat\",\"isPartOf\":{\"@id\":\"https:\/\/www.greenpeace.org\/luxembourg\/fr\/#website\"},\"primaryImageOfPage\":{\"@id\":\"https:\/\/www.greenpeace.org\/luxembourg\/fr\/communiques-de-presse\/1329\/il-ny-a-pas-de-planete-b-mobiliser-la-place-financiere-du-luxembourg-pour-la-protection-du-climat\/#primaryimage\"},\"image\":{\"@id\":\"https:\/\/www.greenpeace.org\/luxembourg\/fr\/communiques-de-presse\/1329\/il-ny-a-pas-de-planete-b-mobiliser-la-place-financiere-du-luxembourg-pour-la-protection-du-climat\/#primaryimage\"},\"thumbnailUrl\":\"https:\/\/www.greenpeace.org\/static\/planet4-luxembourg-stateless\/2018\/09\/23b0b008-greenpeace_kirchberg_18092018_1-1.jpg\",\"datePublished\":\"2018-09-18T06:58:47+00:00\",\"dateModified\":\"2026-03-12T16:04:52+00:00\",\"description\":\"Greenpeace Luxembourg inaugure son bureau pour l'action climatique au c\u0153ur du quartier financier de Luxembourg-Kirchberg.\",\"breadcrumb\":{\"@id\":\"https:\/\/www.greenpeace.org\/luxembourg\/fr\/communiques-de-presse\/1329\/il-ny-a-pas-de-planete-b-mobiliser-la-place-financiere-du-luxembourg-pour-la-protection-du-climat\/#breadcrumb\"},\"inLanguage\":\"fr-LU\",\"potentialAction\":[{\"@type\":\"ReadAction\",\"target\":[\"https:\/\/www.greenpeace.org\/luxembourg\/fr\/communiques-de-presse\/1329\/il-ny-a-pas-de-planete-b-mobiliser-la-place-financiere-du-luxembourg-pour-la-protection-du-climat\/\"]}]},{\"@type\":\"ImageObject\",\"inLanguage\":\"fr-LU\",\"@id\":\"https:\/\/www.greenpeace.org\/luxembourg\/fr\/communiques-de-presse\/1329\/il-ny-a-pas-de-planete-b-mobiliser-la-place-financiere-du-luxembourg-pour-la-protection-du-climat\/#primaryimage\",\"url\":\"https:\/\/www.greenpeace.org\/static\/planet4-luxembourg-stateless\/2018\/09\/23b0b008-greenpeace_kirchberg_18092018_1-1.jpg\",\"contentUrl\":\"https:\/\/www.greenpeace.org\/static\/planet4-luxembourg-stateless\/2018\/09\/23b0b008-greenpeace_kirchberg_18092018_1-1.jpg\",\"width\":3968,\"height\":2976,\"caption\":\"La Tour Eiffel sur la place du funiculaire au Kirchberg\"},{\"@type\":\"BreadcrumbList\",\"@id\":\"https:\/\/www.greenpeace.org\/luxembourg\/fr\/communiques-de-presse\/1329\/il-ny-a-pas-de-planete-b-mobiliser-la-place-financiere-du-luxembourg-pour-la-protection-du-climat\/#breadcrumb\",\"itemListElement\":[{\"@type\":\"ListItem\",\"position\":1,\"name\":\"Home\",\"item\":\"https:\/\/www.greenpeace.org\/luxembourg\/fr\/\"},{\"@type\":\"ListItem\",\"position\":2,\"name\":\"Il n\u2019y a pas de plan\u00e8te B: mobiliser la place financi\u00e8re du Luxembourg pour la protection du climat\"}]},{\"@type\":\"WebSite\",\"@id\":\"https:\/\/www.greenpeace.org\/luxembourg\/fr\/#website\",\"url\":\"https:\/\/www.greenpeace.org\/luxembourg\/fr\/\",\"name\":\"Greenpeace Luxembourg\",\"description\":\"Greenpeace existe parce que cette Terre fragile a besoin d&#039;une voix. Elle a besoin de solutions. De changement. D&#039;actions.\",\"publisher\":{\"@id\":\"https:\/\/www.greenpeace.org\/luxembourg\/fr\/#organization\"},\"potentialAction\":[{\"@type\":\"SearchAction\",\"target\":{\"@type\":\"EntryPoint\",\"urlTemplate\":\"https:\/\/www.greenpeace.org\/luxembourg\/fr\/?s={search_term_string}\"},\"query-input\":{\"@type\":\"PropertyValueSpecification\",\"valueRequired\":true,\"valueName\":\"search_term_string\"}}],\"inLanguage\":\"fr-LU\"},{\"@type\":\"Organization\",\"@id\":\"https:\/\/www.greenpeace.org\/luxembourg\/fr\/#organization\",\"name\":\"Greenpeace Luxembourg\",\"url\":\"https:\/\/www.greenpeace.org\/luxembourg\/fr\/\",\"logo\":{\"@type\":\"ImageObject\",\"inLanguage\":\"fr-LU\",\"@id\":\"https:\/\/www.greenpeace.org\/luxembourg\/fr\/#\/schema\/logo\/image\/\",\"url\":\"https:\/\/www.greenpeace.org\/static\/planet4-luxembourg-stateless\/2026\/03\/3e367f94-greenpeace_logo_green_rgb.png\",\"contentUrl\":\"https:\/\/www.greenpeace.org\/static\/planet4-luxembourg-stateless\/2026\/03\/3e367f94-greenpeace_logo_green_rgb.png\",\"width\":1080,\"height\":175,\"caption\":\"Greenpeace Luxembourg\"},\"image\":{\"@id\":\"https:\/\/www.greenpeace.org\/luxembourg\/fr\/#\/schema\/logo\/image\/\"},\"sameAs\":[\"https:\/\/www.facebook.com\/greenpeaceluxembourg\",\"https:\/\/www.instagram.com\/greenpeacelux\/\",\"https:\/\/www.linkedin.com\/company\/greenpeace-luxembourg\/\",\"https:\/\/www.threads.com\/@greenpeacelux\",\"https:\/\/bsky.app\/profile\/greenpeacelux.bsky.social\",\"https:\/\/www.youtube.com\/@GreenpeaceLux\",\"https:\/\/www.tiktok.com\/@greenpeace_lux\"]},{\"@type\":\"Person\",\"@id\":\"https:\/\/www.greenpeace.org\/luxembourg\/fr\/#\/schema\/person\/c47954bbbea84ee4bf6f1f3f5812774b\",\"name\":\"Ana\u00efs Hector\",\"url\":\"https:\/\/www.greenpeace.org\/luxembourg\/fr\/author\/ahector\/\"}]}<\/script>\n<!-- \/ Yoast SEO Premium plugin. -->","yoast_head_json":{"title":"Mobiliser la place financi\u00e8re Luxembourg pour prot\u00e9ger le climat","description":"Greenpeace Luxembourg inaugure son bureau pour l'action climatique au c\u0153ur du quartier financier de Luxembourg-Kirchberg.","robots":{"index":"index","follow":"follow","max-snippet":"max-snippet:-1","max-image-preview":"max-image-preview:large","max-video-preview":"max-video-preview:-1"},"canonical":"https:\/\/www.greenpeace.org\/luxembourg\/fr\/communiques-de-presse\/1329\/il-ny-a-pas-de-planete-b-mobiliser-la-place-financiere-du-luxembourg-pour-la-protection-du-climat\/","og_locale":"fr_FR","og_type":"article","og_title":"Il n\u2019y a pas de plan\u00e8te B: mobiliser la place financi\u00e8re du Luxembourg pour la protection du climat","og_description":"Greenpeace Luxembourg inaugure son bureau pour l'action climatique au c\u0153ur du quartier financier de Luxembourg-Kirchberg.","og_url":"https:\/\/www.greenpeace.org\/luxembourg\/fr\/communiques-de-presse\/1329\/il-ny-a-pas-de-planete-b-mobiliser-la-place-financiere-du-luxembourg-pour-la-protection-du-climat\/","og_site_name":"Greenpeace Luxembourg","article_publisher":"https:\/\/www.facebook.com\/greenpeaceluxembourg","article_published_time":"2018-09-18T06:58:47+00:00","article_modified_time":"2026-03-12T16:04:52+00:00","og_image":[{"width":3968,"height":2976,"url":"https:\/\/www.greenpeace.org\/static\/planet4-luxembourg-stateless\/2018\/09\/23b0b008-greenpeace_kirchberg_18092018_1-1.jpg","type":"image\/jpeg"}],"author":"Ana\u00efs Hector","twitter_card":"summary_large_image","twitter_misc":{"Written by":"Ana\u00efs Hector","Est. reading time":"4 minutes"},"schema":{"@context":"https:\/\/schema.org","@graph":[{"@type":"Article","@id":"https:\/\/www.greenpeace.org\/luxembourg\/fr\/communiques-de-presse\/1329\/il-ny-a-pas-de-planete-b-mobiliser-la-place-financiere-du-luxembourg-pour-la-protection-du-climat\/#article","isPartOf":{"@id":"https:\/\/www.greenpeace.org\/luxembourg\/fr\/communiques-de-presse\/1329\/il-ny-a-pas-de-planete-b-mobiliser-la-place-financiere-du-luxembourg-pour-la-protection-du-climat\/"},"author":{"name":"Ana\u00efs Hector","@id":"https:\/\/www.greenpeace.org\/luxembourg\/fr\/#\/schema\/person\/c47954bbbea84ee4bf6f1f3f5812774b"},"headline":"Il n\u2019y a pas de plan\u00e8te B: mobiliser la place financi\u00e8re du Luxembourg pour la protection du climat","datePublished":"2018-09-18T06:58:47+00:00","dateModified":"2026-03-12T16:04:52+00:00","mainEntityOfPage":{"@id":"https:\/\/www.greenpeace.org\/luxembourg\/fr\/communiques-de-presse\/1329\/il-ny-a-pas-de-planete-b-mobiliser-la-place-financiere-du-luxembourg-pour-la-protection-du-climat\/"},"wordCount":796,"publisher":{"@id":"https:\/\/www.greenpeace.org\/luxembourg\/fr\/#organization"},"image":{"@id":"https:\/\/www.greenpeace.org\/luxembourg\/fr\/communiques-de-presse\/1329\/il-ny-a-pas-de-planete-b-mobiliser-la-place-financiere-du-luxembourg-pour-la-protection-du-climat\/#primaryimage"},"thumbnailUrl":"https:\/\/www.greenpeace.org\/static\/planet4-luxembourg-stateless\/2018\/09\/23b0b008-greenpeace_kirchberg_18092018_1-1.jpg","keywords":["EnergiesFossiles","ChangementClimatique","SecteurFinancier"],"articleSection":["Climat"],"inLanguage":"fr-LU"},{"@type":"WebPage","@id":"https:\/\/www.greenpeace.org\/luxembourg\/fr\/communiques-de-presse\/1329\/il-ny-a-pas-de-planete-b-mobiliser-la-place-financiere-du-luxembourg-pour-la-protection-du-climat\/","url":"https:\/\/www.greenpeace.org\/luxembourg\/fr\/communiques-de-presse\/1329\/il-ny-a-pas-de-planete-b-mobiliser-la-place-financiere-du-luxembourg-pour-la-protection-du-climat\/","name":"Mobiliser la place financi\u00e8re Luxembourg pour prot\u00e9ger le climat","isPartOf":{"@id":"https:\/\/www.greenpeace.org\/luxembourg\/fr\/#website"},"primaryImageOfPage":{"@id":"https:\/\/www.greenpeace.org\/luxembourg\/fr\/communiques-de-presse\/1329\/il-ny-a-pas-de-planete-b-mobiliser-la-place-financiere-du-luxembourg-pour-la-protection-du-climat\/#primaryimage"},"image":{"@id":"https:\/\/www.greenpeace.org\/luxembourg\/fr\/communiques-de-presse\/1329\/il-ny-a-pas-de-planete-b-mobiliser-la-place-financiere-du-luxembourg-pour-la-protection-du-climat\/#primaryimage"},"thumbnailUrl":"https:\/\/www.greenpeace.org\/static\/planet4-luxembourg-stateless\/2018\/09\/23b0b008-greenpeace_kirchberg_18092018_1-1.jpg","datePublished":"2018-09-18T06:58:47+00:00","dateModified":"2026-03-12T16:04:52+00:00","description":"Greenpeace Luxembourg inaugure son bureau pour l'action climatique au c\u0153ur du quartier financier de Luxembourg-Kirchberg.","breadcrumb":{"@id":"https:\/\/www.greenpeace.org\/luxembourg\/fr\/communiques-de-presse\/1329\/il-ny-a-pas-de-planete-b-mobiliser-la-place-financiere-du-luxembourg-pour-la-protection-du-climat\/#breadcrumb"},"inLanguage":"fr-LU","potentialAction":[{"@type":"ReadAction","target":["https:\/\/www.greenpeace.org\/luxembourg\/fr\/communiques-de-presse\/1329\/il-ny-a-pas-de-planete-b-mobiliser-la-place-financiere-du-luxembourg-pour-la-protection-du-climat\/"]}]},{"@type":"ImageObject","inLanguage":"fr-LU","@id":"https:\/\/www.greenpeace.org\/luxembourg\/fr\/communiques-de-presse\/1329\/il-ny-a-pas-de-planete-b-mobiliser-la-place-financiere-du-luxembourg-pour-la-protection-du-climat\/#primaryimage","url":"https:\/\/www.greenpeace.org\/static\/planet4-luxembourg-stateless\/2018\/09\/23b0b008-greenpeace_kirchberg_18092018_1-1.jpg","contentUrl":"https:\/\/www.greenpeace.org\/static\/planet4-luxembourg-stateless\/2018\/09\/23b0b008-greenpeace_kirchberg_18092018_1-1.jpg","width":3968,"height":2976,"caption":"La Tour Eiffel sur la place du funiculaire au Kirchberg"},{"@type":"BreadcrumbList","@id":"https:\/\/www.greenpeace.org\/luxembourg\/fr\/communiques-de-presse\/1329\/il-ny-a-pas-de-planete-b-mobiliser-la-place-financiere-du-luxembourg-pour-la-protection-du-climat\/#breadcrumb","itemListElement":[{"@type":"ListItem","position":1,"name":"Home","item":"https:\/\/www.greenpeace.org\/luxembourg\/fr\/"},{"@type":"ListItem","position":2,"name":"Il n\u2019y a pas de plan\u00e8te B: mobiliser la place financi\u00e8re du Luxembourg pour la protection du climat"}]},{"@type":"WebSite","@id":"https:\/\/www.greenpeace.org\/luxembourg\/fr\/#website","url":"https:\/\/www.greenpeace.org\/luxembourg\/fr\/","name":"Greenpeace Luxembourg","description":"Greenpeace existe parce que cette Terre fragile a besoin d&#039;une voix. Elle a besoin de solutions. De changement. D&#039;actions.","publisher":{"@id":"https:\/\/www.greenpeace.org\/luxembourg\/fr\/#organization"},"potentialAction":[{"@type":"SearchAction","target":{"@type":"EntryPoint","urlTemplate":"https:\/\/www.greenpeace.org\/luxembourg\/fr\/?s={search_term_string}"},"query-input":{"@type":"PropertyValueSpecification","valueRequired":true,"valueName":"search_term_string"}}],"inLanguage":"fr-LU"},{"@type":"Organization","@id":"https:\/\/www.greenpeace.org\/luxembourg\/fr\/#organization","name":"Greenpeace Luxembourg","url":"https:\/\/www.greenpeace.org\/luxembourg\/fr\/","logo":{"@type":"ImageObject","inLanguage":"fr-LU","@id":"https:\/\/www.greenpeace.org\/luxembourg\/fr\/#\/schema\/logo\/image\/","url":"https:\/\/www.greenpeace.org\/static\/planet4-luxembourg-stateless\/2026\/03\/3e367f94-greenpeace_logo_green_rgb.png","contentUrl":"https:\/\/www.greenpeace.org\/static\/planet4-luxembourg-stateless\/2026\/03\/3e367f94-greenpeace_logo_green_rgb.png","width":1080,"height":175,"caption":"Greenpeace Luxembourg"},"image":{"@id":"https:\/\/www.greenpeace.org\/luxembourg\/fr\/#\/schema\/logo\/image\/"},"sameAs":["https:\/\/www.facebook.com\/greenpeaceluxembourg","https:\/\/www.instagram.com\/greenpeacelux\/","https:\/\/www.linkedin.com\/company\/greenpeace-luxembourg\/","https:\/\/www.threads.com\/@greenpeacelux","https:\/\/bsky.app\/profile\/greenpeacelux.bsky.social","https:\/\/www.youtube.com\/@GreenpeaceLux","https:\/\/www.tiktok.com\/@greenpeace_lux"]},{"@type":"Person","@id":"https:\/\/www.greenpeace.org\/luxembourg\/fr\/#\/schema\/person\/c47954bbbea84ee4bf6f1f3f5812774b","name":"Ana\u00efs Hector","url":"https:\/\/www.greenpeace.org\/luxembourg\/fr\/author\/ahector\/"}]}},"_links":{"self":[{"href":"https:\/\/www.greenpeace.org\/luxembourg\/fr\/wp-json\/wp\/v2\/posts\/1329","targetHints":{"allow":["GET"]}}],"collection":[{"href":"https:\/\/www.greenpeace.org\/luxembourg\/fr\/wp-json\/wp\/v2\/posts"}],"about":[{"href":"https:\/\/www.greenpeace.org\/luxembourg\/fr\/wp-json\/wp\/v2\/types\/post"}],"author":[{"embeddable":true,"href":"https:\/\/www.greenpeace.org\/luxembourg\/fr\/wp-json\/wp\/v2\/users\/16"}],"replies":[{"embeddable":true,"href":"https:\/\/www.greenpeace.org\/luxembourg\/fr\/wp-json\/wp\/v2\/comments?post=1329"}],"version-history":[{"count":12,"href":"https:\/\/www.greenpeace.org\/luxembourg\/fr\/wp-json\/wp\/v2\/posts\/1329\/revisions"}],"predecessor-version":[{"id":27521,"href":"https:\/\/www.greenpeace.org\/luxembourg\/fr\/wp-json\/wp\/v2\/posts\/1329\/revisions\/27521"}],"wp:featuredmedia":[{"embeddable":true,"href":"https:\/\/www.greenpeace.org\/luxembourg\/fr\/wp-json\/wp\/v2\/media\/1239"}],"wp:attachment":[{"href":"https:\/\/www.greenpeace.org\/luxembourg\/fr\/wp-json\/wp\/v2\/media?parent=1329"}],"wp:term":[{"taxonomy":"category","embeddable":true,"href":"https:\/\/www.greenpeace.org\/luxembourg\/fr\/wp-json\/wp\/v2\/categories?post=1329"},{"taxonomy":"post_tag","embeddable":true,"href":"https:\/\/www.greenpeace.org\/luxembourg\/fr\/wp-json\/wp\/v2\/tags?post=1329"},{"taxonomy":"p4-page-type","embeddable":true,"href":"https:\/\/www.greenpeace.org\/luxembourg\/fr\/wp-json\/wp\/v2\/p4-page-type?post=1329"}],"curies":[{"name":"wp","href":"https:\/\/api.w.org\/{rel}","templated":true}]}}