{"id":13366,"date":"2022-01-05T09:49:11","date_gmt":"2022-01-05T07:49:11","guid":{"rendered":"https:\/\/www.greenpeace.org\/luxembourg\/?p=13366"},"modified":"2022-01-05T09:49:14","modified_gmt":"2022-01-05T07:49:14","slug":"3-resolutions-a-tenir-facilement-en-2022","status":"publish","type":"post","link":"https:\/\/www.greenpeace.org\/luxembourg\/fr\/actualites\/13366\/3-resolutions-a-tenir-facilement-en-2022\/","title":{"rendered":"3 r\u00e9solutions \u00e0 tenir facilement en 2022 !"},"content":{"rendered":"\n<p><strong>En 2021, notre vie s\u2019est encore un peu suspendue. Nous nous sommes concentr\u00e9s sur l\u2019essentiel et nous sommes rest\u00e9s davantage \u00e0 la maison. En 2022, nous esp\u00e9rons toutes et tous que le covid nous impactera moins, qu\u2019il nous autorisera petit \u00e0 petit \u00e0 reprendre une vie plus \u201cnormale\u201d. Mais que voulons-nous au juste ? Et si, d\u00e8s ce mois de janvier, on prenait quelques bonnes r\u00e9solutions pour \u00e9viter de tomber dans les travers de l\u2019avant covid ? C\u2019est parti !\u00a0<\/strong><\/p>\n\n<h2 class=\"wp-block-heading\">R\u00e9solution 1 : je me d\u00e9place autrement<\/h2>\n\n<figure class=\"wp-block-image size-full\"><img loading=\"lazy\" decoding=\"async\" width=\"999\" height=\"663\" src=\"https:\/\/www.greenpeace.org\/static\/planet4-luxembourg-stateless\/2021\/12\/0cf06d4d-cycling2.jpeg\" alt=\"\" class=\"wp-image-13367\" srcset=\"https:\/\/www.greenpeace.org\/static\/planet4-luxembourg-stateless\/2021\/12\/0cf06d4d-cycling2.jpeg 999w, https:\/\/www.greenpeace.org\/static\/planet4-luxembourg-stateless\/2021\/12\/0cf06d4d-cycling2-300x199.jpeg 300w, https:\/\/www.greenpeace.org\/static\/planet4-luxembourg-stateless\/2021\/12\/0cf06d4d-cycling2-768x510.jpeg 768w, https:\/\/www.greenpeace.org\/static\/planet4-luxembourg-stateless\/2021\/12\/0cf06d4d-cycling2-510x338.jpeg 510w\" sizes=\"auto, (max-width: 999px) 100vw, 999px\" \/><\/figure>\n\n<p><strong>A. Je n\u2019utilise pas ma voiture pour les petits trajets&nbsp;<\/strong><\/p>\n\n<p>Trop souvent nous utilisons notre voiture pour les petits trajets. Nos voisins en Belgique par exemple utilisent presque une fois sur deux la voiture pour des trajets de moins de deux kilom\u00e8tres (source :&nbsp;<a href=\"https:\/\/www.ecoconso.be\/fr\/Mieux-utiliser-sa-voiture\">ecoconso.be)<\/a>. C\u2019est marrant non ? Le v\u00e9lo, les transports en commun et vos pieds sont tellement mieux adapt\u00e9s aux distances courtes ! C\u2019est moins polluant, moins cher et meilleur pour la sant\u00e9.<\/p>\n\n<p><strong>B. J\u2019optimise les d\u00e9placements en voiture quand ils sont n\u00e9cessaires<\/strong><\/p>\n\n<p>S\u2019il n\u2019est pas possible de se passer de voiture pour un trajet r\u00e9gulier, optimisez-le : rendez-le moins fr\u00e9quent et faites par exemple vos courses maximum une fois par semaine.&nbsp;<\/p>\n\n<p><strong>C. J\u2019\u00e9tudie les autres options que l\u2019avion pour mes voyages<\/strong><\/p>\n\n<p>M\u00eame si les voyages sont encore soumis \u00e0 quelques contraintes, je r\u00e9siste \u00e0 l\u2019appel des compagnies a\u00e9riennes et j\u2019opte pour le voyage en train (de jour ou de nuit) qui pollue dix fois moins qu\u2019un avion. Et puis, pas besoin de parcourir des milliers de kilom\u00e8tres pour se sentir d\u00e9pays\u00e9 ! Un petit s\u00e9jour \u00e0 la c\u00f4te belge, dans la Normandie ou l&#8217;Eifel en vaut vraiment la peine !<\/p>\n\n<h2 class=\"wp-block-heading\">R\u00e9solution 2 : je consomme autrement<\/h2>\n\n<figure class=\"wp-block-image size-full\"><img loading=\"lazy\" decoding=\"async\" width=\"999\" height=\"663\" src=\"https:\/\/www.greenpeace.org\/static\/planet4-luxembourg-stateless\/2021\/12\/5b2cccbf-christmas_bag.jpeg\" alt=\"\" class=\"wp-image-13369\" srcset=\"https:\/\/www.greenpeace.org\/static\/planet4-luxembourg-stateless\/2021\/12\/5b2cccbf-christmas_bag.jpeg 999w, https:\/\/www.greenpeace.org\/static\/planet4-luxembourg-stateless\/2021\/12\/5b2cccbf-christmas_bag-300x199.jpeg 300w, https:\/\/www.greenpeace.org\/static\/planet4-luxembourg-stateless\/2021\/12\/5b2cccbf-christmas_bag-768x510.jpeg 768w, https:\/\/www.greenpeace.org\/static\/planet4-luxembourg-stateless\/2021\/12\/5b2cccbf-christmas_bag-510x338.jpeg 510w\" sizes=\"auto, (max-width: 999px) 100vw, 999px\" \/><\/figure>\n\n<p><strong>A. Je privil\u00e9gie les achats en vrac<\/strong><\/p>\n\n<p>Avant de r\u00e9ussir \u00e0 atteindre le z\u00e9ro d\u00e9chet, nous vous proposons d\u00e9j\u00e0 de privil\u00e9gier les achats en vrac pour l\u2019alimentation s\u00e8che (l\u00e9gumes, fruits secs, p\u00e2tes, riz\u2026). Les enseignes proposant du vrac sont de plus en plus nombreuses et il y en a sans doute une pr\u00e8s de chez vous !<\/p>\n\n<p><strong>B. J\u2019ach\u00e8te d\u2019occasion avant de me tourner vers le neuf<\/strong><\/p>\n\n<p>Votre grille-pain vient de l\u00e2cher ? Avant de le jeter, essayez de le r\u00e9parer ou de confier la t\u00e2che \u00e0 quelqu\u2019un. Ensuite, ne vous pr\u00e9cipitez pas dans votre supermarch\u00e9 mais faites d\u2019abord un tour des petites annonces proposant de l\u2019occasion sur les sites d\u00e9di\u00e9s ou sur vos r\u00e9seaux sociaux ! Et n\u2019h\u00e9sitez pas \u00e0 vous habiller en seconde main !&nbsp;<\/p>\n\n<p><strong>C. Je fabrique un maximum de cadeaux moi-m\u00eame<\/strong><\/p>\n\n<p>Que ce soit \u00e0 partir de mat\u00e9riaux r\u00e9cup\u00e9r\u00e9s ou d\u2019\u00e9l\u00e9ments simples, les cadeaux faits main sont souvent bien plus personnalis\u00e9s et appr\u00e9ci\u00e9s car vous y avez consacr\u00e9 du temps ! Il y a m\u00eame des chances que vous appreniez de nouvelles techniques au passage.<\/p>\n\n<h2 class=\"wp-block-heading\">R\u00e9solution 3 : je fais des \u00e9conomies d\u2019\u00e9lectricit\u00e9 chez moi<\/h2>\n\n<figure class=\"wp-block-image size-full\"><img loading=\"lazy\" decoding=\"async\" width=\"999\" height=\"663\" src=\"https:\/\/www.greenpeace.org\/static\/planet4-luxembourg-stateless\/2021\/12\/28662b50-heat_wave_1.jpeg\" alt=\"\" class=\"wp-image-13371\" srcset=\"https:\/\/www.greenpeace.org\/static\/planet4-luxembourg-stateless\/2021\/12\/28662b50-heat_wave_1.jpeg 999w, https:\/\/www.greenpeace.org\/static\/planet4-luxembourg-stateless\/2021\/12\/28662b50-heat_wave_1-300x199.jpeg 300w, https:\/\/www.greenpeace.org\/static\/planet4-luxembourg-stateless\/2021\/12\/28662b50-heat_wave_1-768x510.jpeg 768w, https:\/\/www.greenpeace.org\/static\/planet4-luxembourg-stateless\/2021\/12\/28662b50-heat_wave_1-510x338.jpeg 510w\" sizes=\"auto, (max-width: 999px) 100vw, 999px\" \/><\/figure>\n\n<p><strong>A. J&#8217;\u00e9conomise de l&#8217;\u00e9nergie au quotidien<\/strong><\/p>\n\n<p>Parce qu\u2019il n\u2019y a pas de petites \u00e9conomies d\u2019\u00e9nergies, cette ann\u00e9e, je passe enti\u00e8rement \u00e0 l\u2019\u00e9clairage led,&nbsp; j\u2019\u00e9quipe ma douche d\u2019un pommeau \u00e9conomique en eau, je ne chauffe pas mon habitation au-del\u00e0 de 19\u00b0C. J\u2019ai un peu froid ? J\u2019enfile un pull bien chaud.&nbsp;<\/p>\n\n<p><strong>B. Je passe \u00e0 l\u2019\u00e9lectricit\u00e9 verte<\/strong><\/p>\n\n<p>Ces fournisseurs sont plus nombreux qu\u2019il n\u2019y para\u00eet et sont aussi accessibles que les autres. Renseignez-vous et investissez dans l&#8217;\u00e9lectricit\u00e9 verte regionale \u00e0 partir d&#8217;\u00e9nergie solaire, \u00e9olienne et hydro. <\/p>\n\n<p><strong>C. J\u2019envisage des travaux pour r\u00e9duire ma consommation d\u2019\u00e9nergie<\/strong><\/p>\n\n<p>D\u00e9finissez le poste qui n\u00e9cessite un changement prioritaire (isolation, chauffage\u2026) en faisant faire un audit \u00e9nerg\u00e9tique si n\u00e9cessaire. Renseignez-vous sur les co\u00fbts et les aides disponibles au Luxembourg pour inclure ces d\u00e9penses dans votre budget \u00e0 moyen\/long terme.<\/p>\n\n<p>Un petit (ou plusieurs !) pas pour vous, un grand pas pour la plan\u00e8te !<\/p>\n\n<hr class=\"wp-block-separator has-text-color has-background has-grey-600-background-color has-grey-600-color is-style-wide\"\/>\n\n<p><a href=\"https:\/\/www.greenpeace.org\/belgium\/fr\/blog\/19721\/3-resolutions-a-tenir-facilement-en-2021\/?utm_campaign=general&amp;utm_source=facebook.com&amp;utm_medium=post&amp;fbclid=IwAR3JUo0yyJ5fVaeCbcJZBEDWgL9lH6kNmKjNJjza-L4WorhNqNpIsv2HDf4\">Source article<\/a> : Greenpeace Belgique <\/p>\n","protected":false},"excerpt":{"rendered":"<p>En 2021, notre vie s\u2019est un peu suspendue. Nous nous sommes concentr\u00e9s sur l\u2019essentiel et nous sommes rest\u00e9s davantage \u00e0 la maison. En 2022, nous esp\u00e9rons toutes et tous que&hellip;<\/p>\n","protected":false},"author":25,"featured_media":13373,"comment_status":"closed","ping_status":"closed","sticky":false,"template":"","format":"standard","meta":{"ep_exclude_from_search":false,"p4_og_title":"","p4_og_description":"","p4_og_image":"","p4_og_image_id":"","p4_seo_canonical_url":"","p4_campaign_name":"not set","p4_local_project":"not set","p4_basket_name":"not set","p4_department":"","footnotes":""},"categories":[42],"tags":[34],"p4-page-type":[85],"class_list":["post-13366","post","type-post","status-publish","format-standard","has-post-thumbnail","hentry","category-energie","tag-energiesolaire","p4-page-type-actualites"],"yoast_head":"<!-- This site is optimized with the Yoast SEO Premium plugin v23.9 (Yoast SEO v23.9) - https:\/\/yoast.com\/wordpress\/plugins\/seo\/ -->\n<title>3 r\u00e9solutions \u00e0 tenir facilement en 2022 ! - Greenpeace Luxembourg<\/title>\n<meta name=\"robots\" content=\"index, follow, max-snippet:-1, max-image-preview:large, max-video-preview:-1\" \/>\n<link rel=\"canonical\" href=\"https:\/\/www.greenpeace.org\/luxembourg\/fr\/actualites\/13366\/3-resolutions-a-tenir-facilement-en-2022\/\" \/>\n<meta property=\"og:locale\" content=\"fr_FR\" \/>\n<meta property=\"og:type\" content=\"article\" \/>\n<meta property=\"og:title\" content=\"3 r\u00e9solutions \u00e0 tenir facilement en 2022 !\" \/>\n<meta property=\"og:description\" content=\"En 2021, notre vie s\u2019est un peu suspendue. Nous nous sommes concentr\u00e9s sur l\u2019essentiel et nous sommes rest\u00e9s davantage \u00e0 la maison. En 2022, nous esp\u00e9rons toutes et tous que&hellip;\" \/>\n<meta property=\"og:url\" content=\"https:\/\/www.greenpeace.org\/luxembourg\/fr\/actualites\/13366\/3-resolutions-a-tenir-facilement-en-2022\/\" \/>\n<meta property=\"og:site_name\" content=\"Greenpeace Luxembourg\" \/>\n<meta property=\"article:publisher\" content=\"https:\/\/www.facebook.com\/greenpeaceluxembourg\" \/>\n<meta property=\"article:published_time\" content=\"2022-01-05T07:49:11+00:00\" \/>\n<meta property=\"article:modified_time\" content=\"2022-01-05T07:49:14+00:00\" \/>\n<meta property=\"og:image\" content=\"https:\/\/www.greenpeace.org\/static\/planet4-luxembourg-stateless\/2021\/12\/5a210464-gp1swd7c_web_size.jpg\" \/>\n\t<meta property=\"og:image:width\" content=\"800\" \/>\n\t<meta property=\"og:image:height\" content=\"450\" \/>\n\t<meta property=\"og:image:type\" content=\"image\/jpeg\" \/>\n<meta name=\"author\" content=\"Esther Wildanger\" \/>\n<meta name=\"twitter:card\" content=\"summary_large_image\" \/>\n<meta name=\"twitter:label1\" content=\"Written by\" \/>\n\t<meta name=\"twitter:data1\" content=\"Esther Wildanger\" \/>\n\t<meta name=\"twitter:label2\" content=\"Est. reading time\" \/>\n\t<meta name=\"twitter:data2\" content=\"4 minutes\" \/>\n<script type=\"application\/ld+json\" class=\"yoast-schema-graph\">{\"@context\":\"https:\/\/schema.org\",\"@graph\":[{\"@type\":\"Article\",\"@id\":\"https:\/\/www.greenpeace.org\/luxembourg\/fr\/actualites\/13366\/3-resolutions-a-tenir-facilement-en-2022\/#article\",\"isPartOf\":{\"@id\":\"https:\/\/www.greenpeace.org\/luxembourg\/fr\/actualites\/13366\/3-resolutions-a-tenir-facilement-en-2022\/\"},\"author\":{\"name\":\"Esther Wildanger\",\"@id\":\"https:\/\/www.greenpeace.org\/luxembourg\/fr\/#\/schema\/person\/3d0e81a859b59009fec36a8552ef76a7\"},\"headline\":\"3 r\u00e9solutions \u00e0 tenir facilement en 2022 !\",\"datePublished\":\"2022-01-05T07:49:11+00:00\",\"dateModified\":\"2022-01-05T07:49:14+00:00\",\"mainEntityOfPage\":{\"@id\":\"https:\/\/www.greenpeace.org\/luxembourg\/fr\/actualites\/13366\/3-resolutions-a-tenir-facilement-en-2022\/\"},\"wordCount\":707,\"publisher\":{\"@id\":\"https:\/\/www.greenpeace.org\/luxembourg\/fr\/#organization\"},\"image\":{\"@id\":\"https:\/\/www.greenpeace.org\/luxembourg\/fr\/actualites\/13366\/3-resolutions-a-tenir-facilement-en-2022\/#primaryimage\"},\"thumbnailUrl\":\"https:\/\/www.greenpeace.org\/static\/planet4-luxembourg-stateless\/2021\/12\/5a210464-gp1swd7c_web_size.jpg\",\"keywords\":[\"EnergieSolaire\"],\"articleSection\":[\"\u00c9nergie\"],\"inLanguage\":\"fr-LU\"},{\"@type\":\"WebPage\",\"@id\":\"https:\/\/www.greenpeace.org\/luxembourg\/fr\/actualites\/13366\/3-resolutions-a-tenir-facilement-en-2022\/\",\"url\":\"https:\/\/www.greenpeace.org\/luxembourg\/fr\/actualites\/13366\/3-resolutions-a-tenir-facilement-en-2022\/\",\"name\":\"3 r\u00e9solutions \u00e0 tenir facilement en 2022 ! - Greenpeace Luxembourg\",\"isPartOf\":{\"@id\":\"https:\/\/www.greenpeace.org\/luxembourg\/fr\/#website\"},\"primaryImageOfPage\":{\"@id\":\"https:\/\/www.greenpeace.org\/luxembourg\/fr\/actualites\/13366\/3-resolutions-a-tenir-facilement-en-2022\/#primaryimage\"},\"image\":{\"@id\":\"https:\/\/www.greenpeace.org\/luxembourg\/fr\/actualites\/13366\/3-resolutions-a-tenir-facilement-en-2022\/#primaryimage\"},\"thumbnailUrl\":\"https:\/\/www.greenpeace.org\/static\/planet4-luxembourg-stateless\/2021\/12\/5a210464-gp1swd7c_web_size.jpg\",\"datePublished\":\"2022-01-05T07:49:11+00:00\",\"dateModified\":\"2022-01-05T07:49:14+00:00\",\"breadcrumb\":{\"@id\":\"https:\/\/www.greenpeace.org\/luxembourg\/fr\/actualites\/13366\/3-resolutions-a-tenir-facilement-en-2022\/#breadcrumb\"},\"inLanguage\":\"fr-LU\",\"potentialAction\":[{\"@type\":\"ReadAction\",\"target\":[\"https:\/\/www.greenpeace.org\/luxembourg\/fr\/actualites\/13366\/3-resolutions-a-tenir-facilement-en-2022\/\"]}]},{\"@type\":\"ImageObject\",\"inLanguage\":\"fr-LU\",\"@id\":\"https:\/\/www.greenpeace.org\/luxembourg\/fr\/actualites\/13366\/3-resolutions-a-tenir-facilement-en-2022\/#primaryimage\",\"url\":\"https:\/\/www.greenpeace.org\/static\/planet4-luxembourg-stateless\/2021\/12\/5a210464-gp1swd7c_web_size.jpg\",\"contentUrl\":\"https:\/\/www.greenpeace.org\/static\/planet4-luxembourg-stateless\/2021\/12\/5a210464-gp1swd7c_web_size.jpg\",\"width\":800,\"height\":450,\"caption\":\"Artists and youth organizations join the mural painting activity, titled \\\"Pangarap hindi panaginip\\\", features puzzle pieces that symbolize Filipino communities\u2019 collaborative dream amid worsening impacts of the climate crisis, in Brgy Villamonte, Bacolod City.\"},{\"@type\":\"BreadcrumbList\",\"@id\":\"https:\/\/www.greenpeace.org\/luxembourg\/fr\/actualites\/13366\/3-resolutions-a-tenir-facilement-en-2022\/#breadcrumb\",\"itemListElement\":[{\"@type\":\"ListItem\",\"position\":1,\"name\":\"Home\",\"item\":\"https:\/\/www.greenpeace.org\/luxembourg\/fr\/\"},{\"@type\":\"ListItem\",\"position\":2,\"name\":\"3 r\u00e9solutions \u00e0 tenir facilement en 2022 !\"}]},{\"@type\":\"WebSite\",\"@id\":\"https:\/\/www.greenpeace.org\/luxembourg\/fr\/#website\",\"url\":\"https:\/\/www.greenpeace.org\/luxembourg\/fr\/\",\"name\":\"Greenpeace Luxembourg\",\"description\":\"Greenpeace existe parce que cette Terre fragile a besoin d&#039;une voix. Elle a besoin de solutions. De changement. D&#039;actions.\",\"publisher\":{\"@id\":\"https:\/\/www.greenpeace.org\/luxembourg\/fr\/#organization\"},\"potentialAction\":[{\"@type\":\"SearchAction\",\"target\":{\"@type\":\"EntryPoint\",\"urlTemplate\":\"https:\/\/www.greenpeace.org\/luxembourg\/fr\/?s={search_term_string}\"},\"query-input\":{\"@type\":\"PropertyValueSpecification\",\"valueRequired\":true,\"valueName\":\"search_term_string\"}}],\"inLanguage\":\"fr-LU\"},{\"@type\":\"Organization\",\"@id\":\"https:\/\/www.greenpeace.org\/luxembourg\/fr\/#organization\",\"name\":\"Greenpeace Luxembourg\",\"url\":\"https:\/\/www.greenpeace.org\/luxembourg\/fr\/\",\"logo\":{\"@type\":\"ImageObject\",\"inLanguage\":\"fr-LU\",\"@id\":\"https:\/\/www.greenpeace.org\/luxembourg\/fr\/#\/schema\/logo\/image\/\",\"url\":\"https:\/\/www.greenpeace.org\/static\/planet4-luxembourg-stateless\/2026\/03\/3e367f94-greenpeace_logo_green_rgb.png\",\"contentUrl\":\"https:\/\/www.greenpeace.org\/static\/planet4-luxembourg-stateless\/2026\/03\/3e367f94-greenpeace_logo_green_rgb.png\",\"width\":1080,\"height\":175,\"caption\":\"Greenpeace Luxembourg\"},\"image\":{\"@id\":\"https:\/\/www.greenpeace.org\/luxembourg\/fr\/#\/schema\/logo\/image\/\"},\"sameAs\":[\"https:\/\/www.facebook.com\/greenpeaceluxembourg\",\"https:\/\/www.instagram.com\/greenpeacelux\/\",\"https:\/\/www.linkedin.com\/company\/greenpeace-luxembourg\/\",\"https:\/\/www.threads.com\/@greenpeacelux\",\"https:\/\/bsky.app\/profile\/greenpeacelux.bsky.social\",\"https:\/\/www.youtube.com\/@GreenpeaceLux\",\"https:\/\/www.tiktok.com\/@greenpeace_lux\"]},{\"@type\":\"Person\",\"@id\":\"https:\/\/www.greenpeace.org\/luxembourg\/fr\/#\/schema\/person\/3d0e81a859b59009fec36a8552ef76a7\",\"name\":\"Esther Wildanger\",\"url\":\"https:\/\/www.greenpeace.org\/luxembourg\/fr\/author\/ewildang\/\"}]}<\/script>\n<!-- \/ Yoast SEO Premium plugin. -->","yoast_head_json":{"title":"3 r\u00e9solutions \u00e0 tenir facilement en 2022 ! - Greenpeace Luxembourg","robots":{"index":"index","follow":"follow","max-snippet":"max-snippet:-1","max-image-preview":"max-image-preview:large","max-video-preview":"max-video-preview:-1"},"canonical":"https:\/\/www.greenpeace.org\/luxembourg\/fr\/actualites\/13366\/3-resolutions-a-tenir-facilement-en-2022\/","og_locale":"fr_FR","og_type":"article","og_title":"3 r\u00e9solutions \u00e0 tenir facilement en 2022 !","og_description":"En 2021, notre vie s\u2019est un peu suspendue. Nous nous sommes concentr\u00e9s sur l\u2019essentiel et nous sommes rest\u00e9s davantage \u00e0 la maison. En 2022, nous esp\u00e9rons toutes et tous que&hellip;","og_url":"https:\/\/www.greenpeace.org\/luxembourg\/fr\/actualites\/13366\/3-resolutions-a-tenir-facilement-en-2022\/","og_site_name":"Greenpeace Luxembourg","article_publisher":"https:\/\/www.facebook.com\/greenpeaceluxembourg","article_published_time":"2022-01-05T07:49:11+00:00","article_modified_time":"2022-01-05T07:49:14+00:00","og_image":[{"width":800,"height":450,"url":"https:\/\/www.greenpeace.org\/static\/planet4-luxembourg-stateless\/2021\/12\/5a210464-gp1swd7c_web_size.jpg","type":"image\/jpeg"}],"author":"Esther Wildanger","twitter_card":"summary_large_image","twitter_misc":{"Written by":"Esther Wildanger","Est. reading time":"4 minutes"},"schema":{"@context":"https:\/\/schema.org","@graph":[{"@type":"Article","@id":"https:\/\/www.greenpeace.org\/luxembourg\/fr\/actualites\/13366\/3-resolutions-a-tenir-facilement-en-2022\/#article","isPartOf":{"@id":"https:\/\/www.greenpeace.org\/luxembourg\/fr\/actualites\/13366\/3-resolutions-a-tenir-facilement-en-2022\/"},"author":{"name":"Esther Wildanger","@id":"https:\/\/www.greenpeace.org\/luxembourg\/fr\/#\/schema\/person\/3d0e81a859b59009fec36a8552ef76a7"},"headline":"3 r\u00e9solutions \u00e0 tenir facilement en 2022 !","datePublished":"2022-01-05T07:49:11+00:00","dateModified":"2022-01-05T07:49:14+00:00","mainEntityOfPage":{"@id":"https:\/\/www.greenpeace.org\/luxembourg\/fr\/actualites\/13366\/3-resolutions-a-tenir-facilement-en-2022\/"},"wordCount":707,"publisher":{"@id":"https:\/\/www.greenpeace.org\/luxembourg\/fr\/#organization"},"image":{"@id":"https:\/\/www.greenpeace.org\/luxembourg\/fr\/actualites\/13366\/3-resolutions-a-tenir-facilement-en-2022\/#primaryimage"},"thumbnailUrl":"https:\/\/www.greenpeace.org\/static\/planet4-luxembourg-stateless\/2021\/12\/5a210464-gp1swd7c_web_size.jpg","keywords":["EnergieSolaire"],"articleSection":["\u00c9nergie"],"inLanguage":"fr-LU"},{"@type":"WebPage","@id":"https:\/\/www.greenpeace.org\/luxembourg\/fr\/actualites\/13366\/3-resolutions-a-tenir-facilement-en-2022\/","url":"https:\/\/www.greenpeace.org\/luxembourg\/fr\/actualites\/13366\/3-resolutions-a-tenir-facilement-en-2022\/","name":"3 r\u00e9solutions \u00e0 tenir facilement en 2022 ! - Greenpeace Luxembourg","isPartOf":{"@id":"https:\/\/www.greenpeace.org\/luxembourg\/fr\/#website"},"primaryImageOfPage":{"@id":"https:\/\/www.greenpeace.org\/luxembourg\/fr\/actualites\/13366\/3-resolutions-a-tenir-facilement-en-2022\/#primaryimage"},"image":{"@id":"https:\/\/www.greenpeace.org\/luxembourg\/fr\/actualites\/13366\/3-resolutions-a-tenir-facilement-en-2022\/#primaryimage"},"thumbnailUrl":"https:\/\/www.greenpeace.org\/static\/planet4-luxembourg-stateless\/2021\/12\/5a210464-gp1swd7c_web_size.jpg","datePublished":"2022-01-05T07:49:11+00:00","dateModified":"2022-01-05T07:49:14+00:00","breadcrumb":{"@id":"https:\/\/www.greenpeace.org\/luxembourg\/fr\/actualites\/13366\/3-resolutions-a-tenir-facilement-en-2022\/#breadcrumb"},"inLanguage":"fr-LU","potentialAction":[{"@type":"ReadAction","target":["https:\/\/www.greenpeace.org\/luxembourg\/fr\/actualites\/13366\/3-resolutions-a-tenir-facilement-en-2022\/"]}]},{"@type":"ImageObject","inLanguage":"fr-LU","@id":"https:\/\/www.greenpeace.org\/luxembourg\/fr\/actualites\/13366\/3-resolutions-a-tenir-facilement-en-2022\/#primaryimage","url":"https:\/\/www.greenpeace.org\/static\/planet4-luxembourg-stateless\/2021\/12\/5a210464-gp1swd7c_web_size.jpg","contentUrl":"https:\/\/www.greenpeace.org\/static\/planet4-luxembourg-stateless\/2021\/12\/5a210464-gp1swd7c_web_size.jpg","width":800,"height":450,"caption":"Artists and youth organizations join the mural painting activity, titled \"Pangarap hindi panaginip\", features puzzle pieces that symbolize Filipino communities\u2019 collaborative dream amid worsening impacts of the climate crisis, in Brgy Villamonte, Bacolod City."},{"@type":"BreadcrumbList","@id":"https:\/\/www.greenpeace.org\/luxembourg\/fr\/actualites\/13366\/3-resolutions-a-tenir-facilement-en-2022\/#breadcrumb","itemListElement":[{"@type":"ListItem","position":1,"name":"Home","item":"https:\/\/www.greenpeace.org\/luxembourg\/fr\/"},{"@type":"ListItem","position":2,"name":"3 r\u00e9solutions \u00e0 tenir facilement en 2022 !"}]},{"@type":"WebSite","@id":"https:\/\/www.greenpeace.org\/luxembourg\/fr\/#website","url":"https:\/\/www.greenpeace.org\/luxembourg\/fr\/","name":"Greenpeace Luxembourg","description":"Greenpeace existe parce que cette Terre fragile a besoin d&#039;une voix. Elle a besoin de solutions. De changement. D&#039;actions.","publisher":{"@id":"https:\/\/www.greenpeace.org\/luxembourg\/fr\/#organization"},"potentialAction":[{"@type":"SearchAction","target":{"@type":"EntryPoint","urlTemplate":"https:\/\/www.greenpeace.org\/luxembourg\/fr\/?s={search_term_string}"},"query-input":{"@type":"PropertyValueSpecification","valueRequired":true,"valueName":"search_term_string"}}],"inLanguage":"fr-LU"},{"@type":"Organization","@id":"https:\/\/www.greenpeace.org\/luxembourg\/fr\/#organization","name":"Greenpeace Luxembourg","url":"https:\/\/www.greenpeace.org\/luxembourg\/fr\/","logo":{"@type":"ImageObject","inLanguage":"fr-LU","@id":"https:\/\/www.greenpeace.org\/luxembourg\/fr\/#\/schema\/logo\/image\/","url":"https:\/\/www.greenpeace.org\/static\/planet4-luxembourg-stateless\/2026\/03\/3e367f94-greenpeace_logo_green_rgb.png","contentUrl":"https:\/\/www.greenpeace.org\/static\/planet4-luxembourg-stateless\/2026\/03\/3e367f94-greenpeace_logo_green_rgb.png","width":1080,"height":175,"caption":"Greenpeace Luxembourg"},"image":{"@id":"https:\/\/www.greenpeace.org\/luxembourg\/fr\/#\/schema\/logo\/image\/"},"sameAs":["https:\/\/www.facebook.com\/greenpeaceluxembourg","https:\/\/www.instagram.com\/greenpeacelux\/","https:\/\/www.linkedin.com\/company\/greenpeace-luxembourg\/","https:\/\/www.threads.com\/@greenpeacelux","https:\/\/bsky.app\/profile\/greenpeacelux.bsky.social","https:\/\/www.youtube.com\/@GreenpeaceLux","https:\/\/www.tiktok.com\/@greenpeace_lux"]},{"@type":"Person","@id":"https:\/\/www.greenpeace.org\/luxembourg\/fr\/#\/schema\/person\/3d0e81a859b59009fec36a8552ef76a7","name":"Esther Wildanger","url":"https:\/\/www.greenpeace.org\/luxembourg\/fr\/author\/ewildang\/"}]}},"_links":{"self":[{"href":"https:\/\/www.greenpeace.org\/luxembourg\/fr\/wp-json\/wp\/v2\/posts\/13366","targetHints":{"allow":["GET"]}}],"collection":[{"href":"https:\/\/www.greenpeace.org\/luxembourg\/fr\/wp-json\/wp\/v2\/posts"}],"about":[{"href":"https:\/\/www.greenpeace.org\/luxembourg\/fr\/wp-json\/wp\/v2\/types\/post"}],"author":[{"embeddable":true,"href":"https:\/\/www.greenpeace.org\/luxembourg\/fr\/wp-json\/wp\/v2\/users\/25"}],"replies":[{"embeddable":true,"href":"https:\/\/www.greenpeace.org\/luxembourg\/fr\/wp-json\/wp\/v2\/comments?post=13366"}],"version-history":[{"count":3,"href":"https:\/\/www.greenpeace.org\/luxembourg\/fr\/wp-json\/wp\/v2\/posts\/13366\/revisions"}],"predecessor-version":[{"id":13395,"href":"https:\/\/www.greenpeace.org\/luxembourg\/fr\/wp-json\/wp\/v2\/posts\/13366\/revisions\/13395"}],"wp:featuredmedia":[{"embeddable":true,"href":"https:\/\/www.greenpeace.org\/luxembourg\/fr\/wp-json\/wp\/v2\/media\/13373"}],"wp:attachment":[{"href":"https:\/\/www.greenpeace.org\/luxembourg\/fr\/wp-json\/wp\/v2\/media?parent=13366"}],"wp:term":[{"taxonomy":"category","embeddable":true,"href":"https:\/\/www.greenpeace.org\/luxembourg\/fr\/wp-json\/wp\/v2\/categories?post=13366"},{"taxonomy":"post_tag","embeddable":true,"href":"https:\/\/www.greenpeace.org\/luxembourg\/fr\/wp-json\/wp\/v2\/tags?post=13366"},{"taxonomy":"p4-page-type","embeddable":true,"href":"https:\/\/www.greenpeace.org\/luxembourg\/fr\/wp-json\/wp\/v2\/p4-page-type?post=13366"}],"curies":[{"name":"wp","href":"https:\/\/api.w.org\/{rel}","templated":true}]}}