{"id":13382,"date":"2021-12-22T13:57:17","date_gmt":"2021-12-22T11:57:17","guid":{"rendered":"https:\/\/www.greenpeace.org\/luxembourg\/?p=13382"},"modified":"2021-12-22T13:57:19","modified_gmt":"2021-12-22T11:57:19","slug":"la-politique-agricole-luxembourgeoise-de-demain-prise-de-position-commune-de-greenpeace-naturemwelt-et-le-mouvement-ecologique","status":"publish","type":"post","link":"https:\/\/www.greenpeace.org\/luxembourg\/fr\/communiques-de-presse\/13382\/la-politique-agricole-luxembourgeoise-de-demain-prise-de-position-commune-de-greenpeace-naturemwelt-et-le-mouvement-ecologique\/","title":{"rendered":"La politique agricole luxembourgeoise de demain : Prise de position commune de Greenpeace, natur&#038;\u00ebmwelt et le Mouvement \u00c9cologique"},"content":{"rendered":"\n<p><em>Luxembourg, le 21 d\u00e9cembre 2021<\/em> &#8211; <strong>&#8220;La politique agricole luxembourgeoise de demain&#8221; : C&#8217;est sur ce th\u00e8me que les 3 organisations environnementales nationales Greenpeace, natur&amp;\u00ebmwelt et Mouvement Ecologique <a href=\"https:\/\/www.greenpeace.org\/luxembourg\/fr\/communiques-de-presse\/13305\/une-inevitable-reorientation-de-la-politique-agricole-luxembourgeoise\/\">ont fait para\u00eetre une annonce dans les journaux Tageblatt et Luxemburger Wort<\/a> le mercredi 1er d\u00e9cembre 2021.<\/strong><\/p>\n\n<p>Dans cette annonce, les organisations informaient qu&#8217;\u00e0 partir de 2023, les fonds publics soutiendraient exclusivement des mesures en faveur d&#8217;une agriculture de taille moyenne et de la protection de la biodiversit\u00e9, du climat, des eaux et des consommateurs. Pour ce faire, le plan strat\u00e9gique actuel du minist\u00e8re de l&#8217;Agriculture devrait \u00eatre r\u00e9vis\u00e9 en concertation avec tous les acteurs. L&#8217;analyse des effets n\u00e9gatifs du syst\u00e8me actuel s&#8217;appuie sur les rapports des organismes scientifiques et de la Commission europ\u00e9enne.&nbsp;<\/p>\n\n<p>Pour \u00eatre per\u00e7ue par les acteurs politiques, l&#8217;annonce des organisations a \u00e9t\u00e9 publi\u00e9e sous le nom fictif de &#8220;Minist\u00e8re de l&#8217;Agriculture durable&#8221;, appliqu\u00e9 au logo officiel.<\/p>\n\n<p>Depuis des ann\u00e9es, voire des d\u00e9cennies, les organisations s&#8217;engagent pour un d\u00e9bat ouvert sur l&#8217;orientation de la politique agricole luxembourgeoise. Un \u00e9change entre tous les acteurs (agriculteurs, consommateurs, mouvements environnementaux &#8230;.) a toujours \u00e9t\u00e9 sugg\u00e9r\u00e9, mais sans succ\u00e8s. Ni un \u00e9change structur\u00e9 sur le projet lui-m\u00eame, ni une discussion publique et participative n&#8217;ont eu lieu en amont de l&#8217;\u00e9laboration du plan strat\u00e9gique agricole. Aucune pr\u00e9occupation \u00e9cologique n&#8217;a donc \u00e9t\u00e9 abord\u00e9e dans le cadre de la mise en \u0153uvre de la r\u00e9forme agricole europ\u00e9enne.<\/p>\n\n<p>C&#8217;est d&#8217;autant plus probl\u00e9matique qu&#8217;il ne s&#8217;agit pas seulement d&#8217;investissements de 750 millions d&#8217;euros dans les prochaines ann\u00e9es, mais aussi de la survie d&#8217;une agriculture r\u00e9gionale de taille moyenne, de la pr\u00e9servation de la biodiversit\u00e9 et d&#8217;un climat stable, de la qualit\u00e9 des eaux, de la fertilit\u00e9 des sols et de bien d&#8217;autres choses encore.<\/p>\n\n<p>Il devrait donc \u00eatre compr\u00e9hensible que les organisations non gouvernementales cherchent dans cette situation des moyens plus cr\u00e9atifs pour faire conna\u00eetre leurs int\u00e9r\u00eats \u00e0 l&#8217;ext\u00e9rieur. L&#8217;annonce comportait d&#8217;ailleurs les logos des organisations et leurs auteurs \u00e9taient clairement identifiables.<\/p>\n\n<p>Dans leur opposition commune, qui a servi de base \u00e0 l&#8217;annonce cit\u00e9e, les trois organisations environnementales nationales ont formul\u00e9 des propositions tr\u00e8s concr\u00e8tes dans ce sens et ont \u00e9galement demand\u00e9 une entrevue avec le ministre de l&#8217;Agriculture.&nbsp;<\/p>\n\n<p><strong>On esp\u00e8re donc que les acteurs politiques se penchent sur les arguments de fond avec la m\u00eame rigueur que celle dont ils font preuve dans leurs actions juridiques contre les organisations.<\/strong><\/p>\n\n<p>Selon nos informations, le plan strat\u00e9gique dans sa version actuelle n&#8217;a pas \u00e9t\u00e9 transmis \u00e0 la Commission europ\u00e9enne. Au contraire, le projet devrait faire l&#8217;objet d&#8217;une r\u00e9union intergroupe des partis majoritaires en janvier.<\/p>\n\n<p>On peut donc esp\u00e9rer que des points essentiels pourront encore \u00eatre remani\u00e9s, tant dans l&#8217;int\u00e9r\u00eat des exploitations agricoles que de la pr\u00e9servation de l&#8217;environnement.<\/p>\n\n<p>Vu l&#8217;importance politique de ces orientations, les trois organisations environnementales ont demand\u00e9 une entrevue avec le ministre d&#8217;\u00c9tat, Xavier Bettel.<\/p>\n","protected":false},"excerpt":{"rendered":"<p>&#8220;La politique agricole luxembourgeoise de demain&#8221; : C&#8217;est sur ce th\u00e8me que les 3 organisations environnementales nationales Greenpeace, natur&#038;\u00ebmwelt et Mouvement Ecologique ont fait para\u00eetre une annonce dans les journaux Tageblatt et Luxemburger Wort&#8230;<\/p>\n","protected":false},"author":25,"featured_media":13378,"comment_status":"closed","ping_status":"closed","sticky":false,"template":"","format":"standard","meta":{"ep_exclude_from_search":false,"p4_og_title":"","p4_og_description":"","p4_og_image":"","p4_og_image_id":"","p4_seo_canonical_url":"","p4_campaign_name":"not set","p4_local_project":"not set","p4_basket_name":"not set","p4_department":"","footnotes":""},"categories":[43],"tags":[39],"p4-page-type":[83],"class_list":["post-13382","post","type-post","status-publish","format-standard","has-post-thumbnail","hentry","category-nature","tag-agriculturedurable","p4-page-type-communiques-de-presse"],"yoast_head":"<!-- This site is optimized with the Yoast SEO Premium plugin v23.9 (Yoast SEO v23.9) - https:\/\/yoast.com\/wordpress\/plugins\/seo\/ -->\n<title>La politique agricole luxembourgeoise de demain : Prise de position commune de Greenpeace, natur&amp;\u00ebmwelt et le Mouvement \u00c9cologique - Greenpeace Luxembourg<\/title>\n<meta name=\"robots\" content=\"index, follow, max-snippet:-1, max-image-preview:large, max-video-preview:-1\" \/>\n<link rel=\"canonical\" href=\"https:\/\/www.greenpeace.org\/luxembourg\/fr\/communiques-de-presse\/13382\/la-politique-agricole-luxembourgeoise-de-demain-prise-de-position-commune-de-greenpeace-naturemwelt-et-le-mouvement-ecologique\/\" \/>\n<meta property=\"og:locale\" content=\"fr_FR\" \/>\n<meta property=\"og:type\" content=\"article\" \/>\n<meta property=\"og:title\" content=\"La politique agricole luxembourgeoise de demain : Prise de position commune de Greenpeace, natur&amp;\u00ebmwelt et le Mouvement \u00c9cologique\" \/>\n<meta property=\"og:description\" content=\"&quot;La politique agricole luxembourgeoise de demain&quot; : C&#039;est sur ce th\u00e8me que les 3 organisations environnementales nationales Greenpeace, natur&amp;\u00ebmwelt et Mouvement Ecologique ont fait para\u00eetre une annonce dans les journaux Tageblatt et Luxemburger Wort...\" \/>\n<meta property=\"og:url\" content=\"https:\/\/www.greenpeace.org\/luxembourg\/fr\/communiques-de-presse\/13382\/la-politique-agricole-luxembourgeoise-de-demain-prise-de-position-commune-de-greenpeace-naturemwelt-et-le-mouvement-ecologique\/\" \/>\n<meta property=\"og:site_name\" content=\"Greenpeace Luxembourg\" \/>\n<meta property=\"article:publisher\" content=\"https:\/\/www.facebook.com\/greenpeaceluxembourg\" \/>\n<meta property=\"article:published_time\" content=\"2021-12-22T11:57:17+00:00\" \/>\n<meta property=\"article:modified_time\" content=\"2021-12-22T11:57:19+00:00\" \/>\n<meta property=\"og:image\" content=\"https:\/\/www.greenpeace.org\/static\/planet4-luxembourg-stateless\/2021\/12\/367a1704-gp1swhx0_web_size.jpg\" \/>\n\t<meta property=\"og:image:width\" content=\"800\" \/>\n\t<meta property=\"og:image:height\" content=\"533\" \/>\n\t<meta property=\"og:image:type\" content=\"image\/jpeg\" \/>\n<meta name=\"author\" content=\"Esther Wildanger\" \/>\n<meta name=\"twitter:card\" content=\"summary_large_image\" \/>\n<meta name=\"twitter:label1\" content=\"Written by\" \/>\n\t<meta name=\"twitter:data1\" content=\"Esther Wildanger\" \/>\n\t<meta name=\"twitter:label2\" content=\"Est. reading time\" \/>\n\t<meta name=\"twitter:data2\" content=\"3 minutes\" \/>\n<script type=\"application\/ld+json\" class=\"yoast-schema-graph\">{\"@context\":\"https:\/\/schema.org\",\"@graph\":[{\"@type\":\"Article\",\"@id\":\"https:\/\/www.greenpeace.org\/luxembourg\/fr\/communiques-de-presse\/13382\/la-politique-agricole-luxembourgeoise-de-demain-prise-de-position-commune-de-greenpeace-naturemwelt-et-le-mouvement-ecologique\/#article\",\"isPartOf\":{\"@id\":\"https:\/\/www.greenpeace.org\/luxembourg\/fr\/communiques-de-presse\/13382\/la-politique-agricole-luxembourgeoise-de-demain-prise-de-position-commune-de-greenpeace-naturemwelt-et-le-mouvement-ecologique\/\"},\"author\":{\"name\":\"Esther Wildanger\",\"@id\":\"https:\/\/www.greenpeace.org\/luxembourg\/fr\/#\/schema\/person\/3d0e81a859b59009fec36a8552ef76a7\"},\"headline\":\"La politique agricole luxembourgeoise de demain : Prise de position commune de Greenpeace, natur&#038;\u00ebmwelt et le Mouvement \u00c9cologique\",\"datePublished\":\"2021-12-22T11:57:17+00:00\",\"dateModified\":\"2021-12-22T11:57:19+00:00\",\"mainEntityOfPage\":{\"@id\":\"https:\/\/www.greenpeace.org\/luxembourg\/fr\/communiques-de-presse\/13382\/la-politique-agricole-luxembourgeoise-de-demain-prise-de-position-commune-de-greenpeace-naturemwelt-et-le-mouvement-ecologique\/\"},\"wordCount\":560,\"publisher\":{\"@id\":\"https:\/\/www.greenpeace.org\/luxembourg\/fr\/#organization\"},\"image\":{\"@id\":\"https:\/\/www.greenpeace.org\/luxembourg\/fr\/communiques-de-presse\/13382\/la-politique-agricole-luxembourgeoise-de-demain-prise-de-position-commune-de-greenpeace-naturemwelt-et-le-mouvement-ecologique\/#primaryimage\"},\"thumbnailUrl\":\"https:\/\/www.greenpeace.org\/static\/planet4-luxembourg-stateless\/2021\/12\/367a1704-gp1swhx0_web_size.jpg\",\"keywords\":[\"AgricultureDurable\"],\"articleSection\":[\"Nature\"],\"inLanguage\":\"fr-LU\"},{\"@type\":\"WebPage\",\"@id\":\"https:\/\/www.greenpeace.org\/luxembourg\/fr\/communiques-de-presse\/13382\/la-politique-agricole-luxembourgeoise-de-demain-prise-de-position-commune-de-greenpeace-naturemwelt-et-le-mouvement-ecologique\/\",\"url\":\"https:\/\/www.greenpeace.org\/luxembourg\/fr\/communiques-de-presse\/13382\/la-politique-agricole-luxembourgeoise-de-demain-prise-de-position-commune-de-greenpeace-naturemwelt-et-le-mouvement-ecologique\/\",\"name\":\"La politique agricole luxembourgeoise de demain : Prise de position commune de Greenpeace, natur&\u00ebmwelt et le Mouvement \u00c9cologique - Greenpeace Luxembourg\",\"isPartOf\":{\"@id\":\"https:\/\/www.greenpeace.org\/luxembourg\/fr\/#website\"},\"primaryImageOfPage\":{\"@id\":\"https:\/\/www.greenpeace.org\/luxembourg\/fr\/communiques-de-presse\/13382\/la-politique-agricole-luxembourgeoise-de-demain-prise-de-position-commune-de-greenpeace-naturemwelt-et-le-mouvement-ecologique\/#primaryimage\"},\"image\":{\"@id\":\"https:\/\/www.greenpeace.org\/luxembourg\/fr\/communiques-de-presse\/13382\/la-politique-agricole-luxembourgeoise-de-demain-prise-de-position-commune-de-greenpeace-naturemwelt-et-le-mouvement-ecologique\/#primaryimage\"},\"thumbnailUrl\":\"https:\/\/www.greenpeace.org\/static\/planet4-luxembourg-stateless\/2021\/12\/367a1704-gp1swhx0_web_size.jpg\",\"datePublished\":\"2021-12-22T11:57:17+00:00\",\"dateModified\":\"2021-12-22T11:57:19+00:00\",\"breadcrumb\":{\"@id\":\"https:\/\/www.greenpeace.org\/luxembourg\/fr\/communiques-de-presse\/13382\/la-politique-agricole-luxembourgeoise-de-demain-prise-de-position-commune-de-greenpeace-naturemwelt-et-le-mouvement-ecologique\/#breadcrumb\"},\"inLanguage\":\"fr-LU\",\"potentialAction\":[{\"@type\":\"ReadAction\",\"target\":[\"https:\/\/www.greenpeace.org\/luxembourg\/fr\/communiques-de-presse\/13382\/la-politique-agricole-luxembourgeoise-de-demain-prise-de-position-commune-de-greenpeace-naturemwelt-et-le-mouvement-ecologique\/\"]}]},{\"@type\":\"ImageObject\",\"inLanguage\":\"fr-LU\",\"@id\":\"https:\/\/www.greenpeace.org\/luxembourg\/fr\/communiques-de-presse\/13382\/la-politique-agricole-luxembourgeoise-de-demain-prise-de-position-commune-de-greenpeace-naturemwelt-et-le-mouvement-ecologique\/#primaryimage\",\"url\":\"https:\/\/www.greenpeace.org\/static\/planet4-luxembourg-stateless\/2021\/12\/367a1704-gp1swhx0_web_size.jpg\",\"contentUrl\":\"https:\/\/www.greenpeace.org\/static\/planet4-luxembourg-stateless\/2021\/12\/367a1704-gp1swhx0_web_size.jpg\",\"width\":800,\"height\":533,\"caption\":\"Landscapes and scenes from various peatlands in autumn in Schleswig-Holstein. Pictured: Breitenburger Moor Dokumentation verschiedener Moorgebiete in Herbst in Schleswig-Holstein. Im Bild: Breitenburger Moor.\"},{\"@type\":\"BreadcrumbList\",\"@id\":\"https:\/\/www.greenpeace.org\/luxembourg\/fr\/communiques-de-presse\/13382\/la-politique-agricole-luxembourgeoise-de-demain-prise-de-position-commune-de-greenpeace-naturemwelt-et-le-mouvement-ecologique\/#breadcrumb\",\"itemListElement\":[{\"@type\":\"ListItem\",\"position\":1,\"name\":\"Home\",\"item\":\"https:\/\/www.greenpeace.org\/luxembourg\/fr\/\"},{\"@type\":\"ListItem\",\"position\":2,\"name\":\"La politique agricole luxembourgeoise de demain : Prise de position commune de Greenpeace, natur&#038;\u00ebmwelt et le Mouvement \u00c9cologique\"}]},{\"@type\":\"WebSite\",\"@id\":\"https:\/\/www.greenpeace.org\/luxembourg\/fr\/#website\",\"url\":\"https:\/\/www.greenpeace.org\/luxembourg\/fr\/\",\"name\":\"Greenpeace Luxembourg\",\"description\":\"Greenpeace existe parce que cette Terre fragile a besoin d&#039;une voix. Elle a besoin de solutions. De changement. D&#039;actions.\",\"publisher\":{\"@id\":\"https:\/\/www.greenpeace.org\/luxembourg\/fr\/#organization\"},\"potentialAction\":[{\"@type\":\"SearchAction\",\"target\":{\"@type\":\"EntryPoint\",\"urlTemplate\":\"https:\/\/www.greenpeace.org\/luxembourg\/fr\/?s={search_term_string}\"},\"query-input\":{\"@type\":\"PropertyValueSpecification\",\"valueRequired\":true,\"valueName\":\"search_term_string\"}}],\"inLanguage\":\"fr-LU\"},{\"@type\":\"Organization\",\"@id\":\"https:\/\/www.greenpeace.org\/luxembourg\/fr\/#organization\",\"name\":\"Greenpeace Luxembourg\",\"url\":\"https:\/\/www.greenpeace.org\/luxembourg\/fr\/\",\"logo\":{\"@type\":\"ImageObject\",\"inLanguage\":\"fr-LU\",\"@id\":\"https:\/\/www.greenpeace.org\/luxembourg\/fr\/#\/schema\/logo\/image\/\",\"url\":\"https:\/\/www.greenpeace.org\/static\/planet4-luxembourg-stateless\/2026\/03\/3e367f94-greenpeace_logo_green_rgb.png\",\"contentUrl\":\"https:\/\/www.greenpeace.org\/static\/planet4-luxembourg-stateless\/2026\/03\/3e367f94-greenpeace_logo_green_rgb.png\",\"width\":1080,\"height\":175,\"caption\":\"Greenpeace Luxembourg\"},\"image\":{\"@id\":\"https:\/\/www.greenpeace.org\/luxembourg\/fr\/#\/schema\/logo\/image\/\"},\"sameAs\":[\"https:\/\/www.facebook.com\/greenpeaceluxembourg\",\"https:\/\/www.instagram.com\/greenpeacelux\/\",\"https:\/\/www.linkedin.com\/company\/greenpeace-luxembourg\/\",\"https:\/\/www.threads.com\/@greenpeacelux\",\"https:\/\/bsky.app\/profile\/greenpeacelux.bsky.social\",\"https:\/\/www.youtube.com\/@GreenpeaceLux\",\"https:\/\/www.tiktok.com\/@greenpeace_lux\"]},{\"@type\":\"Person\",\"@id\":\"https:\/\/www.greenpeace.org\/luxembourg\/fr\/#\/schema\/person\/3d0e81a859b59009fec36a8552ef76a7\",\"name\":\"Esther Wildanger\",\"url\":\"https:\/\/www.greenpeace.org\/luxembourg\/fr\/author\/ewildang\/\"}]}<\/script>\n<!-- \/ Yoast SEO Premium plugin. -->","yoast_head_json":{"title":"La politique agricole luxembourgeoise de demain : Prise de position commune de Greenpeace, natur&\u00ebmwelt et le Mouvement \u00c9cologique - Greenpeace Luxembourg","robots":{"index":"index","follow":"follow","max-snippet":"max-snippet:-1","max-image-preview":"max-image-preview:large","max-video-preview":"max-video-preview:-1"},"canonical":"https:\/\/www.greenpeace.org\/luxembourg\/fr\/communiques-de-presse\/13382\/la-politique-agricole-luxembourgeoise-de-demain-prise-de-position-commune-de-greenpeace-naturemwelt-et-le-mouvement-ecologique\/","og_locale":"fr_FR","og_type":"article","og_title":"La politique agricole luxembourgeoise de demain : Prise de position commune de Greenpeace, natur&\u00ebmwelt et le Mouvement \u00c9cologique","og_description":"\"La politique agricole luxembourgeoise de demain\" : C'est sur ce th\u00e8me que les 3 organisations environnementales nationales Greenpeace, natur&\u00ebmwelt et Mouvement Ecologique ont fait para\u00eetre une annonce dans les journaux Tageblatt et Luxemburger Wort...","og_url":"https:\/\/www.greenpeace.org\/luxembourg\/fr\/communiques-de-presse\/13382\/la-politique-agricole-luxembourgeoise-de-demain-prise-de-position-commune-de-greenpeace-naturemwelt-et-le-mouvement-ecologique\/","og_site_name":"Greenpeace Luxembourg","article_publisher":"https:\/\/www.facebook.com\/greenpeaceluxembourg","article_published_time":"2021-12-22T11:57:17+00:00","article_modified_time":"2021-12-22T11:57:19+00:00","og_image":[{"width":800,"height":533,"url":"https:\/\/www.greenpeace.org\/static\/planet4-luxembourg-stateless\/2021\/12\/367a1704-gp1swhx0_web_size.jpg","type":"image\/jpeg"}],"author":"Esther Wildanger","twitter_card":"summary_large_image","twitter_misc":{"Written by":"Esther Wildanger","Est. reading time":"3 minutes"},"schema":{"@context":"https:\/\/schema.org","@graph":[{"@type":"Article","@id":"https:\/\/www.greenpeace.org\/luxembourg\/fr\/communiques-de-presse\/13382\/la-politique-agricole-luxembourgeoise-de-demain-prise-de-position-commune-de-greenpeace-naturemwelt-et-le-mouvement-ecologique\/#article","isPartOf":{"@id":"https:\/\/www.greenpeace.org\/luxembourg\/fr\/communiques-de-presse\/13382\/la-politique-agricole-luxembourgeoise-de-demain-prise-de-position-commune-de-greenpeace-naturemwelt-et-le-mouvement-ecologique\/"},"author":{"name":"Esther Wildanger","@id":"https:\/\/www.greenpeace.org\/luxembourg\/fr\/#\/schema\/person\/3d0e81a859b59009fec36a8552ef76a7"},"headline":"La politique agricole luxembourgeoise de demain : Prise de position commune de Greenpeace, natur&#038;\u00ebmwelt et le Mouvement \u00c9cologique","datePublished":"2021-12-22T11:57:17+00:00","dateModified":"2021-12-22T11:57:19+00:00","mainEntityOfPage":{"@id":"https:\/\/www.greenpeace.org\/luxembourg\/fr\/communiques-de-presse\/13382\/la-politique-agricole-luxembourgeoise-de-demain-prise-de-position-commune-de-greenpeace-naturemwelt-et-le-mouvement-ecologique\/"},"wordCount":560,"publisher":{"@id":"https:\/\/www.greenpeace.org\/luxembourg\/fr\/#organization"},"image":{"@id":"https:\/\/www.greenpeace.org\/luxembourg\/fr\/communiques-de-presse\/13382\/la-politique-agricole-luxembourgeoise-de-demain-prise-de-position-commune-de-greenpeace-naturemwelt-et-le-mouvement-ecologique\/#primaryimage"},"thumbnailUrl":"https:\/\/www.greenpeace.org\/static\/planet4-luxembourg-stateless\/2021\/12\/367a1704-gp1swhx0_web_size.jpg","keywords":["AgricultureDurable"],"articleSection":["Nature"],"inLanguage":"fr-LU"},{"@type":"WebPage","@id":"https:\/\/www.greenpeace.org\/luxembourg\/fr\/communiques-de-presse\/13382\/la-politique-agricole-luxembourgeoise-de-demain-prise-de-position-commune-de-greenpeace-naturemwelt-et-le-mouvement-ecologique\/","url":"https:\/\/www.greenpeace.org\/luxembourg\/fr\/communiques-de-presse\/13382\/la-politique-agricole-luxembourgeoise-de-demain-prise-de-position-commune-de-greenpeace-naturemwelt-et-le-mouvement-ecologique\/","name":"La politique agricole luxembourgeoise de demain : Prise de position commune de Greenpeace, natur&\u00ebmwelt et le Mouvement \u00c9cologique - Greenpeace Luxembourg","isPartOf":{"@id":"https:\/\/www.greenpeace.org\/luxembourg\/fr\/#website"},"primaryImageOfPage":{"@id":"https:\/\/www.greenpeace.org\/luxembourg\/fr\/communiques-de-presse\/13382\/la-politique-agricole-luxembourgeoise-de-demain-prise-de-position-commune-de-greenpeace-naturemwelt-et-le-mouvement-ecologique\/#primaryimage"},"image":{"@id":"https:\/\/www.greenpeace.org\/luxembourg\/fr\/communiques-de-presse\/13382\/la-politique-agricole-luxembourgeoise-de-demain-prise-de-position-commune-de-greenpeace-naturemwelt-et-le-mouvement-ecologique\/#primaryimage"},"thumbnailUrl":"https:\/\/www.greenpeace.org\/static\/planet4-luxembourg-stateless\/2021\/12\/367a1704-gp1swhx0_web_size.jpg","datePublished":"2021-12-22T11:57:17+00:00","dateModified":"2021-12-22T11:57:19+00:00","breadcrumb":{"@id":"https:\/\/www.greenpeace.org\/luxembourg\/fr\/communiques-de-presse\/13382\/la-politique-agricole-luxembourgeoise-de-demain-prise-de-position-commune-de-greenpeace-naturemwelt-et-le-mouvement-ecologique\/#breadcrumb"},"inLanguage":"fr-LU","potentialAction":[{"@type":"ReadAction","target":["https:\/\/www.greenpeace.org\/luxembourg\/fr\/communiques-de-presse\/13382\/la-politique-agricole-luxembourgeoise-de-demain-prise-de-position-commune-de-greenpeace-naturemwelt-et-le-mouvement-ecologique\/"]}]},{"@type":"ImageObject","inLanguage":"fr-LU","@id":"https:\/\/www.greenpeace.org\/luxembourg\/fr\/communiques-de-presse\/13382\/la-politique-agricole-luxembourgeoise-de-demain-prise-de-position-commune-de-greenpeace-naturemwelt-et-le-mouvement-ecologique\/#primaryimage","url":"https:\/\/www.greenpeace.org\/static\/planet4-luxembourg-stateless\/2021\/12\/367a1704-gp1swhx0_web_size.jpg","contentUrl":"https:\/\/www.greenpeace.org\/static\/planet4-luxembourg-stateless\/2021\/12\/367a1704-gp1swhx0_web_size.jpg","width":800,"height":533,"caption":"Landscapes and scenes from various peatlands in autumn in Schleswig-Holstein. Pictured: Breitenburger Moor Dokumentation verschiedener Moorgebiete in Herbst in Schleswig-Holstein. Im Bild: Breitenburger Moor."},{"@type":"BreadcrumbList","@id":"https:\/\/www.greenpeace.org\/luxembourg\/fr\/communiques-de-presse\/13382\/la-politique-agricole-luxembourgeoise-de-demain-prise-de-position-commune-de-greenpeace-naturemwelt-et-le-mouvement-ecologique\/#breadcrumb","itemListElement":[{"@type":"ListItem","position":1,"name":"Home","item":"https:\/\/www.greenpeace.org\/luxembourg\/fr\/"},{"@type":"ListItem","position":2,"name":"La politique agricole luxembourgeoise de demain : Prise de position commune de Greenpeace, natur&#038;\u00ebmwelt et le Mouvement \u00c9cologique"}]},{"@type":"WebSite","@id":"https:\/\/www.greenpeace.org\/luxembourg\/fr\/#website","url":"https:\/\/www.greenpeace.org\/luxembourg\/fr\/","name":"Greenpeace Luxembourg","description":"Greenpeace existe parce que cette Terre fragile a besoin d&#039;une voix. Elle a besoin de solutions. De changement. D&#039;actions.","publisher":{"@id":"https:\/\/www.greenpeace.org\/luxembourg\/fr\/#organization"},"potentialAction":[{"@type":"SearchAction","target":{"@type":"EntryPoint","urlTemplate":"https:\/\/www.greenpeace.org\/luxembourg\/fr\/?s={search_term_string}"},"query-input":{"@type":"PropertyValueSpecification","valueRequired":true,"valueName":"search_term_string"}}],"inLanguage":"fr-LU"},{"@type":"Organization","@id":"https:\/\/www.greenpeace.org\/luxembourg\/fr\/#organization","name":"Greenpeace Luxembourg","url":"https:\/\/www.greenpeace.org\/luxembourg\/fr\/","logo":{"@type":"ImageObject","inLanguage":"fr-LU","@id":"https:\/\/www.greenpeace.org\/luxembourg\/fr\/#\/schema\/logo\/image\/","url":"https:\/\/www.greenpeace.org\/static\/planet4-luxembourg-stateless\/2026\/03\/3e367f94-greenpeace_logo_green_rgb.png","contentUrl":"https:\/\/www.greenpeace.org\/static\/planet4-luxembourg-stateless\/2026\/03\/3e367f94-greenpeace_logo_green_rgb.png","width":1080,"height":175,"caption":"Greenpeace Luxembourg"},"image":{"@id":"https:\/\/www.greenpeace.org\/luxembourg\/fr\/#\/schema\/logo\/image\/"},"sameAs":["https:\/\/www.facebook.com\/greenpeaceluxembourg","https:\/\/www.instagram.com\/greenpeacelux\/","https:\/\/www.linkedin.com\/company\/greenpeace-luxembourg\/","https:\/\/www.threads.com\/@greenpeacelux","https:\/\/bsky.app\/profile\/greenpeacelux.bsky.social","https:\/\/www.youtube.com\/@GreenpeaceLux","https:\/\/www.tiktok.com\/@greenpeace_lux"]},{"@type":"Person","@id":"https:\/\/www.greenpeace.org\/luxembourg\/fr\/#\/schema\/person\/3d0e81a859b59009fec36a8552ef76a7","name":"Esther Wildanger","url":"https:\/\/www.greenpeace.org\/luxembourg\/fr\/author\/ewildang\/"}]}},"_links":{"self":[{"href":"https:\/\/www.greenpeace.org\/luxembourg\/fr\/wp-json\/wp\/v2\/posts\/13382","targetHints":{"allow":["GET"]}}],"collection":[{"href":"https:\/\/www.greenpeace.org\/luxembourg\/fr\/wp-json\/wp\/v2\/posts"}],"about":[{"href":"https:\/\/www.greenpeace.org\/luxembourg\/fr\/wp-json\/wp\/v2\/types\/post"}],"author":[{"embeddable":true,"href":"https:\/\/www.greenpeace.org\/luxembourg\/fr\/wp-json\/wp\/v2\/users\/25"}],"replies":[{"embeddable":true,"href":"https:\/\/www.greenpeace.org\/luxembourg\/fr\/wp-json\/wp\/v2\/comments?post=13382"}],"version-history":[{"count":2,"href":"https:\/\/www.greenpeace.org\/luxembourg\/fr\/wp-json\/wp\/v2\/posts\/13382\/revisions"}],"predecessor-version":[{"id":13384,"href":"https:\/\/www.greenpeace.org\/luxembourg\/fr\/wp-json\/wp\/v2\/posts\/13382\/revisions\/13384"}],"wp:featuredmedia":[{"embeddable":true,"href":"https:\/\/www.greenpeace.org\/luxembourg\/fr\/wp-json\/wp\/v2\/media\/13378"}],"wp:attachment":[{"href":"https:\/\/www.greenpeace.org\/luxembourg\/fr\/wp-json\/wp\/v2\/media?parent=13382"}],"wp:term":[{"taxonomy":"category","embeddable":true,"href":"https:\/\/www.greenpeace.org\/luxembourg\/fr\/wp-json\/wp\/v2\/categories?post=13382"},{"taxonomy":"post_tag","embeddable":true,"href":"https:\/\/www.greenpeace.org\/luxembourg\/fr\/wp-json\/wp\/v2\/tags?post=13382"},{"taxonomy":"p4-page-type","embeddable":true,"href":"https:\/\/www.greenpeace.org\/luxembourg\/fr\/wp-json\/wp\/v2\/p4-page-type?post=13382"}],"curies":[{"name":"wp","href":"https:\/\/api.w.org\/{rel}","templated":true}]}}