{"id":13448,"date":"2022-01-11T11:18:09","date_gmt":"2022-01-11T09:18:09","guid":{"rendered":"https:\/\/www.greenpeace.org\/luxembourg\/?p=13448"},"modified":"2022-01-11T11:18:12","modified_gmt":"2022-01-11T09:18:12","slug":"pour-proteger-le-mode-de-vie-inuit-arcelormittal-doit-sopposer-a-lexpansion-dune-mine-canadienne","status":"publish","type":"post","link":"https:\/\/www.greenpeace.org\/luxembourg\/fr\/actualites\/13448\/pour-proteger-le-mode-de-vie-inuit-arcelormittal-doit-sopposer-a-lexpansion-dune-mine-canadienne\/","title":{"rendered":"Pour prot\u00e9ger le mode de vie Inuit, ArcelorMittal doit s&#8217;opposer \u00e0 l&#8217;expansion d&#8217;une mine canadienne"},"content":{"rendered":"\n<p><strong><em>Naymen Inuarak<\/em><\/strong><em> est un chasseur inuit vivant \u00e0 Pond Inlet, dans le territoire autonome du Nunavut (Canada), et membre fondateur du <\/em><strong><em>Nuluujaat Land Guardians<\/em><\/strong><em>. Inuarak a \u00e9crit ce commentaire au nom de celui-ci, form\u00e9 en r\u00e9action au projet de mine de Mary River dans l\u2019Arctique canadien.<\/em><\/p>\n\n<p>Nous sommes les Nuluujaat Land Guardians. Il s\u2019agit d\u2019un groupe de chasseuses et de chasseurs inuits originaires du nord de la r\u00e9gion de Qikiqtaaluk (Baffin) au Canada qui s\u2019est form\u00e9 afin de prot\u00e9ger nos terres des projets de Baffinland Iron Mines Corporation, une entreprise co-appartenant \u00e0 ArcelorMittal, dont le si\u00e8ge est situ\u00e9 au Luxembourg.&nbsp;<\/p>\n\n<figure class=\"wp-block-image size-full\"><img loading=\"lazy\" decoding=\"async\" width=\"480\" height=\"218\" src=\"https:\/\/www.greenpeace.org\/static\/planet4-luxembourg-stateless\/2022\/01\/0df60f07-152406971_896242957839644_2110982019236997966_n.jpg\" alt=\"\" class=\"wp-image-13451\" srcset=\"https:\/\/www.greenpeace.org\/static\/planet4-luxembourg-stateless\/2022\/01\/0df60f07-152406971_896242957839644_2110982019236997966_n.jpg 480w, https:\/\/www.greenpeace.org\/static\/planet4-luxembourg-stateless\/2022\/01\/0df60f07-152406971_896242957839644_2110982019236997966_n-300x136.jpg 300w\" sizes=\"auto, (max-width: 480px) 100vw, 480px\" \/><figcaption> Nuluujaat Land Guardians <\/figcaption><\/figure>\n\n<p>La phase 2 de la proposition de Baffinland d&#8217;expansion de la mine de fer de Mary River (dont la r\u00e9gion est connue sous le nom de Nuluujaat pour les peuples autochtones), doublerait la production de la mine de 6 \u00e0 12 millions de tonnes par an et comprendrait la construction d&#8217;une nouvelle voie ferr\u00e9e pour exp\u00e9dier le minerai de fer. Cela pourrait signifier des cons\u00e9quences catastrophiques pour l&#8217;environnement et la faune arctiques, ainsi que pour les communaut\u00e9s inuites qui en d\u00e9pendent. La mine se situe \u00e0 c\u00f4t\u00e9 d&#8217;importantes aires de mise bas des narvals et le chemin de fer traverserait une importante route de migration des caribous.<\/p>\n\n<p>Bien qu\u2019ArcelorMittal se soit engag\u00e9e \u00e0 respecter les droits des peuples autochtones dans le cadre de sa politique pour les droits humains et \u00e0 travers son engagement dans la <em>Responsible Steel Initiative<\/em>, nos inqui\u00e9tudes ne sont pas prises en compte. La proposition d\u2019expansion est pouss\u00e9e en avant, en d\u00e9pit de l\u2019opposition manifeste de la population inuite.<\/p>\n\n<p>En plus d&#8217;\u00eatre co-d\u00e9tenue par ArcelorMittal, Baffinland est un des principaux fournisseurs de minerai de fer du g\u00e9ant de l&#8217;acier. ArcelorMittal a \u00e9galement la possibilit\u00e9 d&#8217;assurer le financement de l&#8217;expansion ; le groupe a, par cons\u00e9quent, une influence directe sur les actions de Baffinland.&nbsp;<\/p>\n\n<p>Le gouvernement luxembourgeois a \u00e9galement la responsabilit\u00e9 de s\u2019\u00e9lever contre cette expansion. En tant qu\u2019actionnaire minoritaire d\u2019ArcelorMittal, il peut contribuer \u00e0 faire en sorte que l\u2019entreprise prenne les bonnes d\u00e9cisions. ArcelorMittal est un repr\u00e9sentant de votre pays dans le monde. Souhaitez-vous que la plus grande entreprise de votre pays soutienne et profite de la destruction de l&#8217;environnement ainsi que de la violation des droits des peuples autochtones ?<\/p>\n\n<p>La population inuite a exprim\u00e9 de nombreuses et s\u00e9rieuses pr\u00e9occupations au sujet de la proposition de Baffinland. Nous redoutons l&#8217;impact que l&#8217;expansion de la production aura sur notre environnement et sur les animaux, dont nous d\u00e9pendons pour notre alimentation et nos moyens de subsistance. Notre mode de vie d\u00e9pend des phoques, des narvals et bien d&#8217;autres animaux, et leur bonne sant\u00e9 est capitale pour nous.<\/p>\n\n<p>Pourtant, ils subissent d\u00e9j\u00e0 la production actuelle de la mine. Les personnes les plus \u00e2g\u00e9es et celles et ceux qui chassent ont observ\u00e9 des cons\u00e9quences graves sur la faune. Nous craignons sinc\u00e8rement que, si ce projet d\u2019expansion venait \u00e0 voir le jour, il entra\u00eenerait des dommages inacceptables sur nos animaux, nos modes de vie et notre culture.&nbsp;<\/p>\n\n<figure class=\"wp-block-image size-full\"><img loading=\"lazy\" decoding=\"async\" width=\"912\" height=\"684\" src=\"https:\/\/www.greenpeace.org\/static\/planet4-luxembourg-stateless\/2022\/01\/83ce0e1c-image-13.jpg\" alt=\"\" class=\"wp-image-13455\" srcset=\"https:\/\/www.greenpeace.org\/static\/planet4-luxembourg-stateless\/2022\/01\/83ce0e1c-image-13.jpg 912w, https:\/\/www.greenpeace.org\/static\/planet4-luxembourg-stateless\/2022\/01\/83ce0e1c-image-13-300x225.jpg 300w, https:\/\/www.greenpeace.org\/static\/planet4-luxembourg-stateless\/2022\/01\/83ce0e1c-image-13-768x576.jpg 768w, https:\/\/www.greenpeace.org\/static\/planet4-luxembourg-stateless\/2022\/01\/83ce0e1c-image-13-453x340.jpg 453w\" sizes=\"auto, (max-width: 912px) 100vw, 912px\" \/><figcaption> La r\u00e9gion de Qikiqtaaluk (Baffin) au Canada est d\u00e9j\u00e0 impact\u00e9e par les op\u00e9rations de la mine de fer. <\/figcaption><\/figure>\n\n<p>Baffinland exploite la mine de Mary River depuis 2014. Depuis lors, nous avons essay\u00e9 de nous engager en toute bonne foi avec l&#8217;entreprise afin que nos pr\u00e9occupations soient prises en compte. Nous ne nous opposons pas \u00e0 toute activit\u00e9 mini\u00e8re. Nous voulons simplement que celle-ci se fasse d&#8217;une mani\u00e8re responsable sur les plans social et environnemental, qui respecte la culture inuite et notre droit de d\u00e9cider de ce qui se passe sur notre territoire.<\/p>\n\n<p>Le refus de Baffinland de changer sa mani\u00e8re de fonctionner nous laisse peu d&#8217;options. C&#8217;est pourquoi, au d\u00e9but du mois de f\u00e9vrier 2021, nous avons bloqu\u00e9 la mine de Mary River pour protester contre les actions de l&#8217;entreprise. Des manifestations improvis\u00e9es de solidarit\u00e9 en faveur de nos actions se sont r\u00e9pandues dans tout le Nunavut.<\/p>\n\n<p>Nous n&#8217;avons pas entrepris cette action \u00e0 la l\u00e9g\u00e8re. Nous l&#8217;avons fait en raison de l&#8217;importance de l&#8217;enjeu. Notre culture et notre mode de vie sont enracin\u00e9s dans la terre. Il s&#8217;agit de notre droit de survivre, de manger et de continuer \u00e0 vivre de la terre comme nous l&#8217;entendons, comme nos anc\u00eatres le font depuis des mill\u00e9naires. Il s&#8217;agit de notre responsabilit\u00e9 de prot\u00e9ger la terre qui nous nourrit.<\/p>\n\n<p>Ces actes de solidarit\u00e9 se sont propag\u00e9s et ont m\u00eame atteint le Luxembourg, o\u00f9 Greenpeace a manifest\u00e9 en faveur de notre cause devant le si\u00e8ge d\u2019ArcelorMittal en juin 2021. Tout ce que l&#8217;entreprise a trouv\u00e9 \u00e0 r\u00e9pondre \u00e9tait que \u00ab <em>ArcelorMittal est en contact direct avec la direction de Baffinland au sujet du d\u00e9veloppement du projet Mary River et l\u2019entreprise nous a assur\u00e9 qu&#8217;elle continuerait \u00e0 \u00e9duquer et \u00e0 engager la population pour trouver une solution acceptable des deux c\u00f4t\u00e9s.<\/em> \u00bb&nbsp;<\/p>\n\n<figure class=\"wp-block-image size-full\"><img loading=\"lazy\" decoding=\"async\" width=\"800\" height=\"533\" src=\"https:\/\/www.greenpeace.org\/static\/planet4-luxembourg-stateless\/2022\/01\/be85567e-gp1svdul_web_size_with_credit_line.jpg\" alt=\"\" class=\"wp-image-13453\" srcset=\"https:\/\/www.greenpeace.org\/static\/planet4-luxembourg-stateless\/2022\/01\/be85567e-gp1svdul_web_size_with_credit_line.jpg 800w, https:\/\/www.greenpeace.org\/static\/planet4-luxembourg-stateless\/2022\/01\/be85567e-gp1svdul_web_size_with_credit_line-300x200.jpg 300w, https:\/\/www.greenpeace.org\/static\/planet4-luxembourg-stateless\/2022\/01\/be85567e-gp1svdul_web_size_with_credit_line-768x512.jpg 768w, https:\/\/www.greenpeace.org\/static\/planet4-luxembourg-stateless\/2022\/01\/be85567e-gp1svdul_web_size_with_credit_line-510x340.jpg 510w\" sizes=\"auto, (max-width: 800px) 100vw, 800px\" \/><figcaption>Des activistes de Greenpeace Luxembourg se rassemblent devant le si\u00e8ge d&#8217;ArcelorMittal au Luxembourg pour protester en solidarit\u00e9 avec les communaut\u00e9s inuites affect\u00e9es par une mine de fer dans l&#8217;Arctique canadien exploit\u00e9e par Baffinland, une soci\u00e9t\u00e9 d\u00e9tenue conjointement par ArcelorMittal. La banni\u00e8re &#8220;Respecter les Inuits ou partir&#8221; a \u00e9t\u00e9 con\u00e7ue par Christi Belcourt, une artiste autochtone vivant et travaillant au Canada.<\/figcaption><\/figure>\n\n<p>Avec tout le respect que nous leur devons, ce n\u2019est pas la population inuite qui a besoin d&#8217;\u00e9ducation ici, mais bien les entreprises qui viennent sur notre territoire et qui nuisent \u00e0 notre mode de vie. La seule solution acceptable pour nous, chasseuses et chasseurs inuits, est l\u2019annulation de cette expansion. Le groupe ArcelorMittal, en tant qu&#8217;actionnaire et client de Baffinland, doit s&#8217;opposer activement \u00e0 cette expansion et refuser de la financer. Le gouvernement luxembourgeois doit pousser le groupe \u00e0 faire ce qu&#8217;il faut. C&#8217;est vital pour prot\u00e9ger nos moyens de subsistance et l&#8217;environnement arctique.<\/p>\n","protected":false},"excerpt":{"rendered":"<p>Naymen Inuarak, un chasseur inuit, a \u00e9crit un commentaire sur le projet de mine de Mary River dans l\u2019Arctique canadien.<\/p>\n","protected":false},"author":31,"featured_media":13449,"comment_status":"closed","ping_status":"closed","sticky":false,"template":"","format":"standard","meta":{"ep_exclude_from_search":false,"p4_og_title":"","p4_og_description":"","p4_og_image":"","p4_og_image_id":"","p4_seo_canonical_url":"","p4_campaign_name":"not set","p4_local_project":"not set","p4_basket_name":"not set","p4_department":"","footnotes":""},"categories":[40,43],"tags":[32],"p4-page-type":[85],"class_list":["post-13448","post","type-post","status-publish","format-standard","has-post-thumbnail","hentry","category-enjeux","category-nature","tag-luxembourg","p4-page-type-actualites"],"yoast_head":"<!-- This site is optimized with the Yoast SEO Premium plugin v23.9 (Yoast SEO v23.9) - https:\/\/yoast.com\/wordpress\/plugins\/seo\/ -->\n<title>Pour prot\u00e9ger le mode de vie Inuit, ArcelorMittal doit s&#039;opposer \u00e0 l&#039;expansion d&#039;une mine canadienne - Greenpeace Luxembourg<\/title>\n<meta name=\"robots\" content=\"index, follow, max-snippet:-1, max-image-preview:large, max-video-preview:-1\" \/>\n<link rel=\"canonical\" href=\"https:\/\/www.greenpeace.org\/luxembourg\/fr\/actualites\/13448\/pour-proteger-le-mode-de-vie-inuit-arcelormittal-doit-sopposer-a-lexpansion-dune-mine-canadienne\/\" \/>\n<meta property=\"og:locale\" content=\"fr_FR\" \/>\n<meta property=\"og:type\" content=\"article\" \/>\n<meta property=\"og:title\" content=\"Pour prot\u00e9ger le mode de vie Inuit, ArcelorMittal doit s&#039;opposer \u00e0 l&#039;expansion d&#039;une mine canadienne\" \/>\n<meta property=\"og:description\" content=\"Naymen Inuarak, un chasseur inuit, a \u00e9crit un commentaire sur le projet de mine de Mary River dans l\u2019Arctique canadien.\" \/>\n<meta property=\"og:url\" content=\"https:\/\/www.greenpeace.org\/luxembourg\/fr\/actualites\/13448\/pour-proteger-le-mode-de-vie-inuit-arcelormittal-doit-sopposer-a-lexpansion-dune-mine-canadienne\/\" \/>\n<meta property=\"og:site_name\" content=\"Greenpeace Luxembourg\" \/>\n<meta property=\"article:publisher\" content=\"https:\/\/www.facebook.com\/greenpeaceluxembourg\" \/>\n<meta property=\"article:published_time\" content=\"2022-01-11T09:18:09+00:00\" \/>\n<meta property=\"article:modified_time\" content=\"2022-01-11T09:18:12+00:00\" \/>\n<meta property=\"og:image\" content=\"https:\/\/www.greenpeace.org\/static\/planet4-luxembourg-stateless\/2022\/01\/18bd2a25-christi-belcourt-baffinland.jpg\" \/>\n\t<meta property=\"og:image:width\" content=\"2048\" \/>\n\t<meta property=\"og:image:height\" content=\"2046\" \/>\n\t<meta property=\"og:image:type\" content=\"image\/jpeg\" \/>\n<meta name=\"author\" content=\"Myriam Wecker\" \/>\n<meta name=\"twitter:card\" content=\"summary_large_image\" \/>\n<meta name=\"twitter:label1\" content=\"Written by\" \/>\n\t<meta name=\"twitter:data1\" content=\"Myriam Wecker\" \/>\n\t<meta name=\"twitter:label2\" content=\"Est. reading time\" \/>\n\t<meta name=\"twitter:data2\" content=\"5 minutes\" \/>\n<script type=\"application\/ld+json\" class=\"yoast-schema-graph\">{\"@context\":\"https:\/\/schema.org\",\"@graph\":[{\"@type\":\"Article\",\"@id\":\"https:\/\/www.greenpeace.org\/luxembourg\/fr\/actualites\/13448\/pour-proteger-le-mode-de-vie-inuit-arcelormittal-doit-sopposer-a-lexpansion-dune-mine-canadienne\/#article\",\"isPartOf\":{\"@id\":\"https:\/\/www.greenpeace.org\/luxembourg\/fr\/actualites\/13448\/pour-proteger-le-mode-de-vie-inuit-arcelormittal-doit-sopposer-a-lexpansion-dune-mine-canadienne\/\"},\"author\":{\"name\":\"Myriam Wecker\",\"@id\":\"https:\/\/www.greenpeace.org\/luxembourg\/fr\/#\/schema\/person\/c2ae6002b8ed18c00be0c6b320eea776\"},\"headline\":\"Pour prot\u00e9ger le mode de vie Inuit, ArcelorMittal doit s&#8217;opposer \u00e0 l&#8217;expansion d&#8217;une mine canadienne\",\"datePublished\":\"2022-01-11T09:18:09+00:00\",\"dateModified\":\"2022-01-11T09:18:12+00:00\",\"mainEntityOfPage\":{\"@id\":\"https:\/\/www.greenpeace.org\/luxembourg\/fr\/actualites\/13448\/pour-proteger-le-mode-de-vie-inuit-arcelormittal-doit-sopposer-a-lexpansion-dune-mine-canadienne\/\"},\"wordCount\":1062,\"publisher\":{\"@id\":\"https:\/\/www.greenpeace.org\/luxembourg\/fr\/#organization\"},\"image\":{\"@id\":\"https:\/\/www.greenpeace.org\/luxembourg\/fr\/actualites\/13448\/pour-proteger-le-mode-de-vie-inuit-arcelormittal-doit-sopposer-a-lexpansion-dune-mine-canadienne\/#primaryimage\"},\"thumbnailUrl\":\"https:\/\/www.greenpeace.org\/static\/planet4-luxembourg-stateless\/2022\/01\/18bd2a25-christi-belcourt-baffinland.jpg\",\"keywords\":[\"Luxembourg\"],\"articleSection\":[\"Les enjeux\",\"Nature\"],\"inLanguage\":\"fr-LU\"},{\"@type\":\"WebPage\",\"@id\":\"https:\/\/www.greenpeace.org\/luxembourg\/fr\/actualites\/13448\/pour-proteger-le-mode-de-vie-inuit-arcelormittal-doit-sopposer-a-lexpansion-dune-mine-canadienne\/\",\"url\":\"https:\/\/www.greenpeace.org\/luxembourg\/fr\/actualites\/13448\/pour-proteger-le-mode-de-vie-inuit-arcelormittal-doit-sopposer-a-lexpansion-dune-mine-canadienne\/\",\"name\":\"Pour prot\u00e9ger le mode de vie Inuit, ArcelorMittal doit s'opposer \u00e0 l'expansion d'une mine canadienne - Greenpeace Luxembourg\",\"isPartOf\":{\"@id\":\"https:\/\/www.greenpeace.org\/luxembourg\/fr\/#website\"},\"primaryImageOfPage\":{\"@id\":\"https:\/\/www.greenpeace.org\/luxembourg\/fr\/actualites\/13448\/pour-proteger-le-mode-de-vie-inuit-arcelormittal-doit-sopposer-a-lexpansion-dune-mine-canadienne\/#primaryimage\"},\"image\":{\"@id\":\"https:\/\/www.greenpeace.org\/luxembourg\/fr\/actualites\/13448\/pour-proteger-le-mode-de-vie-inuit-arcelormittal-doit-sopposer-a-lexpansion-dune-mine-canadienne\/#primaryimage\"},\"thumbnailUrl\":\"https:\/\/www.greenpeace.org\/static\/planet4-luxembourg-stateless\/2022\/01\/18bd2a25-christi-belcourt-baffinland.jpg\",\"datePublished\":\"2022-01-11T09:18:09+00:00\",\"dateModified\":\"2022-01-11T09:18:12+00:00\",\"breadcrumb\":{\"@id\":\"https:\/\/www.greenpeace.org\/luxembourg\/fr\/actualites\/13448\/pour-proteger-le-mode-de-vie-inuit-arcelormittal-doit-sopposer-a-lexpansion-dune-mine-canadienne\/#breadcrumb\"},\"inLanguage\":\"fr-LU\",\"potentialAction\":[{\"@type\":\"ReadAction\",\"target\":[\"https:\/\/www.greenpeace.org\/luxembourg\/fr\/actualites\/13448\/pour-proteger-le-mode-de-vie-inuit-arcelormittal-doit-sopposer-a-lexpansion-dune-mine-canadienne\/\"]}]},{\"@type\":\"ImageObject\",\"inLanguage\":\"fr-LU\",\"@id\":\"https:\/\/www.greenpeace.org\/luxembourg\/fr\/actualites\/13448\/pour-proteger-le-mode-de-vie-inuit-arcelormittal-doit-sopposer-a-lexpansion-dune-mine-canadienne\/#primaryimage\",\"url\":\"https:\/\/www.greenpeace.org\/static\/planet4-luxembourg-stateless\/2022\/01\/18bd2a25-christi-belcourt-baffinland.jpg\",\"contentUrl\":\"https:\/\/www.greenpeace.org\/static\/planet4-luxembourg-stateless\/2022\/01\/18bd2a25-christi-belcourt-baffinland.jpg\",\"width\":2048,\"height\":2046},{\"@type\":\"BreadcrumbList\",\"@id\":\"https:\/\/www.greenpeace.org\/luxembourg\/fr\/actualites\/13448\/pour-proteger-le-mode-de-vie-inuit-arcelormittal-doit-sopposer-a-lexpansion-dune-mine-canadienne\/#breadcrumb\",\"itemListElement\":[{\"@type\":\"ListItem\",\"position\":1,\"name\":\"Home\",\"item\":\"https:\/\/www.greenpeace.org\/luxembourg\/fr\/\"},{\"@type\":\"ListItem\",\"position\":2,\"name\":\"Pour prot\u00e9ger le mode de vie Inuit, ArcelorMittal doit s&#8217;opposer \u00e0 l&#8217;expansion d&#8217;une mine canadienne\"}]},{\"@type\":\"WebSite\",\"@id\":\"https:\/\/www.greenpeace.org\/luxembourg\/fr\/#website\",\"url\":\"https:\/\/www.greenpeace.org\/luxembourg\/fr\/\",\"name\":\"Greenpeace Luxembourg\",\"description\":\"Greenpeace existe parce que cette Terre fragile a besoin d&#039;une voix. Elle a besoin de solutions. De changement. D&#039;actions.\",\"publisher\":{\"@id\":\"https:\/\/www.greenpeace.org\/luxembourg\/fr\/#organization\"},\"potentialAction\":[{\"@type\":\"SearchAction\",\"target\":{\"@type\":\"EntryPoint\",\"urlTemplate\":\"https:\/\/www.greenpeace.org\/luxembourg\/fr\/?s={search_term_string}\"},\"query-input\":{\"@type\":\"PropertyValueSpecification\",\"valueRequired\":true,\"valueName\":\"search_term_string\"}}],\"inLanguage\":\"fr-LU\"},{\"@type\":\"Organization\",\"@id\":\"https:\/\/www.greenpeace.org\/luxembourg\/fr\/#organization\",\"name\":\"Greenpeace Luxembourg\",\"url\":\"https:\/\/www.greenpeace.org\/luxembourg\/fr\/\",\"logo\":{\"@type\":\"ImageObject\",\"inLanguage\":\"fr-LU\",\"@id\":\"https:\/\/www.greenpeace.org\/luxembourg\/fr\/#\/schema\/logo\/image\/\",\"url\":\"https:\/\/www.greenpeace.org\/static\/planet4-luxembourg-stateless\/2026\/03\/3e367f94-greenpeace_logo_green_rgb.png\",\"contentUrl\":\"https:\/\/www.greenpeace.org\/static\/planet4-luxembourg-stateless\/2026\/03\/3e367f94-greenpeace_logo_green_rgb.png\",\"width\":1080,\"height\":175,\"caption\":\"Greenpeace Luxembourg\"},\"image\":{\"@id\":\"https:\/\/www.greenpeace.org\/luxembourg\/fr\/#\/schema\/logo\/image\/\"},\"sameAs\":[\"https:\/\/www.facebook.com\/greenpeaceluxembourg\",\"https:\/\/www.instagram.com\/greenpeacelux\/\",\"https:\/\/www.linkedin.com\/company\/greenpeace-luxembourg\/\",\"https:\/\/www.threads.com\/@greenpeacelux\",\"https:\/\/bsky.app\/profile\/greenpeacelux.bsky.social\",\"https:\/\/www.youtube.com\/@GreenpeaceLux\",\"https:\/\/www.tiktok.com\/@greenpeace_lux\"]},{\"@type\":\"Person\",\"@id\":\"https:\/\/www.greenpeace.org\/luxembourg\/fr\/#\/schema\/person\/c2ae6002b8ed18c00be0c6b320eea776\",\"name\":\"Myriam Wecker\",\"url\":\"https:\/\/www.greenpeace.org\/luxembourg\/fr\/author\/mwecker\/\"}]}<\/script>\n<!-- \/ Yoast SEO Premium plugin. -->","yoast_head_json":{"title":"Pour prot\u00e9ger le mode de vie Inuit, ArcelorMittal doit s'opposer \u00e0 l'expansion d'une mine canadienne - Greenpeace Luxembourg","robots":{"index":"index","follow":"follow","max-snippet":"max-snippet:-1","max-image-preview":"max-image-preview:large","max-video-preview":"max-video-preview:-1"},"canonical":"https:\/\/www.greenpeace.org\/luxembourg\/fr\/actualites\/13448\/pour-proteger-le-mode-de-vie-inuit-arcelormittal-doit-sopposer-a-lexpansion-dune-mine-canadienne\/","og_locale":"fr_FR","og_type":"article","og_title":"Pour prot\u00e9ger le mode de vie Inuit, ArcelorMittal doit s'opposer \u00e0 l'expansion d'une mine canadienne","og_description":"Naymen Inuarak, un chasseur inuit, a \u00e9crit un commentaire sur le projet de mine de Mary River dans l\u2019Arctique canadien.","og_url":"https:\/\/www.greenpeace.org\/luxembourg\/fr\/actualites\/13448\/pour-proteger-le-mode-de-vie-inuit-arcelormittal-doit-sopposer-a-lexpansion-dune-mine-canadienne\/","og_site_name":"Greenpeace Luxembourg","article_publisher":"https:\/\/www.facebook.com\/greenpeaceluxembourg","article_published_time":"2022-01-11T09:18:09+00:00","article_modified_time":"2022-01-11T09:18:12+00:00","og_image":[{"width":2048,"height":2046,"url":"https:\/\/www.greenpeace.org\/static\/planet4-luxembourg-stateless\/2022\/01\/18bd2a25-christi-belcourt-baffinland.jpg","type":"image\/jpeg"}],"author":"Myriam Wecker","twitter_card":"summary_large_image","twitter_misc":{"Written by":"Myriam Wecker","Est. reading time":"5 minutes"},"schema":{"@context":"https:\/\/schema.org","@graph":[{"@type":"Article","@id":"https:\/\/www.greenpeace.org\/luxembourg\/fr\/actualites\/13448\/pour-proteger-le-mode-de-vie-inuit-arcelormittal-doit-sopposer-a-lexpansion-dune-mine-canadienne\/#article","isPartOf":{"@id":"https:\/\/www.greenpeace.org\/luxembourg\/fr\/actualites\/13448\/pour-proteger-le-mode-de-vie-inuit-arcelormittal-doit-sopposer-a-lexpansion-dune-mine-canadienne\/"},"author":{"name":"Myriam Wecker","@id":"https:\/\/www.greenpeace.org\/luxembourg\/fr\/#\/schema\/person\/c2ae6002b8ed18c00be0c6b320eea776"},"headline":"Pour prot\u00e9ger le mode de vie Inuit, ArcelorMittal doit s&#8217;opposer \u00e0 l&#8217;expansion d&#8217;une mine canadienne","datePublished":"2022-01-11T09:18:09+00:00","dateModified":"2022-01-11T09:18:12+00:00","mainEntityOfPage":{"@id":"https:\/\/www.greenpeace.org\/luxembourg\/fr\/actualites\/13448\/pour-proteger-le-mode-de-vie-inuit-arcelormittal-doit-sopposer-a-lexpansion-dune-mine-canadienne\/"},"wordCount":1062,"publisher":{"@id":"https:\/\/www.greenpeace.org\/luxembourg\/fr\/#organization"},"image":{"@id":"https:\/\/www.greenpeace.org\/luxembourg\/fr\/actualites\/13448\/pour-proteger-le-mode-de-vie-inuit-arcelormittal-doit-sopposer-a-lexpansion-dune-mine-canadienne\/#primaryimage"},"thumbnailUrl":"https:\/\/www.greenpeace.org\/static\/planet4-luxembourg-stateless\/2022\/01\/18bd2a25-christi-belcourt-baffinland.jpg","keywords":["Luxembourg"],"articleSection":["Les enjeux","Nature"],"inLanguage":"fr-LU"},{"@type":"WebPage","@id":"https:\/\/www.greenpeace.org\/luxembourg\/fr\/actualites\/13448\/pour-proteger-le-mode-de-vie-inuit-arcelormittal-doit-sopposer-a-lexpansion-dune-mine-canadienne\/","url":"https:\/\/www.greenpeace.org\/luxembourg\/fr\/actualites\/13448\/pour-proteger-le-mode-de-vie-inuit-arcelormittal-doit-sopposer-a-lexpansion-dune-mine-canadienne\/","name":"Pour prot\u00e9ger le mode de vie Inuit, ArcelorMittal doit s'opposer \u00e0 l'expansion d'une mine canadienne - Greenpeace Luxembourg","isPartOf":{"@id":"https:\/\/www.greenpeace.org\/luxembourg\/fr\/#website"},"primaryImageOfPage":{"@id":"https:\/\/www.greenpeace.org\/luxembourg\/fr\/actualites\/13448\/pour-proteger-le-mode-de-vie-inuit-arcelormittal-doit-sopposer-a-lexpansion-dune-mine-canadienne\/#primaryimage"},"image":{"@id":"https:\/\/www.greenpeace.org\/luxembourg\/fr\/actualites\/13448\/pour-proteger-le-mode-de-vie-inuit-arcelormittal-doit-sopposer-a-lexpansion-dune-mine-canadienne\/#primaryimage"},"thumbnailUrl":"https:\/\/www.greenpeace.org\/static\/planet4-luxembourg-stateless\/2022\/01\/18bd2a25-christi-belcourt-baffinland.jpg","datePublished":"2022-01-11T09:18:09+00:00","dateModified":"2022-01-11T09:18:12+00:00","breadcrumb":{"@id":"https:\/\/www.greenpeace.org\/luxembourg\/fr\/actualites\/13448\/pour-proteger-le-mode-de-vie-inuit-arcelormittal-doit-sopposer-a-lexpansion-dune-mine-canadienne\/#breadcrumb"},"inLanguage":"fr-LU","potentialAction":[{"@type":"ReadAction","target":["https:\/\/www.greenpeace.org\/luxembourg\/fr\/actualites\/13448\/pour-proteger-le-mode-de-vie-inuit-arcelormittal-doit-sopposer-a-lexpansion-dune-mine-canadienne\/"]}]},{"@type":"ImageObject","inLanguage":"fr-LU","@id":"https:\/\/www.greenpeace.org\/luxembourg\/fr\/actualites\/13448\/pour-proteger-le-mode-de-vie-inuit-arcelormittal-doit-sopposer-a-lexpansion-dune-mine-canadienne\/#primaryimage","url":"https:\/\/www.greenpeace.org\/static\/planet4-luxembourg-stateless\/2022\/01\/18bd2a25-christi-belcourt-baffinland.jpg","contentUrl":"https:\/\/www.greenpeace.org\/static\/planet4-luxembourg-stateless\/2022\/01\/18bd2a25-christi-belcourt-baffinland.jpg","width":2048,"height":2046},{"@type":"BreadcrumbList","@id":"https:\/\/www.greenpeace.org\/luxembourg\/fr\/actualites\/13448\/pour-proteger-le-mode-de-vie-inuit-arcelormittal-doit-sopposer-a-lexpansion-dune-mine-canadienne\/#breadcrumb","itemListElement":[{"@type":"ListItem","position":1,"name":"Home","item":"https:\/\/www.greenpeace.org\/luxembourg\/fr\/"},{"@type":"ListItem","position":2,"name":"Pour prot\u00e9ger le mode de vie Inuit, ArcelorMittal doit s&#8217;opposer \u00e0 l&#8217;expansion d&#8217;une mine canadienne"}]},{"@type":"WebSite","@id":"https:\/\/www.greenpeace.org\/luxembourg\/fr\/#website","url":"https:\/\/www.greenpeace.org\/luxembourg\/fr\/","name":"Greenpeace Luxembourg","description":"Greenpeace existe parce que cette Terre fragile a besoin d&#039;une voix. Elle a besoin de solutions. De changement. D&#039;actions.","publisher":{"@id":"https:\/\/www.greenpeace.org\/luxembourg\/fr\/#organization"},"potentialAction":[{"@type":"SearchAction","target":{"@type":"EntryPoint","urlTemplate":"https:\/\/www.greenpeace.org\/luxembourg\/fr\/?s={search_term_string}"},"query-input":{"@type":"PropertyValueSpecification","valueRequired":true,"valueName":"search_term_string"}}],"inLanguage":"fr-LU"},{"@type":"Organization","@id":"https:\/\/www.greenpeace.org\/luxembourg\/fr\/#organization","name":"Greenpeace Luxembourg","url":"https:\/\/www.greenpeace.org\/luxembourg\/fr\/","logo":{"@type":"ImageObject","inLanguage":"fr-LU","@id":"https:\/\/www.greenpeace.org\/luxembourg\/fr\/#\/schema\/logo\/image\/","url":"https:\/\/www.greenpeace.org\/static\/planet4-luxembourg-stateless\/2026\/03\/3e367f94-greenpeace_logo_green_rgb.png","contentUrl":"https:\/\/www.greenpeace.org\/static\/planet4-luxembourg-stateless\/2026\/03\/3e367f94-greenpeace_logo_green_rgb.png","width":1080,"height":175,"caption":"Greenpeace Luxembourg"},"image":{"@id":"https:\/\/www.greenpeace.org\/luxembourg\/fr\/#\/schema\/logo\/image\/"},"sameAs":["https:\/\/www.facebook.com\/greenpeaceluxembourg","https:\/\/www.instagram.com\/greenpeacelux\/","https:\/\/www.linkedin.com\/company\/greenpeace-luxembourg\/","https:\/\/www.threads.com\/@greenpeacelux","https:\/\/bsky.app\/profile\/greenpeacelux.bsky.social","https:\/\/www.youtube.com\/@GreenpeaceLux","https:\/\/www.tiktok.com\/@greenpeace_lux"]},{"@type":"Person","@id":"https:\/\/www.greenpeace.org\/luxembourg\/fr\/#\/schema\/person\/c2ae6002b8ed18c00be0c6b320eea776","name":"Myriam Wecker","url":"https:\/\/www.greenpeace.org\/luxembourg\/fr\/author\/mwecker\/"}]}},"_links":{"self":[{"href":"https:\/\/www.greenpeace.org\/luxembourg\/fr\/wp-json\/wp\/v2\/posts\/13448","targetHints":{"allow":["GET"]}}],"collection":[{"href":"https:\/\/www.greenpeace.org\/luxembourg\/fr\/wp-json\/wp\/v2\/posts"}],"about":[{"href":"https:\/\/www.greenpeace.org\/luxembourg\/fr\/wp-json\/wp\/v2\/types\/post"}],"author":[{"embeddable":true,"href":"https:\/\/www.greenpeace.org\/luxembourg\/fr\/wp-json\/wp\/v2\/users\/31"}],"replies":[{"embeddable":true,"href":"https:\/\/www.greenpeace.org\/luxembourg\/fr\/wp-json\/wp\/v2\/comments?post=13448"}],"version-history":[{"count":1,"href":"https:\/\/www.greenpeace.org\/luxembourg\/fr\/wp-json\/wp\/v2\/posts\/13448\/revisions"}],"predecessor-version":[{"id":13457,"href":"https:\/\/www.greenpeace.org\/luxembourg\/fr\/wp-json\/wp\/v2\/posts\/13448\/revisions\/13457"}],"wp:featuredmedia":[{"embeddable":true,"href":"https:\/\/www.greenpeace.org\/luxembourg\/fr\/wp-json\/wp\/v2\/media\/13449"}],"wp:attachment":[{"href":"https:\/\/www.greenpeace.org\/luxembourg\/fr\/wp-json\/wp\/v2\/media?parent=13448"}],"wp:term":[{"taxonomy":"category","embeddable":true,"href":"https:\/\/www.greenpeace.org\/luxembourg\/fr\/wp-json\/wp\/v2\/categories?post=13448"},{"taxonomy":"post_tag","embeddable":true,"href":"https:\/\/www.greenpeace.org\/luxembourg\/fr\/wp-json\/wp\/v2\/tags?post=13448"},{"taxonomy":"p4-page-type","embeddable":true,"href":"https:\/\/www.greenpeace.org\/luxembourg\/fr\/wp-json\/wp\/v2\/p4-page-type?post=13448"}],"curies":[{"name":"wp","href":"https:\/\/api.w.org\/{rel}","templated":true}]}}