{"id":13515,"date":"2022-02-02T15:14:32","date_gmt":"2022-02-02T13:14:32","guid":{"rendered":"https:\/\/www.greenpeace.org\/luxembourg\/?p=13515"},"modified":"2022-02-02T15:14:35","modified_gmt":"2022-02-02T13:14:35","slug":"linclusion-du-nucleaire-et-du-gaz-est-un-hold-up-sur-la-transition-energetique-europeenne","status":"publish","type":"post","link":"https:\/\/www.greenpeace.org\/luxembourg\/fr\/communiques-de-presse\/13515\/linclusion-du-nucleaire-et-du-gaz-est-un-hold-up-sur-la-transition-energetique-europeenne\/","title":{"rendered":"L&#8217;inclusion du nucl\u00e9aire et du gaz est un hold-up sur la transition \u00e9nerg\u00e9tique europ\u00e9enne"},"content":{"rendered":"\n<p><strong>Bruxelles\/Luxembourg, 2 f\u00e9vrier 2022<\/strong> <strong>&#8211; La Commission europ\u00e9enne a officiellement publi\u00e9 ce jour sa proposition controvers\u00e9e d\u2019inclure l\u2019\u00e9nergie nucl\u00e9aire et le gaz fossile en tant qu\u2019activit\u00e9s durables dans la <a href=\"https:\/\/ec.europa.eu\/info\/business-economy-euro\/banking-and-finance\/sustainable-finance\/eu-taxonomy-sustainable-activities_en\" target=\"_blank\" rel=\"noreferrer noopener\">taxonomie europ\u00e9enne<\/a>. Cette d\u00e9cision inciterait des centaines de milliards d&#8217;euros d&#8217;investissements priv\u00e9s \u00e0 se d\u00e9tourner des \u00e9nergies propres comme les renouvelables pour se tourner vers le nucl\u00e9aire ou le gaz fossile, acc\u00e9l\u00e9rant ainsi la crise climatique.&nbsp;<\/strong><\/p>\n\n<p>Outre leur production de d\u00e9chets radioactifs dangereux et difficile \u00e0 g\u00e9rer, les r\u00e9acteurs nucl\u00e9aires sont si longs \u00e0 construire qu&#8217;ils ne pourront \u00eatre mis en service en temps et en heure pour contribuer \u00e0 la r\u00e9alisation des objectifs climatiques de l&#8217;UE d&#8217;ici \u00e0 2030 \u2013 ce qui, selon les scientifiques, est n\u00e9cessaire afin d\u2019\u00e9viter les pires effets de la crise climatique. Le gaz est aussi le combustible le plus polluant de l\u2019UE, dont la flamb\u00e9e des prix a entra\u00een\u00e9 une crise \u00e9nerg\u00e9tique en Europe.&nbsp;<\/p>\n\n<figure class=\"wp-block-image size-full\"><img loading=\"lazy\" decoding=\"async\" width=\"800\" height=\"533\" src=\"https:\/\/www.greenpeace.org\/static\/planet4-luxembourg-stateless\/2022\/02\/dc4fbf10-gp1swnvo_web_size_with_credit_line.jpg\" alt=\"\" class=\"wp-image-13519\" srcset=\"https:\/\/www.greenpeace.org\/static\/planet4-luxembourg-stateless\/2022\/02\/dc4fbf10-gp1swnvo_web_size_with_credit_line.jpg 800w, https:\/\/www.greenpeace.org\/static\/planet4-luxembourg-stateless\/2022\/02\/dc4fbf10-gp1swnvo_web_size_with_credit_line-300x200.jpg 300w, https:\/\/www.greenpeace.org\/static\/planet4-luxembourg-stateless\/2022\/02\/dc4fbf10-gp1swnvo_web_size_with_credit_line-768x512.jpg 768w, https:\/\/www.greenpeace.org\/static\/planet4-luxembourg-stateless\/2022\/02\/dc4fbf10-gp1swnvo_web_size_with_credit_line-510x340.jpg 510w\" sizes=\"auto, (max-width: 800px) 100vw, 800px\" \/><figcaption>Des militant.es de Greenpeace Belgique installent un dinosaure g\u00e9ant devant le si\u00e8ge de la Commission europ\u00e9enne et du Conseil europ\u00e9en \u00e0 Bruxelles pour protester contre l&#8217;inclusion \u00e9ventuelle du gaz fossile et de l&#8217;\u00e9nergie nucl\u00e9aire dans la &#8220;taxonomie&#8221; de l&#8217;UE, ou liste de lignes directrices pour les investissements durables.<\/figcaption><\/figure>\n\n<p><em>\u00ab Bonjour, j\u2019aimerais signaler une tentative de cambriolage. Quelqu\u2019un essaye de mettre la main sur les milliards d\u2019euros des renouvelables pour les \u00e9couler dans des technologies comme le nucl\u00e9aire, qui ne font rien pour la crise climatique, ou le gaz fossile, qui aggrave volontairement le probl\u00e8me. La suspecte se trouve au si\u00e8ge de la Commission europ\u00e9enne et s&#8217;est d\u00e9guis\u00e9e en une personne \u00e0 prendre au s\u00e9rieux sur la crise du climat et de la nature \u00bb, <\/em>ironise Ariadna Rodrigo, charg\u00e9e de campagne finance pour Greenpeace EU.<\/p>\n\n<p>\u00ab <em>Cette proposition, qui va \u00e0 l\u2019encontre des recommandations scientifiques, d\u00e9cr\u00e9dibilise les pr\u00e9tentions de l&#8217;UE \u00e0 jouer un r\u00f4le de premier plan en mati\u00e8re de climat et d&#8217;environnement. Selon Greenpeace, l&#8217;inclusion du gaz et du nucl\u00e9aire dans la taxonomie est de plus en plus difficile \u00e0 expliquer autrement que comme un cadeau fait \u00e0 deux industries d\u00e9sesp\u00e9r\u00e9es et repr\u00e9sente sans doute le plus grand exercice de greenwashing de tous les temps<\/em> \u00bb, poursuit-elle.<\/p>\n\n<p>La <a href=\"https:\/\/ec.europa.eu\/info\/files\/220121-sustainable-finance-platform-response-taxonomy-complementary-delegated-act_en\" target=\"_blank\" rel=\"noreferrer noopener\">Plateforme sur la finance durable<\/a> (<em>Platform on Sustainable Finance<\/em>), un organisme compos\u00e9 de plus de 50 expert\u00b7es issu\u00b7es du monde des affaires, de l&#8217;universit\u00e9 et de la soci\u00e9t\u00e9 civile et dont le r\u00f4le consiste \u00e0 conseiller la Commission europ\u00e9enne au sujet de sa politique financi\u00e8re durable, estime dans son r\u00e9actif officiel que les dispositions relatives \u00e0 l&#8217;\u00e9nergie nucl\u00e9aire, notamment&nbsp; les d\u00e9chets radioactifs, violent l\u2019un principe cl\u00e9 de la taxonomie, qui vise \u00e0 garantir que toutes les technologies incluses \u00ab <em>ne nuisent pas de mani\u00e8re significative<\/em> \u00bb \u00e0 l\u2019environnement. Le <a href=\"https:\/\/www.iigcc.org\/news\/iigcc-publishes-open-letter-calling-for-gas-to-be-excluded-from-the-eu-taxonomy\/\" target=\"_blank\" rel=\"noreferrer noopener\">Groupe des investisseurs institutionnels sur le changement climatique<\/a>, dont les membres repr\u00e9sentent plus de 50 000 milliards d&#8217;euros d&#8217;actifs sous gestion, consid\u00e8re \u00e9galement que les propositions de la Commission sur le gaz \u00ab <em>canaliseraient les capitaux vers des activit\u00e9s incompatibles avec l&#8217;engagement de l&#8217;UE en faveur de la neutralit\u00e9 climatique d&#8217;ici 2050<\/em> \u00bb.&nbsp;<\/p>\n\n<p>Aux yeux des juristes en droit environnemental de l&#8217;ONG <a href=\"https:\/\/www.clientearth.org\/latest\/press-office\/press\/environmental-lawyers-eye-legal-action-over-gas-in-eu-taxonomy\/\" target=\"_blank\" rel=\"noreferrer noopener\">ClientEarth<\/a>, l&#8217;inclusion dans la taxonomie du gaz fossile, premi\u00e8re source d&#8217;\u00e9missions \u00e9nerg\u00e9tiques en Europe, est inconciliable avec plusieurs lois europ\u00e9ennes, notamment celle de 2021 sur le climat.<a href=\"https:\/\/www.ft.com\/content\/48d44c9a-298e-4203-a160-772a032d1c36\" target=\"_blank\" rel=\"noreferrer noopener\"> Plusieurs gouvernements et organisations<\/a> pr\u00e9voiraient de contester <a href=\"https:\/\/www.bmk.gv.at\/themen\/klima_umwelt\/nuklearpolitik\/aikk\/warum.html\" target=\"_blank\" rel=\"noreferrer noopener\">juridiquement <\/a>l&#8217;inclusion du gaz et du nucl\u00e9aire dans la taxonomie.<\/p>\n\n<p><strong>Prochaines \u00e9tapes :&nbsp;<\/strong><\/p>\n\n<p>Le plan de la Commission devrait faire l&#8217;objet d&#8217;une r\u00e9action imm\u00e9diate de la part des <a href=\"https:\/\/www.euractiv.com\/section\/energy-environment\/news\/fury-in-parliament-as-eu-green-taxonomy-deadline-expires\/\" target=\"_blank\" rel=\"noreferrer noopener\">membres du Parlement europ\u00e9en<\/a>, exclu\u00b7es du processus et jusqu&#8217;\u00e0 pr\u00e9sent priv\u00e9\u00b7es de la possibilit\u00e9 d&#8217;examiner cet ensemble de propositions controvers\u00e9es.<\/p>\n\n<p>Greenpeace leur demande de voter contre cette proposition. Une majorit\u00e9 du Parlement, soit 353 d\u00e9put\u00e9\u00b7es, est n\u00e9cessaire pour la rejeter.&nbsp;<\/p>\n\n<p>Greenpeace exhorte \u00e9galement toutes les institutions financi\u00e8res de l&#8217;UE \u00e0 ne pas consid\u00e9rer les investissements dans le nucl\u00e9aire et le gaz comme \u00e9cologiquement durables et \u00e0 faire preuve de transparence et d&#8217;esprit scientifique dans leurs d\u00e9cisions.<\/p>\n","protected":false},"excerpt":{"rendered":"<p>La Commission europ\u00e9enne inclut l\u2019\u00e9nergie nucl\u00e9aire et le gaz fossile en tant qu\u2019activit\u00e9s durables dans la taxonomie.<\/p>\n","protected":false},"author":31,"featured_media":13516,"comment_status":"closed","ping_status":"closed","sticky":false,"template":"","format":"standard","meta":{"ep_exclude_from_search":false,"p4_og_title":"","p4_og_description":"","p4_og_image":"","p4_og_image_id":"","p4_seo_canonical_url":"","p4_campaign_name":"not set","p4_local_project":"not set","p4_basket_name":"not set","p4_department":"","footnotes":""},"categories":[41,42,40],"tags":[30,32,35],"p4-page-type":[83],"class_list":["post-13515","post","type-post","status-publish","format-standard","has-post-thumbnail","hentry","category-climat","category-energie","category-enjeux","tag-nucleaire","tag-luxembourg","tag-energiesfossiles","p4-page-type-communiques-de-presse"],"yoast_head":"<!-- This site is optimized with the Yoast SEO Premium plugin v23.9 (Yoast SEO v23.9) - https:\/\/yoast.com\/wordpress\/plugins\/seo\/ -->\n<title>L&#039;inclusion du nucl\u00e9aire et du gaz est un hold-up sur la transition \u00e9nerg\u00e9tique europ\u00e9enne - Greenpeace Luxembourg<\/title>\n<meta name=\"robots\" content=\"index, follow, max-snippet:-1, max-image-preview:large, max-video-preview:-1\" \/>\n<link rel=\"canonical\" href=\"https:\/\/www.greenpeace.org\/luxembourg\/fr\/communiques-de-presse\/13515\/linclusion-du-nucleaire-et-du-gaz-est-un-hold-up-sur-la-transition-energetique-europeenne\/\" \/>\n<meta property=\"og:locale\" content=\"fr_FR\" \/>\n<meta property=\"og:type\" content=\"article\" \/>\n<meta property=\"og:title\" content=\"L&#039;inclusion du nucl\u00e9aire et du gaz est un hold-up sur la transition \u00e9nerg\u00e9tique europ\u00e9enne\" \/>\n<meta property=\"og:description\" content=\"La Commission europ\u00e9enne inclut l\u2019\u00e9nergie nucl\u00e9aire et le gaz fossile en tant qu\u2019activit\u00e9s durables dans la taxonomie.\" \/>\n<meta property=\"og:url\" content=\"https:\/\/www.greenpeace.org\/luxembourg\/fr\/communiques-de-presse\/13515\/linclusion-du-nucleaire-et-du-gaz-est-un-hold-up-sur-la-transition-energetique-europeenne\/\" \/>\n<meta property=\"og:site_name\" content=\"Greenpeace Luxembourg\" \/>\n<meta property=\"article:publisher\" content=\"https:\/\/www.facebook.com\/greenpeaceluxembourg\" \/>\n<meta property=\"article:published_time\" content=\"2022-02-02T13:14:32+00:00\" \/>\n<meta property=\"article:modified_time\" content=\"2022-02-02T13:14:35+00:00\" \/>\n<meta property=\"og:image\" content=\"https:\/\/www.greenpeace.org\/static\/planet4-luxembourg-stateless\/2022\/02\/00b1ce45-macro-td4.png\" \/>\n\t<meta property=\"og:image:width\" content=\"1000\" \/>\n\t<meta property=\"og:image:height\" content=\"1000\" \/>\n\t<meta property=\"og:image:type\" content=\"image\/png\" \/>\n<meta name=\"author\" content=\"Myriam Wecker\" \/>\n<meta name=\"twitter:card\" content=\"summary_large_image\" \/>\n<meta name=\"twitter:label1\" content=\"Written by\" \/>\n\t<meta name=\"twitter:data1\" content=\"Myriam Wecker\" \/>\n\t<meta name=\"twitter:label2\" content=\"Est. reading time\" \/>\n\t<meta name=\"twitter:data2\" content=\"4 minutes\" \/>\n<script type=\"application\/ld+json\" class=\"yoast-schema-graph\">{\"@context\":\"https:\/\/schema.org\",\"@graph\":[{\"@type\":\"Article\",\"@id\":\"https:\/\/www.greenpeace.org\/luxembourg\/fr\/communiques-de-presse\/13515\/linclusion-du-nucleaire-et-du-gaz-est-un-hold-up-sur-la-transition-energetique-europeenne\/#article\",\"isPartOf\":{\"@id\":\"https:\/\/www.greenpeace.org\/luxembourg\/fr\/communiques-de-presse\/13515\/linclusion-du-nucleaire-et-du-gaz-est-un-hold-up-sur-la-transition-energetique-europeenne\/\"},\"author\":{\"name\":\"Myriam Wecker\",\"@id\":\"https:\/\/www.greenpeace.org\/luxembourg\/fr\/#\/schema\/person\/c2ae6002b8ed18c00be0c6b320eea776\"},\"headline\":\"L&#8217;inclusion du nucl\u00e9aire et du gaz est un hold-up sur la transition \u00e9nerg\u00e9tique europ\u00e9enne\",\"datePublished\":\"2022-02-02T13:14:32+00:00\",\"dateModified\":\"2022-02-02T13:14:35+00:00\",\"mainEntityOfPage\":{\"@id\":\"https:\/\/www.greenpeace.org\/luxembourg\/fr\/communiques-de-presse\/13515\/linclusion-du-nucleaire-et-du-gaz-est-un-hold-up-sur-la-transition-energetique-europeenne\/\"},\"wordCount\":751,\"publisher\":{\"@id\":\"https:\/\/www.greenpeace.org\/luxembourg\/fr\/#organization\"},\"image\":{\"@id\":\"https:\/\/www.greenpeace.org\/luxembourg\/fr\/communiques-de-presse\/13515\/linclusion-du-nucleaire-et-du-gaz-est-un-hold-up-sur-la-transition-energetique-europeenne\/#primaryimage\"},\"thumbnailUrl\":\"https:\/\/www.greenpeace.org\/static\/planet4-luxembourg-stateless\/2022\/02\/00b1ce45-macro-td4.png\",\"keywords\":[\"Nucl\u00e9aire\",\"Luxembourg\",\"EnergiesFossiles\"],\"articleSection\":[\"Climat\",\"\u00c9nergie\",\"Les enjeux\"],\"inLanguage\":\"fr-LU\"},{\"@type\":\"WebPage\",\"@id\":\"https:\/\/www.greenpeace.org\/luxembourg\/fr\/communiques-de-presse\/13515\/linclusion-du-nucleaire-et-du-gaz-est-un-hold-up-sur-la-transition-energetique-europeenne\/\",\"url\":\"https:\/\/www.greenpeace.org\/luxembourg\/fr\/communiques-de-presse\/13515\/linclusion-du-nucleaire-et-du-gaz-est-un-hold-up-sur-la-transition-energetique-europeenne\/\",\"name\":\"L'inclusion du nucl\u00e9aire et du gaz est un hold-up sur la transition \u00e9nerg\u00e9tique europ\u00e9enne - Greenpeace Luxembourg\",\"isPartOf\":{\"@id\":\"https:\/\/www.greenpeace.org\/luxembourg\/fr\/#website\"},\"primaryImageOfPage\":{\"@id\":\"https:\/\/www.greenpeace.org\/luxembourg\/fr\/communiques-de-presse\/13515\/linclusion-du-nucleaire-et-du-gaz-est-un-hold-up-sur-la-transition-energetique-europeenne\/#primaryimage\"},\"image\":{\"@id\":\"https:\/\/www.greenpeace.org\/luxembourg\/fr\/communiques-de-presse\/13515\/linclusion-du-nucleaire-et-du-gaz-est-un-hold-up-sur-la-transition-energetique-europeenne\/#primaryimage\"},\"thumbnailUrl\":\"https:\/\/www.greenpeace.org\/static\/planet4-luxembourg-stateless\/2022\/02\/00b1ce45-macro-td4.png\",\"datePublished\":\"2022-02-02T13:14:32+00:00\",\"dateModified\":\"2022-02-02T13:14:35+00:00\",\"breadcrumb\":{\"@id\":\"https:\/\/www.greenpeace.org\/luxembourg\/fr\/communiques-de-presse\/13515\/linclusion-du-nucleaire-et-du-gaz-est-un-hold-up-sur-la-transition-energetique-europeenne\/#breadcrumb\"},\"inLanguage\":\"fr-LU\",\"potentialAction\":[{\"@type\":\"ReadAction\",\"target\":[\"https:\/\/www.greenpeace.org\/luxembourg\/fr\/communiques-de-presse\/13515\/linclusion-du-nucleaire-et-du-gaz-est-un-hold-up-sur-la-transition-energetique-europeenne\/\"]}]},{\"@type\":\"ImageObject\",\"inLanguage\":\"fr-LU\",\"@id\":\"https:\/\/www.greenpeace.org\/luxembourg\/fr\/communiques-de-presse\/13515\/linclusion-du-nucleaire-et-du-gaz-est-un-hold-up-sur-la-transition-energetique-europeenne\/#primaryimage\",\"url\":\"https:\/\/www.greenpeace.org\/static\/planet4-luxembourg-stateless\/2022\/02\/00b1ce45-macro-td4.png\",\"contentUrl\":\"https:\/\/www.greenpeace.org\/static\/planet4-luxembourg-stateless\/2022\/02\/00b1ce45-macro-td4.png\",\"width\":1000,\"height\":1000},{\"@type\":\"BreadcrumbList\",\"@id\":\"https:\/\/www.greenpeace.org\/luxembourg\/fr\/communiques-de-presse\/13515\/linclusion-du-nucleaire-et-du-gaz-est-un-hold-up-sur-la-transition-energetique-europeenne\/#breadcrumb\",\"itemListElement\":[{\"@type\":\"ListItem\",\"position\":1,\"name\":\"Home\",\"item\":\"https:\/\/www.greenpeace.org\/luxembourg\/fr\/\"},{\"@type\":\"ListItem\",\"position\":2,\"name\":\"L&#8217;inclusion du nucl\u00e9aire et du gaz est un hold-up sur la transition \u00e9nerg\u00e9tique europ\u00e9enne\"}]},{\"@type\":\"WebSite\",\"@id\":\"https:\/\/www.greenpeace.org\/luxembourg\/fr\/#website\",\"url\":\"https:\/\/www.greenpeace.org\/luxembourg\/fr\/\",\"name\":\"Greenpeace Luxembourg\",\"description\":\"Greenpeace existe parce que cette Terre fragile a besoin d&#039;une voix. Elle a besoin de solutions. De changement. D&#039;actions.\",\"publisher\":{\"@id\":\"https:\/\/www.greenpeace.org\/luxembourg\/fr\/#organization\"},\"potentialAction\":[{\"@type\":\"SearchAction\",\"target\":{\"@type\":\"EntryPoint\",\"urlTemplate\":\"https:\/\/www.greenpeace.org\/luxembourg\/fr\/?s={search_term_string}\"},\"query-input\":{\"@type\":\"PropertyValueSpecification\",\"valueRequired\":true,\"valueName\":\"search_term_string\"}}],\"inLanguage\":\"fr-LU\"},{\"@type\":\"Organization\",\"@id\":\"https:\/\/www.greenpeace.org\/luxembourg\/fr\/#organization\",\"name\":\"Greenpeace Luxembourg\",\"url\":\"https:\/\/www.greenpeace.org\/luxembourg\/fr\/\",\"logo\":{\"@type\":\"ImageObject\",\"inLanguage\":\"fr-LU\",\"@id\":\"https:\/\/www.greenpeace.org\/luxembourg\/fr\/#\/schema\/logo\/image\/\",\"url\":\"https:\/\/www.greenpeace.org\/static\/planet4-luxembourg-stateless\/2026\/03\/3e367f94-greenpeace_logo_green_rgb.png\",\"contentUrl\":\"https:\/\/www.greenpeace.org\/static\/planet4-luxembourg-stateless\/2026\/03\/3e367f94-greenpeace_logo_green_rgb.png\",\"width\":1080,\"height\":175,\"caption\":\"Greenpeace Luxembourg\"},\"image\":{\"@id\":\"https:\/\/www.greenpeace.org\/luxembourg\/fr\/#\/schema\/logo\/image\/\"},\"sameAs\":[\"https:\/\/www.facebook.com\/greenpeaceluxembourg\",\"https:\/\/www.instagram.com\/greenpeacelux\/\",\"https:\/\/www.linkedin.com\/company\/greenpeace-luxembourg\/\",\"https:\/\/www.threads.com\/@greenpeacelux\",\"https:\/\/bsky.app\/profile\/greenpeacelux.bsky.social\",\"https:\/\/www.youtube.com\/@GreenpeaceLux\",\"https:\/\/www.tiktok.com\/@greenpeace_lux\"]},{\"@type\":\"Person\",\"@id\":\"https:\/\/www.greenpeace.org\/luxembourg\/fr\/#\/schema\/person\/c2ae6002b8ed18c00be0c6b320eea776\",\"name\":\"Myriam Wecker\",\"url\":\"https:\/\/www.greenpeace.org\/luxembourg\/fr\/author\/mwecker\/\"}]}<\/script>\n<!-- \/ Yoast SEO Premium plugin. -->","yoast_head_json":{"title":"L'inclusion du nucl\u00e9aire et du gaz est un hold-up sur la transition \u00e9nerg\u00e9tique europ\u00e9enne - Greenpeace Luxembourg","robots":{"index":"index","follow":"follow","max-snippet":"max-snippet:-1","max-image-preview":"max-image-preview:large","max-video-preview":"max-video-preview:-1"},"canonical":"https:\/\/www.greenpeace.org\/luxembourg\/fr\/communiques-de-presse\/13515\/linclusion-du-nucleaire-et-du-gaz-est-un-hold-up-sur-la-transition-energetique-europeenne\/","og_locale":"fr_FR","og_type":"article","og_title":"L'inclusion du nucl\u00e9aire et du gaz est un hold-up sur la transition \u00e9nerg\u00e9tique europ\u00e9enne","og_description":"La Commission europ\u00e9enne inclut l\u2019\u00e9nergie nucl\u00e9aire et le gaz fossile en tant qu\u2019activit\u00e9s durables dans la taxonomie.","og_url":"https:\/\/www.greenpeace.org\/luxembourg\/fr\/communiques-de-presse\/13515\/linclusion-du-nucleaire-et-du-gaz-est-un-hold-up-sur-la-transition-energetique-europeenne\/","og_site_name":"Greenpeace Luxembourg","article_publisher":"https:\/\/www.facebook.com\/greenpeaceluxembourg","article_published_time":"2022-02-02T13:14:32+00:00","article_modified_time":"2022-02-02T13:14:35+00:00","og_image":[{"width":1000,"height":1000,"url":"https:\/\/www.greenpeace.org\/static\/planet4-luxembourg-stateless\/2022\/02\/00b1ce45-macro-td4.png","type":"image\/png"}],"author":"Myriam Wecker","twitter_card":"summary_large_image","twitter_misc":{"Written by":"Myriam Wecker","Est. reading time":"4 minutes"},"schema":{"@context":"https:\/\/schema.org","@graph":[{"@type":"Article","@id":"https:\/\/www.greenpeace.org\/luxembourg\/fr\/communiques-de-presse\/13515\/linclusion-du-nucleaire-et-du-gaz-est-un-hold-up-sur-la-transition-energetique-europeenne\/#article","isPartOf":{"@id":"https:\/\/www.greenpeace.org\/luxembourg\/fr\/communiques-de-presse\/13515\/linclusion-du-nucleaire-et-du-gaz-est-un-hold-up-sur-la-transition-energetique-europeenne\/"},"author":{"name":"Myriam Wecker","@id":"https:\/\/www.greenpeace.org\/luxembourg\/fr\/#\/schema\/person\/c2ae6002b8ed18c00be0c6b320eea776"},"headline":"L&#8217;inclusion du nucl\u00e9aire et du gaz est un hold-up sur la transition \u00e9nerg\u00e9tique europ\u00e9enne","datePublished":"2022-02-02T13:14:32+00:00","dateModified":"2022-02-02T13:14:35+00:00","mainEntityOfPage":{"@id":"https:\/\/www.greenpeace.org\/luxembourg\/fr\/communiques-de-presse\/13515\/linclusion-du-nucleaire-et-du-gaz-est-un-hold-up-sur-la-transition-energetique-europeenne\/"},"wordCount":751,"publisher":{"@id":"https:\/\/www.greenpeace.org\/luxembourg\/fr\/#organization"},"image":{"@id":"https:\/\/www.greenpeace.org\/luxembourg\/fr\/communiques-de-presse\/13515\/linclusion-du-nucleaire-et-du-gaz-est-un-hold-up-sur-la-transition-energetique-europeenne\/#primaryimage"},"thumbnailUrl":"https:\/\/www.greenpeace.org\/static\/planet4-luxembourg-stateless\/2022\/02\/00b1ce45-macro-td4.png","keywords":["Nucl\u00e9aire","Luxembourg","EnergiesFossiles"],"articleSection":["Climat","\u00c9nergie","Les enjeux"],"inLanguage":"fr-LU"},{"@type":"WebPage","@id":"https:\/\/www.greenpeace.org\/luxembourg\/fr\/communiques-de-presse\/13515\/linclusion-du-nucleaire-et-du-gaz-est-un-hold-up-sur-la-transition-energetique-europeenne\/","url":"https:\/\/www.greenpeace.org\/luxembourg\/fr\/communiques-de-presse\/13515\/linclusion-du-nucleaire-et-du-gaz-est-un-hold-up-sur-la-transition-energetique-europeenne\/","name":"L'inclusion du nucl\u00e9aire et du gaz est un hold-up sur la transition \u00e9nerg\u00e9tique europ\u00e9enne - Greenpeace Luxembourg","isPartOf":{"@id":"https:\/\/www.greenpeace.org\/luxembourg\/fr\/#website"},"primaryImageOfPage":{"@id":"https:\/\/www.greenpeace.org\/luxembourg\/fr\/communiques-de-presse\/13515\/linclusion-du-nucleaire-et-du-gaz-est-un-hold-up-sur-la-transition-energetique-europeenne\/#primaryimage"},"image":{"@id":"https:\/\/www.greenpeace.org\/luxembourg\/fr\/communiques-de-presse\/13515\/linclusion-du-nucleaire-et-du-gaz-est-un-hold-up-sur-la-transition-energetique-europeenne\/#primaryimage"},"thumbnailUrl":"https:\/\/www.greenpeace.org\/static\/planet4-luxembourg-stateless\/2022\/02\/00b1ce45-macro-td4.png","datePublished":"2022-02-02T13:14:32+00:00","dateModified":"2022-02-02T13:14:35+00:00","breadcrumb":{"@id":"https:\/\/www.greenpeace.org\/luxembourg\/fr\/communiques-de-presse\/13515\/linclusion-du-nucleaire-et-du-gaz-est-un-hold-up-sur-la-transition-energetique-europeenne\/#breadcrumb"},"inLanguage":"fr-LU","potentialAction":[{"@type":"ReadAction","target":["https:\/\/www.greenpeace.org\/luxembourg\/fr\/communiques-de-presse\/13515\/linclusion-du-nucleaire-et-du-gaz-est-un-hold-up-sur-la-transition-energetique-europeenne\/"]}]},{"@type":"ImageObject","inLanguage":"fr-LU","@id":"https:\/\/www.greenpeace.org\/luxembourg\/fr\/communiques-de-presse\/13515\/linclusion-du-nucleaire-et-du-gaz-est-un-hold-up-sur-la-transition-energetique-europeenne\/#primaryimage","url":"https:\/\/www.greenpeace.org\/static\/planet4-luxembourg-stateless\/2022\/02\/00b1ce45-macro-td4.png","contentUrl":"https:\/\/www.greenpeace.org\/static\/planet4-luxembourg-stateless\/2022\/02\/00b1ce45-macro-td4.png","width":1000,"height":1000},{"@type":"BreadcrumbList","@id":"https:\/\/www.greenpeace.org\/luxembourg\/fr\/communiques-de-presse\/13515\/linclusion-du-nucleaire-et-du-gaz-est-un-hold-up-sur-la-transition-energetique-europeenne\/#breadcrumb","itemListElement":[{"@type":"ListItem","position":1,"name":"Home","item":"https:\/\/www.greenpeace.org\/luxembourg\/fr\/"},{"@type":"ListItem","position":2,"name":"L&#8217;inclusion du nucl\u00e9aire et du gaz est un hold-up sur la transition \u00e9nerg\u00e9tique europ\u00e9enne"}]},{"@type":"WebSite","@id":"https:\/\/www.greenpeace.org\/luxembourg\/fr\/#website","url":"https:\/\/www.greenpeace.org\/luxembourg\/fr\/","name":"Greenpeace Luxembourg","description":"Greenpeace existe parce que cette Terre fragile a besoin d&#039;une voix. Elle a besoin de solutions. De changement. D&#039;actions.","publisher":{"@id":"https:\/\/www.greenpeace.org\/luxembourg\/fr\/#organization"},"potentialAction":[{"@type":"SearchAction","target":{"@type":"EntryPoint","urlTemplate":"https:\/\/www.greenpeace.org\/luxembourg\/fr\/?s={search_term_string}"},"query-input":{"@type":"PropertyValueSpecification","valueRequired":true,"valueName":"search_term_string"}}],"inLanguage":"fr-LU"},{"@type":"Organization","@id":"https:\/\/www.greenpeace.org\/luxembourg\/fr\/#organization","name":"Greenpeace Luxembourg","url":"https:\/\/www.greenpeace.org\/luxembourg\/fr\/","logo":{"@type":"ImageObject","inLanguage":"fr-LU","@id":"https:\/\/www.greenpeace.org\/luxembourg\/fr\/#\/schema\/logo\/image\/","url":"https:\/\/www.greenpeace.org\/static\/planet4-luxembourg-stateless\/2026\/03\/3e367f94-greenpeace_logo_green_rgb.png","contentUrl":"https:\/\/www.greenpeace.org\/static\/planet4-luxembourg-stateless\/2026\/03\/3e367f94-greenpeace_logo_green_rgb.png","width":1080,"height":175,"caption":"Greenpeace Luxembourg"},"image":{"@id":"https:\/\/www.greenpeace.org\/luxembourg\/fr\/#\/schema\/logo\/image\/"},"sameAs":["https:\/\/www.facebook.com\/greenpeaceluxembourg","https:\/\/www.instagram.com\/greenpeacelux\/","https:\/\/www.linkedin.com\/company\/greenpeace-luxembourg\/","https:\/\/www.threads.com\/@greenpeacelux","https:\/\/bsky.app\/profile\/greenpeacelux.bsky.social","https:\/\/www.youtube.com\/@GreenpeaceLux","https:\/\/www.tiktok.com\/@greenpeace_lux"]},{"@type":"Person","@id":"https:\/\/www.greenpeace.org\/luxembourg\/fr\/#\/schema\/person\/c2ae6002b8ed18c00be0c6b320eea776","name":"Myriam Wecker","url":"https:\/\/www.greenpeace.org\/luxembourg\/fr\/author\/mwecker\/"}]}},"_links":{"self":[{"href":"https:\/\/www.greenpeace.org\/luxembourg\/fr\/wp-json\/wp\/v2\/posts\/13515","targetHints":{"allow":["GET"]}}],"collection":[{"href":"https:\/\/www.greenpeace.org\/luxembourg\/fr\/wp-json\/wp\/v2\/posts"}],"about":[{"href":"https:\/\/www.greenpeace.org\/luxembourg\/fr\/wp-json\/wp\/v2\/types\/post"}],"author":[{"embeddable":true,"href":"https:\/\/www.greenpeace.org\/luxembourg\/fr\/wp-json\/wp\/v2\/users\/31"}],"replies":[{"embeddable":true,"href":"https:\/\/www.greenpeace.org\/luxembourg\/fr\/wp-json\/wp\/v2\/comments?post=13515"}],"version-history":[{"count":3,"href":"https:\/\/www.greenpeace.org\/luxembourg\/fr\/wp-json\/wp\/v2\/posts\/13515\/revisions"}],"predecessor-version":[{"id":13525,"href":"https:\/\/www.greenpeace.org\/luxembourg\/fr\/wp-json\/wp\/v2\/posts\/13515\/revisions\/13525"}],"wp:featuredmedia":[{"embeddable":true,"href":"https:\/\/www.greenpeace.org\/luxembourg\/fr\/wp-json\/wp\/v2\/media\/13516"}],"wp:attachment":[{"href":"https:\/\/www.greenpeace.org\/luxembourg\/fr\/wp-json\/wp\/v2\/media?parent=13515"}],"wp:term":[{"taxonomy":"category","embeddable":true,"href":"https:\/\/www.greenpeace.org\/luxembourg\/fr\/wp-json\/wp\/v2\/categories?post=13515"},{"taxonomy":"post_tag","embeddable":true,"href":"https:\/\/www.greenpeace.org\/luxembourg\/fr\/wp-json\/wp\/v2\/tags?post=13515"},{"taxonomy":"p4-page-type","embeddable":true,"href":"https:\/\/www.greenpeace.org\/luxembourg\/fr\/wp-json\/wp\/v2\/p4-page-type?post=13515"}],"curies":[{"name":"wp","href":"https:\/\/api.w.org\/{rel}","templated":true}]}}