{"id":13703,"date":"2022-02-28T14:53:02","date_gmt":"2022-02-28T12:53:02","guid":{"rendered":"https:\/\/www.greenpeace.org\/luxembourg\/?p=13703"},"modified":"2022-02-28T14:53:05","modified_gmt":"2022-02-28T12:53:05","slug":"les-risques-climatiques-predits-par-le-giec-menacent-les-droits-humains","status":"publish","type":"post","link":"https:\/\/www.greenpeace.org\/luxembourg\/fr\/communiques-de-presse\/13703\/les-risques-climatiques-predits-par-le-giec-menacent-les-droits-humains\/","title":{"rendered":"Les risques climatiques pr\u00e9dits par le GIEC menacent les droits humains"},"content":{"rendered":"\n<h2 class=\"wp-block-heading\">\u00c0 l&#8217;approche d\u2019une nouvelle marche pour le climat, Greenpeace demande un Fonds de Compensation sans \u00e9nergies fossiles&nbsp;&nbsp;<\/h2>\n\n<p><em>Luxembourg, 28 f\u00e9vrier 2022<\/em> &#8211; <strong>Le groupe de travail II du Groupe d&#8217;experts intergouvernemental sur l&#8217;\u00e9volution du climat (GIEC) a pr\u00e9sent\u00e9 aujourd&#8217;hui sa derni\u00e8re \u00e9valuation scientifique, la plus compl\u00e8te \u00e0 ce jour, au sujet des cons\u00e9quences du r\u00e9chauffement climatique [1]. Le rapport montre les r\u00e9percussions catastrophiques de celui-ci sur les \u00e9cosyst\u00e8mes et les populations du monde entier. Le changement climatique affecte les droits humains, tels que les droits \u00e0 la vie et \u00e0 la sant\u00e9, \u00e0 la nourriture, \u00e0 l&#8217;eau et au logement. Face \u00e0 cette urgence, Greenpeace exige des efforts plus ambitieux pour r\u00e9duire les \u00e9missions de gaz \u00e0 effet de serre du Luxembourg. Tous les secteurs de l&#8217;\u00e9conomie, aussi bien les institutions financi\u00e8res que publiques &#8211; \u00e0 l&#8217;instar du FDC, le fonds de pension souverain &#8211; doivent assumer leurs responsabilit\u00e9s.<\/strong><\/p>\n\n<p>Le rapport du GIEC agr\u00e8ge les derni\u00e8res connaissances scientifiques sur les impacts, l&#8217;adaptation et la vuln\u00e9rabilit\u00e9 et souligne l\u2019augmentation des dangers et des risques climatiques li\u00e9s au r\u00e9chauffement de la plan\u00e8te. Il s\u2019agit du dernier rapport en date d\u2019une s\u00e9rie&nbsp; qui, depuis 2014, met en garde contre la menace du d\u00e9r\u00e8glement climatique pour la survie de l&#8217;humanit\u00e9 et de la Terre. Pourtant, les gouvernements, les entreprises ainsi que le secteur financier n&#8217;ont toujours pas pris les mesures imp\u00e9ratives et n\u00e9cessaires pour rem\u00e9dier \u00e0 l&#8217;urgence climatique.<\/p>\n\n<figure class=\"wp-block-image size-full is-resized\"><img loading=\"lazy\" decoding=\"async\" src=\"https:\/\/www.greenpeace.org\/static\/planet4-luxembourg-stateless\/2022\/02\/69ddeb88-gp1svr4y_web_size_with_credit_line-1.jpg\" alt=\"\" class=\"wp-image-13707\" width=\"600\" height=\"400\" srcset=\"https:\/\/www.greenpeace.org\/static\/planet4-luxembourg-stateless\/2022\/02\/69ddeb88-gp1svr4y_web_size_with_credit_line-1.jpg 800w, https:\/\/www.greenpeace.org\/static\/planet4-luxembourg-stateless\/2022\/02\/69ddeb88-gp1svr4y_web_size_with_credit_line-1-300x200.jpg 300w, https:\/\/www.greenpeace.org\/static\/planet4-luxembourg-stateless\/2022\/02\/69ddeb88-gp1svr4y_web_size_with_credit_line-1-768x512.jpg 768w, https:\/\/www.greenpeace.org\/static\/planet4-luxembourg-stateless\/2022\/02\/69ddeb88-gp1svr4y_web_size_with_credit_line-1-510x340.jpg 510w\" sizes=\"auto, (max-width: 600px) 100vw, 600px\" \/><\/figure>\n\n<p>\u00ab<em> <\/em><em>Ce nouveau rapport confirme le consensus de plus en plus large selon lequel la protection du climat est un droit humain<\/em> \u00bb, pr\u00e9cise Myrna Koster, charg\u00e9e de campagne Justice climatique \u00e0 Greenpeace Luxembourg.&nbsp; \u00ab <em>Les gouvernements, les entreprises et le secteur financier n&#8217;ont pas d&#8217;autre choix que d&#8217;agir conform\u00e9ment aux recommandations scientifiques pour respecter leurs obligations en mati\u00e8re de climat et de droits humains.<\/em> \u00bb<\/p>\n\n<p>L&#8217;ann\u00e9e derni\u00e8re, le Luxembourg a \u00e9t\u00e9 \u00e9lu au Conseil des droits de l&#8217;homme des Nations unies (CDH) pour le mandat 2022-24. Ce m\u00eame Conseil qui, en octobre 2021 d\u00e9clarait qu\u2019un environnement propre, sain et durable \u00e9tait un droit humain [2]. En tant que membre du CDH, le Grand-Duch\u00e9 doit donc respecter l\u2019ensemble des droits, y compris l&#8217;att\u00e9nuation des effets de la crise climatique. Le pays doit donc non seulement s\u2019attaquer \u00e0 ses \u00e9missions directes, mais il doit \u00e9galement faire face \u00e0 la contribution significative de son centre financier \u00e0 l\u2019urgence climatique mondiale, via le financement d\u2019entreprises non durables. M\u00eame des institutions publiques comme le fonds de pension souverain FDC continuent d&#8217;investir dans les combustibles fossiles et d&#8217;autres industries nuisibles au climat, et ce en d\u00e9pit du fait que 49 % de la population luxembourgeoise consid\u00e8re le changement climatique comme le probl\u00e8me le plus pr\u00e9occupant auquel est confront\u00e9e l&#8217;UE \u00e0 ce jour. [3]<\/p>\n\n<p>Au cours des prochaines semaines, le FDC va revoir sa strat\u00e9gie d&#8217;investissement pour la p\u00e9riode 2023-2028. Pour Greenpeace, il est imp\u00e9ratif que le conseil d&#8217;administration du FDC profite de cette occasion pour d\u00e9cider d&#8217;\u00e9liminer progressivement les investissements dans les combustibles fossiles et\/ou \u00e0 forte teneur en carbone afin d&#8217;aligner les investissements du fonds sur les objectifs de l&#8217;accord de Paris.<\/p>\n\n<p>\u00ab <em>Il est tout simplement inacceptable qu&#8217;un fonds souverain comme le FDC prenne l&#8217;argent des travailleurs et travailleuses du secteur priv\u00e9 et l&#8217;investisse dans des actifs sales \u00e0 leur insu et sans leur consentement<\/em> \u00bb, ajoute Martina Holbach, charg\u00e9e de campagne Climat et Finance \u00e0 Greenpeace Luxembourg. \u00ab<em> Le ministre de la S\u00e9curit\u00e9 sociale, Claude Hagen, et les membres du conseil d&#8217;administration du FDC doivent enfin assumer leur responsabilit\u00e9 envers la soci\u00e9t\u00e9 et l&#8217;environnement. <\/em><em>Le FDC doit profiter de la r\u00e9vision de sa strat\u00e9gie pour aligner toutes ses activit\u00e9s d&#8217;investissement avec les objectifs de l&#8217;accord de Paris, \u00e0 savoir limiter le r\u00e9chauffement climatique \u00e0 1,5\u00b0C maximum.<\/em> \u00bb<\/p>\n\n<p>Compte tenu des cons\u00e9quences catastrophiques sur l&#8217;environnement, des risques financiers et du fait que les investissements alternatifs sont dans la plupart des cas tout aussi &#8211; voire plus &#8211; rentables que les investissements dans les combustibles fossiles, il n&#8217;y a aucune raison l\u00e9gitime que le FDC poursuive ses pratiques climaticides. De fait, le nombre de fonds de pension qui se d\u00e9sengagent des \u00e9nergies sales, notamment ABP, le plus grand fonds de pension de l&#8217;UE, ou encore le fournisseur de pensions danois ATP, est en augmentation dans le monde entier, [4]&nbsp;<\/p>\n\n<figure class=\"wp-block-image size-full\"><img loading=\"lazy\" decoding=\"async\" width=\"500\" height=\"250\" src=\"https:\/\/www.greenpeace.org\/static\/planet4-luxembourg-stateless\/2022\/02\/e8f0b46e-trashed_planet_facebook_final-1.gif\" alt=\"\" class=\"wp-image-13709\"\/><\/figure>\n\n<p>\u00ab <em>De plus en plus de personnes \u00e0 travers la plan\u00e8te appellent leurs gouvernements, les entreprises et le secteur financier \u00e0 prendre des mesures cons\u00e9quentes <\/em>\u00bb<strong>, <\/strong>conclut&nbsp; Myrna Koster.<strong> <\/strong>\u00ab <em>Le 25 mars, Greenpeace Luxembourg se joindra \u00e0 <\/em>Youth For Climate<em> et aux activistes climatiques pour protester contre l&#8217;inaction actuelle du conseil d&#8217;administration du FDC et des membres du gouvernement. C&#8217;est maintenant qu&#8217;il faut agir ! <\/em>\u00bb.<strong> <\/strong>[5]<\/p>\n\n<hr class=\"wp-block-separator\"\/>\n\n<p><strong>Notes :&nbsp;<\/strong><\/p>\n\n<p>[1] La contribution du groupe de travail II au sixi\u00e8me rapport d&#8217;\u00e9valuation du GIEC sera suivie par la contribution du groupe de travail III en avril, qui \u00e9valuera les moyens d&#8217;att\u00e9nuer le changement climatique. Ces diff\u00e9rentes contributions au sixi\u00e8me rapport d&#8217;\u00e9valuation du GIEC seront r\u00e9sum\u00e9es en un rapport de synth\u00e8se complet en octobre.<\/p>\n\n<p>[2] Nations Unies, <a href=\"https:\/\/undocs.org\/fr\/A\/HRC\/RES\/48\/13\" target=\"_blank\" rel=\"noreferrer noopener\">R\u00e9solution adopt\u00e9e par le Conseil des droits de l&#8217;homme le 8 octobre 2021<\/a><\/p>\n\n<p>[3] Eurobarom\u00e8tre sp\u00e9cial sur l&#8217;avenir de l&#8217;Europe,<a href=\"https:\/\/ec.europa.eu\/commission\/presscorner\/detail\/fr\/ip_22_447\" target=\"_blank\" rel=\"noreferrer noopener\"> Avenir de l&#8217;Europe : Les Europ\u00e9ens consid\u00e8rent le changement climatique comme le principal d\u00e9fi pour l&#8217;UE<\/a>, 25 janvier 2022. En outre, selon un <a href=\"https:\/\/www.greenpeace.org\/static\/planet4-luxembourg-stateless\/2021\/07\/5ecc1c39-tns-ilres_greenpeace2021_mai2021_page_23.png\" target=\"_blank\" rel=\"noreferrer noopener\">sondage<\/a> r\u00e9alis\u00e9 par TNS Ilres pour le compte de Greenpeace, 47 % de la population du pays n&#8217;est pas d&#8217;accord avec le fait que le FDC investisse dans les combustibles fossiles.&nbsp;<\/p>\n\n<p>[4] Pour plus d&#8217;exemples, <a href=\"https:\/\/divestmentdatabase.org\/\" target=\"_blank\" rel=\"noreferrer noopener\">cliquez ici<\/a>.&nbsp;<\/p>\n\n<p>[5] La marche du climat aura lieu le vendredi 25 mars 2022, \u00e0 14h, place de Clairefontaine. Plus d&#8217;informations disponibles <a href=\"https:\/\/youthforclimate.lu\/fr\/\" target=\"_blank\" rel=\"noreferrer noopener\">ici<\/a>.<\/p>\n","protected":false},"excerpt":{"rendered":"<p>Le rapport du GIEC montre les r\u00e9percussions catastrophiques du r\u00e9chauffement climatique sur les \u00e9cosyst\u00e8mes et les populations du monde entier. <\/p>\n","protected":false},"author":31,"featured_media":13709,"comment_status":"closed","ping_status":"closed","sticky":false,"template":"","format":"standard","meta":{"ep_exclude_from_search":false,"p4_og_title":"","p4_og_description":"","p4_og_image":"","p4_og_image_id":"","p4_seo_canonical_url":"","p4_campaign_name":"not set","p4_local_project":"not set","p4_basket_name":"not set","p4_department":"","footnotes":""},"categories":[41,42,40],"tags":[32,35,37],"p4-page-type":[83],"class_list":["post-13703","post","type-post","status-publish","format-standard","has-post-thumbnail","hentry","category-climat","category-energie","category-enjeux","tag-luxembourg","tag-energiesfossiles","tag-changementclimatique","p4-page-type-communiques-de-presse"],"yoast_head":"<!-- This site is optimized with the Yoast SEO Premium plugin v23.9 (Yoast SEO v23.9) - https:\/\/yoast.com\/wordpress\/plugins\/seo\/ -->\n<title>Les risques climatiques pr\u00e9dits par le GIEC menacent les droits humains - Greenpeace Luxembourg<\/title>\n<meta name=\"robots\" content=\"index, follow, max-snippet:-1, max-image-preview:large, max-video-preview:-1\" \/>\n<link rel=\"canonical\" href=\"https:\/\/www.greenpeace.org\/luxembourg\/fr\/communiques-de-presse\/13703\/les-risques-climatiques-predits-par-le-giec-menacent-les-droits-humains\/\" \/>\n<meta property=\"og:locale\" content=\"fr_FR\" \/>\n<meta property=\"og:type\" content=\"article\" \/>\n<meta property=\"og:title\" content=\"Les risques climatiques pr\u00e9dits par le GIEC menacent les droits humains\" \/>\n<meta property=\"og:description\" content=\"Le rapport du GIEC montre les r\u00e9percussions catastrophiques du r\u00e9chauffement climatique sur les \u00e9cosyst\u00e8mes et les populations du monde entier.\" \/>\n<meta property=\"og:url\" content=\"https:\/\/www.greenpeace.org\/luxembourg\/fr\/communiques-de-presse\/13703\/les-risques-climatiques-predits-par-le-giec-menacent-les-droits-humains\/\" \/>\n<meta property=\"og:site_name\" content=\"Greenpeace Luxembourg\" \/>\n<meta property=\"article:publisher\" content=\"https:\/\/www.facebook.com\/greenpeaceluxembourg\" \/>\n<meta property=\"article:published_time\" content=\"2022-02-28T12:53:02+00:00\" \/>\n<meta property=\"article:modified_time\" content=\"2022-02-28T12:53:05+00:00\" \/>\n<meta property=\"og:image\" content=\"https:\/\/www.greenpeace.org\/static\/planet4-luxembourg-stateless\/2022\/02\/e8f0b46e-trashed_planet_facebook_final-1.gif\" \/>\n\t<meta property=\"og:image:width\" content=\"500\" \/>\n\t<meta property=\"og:image:height\" content=\"250\" \/>\n\t<meta property=\"og:image:type\" content=\"image\/gif\" \/>\n<meta name=\"author\" content=\"Myriam Wecker\" \/>\n<meta name=\"twitter:card\" content=\"summary_large_image\" \/>\n<meta name=\"twitter:label1\" content=\"Written by\" \/>\n\t<meta name=\"twitter:data1\" content=\"Myriam Wecker\" \/>\n\t<meta name=\"twitter:label2\" content=\"Est. reading time\" \/>\n\t<meta name=\"twitter:data2\" content=\"5 minutes\" \/>\n<script type=\"application\/ld+json\" class=\"yoast-schema-graph\">{\"@context\":\"https:\/\/schema.org\",\"@graph\":[{\"@type\":\"Article\",\"@id\":\"https:\/\/www.greenpeace.org\/luxembourg\/fr\/communiques-de-presse\/13703\/les-risques-climatiques-predits-par-le-giec-menacent-les-droits-humains\/#article\",\"isPartOf\":{\"@id\":\"https:\/\/www.greenpeace.org\/luxembourg\/fr\/communiques-de-presse\/13703\/les-risques-climatiques-predits-par-le-giec-menacent-les-droits-humains\/\"},\"author\":{\"name\":\"Myriam Wecker\",\"@id\":\"https:\/\/www.greenpeace.org\/luxembourg\/fr\/#\/schema\/person\/c2ae6002b8ed18c00be0c6b320eea776\"},\"headline\":\"Les risques climatiques pr\u00e9dits par le GIEC menacent les droits humains\",\"datePublished\":\"2022-02-28T12:53:02+00:00\",\"dateModified\":\"2022-02-28T12:53:05+00:00\",\"mainEntityOfPage\":{\"@id\":\"https:\/\/www.greenpeace.org\/luxembourg\/fr\/communiques-de-presse\/13703\/les-risques-climatiques-predits-par-le-giec-menacent-les-droits-humains\/\"},\"wordCount\":1023,\"publisher\":{\"@id\":\"https:\/\/www.greenpeace.org\/luxembourg\/fr\/#organization\"},\"image\":{\"@id\":\"https:\/\/www.greenpeace.org\/luxembourg\/fr\/communiques-de-presse\/13703\/les-risques-climatiques-predits-par-le-giec-menacent-les-droits-humains\/#primaryimage\"},\"thumbnailUrl\":\"https:\/\/www.greenpeace.org\/static\/planet4-luxembourg-stateless\/2022\/02\/e8f0b46e-trashed_planet_facebook_final-1.gif\",\"keywords\":[\"Luxembourg\",\"EnergiesFossiles\",\"ChangementClimatique\"],\"articleSection\":[\"Climat\",\"\u00c9nergie\",\"Les enjeux\"],\"inLanguage\":\"fr-LU\"},{\"@type\":\"WebPage\",\"@id\":\"https:\/\/www.greenpeace.org\/luxembourg\/fr\/communiques-de-presse\/13703\/les-risques-climatiques-predits-par-le-giec-menacent-les-droits-humains\/\",\"url\":\"https:\/\/www.greenpeace.org\/luxembourg\/fr\/communiques-de-presse\/13703\/les-risques-climatiques-predits-par-le-giec-menacent-les-droits-humains\/\",\"name\":\"Les risques climatiques pr\u00e9dits par le GIEC menacent les droits humains - Greenpeace Luxembourg\",\"isPartOf\":{\"@id\":\"https:\/\/www.greenpeace.org\/luxembourg\/fr\/#website\"},\"primaryImageOfPage\":{\"@id\":\"https:\/\/www.greenpeace.org\/luxembourg\/fr\/communiques-de-presse\/13703\/les-risques-climatiques-predits-par-le-giec-menacent-les-droits-humains\/#primaryimage\"},\"image\":{\"@id\":\"https:\/\/www.greenpeace.org\/luxembourg\/fr\/communiques-de-presse\/13703\/les-risques-climatiques-predits-par-le-giec-menacent-les-droits-humains\/#primaryimage\"},\"thumbnailUrl\":\"https:\/\/www.greenpeace.org\/static\/planet4-luxembourg-stateless\/2022\/02\/e8f0b46e-trashed_planet_facebook_final-1.gif\",\"datePublished\":\"2022-02-28T12:53:02+00:00\",\"dateModified\":\"2022-02-28T12:53:05+00:00\",\"breadcrumb\":{\"@id\":\"https:\/\/www.greenpeace.org\/luxembourg\/fr\/communiques-de-presse\/13703\/les-risques-climatiques-predits-par-le-giec-menacent-les-droits-humains\/#breadcrumb\"},\"inLanguage\":\"fr-LU\",\"potentialAction\":[{\"@type\":\"ReadAction\",\"target\":[\"https:\/\/www.greenpeace.org\/luxembourg\/fr\/communiques-de-presse\/13703\/les-risques-climatiques-predits-par-le-giec-menacent-les-droits-humains\/\"]}]},{\"@type\":\"ImageObject\",\"inLanguage\":\"fr-LU\",\"@id\":\"https:\/\/www.greenpeace.org\/luxembourg\/fr\/communiques-de-presse\/13703\/les-risques-climatiques-predits-par-le-giec-menacent-les-droits-humains\/#primaryimage\",\"url\":\"https:\/\/www.greenpeace.org\/static\/planet4-luxembourg-stateless\/2022\/02\/e8f0b46e-trashed_planet_facebook_final-1.gif\",\"contentUrl\":\"https:\/\/www.greenpeace.org\/static\/planet4-luxembourg-stateless\/2022\/02\/e8f0b46e-trashed_planet_facebook_final-1.gif\",\"width\":500,\"height\":250},{\"@type\":\"BreadcrumbList\",\"@id\":\"https:\/\/www.greenpeace.org\/luxembourg\/fr\/communiques-de-presse\/13703\/les-risques-climatiques-predits-par-le-giec-menacent-les-droits-humains\/#breadcrumb\",\"itemListElement\":[{\"@type\":\"ListItem\",\"position\":1,\"name\":\"Home\",\"item\":\"https:\/\/www.greenpeace.org\/luxembourg\/fr\/\"},{\"@type\":\"ListItem\",\"position\":2,\"name\":\"Les risques climatiques pr\u00e9dits par le GIEC menacent les droits humains\"}]},{\"@type\":\"WebSite\",\"@id\":\"https:\/\/www.greenpeace.org\/luxembourg\/fr\/#website\",\"url\":\"https:\/\/www.greenpeace.org\/luxembourg\/fr\/\",\"name\":\"Greenpeace Luxembourg\",\"description\":\"Greenpeace existe parce que cette Terre fragile a besoin d&#039;une voix. Elle a besoin de solutions. De changement. D&#039;actions.\",\"publisher\":{\"@id\":\"https:\/\/www.greenpeace.org\/luxembourg\/fr\/#organization\"},\"potentialAction\":[{\"@type\":\"SearchAction\",\"target\":{\"@type\":\"EntryPoint\",\"urlTemplate\":\"https:\/\/www.greenpeace.org\/luxembourg\/fr\/?s={search_term_string}\"},\"query-input\":{\"@type\":\"PropertyValueSpecification\",\"valueRequired\":true,\"valueName\":\"search_term_string\"}}],\"inLanguage\":\"fr-LU\"},{\"@type\":\"Organization\",\"@id\":\"https:\/\/www.greenpeace.org\/luxembourg\/fr\/#organization\",\"name\":\"Greenpeace Luxembourg\",\"url\":\"https:\/\/www.greenpeace.org\/luxembourg\/fr\/\",\"logo\":{\"@type\":\"ImageObject\",\"inLanguage\":\"fr-LU\",\"@id\":\"https:\/\/www.greenpeace.org\/luxembourg\/fr\/#\/schema\/logo\/image\/\",\"url\":\"https:\/\/www.greenpeace.org\/static\/planet4-luxembourg-stateless\/2026\/03\/3e367f94-greenpeace_logo_green_rgb.png\",\"contentUrl\":\"https:\/\/www.greenpeace.org\/static\/planet4-luxembourg-stateless\/2026\/03\/3e367f94-greenpeace_logo_green_rgb.png\",\"width\":1080,\"height\":175,\"caption\":\"Greenpeace Luxembourg\"},\"image\":{\"@id\":\"https:\/\/www.greenpeace.org\/luxembourg\/fr\/#\/schema\/logo\/image\/\"},\"sameAs\":[\"https:\/\/www.facebook.com\/greenpeaceluxembourg\",\"https:\/\/www.instagram.com\/greenpeacelux\/\",\"https:\/\/www.linkedin.com\/company\/greenpeace-luxembourg\/\",\"https:\/\/www.threads.com\/@greenpeacelux\",\"https:\/\/bsky.app\/profile\/greenpeacelux.bsky.social\",\"https:\/\/www.youtube.com\/@GreenpeaceLux\",\"https:\/\/www.tiktok.com\/@greenpeace_lux\"]},{\"@type\":\"Person\",\"@id\":\"https:\/\/www.greenpeace.org\/luxembourg\/fr\/#\/schema\/person\/c2ae6002b8ed18c00be0c6b320eea776\",\"name\":\"Myriam Wecker\",\"url\":\"https:\/\/www.greenpeace.org\/luxembourg\/fr\/author\/mwecker\/\"}]}<\/script>\n<!-- \/ Yoast SEO Premium plugin. -->","yoast_head_json":{"title":"Les risques climatiques pr\u00e9dits par le GIEC menacent les droits humains - Greenpeace Luxembourg","robots":{"index":"index","follow":"follow","max-snippet":"max-snippet:-1","max-image-preview":"max-image-preview:large","max-video-preview":"max-video-preview:-1"},"canonical":"https:\/\/www.greenpeace.org\/luxembourg\/fr\/communiques-de-presse\/13703\/les-risques-climatiques-predits-par-le-giec-menacent-les-droits-humains\/","og_locale":"fr_FR","og_type":"article","og_title":"Les risques climatiques pr\u00e9dits par le GIEC menacent les droits humains","og_description":"Le rapport du GIEC montre les r\u00e9percussions catastrophiques du r\u00e9chauffement climatique sur les \u00e9cosyst\u00e8mes et les populations du monde entier.","og_url":"https:\/\/www.greenpeace.org\/luxembourg\/fr\/communiques-de-presse\/13703\/les-risques-climatiques-predits-par-le-giec-menacent-les-droits-humains\/","og_site_name":"Greenpeace Luxembourg","article_publisher":"https:\/\/www.facebook.com\/greenpeaceluxembourg","article_published_time":"2022-02-28T12:53:02+00:00","article_modified_time":"2022-02-28T12:53:05+00:00","og_image":[{"url":"https:\/\/www.greenpeace.org\/static\/planet4-luxembourg-stateless\/2022\/02\/e8f0b46e-trashed_planet_facebook_final-1.gif","width":500,"height":250,"type":"image\/gif"}],"author":"Myriam Wecker","twitter_card":"summary_large_image","twitter_misc":{"Written by":"Myriam Wecker","Est. reading time":"5 minutes"},"schema":{"@context":"https:\/\/schema.org","@graph":[{"@type":"Article","@id":"https:\/\/www.greenpeace.org\/luxembourg\/fr\/communiques-de-presse\/13703\/les-risques-climatiques-predits-par-le-giec-menacent-les-droits-humains\/#article","isPartOf":{"@id":"https:\/\/www.greenpeace.org\/luxembourg\/fr\/communiques-de-presse\/13703\/les-risques-climatiques-predits-par-le-giec-menacent-les-droits-humains\/"},"author":{"name":"Myriam Wecker","@id":"https:\/\/www.greenpeace.org\/luxembourg\/fr\/#\/schema\/person\/c2ae6002b8ed18c00be0c6b320eea776"},"headline":"Les risques climatiques pr\u00e9dits par le GIEC menacent les droits humains","datePublished":"2022-02-28T12:53:02+00:00","dateModified":"2022-02-28T12:53:05+00:00","mainEntityOfPage":{"@id":"https:\/\/www.greenpeace.org\/luxembourg\/fr\/communiques-de-presse\/13703\/les-risques-climatiques-predits-par-le-giec-menacent-les-droits-humains\/"},"wordCount":1023,"publisher":{"@id":"https:\/\/www.greenpeace.org\/luxembourg\/fr\/#organization"},"image":{"@id":"https:\/\/www.greenpeace.org\/luxembourg\/fr\/communiques-de-presse\/13703\/les-risques-climatiques-predits-par-le-giec-menacent-les-droits-humains\/#primaryimage"},"thumbnailUrl":"https:\/\/www.greenpeace.org\/static\/planet4-luxembourg-stateless\/2022\/02\/e8f0b46e-trashed_planet_facebook_final-1.gif","keywords":["Luxembourg","EnergiesFossiles","ChangementClimatique"],"articleSection":["Climat","\u00c9nergie","Les enjeux"],"inLanguage":"fr-LU"},{"@type":"WebPage","@id":"https:\/\/www.greenpeace.org\/luxembourg\/fr\/communiques-de-presse\/13703\/les-risques-climatiques-predits-par-le-giec-menacent-les-droits-humains\/","url":"https:\/\/www.greenpeace.org\/luxembourg\/fr\/communiques-de-presse\/13703\/les-risques-climatiques-predits-par-le-giec-menacent-les-droits-humains\/","name":"Les risques climatiques pr\u00e9dits par le GIEC menacent les droits humains - Greenpeace Luxembourg","isPartOf":{"@id":"https:\/\/www.greenpeace.org\/luxembourg\/fr\/#website"},"primaryImageOfPage":{"@id":"https:\/\/www.greenpeace.org\/luxembourg\/fr\/communiques-de-presse\/13703\/les-risques-climatiques-predits-par-le-giec-menacent-les-droits-humains\/#primaryimage"},"image":{"@id":"https:\/\/www.greenpeace.org\/luxembourg\/fr\/communiques-de-presse\/13703\/les-risques-climatiques-predits-par-le-giec-menacent-les-droits-humains\/#primaryimage"},"thumbnailUrl":"https:\/\/www.greenpeace.org\/static\/planet4-luxembourg-stateless\/2022\/02\/e8f0b46e-trashed_planet_facebook_final-1.gif","datePublished":"2022-02-28T12:53:02+00:00","dateModified":"2022-02-28T12:53:05+00:00","breadcrumb":{"@id":"https:\/\/www.greenpeace.org\/luxembourg\/fr\/communiques-de-presse\/13703\/les-risques-climatiques-predits-par-le-giec-menacent-les-droits-humains\/#breadcrumb"},"inLanguage":"fr-LU","potentialAction":[{"@type":"ReadAction","target":["https:\/\/www.greenpeace.org\/luxembourg\/fr\/communiques-de-presse\/13703\/les-risques-climatiques-predits-par-le-giec-menacent-les-droits-humains\/"]}]},{"@type":"ImageObject","inLanguage":"fr-LU","@id":"https:\/\/www.greenpeace.org\/luxembourg\/fr\/communiques-de-presse\/13703\/les-risques-climatiques-predits-par-le-giec-menacent-les-droits-humains\/#primaryimage","url":"https:\/\/www.greenpeace.org\/static\/planet4-luxembourg-stateless\/2022\/02\/e8f0b46e-trashed_planet_facebook_final-1.gif","contentUrl":"https:\/\/www.greenpeace.org\/static\/planet4-luxembourg-stateless\/2022\/02\/e8f0b46e-trashed_planet_facebook_final-1.gif","width":500,"height":250},{"@type":"BreadcrumbList","@id":"https:\/\/www.greenpeace.org\/luxembourg\/fr\/communiques-de-presse\/13703\/les-risques-climatiques-predits-par-le-giec-menacent-les-droits-humains\/#breadcrumb","itemListElement":[{"@type":"ListItem","position":1,"name":"Home","item":"https:\/\/www.greenpeace.org\/luxembourg\/fr\/"},{"@type":"ListItem","position":2,"name":"Les risques climatiques pr\u00e9dits par le GIEC menacent les droits humains"}]},{"@type":"WebSite","@id":"https:\/\/www.greenpeace.org\/luxembourg\/fr\/#website","url":"https:\/\/www.greenpeace.org\/luxembourg\/fr\/","name":"Greenpeace Luxembourg","description":"Greenpeace existe parce que cette Terre fragile a besoin d&#039;une voix. Elle a besoin de solutions. De changement. D&#039;actions.","publisher":{"@id":"https:\/\/www.greenpeace.org\/luxembourg\/fr\/#organization"},"potentialAction":[{"@type":"SearchAction","target":{"@type":"EntryPoint","urlTemplate":"https:\/\/www.greenpeace.org\/luxembourg\/fr\/?s={search_term_string}"},"query-input":{"@type":"PropertyValueSpecification","valueRequired":true,"valueName":"search_term_string"}}],"inLanguage":"fr-LU"},{"@type":"Organization","@id":"https:\/\/www.greenpeace.org\/luxembourg\/fr\/#organization","name":"Greenpeace Luxembourg","url":"https:\/\/www.greenpeace.org\/luxembourg\/fr\/","logo":{"@type":"ImageObject","inLanguage":"fr-LU","@id":"https:\/\/www.greenpeace.org\/luxembourg\/fr\/#\/schema\/logo\/image\/","url":"https:\/\/www.greenpeace.org\/static\/planet4-luxembourg-stateless\/2026\/03\/3e367f94-greenpeace_logo_green_rgb.png","contentUrl":"https:\/\/www.greenpeace.org\/static\/planet4-luxembourg-stateless\/2026\/03\/3e367f94-greenpeace_logo_green_rgb.png","width":1080,"height":175,"caption":"Greenpeace Luxembourg"},"image":{"@id":"https:\/\/www.greenpeace.org\/luxembourg\/fr\/#\/schema\/logo\/image\/"},"sameAs":["https:\/\/www.facebook.com\/greenpeaceluxembourg","https:\/\/www.instagram.com\/greenpeacelux\/","https:\/\/www.linkedin.com\/company\/greenpeace-luxembourg\/","https:\/\/www.threads.com\/@greenpeacelux","https:\/\/bsky.app\/profile\/greenpeacelux.bsky.social","https:\/\/www.youtube.com\/@GreenpeaceLux","https:\/\/www.tiktok.com\/@greenpeace_lux"]},{"@type":"Person","@id":"https:\/\/www.greenpeace.org\/luxembourg\/fr\/#\/schema\/person\/c2ae6002b8ed18c00be0c6b320eea776","name":"Myriam Wecker","url":"https:\/\/www.greenpeace.org\/luxembourg\/fr\/author\/mwecker\/"}]}},"_links":{"self":[{"href":"https:\/\/www.greenpeace.org\/luxembourg\/fr\/wp-json\/wp\/v2\/posts\/13703","targetHints":{"allow":["GET"]}}],"collection":[{"href":"https:\/\/www.greenpeace.org\/luxembourg\/fr\/wp-json\/wp\/v2\/posts"}],"about":[{"href":"https:\/\/www.greenpeace.org\/luxembourg\/fr\/wp-json\/wp\/v2\/types\/post"}],"author":[{"embeddable":true,"href":"https:\/\/www.greenpeace.org\/luxembourg\/fr\/wp-json\/wp\/v2\/users\/31"}],"replies":[{"embeddable":true,"href":"https:\/\/www.greenpeace.org\/luxembourg\/fr\/wp-json\/wp\/v2\/comments?post=13703"}],"version-history":[{"count":3,"href":"https:\/\/www.greenpeace.org\/luxembourg\/fr\/wp-json\/wp\/v2\/posts\/13703\/revisions"}],"predecessor-version":[{"id":13715,"href":"https:\/\/www.greenpeace.org\/luxembourg\/fr\/wp-json\/wp\/v2\/posts\/13703\/revisions\/13715"}],"wp:featuredmedia":[{"embeddable":true,"href":"https:\/\/www.greenpeace.org\/luxembourg\/fr\/wp-json\/wp\/v2\/media\/13709"}],"wp:attachment":[{"href":"https:\/\/www.greenpeace.org\/luxembourg\/fr\/wp-json\/wp\/v2\/media?parent=13703"}],"wp:term":[{"taxonomy":"category","embeddable":true,"href":"https:\/\/www.greenpeace.org\/luxembourg\/fr\/wp-json\/wp\/v2\/categories?post=13703"},{"taxonomy":"post_tag","embeddable":true,"href":"https:\/\/www.greenpeace.org\/luxembourg\/fr\/wp-json\/wp\/v2\/tags?post=13703"},{"taxonomy":"p4-page-type","embeddable":true,"href":"https:\/\/www.greenpeace.org\/luxembourg\/fr\/wp-json\/wp\/v2\/p4-page-type?post=13703"}],"curies":[{"name":"wp","href":"https:\/\/api.w.org\/{rel}","templated":true}]}}