{"id":1388,"date":"2018-01-15T00:00:00","date_gmt":"2018-01-15T00:00:00","guid":{"rendered":"https:\/\/www.greenpeace.org\/luxembourg\/actualites\/1388\/quest-ce-que-la-ccamlr\/"},"modified":"2019-11-06T10:54:57","modified_gmt":"2019-11-06T08:54:57","slug":"quest-ce-que-la-ccamlr","status":"publish","type":"post","link":"https:\/\/www.greenpeace.org\/luxembourg\/fr\/actualites\/1388\/quest-ce-que-la-ccamlr\/","title":{"rendered":"Qu\u2019est-ce que la CCAMLR ?"},"content":{"rendered":"<div class=\"leader\">\n\tLa Commission pour la conservation de la faune et la flore marines de l&#8217;Antarctique (CCAMLR) a \u00e9t\u00e9 \u00e9tablie en 1982 par une convention internationale dans l&#8217;objectif de conserver la vie marine en Antarctique.<\/p>\n<\/div>\n<div>\n<p>Nous pensons que cet organisme pourrait aller encore plus loin dans son travail de protection en d\u00e9cidant de cr\u00e9er le plus grand sanctuaire du monde dans l\u2019oc\u00e9an Antarctique lorsqu\u2019elle se r\u00e9unira fin 2018.<\/p>\n<p style=\"text-align: center;\"><img loading=\"lazy\" decoding=\"async\" src=\"https:\/\/www.greenpeace.org\/static\/planet4-luxembourg-stateless\/2018\/10\/f64dda95-f64dda95-manchots-antarctique.jpg\" alt=\"SOUTHERN OCEAN ESPERANZA 1JAN08 - A group of Adeli Penguins in the Antarctic sea ice in the Southern Ocean.jre\/Photo by GREENPEACE\/Jiri Rezac\" width=\"600\" height=\"400\"><br \/><em>\u00a9 Greenpeace \/ Jiri Rezac<\/em><\/p>\n<p style=\"text-align: left;\">La\u00a0<span>CCAMLR<\/span>\u00a0comporte 24 gouvernements plus l\u2019Union europ\u00e9enne. Ses membres se r\u00e9unissent une fois par an pour examiner les recommandations scientifiques et de la soci\u00e9t\u00e9 civile de fa\u00e7on \u00e0 prendre les meilleures d\u00e9cisions possible pour la protection de l\u2019oc\u00e9an Antarctique. Certains pays sont moins favorables que d\u2019autres \u00e0 la cr\u00e9ations d\u2019espaces prot\u00e9g\u00e9s, souvent parce qu\u2019ils poss\u00e8dent des flottes de p\u00eache op\u00e9rant dans les zones concern\u00e9es. Cependant, en 2016, ces gouvernements sont parvenus \u00e0 un consensus pour cr\u00e9er une<a href=\"http:\/\/www.greenpeace.org\/luxembourg\/fr\/Victoire\/\">\u00a0r\u00e9serve dans la mer de Ross<\/a>, au sud du continent Antarctique, ce qui montre qu\u2019il est possible de mettre tout le monde d\u2019accord pour prot\u00e9ger la vie marine. C\u2019est ce que nous comptons faire en 2018 pour\u00a0<a href=\"http:\/\/www.greenpeace.org\/luxembourg\/fr\/Campagnes-Greenpeace-Luxembourg\/Antarctique\/\">cr\u00e9er le plus grand sanctuaire du monde dans l\u2019oc\u00e9an Antarctique<\/a>.<\/p>\n<p style=\"text-align: left;\"><a href=\"https:\/\/www.greenpeace.fr\/quest-ce-que-la-ccamlr\/\">Article Source<\/a> : Greenpeace France<\/p>\n<\/div>\n","protected":false},"excerpt":{"rendered":"<div>\n\tLa Commission pour la conservation de la faune et la flore marines de l&#8217;Antarctique (CCAMLR) a \u00e9t\u00e9 \u00e9tablie en 1982 par une convention internationale dans l&#8217;objectif de conserver la vie marine en Antarctique.<\/p>\n<\/div>\n","protected":false},"author":20,"featured_media":1389,"comment_status":"closed","ping_status":"closed","sticky":false,"template":"","format":"standard","meta":{"ep_exclude_from_search":false,"p4_og_title":"","p4_og_description":"","p4_og_image":"","p4_og_image_id":"","p4_seo_canonical_url":"","p4_campaign_name":"","p4_local_project":"","p4_basket_name":"","p4_department":"","footnotes":""},"categories":[43],"tags":[29,38],"p4-page-type":[85],"class_list":["post-1388","post","type-post","status-publish","format-standard","has-post-thumbnail","hentry","category-nature","tag-oceans","tag-biodiversite","p4-page-type-actualites"],"yoast_head":"<!-- This site is optimized with the Yoast SEO Premium plugin v23.9 (Yoast SEO v23.9) - https:\/\/yoast.com\/wordpress\/plugins\/seo\/ -->\n<title>Qu\u2019est-ce que la CCAMLR ? - Greenpeace Luxembourg<\/title>\n<meta name=\"robots\" content=\"index, follow, max-snippet:-1, max-image-preview:large, max-video-preview:-1\" \/>\n<link rel=\"canonical\" href=\"https:\/\/www.greenpeace.org\/luxembourg\/fr\/actualites\/1388\/quest-ce-que-la-ccamlr\/\" \/>\n<meta property=\"og:locale\" content=\"fr_FR\" \/>\n<meta property=\"og:type\" content=\"article\" \/>\n<meta property=\"og:title\" content=\"Qu\u2019est-ce que la CCAMLR ?\" \/>\n<meta property=\"og:description\" content=\"La Commission pour la conservation de la faune et la flore marines de l&#039;Antarctique (CCAMLR) a \u00e9t\u00e9 \u00e9tablie en 1982 par une convention internationale dans l&#039;objectif de conserver la vie marine en Antarctique.\" \/>\n<meta property=\"og:url\" content=\"https:\/\/www.greenpeace.org\/luxembourg\/fr\/actualites\/1388\/quest-ce-que-la-ccamlr\/\" \/>\n<meta property=\"og:site_name\" content=\"Greenpeace Luxembourg\" \/>\n<meta property=\"article:publisher\" content=\"https:\/\/www.facebook.com\/greenpeaceluxembourg\" \/>\n<meta property=\"article:published_time\" content=\"2018-01-15T00:00:00+00:00\" \/>\n<meta property=\"article:modified_time\" content=\"2019-11-06T08:54:57+00:00\" \/>\n<meta property=\"og:image\" content=\"https:\/\/www.greenpeace.org\/static\/planet4-luxembourg-stateless\/2018\/10\/f64dda95-f64dda95-manchots-antarctique.jpg\" \/>\n\t<meta property=\"og:image:width\" content=\"780\" \/>\n\t<meta property=\"og:image:height\" content=\"520\" \/>\n\t<meta property=\"og:image:type\" content=\"image\/jpeg\" \/>\n<meta name=\"author\" content=\"Greenpeace Luxembourg\" \/>\n<meta name=\"twitter:card\" content=\"summary_large_image\" \/>\n<meta name=\"twitter:label1\" content=\"Written by\" \/>\n\t<meta name=\"twitter:data1\" content=\"Greenpeace Luxembourg\" \/>\n\t<meta name=\"twitter:label2\" content=\"Est. reading time\" \/>\n\t<meta name=\"twitter:data2\" content=\"1 minute\" \/>\n<script type=\"application\/ld+json\" class=\"yoast-schema-graph\">{\"@context\":\"https:\/\/schema.org\",\"@graph\":[{\"@type\":\"Article\",\"@id\":\"https:\/\/www.greenpeace.org\/luxembourg\/fr\/actualites\/1388\/quest-ce-que-la-ccamlr\/#article\",\"isPartOf\":{\"@id\":\"https:\/\/www.greenpeace.org\/luxembourg\/fr\/actualites\/1388\/quest-ce-que-la-ccamlr\/\"},\"author\":{\"name\":\"Greenpeace Luxembourg\",\"@id\":\"https:\/\/www.greenpeace.org\/luxembourg\/fr\/#\/schema\/person\/12b34015aca6e55fec2e511d2f19102d\"},\"headline\":\"Qu\u2019est-ce que la CCAMLR ?\",\"datePublished\":\"2018-01-15T00:00:00+00:00\",\"dateModified\":\"2019-11-06T08:54:57+00:00\",\"mainEntityOfPage\":{\"@id\":\"https:\/\/www.greenpeace.org\/luxembourg\/fr\/actualites\/1388\/quest-ce-que-la-ccamlr\/\"},\"wordCount\":230,\"publisher\":{\"@id\":\"https:\/\/www.greenpeace.org\/luxembourg\/fr\/#organization\"},\"image\":{\"@id\":\"https:\/\/www.greenpeace.org\/luxembourg\/fr\/actualites\/1388\/quest-ce-que-la-ccamlr\/#primaryimage\"},\"thumbnailUrl\":\"https:\/\/www.greenpeace.org\/static\/planet4-luxembourg-stateless\/2018\/10\/f64dda95-f64dda95-manchots-antarctique.jpg\",\"keywords\":[\"Oc\u00e9ans\",\"Biodiversit\u00e9\"],\"articleSection\":[\"Nature\"],\"inLanguage\":\"fr-LU\"},{\"@type\":\"WebPage\",\"@id\":\"https:\/\/www.greenpeace.org\/luxembourg\/fr\/actualites\/1388\/quest-ce-que-la-ccamlr\/\",\"url\":\"https:\/\/www.greenpeace.org\/luxembourg\/fr\/actualites\/1388\/quest-ce-que-la-ccamlr\/\",\"name\":\"Qu\u2019est-ce que la CCAMLR ? - Greenpeace Luxembourg\",\"isPartOf\":{\"@id\":\"https:\/\/www.greenpeace.org\/luxembourg\/fr\/#website\"},\"primaryImageOfPage\":{\"@id\":\"https:\/\/www.greenpeace.org\/luxembourg\/fr\/actualites\/1388\/quest-ce-que-la-ccamlr\/#primaryimage\"},\"image\":{\"@id\":\"https:\/\/www.greenpeace.org\/luxembourg\/fr\/actualites\/1388\/quest-ce-que-la-ccamlr\/#primaryimage\"},\"thumbnailUrl\":\"https:\/\/www.greenpeace.org\/static\/planet4-luxembourg-stateless\/2018\/10\/f64dda95-f64dda95-manchots-antarctique.jpg\",\"datePublished\":\"2018-01-15T00:00:00+00:00\",\"dateModified\":\"2019-11-06T08:54:57+00:00\",\"breadcrumb\":{\"@id\":\"https:\/\/www.greenpeace.org\/luxembourg\/fr\/actualites\/1388\/quest-ce-que-la-ccamlr\/#breadcrumb\"},\"inLanguage\":\"fr-LU\",\"potentialAction\":[{\"@type\":\"ReadAction\",\"target\":[\"https:\/\/www.greenpeace.org\/luxembourg\/fr\/actualites\/1388\/quest-ce-que-la-ccamlr\/\"]}]},{\"@type\":\"ImageObject\",\"inLanguage\":\"fr-LU\",\"@id\":\"https:\/\/www.greenpeace.org\/luxembourg\/fr\/actualites\/1388\/quest-ce-que-la-ccamlr\/#primaryimage\",\"url\":\"https:\/\/www.greenpeace.org\/static\/planet4-luxembourg-stateless\/2018\/10\/f64dda95-f64dda95-manchots-antarctique.jpg\",\"contentUrl\":\"https:\/\/www.greenpeace.org\/static\/planet4-luxembourg-stateless\/2018\/10\/f64dda95-f64dda95-manchots-antarctique.jpg\",\"width\":780,\"height\":520},{\"@type\":\"BreadcrumbList\",\"@id\":\"https:\/\/www.greenpeace.org\/luxembourg\/fr\/actualites\/1388\/quest-ce-que-la-ccamlr\/#breadcrumb\",\"itemListElement\":[{\"@type\":\"ListItem\",\"position\":1,\"name\":\"Home\",\"item\":\"https:\/\/www.greenpeace.org\/luxembourg\/fr\/\"},{\"@type\":\"ListItem\",\"position\":2,\"name\":\"Qu\u2019est-ce que la CCAMLR ?\"}]},{\"@type\":\"WebSite\",\"@id\":\"https:\/\/www.greenpeace.org\/luxembourg\/fr\/#website\",\"url\":\"https:\/\/www.greenpeace.org\/luxembourg\/fr\/\",\"name\":\"Greenpeace Luxembourg\",\"description\":\"Greenpeace existe parce que cette Terre fragile a besoin d&#039;une voix. Elle a besoin de solutions. De changement. D&#039;actions.\",\"publisher\":{\"@id\":\"https:\/\/www.greenpeace.org\/luxembourg\/fr\/#organization\"},\"potentialAction\":[{\"@type\":\"SearchAction\",\"target\":{\"@type\":\"EntryPoint\",\"urlTemplate\":\"https:\/\/www.greenpeace.org\/luxembourg\/fr\/?s={search_term_string}\"},\"query-input\":{\"@type\":\"PropertyValueSpecification\",\"valueRequired\":true,\"valueName\":\"search_term_string\"}}],\"inLanguage\":\"fr-LU\"},{\"@type\":\"Organization\",\"@id\":\"https:\/\/www.greenpeace.org\/luxembourg\/fr\/#organization\",\"name\":\"Greenpeace Luxembourg\",\"url\":\"https:\/\/www.greenpeace.org\/luxembourg\/fr\/\",\"logo\":{\"@type\":\"ImageObject\",\"inLanguage\":\"fr-LU\",\"@id\":\"https:\/\/www.greenpeace.org\/luxembourg\/fr\/#\/schema\/logo\/image\/\",\"url\":\"https:\/\/www.greenpeace.org\/static\/planet4-luxembourg-stateless\/2026\/03\/3e367f94-greenpeace_logo_green_rgb.png\",\"contentUrl\":\"https:\/\/www.greenpeace.org\/static\/planet4-luxembourg-stateless\/2026\/03\/3e367f94-greenpeace_logo_green_rgb.png\",\"width\":1080,\"height\":175,\"caption\":\"Greenpeace Luxembourg\"},\"image\":{\"@id\":\"https:\/\/www.greenpeace.org\/luxembourg\/fr\/#\/schema\/logo\/image\/\"},\"sameAs\":[\"https:\/\/www.facebook.com\/greenpeaceluxembourg\",\"https:\/\/www.instagram.com\/greenpeacelux\/\",\"https:\/\/www.linkedin.com\/company\/greenpeace-luxembourg\/\",\"https:\/\/www.threads.com\/@greenpeacelux\",\"https:\/\/bsky.app\/profile\/greenpeacelux.bsky.social\",\"https:\/\/www.youtube.com\/@GreenpeaceLux\",\"https:\/\/www.tiktok.com\/@greenpeace_lux\"]},{\"@type\":\"Person\",\"@id\":\"https:\/\/www.greenpeace.org\/luxembourg\/fr\/#\/schema\/person\/12b34015aca6e55fec2e511d2f19102d\",\"name\":\"Greenpeace Luxembourg\",\"url\":\"https:\/\/www.greenpeace.org\/luxembourg\/fr\/author\/gp_luxembourg\/\"}]}<\/script>\n<!-- \/ Yoast SEO Premium plugin. -->","yoast_head_json":{"title":"Qu\u2019est-ce que la CCAMLR ? - Greenpeace Luxembourg","robots":{"index":"index","follow":"follow","max-snippet":"max-snippet:-1","max-image-preview":"max-image-preview:large","max-video-preview":"max-video-preview:-1"},"canonical":"https:\/\/www.greenpeace.org\/luxembourg\/fr\/actualites\/1388\/quest-ce-que-la-ccamlr\/","og_locale":"fr_FR","og_type":"article","og_title":"Qu\u2019est-ce que la CCAMLR ?","og_description":"La Commission pour la conservation de la faune et la flore marines de l'Antarctique (CCAMLR) a \u00e9t\u00e9 \u00e9tablie en 1982 par une convention internationale dans l'objectif de conserver la vie marine en Antarctique.","og_url":"https:\/\/www.greenpeace.org\/luxembourg\/fr\/actualites\/1388\/quest-ce-que-la-ccamlr\/","og_site_name":"Greenpeace Luxembourg","article_publisher":"https:\/\/www.facebook.com\/greenpeaceluxembourg","article_published_time":"2018-01-15T00:00:00+00:00","article_modified_time":"2019-11-06T08:54:57+00:00","og_image":[{"width":780,"height":520,"url":"https:\/\/www.greenpeace.org\/static\/planet4-luxembourg-stateless\/2018\/10\/f64dda95-f64dda95-manchots-antarctique.jpg","type":"image\/jpeg"}],"author":"Greenpeace Luxembourg","twitter_card":"summary_large_image","twitter_misc":{"Written by":"Greenpeace Luxembourg","Est. reading time":"1 minute"},"schema":{"@context":"https:\/\/schema.org","@graph":[{"@type":"Article","@id":"https:\/\/www.greenpeace.org\/luxembourg\/fr\/actualites\/1388\/quest-ce-que-la-ccamlr\/#article","isPartOf":{"@id":"https:\/\/www.greenpeace.org\/luxembourg\/fr\/actualites\/1388\/quest-ce-que-la-ccamlr\/"},"author":{"name":"Greenpeace Luxembourg","@id":"https:\/\/www.greenpeace.org\/luxembourg\/fr\/#\/schema\/person\/12b34015aca6e55fec2e511d2f19102d"},"headline":"Qu\u2019est-ce que la CCAMLR ?","datePublished":"2018-01-15T00:00:00+00:00","dateModified":"2019-11-06T08:54:57+00:00","mainEntityOfPage":{"@id":"https:\/\/www.greenpeace.org\/luxembourg\/fr\/actualites\/1388\/quest-ce-que-la-ccamlr\/"},"wordCount":230,"publisher":{"@id":"https:\/\/www.greenpeace.org\/luxembourg\/fr\/#organization"},"image":{"@id":"https:\/\/www.greenpeace.org\/luxembourg\/fr\/actualites\/1388\/quest-ce-que-la-ccamlr\/#primaryimage"},"thumbnailUrl":"https:\/\/www.greenpeace.org\/static\/planet4-luxembourg-stateless\/2018\/10\/f64dda95-f64dda95-manchots-antarctique.jpg","keywords":["Oc\u00e9ans","Biodiversit\u00e9"],"articleSection":["Nature"],"inLanguage":"fr-LU"},{"@type":"WebPage","@id":"https:\/\/www.greenpeace.org\/luxembourg\/fr\/actualites\/1388\/quest-ce-que-la-ccamlr\/","url":"https:\/\/www.greenpeace.org\/luxembourg\/fr\/actualites\/1388\/quest-ce-que-la-ccamlr\/","name":"Qu\u2019est-ce que la CCAMLR ? - Greenpeace Luxembourg","isPartOf":{"@id":"https:\/\/www.greenpeace.org\/luxembourg\/fr\/#website"},"primaryImageOfPage":{"@id":"https:\/\/www.greenpeace.org\/luxembourg\/fr\/actualites\/1388\/quest-ce-que-la-ccamlr\/#primaryimage"},"image":{"@id":"https:\/\/www.greenpeace.org\/luxembourg\/fr\/actualites\/1388\/quest-ce-que-la-ccamlr\/#primaryimage"},"thumbnailUrl":"https:\/\/www.greenpeace.org\/static\/planet4-luxembourg-stateless\/2018\/10\/f64dda95-f64dda95-manchots-antarctique.jpg","datePublished":"2018-01-15T00:00:00+00:00","dateModified":"2019-11-06T08:54:57+00:00","breadcrumb":{"@id":"https:\/\/www.greenpeace.org\/luxembourg\/fr\/actualites\/1388\/quest-ce-que-la-ccamlr\/#breadcrumb"},"inLanguage":"fr-LU","potentialAction":[{"@type":"ReadAction","target":["https:\/\/www.greenpeace.org\/luxembourg\/fr\/actualites\/1388\/quest-ce-que-la-ccamlr\/"]}]},{"@type":"ImageObject","inLanguage":"fr-LU","@id":"https:\/\/www.greenpeace.org\/luxembourg\/fr\/actualites\/1388\/quest-ce-que-la-ccamlr\/#primaryimage","url":"https:\/\/www.greenpeace.org\/static\/planet4-luxembourg-stateless\/2018\/10\/f64dda95-f64dda95-manchots-antarctique.jpg","contentUrl":"https:\/\/www.greenpeace.org\/static\/planet4-luxembourg-stateless\/2018\/10\/f64dda95-f64dda95-manchots-antarctique.jpg","width":780,"height":520},{"@type":"BreadcrumbList","@id":"https:\/\/www.greenpeace.org\/luxembourg\/fr\/actualites\/1388\/quest-ce-que-la-ccamlr\/#breadcrumb","itemListElement":[{"@type":"ListItem","position":1,"name":"Home","item":"https:\/\/www.greenpeace.org\/luxembourg\/fr\/"},{"@type":"ListItem","position":2,"name":"Qu\u2019est-ce que la CCAMLR ?"}]},{"@type":"WebSite","@id":"https:\/\/www.greenpeace.org\/luxembourg\/fr\/#website","url":"https:\/\/www.greenpeace.org\/luxembourg\/fr\/","name":"Greenpeace Luxembourg","description":"Greenpeace existe parce que cette Terre fragile a besoin d&#039;une voix. Elle a besoin de solutions. De changement. D&#039;actions.","publisher":{"@id":"https:\/\/www.greenpeace.org\/luxembourg\/fr\/#organization"},"potentialAction":[{"@type":"SearchAction","target":{"@type":"EntryPoint","urlTemplate":"https:\/\/www.greenpeace.org\/luxembourg\/fr\/?s={search_term_string}"},"query-input":{"@type":"PropertyValueSpecification","valueRequired":true,"valueName":"search_term_string"}}],"inLanguage":"fr-LU"},{"@type":"Organization","@id":"https:\/\/www.greenpeace.org\/luxembourg\/fr\/#organization","name":"Greenpeace Luxembourg","url":"https:\/\/www.greenpeace.org\/luxembourg\/fr\/","logo":{"@type":"ImageObject","inLanguage":"fr-LU","@id":"https:\/\/www.greenpeace.org\/luxembourg\/fr\/#\/schema\/logo\/image\/","url":"https:\/\/www.greenpeace.org\/static\/planet4-luxembourg-stateless\/2026\/03\/3e367f94-greenpeace_logo_green_rgb.png","contentUrl":"https:\/\/www.greenpeace.org\/static\/planet4-luxembourg-stateless\/2026\/03\/3e367f94-greenpeace_logo_green_rgb.png","width":1080,"height":175,"caption":"Greenpeace Luxembourg"},"image":{"@id":"https:\/\/www.greenpeace.org\/luxembourg\/fr\/#\/schema\/logo\/image\/"},"sameAs":["https:\/\/www.facebook.com\/greenpeaceluxembourg","https:\/\/www.instagram.com\/greenpeacelux\/","https:\/\/www.linkedin.com\/company\/greenpeace-luxembourg\/","https:\/\/www.threads.com\/@greenpeacelux","https:\/\/bsky.app\/profile\/greenpeacelux.bsky.social","https:\/\/www.youtube.com\/@GreenpeaceLux","https:\/\/www.tiktok.com\/@greenpeace_lux"]},{"@type":"Person","@id":"https:\/\/www.greenpeace.org\/luxembourg\/fr\/#\/schema\/person\/12b34015aca6e55fec2e511d2f19102d","name":"Greenpeace Luxembourg","url":"https:\/\/www.greenpeace.org\/luxembourg\/fr\/author\/gp_luxembourg\/"}]}},"_links":{"self":[{"href":"https:\/\/www.greenpeace.org\/luxembourg\/fr\/wp-json\/wp\/v2\/posts\/1388","targetHints":{"allow":["GET"]}}],"collection":[{"href":"https:\/\/www.greenpeace.org\/luxembourg\/fr\/wp-json\/wp\/v2\/posts"}],"about":[{"href":"https:\/\/www.greenpeace.org\/luxembourg\/fr\/wp-json\/wp\/v2\/types\/post"}],"author":[{"embeddable":true,"href":"https:\/\/www.greenpeace.org\/luxembourg\/fr\/wp-json\/wp\/v2\/users\/20"}],"replies":[{"embeddable":true,"href":"https:\/\/www.greenpeace.org\/luxembourg\/fr\/wp-json\/wp\/v2\/comments?post=1388"}],"version-history":[{"count":1,"href":"https:\/\/www.greenpeace.org\/luxembourg\/fr\/wp-json\/wp\/v2\/posts\/1388\/revisions"}],"predecessor-version":[{"id":1391,"href":"https:\/\/www.greenpeace.org\/luxembourg\/fr\/wp-json\/wp\/v2\/posts\/1388\/revisions\/1391"}],"wp:featuredmedia":[{"embeddable":true,"href":"https:\/\/www.greenpeace.org\/luxembourg\/fr\/wp-json\/wp\/v2\/media\/1389"}],"wp:attachment":[{"href":"https:\/\/www.greenpeace.org\/luxembourg\/fr\/wp-json\/wp\/v2\/media?parent=1388"}],"wp:term":[{"taxonomy":"category","embeddable":true,"href":"https:\/\/www.greenpeace.org\/luxembourg\/fr\/wp-json\/wp\/v2\/categories?post=1388"},{"taxonomy":"post_tag","embeddable":true,"href":"https:\/\/www.greenpeace.org\/luxembourg\/fr\/wp-json\/wp\/v2\/tags?post=1388"},{"taxonomy":"p4-page-type","embeddable":true,"href":"https:\/\/www.greenpeace.org\/luxembourg\/fr\/wp-json\/wp\/v2\/p4-page-type?post=1388"}],"curies":[{"name":"wp","href":"https:\/\/api.w.org\/{rel}","templated":true}]}}