{"id":1392,"date":"2018-04-17T00:00:00","date_gmt":"2018-04-17T00:00:00","guid":{"rendered":"https:\/\/www.greenpeace.org\/luxembourg\/actualites\/1392\/recif-de-lamazone-decouverte-genante-pour-total\/"},"modified":"2019-11-06T10:54:49","modified_gmt":"2019-11-06T08:54:49","slug":"recif-de-lamazone-decouverte-genante-pour-total","status":"publish","type":"post","link":"https:\/\/www.greenpeace.org\/luxembourg\/fr\/actualites\/1392\/recif-de-lamazone-decouverte-genante-pour-total\/","title":{"rendered":"R\u00e9cif de l&#8217;Amazone : d\u00e9couverte g\u00eanante pour Total"},"content":{"rendered":"<div class=\"leader\">\n\t\u00ab Ni vu ni connu \u00bb. C\u2019est ce qu\u2019ont d\u00fb se dire les responsables de Total en omettant de pr\u00e9ciser aux autorit\u00e9s br\u00e9siliennes une information cruciale, ou en faisant preuve d\u2019incomp\u00e9tence : la zone de concessions au large du Br\u00e9sil, l\u00e0 o\u00f9 Total compte chercher du p\u00e9trole, abrite une partie du R\u00e9cif de l\u2019Amazone. En direct de notre bateau l\u2019Esperanza, je vous livre ici le r\u00e9cit de cette d\u00e9couverte capitale et vous demande d\u2019interpeller le PDG de Total.\n<\/div>\n<div>\n<p>Non sans\u00a0<a href=\"http:\/\/greenpeace.lu\/luxembourg\/fr\/news\/Recif-de-lAmazone--Neptune-se-fache\/\">quelques difficult\u00e9s<\/a>, l\u2019\u00e9quipage surmotiv\u00e9 de l\u2019<strong>Esperanza<\/strong>\u00a0a r\u00e9ussi \u00e0 immerger son mat\u00e9riel d\u2019exploration scientifique dans les eaux particuli\u00e8rement agit\u00e9es et s\u00e9diment\u00e9es de la c\u00f4te nord du Br\u00e9sil, \u00e0 l\u2019endroit m\u00eame o\u00f9 Total veut forer des puits d\u2019exploration p\u00e9troli\u00e8re.<\/p>\n<p>Gr\u00e2ce aux images transmises par le sonar, les scientifiques ont pu localiser des fonds propices au d\u00e9veloppement du r\u00e9cif. Ensuite, ils ont pu envoyer \u00e0 cet endroit pr\u00e9cis une cam\u00e9ra \u00e9tanche ainsi que leur petit robot t\u00e9l\u00e9guid\u00e9, histoire de mieux voir ce qui se trame sous ces eaux tumultueuses.<\/p>\n<p><strong>Revivez la d\u00e9couverte en vid\u00e9o :<\/strong><\/p>\n<p><iframe loading=\"lazy\" frameborder=\"0\" height=\"315\" src=\"https:\/\/www.youtube.com\/embed\/aQqo1Mu6-E8?rel=0\" style=\"display: block; margin-left: auto; margin-right: auto;\" width=\"560\"><\/iframe><\/p>\n<p><strong>Les fonds marins d\u00e9voilent une partie de leurs tr\u00e9sors<\/strong><\/p>\n<p>Ces images d\u2019exploration permettent aux scientifiques \u00e0 bord d\u2019\u00eatre formels\u00a0: rhodolithes, \u00e9ponges, coraux\u2026 Les rhodolithes sont des algues calcaires (organismes vivants) qui constituent des habitats pour les poissons et autres cr\u00e9atures typiques des r\u00e9cifs. Leur pr\u00e9sence confirme que\u00a0<span>le r\u00e9cif est bien l\u00e0\u00a0!<\/span><\/p>\n<p>Il s\u2019av\u00e8re aussi que le r\u00e9cif est bien plus grand pr\u00e9vu. Alors que les scientifiques tablaient au d\u00e9part sur une taille de 9500\u00a0km2, ils estiment aujourd\u2019hui qu\u2019il s\u2019\u00e9tendrait en r\u00e9alit\u00e9 sur\u2026\u00a0<span>56\u00a0000\u00a0km2 !<\/span><\/p>\n<p>Une mar\u00e9e noire ou une fuite seraient catastrophiques pour la faune et la flore de ce r\u00e9cif qui, rappelons-le, <a href=\"http:\/\/greenpeace.lu\/luxembourg\/fr\/news\/Voyage-en-eaux-troubles--les-toutes-premieres-images-du-recif-de-lAmazone\/\">a \u00e9t\u00e9\u00a0explor\u00e9 pour la toute premi\u00e8re fois<\/a>\u00a0seulement l\u2019an dernier, par Greenpeace. De plus, les communaut\u00e9s c\u00f4ti\u00e8res, dont les ressources d\u00e9pendent de la mer, seraient touch\u00e9es de plein fouet.<\/p>\n<p><strong>N\u00e9gligence ? Omission ?<\/strong><\/p>\n<p style=\"text-align: center;\"><strong><img loading=\"lazy\" decoding=\"async\" src=\"https:\/\/www.greenpeace.org\/static\/planet4-luxembourg-stateless\/2018\/10\/3032129c-3032129c-gp0strtv4_amazonreef-780x442.jpg\" alt=\"ENGLISH BELOWBanco de rodolitos coberto por algumas esponjas-do-mar na regi\u00e3o dos Corais da Amaz\u00f4nia, a 180 metros de profundidade e 120 km da costa brasileira. A forma\u00e7\u00e3o est\u00e1 dentro da bloco onde a empresa Total quer buscar petr\u00f3leo e foi descoberta durante a expedi\u00e7\u00e3o do Greenpeace na regi\u00e3o. O navio Esperanza est\u00e1 no Brasil para uma expedi\u00e7\u00e3o cient\u00edfica sobre os Corais da Amaz\u00f4nia. Pesquisadores e o time do Greenpeace buscam mais informa\u00e7\u00f5es sobre esse bioma, que \u00e9 \u00fanico no mundo. Empresas internacionais t\u00eam planos de explorar petr\u00f3leo na regi\u00e3o pr\u00f3xima aos Corais em breve. Especialistas, no entanto, alertam que um vazamento ali amea\u00e7aria de forma irrevers\u00edvel o bem-estar do ecossistema marinho e das pessoas que habitam a costa. Foto Greenpeace.Rhodolith field covered by some sponges in the Amazon Reef region, 180 meters deep and 120km off the northern coast of Brazil. The formation is where French company Total intends to drill for oil and was found during a Greenpeace expedition in Brazil. The ship Esperanza is back to Brazil for a scientific expedition about the Amazon Reef. Researchers and the Greenpeace team seek for more information about the biome that is unique in the world. International oil companies want to drill for oil within a few kilometers of the Amazon Reef soon. However, experts warn that an oil spill in the area would irreversibly threaten the well being of the ecosystem and people living in the coast. Photo Greenpeace.\" width=\"600\" height=\"340\"><br \/><\/strong><em>Formation de rhodolithes et \u00e9ponges photographi\u00e9es \u00e0 180 m\u00e8tres de profondeur, \u00e0 l\u2019int\u00e9rieur du bloc FZA-M-86 o\u00f9 Total envisage de chercher du p\u00e9trole.<\/em><br \/><em>\u00a9 Greenpeace<\/em><\/p>\n<p style=\"text-align: left;\"><span>Le R\u00e9cif de l\u2019Amazone se trouve dans les concessions de Total, c\u2019est une certitude. Cette information invalide le dossier que Total a remis aux autorit\u00e9s br\u00e9siliennes en vue d\u2019avoir l\u2019autorisation de commencer \u00e0 forer.<\/span><span>\u00a0La question est de savoir comment le p\u00e9trolier a pu n\u00e9gliger une telle information.\u00a0<\/span><span>Il s\u2019agit soit d\u2019une preuve d\u2019incomp\u00e9tence soit d\u2019une omission volontaire. Quoi qu\u2019il en soit, le gouvernement br\u00e9silien n\u2019a d\u00e9sormais d\u2019autre choix que de refuser d\u2019accorder \u00e0 la compagnie p\u00e9troli\u00e8re les autorisations de forage !<\/span><\/p>\n<p>Ensemble, nous avons d\u00e9j\u00e0 r\u00e9ussi l\u2019an dernier \u00e0\u00a0<a href=\"http:\/\/www.greenpeace.org\/luxembourg\/fr\/news\/Recif-de-lAmazone--grosse-claque-pour-Total\/\">faire reculer une premi\u00e8re fois les projets insens\u00e9s de Total. <\/a>Nous les ferons stopper une fois pour toute cette ann\u00e9e\u00a0!<\/p>\n<p>Avec tout l\u2019\u00e9quipage de l\u2019<strong>Esperanza<\/strong>, on vous demande de\u00a0<a href=\"http:\/\/fr-lu.amazonreefs.org\/\">signer notre p\u00e9tition pour sauver le r\u00e9cif de l\u2019Amazone<\/a>\u00a0pour que Total renonce \u00e0 ses projets :\u00a0<\/p>\n<p>\u00a0<\/p>\n<p style=\"text-align: center;\"><a href=\"http:\/\/fr-lu.amazonreefs.org\/\"><img loading=\"lazy\" decoding=\"async\" src=\"https:\/\/www.greenpeace.org\/static\/planet4-luxembourg-stateless\/2018\/10\/c1bcee40-c1bcee40-bbbcd7dd-je_signe_la_petition_bouton.png\" alt=\"\" width=\"200\" height=\"55\"><\/a><\/p>\n<p style=\"text-align: center;\">\u00a0<\/p>\n<p><a href=\"https:\/\/www.greenpeace.fr\/recif-de-lamazone-decouverte-compromettante-pour-total\/\">Article Source<\/a> : Greenpeace France<\/p>\n<\/div>\n","protected":false},"excerpt":{"rendered":"<div>\n\t\u00ab Ni vu ni connu \u00bb. C\u2019est ce qu\u2019ont d\u00fb se dire les responsables de Total en omettant de pr\u00e9ciser aux autorit\u00e9s br\u00e9siliennes une information cruciale, ou en faisant preuve d\u2019incomp\u00e9tence : la zone de concessions au large du Br\u00e9sil, l\u00e0 o\u00f9 Total compte chercher du p\u00e9trole, abrite une partie du R\u00e9cif de l\u2019Amazone. En direct de notre bateau l\u2019Esperanza, je vous livre ici le r\u00e9cit de cette d\u00e9couverte capitale et vous demande d\u2019interpeller le PDG de Total.\n<\/div>\n","protected":false},"author":20,"featured_media":1394,"comment_status":"closed","ping_status":"closed","sticky":false,"template":"","format":"standard","meta":{"ep_exclude_from_search":false,"p4_og_title":"","p4_og_description":"","p4_og_image":"","p4_og_image_id":"","p4_seo_canonical_url":"","p4_campaign_name":"","p4_local_project":"","p4_basket_name":"","p4_department":"","footnotes":""},"categories":[43],"tags":[35,29],"p4-page-type":[85],"class_list":["post-1392","post","type-post","status-publish","format-standard","has-post-thumbnail","hentry","category-nature","tag-energiesfossiles","tag-oceans","p4-page-type-actualites"],"yoast_head":"<!-- This site is optimized with the Yoast SEO Premium plugin v23.9 (Yoast SEO v23.9) - https:\/\/yoast.com\/wordpress\/plugins\/seo\/ -->\n<title>R\u00e9cif de l&#039;Amazone : d\u00e9couverte g\u00eanante pour Total - Greenpeace Luxembourg<\/title>\n<meta name=\"robots\" content=\"index, follow, max-snippet:-1, max-image-preview:large, max-video-preview:-1\" \/>\n<link rel=\"canonical\" href=\"https:\/\/www.greenpeace.org\/luxembourg\/fr\/actualites\/1392\/recif-de-lamazone-decouverte-genante-pour-total\/\" \/>\n<meta property=\"og:locale\" content=\"fr_FR\" \/>\n<meta property=\"og:type\" content=\"article\" \/>\n<meta property=\"og:title\" content=\"R\u00e9cif de l&#039;Amazone : d\u00e9couverte g\u00eanante pour Total\" \/>\n<meta property=\"og:description\" content=\"\u00ab Ni vu ni connu \u00bb. C\u2019est ce qu\u2019ont d\u00fb se dire les responsables de Total en omettant de pr\u00e9ciser aux autorit\u00e9s br\u00e9siliennes une information cruciale, ou en faisant preuve d\u2019incomp\u00e9tence : la zone de concessions au large du Br\u00e9sil, l\u00e0 o\u00f9 Total compte chercher du p\u00e9trole, abrite une partie du R\u00e9cif de l\u2019Amazone. En direct de notre bateau l\u2019Esperanza, je vous livre ici le r\u00e9cit de cette d\u00e9couverte capitale et vous demande d\u2019interpeller le PDG de Total.\" \/>\n<meta property=\"og:url\" content=\"https:\/\/www.greenpeace.org\/luxembourg\/fr\/actualites\/1392\/recif-de-lamazone-decouverte-genante-pour-total\/\" \/>\n<meta property=\"og:site_name\" content=\"Greenpeace Luxembourg\" \/>\n<meta property=\"article:publisher\" content=\"https:\/\/www.facebook.com\/greenpeaceluxembourg\" \/>\n<meta property=\"article:published_time\" content=\"2018-04-17T00:00:00+00:00\" \/>\n<meta property=\"article:modified_time\" content=\"2019-11-06T08:54:49+00:00\" \/>\n<meta property=\"og:image\" content=\"https:\/\/www.greenpeace.org\/static\/planet4-luxembourg-stateless\/2018\/10\/3032129c-3032129c-gp0strtv4_amazonreef-780x442.jpg\" \/>\n\t<meta property=\"og:image:width\" content=\"780\" \/>\n\t<meta property=\"og:image:height\" content=\"442\" \/>\n\t<meta property=\"og:image:type\" content=\"image\/jpeg\" \/>\n<meta name=\"author\" content=\"Greenpeace Luxembourg\" \/>\n<meta name=\"twitter:card\" content=\"summary_large_image\" \/>\n<meta name=\"twitter:label1\" content=\"Written by\" \/>\n\t<meta name=\"twitter:data1\" content=\"Greenpeace Luxembourg\" \/>\n\t<meta name=\"twitter:label2\" content=\"Est. reading time\" \/>\n\t<meta name=\"twitter:data2\" content=\"3 minutes\" \/>\n<script type=\"application\/ld+json\" class=\"yoast-schema-graph\">{\"@context\":\"https:\/\/schema.org\",\"@graph\":[{\"@type\":\"Article\",\"@id\":\"https:\/\/www.greenpeace.org\/luxembourg\/fr\/actualites\/1392\/recif-de-lamazone-decouverte-genante-pour-total\/#article\",\"isPartOf\":{\"@id\":\"https:\/\/www.greenpeace.org\/luxembourg\/fr\/actualites\/1392\/recif-de-lamazone-decouverte-genante-pour-total\/\"},\"author\":{\"name\":\"Greenpeace Luxembourg\",\"@id\":\"https:\/\/www.greenpeace.org\/luxembourg\/fr\/#\/schema\/person\/12b34015aca6e55fec2e511d2f19102d\"},\"headline\":\"R\u00e9cif de l&#8217;Amazone : d\u00e9couverte g\u00eanante pour Total\",\"datePublished\":\"2018-04-17T00:00:00+00:00\",\"dateModified\":\"2019-11-06T08:54:49+00:00\",\"mainEntityOfPage\":{\"@id\":\"https:\/\/www.greenpeace.org\/luxembourg\/fr\/actualites\/1392\/recif-de-lamazone-decouverte-genante-pour-total\/\"},\"wordCount\":572,\"publisher\":{\"@id\":\"https:\/\/www.greenpeace.org\/luxembourg\/fr\/#organization\"},\"image\":{\"@id\":\"https:\/\/www.greenpeace.org\/luxembourg\/fr\/actualites\/1392\/recif-de-lamazone-decouverte-genante-pour-total\/#primaryimage\"},\"thumbnailUrl\":\"https:\/\/www.greenpeace.org\/static\/planet4-luxembourg-stateless\/2018\/10\/3032129c-3032129c-gp0strtv4_amazonreef-780x442.jpg\",\"keywords\":[\"EnergiesFossiles\",\"Oc\u00e9ans\"],\"articleSection\":[\"Nature\"],\"inLanguage\":\"fr-LU\"},{\"@type\":\"WebPage\",\"@id\":\"https:\/\/www.greenpeace.org\/luxembourg\/fr\/actualites\/1392\/recif-de-lamazone-decouverte-genante-pour-total\/\",\"url\":\"https:\/\/www.greenpeace.org\/luxembourg\/fr\/actualites\/1392\/recif-de-lamazone-decouverte-genante-pour-total\/\",\"name\":\"R\u00e9cif de l'Amazone : d\u00e9couverte g\u00eanante pour Total - Greenpeace Luxembourg\",\"isPartOf\":{\"@id\":\"https:\/\/www.greenpeace.org\/luxembourg\/fr\/#website\"},\"primaryImageOfPage\":{\"@id\":\"https:\/\/www.greenpeace.org\/luxembourg\/fr\/actualites\/1392\/recif-de-lamazone-decouverte-genante-pour-total\/#primaryimage\"},\"image\":{\"@id\":\"https:\/\/www.greenpeace.org\/luxembourg\/fr\/actualites\/1392\/recif-de-lamazone-decouverte-genante-pour-total\/#primaryimage\"},\"thumbnailUrl\":\"https:\/\/www.greenpeace.org\/static\/planet4-luxembourg-stateless\/2018\/10\/3032129c-3032129c-gp0strtv4_amazonreef-780x442.jpg\",\"datePublished\":\"2018-04-17T00:00:00+00:00\",\"dateModified\":\"2019-11-06T08:54:49+00:00\",\"breadcrumb\":{\"@id\":\"https:\/\/www.greenpeace.org\/luxembourg\/fr\/actualites\/1392\/recif-de-lamazone-decouverte-genante-pour-total\/#breadcrumb\"},\"inLanguage\":\"fr-LU\",\"potentialAction\":[{\"@type\":\"ReadAction\",\"target\":[\"https:\/\/www.greenpeace.org\/luxembourg\/fr\/actualites\/1392\/recif-de-lamazone-decouverte-genante-pour-total\/\"]}]},{\"@type\":\"ImageObject\",\"inLanguage\":\"fr-LU\",\"@id\":\"https:\/\/www.greenpeace.org\/luxembourg\/fr\/actualites\/1392\/recif-de-lamazone-decouverte-genante-pour-total\/#primaryimage\",\"url\":\"https:\/\/www.greenpeace.org\/static\/planet4-luxembourg-stateless\/2018\/10\/3032129c-3032129c-gp0strtv4_amazonreef-780x442.jpg\",\"contentUrl\":\"https:\/\/www.greenpeace.org\/static\/planet4-luxembourg-stateless\/2018\/10\/3032129c-3032129c-gp0strtv4_amazonreef-780x442.jpg\",\"width\":780,\"height\":442},{\"@type\":\"BreadcrumbList\",\"@id\":\"https:\/\/www.greenpeace.org\/luxembourg\/fr\/actualites\/1392\/recif-de-lamazone-decouverte-genante-pour-total\/#breadcrumb\",\"itemListElement\":[{\"@type\":\"ListItem\",\"position\":1,\"name\":\"Home\",\"item\":\"https:\/\/www.greenpeace.org\/luxembourg\/fr\/\"},{\"@type\":\"ListItem\",\"position\":2,\"name\":\"R\u00e9cif de l&#8217;Amazone : d\u00e9couverte g\u00eanante pour Total\"}]},{\"@type\":\"WebSite\",\"@id\":\"https:\/\/www.greenpeace.org\/luxembourg\/fr\/#website\",\"url\":\"https:\/\/www.greenpeace.org\/luxembourg\/fr\/\",\"name\":\"Greenpeace Luxembourg\",\"description\":\"Greenpeace existe parce que cette Terre fragile a besoin d&#039;une voix. Elle a besoin de solutions. De changement. D&#039;actions.\",\"publisher\":{\"@id\":\"https:\/\/www.greenpeace.org\/luxembourg\/fr\/#organization\"},\"potentialAction\":[{\"@type\":\"SearchAction\",\"target\":{\"@type\":\"EntryPoint\",\"urlTemplate\":\"https:\/\/www.greenpeace.org\/luxembourg\/fr\/?s={search_term_string}\"},\"query-input\":{\"@type\":\"PropertyValueSpecification\",\"valueRequired\":true,\"valueName\":\"search_term_string\"}}],\"inLanguage\":\"fr-LU\"},{\"@type\":\"Organization\",\"@id\":\"https:\/\/www.greenpeace.org\/luxembourg\/fr\/#organization\",\"name\":\"Greenpeace Luxembourg\",\"url\":\"https:\/\/www.greenpeace.org\/luxembourg\/fr\/\",\"logo\":{\"@type\":\"ImageObject\",\"inLanguage\":\"fr-LU\",\"@id\":\"https:\/\/www.greenpeace.org\/luxembourg\/fr\/#\/schema\/logo\/image\/\",\"url\":\"https:\/\/www.greenpeace.org\/static\/planet4-luxembourg-stateless\/2026\/03\/3e367f94-greenpeace_logo_green_rgb.png\",\"contentUrl\":\"https:\/\/www.greenpeace.org\/static\/planet4-luxembourg-stateless\/2026\/03\/3e367f94-greenpeace_logo_green_rgb.png\",\"width\":1080,\"height\":175,\"caption\":\"Greenpeace Luxembourg\"},\"image\":{\"@id\":\"https:\/\/www.greenpeace.org\/luxembourg\/fr\/#\/schema\/logo\/image\/\"},\"sameAs\":[\"https:\/\/www.facebook.com\/greenpeaceluxembourg\",\"https:\/\/www.instagram.com\/greenpeacelux\/\",\"https:\/\/www.linkedin.com\/company\/greenpeace-luxembourg\/\",\"https:\/\/www.threads.com\/@greenpeacelux\",\"https:\/\/bsky.app\/profile\/greenpeacelux.bsky.social\",\"https:\/\/www.youtube.com\/@GreenpeaceLux\",\"https:\/\/www.tiktok.com\/@greenpeace_lux\"]},{\"@type\":\"Person\",\"@id\":\"https:\/\/www.greenpeace.org\/luxembourg\/fr\/#\/schema\/person\/12b34015aca6e55fec2e511d2f19102d\",\"name\":\"Greenpeace Luxembourg\",\"url\":\"https:\/\/www.greenpeace.org\/luxembourg\/fr\/author\/gp_luxembourg\/\"}]}<\/script>\n<!-- \/ Yoast SEO Premium plugin. -->","yoast_head_json":{"title":"R\u00e9cif de l'Amazone : d\u00e9couverte g\u00eanante pour Total - Greenpeace Luxembourg","robots":{"index":"index","follow":"follow","max-snippet":"max-snippet:-1","max-image-preview":"max-image-preview:large","max-video-preview":"max-video-preview:-1"},"canonical":"https:\/\/www.greenpeace.org\/luxembourg\/fr\/actualites\/1392\/recif-de-lamazone-decouverte-genante-pour-total\/","og_locale":"fr_FR","og_type":"article","og_title":"R\u00e9cif de l'Amazone : d\u00e9couverte g\u00eanante pour Total","og_description":"\u00ab Ni vu ni connu \u00bb. C\u2019est ce qu\u2019ont d\u00fb se dire les responsables de Total en omettant de pr\u00e9ciser aux autorit\u00e9s br\u00e9siliennes une information cruciale, ou en faisant preuve d\u2019incomp\u00e9tence : la zone de concessions au large du Br\u00e9sil, l\u00e0 o\u00f9 Total compte chercher du p\u00e9trole, abrite une partie du R\u00e9cif de l\u2019Amazone. En direct de notre bateau l\u2019Esperanza, je vous livre ici le r\u00e9cit de cette d\u00e9couverte capitale et vous demande d\u2019interpeller le PDG de Total.","og_url":"https:\/\/www.greenpeace.org\/luxembourg\/fr\/actualites\/1392\/recif-de-lamazone-decouverte-genante-pour-total\/","og_site_name":"Greenpeace Luxembourg","article_publisher":"https:\/\/www.facebook.com\/greenpeaceluxembourg","article_published_time":"2018-04-17T00:00:00+00:00","article_modified_time":"2019-11-06T08:54:49+00:00","og_image":[{"width":780,"height":442,"url":"https:\/\/www.greenpeace.org\/static\/planet4-luxembourg-stateless\/2018\/10\/3032129c-3032129c-gp0strtv4_amazonreef-780x442.jpg","type":"image\/jpeg"}],"author":"Greenpeace Luxembourg","twitter_card":"summary_large_image","twitter_misc":{"Written by":"Greenpeace Luxembourg","Est. reading time":"3 minutes"},"schema":{"@context":"https:\/\/schema.org","@graph":[{"@type":"Article","@id":"https:\/\/www.greenpeace.org\/luxembourg\/fr\/actualites\/1392\/recif-de-lamazone-decouverte-genante-pour-total\/#article","isPartOf":{"@id":"https:\/\/www.greenpeace.org\/luxembourg\/fr\/actualites\/1392\/recif-de-lamazone-decouverte-genante-pour-total\/"},"author":{"name":"Greenpeace Luxembourg","@id":"https:\/\/www.greenpeace.org\/luxembourg\/fr\/#\/schema\/person\/12b34015aca6e55fec2e511d2f19102d"},"headline":"R\u00e9cif de l&#8217;Amazone : d\u00e9couverte g\u00eanante pour Total","datePublished":"2018-04-17T00:00:00+00:00","dateModified":"2019-11-06T08:54:49+00:00","mainEntityOfPage":{"@id":"https:\/\/www.greenpeace.org\/luxembourg\/fr\/actualites\/1392\/recif-de-lamazone-decouverte-genante-pour-total\/"},"wordCount":572,"publisher":{"@id":"https:\/\/www.greenpeace.org\/luxembourg\/fr\/#organization"},"image":{"@id":"https:\/\/www.greenpeace.org\/luxembourg\/fr\/actualites\/1392\/recif-de-lamazone-decouverte-genante-pour-total\/#primaryimage"},"thumbnailUrl":"https:\/\/www.greenpeace.org\/static\/planet4-luxembourg-stateless\/2018\/10\/3032129c-3032129c-gp0strtv4_amazonreef-780x442.jpg","keywords":["EnergiesFossiles","Oc\u00e9ans"],"articleSection":["Nature"],"inLanguage":"fr-LU"},{"@type":"WebPage","@id":"https:\/\/www.greenpeace.org\/luxembourg\/fr\/actualites\/1392\/recif-de-lamazone-decouverte-genante-pour-total\/","url":"https:\/\/www.greenpeace.org\/luxembourg\/fr\/actualites\/1392\/recif-de-lamazone-decouverte-genante-pour-total\/","name":"R\u00e9cif de l'Amazone : d\u00e9couverte g\u00eanante pour Total - Greenpeace Luxembourg","isPartOf":{"@id":"https:\/\/www.greenpeace.org\/luxembourg\/fr\/#website"},"primaryImageOfPage":{"@id":"https:\/\/www.greenpeace.org\/luxembourg\/fr\/actualites\/1392\/recif-de-lamazone-decouverte-genante-pour-total\/#primaryimage"},"image":{"@id":"https:\/\/www.greenpeace.org\/luxembourg\/fr\/actualites\/1392\/recif-de-lamazone-decouverte-genante-pour-total\/#primaryimage"},"thumbnailUrl":"https:\/\/www.greenpeace.org\/static\/planet4-luxembourg-stateless\/2018\/10\/3032129c-3032129c-gp0strtv4_amazonreef-780x442.jpg","datePublished":"2018-04-17T00:00:00+00:00","dateModified":"2019-11-06T08:54:49+00:00","breadcrumb":{"@id":"https:\/\/www.greenpeace.org\/luxembourg\/fr\/actualites\/1392\/recif-de-lamazone-decouverte-genante-pour-total\/#breadcrumb"},"inLanguage":"fr-LU","potentialAction":[{"@type":"ReadAction","target":["https:\/\/www.greenpeace.org\/luxembourg\/fr\/actualites\/1392\/recif-de-lamazone-decouverte-genante-pour-total\/"]}]},{"@type":"ImageObject","inLanguage":"fr-LU","@id":"https:\/\/www.greenpeace.org\/luxembourg\/fr\/actualites\/1392\/recif-de-lamazone-decouverte-genante-pour-total\/#primaryimage","url":"https:\/\/www.greenpeace.org\/static\/planet4-luxembourg-stateless\/2018\/10\/3032129c-3032129c-gp0strtv4_amazonreef-780x442.jpg","contentUrl":"https:\/\/www.greenpeace.org\/static\/planet4-luxembourg-stateless\/2018\/10\/3032129c-3032129c-gp0strtv4_amazonreef-780x442.jpg","width":780,"height":442},{"@type":"BreadcrumbList","@id":"https:\/\/www.greenpeace.org\/luxembourg\/fr\/actualites\/1392\/recif-de-lamazone-decouverte-genante-pour-total\/#breadcrumb","itemListElement":[{"@type":"ListItem","position":1,"name":"Home","item":"https:\/\/www.greenpeace.org\/luxembourg\/fr\/"},{"@type":"ListItem","position":2,"name":"R\u00e9cif de l&#8217;Amazone : d\u00e9couverte g\u00eanante pour Total"}]},{"@type":"WebSite","@id":"https:\/\/www.greenpeace.org\/luxembourg\/fr\/#website","url":"https:\/\/www.greenpeace.org\/luxembourg\/fr\/","name":"Greenpeace Luxembourg","description":"Greenpeace existe parce que cette Terre fragile a besoin d&#039;une voix. Elle a besoin de solutions. De changement. D&#039;actions.","publisher":{"@id":"https:\/\/www.greenpeace.org\/luxembourg\/fr\/#organization"},"potentialAction":[{"@type":"SearchAction","target":{"@type":"EntryPoint","urlTemplate":"https:\/\/www.greenpeace.org\/luxembourg\/fr\/?s={search_term_string}"},"query-input":{"@type":"PropertyValueSpecification","valueRequired":true,"valueName":"search_term_string"}}],"inLanguage":"fr-LU"},{"@type":"Organization","@id":"https:\/\/www.greenpeace.org\/luxembourg\/fr\/#organization","name":"Greenpeace Luxembourg","url":"https:\/\/www.greenpeace.org\/luxembourg\/fr\/","logo":{"@type":"ImageObject","inLanguage":"fr-LU","@id":"https:\/\/www.greenpeace.org\/luxembourg\/fr\/#\/schema\/logo\/image\/","url":"https:\/\/www.greenpeace.org\/static\/planet4-luxembourg-stateless\/2026\/03\/3e367f94-greenpeace_logo_green_rgb.png","contentUrl":"https:\/\/www.greenpeace.org\/static\/planet4-luxembourg-stateless\/2026\/03\/3e367f94-greenpeace_logo_green_rgb.png","width":1080,"height":175,"caption":"Greenpeace Luxembourg"},"image":{"@id":"https:\/\/www.greenpeace.org\/luxembourg\/fr\/#\/schema\/logo\/image\/"},"sameAs":["https:\/\/www.facebook.com\/greenpeaceluxembourg","https:\/\/www.instagram.com\/greenpeacelux\/","https:\/\/www.linkedin.com\/company\/greenpeace-luxembourg\/","https:\/\/www.threads.com\/@greenpeacelux","https:\/\/bsky.app\/profile\/greenpeacelux.bsky.social","https:\/\/www.youtube.com\/@GreenpeaceLux","https:\/\/www.tiktok.com\/@greenpeace_lux"]},{"@type":"Person","@id":"https:\/\/www.greenpeace.org\/luxembourg\/fr\/#\/schema\/person\/12b34015aca6e55fec2e511d2f19102d","name":"Greenpeace Luxembourg","url":"https:\/\/www.greenpeace.org\/luxembourg\/fr\/author\/gp_luxembourg\/"}]}},"_links":{"self":[{"href":"https:\/\/www.greenpeace.org\/luxembourg\/fr\/wp-json\/wp\/v2\/posts\/1392","targetHints":{"allow":["GET"]}}],"collection":[{"href":"https:\/\/www.greenpeace.org\/luxembourg\/fr\/wp-json\/wp\/v2\/posts"}],"about":[{"href":"https:\/\/www.greenpeace.org\/luxembourg\/fr\/wp-json\/wp\/v2\/types\/post"}],"author":[{"embeddable":true,"href":"https:\/\/www.greenpeace.org\/luxembourg\/fr\/wp-json\/wp\/v2\/users\/20"}],"replies":[{"embeddable":true,"href":"https:\/\/www.greenpeace.org\/luxembourg\/fr\/wp-json\/wp\/v2\/comments?post=1392"}],"version-history":[{"count":1,"href":"https:\/\/www.greenpeace.org\/luxembourg\/fr\/wp-json\/wp\/v2\/posts\/1392\/revisions"}],"predecessor-version":[{"id":1398,"href":"https:\/\/www.greenpeace.org\/luxembourg\/fr\/wp-json\/wp\/v2\/posts\/1392\/revisions\/1398"}],"wp:featuredmedia":[{"embeddable":true,"href":"https:\/\/www.greenpeace.org\/luxembourg\/fr\/wp-json\/wp\/v2\/media\/1394"}],"wp:attachment":[{"href":"https:\/\/www.greenpeace.org\/luxembourg\/fr\/wp-json\/wp\/v2\/media?parent=1392"}],"wp:term":[{"taxonomy":"category","embeddable":true,"href":"https:\/\/www.greenpeace.org\/luxembourg\/fr\/wp-json\/wp\/v2\/categories?post=1392"},{"taxonomy":"post_tag","embeddable":true,"href":"https:\/\/www.greenpeace.org\/luxembourg\/fr\/wp-json\/wp\/v2\/tags?post=1392"},{"taxonomy":"p4-page-type","embeddable":true,"href":"https:\/\/www.greenpeace.org\/luxembourg\/fr\/wp-json\/wp\/v2\/p4-page-type?post=1392"}],"curies":[{"name":"wp","href":"https:\/\/api.w.org\/{rel}","templated":true}]}}