{"id":14053,"date":"2022-03-30T10:58:12","date_gmt":"2022-03-30T08:58:12","guid":{"rendered":"https:\/\/www.greenpeace.org\/luxembourg\/?p=14053"},"modified":"2022-03-30T10:58:15","modified_gmt":"2022-03-30T08:58:15","slug":"dirty-and-dangerous-par-ses-investissements-le-fonds-de-pension-luxembourgeois-alimente-la-crise-climatique-et-neglige-la-protection-des-droits-humains","status":"publish","type":"post","link":"https:\/\/www.greenpeace.org\/luxembourg\/fr\/communiques-de-presse\/14053\/dirty-and-dangerous-par-ses-investissements-le-fonds-de-pension-luxembourgeois-alimente-la-crise-climatique-et-neglige-la-protection-des-droits-humains\/","title":{"rendered":"\u00ab Dirty and dangerous \u00bb : Par ses investissements, le fonds de pension luxembourgeois alimente la crise climatique et n\u00e9glige la protection des droits humains"},"content":{"rendered":"\n<p>Action Solidarit\u00e9 Tiers Monde (ASTM) et Greenpeace Luxembourg ont charg\u00e9 Nextra Consulting[1] d\u2019analyser les investissements de 2020 du Fonds de compensation commun au r\u00e9gime g\u00e9n\u00e9ral de pension (FDC) en termes de durabilit\u00e9. Le FDC a d\u00e9clar\u00e9 \u00eatre \u00ab conscient de ses responsabilit\u00e9s \u00e9cologiques, sociales et de bonne gouvernance \u00bb en tant que gestionnaire d\u2019actifs institutionnels.[2] Cependant, l\u2019analyse men\u00e9e par Nextra Consulting r\u00e9v\u00e8le que la pratique d\u2019investissement du FDC est peu ambitieuse, insuffisante et non transparente. Au cours de l\u2019ann\u00e9e 2022, le FDC r\u00e9visera sa strat\u00e9gie d\u2019investissement pour la p\u00e9riode 2023-2028 \u2013 une occasion unique d\u2019am\u00e9liorer de mani\u00e8re significative sa performance en mati\u00e8re de durabilit\u00e9. Dans ce contexte, ASTM et Greenpeace proposent des mesures concr\u00e8tes en termes de gouvernance, de strat\u00e9gie d\u2019investissement, de d\u00e9sinvestissement et d\u2019action gouvernementale pour faire progresser le fonds de pension souverain du Luxembourg sur la voie de l\u2019alignement sur l\u2019Accord de Paris et du respect des droits humains.<\/p>\n\n<div class=\"wp-block-image\"><figure class=\"aligncenter size-full\"><a href=\"https:\/\/www.greenpeace.org\/static\/planet4-luxembourg-stateless\/2022\/03\/fb0b1bd1-fr_briefing-fdc_astm-greenpeace_2022.pdf\" target=\"_blank\" rel=\"noopener\"><img loading=\"lazy\" decoding=\"async\" width=\"306\" height=\"427\" src=\"https:\/\/www.greenpeace.org\/static\/planet4-luxembourg-stateless\/2022\/03\/0c516aa0-briefing-cover-fr.png\" alt=\"\" class=\"wp-image-14064\" srcset=\"https:\/\/www.greenpeace.org\/static\/planet4-luxembourg-stateless\/2022\/03\/0c516aa0-briefing-cover-fr.png 306w, https:\/\/www.greenpeace.org\/static\/planet4-luxembourg-stateless\/2022\/03\/0c516aa0-briefing-cover-fr-215x300.png 215w, https:\/\/www.greenpeace.org\/static\/planet4-luxembourg-stateless\/2022\/03\/0c516aa0-briefing-cover-fr-244x340.png 244w\" sizes=\"auto, (max-width: 306px) 100vw, 306px\" \/><\/a><figcaption>Cliquez <a href=\"https:\/\/www.greenpeace.org\/static\/planet4-luxembourg-stateless\/2022\/03\/fb0b1bd1-fr_briefing-fdc_astm-greenpeace_2022.pdf\" target=\"_blank\" rel=\"noreferrer noopener\">ici<\/a> pour lire le briefing<\/figcaption><\/figure><\/div>\n\n<p><strong>L\u2019amour du FDC pour les combustibles fossiles<\/strong><\/p>\n\n<p>Le FDC \u2013 une institution publique d\u2019un pays qui a ratifi\u00e9 l\u2019Accord de Paris \u2013 continue d\u2019investir l\u2019argent des citoyens dans l\u2019industrie des combustibles fossiles. Les investissements du FDC de l\u2019ann\u00e9e 2020 sont associ\u00e9s \u00e0 une augmentation potentielle de la temp\u00e9rature de 2,7\u00b0C d\u2019ici 2050, deux compartiments se dirigeant m\u00eame vers une trajectoire d\u2019\u00e9missions de 6\u00b0C. Le FDC finance 1.001.741 tonnes d\u2019\u00e9missions de carbone par le biais de son portefeuille, ce qui \u00e9quivaut \u00e0 9% des \u00e9missions directes de gaz \u00e0 effet de serre du Luxembourg. En outre, le FDC investit dans des entreprises li\u00e9es \u00e0 des pratiques controvers\u00e9es d\u2019extraction d\u2019\u00e9nergie, telles que le forage dans l\u2019Arctique, la fracturation hydraulique (fracking) et l\u2019exploration des sables bitumineux ainsi que du p\u00e9trole et du gaz de schiste. Ces pratiques sont souvent li\u00e9es \u00e0 des dommages caus\u00e9s aux \u00e9cosyst\u00e8mes et \u00e0 des violations des droits humains.<\/p>\n\n<figure class=\"wp-block-image size-full\"><img loading=\"lazy\" decoding=\"async\" width=\"752\" height=\"457\" src=\"https:\/\/www.greenpeace.org\/static\/planet4-luxembourg-stateless\/2022\/03\/18977a90-graph-1-fr.png\" alt=\"\" class=\"wp-image-14056\" srcset=\"https:\/\/www.greenpeace.org\/static\/planet4-luxembourg-stateless\/2022\/03\/18977a90-graph-1-fr.png 752w, https:\/\/www.greenpeace.org\/static\/planet4-luxembourg-stateless\/2022\/03\/18977a90-graph-1-fr-300x182.png 300w, https:\/\/www.greenpeace.org\/static\/planet4-luxembourg-stateless\/2022\/03\/18977a90-graph-1-fr-510x310.png 510w\" sizes=\"auto, (max-width: 752px) 100vw, 752px\" \/><\/figure>\n\n<p><strong>L\u2019angle mort du FDC : les droits humains<\/strong><\/p>\n\n<p>Le FDC et les gestionnaires d\u2019actifs mandat\u00e9s ne tiennent pas compte des droits humains dans leur approche de durabilit\u00e9 et dans leurs d\u00e9cisions d\u2019investissement. Bien que le FDC se r\u00e9f\u00e8re souvent \u00e0 sa liste d\u2019exclusion pour d\u00e9montrer son engagement en mati\u00e8re de durabilit\u00e9, ce m\u00e9canisme est non seulement non transparent, mais \u00e9galement insuffisant. L\u2019analyse de Nextra r\u00e9v\u00e8le qu\u2019au sein du portefeuille activement g\u00e9r\u00e9 du FDC, 282 cas de non-respect \u00e0 la diligence raisonnable en mati\u00e8re de droits humains ont \u00e9t\u00e9 signal\u00e9s en relation avec 196 entreprises. Le secteur financier est particuli\u00e8rement concern\u00e9, puisque 30 de ces 196 entreprises sont des banques. Par ailleurs, en ce qui concerne leur impact sur les Objectifs de d\u00e9veloppement durable (ODD), 47% des entreprises du portefeuille du FDC pr\u00e9sentent une notation ODD n\u00e9gative. Les investissements du FDC ont un impact particuli\u00e8rement n\u00e9gatif sur l\u2019ODD 8 (Travail d\u00e9cent et croissance \u00e9conomique), o\u00f9 51% des entreprises ont un impact n\u00e9gatif, et sur l\u2019ODD 12 (Consommation et production responsables), o\u00f9 37% des entreprises du portefeuille ont un impact n\u00e9gatif.<\/p>\n\n<figure class=\"wp-block-image size-full\"><img loading=\"lazy\" decoding=\"async\" width=\"840\" height=\"452\" src=\"https:\/\/www.greenpeace.org\/static\/planet4-luxembourg-stateless\/2022\/03\/4530839b-graph-2-fr.png\" alt=\"\" class=\"wp-image-14058\" srcset=\"https:\/\/www.greenpeace.org\/static\/planet4-luxembourg-stateless\/2022\/03\/4530839b-graph-2-fr.png 840w, https:\/\/www.greenpeace.org\/static\/planet4-luxembourg-stateless\/2022\/03\/4530839b-graph-2-fr-300x161.png 300w, https:\/\/www.greenpeace.org\/static\/planet4-luxembourg-stateless\/2022\/03\/4530839b-graph-2-fr-768x413.png 768w, https:\/\/www.greenpeace.org\/static\/planet4-luxembourg-stateless\/2022\/03\/4530839b-graph-2-fr-510x274.png 510w\" sizes=\"auto, (max-width: 840px) 100vw, 840px\" \/><\/figure>\n\n<p><strong>Les risques financiers des d\u00e9cisions d\u2019investissement du FDC<\/strong><\/p>\n\n<p>L\u2019exposition du portefeuille d\u2019investissement du FDC \u00e0 des actifs potentiellement \u00e9chou\u00e9s (<em>stranded assets<\/em>) est inqui\u00e9tante. La plupart des entreprises dans lesquelles le FDC investit ne pr\u00e9sentent aucun plan concret et mesurable de transition vers un mod\u00e8le \u00e9conomique durable. En investissant dans des combustibles fossiles et d\u2019autres actifs \u00e0 forte teneur en carbone, ainsi que dans des pays consid\u00e9r\u00e9s comme des r\u00e9gions \u00e0 risque au sens g\u00e9opolitique, le FDC s\u2019expose \u00e0 des pertes financi\u00e8res potentielles. L\u2019invasion de l\u2019Ukraine par la Russie et les cons\u00e9quences sur l\u2019approvisionnement \u00e9nerg\u00e9tique en Europe illustrent le risque que prend le FDC en investissant dans des entreprises qui ne parviennent pas \u00e0 assurer la transition. La crise actuelle a \u00e9galement clairement montr\u00e9 comment les d\u00e9cisions financi\u00e8res et d\u2019investissement peuvent \u00eatre utilis\u00e9es comme un levier pour atteindre des objectifs politiques.<\/p>\n\n<p>Face \u00e0 ces r\u00e9v\u00e9lations inqui\u00e9tantes, ASTM et Greenpeace appellent le FDC et le gouvernement luxembourgeois \u00e0 assumer leurs responsabilit\u00e9s lors de la prochaine r\u00e9vision de la strat\u00e9gie pour mettre en place un cadre l\u00e9gal ainsi que des politiques d\u2019investissement ambitieuses pour un fonds de pension durable. Le mandat du FDC, tel que d\u00e9fini dans la loi du 6 mai 2004, doit \u00eatre clarifi\u00e9. Pour \u00e9viter toute contestation sur ce point, le mandat devrait inclure explicitement des crit\u00e8res de durabilit\u00e9.<\/p>\n\n<p>Pour que le FDC soit durable, il doit adopter et mettre en \u0153uvre une strat\u00e9gie d\u2019investissement globale, coh\u00e9rente et ambitieuse pour le fonds dans son ensemble, ainsi que pour les gestionnaires d\u2019actifs et leurs compartiments mandat\u00e9s (g\u00e9r\u00e9s activement et passivement). Tous les investissements doivent \u00eatre align\u00e9s sur l\u2019objectif de l\u2019Accord de Paris de limiter le r\u00e9chauffement climatique \u00e0 1,5\u00b0C ainsi que sur la Charte internationale des droits humains.<\/p>\n\n<hr class=\"wp-block-separator\"\/>\n\n<p><a id=\"_ftn1\" href=\"#_ftnref1\">[1]<\/a> Nextra Consulting est une soci\u00e9t\u00e9 ind\u00e9pendante de conseil en affaires et en gestion, ax\u00e9e sur le d\u00e9veloppement durable <a href=\"https:\/\/nextra-consulting.com\/\" target=\"_blank\" rel=\"noreferrer noopener\">(https:\/\/nextra-consulting.com\/)<\/a>.<\/p>\n\n<p><a id=\"_ftn2\" href=\"#_ftnref2\">[2]<\/a> Fonds de compensation (2020) : Rapport d\u2019investisseur durable (<a href=\"https:\/\/fdc.public.lu\/dam-assets\/publications\/Sustainable-Investor-Report-2020-final-web-version-.pdf\" target=\"_blank\" rel=\"noreferrer noopener\">https:\/\/fdc.public.lu\/dam-assets\/publications\/Sustainable-Investor-Report-2020-final-web-version-.pdf<\/a>)<\/p>\n\n<hr class=\"wp-block-separator\"\/>\n\n<p>L&#8217;analyse men\u00e9e par Nextra Consulting est disponible <a href=\"https:\/\/www.greenpeace.org\/static\/planet4-luxembourg-stateless\/2022\/03\/c9fc6e24-nextra-consulting_-fdc-sustainability-analysis.pdf\" target=\"_blank\" rel=\"noreferrer noopener\">ici<\/a>. <\/p>\n","protected":false},"excerpt":{"rendered":"<p>ASTM et Greenpeace Luxembourg ont pr\u00e9sent\u00e9 leur rapport sur les investissements du FDC en termes de durabilit\u00e9. <\/p>\n","protected":false},"author":31,"featured_media":14062,"comment_status":"closed","ping_status":"closed","sticky":false,"template":"","format":"standard","meta":{"ep_exclude_from_search":false,"p4_og_title":"","p4_og_description":"","p4_og_image":"","p4_og_image_id":"","p4_seo_canonical_url":"","p4_campaign_name":"not set","p4_local_project":"not set","p4_basket_name":"not set","p4_department":"","footnotes":""},"categories":[41,42,40],"tags":[32,95,97],"p4-page-type":[83],"class_list":["post-14053","post","type-post","status-publish","format-standard","has-post-thumbnail","hentry","category-climat","category-energie","category-enjeux","tag-luxembourg","tag-secteurfinancier","tag-justice","p4-page-type-communiques-de-presse"],"yoast_head":"<!-- This site is optimized with the Yoast SEO Premium plugin v23.9 (Yoast SEO v23.9) - https:\/\/yoast.com\/wordpress\/plugins\/seo\/ -->\n<title>\u00ab Dirty and dangerous \u00bb : Par ses investissements, le fonds de pension luxembourgeois alimente la crise climatique et n\u00e9glige la protection des droits humains - Greenpeace Luxembourg<\/title>\n<meta name=\"robots\" content=\"index, follow, max-snippet:-1, max-image-preview:large, max-video-preview:-1\" \/>\n<link rel=\"canonical\" href=\"https:\/\/www.greenpeace.org\/luxembourg\/fr\/communiques-de-presse\/14053\/dirty-and-dangerous-par-ses-investissements-le-fonds-de-pension-luxembourgeois-alimente-la-crise-climatique-et-neglige-la-protection-des-droits-humains\/\" \/>\n<meta property=\"og:locale\" content=\"fr_FR\" \/>\n<meta property=\"og:type\" content=\"article\" \/>\n<meta property=\"og:title\" content=\"\u00ab Dirty and dangerous \u00bb : Par ses investissements, le fonds de pension luxembourgeois alimente la crise climatique et n\u00e9glige la protection des droits humains\" \/>\n<meta property=\"og:description\" content=\"ASTM et Greenpeace Luxembourg ont pr\u00e9sent\u00e9 leur rapport sur les investissements du FDC en termes de durabilit\u00e9.\" \/>\n<meta property=\"og:url\" content=\"https:\/\/www.greenpeace.org\/luxembourg\/fr\/communiques-de-presse\/14053\/dirty-and-dangerous-par-ses-investissements-le-fonds-de-pension-luxembourgeois-alimente-la-crise-climatique-et-neglige-la-protection-des-droits-humains\/\" \/>\n<meta property=\"og:site_name\" content=\"Greenpeace Luxembourg\" \/>\n<meta property=\"article:publisher\" content=\"https:\/\/www.facebook.com\/greenpeaceluxembourg\" \/>\n<meta property=\"article:published_time\" content=\"2022-03-30T08:58:12+00:00\" \/>\n<meta property=\"article:modified_time\" content=\"2022-03-30T08:58:15+00:00\" \/>\n<meta property=\"og:image\" content=\"https:\/\/www.greenpeace.org\/static\/planet4-luxembourg-stateless\/2022\/03\/d286b000-gp026gz_medium_res_with_credit_line.jpg\" \/>\n\t<meta property=\"og:image:width\" content=\"1200\" \/>\n\t<meta property=\"og:image:height\" content=\"800\" \/>\n\t<meta property=\"og:image:type\" content=\"image\/jpeg\" \/>\n<meta name=\"author\" content=\"Myriam Wecker\" \/>\n<meta name=\"twitter:card\" content=\"summary_large_image\" \/>\n<meta name=\"twitter:label1\" content=\"Written by\" \/>\n\t<meta name=\"twitter:data1\" content=\"Myriam Wecker\" \/>\n\t<meta name=\"twitter:label2\" content=\"Est. reading time\" \/>\n\t<meta name=\"twitter:data2\" content=\"5 minutes\" \/>\n<script type=\"application\/ld+json\" class=\"yoast-schema-graph\">{\"@context\":\"https:\/\/schema.org\",\"@graph\":[{\"@type\":\"Article\",\"@id\":\"https:\/\/www.greenpeace.org\/luxembourg\/fr\/communiques-de-presse\/14053\/dirty-and-dangerous-par-ses-investissements-le-fonds-de-pension-luxembourgeois-alimente-la-crise-climatique-et-neglige-la-protection-des-droits-humains\/#article\",\"isPartOf\":{\"@id\":\"https:\/\/www.greenpeace.org\/luxembourg\/fr\/communiques-de-presse\/14053\/dirty-and-dangerous-par-ses-investissements-le-fonds-de-pension-luxembourgeois-alimente-la-crise-climatique-et-neglige-la-protection-des-droits-humains\/\"},\"author\":{\"name\":\"Myriam Wecker\",\"@id\":\"https:\/\/www.greenpeace.org\/luxembourg\/fr\/#\/schema\/person\/c2ae6002b8ed18c00be0c6b320eea776\"},\"headline\":\"\u00ab Dirty and dangerous \u00bb : Par ses investissements, le fonds de pension luxembourgeois alimente la crise climatique et n\u00e9glige la protection des droits humains\",\"datePublished\":\"2022-03-30T08:58:12+00:00\",\"dateModified\":\"2022-03-30T08:58:15+00:00\",\"mainEntityOfPage\":{\"@id\":\"https:\/\/www.greenpeace.org\/luxembourg\/fr\/communiques-de-presse\/14053\/dirty-and-dangerous-par-ses-investissements-le-fonds-de-pension-luxembourgeois-alimente-la-crise-climatique-et-neglige-la-protection-des-droits-humains\/\"},\"wordCount\":935,\"publisher\":{\"@id\":\"https:\/\/www.greenpeace.org\/luxembourg\/fr\/#organization\"},\"image\":{\"@id\":\"https:\/\/www.greenpeace.org\/luxembourg\/fr\/communiques-de-presse\/14053\/dirty-and-dangerous-par-ses-investissements-le-fonds-de-pension-luxembourgeois-alimente-la-crise-climatique-et-neglige-la-protection-des-droits-humains\/#primaryimage\"},\"thumbnailUrl\":\"https:\/\/www.greenpeace.org\/static\/planet4-luxembourg-stateless\/2022\/03\/d286b000-gp026gz_medium_res_with_credit_line.jpg\",\"keywords\":[\"Luxembourg\",\"SecteurFinancier\",\"Justice\"],\"articleSection\":[\"Climat\",\"\u00c9nergie\",\"Les enjeux\"],\"inLanguage\":\"fr-LU\"},{\"@type\":\"WebPage\",\"@id\":\"https:\/\/www.greenpeace.org\/luxembourg\/fr\/communiques-de-presse\/14053\/dirty-and-dangerous-par-ses-investissements-le-fonds-de-pension-luxembourgeois-alimente-la-crise-climatique-et-neglige-la-protection-des-droits-humains\/\",\"url\":\"https:\/\/www.greenpeace.org\/luxembourg\/fr\/communiques-de-presse\/14053\/dirty-and-dangerous-par-ses-investissements-le-fonds-de-pension-luxembourgeois-alimente-la-crise-climatique-et-neglige-la-protection-des-droits-humains\/\",\"name\":\"\u00ab Dirty and dangerous \u00bb : Par ses investissements, le fonds de pension luxembourgeois alimente la crise climatique et n\u00e9glige la protection des droits humains - Greenpeace Luxembourg\",\"isPartOf\":{\"@id\":\"https:\/\/www.greenpeace.org\/luxembourg\/fr\/#website\"},\"primaryImageOfPage\":{\"@id\":\"https:\/\/www.greenpeace.org\/luxembourg\/fr\/communiques-de-presse\/14053\/dirty-and-dangerous-par-ses-investissements-le-fonds-de-pension-luxembourgeois-alimente-la-crise-climatique-et-neglige-la-protection-des-droits-humains\/#primaryimage\"},\"image\":{\"@id\":\"https:\/\/www.greenpeace.org\/luxembourg\/fr\/communiques-de-presse\/14053\/dirty-and-dangerous-par-ses-investissements-le-fonds-de-pension-luxembourgeois-alimente-la-crise-climatique-et-neglige-la-protection-des-droits-humains\/#primaryimage\"},\"thumbnailUrl\":\"https:\/\/www.greenpeace.org\/static\/planet4-luxembourg-stateless\/2022\/03\/d286b000-gp026gz_medium_res_with_credit_line.jpg\",\"datePublished\":\"2022-03-30T08:58:12+00:00\",\"dateModified\":\"2022-03-30T08:58:15+00:00\",\"breadcrumb\":{\"@id\":\"https:\/\/www.greenpeace.org\/luxembourg\/fr\/communiques-de-presse\/14053\/dirty-and-dangerous-par-ses-investissements-le-fonds-de-pension-luxembourgeois-alimente-la-crise-climatique-et-neglige-la-protection-des-droits-humains\/#breadcrumb\"},\"inLanguage\":\"fr-LU\",\"potentialAction\":[{\"@type\":\"ReadAction\",\"target\":[\"https:\/\/www.greenpeace.org\/luxembourg\/fr\/communiques-de-presse\/14053\/dirty-and-dangerous-par-ses-investissements-le-fonds-de-pension-luxembourgeois-alimente-la-crise-climatique-et-neglige-la-protection-des-droits-humains\/\"]}]},{\"@type\":\"ImageObject\",\"inLanguage\":\"fr-LU\",\"@id\":\"https:\/\/www.greenpeace.org\/luxembourg\/fr\/communiques-de-presse\/14053\/dirty-and-dangerous-par-ses-investissements-le-fonds-de-pension-luxembourgeois-alimente-la-crise-climatique-et-neglige-la-protection-des-droits-humains\/#primaryimage\",\"url\":\"https:\/\/www.greenpeace.org\/static\/planet4-luxembourg-stateless\/2022\/03\/d286b000-gp026gz_medium_res_with_credit_line.jpg\",\"contentUrl\":\"https:\/\/www.greenpeace.org\/static\/planet4-luxembourg-stateless\/2022\/03\/d286b000-gp026gz_medium_res_with_credit_line.jpg\",\"width\":1200,\"height\":800,\"caption\":\"Greenpeace activists in oil-covered bathing suits staged a \u201cBlack Tide Beach Party\u201d to tell participants at the World Energy Congress (WEC) in Montreal that there is an urgent need for the world to move beyond dirty, risky oil and develop more clean energy to combat climate change.\"},{\"@type\":\"BreadcrumbList\",\"@id\":\"https:\/\/www.greenpeace.org\/luxembourg\/fr\/communiques-de-presse\/14053\/dirty-and-dangerous-par-ses-investissements-le-fonds-de-pension-luxembourgeois-alimente-la-crise-climatique-et-neglige-la-protection-des-droits-humains\/#breadcrumb\",\"itemListElement\":[{\"@type\":\"ListItem\",\"position\":1,\"name\":\"Home\",\"item\":\"https:\/\/www.greenpeace.org\/luxembourg\/fr\/\"},{\"@type\":\"ListItem\",\"position\":2,\"name\":\"\u00ab Dirty and dangerous \u00bb : Par ses investissements, le fonds de pension luxembourgeois alimente la crise climatique et n\u00e9glige la protection des droits humains\"}]},{\"@type\":\"WebSite\",\"@id\":\"https:\/\/www.greenpeace.org\/luxembourg\/fr\/#website\",\"url\":\"https:\/\/www.greenpeace.org\/luxembourg\/fr\/\",\"name\":\"Greenpeace Luxembourg\",\"description\":\"Greenpeace existe parce que cette Terre fragile a besoin d&#039;une voix. Elle a besoin de solutions. De changement. D&#039;actions.\",\"publisher\":{\"@id\":\"https:\/\/www.greenpeace.org\/luxembourg\/fr\/#organization\"},\"potentialAction\":[{\"@type\":\"SearchAction\",\"target\":{\"@type\":\"EntryPoint\",\"urlTemplate\":\"https:\/\/www.greenpeace.org\/luxembourg\/fr\/?s={search_term_string}\"},\"query-input\":{\"@type\":\"PropertyValueSpecification\",\"valueRequired\":true,\"valueName\":\"search_term_string\"}}],\"inLanguage\":\"fr-LU\"},{\"@type\":\"Organization\",\"@id\":\"https:\/\/www.greenpeace.org\/luxembourg\/fr\/#organization\",\"name\":\"Greenpeace Luxembourg\",\"url\":\"https:\/\/www.greenpeace.org\/luxembourg\/fr\/\",\"logo\":{\"@type\":\"ImageObject\",\"inLanguage\":\"fr-LU\",\"@id\":\"https:\/\/www.greenpeace.org\/luxembourg\/fr\/#\/schema\/logo\/image\/\",\"url\":\"https:\/\/www.greenpeace.org\/static\/planet4-luxembourg-stateless\/2026\/03\/3e367f94-greenpeace_logo_green_rgb.png\",\"contentUrl\":\"https:\/\/www.greenpeace.org\/static\/planet4-luxembourg-stateless\/2026\/03\/3e367f94-greenpeace_logo_green_rgb.png\",\"width\":1080,\"height\":175,\"caption\":\"Greenpeace Luxembourg\"},\"image\":{\"@id\":\"https:\/\/www.greenpeace.org\/luxembourg\/fr\/#\/schema\/logo\/image\/\"},\"sameAs\":[\"https:\/\/www.facebook.com\/greenpeaceluxembourg\",\"https:\/\/www.instagram.com\/greenpeacelux\/\",\"https:\/\/www.linkedin.com\/company\/greenpeace-luxembourg\/\",\"https:\/\/www.threads.com\/@greenpeacelux\",\"https:\/\/bsky.app\/profile\/greenpeacelux.bsky.social\",\"https:\/\/www.youtube.com\/@GreenpeaceLux\",\"https:\/\/www.tiktok.com\/@greenpeace_lux\"]},{\"@type\":\"Person\",\"@id\":\"https:\/\/www.greenpeace.org\/luxembourg\/fr\/#\/schema\/person\/c2ae6002b8ed18c00be0c6b320eea776\",\"name\":\"Myriam Wecker\",\"url\":\"https:\/\/www.greenpeace.org\/luxembourg\/fr\/author\/mwecker\/\"}]}<\/script>\n<!-- \/ Yoast SEO Premium plugin. -->","yoast_head_json":{"title":"\u00ab Dirty and dangerous \u00bb : Par ses investissements, le fonds de pension luxembourgeois alimente la crise climatique et n\u00e9glige la protection des droits humains - Greenpeace Luxembourg","robots":{"index":"index","follow":"follow","max-snippet":"max-snippet:-1","max-image-preview":"max-image-preview:large","max-video-preview":"max-video-preview:-1"},"canonical":"https:\/\/www.greenpeace.org\/luxembourg\/fr\/communiques-de-presse\/14053\/dirty-and-dangerous-par-ses-investissements-le-fonds-de-pension-luxembourgeois-alimente-la-crise-climatique-et-neglige-la-protection-des-droits-humains\/","og_locale":"fr_FR","og_type":"article","og_title":"\u00ab Dirty and dangerous \u00bb : Par ses investissements, le fonds de pension luxembourgeois alimente la crise climatique et n\u00e9glige la protection des droits humains","og_description":"ASTM et Greenpeace Luxembourg ont pr\u00e9sent\u00e9 leur rapport sur les investissements du FDC en termes de durabilit\u00e9.","og_url":"https:\/\/www.greenpeace.org\/luxembourg\/fr\/communiques-de-presse\/14053\/dirty-and-dangerous-par-ses-investissements-le-fonds-de-pension-luxembourgeois-alimente-la-crise-climatique-et-neglige-la-protection-des-droits-humains\/","og_site_name":"Greenpeace Luxembourg","article_publisher":"https:\/\/www.facebook.com\/greenpeaceluxembourg","article_published_time":"2022-03-30T08:58:12+00:00","article_modified_time":"2022-03-30T08:58:15+00:00","og_image":[{"width":1200,"height":800,"url":"https:\/\/www.greenpeace.org\/static\/planet4-luxembourg-stateless\/2022\/03\/d286b000-gp026gz_medium_res_with_credit_line.jpg","type":"image\/jpeg"}],"author":"Myriam Wecker","twitter_card":"summary_large_image","twitter_misc":{"Written by":"Myriam Wecker","Est. reading time":"5 minutes"},"schema":{"@context":"https:\/\/schema.org","@graph":[{"@type":"Article","@id":"https:\/\/www.greenpeace.org\/luxembourg\/fr\/communiques-de-presse\/14053\/dirty-and-dangerous-par-ses-investissements-le-fonds-de-pension-luxembourgeois-alimente-la-crise-climatique-et-neglige-la-protection-des-droits-humains\/#article","isPartOf":{"@id":"https:\/\/www.greenpeace.org\/luxembourg\/fr\/communiques-de-presse\/14053\/dirty-and-dangerous-par-ses-investissements-le-fonds-de-pension-luxembourgeois-alimente-la-crise-climatique-et-neglige-la-protection-des-droits-humains\/"},"author":{"name":"Myriam Wecker","@id":"https:\/\/www.greenpeace.org\/luxembourg\/fr\/#\/schema\/person\/c2ae6002b8ed18c00be0c6b320eea776"},"headline":"\u00ab Dirty and dangerous \u00bb : Par ses investissements, le fonds de pension luxembourgeois alimente la crise climatique et n\u00e9glige la protection des droits humains","datePublished":"2022-03-30T08:58:12+00:00","dateModified":"2022-03-30T08:58:15+00:00","mainEntityOfPage":{"@id":"https:\/\/www.greenpeace.org\/luxembourg\/fr\/communiques-de-presse\/14053\/dirty-and-dangerous-par-ses-investissements-le-fonds-de-pension-luxembourgeois-alimente-la-crise-climatique-et-neglige-la-protection-des-droits-humains\/"},"wordCount":935,"publisher":{"@id":"https:\/\/www.greenpeace.org\/luxembourg\/fr\/#organization"},"image":{"@id":"https:\/\/www.greenpeace.org\/luxembourg\/fr\/communiques-de-presse\/14053\/dirty-and-dangerous-par-ses-investissements-le-fonds-de-pension-luxembourgeois-alimente-la-crise-climatique-et-neglige-la-protection-des-droits-humains\/#primaryimage"},"thumbnailUrl":"https:\/\/www.greenpeace.org\/static\/planet4-luxembourg-stateless\/2022\/03\/d286b000-gp026gz_medium_res_with_credit_line.jpg","keywords":["Luxembourg","SecteurFinancier","Justice"],"articleSection":["Climat","\u00c9nergie","Les enjeux"],"inLanguage":"fr-LU"},{"@type":"WebPage","@id":"https:\/\/www.greenpeace.org\/luxembourg\/fr\/communiques-de-presse\/14053\/dirty-and-dangerous-par-ses-investissements-le-fonds-de-pension-luxembourgeois-alimente-la-crise-climatique-et-neglige-la-protection-des-droits-humains\/","url":"https:\/\/www.greenpeace.org\/luxembourg\/fr\/communiques-de-presse\/14053\/dirty-and-dangerous-par-ses-investissements-le-fonds-de-pension-luxembourgeois-alimente-la-crise-climatique-et-neglige-la-protection-des-droits-humains\/","name":"\u00ab Dirty and dangerous \u00bb : Par ses investissements, le fonds de pension luxembourgeois alimente la crise climatique et n\u00e9glige la protection des droits humains - Greenpeace Luxembourg","isPartOf":{"@id":"https:\/\/www.greenpeace.org\/luxembourg\/fr\/#website"},"primaryImageOfPage":{"@id":"https:\/\/www.greenpeace.org\/luxembourg\/fr\/communiques-de-presse\/14053\/dirty-and-dangerous-par-ses-investissements-le-fonds-de-pension-luxembourgeois-alimente-la-crise-climatique-et-neglige-la-protection-des-droits-humains\/#primaryimage"},"image":{"@id":"https:\/\/www.greenpeace.org\/luxembourg\/fr\/communiques-de-presse\/14053\/dirty-and-dangerous-par-ses-investissements-le-fonds-de-pension-luxembourgeois-alimente-la-crise-climatique-et-neglige-la-protection-des-droits-humains\/#primaryimage"},"thumbnailUrl":"https:\/\/www.greenpeace.org\/static\/planet4-luxembourg-stateless\/2022\/03\/d286b000-gp026gz_medium_res_with_credit_line.jpg","datePublished":"2022-03-30T08:58:12+00:00","dateModified":"2022-03-30T08:58:15+00:00","breadcrumb":{"@id":"https:\/\/www.greenpeace.org\/luxembourg\/fr\/communiques-de-presse\/14053\/dirty-and-dangerous-par-ses-investissements-le-fonds-de-pension-luxembourgeois-alimente-la-crise-climatique-et-neglige-la-protection-des-droits-humains\/#breadcrumb"},"inLanguage":"fr-LU","potentialAction":[{"@type":"ReadAction","target":["https:\/\/www.greenpeace.org\/luxembourg\/fr\/communiques-de-presse\/14053\/dirty-and-dangerous-par-ses-investissements-le-fonds-de-pension-luxembourgeois-alimente-la-crise-climatique-et-neglige-la-protection-des-droits-humains\/"]}]},{"@type":"ImageObject","inLanguage":"fr-LU","@id":"https:\/\/www.greenpeace.org\/luxembourg\/fr\/communiques-de-presse\/14053\/dirty-and-dangerous-par-ses-investissements-le-fonds-de-pension-luxembourgeois-alimente-la-crise-climatique-et-neglige-la-protection-des-droits-humains\/#primaryimage","url":"https:\/\/www.greenpeace.org\/static\/planet4-luxembourg-stateless\/2022\/03\/d286b000-gp026gz_medium_res_with_credit_line.jpg","contentUrl":"https:\/\/www.greenpeace.org\/static\/planet4-luxembourg-stateless\/2022\/03\/d286b000-gp026gz_medium_res_with_credit_line.jpg","width":1200,"height":800,"caption":"Greenpeace activists in oil-covered bathing suits staged a \u201cBlack Tide Beach Party\u201d to tell participants at the World Energy Congress (WEC) in Montreal that there is an urgent need for the world to move beyond dirty, risky oil and develop more clean energy to combat climate change."},{"@type":"BreadcrumbList","@id":"https:\/\/www.greenpeace.org\/luxembourg\/fr\/communiques-de-presse\/14053\/dirty-and-dangerous-par-ses-investissements-le-fonds-de-pension-luxembourgeois-alimente-la-crise-climatique-et-neglige-la-protection-des-droits-humains\/#breadcrumb","itemListElement":[{"@type":"ListItem","position":1,"name":"Home","item":"https:\/\/www.greenpeace.org\/luxembourg\/fr\/"},{"@type":"ListItem","position":2,"name":"\u00ab Dirty and dangerous \u00bb : Par ses investissements, le fonds de pension luxembourgeois alimente la crise climatique et n\u00e9glige la protection des droits humains"}]},{"@type":"WebSite","@id":"https:\/\/www.greenpeace.org\/luxembourg\/fr\/#website","url":"https:\/\/www.greenpeace.org\/luxembourg\/fr\/","name":"Greenpeace Luxembourg","description":"Greenpeace existe parce que cette Terre fragile a besoin d&#039;une voix. Elle a besoin de solutions. De changement. D&#039;actions.","publisher":{"@id":"https:\/\/www.greenpeace.org\/luxembourg\/fr\/#organization"},"potentialAction":[{"@type":"SearchAction","target":{"@type":"EntryPoint","urlTemplate":"https:\/\/www.greenpeace.org\/luxembourg\/fr\/?s={search_term_string}"},"query-input":{"@type":"PropertyValueSpecification","valueRequired":true,"valueName":"search_term_string"}}],"inLanguage":"fr-LU"},{"@type":"Organization","@id":"https:\/\/www.greenpeace.org\/luxembourg\/fr\/#organization","name":"Greenpeace Luxembourg","url":"https:\/\/www.greenpeace.org\/luxembourg\/fr\/","logo":{"@type":"ImageObject","inLanguage":"fr-LU","@id":"https:\/\/www.greenpeace.org\/luxembourg\/fr\/#\/schema\/logo\/image\/","url":"https:\/\/www.greenpeace.org\/static\/planet4-luxembourg-stateless\/2026\/03\/3e367f94-greenpeace_logo_green_rgb.png","contentUrl":"https:\/\/www.greenpeace.org\/static\/planet4-luxembourg-stateless\/2026\/03\/3e367f94-greenpeace_logo_green_rgb.png","width":1080,"height":175,"caption":"Greenpeace Luxembourg"},"image":{"@id":"https:\/\/www.greenpeace.org\/luxembourg\/fr\/#\/schema\/logo\/image\/"},"sameAs":["https:\/\/www.facebook.com\/greenpeaceluxembourg","https:\/\/www.instagram.com\/greenpeacelux\/","https:\/\/www.linkedin.com\/company\/greenpeace-luxembourg\/","https:\/\/www.threads.com\/@greenpeacelux","https:\/\/bsky.app\/profile\/greenpeacelux.bsky.social","https:\/\/www.youtube.com\/@GreenpeaceLux","https:\/\/www.tiktok.com\/@greenpeace_lux"]},{"@type":"Person","@id":"https:\/\/www.greenpeace.org\/luxembourg\/fr\/#\/schema\/person\/c2ae6002b8ed18c00be0c6b320eea776","name":"Myriam Wecker","url":"https:\/\/www.greenpeace.org\/luxembourg\/fr\/author\/mwecker\/"}]}},"_links":{"self":[{"href":"https:\/\/www.greenpeace.org\/luxembourg\/fr\/wp-json\/wp\/v2\/posts\/14053","targetHints":{"allow":["GET"]}}],"collection":[{"href":"https:\/\/www.greenpeace.org\/luxembourg\/fr\/wp-json\/wp\/v2\/posts"}],"about":[{"href":"https:\/\/www.greenpeace.org\/luxembourg\/fr\/wp-json\/wp\/v2\/types\/post"}],"author":[{"embeddable":true,"href":"https:\/\/www.greenpeace.org\/luxembourg\/fr\/wp-json\/wp\/v2\/users\/31"}],"replies":[{"embeddable":true,"href":"https:\/\/www.greenpeace.org\/luxembourg\/fr\/wp-json\/wp\/v2\/comments?post=14053"}],"version-history":[{"count":2,"href":"https:\/\/www.greenpeace.org\/luxembourg\/fr\/wp-json\/wp\/v2\/posts\/14053\/revisions"}],"predecessor-version":[{"id":14077,"href":"https:\/\/www.greenpeace.org\/luxembourg\/fr\/wp-json\/wp\/v2\/posts\/14053\/revisions\/14077"}],"wp:featuredmedia":[{"embeddable":true,"href":"https:\/\/www.greenpeace.org\/luxembourg\/fr\/wp-json\/wp\/v2\/media\/14062"}],"wp:attachment":[{"href":"https:\/\/www.greenpeace.org\/luxembourg\/fr\/wp-json\/wp\/v2\/media?parent=14053"}],"wp:term":[{"taxonomy":"category","embeddable":true,"href":"https:\/\/www.greenpeace.org\/luxembourg\/fr\/wp-json\/wp\/v2\/categories?post=14053"},{"taxonomy":"post_tag","embeddable":true,"href":"https:\/\/www.greenpeace.org\/luxembourg\/fr\/wp-json\/wp\/v2\/tags?post=14053"},{"taxonomy":"p4-page-type","embeddable":true,"href":"https:\/\/www.greenpeace.org\/luxembourg\/fr\/wp-json\/wp\/v2\/p4-page-type?post=14053"}],"curies":[{"name":"wp","href":"https:\/\/api.w.org\/{rel}","templated":true}]}}