{"id":14113,"date":"2022-04-05T11:03:15","date_gmt":"2022-04-05T09:03:15","guid":{"rendered":"https:\/\/www.greenpeace.org\/luxembourg\/?p=14113"},"modified":"2022-04-05T11:03:18","modified_gmt":"2022-04-05T09:03:18","slug":"lespoir-malgre-lurgence-le-giec-tire-encore-la-sonnette-dalarme","status":"publish","type":"post","link":"https:\/\/www.greenpeace.org\/luxembourg\/fr\/actualites\/14113\/lespoir-malgre-lurgence-le-giec-tire-encore-la-sonnette-dalarme\/","title":{"rendered":"L\u2019espoir malgr\u00e9 l\u2019urgence ? Le GIEC tire (encore) la sonnette d\u2019alarme"},"content":{"rendered":"\n<p>Le dernier chapitre du sixi\u00e8me rapport d\u2019\u00e9valuation du GIEC est l\u00e0. Sans r\u00e9elle surprise, ce nouvel \u00e9tat des lieux de la recherche sur le d\u00e9r\u00e8glement climatique, qui porte cette fois sur les solutions \u00e0 mettre en place pour le limiter, alerte sur le fait que nous n\u2019avions jamais \u00e9mis autant de gaz \u00e0 effet de serre que ces dix derni\u00e8res ann\u00e9es.<br>La lueur d\u2019espoir, c\u2019est que les solutions pour nous pr\u00e9munir des pires cons\u00e9quences de la crise climatique existent d\u00e9j\u00e0 ; mais il faut les appliquer d\u2019urgence et de mani\u00e8re globale. La fen\u00eatre de tir se referme de plus en plus vite : nos responsables doivent enfin prendre la mesure de la catastrophe annonc\u00e9e et tout faire pour l\u2019emp\u00eacher.<\/p>\n\n<h2 class=\"wp-block-heading\">Les gouvernements nous m\u00e8nent vers un monde \u00e0 +3,2 \u00b0C<\/h2>\n\n<p><strong>Le dernier rapport du GIEC sur le climat d\u00e9voile des chiffres alarmants<\/strong>&nbsp;qui montrent l\u2019insoutenable apathie des responsables politiques :<\/p>\n\n<ul class=\"wp-block-list\"><li>Les gouvernements pr\u00e9voient de produire d\u2019ici 2030 deux fois plus de combustibles fossiles que ce qui permettrait de limiter le r\u00e9chauffement \u00e0 1,5 \u00b0C.<\/li><li>Avec les politiques climatiques actuelles, le budget carbone restant pour limiter le r\u00e9chauffement \u00e0 1,5\u00b0C sera d\u00e9pass\u00e9 d\u2019ici \u00e0 2030.<\/li><li>L\u2019humanit\u00e9 \u00e9met 54% de gaz \u00e0 effet de serre en plus qu\u2019en 1990, lorsque les n\u00e9gociations internationales sur le climat ont commenc\u00e9. Si les pays d\u00e9velopp\u00e9s ont fait de l\u00e9gers progr\u00e8s, pas un seul n\u2019est en ligne avec les efforts \u00e0 poursuivre pour respecter l\u2019accord de Paris. Leur responsabilit\u00e9 historique en fait pourtant les premiers \u00e0 devoir montrer l\u2019exemple : 45% des gaz \u00e0 effet de serre \u00e9mis depuis 1850 leur sont imputables, contre seulement 3% pour les pays les plus pauvres.&nbsp;<\/li><\/ul>\n\n<h2 class=\"wp-block-heading\">Nous avons les solutions pour stopper le r\u00e9chauffement \u00e0 1,5\u00b0C<\/h2>\n\n<p>Pour respecter l\u2019accord de Paris, nous devons r\u00e9duire de plus de moiti\u00e9 les \u00e9missions mondiales d\u2019ici 2030.<strong>&nbsp;Nous avons donc huit ans devant nous. Le d\u00e9fi est consid\u00e9rable, mais tenable<\/strong>. Le rapport du GIEC est tr\u00e8s clair sur les solutions \u00e0 d\u00e9velopper. Pour r\u00e9duire nos \u00e9missions, les leviers les plus efficaces sont :&nbsp;<\/p>\n\n<ul class=\"wp-block-list\"><li>l\u2019\u00e9nergie provenant du solaire et de l\u2019\u00e9olien,<\/li><li>l\u2019arr\u00eat de la d\u00e9forestation et la restauration des \u00e9cosyst\u00e8mes naturels,<\/li><li>une agriculture raisonn\u00e9e et une alimentation bas\u00e9e sur les prot\u00e9ines v\u00e9g\u00e9tales,<\/li><li>une meilleure efficacit\u00e9 \u00e9nerg\u00e9tique, avec par exemple la r\u00e9novation thermique des b\u00e2timents, ainsi qu\u2019une \u00e9conomie g\u00e9n\u00e9ralement plus sobre.<\/li><\/ul>\n\n<p>La plupart de ces solutions pr\u00e9sentent des co\u00fbts \u00e9conomiques faibles voire nuls. Les co\u00fbts actualis\u00e9s du solaire et de l\u2019\u00e9olien sont par exemple d\u00e9sormais \u00e9gaux ou inf\u00e9rieurs \u00e0 ceux du charbon et du gaz.<\/p>\n\n<h2 class=\"wp-block-heading\">Eolien et solaire : les deux \u00e9nergies au plus gros potentiel pour r\u00e9duire nos \u00e9missions d\u2019ici 2030<\/h2>\n\n<p>Sur le volet \u00e9nerg\u00e9tique, et comme le montre le graphique SMP.7 du rapport (SMP.7: Overview of migration options and their estimated ranges of costs and potentials in 2030), le rapport du GIEC est sans appel :\u00a0<strong>l\u2019\u00e9olien et le solaire ont un potentiel de r\u00e9duction des \u00e9missions de gaz \u00e0 effet de serre plus de 9 fois plus important que le nucl\u00e9aire d\u2019ici 2030, et ce pour un co\u00fbt largement inf\u00e9rieur<\/strong>.<\/p>\n\n<p>Au rythme de d\u00e9veloppement actuel, il est imp\u00e9ratif que le Luxembourg acc\u00e9l\u00e8re son engagement de transition afin de respecter ses objectifs de d\u00e9veloppement des renouvelables.<\/p>\n\n<p>Par ailleurs,\u00a0<strong>le GIEC insiste sur la n\u00e9cessit\u00e9 de mettre en place des politiques d\u2019efficacit\u00e9 \u00e9nerg\u00e9tique et d\u2019\u00e9conomie d\u2019\u00e9nergie<\/strong>. L\u00e0 aussi, le Luxembourg doit engager plus de moyens pour la r\u00e9novation \u00e9nerg\u00e9tique des logements par exemple.<\/p>\n\n<h2 class=\"wp-block-heading\">Justices climatique et sociale sont intrins\u00e8quement li\u00e9es<\/h2>\n\n<p>D\u2019apr\u00e8s le GIEC, les m\u00e9nages dont le revenu se situe dans les 10 % les plus hauts sont \u00e0 l\u2019origine de 34 \u00e0 45 % des \u00e9missions mondiales de gaz \u00e0 effet de serre li\u00e9es \u00e0 la consommation. Or deux tiers d\u2019entre eux vivent dans des pays d\u00e9velopp\u00e9s. Ces chiffres d\u00e9livr\u00e9s par le GIEC imposent aux gouvernements d\u2019agir sur les in\u00e9galit\u00e9s :&nbsp;<\/p>\n\n<ul class=\"wp-block-list\"><li><strong>Il est possible de maintenir un niveau de vie et un bien-\u00eatre d\u00e9cents en r\u00e9duisant l\u2019impact carbone des m\u00e9nages les plus ais\u00e9s<\/strong>. Mieux : l\u2019\u00e9quit\u00e9 sociale renforce la capacit\u00e9 et la motivation des soci\u00e9t\u00e9s \u00e0 att\u00e9nuer le changement climatique. Cette confiance sociale permet de d\u00e9ployer des politiques climatiques ax\u00e9es sur la demande. Ainsi la consommation d\u2019articles de \u201cstatut \u00e9lev\u00e9\u201d, souvent polluants, peut \u00eatre r\u00e9duite en taxant ces produits sans compromettre le bien-\u00eatre.&nbsp;<\/li><li><strong>Les gouvernements doivent \u00e9galement acc\u00e9l\u00e9rer la coop\u00e9ration internationale en direction des pays les plus pauvres et les plus vuln\u00e9rables<\/strong>, en commen\u00e7ant par respecter leurs engagements financiers : \u00e0 ce jour, les 100 milliards de dollars annuels promis lors de la COP 15 en 2009 par les pays d\u00e9velopp\u00e9s pour aider les pays les plus pauvres dans la lutte climatique, n\u2019ont toujours pas \u00e9t\u00e9 r\u00e9unis.<\/li><\/ul>\n\n<h2 class=\"wp-block-heading\">Plus de sobri\u00e9t\u00e9, moins de p\u00e9ril climatique<\/h2>\n\n<p>Si les gouvernements permettent et encouragent&nbsp;<strong>des modes de vie moins polluants, ce sont 40 \u00e0 70% de gaz \u00e0 effet de serre en moins<\/strong>&nbsp;qui pourraient \u00eatre \u00e9mis, par rapport aux politiques actuelles. Les leviers sont nombreux : r\u00e9orienter les infrastructures, permettre des modes de vie durables, favoriser des villes pi\u00e9tonnes et cyclables, encourager une alimentation saine et en priorit\u00e9 v\u00e9g\u00e9tale, r\u00e9duire le trafic a\u00e9rien, d\u00e9ployer une \u00e9conomie circulaire\u2026 Nous apportons ici une pr\u00e9cision qui nous semble primordiale : la r\u00e9duction des \u00e9missions des gaz \u00e0 effet de serre ne passe pas par les seuls individus.&nbsp;<strong>La crise climatique est syst\u00e9mique, et notre r\u00e9ponse doit l\u2019\u00eatre aussi<\/strong>.&nbsp;<\/p>\n\n<h2 class=\"wp-block-heading\">L\u2019argent ne manque pas, mais il n\u2019est pas au bon endroit<\/h2>\n\n<p>Le rapport du GIEC le dit sans ambages : gouvernements et entreprises injectent davantage d\u2019argent dans les \u00e9nergies fossiles que dans l\u2019adaptation au changement climatique et son att\u00e9nuation. Ainsi, si les infrastructures existantes et \u00e0 venir continuent d\u2019exploiter et de br\u00fbler p\u00e9trole, gaz fossile et charbon comme pr\u00e9vu, nous d\u00e9passerons d\u2019ici 8 ans le seuil de 1,5 \u00b0C. Le monde financier porte une attention croissante aux risques li\u00e9s au climat mais continue de les sous-estimer et tarde \u00e0 investir dans la transition bas-carbone. Seule l\u2019intervention politique peut r\u00e9orienter ces flux financiers. L\u2019argent public n\u2019\u00e9chappe pas \u00e0 l\u2019implacable logique du climat : la seule suppression des subventions aux combustibles fossiles pourrait r\u00e9duire jusqu\u2019\u00e0 10 % des \u00e9missions carbone d\u2019ici 2030.<\/p>\n\n<h2 class=\"wp-block-heading\">Une lueur d\u2019espoir, dont doit s\u2019emparer la soci\u00e9t\u00e9 civile<\/h2>\n\n<p>L\u2019avenir climatique appelle nos soci\u00e9t\u00e9s \u00e0 un changement profond. Il est amorc\u00e9 : les co\u00fbts de plus en plus faibles des \u00e9nergies renouvelables, et leurs gains de performances, sont l\u2019une des principales sources d\u2019espoir que nous apporte la lecture du rapport du GIEC. Dans un avenir proche (et urgent), les \u00e9nergies renouvelables pourraient en effet remplacer les combustibles fossiles dans les secteurs de l\u2019\u00e9nergie, des transports, des b\u00e2timents et de l\u2019industrie \u00e0 une vitesse et \u00e0 une \u00e9chelle autrefois consid\u00e9r\u00e9es comme impensables. Reste \u00e0 orienter nos soci\u00e9t\u00e9s vers des changements culturels et syst\u00e9miques radicaux, o\u00f9 la sobri\u00e9t\u00e9 \u00e9nerg\u00e9tique et la justice sociale seront cl\u00e9s.<\/p>\n\n<h2 class=\"wp-block-heading\">La justice climatique, un instrument pr\u00e9cieux<\/h2>\n\n<p>Le d\u00e9fi est de taille, car les pays, entreprises et personnes les plus riches r\u00e9sisteront \u00e0 ces changements. Cependant, le droit \u00e0 un environnement viable et sain pr\u00e9occupe de plus en plus largement les populations. Pour preuve, en seulement trois ans, le nombre de\u00a0recours juridiques\u00a0li\u00e9s au climat a presque doubl\u00e9. A ce sujet, le GIEC conclut : \u00ab\u00a0il y a maintenant un consensus croissant entre les universitaires sur le fait que les litiges climatiques sont devenus une force puissante dans la gouvernance climatique\u201d. En France, la justice a condamn\u00e9 l\u2019Etat pour inaction climatique, et l\u2019a enjoint \u00e0 r\u00e9duire ses \u00e9missions de gaz \u00e0 effet de serre. <\/p>\n\n<h2 class=\"wp-block-heading\">Agissez \u00e0 nos c\u00f4t\u00e9s<\/h2>\n\n<p>Nous vivons un moment unique, o\u00f9 les probl\u00e8mes comme les solutions sont plus importants que jamais. Nous avons huit ans pour r\u00e9duire de moiti\u00e9 les \u00e9missions mondiales. Nous avons d\u00e9j\u00e0 franchi une \u00e9tape-cl\u00e9, avec la perc\u00e9e du solaire et de l\u2019\u00e9olien.\u00a0<strong>A nous de poursuivre la mobilisation<\/strong>\u00a0pour changer nos modes de vie et exiger des gouvernements de sortir des \u00e9nergies fossiles, d\u00e9velopper les \u00e9nergies renouvelables, encourager une agriculture et une alimentation plus saines et respectueuses des limites de la plan\u00e8te, et prot\u00e9ger nos for\u00eats et nos terres. Ensemble, d\u00e9fendons un avenir qui r\u00e9ponde aux droits et aux besoins de tous plut\u00f4t qu\u2019aux cupidit\u00e9s de quelques-uns.<\/p>\n\n<p>Nos \u00e9quipes sont mobilis\u00e9es \u00e0 100% sur les menaces qui p\u00e8sent sur l\u2019environnement, et s\u2019affairent notamment \u00e0 ce que l\u2019\u00e9cologie en g\u00e9n\u00e9ral et l\u2019urgence climatique en particulier aient une juste place dans les d\u00e9bats d\u00e9mocratiques. Votre soutien est d\u00e9terminant :<\/p>\n\n<div class=\"wp-block-buttons is-content-justification-center is-layout-flex wp-container-core-buttons-is-layout-16018d1d wp-block-buttons-is-layout-flex\">\n<div class=\"wp-block-button is-style-secondary\"><a class=\"wp-block-button__link\" href=\"https:\/\/faire-un-don.greenpeace.lu\/\">Je soutiens la lutte climatique avec Greenpeace<\/a><\/div>\n<\/div>\n\n<p><a href=\"https:\/\/www.greenpeace.fr\/rapport-du-giec-les-solutions-urgentes-pour-le-climat\/\">Source article<\/a> : Greenpeace France<\/p>\n","protected":false},"excerpt":{"rendered":"<p>Le dernier chapitre du sixi\u00e8me rapport d\u2019\u00e9valuation du GIEC est l\u00e0. Sans r\u00e9elle surprise, ce nouvel \u00e9tat des lieux de la recherche sur le d\u00e9r\u00e8glement climatique, qui porte cette fois&hellip;<\/p>\n","protected":false},"author":25,"featured_media":14114,"comment_status":"closed","ping_status":"closed","sticky":false,"template":"","format":"standard","meta":{"ep_exclude_from_search":false,"p4_og_title":"","p4_og_description":"","p4_og_image":"","p4_og_image_id":"","p4_seo_canonical_url":"","p4_campaign_name":"not set","p4_local_project":"not set","p4_basket_name":"not set","p4_department":"","footnotes":""},"categories":[41],"tags":[37,97],"p4-page-type":[85],"class_list":["post-14113","post","type-post","status-publish","format-standard","has-post-thumbnail","hentry","category-climat","tag-changementclimatique","tag-justice","p4-page-type-actualites"],"yoast_head":"<!-- This site is optimized with the Yoast SEO Premium plugin v23.9 (Yoast SEO v23.9) - https:\/\/yoast.com\/wordpress\/plugins\/seo\/ -->\n<title>L\u2019espoir malgr\u00e9 l\u2019urgence ? Le GIEC tire (encore) la sonnette d\u2019alarme - Greenpeace Luxembourg<\/title>\n<meta name=\"robots\" content=\"index, follow, max-snippet:-1, max-image-preview:large, max-video-preview:-1\" \/>\n<link rel=\"canonical\" href=\"https:\/\/www.greenpeace.org\/luxembourg\/fr\/actualites\/14113\/lespoir-malgre-lurgence-le-giec-tire-encore-la-sonnette-dalarme\/\" \/>\n<meta property=\"og:locale\" content=\"fr_FR\" \/>\n<meta property=\"og:type\" content=\"article\" \/>\n<meta property=\"og:title\" content=\"L\u2019espoir malgr\u00e9 l\u2019urgence ? Le GIEC tire (encore) la sonnette d\u2019alarme\" \/>\n<meta property=\"og:description\" content=\"Le dernier chapitre du sixi\u00e8me rapport d\u2019\u00e9valuation du GIEC est l\u00e0. Sans r\u00e9elle surprise, ce nouvel \u00e9tat des lieux de la recherche sur le d\u00e9r\u00e8glement climatique, qui porte cette fois&hellip;\" \/>\n<meta property=\"og:url\" content=\"https:\/\/www.greenpeace.org\/luxembourg\/fr\/actualites\/14113\/lespoir-malgre-lurgence-le-giec-tire-encore-la-sonnette-dalarme\/\" \/>\n<meta property=\"og:site_name\" content=\"Greenpeace Luxembourg\" \/>\n<meta property=\"article:publisher\" content=\"https:\/\/www.facebook.com\/greenpeaceluxembourg\" \/>\n<meta property=\"article:published_time\" content=\"2022-04-05T09:03:15+00:00\" \/>\n<meta property=\"article:modified_time\" content=\"2022-04-05T09:03:18+00:00\" \/>\n<meta property=\"og:image\" content=\"https:\/\/www.greenpeace.org\/static\/planet4-luxembourg-stateless\/2022\/04\/3f4ea7c4-gp1sv667_medium_res.jpg\" \/>\n\t<meta property=\"og:image:width\" content=\"1200\" \/>\n\t<meta property=\"og:image:height\" content=\"900\" \/>\n\t<meta property=\"og:image:type\" content=\"image\/jpeg\" \/>\n<meta name=\"author\" content=\"Esther Wildanger\" \/>\n<meta name=\"twitter:card\" content=\"summary_large_image\" \/>\n<meta name=\"twitter:label1\" content=\"Written by\" \/>\n\t<meta name=\"twitter:data1\" content=\"Esther Wildanger\" \/>\n\t<meta name=\"twitter:label2\" content=\"Est. reading time\" \/>\n\t<meta name=\"twitter:data2\" content=\"8 minutes\" \/>\n<script type=\"application\/ld+json\" class=\"yoast-schema-graph\">{\"@context\":\"https:\/\/schema.org\",\"@graph\":[{\"@type\":\"Article\",\"@id\":\"https:\/\/www.greenpeace.org\/luxembourg\/fr\/actualites\/14113\/lespoir-malgre-lurgence-le-giec-tire-encore-la-sonnette-dalarme\/#article\",\"isPartOf\":{\"@id\":\"https:\/\/www.greenpeace.org\/luxembourg\/fr\/actualites\/14113\/lespoir-malgre-lurgence-le-giec-tire-encore-la-sonnette-dalarme\/\"},\"author\":{\"name\":\"Esther Wildanger\",\"@id\":\"https:\/\/www.greenpeace.org\/luxembourg\/fr\/#\/schema\/person\/3d0e81a859b59009fec36a8552ef76a7\"},\"headline\":\"L\u2019espoir malgr\u00e9 l\u2019urgence ? Le GIEC tire (encore) la sonnette d\u2019alarme\",\"datePublished\":\"2022-04-05T09:03:15+00:00\",\"dateModified\":\"2022-04-05T09:03:18+00:00\",\"mainEntityOfPage\":{\"@id\":\"https:\/\/www.greenpeace.org\/luxembourg\/fr\/actualites\/14113\/lespoir-malgre-lurgence-le-giec-tire-encore-la-sonnette-dalarme\/\"},\"wordCount\":1563,\"publisher\":{\"@id\":\"https:\/\/www.greenpeace.org\/luxembourg\/fr\/#organization\"},\"image\":{\"@id\":\"https:\/\/www.greenpeace.org\/luxembourg\/fr\/actualites\/14113\/lespoir-malgre-lurgence-le-giec-tire-encore-la-sonnette-dalarme\/#primaryimage\"},\"thumbnailUrl\":\"https:\/\/www.greenpeace.org\/static\/planet4-luxembourg-stateless\/2022\/04\/3f4ea7c4-gp1sv667_medium_res.jpg\",\"keywords\":[\"ChangementClimatique\",\"Justice\"],\"articleSection\":[\"Climat\"],\"inLanguage\":\"fr-LU\"},{\"@type\":\"WebPage\",\"@id\":\"https:\/\/www.greenpeace.org\/luxembourg\/fr\/actualites\/14113\/lespoir-malgre-lurgence-le-giec-tire-encore-la-sonnette-dalarme\/\",\"url\":\"https:\/\/www.greenpeace.org\/luxembourg\/fr\/actualites\/14113\/lespoir-malgre-lurgence-le-giec-tire-encore-la-sonnette-dalarme\/\",\"name\":\"L\u2019espoir malgr\u00e9 l\u2019urgence ? Le GIEC tire (encore) la sonnette d\u2019alarme - Greenpeace Luxembourg\",\"isPartOf\":{\"@id\":\"https:\/\/www.greenpeace.org\/luxembourg\/fr\/#website\"},\"primaryImageOfPage\":{\"@id\":\"https:\/\/www.greenpeace.org\/luxembourg\/fr\/actualites\/14113\/lespoir-malgre-lurgence-le-giec-tire-encore-la-sonnette-dalarme\/#primaryimage\"},\"image\":{\"@id\":\"https:\/\/www.greenpeace.org\/luxembourg\/fr\/actualites\/14113\/lespoir-malgre-lurgence-le-giec-tire-encore-la-sonnette-dalarme\/#primaryimage\"},\"thumbnailUrl\":\"https:\/\/www.greenpeace.org\/static\/planet4-luxembourg-stateless\/2022\/04\/3f4ea7c4-gp1sv667_medium_res.jpg\",\"datePublished\":\"2022-04-05T09:03:15+00:00\",\"dateModified\":\"2022-04-05T09:03:18+00:00\",\"breadcrumb\":{\"@id\":\"https:\/\/www.greenpeace.org\/luxembourg\/fr\/actualites\/14113\/lespoir-malgre-lurgence-le-giec-tire-encore-la-sonnette-dalarme\/#breadcrumb\"},\"inLanguage\":\"fr-LU\",\"potentialAction\":[{\"@type\":\"ReadAction\",\"target\":[\"https:\/\/www.greenpeace.org\/luxembourg\/fr\/actualites\/14113\/lespoir-malgre-lurgence-le-giec-tire-encore-la-sonnette-dalarme\/\"]}]},{\"@type\":\"ImageObject\",\"inLanguage\":\"fr-LU\",\"@id\":\"https:\/\/www.greenpeace.org\/luxembourg\/fr\/actualites\/14113\/lespoir-malgre-lurgence-le-giec-tire-encore-la-sonnette-dalarme\/#primaryimage\",\"url\":\"https:\/\/www.greenpeace.org\/static\/planet4-luxembourg-stateless\/2022\/04\/3f4ea7c4-gp1sv667_medium_res.jpg\",\"contentUrl\":\"https:\/\/www.greenpeace.org\/static\/planet4-luxembourg-stateless\/2022\/04\/3f4ea7c4-gp1sv667_medium_res.jpg\",\"width\":1200,\"height\":900,\"caption\":\"Stills from the Greenpeace video - 300 drones, 1 message: Act Now The video is a message to world leaders attending the G7 summit in Cornwall, UK 11th, 12th, 13th June 2021, asking them to take climate issues seriously and to 'Act Now'\"},{\"@type\":\"BreadcrumbList\",\"@id\":\"https:\/\/www.greenpeace.org\/luxembourg\/fr\/actualites\/14113\/lespoir-malgre-lurgence-le-giec-tire-encore-la-sonnette-dalarme\/#breadcrumb\",\"itemListElement\":[{\"@type\":\"ListItem\",\"position\":1,\"name\":\"Home\",\"item\":\"https:\/\/www.greenpeace.org\/luxembourg\/fr\/\"},{\"@type\":\"ListItem\",\"position\":2,\"name\":\"L\u2019espoir malgr\u00e9 l\u2019urgence ? Le GIEC tire (encore) la sonnette d\u2019alarme\"}]},{\"@type\":\"WebSite\",\"@id\":\"https:\/\/www.greenpeace.org\/luxembourg\/fr\/#website\",\"url\":\"https:\/\/www.greenpeace.org\/luxembourg\/fr\/\",\"name\":\"Greenpeace Luxembourg\",\"description\":\"Greenpeace existe parce que cette Terre fragile a besoin d&#039;une voix. Elle a besoin de solutions. De changement. D&#039;actions.\",\"publisher\":{\"@id\":\"https:\/\/www.greenpeace.org\/luxembourg\/fr\/#organization\"},\"potentialAction\":[{\"@type\":\"SearchAction\",\"target\":{\"@type\":\"EntryPoint\",\"urlTemplate\":\"https:\/\/www.greenpeace.org\/luxembourg\/fr\/?s={search_term_string}\"},\"query-input\":{\"@type\":\"PropertyValueSpecification\",\"valueRequired\":true,\"valueName\":\"search_term_string\"}}],\"inLanguage\":\"fr-LU\"},{\"@type\":\"Organization\",\"@id\":\"https:\/\/www.greenpeace.org\/luxembourg\/fr\/#organization\",\"name\":\"Greenpeace Luxembourg\",\"url\":\"https:\/\/www.greenpeace.org\/luxembourg\/fr\/\",\"logo\":{\"@type\":\"ImageObject\",\"inLanguage\":\"fr-LU\",\"@id\":\"https:\/\/www.greenpeace.org\/luxembourg\/fr\/#\/schema\/logo\/image\/\",\"url\":\"https:\/\/www.greenpeace.org\/static\/planet4-luxembourg-stateless\/2026\/03\/3e367f94-greenpeace_logo_green_rgb.png\",\"contentUrl\":\"https:\/\/www.greenpeace.org\/static\/planet4-luxembourg-stateless\/2026\/03\/3e367f94-greenpeace_logo_green_rgb.png\",\"width\":1080,\"height\":175,\"caption\":\"Greenpeace Luxembourg\"},\"image\":{\"@id\":\"https:\/\/www.greenpeace.org\/luxembourg\/fr\/#\/schema\/logo\/image\/\"},\"sameAs\":[\"https:\/\/www.facebook.com\/greenpeaceluxembourg\",\"https:\/\/www.instagram.com\/greenpeacelux\/\",\"https:\/\/www.linkedin.com\/company\/greenpeace-luxembourg\/\",\"https:\/\/www.threads.com\/@greenpeacelux\",\"https:\/\/bsky.app\/profile\/greenpeacelux.bsky.social\",\"https:\/\/www.youtube.com\/@GreenpeaceLux\",\"https:\/\/www.tiktok.com\/@greenpeace_lux\"]},{\"@type\":\"Person\",\"@id\":\"https:\/\/www.greenpeace.org\/luxembourg\/fr\/#\/schema\/person\/3d0e81a859b59009fec36a8552ef76a7\",\"name\":\"Esther Wildanger\",\"url\":\"https:\/\/www.greenpeace.org\/luxembourg\/fr\/author\/ewildang\/\"}]}<\/script>\n<!-- \/ Yoast SEO Premium plugin. -->","yoast_head_json":{"title":"L\u2019espoir malgr\u00e9 l\u2019urgence ? Le GIEC tire (encore) la sonnette d\u2019alarme - Greenpeace Luxembourg","robots":{"index":"index","follow":"follow","max-snippet":"max-snippet:-1","max-image-preview":"max-image-preview:large","max-video-preview":"max-video-preview:-1"},"canonical":"https:\/\/www.greenpeace.org\/luxembourg\/fr\/actualites\/14113\/lespoir-malgre-lurgence-le-giec-tire-encore-la-sonnette-dalarme\/","og_locale":"fr_FR","og_type":"article","og_title":"L\u2019espoir malgr\u00e9 l\u2019urgence ? Le GIEC tire (encore) la sonnette d\u2019alarme","og_description":"Le dernier chapitre du sixi\u00e8me rapport d\u2019\u00e9valuation du GIEC est l\u00e0. Sans r\u00e9elle surprise, ce nouvel \u00e9tat des lieux de la recherche sur le d\u00e9r\u00e8glement climatique, qui porte cette fois&hellip;","og_url":"https:\/\/www.greenpeace.org\/luxembourg\/fr\/actualites\/14113\/lespoir-malgre-lurgence-le-giec-tire-encore-la-sonnette-dalarme\/","og_site_name":"Greenpeace Luxembourg","article_publisher":"https:\/\/www.facebook.com\/greenpeaceluxembourg","article_published_time":"2022-04-05T09:03:15+00:00","article_modified_time":"2022-04-05T09:03:18+00:00","og_image":[{"width":1200,"height":900,"url":"https:\/\/www.greenpeace.org\/static\/planet4-luxembourg-stateless\/2022\/04\/3f4ea7c4-gp1sv667_medium_res.jpg","type":"image\/jpeg"}],"author":"Esther Wildanger","twitter_card":"summary_large_image","twitter_misc":{"Written by":"Esther Wildanger","Est. reading time":"8 minutes"},"schema":{"@context":"https:\/\/schema.org","@graph":[{"@type":"Article","@id":"https:\/\/www.greenpeace.org\/luxembourg\/fr\/actualites\/14113\/lespoir-malgre-lurgence-le-giec-tire-encore-la-sonnette-dalarme\/#article","isPartOf":{"@id":"https:\/\/www.greenpeace.org\/luxembourg\/fr\/actualites\/14113\/lespoir-malgre-lurgence-le-giec-tire-encore-la-sonnette-dalarme\/"},"author":{"name":"Esther Wildanger","@id":"https:\/\/www.greenpeace.org\/luxembourg\/fr\/#\/schema\/person\/3d0e81a859b59009fec36a8552ef76a7"},"headline":"L\u2019espoir malgr\u00e9 l\u2019urgence ? Le GIEC tire (encore) la sonnette d\u2019alarme","datePublished":"2022-04-05T09:03:15+00:00","dateModified":"2022-04-05T09:03:18+00:00","mainEntityOfPage":{"@id":"https:\/\/www.greenpeace.org\/luxembourg\/fr\/actualites\/14113\/lespoir-malgre-lurgence-le-giec-tire-encore-la-sonnette-dalarme\/"},"wordCount":1563,"publisher":{"@id":"https:\/\/www.greenpeace.org\/luxembourg\/fr\/#organization"},"image":{"@id":"https:\/\/www.greenpeace.org\/luxembourg\/fr\/actualites\/14113\/lespoir-malgre-lurgence-le-giec-tire-encore-la-sonnette-dalarme\/#primaryimage"},"thumbnailUrl":"https:\/\/www.greenpeace.org\/static\/planet4-luxembourg-stateless\/2022\/04\/3f4ea7c4-gp1sv667_medium_res.jpg","keywords":["ChangementClimatique","Justice"],"articleSection":["Climat"],"inLanguage":"fr-LU"},{"@type":"WebPage","@id":"https:\/\/www.greenpeace.org\/luxembourg\/fr\/actualites\/14113\/lespoir-malgre-lurgence-le-giec-tire-encore-la-sonnette-dalarme\/","url":"https:\/\/www.greenpeace.org\/luxembourg\/fr\/actualites\/14113\/lespoir-malgre-lurgence-le-giec-tire-encore-la-sonnette-dalarme\/","name":"L\u2019espoir malgr\u00e9 l\u2019urgence ? Le GIEC tire (encore) la sonnette d\u2019alarme - Greenpeace Luxembourg","isPartOf":{"@id":"https:\/\/www.greenpeace.org\/luxembourg\/fr\/#website"},"primaryImageOfPage":{"@id":"https:\/\/www.greenpeace.org\/luxembourg\/fr\/actualites\/14113\/lespoir-malgre-lurgence-le-giec-tire-encore-la-sonnette-dalarme\/#primaryimage"},"image":{"@id":"https:\/\/www.greenpeace.org\/luxembourg\/fr\/actualites\/14113\/lespoir-malgre-lurgence-le-giec-tire-encore-la-sonnette-dalarme\/#primaryimage"},"thumbnailUrl":"https:\/\/www.greenpeace.org\/static\/planet4-luxembourg-stateless\/2022\/04\/3f4ea7c4-gp1sv667_medium_res.jpg","datePublished":"2022-04-05T09:03:15+00:00","dateModified":"2022-04-05T09:03:18+00:00","breadcrumb":{"@id":"https:\/\/www.greenpeace.org\/luxembourg\/fr\/actualites\/14113\/lespoir-malgre-lurgence-le-giec-tire-encore-la-sonnette-dalarme\/#breadcrumb"},"inLanguage":"fr-LU","potentialAction":[{"@type":"ReadAction","target":["https:\/\/www.greenpeace.org\/luxembourg\/fr\/actualites\/14113\/lespoir-malgre-lurgence-le-giec-tire-encore-la-sonnette-dalarme\/"]}]},{"@type":"ImageObject","inLanguage":"fr-LU","@id":"https:\/\/www.greenpeace.org\/luxembourg\/fr\/actualites\/14113\/lespoir-malgre-lurgence-le-giec-tire-encore-la-sonnette-dalarme\/#primaryimage","url":"https:\/\/www.greenpeace.org\/static\/planet4-luxembourg-stateless\/2022\/04\/3f4ea7c4-gp1sv667_medium_res.jpg","contentUrl":"https:\/\/www.greenpeace.org\/static\/planet4-luxembourg-stateless\/2022\/04\/3f4ea7c4-gp1sv667_medium_res.jpg","width":1200,"height":900,"caption":"Stills from the Greenpeace video - 300 drones, 1 message: Act Now The video is a message to world leaders attending the G7 summit in Cornwall, UK 11th, 12th, 13th June 2021, asking them to take climate issues seriously and to 'Act Now'"},{"@type":"BreadcrumbList","@id":"https:\/\/www.greenpeace.org\/luxembourg\/fr\/actualites\/14113\/lespoir-malgre-lurgence-le-giec-tire-encore-la-sonnette-dalarme\/#breadcrumb","itemListElement":[{"@type":"ListItem","position":1,"name":"Home","item":"https:\/\/www.greenpeace.org\/luxembourg\/fr\/"},{"@type":"ListItem","position":2,"name":"L\u2019espoir malgr\u00e9 l\u2019urgence ? Le GIEC tire (encore) la sonnette d\u2019alarme"}]},{"@type":"WebSite","@id":"https:\/\/www.greenpeace.org\/luxembourg\/fr\/#website","url":"https:\/\/www.greenpeace.org\/luxembourg\/fr\/","name":"Greenpeace Luxembourg","description":"Greenpeace existe parce que cette Terre fragile a besoin d&#039;une voix. Elle a besoin de solutions. De changement. D&#039;actions.","publisher":{"@id":"https:\/\/www.greenpeace.org\/luxembourg\/fr\/#organization"},"potentialAction":[{"@type":"SearchAction","target":{"@type":"EntryPoint","urlTemplate":"https:\/\/www.greenpeace.org\/luxembourg\/fr\/?s={search_term_string}"},"query-input":{"@type":"PropertyValueSpecification","valueRequired":true,"valueName":"search_term_string"}}],"inLanguage":"fr-LU"},{"@type":"Organization","@id":"https:\/\/www.greenpeace.org\/luxembourg\/fr\/#organization","name":"Greenpeace Luxembourg","url":"https:\/\/www.greenpeace.org\/luxembourg\/fr\/","logo":{"@type":"ImageObject","inLanguage":"fr-LU","@id":"https:\/\/www.greenpeace.org\/luxembourg\/fr\/#\/schema\/logo\/image\/","url":"https:\/\/www.greenpeace.org\/static\/planet4-luxembourg-stateless\/2026\/03\/3e367f94-greenpeace_logo_green_rgb.png","contentUrl":"https:\/\/www.greenpeace.org\/static\/planet4-luxembourg-stateless\/2026\/03\/3e367f94-greenpeace_logo_green_rgb.png","width":1080,"height":175,"caption":"Greenpeace Luxembourg"},"image":{"@id":"https:\/\/www.greenpeace.org\/luxembourg\/fr\/#\/schema\/logo\/image\/"},"sameAs":["https:\/\/www.facebook.com\/greenpeaceluxembourg","https:\/\/www.instagram.com\/greenpeacelux\/","https:\/\/www.linkedin.com\/company\/greenpeace-luxembourg\/","https:\/\/www.threads.com\/@greenpeacelux","https:\/\/bsky.app\/profile\/greenpeacelux.bsky.social","https:\/\/www.youtube.com\/@GreenpeaceLux","https:\/\/www.tiktok.com\/@greenpeace_lux"]},{"@type":"Person","@id":"https:\/\/www.greenpeace.org\/luxembourg\/fr\/#\/schema\/person\/3d0e81a859b59009fec36a8552ef76a7","name":"Esther Wildanger","url":"https:\/\/www.greenpeace.org\/luxembourg\/fr\/author\/ewildang\/"}]}},"_links":{"self":[{"href":"https:\/\/www.greenpeace.org\/luxembourg\/fr\/wp-json\/wp\/v2\/posts\/14113","targetHints":{"allow":["GET"]}}],"collection":[{"href":"https:\/\/www.greenpeace.org\/luxembourg\/fr\/wp-json\/wp\/v2\/posts"}],"about":[{"href":"https:\/\/www.greenpeace.org\/luxembourg\/fr\/wp-json\/wp\/v2\/types\/post"}],"author":[{"embeddable":true,"href":"https:\/\/www.greenpeace.org\/luxembourg\/fr\/wp-json\/wp\/v2\/users\/25"}],"replies":[{"embeddable":true,"href":"https:\/\/www.greenpeace.org\/luxembourg\/fr\/wp-json\/wp\/v2\/comments?post=14113"}],"version-history":[{"count":2,"href":"https:\/\/www.greenpeace.org\/luxembourg\/fr\/wp-json\/wp\/v2\/posts\/14113\/revisions"}],"predecessor-version":[{"id":14117,"href":"https:\/\/www.greenpeace.org\/luxembourg\/fr\/wp-json\/wp\/v2\/posts\/14113\/revisions\/14117"}],"wp:featuredmedia":[{"embeddable":true,"href":"https:\/\/www.greenpeace.org\/luxembourg\/fr\/wp-json\/wp\/v2\/media\/14114"}],"wp:attachment":[{"href":"https:\/\/www.greenpeace.org\/luxembourg\/fr\/wp-json\/wp\/v2\/media?parent=14113"}],"wp:term":[{"taxonomy":"category","embeddable":true,"href":"https:\/\/www.greenpeace.org\/luxembourg\/fr\/wp-json\/wp\/v2\/categories?post=14113"},{"taxonomy":"post_tag","embeddable":true,"href":"https:\/\/www.greenpeace.org\/luxembourg\/fr\/wp-json\/wp\/v2\/tags?post=14113"},{"taxonomy":"p4-page-type","embeddable":true,"href":"https:\/\/www.greenpeace.org\/luxembourg\/fr\/wp-json\/wp\/v2\/p4-page-type?post=14113"}],"curies":[{"name":"wp","href":"https:\/\/api.w.org\/{rel}","templated":true}]}}