{"id":14135,"date":"2022-04-13T15:35:38","date_gmt":"2022-04-13T13:35:38","guid":{"rendered":"https:\/\/www.greenpeace.org\/luxembourg\/?p=14135"},"modified":"2022-04-14T11:41:02","modified_gmt":"2022-04-14T09:41:02","slug":"loccasion-pour-nestle-coca-cola-pepsico-et-unilever-de-mettre-fin-a-la-pollution-plastique","status":"publish","type":"post","link":"https:\/\/www.greenpeace.org\/luxembourg\/fr\/actualites\/14135\/loccasion-pour-nestle-coca-cola-pepsico-et-unilever-de-mettre-fin-a-la-pollution-plastique\/","title":{"rendered":"L&#8217;occasion pour Nestl\u00e9, Coca-Cola, PepsiCo et Unilever de mettre fin \u00e0 la pollution plastique"},"content":{"rendered":"\n<p>L&#8217;un de mes premiers souvenirs d\u2019enfance aux Philippines est de collecter des bouteilles en verre de Coca-Cola dans notre maison, \u00e0 l\u2019occasion de c\u00e9l\u00e9brations ou d\u2019\u00e9v\u00e8nements familiaux. Avec ma petite s\u0153ur, nous transportions trois \u00e0 cinq bouteilles en verre d&#8217;un litre dans nos petits bras et les ramenions au magasin <em>sari-sari<\/em> &#8211; notre magasin de proximit\u00e9 &#8211; en \u00e9change d&#8217;une petite caution.<\/p>\n\n<p>Je me rappelle aussi qu&#8217;on me demandait de faire des courses pour ma famille et que j&#8217;avais pour mission d&#8217;aller chercher ce qui manquait \u00e0 ma grand-m\u00e8re pour ce qu&#8217;elle avait pr\u00e9vu de cuisiner ce jour-l\u00e0. J&#8217;allais chercher nos bidons vides dans l&#8217;armoire et les faisais remplir dans un magasin du coin. Remplir ces bouteilles \u00e9tait ma responsabilit\u00e9 et, en tant que petite fille, j\u2019\u00e9tais fi\u00e8re de les r\u00e9utiliser.<\/p>\n\n<p>Voil\u00e0 ce \u00e0 quoi je pense \u00e0 chaque fois que je travaille sur des<a href=\"https:\/\/www.breakfreefromplastic.org\/brandaudit2021\/\"> audits internationaux de marques de plastique<\/a>, en ramassant des sachets, des emballages et des bouteilles sur les plages et les cours d&#8217;eau sombres et pollu\u00e9s de Manille. Je me rem\u00e9more tout \u00e7a, non seulement pour la nostalgie de ma jeunesse, mais aussi parce que j\u2019ai \u00e9t\u00e9 t\u00e9moin d&#8217;un syst\u00e8me qui ne reposait pas sur une logique du tout jetable. C\u2019\u00e9tait un syst\u00e8me qui fonctionnait pour notre communaut\u00e9 et qui offrait une place et un r\u00f4le \u00e0 une enfant comme moi.&nbsp;<\/p>\n\n<figure class=\"wp-block-image size-large\"><img loading=\"lazy\" decoding=\"async\" width=\"1024\" height=\"683\" src=\"https:\/\/www.greenpeace.org\/static\/planet4-luxembourg-stateless\/2022\/04\/f215396e-gp0str2cu_medium_res_with_credit_line-1024x683.jpg\" alt=\"\" class=\"wp-image-14136\" srcset=\"https:\/\/www.greenpeace.org\/static\/planet4-luxembourg-stateless\/2022\/04\/f215396e-gp0str2cu_medium_res_with_credit_line-1024x683.jpg 1024w, https:\/\/www.greenpeace.org\/static\/planet4-luxembourg-stateless\/2022\/04\/f215396e-gp0str2cu_medium_res_with_credit_line-300x200.jpg 300w, https:\/\/www.greenpeace.org\/static\/planet4-luxembourg-stateless\/2022\/04\/f215396e-gp0str2cu_medium_res_with_credit_line-768x512.jpg 768w, https:\/\/www.greenpeace.org\/static\/planet4-luxembourg-stateless\/2022\/04\/f215396e-gp0str2cu_medium_res_with_credit_line-510x340.jpg 510w, https:\/\/www.greenpeace.org\/static\/planet4-luxembourg-stateless\/2022\/04\/f215396e-gp0str2cu_medium_res_with_credit_line.jpg 1200w\" sizes=\"auto, (max-width: 1024px) 100vw, 1024px\" \/><figcaption>Greenpeace et les membres du mouvement #breakfreefromplastic poursuivent leur op\u00e9ration de nettoyage des plages et d&#8217;audit des marques \u00e0 Freedom Island, Para\u00f1aque City. L&#8217;activit\u00e9 vise \u00e0 d\u00e9signer les entreprises les plus responsables de la pollution plastique de nos plages. \u00a9 Jilson Tiu \/ Greenpeace<\/figcaption><\/figure>\n\n<p>Son rempla\u00e7ant ? Des emballages jetables et bon march\u00e9 qui polluent l\u2019<a href=\"https:\/\/www.greenpeace.org\/international\/story\/47146\/plastic-is-a-climate-health-and-social-justice-issue\/\">air, l\u2019eau, les sols, le climat et nuisent \u00e0 notre sant\u00e9 d\u00e8s leur fabrication<\/a>. Une nouvelle \u00e9tude a \u00e9galement d\u00e9cel\u00e9 <a href=\"https:\/\/www.theguardian.com\/environment\/2022\/mar\/24\/microplastics-found-in-human-blood-for-first-time\">du plastique dans notre sang<\/a>. Le plastique, c\u2019est du p\u00e9trole. Le p\u00e9trole, c\u2019est un combustible fossile. Poursuivre l&#8217;extraction des combustibles fossiles, c&#8217;est augmenter les risques et la gravit\u00e9 des catastrophes dans un climat d&#8217;ores et d\u00e9j\u00e0 en plein d\u00e9r\u00e8glement.&nbsp;<\/p>\n\n<figure class=\"wp-block-image size-large\"><img loading=\"lazy\" decoding=\"async\" width=\"1024\" height=\"683\" src=\"https:\/\/www.greenpeace.org\/static\/planet4-luxembourg-stateless\/2022\/04\/3a471b38-gp0str224_medium_res_with_credit_line-1024x683.jpg\" alt=\"\" class=\"wp-image-14138\" srcset=\"https:\/\/www.greenpeace.org\/static\/planet4-luxembourg-stateless\/2022\/04\/3a471b38-gp0str224_medium_res_with_credit_line-1024x683.jpg 1024w, https:\/\/www.greenpeace.org\/static\/planet4-luxembourg-stateless\/2022\/04\/3a471b38-gp0str224_medium_res_with_credit_line-300x200.jpg 300w, https:\/\/www.greenpeace.org\/static\/planet4-luxembourg-stateless\/2022\/04\/3a471b38-gp0str224_medium_res_with_credit_line-768x512.jpg 768w, https:\/\/www.greenpeace.org\/static\/planet4-luxembourg-stateless\/2022\/04\/3a471b38-gp0str224_medium_res_with_credit_line-510x340.jpg 510w, https:\/\/www.greenpeace.org\/static\/planet4-luxembourg-stateless\/2022\/04\/3a471b38-gp0str224_medium_res_with_credit_line.jpg 1200w\" sizes=\"auto, (max-width: 1024px) 100vw, 1024px\" \/><figcaption>Collection de bouteilles et de capsules de Coca-Cola trouv\u00e9es sur Freedom Island, aux Philippines, lors d&#8217;une activit\u00e9 de nettoyage. \u00a9 Daniel M\u00fcller \/ Greenpeace<\/figcaption><\/figure>\n\n<h3 class=\"wp-block-heading\">Les grandes entreprises qui travaillent main dans la main avec l\u2019industrie fossile nous submergent de leur plastique<\/h3>\n\n<p>La pollution plastique et les cons\u00e9quences de sa contribution \u00e0 la crise climatique <a href=\"https:\/\/www.greenpeace.org\/international\/press-release\/47759\/investigation-finds-plastic-from-the-uk-and-germany-illegally-dumped-in-turkey\/\">sont devenues courantes dans de nombreux pays<\/a>. Et nous n\u2019en sommes pas l\u00e0 parce que les gens se sont montr\u00e9s irresponsables, ce que les grandes entreprises s\u2019efforcent de nous faire croire, mais bien parce qu\u2019elles ont produit tant et tant de plastique qu\u2019on ne peut plus le g\u00e9rer. Si les compagnies comme <a href=\"https:\/\/www.greenpeace.org\/international\/story\/47293\/coca-cola-its-time-to-stop-your-pollution-at-source\/\">Coca-Cola<\/a>, PepsiCo, <a href=\"https:\/\/www.greenpeace.org\/international\/story\/47214\/plastics-activists-target-nestle-ahead-of-annual-general-meeting\/\">Nestl\u00e9<\/a> et Unilever parviennent \u00e0 leurs fins, la production plastique pourrait bien <a href=\"https:\/\/www.ciel.org\/plasticandclimate\/\">tripler d\u2019ici 2050<\/a>. De quoi s\u2019alarmer, surtout \u00e0 l\u2019heure o\u00f9 nous devons maintenir le <a href=\"https:\/\/www.greenpeace.org\/international\/story\/53036\/listen-to-scientist\/\">r\u00e9chauffement climatique sous la barre des 1,5\u00b0C<\/a>.&nbsp;<\/p>\n\n<figure class=\"wp-block-image size-large\"><img loading=\"lazy\" decoding=\"async\" width=\"1024\" height=\"683\" src=\"https:\/\/www.greenpeace.org\/static\/planet4-luxembourg-stateless\/2022\/04\/8f9f22f9-gp0str1t7_medium_res_with_credit_line-1024x683.jpg\" alt=\"\" class=\"wp-image-14140\" srcset=\"https:\/\/www.greenpeace.org\/static\/planet4-luxembourg-stateless\/2022\/04\/8f9f22f9-gp0str1t7_medium_res_with_credit_line-1024x683.jpg 1024w, https:\/\/www.greenpeace.org\/static\/planet4-luxembourg-stateless\/2022\/04\/8f9f22f9-gp0str1t7_medium_res_with_credit_line-300x200.jpg 300w, https:\/\/www.greenpeace.org\/static\/planet4-luxembourg-stateless\/2022\/04\/8f9f22f9-gp0str1t7_medium_res_with_credit_line-768x512.jpg 768w, https:\/\/www.greenpeace.org\/static\/planet4-luxembourg-stateless\/2022\/04\/8f9f22f9-gp0str1t7_medium_res_with_credit_line-510x340.jpg 510w, https:\/\/www.greenpeace.org\/static\/planet4-luxembourg-stateless\/2022\/04\/8f9f22f9-gp0str1t7_medium_res_with_credit_line.jpg 1200w\" sizes=\"auto, (max-width: 1024px) 100vw, 1024px\" \/><figcaption>Greenpeace et la coalition #breakfreefromplastic m\u00e8nent une activit\u00e9 de nettoyage de plage et un audit de marque sur Freedom Island, Para\u00f1aque City, Metro Manila, Philippines. \u00a9 Daniel M\u00fcller \/ Greenpeace<\/figcaption><\/figure>\n\n<p>Mais gr\u00e2ce aux millions de personnes qui exigent de vraies solutions, les choses \u00e9voluent. La r\u00e9solution r\u00e9cemment adopt\u00e9e pour n\u00e9gocier un trait\u00e9 mondial sur le plastique est un grand pas qui maintiendra la pression sur les <a href=\"https:\/\/www.greenpeace.org\/international\/press-release\/49484\/report-major-brands-fossil-fuels-plastic-kitchen\/\">grands groupes agro-alimentaires et p\u00e9troliers<\/a> pour qu&#8217;ils r\u00e9duisent leur empreinte plastique et changent leurs mod\u00e8les \u00e9conomiques vers des syst\u00e8mes de recharge et de r\u00e9utilisation. M\u00eame Coca-Cola, pourtant <a href=\"https:\/\/www.breakfreefromplastic.org\/brandaudit2021\/\">\u00e9lu premier pollueur plastique chaque ann\u00e9e depuis 2018<\/a>, vient d&#8217;annoncer que, d\u2019ici 2030, <a href=\"https:\/\/www.greenpeace.org\/international\/press-release\/52245\/greenpeace-plastics-coca-cola-reusable-target-2030\/\">au moins 25 % de ses emballages seraient rechargeables ou r\u00e9utilisables<\/a>.<\/p>\n\n<h3 class=\"wp-block-heading\">Pour la fin de l\u2019addiction aux emballages \u00e0 usage unique<\/h3>\n\n<p>Mais ce n\u2019est pas encore suffisant, et les entreprises doivent faire plus pour augmenter leurs investissements dans les <a href=\"https:\/\/www.greenpeace.org\/international\/story\/51843\/plastics-reuse-and-refill-laws\/\">syst\u00e8mes de recharge et de r\u00e9utilisation<\/a>. C\u2019est l\u2019avenir. En tant que v\u00e9ritables leaders de l\u2019industrie, ces compagnies ne devraient pas s&#8217;accrocher \u00e0 de fausses solutions qui \u00e9gratignent \u00e0 peine le monstre auquel elles ont elles-m\u00eame donn\u00e9 vie, et abandonneront le plastique \u00e0 usage unique.<\/p>\n\n<figure class=\"wp-block-image size-large\"><img loading=\"lazy\" decoding=\"async\" width=\"1024\" height=\"683\" src=\"https:\/\/www.greenpeace.org\/static\/planet4-luxembourg-stateless\/2022\/04\/65bf45f2-gp0stqs3h_medium_res_with_credit_line-1024x683.jpg\" alt=\"\" class=\"wp-image-14142\" srcset=\"https:\/\/www.greenpeace.org\/static\/planet4-luxembourg-stateless\/2022\/04\/65bf45f2-gp0stqs3h_medium_res_with_credit_line-1024x683.jpg 1024w, https:\/\/www.greenpeace.org\/static\/planet4-luxembourg-stateless\/2022\/04\/65bf45f2-gp0stqs3h_medium_res_with_credit_line-300x200.jpg 300w, https:\/\/www.greenpeace.org\/static\/planet4-luxembourg-stateless\/2022\/04\/65bf45f2-gp0stqs3h_medium_res_with_credit_line-768x512.jpg 768w, https:\/\/www.greenpeace.org\/static\/planet4-luxembourg-stateless\/2022\/04\/65bf45f2-gp0stqs3h_medium_res_with_credit_line-510x340.jpg 510w, https:\/\/www.greenpeace.org\/static\/planet4-luxembourg-stateless\/2022\/04\/65bf45f2-gp0stqs3h_medium_res_with_credit_line.jpg 1200w\" sizes=\"auto, (max-width: 1024px) 100vw, 1024px\" \/><figcaption>D\u00e9chets plastiques sur les plages de la baie de Manille. \u00a9 Daniel M\u00fcller \/ Greenpeace<\/figcaption><\/figure>\n\n<p>Coca-Cola doit doubler son engagement \u00e0 atteindre 50 % de recharge et de r\u00e9utilisation d&#8217;ici 2030. PepsiCo et Nestl\u00e9, quant \u00e0 elles, doivent rattraper leur retard et faire davantage en s&#8217;engageant \u00e0 fixer des objectifs de 50 % d&#8217;emballages r\u00e9utilisables d&#8217;ici 2030. Ce sont des chiffres simples qui feront une \u00e9norme diff\u00e9rence pour <a href=\"https:\/\/www.greenpeace.org\/international\/story\/47146\/plastic-is-a-climate-health-and-social-justice-issue\/\">notre plan\u00e8te, sa population et son climat<\/a>.&nbsp;<\/p>\n\n<p>Alors notre avenir s\u2019av\u00e8re incertain, les gens feront ce qu&#8217;il faut pour continuer \u00e0 d\u00e9noncer, remettre en question et rejeter <a href=\"https:\/\/www.greenpeace.org\/usa\/the-myth-of-single-use-plastic-and-recycling\/\">les mensonges, le greenwashing et les fausses solutions<\/a> dont se rendent coupables les grandes compagnies. Lorsque les actionnaires se r\u00e9uniront au printemps pour d\u00e9finir l&#8217;avenir de leurs entreprises, ils et elles devront saisir l&#8217;occasion pour s&#8217;assurer qu&#8217;elles sont du bon c\u00f4t\u00e9 de l&#8217;histoire &#8211; \u00e0 moins de ne rester dans l\u2019Histoire que comme LA marque de la pollution plastique.<\/p>\n\n<p>Les choses changent avec parfois des \u00e9volutions positives, mais nous demandons plus d\u2019actions et un engagement plus forts, parce que la situation est critique pour notre plan\u00e8te et le climat. Notre d\u00e9termination ne faiblira pas, parce que nous avons un avenir \u00e0 pr\u00e9server.&nbsp;<\/p>\n\n<p><em>Angelica Carballo Pago est la responsable communication et m\u00e9dias pour la campagne \u00ab<\/em> Plastic-Free Future <em>\u00bb de Greenpeace USA.<\/em> <\/p>\n\n<hr class=\"wp-block-separator is-style-wide\"\/>\n\n<p><a href=\"https:\/\/www.greenpeace.org\/international\/story\/53105\/big-brands-moment-end-plastic-pollution-crisis\/\">Source<\/a> article : Greenpeace International<\/p>\n<div class=\"EmptyMessage\">Block content is empty. Check the block&#8217;s settings or remove it.<\/div>","protected":false},"excerpt":{"rendered":"<p>L&#8217;un de mes premiers souvenirs d\u2019enfance aux Philippines est de collecter des bouteilles en verre de Coca-Cola dans notre maison, \u00e0 l\u2019occasion de c\u00e9l\u00e9brations ou d\u2019\u00e9v\u00e8nements familiaux. Avec ma petite&hellip;<\/p>\n","protected":false},"author":25,"featured_media":14138,"comment_status":"closed","ping_status":"closed","sticky":false,"template":"","format":"standard","meta":{"ep_exclude_from_search":false,"p4_og_title":"","p4_og_description":"","p4_og_image":"","p4_og_image_id":"","p4_seo_canonical_url":"","p4_campaign_name":"not set","p4_local_project":"not set","p4_basket_name":"not set","p4_department":"","footnotes":""},"categories":[43],"tags":[28],"p4-page-type":[85],"class_list":["post-14135","post","type-post","status-publish","format-standard","has-post-thumbnail","hentry","category-nature","tag-pollution","p4-page-type-actualites"],"yoast_head":"<!-- This site is optimized with the Yoast SEO Premium plugin v23.9 (Yoast SEO v23.9) - https:\/\/yoast.com\/wordpress\/plugins\/seo\/ -->\n<title>L&#039;occasion pour Nestl\u00e9, Coca-Cola, PepsiCo et Unilever de mettre fin \u00e0 la pollution plastique - Greenpeace Luxembourg<\/title>\n<meta name=\"robots\" content=\"index, follow, max-snippet:-1, max-image-preview:large, max-video-preview:-1\" \/>\n<link rel=\"canonical\" href=\"https:\/\/www.greenpeace.org\/luxembourg\/fr\/actualites\/14135\/loccasion-pour-nestle-coca-cola-pepsico-et-unilever-de-mettre-fin-a-la-pollution-plastique\/\" \/>\n<meta property=\"og:locale\" content=\"fr_FR\" \/>\n<meta property=\"og:type\" content=\"article\" \/>\n<meta property=\"og:title\" content=\"L&#039;occasion pour Nestl\u00e9, Coca-Cola, PepsiCo et Unilever de mettre fin \u00e0 la pollution plastique\" \/>\n<meta property=\"og:description\" content=\"L&#039;un de mes premiers souvenirs d\u2019enfance aux Philippines est de collecter des bouteilles en verre de Coca-Cola dans notre maison, \u00e0 l\u2019occasion de c\u00e9l\u00e9brations ou d\u2019\u00e9v\u00e8nements familiaux. Avec ma petite&hellip;\" \/>\n<meta property=\"og:url\" content=\"https:\/\/www.greenpeace.org\/luxembourg\/fr\/actualites\/14135\/loccasion-pour-nestle-coca-cola-pepsico-et-unilever-de-mettre-fin-a-la-pollution-plastique\/\" \/>\n<meta property=\"og:site_name\" content=\"Greenpeace Luxembourg\" \/>\n<meta property=\"article:publisher\" content=\"https:\/\/www.facebook.com\/greenpeaceluxembourg\" \/>\n<meta property=\"article:published_time\" content=\"2022-04-13T13:35:38+00:00\" \/>\n<meta property=\"article:modified_time\" content=\"2022-04-14T09:41:02+00:00\" \/>\n<meta property=\"og:image\" content=\"https:\/\/www.greenpeace.org\/static\/planet4-luxembourg-stateless\/2022\/04\/3a471b38-gp0str224_medium_res_with_credit_line.jpg\" \/>\n\t<meta property=\"og:image:width\" content=\"1200\" \/>\n\t<meta property=\"og:image:height\" content=\"800\" \/>\n\t<meta property=\"og:image:type\" content=\"image\/jpeg\" \/>\n<meta name=\"author\" content=\"Esther Wildanger\" \/>\n<meta name=\"twitter:card\" content=\"summary_large_image\" \/>\n<meta name=\"twitter:label1\" content=\"Written by\" \/>\n\t<meta name=\"twitter:data1\" content=\"Esther Wildanger\" \/>\n\t<meta name=\"twitter:label2\" content=\"Est. reading time\" \/>\n\t<meta name=\"twitter:data2\" content=\"5 minutes\" \/>\n<script type=\"application\/ld+json\" class=\"yoast-schema-graph\">{\"@context\":\"https:\/\/schema.org\",\"@graph\":[{\"@type\":\"Article\",\"@id\":\"https:\/\/www.greenpeace.org\/luxembourg\/fr\/actualites\/14135\/loccasion-pour-nestle-coca-cola-pepsico-et-unilever-de-mettre-fin-a-la-pollution-plastique\/#article\",\"isPartOf\":{\"@id\":\"https:\/\/www.greenpeace.org\/luxembourg\/fr\/actualites\/14135\/loccasion-pour-nestle-coca-cola-pepsico-et-unilever-de-mettre-fin-a-la-pollution-plastique\/\"},\"author\":{\"name\":\"Esther Wildanger\",\"@id\":\"https:\/\/www.greenpeace.org\/luxembourg\/fr\/#\/schema\/person\/3d0e81a859b59009fec36a8552ef76a7\"},\"headline\":\"L&#8217;occasion pour Nestl\u00e9, Coca-Cola, PepsiCo et Unilever de mettre fin \u00e0 la pollution plastique\",\"datePublished\":\"2022-04-13T13:35:38+00:00\",\"dateModified\":\"2022-04-14T09:41:02+00:00\",\"mainEntityOfPage\":{\"@id\":\"https:\/\/www.greenpeace.org\/luxembourg\/fr\/actualites\/14135\/loccasion-pour-nestle-coca-cola-pepsico-et-unilever-de-mettre-fin-a-la-pollution-plastique\/\"},\"wordCount\":987,\"publisher\":{\"@id\":\"https:\/\/www.greenpeace.org\/luxembourg\/fr\/#organization\"},\"image\":{\"@id\":\"https:\/\/www.greenpeace.org\/luxembourg\/fr\/actualites\/14135\/loccasion-pour-nestle-coca-cola-pepsico-et-unilever-de-mettre-fin-a-la-pollution-plastique\/#primaryimage\"},\"thumbnailUrl\":\"https:\/\/www.greenpeace.org\/static\/planet4-luxembourg-stateless\/2022\/04\/3a471b38-gp0str224_medium_res_with_credit_line.jpg\",\"keywords\":[\"Pollution\"],\"articleSection\":[\"Nature\"],\"inLanguage\":\"fr-LU\"},{\"@type\":\"WebPage\",\"@id\":\"https:\/\/www.greenpeace.org\/luxembourg\/fr\/actualites\/14135\/loccasion-pour-nestle-coca-cola-pepsico-et-unilever-de-mettre-fin-a-la-pollution-plastique\/\",\"url\":\"https:\/\/www.greenpeace.org\/luxembourg\/fr\/actualites\/14135\/loccasion-pour-nestle-coca-cola-pepsico-et-unilever-de-mettre-fin-a-la-pollution-plastique\/\",\"name\":\"L'occasion pour Nestl\u00e9, Coca-Cola, PepsiCo et Unilever de mettre fin \u00e0 la pollution plastique - Greenpeace Luxembourg\",\"isPartOf\":{\"@id\":\"https:\/\/www.greenpeace.org\/luxembourg\/fr\/#website\"},\"primaryImageOfPage\":{\"@id\":\"https:\/\/www.greenpeace.org\/luxembourg\/fr\/actualites\/14135\/loccasion-pour-nestle-coca-cola-pepsico-et-unilever-de-mettre-fin-a-la-pollution-plastique\/#primaryimage\"},\"image\":{\"@id\":\"https:\/\/www.greenpeace.org\/luxembourg\/fr\/actualites\/14135\/loccasion-pour-nestle-coca-cola-pepsico-et-unilever-de-mettre-fin-a-la-pollution-plastique\/#primaryimage\"},\"thumbnailUrl\":\"https:\/\/www.greenpeace.org\/static\/planet4-luxembourg-stateless\/2022\/04\/3a471b38-gp0str224_medium_res_with_credit_line.jpg\",\"datePublished\":\"2022-04-13T13:35:38+00:00\",\"dateModified\":\"2022-04-14T09:41:02+00:00\",\"breadcrumb\":{\"@id\":\"https:\/\/www.greenpeace.org\/luxembourg\/fr\/actualites\/14135\/loccasion-pour-nestle-coca-cola-pepsico-et-unilever-de-mettre-fin-a-la-pollution-plastique\/#breadcrumb\"},\"inLanguage\":\"fr-LU\",\"potentialAction\":[{\"@type\":\"ReadAction\",\"target\":[\"https:\/\/www.greenpeace.org\/luxembourg\/fr\/actualites\/14135\/loccasion-pour-nestle-coca-cola-pepsico-et-unilever-de-mettre-fin-a-la-pollution-plastique\/\"]}]},{\"@type\":\"ImageObject\",\"inLanguage\":\"fr-LU\",\"@id\":\"https:\/\/www.greenpeace.org\/luxembourg\/fr\/actualites\/14135\/loccasion-pour-nestle-coca-cola-pepsico-et-unilever-de-mettre-fin-a-la-pollution-plastique\/#primaryimage\",\"url\":\"https:\/\/www.greenpeace.org\/static\/planet4-luxembourg-stateless\/2022\/04\/3a471b38-gp0str224_medium_res_with_credit_line.jpg\",\"contentUrl\":\"https:\/\/www.greenpeace.org\/static\/planet4-luxembourg-stateless\/2022\/04\/3a471b38-gp0str224_medium_res_with_credit_line.jpg\",\"width\":1200,\"height\":800,\"caption\":\"Collection of coca cola bottles and caps found on Freedom Island, Philippines, during a cleanup activity. Greenpeace together with the #breakfreefromplastic coalition conduct a beach cleanup activity and brand audit on Freedom Island, Para\u00f1aque City, Metro Manila, Philippines. The activity aims to name the brands most responsible for the plastic pollution happening in our oceans. Freedom island is an ecotourism area which contains a mangrove forest and swamps providing a habitat for many migratory bird species from different countries such as China, Japan and Siberia.\"},{\"@type\":\"BreadcrumbList\",\"@id\":\"https:\/\/www.greenpeace.org\/luxembourg\/fr\/actualites\/14135\/loccasion-pour-nestle-coca-cola-pepsico-et-unilever-de-mettre-fin-a-la-pollution-plastique\/#breadcrumb\",\"itemListElement\":[{\"@type\":\"ListItem\",\"position\":1,\"name\":\"Home\",\"item\":\"https:\/\/www.greenpeace.org\/luxembourg\/fr\/\"},{\"@type\":\"ListItem\",\"position\":2,\"name\":\"L&#8217;occasion pour Nestl\u00e9, Coca-Cola, PepsiCo et Unilever de mettre fin \u00e0 la pollution plastique\"}]},{\"@type\":\"WebSite\",\"@id\":\"https:\/\/www.greenpeace.org\/luxembourg\/fr\/#website\",\"url\":\"https:\/\/www.greenpeace.org\/luxembourg\/fr\/\",\"name\":\"Greenpeace Luxembourg\",\"description\":\"Greenpeace existe parce que cette Terre fragile a besoin d&#039;une voix. Elle a besoin de solutions. De changement. D&#039;actions.\",\"publisher\":{\"@id\":\"https:\/\/www.greenpeace.org\/luxembourg\/fr\/#organization\"},\"potentialAction\":[{\"@type\":\"SearchAction\",\"target\":{\"@type\":\"EntryPoint\",\"urlTemplate\":\"https:\/\/www.greenpeace.org\/luxembourg\/fr\/?s={search_term_string}\"},\"query-input\":{\"@type\":\"PropertyValueSpecification\",\"valueRequired\":true,\"valueName\":\"search_term_string\"}}],\"inLanguage\":\"fr-LU\"},{\"@type\":\"Organization\",\"@id\":\"https:\/\/www.greenpeace.org\/luxembourg\/fr\/#organization\",\"name\":\"Greenpeace Luxembourg\",\"url\":\"https:\/\/www.greenpeace.org\/luxembourg\/fr\/\",\"logo\":{\"@type\":\"ImageObject\",\"inLanguage\":\"fr-LU\",\"@id\":\"https:\/\/www.greenpeace.org\/luxembourg\/fr\/#\/schema\/logo\/image\/\",\"url\":\"https:\/\/www.greenpeace.org\/static\/planet4-luxembourg-stateless\/2026\/03\/3e367f94-greenpeace_logo_green_rgb.png\",\"contentUrl\":\"https:\/\/www.greenpeace.org\/static\/planet4-luxembourg-stateless\/2026\/03\/3e367f94-greenpeace_logo_green_rgb.png\",\"width\":1080,\"height\":175,\"caption\":\"Greenpeace Luxembourg\"},\"image\":{\"@id\":\"https:\/\/www.greenpeace.org\/luxembourg\/fr\/#\/schema\/logo\/image\/\"},\"sameAs\":[\"https:\/\/www.facebook.com\/greenpeaceluxembourg\",\"https:\/\/www.instagram.com\/greenpeacelux\/\",\"https:\/\/www.linkedin.com\/company\/greenpeace-luxembourg\/\",\"https:\/\/www.threads.com\/@greenpeacelux\",\"https:\/\/bsky.app\/profile\/greenpeacelux.bsky.social\",\"https:\/\/www.youtube.com\/@GreenpeaceLux\",\"https:\/\/www.tiktok.com\/@greenpeace_lux\"]},{\"@type\":\"Person\",\"@id\":\"https:\/\/www.greenpeace.org\/luxembourg\/fr\/#\/schema\/person\/3d0e81a859b59009fec36a8552ef76a7\",\"name\":\"Esther Wildanger\",\"url\":\"https:\/\/www.greenpeace.org\/luxembourg\/fr\/author\/ewildang\/\"}]}<\/script>\n<!-- \/ Yoast SEO Premium plugin. -->","yoast_head_json":{"title":"L'occasion pour Nestl\u00e9, Coca-Cola, PepsiCo et Unilever de mettre fin \u00e0 la pollution plastique - Greenpeace Luxembourg","robots":{"index":"index","follow":"follow","max-snippet":"max-snippet:-1","max-image-preview":"max-image-preview:large","max-video-preview":"max-video-preview:-1"},"canonical":"https:\/\/www.greenpeace.org\/luxembourg\/fr\/actualites\/14135\/loccasion-pour-nestle-coca-cola-pepsico-et-unilever-de-mettre-fin-a-la-pollution-plastique\/","og_locale":"fr_FR","og_type":"article","og_title":"L'occasion pour Nestl\u00e9, Coca-Cola, PepsiCo et Unilever de mettre fin \u00e0 la pollution plastique","og_description":"L'un de mes premiers souvenirs d\u2019enfance aux Philippines est de collecter des bouteilles en verre de Coca-Cola dans notre maison, \u00e0 l\u2019occasion de c\u00e9l\u00e9brations ou d\u2019\u00e9v\u00e8nements familiaux. Avec ma petite&hellip;","og_url":"https:\/\/www.greenpeace.org\/luxembourg\/fr\/actualites\/14135\/loccasion-pour-nestle-coca-cola-pepsico-et-unilever-de-mettre-fin-a-la-pollution-plastique\/","og_site_name":"Greenpeace Luxembourg","article_publisher":"https:\/\/www.facebook.com\/greenpeaceluxembourg","article_published_time":"2022-04-13T13:35:38+00:00","article_modified_time":"2022-04-14T09:41:02+00:00","og_image":[{"width":1200,"height":800,"url":"https:\/\/www.greenpeace.org\/static\/planet4-luxembourg-stateless\/2022\/04\/3a471b38-gp0str224_medium_res_with_credit_line.jpg","type":"image\/jpeg"}],"author":"Esther Wildanger","twitter_card":"summary_large_image","twitter_misc":{"Written by":"Esther Wildanger","Est. reading time":"5 minutes"},"schema":{"@context":"https:\/\/schema.org","@graph":[{"@type":"Article","@id":"https:\/\/www.greenpeace.org\/luxembourg\/fr\/actualites\/14135\/loccasion-pour-nestle-coca-cola-pepsico-et-unilever-de-mettre-fin-a-la-pollution-plastique\/#article","isPartOf":{"@id":"https:\/\/www.greenpeace.org\/luxembourg\/fr\/actualites\/14135\/loccasion-pour-nestle-coca-cola-pepsico-et-unilever-de-mettre-fin-a-la-pollution-plastique\/"},"author":{"name":"Esther Wildanger","@id":"https:\/\/www.greenpeace.org\/luxembourg\/fr\/#\/schema\/person\/3d0e81a859b59009fec36a8552ef76a7"},"headline":"L&#8217;occasion pour Nestl\u00e9, Coca-Cola, PepsiCo et Unilever de mettre fin \u00e0 la pollution plastique","datePublished":"2022-04-13T13:35:38+00:00","dateModified":"2022-04-14T09:41:02+00:00","mainEntityOfPage":{"@id":"https:\/\/www.greenpeace.org\/luxembourg\/fr\/actualites\/14135\/loccasion-pour-nestle-coca-cola-pepsico-et-unilever-de-mettre-fin-a-la-pollution-plastique\/"},"wordCount":987,"publisher":{"@id":"https:\/\/www.greenpeace.org\/luxembourg\/fr\/#organization"},"image":{"@id":"https:\/\/www.greenpeace.org\/luxembourg\/fr\/actualites\/14135\/loccasion-pour-nestle-coca-cola-pepsico-et-unilever-de-mettre-fin-a-la-pollution-plastique\/#primaryimage"},"thumbnailUrl":"https:\/\/www.greenpeace.org\/static\/planet4-luxembourg-stateless\/2022\/04\/3a471b38-gp0str224_medium_res_with_credit_line.jpg","keywords":["Pollution"],"articleSection":["Nature"],"inLanguage":"fr-LU"},{"@type":"WebPage","@id":"https:\/\/www.greenpeace.org\/luxembourg\/fr\/actualites\/14135\/loccasion-pour-nestle-coca-cola-pepsico-et-unilever-de-mettre-fin-a-la-pollution-plastique\/","url":"https:\/\/www.greenpeace.org\/luxembourg\/fr\/actualites\/14135\/loccasion-pour-nestle-coca-cola-pepsico-et-unilever-de-mettre-fin-a-la-pollution-plastique\/","name":"L'occasion pour Nestl\u00e9, Coca-Cola, PepsiCo et Unilever de mettre fin \u00e0 la pollution plastique - Greenpeace Luxembourg","isPartOf":{"@id":"https:\/\/www.greenpeace.org\/luxembourg\/fr\/#website"},"primaryImageOfPage":{"@id":"https:\/\/www.greenpeace.org\/luxembourg\/fr\/actualites\/14135\/loccasion-pour-nestle-coca-cola-pepsico-et-unilever-de-mettre-fin-a-la-pollution-plastique\/#primaryimage"},"image":{"@id":"https:\/\/www.greenpeace.org\/luxembourg\/fr\/actualites\/14135\/loccasion-pour-nestle-coca-cola-pepsico-et-unilever-de-mettre-fin-a-la-pollution-plastique\/#primaryimage"},"thumbnailUrl":"https:\/\/www.greenpeace.org\/static\/planet4-luxembourg-stateless\/2022\/04\/3a471b38-gp0str224_medium_res_with_credit_line.jpg","datePublished":"2022-04-13T13:35:38+00:00","dateModified":"2022-04-14T09:41:02+00:00","breadcrumb":{"@id":"https:\/\/www.greenpeace.org\/luxembourg\/fr\/actualites\/14135\/loccasion-pour-nestle-coca-cola-pepsico-et-unilever-de-mettre-fin-a-la-pollution-plastique\/#breadcrumb"},"inLanguage":"fr-LU","potentialAction":[{"@type":"ReadAction","target":["https:\/\/www.greenpeace.org\/luxembourg\/fr\/actualites\/14135\/loccasion-pour-nestle-coca-cola-pepsico-et-unilever-de-mettre-fin-a-la-pollution-plastique\/"]}]},{"@type":"ImageObject","inLanguage":"fr-LU","@id":"https:\/\/www.greenpeace.org\/luxembourg\/fr\/actualites\/14135\/loccasion-pour-nestle-coca-cola-pepsico-et-unilever-de-mettre-fin-a-la-pollution-plastique\/#primaryimage","url":"https:\/\/www.greenpeace.org\/static\/planet4-luxembourg-stateless\/2022\/04\/3a471b38-gp0str224_medium_res_with_credit_line.jpg","contentUrl":"https:\/\/www.greenpeace.org\/static\/planet4-luxembourg-stateless\/2022\/04\/3a471b38-gp0str224_medium_res_with_credit_line.jpg","width":1200,"height":800,"caption":"Collection of coca cola bottles and caps found on Freedom Island, Philippines, during a cleanup activity. Greenpeace together with the #breakfreefromplastic coalition conduct a beach cleanup activity and brand audit on Freedom Island, Para\u00f1aque City, Metro Manila, Philippines. The activity aims to name the brands most responsible for the plastic pollution happening in our oceans. Freedom island is an ecotourism area which contains a mangrove forest and swamps providing a habitat for many migratory bird species from different countries such as China, Japan and Siberia."},{"@type":"BreadcrumbList","@id":"https:\/\/www.greenpeace.org\/luxembourg\/fr\/actualites\/14135\/loccasion-pour-nestle-coca-cola-pepsico-et-unilever-de-mettre-fin-a-la-pollution-plastique\/#breadcrumb","itemListElement":[{"@type":"ListItem","position":1,"name":"Home","item":"https:\/\/www.greenpeace.org\/luxembourg\/fr\/"},{"@type":"ListItem","position":2,"name":"L&#8217;occasion pour Nestl\u00e9, Coca-Cola, PepsiCo et Unilever de mettre fin \u00e0 la pollution plastique"}]},{"@type":"WebSite","@id":"https:\/\/www.greenpeace.org\/luxembourg\/fr\/#website","url":"https:\/\/www.greenpeace.org\/luxembourg\/fr\/","name":"Greenpeace Luxembourg","description":"Greenpeace existe parce que cette Terre fragile a besoin d&#039;une voix. Elle a besoin de solutions. De changement. D&#039;actions.","publisher":{"@id":"https:\/\/www.greenpeace.org\/luxembourg\/fr\/#organization"},"potentialAction":[{"@type":"SearchAction","target":{"@type":"EntryPoint","urlTemplate":"https:\/\/www.greenpeace.org\/luxembourg\/fr\/?s={search_term_string}"},"query-input":{"@type":"PropertyValueSpecification","valueRequired":true,"valueName":"search_term_string"}}],"inLanguage":"fr-LU"},{"@type":"Organization","@id":"https:\/\/www.greenpeace.org\/luxembourg\/fr\/#organization","name":"Greenpeace Luxembourg","url":"https:\/\/www.greenpeace.org\/luxembourg\/fr\/","logo":{"@type":"ImageObject","inLanguage":"fr-LU","@id":"https:\/\/www.greenpeace.org\/luxembourg\/fr\/#\/schema\/logo\/image\/","url":"https:\/\/www.greenpeace.org\/static\/planet4-luxembourg-stateless\/2026\/03\/3e367f94-greenpeace_logo_green_rgb.png","contentUrl":"https:\/\/www.greenpeace.org\/static\/planet4-luxembourg-stateless\/2026\/03\/3e367f94-greenpeace_logo_green_rgb.png","width":1080,"height":175,"caption":"Greenpeace Luxembourg"},"image":{"@id":"https:\/\/www.greenpeace.org\/luxembourg\/fr\/#\/schema\/logo\/image\/"},"sameAs":["https:\/\/www.facebook.com\/greenpeaceluxembourg","https:\/\/www.instagram.com\/greenpeacelux\/","https:\/\/www.linkedin.com\/company\/greenpeace-luxembourg\/","https:\/\/www.threads.com\/@greenpeacelux","https:\/\/bsky.app\/profile\/greenpeacelux.bsky.social","https:\/\/www.youtube.com\/@GreenpeaceLux","https:\/\/www.tiktok.com\/@greenpeace_lux"]},{"@type":"Person","@id":"https:\/\/www.greenpeace.org\/luxembourg\/fr\/#\/schema\/person\/3d0e81a859b59009fec36a8552ef76a7","name":"Esther Wildanger","url":"https:\/\/www.greenpeace.org\/luxembourg\/fr\/author\/ewildang\/"}]}},"_links":{"self":[{"href":"https:\/\/www.greenpeace.org\/luxembourg\/fr\/wp-json\/wp\/v2\/posts\/14135","targetHints":{"allow":["GET"]}}],"collection":[{"href":"https:\/\/www.greenpeace.org\/luxembourg\/fr\/wp-json\/wp\/v2\/posts"}],"about":[{"href":"https:\/\/www.greenpeace.org\/luxembourg\/fr\/wp-json\/wp\/v2\/types\/post"}],"author":[{"embeddable":true,"href":"https:\/\/www.greenpeace.org\/luxembourg\/fr\/wp-json\/wp\/v2\/users\/25"}],"replies":[{"embeddable":true,"href":"https:\/\/www.greenpeace.org\/luxembourg\/fr\/wp-json\/wp\/v2\/comments?post=14135"}],"version-history":[{"count":6,"href":"https:\/\/www.greenpeace.org\/luxembourg\/fr\/wp-json\/wp\/v2\/posts\/14135\/revisions"}],"predecessor-version":[{"id":14172,"href":"https:\/\/www.greenpeace.org\/luxembourg\/fr\/wp-json\/wp\/v2\/posts\/14135\/revisions\/14172"}],"wp:featuredmedia":[{"embeddable":true,"href":"https:\/\/www.greenpeace.org\/luxembourg\/fr\/wp-json\/wp\/v2\/media\/14138"}],"wp:attachment":[{"href":"https:\/\/www.greenpeace.org\/luxembourg\/fr\/wp-json\/wp\/v2\/media?parent=14135"}],"wp:term":[{"taxonomy":"category","embeddable":true,"href":"https:\/\/www.greenpeace.org\/luxembourg\/fr\/wp-json\/wp\/v2\/categories?post=14135"},{"taxonomy":"post_tag","embeddable":true,"href":"https:\/\/www.greenpeace.org\/luxembourg\/fr\/wp-json\/wp\/v2\/tags?post=14135"},{"taxonomy":"p4-page-type","embeddable":true,"href":"https:\/\/www.greenpeace.org\/luxembourg\/fr\/wp-json\/wp\/v2\/p4-page-type?post=14135"}],"curies":[{"name":"wp","href":"https:\/\/api.w.org\/{rel}","templated":true}]}}