{"id":14300,"date":"2022-05-20T16:26:43","date_gmt":"2022-05-20T14:26:43","guid":{"rendered":"https:\/\/www.greenpeace.org\/luxembourg\/?p=14300"},"modified":"2022-05-20T16:26:46","modified_gmt":"2022-05-20T14:26:46","slug":"reactive-de-greenpeace-concernant-larret-du-reacteur-numero-1-de-cattenom","status":"publish","type":"post","link":"https:\/\/www.greenpeace.org\/luxembourg\/fr\/communiques-de-presse\/14300\/reactive-de-greenpeace-concernant-larret-du-reacteur-numero-1-de-cattenom\/","title":{"rendered":"R\u00e9active\u00a0de Greenpeace concernant l\u2019arr\u00eat du r\u00e9acteur num\u00e9ro 1 de Cattenom"},"content":{"rendered":"\n<h2 class=\"wp-block-heading\">Corrosion sous contrainte : Cattenom 1 aussi concern\u00e9 ?<\/h2>\n\n<p><em>Luxembourg<\/em>, 20 mai 2022 &#8211; D\u2019apr\u00e8s un article publi\u00e9 par <a href=\"https:\/\/www.montelnews.com\/fr\/news\/1322042\/corrosion-edf-rvle-les-4-units-quelle-arrtera-en-2023\">Montel News<\/a>, EDF a annonc\u00e9 l\u2019arr\u00eat du r\u00e9acteur num\u00e9ro 1 de Cattenom pour l\u2019an prochain, pour v\u00e9rifier si le circuit primaire de ce r\u00e9acteur est \u00e9galement touch\u00e9 par des probl\u00e8mes de corrosion sous contrainte.<\/p>\n\n<p>Le 26 mars, EDF avait mis \u00e0 l\u2019arr\u00eat le r\u00e9acteur num\u00e9ro 3 de Cattenom afin de proc\u00e9der aux recontr\u00f4le des soudures concern\u00e9es, qui ont confirm\u00e9 la pr\u00e9sence d\u2019indications. Des parties du circuit d\u2019injection de s\u00fbret\u00e9 du r\u00e9acteur num\u00e9ro 3 ont \u00e9t\u00e9 d\u00e9coup\u00e9es afin de proc\u00e9der aux recontr\u00f4le des soudures concern\u00e9es.<br><br>\u00ab <em>Cette d\u00e9cision d\u2019arr\u00eater le r\u00e9acteur num\u00e9ro 1 est surprenante. L\u2019ASN et EDF avaient encore r\u00e9cemment essay\u00e9 de rassurer en d\u00e9clarant que des contr\u00f4les lors des troisi\u00e8mes visites d\u00e9cennales des r\u00e9acteurs 1 et 2 n\u2019avaient pas mis en \u00e9vidence d\u2019\u00e9l\u00e9ments pouvant s\u2019apparenter \u00e0 de la fissuration par corrosion sous contrainte<\/em> \u00bb, commente Roger Spautz, charg\u00e9 de campagne nucl\u00e9aire de Greenpeace France et Luxembourg.<\/p>\n","protected":false},"excerpt":{"rendered":"<p>D\u2019apr\u00e8s un article publi\u00e9 par Montel News, EDF a annonc\u00e9 l\u2019arr\u00eat du r\u00e9acteur num\u00e9ro 1 de Cattenom pour l\u2019an prochain, pour v\u00e9rifier si le circuit primaire de ce r\u00e9acteur est \u00e9galement touch\u00e9 par des probl\u00e8mes de corrosion sous contrainte.<\/p>\n","protected":false},"author":25,"featured_media":14301,"comment_status":"closed","ping_status":"closed","sticky":false,"template":"","format":"standard","meta":{"ep_exclude_from_search":false,"p4_og_title":"","p4_og_description":"","p4_og_image":"","p4_og_image_id":"","p4_seo_canonical_url":"","p4_campaign_name":"not set","p4_local_project":"not set","p4_basket_name":"not set","p4_department":"","footnotes":""},"categories":[42],"tags":[30],"p4-page-type":[83],"class_list":["post-14300","post","type-post","status-publish","format-standard","has-post-thumbnail","hentry","category-energie","tag-nucleaire","p4-page-type-communiques-de-presse"],"yoast_head":"<!-- This site is optimized with the Yoast SEO Premium plugin v23.9 (Yoast SEO v23.9) - https:\/\/yoast.com\/wordpress\/plugins\/seo\/ -->\n<title>R\u00e9active\u00a0de Greenpeace concernant l\u2019arr\u00eat du r\u00e9acteur num\u00e9ro 1 de Cattenom - Greenpeace Luxembourg<\/title>\n<meta name=\"robots\" content=\"index, follow, max-snippet:-1, max-image-preview:large, max-video-preview:-1\" \/>\n<link rel=\"canonical\" href=\"https:\/\/www.greenpeace.org\/luxembourg\/fr\/communiques-de-presse\/14300\/reactive-de-greenpeace-concernant-larret-du-reacteur-numero-1-de-cattenom\/\" \/>\n<meta property=\"og:locale\" content=\"fr_FR\" \/>\n<meta property=\"og:type\" content=\"article\" \/>\n<meta property=\"og:title\" content=\"R\u00e9active\u00a0de Greenpeace concernant l\u2019arr\u00eat du r\u00e9acteur num\u00e9ro 1 de Cattenom\" \/>\n<meta property=\"og:description\" content=\"D\u2019apr\u00e8s un article publi\u00e9 par Montel News, EDF a annonc\u00e9 l\u2019arr\u00eat du r\u00e9acteur num\u00e9ro 1 de Cattenom pour l\u2019an prochain, pour v\u00e9rifier si le circuit primaire de ce r\u00e9acteur est \u00e9galement touch\u00e9 par des probl\u00e8mes de corrosion sous contrainte.\" \/>\n<meta property=\"og:url\" content=\"https:\/\/www.greenpeace.org\/luxembourg\/fr\/communiques-de-presse\/14300\/reactive-de-greenpeace-concernant-larret-du-reacteur-numero-1-de-cattenom\/\" \/>\n<meta property=\"og:site_name\" content=\"Greenpeace Luxembourg\" \/>\n<meta property=\"article:publisher\" content=\"https:\/\/www.facebook.com\/greenpeaceluxembourg\" \/>\n<meta property=\"article:published_time\" content=\"2022-05-20T14:26:43+00:00\" \/>\n<meta property=\"article:modified_time\" content=\"2022-05-20T14:26:46+00:00\" \/>\n<meta property=\"og:image\" content=\"https:\/\/www.greenpeace.org\/static\/planet4-luxembourg-stateless\/2022\/05\/f272e527-gp1sx166_medium_res.jpg\" \/>\n\t<meta property=\"og:image:width\" content=\"1200\" \/>\n\t<meta property=\"og:image:height\" content=\"800\" \/>\n\t<meta property=\"og:image:type\" content=\"image\/jpeg\" \/>\n<meta name=\"author\" content=\"Esther Wildanger\" \/>\n<meta name=\"twitter:card\" content=\"summary_large_image\" \/>\n<meta name=\"twitter:label1\" content=\"Written by\" \/>\n\t<meta name=\"twitter:data1\" content=\"Esther Wildanger\" \/>\n\t<meta name=\"twitter:label2\" content=\"Est. reading time\" \/>\n\t<meta name=\"twitter:data2\" content=\"1 minute\" \/>\n<script type=\"application\/ld+json\" class=\"yoast-schema-graph\">{\"@context\":\"https:\/\/schema.org\",\"@graph\":[{\"@type\":\"Article\",\"@id\":\"https:\/\/www.greenpeace.org\/luxembourg\/fr\/communiques-de-presse\/14300\/reactive-de-greenpeace-concernant-larret-du-reacteur-numero-1-de-cattenom\/#article\",\"isPartOf\":{\"@id\":\"https:\/\/www.greenpeace.org\/luxembourg\/fr\/communiques-de-presse\/14300\/reactive-de-greenpeace-concernant-larret-du-reacteur-numero-1-de-cattenom\/\"},\"author\":{\"name\":\"Esther Wildanger\",\"@id\":\"https:\/\/www.greenpeace.org\/luxembourg\/fr\/#\/schema\/person\/3d0e81a859b59009fec36a8552ef76a7\"},\"headline\":\"R\u00e9active\u00a0de Greenpeace concernant l\u2019arr\u00eat du r\u00e9acteur num\u00e9ro 1 de Cattenom\",\"datePublished\":\"2022-05-20T14:26:43+00:00\",\"dateModified\":\"2022-05-20T14:26:46+00:00\",\"mainEntityOfPage\":{\"@id\":\"https:\/\/www.greenpeace.org\/luxembourg\/fr\/communiques-de-presse\/14300\/reactive-de-greenpeace-concernant-larret-du-reacteur-numero-1-de-cattenom\/\"},\"wordCount\":210,\"publisher\":{\"@id\":\"https:\/\/www.greenpeace.org\/luxembourg\/fr\/#organization\"},\"image\":{\"@id\":\"https:\/\/www.greenpeace.org\/luxembourg\/fr\/communiques-de-presse\/14300\/reactive-de-greenpeace-concernant-larret-du-reacteur-numero-1-de-cattenom\/#primaryimage\"},\"thumbnailUrl\":\"https:\/\/www.greenpeace.org\/static\/planet4-luxembourg-stateless\/2022\/05\/f272e527-gp1sx166_medium_res.jpg\",\"keywords\":[\"Nucl\u00e9aire\"],\"articleSection\":[\"\u00c9nergie\"],\"inLanguage\":\"fr-LU\"},{\"@type\":\"WebPage\",\"@id\":\"https:\/\/www.greenpeace.org\/luxembourg\/fr\/communiques-de-presse\/14300\/reactive-de-greenpeace-concernant-larret-du-reacteur-numero-1-de-cattenom\/\",\"url\":\"https:\/\/www.greenpeace.org\/luxembourg\/fr\/communiques-de-presse\/14300\/reactive-de-greenpeace-concernant-larret-du-reacteur-numero-1-de-cattenom\/\",\"name\":\"R\u00e9active\u00a0de Greenpeace concernant l\u2019arr\u00eat du r\u00e9acteur num\u00e9ro 1 de Cattenom - Greenpeace Luxembourg\",\"isPartOf\":{\"@id\":\"https:\/\/www.greenpeace.org\/luxembourg\/fr\/#website\"},\"primaryImageOfPage\":{\"@id\":\"https:\/\/www.greenpeace.org\/luxembourg\/fr\/communiques-de-presse\/14300\/reactive-de-greenpeace-concernant-larret-du-reacteur-numero-1-de-cattenom\/#primaryimage\"},\"image\":{\"@id\":\"https:\/\/www.greenpeace.org\/luxembourg\/fr\/communiques-de-presse\/14300\/reactive-de-greenpeace-concernant-larret-du-reacteur-numero-1-de-cattenom\/#primaryimage\"},\"thumbnailUrl\":\"https:\/\/www.greenpeace.org\/static\/planet4-luxembourg-stateless\/2022\/05\/f272e527-gp1sx166_medium_res.jpg\",\"datePublished\":\"2022-05-20T14:26:43+00:00\",\"dateModified\":\"2022-05-20T14:26:46+00:00\",\"breadcrumb\":{\"@id\":\"https:\/\/www.greenpeace.org\/luxembourg\/fr\/communiques-de-presse\/14300\/reactive-de-greenpeace-concernant-larret-du-reacteur-numero-1-de-cattenom\/#breadcrumb\"},\"inLanguage\":\"fr-LU\",\"potentialAction\":[{\"@type\":\"ReadAction\",\"target\":[\"https:\/\/www.greenpeace.org\/luxembourg\/fr\/communiques-de-presse\/14300\/reactive-de-greenpeace-concernant-larret-du-reacteur-numero-1-de-cattenom\/\"]}]},{\"@type\":\"ImageObject\",\"inLanguage\":\"fr-LU\",\"@id\":\"https:\/\/www.greenpeace.org\/luxembourg\/fr\/communiques-de-presse\/14300\/reactive-de-greenpeace-concernant-larret-du-reacteur-numero-1-de-cattenom\/#primaryimage\",\"url\":\"https:\/\/www.greenpeace.org\/static\/planet4-luxembourg-stateless\/2022\/05\/f272e527-gp1sx166_medium_res.jpg\",\"contentUrl\":\"https:\/\/www.greenpeace.org\/static\/planet4-luxembourg-stateless\/2022\/05\/f272e527-gp1sx166_medium_res.jpg\",\"width\":1200,\"height\":800,\"caption\":\"Putin's war of aggression against Ukraine shows once again that the improbable can happen suddenly and unexpectedly. Besides the immense suffering that the Ukrainians are now experiencing and Putin's threat to even use his nuclear weapons, there is another major nuclear danger. 15 operating nuclear reactors, in addition to the destroyed one and the 3 closed reactors in Chernobyl. All this shows: The world must say goodbye to nuclear energy! Switzerland must finally implement the decision to phase out nuclear power. The 2200th vigil and the subsequent rally on Campusplatz have been approved. Der Angriffskrieg von Putin gegen die Ukraine zeigt einmal mehr, dass das Unwahrscheinliche pl\u00f6tzlich und unerwartet eintreffen kann. Neben dem immensen Leid, das die Ukrainer:innen nun erleben, und Putins Drohung, sogar seine Atomwaffen einzusetzen, besteht noch eine andere grosse Atomgefahr. 15 laufende AKW-Reaktoren, neben dem zerst\u00f6rten und den 3 stillgelegten Reaktoren in Tschernobyl. Das alles zeigt: Die Welt muss sich von der Atomenergie verabschieden! Die Schweiz muss den beschlossenen AKW-Ausstieg endlich umsetzen. Die 2200. Mahnwache und die anschliessende Kundgebung auf dem Campusplatz sind bewilligt.\"},{\"@type\":\"BreadcrumbList\",\"@id\":\"https:\/\/www.greenpeace.org\/luxembourg\/fr\/communiques-de-presse\/14300\/reactive-de-greenpeace-concernant-larret-du-reacteur-numero-1-de-cattenom\/#breadcrumb\",\"itemListElement\":[{\"@type\":\"ListItem\",\"position\":1,\"name\":\"Home\",\"item\":\"https:\/\/www.greenpeace.org\/luxembourg\/fr\/\"},{\"@type\":\"ListItem\",\"position\":2,\"name\":\"R\u00e9active\u00a0de Greenpeace concernant l\u2019arr\u00eat du r\u00e9acteur num\u00e9ro 1 de Cattenom\"}]},{\"@type\":\"WebSite\",\"@id\":\"https:\/\/www.greenpeace.org\/luxembourg\/fr\/#website\",\"url\":\"https:\/\/www.greenpeace.org\/luxembourg\/fr\/\",\"name\":\"Greenpeace Luxembourg\",\"description\":\"Greenpeace existe parce que cette Terre fragile a besoin d&#039;une voix. Elle a besoin de solutions. De changement. D&#039;actions.\",\"publisher\":{\"@id\":\"https:\/\/www.greenpeace.org\/luxembourg\/fr\/#organization\"},\"potentialAction\":[{\"@type\":\"SearchAction\",\"target\":{\"@type\":\"EntryPoint\",\"urlTemplate\":\"https:\/\/www.greenpeace.org\/luxembourg\/fr\/?s={search_term_string}\"},\"query-input\":{\"@type\":\"PropertyValueSpecification\",\"valueRequired\":true,\"valueName\":\"search_term_string\"}}],\"inLanguage\":\"fr-LU\"},{\"@type\":\"Organization\",\"@id\":\"https:\/\/www.greenpeace.org\/luxembourg\/fr\/#organization\",\"name\":\"Greenpeace Luxembourg\",\"url\":\"https:\/\/www.greenpeace.org\/luxembourg\/fr\/\",\"logo\":{\"@type\":\"ImageObject\",\"inLanguage\":\"fr-LU\",\"@id\":\"https:\/\/www.greenpeace.org\/luxembourg\/fr\/#\/schema\/logo\/image\/\",\"url\":\"https:\/\/www.greenpeace.org\/static\/planet4-luxembourg-stateless\/2026\/03\/3e367f94-greenpeace_logo_green_rgb.png\",\"contentUrl\":\"https:\/\/www.greenpeace.org\/static\/planet4-luxembourg-stateless\/2026\/03\/3e367f94-greenpeace_logo_green_rgb.png\",\"width\":1080,\"height\":175,\"caption\":\"Greenpeace Luxembourg\"},\"image\":{\"@id\":\"https:\/\/www.greenpeace.org\/luxembourg\/fr\/#\/schema\/logo\/image\/\"},\"sameAs\":[\"https:\/\/www.facebook.com\/greenpeaceluxembourg\",\"https:\/\/www.instagram.com\/greenpeacelux\/\",\"https:\/\/www.linkedin.com\/company\/greenpeace-luxembourg\/\",\"https:\/\/www.threads.com\/@greenpeacelux\",\"https:\/\/bsky.app\/profile\/greenpeacelux.bsky.social\",\"https:\/\/www.youtube.com\/@GreenpeaceLux\",\"https:\/\/www.tiktok.com\/@greenpeace_lux\"]},{\"@type\":\"Person\",\"@id\":\"https:\/\/www.greenpeace.org\/luxembourg\/fr\/#\/schema\/person\/3d0e81a859b59009fec36a8552ef76a7\",\"name\":\"Esther Wildanger\",\"url\":\"https:\/\/www.greenpeace.org\/luxembourg\/fr\/author\/ewildang\/\"}]}<\/script>\n<!-- \/ Yoast SEO Premium plugin. -->","yoast_head_json":{"title":"R\u00e9active\u00a0de Greenpeace concernant l\u2019arr\u00eat du r\u00e9acteur num\u00e9ro 1 de Cattenom - Greenpeace Luxembourg","robots":{"index":"index","follow":"follow","max-snippet":"max-snippet:-1","max-image-preview":"max-image-preview:large","max-video-preview":"max-video-preview:-1"},"canonical":"https:\/\/www.greenpeace.org\/luxembourg\/fr\/communiques-de-presse\/14300\/reactive-de-greenpeace-concernant-larret-du-reacteur-numero-1-de-cattenom\/","og_locale":"fr_FR","og_type":"article","og_title":"R\u00e9active\u00a0de Greenpeace concernant l\u2019arr\u00eat du r\u00e9acteur num\u00e9ro 1 de Cattenom","og_description":"D\u2019apr\u00e8s un article publi\u00e9 par Montel News, EDF a annonc\u00e9 l\u2019arr\u00eat du r\u00e9acteur num\u00e9ro 1 de Cattenom pour l\u2019an prochain, pour v\u00e9rifier si le circuit primaire de ce r\u00e9acteur est \u00e9galement touch\u00e9 par des probl\u00e8mes de corrosion sous contrainte.","og_url":"https:\/\/www.greenpeace.org\/luxembourg\/fr\/communiques-de-presse\/14300\/reactive-de-greenpeace-concernant-larret-du-reacteur-numero-1-de-cattenom\/","og_site_name":"Greenpeace Luxembourg","article_publisher":"https:\/\/www.facebook.com\/greenpeaceluxembourg","article_published_time":"2022-05-20T14:26:43+00:00","article_modified_time":"2022-05-20T14:26:46+00:00","og_image":[{"width":1200,"height":800,"url":"https:\/\/www.greenpeace.org\/static\/planet4-luxembourg-stateless\/2022\/05\/f272e527-gp1sx166_medium_res.jpg","type":"image\/jpeg"}],"author":"Esther Wildanger","twitter_card":"summary_large_image","twitter_misc":{"Written by":"Esther Wildanger","Est. reading time":"1 minute"},"schema":{"@context":"https:\/\/schema.org","@graph":[{"@type":"Article","@id":"https:\/\/www.greenpeace.org\/luxembourg\/fr\/communiques-de-presse\/14300\/reactive-de-greenpeace-concernant-larret-du-reacteur-numero-1-de-cattenom\/#article","isPartOf":{"@id":"https:\/\/www.greenpeace.org\/luxembourg\/fr\/communiques-de-presse\/14300\/reactive-de-greenpeace-concernant-larret-du-reacteur-numero-1-de-cattenom\/"},"author":{"name":"Esther Wildanger","@id":"https:\/\/www.greenpeace.org\/luxembourg\/fr\/#\/schema\/person\/3d0e81a859b59009fec36a8552ef76a7"},"headline":"R\u00e9active\u00a0de Greenpeace concernant l\u2019arr\u00eat du r\u00e9acteur num\u00e9ro 1 de Cattenom","datePublished":"2022-05-20T14:26:43+00:00","dateModified":"2022-05-20T14:26:46+00:00","mainEntityOfPage":{"@id":"https:\/\/www.greenpeace.org\/luxembourg\/fr\/communiques-de-presse\/14300\/reactive-de-greenpeace-concernant-larret-du-reacteur-numero-1-de-cattenom\/"},"wordCount":210,"publisher":{"@id":"https:\/\/www.greenpeace.org\/luxembourg\/fr\/#organization"},"image":{"@id":"https:\/\/www.greenpeace.org\/luxembourg\/fr\/communiques-de-presse\/14300\/reactive-de-greenpeace-concernant-larret-du-reacteur-numero-1-de-cattenom\/#primaryimage"},"thumbnailUrl":"https:\/\/www.greenpeace.org\/static\/planet4-luxembourg-stateless\/2022\/05\/f272e527-gp1sx166_medium_res.jpg","keywords":["Nucl\u00e9aire"],"articleSection":["\u00c9nergie"],"inLanguage":"fr-LU"},{"@type":"WebPage","@id":"https:\/\/www.greenpeace.org\/luxembourg\/fr\/communiques-de-presse\/14300\/reactive-de-greenpeace-concernant-larret-du-reacteur-numero-1-de-cattenom\/","url":"https:\/\/www.greenpeace.org\/luxembourg\/fr\/communiques-de-presse\/14300\/reactive-de-greenpeace-concernant-larret-du-reacteur-numero-1-de-cattenom\/","name":"R\u00e9active\u00a0de Greenpeace concernant l\u2019arr\u00eat du r\u00e9acteur num\u00e9ro 1 de Cattenom - Greenpeace Luxembourg","isPartOf":{"@id":"https:\/\/www.greenpeace.org\/luxembourg\/fr\/#website"},"primaryImageOfPage":{"@id":"https:\/\/www.greenpeace.org\/luxembourg\/fr\/communiques-de-presse\/14300\/reactive-de-greenpeace-concernant-larret-du-reacteur-numero-1-de-cattenom\/#primaryimage"},"image":{"@id":"https:\/\/www.greenpeace.org\/luxembourg\/fr\/communiques-de-presse\/14300\/reactive-de-greenpeace-concernant-larret-du-reacteur-numero-1-de-cattenom\/#primaryimage"},"thumbnailUrl":"https:\/\/www.greenpeace.org\/static\/planet4-luxembourg-stateless\/2022\/05\/f272e527-gp1sx166_medium_res.jpg","datePublished":"2022-05-20T14:26:43+00:00","dateModified":"2022-05-20T14:26:46+00:00","breadcrumb":{"@id":"https:\/\/www.greenpeace.org\/luxembourg\/fr\/communiques-de-presse\/14300\/reactive-de-greenpeace-concernant-larret-du-reacteur-numero-1-de-cattenom\/#breadcrumb"},"inLanguage":"fr-LU","potentialAction":[{"@type":"ReadAction","target":["https:\/\/www.greenpeace.org\/luxembourg\/fr\/communiques-de-presse\/14300\/reactive-de-greenpeace-concernant-larret-du-reacteur-numero-1-de-cattenom\/"]}]},{"@type":"ImageObject","inLanguage":"fr-LU","@id":"https:\/\/www.greenpeace.org\/luxembourg\/fr\/communiques-de-presse\/14300\/reactive-de-greenpeace-concernant-larret-du-reacteur-numero-1-de-cattenom\/#primaryimage","url":"https:\/\/www.greenpeace.org\/static\/planet4-luxembourg-stateless\/2022\/05\/f272e527-gp1sx166_medium_res.jpg","contentUrl":"https:\/\/www.greenpeace.org\/static\/planet4-luxembourg-stateless\/2022\/05\/f272e527-gp1sx166_medium_res.jpg","width":1200,"height":800,"caption":"Putin's war of aggression against Ukraine shows once again that the improbable can happen suddenly and unexpectedly. Besides the immense suffering that the Ukrainians are now experiencing and Putin's threat to even use his nuclear weapons, there is another major nuclear danger. 15 operating nuclear reactors, in addition to the destroyed one and the 3 closed reactors in Chernobyl. All this shows: The world must say goodbye to nuclear energy! Switzerland must finally implement the decision to phase out nuclear power. The 2200th vigil and the subsequent rally on Campusplatz have been approved. Der Angriffskrieg von Putin gegen die Ukraine zeigt einmal mehr, dass das Unwahrscheinliche pl\u00f6tzlich und unerwartet eintreffen kann. Neben dem immensen Leid, das die Ukrainer:innen nun erleben, und Putins Drohung, sogar seine Atomwaffen einzusetzen, besteht noch eine andere grosse Atomgefahr. 15 laufende AKW-Reaktoren, neben dem zerst\u00f6rten und den 3 stillgelegten Reaktoren in Tschernobyl. Das alles zeigt: Die Welt muss sich von der Atomenergie verabschieden! Die Schweiz muss den beschlossenen AKW-Ausstieg endlich umsetzen. Die 2200. Mahnwache und die anschliessende Kundgebung auf dem Campusplatz sind bewilligt."},{"@type":"BreadcrumbList","@id":"https:\/\/www.greenpeace.org\/luxembourg\/fr\/communiques-de-presse\/14300\/reactive-de-greenpeace-concernant-larret-du-reacteur-numero-1-de-cattenom\/#breadcrumb","itemListElement":[{"@type":"ListItem","position":1,"name":"Home","item":"https:\/\/www.greenpeace.org\/luxembourg\/fr\/"},{"@type":"ListItem","position":2,"name":"R\u00e9active\u00a0de Greenpeace concernant l\u2019arr\u00eat du r\u00e9acteur num\u00e9ro 1 de Cattenom"}]},{"@type":"WebSite","@id":"https:\/\/www.greenpeace.org\/luxembourg\/fr\/#website","url":"https:\/\/www.greenpeace.org\/luxembourg\/fr\/","name":"Greenpeace Luxembourg","description":"Greenpeace existe parce que cette Terre fragile a besoin d&#039;une voix. Elle a besoin de solutions. De changement. D&#039;actions.","publisher":{"@id":"https:\/\/www.greenpeace.org\/luxembourg\/fr\/#organization"},"potentialAction":[{"@type":"SearchAction","target":{"@type":"EntryPoint","urlTemplate":"https:\/\/www.greenpeace.org\/luxembourg\/fr\/?s={search_term_string}"},"query-input":{"@type":"PropertyValueSpecification","valueRequired":true,"valueName":"search_term_string"}}],"inLanguage":"fr-LU"},{"@type":"Organization","@id":"https:\/\/www.greenpeace.org\/luxembourg\/fr\/#organization","name":"Greenpeace Luxembourg","url":"https:\/\/www.greenpeace.org\/luxembourg\/fr\/","logo":{"@type":"ImageObject","inLanguage":"fr-LU","@id":"https:\/\/www.greenpeace.org\/luxembourg\/fr\/#\/schema\/logo\/image\/","url":"https:\/\/www.greenpeace.org\/static\/planet4-luxembourg-stateless\/2026\/03\/3e367f94-greenpeace_logo_green_rgb.png","contentUrl":"https:\/\/www.greenpeace.org\/static\/planet4-luxembourg-stateless\/2026\/03\/3e367f94-greenpeace_logo_green_rgb.png","width":1080,"height":175,"caption":"Greenpeace Luxembourg"},"image":{"@id":"https:\/\/www.greenpeace.org\/luxembourg\/fr\/#\/schema\/logo\/image\/"},"sameAs":["https:\/\/www.facebook.com\/greenpeaceluxembourg","https:\/\/www.instagram.com\/greenpeacelux\/","https:\/\/www.linkedin.com\/company\/greenpeace-luxembourg\/","https:\/\/www.threads.com\/@greenpeacelux","https:\/\/bsky.app\/profile\/greenpeacelux.bsky.social","https:\/\/www.youtube.com\/@GreenpeaceLux","https:\/\/www.tiktok.com\/@greenpeace_lux"]},{"@type":"Person","@id":"https:\/\/www.greenpeace.org\/luxembourg\/fr\/#\/schema\/person\/3d0e81a859b59009fec36a8552ef76a7","name":"Esther Wildanger","url":"https:\/\/www.greenpeace.org\/luxembourg\/fr\/author\/ewildang\/"}]}},"_links":{"self":[{"href":"https:\/\/www.greenpeace.org\/luxembourg\/fr\/wp-json\/wp\/v2\/posts\/14300","targetHints":{"allow":["GET"]}}],"collection":[{"href":"https:\/\/www.greenpeace.org\/luxembourg\/fr\/wp-json\/wp\/v2\/posts"}],"about":[{"href":"https:\/\/www.greenpeace.org\/luxembourg\/fr\/wp-json\/wp\/v2\/types\/post"}],"author":[{"embeddable":true,"href":"https:\/\/www.greenpeace.org\/luxembourg\/fr\/wp-json\/wp\/v2\/users\/25"}],"replies":[{"embeddable":true,"href":"https:\/\/www.greenpeace.org\/luxembourg\/fr\/wp-json\/wp\/v2\/comments?post=14300"}],"version-history":[{"count":2,"href":"https:\/\/www.greenpeace.org\/luxembourg\/fr\/wp-json\/wp\/v2\/posts\/14300\/revisions"}],"predecessor-version":[{"id":14304,"href":"https:\/\/www.greenpeace.org\/luxembourg\/fr\/wp-json\/wp\/v2\/posts\/14300\/revisions\/14304"}],"wp:featuredmedia":[{"embeddable":true,"href":"https:\/\/www.greenpeace.org\/luxembourg\/fr\/wp-json\/wp\/v2\/media\/14301"}],"wp:attachment":[{"href":"https:\/\/www.greenpeace.org\/luxembourg\/fr\/wp-json\/wp\/v2\/media?parent=14300"}],"wp:term":[{"taxonomy":"category","embeddable":true,"href":"https:\/\/www.greenpeace.org\/luxembourg\/fr\/wp-json\/wp\/v2\/categories?post=14300"},{"taxonomy":"post_tag","embeddable":true,"href":"https:\/\/www.greenpeace.org\/luxembourg\/fr\/wp-json\/wp\/v2\/tags?post=14300"},{"taxonomy":"p4-page-type","embeddable":true,"href":"https:\/\/www.greenpeace.org\/luxembourg\/fr\/wp-json\/wp\/v2\/p4-page-type?post=14300"}],"curies":[{"name":"wp","href":"https:\/\/api.w.org\/{rel}","templated":true}]}}