{"id":1435,"date":"2018-07-03T00:00:00","date_gmt":"2018-07-03T00:00:00","guid":{"rendered":"https:\/\/www.greenpeace.org\/luxembourg\/actualites\/1435\/action-bis-repetita-apres-superman-un-second-survol-et-crash-au-bugey\/"},"modified":"2019-11-06T10:54:42","modified_gmt":"2019-11-06T08:54:42","slug":"action-bis-repetita-apres-superman-un-second-survol-et-crash-au-bugey","status":"publish","type":"post","link":"https:\/\/www.greenpeace.org\/luxembourg\/fr\/actualites\/1435\/action-bis-repetita-apres-superman-un-second-survol-et-crash-au-bugey\/","title":{"rendered":"Action bis repetita : apr\u00e8s Superman, un second survol et crash au Bugey"},"content":{"rendered":"<p>Paris, le 03 juillet 2018 \u2013 Ce matin, apr\u00e8s un survol et un crash volontaire d\u2019un drone transform\u00e9 en Superman, les militant-e-s de Greenpeace France ont proc\u00e9d\u00e9 \u00e0 une deuxi\u00e8me op\u00e9ration de p\u00e9n\u00e9tration dans la zone de s\u00e9curit\u00e9 interdite de survol \u00e0 la centrale nucl\u00e9aire du Bugey. Ils ont dirig\u00e9 un avion radiocommand\u00e9 vers la centrale pour le crasher d\u00e9lib\u00e9r\u00e9ment contre le mur de la piscine d\u2019entreposage du combustible us\u00e9 du r\u00e9acteur num\u00e9ro 2.<\/p>\n<p style=\"text-align: center;\"><img loading=\"lazy\" decoding=\"async\" class=\"aligncenter\" style=\"text-align: center;\" src=\"https:\/\/www.greenpeace.org\/static\/planet4-luxembourg-stateless\/2018\/10\/dd8fc888-dd8fc888-024g2880-2.jpg\" alt=\"\u00a9 Greenpeace France\" width=\"600\" height=\"400\" \/><\/p>\n<p style=\"text-align: left;\">\u00c0 nouveau, il n\u2019y a eu aucune r\u00e9action ni de la part de la protection du site d\u2019EDF ni de la part de la protection a\u00e9rienne.<br \/>\nEn effet, aucun des a\u00e9ronefs n\u2019a \u00e9t\u00e9 intercept\u00e9. Seuls les \u201cd\u00e9bris\u201d de Superman et de l\u2019avion radiocommand\u00e9 ont pu \u00eatre collect\u00e9s au pied du mur de la piscine d\u2019entreposage de combustible us\u00e9.<br \/>\nLes militant-e-s de Greenpeace France ont donc d\u00e9montr\u00e9 \u00e0 deux reprises ce matin la vuln\u00e9rabilit\u00e9 extr\u00eame des piscines d\u2019entreposage de combustible us\u00e9 et le manque crucial de s\u00e9curit\u00e9 des centrales nucl\u00e9aires d\u2019EDF.<\/p>\n<p style=\"text-align: center;\"><img loading=\"lazy\" decoding=\"async\" class=\"aligncenter\" src=\"https:\/\/www.greenpeace.org\/static\/planet4-luxembourg-stateless\/2018\/10\/79b2840c-79b2840c-karikatur_schneider_securitenucleaire_edf.png\" alt=\"\" width=\"600\" height=\"424\" \/><\/p>\n<p style=\"text-align: left;\"><strong>Article Source :<\/strong> Greenpeace France<\/p>\n","protected":false},"excerpt":{"rendered":"<div>\n\taris, le 03 juillet 2018 &#8211; Ce matin, apr\u00e8s un survol et un crash volontaire d\u2019un drone transform\u00e9 en Superman, les militant-e-s de Greenpeace France ont proc\u00e9d\u00e9 \u00e0 une deuxi\u00e8me op\u00e9ration de p\u00e9n\u00e9tration dans la zone de s\u00e9curit\u00e9 interdite de survol \u00e0 la centrale nucl\u00e9aire du Bugey. Ils ont dirig\u00e9 un avion radiocommand\u00e9 vers la centrale pour le crasher d\u00e9lib\u00e9r\u00e9ment contre le mur de la piscine d\u2019entreposage du combustible us\u00e9 du r\u00e9acteur num\u00e9ro 2.\n<\/div>\n","protected":false},"author":20,"featured_media":1436,"comment_status":"closed","ping_status":"closed","sticky":false,"template":"","format":"standard","meta":{"ep_exclude_from_search":false,"p4_og_title":"","p4_og_description":"","p4_og_image":"","p4_og_image_id":"","p4_seo_canonical_url":"","p4_campaign_name":"","p4_local_project":"","p4_basket_name":"","p4_department":"","footnotes":""},"categories":[42],"tags":[30],"p4-page-type":[85],"class_list":["post-1435","post","type-post","status-publish","format-standard","has-post-thumbnail","hentry","category-energie","tag-nucleaire","p4-page-type-actualites"],"yoast_head":"<!-- This site is optimized with the Yoast SEO Premium plugin v23.9 (Yoast SEO v23.9) - https:\/\/yoast.com\/wordpress\/plugins\/seo\/ -->\n<title>Action bis repetita : apr\u00e8s Superman, un second survol et crash au Bugey - Greenpeace Luxembourg<\/title>\n<meta name=\"robots\" content=\"index, follow, max-snippet:-1, max-image-preview:large, max-video-preview:-1\" \/>\n<link rel=\"canonical\" href=\"https:\/\/www.greenpeace.org\/luxembourg\/fr\/actualites\/1435\/action-bis-repetita-apres-superman-un-second-survol-et-crash-au-bugey\/\" \/>\n<meta property=\"og:locale\" content=\"fr_FR\" \/>\n<meta property=\"og:type\" content=\"article\" \/>\n<meta property=\"og:title\" content=\"Action bis repetita : apr\u00e8s Superman, un second survol et crash au Bugey\" \/>\n<meta property=\"og:description\" content=\"aris, le 03 juillet 2018 - Ce matin, apr\u00e8s un survol et un crash volontaire d\u2019un drone transform\u00e9 en Superman, les militant-e-s de Greenpeace France ont proc\u00e9d\u00e9 \u00e0 une deuxi\u00e8me op\u00e9ration de p\u00e9n\u00e9tration dans la zone de s\u00e9curit\u00e9 interdite de survol \u00e0 la centrale nucl\u00e9aire du Bugey. Ils ont dirig\u00e9 un avion radiocommand\u00e9 vers la centrale pour le crasher d\u00e9lib\u00e9r\u00e9ment contre le mur de la piscine d\u2019entreposage du combustible us\u00e9 du r\u00e9acteur num\u00e9ro 2.\" \/>\n<meta property=\"og:url\" content=\"https:\/\/www.greenpeace.org\/luxembourg\/fr\/actualites\/1435\/action-bis-repetita-apres-superman-un-second-survol-et-crash-au-bugey\/\" \/>\n<meta property=\"og:site_name\" content=\"Greenpeace Luxembourg\" \/>\n<meta property=\"article:publisher\" content=\"https:\/\/www.facebook.com\/greenpeaceluxembourg\" \/>\n<meta property=\"article:published_time\" content=\"2018-07-03T00:00:00+00:00\" \/>\n<meta property=\"article:modified_time\" content=\"2019-11-06T08:54:42+00:00\" \/>\n<meta property=\"og:image\" content=\"https:\/\/www.greenpeace.org\/static\/planet4-luxembourg-stateless\/2018\/10\/dd8fc888-dd8fc888-024g2880-2.jpg\" \/>\n\t<meta property=\"og:image:width\" content=\"800\" \/>\n\t<meta property=\"og:image:height\" content=\"533\" \/>\n\t<meta property=\"og:image:type\" content=\"image\/jpeg\" \/>\n<meta name=\"author\" content=\"Greenpeace Luxembourg\" \/>\n<meta name=\"twitter:card\" content=\"summary_large_image\" \/>\n<meta name=\"twitter:label1\" content=\"Written by\" \/>\n\t<meta name=\"twitter:data1\" content=\"Greenpeace Luxembourg\" \/>\n\t<meta name=\"twitter:label2\" content=\"Est. reading time\" \/>\n\t<meta name=\"twitter:data2\" content=\"1 minute\" \/>\n<script type=\"application\/ld+json\" class=\"yoast-schema-graph\">{\"@context\":\"https:\/\/schema.org\",\"@graph\":[{\"@type\":\"Article\",\"@id\":\"https:\/\/www.greenpeace.org\/luxembourg\/fr\/actualites\/1435\/action-bis-repetita-apres-superman-un-second-survol-et-crash-au-bugey\/#article\",\"isPartOf\":{\"@id\":\"https:\/\/www.greenpeace.org\/luxembourg\/fr\/actualites\/1435\/action-bis-repetita-apres-superman-un-second-survol-et-crash-au-bugey\/\"},\"author\":{\"name\":\"Greenpeace Luxembourg\",\"@id\":\"https:\/\/www.greenpeace.org\/luxembourg\/fr\/#\/schema\/person\/12b34015aca6e55fec2e511d2f19102d\"},\"headline\":\"Action bis repetita : apr\u00e8s Superman, un second survol et crash au Bugey\",\"datePublished\":\"2018-07-03T00:00:00+00:00\",\"dateModified\":\"2019-11-06T08:54:42+00:00\",\"mainEntityOfPage\":{\"@id\":\"https:\/\/www.greenpeace.org\/luxembourg\/fr\/actualites\/1435\/action-bis-repetita-apres-superman-un-second-survol-et-crash-au-bugey\/\"},\"wordCount\":205,\"publisher\":{\"@id\":\"https:\/\/www.greenpeace.org\/luxembourg\/fr\/#organization\"},\"image\":{\"@id\":\"https:\/\/www.greenpeace.org\/luxembourg\/fr\/actualites\/1435\/action-bis-repetita-apres-superman-un-second-survol-et-crash-au-bugey\/#primaryimage\"},\"thumbnailUrl\":\"https:\/\/www.greenpeace.org\/static\/planet4-luxembourg-stateless\/2018\/10\/dd8fc888-dd8fc888-024g2880-2.jpg\",\"keywords\":[\"Nucl\u00e9aire\"],\"articleSection\":[\"\u00c9nergie\"],\"inLanguage\":\"fr-LU\"},{\"@type\":\"WebPage\",\"@id\":\"https:\/\/www.greenpeace.org\/luxembourg\/fr\/actualites\/1435\/action-bis-repetita-apres-superman-un-second-survol-et-crash-au-bugey\/\",\"url\":\"https:\/\/www.greenpeace.org\/luxembourg\/fr\/actualites\/1435\/action-bis-repetita-apres-superman-un-second-survol-et-crash-au-bugey\/\",\"name\":\"Action bis repetita : apr\u00e8s Superman, un second survol et crash au Bugey - Greenpeace Luxembourg\",\"isPartOf\":{\"@id\":\"https:\/\/www.greenpeace.org\/luxembourg\/fr\/#website\"},\"primaryImageOfPage\":{\"@id\":\"https:\/\/www.greenpeace.org\/luxembourg\/fr\/actualites\/1435\/action-bis-repetita-apres-superman-un-second-survol-et-crash-au-bugey\/#primaryimage\"},\"image\":{\"@id\":\"https:\/\/www.greenpeace.org\/luxembourg\/fr\/actualites\/1435\/action-bis-repetita-apres-superman-un-second-survol-et-crash-au-bugey\/#primaryimage\"},\"thumbnailUrl\":\"https:\/\/www.greenpeace.org\/static\/planet4-luxembourg-stateless\/2018\/10\/dd8fc888-dd8fc888-024g2880-2.jpg\",\"datePublished\":\"2018-07-03T00:00:00+00:00\",\"dateModified\":\"2019-11-06T08:54:42+00:00\",\"breadcrumb\":{\"@id\":\"https:\/\/www.greenpeace.org\/luxembourg\/fr\/actualites\/1435\/action-bis-repetita-apres-superman-un-second-survol-et-crash-au-bugey\/#breadcrumb\"},\"inLanguage\":\"fr-LU\",\"potentialAction\":[{\"@type\":\"ReadAction\",\"target\":[\"https:\/\/www.greenpeace.org\/luxembourg\/fr\/actualites\/1435\/action-bis-repetita-apres-superman-un-second-survol-et-crash-au-bugey\/\"]}]},{\"@type\":\"ImageObject\",\"inLanguage\":\"fr-LU\",\"@id\":\"https:\/\/www.greenpeace.org\/luxembourg\/fr\/actualites\/1435\/action-bis-repetita-apres-superman-un-second-survol-et-crash-au-bugey\/#primaryimage\",\"url\":\"https:\/\/www.greenpeace.org\/static\/planet4-luxembourg-stateless\/2018\/10\/dd8fc888-dd8fc888-024g2880-2.jpg\",\"contentUrl\":\"https:\/\/www.greenpeace.org\/static\/planet4-luxembourg-stateless\/2018\/10\/dd8fc888-dd8fc888-024g2880-2.jpg\",\"width\":800,\"height\":533},{\"@type\":\"BreadcrumbList\",\"@id\":\"https:\/\/www.greenpeace.org\/luxembourg\/fr\/actualites\/1435\/action-bis-repetita-apres-superman-un-second-survol-et-crash-au-bugey\/#breadcrumb\",\"itemListElement\":[{\"@type\":\"ListItem\",\"position\":1,\"name\":\"Home\",\"item\":\"https:\/\/www.greenpeace.org\/luxembourg\/fr\/\"},{\"@type\":\"ListItem\",\"position\":2,\"name\":\"Action bis repetita : apr\u00e8s Superman, un second survol et crash au Bugey\"}]},{\"@type\":\"WebSite\",\"@id\":\"https:\/\/www.greenpeace.org\/luxembourg\/fr\/#website\",\"url\":\"https:\/\/www.greenpeace.org\/luxembourg\/fr\/\",\"name\":\"Greenpeace Luxembourg\",\"description\":\"Greenpeace existe parce que cette Terre fragile a besoin d&#039;une voix. Elle a besoin de solutions. De changement. D&#039;actions.\",\"publisher\":{\"@id\":\"https:\/\/www.greenpeace.org\/luxembourg\/fr\/#organization\"},\"potentialAction\":[{\"@type\":\"SearchAction\",\"target\":{\"@type\":\"EntryPoint\",\"urlTemplate\":\"https:\/\/www.greenpeace.org\/luxembourg\/fr\/?s={search_term_string}\"},\"query-input\":{\"@type\":\"PropertyValueSpecification\",\"valueRequired\":true,\"valueName\":\"search_term_string\"}}],\"inLanguage\":\"fr-LU\"},{\"@type\":\"Organization\",\"@id\":\"https:\/\/www.greenpeace.org\/luxembourg\/fr\/#organization\",\"name\":\"Greenpeace Luxembourg\",\"url\":\"https:\/\/www.greenpeace.org\/luxembourg\/fr\/\",\"logo\":{\"@type\":\"ImageObject\",\"inLanguage\":\"fr-LU\",\"@id\":\"https:\/\/www.greenpeace.org\/luxembourg\/fr\/#\/schema\/logo\/image\/\",\"url\":\"https:\/\/www.greenpeace.org\/static\/planet4-luxembourg-stateless\/2026\/03\/3e367f94-greenpeace_logo_green_rgb.png\",\"contentUrl\":\"https:\/\/www.greenpeace.org\/static\/planet4-luxembourg-stateless\/2026\/03\/3e367f94-greenpeace_logo_green_rgb.png\",\"width\":1080,\"height\":175,\"caption\":\"Greenpeace Luxembourg\"},\"image\":{\"@id\":\"https:\/\/www.greenpeace.org\/luxembourg\/fr\/#\/schema\/logo\/image\/\"},\"sameAs\":[\"https:\/\/www.facebook.com\/greenpeaceluxembourg\",\"https:\/\/www.instagram.com\/greenpeacelux\/\",\"https:\/\/www.linkedin.com\/company\/greenpeace-luxembourg\/\",\"https:\/\/www.threads.com\/@greenpeacelux\",\"https:\/\/bsky.app\/profile\/greenpeacelux.bsky.social\",\"https:\/\/www.youtube.com\/@GreenpeaceLux\",\"https:\/\/www.tiktok.com\/@greenpeace_lux\"]},{\"@type\":\"Person\",\"@id\":\"https:\/\/www.greenpeace.org\/luxembourg\/fr\/#\/schema\/person\/12b34015aca6e55fec2e511d2f19102d\",\"name\":\"Greenpeace Luxembourg\",\"url\":\"https:\/\/www.greenpeace.org\/luxembourg\/fr\/author\/gp_luxembourg\/\"}]}<\/script>\n<!-- \/ Yoast SEO Premium plugin. -->","yoast_head_json":{"title":"Action bis repetita : apr\u00e8s Superman, un second survol et crash au Bugey - Greenpeace Luxembourg","robots":{"index":"index","follow":"follow","max-snippet":"max-snippet:-1","max-image-preview":"max-image-preview:large","max-video-preview":"max-video-preview:-1"},"canonical":"https:\/\/www.greenpeace.org\/luxembourg\/fr\/actualites\/1435\/action-bis-repetita-apres-superman-un-second-survol-et-crash-au-bugey\/","og_locale":"fr_FR","og_type":"article","og_title":"Action bis repetita : apr\u00e8s Superman, un second survol et crash au Bugey","og_description":"aris, le 03 juillet 2018 - Ce matin, apr\u00e8s un survol et un crash volontaire d\u2019un drone transform\u00e9 en Superman, les militant-e-s de Greenpeace France ont proc\u00e9d\u00e9 \u00e0 une deuxi\u00e8me op\u00e9ration de p\u00e9n\u00e9tration dans la zone de s\u00e9curit\u00e9 interdite de survol \u00e0 la centrale nucl\u00e9aire du Bugey. Ils ont dirig\u00e9 un avion radiocommand\u00e9 vers la centrale pour le crasher d\u00e9lib\u00e9r\u00e9ment contre le mur de la piscine d\u2019entreposage du combustible us\u00e9 du r\u00e9acteur num\u00e9ro 2.","og_url":"https:\/\/www.greenpeace.org\/luxembourg\/fr\/actualites\/1435\/action-bis-repetita-apres-superman-un-second-survol-et-crash-au-bugey\/","og_site_name":"Greenpeace Luxembourg","article_publisher":"https:\/\/www.facebook.com\/greenpeaceluxembourg","article_published_time":"2018-07-03T00:00:00+00:00","article_modified_time":"2019-11-06T08:54:42+00:00","og_image":[{"width":800,"height":533,"url":"https:\/\/www.greenpeace.org\/static\/planet4-luxembourg-stateless\/2018\/10\/dd8fc888-dd8fc888-024g2880-2.jpg","type":"image\/jpeg"}],"author":"Greenpeace Luxembourg","twitter_card":"summary_large_image","twitter_misc":{"Written by":"Greenpeace Luxembourg","Est. reading time":"1 minute"},"schema":{"@context":"https:\/\/schema.org","@graph":[{"@type":"Article","@id":"https:\/\/www.greenpeace.org\/luxembourg\/fr\/actualites\/1435\/action-bis-repetita-apres-superman-un-second-survol-et-crash-au-bugey\/#article","isPartOf":{"@id":"https:\/\/www.greenpeace.org\/luxembourg\/fr\/actualites\/1435\/action-bis-repetita-apres-superman-un-second-survol-et-crash-au-bugey\/"},"author":{"name":"Greenpeace Luxembourg","@id":"https:\/\/www.greenpeace.org\/luxembourg\/fr\/#\/schema\/person\/12b34015aca6e55fec2e511d2f19102d"},"headline":"Action bis repetita : apr\u00e8s Superman, un second survol et crash au Bugey","datePublished":"2018-07-03T00:00:00+00:00","dateModified":"2019-11-06T08:54:42+00:00","mainEntityOfPage":{"@id":"https:\/\/www.greenpeace.org\/luxembourg\/fr\/actualites\/1435\/action-bis-repetita-apres-superman-un-second-survol-et-crash-au-bugey\/"},"wordCount":205,"publisher":{"@id":"https:\/\/www.greenpeace.org\/luxembourg\/fr\/#organization"},"image":{"@id":"https:\/\/www.greenpeace.org\/luxembourg\/fr\/actualites\/1435\/action-bis-repetita-apres-superman-un-second-survol-et-crash-au-bugey\/#primaryimage"},"thumbnailUrl":"https:\/\/www.greenpeace.org\/static\/planet4-luxembourg-stateless\/2018\/10\/dd8fc888-dd8fc888-024g2880-2.jpg","keywords":["Nucl\u00e9aire"],"articleSection":["\u00c9nergie"],"inLanguage":"fr-LU"},{"@type":"WebPage","@id":"https:\/\/www.greenpeace.org\/luxembourg\/fr\/actualites\/1435\/action-bis-repetita-apres-superman-un-second-survol-et-crash-au-bugey\/","url":"https:\/\/www.greenpeace.org\/luxembourg\/fr\/actualites\/1435\/action-bis-repetita-apres-superman-un-second-survol-et-crash-au-bugey\/","name":"Action bis repetita : apr\u00e8s Superman, un second survol et crash au Bugey - Greenpeace Luxembourg","isPartOf":{"@id":"https:\/\/www.greenpeace.org\/luxembourg\/fr\/#website"},"primaryImageOfPage":{"@id":"https:\/\/www.greenpeace.org\/luxembourg\/fr\/actualites\/1435\/action-bis-repetita-apres-superman-un-second-survol-et-crash-au-bugey\/#primaryimage"},"image":{"@id":"https:\/\/www.greenpeace.org\/luxembourg\/fr\/actualites\/1435\/action-bis-repetita-apres-superman-un-second-survol-et-crash-au-bugey\/#primaryimage"},"thumbnailUrl":"https:\/\/www.greenpeace.org\/static\/planet4-luxembourg-stateless\/2018\/10\/dd8fc888-dd8fc888-024g2880-2.jpg","datePublished":"2018-07-03T00:00:00+00:00","dateModified":"2019-11-06T08:54:42+00:00","breadcrumb":{"@id":"https:\/\/www.greenpeace.org\/luxembourg\/fr\/actualites\/1435\/action-bis-repetita-apres-superman-un-second-survol-et-crash-au-bugey\/#breadcrumb"},"inLanguage":"fr-LU","potentialAction":[{"@type":"ReadAction","target":["https:\/\/www.greenpeace.org\/luxembourg\/fr\/actualites\/1435\/action-bis-repetita-apres-superman-un-second-survol-et-crash-au-bugey\/"]}]},{"@type":"ImageObject","inLanguage":"fr-LU","@id":"https:\/\/www.greenpeace.org\/luxembourg\/fr\/actualites\/1435\/action-bis-repetita-apres-superman-un-second-survol-et-crash-au-bugey\/#primaryimage","url":"https:\/\/www.greenpeace.org\/static\/planet4-luxembourg-stateless\/2018\/10\/dd8fc888-dd8fc888-024g2880-2.jpg","contentUrl":"https:\/\/www.greenpeace.org\/static\/planet4-luxembourg-stateless\/2018\/10\/dd8fc888-dd8fc888-024g2880-2.jpg","width":800,"height":533},{"@type":"BreadcrumbList","@id":"https:\/\/www.greenpeace.org\/luxembourg\/fr\/actualites\/1435\/action-bis-repetita-apres-superman-un-second-survol-et-crash-au-bugey\/#breadcrumb","itemListElement":[{"@type":"ListItem","position":1,"name":"Home","item":"https:\/\/www.greenpeace.org\/luxembourg\/fr\/"},{"@type":"ListItem","position":2,"name":"Action bis repetita : apr\u00e8s Superman, un second survol et crash au Bugey"}]},{"@type":"WebSite","@id":"https:\/\/www.greenpeace.org\/luxembourg\/fr\/#website","url":"https:\/\/www.greenpeace.org\/luxembourg\/fr\/","name":"Greenpeace Luxembourg","description":"Greenpeace existe parce que cette Terre fragile a besoin d&#039;une voix. Elle a besoin de solutions. De changement. D&#039;actions.","publisher":{"@id":"https:\/\/www.greenpeace.org\/luxembourg\/fr\/#organization"},"potentialAction":[{"@type":"SearchAction","target":{"@type":"EntryPoint","urlTemplate":"https:\/\/www.greenpeace.org\/luxembourg\/fr\/?s={search_term_string}"},"query-input":{"@type":"PropertyValueSpecification","valueRequired":true,"valueName":"search_term_string"}}],"inLanguage":"fr-LU"},{"@type":"Organization","@id":"https:\/\/www.greenpeace.org\/luxembourg\/fr\/#organization","name":"Greenpeace Luxembourg","url":"https:\/\/www.greenpeace.org\/luxembourg\/fr\/","logo":{"@type":"ImageObject","inLanguage":"fr-LU","@id":"https:\/\/www.greenpeace.org\/luxembourg\/fr\/#\/schema\/logo\/image\/","url":"https:\/\/www.greenpeace.org\/static\/planet4-luxembourg-stateless\/2026\/03\/3e367f94-greenpeace_logo_green_rgb.png","contentUrl":"https:\/\/www.greenpeace.org\/static\/planet4-luxembourg-stateless\/2026\/03\/3e367f94-greenpeace_logo_green_rgb.png","width":1080,"height":175,"caption":"Greenpeace Luxembourg"},"image":{"@id":"https:\/\/www.greenpeace.org\/luxembourg\/fr\/#\/schema\/logo\/image\/"},"sameAs":["https:\/\/www.facebook.com\/greenpeaceluxembourg","https:\/\/www.instagram.com\/greenpeacelux\/","https:\/\/www.linkedin.com\/company\/greenpeace-luxembourg\/","https:\/\/www.threads.com\/@greenpeacelux","https:\/\/bsky.app\/profile\/greenpeacelux.bsky.social","https:\/\/www.youtube.com\/@GreenpeaceLux","https:\/\/www.tiktok.com\/@greenpeace_lux"]},{"@type":"Person","@id":"https:\/\/www.greenpeace.org\/luxembourg\/fr\/#\/schema\/person\/12b34015aca6e55fec2e511d2f19102d","name":"Greenpeace Luxembourg","url":"https:\/\/www.greenpeace.org\/luxembourg\/fr\/author\/gp_luxembourg\/"}]}},"_links":{"self":[{"href":"https:\/\/www.greenpeace.org\/luxembourg\/fr\/wp-json\/wp\/v2\/posts\/1435","targetHints":{"allow":["GET"]}}],"collection":[{"href":"https:\/\/www.greenpeace.org\/luxembourg\/fr\/wp-json\/wp\/v2\/posts"}],"about":[{"href":"https:\/\/www.greenpeace.org\/luxembourg\/fr\/wp-json\/wp\/v2\/types\/post"}],"author":[{"embeddable":true,"href":"https:\/\/www.greenpeace.org\/luxembourg\/fr\/wp-json\/wp\/v2\/users\/20"}],"replies":[{"embeddable":true,"href":"https:\/\/www.greenpeace.org\/luxembourg\/fr\/wp-json\/wp\/v2\/comments?post=1435"}],"version-history":[{"count":3,"href":"https:\/\/www.greenpeace.org\/luxembourg\/fr\/wp-json\/wp\/v2\/posts\/1435\/revisions"}],"predecessor-version":[{"id":2158,"href":"https:\/\/www.greenpeace.org\/luxembourg\/fr\/wp-json\/wp\/v2\/posts\/1435\/revisions\/2158"}],"wp:featuredmedia":[{"embeddable":true,"href":"https:\/\/www.greenpeace.org\/luxembourg\/fr\/wp-json\/wp\/v2\/media\/1436"}],"wp:attachment":[{"href":"https:\/\/www.greenpeace.org\/luxembourg\/fr\/wp-json\/wp\/v2\/media?parent=1435"}],"wp:term":[{"taxonomy":"category","embeddable":true,"href":"https:\/\/www.greenpeace.org\/luxembourg\/fr\/wp-json\/wp\/v2\/categories?post=1435"},{"taxonomy":"post_tag","embeddable":true,"href":"https:\/\/www.greenpeace.org\/luxembourg\/fr\/wp-json\/wp\/v2\/tags?post=1435"},{"taxonomy":"p4-page-type","embeddable":true,"href":"https:\/\/www.greenpeace.org\/luxembourg\/fr\/wp-json\/wp\/v2\/p4-page-type?post=1435"}],"curies":[{"name":"wp","href":"https:\/\/api.w.org\/{rel}","templated":true}]}}