{"id":1441,"date":"2018-01-24T00:00:00","date_gmt":"2018-01-24T00:00:00","guid":{"rendered":"https:\/\/www.greenpeace.org\/luxembourg\/actualites\/1441\/les-militants-de-greenpeace-attaques-en-justice-a-quand-le-proces-des-centrales-dedf\/"},"modified":"2019-11-06T10:54:56","modified_gmt":"2019-11-06T08:54:56","slug":"les-militants-de-greenpeace-attaques-en-justice-a-quand-le-proces-des-centrales-dedf","status":"publish","type":"post","link":"https:\/\/www.greenpeace.org\/luxembourg\/fr\/actualites\/1441\/les-militants-de-greenpeace-attaques-en-justice-a-quand-le-proces-des-centrales-dedf\/","title":{"rendered":"Les militants de Greenpeace attaqu\u00e9s en justice : \u00e0 quand le proc\u00e8s des centrales d\u2019EDF ?"},"content":{"rendered":"<div class=\"leader\">\n\tLe 27 f\u00e9vrier prochain a lieu, au tribunal de grande instance de Thionville, le proc\u00e8s de huit activistes de Greenpeace France. En octobre 2017, ces activistes se sont introduits dans la centrale de Cattenom en Moselle et ont tir\u00e9 un feu d\u2019artifice au pied de la piscine d\u2019entreposage de combustible us\u00e9. Au lieu de prendre en main ce probl\u00e8me de s\u00e9curit\u00e9, EDF a port\u00e9 plainte contre les activistes de Greenpeace. Le 27 f\u00e9vrier prochain, mobilisons-nous pour les soutenir !<\/p>\n<\/div>\n<div>\n<p>\u00a0<\/p>\n<p><strong>Une d\u00e9monstration incontestable des failles de s\u00e9curit\u00e9<\/strong><\/p>\n<p>Objectif de l\u2019intrusion des activistes dans la centrale de Cattenom ?\u00a0D\u00e9noncer la fragilit\u00e9 et l\u2019accessibilit\u00e9 de ces b\u00e2timents charg\u00e9s de radioactivit\u00e9. Alors qu\u2019EDF pr\u00e9tend s\u00e9curiser les centrales,\u00a0les militant-e-s de Greenpeace France ont d\u00e9montr\u00e9 par leur action le manque de protection des parties les plus fragiles des installations.<\/p>\n<p><iframe loading=\"lazy\" frameborder=\"0\" height=\"315\" src=\"https:\/\/www.youtube.com\/embed\/GfQmQ-xvTo4\" width=\"560\"><\/iframe><\/p>\n<p><span>Au lieu de prendre en main ce probl\u00e8me de s\u00e9curit\u00e9<\/span><span>\u00a0et d\u2019entreprendre les travaux n\u00e9cessaires pour renforcer la protection de ses centrales, tr\u00e8s vuln\u00e9rables face aux risques d\u2019attaques ext\u00e9rieures,\u00a0<\/span><span>EDF a port\u00e9 plainte contre les activistes de Greenpeace<\/span><span>\u2026<\/span><\/p>\n<p><span>Mais quand aura enfin lieu le proc\u00e8s des centrales nucl\u00e9aires d\u2019EDF ?\u00a0<\/span>Avec 58 r\u00e9acteurs nucl\u00e9aires dans l\u2019Hexagone, dont certains proches des fronti\u00e8res allemandes, belges et luxembourgeoises,\u00a0<span>nous sommes toutes et tous concern\u00e9-e-s par les risques nucl\u00e9aires.\u00a0<a href=\"https:\/\/act.greenpeace.org\/page\/14759\/petition\/1\">N\u2019attendons plus pour agir !<\/a><\/span><\/p>\n<p>Cette action faisait suite \u00e0 la remise <a href=\"http:\/\/www.greenpeace.org\/luxembourg\/fr\/news\/Nucleaire--Greenpeace-France-lance-lalerte-sur-la-vulnerabilite-des-centrales-face-a-des-actes-de-malveillance\/\">d\u2019un\u00a0rapport de sept experts ind\u00e9pendants<\/a>, par Greenpeace France, aux autorit\u00e9s comp\u00e9tentes sur la s\u00e9curit\u00e9 nucl\u00e9aire. Dans ce rapport, les experts d\u00e9noncent sur l\u2019extr\u00eame fragilit\u00e9 des piscines de combustible us\u00e9\u00a0qui sont mal prot\u00e9g\u00e9es face aux risques d\u2019attaques ext\u00e9rieures.\u00a0Pourtant, un accident sur ce type de b\u00e2timent pourrait avoir des cons\u00e9quences\u00a0<a href=\"http:\/\/carte-risque-nucleaire.greenpeace.lu\/\">encore plus \u00e9tendues sur le territoire<\/a>\u00a0que celles de l\u2019accident de Fukushima (plus de 80 km).<\/p>\n<p><strong>Le 27 f\u00e9vrier \u00e0 Thionville, soutenons les militants !<\/strong><\/p>\n<p>Les actions non-violentes et les militants qui y participent\u00a0<a href=\"http:\/\/www.liberation.fr\/societe\/2018\/01\/17\/militants-chez-greenpeace-des-tracts-aux-actions-coup-de-poing-illegales_1623037\">constituent l\u2019\u00e2me de Greenpeace.<\/a>\u00a0Nous saluons \u00e0 nouveau le courage et la d\u00e9termination de ces citoyennes et citoyens\u00a0qui, \u00e0 Cattenom, ont pris des risques pour alerter le plus grand nombre sur\u00a0<a href=\"http:\/\/www.greenpeace.org\/luxembourg\/fr\/news\/ous-concernes-par-les-risques-nucleaires\/\">un risque nucl\u00e9aire qui nous concerne toutes et tous, en France et en Europe.<\/a><\/p>\n<p>\u00a0<\/p>\n<blockquote class=\"twitter-tweet\" data-lang=\"en\">\n<p lang=\"fr\" dir=\"ltr\">&#8220;Pourquoi je me suis introduit dans une centrale nucl\u00e9aire?&#8221; &#8211; ZOOM sur les motivations des activistes <a href=\"https:\/\/twitter.com\/Greenpeace?ref_src=twsrc%5Etfw\">@Greenpeace<\/a> :<a href=\"https:\/\/t.co\/gBCH49GsYO\">https:\/\/t.co\/gBCH49GsYO<\/a><a href=\"https:\/\/twitter.com\/hashtag\/NoNukes?src=hash&amp;ref_src=twsrc%5Etfw\">#NoNukes<\/a> <a href=\"https:\/\/twitter.com\/hashtag\/stopnucleaire?src=hash&amp;ref_src=twsrc%5Etfw\">#stopnucleaire<\/a><\/p>\n<p>\u2014 GreenpeaceLuxembourg (@Greenpeace_Lux) <a href=\"https:\/\/twitter.com\/Greenpeace_Lux\/status\/954012046512787456?ref_src=twsrc%5Etfw\">January 18, 2018<\/a><\/p>\n<\/blockquote>\n<p>Mardi 27 f\u00e9vrier, en soutien aux activistes de Greenpeace France et pour demander que de v\u00e9ritables mesures soient prises pour la s\u00e9curit\u00e9 nucl\u00e9aire,\u00a0<span>mobilisons-nous \u00e0 Thionville ! Rendez-vous \u00e0 11h30, Place de la Mairie.<\/span><\/p>\n<p><script charset=\"utf-8\" type=\"text\/javascript\" src=\"https:\/\/platform.twitter.com\/widgets.js\"><\/script><\/p>\n<blockquote class=\"twitter-tweet\" data-lang=\"en\">\n<p lang=\"fr\" dir=\"ltr\">Les activistes de Greenpeace viennent de sortir de garde \u00e0 vue. Nous saluons leur courage et leur d\u00e9termination !<a href=\"https:\/\/twitter.com\/hashtag\/RisqueNucleaire?src=hash&amp;ref_src=twsrc%5Etfw\">#RisqueNucleaire<\/a> <a href=\"https:\/\/t.co\/EDFYYanFXu\">pic.twitter.com\/EDFYYanFXu<\/a><\/p>\n<p>\u2014 Greenpeace France (@greenpeacefr) <a href=\"https:\/\/twitter.com\/greenpeacefr\/status\/918848876517445632?ref_src=twsrc%5Etfw\">October 13, 2017<\/a><\/p>\n<\/blockquote>\n<p>Greenpeace France met en lumi\u00e8re depuis de tr\u00e8s nombreuses ann\u00e9es les risques li\u00e9s au manque de s\u00e9curit\u00e9 des centrales nucl\u00e9aires : la r\u00e9ponse d\u2019EDF et des autorit\u00e9s n\u2019est toujours \u00e0 la hauteur des enjeux.<\/p>\n<p style=\"text-align: center;\"><a href=\"https:\/\/act.greenpeace.org\/page\/14759\/petition\/1\"><img loading=\"lazy\" decoding=\"async\" src=\"https:\/\/www.greenpeace.org\/static\/planet4-luxembourg-stateless\/2018\/10\/bbbcd7dd-je_signe_la_petition_bouton.png\" alt=\"\" width=\"200\" height=\"55\"><\/a><\/p>\n<p style=\"text-align: center;\">\u00a0<\/p>\n<p style=\"text-align: center;\">\u00a0<\/p>\n<p><a href=\"https:\/\/www.greenpeace.fr\/militants-de-greenpeace-attaques-justice-a-proces-centrales-dedf\/\">Article source<\/a><span>\u00a0: Greenpeace France<\/span><\/p>\n<p><script charset=\"utf-8\" type=\"text\/javascript\" src=\"https:\/\/platform.twitter.com\/widgets.js\"><\/script>\n<\/div><\/p>\n","protected":false},"excerpt":{"rendered":"<div>\n\tLe 27 f\u00e9vrier prochain a lieu, au tribunal de grande instance de Thionville, le proc\u00e8s de huit activistes de Greenpeace France. En octobre 2017, ces activistes se sont introduits dans la centrale de Cattenom en Moselle et ont tir\u00e9 un feu d\u2019artifice au pied de la piscine d\u2019entreposage de combustible us\u00e9. Au lieu de prendre en main ce probl\u00e8me de s\u00e9curit\u00e9, EDF a port\u00e9 plainte contre les activistes de Greenpeace. Le 27 f\u00e9vrier prochain, mobilisons-nous pour les soutenir !<\/p>\n<\/div>\n","protected":false},"author":20,"featured_media":1987,"comment_status":"closed","ping_status":"closed","sticky":false,"template":"","format":"standard","meta":{"ep_exclude_from_search":false,"p4_og_title":"","p4_og_description":"","p4_og_image":"","p4_og_image_id":"","p4_seo_canonical_url":"","p4_campaign_name":"","p4_local_project":"","p4_basket_name":"","p4_department":"","footnotes":""},"categories":[42],"tags":[30,31],"p4-page-type":[85],"class_list":["post-1441","post","type-post","status-publish","format-standard","has-post-thumbnail","hentry","category-energie","tag-nucleaire","tag-militantes","p4-page-type-actualites"],"yoast_head":"<!-- This site is optimized with the Yoast SEO Premium plugin v23.9 (Yoast SEO v23.9) - https:\/\/yoast.com\/wordpress\/plugins\/seo\/ -->\n<title>Les militants de Greenpeace attaqu\u00e9s en justice : \u00e0 quand le proc\u00e8s des centrales d\u2019EDF ? - Greenpeace Luxembourg<\/title>\n<meta name=\"robots\" content=\"index, follow, max-snippet:-1, max-image-preview:large, max-video-preview:-1\" \/>\n<link rel=\"canonical\" href=\"https:\/\/www.greenpeace.org\/luxembourg\/fr\/actualites\/1441\/les-militants-de-greenpeace-attaques-en-justice-a-quand-le-proces-des-centrales-dedf\/\" \/>\n<meta property=\"og:locale\" content=\"fr_FR\" \/>\n<meta property=\"og:type\" content=\"article\" \/>\n<meta property=\"og:title\" content=\"Les militants de Greenpeace attaqu\u00e9s en justice : \u00e0 quand le proc\u00e8s des centrales d\u2019EDF ?\" \/>\n<meta property=\"og:description\" content=\"Le 27 f\u00e9vrier prochain a lieu, au tribunal de grande instance de Thionville, le proc\u00e8s de huit activistes de Greenpeace France. En octobre 2017, ces activistes se sont introduits dans la centrale de Cattenom en Moselle et ont tir\u00e9 un feu d\u2019artifice au pied de la piscine d\u2019entreposage de combustible us\u00e9. Au lieu de prendre en main ce probl\u00e8me de s\u00e9curit\u00e9, EDF a port\u00e9 plainte contre les activistes de Greenpeace. Le 27 f\u00e9vrier prochain, mobilisons-nous pour les soutenir !\" \/>\n<meta property=\"og:url\" content=\"https:\/\/www.greenpeace.org\/luxembourg\/fr\/actualites\/1441\/les-militants-de-greenpeace-attaques-en-justice-a-quand-le-proces-des-centrales-dedf\/\" \/>\n<meta property=\"og:site_name\" content=\"Greenpeace Luxembourg\" \/>\n<meta property=\"article:publisher\" content=\"https:\/\/www.facebook.com\/greenpeaceluxembourg\" \/>\n<meta property=\"article:published_time\" content=\"2018-01-24T00:00:00+00:00\" \/>\n<meta property=\"article:modified_time\" content=\"2019-11-06T08:54:56+00:00\" \/>\n<meta property=\"og:image\" content=\"https:\/\/www.greenpeace.org\/static\/planet4-luxembourg-stateless\/2018\/10\/2b96398b-gp0str5r1.jpg\" \/>\n\t<meta property=\"og:image:width\" content=\"1199\" \/>\n\t<meta property=\"og:image:height\" content=\"762\" \/>\n\t<meta property=\"og:image:type\" content=\"image\/jpeg\" \/>\n<meta name=\"author\" content=\"Greenpeace Luxembourg\" \/>\n<meta name=\"twitter:card\" content=\"summary_large_image\" \/>\n<meta name=\"twitter:label1\" content=\"Written by\" \/>\n\t<meta name=\"twitter:data1\" content=\"Greenpeace Luxembourg\" \/>\n\t<meta name=\"twitter:label2\" content=\"Est. reading time\" \/>\n\t<meta name=\"twitter:data2\" content=\"3 minutes\" \/>\n<script type=\"application\/ld+json\" class=\"yoast-schema-graph\">{\"@context\":\"https:\/\/schema.org\",\"@graph\":[{\"@type\":\"Article\",\"@id\":\"https:\/\/www.greenpeace.org\/luxembourg\/fr\/actualites\/1441\/les-militants-de-greenpeace-attaques-en-justice-a-quand-le-proces-des-centrales-dedf\/#article\",\"isPartOf\":{\"@id\":\"https:\/\/www.greenpeace.org\/luxembourg\/fr\/actualites\/1441\/les-militants-de-greenpeace-attaques-en-justice-a-quand-le-proces-des-centrales-dedf\/\"},\"author\":{\"name\":\"Greenpeace Luxembourg\",\"@id\":\"https:\/\/www.greenpeace.org\/luxembourg\/fr\/#\/schema\/person\/12b34015aca6e55fec2e511d2f19102d\"},\"headline\":\"Les militants de Greenpeace attaqu\u00e9s en justice : \u00e0 quand le proc\u00e8s des centrales d\u2019EDF ?\",\"datePublished\":\"2018-01-24T00:00:00+00:00\",\"dateModified\":\"2019-11-06T08:54:56+00:00\",\"mainEntityOfPage\":{\"@id\":\"https:\/\/www.greenpeace.org\/luxembourg\/fr\/actualites\/1441\/les-militants-de-greenpeace-attaques-en-justice-a-quand-le-proces-des-centrales-dedf\/\"},\"wordCount\":545,\"publisher\":{\"@id\":\"https:\/\/www.greenpeace.org\/luxembourg\/fr\/#organization\"},\"image\":{\"@id\":\"https:\/\/www.greenpeace.org\/luxembourg\/fr\/actualites\/1441\/les-militants-de-greenpeace-attaques-en-justice-a-quand-le-proces-des-centrales-dedf\/#primaryimage\"},\"thumbnailUrl\":\"https:\/\/www.greenpeace.org\/static\/planet4-luxembourg-stateless\/2018\/10\/2b96398b-gp0str5r1.jpg\",\"keywords\":[\"Nucl\u00e9aire\",\"Militant\u00b7es\"],\"articleSection\":[\"\u00c9nergie\"],\"inLanguage\":\"fr-LU\"},{\"@type\":\"WebPage\",\"@id\":\"https:\/\/www.greenpeace.org\/luxembourg\/fr\/actualites\/1441\/les-militants-de-greenpeace-attaques-en-justice-a-quand-le-proces-des-centrales-dedf\/\",\"url\":\"https:\/\/www.greenpeace.org\/luxembourg\/fr\/actualites\/1441\/les-militants-de-greenpeace-attaques-en-justice-a-quand-le-proces-des-centrales-dedf\/\",\"name\":\"Les militants de Greenpeace attaqu\u00e9s en justice : \u00e0 quand le proc\u00e8s des centrales d\u2019EDF ? - Greenpeace Luxembourg\",\"isPartOf\":{\"@id\":\"https:\/\/www.greenpeace.org\/luxembourg\/fr\/#website\"},\"primaryImageOfPage\":{\"@id\":\"https:\/\/www.greenpeace.org\/luxembourg\/fr\/actualites\/1441\/les-militants-de-greenpeace-attaques-en-justice-a-quand-le-proces-des-centrales-dedf\/#primaryimage\"},\"image\":{\"@id\":\"https:\/\/www.greenpeace.org\/luxembourg\/fr\/actualites\/1441\/les-militants-de-greenpeace-attaques-en-justice-a-quand-le-proces-des-centrales-dedf\/#primaryimage\"},\"thumbnailUrl\":\"https:\/\/www.greenpeace.org\/static\/planet4-luxembourg-stateless\/2018\/10\/2b96398b-gp0str5r1.jpg\",\"datePublished\":\"2018-01-24T00:00:00+00:00\",\"dateModified\":\"2019-11-06T08:54:56+00:00\",\"breadcrumb\":{\"@id\":\"https:\/\/www.greenpeace.org\/luxembourg\/fr\/actualites\/1441\/les-militants-de-greenpeace-attaques-en-justice-a-quand-le-proces-des-centrales-dedf\/#breadcrumb\"},\"inLanguage\":\"fr-LU\",\"potentialAction\":[{\"@type\":\"ReadAction\",\"target\":[\"https:\/\/www.greenpeace.org\/luxembourg\/fr\/actualites\/1441\/les-militants-de-greenpeace-attaques-en-justice-a-quand-le-proces-des-centrales-dedf\/\"]}]},{\"@type\":\"ImageObject\",\"inLanguage\":\"fr-LU\",\"@id\":\"https:\/\/www.greenpeace.org\/luxembourg\/fr\/actualites\/1441\/les-militants-de-greenpeace-attaques-en-justice-a-quand-le-proces-des-centrales-dedf\/#primaryimage\",\"url\":\"https:\/\/www.greenpeace.org\/static\/planet4-luxembourg-stateless\/2018\/10\/2b96398b-gp0str5r1.jpg\",\"contentUrl\":\"https:\/\/www.greenpeace.org\/static\/planet4-luxembourg-stateless\/2018\/10\/2b96398b-gp0str5r1.jpg\",\"width\":1199,\"height\":762,\"caption\":\"des militant-e-s de Greenpeace France se sont introduit-e-s \u00e0 l\u2019int\u00e9rieur du p\u00e9rim\u00e8tre de la centrale nucl\u00e9aire de Cattenom, en Moselle, et y ont d\u00e9clench\u00e9 un feu d\u2019artifice, \u00e0 proximit\u00e9 de la piscine d\u2019entreposage du combustible us\u00e9. Ils veulent ainsi d\u00e9noncer la fragilit\u00e9 et l\u2019accessibilit\u00e9 de ces b\u00e2timents pourtant charg\u00e9s de radioactivit\u00e9.\"},{\"@type\":\"BreadcrumbList\",\"@id\":\"https:\/\/www.greenpeace.org\/luxembourg\/fr\/actualites\/1441\/les-militants-de-greenpeace-attaques-en-justice-a-quand-le-proces-des-centrales-dedf\/#breadcrumb\",\"itemListElement\":[{\"@type\":\"ListItem\",\"position\":1,\"name\":\"Home\",\"item\":\"https:\/\/www.greenpeace.org\/luxembourg\/fr\/\"},{\"@type\":\"ListItem\",\"position\":2,\"name\":\"Les militants de Greenpeace attaqu\u00e9s en justice : \u00e0 quand le proc\u00e8s des centrales d\u2019EDF ?\"}]},{\"@type\":\"WebSite\",\"@id\":\"https:\/\/www.greenpeace.org\/luxembourg\/fr\/#website\",\"url\":\"https:\/\/www.greenpeace.org\/luxembourg\/fr\/\",\"name\":\"Greenpeace Luxembourg\",\"description\":\"Greenpeace existe parce que cette Terre fragile a besoin d&#039;une voix. Elle a besoin de solutions. De changement. D&#039;actions.\",\"publisher\":{\"@id\":\"https:\/\/www.greenpeace.org\/luxembourg\/fr\/#organization\"},\"potentialAction\":[{\"@type\":\"SearchAction\",\"target\":{\"@type\":\"EntryPoint\",\"urlTemplate\":\"https:\/\/www.greenpeace.org\/luxembourg\/fr\/?s={search_term_string}\"},\"query-input\":{\"@type\":\"PropertyValueSpecification\",\"valueRequired\":true,\"valueName\":\"search_term_string\"}}],\"inLanguage\":\"fr-LU\"},{\"@type\":\"Organization\",\"@id\":\"https:\/\/www.greenpeace.org\/luxembourg\/fr\/#organization\",\"name\":\"Greenpeace Luxembourg\",\"url\":\"https:\/\/www.greenpeace.org\/luxembourg\/fr\/\",\"logo\":{\"@type\":\"ImageObject\",\"inLanguage\":\"fr-LU\",\"@id\":\"https:\/\/www.greenpeace.org\/luxembourg\/fr\/#\/schema\/logo\/image\/\",\"url\":\"https:\/\/www.greenpeace.org\/static\/planet4-luxembourg-stateless\/2026\/03\/3e367f94-greenpeace_logo_green_rgb.png\",\"contentUrl\":\"https:\/\/www.greenpeace.org\/static\/planet4-luxembourg-stateless\/2026\/03\/3e367f94-greenpeace_logo_green_rgb.png\",\"width\":1080,\"height\":175,\"caption\":\"Greenpeace Luxembourg\"},\"image\":{\"@id\":\"https:\/\/www.greenpeace.org\/luxembourg\/fr\/#\/schema\/logo\/image\/\"},\"sameAs\":[\"https:\/\/www.facebook.com\/greenpeaceluxembourg\",\"https:\/\/www.instagram.com\/greenpeacelux\/\",\"https:\/\/www.linkedin.com\/company\/greenpeace-luxembourg\/\",\"https:\/\/www.threads.com\/@greenpeacelux\",\"https:\/\/bsky.app\/profile\/greenpeacelux.bsky.social\",\"https:\/\/www.youtube.com\/@GreenpeaceLux\",\"https:\/\/www.tiktok.com\/@greenpeace_lux\"]},{\"@type\":\"Person\",\"@id\":\"https:\/\/www.greenpeace.org\/luxembourg\/fr\/#\/schema\/person\/12b34015aca6e55fec2e511d2f19102d\",\"name\":\"Greenpeace Luxembourg\",\"url\":\"https:\/\/www.greenpeace.org\/luxembourg\/fr\/author\/gp_luxembourg\/\"}]}<\/script>\n<!-- \/ Yoast SEO Premium plugin. -->","yoast_head_json":{"title":"Les militants de Greenpeace attaqu\u00e9s en justice : \u00e0 quand le proc\u00e8s des centrales d\u2019EDF ? - Greenpeace Luxembourg","robots":{"index":"index","follow":"follow","max-snippet":"max-snippet:-1","max-image-preview":"max-image-preview:large","max-video-preview":"max-video-preview:-1"},"canonical":"https:\/\/www.greenpeace.org\/luxembourg\/fr\/actualites\/1441\/les-militants-de-greenpeace-attaques-en-justice-a-quand-le-proces-des-centrales-dedf\/","og_locale":"fr_FR","og_type":"article","og_title":"Les militants de Greenpeace attaqu\u00e9s en justice : \u00e0 quand le proc\u00e8s des centrales d\u2019EDF ?","og_description":"Le 27 f\u00e9vrier prochain a lieu, au tribunal de grande instance de Thionville, le proc\u00e8s de huit activistes de Greenpeace France. En octobre 2017, ces activistes se sont introduits dans la centrale de Cattenom en Moselle et ont tir\u00e9 un feu d\u2019artifice au pied de la piscine d\u2019entreposage de combustible us\u00e9. Au lieu de prendre en main ce probl\u00e8me de s\u00e9curit\u00e9, EDF a port\u00e9 plainte contre les activistes de Greenpeace. Le 27 f\u00e9vrier prochain, mobilisons-nous pour les soutenir !","og_url":"https:\/\/www.greenpeace.org\/luxembourg\/fr\/actualites\/1441\/les-militants-de-greenpeace-attaques-en-justice-a-quand-le-proces-des-centrales-dedf\/","og_site_name":"Greenpeace Luxembourg","article_publisher":"https:\/\/www.facebook.com\/greenpeaceluxembourg","article_published_time":"2018-01-24T00:00:00+00:00","article_modified_time":"2019-11-06T08:54:56+00:00","og_image":[{"width":1199,"height":762,"url":"https:\/\/www.greenpeace.org\/static\/planet4-luxembourg-stateless\/2018\/10\/2b96398b-gp0str5r1.jpg","type":"image\/jpeg"}],"author":"Greenpeace Luxembourg","twitter_card":"summary_large_image","twitter_misc":{"Written by":"Greenpeace Luxembourg","Est. reading time":"3 minutes"},"schema":{"@context":"https:\/\/schema.org","@graph":[{"@type":"Article","@id":"https:\/\/www.greenpeace.org\/luxembourg\/fr\/actualites\/1441\/les-militants-de-greenpeace-attaques-en-justice-a-quand-le-proces-des-centrales-dedf\/#article","isPartOf":{"@id":"https:\/\/www.greenpeace.org\/luxembourg\/fr\/actualites\/1441\/les-militants-de-greenpeace-attaques-en-justice-a-quand-le-proces-des-centrales-dedf\/"},"author":{"name":"Greenpeace Luxembourg","@id":"https:\/\/www.greenpeace.org\/luxembourg\/fr\/#\/schema\/person\/12b34015aca6e55fec2e511d2f19102d"},"headline":"Les militants de Greenpeace attaqu\u00e9s en justice : \u00e0 quand le proc\u00e8s des centrales d\u2019EDF ?","datePublished":"2018-01-24T00:00:00+00:00","dateModified":"2019-11-06T08:54:56+00:00","mainEntityOfPage":{"@id":"https:\/\/www.greenpeace.org\/luxembourg\/fr\/actualites\/1441\/les-militants-de-greenpeace-attaques-en-justice-a-quand-le-proces-des-centrales-dedf\/"},"wordCount":545,"publisher":{"@id":"https:\/\/www.greenpeace.org\/luxembourg\/fr\/#organization"},"image":{"@id":"https:\/\/www.greenpeace.org\/luxembourg\/fr\/actualites\/1441\/les-militants-de-greenpeace-attaques-en-justice-a-quand-le-proces-des-centrales-dedf\/#primaryimage"},"thumbnailUrl":"https:\/\/www.greenpeace.org\/static\/planet4-luxembourg-stateless\/2018\/10\/2b96398b-gp0str5r1.jpg","keywords":["Nucl\u00e9aire","Militant\u00b7es"],"articleSection":["\u00c9nergie"],"inLanguage":"fr-LU"},{"@type":"WebPage","@id":"https:\/\/www.greenpeace.org\/luxembourg\/fr\/actualites\/1441\/les-militants-de-greenpeace-attaques-en-justice-a-quand-le-proces-des-centrales-dedf\/","url":"https:\/\/www.greenpeace.org\/luxembourg\/fr\/actualites\/1441\/les-militants-de-greenpeace-attaques-en-justice-a-quand-le-proces-des-centrales-dedf\/","name":"Les militants de Greenpeace attaqu\u00e9s en justice : \u00e0 quand le proc\u00e8s des centrales d\u2019EDF ? - Greenpeace Luxembourg","isPartOf":{"@id":"https:\/\/www.greenpeace.org\/luxembourg\/fr\/#website"},"primaryImageOfPage":{"@id":"https:\/\/www.greenpeace.org\/luxembourg\/fr\/actualites\/1441\/les-militants-de-greenpeace-attaques-en-justice-a-quand-le-proces-des-centrales-dedf\/#primaryimage"},"image":{"@id":"https:\/\/www.greenpeace.org\/luxembourg\/fr\/actualites\/1441\/les-militants-de-greenpeace-attaques-en-justice-a-quand-le-proces-des-centrales-dedf\/#primaryimage"},"thumbnailUrl":"https:\/\/www.greenpeace.org\/static\/planet4-luxembourg-stateless\/2018\/10\/2b96398b-gp0str5r1.jpg","datePublished":"2018-01-24T00:00:00+00:00","dateModified":"2019-11-06T08:54:56+00:00","breadcrumb":{"@id":"https:\/\/www.greenpeace.org\/luxembourg\/fr\/actualites\/1441\/les-militants-de-greenpeace-attaques-en-justice-a-quand-le-proces-des-centrales-dedf\/#breadcrumb"},"inLanguage":"fr-LU","potentialAction":[{"@type":"ReadAction","target":["https:\/\/www.greenpeace.org\/luxembourg\/fr\/actualites\/1441\/les-militants-de-greenpeace-attaques-en-justice-a-quand-le-proces-des-centrales-dedf\/"]}]},{"@type":"ImageObject","inLanguage":"fr-LU","@id":"https:\/\/www.greenpeace.org\/luxembourg\/fr\/actualites\/1441\/les-militants-de-greenpeace-attaques-en-justice-a-quand-le-proces-des-centrales-dedf\/#primaryimage","url":"https:\/\/www.greenpeace.org\/static\/planet4-luxembourg-stateless\/2018\/10\/2b96398b-gp0str5r1.jpg","contentUrl":"https:\/\/www.greenpeace.org\/static\/planet4-luxembourg-stateless\/2018\/10\/2b96398b-gp0str5r1.jpg","width":1199,"height":762,"caption":"des militant-e-s de Greenpeace France se sont introduit-e-s \u00e0 l\u2019int\u00e9rieur du p\u00e9rim\u00e8tre de la centrale nucl\u00e9aire de Cattenom, en Moselle, et y ont d\u00e9clench\u00e9 un feu d\u2019artifice, \u00e0 proximit\u00e9 de la piscine d\u2019entreposage du combustible us\u00e9. Ils veulent ainsi d\u00e9noncer la fragilit\u00e9 et l\u2019accessibilit\u00e9 de ces b\u00e2timents pourtant charg\u00e9s de radioactivit\u00e9."},{"@type":"BreadcrumbList","@id":"https:\/\/www.greenpeace.org\/luxembourg\/fr\/actualites\/1441\/les-militants-de-greenpeace-attaques-en-justice-a-quand-le-proces-des-centrales-dedf\/#breadcrumb","itemListElement":[{"@type":"ListItem","position":1,"name":"Home","item":"https:\/\/www.greenpeace.org\/luxembourg\/fr\/"},{"@type":"ListItem","position":2,"name":"Les militants de Greenpeace attaqu\u00e9s en justice : \u00e0 quand le proc\u00e8s des centrales d\u2019EDF ?"}]},{"@type":"WebSite","@id":"https:\/\/www.greenpeace.org\/luxembourg\/fr\/#website","url":"https:\/\/www.greenpeace.org\/luxembourg\/fr\/","name":"Greenpeace Luxembourg","description":"Greenpeace existe parce que cette Terre fragile a besoin d&#039;une voix. Elle a besoin de solutions. De changement. D&#039;actions.","publisher":{"@id":"https:\/\/www.greenpeace.org\/luxembourg\/fr\/#organization"},"potentialAction":[{"@type":"SearchAction","target":{"@type":"EntryPoint","urlTemplate":"https:\/\/www.greenpeace.org\/luxembourg\/fr\/?s={search_term_string}"},"query-input":{"@type":"PropertyValueSpecification","valueRequired":true,"valueName":"search_term_string"}}],"inLanguage":"fr-LU"},{"@type":"Organization","@id":"https:\/\/www.greenpeace.org\/luxembourg\/fr\/#organization","name":"Greenpeace Luxembourg","url":"https:\/\/www.greenpeace.org\/luxembourg\/fr\/","logo":{"@type":"ImageObject","inLanguage":"fr-LU","@id":"https:\/\/www.greenpeace.org\/luxembourg\/fr\/#\/schema\/logo\/image\/","url":"https:\/\/www.greenpeace.org\/static\/planet4-luxembourg-stateless\/2026\/03\/3e367f94-greenpeace_logo_green_rgb.png","contentUrl":"https:\/\/www.greenpeace.org\/static\/planet4-luxembourg-stateless\/2026\/03\/3e367f94-greenpeace_logo_green_rgb.png","width":1080,"height":175,"caption":"Greenpeace Luxembourg"},"image":{"@id":"https:\/\/www.greenpeace.org\/luxembourg\/fr\/#\/schema\/logo\/image\/"},"sameAs":["https:\/\/www.facebook.com\/greenpeaceluxembourg","https:\/\/www.instagram.com\/greenpeacelux\/","https:\/\/www.linkedin.com\/company\/greenpeace-luxembourg\/","https:\/\/www.threads.com\/@greenpeacelux","https:\/\/bsky.app\/profile\/greenpeacelux.bsky.social","https:\/\/www.youtube.com\/@GreenpeaceLux","https:\/\/www.tiktok.com\/@greenpeace_lux"]},{"@type":"Person","@id":"https:\/\/www.greenpeace.org\/luxembourg\/fr\/#\/schema\/person\/12b34015aca6e55fec2e511d2f19102d","name":"Greenpeace Luxembourg","url":"https:\/\/www.greenpeace.org\/luxembourg\/fr\/author\/gp_luxembourg\/"}]}},"_links":{"self":[{"href":"https:\/\/www.greenpeace.org\/luxembourg\/fr\/wp-json\/wp\/v2\/posts\/1441","targetHints":{"allow":["GET"]}}],"collection":[{"href":"https:\/\/www.greenpeace.org\/luxembourg\/fr\/wp-json\/wp\/v2\/posts"}],"about":[{"href":"https:\/\/www.greenpeace.org\/luxembourg\/fr\/wp-json\/wp\/v2\/types\/post"}],"author":[{"embeddable":true,"href":"https:\/\/www.greenpeace.org\/luxembourg\/fr\/wp-json\/wp\/v2\/users\/20"}],"replies":[{"embeddable":true,"href":"https:\/\/www.greenpeace.org\/luxembourg\/fr\/wp-json\/wp\/v2\/comments?post=1441"}],"version-history":[{"count":1,"href":"https:\/\/www.greenpeace.org\/luxembourg\/fr\/wp-json\/wp\/v2\/posts\/1441\/revisions"}],"predecessor-version":[{"id":1442,"href":"https:\/\/www.greenpeace.org\/luxembourg\/fr\/wp-json\/wp\/v2\/posts\/1441\/revisions\/1442"}],"wp:featuredmedia":[{"embeddable":true,"href":"https:\/\/www.greenpeace.org\/luxembourg\/fr\/wp-json\/wp\/v2\/media\/1987"}],"wp:attachment":[{"href":"https:\/\/www.greenpeace.org\/luxembourg\/fr\/wp-json\/wp\/v2\/media?parent=1441"}],"wp:term":[{"taxonomy":"category","embeddable":true,"href":"https:\/\/www.greenpeace.org\/luxembourg\/fr\/wp-json\/wp\/v2\/categories?post=1441"},{"taxonomy":"post_tag","embeddable":true,"href":"https:\/\/www.greenpeace.org\/luxembourg\/fr\/wp-json\/wp\/v2\/tags?post=1441"},{"taxonomy":"p4-page-type","embeddable":true,"href":"https:\/\/www.greenpeace.org\/luxembourg\/fr\/wp-json\/wp\/v2\/p4-page-type?post=1441"}],"curies":[{"name":"wp","href":"https:\/\/api.w.org\/{rel}","templated":true}]}}