{"id":14487,"date":"2022-06-16T18:04:08","date_gmt":"2022-06-16T16:04:08","guid":{"rendered":"https:\/\/www.greenpeace.org\/luxembourg\/?p=14487"},"modified":"2022-06-21T09:58:25","modified_gmt":"2022-06-21T07:58:25","slug":"rapport-financier-2021","status":"publish","type":"post","link":"https:\/\/www.greenpeace.org\/luxembourg\/fr\/rapports\/14487\/rapport-financier-2021\/","title":{"rendered":"Rapport Financier 2021"},"content":{"rendered":"\n<p><\/p>\n\n<h3 class=\"wp-block-heading\"><strong>Cinquante ans d\u2019actions !<\/strong><\/h3>\n\n<p>Il y a cinquante ans, le 15 septembre 1971, au large de l\u2019Alaska, naissait Greenpeace. Une premi\u00e8re action pour la protection de l\u2019environnement organis\u00e9e par quelques militants et militantes, avec les moyens du bord. Greenpeace est devenue ce qu&#8217;elle est \u2014 une organisation mondiale, avec toujours \u00e0 c\u0153ur la protection de la plan\u00e8te et de la biodiversit\u00e9. Et elle est devenue ce qu&#8217;elle est gr\u00e2ce \u00e0 chaque don, qu\u2019ils soient r\u00e9guliers ou ponctuels, car chacun contribue \u00e0 notre engagement partout \u00e0 travers le monde.<\/p>\n\n<p>En 2021 encore, la crise climatique et ses ravages n&#8217;auront \u00e9pargn\u00e9 personne. S\u00e9cheresses,<br>inondations\u2026 et ce n\u2019est malheureusement que le d\u00e9but des nombreux d\u00e9sastres \u00e9cologiques qui nous attendent dans les ann\u00e9es \u00e0 venir, si un frein n\u2019est pas mis d\u2019urgence \u00e0 la course au profit plut\u00f4t qu\u2019\u00e0 la protection du vivant.<\/p>\n\n<p>Mais malgr\u00e9 les drames qui se sont indubitablement jou\u00e9s \u00e0 l\u2019aube de cette nouvelle d\u00e9cennie, votre g\u00e9n\u00e9rosit\u00e9 nous a permis, cette ann\u00e9e encore, de confronter l\u2019\u00c9tat, les pouvoirs et les entreprises et de remporter de nouvelles victoires, comme au Pays-Bas, o\u00f9 un tribunal ordonne \u00e0 Shell de r\u00e9duire ses \u00e9missions, ou en Allemagne, o\u00f9 suite \u00e0 un de nos recours, l\u2019\u00c9tat \u00e9rige la protection du climat en droit humain. Au Luxembourg, gr\u00e2ce \u00e0 notre action et \u00e0 celle de nos alli\u00e9\u00b7es, le fonds de pension luxembourgeois (FDC) annonce sa volont\u00e9 de d\u00e9velopper une strat\u00e9gie d\u2019investissements plus durable. <\/p>\n\n<p>A chaque adh\u00e9rent\u00b7e : MERCI. Vous rendez tout ce travail possible. C\u2019est uniquement votre soutien financier nous permet de lutter contre les menaces qui p\u00e8sent sur l\u2019environnement, le climat et notre avenir, en toute ind\u00e9pendance. Un grand merci, car ce sont uniquement vos dons qui nous financent et garantissent notre libert\u00e9 d\u2019action et de parole.<br><\/p>\n\n<div data-wp-interactive=\"core\/file\" class=\"wp-block-file aligncenter\"><object data-wp-bind--hidden=\"!state.hasPdfPreview\" hidden class=\"wp-block-file__embed\" data=\"https:\/\/www.greenpeace.org\/static\/planet4-luxembourg-stateless\/2022\/06\/617b9887-rapport-financier-2021_greenpeaceluxembourg.pdf\" type=\"application\/pdf\" style=\"width:100%;height:600px\" aria-label=\"Embed of Embed of Rapport Financier de Greenpeace Luxembourg - 2021..\"><\/object><a id=\"wp-block-file--media-a192c57e-e078-4e8b-9184-314dd295ddb3\" href=\"https:\/\/www.greenpeace.org\/static\/planet4-luxembourg-stateless\/2022\/06\/617b9887-rapport-financier-2021_greenpeaceluxembourg.pdf\">Rapport Financier de Greenpeace Luxembourg &#8211; 2021<\/a><a href=\"https:\/\/www.greenpeace.org\/static\/planet4-luxembourg-stateless\/2022\/06\/617b9887-rapport-financier-2021_greenpeaceluxembourg.pdf\" class=\"wp-block-file__button\" download aria-describedby=\"wp-block-file--media-a192c57e-e078-4e8b-9184-314dd295ddb3\">Download<\/a><\/div>\n\n<p><\/p>\n","protected":false},"excerpt":{"rendered":"<p>En 2021, nous f\u00eatons nos 50 ans d\u2019actions ! Et c&#8217;est gr\u00e2ce \u00e0 chacun de nos adh\u00e9rent\u00b7es. Qu&#8217;avons nous fait de vos dons ? consultez notre rapport annuel.<\/p>\n","protected":false},"author":22,"featured_media":14484,"comment_status":"closed","ping_status":"closed","sticky":false,"template":"","format":"standard","meta":{"ep_exclude_from_search":false,"p4_og_title":"","p4_og_description":"","p4_og_image":"","p4_og_image_id":"","p4_seo_canonical_url":"","p4_campaign_name":"not set","p4_local_project":"not set","p4_basket_name":"not set","p4_department":"","footnotes":""},"categories":[17],"tags":[33],"p4-page-type":[84],"class_list":["post-14487","post","type-post","status-publish","format-standard","has-post-thumbnail","hentry","category-greenpeace","tag-greenpeace-fr","p4-page-type-rapports"],"yoast_head":"<!-- This site is optimized with the Yoast SEO Premium plugin v23.9 (Yoast SEO v23.9) - https:\/\/yoast.com\/wordpress\/plugins\/seo\/ -->\n<title>Rapport Financier 2021 - Greenpeace Luxembourg<\/title>\n<meta name=\"robots\" content=\"index, follow, max-snippet:-1, max-image-preview:large, max-video-preview:-1\" \/>\n<link rel=\"canonical\" href=\"https:\/\/www.greenpeace.org\/luxembourg\/fr\/rapports\/14487\/rapport-financier-2021\/\" \/>\n<meta property=\"og:locale\" content=\"fr_FR\" \/>\n<meta property=\"og:type\" content=\"article\" \/>\n<meta property=\"og:title\" content=\"Rapport Financier 2021\" \/>\n<meta property=\"og:description\" content=\"En 2021, nous f\u00eatons nos 50 ans d\u2019actions ! Et c&#039;est gr\u00e2ce \u00e0 chacun de nos adh\u00e9rent\u00b7es. Qu&#039;avons nous fait de vos dons ? consultez notre rapport annuel.\" \/>\n<meta property=\"og:url\" content=\"https:\/\/www.greenpeace.org\/luxembourg\/fr\/rapports\/14487\/rapport-financier-2021\/\" \/>\n<meta property=\"og:site_name\" content=\"Greenpeace Luxembourg\" \/>\n<meta property=\"article:publisher\" content=\"https:\/\/www.facebook.com\/greenpeaceluxembourg\" \/>\n<meta property=\"article:published_time\" content=\"2022-06-16T16:04:08+00:00\" \/>\n<meta property=\"article:modified_time\" content=\"2022-06-21T07:58:25+00:00\" \/>\n<meta property=\"og:image\" content=\"https:\/\/www.greenpeace.org\/static\/planet4-luxembourg-stateless\/2022\/06\/f0a05d0d-rapportfinancier_2021_greenpeaceluxembourg.jpg\" \/>\n\t<meta property=\"og:image:width\" content=\"210\" \/>\n\t<meta property=\"og:image:height\" content=\"300\" \/>\n\t<meta property=\"og:image:type\" content=\"image\/jpeg\" \/>\n<meta name=\"author\" content=\"Lise Bockler\" \/>\n<meta name=\"twitter:card\" content=\"summary_large_image\" \/>\n<meta name=\"twitter:label1\" content=\"Written by\" \/>\n\t<meta name=\"twitter:data1\" content=\"Lise Bockler\" \/>\n\t<meta name=\"twitter:label2\" content=\"Est. reading time\" \/>\n\t<meta name=\"twitter:data2\" content=\"2 minutes\" \/>\n<script type=\"application\/ld+json\" class=\"yoast-schema-graph\">{\"@context\":\"https:\/\/schema.org\",\"@graph\":[{\"@type\":\"Article\",\"@id\":\"https:\/\/www.greenpeace.org\/luxembourg\/fr\/rapports\/14487\/rapport-financier-2021\/#article\",\"isPartOf\":{\"@id\":\"https:\/\/www.greenpeace.org\/luxembourg\/fr\/rapports\/14487\/rapport-financier-2021\/\"},\"author\":{\"name\":\"Lise Bockler\",\"@id\":\"https:\/\/www.greenpeace.org\/luxembourg\/fr\/#\/schema\/person\/7d322b18d9b47ed2f3e7a6d8f5641c7f\"},\"headline\":\"Rapport Financier 2021\",\"datePublished\":\"2022-06-16T16:04:08+00:00\",\"dateModified\":\"2022-06-21T07:58:25+00:00\",\"mainEntityOfPage\":{\"@id\":\"https:\/\/www.greenpeace.org\/luxembourg\/fr\/rapports\/14487\/rapport-financier-2021\/\"},\"wordCount\":325,\"publisher\":{\"@id\":\"https:\/\/www.greenpeace.org\/luxembourg\/fr\/#organization\"},\"image\":{\"@id\":\"https:\/\/www.greenpeace.org\/luxembourg\/fr\/rapports\/14487\/rapport-financier-2021\/#primaryimage\"},\"thumbnailUrl\":\"https:\/\/www.greenpeace.org\/static\/planet4-luxembourg-stateless\/2022\/06\/f0a05d0d-rapportfinancier_2021_greenpeaceluxembourg.jpg\",\"keywords\":[\"Greenpeace\"],\"articleSection\":[\"Greenpeace\"],\"inLanguage\":\"fr-LU\"},{\"@type\":\"WebPage\",\"@id\":\"https:\/\/www.greenpeace.org\/luxembourg\/fr\/rapports\/14487\/rapport-financier-2021\/\",\"url\":\"https:\/\/www.greenpeace.org\/luxembourg\/fr\/rapports\/14487\/rapport-financier-2021\/\",\"name\":\"Rapport Financier 2021 - Greenpeace Luxembourg\",\"isPartOf\":{\"@id\":\"https:\/\/www.greenpeace.org\/luxembourg\/fr\/#website\"},\"primaryImageOfPage\":{\"@id\":\"https:\/\/www.greenpeace.org\/luxembourg\/fr\/rapports\/14487\/rapport-financier-2021\/#primaryimage\"},\"image\":{\"@id\":\"https:\/\/www.greenpeace.org\/luxembourg\/fr\/rapports\/14487\/rapport-financier-2021\/#primaryimage\"},\"thumbnailUrl\":\"https:\/\/www.greenpeace.org\/static\/planet4-luxembourg-stateless\/2022\/06\/f0a05d0d-rapportfinancier_2021_greenpeaceluxembourg.jpg\",\"datePublished\":\"2022-06-16T16:04:08+00:00\",\"dateModified\":\"2022-06-21T07:58:25+00:00\",\"breadcrumb\":{\"@id\":\"https:\/\/www.greenpeace.org\/luxembourg\/fr\/rapports\/14487\/rapport-financier-2021\/#breadcrumb\"},\"inLanguage\":\"fr-LU\",\"potentialAction\":[{\"@type\":\"ReadAction\",\"target\":[\"https:\/\/www.greenpeace.org\/luxembourg\/fr\/rapports\/14487\/rapport-financier-2021\/\"]}]},{\"@type\":\"ImageObject\",\"inLanguage\":\"fr-LU\",\"@id\":\"https:\/\/www.greenpeace.org\/luxembourg\/fr\/rapports\/14487\/rapport-financier-2021\/#primaryimage\",\"url\":\"https:\/\/www.greenpeace.org\/static\/planet4-luxembourg-stateless\/2022\/06\/f0a05d0d-rapportfinancier_2021_greenpeaceluxembourg.jpg\",\"contentUrl\":\"https:\/\/www.greenpeace.org\/static\/planet4-luxembourg-stateless\/2022\/06\/f0a05d0d-rapportfinancier_2021_greenpeaceluxembourg.jpg\",\"width\":210,\"height\":300},{\"@type\":\"BreadcrumbList\",\"@id\":\"https:\/\/www.greenpeace.org\/luxembourg\/fr\/rapports\/14487\/rapport-financier-2021\/#breadcrumb\",\"itemListElement\":[{\"@type\":\"ListItem\",\"position\":1,\"name\":\"Home\",\"item\":\"https:\/\/www.greenpeace.org\/luxembourg\/fr\/\"},{\"@type\":\"ListItem\",\"position\":2,\"name\":\"Rapport Financier 2021\"}]},{\"@type\":\"WebSite\",\"@id\":\"https:\/\/www.greenpeace.org\/luxembourg\/fr\/#website\",\"url\":\"https:\/\/www.greenpeace.org\/luxembourg\/fr\/\",\"name\":\"Greenpeace Luxembourg\",\"description\":\"Greenpeace existe parce que cette Terre fragile a besoin d&#039;une voix. Elle a besoin de solutions. De changement. D&#039;actions.\",\"publisher\":{\"@id\":\"https:\/\/www.greenpeace.org\/luxembourg\/fr\/#organization\"},\"potentialAction\":[{\"@type\":\"SearchAction\",\"target\":{\"@type\":\"EntryPoint\",\"urlTemplate\":\"https:\/\/www.greenpeace.org\/luxembourg\/fr\/?s={search_term_string}\"},\"query-input\":{\"@type\":\"PropertyValueSpecification\",\"valueRequired\":true,\"valueName\":\"search_term_string\"}}],\"inLanguage\":\"fr-LU\"},{\"@type\":\"Organization\",\"@id\":\"https:\/\/www.greenpeace.org\/luxembourg\/fr\/#organization\",\"name\":\"Greenpeace Luxembourg\",\"url\":\"https:\/\/www.greenpeace.org\/luxembourg\/fr\/\",\"logo\":{\"@type\":\"ImageObject\",\"inLanguage\":\"fr-LU\",\"@id\":\"https:\/\/www.greenpeace.org\/luxembourg\/fr\/#\/schema\/logo\/image\/\",\"url\":\"https:\/\/www.greenpeace.org\/static\/planet4-luxembourg-stateless\/2026\/03\/3e367f94-greenpeace_logo_green_rgb.png\",\"contentUrl\":\"https:\/\/www.greenpeace.org\/static\/planet4-luxembourg-stateless\/2026\/03\/3e367f94-greenpeace_logo_green_rgb.png\",\"width\":1080,\"height\":175,\"caption\":\"Greenpeace Luxembourg\"},\"image\":{\"@id\":\"https:\/\/www.greenpeace.org\/luxembourg\/fr\/#\/schema\/logo\/image\/\"},\"sameAs\":[\"https:\/\/www.facebook.com\/greenpeaceluxembourg\",\"https:\/\/www.instagram.com\/greenpeacelux\/\",\"https:\/\/www.linkedin.com\/company\/greenpeace-luxembourg\/\",\"https:\/\/www.threads.com\/@greenpeacelux\",\"https:\/\/bsky.app\/profile\/greenpeacelux.bsky.social\",\"https:\/\/www.youtube.com\/@GreenpeaceLux\",\"https:\/\/www.tiktok.com\/@greenpeace_lux\"]},{\"@type\":\"Person\",\"@id\":\"https:\/\/www.greenpeace.org\/luxembourg\/fr\/#\/schema\/person\/7d322b18d9b47ed2f3e7a6d8f5641c7f\",\"name\":\"Lise Bockler\",\"url\":\"https:\/\/www.greenpeace.org\/luxembourg\/fr\/author\/lbockler\/\"}]}<\/script>\n<!-- \/ Yoast SEO Premium plugin. -->","yoast_head_json":{"title":"Rapport Financier 2021 - Greenpeace Luxembourg","robots":{"index":"index","follow":"follow","max-snippet":"max-snippet:-1","max-image-preview":"max-image-preview:large","max-video-preview":"max-video-preview:-1"},"canonical":"https:\/\/www.greenpeace.org\/luxembourg\/fr\/rapports\/14487\/rapport-financier-2021\/","og_locale":"fr_FR","og_type":"article","og_title":"Rapport Financier 2021","og_description":"En 2021, nous f\u00eatons nos 50 ans d\u2019actions ! Et c'est gr\u00e2ce \u00e0 chacun de nos adh\u00e9rent\u00b7es. Qu'avons nous fait de vos dons ? consultez notre rapport annuel.","og_url":"https:\/\/www.greenpeace.org\/luxembourg\/fr\/rapports\/14487\/rapport-financier-2021\/","og_site_name":"Greenpeace Luxembourg","article_publisher":"https:\/\/www.facebook.com\/greenpeaceluxembourg","article_published_time":"2022-06-16T16:04:08+00:00","article_modified_time":"2022-06-21T07:58:25+00:00","og_image":[{"width":210,"height":300,"url":"https:\/\/www.greenpeace.org\/static\/planet4-luxembourg-stateless\/2022\/06\/f0a05d0d-rapportfinancier_2021_greenpeaceluxembourg.jpg","type":"image\/jpeg"}],"author":"Lise Bockler","twitter_card":"summary_large_image","twitter_misc":{"Written by":"Lise Bockler","Est. reading time":"2 minutes"},"schema":{"@context":"https:\/\/schema.org","@graph":[{"@type":"Article","@id":"https:\/\/www.greenpeace.org\/luxembourg\/fr\/rapports\/14487\/rapport-financier-2021\/#article","isPartOf":{"@id":"https:\/\/www.greenpeace.org\/luxembourg\/fr\/rapports\/14487\/rapport-financier-2021\/"},"author":{"name":"Lise Bockler","@id":"https:\/\/www.greenpeace.org\/luxembourg\/fr\/#\/schema\/person\/7d322b18d9b47ed2f3e7a6d8f5641c7f"},"headline":"Rapport Financier 2021","datePublished":"2022-06-16T16:04:08+00:00","dateModified":"2022-06-21T07:58:25+00:00","mainEntityOfPage":{"@id":"https:\/\/www.greenpeace.org\/luxembourg\/fr\/rapports\/14487\/rapport-financier-2021\/"},"wordCount":325,"publisher":{"@id":"https:\/\/www.greenpeace.org\/luxembourg\/fr\/#organization"},"image":{"@id":"https:\/\/www.greenpeace.org\/luxembourg\/fr\/rapports\/14487\/rapport-financier-2021\/#primaryimage"},"thumbnailUrl":"https:\/\/www.greenpeace.org\/static\/planet4-luxembourg-stateless\/2022\/06\/f0a05d0d-rapportfinancier_2021_greenpeaceluxembourg.jpg","keywords":["Greenpeace"],"articleSection":["Greenpeace"],"inLanguage":"fr-LU"},{"@type":"WebPage","@id":"https:\/\/www.greenpeace.org\/luxembourg\/fr\/rapports\/14487\/rapport-financier-2021\/","url":"https:\/\/www.greenpeace.org\/luxembourg\/fr\/rapports\/14487\/rapport-financier-2021\/","name":"Rapport Financier 2021 - Greenpeace Luxembourg","isPartOf":{"@id":"https:\/\/www.greenpeace.org\/luxembourg\/fr\/#website"},"primaryImageOfPage":{"@id":"https:\/\/www.greenpeace.org\/luxembourg\/fr\/rapports\/14487\/rapport-financier-2021\/#primaryimage"},"image":{"@id":"https:\/\/www.greenpeace.org\/luxembourg\/fr\/rapports\/14487\/rapport-financier-2021\/#primaryimage"},"thumbnailUrl":"https:\/\/www.greenpeace.org\/static\/planet4-luxembourg-stateless\/2022\/06\/f0a05d0d-rapportfinancier_2021_greenpeaceluxembourg.jpg","datePublished":"2022-06-16T16:04:08+00:00","dateModified":"2022-06-21T07:58:25+00:00","breadcrumb":{"@id":"https:\/\/www.greenpeace.org\/luxembourg\/fr\/rapports\/14487\/rapport-financier-2021\/#breadcrumb"},"inLanguage":"fr-LU","potentialAction":[{"@type":"ReadAction","target":["https:\/\/www.greenpeace.org\/luxembourg\/fr\/rapports\/14487\/rapport-financier-2021\/"]}]},{"@type":"ImageObject","inLanguage":"fr-LU","@id":"https:\/\/www.greenpeace.org\/luxembourg\/fr\/rapports\/14487\/rapport-financier-2021\/#primaryimage","url":"https:\/\/www.greenpeace.org\/static\/planet4-luxembourg-stateless\/2022\/06\/f0a05d0d-rapportfinancier_2021_greenpeaceluxembourg.jpg","contentUrl":"https:\/\/www.greenpeace.org\/static\/planet4-luxembourg-stateless\/2022\/06\/f0a05d0d-rapportfinancier_2021_greenpeaceluxembourg.jpg","width":210,"height":300},{"@type":"BreadcrumbList","@id":"https:\/\/www.greenpeace.org\/luxembourg\/fr\/rapports\/14487\/rapport-financier-2021\/#breadcrumb","itemListElement":[{"@type":"ListItem","position":1,"name":"Home","item":"https:\/\/www.greenpeace.org\/luxembourg\/fr\/"},{"@type":"ListItem","position":2,"name":"Rapport Financier 2021"}]},{"@type":"WebSite","@id":"https:\/\/www.greenpeace.org\/luxembourg\/fr\/#website","url":"https:\/\/www.greenpeace.org\/luxembourg\/fr\/","name":"Greenpeace Luxembourg","description":"Greenpeace existe parce que cette Terre fragile a besoin d&#039;une voix. Elle a besoin de solutions. De changement. D&#039;actions.","publisher":{"@id":"https:\/\/www.greenpeace.org\/luxembourg\/fr\/#organization"},"potentialAction":[{"@type":"SearchAction","target":{"@type":"EntryPoint","urlTemplate":"https:\/\/www.greenpeace.org\/luxembourg\/fr\/?s={search_term_string}"},"query-input":{"@type":"PropertyValueSpecification","valueRequired":true,"valueName":"search_term_string"}}],"inLanguage":"fr-LU"},{"@type":"Organization","@id":"https:\/\/www.greenpeace.org\/luxembourg\/fr\/#organization","name":"Greenpeace Luxembourg","url":"https:\/\/www.greenpeace.org\/luxembourg\/fr\/","logo":{"@type":"ImageObject","inLanguage":"fr-LU","@id":"https:\/\/www.greenpeace.org\/luxembourg\/fr\/#\/schema\/logo\/image\/","url":"https:\/\/www.greenpeace.org\/static\/planet4-luxembourg-stateless\/2026\/03\/3e367f94-greenpeace_logo_green_rgb.png","contentUrl":"https:\/\/www.greenpeace.org\/static\/planet4-luxembourg-stateless\/2026\/03\/3e367f94-greenpeace_logo_green_rgb.png","width":1080,"height":175,"caption":"Greenpeace Luxembourg"},"image":{"@id":"https:\/\/www.greenpeace.org\/luxembourg\/fr\/#\/schema\/logo\/image\/"},"sameAs":["https:\/\/www.facebook.com\/greenpeaceluxembourg","https:\/\/www.instagram.com\/greenpeacelux\/","https:\/\/www.linkedin.com\/company\/greenpeace-luxembourg\/","https:\/\/www.threads.com\/@greenpeacelux","https:\/\/bsky.app\/profile\/greenpeacelux.bsky.social","https:\/\/www.youtube.com\/@GreenpeaceLux","https:\/\/www.tiktok.com\/@greenpeace_lux"]},{"@type":"Person","@id":"https:\/\/www.greenpeace.org\/luxembourg\/fr\/#\/schema\/person\/7d322b18d9b47ed2f3e7a6d8f5641c7f","name":"Lise Bockler","url":"https:\/\/www.greenpeace.org\/luxembourg\/fr\/author\/lbockler\/"}]}},"_links":{"self":[{"href":"https:\/\/www.greenpeace.org\/luxembourg\/fr\/wp-json\/wp\/v2\/posts\/14487","targetHints":{"allow":["GET"]}}],"collection":[{"href":"https:\/\/www.greenpeace.org\/luxembourg\/fr\/wp-json\/wp\/v2\/posts"}],"about":[{"href":"https:\/\/www.greenpeace.org\/luxembourg\/fr\/wp-json\/wp\/v2\/types\/post"}],"author":[{"embeddable":true,"href":"https:\/\/www.greenpeace.org\/luxembourg\/fr\/wp-json\/wp\/v2\/users\/22"}],"replies":[{"embeddable":true,"href":"https:\/\/www.greenpeace.org\/luxembourg\/fr\/wp-json\/wp\/v2\/comments?post=14487"}],"version-history":[{"count":8,"href":"https:\/\/www.greenpeace.org\/luxembourg\/fr\/wp-json\/wp\/v2\/posts\/14487\/revisions"}],"predecessor-version":[{"id":14532,"href":"https:\/\/www.greenpeace.org\/luxembourg\/fr\/wp-json\/wp\/v2\/posts\/14487\/revisions\/14532"}],"wp:featuredmedia":[{"embeddable":true,"href":"https:\/\/www.greenpeace.org\/luxembourg\/fr\/wp-json\/wp\/v2\/media\/14484"}],"wp:attachment":[{"href":"https:\/\/www.greenpeace.org\/luxembourg\/fr\/wp-json\/wp\/v2\/media?parent=14487"}],"wp:term":[{"taxonomy":"category","embeddable":true,"href":"https:\/\/www.greenpeace.org\/luxembourg\/fr\/wp-json\/wp\/v2\/categories?post=14487"},{"taxonomy":"post_tag","embeddable":true,"href":"https:\/\/www.greenpeace.org\/luxembourg\/fr\/wp-json\/wp\/v2\/tags?post=14487"},{"taxonomy":"p4-page-type","embeddable":true,"href":"https:\/\/www.greenpeace.org\/luxembourg\/fr\/wp-json\/wp\/v2\/p4-page-type?post=14487"}],"curies":[{"name":"wp","href":"https:\/\/api.w.org\/{rel}","templated":true}]}}