{"id":14629,"date":"2022-07-06T15:09:03","date_gmt":"2022-07-06T13:09:03","guid":{"rendered":"https:\/\/www.greenpeace.org\/luxembourg\/?p=14629"},"modified":"2022-07-06T15:10:29","modified_gmt":"2022-07-06T13:10:29","slug":"taxonomie-greenpeace-annonce-un-recours-en-justice-apres-le-vote-en-faveur-de-linclusion-du-gaz-et-du-nucleaire-des-membres-du-parlement-europeen","status":"publish","type":"post","link":"https:\/\/www.greenpeace.org\/luxembourg\/fr\/communiques-de-presse\/14629\/taxonomie-greenpeace-annonce-un-recours-en-justice-apres-le-vote-en-faveur-de-linclusion-du-gaz-et-du-nucleaire-des-membres-du-parlement-europeen\/","title":{"rendered":"Taxonomie : Greenpeace annonce un recours en justice apr\u00e8s le vote en faveur de l\u2019inclusion du gaz et du nucl\u00e9aire des membres du Parlement europ\u00e9en"},"content":{"rendered":"\n<p><em>Bruxelles\/Luxembourg, 06 juillet 2022 &#8211; <\/em><strong>Greenpeace a annonc\u00e9 aujourd\u2019hui sa volont\u00e9&nbsp; d\u2019intenter une action en justice \u00e0 l\u2019encontre de la Commission europ\u00e9enne au sujet de l&#8217;inclusion du gaz et de l&#8217;\u00e9nergie nucl\u00e9aire dans la liste des investissements durables de l&#8217;UE <\/strong><strong>\u2014<\/strong><strong> la taxonomie <\/strong><strong>\u2014<\/strong><strong> apr\u00e8s le vote du Parlement europ\u00e9en en faveur de ce projet controvers\u00e9.<\/strong><\/p>\n\n<p>278 membres du Parlement europ\u00e9en ont vot\u00e9 contre l\u2019int\u00e9gration du gaz et du nucl\u00e9aire au label vert de l\u2019UE, soit 75 voix de moins que les 353 n\u00e9cessaires.&nbsp;<\/p>\n\n<p>\u00ab <em>Consid\u00e9rer le gaz et le nucl\u00e9aire comme des activit\u00e9s durables et continuer \u00e0 financer la&nbsp; guerre en Ukraine, c&#8217;est une d\u00e9faite s\u00e9v\u00e8re pour le climat et la paix. Nous allons donc poursuivre la lutte&nbsp; au tribunal. Les militant<\/em><em>\u00b7<\/em><em>es pr\u00e9sent<\/em><em>\u00b7<\/em><em>es \u00e0 Strasbourg cette semaine nous inspirent \u00e0 ne pas baisser les bras :&nbsp; pour nous, il ne fait aucun doute&nbsp; que la Cour invalidera ce greenwashing politique, car il est clairement contraire au droit europ\u00e9en <\/em>\u00bb, regrette Ariadna Rodrigo, responsable de la campagne Financement durable de Greenpeace.&nbsp;<\/p>\n\n<figure class=\"wp-block-image size-medium\"><img loading=\"lazy\" decoding=\"async\" width=\"300\" height=\"200\" src=\"https:\/\/www.greenpeace.org\/static\/planet4-luxembourg-stateless\/2022\/07\/45520940-no-gas-no-nuclear-300x200.jpg\" alt=\"\" class=\"wp-image-14630\" srcset=\"https:\/\/www.greenpeace.org\/static\/planet4-luxembourg-stateless\/2022\/07\/45520940-no-gas-no-nuclear-300x200.jpg 300w, https:\/\/www.greenpeace.org\/static\/planet4-luxembourg-stateless\/2022\/07\/45520940-no-gas-no-nuclear-1024x681.jpg 1024w, https:\/\/www.greenpeace.org\/static\/planet4-luxembourg-stateless\/2022\/07\/45520940-no-gas-no-nuclear-768x511.jpg 768w, https:\/\/www.greenpeace.org\/static\/planet4-luxembourg-stateless\/2022\/07\/45520940-no-gas-no-nuclear-1536x1022.jpg 1536w, https:\/\/www.greenpeace.org\/static\/planet4-luxembourg-stateless\/2022\/07\/45520940-no-gas-no-nuclear-510x340.jpg 510w, https:\/\/www.greenpeace.org\/static\/planet4-luxembourg-stateless\/2022\/07\/45520940-no-gas-no-nuclear.jpg 2000w\" sizes=\"auto, (max-width: 300px) 100vw, 300px\" \/><\/figure>\n\n<p>\u00ab <em>Nous saluons tout de m\u00eame que les d\u00e9put\u00e9s europ\u00e9ens luxembourgeois ont vot\u00e9 contre l\u2019inclusion du nucl\u00e9aire et du gaz. Nous esp\u00e9rons que les gouvernements luxembourgeois et autrichien vont introduire une action en justice comme ils l\u2019ont annonc\u00e9 il y a plusieurs mois<\/em> \u00bb, a d\u00e9clar\u00e9 Roger Spautz, charg\u00e9 de campagne nucl\u00e9aire de Greenpeace France et Luxembourg.<\/p>\n\n<p><strong>Prochaines \u00e9tapes<\/strong><\/p>\n\n<p>Avant que le proc\u00e8s puisse avoir lieu, Greenpeace soumettra une demande officielle de r\u00e9vision interne \u00e0 la Commission. \u00c0 l\u2019issue de celle-ci, et si son r\u00e9sultat est n\u00e9gatif, l\u2019ONG lancera une proc\u00e9dure devant la Cour europ\u00e9enne de justice.<\/p>\n","protected":false},"excerpt":{"rendered":"<p>Greenpeace intentera une action en justice \u00e0 l\u2019encontre de la Commission europ\u00e9enne au sujet de l&#8217;inclusion du gaz et de l&#8217;\u00e9nergie nucl\u00e9aire dans taxonomie de l&#8217;UE.<\/p>\n","protected":false},"author":31,"featured_media":14630,"comment_status":"closed","ping_status":"closed","sticky":false,"template":"","format":"standard","meta":{"ep_exclude_from_search":false,"p4_og_title":"","p4_og_description":"","p4_og_image":"","p4_og_image_id":"","p4_seo_canonical_url":"","p4_campaign_name":"not set","p4_local_project":"not set","p4_basket_name":"not set","p4_department":"","footnotes":""},"categories":[41,42,40],"tags":[30,35],"p4-page-type":[83],"class_list":["post-14629","post","type-post","status-publish","format-standard","has-post-thumbnail","hentry","category-climat","category-energie","category-enjeux","tag-nucleaire","tag-energiesfossiles","p4-page-type-communiques-de-presse"],"yoast_head":"<!-- This site is optimized with the Yoast SEO Premium plugin v23.9 (Yoast SEO v23.9) - https:\/\/yoast.com\/wordpress\/plugins\/seo\/ -->\n<title>Taxonomie : Greenpeace annonce un recours en justice apr\u00e8s le vote en faveur de l\u2019inclusion du gaz et du nucl\u00e9aire des membres du Parlement europ\u00e9en - Greenpeace Luxembourg<\/title>\n<meta name=\"robots\" content=\"index, follow, max-snippet:-1, max-image-preview:large, max-video-preview:-1\" \/>\n<link rel=\"canonical\" href=\"https:\/\/www.greenpeace.org\/luxembourg\/fr\/communiques-de-presse\/14629\/taxonomie-greenpeace-annonce-un-recours-en-justice-apres-le-vote-en-faveur-de-linclusion-du-gaz-et-du-nucleaire-des-membres-du-parlement-europeen\/\" \/>\n<meta property=\"og:locale\" content=\"fr_FR\" \/>\n<meta property=\"og:type\" content=\"article\" \/>\n<meta property=\"og:title\" content=\"Taxonomie : Greenpeace annonce un recours en justice apr\u00e8s le vote en faveur de l\u2019inclusion du gaz et du nucl\u00e9aire des membres du Parlement europ\u00e9en\" \/>\n<meta property=\"og:description\" content=\"Greenpeace intentera une action en justice \u00e0 l\u2019encontre de la Commission europ\u00e9enne au sujet de l&#039;inclusion du gaz et de l&#039;\u00e9nergie nucl\u00e9aire dans taxonomie de l&#039;UE.\" \/>\n<meta property=\"og:url\" content=\"https:\/\/www.greenpeace.org\/luxembourg\/fr\/communiques-de-presse\/14629\/taxonomie-greenpeace-annonce-un-recours-en-justice-apres-le-vote-en-faveur-de-linclusion-du-gaz-et-du-nucleaire-des-membres-du-parlement-europeen\/\" \/>\n<meta property=\"og:site_name\" content=\"Greenpeace Luxembourg\" \/>\n<meta property=\"article:publisher\" content=\"https:\/\/www.facebook.com\/greenpeaceluxembourg\" \/>\n<meta property=\"article:published_time\" content=\"2022-07-06T13:09:03+00:00\" \/>\n<meta property=\"article:modified_time\" content=\"2022-07-06T13:10:29+00:00\" \/>\n<meta property=\"og:image\" content=\"https:\/\/www.greenpeace.org\/static\/planet4-luxembourg-stateless\/2022\/07\/45520940-no-gas-no-nuclear.jpg\" \/>\n\t<meta property=\"og:image:width\" content=\"2000\" \/>\n\t<meta property=\"og:image:height\" content=\"1331\" \/>\n\t<meta property=\"og:image:type\" content=\"image\/jpeg\" \/>\n<meta name=\"author\" content=\"Myriam Wecker\" \/>\n<meta name=\"twitter:card\" content=\"summary_large_image\" \/>\n<meta name=\"twitter:label1\" content=\"Written by\" \/>\n\t<meta name=\"twitter:data1\" content=\"Myriam Wecker\" \/>\n\t<meta name=\"twitter:label2\" content=\"Est. reading time\" \/>\n\t<meta name=\"twitter:data2\" content=\"2 minutes\" \/>\n<script type=\"application\/ld+json\" class=\"yoast-schema-graph\">{\"@context\":\"https:\/\/schema.org\",\"@graph\":[{\"@type\":\"Article\",\"@id\":\"https:\/\/www.greenpeace.org\/luxembourg\/fr\/communiques-de-presse\/14629\/taxonomie-greenpeace-annonce-un-recours-en-justice-apres-le-vote-en-faveur-de-linclusion-du-gaz-et-du-nucleaire-des-membres-du-parlement-europeen\/#article\",\"isPartOf\":{\"@id\":\"https:\/\/www.greenpeace.org\/luxembourg\/fr\/communiques-de-presse\/14629\/taxonomie-greenpeace-annonce-un-recours-en-justice-apres-le-vote-en-faveur-de-linclusion-du-gaz-et-du-nucleaire-des-membres-du-parlement-europeen\/\"},\"author\":{\"name\":\"Myriam Wecker\",\"@id\":\"https:\/\/www.greenpeace.org\/luxembourg\/fr\/#\/schema\/person\/c2ae6002b8ed18c00be0c6b320eea776\"},\"headline\":\"Taxonomie : Greenpeace annonce un recours en justice apr\u00e8s le vote en faveur de l\u2019inclusion du gaz et du nucl\u00e9aire des membres du Parlement europ\u00e9en\",\"datePublished\":\"2022-07-06T13:09:03+00:00\",\"dateModified\":\"2022-07-06T13:10:29+00:00\",\"mainEntityOfPage\":{\"@id\":\"https:\/\/www.greenpeace.org\/luxembourg\/fr\/communiques-de-presse\/14629\/taxonomie-greenpeace-annonce-un-recours-en-justice-apres-le-vote-en-faveur-de-linclusion-du-gaz-et-du-nucleaire-des-membres-du-parlement-europeen\/\"},\"wordCount\":331,\"publisher\":{\"@id\":\"https:\/\/www.greenpeace.org\/luxembourg\/fr\/#organization\"},\"image\":{\"@id\":\"https:\/\/www.greenpeace.org\/luxembourg\/fr\/communiques-de-presse\/14629\/taxonomie-greenpeace-annonce-un-recours-en-justice-apres-le-vote-en-faveur-de-linclusion-du-gaz-et-du-nucleaire-des-membres-du-parlement-europeen\/#primaryimage\"},\"thumbnailUrl\":\"https:\/\/www.greenpeace.org\/static\/planet4-luxembourg-stateless\/2022\/07\/45520940-no-gas-no-nuclear.jpg\",\"keywords\":[\"Nucl\u00e9aire\",\"EnergiesFossiles\"],\"articleSection\":[\"Climat\",\"\u00c9nergie\",\"Les enjeux\"],\"inLanguage\":\"fr-LU\"},{\"@type\":\"WebPage\",\"@id\":\"https:\/\/www.greenpeace.org\/luxembourg\/fr\/communiques-de-presse\/14629\/taxonomie-greenpeace-annonce-un-recours-en-justice-apres-le-vote-en-faveur-de-linclusion-du-gaz-et-du-nucleaire-des-membres-du-parlement-europeen\/\",\"url\":\"https:\/\/www.greenpeace.org\/luxembourg\/fr\/communiques-de-presse\/14629\/taxonomie-greenpeace-annonce-un-recours-en-justice-apres-le-vote-en-faveur-de-linclusion-du-gaz-et-du-nucleaire-des-membres-du-parlement-europeen\/\",\"name\":\"Taxonomie : Greenpeace annonce un recours en justice apr\u00e8s le vote en faveur de l\u2019inclusion du gaz et du nucl\u00e9aire des membres du Parlement europ\u00e9en - Greenpeace Luxembourg\",\"isPartOf\":{\"@id\":\"https:\/\/www.greenpeace.org\/luxembourg\/fr\/#website\"},\"primaryImageOfPage\":{\"@id\":\"https:\/\/www.greenpeace.org\/luxembourg\/fr\/communiques-de-presse\/14629\/taxonomie-greenpeace-annonce-un-recours-en-justice-apres-le-vote-en-faveur-de-linclusion-du-gaz-et-du-nucleaire-des-membres-du-parlement-europeen\/#primaryimage\"},\"image\":{\"@id\":\"https:\/\/www.greenpeace.org\/luxembourg\/fr\/communiques-de-presse\/14629\/taxonomie-greenpeace-annonce-un-recours-en-justice-apres-le-vote-en-faveur-de-linclusion-du-gaz-et-du-nucleaire-des-membres-du-parlement-europeen\/#primaryimage\"},\"thumbnailUrl\":\"https:\/\/www.greenpeace.org\/static\/planet4-luxembourg-stateless\/2022\/07\/45520940-no-gas-no-nuclear.jpg\",\"datePublished\":\"2022-07-06T13:09:03+00:00\",\"dateModified\":\"2022-07-06T13:10:29+00:00\",\"breadcrumb\":{\"@id\":\"https:\/\/www.greenpeace.org\/luxembourg\/fr\/communiques-de-presse\/14629\/taxonomie-greenpeace-annonce-un-recours-en-justice-apres-le-vote-en-faveur-de-linclusion-du-gaz-et-du-nucleaire-des-membres-du-parlement-europeen\/#breadcrumb\"},\"inLanguage\":\"fr-LU\",\"potentialAction\":[{\"@type\":\"ReadAction\",\"target\":[\"https:\/\/www.greenpeace.org\/luxembourg\/fr\/communiques-de-presse\/14629\/taxonomie-greenpeace-annonce-un-recours-en-justice-apres-le-vote-en-faveur-de-linclusion-du-gaz-et-du-nucleaire-des-membres-du-parlement-europeen\/\"]}]},{\"@type\":\"ImageObject\",\"inLanguage\":\"fr-LU\",\"@id\":\"https:\/\/www.greenpeace.org\/luxembourg\/fr\/communiques-de-presse\/14629\/taxonomie-greenpeace-annonce-un-recours-en-justice-apres-le-vote-en-faveur-de-linclusion-du-gaz-et-du-nucleaire-des-membres-du-parlement-europeen\/#primaryimage\",\"url\":\"https:\/\/www.greenpeace.org\/static\/planet4-luxembourg-stateless\/2022\/07\/45520940-no-gas-no-nuclear.jpg\",\"contentUrl\":\"https:\/\/www.greenpeace.org\/static\/planet4-luxembourg-stateless\/2022\/07\/45520940-no-gas-no-nuclear.jpg\",\"width\":2000,\"height\":1331},{\"@type\":\"BreadcrumbList\",\"@id\":\"https:\/\/www.greenpeace.org\/luxembourg\/fr\/communiques-de-presse\/14629\/taxonomie-greenpeace-annonce-un-recours-en-justice-apres-le-vote-en-faveur-de-linclusion-du-gaz-et-du-nucleaire-des-membres-du-parlement-europeen\/#breadcrumb\",\"itemListElement\":[{\"@type\":\"ListItem\",\"position\":1,\"name\":\"Home\",\"item\":\"https:\/\/www.greenpeace.org\/luxembourg\/fr\/\"},{\"@type\":\"ListItem\",\"position\":2,\"name\":\"Taxonomie : Greenpeace annonce un recours en justice apr\u00e8s le vote en faveur de l\u2019inclusion du gaz et du nucl\u00e9aire des membres du Parlement europ\u00e9en\"}]},{\"@type\":\"WebSite\",\"@id\":\"https:\/\/www.greenpeace.org\/luxembourg\/fr\/#website\",\"url\":\"https:\/\/www.greenpeace.org\/luxembourg\/fr\/\",\"name\":\"Greenpeace Luxembourg\",\"description\":\"Greenpeace existe parce que cette Terre fragile a besoin d&#039;une voix. Elle a besoin de solutions. De changement. D&#039;actions.\",\"publisher\":{\"@id\":\"https:\/\/www.greenpeace.org\/luxembourg\/fr\/#organization\"},\"potentialAction\":[{\"@type\":\"SearchAction\",\"target\":{\"@type\":\"EntryPoint\",\"urlTemplate\":\"https:\/\/www.greenpeace.org\/luxembourg\/fr\/?s={search_term_string}\"},\"query-input\":{\"@type\":\"PropertyValueSpecification\",\"valueRequired\":true,\"valueName\":\"search_term_string\"}}],\"inLanguage\":\"fr-LU\"},{\"@type\":\"Organization\",\"@id\":\"https:\/\/www.greenpeace.org\/luxembourg\/fr\/#organization\",\"name\":\"Greenpeace Luxembourg\",\"url\":\"https:\/\/www.greenpeace.org\/luxembourg\/fr\/\",\"logo\":{\"@type\":\"ImageObject\",\"inLanguage\":\"fr-LU\",\"@id\":\"https:\/\/www.greenpeace.org\/luxembourg\/fr\/#\/schema\/logo\/image\/\",\"url\":\"https:\/\/www.greenpeace.org\/static\/planet4-luxembourg-stateless\/2026\/03\/3e367f94-greenpeace_logo_green_rgb.png\",\"contentUrl\":\"https:\/\/www.greenpeace.org\/static\/planet4-luxembourg-stateless\/2026\/03\/3e367f94-greenpeace_logo_green_rgb.png\",\"width\":1080,\"height\":175,\"caption\":\"Greenpeace Luxembourg\"},\"image\":{\"@id\":\"https:\/\/www.greenpeace.org\/luxembourg\/fr\/#\/schema\/logo\/image\/\"},\"sameAs\":[\"https:\/\/www.facebook.com\/greenpeaceluxembourg\",\"https:\/\/www.instagram.com\/greenpeacelux\/\",\"https:\/\/www.linkedin.com\/company\/greenpeace-luxembourg\/\",\"https:\/\/www.threads.com\/@greenpeacelux\",\"https:\/\/bsky.app\/profile\/greenpeacelux.bsky.social\",\"https:\/\/www.youtube.com\/@GreenpeaceLux\",\"https:\/\/www.tiktok.com\/@greenpeace_lux\"]},{\"@type\":\"Person\",\"@id\":\"https:\/\/www.greenpeace.org\/luxembourg\/fr\/#\/schema\/person\/c2ae6002b8ed18c00be0c6b320eea776\",\"name\":\"Myriam Wecker\",\"url\":\"https:\/\/www.greenpeace.org\/luxembourg\/fr\/author\/mwecker\/\"}]}<\/script>\n<!-- \/ Yoast SEO Premium plugin. -->","yoast_head_json":{"title":"Taxonomie : Greenpeace annonce un recours en justice apr\u00e8s le vote en faveur de l\u2019inclusion du gaz et du nucl\u00e9aire des membres du Parlement europ\u00e9en - Greenpeace Luxembourg","robots":{"index":"index","follow":"follow","max-snippet":"max-snippet:-1","max-image-preview":"max-image-preview:large","max-video-preview":"max-video-preview:-1"},"canonical":"https:\/\/www.greenpeace.org\/luxembourg\/fr\/communiques-de-presse\/14629\/taxonomie-greenpeace-annonce-un-recours-en-justice-apres-le-vote-en-faveur-de-linclusion-du-gaz-et-du-nucleaire-des-membres-du-parlement-europeen\/","og_locale":"fr_FR","og_type":"article","og_title":"Taxonomie : Greenpeace annonce un recours en justice apr\u00e8s le vote en faveur de l\u2019inclusion du gaz et du nucl\u00e9aire des membres du Parlement europ\u00e9en","og_description":"Greenpeace intentera une action en justice \u00e0 l\u2019encontre de la Commission europ\u00e9enne au sujet de l'inclusion du gaz et de l'\u00e9nergie nucl\u00e9aire dans taxonomie de l'UE.","og_url":"https:\/\/www.greenpeace.org\/luxembourg\/fr\/communiques-de-presse\/14629\/taxonomie-greenpeace-annonce-un-recours-en-justice-apres-le-vote-en-faveur-de-linclusion-du-gaz-et-du-nucleaire-des-membres-du-parlement-europeen\/","og_site_name":"Greenpeace Luxembourg","article_publisher":"https:\/\/www.facebook.com\/greenpeaceluxembourg","article_published_time":"2022-07-06T13:09:03+00:00","article_modified_time":"2022-07-06T13:10:29+00:00","og_image":[{"width":2000,"height":1331,"url":"https:\/\/www.greenpeace.org\/static\/planet4-luxembourg-stateless\/2022\/07\/45520940-no-gas-no-nuclear.jpg","type":"image\/jpeg"}],"author":"Myriam Wecker","twitter_card":"summary_large_image","twitter_misc":{"Written by":"Myriam Wecker","Est. reading time":"2 minutes"},"schema":{"@context":"https:\/\/schema.org","@graph":[{"@type":"Article","@id":"https:\/\/www.greenpeace.org\/luxembourg\/fr\/communiques-de-presse\/14629\/taxonomie-greenpeace-annonce-un-recours-en-justice-apres-le-vote-en-faveur-de-linclusion-du-gaz-et-du-nucleaire-des-membres-du-parlement-europeen\/#article","isPartOf":{"@id":"https:\/\/www.greenpeace.org\/luxembourg\/fr\/communiques-de-presse\/14629\/taxonomie-greenpeace-annonce-un-recours-en-justice-apres-le-vote-en-faveur-de-linclusion-du-gaz-et-du-nucleaire-des-membres-du-parlement-europeen\/"},"author":{"name":"Myriam Wecker","@id":"https:\/\/www.greenpeace.org\/luxembourg\/fr\/#\/schema\/person\/c2ae6002b8ed18c00be0c6b320eea776"},"headline":"Taxonomie : Greenpeace annonce un recours en justice apr\u00e8s le vote en faveur de l\u2019inclusion du gaz et du nucl\u00e9aire des membres du Parlement europ\u00e9en","datePublished":"2022-07-06T13:09:03+00:00","dateModified":"2022-07-06T13:10:29+00:00","mainEntityOfPage":{"@id":"https:\/\/www.greenpeace.org\/luxembourg\/fr\/communiques-de-presse\/14629\/taxonomie-greenpeace-annonce-un-recours-en-justice-apres-le-vote-en-faveur-de-linclusion-du-gaz-et-du-nucleaire-des-membres-du-parlement-europeen\/"},"wordCount":331,"publisher":{"@id":"https:\/\/www.greenpeace.org\/luxembourg\/fr\/#organization"},"image":{"@id":"https:\/\/www.greenpeace.org\/luxembourg\/fr\/communiques-de-presse\/14629\/taxonomie-greenpeace-annonce-un-recours-en-justice-apres-le-vote-en-faveur-de-linclusion-du-gaz-et-du-nucleaire-des-membres-du-parlement-europeen\/#primaryimage"},"thumbnailUrl":"https:\/\/www.greenpeace.org\/static\/planet4-luxembourg-stateless\/2022\/07\/45520940-no-gas-no-nuclear.jpg","keywords":["Nucl\u00e9aire","EnergiesFossiles"],"articleSection":["Climat","\u00c9nergie","Les enjeux"],"inLanguage":"fr-LU"},{"@type":"WebPage","@id":"https:\/\/www.greenpeace.org\/luxembourg\/fr\/communiques-de-presse\/14629\/taxonomie-greenpeace-annonce-un-recours-en-justice-apres-le-vote-en-faveur-de-linclusion-du-gaz-et-du-nucleaire-des-membres-du-parlement-europeen\/","url":"https:\/\/www.greenpeace.org\/luxembourg\/fr\/communiques-de-presse\/14629\/taxonomie-greenpeace-annonce-un-recours-en-justice-apres-le-vote-en-faveur-de-linclusion-du-gaz-et-du-nucleaire-des-membres-du-parlement-europeen\/","name":"Taxonomie : Greenpeace annonce un recours en justice apr\u00e8s le vote en faveur de l\u2019inclusion du gaz et du nucl\u00e9aire des membres du Parlement europ\u00e9en - Greenpeace Luxembourg","isPartOf":{"@id":"https:\/\/www.greenpeace.org\/luxembourg\/fr\/#website"},"primaryImageOfPage":{"@id":"https:\/\/www.greenpeace.org\/luxembourg\/fr\/communiques-de-presse\/14629\/taxonomie-greenpeace-annonce-un-recours-en-justice-apres-le-vote-en-faveur-de-linclusion-du-gaz-et-du-nucleaire-des-membres-du-parlement-europeen\/#primaryimage"},"image":{"@id":"https:\/\/www.greenpeace.org\/luxembourg\/fr\/communiques-de-presse\/14629\/taxonomie-greenpeace-annonce-un-recours-en-justice-apres-le-vote-en-faveur-de-linclusion-du-gaz-et-du-nucleaire-des-membres-du-parlement-europeen\/#primaryimage"},"thumbnailUrl":"https:\/\/www.greenpeace.org\/static\/planet4-luxembourg-stateless\/2022\/07\/45520940-no-gas-no-nuclear.jpg","datePublished":"2022-07-06T13:09:03+00:00","dateModified":"2022-07-06T13:10:29+00:00","breadcrumb":{"@id":"https:\/\/www.greenpeace.org\/luxembourg\/fr\/communiques-de-presse\/14629\/taxonomie-greenpeace-annonce-un-recours-en-justice-apres-le-vote-en-faveur-de-linclusion-du-gaz-et-du-nucleaire-des-membres-du-parlement-europeen\/#breadcrumb"},"inLanguage":"fr-LU","potentialAction":[{"@type":"ReadAction","target":["https:\/\/www.greenpeace.org\/luxembourg\/fr\/communiques-de-presse\/14629\/taxonomie-greenpeace-annonce-un-recours-en-justice-apres-le-vote-en-faveur-de-linclusion-du-gaz-et-du-nucleaire-des-membres-du-parlement-europeen\/"]}]},{"@type":"ImageObject","inLanguage":"fr-LU","@id":"https:\/\/www.greenpeace.org\/luxembourg\/fr\/communiques-de-presse\/14629\/taxonomie-greenpeace-annonce-un-recours-en-justice-apres-le-vote-en-faveur-de-linclusion-du-gaz-et-du-nucleaire-des-membres-du-parlement-europeen\/#primaryimage","url":"https:\/\/www.greenpeace.org\/static\/planet4-luxembourg-stateless\/2022\/07\/45520940-no-gas-no-nuclear.jpg","contentUrl":"https:\/\/www.greenpeace.org\/static\/planet4-luxembourg-stateless\/2022\/07\/45520940-no-gas-no-nuclear.jpg","width":2000,"height":1331},{"@type":"BreadcrumbList","@id":"https:\/\/www.greenpeace.org\/luxembourg\/fr\/communiques-de-presse\/14629\/taxonomie-greenpeace-annonce-un-recours-en-justice-apres-le-vote-en-faveur-de-linclusion-du-gaz-et-du-nucleaire-des-membres-du-parlement-europeen\/#breadcrumb","itemListElement":[{"@type":"ListItem","position":1,"name":"Home","item":"https:\/\/www.greenpeace.org\/luxembourg\/fr\/"},{"@type":"ListItem","position":2,"name":"Taxonomie : Greenpeace annonce un recours en justice apr\u00e8s le vote en faveur de l\u2019inclusion du gaz et du nucl\u00e9aire des membres du Parlement europ\u00e9en"}]},{"@type":"WebSite","@id":"https:\/\/www.greenpeace.org\/luxembourg\/fr\/#website","url":"https:\/\/www.greenpeace.org\/luxembourg\/fr\/","name":"Greenpeace Luxembourg","description":"Greenpeace existe parce que cette Terre fragile a besoin d&#039;une voix. Elle a besoin de solutions. De changement. D&#039;actions.","publisher":{"@id":"https:\/\/www.greenpeace.org\/luxembourg\/fr\/#organization"},"potentialAction":[{"@type":"SearchAction","target":{"@type":"EntryPoint","urlTemplate":"https:\/\/www.greenpeace.org\/luxembourg\/fr\/?s={search_term_string}"},"query-input":{"@type":"PropertyValueSpecification","valueRequired":true,"valueName":"search_term_string"}}],"inLanguage":"fr-LU"},{"@type":"Organization","@id":"https:\/\/www.greenpeace.org\/luxembourg\/fr\/#organization","name":"Greenpeace Luxembourg","url":"https:\/\/www.greenpeace.org\/luxembourg\/fr\/","logo":{"@type":"ImageObject","inLanguage":"fr-LU","@id":"https:\/\/www.greenpeace.org\/luxembourg\/fr\/#\/schema\/logo\/image\/","url":"https:\/\/www.greenpeace.org\/static\/planet4-luxembourg-stateless\/2026\/03\/3e367f94-greenpeace_logo_green_rgb.png","contentUrl":"https:\/\/www.greenpeace.org\/static\/planet4-luxembourg-stateless\/2026\/03\/3e367f94-greenpeace_logo_green_rgb.png","width":1080,"height":175,"caption":"Greenpeace Luxembourg"},"image":{"@id":"https:\/\/www.greenpeace.org\/luxembourg\/fr\/#\/schema\/logo\/image\/"},"sameAs":["https:\/\/www.facebook.com\/greenpeaceluxembourg","https:\/\/www.instagram.com\/greenpeacelux\/","https:\/\/www.linkedin.com\/company\/greenpeace-luxembourg\/","https:\/\/www.threads.com\/@greenpeacelux","https:\/\/bsky.app\/profile\/greenpeacelux.bsky.social","https:\/\/www.youtube.com\/@GreenpeaceLux","https:\/\/www.tiktok.com\/@greenpeace_lux"]},{"@type":"Person","@id":"https:\/\/www.greenpeace.org\/luxembourg\/fr\/#\/schema\/person\/c2ae6002b8ed18c00be0c6b320eea776","name":"Myriam Wecker","url":"https:\/\/www.greenpeace.org\/luxembourg\/fr\/author\/mwecker\/"}]}},"_links":{"self":[{"href":"https:\/\/www.greenpeace.org\/luxembourg\/fr\/wp-json\/wp\/v2\/posts\/14629","targetHints":{"allow":["GET"]}}],"collection":[{"href":"https:\/\/www.greenpeace.org\/luxembourg\/fr\/wp-json\/wp\/v2\/posts"}],"about":[{"href":"https:\/\/www.greenpeace.org\/luxembourg\/fr\/wp-json\/wp\/v2\/types\/post"}],"author":[{"embeddable":true,"href":"https:\/\/www.greenpeace.org\/luxembourg\/fr\/wp-json\/wp\/v2\/users\/31"}],"replies":[{"embeddable":true,"href":"https:\/\/www.greenpeace.org\/luxembourg\/fr\/wp-json\/wp\/v2\/comments?post=14629"}],"version-history":[{"count":2,"href":"https:\/\/www.greenpeace.org\/luxembourg\/fr\/wp-json\/wp\/v2\/posts\/14629\/revisions"}],"predecessor-version":[{"id":14635,"href":"https:\/\/www.greenpeace.org\/luxembourg\/fr\/wp-json\/wp\/v2\/posts\/14629\/revisions\/14635"}],"wp:featuredmedia":[{"embeddable":true,"href":"https:\/\/www.greenpeace.org\/luxembourg\/fr\/wp-json\/wp\/v2\/media\/14630"}],"wp:attachment":[{"href":"https:\/\/www.greenpeace.org\/luxembourg\/fr\/wp-json\/wp\/v2\/media?parent=14629"}],"wp:term":[{"taxonomy":"category","embeddable":true,"href":"https:\/\/www.greenpeace.org\/luxembourg\/fr\/wp-json\/wp\/v2\/categories?post=14629"},{"taxonomy":"post_tag","embeddable":true,"href":"https:\/\/www.greenpeace.org\/luxembourg\/fr\/wp-json\/wp\/v2\/tags?post=14629"},{"taxonomy":"p4-page-type","embeddable":true,"href":"https:\/\/www.greenpeace.org\/luxembourg\/fr\/wp-json\/wp\/v2\/p4-page-type?post=14629"}],"curies":[{"name":"wp","href":"https:\/\/api.w.org\/{rel}","templated":true}]}}