{"id":14637,"date":"2022-07-11T13:35:30","date_gmt":"2022-07-11T11:35:30","guid":{"rendered":"https:\/\/www.greenpeace.org\/luxembourg\/?p=14637"},"modified":"2022-07-12T09:02:47","modified_gmt":"2022-07-12T07:02:47","slug":"sortie-de-route-pour-la-banque-europeenne-pour-le-climat","status":"publish","type":"post","link":"https:\/\/www.greenpeace.org\/luxembourg\/fr\/communiques-de-presse\/14637\/sortie-de-route-pour-la-banque-europeenne-pour-le-climat\/","title":{"rendered":"Sortie de route pour la \u00ab Banque europ\u00e9enne pour le climat \u00bb"},"content":{"rendered":"\n<h2 class=\"wp-block-heading\">La BEI se laisse la possibilit\u00e9&nbsp; de financer des infrastructures de transport polluants<\/h2>\n\n<p><strong>Ce mercredi 13 juillet, le Conseil d&#8217;administration de la Banque Europ\u00e9enne d\u2019Investissement (BEI) va approuver la nouvelle politique de pr\u00eat dans le secteur des transports [1] qui laisse la porte ouverte aux investissements en faveur du d\u00e9veloppement routier et autoroutier europ\u00e9en, pourtant d\u00e9j\u00e0 l\u2019un des plus dense au monde. Une nouvelle prise de position de CEE Bankwatch Network, Counterbalance, Greenpeace et Urgewald publi\u00e9e ce jour [2] montre que la BEI ne parvient pas \u00e0 faire les choix n\u00e9cessaires pour changer le syst\u00e8me de transport actuel. Greenpeace exige la modification de cette politique et le d\u00e9veloppement d\u2019une mobilit\u00e9 r\u00e9ellement durable.&nbsp;&nbsp;<\/strong><\/p>\n\n<p><strong>Fr\u00e9d\u00e9ric Meys, charg\u00e9 de campagne <\/strong><strong><em>System Change <\/em><\/strong><strong>chez Greenpeace Luxembourg, explique : <\/strong><em>\u00ab<\/em><strong><em> <\/em><\/strong><em>Alors que des \u00e9v\u00e8nements climatiques extr\u00eames ont frapp\u00e9 l\u2019Europe ces derniers temps, la Banque Europ\u00e9enne d\u2019Investissement n&#8217;exclut toujours pas ses investissements en faveur du d\u00e9veloppement autoroutier europ\u00e9en. Dans son projet de politique de pr\u00eat dans le secteur des transports, la BEI laisse la porte ouverte aux investissements permettant d\u2019agrandir toujours plus le r\u00e9seau routier et autoroutier. De ce fait, et bien que reconnaissant la nocivit\u00e9 du trafic routier, la BEI permet de laisser plus de place \u00e0 la voiture, bien souvent individuelle, dans le paysage europ\u00e9en \u00bb<\/em>.<\/p>\n\n<p>Le secteur du transport constitue plus de 25 % des investissements de la BEI, ce qui correspond \u00e0 21 milliards d\u2019euros d\u2019investissement ces deux derni\u00e8res ann\u00e9es. La nouvelle politique propos\u00e9e part de l\u2019hypoth\u00e8se d\u2019une croissance toujours plus grande de la mobilit\u00e9. Sans vision claire pour le changement n\u00e9cessaire afin de maintenir les activit\u00e9s humaines dans les limites plan\u00e9taires, la BEI ne fait que renforcer la tendance vers toujours plus de mobilit\u00e9, sans suffisamment tenir compte des impacts environnementaux et sociaux qui sont li\u00e9s. L\u2019Europe conna\u00eet toujours plus d\u2019embouteillages sur son sol, source de perte de temps et de d\u00e9g\u00e2ts multiples. Il convient de souligner \u00e9galement que l\u2019\u00e9lectrification des moyens de transport n\u2019apporte pas une r\u00e9ponse \u00e0 cette probl\u00e9matique, et bien qu\u2019ayant un impact moins grand sur l\u2019environnement, ne permet pas non plus une r\u00e9duction des in\u00e9galit\u00e9s sociales.<\/p>\n\n<figure class=\"wp-block-image size-full\"><img loading=\"lazy\" decoding=\"async\" width=\"800\" height=\"561\" src=\"https:\/\/www.greenpeace.org\/static\/planet4-luxembourg-stateless\/2022\/07\/f7c508bc-gp0stpfhb_web_size_with_credit_line.jpg\" alt=\"\" class=\"wp-image-14640\" srcset=\"https:\/\/www.greenpeace.org\/static\/planet4-luxembourg-stateless\/2022\/07\/f7c508bc-gp0stpfhb_web_size_with_credit_line.jpg 800w, https:\/\/www.greenpeace.org\/static\/planet4-luxembourg-stateless\/2022\/07\/f7c508bc-gp0stpfhb_web_size_with_credit_line-300x210.jpg 300w, https:\/\/www.greenpeace.org\/static\/planet4-luxembourg-stateless\/2022\/07\/f7c508bc-gp0stpfhb_web_size_with_credit_line-768x539.jpg 768w, https:\/\/www.greenpeace.org\/static\/planet4-luxembourg-stateless\/2022\/07\/f7c508bc-gp0stpfhb_web_size_with_credit_line-485x340.jpg 485w\" sizes=\"auto, (max-width: 800px) 100vw, 800px\" \/><\/figure>\n\n<p>Continuer \u00e0 investir dans les infrastructures li\u00e9es aux \u00e9nergies fossiles et \u00e0 la surconsommation m\u00e8ne in\u00e9vitablement \u00e0 se poser la question de la p\u00e9rennit\u00e9 de ces investissements. Concernant les routes et autoroutes, cela correspond \u00e0 3 milliards d\u2019euros en 2020 et 2021 d\u2019investissement par la BEI.&nbsp; Il est probable que ces investissements deviennent des actifs perdus (&#8216;stranded assets&#8217;) dans un avenir plus ou moins proche. Le 7 juillet, le Parlement europ\u00e9en a adress\u00e9 un appel clair \u00e0 la BEI dans le cadre d&#8217;une motion demandant une meilleure prise en compte de la probl\u00e9matique des \u00ab stranded assets \u00bb [3].&nbsp;<\/p>\n\n<p>En dehors de l\u2019aspect investissement, on constate que cette tendance vers plus de la mobilit\u00e9 est poursuivie au Luxembourg \u00e9galement.&nbsp;<\/p>\n\n<p>Fr\u00e9d\u00e9ric Meys ajoute : \u00ab<em> Au niveau du Luxembourg, une politique de mobilit\u00e9 a \u00e9t\u00e9 pr\u00e9sent\u00e9e r\u00e9cemment par le ministre de la mobilit\u00e9 et des travaux publics. Bien que faisant la part belle \u00e0 la promotion de moyens de transports alternatifs \u00e0 la voiture individuelle, cette politique ne pr\u00e9sente pas non plus la rupture n\u00e9cessaire: on envisage toujours plus de croissance alors que l\u2019on sait que les limites plan\u00e9taires sont d\u00e9j\u00e0 largement d\u00e9pass\u00e9es <\/em>\u00bb.<\/p>\n\n<p>Alors que le pr\u00e9sident de la BEI, Werner Hoyer, a clairement d\u00e9clar\u00e9 que les investissements dans les \u00e9nergies fossiles \u00e9taient termin\u00e9s, la BEI laisse \u00e9galement ouverte la possibilit\u00e9 d&#8217;investir dans des navires propuls\u00e9s au gaz naturel liqu\u00e9fi\u00e9 (<em>Liquefied natural gas, LNG<\/em>). Or, l&#8217;ensemble du cycle de vie de cette \u00e9nergie fossile est une source d&#8217;\u00e9missions de m\u00e9thane, dont le potentiel de r\u00e9chauffement climatique est 80 fois plus important que celui du dioxyde de carbone.&nbsp;&nbsp;<\/p>\n\n<hr class=\"wp-block-separator has-alpha-channel-opacity\"\/>\n\n<p><strong>Notes :&nbsp;<\/strong><\/p>\n\n<p>[1]<a href=\"https:\/\/consult.eib.org\/consultation\/tlp-2021-en\/\" target=\"_blank\" rel=\"noreferrer noopener\"> Public consultation on the revision of the EIB\u2019s Transport Lending Policy<\/a><\/p>\n\n<p>[2] &nbsp;CEE Bankwatch Network, Counterbalance, Greenpeace et Urgewald, <a rel=\"noreferrer noopener\" href=\"https:\/\/counter-balance.org\/publications\/making-the-eib-a-driver-for-green-accessible-transport\" target=\"_blank\">Making the EIB a driver of green, accessible transport<\/a>, 11 juillet 2022<\/p>\n\n<p>[3] <a href=\"https:\/\/www.europarl.europa.eu\/doceo\/document\/A-9-2022-0165_EN.html\" target=\"_blank\" rel=\"noreferrer noopener\">REPORT on the financial activities of the European Investment Bank \u2013 annual report 2021<\/a><\/p>\n","protected":false},"excerpt":{"rendered":"<p>La BEI ne parvient pas \u00e0 faire les choix n\u00e9cessaires pour changer le syst\u00e8me de transport actuel. <\/p>\n","protected":false},"author":31,"featured_media":14638,"comment_status":"closed","ping_status":"closed","sticky":false,"template":"","format":"standard","meta":{"ep_exclude_from_search":false,"p4_og_title":"","p4_og_description":"","p4_og_image":"","p4_og_image_id":"","p4_seo_canonical_url":"","p4_campaign_name":"not set","p4_local_project":"not set","p4_basket_name":"not set","p4_department":"","footnotes":""},"categories":[41,42,40],"tags":[32,95],"p4-page-type":[83],"class_list":["post-14637","post","type-post","status-publish","format-standard","has-post-thumbnail","hentry","category-climat","category-energie","category-enjeux","tag-luxembourg","tag-secteurfinancier","p4-page-type-communiques-de-presse"],"yoast_head":"<!-- This site is optimized with the Yoast SEO Premium plugin v23.9 (Yoast SEO v23.9) - https:\/\/yoast.com\/wordpress\/plugins\/seo\/ -->\n<title>Sortie de route pour la \u00ab Banque europ\u00e9enne pour le climat \u00bb - Greenpeace Luxembourg<\/title>\n<meta name=\"robots\" content=\"index, follow, max-snippet:-1, max-image-preview:large, max-video-preview:-1\" \/>\n<link rel=\"canonical\" href=\"https:\/\/www.greenpeace.org\/luxembourg\/fr\/communiques-de-presse\/14637\/sortie-de-route-pour-la-banque-europeenne-pour-le-climat\/\" \/>\n<meta property=\"og:locale\" content=\"fr_FR\" \/>\n<meta property=\"og:type\" content=\"article\" \/>\n<meta property=\"og:title\" content=\"Sortie de route pour la \u00ab Banque europ\u00e9enne pour le climat \u00bb\" \/>\n<meta property=\"og:description\" content=\"La BEI ne parvient pas \u00e0 faire les choix n\u00e9cessaires pour changer le syst\u00e8me de transport actuel.\" \/>\n<meta property=\"og:url\" content=\"https:\/\/www.greenpeace.org\/luxembourg\/fr\/communiques-de-presse\/14637\/sortie-de-route-pour-la-banque-europeenne-pour-le-climat\/\" \/>\n<meta property=\"og:site_name\" content=\"Greenpeace Luxembourg\" \/>\n<meta property=\"article:publisher\" content=\"https:\/\/www.facebook.com\/greenpeaceluxembourg\" \/>\n<meta property=\"article:published_time\" content=\"2022-07-11T11:35:30+00:00\" \/>\n<meta property=\"article:modified_time\" content=\"2022-07-12T07:02:47+00:00\" \/>\n<meta property=\"og:image\" content=\"https:\/\/www.greenpeace.org\/static\/planet4-luxembourg-stateless\/2022\/07\/46e52275-gp0strlxi_web_size_with_credit_line.jpg\" \/>\n\t<meta property=\"og:image:width\" content=\"600\" \/>\n\t<meta property=\"og:image:height\" content=\"600\" \/>\n\t<meta property=\"og:image:type\" content=\"image\/jpeg\" \/>\n<meta name=\"author\" content=\"Myriam Wecker\" \/>\n<meta name=\"twitter:card\" content=\"summary_large_image\" \/>\n<meta name=\"twitter:label1\" content=\"Written by\" \/>\n\t<meta name=\"twitter:data1\" content=\"Myriam Wecker\" \/>\n\t<meta name=\"twitter:label2\" content=\"Est. reading time\" \/>\n\t<meta name=\"twitter:data2\" content=\"4 minutes\" \/>\n<script type=\"application\/ld+json\" class=\"yoast-schema-graph\">{\"@context\":\"https:\/\/schema.org\",\"@graph\":[{\"@type\":\"Article\",\"@id\":\"https:\/\/www.greenpeace.org\/luxembourg\/fr\/communiques-de-presse\/14637\/sortie-de-route-pour-la-banque-europeenne-pour-le-climat\/#article\",\"isPartOf\":{\"@id\":\"https:\/\/www.greenpeace.org\/luxembourg\/fr\/communiques-de-presse\/14637\/sortie-de-route-pour-la-banque-europeenne-pour-le-climat\/\"},\"author\":{\"name\":\"Myriam Wecker\",\"@id\":\"https:\/\/www.greenpeace.org\/luxembourg\/fr\/#\/schema\/person\/c2ae6002b8ed18c00be0c6b320eea776\"},\"headline\":\"Sortie de route pour la \u00ab Banque europ\u00e9enne pour le climat \u00bb\",\"datePublished\":\"2022-07-11T11:35:30+00:00\",\"dateModified\":\"2022-07-12T07:02:47+00:00\",\"mainEntityOfPage\":{\"@id\":\"https:\/\/www.greenpeace.org\/luxembourg\/fr\/communiques-de-presse\/14637\/sortie-de-route-pour-la-banque-europeenne-pour-le-climat\/\"},\"wordCount\":734,\"publisher\":{\"@id\":\"https:\/\/www.greenpeace.org\/luxembourg\/fr\/#organization\"},\"image\":{\"@id\":\"https:\/\/www.greenpeace.org\/luxembourg\/fr\/communiques-de-presse\/14637\/sortie-de-route-pour-la-banque-europeenne-pour-le-climat\/#primaryimage\"},\"thumbnailUrl\":\"https:\/\/www.greenpeace.org\/static\/planet4-luxembourg-stateless\/2022\/07\/46e52275-gp0strlxi_web_size_with_credit_line.jpg\",\"keywords\":[\"Luxembourg\",\"SecteurFinancier\"],\"articleSection\":[\"Climat\",\"\u00c9nergie\",\"Les enjeux\"],\"inLanguage\":\"fr-LU\"},{\"@type\":\"WebPage\",\"@id\":\"https:\/\/www.greenpeace.org\/luxembourg\/fr\/communiques-de-presse\/14637\/sortie-de-route-pour-la-banque-europeenne-pour-le-climat\/\",\"url\":\"https:\/\/www.greenpeace.org\/luxembourg\/fr\/communiques-de-presse\/14637\/sortie-de-route-pour-la-banque-europeenne-pour-le-climat\/\",\"name\":\"Sortie de route pour la \u00ab Banque europ\u00e9enne pour le climat \u00bb - Greenpeace Luxembourg\",\"isPartOf\":{\"@id\":\"https:\/\/www.greenpeace.org\/luxembourg\/fr\/#website\"},\"primaryImageOfPage\":{\"@id\":\"https:\/\/www.greenpeace.org\/luxembourg\/fr\/communiques-de-presse\/14637\/sortie-de-route-pour-la-banque-europeenne-pour-le-climat\/#primaryimage\"},\"image\":{\"@id\":\"https:\/\/www.greenpeace.org\/luxembourg\/fr\/communiques-de-presse\/14637\/sortie-de-route-pour-la-banque-europeenne-pour-le-climat\/#primaryimage\"},\"thumbnailUrl\":\"https:\/\/www.greenpeace.org\/static\/planet4-luxembourg-stateless\/2022\/07\/46e52275-gp0strlxi_web_size_with_credit_line.jpg\",\"datePublished\":\"2022-07-11T11:35:30+00:00\",\"dateModified\":\"2022-07-12T07:02:47+00:00\",\"breadcrumb\":{\"@id\":\"https:\/\/www.greenpeace.org\/luxembourg\/fr\/communiques-de-presse\/14637\/sortie-de-route-pour-la-banque-europeenne-pour-le-climat\/#breadcrumb\"},\"inLanguage\":\"fr-LU\",\"potentialAction\":[{\"@type\":\"ReadAction\",\"target\":[\"https:\/\/www.greenpeace.org\/luxembourg\/fr\/communiques-de-presse\/14637\/sortie-de-route-pour-la-banque-europeenne-pour-le-climat\/\"]}]},{\"@type\":\"ImageObject\",\"inLanguage\":\"fr-LU\",\"@id\":\"https:\/\/www.greenpeace.org\/luxembourg\/fr\/communiques-de-presse\/14637\/sortie-de-route-pour-la-banque-europeenne-pour-le-climat\/#primaryimage\",\"url\":\"https:\/\/www.greenpeace.org\/static\/planet4-luxembourg-stateless\/2022\/07\/46e52275-gp0strlxi_web_size_with_credit_line.jpg\",\"contentUrl\":\"https:\/\/www.greenpeace.org\/static\/planet4-luxembourg-stateless\/2022\/07\/46e52275-gp0strlxi_web_size_with_credit_line.jpg\",\"width\":600,\"height\":600,\"caption\":\"Rush hour with dense car traffic on Bundesallee in Berlin. Rushhour im Berufsverkehr auf Berliner Bundesallee.\"},{\"@type\":\"BreadcrumbList\",\"@id\":\"https:\/\/www.greenpeace.org\/luxembourg\/fr\/communiques-de-presse\/14637\/sortie-de-route-pour-la-banque-europeenne-pour-le-climat\/#breadcrumb\",\"itemListElement\":[{\"@type\":\"ListItem\",\"position\":1,\"name\":\"Home\",\"item\":\"https:\/\/www.greenpeace.org\/luxembourg\/fr\/\"},{\"@type\":\"ListItem\",\"position\":2,\"name\":\"Sortie de route pour la \u00ab Banque europ\u00e9enne pour le climat \u00bb\"}]},{\"@type\":\"WebSite\",\"@id\":\"https:\/\/www.greenpeace.org\/luxembourg\/fr\/#website\",\"url\":\"https:\/\/www.greenpeace.org\/luxembourg\/fr\/\",\"name\":\"Greenpeace Luxembourg\",\"description\":\"Greenpeace existe parce que cette Terre fragile a besoin d&#039;une voix. Elle a besoin de solutions. De changement. D&#039;actions.\",\"publisher\":{\"@id\":\"https:\/\/www.greenpeace.org\/luxembourg\/fr\/#organization\"},\"potentialAction\":[{\"@type\":\"SearchAction\",\"target\":{\"@type\":\"EntryPoint\",\"urlTemplate\":\"https:\/\/www.greenpeace.org\/luxembourg\/fr\/?s={search_term_string}\"},\"query-input\":{\"@type\":\"PropertyValueSpecification\",\"valueRequired\":true,\"valueName\":\"search_term_string\"}}],\"inLanguage\":\"fr-LU\"},{\"@type\":\"Organization\",\"@id\":\"https:\/\/www.greenpeace.org\/luxembourg\/fr\/#organization\",\"name\":\"Greenpeace Luxembourg\",\"url\":\"https:\/\/www.greenpeace.org\/luxembourg\/fr\/\",\"logo\":{\"@type\":\"ImageObject\",\"inLanguage\":\"fr-LU\",\"@id\":\"https:\/\/www.greenpeace.org\/luxembourg\/fr\/#\/schema\/logo\/image\/\",\"url\":\"https:\/\/www.greenpeace.org\/static\/planet4-luxembourg-stateless\/2026\/03\/3e367f94-greenpeace_logo_green_rgb.png\",\"contentUrl\":\"https:\/\/www.greenpeace.org\/static\/planet4-luxembourg-stateless\/2026\/03\/3e367f94-greenpeace_logo_green_rgb.png\",\"width\":1080,\"height\":175,\"caption\":\"Greenpeace Luxembourg\"},\"image\":{\"@id\":\"https:\/\/www.greenpeace.org\/luxembourg\/fr\/#\/schema\/logo\/image\/\"},\"sameAs\":[\"https:\/\/www.facebook.com\/greenpeaceluxembourg\",\"https:\/\/www.instagram.com\/greenpeacelux\/\",\"https:\/\/www.linkedin.com\/company\/greenpeace-luxembourg\/\",\"https:\/\/www.threads.com\/@greenpeacelux\",\"https:\/\/bsky.app\/profile\/greenpeacelux.bsky.social\",\"https:\/\/www.youtube.com\/@GreenpeaceLux\",\"https:\/\/www.tiktok.com\/@greenpeace_lux\"]},{\"@type\":\"Person\",\"@id\":\"https:\/\/www.greenpeace.org\/luxembourg\/fr\/#\/schema\/person\/c2ae6002b8ed18c00be0c6b320eea776\",\"name\":\"Myriam Wecker\",\"url\":\"https:\/\/www.greenpeace.org\/luxembourg\/fr\/author\/mwecker\/\"}]}<\/script>\n<!-- \/ Yoast SEO Premium plugin. -->","yoast_head_json":{"title":"Sortie de route pour la \u00ab Banque europ\u00e9enne pour le climat \u00bb - Greenpeace Luxembourg","robots":{"index":"index","follow":"follow","max-snippet":"max-snippet:-1","max-image-preview":"max-image-preview:large","max-video-preview":"max-video-preview:-1"},"canonical":"https:\/\/www.greenpeace.org\/luxembourg\/fr\/communiques-de-presse\/14637\/sortie-de-route-pour-la-banque-europeenne-pour-le-climat\/","og_locale":"fr_FR","og_type":"article","og_title":"Sortie de route pour la \u00ab Banque europ\u00e9enne pour le climat \u00bb","og_description":"La BEI ne parvient pas \u00e0 faire les choix n\u00e9cessaires pour changer le syst\u00e8me de transport actuel.","og_url":"https:\/\/www.greenpeace.org\/luxembourg\/fr\/communiques-de-presse\/14637\/sortie-de-route-pour-la-banque-europeenne-pour-le-climat\/","og_site_name":"Greenpeace Luxembourg","article_publisher":"https:\/\/www.facebook.com\/greenpeaceluxembourg","article_published_time":"2022-07-11T11:35:30+00:00","article_modified_time":"2022-07-12T07:02:47+00:00","og_image":[{"width":600,"height":600,"url":"https:\/\/www.greenpeace.org\/static\/planet4-luxembourg-stateless\/2022\/07\/46e52275-gp0strlxi_web_size_with_credit_line.jpg","type":"image\/jpeg"}],"author":"Myriam Wecker","twitter_card":"summary_large_image","twitter_misc":{"Written by":"Myriam Wecker","Est. reading time":"4 minutes"},"schema":{"@context":"https:\/\/schema.org","@graph":[{"@type":"Article","@id":"https:\/\/www.greenpeace.org\/luxembourg\/fr\/communiques-de-presse\/14637\/sortie-de-route-pour-la-banque-europeenne-pour-le-climat\/#article","isPartOf":{"@id":"https:\/\/www.greenpeace.org\/luxembourg\/fr\/communiques-de-presse\/14637\/sortie-de-route-pour-la-banque-europeenne-pour-le-climat\/"},"author":{"name":"Myriam Wecker","@id":"https:\/\/www.greenpeace.org\/luxembourg\/fr\/#\/schema\/person\/c2ae6002b8ed18c00be0c6b320eea776"},"headline":"Sortie de route pour la \u00ab Banque europ\u00e9enne pour le climat \u00bb","datePublished":"2022-07-11T11:35:30+00:00","dateModified":"2022-07-12T07:02:47+00:00","mainEntityOfPage":{"@id":"https:\/\/www.greenpeace.org\/luxembourg\/fr\/communiques-de-presse\/14637\/sortie-de-route-pour-la-banque-europeenne-pour-le-climat\/"},"wordCount":734,"publisher":{"@id":"https:\/\/www.greenpeace.org\/luxembourg\/fr\/#organization"},"image":{"@id":"https:\/\/www.greenpeace.org\/luxembourg\/fr\/communiques-de-presse\/14637\/sortie-de-route-pour-la-banque-europeenne-pour-le-climat\/#primaryimage"},"thumbnailUrl":"https:\/\/www.greenpeace.org\/static\/planet4-luxembourg-stateless\/2022\/07\/46e52275-gp0strlxi_web_size_with_credit_line.jpg","keywords":["Luxembourg","SecteurFinancier"],"articleSection":["Climat","\u00c9nergie","Les enjeux"],"inLanguage":"fr-LU"},{"@type":"WebPage","@id":"https:\/\/www.greenpeace.org\/luxembourg\/fr\/communiques-de-presse\/14637\/sortie-de-route-pour-la-banque-europeenne-pour-le-climat\/","url":"https:\/\/www.greenpeace.org\/luxembourg\/fr\/communiques-de-presse\/14637\/sortie-de-route-pour-la-banque-europeenne-pour-le-climat\/","name":"Sortie de route pour la \u00ab Banque europ\u00e9enne pour le climat \u00bb - Greenpeace Luxembourg","isPartOf":{"@id":"https:\/\/www.greenpeace.org\/luxembourg\/fr\/#website"},"primaryImageOfPage":{"@id":"https:\/\/www.greenpeace.org\/luxembourg\/fr\/communiques-de-presse\/14637\/sortie-de-route-pour-la-banque-europeenne-pour-le-climat\/#primaryimage"},"image":{"@id":"https:\/\/www.greenpeace.org\/luxembourg\/fr\/communiques-de-presse\/14637\/sortie-de-route-pour-la-banque-europeenne-pour-le-climat\/#primaryimage"},"thumbnailUrl":"https:\/\/www.greenpeace.org\/static\/planet4-luxembourg-stateless\/2022\/07\/46e52275-gp0strlxi_web_size_with_credit_line.jpg","datePublished":"2022-07-11T11:35:30+00:00","dateModified":"2022-07-12T07:02:47+00:00","breadcrumb":{"@id":"https:\/\/www.greenpeace.org\/luxembourg\/fr\/communiques-de-presse\/14637\/sortie-de-route-pour-la-banque-europeenne-pour-le-climat\/#breadcrumb"},"inLanguage":"fr-LU","potentialAction":[{"@type":"ReadAction","target":["https:\/\/www.greenpeace.org\/luxembourg\/fr\/communiques-de-presse\/14637\/sortie-de-route-pour-la-banque-europeenne-pour-le-climat\/"]}]},{"@type":"ImageObject","inLanguage":"fr-LU","@id":"https:\/\/www.greenpeace.org\/luxembourg\/fr\/communiques-de-presse\/14637\/sortie-de-route-pour-la-banque-europeenne-pour-le-climat\/#primaryimage","url":"https:\/\/www.greenpeace.org\/static\/planet4-luxembourg-stateless\/2022\/07\/46e52275-gp0strlxi_web_size_with_credit_line.jpg","contentUrl":"https:\/\/www.greenpeace.org\/static\/planet4-luxembourg-stateless\/2022\/07\/46e52275-gp0strlxi_web_size_with_credit_line.jpg","width":600,"height":600,"caption":"Rush hour with dense car traffic on Bundesallee in Berlin. Rushhour im Berufsverkehr auf Berliner Bundesallee."},{"@type":"BreadcrumbList","@id":"https:\/\/www.greenpeace.org\/luxembourg\/fr\/communiques-de-presse\/14637\/sortie-de-route-pour-la-banque-europeenne-pour-le-climat\/#breadcrumb","itemListElement":[{"@type":"ListItem","position":1,"name":"Home","item":"https:\/\/www.greenpeace.org\/luxembourg\/fr\/"},{"@type":"ListItem","position":2,"name":"Sortie de route pour la \u00ab Banque europ\u00e9enne pour le climat \u00bb"}]},{"@type":"WebSite","@id":"https:\/\/www.greenpeace.org\/luxembourg\/fr\/#website","url":"https:\/\/www.greenpeace.org\/luxembourg\/fr\/","name":"Greenpeace Luxembourg","description":"Greenpeace existe parce que cette Terre fragile a besoin d&#039;une voix. Elle a besoin de solutions. De changement. D&#039;actions.","publisher":{"@id":"https:\/\/www.greenpeace.org\/luxembourg\/fr\/#organization"},"potentialAction":[{"@type":"SearchAction","target":{"@type":"EntryPoint","urlTemplate":"https:\/\/www.greenpeace.org\/luxembourg\/fr\/?s={search_term_string}"},"query-input":{"@type":"PropertyValueSpecification","valueRequired":true,"valueName":"search_term_string"}}],"inLanguage":"fr-LU"},{"@type":"Organization","@id":"https:\/\/www.greenpeace.org\/luxembourg\/fr\/#organization","name":"Greenpeace Luxembourg","url":"https:\/\/www.greenpeace.org\/luxembourg\/fr\/","logo":{"@type":"ImageObject","inLanguage":"fr-LU","@id":"https:\/\/www.greenpeace.org\/luxembourg\/fr\/#\/schema\/logo\/image\/","url":"https:\/\/www.greenpeace.org\/static\/planet4-luxembourg-stateless\/2026\/03\/3e367f94-greenpeace_logo_green_rgb.png","contentUrl":"https:\/\/www.greenpeace.org\/static\/planet4-luxembourg-stateless\/2026\/03\/3e367f94-greenpeace_logo_green_rgb.png","width":1080,"height":175,"caption":"Greenpeace Luxembourg"},"image":{"@id":"https:\/\/www.greenpeace.org\/luxembourg\/fr\/#\/schema\/logo\/image\/"},"sameAs":["https:\/\/www.facebook.com\/greenpeaceluxembourg","https:\/\/www.instagram.com\/greenpeacelux\/","https:\/\/www.linkedin.com\/company\/greenpeace-luxembourg\/","https:\/\/www.threads.com\/@greenpeacelux","https:\/\/bsky.app\/profile\/greenpeacelux.bsky.social","https:\/\/www.youtube.com\/@GreenpeaceLux","https:\/\/www.tiktok.com\/@greenpeace_lux"]},{"@type":"Person","@id":"https:\/\/www.greenpeace.org\/luxembourg\/fr\/#\/schema\/person\/c2ae6002b8ed18c00be0c6b320eea776","name":"Myriam Wecker","url":"https:\/\/www.greenpeace.org\/luxembourg\/fr\/author\/mwecker\/"}]}},"_links":{"self":[{"href":"https:\/\/www.greenpeace.org\/luxembourg\/fr\/wp-json\/wp\/v2\/posts\/14637","targetHints":{"allow":["GET"]}}],"collection":[{"href":"https:\/\/www.greenpeace.org\/luxembourg\/fr\/wp-json\/wp\/v2\/posts"}],"about":[{"href":"https:\/\/www.greenpeace.org\/luxembourg\/fr\/wp-json\/wp\/v2\/types\/post"}],"author":[{"embeddable":true,"href":"https:\/\/www.greenpeace.org\/luxembourg\/fr\/wp-json\/wp\/v2\/users\/31"}],"replies":[{"embeddable":true,"href":"https:\/\/www.greenpeace.org\/luxembourg\/fr\/wp-json\/wp\/v2\/comments?post=14637"}],"version-history":[{"count":6,"href":"https:\/\/www.greenpeace.org\/luxembourg\/fr\/wp-json\/wp\/v2\/posts\/14637\/revisions"}],"predecessor-version":[{"id":14653,"href":"https:\/\/www.greenpeace.org\/luxembourg\/fr\/wp-json\/wp\/v2\/posts\/14637\/revisions\/14653"}],"wp:featuredmedia":[{"embeddable":true,"href":"https:\/\/www.greenpeace.org\/luxembourg\/fr\/wp-json\/wp\/v2\/media\/14638"}],"wp:attachment":[{"href":"https:\/\/www.greenpeace.org\/luxembourg\/fr\/wp-json\/wp\/v2\/media?parent=14637"}],"wp:term":[{"taxonomy":"category","embeddable":true,"href":"https:\/\/www.greenpeace.org\/luxembourg\/fr\/wp-json\/wp\/v2\/categories?post=14637"},{"taxonomy":"post_tag","embeddable":true,"href":"https:\/\/www.greenpeace.org\/luxembourg\/fr\/wp-json\/wp\/v2\/tags?post=14637"},{"taxonomy":"p4-page-type","embeddable":true,"href":"https:\/\/www.greenpeace.org\/luxembourg\/fr\/wp-json\/wp\/v2\/p4-page-type?post=14637"}],"curies":[{"name":"wp","href":"https:\/\/api.w.org\/{rel}","templated":true}]}}