{"id":1471,"date":"2018-04-25T00:00:00","date_gmt":"2018-04-25T00:00:00","guid":{"rendered":"https:\/\/www.greenpeace.org\/luxembourg\/actualites\/1471\/journee-mondiale-des-manchots-les-stars-de-lantarctique\/"},"modified":"2019-11-06T10:54:48","modified_gmt":"2019-11-06T08:54:48","slug":"journee-mondiale-des-manchots-les-stars-de-lantarctique","status":"publish","type":"post","link":"https:\/\/www.greenpeace.org\/luxembourg\/fr\/actualites\/1471\/journee-mondiale-des-manchots-les-stars-de-lantarctique\/","title":{"rendered":"Journ\u00e9e mondiale des manchots : les stars de l\u2019Antarctique"},"content":{"rendered":"<div class=\"leader\">Tous les manchots ne peuvent pas se targuer de vivre en Antarctique, mais ceux qui s\u2019y trouvent m\u00e9ritent tr\u00e8s largement d\u2019\u00eatre connus. A l\u2019occasion de la Journ\u00e9e mondiale des manchots, voici notre Top 5 des manchots les plus cools. Pr\u00e9parez-vous \u00e0 en prendre pleins les mirettes !<\/div>\n<div>\n<p><strong>#5 Le Papou<\/strong><\/p>\n<p style=\"text-align: center;\"><strong><img loading=\"lazy\" decoding=\"async\" src=\"https:\/\/www.greenpeace.org\/static\/planet4-luxembourg-stateless\/2018\/10\/6940ded9-6940ded9-gp0strh0a_manchot-papou-et-son-petit_web_size_with_credit_line-780x520.jpg\" alt=\"Gentoo penguin with chick in Hope Bay on Trinity Peninsula, which is the northernmost part of the Antarctic Peninsula. Just outside Hope Bay, the Antarctic Sound connect the Bransfield Strait to the Weddell Sea. In this area, Greenpeace is about to conduct submarine-based scientific research to strengthen the proposal to create the largest protected area on the planet, an Antarctic Ocean Sanctuary.\" width=\"600\" height=\"400\" \/><br \/>\n<\/strong><em>\u00a9\u00a0Christian \u00c5slund \/ Greenpeace<\/em><\/p>\n<p>Les manchots papous sont tr\u00e8s facilement identifiables gr\u00e2ce \u00e0 la t\u00e2che blanche triangulaire qu\u2019ils arborent fi\u00e8rement au-dessus de leur \u0153il, s\u2019\u00e9tirant jusqu\u2019au dessus de leur t\u00eate. C\u2019est sur les espaces d\u00e9pourvus de glace qu\u2019ils se sentent le plus \u00e0 l\u2019aise. C\u2019est pourquoi ils se rassemblent principalement sur le littoral de la p\u00e9ninsule Antarctique et les \u00eeles au large. Les manchots papous ont une queue semblable \u00e0 un plumeau et peuvent \u00e9mettre des sons tr\u00e8s stridents. Du haut de leurs 75 centim\u00e8tres, ils peuvent se montrer bien plus impressionnants que leur taille ne le laisserait croire !<\/p>\n<p>Ils peuvent plonger des centaines de fois en une journ\u00e9e, \u00e0 la recherche de poissons,\u00a0<a href=\"http:\/\/www.greenpeace.org\/luxembourg\/fr\/news\/Antarctique--touche-pas-a-mon-krill\/\" target=\"_blank\" rel=\"noopener noreferrer\">de krill<\/a>\u00a0ou de petits calamars pour se nourrir. Pouvant atteindre des pointes \u00e0 36 km\/heure, ils sont les manchots les plus rapides \u00e0 la nage !<\/p>\n<p><strong>#4 Le gorfou macaroni<\/strong><\/p>\n<p style=\"text-align: center;\"><strong><img loading=\"lazy\" decoding=\"async\" src=\"https:\/\/www.greenpeace.org\/static\/planet4-luxembourg-stateless\/2018\/10\/6d10b379-6d10b379-gp011av_macaroni-penguins_medium_res_with_credit_line.jpg\" alt=\"\" width=\"600\" height=\"401\" \/><br \/>\n<\/strong><em>\u00a9 Mike Midgley \/ Greenpeace<\/em><\/p>\n<p>Peut-\u00eatre avez vous d\u00e9j\u00e0 entendu parler du gorfou sauteur, dont la notori\u00e9t\u00e9 n\u2019est plus \u00e0 d\u00e9montrer sur les terres de l\u2019Antarctique. Et bien, le gorfou macaroni n\u2019est autre que son cousin. Sudiste, il ne s\u2019aventure que tr\u00e8s rarement dans les eaux fra\u00eeches de l\u2019oc\u00e9an Antarctique et niche sur la p\u00e9ninsule Antarctique et les \u00eeles alentours.<\/p>\n<p>Avec sa flamboyante cr\u00eate jaune, ce fan de krill est assur\u00e9ment le manchot le plus look\u00e9 de l\u2019Antarctique !<\/p>\n<p><strong>#3 Le manchot \u00e0 jugulaire<\/strong><\/p>\n<p style=\"text-align: center;\"><img loading=\"lazy\" decoding=\"async\" src=\"https:\/\/www.greenpeace.org\/static\/planet4-luxembourg-stateless\/2018\/10\/efbf8ee4-efbf8ee4-manchot-a\u0300-jugulaire.jpg\" alt=\"\" width=\"600\" height=\"400\" \/><br \/>\n<em>\u00a9\u00a0Christian \u00c5slund \/ Greenpeace<\/em><\/p>\n<p>Les manchots \u00e0 jugulaire peuvent avoir l\u2019air trapus et fort s\u00e9rieux. Nous ne pouvons pas leur en vouloir, car ils n\u2019ont pas la vie facile.<\/p>\n<p>Fid\u00e8le en amour, ils retournent toujours \u00e0 leur partenaire et sont occup\u00e9s tous les ans \u00e0 couver leurs oeufs. Afin de s\u2019assurer tranquillit\u00e9 et s\u00e9curit\u00e9, ils choisissent des endroits difficiles \u00e0 atteindre, comme des \u00eeles rocailleuses, mais qui, de fait, sont \u00e9galement difficiles d\u2019acc\u00e8s pour eux. Ils s\u2019aventurent sur de p\u00e9rilleuses falaises et doivent affronter les eaux agit\u00e9es de l\u2019Antarctique afin de pouvoir nourrir leurs pairs et leurs petits.<\/p>\n<p><strong>#2 Le manchot empereur<\/strong><\/p>\n<p style=\"text-align: center;\"><img decoding=\"async\" src=\"https:\/\/www.greenpeace.org\/static\/planet4-luxembourg-stateless\/2018\/10\/a7b38296-a7b38296-gp018ey_emperorpenguin_medium_res_with_credit_line-1.jpg\" alt=\"SOUTHERN OCEAN ESPERANZA 3JAN08 - Emperpr Penguin in the Antarctic ice in the Southern Ocean.jre\/Photo by Jiri Rezac\/Greenpeace\" width=\"600\" \/><br \/>\n<em>\u00a9 Jiri Rezac \/ Greenpeace<\/em><\/p>\n<p>Tout proche de la premi\u00e8re place de ce Top 5, se trouve le plus embl\u00e9matique de tous : le manchot empereur.<\/p>\n<p>Il est le plus grand de tous les manchots, pouvant mesurer pr\u00e8s de 1,30 m\u00e8tre et peser jusqu\u2019\u00e0 40 kilos. A peu pr\u00e8s les m\u00eames mensurations qu\u2019un enfant de 12 ans ! Non seulement ils sont les plus grands, mais ce sont \u00e9galement ceux qui plongent le plus bas; des plong\u00e9es jusqu\u2019\u00e0 550 m\u00e8tres dans les eaux froides de l\u2019Antarctique qui leur permettent d\u2019attraper poissons et calamars.<\/p>\n<p>Les scientifiques ont r\u00e9cemment d\u00e9couvert que les manchots empereur s\u2019\u00e9taient particuli\u00e8rement bien adapt\u00e9s \u00e0 la vie aquatique, gr\u00e2ce aux bulles qu\u2019ils font en plongeant, qui rendent leur plumage hydrodynamique et leur silhouette aussi fusel\u00e9e que celle d\u2019un nageur olympique.<\/p>\n<p>Les manchots empereurs sont solides. Ils r\u00e9sistent \u00e0 des hivers plus que rugueux, tout en couvant leurs \u0153ufs et en \u00e9levant leurs duveteux petits.<\/p>\n<p>Des rassemblements massifs d\u2019empereurs p\u00e8res au foyer ont lieu en continu pour se tenir chaud et pour prot\u00e9ger leurs oeufs et les b\u00e9b\u00e9s en pleine d\u00e9couverte du monde, pendant que les femelles partent \u00e0 la chasse.<\/p>\n<p>Ils \u00e9taient \u00e0 deux doigts de ravir la premi\u00e8re place !<\/p>\n<p><strong>#1 Ad\u00e9lie<\/strong><\/p>\n<p style=\"text-align: center;\"><img loading=\"lazy\" decoding=\"async\" src=\"https:\/\/www.greenpeace.org\/static\/planet4-luxembourg-stateless\/2018\/10\/16a2beaa-16a2beaa-gp0strgqa_ade\u0301lie-penguin_medium_res_with_credit_line.jpg\" alt=\"One of the largest Ad\u00e9lie penguin colonies in Antarctica is situated in Hope Bay on Trinity Peninsula, which is the northernmost part of the Antarctic Peninsula. Just outside Hope Bay, the Antarctic Sound connect the Bransfield Strait to the Weddell Sea. In this area, Greenpeace is about to conduct submarine-based scientific research to strengthen the proposal to create the largest protected area on the planet, an Antarctic Ocean Sanctuary.\" width=\"600\" height=\"400\" \/><br \/>\n<em>\u00a9\u00a0Christian \u00c5slund \/ Greenpeace<\/em><\/p>\n<p>La voil\u00e0 la rockstar ! Nous vous pr\u00e9sentons le plus beau, le plus c\u00e2lin et le plus bad-ass de tous les manchots : le manchot ad\u00e9lie !<\/p>\n<p>Jamais plus haut que 70 centim\u00e8tres, ces petits sp\u00e9cimens peuvent para\u00eetre mal \u00e9quip\u00e9s lorsqu\u2019on les voit se dandiner sur la banquise mais ils sont en r\u00e9alit\u00e9 les meilleurs chasseurs\u00a0<a href=\"http:\/\/www.greenpeace.org\/luxembourg\/fr\/news\/Antarctique--touche-pas-a-mon-krill\/\" target=\"_blank\" rel=\"noopener noreferrer\">de krill<\/a>. De vraies torpilles !<\/p>\n<p>Ils sont terriblement craquants, mais derri\u00e8re toute cette mignonnerie se cache un redoutable sp\u00e9cialiste de l\u2019Antarctique. On les trouve sur tout le continent. Ils n\u2019iront jamais couver ailleurs que sur les terres Antarctique et passent tous leurs hivers au large, dans l\u2019oc\u00e9an Antarctique.<\/p>\n<p>Ils sont tellement costauds, qu\u2019ils construisent leurs nids avec des pierres. Les cailloux et les galets sont essentiels au bon fonctionnement de leur soci\u00e9t\u00e9. Ils peuvent \u00eatre offerts pour courtiser un-e partenaire, jet\u00e9s \u00e0 un comparses pour l\u2019interpeller, ou \u00e9chang\u00e9s afin d\u2019obtenir quelques marques d\u2019affection de la part de l\u2019\u00eatre aim\u00e9.<\/p>\n<p><strong><span class=\"mark\">Prot\u00e9geons leur habitat. Prot\u00e9geons l\u2019oc\u00e9an Antarctique.<\/span><\/strong><\/p>\n<p style=\"text-align: center;\"><strong><span class=\"mark\"><a href=\"http:\/\/protegeons-locean-antarctique.greenpeace.lu\/\"><img loading=\"lazy\" decoding=\"async\" src=\"https:\/\/www.greenpeace.org\/static\/planet4-luxembourg-stateless\/2018\/10\/81702f8e-81702f8e-006831ce-bouton_signer_petition_antarctique.png\" alt=\"\" width=\"250\" height=\"79\" \/><\/a><\/span><\/strong><\/p>\n<p style=\"text-align: left;\"><span class=\"mark\"><a href=\"https:\/\/www.greenpeace.fr\/journee-mondiale-manchots-stars-de-lantarctique\/\">Article Source<\/a> : Greenpeace France<\/span><\/p>\n<\/div>\n","protected":false},"excerpt":{"rendered":"<div>\n\tTous les manchots ne peuvent pas se targuer de vivre en Antarctique, mais ceux qui s\u2019y trouvent m\u00e9ritent tr\u00e8s largement d\u2019\u00eatre connus. A l\u2019occasion de la Journ\u00e9e mondiale des manchots, voici notre Top 5 des manchots les plus cools. Pr\u00e9parez-vous \u00e0 en prendre pleins les mirettes !\n<\/div>\n","protected":false},"author":20,"featured_media":1983,"comment_status":"closed","ping_status":"closed","sticky":false,"template":"","format":"standard","meta":{"ep_exclude_from_search":false,"p4_og_title":"","p4_og_description":"","p4_og_image":"","p4_og_image_id":"","p4_seo_canonical_url":"","p4_campaign_name":"","p4_local_project":"","p4_basket_name":"","p4_department":"","footnotes":""},"categories":[43],"tags":[29,38],"p4-page-type":[85],"class_list":["post-1471","post","type-post","status-publish","format-standard","has-post-thumbnail","hentry","category-nature","tag-oceans","tag-biodiversite","p4-page-type-actualites"],"yoast_head":"<!-- This site is optimized with the Yoast SEO Premium plugin v23.9 (Yoast SEO v23.9) - https:\/\/yoast.com\/wordpress\/plugins\/seo\/ -->\n<title>Journ\u00e9e mondiale des manchots : les stars de l\u2019Antarctique - Greenpeace Luxembourg<\/title>\n<meta name=\"robots\" content=\"index, follow, max-snippet:-1, max-image-preview:large, max-video-preview:-1\" \/>\n<link rel=\"canonical\" href=\"https:\/\/www.greenpeace.org\/luxembourg\/fr\/actualites\/1471\/journee-mondiale-des-manchots-les-stars-de-lantarctique\/\" \/>\n<meta property=\"og:locale\" content=\"fr_FR\" \/>\n<meta property=\"og:type\" content=\"article\" \/>\n<meta property=\"og:title\" content=\"Journ\u00e9e mondiale des manchots : les stars de l\u2019Antarctique\" \/>\n<meta property=\"og:description\" content=\"Tous les manchots ne peuvent pas se targuer de vivre en Antarctique, mais ceux qui s\u2019y trouvent m\u00e9ritent tr\u00e8s largement d\u2019\u00eatre connus. A l\u2019occasion de la Journ\u00e9e mondiale des manchots, voici notre Top 5 des manchots les plus cools. Pr\u00e9parez-vous \u00e0 en prendre pleins les mirettes !\" \/>\n<meta property=\"og:url\" content=\"https:\/\/www.greenpeace.org\/luxembourg\/fr\/actualites\/1471\/journee-mondiale-des-manchots-les-stars-de-lantarctique\/\" \/>\n<meta property=\"og:site_name\" content=\"Greenpeace Luxembourg\" \/>\n<meta property=\"article:publisher\" content=\"https:\/\/www.facebook.com\/greenpeaceluxembourg\" \/>\n<meta property=\"article:published_time\" content=\"2018-04-25T00:00:00+00:00\" \/>\n<meta property=\"article:modified_time\" content=\"2019-11-06T08:54:48+00:00\" \/>\n<meta property=\"og:image\" content=\"https:\/\/www.greenpeace.org\/static\/planet4-luxembourg-stateless\/2018\/04\/b9d28d41-gp0strnw4_web_size.jpg\" \/>\n\t<meta property=\"og:image:width\" content=\"800\" \/>\n\t<meta property=\"og:image:height\" content=\"579\" \/>\n\t<meta property=\"og:image:type\" content=\"image\/jpeg\" \/>\n<meta name=\"author\" content=\"Greenpeace Luxembourg\" \/>\n<meta name=\"twitter:card\" content=\"summary_large_image\" \/>\n<meta name=\"twitter:label1\" content=\"Written by\" \/>\n\t<meta name=\"twitter:data1\" content=\"Greenpeace Luxembourg\" \/>\n\t<meta name=\"twitter:label2\" content=\"Est. reading time\" \/>\n\t<meta name=\"twitter:data2\" content=\"4 minutes\" \/>\n<script type=\"application\/ld+json\" class=\"yoast-schema-graph\">{\"@context\":\"https:\/\/schema.org\",\"@graph\":[{\"@type\":\"Article\",\"@id\":\"https:\/\/www.greenpeace.org\/luxembourg\/fr\/actualites\/1471\/journee-mondiale-des-manchots-les-stars-de-lantarctique\/#article\",\"isPartOf\":{\"@id\":\"https:\/\/www.greenpeace.org\/luxembourg\/fr\/actualites\/1471\/journee-mondiale-des-manchots-les-stars-de-lantarctique\/\"},\"author\":{\"name\":\"Greenpeace Luxembourg\",\"@id\":\"https:\/\/www.greenpeace.org\/luxembourg\/fr\/#\/schema\/person\/12b34015aca6e55fec2e511d2f19102d\"},\"headline\":\"Journ\u00e9e mondiale des manchots : les stars de l\u2019Antarctique\",\"datePublished\":\"2018-04-25T00:00:00+00:00\",\"dateModified\":\"2019-11-06T08:54:48+00:00\",\"mainEntityOfPage\":{\"@id\":\"https:\/\/www.greenpeace.org\/luxembourg\/fr\/actualites\/1471\/journee-mondiale-des-manchots-les-stars-de-lantarctique\/\"},\"wordCount\":827,\"publisher\":{\"@id\":\"https:\/\/www.greenpeace.org\/luxembourg\/fr\/#organization\"},\"image\":{\"@id\":\"https:\/\/www.greenpeace.org\/luxembourg\/fr\/actualites\/1471\/journee-mondiale-des-manchots-les-stars-de-lantarctique\/#primaryimage\"},\"thumbnailUrl\":\"https:\/\/www.greenpeace.org\/static\/planet4-luxembourg-stateless\/2018\/04\/b9d28d41-gp0strnw4_web_size.jpg\",\"keywords\":[\"Oc\u00e9ans\",\"Biodiversit\u00e9\"],\"articleSection\":[\"Nature\"],\"inLanguage\":\"fr-LU\"},{\"@type\":\"WebPage\",\"@id\":\"https:\/\/www.greenpeace.org\/luxembourg\/fr\/actualites\/1471\/journee-mondiale-des-manchots-les-stars-de-lantarctique\/\",\"url\":\"https:\/\/www.greenpeace.org\/luxembourg\/fr\/actualites\/1471\/journee-mondiale-des-manchots-les-stars-de-lantarctique\/\",\"name\":\"Journ\u00e9e mondiale des manchots : les stars de l\u2019Antarctique - Greenpeace Luxembourg\",\"isPartOf\":{\"@id\":\"https:\/\/www.greenpeace.org\/luxembourg\/fr\/#website\"},\"primaryImageOfPage\":{\"@id\":\"https:\/\/www.greenpeace.org\/luxembourg\/fr\/actualites\/1471\/journee-mondiale-des-manchots-les-stars-de-lantarctique\/#primaryimage\"},\"image\":{\"@id\":\"https:\/\/www.greenpeace.org\/luxembourg\/fr\/actualites\/1471\/journee-mondiale-des-manchots-les-stars-de-lantarctique\/#primaryimage\"},\"thumbnailUrl\":\"https:\/\/www.greenpeace.org\/static\/planet4-luxembourg-stateless\/2018\/04\/b9d28d41-gp0strnw4_web_size.jpg\",\"datePublished\":\"2018-04-25T00:00:00+00:00\",\"dateModified\":\"2019-11-06T08:54:48+00:00\",\"breadcrumb\":{\"@id\":\"https:\/\/www.greenpeace.org\/luxembourg\/fr\/actualites\/1471\/journee-mondiale-des-manchots-les-stars-de-lantarctique\/#breadcrumb\"},\"inLanguage\":\"fr-LU\",\"potentialAction\":[{\"@type\":\"ReadAction\",\"target\":[\"https:\/\/www.greenpeace.org\/luxembourg\/fr\/actualites\/1471\/journee-mondiale-des-manchots-les-stars-de-lantarctique\/\"]}]},{\"@type\":\"ImageObject\",\"inLanguage\":\"fr-LU\",\"@id\":\"https:\/\/www.greenpeace.org\/luxembourg\/fr\/actualites\/1471\/journee-mondiale-des-manchots-les-stars-de-lantarctique\/#primaryimage\",\"url\":\"https:\/\/www.greenpeace.org\/static\/planet4-luxembourg-stateless\/2018\/04\/b9d28d41-gp0strnw4_web_size.jpg\",\"contentUrl\":\"https:\/\/www.greenpeace.org\/static\/planet4-luxembourg-stateless\/2018\/04\/b9d28d41-gp0strnw4_web_size.jpg\",\"width\":800,\"height\":579,\"caption\":\"Gentoo penguin at Brown's Station, Paradise Bay, in the Antarctic. Greenpeace is documenting the Antarctic\u2019s unique wildlife, to strengthen the proposal to create the largest protected area on the planet, an Antarctic Ocean Sanctuary.\"},{\"@type\":\"BreadcrumbList\",\"@id\":\"https:\/\/www.greenpeace.org\/luxembourg\/fr\/actualites\/1471\/journee-mondiale-des-manchots-les-stars-de-lantarctique\/#breadcrumb\",\"itemListElement\":[{\"@type\":\"ListItem\",\"position\":1,\"name\":\"Home\",\"item\":\"https:\/\/www.greenpeace.org\/luxembourg\/fr\/\"},{\"@type\":\"ListItem\",\"position\":2,\"name\":\"Journ\u00e9e mondiale des manchots : les stars de l\u2019Antarctique\"}]},{\"@type\":\"WebSite\",\"@id\":\"https:\/\/www.greenpeace.org\/luxembourg\/fr\/#website\",\"url\":\"https:\/\/www.greenpeace.org\/luxembourg\/fr\/\",\"name\":\"Greenpeace Luxembourg\",\"description\":\"Greenpeace existe parce que cette Terre fragile a besoin d&#039;une voix. Elle a besoin de solutions. De changement. D&#039;actions.\",\"publisher\":{\"@id\":\"https:\/\/www.greenpeace.org\/luxembourg\/fr\/#organization\"},\"potentialAction\":[{\"@type\":\"SearchAction\",\"target\":{\"@type\":\"EntryPoint\",\"urlTemplate\":\"https:\/\/www.greenpeace.org\/luxembourg\/fr\/?s={search_term_string}\"},\"query-input\":{\"@type\":\"PropertyValueSpecification\",\"valueRequired\":true,\"valueName\":\"search_term_string\"}}],\"inLanguage\":\"fr-LU\"},{\"@type\":\"Organization\",\"@id\":\"https:\/\/www.greenpeace.org\/luxembourg\/fr\/#organization\",\"name\":\"Greenpeace Luxembourg\",\"url\":\"https:\/\/www.greenpeace.org\/luxembourg\/fr\/\",\"logo\":{\"@type\":\"ImageObject\",\"inLanguage\":\"fr-LU\",\"@id\":\"https:\/\/www.greenpeace.org\/luxembourg\/fr\/#\/schema\/logo\/image\/\",\"url\":\"https:\/\/www.greenpeace.org\/static\/planet4-luxembourg-stateless\/2026\/03\/3e367f94-greenpeace_logo_green_rgb.png\",\"contentUrl\":\"https:\/\/www.greenpeace.org\/static\/planet4-luxembourg-stateless\/2026\/03\/3e367f94-greenpeace_logo_green_rgb.png\",\"width\":1080,\"height\":175,\"caption\":\"Greenpeace Luxembourg\"},\"image\":{\"@id\":\"https:\/\/www.greenpeace.org\/luxembourg\/fr\/#\/schema\/logo\/image\/\"},\"sameAs\":[\"https:\/\/www.facebook.com\/greenpeaceluxembourg\",\"https:\/\/www.instagram.com\/greenpeacelux\/\",\"https:\/\/www.linkedin.com\/company\/greenpeace-luxembourg\/\",\"https:\/\/www.threads.com\/@greenpeacelux\",\"https:\/\/bsky.app\/profile\/greenpeacelux.bsky.social\",\"https:\/\/www.youtube.com\/@GreenpeaceLux\",\"https:\/\/www.tiktok.com\/@greenpeace_lux\"]},{\"@type\":\"Person\",\"@id\":\"https:\/\/www.greenpeace.org\/luxembourg\/fr\/#\/schema\/person\/12b34015aca6e55fec2e511d2f19102d\",\"name\":\"Greenpeace Luxembourg\",\"url\":\"https:\/\/www.greenpeace.org\/luxembourg\/fr\/author\/gp_luxembourg\/\"}]}<\/script>\n<!-- \/ Yoast SEO Premium plugin. -->","yoast_head_json":{"title":"Journ\u00e9e mondiale des manchots : les stars de l\u2019Antarctique - Greenpeace Luxembourg","robots":{"index":"index","follow":"follow","max-snippet":"max-snippet:-1","max-image-preview":"max-image-preview:large","max-video-preview":"max-video-preview:-1"},"canonical":"https:\/\/www.greenpeace.org\/luxembourg\/fr\/actualites\/1471\/journee-mondiale-des-manchots-les-stars-de-lantarctique\/","og_locale":"fr_FR","og_type":"article","og_title":"Journ\u00e9e mondiale des manchots : les stars de l\u2019Antarctique","og_description":"Tous les manchots ne peuvent pas se targuer de vivre en Antarctique, mais ceux qui s\u2019y trouvent m\u00e9ritent tr\u00e8s largement d\u2019\u00eatre connus. A l\u2019occasion de la Journ\u00e9e mondiale des manchots, voici notre Top 5 des manchots les plus cools. Pr\u00e9parez-vous \u00e0 en prendre pleins les mirettes !","og_url":"https:\/\/www.greenpeace.org\/luxembourg\/fr\/actualites\/1471\/journee-mondiale-des-manchots-les-stars-de-lantarctique\/","og_site_name":"Greenpeace Luxembourg","article_publisher":"https:\/\/www.facebook.com\/greenpeaceluxembourg","article_published_time":"2018-04-25T00:00:00+00:00","article_modified_time":"2019-11-06T08:54:48+00:00","og_image":[{"width":800,"height":579,"url":"https:\/\/www.greenpeace.org\/static\/planet4-luxembourg-stateless\/2018\/04\/b9d28d41-gp0strnw4_web_size.jpg","type":"image\/jpeg"}],"author":"Greenpeace Luxembourg","twitter_card":"summary_large_image","twitter_misc":{"Written by":"Greenpeace Luxembourg","Est. reading time":"4 minutes"},"schema":{"@context":"https:\/\/schema.org","@graph":[{"@type":"Article","@id":"https:\/\/www.greenpeace.org\/luxembourg\/fr\/actualites\/1471\/journee-mondiale-des-manchots-les-stars-de-lantarctique\/#article","isPartOf":{"@id":"https:\/\/www.greenpeace.org\/luxembourg\/fr\/actualites\/1471\/journee-mondiale-des-manchots-les-stars-de-lantarctique\/"},"author":{"name":"Greenpeace Luxembourg","@id":"https:\/\/www.greenpeace.org\/luxembourg\/fr\/#\/schema\/person\/12b34015aca6e55fec2e511d2f19102d"},"headline":"Journ\u00e9e mondiale des manchots : les stars de l\u2019Antarctique","datePublished":"2018-04-25T00:00:00+00:00","dateModified":"2019-11-06T08:54:48+00:00","mainEntityOfPage":{"@id":"https:\/\/www.greenpeace.org\/luxembourg\/fr\/actualites\/1471\/journee-mondiale-des-manchots-les-stars-de-lantarctique\/"},"wordCount":827,"publisher":{"@id":"https:\/\/www.greenpeace.org\/luxembourg\/fr\/#organization"},"image":{"@id":"https:\/\/www.greenpeace.org\/luxembourg\/fr\/actualites\/1471\/journee-mondiale-des-manchots-les-stars-de-lantarctique\/#primaryimage"},"thumbnailUrl":"https:\/\/www.greenpeace.org\/static\/planet4-luxembourg-stateless\/2018\/04\/b9d28d41-gp0strnw4_web_size.jpg","keywords":["Oc\u00e9ans","Biodiversit\u00e9"],"articleSection":["Nature"],"inLanguage":"fr-LU"},{"@type":"WebPage","@id":"https:\/\/www.greenpeace.org\/luxembourg\/fr\/actualites\/1471\/journee-mondiale-des-manchots-les-stars-de-lantarctique\/","url":"https:\/\/www.greenpeace.org\/luxembourg\/fr\/actualites\/1471\/journee-mondiale-des-manchots-les-stars-de-lantarctique\/","name":"Journ\u00e9e mondiale des manchots : les stars de l\u2019Antarctique - Greenpeace Luxembourg","isPartOf":{"@id":"https:\/\/www.greenpeace.org\/luxembourg\/fr\/#website"},"primaryImageOfPage":{"@id":"https:\/\/www.greenpeace.org\/luxembourg\/fr\/actualites\/1471\/journee-mondiale-des-manchots-les-stars-de-lantarctique\/#primaryimage"},"image":{"@id":"https:\/\/www.greenpeace.org\/luxembourg\/fr\/actualites\/1471\/journee-mondiale-des-manchots-les-stars-de-lantarctique\/#primaryimage"},"thumbnailUrl":"https:\/\/www.greenpeace.org\/static\/planet4-luxembourg-stateless\/2018\/04\/b9d28d41-gp0strnw4_web_size.jpg","datePublished":"2018-04-25T00:00:00+00:00","dateModified":"2019-11-06T08:54:48+00:00","breadcrumb":{"@id":"https:\/\/www.greenpeace.org\/luxembourg\/fr\/actualites\/1471\/journee-mondiale-des-manchots-les-stars-de-lantarctique\/#breadcrumb"},"inLanguage":"fr-LU","potentialAction":[{"@type":"ReadAction","target":["https:\/\/www.greenpeace.org\/luxembourg\/fr\/actualites\/1471\/journee-mondiale-des-manchots-les-stars-de-lantarctique\/"]}]},{"@type":"ImageObject","inLanguage":"fr-LU","@id":"https:\/\/www.greenpeace.org\/luxembourg\/fr\/actualites\/1471\/journee-mondiale-des-manchots-les-stars-de-lantarctique\/#primaryimage","url":"https:\/\/www.greenpeace.org\/static\/planet4-luxembourg-stateless\/2018\/04\/b9d28d41-gp0strnw4_web_size.jpg","contentUrl":"https:\/\/www.greenpeace.org\/static\/planet4-luxembourg-stateless\/2018\/04\/b9d28d41-gp0strnw4_web_size.jpg","width":800,"height":579,"caption":"Gentoo penguin at Brown's Station, Paradise Bay, in the Antarctic. Greenpeace is documenting the Antarctic\u2019s unique wildlife, to strengthen the proposal to create the largest protected area on the planet, an Antarctic Ocean Sanctuary."},{"@type":"BreadcrumbList","@id":"https:\/\/www.greenpeace.org\/luxembourg\/fr\/actualites\/1471\/journee-mondiale-des-manchots-les-stars-de-lantarctique\/#breadcrumb","itemListElement":[{"@type":"ListItem","position":1,"name":"Home","item":"https:\/\/www.greenpeace.org\/luxembourg\/fr\/"},{"@type":"ListItem","position":2,"name":"Journ\u00e9e mondiale des manchots : les stars de l\u2019Antarctique"}]},{"@type":"WebSite","@id":"https:\/\/www.greenpeace.org\/luxembourg\/fr\/#website","url":"https:\/\/www.greenpeace.org\/luxembourg\/fr\/","name":"Greenpeace Luxembourg","description":"Greenpeace existe parce que cette Terre fragile a besoin d&#039;une voix. Elle a besoin de solutions. De changement. D&#039;actions.","publisher":{"@id":"https:\/\/www.greenpeace.org\/luxembourg\/fr\/#organization"},"potentialAction":[{"@type":"SearchAction","target":{"@type":"EntryPoint","urlTemplate":"https:\/\/www.greenpeace.org\/luxembourg\/fr\/?s={search_term_string}"},"query-input":{"@type":"PropertyValueSpecification","valueRequired":true,"valueName":"search_term_string"}}],"inLanguage":"fr-LU"},{"@type":"Organization","@id":"https:\/\/www.greenpeace.org\/luxembourg\/fr\/#organization","name":"Greenpeace Luxembourg","url":"https:\/\/www.greenpeace.org\/luxembourg\/fr\/","logo":{"@type":"ImageObject","inLanguage":"fr-LU","@id":"https:\/\/www.greenpeace.org\/luxembourg\/fr\/#\/schema\/logo\/image\/","url":"https:\/\/www.greenpeace.org\/static\/planet4-luxembourg-stateless\/2026\/03\/3e367f94-greenpeace_logo_green_rgb.png","contentUrl":"https:\/\/www.greenpeace.org\/static\/planet4-luxembourg-stateless\/2026\/03\/3e367f94-greenpeace_logo_green_rgb.png","width":1080,"height":175,"caption":"Greenpeace Luxembourg"},"image":{"@id":"https:\/\/www.greenpeace.org\/luxembourg\/fr\/#\/schema\/logo\/image\/"},"sameAs":["https:\/\/www.facebook.com\/greenpeaceluxembourg","https:\/\/www.instagram.com\/greenpeacelux\/","https:\/\/www.linkedin.com\/company\/greenpeace-luxembourg\/","https:\/\/www.threads.com\/@greenpeacelux","https:\/\/bsky.app\/profile\/greenpeacelux.bsky.social","https:\/\/www.youtube.com\/@GreenpeaceLux","https:\/\/www.tiktok.com\/@greenpeace_lux"]},{"@type":"Person","@id":"https:\/\/www.greenpeace.org\/luxembourg\/fr\/#\/schema\/person\/12b34015aca6e55fec2e511d2f19102d","name":"Greenpeace Luxembourg","url":"https:\/\/www.greenpeace.org\/luxembourg\/fr\/author\/gp_luxembourg\/"}]}},"_links":{"self":[{"href":"https:\/\/www.greenpeace.org\/luxembourg\/fr\/wp-json\/wp\/v2\/posts\/1471","targetHints":{"allow":["GET"]}}],"collection":[{"href":"https:\/\/www.greenpeace.org\/luxembourg\/fr\/wp-json\/wp\/v2\/posts"}],"about":[{"href":"https:\/\/www.greenpeace.org\/luxembourg\/fr\/wp-json\/wp\/v2\/types\/post"}],"author":[{"embeddable":true,"href":"https:\/\/www.greenpeace.org\/luxembourg\/fr\/wp-json\/wp\/v2\/users\/20"}],"replies":[{"embeddable":true,"href":"https:\/\/www.greenpeace.org\/luxembourg\/fr\/wp-json\/wp\/v2\/comments?post=1471"}],"version-history":[{"count":3,"href":"https:\/\/www.greenpeace.org\/luxembourg\/fr\/wp-json\/wp\/v2\/posts\/1471\/revisions"}],"predecessor-version":[{"id":5938,"href":"https:\/\/www.greenpeace.org\/luxembourg\/fr\/wp-json\/wp\/v2\/posts\/1471\/revisions\/5938"}],"wp:featuredmedia":[{"embeddable":true,"href":"https:\/\/www.greenpeace.org\/luxembourg\/fr\/wp-json\/wp\/v2\/media\/1983"}],"wp:attachment":[{"href":"https:\/\/www.greenpeace.org\/luxembourg\/fr\/wp-json\/wp\/v2\/media?parent=1471"}],"wp:term":[{"taxonomy":"category","embeddable":true,"href":"https:\/\/www.greenpeace.org\/luxembourg\/fr\/wp-json\/wp\/v2\/categories?post=1471"},{"taxonomy":"post_tag","embeddable":true,"href":"https:\/\/www.greenpeace.org\/luxembourg\/fr\/wp-json\/wp\/v2\/tags?post=1471"},{"taxonomy":"p4-page-type","embeddable":true,"href":"https:\/\/www.greenpeace.org\/luxembourg\/fr\/wp-json\/wp\/v2\/p4-page-type?post=1471"}],"curies":[{"name":"wp","href":"https:\/\/api.w.org\/{rel}","templated":true}]}}