{"id":1486,"date":"2018-04-27T00:00:00","date_gmt":"2018-04-27T00:00:00","guid":{"rendered":"https:\/\/www.greenpeace.org\/luxembourg\/actualites\/1486\/victoire-lue-interdit-trois-pesticides-tueurs-dabeilles\/"},"modified":"2019-11-06T10:54:47","modified_gmt":"2019-11-06T08:54:47","slug":"victoire-lue-interdit-trois-pesticides-tueurs-dabeilles","status":"publish","type":"post","link":"https:\/\/www.greenpeace.org\/luxembourg\/fr\/actualites\/1486\/victoire-lue-interdit-trois-pesticides-tueurs-dabeilles\/","title":{"rendered":"Victoire : l\u2019UE interdit trois pesticides tueurs d\u2019abeilles"},"content":{"rendered":"<div class=\"leader\">\n\tLes gouvernements europ\u00e9ens se sont prononc\u00e9s aujourd\u2019hui \u00e0 Bruxelles en faveur de l\u2019interdiction de trois n\u00e9onicotino\u00efdes particuli\u00e8rement dangereux pour les abeilles : l\u2019imidaclopride, le clothianidine et le thiam\u00e9toxame, fabriqu\u00e9s par les g\u00e9ants de l\u2019agrochimie Bayer et Syngenta.\n<\/div>\n<div>\n<p><span>Quinze des vingt-huit Etats membres de l\u2019Union Europ\u00e9enne, repr\u00e9sentant 74% de la population europ\u00e9ennes, ont d\u00e9cid\u00e9 d\u2019interdire l\u2019utilisation de ces trois produits tueurs d\u2019abeilles pour l\u2019ensemble des usages en plein champ. Mais la mobilisation n\u2019est pas termin\u00e9e ! Plusieurs n\u00e9onicotino\u00efdes comme le sulfoxaflor, ou des insecticides particuli\u00e8rement dangereux pour la biodiversit\u00e9 et les \u00e9quilibres \u00e9cologiques, sont toujours autoris\u00e9s au sein de l\u2019Union europ\u00e9enne.<\/span><\/p>\n<p>\u00a0<\/p>\n<blockquote class=\"twitter-tweet\" data-lang=\"en\">\n<p style=\"text-align: center;\" lang=\"en\" dir=\"ltr\">EU ban on three <a href=\"https:\/\/twitter.com\/hashtag\/neonicotinoids?src=hash&amp;ref_src=twsrc%5Etfw\">#neonicotinoids<\/a> is great news for <a href=\"https:\/\/twitter.com\/hashtag\/bees?src=hash&amp;ref_src=twsrc%5Etfw\">#bees<\/a>, other pollinators and our wider environment, but the EU must make sure they&#8217;re not simply replaced with other harmful <a href=\"https:\/\/twitter.com\/hashtag\/pesticides?src=hash&amp;ref_src=twsrc%5Etfw\">#pesticides<\/a>.  <a href=\"https:\/\/twitter.com\/hashtag\/SaveTheBees?src=hash&amp;ref_src=twsrc%5Etfw\">#SaveTheBees<\/a> <\/p>\n<p>Our comment: <a href=\"https:\/\/t.co\/GHduzGU2z7\">https:\/\/t.co\/GHduzGU2z7<\/a> <a href=\"https:\/\/t.co\/mVyBK7nuwU\">pic.twitter.com\/mVyBK7nuwU<\/a><\/p>\n<p>\u2014 Greenpeace EU (@GreenpeaceEU) <a href=\"https:\/\/twitter.com\/GreenpeaceEU\/status\/989809132298489856?ref_src=twsrc%5Etfw\">April 27, 2018<\/a><\/p>\n<\/blockquote>\n<p><span>Pour \u00e9viter que ces trois produits interdits soient d\u00e9sormais remplac\u00e9s par d\u2019autres tout aussi dangereux, l\u2019Union Europ\u00e9enne doit au plus vite :<\/span><\/p>\n<ul>\n<li><span>Bannir l\u2019utilisation des tous les produits n\u00e9onicotino\u00efdes;<\/span><\/li>\n<li><span>Appliquer des standards stricts et ambitieux d\u2019\u00e9valuation des risques pour tous les pesticides existant sur le march\u00e9; et<\/span><\/li>\n<li><span>R\u00e9duire drastiquement l\u2019usage des pesticides et des produits phytosanitaires, pour soutenir et d\u00e9velopper les\u00a0<a href=\"https:\/\/www.greenpeace.org\/static\/planet4-luxembourg-stateless\/2018\/10\/57909a61-57909a61-agriculture-ecologique-7ppes.pdf\" rel=\"noopener noreferrer\" target=\"_blank\">m\u00e9thodes agro\u00e9cologiques<\/a>\u00a0de lutte contre les parasites.<\/span><\/li>\n<\/ul>\n<p>\u00a0<\/p>\n<p><script charset=\"utf-8\" type=\"text\/javascript\" src=\"https:\/\/platform.twitter.com\/widgets.js\"><\/script><\/p>\n<p style=\"text-align: center;\"><iframe loading=\"lazy\" frameborder=\"0\" height=\"315\" src=\"https:\/\/www.youtube.com\/embed\/CC0_xLrcEBU?rel=0\" width=\"560\"><\/iframe><\/p>\n<p style=\"text-align: left;\">\u00a0<\/p>\n<p style=\"text-align: left;\"><a href=\"https:\/\/www.greenpeace.fr\/victoire-lue-interdit-trois-pesticides-tueurs-dabeille\/\"><strong>Article Source<\/strong> <\/a>: Greenpeace France<\/p>\n<\/div>\n","protected":false},"excerpt":{"rendered":"<div>\n\tLes gouvernements europ\u00e9ens se sont prononc\u00e9s aujourd\u2019hui \u00e0 Bruxelles en faveur de l\u2019interdiction de trois n\u00e9onicotino\u00efdes particuli\u00e8rement dangereux pour les abeilles : l\u2019imidaclopride, le clothianidine et le thiam\u00e9toxame, fabriqu\u00e9s par les g\u00e9ants de l\u2019agrochimie Bayer et Syngenta.\n<\/div>\n","protected":false},"author":20,"featured_media":1981,"comment_status":"closed","ping_status":"closed","sticky":false,"template":"","format":"standard","meta":{"ep_exclude_from_search":false,"p4_og_title":"","p4_og_description":"","p4_og_image":"","p4_og_image_id":"","p4_seo_canonical_url":"","p4_campaign_name":"","p4_local_project":"","p4_basket_name":"","p4_department":"","footnotes":""},"categories":[43],"tags":[38],"p4-page-type":[85],"class_list":["post-1486","post","type-post","status-publish","format-standard","has-post-thumbnail","hentry","category-nature","tag-biodiversite","p4-page-type-actualites"],"yoast_head":"<!-- This site is optimized with the Yoast SEO Premium plugin v23.9 (Yoast SEO v23.9) - https:\/\/yoast.com\/wordpress\/plugins\/seo\/ -->\n<title>Victoire : l\u2019UE interdit trois pesticides tueurs d\u2019abeilles - Greenpeace Luxembourg<\/title>\n<meta name=\"robots\" content=\"index, follow, max-snippet:-1, max-image-preview:large, max-video-preview:-1\" \/>\n<link rel=\"canonical\" href=\"https:\/\/www.greenpeace.org\/luxembourg\/fr\/actualites\/1486\/victoire-lue-interdit-trois-pesticides-tueurs-dabeilles\/\" \/>\n<meta property=\"og:locale\" content=\"fr_FR\" \/>\n<meta property=\"og:type\" content=\"article\" \/>\n<meta property=\"og:title\" content=\"Victoire : l\u2019UE interdit trois pesticides tueurs d\u2019abeilles\" \/>\n<meta property=\"og:description\" content=\"Les gouvernements europ\u00e9ens se sont prononc\u00e9s aujourd\u2019hui \u00e0 Bruxelles en faveur de l\u2019interdiction de trois n\u00e9onicotino\u00efdes particuli\u00e8rement dangereux pour les abeilles : l\u2019imidaclopride, le clothianidine et le thiam\u00e9toxame, fabriqu\u00e9s par les g\u00e9ants de l\u2019agrochimie Bayer et Syngenta.\" \/>\n<meta property=\"og:url\" content=\"https:\/\/www.greenpeace.org\/luxembourg\/fr\/actualites\/1486\/victoire-lue-interdit-trois-pesticides-tueurs-dabeilles\/\" \/>\n<meta property=\"og:site_name\" content=\"Greenpeace Luxembourg\" \/>\n<meta property=\"article:publisher\" content=\"https:\/\/www.facebook.com\/greenpeaceluxembourg\" \/>\n<meta property=\"article:published_time\" content=\"2018-04-27T00:00:00+00:00\" \/>\n<meta property=\"article:modified_time\" content=\"2019-11-06T08:54:47+00:00\" \/>\n<meta property=\"og:image\" content=\"https:\/\/www.greenpeace.org\/static\/planet4-luxembourg-stateless\/2018\/10\/8ec6a9cd-gp0stp05c.jpg\" \/>\n\t<meta property=\"og:image:width\" content=\"1200\" \/>\n\t<meta property=\"og:image:height\" content=\"800\" \/>\n\t<meta property=\"og:image:type\" content=\"image\/jpeg\" \/>\n<meta name=\"author\" content=\"Greenpeace Luxembourg\" \/>\n<meta name=\"twitter:card\" content=\"summary_large_image\" \/>\n<meta name=\"twitter:label1\" content=\"Written by\" \/>\n\t<meta name=\"twitter:data1\" content=\"Greenpeace Luxembourg\" \/>\n\t<meta name=\"twitter:label2\" content=\"Est. reading time\" \/>\n\t<meta name=\"twitter:data2\" content=\"1 minute\" \/>\n<script type=\"application\/ld+json\" class=\"yoast-schema-graph\">{\"@context\":\"https:\/\/schema.org\",\"@graph\":[{\"@type\":\"Article\",\"@id\":\"https:\/\/www.greenpeace.org\/luxembourg\/fr\/actualites\/1486\/victoire-lue-interdit-trois-pesticides-tueurs-dabeilles\/#article\",\"isPartOf\":{\"@id\":\"https:\/\/www.greenpeace.org\/luxembourg\/fr\/actualites\/1486\/victoire-lue-interdit-trois-pesticides-tueurs-dabeilles\/\"},\"author\":{\"name\":\"Greenpeace Luxembourg\",\"@id\":\"https:\/\/www.greenpeace.org\/luxembourg\/fr\/#\/schema\/person\/12b34015aca6e55fec2e511d2f19102d\"},\"headline\":\"Victoire : l\u2019UE interdit trois pesticides tueurs d\u2019abeilles\",\"datePublished\":\"2018-04-27T00:00:00+00:00\",\"dateModified\":\"2019-11-06T08:54:47+00:00\",\"mainEntityOfPage\":{\"@id\":\"https:\/\/www.greenpeace.org\/luxembourg\/fr\/actualites\/1486\/victoire-lue-interdit-trois-pesticides-tueurs-dabeilles\/\"},\"wordCount\":267,\"publisher\":{\"@id\":\"https:\/\/www.greenpeace.org\/luxembourg\/fr\/#organization\"},\"image\":{\"@id\":\"https:\/\/www.greenpeace.org\/luxembourg\/fr\/actualites\/1486\/victoire-lue-interdit-trois-pesticides-tueurs-dabeilles\/#primaryimage\"},\"thumbnailUrl\":\"https:\/\/www.greenpeace.org\/static\/planet4-luxembourg-stateless\/2018\/10\/8ec6a9cd-gp0stp05c.jpg\",\"keywords\":[\"Biodiversit\u00e9\"],\"articleSection\":[\"Nature\"],\"inLanguage\":\"fr-LU\"},{\"@type\":\"WebPage\",\"@id\":\"https:\/\/www.greenpeace.org\/luxembourg\/fr\/actualites\/1486\/victoire-lue-interdit-trois-pesticides-tueurs-dabeilles\/\",\"url\":\"https:\/\/www.greenpeace.org\/luxembourg\/fr\/actualites\/1486\/victoire-lue-interdit-trois-pesticides-tueurs-dabeilles\/\",\"name\":\"Victoire : l\u2019UE interdit trois pesticides tueurs d\u2019abeilles - Greenpeace Luxembourg\",\"isPartOf\":{\"@id\":\"https:\/\/www.greenpeace.org\/luxembourg\/fr\/#website\"},\"primaryImageOfPage\":{\"@id\":\"https:\/\/www.greenpeace.org\/luxembourg\/fr\/actualites\/1486\/victoire-lue-interdit-trois-pesticides-tueurs-dabeilles\/#primaryimage\"},\"image\":{\"@id\":\"https:\/\/www.greenpeace.org\/luxembourg\/fr\/actualites\/1486\/victoire-lue-interdit-trois-pesticides-tueurs-dabeilles\/#primaryimage\"},\"thumbnailUrl\":\"https:\/\/www.greenpeace.org\/static\/planet4-luxembourg-stateless\/2018\/10\/8ec6a9cd-gp0stp05c.jpg\",\"datePublished\":\"2018-04-27T00:00:00+00:00\",\"dateModified\":\"2019-11-06T08:54:47+00:00\",\"breadcrumb\":{\"@id\":\"https:\/\/www.greenpeace.org\/luxembourg\/fr\/actualites\/1486\/victoire-lue-interdit-trois-pesticides-tueurs-dabeilles\/#breadcrumb\"},\"inLanguage\":\"fr-LU\",\"potentialAction\":[{\"@type\":\"ReadAction\",\"target\":[\"https:\/\/www.greenpeace.org\/luxembourg\/fr\/actualites\/1486\/victoire-lue-interdit-trois-pesticides-tueurs-dabeilles\/\"]}]},{\"@type\":\"ImageObject\",\"inLanguage\":\"fr-LU\",\"@id\":\"https:\/\/www.greenpeace.org\/luxembourg\/fr\/actualites\/1486\/victoire-lue-interdit-trois-pesticides-tueurs-dabeilles\/#primaryimage\",\"url\":\"https:\/\/www.greenpeace.org\/static\/planet4-luxembourg-stateless\/2018\/10\/8ec6a9cd-gp0stp05c.jpg\",\"contentUrl\":\"https:\/\/www.greenpeace.org\/static\/planet4-luxembourg-stateless\/2018\/10\/8ec6a9cd-gp0stp05c.jpg\",\"width\":1200,\"height\":800,\"caption\":\"Bees in or on a beehive in North Germany.\"},{\"@type\":\"BreadcrumbList\",\"@id\":\"https:\/\/www.greenpeace.org\/luxembourg\/fr\/actualites\/1486\/victoire-lue-interdit-trois-pesticides-tueurs-dabeilles\/#breadcrumb\",\"itemListElement\":[{\"@type\":\"ListItem\",\"position\":1,\"name\":\"Home\",\"item\":\"https:\/\/www.greenpeace.org\/luxembourg\/fr\/\"},{\"@type\":\"ListItem\",\"position\":2,\"name\":\"Victoire : l\u2019UE interdit trois pesticides tueurs d\u2019abeilles\"}]},{\"@type\":\"WebSite\",\"@id\":\"https:\/\/www.greenpeace.org\/luxembourg\/fr\/#website\",\"url\":\"https:\/\/www.greenpeace.org\/luxembourg\/fr\/\",\"name\":\"Greenpeace Luxembourg\",\"description\":\"Greenpeace existe parce que cette Terre fragile a besoin d&#039;une voix. Elle a besoin de solutions. De changement. D&#039;actions.\",\"publisher\":{\"@id\":\"https:\/\/www.greenpeace.org\/luxembourg\/fr\/#organization\"},\"potentialAction\":[{\"@type\":\"SearchAction\",\"target\":{\"@type\":\"EntryPoint\",\"urlTemplate\":\"https:\/\/www.greenpeace.org\/luxembourg\/fr\/?s={search_term_string}\"},\"query-input\":{\"@type\":\"PropertyValueSpecification\",\"valueRequired\":true,\"valueName\":\"search_term_string\"}}],\"inLanguage\":\"fr-LU\"},{\"@type\":\"Organization\",\"@id\":\"https:\/\/www.greenpeace.org\/luxembourg\/fr\/#organization\",\"name\":\"Greenpeace Luxembourg\",\"url\":\"https:\/\/www.greenpeace.org\/luxembourg\/fr\/\",\"logo\":{\"@type\":\"ImageObject\",\"inLanguage\":\"fr-LU\",\"@id\":\"https:\/\/www.greenpeace.org\/luxembourg\/fr\/#\/schema\/logo\/image\/\",\"url\":\"https:\/\/www.greenpeace.org\/static\/planet4-luxembourg-stateless\/2026\/03\/3e367f94-greenpeace_logo_green_rgb.png\",\"contentUrl\":\"https:\/\/www.greenpeace.org\/static\/planet4-luxembourg-stateless\/2026\/03\/3e367f94-greenpeace_logo_green_rgb.png\",\"width\":1080,\"height\":175,\"caption\":\"Greenpeace Luxembourg\"},\"image\":{\"@id\":\"https:\/\/www.greenpeace.org\/luxembourg\/fr\/#\/schema\/logo\/image\/\"},\"sameAs\":[\"https:\/\/www.facebook.com\/greenpeaceluxembourg\",\"https:\/\/www.instagram.com\/greenpeacelux\/\",\"https:\/\/www.linkedin.com\/company\/greenpeace-luxembourg\/\",\"https:\/\/www.threads.com\/@greenpeacelux\",\"https:\/\/bsky.app\/profile\/greenpeacelux.bsky.social\",\"https:\/\/www.youtube.com\/@GreenpeaceLux\",\"https:\/\/www.tiktok.com\/@greenpeace_lux\"]},{\"@type\":\"Person\",\"@id\":\"https:\/\/www.greenpeace.org\/luxembourg\/fr\/#\/schema\/person\/12b34015aca6e55fec2e511d2f19102d\",\"name\":\"Greenpeace Luxembourg\",\"url\":\"https:\/\/www.greenpeace.org\/luxembourg\/fr\/author\/gp_luxembourg\/\"}]}<\/script>\n<!-- \/ Yoast SEO Premium plugin. -->","yoast_head_json":{"title":"Victoire : l\u2019UE interdit trois pesticides tueurs d\u2019abeilles - Greenpeace Luxembourg","robots":{"index":"index","follow":"follow","max-snippet":"max-snippet:-1","max-image-preview":"max-image-preview:large","max-video-preview":"max-video-preview:-1"},"canonical":"https:\/\/www.greenpeace.org\/luxembourg\/fr\/actualites\/1486\/victoire-lue-interdit-trois-pesticides-tueurs-dabeilles\/","og_locale":"fr_FR","og_type":"article","og_title":"Victoire : l\u2019UE interdit trois pesticides tueurs d\u2019abeilles","og_description":"Les gouvernements europ\u00e9ens se sont prononc\u00e9s aujourd\u2019hui \u00e0 Bruxelles en faveur de l\u2019interdiction de trois n\u00e9onicotino\u00efdes particuli\u00e8rement dangereux pour les abeilles : l\u2019imidaclopride, le clothianidine et le thiam\u00e9toxame, fabriqu\u00e9s par les g\u00e9ants de l\u2019agrochimie Bayer et Syngenta.","og_url":"https:\/\/www.greenpeace.org\/luxembourg\/fr\/actualites\/1486\/victoire-lue-interdit-trois-pesticides-tueurs-dabeilles\/","og_site_name":"Greenpeace Luxembourg","article_publisher":"https:\/\/www.facebook.com\/greenpeaceluxembourg","article_published_time":"2018-04-27T00:00:00+00:00","article_modified_time":"2019-11-06T08:54:47+00:00","og_image":[{"width":1200,"height":800,"url":"https:\/\/www.greenpeace.org\/static\/planet4-luxembourg-stateless\/2018\/10\/8ec6a9cd-gp0stp05c.jpg","type":"image\/jpeg"}],"author":"Greenpeace Luxembourg","twitter_card":"summary_large_image","twitter_misc":{"Written by":"Greenpeace Luxembourg","Est. reading time":"1 minute"},"schema":{"@context":"https:\/\/schema.org","@graph":[{"@type":"Article","@id":"https:\/\/www.greenpeace.org\/luxembourg\/fr\/actualites\/1486\/victoire-lue-interdit-trois-pesticides-tueurs-dabeilles\/#article","isPartOf":{"@id":"https:\/\/www.greenpeace.org\/luxembourg\/fr\/actualites\/1486\/victoire-lue-interdit-trois-pesticides-tueurs-dabeilles\/"},"author":{"name":"Greenpeace Luxembourg","@id":"https:\/\/www.greenpeace.org\/luxembourg\/fr\/#\/schema\/person\/12b34015aca6e55fec2e511d2f19102d"},"headline":"Victoire : l\u2019UE interdit trois pesticides tueurs d\u2019abeilles","datePublished":"2018-04-27T00:00:00+00:00","dateModified":"2019-11-06T08:54:47+00:00","mainEntityOfPage":{"@id":"https:\/\/www.greenpeace.org\/luxembourg\/fr\/actualites\/1486\/victoire-lue-interdit-trois-pesticides-tueurs-dabeilles\/"},"wordCount":267,"publisher":{"@id":"https:\/\/www.greenpeace.org\/luxembourg\/fr\/#organization"},"image":{"@id":"https:\/\/www.greenpeace.org\/luxembourg\/fr\/actualites\/1486\/victoire-lue-interdit-trois-pesticides-tueurs-dabeilles\/#primaryimage"},"thumbnailUrl":"https:\/\/www.greenpeace.org\/static\/planet4-luxembourg-stateless\/2018\/10\/8ec6a9cd-gp0stp05c.jpg","keywords":["Biodiversit\u00e9"],"articleSection":["Nature"],"inLanguage":"fr-LU"},{"@type":"WebPage","@id":"https:\/\/www.greenpeace.org\/luxembourg\/fr\/actualites\/1486\/victoire-lue-interdit-trois-pesticides-tueurs-dabeilles\/","url":"https:\/\/www.greenpeace.org\/luxembourg\/fr\/actualites\/1486\/victoire-lue-interdit-trois-pesticides-tueurs-dabeilles\/","name":"Victoire : l\u2019UE interdit trois pesticides tueurs d\u2019abeilles - Greenpeace Luxembourg","isPartOf":{"@id":"https:\/\/www.greenpeace.org\/luxembourg\/fr\/#website"},"primaryImageOfPage":{"@id":"https:\/\/www.greenpeace.org\/luxembourg\/fr\/actualites\/1486\/victoire-lue-interdit-trois-pesticides-tueurs-dabeilles\/#primaryimage"},"image":{"@id":"https:\/\/www.greenpeace.org\/luxembourg\/fr\/actualites\/1486\/victoire-lue-interdit-trois-pesticides-tueurs-dabeilles\/#primaryimage"},"thumbnailUrl":"https:\/\/www.greenpeace.org\/static\/planet4-luxembourg-stateless\/2018\/10\/8ec6a9cd-gp0stp05c.jpg","datePublished":"2018-04-27T00:00:00+00:00","dateModified":"2019-11-06T08:54:47+00:00","breadcrumb":{"@id":"https:\/\/www.greenpeace.org\/luxembourg\/fr\/actualites\/1486\/victoire-lue-interdit-trois-pesticides-tueurs-dabeilles\/#breadcrumb"},"inLanguage":"fr-LU","potentialAction":[{"@type":"ReadAction","target":["https:\/\/www.greenpeace.org\/luxembourg\/fr\/actualites\/1486\/victoire-lue-interdit-trois-pesticides-tueurs-dabeilles\/"]}]},{"@type":"ImageObject","inLanguage":"fr-LU","@id":"https:\/\/www.greenpeace.org\/luxembourg\/fr\/actualites\/1486\/victoire-lue-interdit-trois-pesticides-tueurs-dabeilles\/#primaryimage","url":"https:\/\/www.greenpeace.org\/static\/planet4-luxembourg-stateless\/2018\/10\/8ec6a9cd-gp0stp05c.jpg","contentUrl":"https:\/\/www.greenpeace.org\/static\/planet4-luxembourg-stateless\/2018\/10\/8ec6a9cd-gp0stp05c.jpg","width":1200,"height":800,"caption":"Bees in or on a beehive in North Germany."},{"@type":"BreadcrumbList","@id":"https:\/\/www.greenpeace.org\/luxembourg\/fr\/actualites\/1486\/victoire-lue-interdit-trois-pesticides-tueurs-dabeilles\/#breadcrumb","itemListElement":[{"@type":"ListItem","position":1,"name":"Home","item":"https:\/\/www.greenpeace.org\/luxembourg\/fr\/"},{"@type":"ListItem","position":2,"name":"Victoire : l\u2019UE interdit trois pesticides tueurs d\u2019abeilles"}]},{"@type":"WebSite","@id":"https:\/\/www.greenpeace.org\/luxembourg\/fr\/#website","url":"https:\/\/www.greenpeace.org\/luxembourg\/fr\/","name":"Greenpeace Luxembourg","description":"Greenpeace existe parce que cette Terre fragile a besoin d&#039;une voix. Elle a besoin de solutions. De changement. D&#039;actions.","publisher":{"@id":"https:\/\/www.greenpeace.org\/luxembourg\/fr\/#organization"},"potentialAction":[{"@type":"SearchAction","target":{"@type":"EntryPoint","urlTemplate":"https:\/\/www.greenpeace.org\/luxembourg\/fr\/?s={search_term_string}"},"query-input":{"@type":"PropertyValueSpecification","valueRequired":true,"valueName":"search_term_string"}}],"inLanguage":"fr-LU"},{"@type":"Organization","@id":"https:\/\/www.greenpeace.org\/luxembourg\/fr\/#organization","name":"Greenpeace Luxembourg","url":"https:\/\/www.greenpeace.org\/luxembourg\/fr\/","logo":{"@type":"ImageObject","inLanguage":"fr-LU","@id":"https:\/\/www.greenpeace.org\/luxembourg\/fr\/#\/schema\/logo\/image\/","url":"https:\/\/www.greenpeace.org\/static\/planet4-luxembourg-stateless\/2026\/03\/3e367f94-greenpeace_logo_green_rgb.png","contentUrl":"https:\/\/www.greenpeace.org\/static\/planet4-luxembourg-stateless\/2026\/03\/3e367f94-greenpeace_logo_green_rgb.png","width":1080,"height":175,"caption":"Greenpeace Luxembourg"},"image":{"@id":"https:\/\/www.greenpeace.org\/luxembourg\/fr\/#\/schema\/logo\/image\/"},"sameAs":["https:\/\/www.facebook.com\/greenpeaceluxembourg","https:\/\/www.instagram.com\/greenpeacelux\/","https:\/\/www.linkedin.com\/company\/greenpeace-luxembourg\/","https:\/\/www.threads.com\/@greenpeacelux","https:\/\/bsky.app\/profile\/greenpeacelux.bsky.social","https:\/\/www.youtube.com\/@GreenpeaceLux","https:\/\/www.tiktok.com\/@greenpeace_lux"]},{"@type":"Person","@id":"https:\/\/www.greenpeace.org\/luxembourg\/fr\/#\/schema\/person\/12b34015aca6e55fec2e511d2f19102d","name":"Greenpeace Luxembourg","url":"https:\/\/www.greenpeace.org\/luxembourg\/fr\/author\/gp_luxembourg\/"}]}},"_links":{"self":[{"href":"https:\/\/www.greenpeace.org\/luxembourg\/fr\/wp-json\/wp\/v2\/posts\/1486","targetHints":{"allow":["GET"]}}],"collection":[{"href":"https:\/\/www.greenpeace.org\/luxembourg\/fr\/wp-json\/wp\/v2\/posts"}],"about":[{"href":"https:\/\/www.greenpeace.org\/luxembourg\/fr\/wp-json\/wp\/v2\/types\/post"}],"author":[{"embeddable":true,"href":"https:\/\/www.greenpeace.org\/luxembourg\/fr\/wp-json\/wp\/v2\/users\/20"}],"replies":[{"embeddable":true,"href":"https:\/\/www.greenpeace.org\/luxembourg\/fr\/wp-json\/wp\/v2\/comments?post=1486"}],"version-history":[{"count":2,"href":"https:\/\/www.greenpeace.org\/luxembourg\/fr\/wp-json\/wp\/v2\/posts\/1486\/revisions"}],"predecessor-version":[{"id":5934,"href":"https:\/\/www.greenpeace.org\/luxembourg\/fr\/wp-json\/wp\/v2\/posts\/1486\/revisions\/5934"}],"wp:featuredmedia":[{"embeddable":true,"href":"https:\/\/www.greenpeace.org\/luxembourg\/fr\/wp-json\/wp\/v2\/media\/1981"}],"wp:attachment":[{"href":"https:\/\/www.greenpeace.org\/luxembourg\/fr\/wp-json\/wp\/v2\/media?parent=1486"}],"wp:term":[{"taxonomy":"category","embeddable":true,"href":"https:\/\/www.greenpeace.org\/luxembourg\/fr\/wp-json\/wp\/v2\/categories?post=1486"},{"taxonomy":"post_tag","embeddable":true,"href":"https:\/\/www.greenpeace.org\/luxembourg\/fr\/wp-json\/wp\/v2\/tags?post=1486"},{"taxonomy":"p4-page-type","embeddable":true,"href":"https:\/\/www.greenpeace.org\/luxembourg\/fr\/wp-json\/wp\/v2\/p4-page-type?post=1486"}],"curies":[{"name":"wp","href":"https:\/\/api.w.org\/{rel}","templated":true}]}}