{"id":1504,"date":"2018-04-26T00:00:00","date_gmt":"2018-04-26T00:00:00","guid":{"rendered":"https:\/\/www.greenpeace.org\/luxembourg\/actualites\/1504\/tchernobyl-le-risque-nucleaire-toujours-dactualite\/"},"modified":"2019-11-06T10:54:48","modified_gmt":"2019-11-06T08:54:48","slug":"tchernobyl-le-risque-nucleaire-toujours-dactualite","status":"publish","type":"post","link":"https:\/\/www.greenpeace.org\/luxembourg\/fr\/actualites\/1504\/tchernobyl-le-risque-nucleaire-toujours-dactualite\/","title":{"rendered":"Tchernobyl : le risque nucl\u00e9aire toujours d\u2019actualit\u00e9"},"content":{"rendered":"<div class=\"leader\">Trente-deux ans apr\u00e8s le d\u00e9but de la catastrophe de la centrale nucl\u00e9aire de Tchernobyl, de nombreuses questions restent sans r\u00e9ponse : quand et comment le r\u00e9acteur sinistr\u00e9 sera-t-il d\u00e9mantel\u00e9 ? Comment seront trait\u00e9es et stock\u00e9es les mati\u00e8res radioactives issues de l\u2019accident ? Qui assumera les co\u00fbts astronomiques de ces travaux ? Incapable d\u2019y r\u00e9pondre, l\u2019industrie nucl\u00e9aire continue de minimiser les risques li\u00e9s \u00e0 l\u2019\u00e9nergie atomique.<\/div>\n<div>\n<p>Le 26 avril 1986, le r\u00e9acteur n\u00b04 de la centrale de Tchernobyl, en Ukraine, explosait, entra\u00eenant l\u2019une des plus grandes catastrophes du nucl\u00e9aire civil. Trente-deux ans plus tard, il est encore difficile de mesurer l\u2019\u00e9tendue des cons\u00e9quences de ce d\u00e9sastre, tant les enjeux sur le plan environnemental, sanitaire et \u00e9conomique sont consid\u00e9rables.<\/p>\n<p style=\"text-align: center;\"><em><img loading=\"lazy\" decoding=\"async\" src=\"https:\/\/www.greenpeace.org\/static\/planet4-luxembourg-stateless\/2018\/10\/da66272d-da66272d-gp0kp4_medium_tchernobyl_ecole_desertee_res_with_credit_line.jpg\" alt=\"\" width=\"600\" height=\"400\" \/><\/em><br \/>\n<em>\u00a9 Clive Shirley \/ Greenpeace<\/em><br \/>\n<em>Une \u00e9cole d\u00e9sert\u00e9e, au village d\u2019Illinsty, dans la zone de 30 km autour de Tchernobyl.<\/em><\/p>\n<p style=\"text-align: left;\">Il aura fallu par exemple attendre plus de trente ann\u00e9es pour que la communaut\u00e9 internationale parvienne \u00e0 \u00e9difier une immense arche pour contenir la radioactivit\u00e9\u00a0au-dessus du vieux sarcophage, fissur\u00e9, qui \u00e9tait cens\u00e9 isoler le r\u00e9acteur accident\u00e9. Un chantier colossal achev\u00e9 douze ans apr\u00e8s la date initialement pr\u00e9vue et dont le co\u00fbt n\u2019a cess\u00e9 de grimper pour atteindre environ deux milliards d\u2019euros.<\/p>\n<p>Quid des quelque 440 000 m\u00e8tres cubes de d\u00e9chets radioactifs \u00e0 longue dur\u00e9e de vie qui s\u2019y trouvent ?\u00a0A ce jour,\u00a0on ignore encore comment extraire ces d\u00e9chets. Et m\u00eame si des moyens technologiques \u00e9taient \u00e0 disposition, il resterait \u00e0 savoir qui serait pr\u00eat \u00e0 en assumer les co\u00fbts astronomiques.<\/p>\n<p>Bien au-del\u00e0 du r\u00e9acteur accident\u00e9, la catastrophe en cours depuis plus de 30 ans a \u00e9videmment un\u00a0impact consid\u00e9rable et \u00e0 long terme sur la sant\u00e9 des habitants des environs et sur la faune et la flore.<\/p>\n<p><iframe loading=\"lazy\" src=\"https:\/\/www.franceculture.fr\/player\/export-reecouter?content=2362ff1c-864a-431a-8f91-2d9448ace9c5\" width=\"481\" height=\"137\" frameborder=\"0\" scrolling=\"no\"><\/iframe><\/p>\n<p><strong>Et pendant ce temps-l\u00e0 en Europe \u2026<\/strong><\/p>\n<p>Malgr\u00e9 ces terribles cons\u00e9quences, visibles, l\u2019industrie nucl\u00e9aire continue de minimiser les risques et les co\u00fbts li\u00e9s \u00e0 cette \u00e9nergie dangereuse.\u00a0La France, avec ses 19 centrales et\u00a0<a href=\"http:\/\/www.greenpeace.org\/luxembourg\/fr\/news\/ous-concernes-par-les-risques-nucleaires\/\">58 r\u00e9acteurs nucl\u00e9aires qui quadrillent le territoire<\/a>, dans des zones dens\u00e9ment peupl\u00e9es, est particuli\u00e8rement expos\u00e9e. Exploit\u00e9es par l\u2019entreprise EDF, ces centrales sont vieillissantes (la moiti\u00e9 ont ou vont d\u00e9passer dans les ann\u00e9es qui viennent la limite des 40 ans d\u2019exploitation). Une majorit\u00e9 des 58 r\u00e9acteurs sont confront\u00e9s \u00e0 des anomalies graves de fabrication, au c\u0153ur des r\u00e9acteurs. Les centrales sont tr\u00e8s mal prot\u00e9g\u00e9es face aux risques d\u2019attaques ext\u00e9rieures. Et la\u00a0<a href=\"http:\/\/www.liberation.fr\/france\/2018\/02\/16\/edf-peine-a-financer-ses-colossaux-investissements-nucleaires_1630232\" target=\"_blank\" rel=\"noopener noreferrer\">facture des travaux colossaux<\/a>\u00a0qui seraient n\u00e9cessaires ne cesse de s\u2019alourdir.<\/p>\n<p>Greenpeace a d\u00e9nonc\u00e9 \u00e0 de multiples reprises ces risques, notamment dans un\u00a0<a href=\"http:\/\/www.greenpeace.org\/luxembourg\/fr\/news\/Nucleaire--Greenpeace-France-lance-lalerte-sur-la-vulnerabilite-des-centrales-face-a-des-actes-de-malveillance\/\">rapport d\u2019experts ind\u00e9pendants<\/a>.\u00a0Nous avons mis en \u00e9vidence des failles de s\u00e9curit\u00e9 majeures\u00a0dans les centrales fran\u00e7aises, qui auraient des\u00a0<a href=\"https:\/\/www.nouvelobs.com\/planete\/20180418.OBS5414\/francais-gare-a-vos-centrales-nucleaires-la-mise-en-garde-d-un-depute-belge.html\" target=\"_blank\" rel=\"noopener noreferrer\">cons\u00e9quences en France et chez ses voisins europ\u00e9ens<\/a>\u00a0: les piscines d\u2019entreposage du combustible us\u00e9 sont tr\u00e8s mal prot\u00e9g\u00e9es face au risque d\u2019attaque ext\u00e9rieure. Il s\u2019agit pourtant des installations qui contiennent le plus de radioactivit\u00e9 dans les centrales nucl\u00e9aires.<\/p>\n<p style=\"text-align: center;\"><img loading=\"lazy\" decoding=\"async\" src=\"https:\/\/www.greenpeace.org\/static\/planet4-luxembourg-stateless\/2018\/10\/27486165-27486165-gp0strbnx_medium_action_cruas_res_with_credit_line.jpg\" alt=\"\" width=\"600\" height=\"400\" \/><br \/>\n<em>\u00a9 Alban Grosdidier \/ Greenpeace<br \/>\nDes activistes de Greenpeace se sont introduits dans la centrale de Cruas-Meysse, en Ard\u00e8che, pour d\u00e9noncer la vuln\u00e9rabilit\u00e9 des piscines d\u2019entreposage du combustible us\u00e9.\u00a0<\/em><\/p>\n<p><strong>D\u00e9noncer le risque nucl\u00e9aire<\/strong><\/p>\n<p>C\u2019est aussi ce qu\u2019ont d\u00e9nonc\u00e9 des activistes de Greenpeace qui se sont introduits \u00e0 deux reprises dans des centrales nucl\u00e9aires, le 12 octobre \u00e0 Cattenom, en Moselle, et le 28 novembre, \u00e0 Cruas-Meysse, en Ard\u00e8che. A la suite de ces intrusions, une\u00a0<a href=\"http:\/\/www.lcp.fr\/la-politique-en-video\/securite-nucleaire-le-cri-dalarme-de-greenpeace-devant-les-deputes\" target=\"_blank\" rel=\"noopener noreferrer\">commission d\u2019enqu\u00eate parlementaire sur la s\u00fbret\u00e9 et la s\u00e9curit\u00e9 des installations nucl\u00e9aires<\/a>\u00a0a d\u2019ailleurs \u00e9t\u00e9 cr\u00e9\u00e9e.<\/p>\n<p>Or, plut\u00f4t que de renforcer la s\u00e9curit\u00e9 de ses installations, EDF a d\u00e9cid\u00e9 de poursuivre les activistes de Greenpeace.\u00a0Apr\u00e8s un proc\u00e8s \u00e0 Thionville et un verdict s\u00e9v\u00e8re dont Greenpeace France a fait appel,\u00a022 autres activistes seront sur le banc du tribunal de Privas le 17 mai, ainsi que le charg\u00e9 de campagne nucl\u00e9aire pour Greenpeace France, et l\u2019association elle-m\u00eame.<\/p>\n<p><span class=\"mark\">C\u2019est en lanceurs d\u2019alerte que ces activistes ont agi, pour d\u00e9noncer un danger bien r\u00e9el, aujourd\u2019hui en France et en Europe, et qui nous concerne toutes et tous.<\/span><\/p>\n<p style=\"text-align: center;\"><span class=\"mark\"><a href=\"http:\/\/stop-risque-nucleaire.greenpeace.lu\/\"><img loading=\"lazy\" decoding=\"async\" src=\"https:\/\/www.greenpeace.org\/static\/planet4-luxembourg-stateless\/2018\/10\/bbbcd7dd-je_signe_la_petition_bouton.png\" alt=\"\" width=\"200\" height=\"55\" \/><\/a><\/span><\/p>\n<p style=\"text-align: left;\"><strong><a href=\"https:\/\/www.greenpeace.fr\/tchernobyl-risques-nucleaires\/\">Article Source<\/a><\/strong> : Greenpeace France<\/p>\n<\/div>\n","protected":false},"excerpt":{"rendered":"<div>\n\tTrente-deux ans apr\u00e8s le d\u00e9but de la catastrophe de la centrale nucl\u00e9aire de Tchernobyl, de nombreuses questions restent sans r\u00e9ponse : quand et comment le r\u00e9acteur sinistr\u00e9 sera-t-il d\u00e9mantel\u00e9 ? Comment seront trait\u00e9es et stock\u00e9es les mati\u00e8res radioactives issues de l\u2019accident ? Qui assumera les co\u00fbts astronomiques de ces travaux ? Incapable d\u2019y r\u00e9pondre, l\u2019industrie nucl\u00e9aire continue de minimiser les risques li\u00e9s \u00e0 l\u2019\u00e9nergie atomique.\n<\/div>\n","protected":false},"author":20,"featured_media":1505,"comment_status":"closed","ping_status":"closed","sticky":false,"template":"","format":"standard","meta":{"ep_exclude_from_search":false,"p4_og_title":"","p4_og_description":"","p4_og_image":"","p4_og_image_id":"","p4_seo_canonical_url":"","p4_campaign_name":"","p4_local_project":"","p4_basket_name":"","p4_department":"","footnotes":""},"categories":[42],"tags":[30],"p4-page-type":[85],"class_list":["post-1504","post","type-post","status-publish","format-standard","has-post-thumbnail","hentry","category-energie","tag-nucleaire","p4-page-type-actualites"],"yoast_head":"<!-- This site is optimized with the Yoast SEO Premium plugin v23.9 (Yoast SEO v23.9) - https:\/\/yoast.com\/wordpress\/plugins\/seo\/ -->\n<title>Tchernobyl : le risque nucl\u00e9aire toujours d\u2019actualit\u00e9 - Greenpeace Luxembourg<\/title>\n<meta name=\"robots\" content=\"index, follow, max-snippet:-1, max-image-preview:large, max-video-preview:-1\" \/>\n<link rel=\"canonical\" href=\"https:\/\/www.greenpeace.org\/luxembourg\/fr\/actualites\/1504\/tchernobyl-le-risque-nucleaire-toujours-dactualite\/\" \/>\n<meta property=\"og:locale\" content=\"fr_FR\" \/>\n<meta property=\"og:type\" content=\"article\" \/>\n<meta property=\"og:title\" content=\"Tchernobyl : le risque nucl\u00e9aire toujours d\u2019actualit\u00e9\" \/>\n<meta property=\"og:description\" content=\"Trente-deux ans apr\u00e8s le d\u00e9but de la catastrophe de la centrale nucl\u00e9aire de Tchernobyl, de nombreuses questions restent sans r\u00e9ponse : quand et comment le r\u00e9acteur sinistr\u00e9 sera-t-il d\u00e9mantel\u00e9 ? Comment seront trait\u00e9es et stock\u00e9es les mati\u00e8res radioactives issues de l\u2019accident ? Qui assumera les co\u00fbts astronomiques de ces travaux ? Incapable d\u2019y r\u00e9pondre, l\u2019industrie nucl\u00e9aire continue de minimiser les risques li\u00e9s \u00e0 l\u2019\u00e9nergie atomique.\" \/>\n<meta property=\"og:url\" content=\"https:\/\/www.greenpeace.org\/luxembourg\/fr\/actualites\/1504\/tchernobyl-le-risque-nucleaire-toujours-dactualite\/\" \/>\n<meta property=\"og:site_name\" content=\"Greenpeace Luxembourg\" \/>\n<meta property=\"article:publisher\" content=\"https:\/\/www.facebook.com\/greenpeaceluxembourg\" \/>\n<meta property=\"article:published_time\" content=\"2018-04-26T00:00:00+00:00\" \/>\n<meta property=\"article:modified_time\" content=\"2019-11-06T08:54:48+00:00\" \/>\n<meta property=\"og:image\" content=\"https:\/\/www.greenpeace.org\/static\/planet4-luxembourg-stateless\/2018\/10\/da66272d-da66272d-gp0kp4_medium_tchernobyl_ecole_desertee_res_with_credit_line.jpg\" \/>\n\t<meta property=\"og:image:width\" content=\"800\" \/>\n\t<meta property=\"og:image:height\" content=\"533\" \/>\n\t<meta property=\"og:image:type\" content=\"image\/jpeg\" \/>\n<meta name=\"author\" content=\"Greenpeace Luxembourg\" \/>\n<meta name=\"twitter:card\" content=\"summary_large_image\" \/>\n<meta name=\"twitter:label1\" content=\"Written by\" \/>\n\t<meta name=\"twitter:data1\" content=\"Greenpeace Luxembourg\" \/>\n\t<meta name=\"twitter:label2\" content=\"Est. reading time\" \/>\n\t<meta name=\"twitter:data2\" content=\"4 minutes\" \/>\n<script type=\"application\/ld+json\" class=\"yoast-schema-graph\">{\"@context\":\"https:\/\/schema.org\",\"@graph\":[{\"@type\":\"Article\",\"@id\":\"https:\/\/www.greenpeace.org\/luxembourg\/fr\/actualites\/1504\/tchernobyl-le-risque-nucleaire-toujours-dactualite\/#article\",\"isPartOf\":{\"@id\":\"https:\/\/www.greenpeace.org\/luxembourg\/fr\/actualites\/1504\/tchernobyl-le-risque-nucleaire-toujours-dactualite\/\"},\"author\":{\"name\":\"Greenpeace Luxembourg\",\"@id\":\"https:\/\/www.greenpeace.org\/luxembourg\/fr\/#\/schema\/person\/12b34015aca6e55fec2e511d2f19102d\"},\"headline\":\"Tchernobyl : le risque nucl\u00e9aire toujours d\u2019actualit\u00e9\",\"datePublished\":\"2018-04-26T00:00:00+00:00\",\"dateModified\":\"2019-11-06T08:54:48+00:00\",\"mainEntityOfPage\":{\"@id\":\"https:\/\/www.greenpeace.org\/luxembourg\/fr\/actualites\/1504\/tchernobyl-le-risque-nucleaire-toujours-dactualite\/\"},\"wordCount\":746,\"publisher\":{\"@id\":\"https:\/\/www.greenpeace.org\/luxembourg\/fr\/#organization\"},\"image\":{\"@id\":\"https:\/\/www.greenpeace.org\/luxembourg\/fr\/actualites\/1504\/tchernobyl-le-risque-nucleaire-toujours-dactualite\/#primaryimage\"},\"thumbnailUrl\":\"https:\/\/www.greenpeace.org\/static\/planet4-luxembourg-stateless\/2018\/10\/da66272d-da66272d-gp0kp4_medium_tchernobyl_ecole_desertee_res_with_credit_line.jpg\",\"keywords\":[\"Nucl\u00e9aire\"],\"articleSection\":[\"\u00c9nergie\"],\"inLanguage\":\"fr-LU\"},{\"@type\":\"WebPage\",\"@id\":\"https:\/\/www.greenpeace.org\/luxembourg\/fr\/actualites\/1504\/tchernobyl-le-risque-nucleaire-toujours-dactualite\/\",\"url\":\"https:\/\/www.greenpeace.org\/luxembourg\/fr\/actualites\/1504\/tchernobyl-le-risque-nucleaire-toujours-dactualite\/\",\"name\":\"Tchernobyl : le risque nucl\u00e9aire toujours d\u2019actualit\u00e9 - Greenpeace Luxembourg\",\"isPartOf\":{\"@id\":\"https:\/\/www.greenpeace.org\/luxembourg\/fr\/#website\"},\"primaryImageOfPage\":{\"@id\":\"https:\/\/www.greenpeace.org\/luxembourg\/fr\/actualites\/1504\/tchernobyl-le-risque-nucleaire-toujours-dactualite\/#primaryimage\"},\"image\":{\"@id\":\"https:\/\/www.greenpeace.org\/luxembourg\/fr\/actualites\/1504\/tchernobyl-le-risque-nucleaire-toujours-dactualite\/#primaryimage\"},\"thumbnailUrl\":\"https:\/\/www.greenpeace.org\/static\/planet4-luxembourg-stateless\/2018\/10\/da66272d-da66272d-gp0kp4_medium_tchernobyl_ecole_desertee_res_with_credit_line.jpg\",\"datePublished\":\"2018-04-26T00:00:00+00:00\",\"dateModified\":\"2019-11-06T08:54:48+00:00\",\"breadcrumb\":{\"@id\":\"https:\/\/www.greenpeace.org\/luxembourg\/fr\/actualites\/1504\/tchernobyl-le-risque-nucleaire-toujours-dactualite\/#breadcrumb\"},\"inLanguage\":\"fr-LU\",\"potentialAction\":[{\"@type\":\"ReadAction\",\"target\":[\"https:\/\/www.greenpeace.org\/luxembourg\/fr\/actualites\/1504\/tchernobyl-le-risque-nucleaire-toujours-dactualite\/\"]}]},{\"@type\":\"ImageObject\",\"inLanguage\":\"fr-LU\",\"@id\":\"https:\/\/www.greenpeace.org\/luxembourg\/fr\/actualites\/1504\/tchernobyl-le-risque-nucleaire-toujours-dactualite\/#primaryimage\",\"url\":\"https:\/\/www.greenpeace.org\/static\/planet4-luxembourg-stateless\/2018\/10\/da66272d-da66272d-gp0kp4_medium_tchernobyl_ecole_desertee_res_with_credit_line.jpg\",\"contentUrl\":\"https:\/\/www.greenpeace.org\/static\/planet4-luxembourg-stateless\/2018\/10\/da66272d-da66272d-gp0kp4_medium_tchernobyl_ecole_desertee_res_with_credit_line.jpg\",\"width\":800,\"height\":533},{\"@type\":\"BreadcrumbList\",\"@id\":\"https:\/\/www.greenpeace.org\/luxembourg\/fr\/actualites\/1504\/tchernobyl-le-risque-nucleaire-toujours-dactualite\/#breadcrumb\",\"itemListElement\":[{\"@type\":\"ListItem\",\"position\":1,\"name\":\"Home\",\"item\":\"https:\/\/www.greenpeace.org\/luxembourg\/fr\/\"},{\"@type\":\"ListItem\",\"position\":2,\"name\":\"Tchernobyl : le risque nucl\u00e9aire toujours d\u2019actualit\u00e9\"}]},{\"@type\":\"WebSite\",\"@id\":\"https:\/\/www.greenpeace.org\/luxembourg\/fr\/#website\",\"url\":\"https:\/\/www.greenpeace.org\/luxembourg\/fr\/\",\"name\":\"Greenpeace Luxembourg\",\"description\":\"Greenpeace existe parce que cette Terre fragile a besoin d&#039;une voix. Elle a besoin de solutions. De changement. D&#039;actions.\",\"publisher\":{\"@id\":\"https:\/\/www.greenpeace.org\/luxembourg\/fr\/#organization\"},\"potentialAction\":[{\"@type\":\"SearchAction\",\"target\":{\"@type\":\"EntryPoint\",\"urlTemplate\":\"https:\/\/www.greenpeace.org\/luxembourg\/fr\/?s={search_term_string}\"},\"query-input\":{\"@type\":\"PropertyValueSpecification\",\"valueRequired\":true,\"valueName\":\"search_term_string\"}}],\"inLanguage\":\"fr-LU\"},{\"@type\":\"Organization\",\"@id\":\"https:\/\/www.greenpeace.org\/luxembourg\/fr\/#organization\",\"name\":\"Greenpeace Luxembourg\",\"url\":\"https:\/\/www.greenpeace.org\/luxembourg\/fr\/\",\"logo\":{\"@type\":\"ImageObject\",\"inLanguage\":\"fr-LU\",\"@id\":\"https:\/\/www.greenpeace.org\/luxembourg\/fr\/#\/schema\/logo\/image\/\",\"url\":\"https:\/\/www.greenpeace.org\/static\/planet4-luxembourg-stateless\/2026\/03\/3e367f94-greenpeace_logo_green_rgb.png\",\"contentUrl\":\"https:\/\/www.greenpeace.org\/static\/planet4-luxembourg-stateless\/2026\/03\/3e367f94-greenpeace_logo_green_rgb.png\",\"width\":1080,\"height\":175,\"caption\":\"Greenpeace Luxembourg\"},\"image\":{\"@id\":\"https:\/\/www.greenpeace.org\/luxembourg\/fr\/#\/schema\/logo\/image\/\"},\"sameAs\":[\"https:\/\/www.facebook.com\/greenpeaceluxembourg\",\"https:\/\/www.instagram.com\/greenpeacelux\/\",\"https:\/\/www.linkedin.com\/company\/greenpeace-luxembourg\/\",\"https:\/\/www.threads.com\/@greenpeacelux\",\"https:\/\/bsky.app\/profile\/greenpeacelux.bsky.social\",\"https:\/\/www.youtube.com\/@GreenpeaceLux\",\"https:\/\/www.tiktok.com\/@greenpeace_lux\"]},{\"@type\":\"Person\",\"@id\":\"https:\/\/www.greenpeace.org\/luxembourg\/fr\/#\/schema\/person\/12b34015aca6e55fec2e511d2f19102d\",\"name\":\"Greenpeace Luxembourg\",\"url\":\"https:\/\/www.greenpeace.org\/luxembourg\/fr\/author\/gp_luxembourg\/\"}]}<\/script>\n<!-- \/ Yoast SEO Premium plugin. -->","yoast_head_json":{"title":"Tchernobyl : le risque nucl\u00e9aire toujours d\u2019actualit\u00e9 - Greenpeace Luxembourg","robots":{"index":"index","follow":"follow","max-snippet":"max-snippet:-1","max-image-preview":"max-image-preview:large","max-video-preview":"max-video-preview:-1"},"canonical":"https:\/\/www.greenpeace.org\/luxembourg\/fr\/actualites\/1504\/tchernobyl-le-risque-nucleaire-toujours-dactualite\/","og_locale":"fr_FR","og_type":"article","og_title":"Tchernobyl : le risque nucl\u00e9aire toujours d\u2019actualit\u00e9","og_description":"Trente-deux ans apr\u00e8s le d\u00e9but de la catastrophe de la centrale nucl\u00e9aire de Tchernobyl, de nombreuses questions restent sans r\u00e9ponse : quand et comment le r\u00e9acteur sinistr\u00e9 sera-t-il d\u00e9mantel\u00e9 ? Comment seront trait\u00e9es et stock\u00e9es les mati\u00e8res radioactives issues de l\u2019accident ? Qui assumera les co\u00fbts astronomiques de ces travaux ? Incapable d\u2019y r\u00e9pondre, l\u2019industrie nucl\u00e9aire continue de minimiser les risques li\u00e9s \u00e0 l\u2019\u00e9nergie atomique.","og_url":"https:\/\/www.greenpeace.org\/luxembourg\/fr\/actualites\/1504\/tchernobyl-le-risque-nucleaire-toujours-dactualite\/","og_site_name":"Greenpeace Luxembourg","article_publisher":"https:\/\/www.facebook.com\/greenpeaceluxembourg","article_published_time":"2018-04-26T00:00:00+00:00","article_modified_time":"2019-11-06T08:54:48+00:00","og_image":[{"width":800,"height":533,"url":"https:\/\/www.greenpeace.org\/static\/planet4-luxembourg-stateless\/2018\/10\/da66272d-da66272d-gp0kp4_medium_tchernobyl_ecole_desertee_res_with_credit_line.jpg","type":"image\/jpeg"}],"author":"Greenpeace Luxembourg","twitter_card":"summary_large_image","twitter_misc":{"Written by":"Greenpeace Luxembourg","Est. reading time":"4 minutes"},"schema":{"@context":"https:\/\/schema.org","@graph":[{"@type":"Article","@id":"https:\/\/www.greenpeace.org\/luxembourg\/fr\/actualites\/1504\/tchernobyl-le-risque-nucleaire-toujours-dactualite\/#article","isPartOf":{"@id":"https:\/\/www.greenpeace.org\/luxembourg\/fr\/actualites\/1504\/tchernobyl-le-risque-nucleaire-toujours-dactualite\/"},"author":{"name":"Greenpeace Luxembourg","@id":"https:\/\/www.greenpeace.org\/luxembourg\/fr\/#\/schema\/person\/12b34015aca6e55fec2e511d2f19102d"},"headline":"Tchernobyl : le risque nucl\u00e9aire toujours d\u2019actualit\u00e9","datePublished":"2018-04-26T00:00:00+00:00","dateModified":"2019-11-06T08:54:48+00:00","mainEntityOfPage":{"@id":"https:\/\/www.greenpeace.org\/luxembourg\/fr\/actualites\/1504\/tchernobyl-le-risque-nucleaire-toujours-dactualite\/"},"wordCount":746,"publisher":{"@id":"https:\/\/www.greenpeace.org\/luxembourg\/fr\/#organization"},"image":{"@id":"https:\/\/www.greenpeace.org\/luxembourg\/fr\/actualites\/1504\/tchernobyl-le-risque-nucleaire-toujours-dactualite\/#primaryimage"},"thumbnailUrl":"https:\/\/www.greenpeace.org\/static\/planet4-luxembourg-stateless\/2018\/10\/da66272d-da66272d-gp0kp4_medium_tchernobyl_ecole_desertee_res_with_credit_line.jpg","keywords":["Nucl\u00e9aire"],"articleSection":["\u00c9nergie"],"inLanguage":"fr-LU"},{"@type":"WebPage","@id":"https:\/\/www.greenpeace.org\/luxembourg\/fr\/actualites\/1504\/tchernobyl-le-risque-nucleaire-toujours-dactualite\/","url":"https:\/\/www.greenpeace.org\/luxembourg\/fr\/actualites\/1504\/tchernobyl-le-risque-nucleaire-toujours-dactualite\/","name":"Tchernobyl : le risque nucl\u00e9aire toujours d\u2019actualit\u00e9 - Greenpeace Luxembourg","isPartOf":{"@id":"https:\/\/www.greenpeace.org\/luxembourg\/fr\/#website"},"primaryImageOfPage":{"@id":"https:\/\/www.greenpeace.org\/luxembourg\/fr\/actualites\/1504\/tchernobyl-le-risque-nucleaire-toujours-dactualite\/#primaryimage"},"image":{"@id":"https:\/\/www.greenpeace.org\/luxembourg\/fr\/actualites\/1504\/tchernobyl-le-risque-nucleaire-toujours-dactualite\/#primaryimage"},"thumbnailUrl":"https:\/\/www.greenpeace.org\/static\/planet4-luxembourg-stateless\/2018\/10\/da66272d-da66272d-gp0kp4_medium_tchernobyl_ecole_desertee_res_with_credit_line.jpg","datePublished":"2018-04-26T00:00:00+00:00","dateModified":"2019-11-06T08:54:48+00:00","breadcrumb":{"@id":"https:\/\/www.greenpeace.org\/luxembourg\/fr\/actualites\/1504\/tchernobyl-le-risque-nucleaire-toujours-dactualite\/#breadcrumb"},"inLanguage":"fr-LU","potentialAction":[{"@type":"ReadAction","target":["https:\/\/www.greenpeace.org\/luxembourg\/fr\/actualites\/1504\/tchernobyl-le-risque-nucleaire-toujours-dactualite\/"]}]},{"@type":"ImageObject","inLanguage":"fr-LU","@id":"https:\/\/www.greenpeace.org\/luxembourg\/fr\/actualites\/1504\/tchernobyl-le-risque-nucleaire-toujours-dactualite\/#primaryimage","url":"https:\/\/www.greenpeace.org\/static\/planet4-luxembourg-stateless\/2018\/10\/da66272d-da66272d-gp0kp4_medium_tchernobyl_ecole_desertee_res_with_credit_line.jpg","contentUrl":"https:\/\/www.greenpeace.org\/static\/planet4-luxembourg-stateless\/2018\/10\/da66272d-da66272d-gp0kp4_medium_tchernobyl_ecole_desertee_res_with_credit_line.jpg","width":800,"height":533},{"@type":"BreadcrumbList","@id":"https:\/\/www.greenpeace.org\/luxembourg\/fr\/actualites\/1504\/tchernobyl-le-risque-nucleaire-toujours-dactualite\/#breadcrumb","itemListElement":[{"@type":"ListItem","position":1,"name":"Home","item":"https:\/\/www.greenpeace.org\/luxembourg\/fr\/"},{"@type":"ListItem","position":2,"name":"Tchernobyl : le risque nucl\u00e9aire toujours d\u2019actualit\u00e9"}]},{"@type":"WebSite","@id":"https:\/\/www.greenpeace.org\/luxembourg\/fr\/#website","url":"https:\/\/www.greenpeace.org\/luxembourg\/fr\/","name":"Greenpeace Luxembourg","description":"Greenpeace existe parce que cette Terre fragile a besoin d&#039;une voix. Elle a besoin de solutions. De changement. D&#039;actions.","publisher":{"@id":"https:\/\/www.greenpeace.org\/luxembourg\/fr\/#organization"},"potentialAction":[{"@type":"SearchAction","target":{"@type":"EntryPoint","urlTemplate":"https:\/\/www.greenpeace.org\/luxembourg\/fr\/?s={search_term_string}"},"query-input":{"@type":"PropertyValueSpecification","valueRequired":true,"valueName":"search_term_string"}}],"inLanguage":"fr-LU"},{"@type":"Organization","@id":"https:\/\/www.greenpeace.org\/luxembourg\/fr\/#organization","name":"Greenpeace Luxembourg","url":"https:\/\/www.greenpeace.org\/luxembourg\/fr\/","logo":{"@type":"ImageObject","inLanguage":"fr-LU","@id":"https:\/\/www.greenpeace.org\/luxembourg\/fr\/#\/schema\/logo\/image\/","url":"https:\/\/www.greenpeace.org\/static\/planet4-luxembourg-stateless\/2026\/03\/3e367f94-greenpeace_logo_green_rgb.png","contentUrl":"https:\/\/www.greenpeace.org\/static\/planet4-luxembourg-stateless\/2026\/03\/3e367f94-greenpeace_logo_green_rgb.png","width":1080,"height":175,"caption":"Greenpeace Luxembourg"},"image":{"@id":"https:\/\/www.greenpeace.org\/luxembourg\/fr\/#\/schema\/logo\/image\/"},"sameAs":["https:\/\/www.facebook.com\/greenpeaceluxembourg","https:\/\/www.instagram.com\/greenpeacelux\/","https:\/\/www.linkedin.com\/company\/greenpeace-luxembourg\/","https:\/\/www.threads.com\/@greenpeacelux","https:\/\/bsky.app\/profile\/greenpeacelux.bsky.social","https:\/\/www.youtube.com\/@GreenpeaceLux","https:\/\/www.tiktok.com\/@greenpeace_lux"]},{"@type":"Person","@id":"https:\/\/www.greenpeace.org\/luxembourg\/fr\/#\/schema\/person\/12b34015aca6e55fec2e511d2f19102d","name":"Greenpeace Luxembourg","url":"https:\/\/www.greenpeace.org\/luxembourg\/fr\/author\/gp_luxembourg\/"}]}},"_links":{"self":[{"href":"https:\/\/www.greenpeace.org\/luxembourg\/fr\/wp-json\/wp\/v2\/posts\/1504","targetHints":{"allow":["GET"]}}],"collection":[{"href":"https:\/\/www.greenpeace.org\/luxembourg\/fr\/wp-json\/wp\/v2\/posts"}],"about":[{"href":"https:\/\/www.greenpeace.org\/luxembourg\/fr\/wp-json\/wp\/v2\/types\/post"}],"author":[{"embeddable":true,"href":"https:\/\/www.greenpeace.org\/luxembourg\/fr\/wp-json\/wp\/v2\/users\/20"}],"replies":[{"embeddable":true,"href":"https:\/\/www.greenpeace.org\/luxembourg\/fr\/wp-json\/wp\/v2\/comments?post=1504"}],"version-history":[{"count":3,"href":"https:\/\/www.greenpeace.org\/luxembourg\/fr\/wp-json\/wp\/v2\/posts\/1504\/revisions"}],"predecessor-version":[{"id":5937,"href":"https:\/\/www.greenpeace.org\/luxembourg\/fr\/wp-json\/wp\/v2\/posts\/1504\/revisions\/5937"}],"wp:featuredmedia":[{"embeddable":true,"href":"https:\/\/www.greenpeace.org\/luxembourg\/fr\/wp-json\/wp\/v2\/media\/1505"}],"wp:attachment":[{"href":"https:\/\/www.greenpeace.org\/luxembourg\/fr\/wp-json\/wp\/v2\/media?parent=1504"}],"wp:term":[{"taxonomy":"category","embeddable":true,"href":"https:\/\/www.greenpeace.org\/luxembourg\/fr\/wp-json\/wp\/v2\/categories?post=1504"},{"taxonomy":"post_tag","embeddable":true,"href":"https:\/\/www.greenpeace.org\/luxembourg\/fr\/wp-json\/wp\/v2\/tags?post=1504"},{"taxonomy":"p4-page-type","embeddable":true,"href":"https:\/\/www.greenpeace.org\/luxembourg\/fr\/wp-json\/wp\/v2\/p4-page-type?post=1504"}],"curies":[{"name":"wp","href":"https:\/\/api.w.org\/{rel}","templated":true}]}}