{"id":1520,"date":"2018-03-29T00:00:00","date_gmt":"2018-03-29T00:00:00","guid":{"rendered":"https:\/\/www.greenpeace.org\/luxembourg\/actualites\/1520\/recif-de-lamazone-total-recidive-nous-aussi\/"},"modified":"2019-11-06T10:54:50","modified_gmt":"2019-11-06T08:54:50","slug":"recif-de-lamazone-total-recidive-nous-aussi","status":"publish","type":"post","link":"https:\/\/www.greenpeace.org\/luxembourg\/fr\/actualites\/1520\/recif-de-lamazone-total-recidive-nous-aussi\/","title":{"rendered":"R\u00e9cif de l\u2019Amazone : Total r\u00e9cidive. Nous aussi."},"content":{"rendered":"<div class=\"leader\">\n\tAu moment o\u00f9 vous lisez ces lignes, l\u2019Esperanza, c\u00e9l\u00e8bre navire de Greenpeace, se trouve quelque part au milieu de l\u2019oc\u00e9an Atlantique. Destination : le R\u00e9cif de l\u2019Amazone, au large du Br\u00e9sil. Cet \u00e9cosyst\u00e8me, dont les toutes premi\u00e8res images ont \u00e9t\u00e9 r\u00e9alis\u00e9es seulement l\u2019an dernier, n\u2019a pas encore livr\u00e9 tous ses secrets. Malheureusement, il est d\u00e9j\u00e0 menac\u00e9 par des projets p\u00e9troliers, notamment de Total. Gr\u00e2ce \u00e0 votre mobilisation, ces projets ont \u00e9t\u00e9 frein\u00e9s jusqu\u2019\u00e0 pr\u00e9sent. Mais Total ne semble pas avoir dit son dernier mot. \u00c7a tombe bien, nous non plus\u2026.\n<\/div>\n<div>\n<p><strong>Nous sommes pr\u00eat-es !<\/strong><\/p>\n<p>L\u2019<em>Esperanza<\/em>\u00a0a lev\u00e9 l\u2019ancre de Bordeaux il y a deux semaines, charg\u00e9 de mat\u00e9riel d\u2019exploration scientifique. Dans cette vid\u00e9o tourn\u00e9e lorsque Greenpeace \u00e9tait \u00e0 quai \u00e0 Bordeaux, on vous explique les pr\u00e9paratifs de cette nouvelle exp\u00e9dition, mais aussi les raisons qui nous poussent \u00e0 retourner sur place pour \u00e9tudier et prot\u00e9ger ce r\u00e9cif unique et menac\u00e9.<\/p>\n<p style=\"text-align: center;\"><iframe loading=\"lazy\" frameborder=\"0\" height=\"315\" src=\"https:\/\/www.youtube.com\/embed\/_0bnkhPd4Cg?rel=0\" width=\"560\"><\/iframe><\/p>\n<p>\u00a0<strong>La mobilisation a port\u00e9 ses fruits\u2026<\/strong><\/p>\n<p>En ao\u00fbt 2017, l\u2019Agence environnementale br\u00e9silienne (IBAMA) a\u00a0<a href=\"http:\/\/www.greenpeace.org\/luxembourg\/fr\/news\/Recif-de-lAmazone--grosse-claque-pour-Total\/\">refus\u00e9 d\u2019accorder \u00e0 Total les permis n\u00e9cessaires<\/a>\u00a0pour d\u00e9buter ses forages exploratoires \u00e0 proximit\u00e9 du r\u00e9cif. Gr\u00e2ce aux informations que nous avions pu recueillir lors de\u00a0notre premi\u00e8re exp\u00e9dition, nous avions\u00a0fourni une \u00e9tude\u00a0\u00e0 IBAMA d\u00e9montrant que Total sous-estimait les risques de mar\u00e9e noire.<\/p>\n<p>Quelques mois plus tard, les autorit\u00e9s br\u00e9siliennes\u00a0renon\u00e7aient \u00e0 mettre en vente de nouveaux blocs d\u2019exploration p\u00e9troli\u00e8re dans l\u2019embouchure de l\u2019Amazone. Votre mobilisation qui a permis \u00e0 notre p\u00e9tition de recueillir 1,8 million de signatures dans le monde, y est sans doute pour quelque chose !<\/p>\n<p style=\"text-align: center;\"><img loading=\"lazy\" decoding=\"async\" src=\"https:\/\/www.greenpeace.org\/static\/planet4-luxembourg-stateless\/2018\/10\/2431a9b7-2431a9b7-amazonreef_gp0strics_pressmedia-780x585.jpg\" alt=\"\" width=\"600\" height=\"450\"><br \/><em>\u00a9 Frederico Servos \/ Greenpeace<\/em><\/p>\n<p style=\"text-align: left;\"><strong>\u2026 Mais la menace reste forte<\/strong><\/p>\n<p>Total refuse pourtant de renoncer \u00e0 ses projets absurdes et dangereux. La compagnie p\u00e9troli\u00e8re fran\u00e7aise vient en effet de formuler une nouvelle demande d\u2019autorisation aupr\u00e8s de l\u2019IBAMA\u2026<\/p>\n<p><span>Les autorit\u00e9s br\u00e9siliennes pourraient rendre leur d\u00e9cision \u00e0 tout moment. C\u2019est donc une course contre la montre que nous devons gagner.<\/span><\/p>\n<p style=\"text-align: center;\"><span><img loading=\"lazy\" decoding=\"async\" src=\"https:\/\/www.greenpeace.org\/static\/planet4-luxembourg-stateless\/2018\/10\/4e0858d3-4e0858d3-total_gp0stqmvh_pressmedia-780x520.jpg\" alt=\"\" width=\"600\" height=\"400\"><br \/><em>\u00a9 Simon Lambert \/ Greenpeace<\/em><\/span><\/p>\n<p style=\"text-align: left;\"><strong>L\u2019heure est \u00e0 la science, pas \u00e0 l\u2019exploration p\u00e9troli\u00e8re\u00a0!<\/strong><\/p>\n<p>L\u2019an dernier, nous avions r\u00e9alis\u00e9\u00a0les toutes premi\u00e8res images\u00a0de ce r\u00e9cif qui intrigue tant les scientifiques. L\u00e0 o\u00f9 le fleuve Amazone se jette dans l\u2019oc\u00e9an Atlantique, les eaux sont boueuses et charg\u00e9es en s\u00e9diments, et la lumi\u00e8re du jour atteint difficilement les profondeurs.\u00a0Personne ne pensait possible l\u2019existence d\u2019un r\u00e9cif corallien aussi important \u00a0\u00e0 cet endroit. Pourtant, c\u2019est l\u00e0 qu\u2019il prosp\u00e8re\u00a0!<\/p>\n<p style=\"text-align: center;\"><iframe loading=\"lazy\" frameborder=\"0\" height=\"315\" src=\"https:\/\/www.youtube.com\/embed\/XNFIL-8MBMc\" width=\"560\"><\/iframe><\/p>\n<p>C\u2019est notamment pour tenter de\u00a0<span>percer ces myst\u00e8res<\/span>\u00a0que nous retournons sur le r\u00e9cif. Nous avons \u00e0 bord un robot qui effectuera des plong\u00e9es, ainsi qu\u2019un petit laboratoire qui nous permettra de faire des premi\u00e8res analyses.<\/p>\n<p><span>Et nous vous r\u00e9servons quelques autres surprises\u2026<\/span><\/p>\n<p>En attendant la suite de cette nouvelle exp\u00e9dition, continuez \u00e0 vous mobiliser \u00e0 nos c\u00f4t\u00e9s en signant notre p\u00e9tition ou en la partageant autour de vous.<\/p>\n<p style=\"text-align: center;\"><a href=\"http:\/\/fr-lu.amazonreefs.org\/\">&gt;&gt; <strong>Je signe la p\u00e9tition<\/strong> &lt;&lt;<\/a><\/p>\n<p>\u00a0<\/p>\n<p><strong><a href=\"https:\/\/www.greenpeace.fr\/recif-de-lamazone-total-recidive\/\">Article Source :<\/a><\/strong> Greenpeace France<\/p>\n<\/div>\n","protected":false},"excerpt":{"rendered":"<div>\n\tAu moment o\u00f9 vous lisez ces lignes, l\u2019Esperanza, c\u00e9l\u00e8bre navire de Greenpeace, se trouve quelque part au milieu de l\u2019oc\u00e9an Atlantique. Destination : le R\u00e9cif de l\u2019Amazone, au large du Br\u00e9sil. Cet \u00e9cosyst\u00e8me, dont les toutes premi\u00e8res images ont \u00e9t\u00e9 r\u00e9alis\u00e9es seulement l\u2019an dernier, n\u2019a pas encore livr\u00e9 tous ses secrets. Malheureusement, il est d\u00e9j\u00e0 menac\u00e9 par des projets p\u00e9troliers, notamment de Total. Gr\u00e2ce \u00e0 votre mobilisation, ces projets ont \u00e9t\u00e9 frein\u00e9s jusqu\u2019\u00e0 pr\u00e9sent. Mais Total ne semble pas avoir dit son dernier mot. \u00c7a tombe bien, nous non plus\u2026.\n<\/div>\n","protected":false},"author":20,"featured_media":1521,"comment_status":"closed","ping_status":"closed","sticky":false,"template":"","format":"standard","meta":{"ep_exclude_from_search":false,"p4_og_title":"","p4_og_description":"","p4_og_image":"","p4_og_image_id":"","p4_seo_canonical_url":"","p4_campaign_name":"","p4_local_project":"","p4_basket_name":"","p4_department":"","footnotes":""},"categories":[43],"tags":[35,29],"p4-page-type":[85],"class_list":["post-1520","post","type-post","status-publish","format-standard","has-post-thumbnail","hentry","category-nature","tag-energiesfossiles","tag-oceans","p4-page-type-actualites"],"yoast_head":"<!-- This site is optimized with the Yoast SEO Premium plugin v23.9 (Yoast SEO v23.9) - https:\/\/yoast.com\/wordpress\/plugins\/seo\/ -->\n<title>R\u00e9cif de l\u2019Amazone : Total r\u00e9cidive. Nous aussi. - Greenpeace Luxembourg<\/title>\n<meta name=\"robots\" content=\"index, follow, max-snippet:-1, max-image-preview:large, max-video-preview:-1\" \/>\n<link rel=\"canonical\" href=\"https:\/\/www.greenpeace.org\/luxembourg\/fr\/actualites\/1520\/recif-de-lamazone-total-recidive-nous-aussi\/\" \/>\n<meta property=\"og:locale\" content=\"fr_FR\" \/>\n<meta property=\"og:type\" content=\"article\" \/>\n<meta property=\"og:title\" content=\"R\u00e9cif de l\u2019Amazone : Total r\u00e9cidive. Nous aussi.\" \/>\n<meta property=\"og:description\" content=\"Au moment o\u00f9 vous lisez ces lignes, l\u2019Esperanza, c\u00e9l\u00e8bre navire de Greenpeace, se trouve quelque part au milieu de l\u2019oc\u00e9an Atlantique. Destination : le R\u00e9cif de l\u2019Amazone, au large du Br\u00e9sil. Cet \u00e9cosyst\u00e8me, dont les toutes premi\u00e8res images ont \u00e9t\u00e9 r\u00e9alis\u00e9es seulement l\u2019an dernier, n\u2019a pas encore livr\u00e9 tous ses secrets. Malheureusement, il est d\u00e9j\u00e0 menac\u00e9 par des projets p\u00e9troliers, notamment de Total. Gr\u00e2ce \u00e0 votre mobilisation, ces projets ont \u00e9t\u00e9 frein\u00e9s jusqu\u2019\u00e0 pr\u00e9sent. Mais Total ne semble pas avoir dit son dernier mot. \u00c7a tombe bien, nous non plus\u2026.\" \/>\n<meta property=\"og:url\" content=\"https:\/\/www.greenpeace.org\/luxembourg\/fr\/actualites\/1520\/recif-de-lamazone-total-recidive-nous-aussi\/\" \/>\n<meta property=\"og:site_name\" content=\"Greenpeace Luxembourg\" \/>\n<meta property=\"article:publisher\" content=\"https:\/\/www.facebook.com\/greenpeaceluxembourg\" \/>\n<meta property=\"article:published_time\" content=\"2018-03-29T00:00:00+00:00\" \/>\n<meta property=\"article:modified_time\" content=\"2019-11-06T08:54:50+00:00\" \/>\n<meta property=\"og:image\" content=\"https:\/\/www.greenpeace.org\/static\/planet4-luxembourg-stateless\/2018\/10\/2431a9b7-2431a9b7-amazonreef_gp0strics_pressmedia-780x585.jpg\" \/>\n\t<meta property=\"og:image:width\" content=\"780\" \/>\n\t<meta property=\"og:image:height\" content=\"585\" \/>\n\t<meta property=\"og:image:type\" content=\"image\/jpeg\" \/>\n<meta name=\"author\" content=\"Greenpeace Luxembourg\" \/>\n<meta name=\"twitter:card\" content=\"summary_large_image\" \/>\n<meta name=\"twitter:label1\" content=\"Written by\" \/>\n\t<meta name=\"twitter:data1\" content=\"Greenpeace Luxembourg\" \/>\n\t<meta name=\"twitter:label2\" content=\"Est. reading time\" \/>\n\t<meta name=\"twitter:data2\" content=\"3 minutes\" \/>\n<script type=\"application\/ld+json\" class=\"yoast-schema-graph\">{\"@context\":\"https:\/\/schema.org\",\"@graph\":[{\"@type\":\"Article\",\"@id\":\"https:\/\/www.greenpeace.org\/luxembourg\/fr\/actualites\/1520\/recif-de-lamazone-total-recidive-nous-aussi\/#article\",\"isPartOf\":{\"@id\":\"https:\/\/www.greenpeace.org\/luxembourg\/fr\/actualites\/1520\/recif-de-lamazone-total-recidive-nous-aussi\/\"},\"author\":{\"name\":\"Greenpeace Luxembourg\",\"@id\":\"https:\/\/www.greenpeace.org\/luxembourg\/fr\/#\/schema\/person\/12b34015aca6e55fec2e511d2f19102d\"},\"headline\":\"R\u00e9cif de l\u2019Amazone : Total r\u00e9cidive. Nous aussi.\",\"datePublished\":\"2018-03-29T00:00:00+00:00\",\"dateModified\":\"2019-11-06T08:54:50+00:00\",\"mainEntityOfPage\":{\"@id\":\"https:\/\/www.greenpeace.org\/luxembourg\/fr\/actualites\/1520\/recif-de-lamazone-total-recidive-nous-aussi\/\"},\"wordCount\":546,\"publisher\":{\"@id\":\"https:\/\/www.greenpeace.org\/luxembourg\/fr\/#organization\"},\"image\":{\"@id\":\"https:\/\/www.greenpeace.org\/luxembourg\/fr\/actualites\/1520\/recif-de-lamazone-total-recidive-nous-aussi\/#primaryimage\"},\"thumbnailUrl\":\"https:\/\/www.greenpeace.org\/static\/planet4-luxembourg-stateless\/2018\/10\/2431a9b7-2431a9b7-amazonreef_gp0strics_pressmedia-780x585.jpg\",\"keywords\":[\"EnergiesFossiles\",\"Oc\u00e9ans\"],\"articleSection\":[\"Nature\"],\"inLanguage\":\"fr-LU\"},{\"@type\":\"WebPage\",\"@id\":\"https:\/\/www.greenpeace.org\/luxembourg\/fr\/actualites\/1520\/recif-de-lamazone-total-recidive-nous-aussi\/\",\"url\":\"https:\/\/www.greenpeace.org\/luxembourg\/fr\/actualites\/1520\/recif-de-lamazone-total-recidive-nous-aussi\/\",\"name\":\"R\u00e9cif de l\u2019Amazone : Total r\u00e9cidive. Nous aussi. - Greenpeace Luxembourg\",\"isPartOf\":{\"@id\":\"https:\/\/www.greenpeace.org\/luxembourg\/fr\/#website\"},\"primaryImageOfPage\":{\"@id\":\"https:\/\/www.greenpeace.org\/luxembourg\/fr\/actualites\/1520\/recif-de-lamazone-total-recidive-nous-aussi\/#primaryimage\"},\"image\":{\"@id\":\"https:\/\/www.greenpeace.org\/luxembourg\/fr\/actualites\/1520\/recif-de-lamazone-total-recidive-nous-aussi\/#primaryimage\"},\"thumbnailUrl\":\"https:\/\/www.greenpeace.org\/static\/planet4-luxembourg-stateless\/2018\/10\/2431a9b7-2431a9b7-amazonreef_gp0strics_pressmedia-780x585.jpg\",\"datePublished\":\"2018-03-29T00:00:00+00:00\",\"dateModified\":\"2019-11-06T08:54:50+00:00\",\"breadcrumb\":{\"@id\":\"https:\/\/www.greenpeace.org\/luxembourg\/fr\/actualites\/1520\/recif-de-lamazone-total-recidive-nous-aussi\/#breadcrumb\"},\"inLanguage\":\"fr-LU\",\"potentialAction\":[{\"@type\":\"ReadAction\",\"target\":[\"https:\/\/www.greenpeace.org\/luxembourg\/fr\/actualites\/1520\/recif-de-lamazone-total-recidive-nous-aussi\/\"]}]},{\"@type\":\"ImageObject\",\"inLanguage\":\"fr-LU\",\"@id\":\"https:\/\/www.greenpeace.org\/luxembourg\/fr\/actualites\/1520\/recif-de-lamazone-total-recidive-nous-aussi\/#primaryimage\",\"url\":\"https:\/\/www.greenpeace.org\/static\/planet4-luxembourg-stateless\/2018\/10\/2431a9b7-2431a9b7-amazonreef_gp0strics_pressmedia-780x585.jpg\",\"contentUrl\":\"https:\/\/www.greenpeace.org\/static\/planet4-luxembourg-stateless\/2018\/10\/2431a9b7-2431a9b7-amazonreef_gp0strics_pressmedia-780x585.jpg\",\"width\":780,\"height\":585},{\"@type\":\"BreadcrumbList\",\"@id\":\"https:\/\/www.greenpeace.org\/luxembourg\/fr\/actualites\/1520\/recif-de-lamazone-total-recidive-nous-aussi\/#breadcrumb\",\"itemListElement\":[{\"@type\":\"ListItem\",\"position\":1,\"name\":\"Home\",\"item\":\"https:\/\/www.greenpeace.org\/luxembourg\/fr\/\"},{\"@type\":\"ListItem\",\"position\":2,\"name\":\"R\u00e9cif de l\u2019Amazone : Total r\u00e9cidive. Nous aussi.\"}]},{\"@type\":\"WebSite\",\"@id\":\"https:\/\/www.greenpeace.org\/luxembourg\/fr\/#website\",\"url\":\"https:\/\/www.greenpeace.org\/luxembourg\/fr\/\",\"name\":\"Greenpeace Luxembourg\",\"description\":\"Greenpeace existe parce que cette Terre fragile a besoin d&#039;une voix. Elle a besoin de solutions. De changement. D&#039;actions.\",\"publisher\":{\"@id\":\"https:\/\/www.greenpeace.org\/luxembourg\/fr\/#organization\"},\"potentialAction\":[{\"@type\":\"SearchAction\",\"target\":{\"@type\":\"EntryPoint\",\"urlTemplate\":\"https:\/\/www.greenpeace.org\/luxembourg\/fr\/?s={search_term_string}\"},\"query-input\":{\"@type\":\"PropertyValueSpecification\",\"valueRequired\":true,\"valueName\":\"search_term_string\"}}],\"inLanguage\":\"fr-LU\"},{\"@type\":\"Organization\",\"@id\":\"https:\/\/www.greenpeace.org\/luxembourg\/fr\/#organization\",\"name\":\"Greenpeace Luxembourg\",\"url\":\"https:\/\/www.greenpeace.org\/luxembourg\/fr\/\",\"logo\":{\"@type\":\"ImageObject\",\"inLanguage\":\"fr-LU\",\"@id\":\"https:\/\/www.greenpeace.org\/luxembourg\/fr\/#\/schema\/logo\/image\/\",\"url\":\"https:\/\/www.greenpeace.org\/static\/planet4-luxembourg-stateless\/2026\/03\/3e367f94-greenpeace_logo_green_rgb.png\",\"contentUrl\":\"https:\/\/www.greenpeace.org\/static\/planet4-luxembourg-stateless\/2026\/03\/3e367f94-greenpeace_logo_green_rgb.png\",\"width\":1080,\"height\":175,\"caption\":\"Greenpeace Luxembourg\"},\"image\":{\"@id\":\"https:\/\/www.greenpeace.org\/luxembourg\/fr\/#\/schema\/logo\/image\/\"},\"sameAs\":[\"https:\/\/www.facebook.com\/greenpeaceluxembourg\",\"https:\/\/www.instagram.com\/greenpeacelux\/\",\"https:\/\/www.linkedin.com\/company\/greenpeace-luxembourg\/\",\"https:\/\/www.threads.com\/@greenpeacelux\",\"https:\/\/bsky.app\/profile\/greenpeacelux.bsky.social\",\"https:\/\/www.youtube.com\/@GreenpeaceLux\",\"https:\/\/www.tiktok.com\/@greenpeace_lux\"]},{\"@type\":\"Person\",\"@id\":\"https:\/\/www.greenpeace.org\/luxembourg\/fr\/#\/schema\/person\/12b34015aca6e55fec2e511d2f19102d\",\"name\":\"Greenpeace Luxembourg\",\"url\":\"https:\/\/www.greenpeace.org\/luxembourg\/fr\/author\/gp_luxembourg\/\"}]}<\/script>\n<!-- \/ Yoast SEO Premium plugin. -->","yoast_head_json":{"title":"R\u00e9cif de l\u2019Amazone : Total r\u00e9cidive. Nous aussi. - Greenpeace Luxembourg","robots":{"index":"index","follow":"follow","max-snippet":"max-snippet:-1","max-image-preview":"max-image-preview:large","max-video-preview":"max-video-preview:-1"},"canonical":"https:\/\/www.greenpeace.org\/luxembourg\/fr\/actualites\/1520\/recif-de-lamazone-total-recidive-nous-aussi\/","og_locale":"fr_FR","og_type":"article","og_title":"R\u00e9cif de l\u2019Amazone : Total r\u00e9cidive. Nous aussi.","og_description":"Au moment o\u00f9 vous lisez ces lignes, l\u2019Esperanza, c\u00e9l\u00e8bre navire de Greenpeace, se trouve quelque part au milieu de l\u2019oc\u00e9an Atlantique. Destination : le R\u00e9cif de l\u2019Amazone, au large du Br\u00e9sil. Cet \u00e9cosyst\u00e8me, dont les toutes premi\u00e8res images ont \u00e9t\u00e9 r\u00e9alis\u00e9es seulement l\u2019an dernier, n\u2019a pas encore livr\u00e9 tous ses secrets. Malheureusement, il est d\u00e9j\u00e0 menac\u00e9 par des projets p\u00e9troliers, notamment de Total. Gr\u00e2ce \u00e0 votre mobilisation, ces projets ont \u00e9t\u00e9 frein\u00e9s jusqu\u2019\u00e0 pr\u00e9sent. Mais Total ne semble pas avoir dit son dernier mot. \u00c7a tombe bien, nous non plus\u2026.","og_url":"https:\/\/www.greenpeace.org\/luxembourg\/fr\/actualites\/1520\/recif-de-lamazone-total-recidive-nous-aussi\/","og_site_name":"Greenpeace Luxembourg","article_publisher":"https:\/\/www.facebook.com\/greenpeaceluxembourg","article_published_time":"2018-03-29T00:00:00+00:00","article_modified_time":"2019-11-06T08:54:50+00:00","og_image":[{"width":780,"height":585,"url":"https:\/\/www.greenpeace.org\/static\/planet4-luxembourg-stateless\/2018\/10\/2431a9b7-2431a9b7-amazonreef_gp0strics_pressmedia-780x585.jpg","type":"image\/jpeg"}],"author":"Greenpeace Luxembourg","twitter_card":"summary_large_image","twitter_misc":{"Written by":"Greenpeace Luxembourg","Est. reading time":"3 minutes"},"schema":{"@context":"https:\/\/schema.org","@graph":[{"@type":"Article","@id":"https:\/\/www.greenpeace.org\/luxembourg\/fr\/actualites\/1520\/recif-de-lamazone-total-recidive-nous-aussi\/#article","isPartOf":{"@id":"https:\/\/www.greenpeace.org\/luxembourg\/fr\/actualites\/1520\/recif-de-lamazone-total-recidive-nous-aussi\/"},"author":{"name":"Greenpeace Luxembourg","@id":"https:\/\/www.greenpeace.org\/luxembourg\/fr\/#\/schema\/person\/12b34015aca6e55fec2e511d2f19102d"},"headline":"R\u00e9cif de l\u2019Amazone : Total r\u00e9cidive. Nous aussi.","datePublished":"2018-03-29T00:00:00+00:00","dateModified":"2019-11-06T08:54:50+00:00","mainEntityOfPage":{"@id":"https:\/\/www.greenpeace.org\/luxembourg\/fr\/actualites\/1520\/recif-de-lamazone-total-recidive-nous-aussi\/"},"wordCount":546,"publisher":{"@id":"https:\/\/www.greenpeace.org\/luxembourg\/fr\/#organization"},"image":{"@id":"https:\/\/www.greenpeace.org\/luxembourg\/fr\/actualites\/1520\/recif-de-lamazone-total-recidive-nous-aussi\/#primaryimage"},"thumbnailUrl":"https:\/\/www.greenpeace.org\/static\/planet4-luxembourg-stateless\/2018\/10\/2431a9b7-2431a9b7-amazonreef_gp0strics_pressmedia-780x585.jpg","keywords":["EnergiesFossiles","Oc\u00e9ans"],"articleSection":["Nature"],"inLanguage":"fr-LU"},{"@type":"WebPage","@id":"https:\/\/www.greenpeace.org\/luxembourg\/fr\/actualites\/1520\/recif-de-lamazone-total-recidive-nous-aussi\/","url":"https:\/\/www.greenpeace.org\/luxembourg\/fr\/actualites\/1520\/recif-de-lamazone-total-recidive-nous-aussi\/","name":"R\u00e9cif de l\u2019Amazone : Total r\u00e9cidive. Nous aussi. - Greenpeace Luxembourg","isPartOf":{"@id":"https:\/\/www.greenpeace.org\/luxembourg\/fr\/#website"},"primaryImageOfPage":{"@id":"https:\/\/www.greenpeace.org\/luxembourg\/fr\/actualites\/1520\/recif-de-lamazone-total-recidive-nous-aussi\/#primaryimage"},"image":{"@id":"https:\/\/www.greenpeace.org\/luxembourg\/fr\/actualites\/1520\/recif-de-lamazone-total-recidive-nous-aussi\/#primaryimage"},"thumbnailUrl":"https:\/\/www.greenpeace.org\/static\/planet4-luxembourg-stateless\/2018\/10\/2431a9b7-2431a9b7-amazonreef_gp0strics_pressmedia-780x585.jpg","datePublished":"2018-03-29T00:00:00+00:00","dateModified":"2019-11-06T08:54:50+00:00","breadcrumb":{"@id":"https:\/\/www.greenpeace.org\/luxembourg\/fr\/actualites\/1520\/recif-de-lamazone-total-recidive-nous-aussi\/#breadcrumb"},"inLanguage":"fr-LU","potentialAction":[{"@type":"ReadAction","target":["https:\/\/www.greenpeace.org\/luxembourg\/fr\/actualites\/1520\/recif-de-lamazone-total-recidive-nous-aussi\/"]}]},{"@type":"ImageObject","inLanguage":"fr-LU","@id":"https:\/\/www.greenpeace.org\/luxembourg\/fr\/actualites\/1520\/recif-de-lamazone-total-recidive-nous-aussi\/#primaryimage","url":"https:\/\/www.greenpeace.org\/static\/planet4-luxembourg-stateless\/2018\/10\/2431a9b7-2431a9b7-amazonreef_gp0strics_pressmedia-780x585.jpg","contentUrl":"https:\/\/www.greenpeace.org\/static\/planet4-luxembourg-stateless\/2018\/10\/2431a9b7-2431a9b7-amazonreef_gp0strics_pressmedia-780x585.jpg","width":780,"height":585},{"@type":"BreadcrumbList","@id":"https:\/\/www.greenpeace.org\/luxembourg\/fr\/actualites\/1520\/recif-de-lamazone-total-recidive-nous-aussi\/#breadcrumb","itemListElement":[{"@type":"ListItem","position":1,"name":"Home","item":"https:\/\/www.greenpeace.org\/luxembourg\/fr\/"},{"@type":"ListItem","position":2,"name":"R\u00e9cif de l\u2019Amazone : Total r\u00e9cidive. Nous aussi."}]},{"@type":"WebSite","@id":"https:\/\/www.greenpeace.org\/luxembourg\/fr\/#website","url":"https:\/\/www.greenpeace.org\/luxembourg\/fr\/","name":"Greenpeace Luxembourg","description":"Greenpeace existe parce que cette Terre fragile a besoin d&#039;une voix. Elle a besoin de solutions. De changement. D&#039;actions.","publisher":{"@id":"https:\/\/www.greenpeace.org\/luxembourg\/fr\/#organization"},"potentialAction":[{"@type":"SearchAction","target":{"@type":"EntryPoint","urlTemplate":"https:\/\/www.greenpeace.org\/luxembourg\/fr\/?s={search_term_string}"},"query-input":{"@type":"PropertyValueSpecification","valueRequired":true,"valueName":"search_term_string"}}],"inLanguage":"fr-LU"},{"@type":"Organization","@id":"https:\/\/www.greenpeace.org\/luxembourg\/fr\/#organization","name":"Greenpeace Luxembourg","url":"https:\/\/www.greenpeace.org\/luxembourg\/fr\/","logo":{"@type":"ImageObject","inLanguage":"fr-LU","@id":"https:\/\/www.greenpeace.org\/luxembourg\/fr\/#\/schema\/logo\/image\/","url":"https:\/\/www.greenpeace.org\/static\/planet4-luxembourg-stateless\/2026\/03\/3e367f94-greenpeace_logo_green_rgb.png","contentUrl":"https:\/\/www.greenpeace.org\/static\/planet4-luxembourg-stateless\/2026\/03\/3e367f94-greenpeace_logo_green_rgb.png","width":1080,"height":175,"caption":"Greenpeace Luxembourg"},"image":{"@id":"https:\/\/www.greenpeace.org\/luxembourg\/fr\/#\/schema\/logo\/image\/"},"sameAs":["https:\/\/www.facebook.com\/greenpeaceluxembourg","https:\/\/www.instagram.com\/greenpeacelux\/","https:\/\/www.linkedin.com\/company\/greenpeace-luxembourg\/","https:\/\/www.threads.com\/@greenpeacelux","https:\/\/bsky.app\/profile\/greenpeacelux.bsky.social","https:\/\/www.youtube.com\/@GreenpeaceLux","https:\/\/www.tiktok.com\/@greenpeace_lux"]},{"@type":"Person","@id":"https:\/\/www.greenpeace.org\/luxembourg\/fr\/#\/schema\/person\/12b34015aca6e55fec2e511d2f19102d","name":"Greenpeace Luxembourg","url":"https:\/\/www.greenpeace.org\/luxembourg\/fr\/author\/gp_luxembourg\/"}]}},"_links":{"self":[{"href":"https:\/\/www.greenpeace.org\/luxembourg\/fr\/wp-json\/wp\/v2\/posts\/1520","targetHints":{"allow":["GET"]}}],"collection":[{"href":"https:\/\/www.greenpeace.org\/luxembourg\/fr\/wp-json\/wp\/v2\/posts"}],"about":[{"href":"https:\/\/www.greenpeace.org\/luxembourg\/fr\/wp-json\/wp\/v2\/types\/post"}],"author":[{"embeddable":true,"href":"https:\/\/www.greenpeace.org\/luxembourg\/fr\/wp-json\/wp\/v2\/users\/20"}],"replies":[{"embeddable":true,"href":"https:\/\/www.greenpeace.org\/luxembourg\/fr\/wp-json\/wp\/v2\/comments?post=1520"}],"version-history":[{"count":1,"href":"https:\/\/www.greenpeace.org\/luxembourg\/fr\/wp-json\/wp\/v2\/posts\/1520\/revisions"}],"predecessor-version":[{"id":1525,"href":"https:\/\/www.greenpeace.org\/luxembourg\/fr\/wp-json\/wp\/v2\/posts\/1520\/revisions\/1525"}],"wp:featuredmedia":[{"embeddable":true,"href":"https:\/\/www.greenpeace.org\/luxembourg\/fr\/wp-json\/wp\/v2\/media\/1521"}],"wp:attachment":[{"href":"https:\/\/www.greenpeace.org\/luxembourg\/fr\/wp-json\/wp\/v2\/media?parent=1520"}],"wp:term":[{"taxonomy":"category","embeddable":true,"href":"https:\/\/www.greenpeace.org\/luxembourg\/fr\/wp-json\/wp\/v2\/categories?post=1520"},{"taxonomy":"post_tag","embeddable":true,"href":"https:\/\/www.greenpeace.org\/luxembourg\/fr\/wp-json\/wp\/v2\/tags?post=1520"},{"taxonomy":"p4-page-type","embeddable":true,"href":"https:\/\/www.greenpeace.org\/luxembourg\/fr\/wp-json\/wp\/v2\/p4-page-type?post=1520"}],"curies":[{"name":"wp","href":"https:\/\/api.w.org\/{rel}","templated":true}]}}