{"id":1584,"date":"2018-04-12T00:00:00","date_gmt":"2018-04-12T00:00:00","guid":{"rendered":"https:\/\/www.greenpeace.org\/luxembourg\/actualites\/1584\/recif-de-lamazone-neptune-se-fache\/"},"modified":"2019-11-06T10:54:49","modified_gmt":"2019-11-06T08:54:49","slug":"recif-de-lamazone-neptune-se-fache","status":"publish","type":"post","link":"https:\/\/www.greenpeace.org\/luxembourg\/fr\/actualites\/1584\/recif-de-lamazone-neptune-se-fache\/","title":{"rendered":"R\u00e9cif de l\u2019Amazone : Neptune se f\u00e2che"},"content":{"rendered":"<div class=\"leader\">\n\tVoici quelques jours maintenant que Greenpeace est arriv\u00e9 sur le r\u00e9cif, \u00e0 la recherche de ses tr\u00e9sors cach\u00e9s. Apr\u00e8s avoir explor\u00e9 la partie sud et centrale l\u2019an dernier, nous nous concentrons cette ann\u00e9e sur la partie nord de l\u2019\u00e9cosyst\u00e8me &#8230; du moins sur ce que nous croyons \u00eatre la partie nord, car le r\u00e9cif pourrait \u00eatre bien plus grand que pr\u00e9vu ! Pour en avoir le c\u0153ur net, nous avons tent\u00e9 de mettre \u00e0 l\u2019eau notre mat\u00e9riel d\u2019exploration scientifique\u2026 Mais c\u2019\u00e9tait sans compter sur les caprices de Neptune \u2026\n<\/div>\n<div>\n<p><strong>Mission sonar r\u00e9ussie\u00a0!<\/strong><\/p>\n<p>\u00ab\u00a0<em>L\u00e2che plus de c\u00e2ble<\/em>\u00a0!\u00a0\u00bb, \u00ab\u00a0<em>Vas-y, tire sur la poulie<\/em>\u00a0!\u00a0\u00bb, \u00ab\u00a0<em>C\u2019est bon\u00a0! Le c\u00e2ble est s\u00e9curis\u00e9<\/em>\u00a0!\u00a0\u00bb\u2026 Tandis que, depuis le pont, trois personnes tenaient fermement le c\u00e2ble auquel \u00e9tait reli\u00e9 le sonar, trois autres veillaient \u00e0 ce que le sonar n\u2019aille pas taper dans la coque du navire.<\/p>\n<p style=\"text-align: center;\"><img decoding=\"async\" src=\"https:\/\/www.greenpeace.org\/static\/planet4-luxembourg-stateless\/2018\/10\/9e80b78b-9e80b78b-gp0strqoi_amazon-reef-mise-a-l-eau-sonar-780x520.jpg\" alt=\"ENGLISH BELOWO navio Esperanza est\u00e1 no Brasil para uma expedi\u00e7\u00e3o cient\u00edfica sobre os Corais da Amaz\u00f4nia. Pesquisadores e o time do Greenpeace buscam mais informa\u00e7\u00f5es sobre esse bioma, que \u00e9 \u00fanico no mundo. Empresas internacionais t\u00eam planos de explorar petr\u00f3leo na regi\u00e3o pr\u00f3xima aos Corais em breve. Especialistas, no entanto, alertam que um vazamento ali amea\u00e7aria de forma irrevers\u00edvel o bem-estar do ecossistema marinho e das pessoas que habitam a costa.  Nesta foto, preparativos para lan\u00e7ar um sonar. Foto Marizilda Cruppe\/Greenpeace.The ship Esperanza is back to Brazil for a scientific expedition about the Amazon Reef. Researchers and the Greenpeace team seek for more information about the biome that is unique in the world. International oil companies want to drill for oil within a few kilometers of the Amazon Reef soon. However, experts warn that an oil spill in the area would irreversibly threaten the well-being of the ecosystem and people living in the coast. In this photo, preparations for launching a sonar. Photo Marizilda Cruppe\/Greenpeace.\" width=\"600\"><br \/><em>Mise \u00e0 l\u2019eau du Sonar.<\/em><br \/><em>\u00a9 Marizilda Cruppe \/ Greenpeace<\/em><\/p>\n<p><span>Le sonar nous a renvoy\u00e9 des images que les scientifiques ont pu scruter dans la salle de contr\u00f4le. Gr\u00e2ce \u00e0 ces images (ind\u00e9chiffrables pour les non initi\u00e9s\u00a0!), les scientifiques ont pu localiser des fonds propices au d\u00e9veloppement du r\u00e9cif.<\/span><\/p>\n<p style=\"text-align: center;\"><img loading=\"lazy\" decoding=\"async\" src=\"https:\/\/www.greenpeace.org\/static\/planet4-luxembourg-stateless\/2018\/10\/8021c9b6-8021c9b6-cientistas-sonar-amazonreef.jpg\" alt=\"\" width=\"600\" height=\"449\"><br \/><em>Les scientifiques scrutent les \u00e9crans dans la salle de contr\u00f4le.<\/em><br \/><em>\u00a9 Juliana Costta \/ Greenpeace\u00a0<\/em><\/p>\n<p style=\"text-align: left;\"><span>Nous avons donc tent\u00e9 de concentrer nos efforts sur ces zones en y envoyant le ROV, notre petit robot t\u00e9l\u00e9guid\u00e9 dont le r\u00f4le est d\u2019\u00eatre nos yeux et nos oreilles dans le r\u00e9cif. Mais Neptune n\u2019\u00e9tait pas d\u2019accord.<\/span>\u00a0<\/p>\n<p><strong>C\u2019est la mer qui d\u00e9cide\u00a0!<\/strong><\/p>\n<p>Le secteur nord du r\u00e9cif concentre\u00a0<span>les courants les plus extr\u00eames du monde.<\/span>\u00a0Jusqu\u2019\u00e0 trois courants contradictoires se rencontrent ici\u00a0! C\u2019est aussi la zone o\u00f9 le panache du fleuve Amazone, c\u2019est-\u00e0-dire les s\u00e9diments charri\u00e9s par le fleuve lorsqu\u2019il se jette dans l\u2019oc\u00e9an, a le plus d\u2019influence. Le cercle rouge sur la carte ci-dessous repr\u00e9sente la zone o\u00f9 nous nous trouvons.<\/p>\n<p style=\"text-align: center;\"><img loading=\"lazy\" decoding=\"async\" src=\"https:\/\/www.greenpeace.org\/static\/planet4-luxembourg-stateless\/2018\/10\/7388f923-7388f923-cercle-2-carte-des-courants-amazonreef-nesdis.jpg\" alt=\"\" width=\"300\" height=\"415\"><br \/><em>Carte des courants marins de la r\u00e9gion. Les couleurs refl\u00e8tent l\u2019intensit\u00e9 des courants.\u00a0<\/em><br \/><em>Cr\u00e9dits \/ source : NESDIS<\/em><\/p>\n<p style=\"text-align: left;\"><span>Apr\u00e8s plusieurs tentatives, nous avons r\u00e9ussi \u00e0 mettre le ROV \u00e0 l\u2019eau. Mais les courants marins \u00e9taient trop forts, impossible de stabiliser le robot. Pour \u00e9viter qu\u2019il ne soit projet\u00e9 contre la coque du navire, nous avons d\u00fb h\u00e9las le remonter \u2026<\/span><\/p>\n<p style=\"text-align: center;\"><span><img loading=\"lazy\" decoding=\"async\" src=\"https:\/\/www.greenpeace.org\/static\/planet4-luxembourg-stateless\/2018\/10\/689587ad-689587ad-gp0strqoj_mise-a-l-eau-rov-amazonreef-780x520.jpg\" alt=\"ENGLISH BELOWO navio do Greenpeace Esperanza leva a bordo um ve\u00edculo submerg\u00edvel operado remotamente (ROV, na sigla em ingl\u00eas, modelo Seaeye Cougar XT) para tirar fotos, gravar videos e coletar amostras dos Corais da Amaz\u00f4nia. Os ROVs podem mergulhar a uma profundidade de at\u00e9 2 mil metros, o que significa uma enorme flexibilidade para estudar o ecossistema. Dentro do navio monitores transmitem as imagens captadas em tempo real para os cientistas e tripula\u00e7\u00e3o. Foto Marizilda Cruppe\/GreenpeaceThe Greenpeace ship Esperanza is carrying on board a remotely operated underwater vehicle (ROV, model Seaeye Cougar-XT) to take pictures and videos, and also collect samples of the Amazon Reef. The ROVs can dive to a depth of 2,000 meters, which means a great flexibility to study the ecosystem. Inside the ship, rooms with big screens can broadcast the images captured in real time to the scientists and crew. Photo Marizilda Cruppe\/Greenpeace\" width=\"600\" height=\"400\"><br \/><em>Tentative de mise \u00e0 l\u2019eau du ROV.<\/em><br \/><em>\u00a9 Marizilda Cruppe \/ Greenpeace<\/em><\/span><\/p>\n<p style=\"text-align: left;\"><span><span>Le c\u00e2ble du ROV a \u00e9t\u00e9 l\u00e9g\u00e8rement endommag\u00e9. Plusieurs jours de r\u00e9parations seront n\u00e9cessaires. Comme me l\u2019a fait remarquer une des matelotes, \u00ab\u00a0<em>c\u2019est toujours la mer qui d\u00e9cide<\/em> \u00bb. Et un scientifique de rajouter\u00a0: \u00ab\u00a0<em>Travailler dans cette r\u00e9gion exige de la patience<\/em>\u00a0\u00bb.<\/span><\/span><\/p>\n<p><strong>Bient\u00f4t de nouvelles plong\u00e9es\u2026<\/strong><\/p>\n<p>Une fois que nous aurons effectu\u00e9 les r\u00e9parations n\u00e9cessaires \u2013 et remont\u00e9 le morales des troupes \u2013 , nous remettrons \u00e0 l\u2019eau le ROV et esp\u00e9rons bien obtenir des images.<\/p>\n<p><span>En attendant, les scientifiques sont formels : il serait extr\u00eamement p\u00e9rilleux de forer des puits en toute s\u00e9curit\u00e9 dans des eaux aussi agit\u00e9e, comme Total compte le faire.\u00a0<\/span><span class=\"mark\"><span>En cas de mar\u00e9e noire, les cons\u00e9quences seraient incontr\u00f4lables.<\/span><\/span><\/p>\n<p>Pour nous, le jeu n\u2019en vaut clairement pas la chandelle. Les scientifiques estiment d\u00e9sormais que le r\u00e9cif est bien plus grand que ce qu\u2019ils pensaient. Des fonds encore inexplor\u00e9s rec\u00e8lent des tr\u00e9sors de biodiversit\u00e9, voire des esp\u00e8ces inconnues.<\/p>\n<p><span>Plus que jamais, nous avons besoin de vos encouragements pour poursuivre cette exp\u00e9dition\u00a0!\u00a0<\/span><span class=\"mark\"><span>L\u2019heure est \u00e0 la science, pas \u00e0 l\u2019exploration p\u00e9troli\u00e8re\u00a0!<\/span><\/span><\/p>\n<p style=\"text-align: center;\"><strong>Pour nous soutenir, <a href=\"http:\/\/fr-lu.amazonreefs.org\/\">vous pouvez signer ou relayer notre p\u00e9tition<\/a><\/strong><\/p>\n<p style=\"text-align: center;\"><strong>&gt;&gt; <\/strong>Vous \u00eates d\u00e9j\u00e0 pr\u00e8s de deux millions \u00e0 avoir sign\u00e9 notre p\u00e9tition.\u00a0Tout l\u2019\u00e9quipage de l\u2019<em>Esperanza<\/em>\u00a0vous dit merci\u00a0!<strong> &lt;&lt;<\/strong><\/p>\n<p>\u00a0<\/p>\n<p><a href=\"https:\/\/www.greenpeace.fr\/recif-de-lamazone-neptune-se-fache\/\">Article Source<\/a> : Greenpeace France<\/p>\n<p><span>\u00a0<\/span><\/p>\n<\/div>\n","protected":false},"excerpt":{"rendered":"<div>\n\tVoici quelques jours maintenant que Greenpeace est arriv\u00e9 sur le r\u00e9cif, \u00e0 la recherche de ses tr\u00e9sors cach\u00e9s. Apr\u00e8s avoir explor\u00e9 la partie sud et centrale l\u2019an dernier, nous nous concentrons cette ann\u00e9e sur la partie nord de l\u2019\u00e9cosyst\u00e8me &#8230; du moins sur ce que nous croyons \u00eatre la partie nord, car le r\u00e9cif pourrait \u00eatre bien plus grand que pr\u00e9vu ! Pour en avoir le c\u0153ur net, nous avons tent\u00e9 de mettre \u00e0 l\u2019eau notre mat\u00e9riel d\u2019exploration scientifique\u2026 Mais c\u2019\u00e9tait sans compter sur les caprices de Neptune \u2026\n<\/div>\n","protected":false},"author":20,"featured_media":1585,"comment_status":"closed","ping_status":"closed","sticky":false,"template":"","format":"standard","meta":{"ep_exclude_from_search":false,"p4_og_title":"","p4_og_description":"","p4_og_image":"","p4_og_image_id":"","p4_seo_canonical_url":"","p4_campaign_name":"","p4_local_project":"","p4_basket_name":"","p4_department":"","footnotes":""},"categories":[43],"tags":[35,29],"p4-page-type":[85],"class_list":["post-1584","post","type-post","status-publish","format-standard","has-post-thumbnail","hentry","category-nature","tag-energiesfossiles","tag-oceans","p4-page-type-actualites"],"yoast_head":"<!-- This site is optimized with the Yoast SEO Premium plugin v23.9 (Yoast SEO v23.9) - https:\/\/yoast.com\/wordpress\/plugins\/seo\/ -->\n<title>R\u00e9cif de l\u2019Amazone : Neptune se f\u00e2che - Greenpeace Luxembourg<\/title>\n<meta name=\"robots\" content=\"index, follow, max-snippet:-1, max-image-preview:large, max-video-preview:-1\" \/>\n<link rel=\"canonical\" href=\"https:\/\/www.greenpeace.org\/luxembourg\/fr\/actualites\/1584\/recif-de-lamazone-neptune-se-fache\/\" \/>\n<meta property=\"og:locale\" content=\"fr_FR\" \/>\n<meta property=\"og:type\" content=\"article\" \/>\n<meta property=\"og:title\" content=\"R\u00e9cif de l\u2019Amazone : Neptune se f\u00e2che\" \/>\n<meta property=\"og:description\" content=\"Voici quelques jours maintenant que Greenpeace est arriv\u00e9 sur le r\u00e9cif, \u00e0 la recherche de ses tr\u00e9sors cach\u00e9s. Apr\u00e8s avoir explor\u00e9 la partie sud et centrale l\u2019an dernier, nous nous concentrons cette ann\u00e9e sur la partie nord de l\u2019\u00e9cosyst\u00e8me ... du moins sur ce que nous croyons \u00eatre la partie nord, car le r\u00e9cif pourrait \u00eatre bien plus grand que pr\u00e9vu ! Pour en avoir le c\u0153ur net, nous avons tent\u00e9 de mettre \u00e0 l\u2019eau notre mat\u00e9riel d\u2019exploration scientifique\u2026 Mais c\u2019\u00e9tait sans compter sur les caprices de Neptune \u2026\" \/>\n<meta property=\"og:url\" content=\"https:\/\/www.greenpeace.org\/luxembourg\/fr\/actualites\/1584\/recif-de-lamazone-neptune-se-fache\/\" \/>\n<meta property=\"og:site_name\" content=\"Greenpeace Luxembourg\" \/>\n<meta property=\"article:publisher\" content=\"https:\/\/www.facebook.com\/greenpeaceluxembourg\" \/>\n<meta property=\"article:published_time\" content=\"2018-04-12T00:00:00+00:00\" \/>\n<meta property=\"article:modified_time\" content=\"2019-11-06T08:54:49+00:00\" \/>\n<meta property=\"og:image\" content=\"https:\/\/www.greenpeace.org\/static\/planet4-luxembourg-stateless\/2018\/10\/9e80b78b-9e80b78b-gp0strqoi_amazon-reef-mise-a-l-eau-sonar-780x520.jpg\" \/>\n\t<meta property=\"og:image:width\" content=\"780\" \/>\n\t<meta property=\"og:image:height\" content=\"520\" \/>\n\t<meta property=\"og:image:type\" content=\"image\/jpeg\" \/>\n<meta name=\"author\" content=\"Greenpeace Luxembourg\" \/>\n<meta name=\"twitter:card\" content=\"summary_large_image\" \/>\n<meta name=\"twitter:label1\" content=\"Written by\" \/>\n\t<meta name=\"twitter:data1\" content=\"Greenpeace Luxembourg\" \/>\n\t<meta name=\"twitter:label2\" content=\"Est. reading time\" \/>\n\t<meta name=\"twitter:data2\" content=\"3 minutes\" \/>\n<script type=\"application\/ld+json\" class=\"yoast-schema-graph\">{\"@context\":\"https:\/\/schema.org\",\"@graph\":[{\"@type\":\"Article\",\"@id\":\"https:\/\/www.greenpeace.org\/luxembourg\/fr\/actualites\/1584\/recif-de-lamazone-neptune-se-fache\/#article\",\"isPartOf\":{\"@id\":\"https:\/\/www.greenpeace.org\/luxembourg\/fr\/actualites\/1584\/recif-de-lamazone-neptune-se-fache\/\"},\"author\":{\"name\":\"Greenpeace Luxembourg\",\"@id\":\"https:\/\/www.greenpeace.org\/luxembourg\/fr\/#\/schema\/person\/12b34015aca6e55fec2e511d2f19102d\"},\"headline\":\"R\u00e9cif de l\u2019Amazone : Neptune se f\u00e2che\",\"datePublished\":\"2018-04-12T00:00:00+00:00\",\"dateModified\":\"2019-11-06T08:54:49+00:00\",\"mainEntityOfPage\":{\"@id\":\"https:\/\/www.greenpeace.org\/luxembourg\/fr\/actualites\/1584\/recif-de-lamazone-neptune-se-fache\/\"},\"wordCount\":671,\"publisher\":{\"@id\":\"https:\/\/www.greenpeace.org\/luxembourg\/fr\/#organization\"},\"image\":{\"@id\":\"https:\/\/www.greenpeace.org\/luxembourg\/fr\/actualites\/1584\/recif-de-lamazone-neptune-se-fache\/#primaryimage\"},\"thumbnailUrl\":\"https:\/\/www.greenpeace.org\/static\/planet4-luxembourg-stateless\/2018\/10\/9e80b78b-9e80b78b-gp0strqoi_amazon-reef-mise-a-l-eau-sonar-780x520.jpg\",\"keywords\":[\"EnergiesFossiles\",\"Oc\u00e9ans\"],\"articleSection\":[\"Nature\"],\"inLanguage\":\"fr-LU\"},{\"@type\":\"WebPage\",\"@id\":\"https:\/\/www.greenpeace.org\/luxembourg\/fr\/actualites\/1584\/recif-de-lamazone-neptune-se-fache\/\",\"url\":\"https:\/\/www.greenpeace.org\/luxembourg\/fr\/actualites\/1584\/recif-de-lamazone-neptune-se-fache\/\",\"name\":\"R\u00e9cif de l\u2019Amazone : Neptune se f\u00e2che - Greenpeace Luxembourg\",\"isPartOf\":{\"@id\":\"https:\/\/www.greenpeace.org\/luxembourg\/fr\/#website\"},\"primaryImageOfPage\":{\"@id\":\"https:\/\/www.greenpeace.org\/luxembourg\/fr\/actualites\/1584\/recif-de-lamazone-neptune-se-fache\/#primaryimage\"},\"image\":{\"@id\":\"https:\/\/www.greenpeace.org\/luxembourg\/fr\/actualites\/1584\/recif-de-lamazone-neptune-se-fache\/#primaryimage\"},\"thumbnailUrl\":\"https:\/\/www.greenpeace.org\/static\/planet4-luxembourg-stateless\/2018\/10\/9e80b78b-9e80b78b-gp0strqoi_amazon-reef-mise-a-l-eau-sonar-780x520.jpg\",\"datePublished\":\"2018-04-12T00:00:00+00:00\",\"dateModified\":\"2019-11-06T08:54:49+00:00\",\"breadcrumb\":{\"@id\":\"https:\/\/www.greenpeace.org\/luxembourg\/fr\/actualites\/1584\/recif-de-lamazone-neptune-se-fache\/#breadcrumb\"},\"inLanguage\":\"fr-LU\",\"potentialAction\":[{\"@type\":\"ReadAction\",\"target\":[\"https:\/\/www.greenpeace.org\/luxembourg\/fr\/actualites\/1584\/recif-de-lamazone-neptune-se-fache\/\"]}]},{\"@type\":\"ImageObject\",\"inLanguage\":\"fr-LU\",\"@id\":\"https:\/\/www.greenpeace.org\/luxembourg\/fr\/actualites\/1584\/recif-de-lamazone-neptune-se-fache\/#primaryimage\",\"url\":\"https:\/\/www.greenpeace.org\/static\/planet4-luxembourg-stateless\/2018\/10\/9e80b78b-9e80b78b-gp0strqoi_amazon-reef-mise-a-l-eau-sonar-780x520.jpg\",\"contentUrl\":\"https:\/\/www.greenpeace.org\/static\/planet4-luxembourg-stateless\/2018\/10\/9e80b78b-9e80b78b-gp0strqoi_amazon-reef-mise-a-l-eau-sonar-780x520.jpg\",\"width\":780,\"height\":520},{\"@type\":\"BreadcrumbList\",\"@id\":\"https:\/\/www.greenpeace.org\/luxembourg\/fr\/actualites\/1584\/recif-de-lamazone-neptune-se-fache\/#breadcrumb\",\"itemListElement\":[{\"@type\":\"ListItem\",\"position\":1,\"name\":\"Home\",\"item\":\"https:\/\/www.greenpeace.org\/luxembourg\/fr\/\"},{\"@type\":\"ListItem\",\"position\":2,\"name\":\"R\u00e9cif de l\u2019Amazone : Neptune se f\u00e2che\"}]},{\"@type\":\"WebSite\",\"@id\":\"https:\/\/www.greenpeace.org\/luxembourg\/fr\/#website\",\"url\":\"https:\/\/www.greenpeace.org\/luxembourg\/fr\/\",\"name\":\"Greenpeace Luxembourg\",\"description\":\"Greenpeace existe parce que cette Terre fragile a besoin d&#039;une voix. Elle a besoin de solutions. De changement. D&#039;actions.\",\"publisher\":{\"@id\":\"https:\/\/www.greenpeace.org\/luxembourg\/fr\/#organization\"},\"potentialAction\":[{\"@type\":\"SearchAction\",\"target\":{\"@type\":\"EntryPoint\",\"urlTemplate\":\"https:\/\/www.greenpeace.org\/luxembourg\/fr\/?s={search_term_string}\"},\"query-input\":{\"@type\":\"PropertyValueSpecification\",\"valueRequired\":true,\"valueName\":\"search_term_string\"}}],\"inLanguage\":\"fr-LU\"},{\"@type\":\"Organization\",\"@id\":\"https:\/\/www.greenpeace.org\/luxembourg\/fr\/#organization\",\"name\":\"Greenpeace Luxembourg\",\"url\":\"https:\/\/www.greenpeace.org\/luxembourg\/fr\/\",\"logo\":{\"@type\":\"ImageObject\",\"inLanguage\":\"fr-LU\",\"@id\":\"https:\/\/www.greenpeace.org\/luxembourg\/fr\/#\/schema\/logo\/image\/\",\"url\":\"https:\/\/www.greenpeace.org\/static\/planet4-luxembourg-stateless\/2026\/03\/3e367f94-greenpeace_logo_green_rgb.png\",\"contentUrl\":\"https:\/\/www.greenpeace.org\/static\/planet4-luxembourg-stateless\/2026\/03\/3e367f94-greenpeace_logo_green_rgb.png\",\"width\":1080,\"height\":175,\"caption\":\"Greenpeace Luxembourg\"},\"image\":{\"@id\":\"https:\/\/www.greenpeace.org\/luxembourg\/fr\/#\/schema\/logo\/image\/\"},\"sameAs\":[\"https:\/\/www.facebook.com\/greenpeaceluxembourg\",\"https:\/\/www.instagram.com\/greenpeacelux\/\",\"https:\/\/www.linkedin.com\/company\/greenpeace-luxembourg\/\",\"https:\/\/www.threads.com\/@greenpeacelux\",\"https:\/\/bsky.app\/profile\/greenpeacelux.bsky.social\",\"https:\/\/www.youtube.com\/@GreenpeaceLux\",\"https:\/\/www.tiktok.com\/@greenpeace_lux\"]},{\"@type\":\"Person\",\"@id\":\"https:\/\/www.greenpeace.org\/luxembourg\/fr\/#\/schema\/person\/12b34015aca6e55fec2e511d2f19102d\",\"name\":\"Greenpeace Luxembourg\",\"url\":\"https:\/\/www.greenpeace.org\/luxembourg\/fr\/author\/gp_luxembourg\/\"}]}<\/script>\n<!-- \/ Yoast SEO Premium plugin. -->","yoast_head_json":{"title":"R\u00e9cif de l\u2019Amazone : Neptune se f\u00e2che - Greenpeace Luxembourg","robots":{"index":"index","follow":"follow","max-snippet":"max-snippet:-1","max-image-preview":"max-image-preview:large","max-video-preview":"max-video-preview:-1"},"canonical":"https:\/\/www.greenpeace.org\/luxembourg\/fr\/actualites\/1584\/recif-de-lamazone-neptune-se-fache\/","og_locale":"fr_FR","og_type":"article","og_title":"R\u00e9cif de l\u2019Amazone : Neptune se f\u00e2che","og_description":"Voici quelques jours maintenant que Greenpeace est arriv\u00e9 sur le r\u00e9cif, \u00e0 la recherche de ses tr\u00e9sors cach\u00e9s. Apr\u00e8s avoir explor\u00e9 la partie sud et centrale l\u2019an dernier, nous nous concentrons cette ann\u00e9e sur la partie nord de l\u2019\u00e9cosyst\u00e8me ... du moins sur ce que nous croyons \u00eatre la partie nord, car le r\u00e9cif pourrait \u00eatre bien plus grand que pr\u00e9vu ! Pour en avoir le c\u0153ur net, nous avons tent\u00e9 de mettre \u00e0 l\u2019eau notre mat\u00e9riel d\u2019exploration scientifique\u2026 Mais c\u2019\u00e9tait sans compter sur les caprices de Neptune \u2026","og_url":"https:\/\/www.greenpeace.org\/luxembourg\/fr\/actualites\/1584\/recif-de-lamazone-neptune-se-fache\/","og_site_name":"Greenpeace Luxembourg","article_publisher":"https:\/\/www.facebook.com\/greenpeaceluxembourg","article_published_time":"2018-04-12T00:00:00+00:00","article_modified_time":"2019-11-06T08:54:49+00:00","og_image":[{"width":780,"height":520,"url":"https:\/\/www.greenpeace.org\/static\/planet4-luxembourg-stateless\/2018\/10\/9e80b78b-9e80b78b-gp0strqoi_amazon-reef-mise-a-l-eau-sonar-780x520.jpg","type":"image\/jpeg"}],"author":"Greenpeace Luxembourg","twitter_card":"summary_large_image","twitter_misc":{"Written by":"Greenpeace Luxembourg","Est. reading time":"3 minutes"},"schema":{"@context":"https:\/\/schema.org","@graph":[{"@type":"Article","@id":"https:\/\/www.greenpeace.org\/luxembourg\/fr\/actualites\/1584\/recif-de-lamazone-neptune-se-fache\/#article","isPartOf":{"@id":"https:\/\/www.greenpeace.org\/luxembourg\/fr\/actualites\/1584\/recif-de-lamazone-neptune-se-fache\/"},"author":{"name":"Greenpeace Luxembourg","@id":"https:\/\/www.greenpeace.org\/luxembourg\/fr\/#\/schema\/person\/12b34015aca6e55fec2e511d2f19102d"},"headline":"R\u00e9cif de l\u2019Amazone : Neptune se f\u00e2che","datePublished":"2018-04-12T00:00:00+00:00","dateModified":"2019-11-06T08:54:49+00:00","mainEntityOfPage":{"@id":"https:\/\/www.greenpeace.org\/luxembourg\/fr\/actualites\/1584\/recif-de-lamazone-neptune-se-fache\/"},"wordCount":671,"publisher":{"@id":"https:\/\/www.greenpeace.org\/luxembourg\/fr\/#organization"},"image":{"@id":"https:\/\/www.greenpeace.org\/luxembourg\/fr\/actualites\/1584\/recif-de-lamazone-neptune-se-fache\/#primaryimage"},"thumbnailUrl":"https:\/\/www.greenpeace.org\/static\/planet4-luxembourg-stateless\/2018\/10\/9e80b78b-9e80b78b-gp0strqoi_amazon-reef-mise-a-l-eau-sonar-780x520.jpg","keywords":["EnergiesFossiles","Oc\u00e9ans"],"articleSection":["Nature"],"inLanguage":"fr-LU"},{"@type":"WebPage","@id":"https:\/\/www.greenpeace.org\/luxembourg\/fr\/actualites\/1584\/recif-de-lamazone-neptune-se-fache\/","url":"https:\/\/www.greenpeace.org\/luxembourg\/fr\/actualites\/1584\/recif-de-lamazone-neptune-se-fache\/","name":"R\u00e9cif de l\u2019Amazone : Neptune se f\u00e2che - Greenpeace Luxembourg","isPartOf":{"@id":"https:\/\/www.greenpeace.org\/luxembourg\/fr\/#website"},"primaryImageOfPage":{"@id":"https:\/\/www.greenpeace.org\/luxembourg\/fr\/actualites\/1584\/recif-de-lamazone-neptune-se-fache\/#primaryimage"},"image":{"@id":"https:\/\/www.greenpeace.org\/luxembourg\/fr\/actualites\/1584\/recif-de-lamazone-neptune-se-fache\/#primaryimage"},"thumbnailUrl":"https:\/\/www.greenpeace.org\/static\/planet4-luxembourg-stateless\/2018\/10\/9e80b78b-9e80b78b-gp0strqoi_amazon-reef-mise-a-l-eau-sonar-780x520.jpg","datePublished":"2018-04-12T00:00:00+00:00","dateModified":"2019-11-06T08:54:49+00:00","breadcrumb":{"@id":"https:\/\/www.greenpeace.org\/luxembourg\/fr\/actualites\/1584\/recif-de-lamazone-neptune-se-fache\/#breadcrumb"},"inLanguage":"fr-LU","potentialAction":[{"@type":"ReadAction","target":["https:\/\/www.greenpeace.org\/luxembourg\/fr\/actualites\/1584\/recif-de-lamazone-neptune-se-fache\/"]}]},{"@type":"ImageObject","inLanguage":"fr-LU","@id":"https:\/\/www.greenpeace.org\/luxembourg\/fr\/actualites\/1584\/recif-de-lamazone-neptune-se-fache\/#primaryimage","url":"https:\/\/www.greenpeace.org\/static\/planet4-luxembourg-stateless\/2018\/10\/9e80b78b-9e80b78b-gp0strqoi_amazon-reef-mise-a-l-eau-sonar-780x520.jpg","contentUrl":"https:\/\/www.greenpeace.org\/static\/planet4-luxembourg-stateless\/2018\/10\/9e80b78b-9e80b78b-gp0strqoi_amazon-reef-mise-a-l-eau-sonar-780x520.jpg","width":780,"height":520},{"@type":"BreadcrumbList","@id":"https:\/\/www.greenpeace.org\/luxembourg\/fr\/actualites\/1584\/recif-de-lamazone-neptune-se-fache\/#breadcrumb","itemListElement":[{"@type":"ListItem","position":1,"name":"Home","item":"https:\/\/www.greenpeace.org\/luxembourg\/fr\/"},{"@type":"ListItem","position":2,"name":"R\u00e9cif de l\u2019Amazone : Neptune se f\u00e2che"}]},{"@type":"WebSite","@id":"https:\/\/www.greenpeace.org\/luxembourg\/fr\/#website","url":"https:\/\/www.greenpeace.org\/luxembourg\/fr\/","name":"Greenpeace Luxembourg","description":"Greenpeace existe parce que cette Terre fragile a besoin d&#039;une voix. Elle a besoin de solutions. De changement. D&#039;actions.","publisher":{"@id":"https:\/\/www.greenpeace.org\/luxembourg\/fr\/#organization"},"potentialAction":[{"@type":"SearchAction","target":{"@type":"EntryPoint","urlTemplate":"https:\/\/www.greenpeace.org\/luxembourg\/fr\/?s={search_term_string}"},"query-input":{"@type":"PropertyValueSpecification","valueRequired":true,"valueName":"search_term_string"}}],"inLanguage":"fr-LU"},{"@type":"Organization","@id":"https:\/\/www.greenpeace.org\/luxembourg\/fr\/#organization","name":"Greenpeace Luxembourg","url":"https:\/\/www.greenpeace.org\/luxembourg\/fr\/","logo":{"@type":"ImageObject","inLanguage":"fr-LU","@id":"https:\/\/www.greenpeace.org\/luxembourg\/fr\/#\/schema\/logo\/image\/","url":"https:\/\/www.greenpeace.org\/static\/planet4-luxembourg-stateless\/2026\/03\/3e367f94-greenpeace_logo_green_rgb.png","contentUrl":"https:\/\/www.greenpeace.org\/static\/planet4-luxembourg-stateless\/2026\/03\/3e367f94-greenpeace_logo_green_rgb.png","width":1080,"height":175,"caption":"Greenpeace Luxembourg"},"image":{"@id":"https:\/\/www.greenpeace.org\/luxembourg\/fr\/#\/schema\/logo\/image\/"},"sameAs":["https:\/\/www.facebook.com\/greenpeaceluxembourg","https:\/\/www.instagram.com\/greenpeacelux\/","https:\/\/www.linkedin.com\/company\/greenpeace-luxembourg\/","https:\/\/www.threads.com\/@greenpeacelux","https:\/\/bsky.app\/profile\/greenpeacelux.bsky.social","https:\/\/www.youtube.com\/@GreenpeaceLux","https:\/\/www.tiktok.com\/@greenpeace_lux"]},{"@type":"Person","@id":"https:\/\/www.greenpeace.org\/luxembourg\/fr\/#\/schema\/person\/12b34015aca6e55fec2e511d2f19102d","name":"Greenpeace Luxembourg","url":"https:\/\/www.greenpeace.org\/luxembourg\/fr\/author\/gp_luxembourg\/"}]}},"_links":{"self":[{"href":"https:\/\/www.greenpeace.org\/luxembourg\/fr\/wp-json\/wp\/v2\/posts\/1584","targetHints":{"allow":["GET"]}}],"collection":[{"href":"https:\/\/www.greenpeace.org\/luxembourg\/fr\/wp-json\/wp\/v2\/posts"}],"about":[{"href":"https:\/\/www.greenpeace.org\/luxembourg\/fr\/wp-json\/wp\/v2\/types\/post"}],"author":[{"embeddable":true,"href":"https:\/\/www.greenpeace.org\/luxembourg\/fr\/wp-json\/wp\/v2\/users\/20"}],"replies":[{"embeddable":true,"href":"https:\/\/www.greenpeace.org\/luxembourg\/fr\/wp-json\/wp\/v2\/comments?post=1584"}],"version-history":[{"count":1,"href":"https:\/\/www.greenpeace.org\/luxembourg\/fr\/wp-json\/wp\/v2\/posts\/1584\/revisions"}],"predecessor-version":[{"id":1593,"href":"https:\/\/www.greenpeace.org\/luxembourg\/fr\/wp-json\/wp\/v2\/posts\/1584\/revisions\/1593"}],"wp:featuredmedia":[{"embeddable":true,"href":"https:\/\/www.greenpeace.org\/luxembourg\/fr\/wp-json\/wp\/v2\/media\/1585"}],"wp:attachment":[{"href":"https:\/\/www.greenpeace.org\/luxembourg\/fr\/wp-json\/wp\/v2\/media?parent=1584"}],"wp:term":[{"taxonomy":"category","embeddable":true,"href":"https:\/\/www.greenpeace.org\/luxembourg\/fr\/wp-json\/wp\/v2\/categories?post=1584"},{"taxonomy":"post_tag","embeddable":true,"href":"https:\/\/www.greenpeace.org\/luxembourg\/fr\/wp-json\/wp\/v2\/tags?post=1584"},{"taxonomy":"p4-page-type","embeddable":true,"href":"https:\/\/www.greenpeace.org\/luxembourg\/fr\/wp-json\/wp\/v2\/p4-page-type?post=1584"}],"curies":[{"name":"wp","href":"https:\/\/api.w.org\/{rel}","templated":true}]}}