{"id":1594,"date":"2018-01-15T00:00:00","date_gmt":"2018-01-15T00:00:00","guid":{"rendered":"https:\/\/www.greenpeace.org\/luxembourg\/actualites\/1594\/expedition-cap-sur-locean-antarctique\/"},"modified":"2019-11-06T10:54:57","modified_gmt":"2019-11-06T08:54:57","slug":"expedition-cap-sur-locean-antarctique","status":"publish","type":"post","link":"https:\/\/www.greenpeace.org\/luxembourg\/fr\/actualites\/1594\/expedition-cap-sur-locean-antarctique\/","title":{"rendered":"Exp\u00e9dition : cap sur l\u2019oc\u00e9an Antarctique"},"content":{"rendered":"<div class=\"leader\">\nEn ce moment m\u00eame, l\u2019Arctic Sunrise, le brise-glace de la flotte arc-en-ciel de Greenpeace, met le cap sur l\u2019extr\u00eame sud de notre globe. Au cours des trois prochains mois, son \u00e9quipage travaillera coude-\u00e0-coude avec des scientifiques, des photographes et des journalistes du monde entier pour promouvoir la cr\u00e9ation, dans l\u2019oc\u00e9an Antarctique, de la plus grande r\u00e9serve marine du monde.<br \/>\nEnfilez vos gants et votre bonnet, on vous embarque !<\/div>\n<div>L\u2019oc\u00e9an Antarctique\u00a0abrite une biodiversit\u00e9 exceptionnelle. Baleines, manchots ou encore calamars g\u00e9ants comptent parmi les esp\u00e8ces incroyables qui ont \u00e9lu domicile au p\u00f4le Sud.La protection de cet environnement est essentielle pour les animaux qui y vivent\u2026 mais aussi pour la plan\u00e8te car\u00a0les oc\u00e9ans jouent un r\u00f4le crucial pour la vie sur Terre.<\/p>\n<p>Malheureusement, de nombreuses menaces p\u00e8sent aujourd\u2019hui sur les oc\u00e9ans :\u00a0surp\u00eache,\u00a0pollution plastique,\u00a0changements climatiques\u2026C\u2019est pourquoi il faut de toute urgence \u00e9tablir un\u00a0r\u00e9seau international de r\u00e9serves marines\u00a0qui permettra de pr\u00e9server la sant\u00e9 de notre plan\u00e8te bleue.<\/p>\n<div style=\"width: 790px\" class=\"wp-caption aligncenter\"><img loading=\"lazy\" decoding=\"async\" class=\"image-loader\" src=\"https:\/\/www.greenpeace.org\/static\/planet4-luxembourg-stateless\/2018\/10\/b9d52613-b9d52613-gp0strego_pressmedia-780x520.jpg\" alt=\"\u00a9 Christian \u00c5slund \/ Greenpeace\" width=\"780\" height=\"520\" data-imgid=\"24969\" \/><p class=\"wp-caption-text\">L\u2019\u00e9quipage de Greenpeace pr\u00eat \u00e0 lever l\u2019ancre dans le port de Punta Arenas, au Chili, il y a quelques jours. \u00a0<\/p><\/div>\n<p><strong>Une \u00e9ch\u00e9ance : octobre 2018<\/strong><\/p>\n<p>Comme chacun le sait, on travaille plus efficacement quand on a une date butoir qui approche\u2026. Pour l\u2019oc\u00e9an Antarctique, cette \u00e9ch\u00e9ance est octobre 2018.<\/p>\n<p>Dans un peu plus de neuf mois, les \u00c9tats membres de la\u00a0<strong>Commission pour la conservation de la faune et la flore marines de l\u2019Antarctique\u00a0(CCAMLR)<\/strong> se r\u00e9uniront pour d\u00e9battre de\u00a0la\u00a0<strong>cr\u00e9ation, dans l\u2019oc\u00e9an Antarctique, de la plus grande r\u00e9serve marine du monde.<\/strong><\/p>\n<p><strong>D\u2019ici l\u00e0, nous avons une mission \u00e0 vous confier : convaincre les pays membres de cette organisation internationale de se prononcer en faveur de la cr\u00e9ation d\u2019un sanctuaire marin !<\/strong><\/p>\n<p style=\"text-align: center;\"><a href=\"http:\/\/protegeons-locean-antarctique.greenpeace.lu\/\"><img loading=\"lazy\" decoding=\"async\" src=\"https:\/\/www.greenpeace.org\/static\/planet4-luxembourg-stateless\/2018\/10\/006831ce-bouton_signer_petition_antarctique.png\" alt=\"\" width=\"300\" height=\"95\" \/><\/a><\/p>\n<div class=\"gallery boxed-slider swiper-container swiper-container-horizontal swiper-container-fade\">\n<div class=\"swiper-wrapper\">\n<div class=\"swiper-slide\" data-slide-index=\"0\"><img decoding=\"async\" class=\"image-loader\" src=\"https:\/\/www.greenpeace.org\/static\/planet4-luxembourg-stateless\/2018\/10\/8fe6ecb7-8fe6ecb7-gp0z8f_pressmedia-780x585.jpg\" alt=\"\" \/><\/div>\n<\/div>\n<div class=\"slider-controls-box\">\n<div class=\"slider-controls\"><em>P\u00e9trel antarctique \u00a9 Greenpeace \/ Kate Davison<\/em><\/div>\n<p><strong>Pr\u00eat-e \u00e0 relever le d\u00e9fi avec nous\u00a0?<\/strong><\/p>\n<p>&nbsp;<\/p>\n<\/div>\n<\/div>\n<p>Exploration de fonds sous-marins inconnus, \u00e9tudes des impacts du d\u00e9r\u00e8glement climatique, analyse des probl\u00e8mes caus\u00e9s par la p\u00eache industrielle\u2026\u00a0<strong>L\u2019<\/strong><strong><em>Arctic Sunrise<\/em><\/strong><strong>\u00a0va vous emmener au plus pr\u00e8s de la vie antarctique<\/strong>\u00a0et vous pr\u00e9senter des scientifiques passionn\u00e9s qui consacrent leur vie \u00e0 la protection de ce milieu extraordinaire.<\/p>\n<p>Le but de cette exp\u00e9dition est aussi d\u2019attirer l\u2019attention des responsables politiques de la CCAMLR sur les enjeux qui se posent en Antarctique.\u00a0<strong>Mais pour faire entendre la voix de notre \u00e9quipage depuis le bout du monde, nous avons besoin de vous comme caisse de r\u00e9sonance !<\/strong><\/p>\n<p>Nous avons neuf mois pour persuader la CCAMLR de cr\u00e9er le plus grand sanctuaire marin du monde dans l\u2019oc\u00e9an Antarctique. Cette victoire serait un premier pas crucial vers la mise en place d\u2019un r\u00e9seau de r\u00e9serves marines en haute mer, \u00e0 l\u2019\u00e9chelle mondiale.<\/p>\n<p>Dans les ann\u00e9es 1980-90,\u00a0<strong>la mobilisation citoyenne internationale a r\u00e9ussi \u00e0 obtenir la protection du continent antarctique<\/strong>. Aujourd\u2019hui, soyons encore plus forts et plus nombreux \u00e0 exiger la protection de l\u2019oc\u00e9an qui entoure ce continent !<\/p>\n<p><strong>Aujourd\u2019hui, dites aux membres de la Commission de prot\u00e9ction de l\u2019Antarctique de continuer \u00e0 faire preuve d\u2019ambition en soutenant la protection de l\u2019oc\u00e9an qui le borde.<\/strong> Et restez connect\u00e9-e pour recevoir bient\u00f4t des nouvelles (fra\u00eeches !) en direct de notre bateau\u2026<\/p>\n<p style=\"text-align: center;\">\u00a0<a href=\"http:\/\/protegeons-locean-antarctique.greenpeace.lu\/\"><img loading=\"lazy\" decoding=\"async\" src=\"https:\/\/www.greenpeace.org\/static\/planet4-luxembourg-stateless\/2018\/10\/006831ce-bouton_signer_petition_antarctique.png\" alt=\"\" width=\"300\" height=\"95\" \/><\/a><\/p>\n<p>&nbsp;<\/p>\n<p style=\"text-align: left;\"><a href=\"https:\/\/www.greenpeace.fr\/expedition-cap-locean-antarctique\/\">Article source<\/a> : Greenpeace France<\/p>\n<\/div>\n","protected":false},"excerpt":{"rendered":"<div>\n\tEn ce moment m\u00eame, l\u2019Arctic Sunrise, le brise-glace de la flotte arc-en-ciel de Greenpeace, met le cap sur l\u2019extr\u00eame sud de notre globe. Au cours des trois prochains mois, son \u00e9quipage travaillera coude-\u00e0-coude avec des scientifiques, des photographes et des journalistes du monde entier pour promouvoir la cr\u00e9ation, dans l\u2019oc\u00e9an Antarctique, de la plus grande r\u00e9serve marine du monde.<br \/>\nEnfilez vos gants et votre bonnet, on vous embarque !\n<\/div>\n","protected":false},"author":20,"featured_media":1595,"comment_status":"closed","ping_status":"closed","sticky":false,"template":"","format":"standard","meta":{"ep_exclude_from_search":false,"p4_og_title":"","p4_og_description":"","p4_og_image":"","p4_og_image_id":"","p4_seo_canonical_url":"","p4_campaign_name":"","p4_local_project":"","p4_basket_name":"","p4_department":"","footnotes":""},"categories":[43],"tags":[29],"p4-page-type":[85],"class_list":["post-1594","post","type-post","status-publish","format-standard","has-post-thumbnail","hentry","category-nature","tag-oceans","p4-page-type-actualites"],"yoast_head":"<!-- This site is optimized with the Yoast SEO Premium plugin v23.9 (Yoast SEO v23.9) - https:\/\/yoast.com\/wordpress\/plugins\/seo\/ -->\n<title>Exp\u00e9dition : cap sur l\u2019oc\u00e9an Antarctique - Greenpeace Luxembourg<\/title>\n<meta name=\"robots\" content=\"index, follow, max-snippet:-1, max-image-preview:large, max-video-preview:-1\" \/>\n<link rel=\"canonical\" href=\"https:\/\/www.greenpeace.org\/luxembourg\/fr\/actualites\/1594\/expedition-cap-sur-locean-antarctique\/\" \/>\n<meta property=\"og:locale\" content=\"fr_FR\" \/>\n<meta property=\"og:type\" content=\"article\" \/>\n<meta property=\"og:title\" content=\"Exp\u00e9dition : cap sur l\u2019oc\u00e9an Antarctique\" \/>\n<meta property=\"og:description\" content=\"En ce moment m\u00eame, l\u2019Arctic Sunrise, le brise-glace de la flotte arc-en-ciel de Greenpeace, met le cap sur l\u2019extr\u00eame sud de notre globe. Au cours des trois prochains mois, son \u00e9quipage travaillera coude-\u00e0-coude avec des scientifiques, des photographes et des journalistes du monde entier pour promouvoir la cr\u00e9ation, dans l\u2019oc\u00e9an Antarctique, de la plus grande r\u00e9serve marine du monde. Enfilez vos gants et votre bonnet, on vous embarque !\" \/>\n<meta property=\"og:url\" content=\"https:\/\/www.greenpeace.org\/luxembourg\/fr\/actualites\/1594\/expedition-cap-sur-locean-antarctique\/\" \/>\n<meta property=\"og:site_name\" content=\"Greenpeace Luxembourg\" \/>\n<meta property=\"article:publisher\" content=\"https:\/\/www.facebook.com\/greenpeaceluxembourg\" \/>\n<meta property=\"article:published_time\" content=\"2018-01-15T00:00:00+00:00\" \/>\n<meta property=\"article:modified_time\" content=\"2019-11-06T08:54:57+00:00\" \/>\n<meta property=\"og:image\" content=\"https:\/\/www.greenpeace.org\/static\/planet4-luxembourg-stateless\/2018\/10\/b9d52613-b9d52613-gp0strego_pressmedia-780x520.jpg\" \/>\n\t<meta property=\"og:image:width\" content=\"780\" \/>\n\t<meta property=\"og:image:height\" content=\"520\" \/>\n\t<meta property=\"og:image:type\" content=\"image\/jpeg\" \/>\n<meta name=\"author\" content=\"Greenpeace Luxembourg\" \/>\n<meta name=\"twitter:card\" content=\"summary_large_image\" \/>\n<meta name=\"twitter:label1\" content=\"Written by\" \/>\n\t<meta name=\"twitter:data1\" content=\"Greenpeace Luxembourg\" \/>\n\t<meta name=\"twitter:label2\" content=\"Est. reading time\" \/>\n\t<meta name=\"twitter:data2\" content=\"3 minutes\" \/>\n<script type=\"application\/ld+json\" class=\"yoast-schema-graph\">{\"@context\":\"https:\/\/schema.org\",\"@graph\":[{\"@type\":\"Article\",\"@id\":\"https:\/\/www.greenpeace.org\/luxembourg\/fr\/actualites\/1594\/expedition-cap-sur-locean-antarctique\/#article\",\"isPartOf\":{\"@id\":\"https:\/\/www.greenpeace.org\/luxembourg\/fr\/actualites\/1594\/expedition-cap-sur-locean-antarctique\/\"},\"author\":{\"name\":\"Greenpeace Luxembourg\",\"@id\":\"https:\/\/www.greenpeace.org\/luxembourg\/fr\/#\/schema\/person\/12b34015aca6e55fec2e511d2f19102d\"},\"headline\":\"Exp\u00e9dition : cap sur l\u2019oc\u00e9an Antarctique\",\"datePublished\":\"2018-01-15T00:00:00+00:00\",\"dateModified\":\"2019-11-06T08:54:57+00:00\",\"mainEntityOfPage\":{\"@id\":\"https:\/\/www.greenpeace.org\/luxembourg\/fr\/actualites\/1594\/expedition-cap-sur-locean-antarctique\/\"},\"wordCount\":594,\"publisher\":{\"@id\":\"https:\/\/www.greenpeace.org\/luxembourg\/fr\/#organization\"},\"image\":{\"@id\":\"https:\/\/www.greenpeace.org\/luxembourg\/fr\/actualites\/1594\/expedition-cap-sur-locean-antarctique\/#primaryimage\"},\"thumbnailUrl\":\"https:\/\/www.greenpeace.org\/static\/planet4-luxembourg-stateless\/2018\/10\/b9d52613-b9d52613-gp0strego_pressmedia-780x520.jpg\",\"keywords\":[\"Oc\u00e9ans\"],\"articleSection\":[\"Nature\"],\"inLanguage\":\"fr-LU\"},{\"@type\":\"WebPage\",\"@id\":\"https:\/\/www.greenpeace.org\/luxembourg\/fr\/actualites\/1594\/expedition-cap-sur-locean-antarctique\/\",\"url\":\"https:\/\/www.greenpeace.org\/luxembourg\/fr\/actualites\/1594\/expedition-cap-sur-locean-antarctique\/\",\"name\":\"Exp\u00e9dition : cap sur l\u2019oc\u00e9an Antarctique - Greenpeace Luxembourg\",\"isPartOf\":{\"@id\":\"https:\/\/www.greenpeace.org\/luxembourg\/fr\/#website\"},\"primaryImageOfPage\":{\"@id\":\"https:\/\/www.greenpeace.org\/luxembourg\/fr\/actualites\/1594\/expedition-cap-sur-locean-antarctique\/#primaryimage\"},\"image\":{\"@id\":\"https:\/\/www.greenpeace.org\/luxembourg\/fr\/actualites\/1594\/expedition-cap-sur-locean-antarctique\/#primaryimage\"},\"thumbnailUrl\":\"https:\/\/www.greenpeace.org\/static\/planet4-luxembourg-stateless\/2018\/10\/b9d52613-b9d52613-gp0strego_pressmedia-780x520.jpg\",\"datePublished\":\"2018-01-15T00:00:00+00:00\",\"dateModified\":\"2019-11-06T08:54:57+00:00\",\"breadcrumb\":{\"@id\":\"https:\/\/www.greenpeace.org\/luxembourg\/fr\/actualites\/1594\/expedition-cap-sur-locean-antarctique\/#breadcrumb\"},\"inLanguage\":\"fr-LU\",\"potentialAction\":[{\"@type\":\"ReadAction\",\"target\":[\"https:\/\/www.greenpeace.org\/luxembourg\/fr\/actualites\/1594\/expedition-cap-sur-locean-antarctique\/\"]}]},{\"@type\":\"ImageObject\",\"inLanguage\":\"fr-LU\",\"@id\":\"https:\/\/www.greenpeace.org\/luxembourg\/fr\/actualites\/1594\/expedition-cap-sur-locean-antarctique\/#primaryimage\",\"url\":\"https:\/\/www.greenpeace.org\/static\/planet4-luxembourg-stateless\/2018\/10\/b9d52613-b9d52613-gp0strego_pressmedia-780x520.jpg\",\"contentUrl\":\"https:\/\/www.greenpeace.org\/static\/planet4-luxembourg-stateless\/2018\/10\/b9d52613-b9d52613-gp0strego_pressmedia-780x520.jpg\",\"width\":780,\"height\":520},{\"@type\":\"BreadcrumbList\",\"@id\":\"https:\/\/www.greenpeace.org\/luxembourg\/fr\/actualites\/1594\/expedition-cap-sur-locean-antarctique\/#breadcrumb\",\"itemListElement\":[{\"@type\":\"ListItem\",\"position\":1,\"name\":\"Home\",\"item\":\"https:\/\/www.greenpeace.org\/luxembourg\/fr\/\"},{\"@type\":\"ListItem\",\"position\":2,\"name\":\"Exp\u00e9dition : cap sur l\u2019oc\u00e9an Antarctique\"}]},{\"@type\":\"WebSite\",\"@id\":\"https:\/\/www.greenpeace.org\/luxembourg\/fr\/#website\",\"url\":\"https:\/\/www.greenpeace.org\/luxembourg\/fr\/\",\"name\":\"Greenpeace Luxembourg\",\"description\":\"Greenpeace existe parce que cette Terre fragile a besoin d&#039;une voix. Elle a besoin de solutions. De changement. D&#039;actions.\",\"publisher\":{\"@id\":\"https:\/\/www.greenpeace.org\/luxembourg\/fr\/#organization\"},\"potentialAction\":[{\"@type\":\"SearchAction\",\"target\":{\"@type\":\"EntryPoint\",\"urlTemplate\":\"https:\/\/www.greenpeace.org\/luxembourg\/fr\/?s={search_term_string}\"},\"query-input\":{\"@type\":\"PropertyValueSpecification\",\"valueRequired\":true,\"valueName\":\"search_term_string\"}}],\"inLanguage\":\"fr-LU\"},{\"@type\":\"Organization\",\"@id\":\"https:\/\/www.greenpeace.org\/luxembourg\/fr\/#organization\",\"name\":\"Greenpeace Luxembourg\",\"url\":\"https:\/\/www.greenpeace.org\/luxembourg\/fr\/\",\"logo\":{\"@type\":\"ImageObject\",\"inLanguage\":\"fr-LU\",\"@id\":\"https:\/\/www.greenpeace.org\/luxembourg\/fr\/#\/schema\/logo\/image\/\",\"url\":\"https:\/\/www.greenpeace.org\/static\/planet4-luxembourg-stateless\/2026\/03\/3e367f94-greenpeace_logo_green_rgb.png\",\"contentUrl\":\"https:\/\/www.greenpeace.org\/static\/planet4-luxembourg-stateless\/2026\/03\/3e367f94-greenpeace_logo_green_rgb.png\",\"width\":1080,\"height\":175,\"caption\":\"Greenpeace Luxembourg\"},\"image\":{\"@id\":\"https:\/\/www.greenpeace.org\/luxembourg\/fr\/#\/schema\/logo\/image\/\"},\"sameAs\":[\"https:\/\/www.facebook.com\/greenpeaceluxembourg\",\"https:\/\/www.instagram.com\/greenpeacelux\/\",\"https:\/\/www.linkedin.com\/company\/greenpeace-luxembourg\/\",\"https:\/\/www.threads.com\/@greenpeacelux\",\"https:\/\/bsky.app\/profile\/greenpeacelux.bsky.social\",\"https:\/\/www.youtube.com\/@GreenpeaceLux\",\"https:\/\/www.tiktok.com\/@greenpeace_lux\"]},{\"@type\":\"Person\",\"@id\":\"https:\/\/www.greenpeace.org\/luxembourg\/fr\/#\/schema\/person\/12b34015aca6e55fec2e511d2f19102d\",\"name\":\"Greenpeace Luxembourg\",\"url\":\"https:\/\/www.greenpeace.org\/luxembourg\/fr\/author\/gp_luxembourg\/\"}]}<\/script>\n<!-- \/ Yoast SEO Premium plugin. -->","yoast_head_json":{"title":"Exp\u00e9dition : cap sur l\u2019oc\u00e9an Antarctique - Greenpeace Luxembourg","robots":{"index":"index","follow":"follow","max-snippet":"max-snippet:-1","max-image-preview":"max-image-preview:large","max-video-preview":"max-video-preview:-1"},"canonical":"https:\/\/www.greenpeace.org\/luxembourg\/fr\/actualites\/1594\/expedition-cap-sur-locean-antarctique\/","og_locale":"fr_FR","og_type":"article","og_title":"Exp\u00e9dition : cap sur l\u2019oc\u00e9an Antarctique","og_description":"En ce moment m\u00eame, l\u2019Arctic Sunrise, le brise-glace de la flotte arc-en-ciel de Greenpeace, met le cap sur l\u2019extr\u00eame sud de notre globe. Au cours des trois prochains mois, son \u00e9quipage travaillera coude-\u00e0-coude avec des scientifiques, des photographes et des journalistes du monde entier pour promouvoir la cr\u00e9ation, dans l\u2019oc\u00e9an Antarctique, de la plus grande r\u00e9serve marine du monde. Enfilez vos gants et votre bonnet, on vous embarque !","og_url":"https:\/\/www.greenpeace.org\/luxembourg\/fr\/actualites\/1594\/expedition-cap-sur-locean-antarctique\/","og_site_name":"Greenpeace Luxembourg","article_publisher":"https:\/\/www.facebook.com\/greenpeaceluxembourg","article_published_time":"2018-01-15T00:00:00+00:00","article_modified_time":"2019-11-06T08:54:57+00:00","og_image":[{"width":780,"height":520,"url":"https:\/\/www.greenpeace.org\/static\/planet4-luxembourg-stateless\/2018\/10\/b9d52613-b9d52613-gp0strego_pressmedia-780x520.jpg","type":"image\/jpeg"}],"author":"Greenpeace Luxembourg","twitter_card":"summary_large_image","twitter_misc":{"Written by":"Greenpeace Luxembourg","Est. reading time":"3 minutes"},"schema":{"@context":"https:\/\/schema.org","@graph":[{"@type":"Article","@id":"https:\/\/www.greenpeace.org\/luxembourg\/fr\/actualites\/1594\/expedition-cap-sur-locean-antarctique\/#article","isPartOf":{"@id":"https:\/\/www.greenpeace.org\/luxembourg\/fr\/actualites\/1594\/expedition-cap-sur-locean-antarctique\/"},"author":{"name":"Greenpeace Luxembourg","@id":"https:\/\/www.greenpeace.org\/luxembourg\/fr\/#\/schema\/person\/12b34015aca6e55fec2e511d2f19102d"},"headline":"Exp\u00e9dition : cap sur l\u2019oc\u00e9an Antarctique","datePublished":"2018-01-15T00:00:00+00:00","dateModified":"2019-11-06T08:54:57+00:00","mainEntityOfPage":{"@id":"https:\/\/www.greenpeace.org\/luxembourg\/fr\/actualites\/1594\/expedition-cap-sur-locean-antarctique\/"},"wordCount":594,"publisher":{"@id":"https:\/\/www.greenpeace.org\/luxembourg\/fr\/#organization"},"image":{"@id":"https:\/\/www.greenpeace.org\/luxembourg\/fr\/actualites\/1594\/expedition-cap-sur-locean-antarctique\/#primaryimage"},"thumbnailUrl":"https:\/\/www.greenpeace.org\/static\/planet4-luxembourg-stateless\/2018\/10\/b9d52613-b9d52613-gp0strego_pressmedia-780x520.jpg","keywords":["Oc\u00e9ans"],"articleSection":["Nature"],"inLanguage":"fr-LU"},{"@type":"WebPage","@id":"https:\/\/www.greenpeace.org\/luxembourg\/fr\/actualites\/1594\/expedition-cap-sur-locean-antarctique\/","url":"https:\/\/www.greenpeace.org\/luxembourg\/fr\/actualites\/1594\/expedition-cap-sur-locean-antarctique\/","name":"Exp\u00e9dition : cap sur l\u2019oc\u00e9an Antarctique - Greenpeace Luxembourg","isPartOf":{"@id":"https:\/\/www.greenpeace.org\/luxembourg\/fr\/#website"},"primaryImageOfPage":{"@id":"https:\/\/www.greenpeace.org\/luxembourg\/fr\/actualites\/1594\/expedition-cap-sur-locean-antarctique\/#primaryimage"},"image":{"@id":"https:\/\/www.greenpeace.org\/luxembourg\/fr\/actualites\/1594\/expedition-cap-sur-locean-antarctique\/#primaryimage"},"thumbnailUrl":"https:\/\/www.greenpeace.org\/static\/planet4-luxembourg-stateless\/2018\/10\/b9d52613-b9d52613-gp0strego_pressmedia-780x520.jpg","datePublished":"2018-01-15T00:00:00+00:00","dateModified":"2019-11-06T08:54:57+00:00","breadcrumb":{"@id":"https:\/\/www.greenpeace.org\/luxembourg\/fr\/actualites\/1594\/expedition-cap-sur-locean-antarctique\/#breadcrumb"},"inLanguage":"fr-LU","potentialAction":[{"@type":"ReadAction","target":["https:\/\/www.greenpeace.org\/luxembourg\/fr\/actualites\/1594\/expedition-cap-sur-locean-antarctique\/"]}]},{"@type":"ImageObject","inLanguage":"fr-LU","@id":"https:\/\/www.greenpeace.org\/luxembourg\/fr\/actualites\/1594\/expedition-cap-sur-locean-antarctique\/#primaryimage","url":"https:\/\/www.greenpeace.org\/static\/planet4-luxembourg-stateless\/2018\/10\/b9d52613-b9d52613-gp0strego_pressmedia-780x520.jpg","contentUrl":"https:\/\/www.greenpeace.org\/static\/planet4-luxembourg-stateless\/2018\/10\/b9d52613-b9d52613-gp0strego_pressmedia-780x520.jpg","width":780,"height":520},{"@type":"BreadcrumbList","@id":"https:\/\/www.greenpeace.org\/luxembourg\/fr\/actualites\/1594\/expedition-cap-sur-locean-antarctique\/#breadcrumb","itemListElement":[{"@type":"ListItem","position":1,"name":"Home","item":"https:\/\/www.greenpeace.org\/luxembourg\/fr\/"},{"@type":"ListItem","position":2,"name":"Exp\u00e9dition : cap sur l\u2019oc\u00e9an Antarctique"}]},{"@type":"WebSite","@id":"https:\/\/www.greenpeace.org\/luxembourg\/fr\/#website","url":"https:\/\/www.greenpeace.org\/luxembourg\/fr\/","name":"Greenpeace Luxembourg","description":"Greenpeace existe parce que cette Terre fragile a besoin d&#039;une voix. Elle a besoin de solutions. De changement. D&#039;actions.","publisher":{"@id":"https:\/\/www.greenpeace.org\/luxembourg\/fr\/#organization"},"potentialAction":[{"@type":"SearchAction","target":{"@type":"EntryPoint","urlTemplate":"https:\/\/www.greenpeace.org\/luxembourg\/fr\/?s={search_term_string}"},"query-input":{"@type":"PropertyValueSpecification","valueRequired":true,"valueName":"search_term_string"}}],"inLanguage":"fr-LU"},{"@type":"Organization","@id":"https:\/\/www.greenpeace.org\/luxembourg\/fr\/#organization","name":"Greenpeace Luxembourg","url":"https:\/\/www.greenpeace.org\/luxembourg\/fr\/","logo":{"@type":"ImageObject","inLanguage":"fr-LU","@id":"https:\/\/www.greenpeace.org\/luxembourg\/fr\/#\/schema\/logo\/image\/","url":"https:\/\/www.greenpeace.org\/static\/planet4-luxembourg-stateless\/2026\/03\/3e367f94-greenpeace_logo_green_rgb.png","contentUrl":"https:\/\/www.greenpeace.org\/static\/planet4-luxembourg-stateless\/2026\/03\/3e367f94-greenpeace_logo_green_rgb.png","width":1080,"height":175,"caption":"Greenpeace Luxembourg"},"image":{"@id":"https:\/\/www.greenpeace.org\/luxembourg\/fr\/#\/schema\/logo\/image\/"},"sameAs":["https:\/\/www.facebook.com\/greenpeaceluxembourg","https:\/\/www.instagram.com\/greenpeacelux\/","https:\/\/www.linkedin.com\/company\/greenpeace-luxembourg\/","https:\/\/www.threads.com\/@greenpeacelux","https:\/\/bsky.app\/profile\/greenpeacelux.bsky.social","https:\/\/www.youtube.com\/@GreenpeaceLux","https:\/\/www.tiktok.com\/@greenpeace_lux"]},{"@type":"Person","@id":"https:\/\/www.greenpeace.org\/luxembourg\/fr\/#\/schema\/person\/12b34015aca6e55fec2e511d2f19102d","name":"Greenpeace Luxembourg","url":"https:\/\/www.greenpeace.org\/luxembourg\/fr\/author\/gp_luxembourg\/"}]}},"_links":{"self":[{"href":"https:\/\/www.greenpeace.org\/luxembourg\/fr\/wp-json\/wp\/v2\/posts\/1594","targetHints":{"allow":["GET"]}}],"collection":[{"href":"https:\/\/www.greenpeace.org\/luxembourg\/fr\/wp-json\/wp\/v2\/posts"}],"about":[{"href":"https:\/\/www.greenpeace.org\/luxembourg\/fr\/wp-json\/wp\/v2\/types\/post"}],"author":[{"embeddable":true,"href":"https:\/\/www.greenpeace.org\/luxembourg\/fr\/wp-json\/wp\/v2\/users\/20"}],"replies":[{"embeddable":true,"href":"https:\/\/www.greenpeace.org\/luxembourg\/fr\/wp-json\/wp\/v2\/comments?post=1594"}],"version-history":[{"count":2,"href":"https:\/\/www.greenpeace.org\/luxembourg\/fr\/wp-json\/wp\/v2\/posts\/1594\/revisions"}],"predecessor-version":[{"id":1991,"href":"https:\/\/www.greenpeace.org\/luxembourg\/fr\/wp-json\/wp\/v2\/posts\/1594\/revisions\/1991"}],"wp:featuredmedia":[{"embeddable":true,"href":"https:\/\/www.greenpeace.org\/luxembourg\/fr\/wp-json\/wp\/v2\/media\/1595"}],"wp:attachment":[{"href":"https:\/\/www.greenpeace.org\/luxembourg\/fr\/wp-json\/wp\/v2\/media?parent=1594"}],"wp:term":[{"taxonomy":"category","embeddable":true,"href":"https:\/\/www.greenpeace.org\/luxembourg\/fr\/wp-json\/wp\/v2\/categories?post=1594"},{"taxonomy":"post_tag","embeddable":true,"href":"https:\/\/www.greenpeace.org\/luxembourg\/fr\/wp-json\/wp\/v2\/tags?post=1594"},{"taxonomy":"p4-page-type","embeddable":true,"href":"https:\/\/www.greenpeace.org\/luxembourg\/fr\/wp-json\/wp\/v2\/p4-page-type?post=1594"}],"curies":[{"name":"wp","href":"https:\/\/api.w.org\/{rel}","templated":true}]}}