{"id":16028,"date":"2022-12-01T13:56:49","date_gmt":"2022-12-01T11:56:49","guid":{"rendered":"https:\/\/www.greenpeace.org\/luxembourg\/?p=16028"},"modified":"2026-03-12T17:25:21","modified_gmt":"2026-03-12T15:25:21","slug":"pour-les-fetes-nous-souhaitons-un-fonds-de-pension-qui-protege-le-climat-et-respecte-les-droits-humains","status":"publish","type":"post","link":"https:\/\/www.greenpeace.org\/luxembourg\/fr\/communiques-de-presse\/16028\/pour-les-fetes-nous-souhaitons-un-fonds-de-pension-qui-protege-le-climat-et-respecte-les-droits-humains\/","title":{"rendered":"Pour les f\u00eates, nous souhaitons un Fonds de pension qui prot\u00e8ge le climat et respecte les droits humains !"},"content":{"rendered":"\n<p><strong><em>Luxembourg<\/em>, 1er d\u00e9cembre 2022 &#8211; Aujourd\u2019hui, Action Solidarit\u00e9 Tiers Monde (ASTM) et Greenpeace Luxembourg lancent une <a href=\"https:\/\/www.greenpeace.org\/luxembourg\/fr\/calendrier-de-l-avent\/\">action de calendrier de l\u2019Avent<\/a> au sujet des investissements du Fonds de compensation (FDC) adress\u00e9e au Ministre de la S\u00e9curit\u00e9 Sociale Claude Haagen. A cette occasion, les deux ONG r\u00e9it\u00e8rent leur appel \u00e0 adopter une strat\u00e9gie d\u2019investissement du Fonds qui prot\u00e8ge le climat et respecte les droits humains. Cette derni\u00e8re devrait \u00eatre adopt\u00e9e d\u2019ici la fin de l\u2019ann\u00e9e. Les citoyens et citoyennes qui cotisent dans le Fonds sont invit\u00e9es \u00e0 participer \u00e0 l\u2019action.<\/strong><\/p>\n\n<p>Alors que le Luxembourg se veut un acteur majeur en mati\u00e8re de finance durable, le FDC continue \u00e0 placer l\u2019argent public dans des entreprises qui violent les droits humains et alimentent la crise climatique. [1] Par ses investissements, le FDC contribue \u00e0 des atteintes au droit \u00e0 la vie, au droit \u00e0 la sant\u00e9, aux droits des travailleur\u00b7se\u00b7s<strong>,<\/strong> ainsi qu\u2019aux droits \u00e0 la libert\u00e9 et \u00e0 la s\u00fbret\u00e9 de la personne. De plus, le FDC finance la crise climatique, la pollution de l\u2019eau et de l\u2019air et la destruction des habitats et des ressources naturelles, alors qu\u2019un environnement propre, sain et durable est un droit humain. [2] Ceci est non seulement inacceptable, mais en plus en contradiction avec une multitude d\u2019instruments internationaux ratifi\u00e9s par le gouvernement luxembourgeois.<\/p>\n\n<p>Compte tenu du fait que le FDC est en train de r\u00e9viser sa strat\u00e9gie d\u2019investissement pour les 5 ans \u00e0 venir, ASTM et Greenpeace demandent \u00e0 Claude Haagen en tant que Ministre responsable du FDC de ne pas donner son accord \u00e0 une strat\u00e9gie d\u2019investissement du FDC qui n\u2019est pas en ligne avec les trait\u00e9s internationaux ratifi\u00e9s par le Luxembourg, et de s\u2019assurer que le mandat du FDC soit en ligne avec le respect des droits humains et des droits des travailleur\u00b7ses ainsi que des objectifs climatiques de l\u2019accord de Paris.<\/p>\n\n<p>Les citoyen\u00b7nes qui souhaitent participer \u00e0 l\u2019action peuvent envoyer une lettre avec leur v\u0153u personnel pour le fonds de pension au Ministre Claude Haagen \u00e0 travers le site des deux organisations.<\/p>\n\n<hr class=\"wp-block-separator has-alpha-channel-opacity is-style-wide\"\/>\n\n<p>[1] Cf. la plus <a href=\"https:\/\/www.greenpeace.org\/luxembourg\/fr\/communiques-de-presse\/14053\/\">r\u00e9cente analyse<\/a> du portfolio du FDC, r\u00e9alis\u00e9e par Nextra Consulting pour le compte de ASTM et Greenpeace<\/p>\n\n<p>[2] R\u00e9solution 48\/13 du Conseil des droits de l\u2019homme des Nations Unies, https:\/\/undocs.org\/fr\/A\/HRC\/RES\/48\/13<\/p>\n","protected":false},"excerpt":{"rendered":"<p>Action Solidarite\u0301 Tiers Monde (ASTM) et Greenpeace Luxembourg lancent une action de l\u2019Avent au sujet des investissements du Fonds de compensation (FDC) adress\u00e9e au Ministre de la S\u00e9curit\u00e9 Sociale Claude Haagen&#8230;<\/p>\n","protected":false},"author":25,"featured_media":16003,"comment_status":"closed","ping_status":"closed","sticky":false,"template":"","format":"standard","meta":{"ep_exclude_from_search":false,"p4_og_title":"Pour les f\u00eates, nous souhaitons un Fonds de pension qui prot\u00e8ge le climat et respecte les droits humains !","p4_og_description":"ASTM et Greenpeace lancent une action de l'Avent pour interpeller le Ministre de la S\u00e9curit\u00e9 sociale sur les investissements du FDC.","p4_og_image":"","p4_og_image_id":"","p4_seo_canonical_url":"","p4_campaign_name":"not set","p4_local_project":"not set","p4_basket_name":"not set","p4_department":"","footnotes":""},"categories":[17],"tags":[95],"p4-page-type":[83],"class_list":["post-16028","post","type-post","status-publish","format-standard","has-post-thumbnail","hentry","category-greenpeace","tag-secteurfinancier","p4-page-type-communiques-de-presse"],"yoast_head":"<!-- This site is optimized with the Yoast SEO Premium plugin v23.9 (Yoast SEO v23.9) - https:\/\/yoast.com\/wordpress\/plugins\/seo\/ -->\n<title>Pour les f\u00eates, un Fonds de pension qui prot\u00e8ge le climat possible ?<\/title>\n<meta name=\"description\" content=\"ASTM et Greenpeace lancent une action de l&#039;Avent pour interpeller le Ministre de la S\u00e9curit\u00e9 sociale sur les investissements du FDC.\" \/>\n<meta name=\"robots\" content=\"index, follow, max-snippet:-1, max-image-preview:large, max-video-preview:-1\" \/>\n<link rel=\"canonical\" href=\"https:\/\/www.greenpeace.org\/luxembourg\/fr\/communiques-de-presse\/16028\/pour-les-fetes-nous-souhaitons-un-fonds-de-pension-qui-protege-le-climat-et-respecte-les-droits-humains\/\" \/>\n<meta property=\"og:locale\" content=\"fr_FR\" \/>\n<meta property=\"og:type\" content=\"article\" \/>\n<meta property=\"og:title\" content=\"Pour les f\u00eates, nous souhaitons un Fonds de pension qui prot\u00e8ge le climat et respecte les droits humains !\" \/>\n<meta property=\"og:description\" content=\"ASTM et Greenpeace lancent une action de l&#039;Avent pour interpeller le Ministre de la S\u00e9curit\u00e9 sociale sur les investissements du FDC.\" \/>\n<meta property=\"og:url\" content=\"https:\/\/www.greenpeace.org\/luxembourg\/fr\/communiques-de-presse\/16028\/pour-les-fetes-nous-souhaitons-un-fonds-de-pension-qui-protege-le-climat-et-respecte-les-droits-humains\/\" \/>\n<meta property=\"og:site_name\" content=\"Greenpeace Luxembourg\" \/>\n<meta property=\"article:publisher\" content=\"https:\/\/www.facebook.com\/greenpeaceluxembourg\" \/>\n<meta property=\"article:published_time\" content=\"2022-12-01T11:56:49+00:00\" \/>\n<meta property=\"article:modified_time\" content=\"2026-03-12T15:25:21+00:00\" \/>\n<meta property=\"og:image\" content=\"https:\/\/www.greenpeace.org\/static\/planet4-luxembourg-stateless\/2022\/11\/20221130-Avent-ASM_GP-AH-1-scaled.jpg\" \/>\n\t<meta property=\"og:image:width\" content=\"2560\" \/>\n\t<meta property=\"og:image:height\" content=\"1707\" \/>\n\t<meta property=\"og:image:type\" content=\"image\/jpeg\" \/>\n<meta name=\"author\" content=\"Esther Wildanger\" \/>\n<meta name=\"twitter:card\" content=\"summary_large_image\" \/>\n<meta name=\"twitter:label1\" content=\"Written by\" \/>\n\t<meta name=\"twitter:data1\" content=\"Esther Wildanger\" \/>\n\t<meta name=\"twitter:label2\" content=\"Est. reading time\" \/>\n\t<meta name=\"twitter:data2\" content=\"3 minutes\" \/>\n<script type=\"application\/ld+json\" class=\"yoast-schema-graph\">{\"@context\":\"https:\/\/schema.org\",\"@graph\":[{\"@type\":\"Article\",\"@id\":\"https:\/\/www.greenpeace.org\/luxembourg\/fr\/communiques-de-presse\/16028\/pour-les-fetes-nous-souhaitons-un-fonds-de-pension-qui-protege-le-climat-et-respecte-les-droits-humains\/#article\",\"isPartOf\":{\"@id\":\"https:\/\/www.greenpeace.org\/luxembourg\/fr\/communiques-de-presse\/16028\/pour-les-fetes-nous-souhaitons-un-fonds-de-pension-qui-protege-le-climat-et-respecte-les-droits-humains\/\"},\"author\":{\"name\":\"Esther Wildanger\",\"@id\":\"https:\/\/www.greenpeace.org\/luxembourg\/fr\/#\/schema\/person\/3d0e81a859b59009fec36a8552ef76a7\"},\"headline\":\"Pour les f\u00eates, nous souhaitons un Fonds de pension qui prot\u00e8ge le climat et respecte les droits humains !\",\"datePublished\":\"2022-12-01T11:56:49+00:00\",\"dateModified\":\"2026-03-12T15:25:21+00:00\",\"mainEntityOfPage\":{\"@id\":\"https:\/\/www.greenpeace.org\/luxembourg\/fr\/communiques-de-presse\/16028\/pour-les-fetes-nous-souhaitons-un-fonds-de-pension-qui-protege-le-climat-et-respecte-les-droits-humains\/\"},\"wordCount\":424,\"publisher\":{\"@id\":\"https:\/\/www.greenpeace.org\/luxembourg\/fr\/#organization\"},\"image\":{\"@id\":\"https:\/\/www.greenpeace.org\/luxembourg\/fr\/communiques-de-presse\/16028\/pour-les-fetes-nous-souhaitons-un-fonds-de-pension-qui-protege-le-climat-et-respecte-les-droits-humains\/#primaryimage\"},\"thumbnailUrl\":\"https:\/\/www.greenpeace.org\/static\/planet4-luxembourg-stateless\/2022\/11\/20221130-Avent-ASM_GP-AH-1-scaled.jpg\",\"keywords\":[\"SecteurFinancier\"],\"articleSection\":[\"Greenpeace\"],\"inLanguage\":\"fr-LU\"},{\"@type\":\"WebPage\",\"@id\":\"https:\/\/www.greenpeace.org\/luxembourg\/fr\/communiques-de-presse\/16028\/pour-les-fetes-nous-souhaitons-un-fonds-de-pension-qui-protege-le-climat-et-respecte-les-droits-humains\/\",\"url\":\"https:\/\/www.greenpeace.org\/luxembourg\/fr\/communiques-de-presse\/16028\/pour-les-fetes-nous-souhaitons-un-fonds-de-pension-qui-protege-le-climat-et-respecte-les-droits-humains\/\",\"name\":\"Pour les f\u00eates, un Fonds de pension qui prot\u00e8ge le climat possible ?\",\"isPartOf\":{\"@id\":\"https:\/\/www.greenpeace.org\/luxembourg\/fr\/#website\"},\"primaryImageOfPage\":{\"@id\":\"https:\/\/www.greenpeace.org\/luxembourg\/fr\/communiques-de-presse\/16028\/pour-les-fetes-nous-souhaitons-un-fonds-de-pension-qui-protege-le-climat-et-respecte-les-droits-humains\/#primaryimage\"},\"image\":{\"@id\":\"https:\/\/www.greenpeace.org\/luxembourg\/fr\/communiques-de-presse\/16028\/pour-les-fetes-nous-souhaitons-un-fonds-de-pension-qui-protege-le-climat-et-respecte-les-droits-humains\/#primaryimage\"},\"thumbnailUrl\":\"https:\/\/www.greenpeace.org\/static\/planet4-luxembourg-stateless\/2022\/11\/20221130-Avent-ASM_GP-AH-1-scaled.jpg\",\"datePublished\":\"2022-12-01T11:56:49+00:00\",\"dateModified\":\"2026-03-12T15:25:21+00:00\",\"description\":\"ASTM et Greenpeace lancent une action de l'Avent pour interpeller le Ministre de la S\u00e9curit\u00e9 sociale sur les investissements du FDC.\",\"breadcrumb\":{\"@id\":\"https:\/\/www.greenpeace.org\/luxembourg\/fr\/communiques-de-presse\/16028\/pour-les-fetes-nous-souhaitons-un-fonds-de-pension-qui-protege-le-climat-et-respecte-les-droits-humains\/#breadcrumb\"},\"inLanguage\":\"fr-LU\",\"potentialAction\":[{\"@type\":\"ReadAction\",\"target\":[\"https:\/\/www.greenpeace.org\/luxembourg\/fr\/communiques-de-presse\/16028\/pour-les-fetes-nous-souhaitons-un-fonds-de-pension-qui-protege-le-climat-et-respecte-les-droits-humains\/\"]}]},{\"@type\":\"ImageObject\",\"inLanguage\":\"fr-LU\",\"@id\":\"https:\/\/www.greenpeace.org\/luxembourg\/fr\/communiques-de-presse\/16028\/pour-les-fetes-nous-souhaitons-un-fonds-de-pension-qui-protege-le-climat-et-respecte-les-droits-humains\/#primaryimage\",\"url\":\"https:\/\/www.greenpeace.org\/static\/planet4-luxembourg-stateless\/2022\/11\/20221130-Avent-ASM_GP-AH-1-scaled.jpg\",\"contentUrl\":\"https:\/\/www.greenpeace.org\/static\/planet4-luxembourg-stateless\/2022\/11\/20221130-Avent-ASM_GP-AH-1-scaled.jpg\",\"width\":2560,\"height\":1707},{\"@type\":\"BreadcrumbList\",\"@id\":\"https:\/\/www.greenpeace.org\/luxembourg\/fr\/communiques-de-presse\/16028\/pour-les-fetes-nous-souhaitons-un-fonds-de-pension-qui-protege-le-climat-et-respecte-les-droits-humains\/#breadcrumb\",\"itemListElement\":[{\"@type\":\"ListItem\",\"position\":1,\"name\":\"Home\",\"item\":\"https:\/\/www.greenpeace.org\/luxembourg\/fr\/\"},{\"@type\":\"ListItem\",\"position\":2,\"name\":\"Pour les f\u00eates, nous souhaitons un Fonds de pension qui prot\u00e8ge le climat et respecte les droits humains !\"}]},{\"@type\":\"WebSite\",\"@id\":\"https:\/\/www.greenpeace.org\/luxembourg\/fr\/#website\",\"url\":\"https:\/\/www.greenpeace.org\/luxembourg\/fr\/\",\"name\":\"Greenpeace Luxembourg\",\"description\":\"Greenpeace existe parce que cette Terre fragile a besoin d&#039;une voix. Elle a besoin de solutions. De changement. D&#039;actions.\",\"publisher\":{\"@id\":\"https:\/\/www.greenpeace.org\/luxembourg\/fr\/#organization\"},\"potentialAction\":[{\"@type\":\"SearchAction\",\"target\":{\"@type\":\"EntryPoint\",\"urlTemplate\":\"https:\/\/www.greenpeace.org\/luxembourg\/fr\/?s={search_term_string}\"},\"query-input\":{\"@type\":\"PropertyValueSpecification\",\"valueRequired\":true,\"valueName\":\"search_term_string\"}}],\"inLanguage\":\"fr-LU\"},{\"@type\":\"Organization\",\"@id\":\"https:\/\/www.greenpeace.org\/luxembourg\/fr\/#organization\",\"name\":\"Greenpeace Luxembourg\",\"url\":\"https:\/\/www.greenpeace.org\/luxembourg\/fr\/\",\"logo\":{\"@type\":\"ImageObject\",\"inLanguage\":\"fr-LU\",\"@id\":\"https:\/\/www.greenpeace.org\/luxembourg\/fr\/#\/schema\/logo\/image\/\",\"url\":\"https:\/\/www.greenpeace.org\/static\/planet4-luxembourg-stateless\/2026\/03\/3e367f94-greenpeace_logo_green_rgb.png\",\"contentUrl\":\"https:\/\/www.greenpeace.org\/static\/planet4-luxembourg-stateless\/2026\/03\/3e367f94-greenpeace_logo_green_rgb.png\",\"width\":1080,\"height\":175,\"caption\":\"Greenpeace Luxembourg\"},\"image\":{\"@id\":\"https:\/\/www.greenpeace.org\/luxembourg\/fr\/#\/schema\/logo\/image\/\"},\"sameAs\":[\"https:\/\/www.facebook.com\/greenpeaceluxembourg\",\"https:\/\/www.instagram.com\/greenpeacelux\/\",\"https:\/\/www.linkedin.com\/company\/greenpeace-luxembourg\/\",\"https:\/\/www.threads.com\/@greenpeacelux\",\"https:\/\/bsky.app\/profile\/greenpeacelux.bsky.social\",\"https:\/\/www.youtube.com\/@GreenpeaceLux\",\"https:\/\/www.tiktok.com\/@greenpeace_lux\"]},{\"@type\":\"Person\",\"@id\":\"https:\/\/www.greenpeace.org\/luxembourg\/fr\/#\/schema\/person\/3d0e81a859b59009fec36a8552ef76a7\",\"name\":\"Esther Wildanger\",\"url\":\"https:\/\/www.greenpeace.org\/luxembourg\/fr\/author\/ewildang\/\"}]}<\/script>\n<!-- \/ Yoast SEO Premium plugin. -->","yoast_head_json":{"title":"Pour les f\u00eates, un Fonds de pension qui prot\u00e8ge le climat possible ?","description":"ASTM et Greenpeace lancent une action de l'Avent pour interpeller le Ministre de la S\u00e9curit\u00e9 sociale sur les investissements du FDC.","robots":{"index":"index","follow":"follow","max-snippet":"max-snippet:-1","max-image-preview":"max-image-preview:large","max-video-preview":"max-video-preview:-1"},"canonical":"https:\/\/www.greenpeace.org\/luxembourg\/fr\/communiques-de-presse\/16028\/pour-les-fetes-nous-souhaitons-un-fonds-de-pension-qui-protege-le-climat-et-respecte-les-droits-humains\/","og_locale":"fr_FR","og_type":"article","og_title":"Pour les f\u00eates, nous souhaitons un Fonds de pension qui prot\u00e8ge le climat et respecte les droits humains !","og_description":"ASTM et Greenpeace lancent une action de l'Avent pour interpeller le Ministre de la S\u00e9curit\u00e9 sociale sur les investissements du FDC.","og_url":"https:\/\/www.greenpeace.org\/luxembourg\/fr\/communiques-de-presse\/16028\/pour-les-fetes-nous-souhaitons-un-fonds-de-pension-qui-protege-le-climat-et-respecte-les-droits-humains\/","og_site_name":"Greenpeace Luxembourg","article_publisher":"https:\/\/www.facebook.com\/greenpeaceluxembourg","article_published_time":"2022-12-01T11:56:49+00:00","article_modified_time":"2026-03-12T15:25:21+00:00","og_image":[{"width":2560,"height":1707,"url":"https:\/\/www.greenpeace.org\/static\/planet4-luxembourg-stateless\/2022\/11\/20221130-Avent-ASM_GP-AH-1-scaled.jpg","type":"image\/jpeg"}],"author":"Esther Wildanger","twitter_card":"summary_large_image","twitter_misc":{"Written by":"Esther Wildanger","Est. reading time":"3 minutes"},"schema":{"@context":"https:\/\/schema.org","@graph":[{"@type":"Article","@id":"https:\/\/www.greenpeace.org\/luxembourg\/fr\/communiques-de-presse\/16028\/pour-les-fetes-nous-souhaitons-un-fonds-de-pension-qui-protege-le-climat-et-respecte-les-droits-humains\/#article","isPartOf":{"@id":"https:\/\/www.greenpeace.org\/luxembourg\/fr\/communiques-de-presse\/16028\/pour-les-fetes-nous-souhaitons-un-fonds-de-pension-qui-protege-le-climat-et-respecte-les-droits-humains\/"},"author":{"name":"Esther Wildanger","@id":"https:\/\/www.greenpeace.org\/luxembourg\/fr\/#\/schema\/person\/3d0e81a859b59009fec36a8552ef76a7"},"headline":"Pour les f\u00eates, nous souhaitons un Fonds de pension qui prot\u00e8ge le climat et respecte les droits humains !","datePublished":"2022-12-01T11:56:49+00:00","dateModified":"2026-03-12T15:25:21+00:00","mainEntityOfPage":{"@id":"https:\/\/www.greenpeace.org\/luxembourg\/fr\/communiques-de-presse\/16028\/pour-les-fetes-nous-souhaitons-un-fonds-de-pension-qui-protege-le-climat-et-respecte-les-droits-humains\/"},"wordCount":424,"publisher":{"@id":"https:\/\/www.greenpeace.org\/luxembourg\/fr\/#organization"},"image":{"@id":"https:\/\/www.greenpeace.org\/luxembourg\/fr\/communiques-de-presse\/16028\/pour-les-fetes-nous-souhaitons-un-fonds-de-pension-qui-protege-le-climat-et-respecte-les-droits-humains\/#primaryimage"},"thumbnailUrl":"https:\/\/www.greenpeace.org\/static\/planet4-luxembourg-stateless\/2022\/11\/20221130-Avent-ASM_GP-AH-1-scaled.jpg","keywords":["SecteurFinancier"],"articleSection":["Greenpeace"],"inLanguage":"fr-LU"},{"@type":"WebPage","@id":"https:\/\/www.greenpeace.org\/luxembourg\/fr\/communiques-de-presse\/16028\/pour-les-fetes-nous-souhaitons-un-fonds-de-pension-qui-protege-le-climat-et-respecte-les-droits-humains\/","url":"https:\/\/www.greenpeace.org\/luxembourg\/fr\/communiques-de-presse\/16028\/pour-les-fetes-nous-souhaitons-un-fonds-de-pension-qui-protege-le-climat-et-respecte-les-droits-humains\/","name":"Pour les f\u00eates, un Fonds de pension qui prot\u00e8ge le climat possible ?","isPartOf":{"@id":"https:\/\/www.greenpeace.org\/luxembourg\/fr\/#website"},"primaryImageOfPage":{"@id":"https:\/\/www.greenpeace.org\/luxembourg\/fr\/communiques-de-presse\/16028\/pour-les-fetes-nous-souhaitons-un-fonds-de-pension-qui-protege-le-climat-et-respecte-les-droits-humains\/#primaryimage"},"image":{"@id":"https:\/\/www.greenpeace.org\/luxembourg\/fr\/communiques-de-presse\/16028\/pour-les-fetes-nous-souhaitons-un-fonds-de-pension-qui-protege-le-climat-et-respecte-les-droits-humains\/#primaryimage"},"thumbnailUrl":"https:\/\/www.greenpeace.org\/static\/planet4-luxembourg-stateless\/2022\/11\/20221130-Avent-ASM_GP-AH-1-scaled.jpg","datePublished":"2022-12-01T11:56:49+00:00","dateModified":"2026-03-12T15:25:21+00:00","description":"ASTM et Greenpeace lancent une action de l'Avent pour interpeller le Ministre de la S\u00e9curit\u00e9 sociale sur les investissements du FDC.","breadcrumb":{"@id":"https:\/\/www.greenpeace.org\/luxembourg\/fr\/communiques-de-presse\/16028\/pour-les-fetes-nous-souhaitons-un-fonds-de-pension-qui-protege-le-climat-et-respecte-les-droits-humains\/#breadcrumb"},"inLanguage":"fr-LU","potentialAction":[{"@type":"ReadAction","target":["https:\/\/www.greenpeace.org\/luxembourg\/fr\/communiques-de-presse\/16028\/pour-les-fetes-nous-souhaitons-un-fonds-de-pension-qui-protege-le-climat-et-respecte-les-droits-humains\/"]}]},{"@type":"ImageObject","inLanguage":"fr-LU","@id":"https:\/\/www.greenpeace.org\/luxembourg\/fr\/communiques-de-presse\/16028\/pour-les-fetes-nous-souhaitons-un-fonds-de-pension-qui-protege-le-climat-et-respecte-les-droits-humains\/#primaryimage","url":"https:\/\/www.greenpeace.org\/static\/planet4-luxembourg-stateless\/2022\/11\/20221130-Avent-ASM_GP-AH-1-scaled.jpg","contentUrl":"https:\/\/www.greenpeace.org\/static\/planet4-luxembourg-stateless\/2022\/11\/20221130-Avent-ASM_GP-AH-1-scaled.jpg","width":2560,"height":1707},{"@type":"BreadcrumbList","@id":"https:\/\/www.greenpeace.org\/luxembourg\/fr\/communiques-de-presse\/16028\/pour-les-fetes-nous-souhaitons-un-fonds-de-pension-qui-protege-le-climat-et-respecte-les-droits-humains\/#breadcrumb","itemListElement":[{"@type":"ListItem","position":1,"name":"Home","item":"https:\/\/www.greenpeace.org\/luxembourg\/fr\/"},{"@type":"ListItem","position":2,"name":"Pour les f\u00eates, nous souhaitons un Fonds de pension qui prot\u00e8ge le climat et respecte les droits humains !"}]},{"@type":"WebSite","@id":"https:\/\/www.greenpeace.org\/luxembourg\/fr\/#website","url":"https:\/\/www.greenpeace.org\/luxembourg\/fr\/","name":"Greenpeace Luxembourg","description":"Greenpeace existe parce que cette Terre fragile a besoin d&#039;une voix. Elle a besoin de solutions. De changement. D&#039;actions.","publisher":{"@id":"https:\/\/www.greenpeace.org\/luxembourg\/fr\/#organization"},"potentialAction":[{"@type":"SearchAction","target":{"@type":"EntryPoint","urlTemplate":"https:\/\/www.greenpeace.org\/luxembourg\/fr\/?s={search_term_string}"},"query-input":{"@type":"PropertyValueSpecification","valueRequired":true,"valueName":"search_term_string"}}],"inLanguage":"fr-LU"},{"@type":"Organization","@id":"https:\/\/www.greenpeace.org\/luxembourg\/fr\/#organization","name":"Greenpeace Luxembourg","url":"https:\/\/www.greenpeace.org\/luxembourg\/fr\/","logo":{"@type":"ImageObject","inLanguage":"fr-LU","@id":"https:\/\/www.greenpeace.org\/luxembourg\/fr\/#\/schema\/logo\/image\/","url":"https:\/\/www.greenpeace.org\/static\/planet4-luxembourg-stateless\/2026\/03\/3e367f94-greenpeace_logo_green_rgb.png","contentUrl":"https:\/\/www.greenpeace.org\/static\/planet4-luxembourg-stateless\/2026\/03\/3e367f94-greenpeace_logo_green_rgb.png","width":1080,"height":175,"caption":"Greenpeace Luxembourg"},"image":{"@id":"https:\/\/www.greenpeace.org\/luxembourg\/fr\/#\/schema\/logo\/image\/"},"sameAs":["https:\/\/www.facebook.com\/greenpeaceluxembourg","https:\/\/www.instagram.com\/greenpeacelux\/","https:\/\/www.linkedin.com\/company\/greenpeace-luxembourg\/","https:\/\/www.threads.com\/@greenpeacelux","https:\/\/bsky.app\/profile\/greenpeacelux.bsky.social","https:\/\/www.youtube.com\/@GreenpeaceLux","https:\/\/www.tiktok.com\/@greenpeace_lux"]},{"@type":"Person","@id":"https:\/\/www.greenpeace.org\/luxembourg\/fr\/#\/schema\/person\/3d0e81a859b59009fec36a8552ef76a7","name":"Esther Wildanger","url":"https:\/\/www.greenpeace.org\/luxembourg\/fr\/author\/ewildang\/"}]}},"_links":{"self":[{"href":"https:\/\/www.greenpeace.org\/luxembourg\/fr\/wp-json\/wp\/v2\/posts\/16028","targetHints":{"allow":["GET"]}}],"collection":[{"href":"https:\/\/www.greenpeace.org\/luxembourg\/fr\/wp-json\/wp\/v2\/posts"}],"about":[{"href":"https:\/\/www.greenpeace.org\/luxembourg\/fr\/wp-json\/wp\/v2\/types\/post"}],"author":[{"embeddable":true,"href":"https:\/\/www.greenpeace.org\/luxembourg\/fr\/wp-json\/wp\/v2\/users\/25"}],"replies":[{"embeddable":true,"href":"https:\/\/www.greenpeace.org\/luxembourg\/fr\/wp-json\/wp\/v2\/comments?post=16028"}],"version-history":[{"count":2,"href":"https:\/\/www.greenpeace.org\/luxembourg\/fr\/wp-json\/wp\/v2\/posts\/16028\/revisions"}],"predecessor-version":[{"id":27511,"href":"https:\/\/www.greenpeace.org\/luxembourg\/fr\/wp-json\/wp\/v2\/posts\/16028\/revisions\/27511"}],"wp:featuredmedia":[{"embeddable":true,"href":"https:\/\/www.greenpeace.org\/luxembourg\/fr\/wp-json\/wp\/v2\/media\/16003"}],"wp:attachment":[{"href":"https:\/\/www.greenpeace.org\/luxembourg\/fr\/wp-json\/wp\/v2\/media?parent=16028"}],"wp:term":[{"taxonomy":"category","embeddable":true,"href":"https:\/\/www.greenpeace.org\/luxembourg\/fr\/wp-json\/wp\/v2\/categories?post=16028"},{"taxonomy":"post_tag","embeddable":true,"href":"https:\/\/www.greenpeace.org\/luxembourg\/fr\/wp-json\/wp\/v2\/tags?post=16028"},{"taxonomy":"p4-page-type","embeddable":true,"href":"https:\/\/www.greenpeace.org\/luxembourg\/fr\/wp-json\/wp\/v2\/p4-page-type?post=16028"}],"curies":[{"name":"wp","href":"https:\/\/api.w.org\/{rel}","templated":true}]}}