{"id":1634,"date":"2018-03-06T00:00:00","date_gmt":"2018-03-06T00:00:00","guid":{"rendered":"https:\/\/www.greenpeace.org\/luxembourg\/actualites\/1634\/creer-des-reserves-marines\/"},"modified":"2019-11-06T10:54:53","modified_gmt":"2019-11-06T08:54:53","slug":"creer-des-reserves-marines","status":"publish","type":"post","link":"https:\/\/www.greenpeace.org\/luxembourg\/fr\/actualites\/1634\/creer-des-reserves-marines\/","title":{"rendered":"Cr\u00e9er des r\u00e9serves marines"},"content":{"rendered":"<div class=\"leader\">\n\tGreenpeace demande la cr\u00e9ation d\u2019un r\u00e9seau mondial de r\u00e9serves marines, qui couvriraient au moins 30 % de nos oc\u00e9ans. L\u2019objectif est de pr\u00e9server les \u00e9cosyst\u00e8mes marins.\n<\/div>\n<div>\n<h2>Qu\u2019est-ce qu\u2019une r\u00e9serve marine ?<\/h2>\n<p>Les r\u00e9serves marines sont l\u2019\u00e9quivalent en mer des parcs nationaux. Il s\u2019agit de prot\u00e9ger tout un \u00e9cosyst\u00e8me de l\u2019exploitation humaine.<\/p>\n<p>En mer, cela signifie\u00a0<strong>interdire la p\u00eache, l\u2019exploitation mini\u00e8re et l\u2019\u00e9limination des d\u00e9chets<\/strong>. Aucune extraction, aucune d\u00e9gradation n\u2019est possible. C\u2019est le plus haut degr\u00e9 existant de protection des mers et des oc\u00e9ans. Toutes les autres formes d\u2019\u00ab aires marines prot\u00e9g\u00e9es \u00bb sont moins performantes.<\/p>\n<p>Mais pour \u00eatre efficaces, ces r\u00e9serves doivent \u00eatre con\u00e7ues en partenariat avec les p\u00eacheurs.<\/p>\n<h2>Pourquoi cr\u00e9er des r\u00e9serves marines ?<\/h2>\n<p>Les oc\u00e9ans sont des \u00e9cosyst\u00e8mes fragiles. Leur avenir est gravement compromis par les activit\u00e9s humaines, en particulier la p\u00eache. On croit trop souvent que les ressources de la mer sont illimit\u00e9es, peut-\u00eatre parce qu\u2019elles sont moins visibles que celles sur terre. Mais elles sont malheureusement menac\u00e9es d\u2019\u00e9puisement et l\u2019encadrement de la p\u00eache ne suffira pas. Il faut aller plus loin, avec la cr\u00e9ation de r\u00e9serves marines.<\/p>\n<p>L\u2019id\u00e9e n\u2019est pas nouvelle. Elle a d\u00e9j\u00e0 \u00e9t\u00e9 \u00e9voqu\u00e9e lors des Sommets de la Terre, \u00e0 Rio en 1992 et \u00e0 Johannesburg en 2002. Les engagements internationaux et r\u00e9gionaux qui pr\u00e9conisent la mise en place de r\u00e9serves marines sont nombreux. Mais la volont\u00e9 de passer \u00e0 l\u2019action fait d\u00e9faut.<\/p>\n<p>En France, sur terre, 10\u00a0% de la superficie est prot\u00e9g\u00e9e dans le cadre de parcs nationaux. Aujourd\u2019hui, \u00e0 peine 1 % des oc\u00e9ans sont int\u00e9gralement prot\u00e9g\u00e9s, et seulement 3 % b\u00e9n\u00e9ficient d\u2019une forme de protection.<\/p>\n<h2>O\u00f9 cr\u00e9er des r\u00e9serves marines ?<\/h2>\n<p>Greenpeace a \u00e9tabli\u00a0<a href=\"https:\/\/cdn.greenpeace.fr\/site\/uploads\/2017\/02\/roadmap-to-recovery.pdf?_ga=2.66010350.1358285106.1520845504-384626094.1516805180&amp;_gac=1.249761330.1519824485.EAIaIQobChMI3KGUrNvI2QIVjp3tCh2Zzg9JEAMYAiAAEgLRafD_BwE\" rel=\"noopener noreferrer\" target=\"_blank\">une carte mondiale des r\u00e9serves marines \u00e0 cr\u00e9er<\/a>. Elles couvriraient\u00a0<strong><span class=\"mark\">au moins 30 % de nos oc\u00e9ans<\/span><\/strong>. Ce chiffre n\u2019a rien de fantaisiste. Les scientifiques estiment que 20 \u00e0 50\u00a0% de nos oc\u00e9ans devraient \u00eatre d\u00e9clar\u00e9s r\u00e9serves marines.<\/p>\n<p>Ces r\u00e9serves formeraient un r\u00e9seau coh\u00e9rent de grandes \u00e9tendues en haute mer et de plus petites superficies le long des c\u00f4tes. Les sites \u00e0 privil\u00e9gier seraient les zones de reproduction des poissons, les habitats vuln\u00e9rables (r\u00e9cifs coralliens, monts sous-marins) et les zones abritant des esp\u00e8ces rares et\/ ou surexploit\u00e9es.<\/p>\n<p><span>Concernant la France, elle s\u2019est engag\u00e9e \u00e0 cr\u00e9er 10% de r\u00e9serves marines<\/span>\u00a0dans ses eaux territoriales, notamment en M\u00e9diterran\u00e9e et dans le Pacifique, \u00e0 l\u2019horizon 2020. Cette d\u00e9cision avait \u00e9t\u00e9 annonc\u00e9e \u00e0 la suite des n\u00e9gociations du Grenelle de la Mer en 2009.<\/p>\n<h2>Quels effets ?<\/h2>\n<p>Des exemples concluants de r\u00e9serves marines existent d\u00e9j\u00e0 en Nouvelle-Z\u00e9lande, aux A\u00e7ores, en Corse. Quelle que soit la superficie de ces r\u00e9serves, leurs effets sont prouv\u00e9s apr\u00e8s quelques ann\u00e9es d\u2019existence.<\/p>\n<p>Le premier est bien s\u00fbr le repeuplement. Prot\u00e9g\u00e9s de tout pr\u00e9l\u00e8vement, les poissons se reproduisent tranquillement, leur taille augmente. Les \u00e9cosyst\u00e8mes sont restaur\u00e9s, leurs capacit\u00e9s de r\u00e9sistance renforc\u00e9es.<\/p>\n<p>Une r\u00e9serve participe aussi \u00e0 la reconstitution des zones environnantes et augmente le rendement des p\u00eacheries adjacentes (soit parce que les poissons sortent de leur zone, soit parce que les \u0153ufs et larves migrent vers les zones de p\u00eache).<\/p>\n<p>Les p\u00eacheurs sont ainsi les principaux b\u00e9n\u00e9ficiaires de la cr\u00e9ation de r\u00e9serves marines.<\/p>\n<p><a href=\"https:\/\/www.greenpeace.fr\/creer-reserves-marines\/\">Article Source<\/a> : Greenpeace France<\/p>\n<\/div>\n","protected":false},"excerpt":{"rendered":"<div>\n\tGreenpeace demande la cr\u00e9ation d\u2019un r\u00e9seau mondial de r\u00e9serves marines, qui couvriraient au moins 30 % de nos oc\u00e9ans. L\u2019objectif est de pr\u00e9server les \u00e9cosyst\u00e8mes marins.\n<\/div>\n","protected":false},"author":20,"featured_media":1985,"comment_status":"closed","ping_status":"closed","sticky":false,"template":"","format":"standard","meta":{"ep_exclude_from_search":false,"p4_og_title":"","p4_og_description":"","p4_og_image":"","p4_og_image_id":"","p4_seo_canonical_url":"","p4_campaign_name":"","p4_local_project":"","p4_basket_name":"","p4_department":"","footnotes":""},"categories":[43],"tags":[29,38],"p4-page-type":[85],"class_list":["post-1634","post","type-post","status-publish","format-standard","has-post-thumbnail","hentry","category-nature","tag-oceans","tag-biodiversite","p4-page-type-actualites"],"yoast_head":"<!-- This site is optimized with the Yoast SEO Premium plugin v23.9 (Yoast SEO v23.9) - https:\/\/yoast.com\/wordpress\/plugins\/seo\/ -->\n<title>Cr\u00e9er des r\u00e9serves marines - Greenpeace Luxembourg<\/title>\n<meta name=\"robots\" content=\"index, follow, max-snippet:-1, max-image-preview:large, max-video-preview:-1\" \/>\n<link rel=\"canonical\" href=\"https:\/\/www.greenpeace.org\/luxembourg\/fr\/actualites\/1634\/creer-des-reserves-marines\/\" \/>\n<meta property=\"og:locale\" content=\"fr_FR\" \/>\n<meta property=\"og:type\" content=\"article\" \/>\n<meta property=\"og:title\" content=\"Cr\u00e9er des r\u00e9serves marines\" \/>\n<meta property=\"og:description\" content=\"Greenpeace demande la cr\u00e9ation d\u2019un r\u00e9seau mondial de r\u00e9serves marines, qui couvriraient au moins 30 % de nos oc\u00e9ans. L\u2019objectif est de pr\u00e9server les \u00e9cosyst\u00e8mes marins.\" \/>\n<meta property=\"og:url\" content=\"https:\/\/www.greenpeace.org\/luxembourg\/fr\/actualites\/1634\/creer-des-reserves-marines\/\" \/>\n<meta property=\"og:site_name\" content=\"Greenpeace Luxembourg\" \/>\n<meta property=\"article:publisher\" content=\"https:\/\/www.facebook.com\/greenpeaceluxembourg\" \/>\n<meta property=\"article:published_time\" content=\"2018-03-06T00:00:00+00:00\" \/>\n<meta property=\"article:modified_time\" content=\"2019-11-06T08:54:53+00:00\" \/>\n<meta property=\"og:image\" content=\"https:\/\/www.greenpeace.org\/static\/planet4-luxembourg-stateless\/2018\/10\/9faf40d3-gp0strjme.jpg\" \/>\n\t<meta property=\"og:image:width\" content=\"1200\" \/>\n\t<meta property=\"og:image:height\" content=\"800\" \/>\n\t<meta property=\"og:image:type\" content=\"image\/jpeg\" \/>\n<meta name=\"author\" content=\"Greenpeace Luxembourg\" \/>\n<meta name=\"twitter:card\" content=\"summary_large_image\" \/>\n<meta name=\"twitter:label1\" content=\"Written by\" \/>\n\t<meta name=\"twitter:data1\" content=\"Greenpeace Luxembourg\" \/>\n\t<meta name=\"twitter:label2\" content=\"Est. reading time\" \/>\n\t<meta name=\"twitter:data2\" content=\"3 minutes\" \/>\n<script type=\"application\/ld+json\" class=\"yoast-schema-graph\">{\"@context\":\"https:\/\/schema.org\",\"@graph\":[{\"@type\":\"Article\",\"@id\":\"https:\/\/www.greenpeace.org\/luxembourg\/fr\/actualites\/1634\/creer-des-reserves-marines\/#article\",\"isPartOf\":{\"@id\":\"https:\/\/www.greenpeace.org\/luxembourg\/fr\/actualites\/1634\/creer-des-reserves-marines\/\"},\"author\":{\"name\":\"Greenpeace Luxembourg\",\"@id\":\"https:\/\/www.greenpeace.org\/luxembourg\/fr\/#\/schema\/person\/12b34015aca6e55fec2e511d2f19102d\"},\"headline\":\"Cr\u00e9er des r\u00e9serves marines\",\"datePublished\":\"2018-03-06T00:00:00+00:00\",\"dateModified\":\"2019-11-06T08:54:53+00:00\",\"mainEntityOfPage\":{\"@id\":\"https:\/\/www.greenpeace.org\/luxembourg\/fr\/actualites\/1634\/creer-des-reserves-marines\/\"},\"wordCount\":617,\"publisher\":{\"@id\":\"https:\/\/www.greenpeace.org\/luxembourg\/fr\/#organization\"},\"image\":{\"@id\":\"https:\/\/www.greenpeace.org\/luxembourg\/fr\/actualites\/1634\/creer-des-reserves-marines\/#primaryimage\"},\"thumbnailUrl\":\"https:\/\/www.greenpeace.org\/static\/planet4-luxembourg-stateless\/2018\/10\/9faf40d3-gp0strjme.jpg\",\"keywords\":[\"Oc\u00e9ans\",\"Biodiversit\u00e9\"],\"articleSection\":[\"Nature\"],\"inLanguage\":\"fr-LU\"},{\"@type\":\"WebPage\",\"@id\":\"https:\/\/www.greenpeace.org\/luxembourg\/fr\/actualites\/1634\/creer-des-reserves-marines\/\",\"url\":\"https:\/\/www.greenpeace.org\/luxembourg\/fr\/actualites\/1634\/creer-des-reserves-marines\/\",\"name\":\"Cr\u00e9er des r\u00e9serves marines - Greenpeace Luxembourg\",\"isPartOf\":{\"@id\":\"https:\/\/www.greenpeace.org\/luxembourg\/fr\/#website\"},\"primaryImageOfPage\":{\"@id\":\"https:\/\/www.greenpeace.org\/luxembourg\/fr\/actualites\/1634\/creer-des-reserves-marines\/#primaryimage\"},\"image\":{\"@id\":\"https:\/\/www.greenpeace.org\/luxembourg\/fr\/actualites\/1634\/creer-des-reserves-marines\/#primaryimage\"},\"thumbnailUrl\":\"https:\/\/www.greenpeace.org\/static\/planet4-luxembourg-stateless\/2018\/10\/9faf40d3-gp0strjme.jpg\",\"datePublished\":\"2018-03-06T00:00:00+00:00\",\"dateModified\":\"2019-11-06T08:54:53+00:00\",\"breadcrumb\":{\"@id\":\"https:\/\/www.greenpeace.org\/luxembourg\/fr\/actualites\/1634\/creer-des-reserves-marines\/#breadcrumb\"},\"inLanguage\":\"fr-LU\",\"potentialAction\":[{\"@type\":\"ReadAction\",\"target\":[\"https:\/\/www.greenpeace.org\/luxembourg\/fr\/actualites\/1634\/creer-des-reserves-marines\/\"]}]},{\"@type\":\"ImageObject\",\"inLanguage\":\"fr-LU\",\"@id\":\"https:\/\/www.greenpeace.org\/luxembourg\/fr\/actualites\/1634\/creer-des-reserves-marines\/#primaryimage\",\"url\":\"https:\/\/www.greenpeace.org\/static\/planet4-luxembourg-stateless\/2018\/10\/9faf40d3-gp0strjme.jpg\",\"contentUrl\":\"https:\/\/www.greenpeace.org\/static\/planet4-luxembourg-stateless\/2018\/10\/9faf40d3-gp0strjme.jpg\",\"width\":1200,\"height\":800,\"caption\":\"Commerson's dolphin (Cephalorhynchus commersonii). Seen from the Greenpeace ship the Arctic Sunrise on the way to the Antarctic.\"},{\"@type\":\"BreadcrumbList\",\"@id\":\"https:\/\/www.greenpeace.org\/luxembourg\/fr\/actualites\/1634\/creer-des-reserves-marines\/#breadcrumb\",\"itemListElement\":[{\"@type\":\"ListItem\",\"position\":1,\"name\":\"Home\",\"item\":\"https:\/\/www.greenpeace.org\/luxembourg\/fr\/\"},{\"@type\":\"ListItem\",\"position\":2,\"name\":\"Cr\u00e9er des r\u00e9serves marines\"}]},{\"@type\":\"WebSite\",\"@id\":\"https:\/\/www.greenpeace.org\/luxembourg\/fr\/#website\",\"url\":\"https:\/\/www.greenpeace.org\/luxembourg\/fr\/\",\"name\":\"Greenpeace Luxembourg\",\"description\":\"Greenpeace existe parce que cette Terre fragile a besoin d&#039;une voix. Elle a besoin de solutions. De changement. D&#039;actions.\",\"publisher\":{\"@id\":\"https:\/\/www.greenpeace.org\/luxembourg\/fr\/#organization\"},\"potentialAction\":[{\"@type\":\"SearchAction\",\"target\":{\"@type\":\"EntryPoint\",\"urlTemplate\":\"https:\/\/www.greenpeace.org\/luxembourg\/fr\/?s={search_term_string}\"},\"query-input\":{\"@type\":\"PropertyValueSpecification\",\"valueRequired\":true,\"valueName\":\"search_term_string\"}}],\"inLanguage\":\"fr-LU\"},{\"@type\":\"Organization\",\"@id\":\"https:\/\/www.greenpeace.org\/luxembourg\/fr\/#organization\",\"name\":\"Greenpeace Luxembourg\",\"url\":\"https:\/\/www.greenpeace.org\/luxembourg\/fr\/\",\"logo\":{\"@type\":\"ImageObject\",\"inLanguage\":\"fr-LU\",\"@id\":\"https:\/\/www.greenpeace.org\/luxembourg\/fr\/#\/schema\/logo\/image\/\",\"url\":\"https:\/\/www.greenpeace.org\/static\/planet4-luxembourg-stateless\/2026\/03\/3e367f94-greenpeace_logo_green_rgb.png\",\"contentUrl\":\"https:\/\/www.greenpeace.org\/static\/planet4-luxembourg-stateless\/2026\/03\/3e367f94-greenpeace_logo_green_rgb.png\",\"width\":1080,\"height\":175,\"caption\":\"Greenpeace Luxembourg\"},\"image\":{\"@id\":\"https:\/\/www.greenpeace.org\/luxembourg\/fr\/#\/schema\/logo\/image\/\"},\"sameAs\":[\"https:\/\/www.facebook.com\/greenpeaceluxembourg\",\"https:\/\/www.instagram.com\/greenpeacelux\/\",\"https:\/\/www.linkedin.com\/company\/greenpeace-luxembourg\/\",\"https:\/\/www.threads.com\/@greenpeacelux\",\"https:\/\/bsky.app\/profile\/greenpeacelux.bsky.social\",\"https:\/\/www.youtube.com\/@GreenpeaceLux\",\"https:\/\/www.tiktok.com\/@greenpeace_lux\"]},{\"@type\":\"Person\",\"@id\":\"https:\/\/www.greenpeace.org\/luxembourg\/fr\/#\/schema\/person\/12b34015aca6e55fec2e511d2f19102d\",\"name\":\"Greenpeace Luxembourg\",\"url\":\"https:\/\/www.greenpeace.org\/luxembourg\/fr\/author\/gp_luxembourg\/\"}]}<\/script>\n<!-- \/ Yoast SEO Premium plugin. -->","yoast_head_json":{"title":"Cr\u00e9er des r\u00e9serves marines - Greenpeace Luxembourg","robots":{"index":"index","follow":"follow","max-snippet":"max-snippet:-1","max-image-preview":"max-image-preview:large","max-video-preview":"max-video-preview:-1"},"canonical":"https:\/\/www.greenpeace.org\/luxembourg\/fr\/actualites\/1634\/creer-des-reserves-marines\/","og_locale":"fr_FR","og_type":"article","og_title":"Cr\u00e9er des r\u00e9serves marines","og_description":"Greenpeace demande la cr\u00e9ation d\u2019un r\u00e9seau mondial de r\u00e9serves marines, qui couvriraient au moins 30 % de nos oc\u00e9ans. L\u2019objectif est de pr\u00e9server les \u00e9cosyst\u00e8mes marins.","og_url":"https:\/\/www.greenpeace.org\/luxembourg\/fr\/actualites\/1634\/creer-des-reserves-marines\/","og_site_name":"Greenpeace Luxembourg","article_publisher":"https:\/\/www.facebook.com\/greenpeaceluxembourg","article_published_time":"2018-03-06T00:00:00+00:00","article_modified_time":"2019-11-06T08:54:53+00:00","og_image":[{"width":1200,"height":800,"url":"https:\/\/www.greenpeace.org\/static\/planet4-luxembourg-stateless\/2018\/10\/9faf40d3-gp0strjme.jpg","type":"image\/jpeg"}],"author":"Greenpeace Luxembourg","twitter_card":"summary_large_image","twitter_misc":{"Written by":"Greenpeace Luxembourg","Est. reading time":"3 minutes"},"schema":{"@context":"https:\/\/schema.org","@graph":[{"@type":"Article","@id":"https:\/\/www.greenpeace.org\/luxembourg\/fr\/actualites\/1634\/creer-des-reserves-marines\/#article","isPartOf":{"@id":"https:\/\/www.greenpeace.org\/luxembourg\/fr\/actualites\/1634\/creer-des-reserves-marines\/"},"author":{"name":"Greenpeace Luxembourg","@id":"https:\/\/www.greenpeace.org\/luxembourg\/fr\/#\/schema\/person\/12b34015aca6e55fec2e511d2f19102d"},"headline":"Cr\u00e9er des r\u00e9serves marines","datePublished":"2018-03-06T00:00:00+00:00","dateModified":"2019-11-06T08:54:53+00:00","mainEntityOfPage":{"@id":"https:\/\/www.greenpeace.org\/luxembourg\/fr\/actualites\/1634\/creer-des-reserves-marines\/"},"wordCount":617,"publisher":{"@id":"https:\/\/www.greenpeace.org\/luxembourg\/fr\/#organization"},"image":{"@id":"https:\/\/www.greenpeace.org\/luxembourg\/fr\/actualites\/1634\/creer-des-reserves-marines\/#primaryimage"},"thumbnailUrl":"https:\/\/www.greenpeace.org\/static\/planet4-luxembourg-stateless\/2018\/10\/9faf40d3-gp0strjme.jpg","keywords":["Oc\u00e9ans","Biodiversit\u00e9"],"articleSection":["Nature"],"inLanguage":"fr-LU"},{"@type":"WebPage","@id":"https:\/\/www.greenpeace.org\/luxembourg\/fr\/actualites\/1634\/creer-des-reserves-marines\/","url":"https:\/\/www.greenpeace.org\/luxembourg\/fr\/actualites\/1634\/creer-des-reserves-marines\/","name":"Cr\u00e9er des r\u00e9serves marines - Greenpeace Luxembourg","isPartOf":{"@id":"https:\/\/www.greenpeace.org\/luxembourg\/fr\/#website"},"primaryImageOfPage":{"@id":"https:\/\/www.greenpeace.org\/luxembourg\/fr\/actualites\/1634\/creer-des-reserves-marines\/#primaryimage"},"image":{"@id":"https:\/\/www.greenpeace.org\/luxembourg\/fr\/actualites\/1634\/creer-des-reserves-marines\/#primaryimage"},"thumbnailUrl":"https:\/\/www.greenpeace.org\/static\/planet4-luxembourg-stateless\/2018\/10\/9faf40d3-gp0strjme.jpg","datePublished":"2018-03-06T00:00:00+00:00","dateModified":"2019-11-06T08:54:53+00:00","breadcrumb":{"@id":"https:\/\/www.greenpeace.org\/luxembourg\/fr\/actualites\/1634\/creer-des-reserves-marines\/#breadcrumb"},"inLanguage":"fr-LU","potentialAction":[{"@type":"ReadAction","target":["https:\/\/www.greenpeace.org\/luxembourg\/fr\/actualites\/1634\/creer-des-reserves-marines\/"]}]},{"@type":"ImageObject","inLanguage":"fr-LU","@id":"https:\/\/www.greenpeace.org\/luxembourg\/fr\/actualites\/1634\/creer-des-reserves-marines\/#primaryimage","url":"https:\/\/www.greenpeace.org\/static\/planet4-luxembourg-stateless\/2018\/10\/9faf40d3-gp0strjme.jpg","contentUrl":"https:\/\/www.greenpeace.org\/static\/planet4-luxembourg-stateless\/2018\/10\/9faf40d3-gp0strjme.jpg","width":1200,"height":800,"caption":"Commerson's dolphin (Cephalorhynchus commersonii). Seen from the Greenpeace ship the Arctic Sunrise on the way to the Antarctic."},{"@type":"BreadcrumbList","@id":"https:\/\/www.greenpeace.org\/luxembourg\/fr\/actualites\/1634\/creer-des-reserves-marines\/#breadcrumb","itemListElement":[{"@type":"ListItem","position":1,"name":"Home","item":"https:\/\/www.greenpeace.org\/luxembourg\/fr\/"},{"@type":"ListItem","position":2,"name":"Cr\u00e9er des r\u00e9serves marines"}]},{"@type":"WebSite","@id":"https:\/\/www.greenpeace.org\/luxembourg\/fr\/#website","url":"https:\/\/www.greenpeace.org\/luxembourg\/fr\/","name":"Greenpeace Luxembourg","description":"Greenpeace existe parce que cette Terre fragile a besoin d&#039;une voix. Elle a besoin de solutions. De changement. D&#039;actions.","publisher":{"@id":"https:\/\/www.greenpeace.org\/luxembourg\/fr\/#organization"},"potentialAction":[{"@type":"SearchAction","target":{"@type":"EntryPoint","urlTemplate":"https:\/\/www.greenpeace.org\/luxembourg\/fr\/?s={search_term_string}"},"query-input":{"@type":"PropertyValueSpecification","valueRequired":true,"valueName":"search_term_string"}}],"inLanguage":"fr-LU"},{"@type":"Organization","@id":"https:\/\/www.greenpeace.org\/luxembourg\/fr\/#organization","name":"Greenpeace Luxembourg","url":"https:\/\/www.greenpeace.org\/luxembourg\/fr\/","logo":{"@type":"ImageObject","inLanguage":"fr-LU","@id":"https:\/\/www.greenpeace.org\/luxembourg\/fr\/#\/schema\/logo\/image\/","url":"https:\/\/www.greenpeace.org\/static\/planet4-luxembourg-stateless\/2026\/03\/3e367f94-greenpeace_logo_green_rgb.png","contentUrl":"https:\/\/www.greenpeace.org\/static\/planet4-luxembourg-stateless\/2026\/03\/3e367f94-greenpeace_logo_green_rgb.png","width":1080,"height":175,"caption":"Greenpeace Luxembourg"},"image":{"@id":"https:\/\/www.greenpeace.org\/luxembourg\/fr\/#\/schema\/logo\/image\/"},"sameAs":["https:\/\/www.facebook.com\/greenpeaceluxembourg","https:\/\/www.instagram.com\/greenpeacelux\/","https:\/\/www.linkedin.com\/company\/greenpeace-luxembourg\/","https:\/\/www.threads.com\/@greenpeacelux","https:\/\/bsky.app\/profile\/greenpeacelux.bsky.social","https:\/\/www.youtube.com\/@GreenpeaceLux","https:\/\/www.tiktok.com\/@greenpeace_lux"]},{"@type":"Person","@id":"https:\/\/www.greenpeace.org\/luxembourg\/fr\/#\/schema\/person\/12b34015aca6e55fec2e511d2f19102d","name":"Greenpeace Luxembourg","url":"https:\/\/www.greenpeace.org\/luxembourg\/fr\/author\/gp_luxembourg\/"}]}},"_links":{"self":[{"href":"https:\/\/www.greenpeace.org\/luxembourg\/fr\/wp-json\/wp\/v2\/posts\/1634","targetHints":{"allow":["GET"]}}],"collection":[{"href":"https:\/\/www.greenpeace.org\/luxembourg\/fr\/wp-json\/wp\/v2\/posts"}],"about":[{"href":"https:\/\/www.greenpeace.org\/luxembourg\/fr\/wp-json\/wp\/v2\/types\/post"}],"author":[{"embeddable":true,"href":"https:\/\/www.greenpeace.org\/luxembourg\/fr\/wp-json\/wp\/v2\/users\/20"}],"replies":[{"embeddable":true,"href":"https:\/\/www.greenpeace.org\/luxembourg\/fr\/wp-json\/wp\/v2\/comments?post=1634"}],"version-history":[{"count":2,"href":"https:\/\/www.greenpeace.org\/luxembourg\/fr\/wp-json\/wp\/v2\/posts\/1634\/revisions"}],"predecessor-version":[{"id":5949,"href":"https:\/\/www.greenpeace.org\/luxembourg\/fr\/wp-json\/wp\/v2\/posts\/1634\/revisions\/5949"}],"wp:featuredmedia":[{"embeddable":true,"href":"https:\/\/www.greenpeace.org\/luxembourg\/fr\/wp-json\/wp\/v2\/media\/1985"}],"wp:attachment":[{"href":"https:\/\/www.greenpeace.org\/luxembourg\/fr\/wp-json\/wp\/v2\/media?parent=1634"}],"wp:term":[{"taxonomy":"category","embeddable":true,"href":"https:\/\/www.greenpeace.org\/luxembourg\/fr\/wp-json\/wp\/v2\/categories?post=1634"},{"taxonomy":"post_tag","embeddable":true,"href":"https:\/\/www.greenpeace.org\/luxembourg\/fr\/wp-json\/wp\/v2\/tags?post=1634"},{"taxonomy":"p4-page-type","embeddable":true,"href":"https:\/\/www.greenpeace.org\/luxembourg\/fr\/wp-json\/wp\/v2\/p4-page-type?post=1634"}],"curies":[{"name":"wp","href":"https:\/\/api.w.org\/{rel}","templated":true}]}}